{"id":883,"date":"2022-05-05T05:00:00","date_gmt":"2022-05-05T05:00:00","guid":{"rendered":"https:\/\/portugalizar.com\/?p=883"},"modified":"2022-06-09T16:13:58","modified_gmt":"2022-06-09T16:13:58","slug":"simple-acts","status":"publish","type":"post","link":"https:\/\/portugalizar.com\/sv\/simple-acts\/","title":{"rendered":"Mer \u00e4n bara <br>Enkla handlingar av v\u00e4nlighet"},"content":{"rendered":"<p><em>Ol\u00e1! Bom dia, boa tarde ou boa noite a todos!<\/em> Hall\u00e5 d\u00e4r! God morgon, god eftermiddag eller god kv\u00e4ll till alla!<\/p>\n\n\n\n<p>Allt beror p\u00e5 vilken tidszon du ansluter dig till oss fr\u00e5n. F\u00f6r n\u00e4rvarande har vi v\u00e4nner som \u00e4r med fr\u00e5n USA, Mexiko, Kanada och Colombia. P\u00e5 andra sidan Atlanten har andra v\u00e4nner anslutit sig till oss fr\u00e5n Portugal, Frankrike, Italien, Irland, England och Skottland. V\u00e4lkomna alla! <em>Bem-vindos todos!<\/em><\/p>\n\n\n\n<h2 class=\"wp-block-heading\">P\u00e5 v\u00e4g igen<\/h2>\n\n\n\n<p>Portugal var extremt strikt n\u00e4r det g\u00e4llde att sp\u00e4rra av. Det var endast till\u00e5tet att l\u00e4mna hemmet f\u00f6r att motionera utomhus, handla, g\u00e5 p\u00e5 l\u00e4karbes\u00f6k och g\u00e5 till jobbet om man var klassificerad som en viktig arbetstagare. V\u00e5rt enda dagliga alternativ var att g\u00e5 ut p\u00e5 grusv\u00e4garna bakom v\u00e5r by och promenera. S\u00e5 under de senaste tv\u00e5 \u00e5ren har Joseph och jag vandrat tusentals kilometer. Dessa grusv\u00e4gar blev den scen d\u00e4r v\u00e5ra liv utspelade sig.<\/p>\n\n\n\n<p>I dag har vi gett oss ut p\u00e5 v\u00e4garna igen. Vi \u00e4r p\u00e5 v\u00e4g ut, men inte p\u00e5 promenad och inte med Joseph. M\u00e5nga morgnar g\u00e5r jag ut f\u00f6r att springa. Det \u00e4r min tid f\u00f6r att skruva upp huvudet p\u00e5 r\u00e4tt k\u00f6l. Jag springer tidigt p\u00e5 morgonen och b\u00f6rjar oftast f\u00f6re soluppg\u00e5ngen. Min l\u00f6prunda slutar strax efter det att solen har kr\u00f6nt den h\u00f6gsta av de tv\u00e5- till trev\u00e5ningshusen h\u00e4r i Santa Luzia. <\/p>\n\n\n\n<p>Den tysta och obefolkade morgonen ger n\u00e4ring \u00e5t min fantasi. Jag njuter av det crescendo av f\u00e5gels\u00e5ng som blir en \u00f6ronbed\u00f6vande kakofoni n\u00e4r solen tittar upp \u00f6ver horisonten. Jag v\u00e4rdes\u00e4tter natthimlen med sin kappa av galaxer. Men n\u00e4r solen kommer fram, kastar hon sin kappa och avsl\u00f6jar sin bl\u00e4ndande broschyr av den enda kvarvarande ljusa stj\u00e4rnan, som till slut ocks\u00e5 m\u00e5ste ge upp.<\/p>\n\n\n\n<p>Som jag sa, morgonen driver min fantasi... det kan bli lite \u00f6verdrivet. Jag ber om urs\u00e4kt och f\u00f6rl\u00e5t mig p\u00e5 f\u00f6rhand.<\/p>\n\n\n\n<figure class=\"wp-block-image alignwide size-large\"><img data-recalc-dims=\"1\" fetchpriority=\"high\" decoding=\"async\" width=\"672\" height=\"1024\" src=\"https:\/\/i0.wp.com\/portugalizar.com\/wp-content\/uploads\/2022\/04\/Santa-Luzia-logo-antes-de-amanhecer.png?resize=672%2C1024&#038;ssl=1\" alt=\"\" class=\"wp-image-911\" srcset=\"https:\/\/i0.wp.com\/portugalizar.com\/wp-content\/uploads\/2022\/04\/Santa-Luzia-logo-antes-de-amanhecer.png?resize=672%2C1024&amp;ssl=1 672w, https:\/\/i0.wp.com\/portugalizar.com\/wp-content\/uploads\/2022\/04\/Santa-Luzia-logo-antes-de-amanhecer.png?resize=197%2C300&amp;ssl=1 197w, https:\/\/i0.wp.com\/portugalizar.com\/wp-content\/uploads\/2022\/04\/Santa-Luzia-logo-antes-de-amanhecer.png?resize=768%2C1170&amp;ssl=1 768w, https:\/\/i0.wp.com\/portugalizar.com\/wp-content\/uploads\/2022\/04\/Santa-Luzia-logo-antes-de-amanhecer.png?resize=8%2C12&amp;ssl=1 8w, https:\/\/i0.wp.com\/portugalizar.com\/wp-content\/uploads\/2022\/04\/Santa-Luzia-logo-antes-de-amanhecer.png?w=970&amp;ssl=1 970w\" sizes=\"(max-width: 672px) 100vw, 672px\" \/><figcaption>\"Santa Luzia, pouco antes do amanhecer\", 2021<\/figcaption><\/figure>\n\n\n\n<p>Den gryende solen sveper en mjuk r\u00f6dbrun glans \u00f6ver himmel, vatten och land. Det \u00e4r en ny m\u00e5larduk varje dag. Mina morgonl\u00f6pningar ger mig m\u00f6jlighet att se hur dessa otroliga scener utvecklas. Tyv\u00e4rr h\u00e5ller de bara i ett \u00f6gonblick f\u00f6r att sedan blekna. Jag f\u00f6rs\u00f6ker h\u00e5lla fast vid dessa korta glimtar med mina m\u00e5lningar och fotografier. <\/p>\n\n\n\n<h2 class=\"wp-block-heading\">V\u00e4gvisare<\/h2>\n\n\n\n<p>Morgonshowen utspelar sig ocks\u00e5 p\u00e5 markniv\u00e5, inte bara l\u00e5ngt upp i himlen. Den f\u00f6rsta milen av min l\u00f6prunda - och \u00e4ven den sista p\u00e5 hemv\u00e4gen - \u00e4r inte omg\u00e4rdad av de h\u00f6ga murar som jag beskrev i en <strong><a href=\"https:\/\/portugalizar.com\/sv\/help-is-on-the-way\/\" target=\"_blank\" rel=\"noreferrer noopener\">tidigare inl\u00e4gg<\/a><\/strong>. Men v\u00e4gen \u00e4r fortfarande smal. <\/p>\n\n\n\n<p>H\u00e4r, vid v\u00e4gkanten, vakar j\u00e4ttelika, skr\u00f6pliga vaktposter \u00f6ver g\u00e5rdarna. Under den f\u00f6rsta halvmilen finns det gamla johannesbr\u00f6d (<em>alfarrobeira<\/em>) och \u00e4nnu \u00e4ldre oliver (<em>oliveira<\/em>) bevakar den h\u00f6gra flanken, medan smala h\u00f6ga tallar (<em>pinheira<\/em>) patrullerar till v\u00e4nster. Alla dessa tr\u00e4d ger efter f\u00f6r silverbok (<em>faia<\/em>) tr\u00e4d n\u00e4r v\u00e4gen sv\u00e4nger och passerar \u00f6ver v\u00e5tmarker.<\/p>\n\n\n\n<p>N\u00e4r den milda morgonbrisen bl\u00e5ser fr\u00e5n Atlanten, \u00e4r det <em>alfarrobeira<\/em> och <em>oliveira<\/em> vara tysta. Jag k\u00e4nner n\u00e4r jag passerar dem att \u00e5ldern g\u00f6r dem stumma. Det vill s\u00e4ga, visdomen har l\u00e4rt dem att lyssna noga och uppm\u00e4rksamt, och det g\u00f6r de ocks\u00e5. <em>pinheira<\/em> och <em>faia<\/em> \u00e4r olika. De \u00e4r inte h\u00f6gljudda och bullriga, men de ger uttryck f\u00f6r sina tankar. <\/p>\n\n\n\n<p>Det \u00e4r en tr\u00f6tt klyscha, men <em>pinheira<\/em> verkar faktiskt viska. Nej, vid n\u00e4rmare eftertanke \u00e4r det inte riktigt r\u00e4tt. En viskning verkar vara ett ber\u00e4ttande av hemligheter eller ett avsl\u00f6jande av indiskretioner. Jag tror att det \u00e4r mer korrekt att s\u00e4ga att <em>pinheira<\/em> mumla. Murmla, ja, ett tyst och f\u00f6rsiktigt uttryck av gl\u00e4dje eller tacksamhet. Medan <em>pinheira<\/em> kan f\u00f6rvirra mig med sina avsikter, finns det ingen f\u00f6rvirring f\u00f6r mig med den <em>faia<\/em>. Deras r\u00f6st ekade pianissimo en lovs\u00e5ng till morgonen och till den ljusa och h\u00e4rliga dag som l\u00e5g framf\u00f6r oss. Skimret fr\u00e5n deras l\u00f6v i den rosiga gryningen, i middagens sken och i skymningens svaghet g\u00f6r deras tacksamhet tydlig.<\/p>\n\n\n\n<h2 class=\"wp-block-heading\">Under ett johannesbr\u00f6dtr\u00e4d<\/h2>\n\n\n\n<p>Vid den f\u00f6rsta milen passerar jag en sista enorm och \u00e4ldre man. <em>alfarrobeira<\/em> p\u00e5 min v\u00e4nstra sida. D\u00e4refter ger tr\u00e4den vika f\u00f6r de h\u00f6ga stenmurarna. Den breda spridningen av denna <em>alfarrobeira's<\/em> grenar skapar ett djupt, avskilt rum. Ett snyggt st\u00e4ngsel av smidesj\u00e4rn har satts upp runt omkretsen av <em>alfarrobeira's<\/em> tak. L\u00e4ngst bak i tr\u00e4dkojan st\u00e5r en elektrisk kopplingsl\u00e5da som meddelar f\u00f6ljande <em>\"perigo\"<\/em>eller fara. Den framst\u00e5r som en allvarlig varning om att h\u00e5lla sig borta, att inte betr\u00e4da denna helgedom. En stor koloni av vilda katter har gjort denna fristad till sitt hem.<\/p>\n\n\n\n<p>P\u00e5 min \u00e5terresa, n\u00e4r jag kommer till <em>alfarrobeira<\/em> f\u00f6r andra g\u00e5ngen m\u00f6ter jag alltid samma kvinna. Hon och jag har f\u00f6r vana att bekr\u00e4fta varandra med en vinkning och ett \u00f6msesidigt glatt <em>\"bom dia\"<\/em>. Trots v\u00e5ra regelbundna morgonm\u00f6ten har vi inte sagt n\u00e5got annat till varandra. Var och en av oss \u00e4r alltf\u00f6r engagerad i sina egna omedelbara aktiviteter f\u00f6r att v\u00e5ga g\u00e5 vidare.<\/p>\n\n\n\n<figure class=\"wp-block-image alignwide size-large\"><img data-recalc-dims=\"1\" decoding=\"async\" width=\"950\" height=\"795\" src=\"https:\/\/i0.wp.com\/portugalizar.com\/wp-content\/uploads\/2022\/04\/Carob2.png?resize=950%2C795&#038;ssl=1\" alt=\"\" class=\"wp-image-928\" srcset=\"https:\/\/i0.wp.com\/portugalizar.com\/wp-content\/uploads\/2022\/04\/Carob2.png?resize=1024%2C857&amp;ssl=1 1024w, https:\/\/i0.wp.com\/portugalizar.com\/wp-content\/uploads\/2022\/04\/Carob2.png?resize=300%2C251&amp;ssl=1 300w, https:\/\/i0.wp.com\/portugalizar.com\/wp-content\/uploads\/2022\/04\/Carob2.png?resize=768%2C643&amp;ssl=1 768w, https:\/\/i0.wp.com\/portugalizar.com\/wp-content\/uploads\/2022\/04\/Carob2.png?resize=1536%2C1286&amp;ssl=1 1536w, https:\/\/i0.wp.com\/portugalizar.com\/wp-content\/uploads\/2022\/04\/Carob2.png?resize=2048%2C1715&amp;ssl=1 2048w, https:\/\/i0.wp.com\/portugalizar.com\/wp-content\/uploads\/2022\/04\/Carob2.png?resize=14%2C12&amp;ssl=1 14w, https:\/\/i0.wp.com\/portugalizar.com\/wp-content\/uploads\/2022\/04\/Carob2.png?resize=2000%2C1674&amp;ssl=1 2000w, https:\/\/i0.wp.com\/portugalizar.com\/wp-content\/uploads\/2022\/04\/Carob2.png?w=1900&amp;ssl=1 1900w\" sizes=\"(max-width: 950px) 100vw, 950px\" \/><figcaption>\"Debaixo de Alfarrobeira\", 2020<\/figcaption><\/figure>\n\n\n\n<p>Kvinnan verkar vara i slutet av fyrtio\u00e5rs\u00e5ldern eller i b\u00f6rjan av femtio\u00e5rs\u00e5ldern. Det \u00e4r bara en gissning och jag erk\u00e4nner att jag aldrig har varit s\u00e4rskilt noggrann n\u00e4r det g\u00e4ller att gissa \u00e5ldern. Dessutom har jag utifr\u00e5n hennes utseende gissat att hon \u00e4r skoll\u00e4rare. Hon g\u00e5r upp och ut tidigt p\u00e5 vardagarna och hon \u00e4r professionellt kl\u00e4dd. Kontor, aff\u00e4rer och liknande \u00f6ppnar inte f\u00f6rr\u00e4n mycket senare, klockan 10 p\u00e5 morgonen.  Men jag vet inte s\u00e4kert; jag \u00e4r troligen en \u00e4nnu s\u00e4mre gissningsm\u00e4nniska n\u00e4r det g\u00e4ller yrken \u00e4n n\u00e4r det g\u00e4ller \u00e5lder.<\/p>\n\n\n\n<h2 class=\"wp-block-heading\">Enkla handlingar av v\u00e4nlighet<\/h2>\n\n\n\n<p>N\u00e4r jag passerar henne \u00e4r hon antingen i f\u00e4rd med att avl\u00e4gsna 5 liters vattenflaskor och kattmat fr\u00e5n sin bil, eller s\u00e5 ger hon de vilda inv\u00e5narna under <em>alfarrobeira<\/em>. I vilket fall som helst har katterna vid det h\u00e4r laget brutit ut i en h\u00f6gljudd halleluja-k\u00f6r och b\u00f6rjat en galen, dervischliknande dans runt hennes f\u00f6tter. Det \u00e4r en vild, upprorisk scen. Jag ser en enkel handling av v\u00e4nlighet utspelas i det svaga ljuset p\u00e5 den annars obebodda morgonen.<\/p>\n\n\n\n<p>Efter v\u00e5rt f\u00f6rsta m\u00f6te v\u00e4xte det allt eftersom dagarna gick en \u00f6nskan hos mig att m\u00e5la denna mystiska kvinnas portr\u00e4tt. Det beh\u00f6vde vara <em>p\u00e5 plats<\/em> ocks\u00e5: med katterna, under den <em>alfarrobeira<\/em> och i den helgedom som hon har skapat. Medan dessa tankar blommade ut undrade jag varf\u00f6r denna scen fascinerade mig s\u00e5 mycket. Den tid som jag \u00e4gnat \u00e5t att skapa hennes portr\u00e4tt och ta fram detaljerna skulle hj\u00e4lpa mig att f\u00e5 fram ett svar, trodde jag i alla fall.<\/p>\n\n\n\n<p>Det skulle vara sv\u00e5rt f\u00f6r mig att m\u00e5la. Vanligtvis arbetar jag utifr\u00e5n fotografier som jag har tagit. Jag hade \u00e5terv\u00e4nt till den h\u00e4r platsen under <em>alfarrobeira <\/em>f\u00f6r att ta bilder. Men jag kunde inte fotografera den h\u00e4r kvinnan, det skulle helt enkelt vara f\u00f6r konstigt. M\u00e5lningen skulle bli sv\u00e5r eftersom jag skulle beh\u00f6va \u00e5terskapa henne fr\u00e5n minnet. Det var inte n\u00e5got som jag n\u00e5gonsin hade gjort tidigare. Men jag skulle f\u00f6rs\u00f6ka eftersom jag ville f\u00f6rst\u00e5 b\u00e5de henne och mig sj\u00e4lv b\u00e4ttre.<\/p>\n\n\n\n<h2 class=\"wp-block-heading\">Att ta reda p\u00e5 det<\/h2>\n\n\n\n<p>Hur som helst, tillbaka till v\u00e5r ber\u00e4ttelse. Vanligtvis tittar jag tillbaka \u00f6ver axeln n\u00e4r jag har sprungit f\u00f6rbi en <em>alfarrobeira<\/em>. Vanligtvis ser jag att kvinnan \u00e4r intensivt upptagen av sina barn och deras ih\u00e4rdiga krav. En morgon, n\u00e4r jag v\u00e4nde mig om f\u00f6r att ta en sista titt, s\u00e5g jag att hon tittade tillbaka p\u00e5 mig som om jag var en exotisk, m\u00e4rklig uppenbarelse. Hennes ansiktsuttryck var f\u00f6rvirrat. Det \u00e4r detta portr\u00e4tt, s\u00e5 som jag mindes henne i hennes \u00f6gonblick av f\u00f6rvirring, som jag skulle f\u00f6rs\u00f6ka m\u00e5la.<\/p>\n\n\n\n<figure class=\"wp-block-image alignwide size-large\"><img data-recalc-dims=\"1\" decoding=\"async\" width=\"950\" height=\"950\" src=\"https:\/\/i0.wp.com\/portugalizar.com\/wp-content\/uploads\/2022\/04\/Peek-a-boo-too.jpg?resize=950%2C950&#038;ssl=1\" alt=\"\" class=\"wp-image-894\" srcset=\"https:\/\/i0.wp.com\/portugalizar.com\/wp-content\/uploads\/2022\/04\/Peek-a-boo-too.jpg?resize=1024%2C1024&amp;ssl=1 1024w, https:\/\/i0.wp.com\/portugalizar.com\/wp-content\/uploads\/2022\/04\/Peek-a-boo-too.jpg?resize=300%2C300&amp;ssl=1 300w, https:\/\/i0.wp.com\/portugalizar.com\/wp-content\/uploads\/2022\/04\/Peek-a-boo-too.jpg?resize=150%2C150&amp;ssl=1 150w, https:\/\/i0.wp.com\/portugalizar.com\/wp-content\/uploads\/2022\/04\/Peek-a-boo-too.jpg?resize=768%2C768&amp;ssl=1 768w, https:\/\/i0.wp.com\/portugalizar.com\/wp-content\/uploads\/2022\/04\/Peek-a-boo-too.jpg?resize=1536%2C1536&amp;ssl=1 1536w, https:\/\/i0.wp.com\/portugalizar.com\/wp-content\/uploads\/2022\/04\/Peek-a-boo-too.jpg?resize=12%2C12&amp;ssl=1 12w, https:\/\/i0.wp.com\/portugalizar.com\/wp-content\/uploads\/2022\/04\/Peek-a-boo-too.jpg?w=1962&amp;ssl=1 1962w, https:\/\/i0.wp.com\/portugalizar.com\/wp-content\/uploads\/2022\/04\/Peek-a-boo-too.jpg?w=1900&amp;ssl=1 1900w\" sizes=\"(max-width: 950px) 100vw, 950px\" \/><figcaption>\"Peek-a-boo\", 2022<\/figcaption><\/figure>\n\n\n\n<p>En sen eftermiddag, n\u00e4r jag gick f\u00f6rbi samma <em>alfarrobeira<\/em>Jag s\u00e5g en rostig hink. Den stod l\u00e4ngst bak, till v\u00e4nster om tr\u00e4det. N\u00e4r mitt huvud b\u00f6rjade v\u00e4nda sig tillbaka mot v\u00e4gen framf\u00f6r mig, stack tv\u00e5 \u00f6ron upp. Sedan f\u00f6ljde tv\u00e5 \u00f6gon som tittade \u00f6ver hinkens kant. En fr\u00e5getecken katt stirrade intensivt p\u00e5 mig. <\/p>\n\n\n\n<p>Jag stannade och stod och nj\u00f6t av denna katt i sin hink. Jag tog n\u00e5gra bilder ocks\u00e5. Men n\u00e4r v\u00e5ra blickar l\u00e5ste sig i n\u00e5gra \u00f6gonblick slog det mig att denna kattas uttryck var samma f\u00f6rvirrade blick som jag hade sett tidigare. Det var den mystiska kvinnans ansiktsuttryck n\u00e4r jag sprang iv\u00e4g fr\u00e5n henne och hennes v\u00e4nliga handling.<\/p>\n\n\n\n<p>Nu ekade hennes outtalade ord i mitt huvud. \"Varf\u00f6r ser du p\u00e5 mig som om jag g\u00f6r n\u00e5got speciellt? Det jag g\u00f6r \u00e4r inget annat \u00e4n en enkel handling av v\u00e4nlighet. Det \u00e4r inte speciellt.\" I det \u00f6gonblicket, med \u00f6gonen l\u00e5sta p\u00e5 en katt i en hink, ins\u00e5g jag ocks\u00e5 n\u00e5got annat. Hennes f\u00f6rvirring \u00f6ver mig och min fascination \u00f6ver henne uppstod ur en och samma dom.<\/p>\n\n\n\n<h2 class=\"wp-block-heading\">Mer \u00e4n bara...<\/h2>\n\n\n\n<p>Jag vill tro att v\u00e5r gemensamma bed\u00f6mning \u00e4r att vi k\u00e4nner igen oss i varandra som sl\u00e4ktingar. F\u00f6r min del tycker jag att denna dom \u00e4r mer \u00e4n bara okej, och jag hoppas att hon ocks\u00e5 g\u00f6r det. Kanske kan hon t\u00e4nka att det hon g\u00f6r, varje dag, inte \u00e4r n\u00e5got annat \u00e4n en enkel handling av v\u00e4nlighet. Men jag tycker \u00e4nd\u00e5 att hennes handling \u00e4r mycket ovanlig, ja, till och med ovanlig, och \u00e4ven pinsamt, gnagande minnesv\u00e4rd.<\/p>\n\n\n\n<p>Hennes dagliga rutin \u00e4r mer \u00e4n bara en enkel handling av v\u00e4nlighet. Det \u00e4r en smittsam handling som lyser upp v\u00e4rlden. Godhet som l\u00e4ggs p\u00e5 de \u00f6vergivna, som l\u00e4ggs p\u00e5 en varelse som inte kan \u00e5terg\u00e4lda den p\u00e5 n\u00e5got s\u00e4tt, ger kraft till f\u00f6rvandling. Min fascination f\u00f6r henne var hennes gnista inom mig. Denna gnista kunde ant\u00e4nda v\u00e4nlighet inom mig om jag k\u00e4nde igen den och sedan om jag till\u00e4t den. Och jag f\u00f6rs\u00f6ker att till\u00e5ta det. Det \u00e4r inte l\u00e4tt.<\/p>\n\n\n\n<p>Som jag n\u00e4mnde i min mycket <strong><a href=\"https:\/\/portugalizar.com\/sv\/a-new-lanuage\/\" target=\"_blank\" rel=\"noreferrer noopener\">f\u00f6rsta inl\u00e4gget<\/a><\/strong>Dessa sm\u00e5, enkla handlingar \u00e4r l\u00e5ngt ifr\u00e5n sm\u00e5 eller enkla. De \u00e4r allt - allt - som vi kan g\u00f6ra. Dessa handlingar \u00e4r kraftfulla och m\u00e4ktiga. Om vi g\u00f6r dem, om vi alla g\u00f6r dem, ja, d\u00e5 skulle v\u00e4rlden bli en \u00e4nnu mer fantastisk plats, en b\u00e4ttre plats. <\/p>\n\n\n\n<p>Om denna mystiska kvinna under den <em>alfarrobeira<\/em> var ensam om sin speciella och m\u00e4rkliga v\u00e4nlighet, skulle det vara mycket l\u00e4ttare att avf\u00e4rda henne som en galen person. Hennes s\u00e4rart skulle kunna g\u00f6ra det m\u00f6jligt f\u00f6r mig att med en stor suck av l\u00e4ttnad missa eller ignorera kraften i hennes enkla handling av v\u00e4nlighet. Lyckligtvis \u00e4r hon inte ensam.<\/p>\n\n\n\n<h2 class=\"wp-block-heading\">Inte ensam<\/h2>\n\n\n\n<p>L\u00e4ngs de grusiga jordbruksv\u00e4gar d\u00e4r vi g\u00e5r och jag springer finns det m\u00e5nga kolonier av vilda katter. Var och en av dem sk\u00f6ts av en flitig sk\u00f6tare. Syftet med att mata dem \u00e4r, som jag har l\u00e4rt mig, att de ska vara mindre ben\u00e4gna att f\u00f6rst\u00f6ra inhemska vilda djur. F\u00f6rutom sk\u00f6tseln bidrar dessa goda m\u00e4nniskor till att samla in pengar f\u00f6r att sterilisera och se till att katterna \u00e4r friska s\u00e5 att de inte sprider sjukdomar. V\u00e5r lokala ekologiska g\u00e5rd\/marknad tycks fungera som ett nav f\u00f6r denna verksamhet. D\u00e4r kan vi delta genom att l\u00e4gga v\u00e5ra sm\u00e5pengar i en burk eller k\u00f6pa lokal konst f\u00f6r att st\u00f6dja dessa aktiviteter. Allt verkar vara mycket v\u00e4l genomt\u00e4nkt och v\u00e4lorganiserat.<\/p>\n\n\n\n<p>Visst kan det vara l\u00e4ttare att d\u00f6da katterna. Men l\u00e4tt \u00e4r inte alltid eller ens n\u00e5gonsin b\u00e4st. V\u00e5ld f\u00f6der v\u00e5ld; det f\u00f6rdjupar och krymper v\u00e5r m\u00e4nsklighet. Jag tror att v\u00e4nlighet ger liv \u00e5t och utvidgar v\u00e5ra sj\u00e4lar. Dessa kattsk\u00f6tare ger upphov till en smitta av v\u00e4nlighet genom sina enkla handlingar. Som vi alla vet vid det h\u00e4r laget b\u00f6rjar en smitta med en person och blir en pandemi. En blir tre, sedan nio, sedan 81, sedan 6 561, sedan 43 243 551... det exploderar exponentiellt. I slut\u00e4ndan \u00e4r ingen ober\u00f6rd.<\/p>\n\n\n\n<p>Dessa kattv\u00e5rdare har sj\u00e4lva f\u00f6r\u00e4ndrats f\u00f6r alltid. Jag tror att deras insatser ocks\u00e5 f\u00f6r\u00e4ndrar v\u00e4rlden, \u00e5tminstone lokalt. V\u00e5ra f\u00e5glar, igelkottar, skruvar, harar och andra inhemska vilda djur skyddas alla utan att katterna beh\u00f6ver uts\u00e4ttas f\u00f6r v\u00e5ld. Sjukdomsspridning f\u00f6rhindras. I slut\u00e4ndan skapar sk\u00f6tarna en mildare, v\u00e4nligare och mer v\u00e4lkomnande v\u00e4rld f\u00f6r oss alla - katter, f\u00e5glar, d\u00e4ggdjur och m\u00e4nniskor. Dessa kattv\u00e5rdare utmanar oss att g\u00f6ra detsamma, var och en av oss p\u00e5 sitt eget s\u00e4tt och i sitt eget liv.<\/p>\n\n\n\n<p>Ate a pr\u00f3xima quinta! \/\/ Till n\u00e4sta torsdag!<\/p>","protected":false},"excerpt":{"rendered":"<p>Tidig morgon, l\u00e4ngs en \u00f6de grusv\u00e4g p\u00e5 landet. Detta kan vara den b\u00e4sta platsen att hitta sig sj\u00e4lv p\u00e5. H\u00e4r uppenbarar sig naturen i s\u00e5ng och med en ljusshow. \u00c4ven h\u00e4r g\u00f6mmer andra enkla handlingar av v\u00e4nlighet som f\u00f6rbluffar och f\u00f6rv\u00e5nar. L\u00e4s mer...<\/p>","protected":false},"author":1,"featured_media":887,"comment_status":"open","ping_status":"open","sticky":false,"template":"","format":"standard","meta":{"nf_dc_page":"","om_disable_all_campaigns":false,"_monsterinsights_skip_tracking":false,"_monsterinsights_sitenote_active":false,"_monsterinsights_sitenote_note":"","_monsterinsights_sitenote_category":0,"_themeisle_gutenberg_block_has_review":false,"_jetpack_memberships_contains_paid_content":false,"footnotes":""},"categories":[6],"tags":[],"class_list":["post-883","post","type-post","status-publish","format-standard","has-post-thumbnail","hentry","category-people"],"yoast_head":"<!-- This site is optimized with the Yoast SEO plugin v27.4 - https:\/\/yoast.com\/product\/yoast-seo-wordpress\/ -->\n<title>More Than Just Simple Acts of Kindness - PORTUGALIZAR<\/title>\n<meta name=\"robots\" content=\"index, follow, max-snippet:-1, max-image-preview:large, max-video-preview:-1\" \/>\n<link rel=\"canonical\" href=\"https:\/\/portugalizar.com\/sv\/simple-acts\/\" \/>\n<meta property=\"og:locale\" content=\"sv_SE\" \/>\n<meta property=\"og:type\" content=\"article\" \/>\n<meta property=\"og:title\" content=\"More Than Just Simple Acts of Kindness - PORTUGALIZAR\" \/>\n<meta property=\"og:description\" content=\"Early morning, along a deserted country dirt road. This might be the very best place to find your self. Here nature reveals herself in song and with a light show. Here, as well, others secret away simple acts of kindness that stun and amaze. Read more\u2026\" \/>\n<meta property=\"og:url\" content=\"https:\/\/portugalizar.com\/sv\/simple-acts\/\" \/>\n<meta property=\"og:site_name\" content=\"PORTUGALIZAR\" \/>\n<meta property=\"article:published_time\" content=\"2022-05-05T05:00:00+00:00\" \/>\n<meta property=\"article:modified_time\" content=\"2022-06-09T16:13:58+00:00\" \/>\n<meta property=\"og:image\" content=\"https:\/\/portugalizar.com\/wp-content\/uploads\/2022\/04\/Peek-a-boo-e1649512669996.jpg\" \/>\n\t<meta property=\"og:image:width\" content=\"1613\" \/>\n\t<meta property=\"og:image:height\" content=\"907\" \/>\n\t<meta property=\"og:image:type\" content=\"image\/jpeg\" \/>\n<meta name=\"author\" content=\"Gui\" \/>\n<meta name=\"twitter:card\" content=\"summary_large_image\" \/>\n<meta name=\"twitter:label1\" content=\"Skriven av\" \/>\n\t<meta name=\"twitter:data1\" content=\"Gui\" \/>\n\t<meta name=\"twitter:label2\" content=\"Ber\u00e4knad l\u00e4stid\" \/>\n\t<meta name=\"twitter:data2\" content=\"10 minuter\" \/>\n<script type=\"application\/ld+json\" class=\"yoast-schema-graph\">{\"@context\":\"https:\\\/\\\/schema.org\",\"@graph\":[{\"@type\":\"Article\",\"@id\":\"https:\\\/\\\/portugalizar.com\\\/simple-acts\\\/#article\",\"isPartOf\":{\"@id\":\"https:\\\/\\\/portugalizar.com\\\/simple-acts\\\/\"},\"author\":{\"name\":\"Gui\",\"@id\":\"https:\\\/\\\/portugalizar.com\\\/#\\\/schema\\\/person\\\/1f60af48f39895b897e26d9d92ecf6db\"},\"headline\":\"More Than Just Simple Acts of Kindness\",\"datePublished\":\"2022-05-05T05:00:00+00:00\",\"dateModified\":\"2022-06-09T16:13:58+00:00\",\"mainEntityOfPage\":{\"@id\":\"https:\\\/\\\/portugalizar.com\\\/simple-acts\\\/\"},\"wordCount\":2011,\"commentCount\":10,\"publisher\":{\"@id\":\"https:\\\/\\\/portugalizar.com\\\/#organization\"},\"image\":{\"@id\":\"https:\\\/\\\/portugalizar.com\\\/simple-acts\\\/#primaryimage\"},\"thumbnailUrl\":\"https:\\\/\\\/i0.wp.com\\\/portugalizar.com\\\/wp-content\\\/uploads\\\/2022\\\/04\\\/Peek-a-boo-e1649512669996.jpg?fit=1613%2C907&ssl=1\",\"articleSection\":[\"People\"],\"inLanguage\":\"sv-SE\",\"potentialAction\":[{\"@type\":\"CommentAction\",\"name\":\"Comment\",\"target\":[\"https:\\\/\\\/portugalizar.com\\\/simple-acts\\\/#respond\"]}]},{\"@type\":\"WebPage\",\"@id\":\"https:\\\/\\\/portugalizar.com\\\/simple-acts\\\/\",\"url\":\"https:\\\/\\\/portugalizar.com\\\/simple-acts\\\/\",\"name\":\"More Than Just Simple Acts of Kindness - PORTUGALIZAR\",\"isPartOf\":{\"@id\":\"https:\\\/\\\/portugalizar.com\\\/#website\"},\"primaryImageOfPage\":{\"@id\":\"https:\\\/\\\/portugalizar.com\\\/simple-acts\\\/#primaryimage\"},\"image\":{\"@id\":\"https:\\\/\\\/portugalizar.com\\\/simple-acts\\\/#primaryimage\"},\"thumbnailUrl\":\"https:\\\/\\\/i0.wp.com\\\/portugalizar.com\\\/wp-content\\\/uploads\\\/2022\\\/04\\\/Peek-a-boo-e1649512669996.jpg?fit=1613%2C907&ssl=1\",\"datePublished\":\"2022-05-05T05:00:00+00:00\",\"dateModified\":\"2022-06-09T16:13:58+00:00\",\"breadcrumb\":{\"@id\":\"https:\\\/\\\/portugalizar.com\\\/simple-acts\\\/#breadcrumb\"},\"inLanguage\":\"sv-SE\",\"potentialAction\":[{\"@type\":\"ReadAction\",\"target\":[\"https:\\\/\\\/portugalizar.com\\\/simple-acts\\\/\"]}]},{\"@type\":\"ImageObject\",\"inLanguage\":\"sv-SE\",\"@id\":\"https:\\\/\\\/portugalizar.com\\\/simple-acts\\\/#primaryimage\",\"url\":\"https:\\\/\\\/i0.wp.com\\\/portugalizar.com\\\/wp-content\\\/uploads\\\/2022\\\/04\\\/Peek-a-boo-e1649512669996.jpg?fit=1613%2C907&ssl=1\",\"contentUrl\":\"https:\\\/\\\/i0.wp.com\\\/portugalizar.com\\\/wp-content\\\/uploads\\\/2022\\\/04\\\/Peek-a-boo-e1649512669996.jpg?fit=1613%2C907&ssl=1\",\"width\":1613,\"height\":907},{\"@type\":\"BreadcrumbList\",\"@id\":\"https:\\\/\\\/portugalizar.com\\\/simple-acts\\\/#breadcrumb\",\"itemListElement\":[{\"@type\":\"ListItem\",\"position\":1,\"name\":\"Home\",\"item\":\"https:\\\/\\\/portugalizar.com\\\/\"},{\"@type\":\"ListItem\",\"position\":2,\"name\":\"More Than Just Simple Acts of Kindness\"}]},{\"@type\":\"WebSite\",\"@id\":\"https:\\\/\\\/portugalizar.com\\\/#website\",\"url\":\"https:\\\/\\\/portugalizar.com\\\/\",\"name\":\"PORTUGALIZAR\",\"description\":\"\",\"publisher\":{\"@id\":\"https:\\\/\\\/portugalizar.com\\\/#organization\"},\"potentialAction\":[{\"@type\":\"SearchAction\",\"target\":{\"@type\":\"EntryPoint\",\"urlTemplate\":\"https:\\\/\\\/portugalizar.com\\\/?s={search_term_string}\"},\"query-input\":{\"@type\":\"PropertyValueSpecification\",\"valueRequired\":true,\"valueName\":\"search_term_string\"}}],\"inLanguage\":\"sv-SE\"},{\"@type\":\"Organization\",\"@id\":\"https:\\\/\\\/portugalizar.com\\\/#organization\",\"name\":\"PORTUGALIZAR\",\"url\":\"https:\\\/\\\/portugalizar.com\\\/\",\"logo\":{\"@type\":\"ImageObject\",\"inLanguage\":\"sv-SE\",\"@id\":\"https:\\\/\\\/portugalizar.com\\\/#\\\/schema\\\/logo\\\/image\\\/\",\"url\":\"\",\"contentUrl\":\"\",\"caption\":\"PORTUGALIZAR\"},\"image\":{\"@id\":\"https:\\\/\\\/portugalizar.com\\\/#\\\/schema\\\/logo\\\/image\\\/\"}},{\"@type\":\"Person\",\"@id\":\"https:\\\/\\\/portugalizar.com\\\/#\\\/schema\\\/person\\\/1f60af48f39895b897e26d9d92ecf6db\",\"name\":\"Gui\",\"image\":{\"@type\":\"ImageObject\",\"inLanguage\":\"sv-SE\",\"@id\":\"https:\\\/\\\/secure.gravatar.com\\\/avatar\\\/0bef00a699e73fc60016c16a6f44683b2a027bb1b48a4b3973732af4cc636712?s=96&d=mm&r=g\",\"url\":\"https:\\\/\\\/secure.gravatar.com\\\/avatar\\\/0bef00a699e73fc60016c16a6f44683b2a027bb1b48a4b3973732af4cc636712?s=96&d=mm&r=g\",\"contentUrl\":\"https:\\\/\\\/secure.gravatar.com\\\/avatar\\\/0bef00a699e73fc60016c16a6f44683b2a027bb1b48a4b3973732af4cc636712?s=96&d=mm&r=g\",\"caption\":\"Gui\"},\"url\":\"https:\\\/\\\/portugalizar.com\\\/sv\\\/author\\\/spestheonlyone\\\/\"}]}<\/script>\n<!-- \/ Yoast SEO plugin. -->","yoast_head_json":{"title":"More Than Just Simple Acts of Kindness - PORTUGALIZAR","robots":{"index":"index","follow":"follow","max-snippet":"max-snippet:-1","max-image-preview":"max-image-preview:large","max-video-preview":"max-video-preview:-1"},"canonical":"https:\/\/portugalizar.com\/sv\/simple-acts\/","og_locale":"sv_SE","og_type":"article","og_title":"More Than Just Simple Acts of Kindness - PORTUGALIZAR","og_description":"Early morning, along a deserted country dirt road. This might be the very best place to find your self. Here nature reveals herself in song and with a light show. Here, as well, others secret away simple acts of kindness that stun and amaze. Read more\u2026","og_url":"https:\/\/portugalizar.com\/sv\/simple-acts\/","og_site_name":"PORTUGALIZAR","article_published_time":"2022-05-05T05:00:00+00:00","article_modified_time":"2022-06-09T16:13:58+00:00","og_image":[{"width":1613,"height":907,"url":"https:\/\/portugalizar.com\/wp-content\/uploads\/2022\/04\/Peek-a-boo-e1649512669996.jpg","type":"image\/jpeg"}],"author":"Gui","twitter_card":"summary_large_image","twitter_misc":{"Skriven av":"Gui","Ber\u00e4knad l\u00e4stid":"10 minuter"},"schema":{"@context":"https:\/\/schema.org","@graph":[{"@type":"Article","@id":"https:\/\/portugalizar.com\/simple-acts\/#article","isPartOf":{"@id":"https:\/\/portugalizar.com\/simple-acts\/"},"author":{"name":"Gui","@id":"https:\/\/portugalizar.com\/#\/schema\/person\/1f60af48f39895b897e26d9d92ecf6db"},"headline":"More Than Just Simple Acts of Kindness","datePublished":"2022-05-05T05:00:00+00:00","dateModified":"2022-06-09T16:13:58+00:00","mainEntityOfPage":{"@id":"https:\/\/portugalizar.com\/simple-acts\/"},"wordCount":2011,"commentCount":10,"publisher":{"@id":"https:\/\/portugalizar.com\/#organization"},"image":{"@id":"https:\/\/portugalizar.com\/simple-acts\/#primaryimage"},"thumbnailUrl":"https:\/\/i0.wp.com\/portugalizar.com\/wp-content\/uploads\/2022\/04\/Peek-a-boo-e1649512669996.jpg?fit=1613%2C907&ssl=1","articleSection":["People"],"inLanguage":"sv-SE","potentialAction":[{"@type":"CommentAction","name":"Comment","target":["https:\/\/portugalizar.com\/simple-acts\/#respond"]}]},{"@type":"WebPage","@id":"https:\/\/portugalizar.com\/simple-acts\/","url":"https:\/\/portugalizar.com\/simple-acts\/","name":"More Than Just Simple Acts of Kindness - PORTUGALIZAR","isPartOf":{"@id":"https:\/\/portugalizar.com\/#website"},"primaryImageOfPage":{"@id":"https:\/\/portugalizar.com\/simple-acts\/#primaryimage"},"image":{"@id":"https:\/\/portugalizar.com\/simple-acts\/#primaryimage"},"thumbnailUrl":"https:\/\/i0.wp.com\/portugalizar.com\/wp-content\/uploads\/2022\/04\/Peek-a-boo-e1649512669996.jpg?fit=1613%2C907&ssl=1","datePublished":"2022-05-05T05:00:00+00:00","dateModified":"2022-06-09T16:13:58+00:00","breadcrumb":{"@id":"https:\/\/portugalizar.com\/simple-acts\/#breadcrumb"},"inLanguage":"sv-SE","potentialAction":[{"@type":"ReadAction","target":["https:\/\/portugalizar.com\/simple-acts\/"]}]},{"@type":"ImageObject","inLanguage":"sv-SE","@id":"https:\/\/portugalizar.com\/simple-acts\/#primaryimage","url":"https:\/\/i0.wp.com\/portugalizar.com\/wp-content\/uploads\/2022\/04\/Peek-a-boo-e1649512669996.jpg?fit=1613%2C907&ssl=1","contentUrl":"https:\/\/i0.wp.com\/portugalizar.com\/wp-content\/uploads\/2022\/04\/Peek-a-boo-e1649512669996.jpg?fit=1613%2C907&ssl=1","width":1613,"height":907},{"@type":"BreadcrumbList","@id":"https:\/\/portugalizar.com\/simple-acts\/#breadcrumb","itemListElement":[{"@type":"ListItem","position":1,"name":"Home","item":"https:\/\/portugalizar.com\/"},{"@type":"ListItem","position":2,"name":"More Than Just Simple Acts of Kindness"}]},{"@type":"WebSite","@id":"https:\/\/portugalizar.com\/#website","url":"https:\/\/portugalizar.com\/","name":"PORTUGALIZAR","description":"","publisher":{"@id":"https:\/\/portugalizar.com\/#organization"},"potentialAction":[{"@type":"SearchAction","target":{"@type":"EntryPoint","urlTemplate":"https:\/\/portugalizar.com\/?s={search_term_string}"},"query-input":{"@type":"PropertyValueSpecification","valueRequired":true,"valueName":"search_term_string"}}],"inLanguage":"sv-SE"},{"@type":"Organization","@id":"https:\/\/portugalizar.com\/#organization","name":"PORTUGALIZAR","url":"https:\/\/portugalizar.com\/","logo":{"@type":"ImageObject","inLanguage":"sv-SE","@id":"https:\/\/portugalizar.com\/#\/schema\/logo\/image\/","url":"","contentUrl":"","caption":"PORTUGALIZAR"},"image":{"@id":"https:\/\/portugalizar.com\/#\/schema\/logo\/image\/"}},{"@type":"Person","@id":"https:\/\/portugalizar.com\/#\/schema\/person\/1f60af48f39895b897e26d9d92ecf6db","name":"Gui","image":{"@type":"ImageObject","inLanguage":"sv-SE","@id":"https:\/\/secure.gravatar.com\/avatar\/0bef00a699e73fc60016c16a6f44683b2a027bb1b48a4b3973732af4cc636712?s=96&d=mm&r=g","url":"https:\/\/secure.gravatar.com\/avatar\/0bef00a699e73fc60016c16a6f44683b2a027bb1b48a4b3973732af4cc636712?s=96&d=mm&r=g","contentUrl":"https:\/\/secure.gravatar.com\/avatar\/0bef00a699e73fc60016c16a6f44683b2a027bb1b48a4b3973732af4cc636712?s=96&d=mm&r=g","caption":"Gui"},"url":"https:\/\/portugalizar.com\/sv\/author\/spestheonlyone\/"}]}},"jetpack_featured_media_url":"https:\/\/i0.wp.com\/portugalizar.com\/wp-content\/uploads\/2022\/04\/Peek-a-boo-e1649512669996.jpg?fit=1613%2C907&ssl=1","jetpack-related-posts":[],"jetpack_sharing_enabled":true,"_links":{"self":[{"href":"https:\/\/portugalizar.com\/sv\/wp-json\/wp\/v2\/posts\/883","targetHints":{"allow":["GET"]}}],"collection":[{"href":"https:\/\/portugalizar.com\/sv\/wp-json\/wp\/v2\/posts"}],"about":[{"href":"https:\/\/portugalizar.com\/sv\/wp-json\/wp\/v2\/types\/post"}],"author":[{"embeddable":true,"href":"https:\/\/portugalizar.com\/sv\/wp-json\/wp\/v2\/users\/1"}],"replies":[{"embeddable":true,"href":"https:\/\/portugalizar.com\/sv\/wp-json\/wp\/v2\/comments?post=883"}],"version-history":[{"count":5,"href":"https:\/\/portugalizar.com\/sv\/wp-json\/wp\/v2\/posts\/883\/revisions"}],"predecessor-version":[{"id":1374,"href":"https:\/\/portugalizar.com\/sv\/wp-json\/wp\/v2\/posts\/883\/revisions\/1374"}],"wp:featuredmedia":[{"embeddable":true,"href":"https:\/\/portugalizar.com\/sv\/wp-json\/wp\/v2\/media\/887"}],"wp:attachment":[{"href":"https:\/\/portugalizar.com\/sv\/wp-json\/wp\/v2\/media?parent=883"}],"wp:term":[{"taxonomy":"category","embeddable":true,"href":"https:\/\/portugalizar.com\/sv\/wp-json\/wp\/v2\/categories?post=883"},{"taxonomy":"post_tag","embeddable":true,"href":"https:\/\/portugalizar.com\/sv\/wp-json\/wp\/v2\/tags?post=883"}],"curies":[{"name":"wp","href":"https:\/\/api.w.org\/{rel}","templated":true}]}}