{"id":2266,"date":"2024-12-31T05:00:00","date_gmt":"2024-12-31T05:00:00","guid":{"rendered":"https:\/\/portugalizar.com\/?p=2266"},"modified":"2024-01-11T09:45:22","modified_gmt":"2024-01-11T09:45:22","slug":"shades-of-gray","status":"publish","type":"post","link":"https:\/\/portugalizar.com\/sv\/shades-of-gray\/","title":{"rendered":"Nyanser av gr\u00e5tt? Visst! Men mer!<br>En specialutg\u00e5va"},"content":{"rendered":"<p>\"Bom dia a todos! Tudo bem?\" \/\/ <em>God morgon, allihop! Hur m\u00e5r ni?<\/em> Joseph och jag har det riktigt bra. Vi var \u00e5tta veckor i Paris och sedan hemma i Santa Luzia under sommaren. Nu \u00e4r vi p\u00e5 v\u00e4g tillbaka till Paris i n\u00e5gra veckor. Jag har befunnit mig i vad jag kallar en \"existentiell <em>puppa<\/em>\u201c<sup data-fn=\"0c3b1e0d-ad20-485d-ae69-1ca80babbb55\" class=\"fn\"><a href=\"#0c3b1e0d-ad20-485d-ae69-1ca80babbb55\" id=\"0c3b1e0d-ad20-485d-ae69-1ca80babbb55-link\">1<\/a><\/sup> under en l\u00e4ngre tid. Visst \u00e4r det lustigt. Det du f\u00f6rv\u00e4ntar dig \u00e4r inte ofta det som livet levererar. Det \u00e4r <a href=\"https:\/\/youtu.be\/jv9sDn_2XkI\" target=\"_blank\" rel=\"noreferrer noopener\">en Rolling Stones-sanning<\/a> (njut av en lyssning), eller hur? Livet har m\u00e5nga fler nyanser av gr\u00e5tt \u00e4n ett enstaka bl\u00e4ndande det ena eller ett absolut f\u00f6rf\u00e4rligt det andra. Naturligtvis finns det s\u00e5dana ocks\u00e5. <\/p>\n\n\n\n<p>Det var kryptiskt, eller hur? Jag ska naturligtvis f\u00f6rklara. Men f\u00f6rmodligen med alldeles f\u00f6r m\u00e5nga ord. Lol! Men f\u00f6rst: \"Vad\u00e5, var ni i Paris i \u00e5tta veckor?\" <\/p>\n\n\n\n<p>Du kanske kommer ih\u00e5g fr\u00e5n <a href=\"https:\/\/portugalizar.com\/sv\/one-life\/\" target=\"_blank\" rel=\"noreferrer noopener\">sista inl\u00e4gget<\/a> att vi i oktober (2022) k\u00f6pte en liten l\u00e4genhet i Paris. Vi var tillbaka d\u00e4r i v\u00e5ras f\u00f6r att \"uppmuntra\" slutf\u00f6randet av renoveringen samt f\u00f6r att packa upp och bygga v\u00e5rt lilla bo i <em>Ljusets stad<\/em>. T<span style=\"font-size: revert; color: initial;\">resan var fysiskt anstr\u00e4ngande men naturligtvis lika f\u00f6ryngrande, sp\u00e4nnande och rolig. <\/span><\/p>\n\n\n\n<p>L\u00e4genheten blev mycket vacker. (Du kan ta en <a href=\"https:\/\/youtu.be\/q8lLIjYiDew\" target=\"_blank\" rel=\"noreferrer noopener\">snabb videotur<\/a> om du vill.) Dessutom gick vi p\u00e5 flera fantastiska museif\u00f6rest\u00e4llningar, p\u00e5 opera och p\u00e5 en fantastisk balett. Vi \u00e5t god mat och inmundigade fantastiska bakverk och praliner. Dessutom tr\u00e4ffade vi fenomenala och intressanta m\u00e4nniskor, som kanske blir v\u00e5ra nya v\u00e4nner. Naturligtvis gjorde vi mycket av det vi \u00e4lskar mest. Vi var <em>flan\u00f6r<\/em>s, det vill s\u00e4ga barnvagnar.<\/p>\n\n\n\n<h2 class=\"wp-block-heading\">Promenera till n\u00e5gonstans<\/h2>\n\n\n<div class=\"wp-block-image\">\n<figure class=\"alignright size-large is-resized\"><img data-recalc-dims=\"1\" fetchpriority=\"high\" decoding=\"async\" src=\"https:\/\/i0.wp.com\/portugalizar.com\/wp-content\/uploads\/2023\/06\/Take-time.png?resize=486%2C383&#038;ssl=1\" alt=\"\" class=\"wp-image-2321\" style=\"width:486px;height:383px\" width=\"486\" height=\"383\" srcset=\"https:\/\/i0.wp.com\/portugalizar.com\/wp-content\/uploads\/2023\/06\/Take-time.png?resize=1024%2C810&amp;ssl=1 1024w, https:\/\/i0.wp.com\/portugalizar.com\/wp-content\/uploads\/2023\/06\/Take-time.png?resize=300%2C237&amp;ssl=1 300w, https:\/\/i0.wp.com\/portugalizar.com\/wp-content\/uploads\/2023\/06\/Take-time.png?resize=768%2C607&amp;ssl=1 768w, https:\/\/i0.wp.com\/portugalizar.com\/wp-content\/uploads\/2023\/06\/Take-time.png?resize=1536%2C1215&amp;ssl=1 1536w, https:\/\/i0.wp.com\/portugalizar.com\/wp-content\/uploads\/2023\/06\/Take-time.png?resize=2048%2C1620&amp;ssl=1 2048w, https:\/\/i0.wp.com\/portugalizar.com\/wp-content\/uploads\/2023\/06\/Take-time.png?resize=15%2C12&amp;ssl=1 15w, https:\/\/i0.wp.com\/portugalizar.com\/wp-content\/uploads\/2023\/06\/Take-time.png?resize=2000%2C1582&amp;ssl=1 2000w, https:\/\/i0.wp.com\/portugalizar.com\/wp-content\/uploads\/2023\/06\/Take-time.png?w=1900&amp;ssl=1 1900w\" sizes=\"(max-width: 486px) 100vw, 486px\" \/><figcaption class=\"wp-element-caption\">\"Ta tid p\u00e5 dig\", 2021<\/figcaption><\/figure>\n<\/div>\n\n\n<p>\"S\u00e5 hur \u00e4r det med den h\u00e4r 'existentiella puppan'?\", kanske du fr\u00e5gar. \"F\u00f6r guds skull, du var i Paris och nu \u00e4r du tillbaka i ditt paradis i Santa Luz? Ta dig ur det!\" <\/p>\n\n\n\n<p>En \"existentiell puppa\", tror jag, kan vara min givna natur. Hur jag blir, eller v\u00e4xer som, en person. Det \u00e4r, f\u00f6r att anv\u00e4nda en \u00f6verdriven metafor, en puppa. Efter ett tag kan jag f\u00f6rhoppningsvis komma ut p\u00e5 nytt, uppfriskad och kanske n\u00e5got mer \"utvecklad\". Det \u00e4r min st\u00e4ndiga, livsl\u00e5nga process.<\/p>\n\n\n\n<p>Jag kanske t\u00e4nker f\u00f6r mycket; n\u00e5gra av er kommer att h\u00e5lla med. Kanske k\u00e4nner jag f\u00f6r intensivt; n\u00e5gra andra av er kommer att nicka japp. Eller s\u00e5 kanske jag tillbringar f\u00f6r mycket tid med mina egna m\u00f6rka skuggor; det finns nu, jag vet, fler guppande huvuden. Och jag kanske \u00e4r f\u00f6r mycket perfektionist. H\u00f6r jag en Alleluia-k\u00f6r?<\/p>\n\n\n\n<p>Men mitt liv \u00e4r som en <em>flan\u00f6r<\/em>. Och det \u00e4r inte en kausal handling. M\u00e5nga \u00f6vers\u00e4tter l\u00e4ttsinnigt den franska \"<em>flan\u00f6r<\/em>\"som engelskans \"loafer\". Piffle! A <em>flan\u00f6r<\/em> \u00e4r aldrig bara att promenera och absolut inte n\u00e5gonsin att sl\u00f6a eller sl\u00f6a. \u00c5h nej, inte alls! Den <em>flan\u00f6r<\/em> \u00e4r att observera. Det vill s\u00e4ga att se, kontemplera och innesluta sig i tankar och k\u00e4nslor.<\/p>\n\n\n\n<p>Och f\u00f6r flan\u00f6ren \u00e4r att observera att uppt\u00e4cka. Det vill s\u00e4ga att packa upp nya g\u00e5vor s\u00e5v\u00e4l som att njuta av ny magi i det redan bekanta. A <em>flan\u00f6r<\/em> chanserna p\u00e5 en v\u00e4rld utanf\u00f6r sig sj\u00e4lv och dess avsl\u00f6janden f\u00f6r\u00e4ndrar henne f\u00f6r gott. Jag m\u00e5ste promenera genom min existentiella inversion och noggrant se och lyssna till dess observationer och ledtr\u00e5dar. <\/p>\n\n\n\n<h2 class=\"wp-block-heading\">Sanningen och inget annat \u00e4n sanningen<\/h2>\n\n\n<div class=\"wp-block-image\">\n<figure class=\"alignleft size-large is-resized\"><img data-recalc-dims=\"1\" decoding=\"async\" src=\"https:\/\/i0.wp.com\/portugalizar.com\/wp-content\/uploads\/2023\/06\/Santa-Luzia-logo-antes-de-amanhecer.png?resize=484%2C738&#038;ssl=1\" alt=\"\" class=\"wp-image-2313\" style=\"width:484px;height:738px\" width=\"484\" height=\"738\" srcset=\"https:\/\/i0.wp.com\/portugalizar.com\/wp-content\/uploads\/2023\/06\/Santa-Luzia-logo-antes-de-amanhecer.png?resize=672%2C1024&amp;ssl=1 672w, https:\/\/i0.wp.com\/portugalizar.com\/wp-content\/uploads\/2023\/06\/Santa-Luzia-logo-antes-de-amanhecer.png?resize=197%2C300&amp;ssl=1 197w, https:\/\/i0.wp.com\/portugalizar.com\/wp-content\/uploads\/2023\/06\/Santa-Luzia-logo-antes-de-amanhecer.png?resize=768%2C1170&amp;ssl=1 768w, https:\/\/i0.wp.com\/portugalizar.com\/wp-content\/uploads\/2023\/06\/Santa-Luzia-logo-antes-de-amanhecer.png?resize=8%2C12&amp;ssl=1 8w, https:\/\/i0.wp.com\/portugalizar.com\/wp-content\/uploads\/2023\/06\/Santa-Luzia-logo-antes-de-amanhecer.png?w=970&amp;ssl=1 970w\" sizes=\"(max-width: 484px) 100vw, 484px\" \/><figcaption class=\"wp-element-caption\">\u201c<em>Minha Santa Luzia, logo antes de amanhecer<\/em>\u201c, 2021<\/figcaption><\/figure>\n<\/div>\n\n\n<p>V\u00e5r <em>fl\u00e2nerie<\/em> b\u00f6rjar i Santa Luzia, f\u00f6rst\u00e5s. H\u00e4r \u00e4r platsen d\u00e4r jag har uppt\u00e4ckt, eller kanske \u00e5teruppt\u00e4ckt, att promenader \u00e4r en del av mitt sj\u00e4lvutl\u00e4mnande. <\/p>\n\n\n\n<p>\u00c4rligt talat \u00e5kte jag till Paris den h\u00e4r g\u00e5ngen f\u00f6r att jag inte ville \u00e5ka till Paris. Och, f\u00f6r att vara helt \u00e4rlig, jag \u00e5kte till Paris bara f\u00f6r att f\u00e5 r\u00e4tt. Det vill s\u00e4ga att vi inte h\u00f6rde hemma i Paris. Att det inte kunde vara v\u00e5rt hem. Inte f\u00f6r att jag var medveten om det d\u00e5. Men du fr\u00e5gar, \"hur kan det vara sant, hur kan du inte vilja vara i Paris? Jag har alltid \u00e4lskat Paris. Om och om igen har jag f\u00f6rklarat att Paris \u00e4r min favoritplats p\u00e5 jorden. Och jag har bes\u00f6kt Paris n\u00e4stan ett dussin g\u00e5nger under tv\u00e5 decennier. Dessutom k\u00e4nner jag Paris utomordentligt v\u00e4l som den full\u00e4ndade . S\u00e5 n\u00e5got var verkligen och konstigt fel.<\/p>\n\n\n\n<p>Men jag best\u00e4mde mig f\u00f6r att b\u00f6rja ett nytt liv n\u00e5gon annanstans. N\u00e5gon annanstans \u00e4n i Paris. Till Portugal och i Santa Luzia. Jag h\u00e5ller p\u00e5 att l\u00e4ra mig spr\u00e5ket. Jag har blivit djupt f\u00f6r\u00e4lskad i det portugisiska spr\u00e5ket. Och jag uppt\u00e4cker, acklimatiserar mig till och blir en del av en livlig kultur som jag v\u00e4ldigt g\u00e4rna vill integreras i. Jag kan \u00e4rligt s\u00e4ga <strong>DETTA<\/strong> \u00e4r vad jag vill ha mer \u00e4n n\u00e5got annat. <em>S\u00f3 quero portugalizar-me!<\/em> \/\/ Jag vill bara bli portugis.<\/p>\n\n\n\n<p>Dessutom skaffar vi v\u00e4nner, vilket inneb\u00e4r ett enormt engagemang i form av tid och energi. B\u00e5da k\u00e4nner jag \u00e4r extremt v\u00e4rdefulla resurser vid denna tidpunkt i mitt liv. S\u00e4rskilt eftersom vi \u00e4r mycket engagerade i att uppr\u00e4tth\u00e5lla de v\u00e4rdefulla relationer som vi redan \u00e4r v\u00e4lsignade med.<\/p>\n\n\n\n<p>Jag ville inte uppb\u00e5da energin f\u00f6r \u00e4nnu fler v\u00e4nner, f\u00f6r ett fj\u00e4rde spr\u00e5k, liksom allt det som ing\u00e5r i att verkligen bli en del av en plats. Jag trodde inte att jag kunde uppb\u00e5da mer.<\/p>\n\n\n\n<h2 class=\"wp-block-heading\">Bara gr\u00e5tt eller nyanser av gr\u00e5tt<\/h2>\n\n\n<div class=\"wp-block-image\">\n<figure class=\"alignright size-large is-resized\"><img data-recalc-dims=\"1\" decoding=\"async\" src=\"https:\/\/i0.wp.com\/portugalizar.com\/wp-content\/uploads\/2023\/06\/%E2%80%985s-and-6s-are-good-too-Tour-Saint-Jacques-with-Chestnuts-Paris-v.2-2023.jpg?resize=486%2C696&#038;ssl=1\" alt=\"\" class=\"wp-image-2287\" style=\"width:486px;height:696px\" width=\"486\" height=\"696\" srcset=\"https:\/\/i0.wp.com\/portugalizar.com\/wp-content\/uploads\/2023\/06\/%E2%80%985s-and-6s-are-good-too-Tour-Saint-Jacques-with-Chestnuts-Paris-v.2-2023-scaled.jpg?resize=715%2C1024&amp;ssl=1 715w, https:\/\/i0.wp.com\/portugalizar.com\/wp-content\/uploads\/2023\/06\/%E2%80%985s-and-6s-are-good-too-Tour-Saint-Jacques-with-Chestnuts-Paris-v.2-2023-scaled.jpg?resize=210%2C300&amp;ssl=1 210w, https:\/\/i0.wp.com\/portugalizar.com\/wp-content\/uploads\/2023\/06\/%E2%80%985s-and-6s-are-good-too-Tour-Saint-Jacques-with-Chestnuts-Paris-v.2-2023-scaled.jpg?resize=768%2C1099&amp;ssl=1 768w, https:\/\/i0.wp.com\/portugalizar.com\/wp-content\/uploads\/2023\/06\/%E2%80%985s-and-6s-are-good-too-Tour-Saint-Jacques-with-Chestnuts-Paris-v.2-2023-scaled.jpg?resize=1073%2C1536&amp;ssl=1 1073w, https:\/\/i0.wp.com\/portugalizar.com\/wp-content\/uploads\/2023\/06\/%E2%80%985s-and-6s-are-good-too-Tour-Saint-Jacques-with-Chestnuts-Paris-v.2-2023-scaled.jpg?resize=1431%2C2048&amp;ssl=1 1431w, https:\/\/i0.wp.com\/portugalizar.com\/wp-content\/uploads\/2023\/06\/%E2%80%985s-and-6s-are-good-too-Tour-Saint-Jacques-with-Chestnuts-Paris-v.2-2023-scaled.jpg?resize=8%2C12&amp;ssl=1 8w, https:\/\/i0.wp.com\/portugalizar.com\/wp-content\/uploads\/2023\/06\/%E2%80%985s-and-6s-are-good-too-Tour-Saint-Jacques-with-Chestnuts-Paris-v.2-2023-scaled.jpg?w=1788&amp;ssl=1 1788w\" sizes=\"(max-width: 486px) 100vw, 486px\" \/><figcaption class=\"wp-element-caption\">\"'5:or och 6:or \u00e4r lika bra' (<em>Tour Saint-Jacques<\/em> och kastanjer, Paris)\", 2023<\/figcaption><\/figure>\n<\/div>\n\n\n<p>I Santa Luzia hade jag \u00e5terbekantat mig med den sannare mig. Och jag hade p\u00e5 nytt \u00e5tagit mig att arbeta h\u00e5rt f\u00f6r att bli den sannare jag. Santa Luzia gav mig energin f\u00f6r detta. Jag varken kunde eller ville f\u00f6rlora nu.<\/p>\n\n\n\n<p>Det var m\u00e5nga regniga, gr\u00e5a och kyliga dagar i Paris. Vi hade redan genomlevt den mycket mildare och soligare algarvianska versionen av senvintern. Och h\u00e4r var vi igen men i tyngre rockar plus m\u00f6ssor och handskar! Dysterheten utanf\u00f6r f\u00f6rst\u00e4rkte den dysterhet som jag n\u00e4rde inuti.<\/p>\n\n\n\n<p>Men vi vandrade dag efter dag och utforskade det v\u00e4lbekanta s\u00e5v\u00e4l som det nya. Vid n\u00e5gon tidpunkt f\u00f6rvandlades den gr\u00e5 himlen f\u00f6r mig fr\u00e5n gr\u00e5 dysterhet till en perfekt duk. En bakgrund till en str\u00e5lande <em>levande tavlor<\/em>.<\/p>\n\n\n\n<p>Jag hade g\u00e5tt f\u00f6rbi Tour Saint-Jacques kanske hundratals g\u00e5nger. Naturligtvis hade jag alltid lagt m\u00e4rke till det. Hur skulle n\u00e5gon kunna l\u00e5ta bli. Men med den tomma duken bakom sig framstod nu varje detalj som om den var framh\u00e4vd. Och jag \u00e4r inte s\u00e4ker p\u00e5 att jag n\u00e5gonsin lagt m\u00e4rke till kastanjetr\u00e4den i Paris. Men nu lyste de \u00f6ver hela staden. Briljant vita, mjukt rosa och karmosinr\u00f6da facklor.<\/p>\n\n\n\n<p>Man vill, f\u00f6rv\u00e4ntar sig till och med, att varje dag ska vara en perfekt 10. Alla kommer inte att vara det och kan inte vara det. Jag ins\u00e5g d\u00e5 - n\u00e4r jag uppskattade detaljer och blommor f\u00f6r f\u00f6rsta g\u00e5ngen egentligen - att 5:or och 6:or \u00e4r ganska speciella. Och att \u00e4ven 2:or och 3:or \u00e4r speciella i sin alldaglighet.<\/p>\n\n\n\n<p>En stor del av dysterheten f\u00f6rsvann och med den min egen of\u00f6rklarliga surhet och motstr\u00e4vighet. <\/p>\n\n\n\n<h2 class=\"wp-block-heading\">Mycket mer \u00e4n nyanser av gr\u00e5tt<\/h2>\n\n\n<div class=\"wp-block-image\">\n<figure class=\"alignleft size-large is-resized\"><img data-recalc-dims=\"1\" loading=\"lazy\" decoding=\"async\" src=\"https:\/\/i0.wp.com\/portugalizar.com\/wp-content\/uploads\/2023\/06\/Premiere-apparition-du-matin-2023.jpg?resize=491%2C655&#038;ssl=1\" alt=\"\" class=\"wp-image-2296\" style=\"width:491px;height:655px\" width=\"491\" height=\"655\" srcset=\"https:\/\/i0.wp.com\/portugalizar.com\/wp-content\/uploads\/2023\/06\/Premiere-apparition-du-matin-2023-scaled.jpg?resize=768%2C1024&amp;ssl=1 768w, https:\/\/i0.wp.com\/portugalizar.com\/wp-content\/uploads\/2023\/06\/Premiere-apparition-du-matin-2023-scaled.jpg?resize=225%2C300&amp;ssl=1 225w, https:\/\/i0.wp.com\/portugalizar.com\/wp-content\/uploads\/2023\/06\/Premiere-apparition-du-matin-2023-scaled.jpg?resize=1152%2C1536&amp;ssl=1 1152w, https:\/\/i0.wp.com\/portugalizar.com\/wp-content\/uploads\/2023\/06\/Premiere-apparition-du-matin-2023-scaled.jpg?resize=1536%2C2048&amp;ssl=1 1536w, https:\/\/i0.wp.com\/portugalizar.com\/wp-content\/uploads\/2023\/06\/Premiere-apparition-du-matin-2023-scaled.jpg?resize=9%2C12&amp;ssl=1 9w, https:\/\/i0.wp.com\/portugalizar.com\/wp-content\/uploads\/2023\/06\/Premiere-apparition-du-matin-2023-scaled.jpg?resize=2000%2C2666&amp;ssl=1 2000w, https:\/\/i0.wp.com\/portugalizar.com\/wp-content\/uploads\/2023\/06\/Premiere-apparition-du-matin-2023-scaled.jpg?w=1920&amp;ssl=1 1920w\" sizes=\"(max-width: 491px) 100vw, 491px\" \/><figcaption class=\"wp-element-caption\">\u201c<em>Morgonens f\u00f6rsta uppenbarelse<\/em>\u201c, 2023 <\/figcaption><\/figure>\n<\/div>\n\n\n<p>The<\/p>\n\n\n<ol class=\"wp-block-footnotes\"><li id=\"0c3b1e0d-ad20-485d-ae69-1ca80babbb55\">Jag gillar ljudet av \"pupa\", det har en viss klang, eller hur? P\u00e5 engelska f\u00f6rmedlar det lite av \"yuck\" och \"muck\" -faktorn. Men det konnoterar ocks\u00e5 allt det d\u00e4r vetenskapliga mumsiga. <a href=\"#0c3b1e0d-ad20-485d-ae69-1ca80babbb55-link\" aria-label=\"Hoppa till fotnotsreferens 1\">\ufe0e<\/a><\/li><\/ol>","protected":false},"excerpt":{"rendered":"<p>Livet \u00e4r verkligen varken svart eller vitt. Livet frodas inte i kanterna, i ytterligheterna. Livet v\u00e4xer bland gr\u00e5tonerna mellan ytterligheterna. Varje gr\u00e5 nyans blir en punkt, en mark\u00f6r f\u00f6r livet. Dessa punkter sm\u00e4lter samman till ett portr\u00e4tt av ett levt liv. L\u00e4s mer om detta...<\/p>","protected":false},"author":1,"featured_media":2288,"comment_status":"open","ping_status":"closed","sticky":false,"template":"","format":"standard","meta":{"nf_dc_page":"","om_disable_all_campaigns":false,"_monsterinsights_skip_tracking":false,"_monsterinsights_sitenote_active":false,"_monsterinsights_sitenote_note":"","_monsterinsights_sitenote_category":0,"_themeisle_gutenberg_block_has_review":false,"_jetpack_memberships_contains_paid_content":false,"footnotes":"[{\"content\":\"I like the sound of \\\"pupa\\\", it has a certain ring, no? In English it conveys a bit of \\\"yuck\\\" and \\\"muck\\\" factor. But also its connotes all that scientific yumminess.\",\"id\":\"0c3b1e0d-ad20-485d-ae69-1ca80babbb55\"}]"},"categories":[14,13],"tags":[],"class_list":["post-2266","post","type-post","status-publish","format-standard","has-post-thumbnail","hentry","category-musings","category-travels"],"yoast_head":"<!-- This site is optimized with the Yoast SEO plugin v27.4 - https:\/\/yoast.com\/product\/yoast-seo-wordpress\/ -->\n<title>Shades of Gray? Sure! But more!A Special Edition - PORTUGALIZAR<\/title>\n<meta name=\"description\" content=\"Is truth or anything really black or white? No, not really. We live in shades of gray, that is, mostly between the extremes. Which is good.\" \/>\n<meta name=\"robots\" content=\"index, follow, max-snippet:-1, max-image-preview:large, max-video-preview:-1\" \/>\n<link rel=\"canonical\" href=\"https:\/\/portugalizar.com\/sv\/shades-of-gray\/\" \/>\n<meta property=\"og:locale\" content=\"sv_SE\" \/>\n<meta property=\"og:type\" content=\"article\" \/>\n<meta property=\"og:title\" content=\"Shades of Gray? Sure! But more!A Special Edition - PORTUGALIZAR\" \/>\n<meta property=\"og:description\" content=\"Is truth or anything really black or white? No, not really. We live in shades of gray, that is, mostly between the extremes. Which is good.\" \/>\n<meta property=\"og:url\" content=\"https:\/\/portugalizar.com\/sv\/shades-of-gray\/\" \/>\n<meta property=\"og:site_name\" content=\"PORTUGALIZAR\" \/>\n<meta property=\"article:published_time\" content=\"2024-12-31T05:00:00+00:00\" \/>\n<meta property=\"og:image\" content=\"https:\/\/i0.wp.com\/portugalizar.com\/wp-content\/uploads\/2023\/06\/5s-and-6s-are-good-too-Tour-Saint-Jacques-with-Chestnuts-Paris-v.2-2023-1-scaled-e1686722311207.jpg?fit=1785%2C979&ssl=1\" \/>\n\t<meta property=\"og:image:width\" content=\"1785\" \/>\n\t<meta property=\"og:image:height\" content=\"979\" \/>\n\t<meta property=\"og:image:type\" content=\"image\/jpeg\" \/>\n<meta name=\"author\" content=\"Gui\" \/>\n<meta name=\"twitter:card\" content=\"summary_large_image\" \/>\n<meta name=\"twitter:label1\" content=\"Skriven av\" \/>\n\t<meta name=\"twitter:data1\" content=\"Gui\" \/>\n\t<meta name=\"twitter:label2\" content=\"Ber\u00e4knad l\u00e4stid\" \/>\n\t<meta name=\"twitter:data2\" content=\"6 minuter\" \/>\n<script type=\"application\/ld+json\" class=\"yoast-schema-graph\">{\"@context\":\"https:\\\/\\\/schema.org\",\"@graph\":[{\"@type\":\"Article\",\"@id\":\"https:\\\/\\\/portugalizar.com\\\/shades-of-gray\\\/#article\",\"isPartOf\":{\"@id\":\"https:\\\/\\\/portugalizar.com\\\/shades-of-gray\\\/\"},\"author\":{\"name\":\"Gui\",\"@id\":\"https:\\\/\\\/portugalizar.com\\\/#\\\/schema\\\/person\\\/1f60af48f39895b897e26d9d92ecf6db\"},\"headline\":\"Shades of Gray? Sure! But more! A Special Edition\",\"datePublished\":\"2024-12-31T05:00:00+00:00\",\"mainEntityOfPage\":{\"@id\":\"https:\\\/\\\/portugalizar.com\\\/shades-of-gray\\\/\"},\"wordCount\":1143,\"commentCount\":0,\"publisher\":{\"@id\":\"https:\\\/\\\/portugalizar.com\\\/#organization\"},\"image\":{\"@id\":\"https:\\\/\\\/portugalizar.com\\\/shades-of-gray\\\/#primaryimage\"},\"thumbnailUrl\":\"https:\\\/\\\/i0.wp.com\\\/portugalizar.com\\\/wp-content\\\/uploads\\\/2023\\\/06\\\/5s-and-6s-are-good-too-Tour-Saint-Jacques-with-Chestnuts-Paris-v.2-2023-1-scaled-e1686722311207.jpg?fit=1785%2C979&ssl=1\",\"articleSection\":[\"Musings\",\"Travels\"],\"inLanguage\":\"sv-SE\",\"potentialAction\":[{\"@type\":\"CommentAction\",\"name\":\"Comment\",\"target\":[\"https:\\\/\\\/portugalizar.com\\\/shades-of-gray\\\/#respond\"]}]},{\"@type\":\"WebPage\",\"@id\":\"https:\\\/\\\/portugalizar.com\\\/shades-of-gray\\\/\",\"url\":\"https:\\\/\\\/portugalizar.com\\\/shades-of-gray\\\/\",\"name\":\"Shades of Gray? Sure! But more! A Special Edition - PORTUGALIZAR\",\"isPartOf\":{\"@id\":\"https:\\\/\\\/portugalizar.com\\\/#website\"},\"primaryImageOfPage\":{\"@id\":\"https:\\\/\\\/portugalizar.com\\\/shades-of-gray\\\/#primaryimage\"},\"image\":{\"@id\":\"https:\\\/\\\/portugalizar.com\\\/shades-of-gray\\\/#primaryimage\"},\"thumbnailUrl\":\"https:\\\/\\\/i0.wp.com\\\/portugalizar.com\\\/wp-content\\\/uploads\\\/2023\\\/06\\\/5s-and-6s-are-good-too-Tour-Saint-Jacques-with-Chestnuts-Paris-v.2-2023-1-scaled-e1686722311207.jpg?fit=1785%2C979&ssl=1\",\"datePublished\":\"2024-12-31T05:00:00+00:00\",\"description\":\"Is truth or anything really black or white? No, not really. We live in shades of gray, that is, mostly between the extremes. Which is good.\",\"breadcrumb\":{\"@id\":\"https:\\\/\\\/portugalizar.com\\\/shades-of-gray\\\/#breadcrumb\"},\"inLanguage\":\"sv-SE\",\"potentialAction\":[{\"@type\":\"ReadAction\",\"target\":[\"https:\\\/\\\/portugalizar.com\\\/shades-of-gray\\\/\"]}]},{\"@type\":\"ImageObject\",\"inLanguage\":\"sv-SE\",\"@id\":\"https:\\\/\\\/portugalizar.com\\\/shades-of-gray\\\/#primaryimage\",\"url\":\"https:\\\/\\\/i0.wp.com\\\/portugalizar.com\\\/wp-content\\\/uploads\\\/2023\\\/06\\\/5s-and-6s-are-good-too-Tour-Saint-Jacques-with-Chestnuts-Paris-v.2-2023-1-scaled-e1686722311207.jpg?fit=1785%2C979&ssl=1\",\"contentUrl\":\"https:\\\/\\\/i0.wp.com\\\/portugalizar.com\\\/wp-content\\\/uploads\\\/2023\\\/06\\\/5s-and-6s-are-good-too-Tour-Saint-Jacques-with-Chestnuts-Paris-v.2-2023-1-scaled-e1686722311207.jpg?fit=1785%2C979&ssl=1\",\"width\":1785,\"height\":979},{\"@type\":\"BreadcrumbList\",\"@id\":\"https:\\\/\\\/portugalizar.com\\\/shades-of-gray\\\/#breadcrumb\",\"itemListElement\":[{\"@type\":\"ListItem\",\"position\":1,\"name\":\"Home\",\"item\":\"https:\\\/\\\/portugalizar.com\\\/\"},{\"@type\":\"ListItem\",\"position\":2,\"name\":\"Shades of Gray? Sure! But more!A Special Edition\"}]},{\"@type\":\"WebSite\",\"@id\":\"https:\\\/\\\/portugalizar.com\\\/#website\",\"url\":\"https:\\\/\\\/portugalizar.com\\\/\",\"name\":\"PORTUGALIZAR\",\"description\":\"\",\"publisher\":{\"@id\":\"https:\\\/\\\/portugalizar.com\\\/#organization\"},\"potentialAction\":[{\"@type\":\"SearchAction\",\"target\":{\"@type\":\"EntryPoint\",\"urlTemplate\":\"https:\\\/\\\/portugalizar.com\\\/?s={search_term_string}\"},\"query-input\":{\"@type\":\"PropertyValueSpecification\",\"valueRequired\":true,\"valueName\":\"search_term_string\"}}],\"inLanguage\":\"sv-SE\"},{\"@type\":\"Organization\",\"@id\":\"https:\\\/\\\/portugalizar.com\\\/#organization\",\"name\":\"PORTUGALIZAR\",\"url\":\"https:\\\/\\\/portugalizar.com\\\/\",\"logo\":{\"@type\":\"ImageObject\",\"inLanguage\":\"sv-SE\",\"@id\":\"https:\\\/\\\/portugalizar.com\\\/#\\\/schema\\\/logo\\\/image\\\/\",\"url\":\"\",\"contentUrl\":\"\",\"caption\":\"PORTUGALIZAR\"},\"image\":{\"@id\":\"https:\\\/\\\/portugalizar.com\\\/#\\\/schema\\\/logo\\\/image\\\/\"}},{\"@type\":\"Person\",\"@id\":\"https:\\\/\\\/portugalizar.com\\\/#\\\/schema\\\/person\\\/1f60af48f39895b897e26d9d92ecf6db\",\"name\":\"Gui\",\"image\":{\"@type\":\"ImageObject\",\"inLanguage\":\"sv-SE\",\"@id\":\"https:\\\/\\\/secure.gravatar.com\\\/avatar\\\/0bef00a699e73fc60016c16a6f44683b2a027bb1b48a4b3973732af4cc636712?s=96&d=mm&r=g\",\"url\":\"https:\\\/\\\/secure.gravatar.com\\\/avatar\\\/0bef00a699e73fc60016c16a6f44683b2a027bb1b48a4b3973732af4cc636712?s=96&d=mm&r=g\",\"contentUrl\":\"https:\\\/\\\/secure.gravatar.com\\\/avatar\\\/0bef00a699e73fc60016c16a6f44683b2a027bb1b48a4b3973732af4cc636712?s=96&d=mm&r=g\",\"caption\":\"Gui\"},\"url\":\"https:\\\/\\\/portugalizar.com\\\/sv\\\/author\\\/spestheonlyone\\\/\"}]}<\/script>\n<!-- \/ Yoast SEO plugin. -->","yoast_head_json":{"title":"Shades of Gray? Sure! But more!A Special Edition - PORTUGALIZAR","description":"Is truth or anything really black or white? No, not really. We live in shades of gray, that is, mostly between the extremes. Which is good.","robots":{"index":"index","follow":"follow","max-snippet":"max-snippet:-1","max-image-preview":"max-image-preview:large","max-video-preview":"max-video-preview:-1"},"canonical":"https:\/\/portugalizar.com\/sv\/shades-of-gray\/","og_locale":"sv_SE","og_type":"article","og_title":"Shades of Gray? Sure! But more!A Special Edition - PORTUGALIZAR","og_description":"Is truth or anything really black or white? No, not really. We live in shades of gray, that is, mostly between the extremes. Which is good.","og_url":"https:\/\/portugalizar.com\/sv\/shades-of-gray\/","og_site_name":"PORTUGALIZAR","article_published_time":"2024-12-31T05:00:00+00:00","og_image":[{"width":1785,"height":979,"url":"https:\/\/i0.wp.com\/portugalizar.com\/wp-content\/uploads\/2023\/06\/5s-and-6s-are-good-too-Tour-Saint-Jacques-with-Chestnuts-Paris-v.2-2023-1-scaled-e1686722311207.jpg?fit=1785%2C979&ssl=1","type":"image\/jpeg"}],"author":"Gui","twitter_card":"summary_large_image","twitter_misc":{"Skriven av":"Gui","Ber\u00e4knad l\u00e4stid":"6 minuter"},"schema":{"@context":"https:\/\/schema.org","@graph":[{"@type":"Article","@id":"https:\/\/portugalizar.com\/shades-of-gray\/#article","isPartOf":{"@id":"https:\/\/portugalizar.com\/shades-of-gray\/"},"author":{"name":"Gui","@id":"https:\/\/portugalizar.com\/#\/schema\/person\/1f60af48f39895b897e26d9d92ecf6db"},"headline":"Shades of Gray? Sure! But more! A Special Edition","datePublished":"2024-12-31T05:00:00+00:00","mainEntityOfPage":{"@id":"https:\/\/portugalizar.com\/shades-of-gray\/"},"wordCount":1143,"commentCount":0,"publisher":{"@id":"https:\/\/portugalizar.com\/#organization"},"image":{"@id":"https:\/\/portugalizar.com\/shades-of-gray\/#primaryimage"},"thumbnailUrl":"https:\/\/i0.wp.com\/portugalizar.com\/wp-content\/uploads\/2023\/06\/5s-and-6s-are-good-too-Tour-Saint-Jacques-with-Chestnuts-Paris-v.2-2023-1-scaled-e1686722311207.jpg?fit=1785%2C979&ssl=1","articleSection":["Musings","Travels"],"inLanguage":"sv-SE","potentialAction":[{"@type":"CommentAction","name":"Comment","target":["https:\/\/portugalizar.com\/shades-of-gray\/#respond"]}]},{"@type":"WebPage","@id":"https:\/\/portugalizar.com\/shades-of-gray\/","url":"https:\/\/portugalizar.com\/shades-of-gray\/","name":"Shades of Gray? Sure! But more! A Special Edition - PORTUGALIZAR","isPartOf":{"@id":"https:\/\/portugalizar.com\/#website"},"primaryImageOfPage":{"@id":"https:\/\/portugalizar.com\/shades-of-gray\/#primaryimage"},"image":{"@id":"https:\/\/portugalizar.com\/shades-of-gray\/#primaryimage"},"thumbnailUrl":"https:\/\/i0.wp.com\/portugalizar.com\/wp-content\/uploads\/2023\/06\/5s-and-6s-are-good-too-Tour-Saint-Jacques-with-Chestnuts-Paris-v.2-2023-1-scaled-e1686722311207.jpg?fit=1785%2C979&ssl=1","datePublished":"2024-12-31T05:00:00+00:00","description":"Is truth or anything really black or white? No, not really. We live in shades of gray, that is, mostly between the extremes. Which is good.","breadcrumb":{"@id":"https:\/\/portugalizar.com\/shades-of-gray\/#breadcrumb"},"inLanguage":"sv-SE","potentialAction":[{"@type":"ReadAction","target":["https:\/\/portugalizar.com\/shades-of-gray\/"]}]},{"@type":"ImageObject","inLanguage":"sv-SE","@id":"https:\/\/portugalizar.com\/shades-of-gray\/#primaryimage","url":"https:\/\/i0.wp.com\/portugalizar.com\/wp-content\/uploads\/2023\/06\/5s-and-6s-are-good-too-Tour-Saint-Jacques-with-Chestnuts-Paris-v.2-2023-1-scaled-e1686722311207.jpg?fit=1785%2C979&ssl=1","contentUrl":"https:\/\/i0.wp.com\/portugalizar.com\/wp-content\/uploads\/2023\/06\/5s-and-6s-are-good-too-Tour-Saint-Jacques-with-Chestnuts-Paris-v.2-2023-1-scaled-e1686722311207.jpg?fit=1785%2C979&ssl=1","width":1785,"height":979},{"@type":"BreadcrumbList","@id":"https:\/\/portugalizar.com\/shades-of-gray\/#breadcrumb","itemListElement":[{"@type":"ListItem","position":1,"name":"Home","item":"https:\/\/portugalizar.com\/"},{"@type":"ListItem","position":2,"name":"Shades of Gray? Sure! But more!A Special Edition"}]},{"@type":"WebSite","@id":"https:\/\/portugalizar.com\/#website","url":"https:\/\/portugalizar.com\/","name":"PORTUGALIZAR","description":"","publisher":{"@id":"https:\/\/portugalizar.com\/#organization"},"potentialAction":[{"@type":"SearchAction","target":{"@type":"EntryPoint","urlTemplate":"https:\/\/portugalizar.com\/?s={search_term_string}"},"query-input":{"@type":"PropertyValueSpecification","valueRequired":true,"valueName":"search_term_string"}}],"inLanguage":"sv-SE"},{"@type":"Organization","@id":"https:\/\/portugalizar.com\/#organization","name":"PORTUGALIZAR","url":"https:\/\/portugalizar.com\/","logo":{"@type":"ImageObject","inLanguage":"sv-SE","@id":"https:\/\/portugalizar.com\/#\/schema\/logo\/image\/","url":"","contentUrl":"","caption":"PORTUGALIZAR"},"image":{"@id":"https:\/\/portugalizar.com\/#\/schema\/logo\/image\/"}},{"@type":"Person","@id":"https:\/\/portugalizar.com\/#\/schema\/person\/1f60af48f39895b897e26d9d92ecf6db","name":"Gui","image":{"@type":"ImageObject","inLanguage":"sv-SE","@id":"https:\/\/secure.gravatar.com\/avatar\/0bef00a699e73fc60016c16a6f44683b2a027bb1b48a4b3973732af4cc636712?s=96&d=mm&r=g","url":"https:\/\/secure.gravatar.com\/avatar\/0bef00a699e73fc60016c16a6f44683b2a027bb1b48a4b3973732af4cc636712?s=96&d=mm&r=g","contentUrl":"https:\/\/secure.gravatar.com\/avatar\/0bef00a699e73fc60016c16a6f44683b2a027bb1b48a4b3973732af4cc636712?s=96&d=mm&r=g","caption":"Gui"},"url":"https:\/\/portugalizar.com\/sv\/author\/spestheonlyone\/"}]}},"jetpack_featured_media_url":"https:\/\/i0.wp.com\/portugalizar.com\/wp-content\/uploads\/2023\/06\/5s-and-6s-are-good-too-Tour-Saint-Jacques-with-Chestnuts-Paris-v.2-2023-1-scaled-e1686722311207.jpg?fit=1785%2C979&ssl=1","jetpack-related-posts":[],"jetpack_sharing_enabled":true,"_links":{"self":[{"href":"https:\/\/portugalizar.com\/sv\/wp-json\/wp\/v2\/posts\/2266","targetHints":{"allow":["GET"]}}],"collection":[{"href":"https:\/\/portugalizar.com\/sv\/wp-json\/wp\/v2\/posts"}],"about":[{"href":"https:\/\/portugalizar.com\/sv\/wp-json\/wp\/v2\/types\/post"}],"author":[{"embeddable":true,"href":"https:\/\/portugalizar.com\/sv\/wp-json\/wp\/v2\/users\/1"}],"replies":[{"embeddable":true,"href":"https:\/\/portugalizar.com\/sv\/wp-json\/wp\/v2\/comments?post=2266"}],"version-history":[{"count":5,"href":"https:\/\/portugalizar.com\/sv\/wp-json\/wp\/v2\/posts\/2266\/revisions"}],"predecessor-version":[{"id":2344,"href":"https:\/\/portugalizar.com\/sv\/wp-json\/wp\/v2\/posts\/2266\/revisions\/2344"}],"wp:featuredmedia":[{"embeddable":true,"href":"https:\/\/portugalizar.com\/sv\/wp-json\/wp\/v2\/media\/2288"}],"wp:attachment":[{"href":"https:\/\/portugalizar.com\/sv\/wp-json\/wp\/v2\/media?parent=2266"}],"wp:term":[{"taxonomy":"category","embeddable":true,"href":"https:\/\/portugalizar.com\/sv\/wp-json\/wp\/v2\/categories?post=2266"},{"taxonomy":"post_tag","embeddable":true,"href":"https:\/\/portugalizar.com\/sv\/wp-json\/wp\/v2\/tags?post=2266"}],"curies":[{"name":"wp","href":"https:\/\/api.w.org\/{rel}","templated":true}]}}