{"id":1937,"date":"2022-07-07T04:00:00","date_gmt":"2022-07-07T04:00:00","guid":{"rendered":"https:\/\/portugalizar.com\/?p=1937"},"modified":"2022-07-07T17:10:11","modified_gmt":"2022-07-07T17:10:11","slug":"somewhere-happy","status":"publish","type":"post","link":"https:\/\/portugalizar.com\/sv\/somewhere-happy\/","title":{"rendered":"N\u00e5gonstans <br>Glada sm\u00e5 bl\u00e5f\u00e5glar flyger <br>Nu kommer jag ocks\u00e5 att g\u00f6ra det"},"content":{"rendered":"<p><em>Ol\u00e1 a todos! Espero que estejam todos bem!<\/em> \/\/ Hej alla! Jag hoppas att ni alla m\u00e5r bra! Jag \u00e4r ledsen att jag missade att g\u00f6ra inl\u00e4gget i torsdags. Men Joseph och jag har haft ett par v\u00e4ldigt upptagna veckor. Efter tv\u00e5 och ett halvt pandemiskt \u00e5r har livstempot i Tavira accelererat. Som i warpfart. Jag \u00f6nskar att n\u00e5gon hade viskat Bette Davis ikoniska \"<a href=\"https:\/\/youtu.be\/3vEEh0GF_C8\" target=\"_blank\" rel=\"noreferrer noopener\">sp\u00e4nn fast s\u00e4kerhetsb\u00e4ltena<\/a>\" r\u00e5d till oss. N\u00e4tterna har varit sena, \u00e4ven om de har varit mer hoppiga \u00e4n oj\u00e4mna. S\u00e5 guppiga p\u00e5 sitt eget s\u00e4tt. Men Tavira har blivit sitt glada jag igen, det vill s\u00e4ga avslappnad och redo att g\u00e5 ner. <\/p>\n\n\n\n<p>Staden har f\u00e5tt sitt \"sommarlopp\". Dans p\u00e5 gatorna. Fyrverkerier. Konserter med stora namn. Lokala band och livemusik. Alla sorters underh\u00e5llning. Nonstop <em>livsgl\u00e4dje<\/em>. Vi har uppskattat den. Jag kommer att dela med mig av allt detta till er under de kommande veckorna. Jag hade velat g\u00f6ra det i det h\u00e4r inl\u00e4gget. Men jag \u00e4r helt enkelt inte redo. Ja, det \u00e4r de sena n\u00e4tterna osv. Kom igen, ni vet. Jag \u00e4r s\u00e4ker p\u00e5 att ni vet.<\/p>\n\n\n\n<p>Detta blir ett n\u00e5got kortare inl\u00e4gg. Jag tror det. Det \u00e4r t\u00e4nkt att bli en reflektion \u00f6ver de l\u00e4rdomar jag har f\u00e5tt h\u00e4r i Santa Luzia. Men det b\u00e5dar inte gott f\u00f6r mitt l\u00f6fte om korthet. Jag har l\u00e4rt mig s\u00e5 mycket. \u00c4ven om jag k\u00e4nner att jag bara har b\u00f6rjat min utbildning.<\/p>\n\n\n\n<h2 class=\"wp-block-heading\">P\u00e5 en lycklig plats<\/h2>\n\n\n<div class=\"wp-block-image\">\n<figure class=\"alignright size-large is-resized\"><img data-recalc-dims=\"1\" fetchpriority=\"high\" decoding=\"async\" src=\"https:\/\/i0.wp.com\/portugalizar.com\/wp-content\/uploads\/2022\/06\/Consider%E2%80%A6-.jpg?resize=494%2C461&#038;ssl=1\" alt=\"\" class=\"wp-image-1932\" width=\"494\" height=\"461\" srcset=\"https:\/\/i0.wp.com\/portugalizar.com\/wp-content\/uploads\/2022\/06\/Consider%E2%80%A6--scaled.jpg?resize=1024%2C958&amp;ssl=1 1024w, https:\/\/i0.wp.com\/portugalizar.com\/wp-content\/uploads\/2022\/06\/Consider%E2%80%A6--scaled.jpg?resize=300%2C281&amp;ssl=1 300w, https:\/\/i0.wp.com\/portugalizar.com\/wp-content\/uploads\/2022\/06\/Consider%E2%80%A6--scaled.jpg?resize=768%2C718&amp;ssl=1 768w, https:\/\/i0.wp.com\/portugalizar.com\/wp-content\/uploads\/2022\/06\/Consider%E2%80%A6--scaled.jpg?resize=1536%2C1436&amp;ssl=1 1536w, https:\/\/i0.wp.com\/portugalizar.com\/wp-content\/uploads\/2022\/06\/Consider%E2%80%A6--scaled.jpg?w=1900&amp;ssl=1 1900w\" sizes=\"(max-width: 494px) 100vw, 494px\" \/><figcaption><strong>\"\u00d6verv\u00e4g...\", 2021<\/strong><\/figcaption><\/figure>\n<\/div>\n\n\n<p>Jag har sagt f\u00f6ljande <a href=\"https:\/\/portugalizar.com\/sv\/life-is-crazy-stupid\/\" target=\"_blank\" rel=\"noreferrer noopener\">m\u00e5nga g\u00e5nger tidigare<\/a> och p\u00e5 m\u00e5nga olika s\u00e4tt. Livet h\u00e4r i Santa Luzia \u00e4r fantastiskt i sina m\u00e5nga sm\u00e5 \u00f6gonblick. Det \u00e4r de sm\u00e5 sakerna som v\u00e4cker min gl\u00e4dje och f\u00f6rundran. S\u00e5 det enkla och vardagliga g\u00f6r det fantastiska. Eller \u00e4r det s\u00e5 att underverket f\u00f6rkl\u00e4r sig som det vanliga?<\/p>\n\n\n\n<p>Santa Luzia har gett mig en l\u00e4robok. Och jag l\u00e4r mig fortfarande, som sagt. F\u00f6r tre \u00e5r sedan skulle jag ha rusat f\u00f6rbi vinter- och v\u00e5rblommorna. Jag skulle inte ha tagit mig n\u00e5gonstans d\u00e4r det \u00e4r s\u00e4rskilt viktigt, och definitivt inte till n\u00e5got s\u00e4rskilt br\u00e5dskande. Underbart har slagit mig i huvudet tillr\u00e4ckligt m\u00e5nga g\u00e5nger. S\u00e5 att jag har b\u00f6rjat stanna upp och l\u00e4gga m\u00e4rke till det.<\/p>\n\n\n\n<p>Ibland \u00e4r jag fortfarande f\u00f6r distraherad. Jag k\u00f6r f\u00f6rbi ett litet \u00f6gonblick. Men jag f\u00f6rs\u00f6ker g\u00f6ra det allt mindre. Ett citat kommer till mig varje g\u00e5ng jag inte sabbar ett \u00f6gonblick. Citatet har alltid varit viktigt f\u00f6r mig. \"T\u00e4nk p\u00e5 dessa vilda blommor som v\u00e4xer h\u00e4r vid v\u00e4gkanten. De s\u00f6ker varken ber\u00f6mmelse eller jagar pengar. Men, med s\u00e4kerhet, ingen k\u00e4ndisinfluencer, inte ens Kylie Jenner, i sin Gucci. Och ingen k\u00e4nd fotbollsspelare, nej, inte ens Cristiano Ronaldo, i sin Prada. Ingen! Nej, ingen har varit eller kommer n\u00e5gonsin att vara lika gudomlig som <em>haute-couture<\/em> som dessa sm\u00e5 vilda blommor.\"<\/p>\n\n\n\n<h2 class=\"wp-block-heading\">Det \u00e4r bara att t\u00e4nka p\u00e5, vara...<\/h2>\n\n\n<div class=\"wp-block-image\">\n<figure class=\"alignleft size-large is-resized\"><img data-recalc-dims=\"1\" decoding=\"async\" src=\"https:\/\/i0.wp.com\/portugalizar.com\/wp-content\/uploads\/2022\/06\/None-Arrayed-As-These-e1656832057712-390x1024.png?resize=248%2C652&#038;ssl=1\" alt=\"\" class=\"wp-image-1933\" width=\"248\" height=\"652\" srcset=\"https:\/\/i0.wp.com\/portugalizar.com\/wp-content\/uploads\/2022\/06\/None-Arrayed-As-These-e1656832057712.png?resize=390%2C1024&amp;ssl=1 390w, https:\/\/i0.wp.com\/portugalizar.com\/wp-content\/uploads\/2022\/06\/None-Arrayed-As-These-e1656832057712.png?resize=114%2C300&amp;ssl=1 114w, https:\/\/i0.wp.com\/portugalizar.com\/wp-content\/uploads\/2022\/06\/None-Arrayed-As-These-e1656832057712.png?resize=768%2C2016&amp;ssl=1 768w, https:\/\/i0.wp.com\/portugalizar.com\/wp-content\/uploads\/2022\/06\/None-Arrayed-As-These-e1656832057712.png?resize=585%2C1536&amp;ssl=1 585w, https:\/\/i0.wp.com\/portugalizar.com\/wp-content\/uploads\/2022\/06\/None-Arrayed-As-These-e1656832057712.png?resize=780%2C2048&amp;ssl=1 780w, https:\/\/i0.wp.com\/portugalizar.com\/wp-content\/uploads\/2022\/06\/None-Arrayed-As-These-e1656832057712.png?resize=5%2C12&amp;ssl=1 5w, https:\/\/i0.wp.com\/portugalizar.com\/wp-content\/uploads\/2022\/06\/None-Arrayed-As-These-e1656832057712.png?w=1530&amp;ssl=1 1530w\" sizes=\"(max-width: 248px) 100vw, 248px\" \/><figcaption><strong>\"Ingen \u00e4r lika vacker som dessa!\", 2020<\/strong><\/figcaption><\/figure>\n<\/div>\n\n\n<p>Ber\u00f6mmelse, f\u00f6rm\u00f6genhet, makt... uppenbarligen inte viktigt. Men \u00e4ven att g\u00f6ra, att g\u00f6ra n\u00e5gonting. Oavsett vad, oavsett hur viktigt eller moraliskt r\u00e4ttvist det \u00e4r. Allt \u00e4r mycket mindre viktigt \u00e4n att bara vara. Vad?<\/p>\n\n\n\n<p>Att vara. Det vill s\u00e4ga, att uppm\u00e4rksamma. Inte p\u00e5 n\u00e5got Instagramfl\u00f6de. Inte heller av dessa absurda pinterest-pinnar. Nej, inte ens dagens trendiga TikToks. Prova en vildblomma. Den vill inte tj\u00e4na pengar p\u00e5 din uppm\u00e4rksamhet. Den vilda blomman verkar undvika din uppm\u00e4rksamhet. Den \u00e4r ynklig, br\u00e4cklig och till och med flyktig. <\/p>\n\n\n\n<p>Bara betrakta och var. G\u00e5 inte f\u00f6rbi eller \u00f6vertr\u00e4ffa. L\u00e4gg m\u00e4rke till det. Anv\u00e4nd tid. \"Sl\u00f6sa\" tid. Sk\u00f6nhet uppst\u00e5r. F\u00f6rv\u00e5nande sk\u00f6nhet. Ett annat citat. \"Sk\u00f6nhet kommer att r\u00e4dda v\u00e4rlden!\"<\/p>\n\n\n\n<p>Var helt enkelt. Bara vara. S\u00e5 jag sitter med en vildblomma. Eller n\u00e5gon annan anspr\u00e5ksl\u00f6s liten bit. Den vilda blomman f\u00f6r\u00e4ndras. Jag f\u00f6r\u00e4ndras. Hela v\u00e4rlden f\u00f6r\u00e4ndras. I verkligheten f\u00f6rblir vildblomman och v\u00e4rlden of\u00f6r\u00e4ndrade. Jag f\u00f6r\u00e4ndras.<\/p>\n\n\n\n<p>N\u00e4r jag har vett nog att stanna upp, kn\u00e4b\u00f6ja och sedan sitta. D\u00e5 ser jag sk\u00f6nhet, alltid. Sk\u00f6nhet som missats eller undvikits tidigare. Den vilda blomman eller det som stoppade mig avsl\u00f6jar sin sk\u00f6nhet. Dess avsl\u00f6janden f\u00f6rd\u00e4rvar mig sj\u00e4lv. Det vill s\u00e4ga mig. N\u00e4r jag blir utsatt f\u00f6r detta ser jag min sk\u00f6nhet, min godhet. Om du vill, min gudomlighet. Eller \u00e5tminstone lite av varje.<\/p>\n\n\n\n<p>Den vilda blomman beh\u00f6ver inte vara en vildblomma. Det kan vara en svalan. Moln som \u00e4r sv\u00e5ruppt\u00e4ckta. En soluppg\u00e5ng. Eller en m\u00e5nskens nedg\u00e5ng. Kanske \u00e4r det en gammal herre som v\u00e4rmer sitt ansikte och sina ben i solen. Det kan till och med vara den \u00f6de sj\u00e4len som sl\u00e5r l\u00e4ger p\u00e5 trottoaren. Med utstr\u00e4ckt hand.<\/p>\n\n\n\n<p>S\u00e5 den vilda blomman kan vara vad som helst och allting. Allt som undviker att uppm\u00e4rksammas. Eller allt jag f\u00f6rs\u00f6ker undvika. Liten eller bortgl\u00f6md. Till synes oviktigt. Eller f\u00f6r annorlunda. F\u00f6r skr\u00e4mmande. Kanske f\u00f6r kr\u00e4vande av dyrbar tid. Min dyrbara tid.<\/p>\n\n\n\n<h2 class=\"wp-block-heading\">N\u00e5gonstans, lycklig...<\/h2>\n\n\n<div class=\"wp-block-image\">\n<figure class=\"alignright size-large is-resized\"><img data-recalc-dims=\"1\" decoding=\"async\" src=\"https:\/\/i0.wp.com\/portugalizar.com\/wp-content\/uploads\/2022\/06\/Somewhere.jpg?resize=492%2C457&#038;ssl=1\" alt=\"\" class=\"wp-image-1936\" width=\"492\" height=\"457\" srcset=\"https:\/\/i0.wp.com\/portugalizar.com\/wp-content\/uploads\/2022\/06\/Somewhere.jpg?resize=1024%2C954&amp;ssl=1 1024w, https:\/\/i0.wp.com\/portugalizar.com\/wp-content\/uploads\/2022\/06\/Somewhere.jpg?resize=300%2C279&amp;ssl=1 300w, https:\/\/i0.wp.com\/portugalizar.com\/wp-content\/uploads\/2022\/06\/Somewhere.jpg?resize=768%2C715&amp;ssl=1 768w, https:\/\/i0.wp.com\/portugalizar.com\/wp-content\/uploads\/2022\/06\/Somewhere.jpg?resize=13%2C12&amp;ssl=1 13w, https:\/\/i0.wp.com\/portugalizar.com\/wp-content\/uploads\/2022\/06\/Somewhere.jpg?w=1395&amp;ssl=1 1395w\" sizes=\"(max-width: 492px) 100vw, 492px\" \/><figcaption><strong>\"N\u00e5gonstans...\", 2020<\/strong><\/figcaption><\/figure>\n<\/div>\n\n\n<p>\"Lycklig \u00e4r den person som tar sig tid att vara med det minsta, med det minst betydelsefulla.\" Ett annat citat... S\u00e5 jag \u00e4r full av dem, eller \"det\", idag. Men det citatet forts\u00e4tter med att v\u00e4nda mitt t\u00e4nkande p\u00e5 huvudet. \"F\u00f6r det \u00e4r dessa minsta som har allt. De som har svaren.\"<\/p>\n\n\n\n<p>Tillbaka till \"sk\u00f6nhet kommer att r\u00e4dda v\u00e4rlden\". Jag har funnit tv\u00e5, kanske tre sidor h\u00e4r. N\u00e4r jag v\u00e4l saktar ner, stannar jag verkligen. S\u00e5 att jag tar mig tid. D\u00e5 l\u00e4gger jag m\u00e4rke till det lilla och f\u00f6rment oviktiga. D\u00e5 f\u00e5r jag sk\u00f6nhet som ett resultat. Det speglar min sk\u00f6nhet, som jag aldrig riktigt har uppskattat f\u00f6rr\u00e4n nu. Aldrig sett. S\u00e5 sm\u00e5ningom ser jag samma sk\u00f6nhet, min sk\u00f6nhet, hos andra, alla andra, i hela v\u00e4rlden.<\/p>\n\n\n\n<p>N\u00e4r jag tar mig tid, n\u00e4r jag b\u00f6rjar l\u00e4gga m\u00e4rke till sk\u00f6nheten, d\u00e5 \u00e4r jag oskadd. D\u00e5 b\u00f6rjar jag se, b\u00f6rjar uppt\u00e4cka sk\u00f6nhet \u00f6verallt. Det \u00e4r ett \u00f6gonblick av radikal f\u00f6r\u00e4ndring. Det finns ingen \u00e5terv\u00e4ndo. \u00c4ven om det har funnits m\u00e5nga \u00e5terv\u00e4ndanden fr\u00e5n min sida.<\/p>\n\n\n\n<p>En g\u00e5ng trodde jag att sk\u00f6nhet, godhet, perfektion etc. m\u00e5ste man slita f\u00f6r och k\u00f6pa, k\u00e4mpa f\u00f6r och vinna, vad som helst. Att dessa underverk fanns n\u00e5gon annanstans. F\u00f6r att bli lycklig m\u00e5ste jag ta hit dem f\u00f6r att bli lycklig. Men nu vet jag att de finns h\u00e4r och att de \u00e4r fria. Tja, inte riktigt fria, men det kommer vi att ta upp h\u00e4rn\u00e4st. Jag beh\u00f6ver bara erk\u00e4nna dem. Sk\u00f6nheten finns n\u00e5gonstans. Och n\u00e5gonstans \u00e4r h\u00e4r och \u00e4r nu.<\/p>\n\n\n\n<h2 class=\"wp-block-heading\">Och \u00e4nd\u00e5 finns det sk\u00f6nhet...<\/h2>\n\n\n<div class=\"wp-block-image\">\n<figure class=\"alignleft size-large is-resized\"><img data-recalc-dims=\"1\" loading=\"lazy\" decoding=\"async\" src=\"https:\/\/i0.wp.com\/portugalizar.com\/wp-content\/uploads\/2022\/06\/Wild-Artichoke.png?resize=284%2C505&#038;ssl=1\" alt=\"\" class=\"wp-image-1876\" width=\"284\" height=\"505\" srcset=\"https:\/\/i0.wp.com\/portugalizar.com\/wp-content\/uploads\/2022\/06\/Wild-Artichoke.png?resize=576%2C1024&amp;ssl=1 576w, https:\/\/i0.wp.com\/portugalizar.com\/wp-content\/uploads\/2022\/06\/Wild-Artichoke.png?resize=169%2C300&amp;ssl=1 169w, https:\/\/i0.wp.com\/portugalizar.com\/wp-content\/uploads\/2022\/06\/Wild-Artichoke.png?resize=768%2C1365&amp;ssl=1 768w, https:\/\/i0.wp.com\/portugalizar.com\/wp-content\/uploads\/2022\/06\/Wild-Artichoke.png?resize=864%2C1536&amp;ssl=1 864w, https:\/\/i0.wp.com\/portugalizar.com\/wp-content\/uploads\/2022\/06\/Wild-Artichoke.png?resize=1152%2C2048&amp;ssl=1 1152w, https:\/\/i0.wp.com\/portugalizar.com\/wp-content\/uploads\/2022\/06\/Wild-Artichoke.png?resize=7%2C12&amp;ssl=1 7w, https:\/\/i0.wp.com\/portugalizar.com\/wp-content\/uploads\/2022\/06\/Wild-Artichoke.png?w=1900&amp;ssl=1 1900w\" sizes=\"(max-width: 284px) 100vw, 284px\" \/><figcaption><strong>\"Savage Beauty (vild kron\u00e4rtskocka)\", 2022<\/strong><\/figcaption><\/figure>\n<\/div>\n\n\n<p>Att hitta sk\u00f6nhet vid v\u00e4gkanten, i en vildblomma. Eller att finna sk\u00f6nhet hos den gamla herrn framf\u00f6r sin <em>quinta<\/em> n\u00e4r solen v\u00e4rmer v\u00e5ra ansikten. Och att finna sk\u00f6nhet i ett sn\u00e5rigt leende som gener\u00f6st byts ut mot n\u00e5gra mynt. Men sedan ytterligare ett steg. Att l\u00e5ta denna sk\u00f6nhet avsl\u00f6ja och spegla min egen sk\u00f6nhet. Ja, d\u00e5 finns det ett pris att betala. Ett lyckligt, h\u00e4rligt pris att betala!<\/p>\n\n\n\n<p>Det lyckliga, h\u00e4rliga priset \u00e4r helt enkelt att vara. Att vara den vilda blomman. Att vara den gamla herrn. Och att vara det sn\u00e5riga leendet. Att reflektera sk\u00f6nhet till andra och till v\u00e4rlden. Att exponera sin sk\u00f6nhet \u00e4r det pris som betalas. <\/p>\n\n\n\n<p>Vad betyder det i praktiken? Nu \u00e4r jag en medkonspirat\u00f6r till den sk\u00f6nhet som jag har funnit. Eller snarare, som har hittat mig. Jag m\u00e5ste g\u00f6ra vad jag kan f\u00f6r att l\u00e5ta sk\u00f6nheten r\u00e4dda v\u00e4rlden. Och det \u00e4r verkligen ett \"m\u00e5ste\", en absolut n\u00f6dv\u00e4ndighet. \"Vad jag kan g\u00f6ra\" varierar fr\u00e5n person till person.<\/p>\n\n\n\n<p>F\u00f6r mig inneb\u00e4r \"vad jag kan g\u00f6ra\" ofta sm\u00e5 men konkreta \u00e5tg\u00e4rder. V\u00e5r \u00f6verg\u00e5ng till vegetarianism, till exempel. Eller att inte k\u00f6pa det mesta i plastf\u00f6rpackningar. Det vill s\u00e4ga att g\u00f6ra v\u00e5rt fotavtryck p\u00e5 jorden mindre. Det finns m\u00e5nga sm\u00e5 saker som vi har kommit fram till att vi kan g\u00f6ra. Livet \u00e4r n\u00e5got mer komplicerat som ett resultat av detta. Men mycket mer tillfredsst\u00e4llande. Gl\u00e4djande till och med.<\/p>\n\n\n\n<p>Det har ocks\u00e5 inneburit f\u00f6r\u00e4ndringar i relationerna. Andra delar samma sk\u00f6nhet som jag. Hur behandlar jag dem som mindre? Eller hur v\u00e4grar jag att lyssna p\u00e5 deras tankar och id\u00e9er? Eller deras r\u00e4dsla och oro? Och hur kan jag hata dem? Och sk\u00e4lla p\u00e5 dem eller sk\u00e4lla p\u00e5 dem? \u00c4ven om de v\u00e4grar att lyssna p\u00e5 mig. Och \u00e4ven om de p\u00e5st\u00e5r sig hata mig.<\/p>\n\n\n\n<h2 class=\"wp-block-heading\">Det \u00e4r en vild sk\u00f6nhet<\/h2>\n\n\n\n<p>Jag g\u00f6r mitt b\u00e4sta. Och jag g\u00f6r vad jag kan g\u00f6ra. Jag f\u00f6rs\u00f6ker ta mig tid att sitta med denna sk\u00f6nhet. Sedan arbetar jag p\u00e5 att balansera tolerans med min egen personliga \u00f6vertygelse. Uppt\u00e4cker s\u00e4tt att utmana b\u00e5de min tolerans och mina personliga \u00f6vertygelser. Snacka om vild sk\u00f6nhet. Det \u00e4r inte l\u00e4tt. Vild eftersom sk\u00f6nheten kr\u00e4ver s\u00e5 mycket av mig.<\/p>\n\n\n\n<p>Savage ocks\u00e5 eftersom jag m\u00e5ste v\u00e5rda min sk\u00f6nhet. Det kr\u00e4ver arbete. Att hitta utrymme, att mata och vattna, att rensa ogr\u00e4s. Jag m\u00e5ste g\u00f6ra vad jag kan g\u00f6ra. Detta inneb\u00e4r ocks\u00e5 att st\u00e4ndigt uppt\u00e4cka och v\u00e5rda min sk\u00f6nhet. <\/p>\n\n\n\n<p>\u00c4ven detta varierar fr\u00e5n person till person. F\u00f6r mig inneb\u00e4r det tyst ensamhet, morgonl\u00f6pning och promenader i naturen. F\u00f6r en annan kan det vara musik och konst. Kanske \u00e4r det livliga samtal och skratt. Var och en av oss har behov av det som g\u00f6r att v\u00e5r sk\u00f6nhet v\u00e4xer fram. Precis som de vilda blommorna beh\u00f6ver vinterregn och v\u00e5rv\u00e4rme.<\/p>\n\n\n\n<p>Hur kan jag annars sprida, dela denna vilda sk\u00f6nhet som kommer att r\u00e4dda v\u00e4rlden? Jag m\u00e5ste befinna mig p\u00e5 de platser d\u00e4r min egen sk\u00f6nhet st\u00e4ndigt avsl\u00f6jas och v\u00e4xer fram. Jag antar att vi kallar det v\u00e5r \"lyckliga\" plats. Men d\u00e5, f\u00f6rst d\u00e5, kan jag reflektera er sk\u00f6nhet tillbaka till er. Och g\u00f6ra det arbete i v\u00e4rlden som g\u00f6r det m\u00f6jligt f\u00f6r sk\u00f6nheten att lysa in i de m\u00f6rkaste h\u00f6rnen och djupaste sprickorna.<\/p>\n\n\n\n<p>Det handlar om balans. Vi vet alla hur sv\u00e5rt det \u00e4r att hitta en balans. Men sj\u00e4lvk\u00e4rlek \u00e4r inte sj\u00e4lviskhet. Och sj\u00e4lvisk \u00e4r inte sj\u00e4lvk\u00e4rlek. Jag tror att v\u00e5ra v\u00e4rsta och mest destruktiva stunder som m\u00e4nniskor uppst\u00e5r n\u00e4r vi g\u00f6r fel p\u00e5 det ena eller det andra s\u00e4ttet.<\/p>\n\n\n\n<h2 class=\"wp-block-heading\">Jag kan ge dig juveler<\/h2>\n\n\n<div class=\"wp-block-image\">\n<figure class=\"alignright size-large is-resized\"><img data-recalc-dims=\"1\" loading=\"lazy\" decoding=\"async\" src=\"https:\/\/i0.wp.com\/portugalizar.com\/wp-content\/uploads\/2022\/07\/I-could-bring-you-jewels%E2%80%A6-After-Emily-Dickinson-.jpg?resize=494%2C659&#038;ssl=1\" alt=\"\" class=\"wp-image-1996\" width=\"494\" height=\"659\" srcset=\"https:\/\/i0.wp.com\/portugalizar.com\/wp-content\/uploads\/2022\/07\/I-could-bring-you-jewels%E2%80%A6-After-Emily-Dickinson--scaled.jpg?resize=768%2C1024&amp;ssl=1 768w, https:\/\/i0.wp.com\/portugalizar.com\/wp-content\/uploads\/2022\/07\/I-could-bring-you-jewels%E2%80%A6-After-Emily-Dickinson--scaled.jpg?resize=225%2C300&amp;ssl=1 225w, https:\/\/i0.wp.com\/portugalizar.com\/wp-content\/uploads\/2022\/07\/I-could-bring-you-jewels%E2%80%A6-After-Emily-Dickinson--scaled.jpg?resize=1152%2C1536&amp;ssl=1 1152w, https:\/\/i0.wp.com\/portugalizar.com\/wp-content\/uploads\/2022\/07\/I-could-bring-you-jewels%E2%80%A6-After-Emily-Dickinson--scaled.jpg?w=1920&amp;ssl=1 1920w\" sizes=\"(max-width: 494px) 100vw, 494px\" \/><figcaption><strong>\"'Jag kan ge dig juveler' efter Emily Dickinson\", 2021<\/strong><\/figcaption><\/figure>\n<\/div>\n\n\n<p>Jag vet att allt detta l\u00e5ter intets\u00e4gande. Och svagt. \"Var glad.\" \"Ta hand om dig sj\u00e4lv.\" Det g\u00f6r det f\u00f6r mig ocks\u00e5. Men den vilda biten \u00e4r dock verklig. Minns kravet, det d\u00e4r \"m\u00e5ste\", att g\u00f6ra vad jag kan g\u00f6ra f\u00f6r att exponera sk\u00f6nheten utanf\u00f6r mig sj\u00e4lv. Detta krav kr\u00e4ver social och ekologisk r\u00e4ttvisa. Att ta hand om andra och om jorden. Att g\u00f6ra min del f\u00f6r att skapa den f\u00f6r\u00e4ndring som genererar r\u00e4ttvisa. Att respektera olikheter samtidigt som man f\u00f6rv\u00e4ntar sig integritet och \u00e4rlighet. Mer och mer f\u00f6ljer.<\/p>\n\n\n\n<p>Vad \u00e4r sj\u00e4lvk\u00e4rlek? Eller att vara lycklig? Det handlar definitivt inte om navelsk\u00e5dning. F\u00f6rutom att min navel verkar vara en bra portal in\u00e5t och ut\u00e5t. Om det \u00e4r rimligt. Jag m\u00e5ste se in\u00e5t f\u00f6r att kunna se bra ut\u00e5t. Se sanningen (eller sk\u00f6nheten) hos mig sj\u00e4lv f\u00f6r att kunna sk\u00e5da andras sanning\/sk\u00f6nhet. Jag k\u00e4nner ett annat citat p\u00e5 v\u00e4g om den andra sidan av det myntet. \"Ta bort den stora br\u00e4dan fr\u00e5n mitt eget \u00f6ga. Hj\u00e4lp sedan min granne som har en dammfl\u00e4ck i \u00f6gat.\"<\/p>\n\n\n\n<p>Emily Dickinson, en annan favoritdiktare, har <a href=\"https:\/\/allpoetry.com\/I-could-bring-You-Jewelshad-I-a-mind-to\" target=\"_blank\" rel=\"noreferrer noopener\">en dikt<\/a> som b\u00f6rjar med \"Jag skulle kunna ge dig juveler om jag hade velat, men du har tillr\u00e4ckligt av dem\". Den forts\u00e4tter med att avsl\u00f6ja att det b\u00e4sta hon kan g\u00f6ra \u00e4r att dela med sig av sina egna l\u00e4ckerheter. Att ge upp och ge bort sig sj\u00e4lv. Det b\u00e4sta har hon dock uppt\u00e4ckt genom att ta hand om sig sj\u00e4lv. Att g\u00e5 till \u00e4ngen och sitta med fj\u00e4rilar bland de h\u00f6ga gr\u00e4sen.<\/p>\n\n\n\n<h2 class=\"wp-block-heading\">Det lyckliga slutet, \u00e4ntligen!<\/h2>\n\n\n\n<p>Jag har kommit till samma slutsats. Men fr\u00e5n en annan plats \u00e4n bland fj\u00e4rilarna. F\u00f6r mig har det varit att titta p\u00e5 de f\u00e5 osk\u00f6rdade granat\u00e4pplen som ruttnar p\u00e5 tr\u00e4den h\u00e4r. N\u00e4r de torkar spricker deras l\u00e4derh\u00f6ljen i vermillionf\u00e4rgat l\u00e4der. Rubiner och guld rinner ut. S\u00e5dan \u00e4r sj\u00e4lvk\u00e4rlek. Att v\u00e4xa, v\u00e5rda och sedan mogna. Din egen h\u00e5rda rustning brister grovt. Rubiner och guld kan delas. F\u00f6r att ta emot fr\u00e5n andra ocks\u00e5.<\/p>\n\n\n\n<p>Det \u00e4r mycket snack h\u00e4r. Inte s\u00e4rskilt kortfattat, vilket jag hade lovat. Jag ber om urs\u00e4kt. Jag f\u00f6rs\u00f6ker. Men som med det mesta l\u00e4r jag mig av att f\u00f6rs\u00f6ka. Genom att g\u00f6ra och g\u00f6ra om. Om och om igen. En dag kanske jag kan s\u00e4ga allt detta med 300 ord! Just nu h\u00e5ller jag fortfarande p\u00e5 att ta reda p\u00e5 det sj\u00e4lv. Ni, om ni fortfarande \u00e4r med mig, tvingas tyv\u00e4rr b\u00e4ra huvuddelen av min \u00f6verfl\u00f6dighet. \ud83d\ude0a<\/p>\n\n\n\n<p>S\u00e5 nu har jag n\u00e5got mer att dela med mig av till dig. N\u00e5got som denna meditation har f\u00f6rt mig till. Just nu beh\u00f6ver jag hitta mer tid f\u00f6r mig sj\u00e4lv. F\u00f6r att ladda upp mina batterier. Att fylla p\u00e5 min sk\u00f6nhetstank. Jag g\u00e5r lite p\u00e5 tomg\u00e5ng. G\u00f6r lite f\u00f6r mycket. Och det finns n\u00e5gra saker och m\u00e4nniskor f\u00f6r vilka\/av vilka jag beh\u00f6vs s\u00e4rskilt mycket just nu.<\/p>\n\n\n\n<p>Jag kommer att f\u00f6rs\u00f6ka g\u00f6ra ytterligare tv\u00e5 veckoinl\u00e4gg den 14 och 21 juli. D\u00e4refter kommer jag att skriva den sista torsdagen i varje m\u00e5nad. Detta kommer att b\u00f6rja den 25 augusti. Det kan h\u00e4nda att jag kommer att l\u00e4gga upp inl\u00e4gg oftare. Jag kan komma att b\u00f6rja om med veckoinl\u00e4gg varje vecka. Det beror p\u00e5 m\u00e5nga saker. <em>At\u00e9 \u00e0 pr\u00f3xima quinta!<\/em> \/\/ Vi ses n\u00e4sta torsdag!<\/p>","protected":false},"excerpt":{"rendered":"<p>Det h\u00e4nder mycket i Tavira. Saker och ting \u00e4r verkligen p\u00e5 g\u00e5ng. V\u00e4lkommen till sommaren! N\u00e4r allt har g\u00e5tt upp i varv har jag t\u00e4nkt p\u00e5 n\u00e5gra av de l\u00e4rdomar jag har f\u00e5tt h\u00e4r. En av dem har varit att skapa en balans mellan att g\u00f6ra och vara. Jag har t\u00e4nkt mycket p\u00e5 detta. Allt detta har f\u00e5tt mig att ta lite tid f\u00f6r att ompr\u00f6va vad jag g\u00f6r. L\u00e4s mer...<\/p>","protected":false},"author":1,"featured_media":1936,"comment_status":"open","ping_status":"closed","sticky":false,"template":"","format":"standard","meta":{"nf_dc_page":"","om_disable_all_campaigns":false,"_monsterinsights_skip_tracking":false,"_monsterinsights_sitenote_active":false,"_monsterinsights_sitenote_note":"","_monsterinsights_sitenote_category":0,"_themeisle_gutenberg_block_has_review":false,"_jetpack_memberships_contains_paid_content":false,"footnotes":""},"categories":[10],"tags":[],"class_list":["post-1937","post","type-post","status-publish","format-standard","has-post-thumbnail","hentry","category-place"],"yoast_head":"<!-- This site is optimized with the Yoast SEO plugin v27.4 - https:\/\/yoast.com\/product\/yoast-seo-wordpress\/ -->\n<title>Somewhere Happy Little Bluebirds Fly Now So Will I - PORTUGALIZAR<\/title>\n<meta name=\"description\" content=\"Things slow down in summer, the sun and heat force it. Summer is somewhere happy for us all. But summer here means dramatic change as well.\" \/>\n<meta name=\"robots\" content=\"index, follow, max-snippet:-1, max-image-preview:large, max-video-preview:-1\" \/>\n<link rel=\"canonical\" href=\"https:\/\/portugalizar.com\/sv\/somewhere-happy\/\" \/>\n<meta property=\"og:locale\" content=\"sv_SE\" \/>\n<meta property=\"og:type\" content=\"article\" \/>\n<meta property=\"og:title\" content=\"Somewhere Happy Little Bluebirds Fly Now So Will I - PORTUGALIZAR\" \/>\n<meta property=\"og:description\" content=\"Things slow down in summer, the sun and heat force it. Summer is somewhere happy for us all. But summer here means dramatic change as well.\" \/>\n<meta property=\"og:url\" content=\"https:\/\/portugalizar.com\/sv\/somewhere-happy\/\" \/>\n<meta property=\"og:site_name\" content=\"PORTUGALIZAR\" \/>\n<meta property=\"article:published_time\" content=\"2022-07-07T04:00:00+00:00\" \/>\n<meta property=\"article:modified_time\" content=\"2022-07-07T17:10:11+00:00\" \/>\n<meta property=\"og:image\" content=\"https:\/\/portugalizar.com\/wp-content\/uploads\/2022\/06\/Somewhere.jpg\" \/>\n\t<meta property=\"og:image:width\" content=\"1395\" \/>\n\t<meta property=\"og:image:height\" content=\"1299\" \/>\n\t<meta property=\"og:image:type\" content=\"image\/jpeg\" \/>\n<meta name=\"author\" content=\"Gui\" \/>\n<meta name=\"twitter:card\" content=\"summary_large_image\" \/>\n<meta name=\"twitter:label1\" content=\"Skriven av\" \/>\n\t<meta name=\"twitter:data1\" content=\"Gui\" \/>\n\t<meta name=\"twitter:label2\" content=\"Ber\u00e4knad l\u00e4stid\" \/>\n\t<meta name=\"twitter:data2\" content=\"11 minuter\" \/>\n<script type=\"application\/ld+json\" class=\"yoast-schema-graph\">{\"@context\":\"https:\\\/\\\/schema.org\",\"@graph\":[{\"@type\":\"Article\",\"@id\":\"https:\\\/\\\/portugalizar.com\\\/somewhere-happy\\\/#article\",\"isPartOf\":{\"@id\":\"https:\\\/\\\/portugalizar.com\\\/somewhere-happy\\\/\"},\"author\":{\"name\":\"Gui\",\"@id\":\"https:\\\/\\\/portugalizar.com\\\/#\\\/schema\\\/person\\\/1f60af48f39895b897e26d9d92ecf6db\"},\"headline\":\"Somewhere Happy Little Bluebirds Fly Now So Will I\",\"datePublished\":\"2022-07-07T04:00:00+00:00\",\"dateModified\":\"2022-07-07T17:10:11+00:00\",\"mainEntityOfPage\":{\"@id\":\"https:\\\/\\\/portugalizar.com\\\/somewhere-happy\\\/\"},\"wordCount\":2083,\"commentCount\":7,\"publisher\":{\"@id\":\"https:\\\/\\\/portugalizar.com\\\/#organization\"},\"image\":{\"@id\":\"https:\\\/\\\/portugalizar.com\\\/somewhere-happy\\\/#primaryimage\"},\"thumbnailUrl\":\"https:\\\/\\\/i0.wp.com\\\/portugalizar.com\\\/wp-content\\\/uploads\\\/2022\\\/06\\\/Somewhere.jpg?fit=1395%2C1299&ssl=1\",\"articleSection\":[\"Place\"],\"inLanguage\":\"sv-SE\",\"potentialAction\":[{\"@type\":\"CommentAction\",\"name\":\"Comment\",\"target\":[\"https:\\\/\\\/portugalizar.com\\\/somewhere-happy\\\/#respond\"]}]},{\"@type\":\"WebPage\",\"@id\":\"https:\\\/\\\/portugalizar.com\\\/somewhere-happy\\\/\",\"url\":\"https:\\\/\\\/portugalizar.com\\\/somewhere-happy\\\/\",\"name\":\"Somewhere Happy Little Bluebirds Fly Now So Will I - PORTUGALIZAR\",\"isPartOf\":{\"@id\":\"https:\\\/\\\/portugalizar.com\\\/#website\"},\"primaryImageOfPage\":{\"@id\":\"https:\\\/\\\/portugalizar.com\\\/somewhere-happy\\\/#primaryimage\"},\"image\":{\"@id\":\"https:\\\/\\\/portugalizar.com\\\/somewhere-happy\\\/#primaryimage\"},\"thumbnailUrl\":\"https:\\\/\\\/i0.wp.com\\\/portugalizar.com\\\/wp-content\\\/uploads\\\/2022\\\/06\\\/Somewhere.jpg?fit=1395%2C1299&ssl=1\",\"datePublished\":\"2022-07-07T04:00:00+00:00\",\"dateModified\":\"2022-07-07T17:10:11+00:00\",\"description\":\"Things slow down in summer, the sun and heat force it. Summer is somewhere happy for us all. But summer here means dramatic change as well.\",\"breadcrumb\":{\"@id\":\"https:\\\/\\\/portugalizar.com\\\/somewhere-happy\\\/#breadcrumb\"},\"inLanguage\":\"sv-SE\",\"potentialAction\":[{\"@type\":\"ReadAction\",\"target\":[\"https:\\\/\\\/portugalizar.com\\\/somewhere-happy\\\/\"]}]},{\"@type\":\"ImageObject\",\"inLanguage\":\"sv-SE\",\"@id\":\"https:\\\/\\\/portugalizar.com\\\/somewhere-happy\\\/#primaryimage\",\"url\":\"https:\\\/\\\/i0.wp.com\\\/portugalizar.com\\\/wp-content\\\/uploads\\\/2022\\\/06\\\/Somewhere.jpg?fit=1395%2C1299&ssl=1\",\"contentUrl\":\"https:\\\/\\\/i0.wp.com\\\/portugalizar.com\\\/wp-content\\\/uploads\\\/2022\\\/06\\\/Somewhere.jpg?fit=1395%2C1299&ssl=1\",\"width\":1395,\"height\":1299,\"caption\":\"\\\"Somewhere...\\\", 2020\"},{\"@type\":\"BreadcrumbList\",\"@id\":\"https:\\\/\\\/portugalizar.com\\\/somewhere-happy\\\/#breadcrumb\",\"itemListElement\":[{\"@type\":\"ListItem\",\"position\":1,\"name\":\"Home\",\"item\":\"https:\\\/\\\/portugalizar.com\\\/\"},{\"@type\":\"ListItem\",\"position\":2,\"name\":\"Somewhere Happy Little Bluebirds Fly Now So Will I\"}]},{\"@type\":\"WebSite\",\"@id\":\"https:\\\/\\\/portugalizar.com\\\/#website\",\"url\":\"https:\\\/\\\/portugalizar.com\\\/\",\"name\":\"PORTUGALIZAR\",\"description\":\"\",\"publisher\":{\"@id\":\"https:\\\/\\\/portugalizar.com\\\/#organization\"},\"potentialAction\":[{\"@type\":\"SearchAction\",\"target\":{\"@type\":\"EntryPoint\",\"urlTemplate\":\"https:\\\/\\\/portugalizar.com\\\/?s={search_term_string}\"},\"query-input\":{\"@type\":\"PropertyValueSpecification\",\"valueRequired\":true,\"valueName\":\"search_term_string\"}}],\"inLanguage\":\"sv-SE\"},{\"@type\":\"Organization\",\"@id\":\"https:\\\/\\\/portugalizar.com\\\/#organization\",\"name\":\"PORTUGALIZAR\",\"url\":\"https:\\\/\\\/portugalizar.com\\\/\",\"logo\":{\"@type\":\"ImageObject\",\"inLanguage\":\"sv-SE\",\"@id\":\"https:\\\/\\\/portugalizar.com\\\/#\\\/schema\\\/logo\\\/image\\\/\",\"url\":\"\",\"contentUrl\":\"\",\"caption\":\"PORTUGALIZAR\"},\"image\":{\"@id\":\"https:\\\/\\\/portugalizar.com\\\/#\\\/schema\\\/logo\\\/image\\\/\"}},{\"@type\":\"Person\",\"@id\":\"https:\\\/\\\/portugalizar.com\\\/#\\\/schema\\\/person\\\/1f60af48f39895b897e26d9d92ecf6db\",\"name\":\"Gui\",\"image\":{\"@type\":\"ImageObject\",\"inLanguage\":\"sv-SE\",\"@id\":\"https:\\\/\\\/secure.gravatar.com\\\/avatar\\\/0bef00a699e73fc60016c16a6f44683b2a027bb1b48a4b3973732af4cc636712?s=96&d=mm&r=g\",\"url\":\"https:\\\/\\\/secure.gravatar.com\\\/avatar\\\/0bef00a699e73fc60016c16a6f44683b2a027bb1b48a4b3973732af4cc636712?s=96&d=mm&r=g\",\"contentUrl\":\"https:\\\/\\\/secure.gravatar.com\\\/avatar\\\/0bef00a699e73fc60016c16a6f44683b2a027bb1b48a4b3973732af4cc636712?s=96&d=mm&r=g\",\"caption\":\"Gui\"},\"url\":\"https:\\\/\\\/portugalizar.com\\\/sv\\\/author\\\/spestheonlyone\\\/\"}]}<\/script>\n<!-- \/ Yoast SEO plugin. -->","yoast_head_json":{"title":"N\u00e5gonstans flyger lyckliga sm\u00e5 bl\u00e5mesar nu s\u00e5 g\u00f6r jag ocks\u00e5 - PORTUGALIZAR","description":"P\u00e5 sommaren g\u00e5r saker och ting l\u00e5ngsammare, solen och v\u00e4rmen tvingar fram det. Sommaren \u00e4r en lycklig plats f\u00f6r oss alla. Men sommaren h\u00e4r inneb\u00e4r ocks\u00e5 dramatiska f\u00f6r\u00e4ndringar.","robots":{"index":"index","follow":"follow","max-snippet":"max-snippet:-1","max-image-preview":"max-image-preview:large","max-video-preview":"max-video-preview:-1"},"canonical":"https:\/\/portugalizar.com\/sv\/somewhere-happy\/","og_locale":"sv_SE","og_type":"article","og_title":"Somewhere Happy Little Bluebirds Fly Now So Will I - PORTUGALIZAR","og_description":"Things slow down in summer, the sun and heat force it. Summer is somewhere happy for us all. But summer here means dramatic change as well.","og_url":"https:\/\/portugalizar.com\/sv\/somewhere-happy\/","og_site_name":"PORTUGALIZAR","article_published_time":"2022-07-07T04:00:00+00:00","article_modified_time":"2022-07-07T17:10:11+00:00","og_image":[{"width":1395,"height":1299,"url":"https:\/\/portugalizar.com\/wp-content\/uploads\/2022\/06\/Somewhere.jpg","type":"image\/jpeg"}],"author":"Gui","twitter_card":"summary_large_image","twitter_misc":{"Skriven av":"Gui","Ber\u00e4knad l\u00e4stid":"11 minuter"},"schema":{"@context":"https:\/\/schema.org","@graph":[{"@type":"Article","@id":"https:\/\/portugalizar.com\/somewhere-happy\/#article","isPartOf":{"@id":"https:\/\/portugalizar.com\/somewhere-happy\/"},"author":{"name":"Gui","@id":"https:\/\/portugalizar.com\/#\/schema\/person\/1f60af48f39895b897e26d9d92ecf6db"},"headline":"Somewhere Happy Little Bluebirds Fly Now So Will I","datePublished":"2022-07-07T04:00:00+00:00","dateModified":"2022-07-07T17:10:11+00:00","mainEntityOfPage":{"@id":"https:\/\/portugalizar.com\/somewhere-happy\/"},"wordCount":2083,"commentCount":7,"publisher":{"@id":"https:\/\/portugalizar.com\/#organization"},"image":{"@id":"https:\/\/portugalizar.com\/somewhere-happy\/#primaryimage"},"thumbnailUrl":"https:\/\/i0.wp.com\/portugalizar.com\/wp-content\/uploads\/2022\/06\/Somewhere.jpg?fit=1395%2C1299&ssl=1","articleSection":["Place"],"inLanguage":"sv-SE","potentialAction":[{"@type":"CommentAction","name":"Comment","target":["https:\/\/portugalizar.com\/somewhere-happy\/#respond"]}]},{"@type":"WebPage","@id":"https:\/\/portugalizar.com\/somewhere-happy\/","url":"https:\/\/portugalizar.com\/somewhere-happy\/","name":"N\u00e5gonstans flyger lyckliga sm\u00e5 bl\u00e5mesar nu s\u00e5 g\u00f6r jag ocks\u00e5 - PORTUGALIZAR","isPartOf":{"@id":"https:\/\/portugalizar.com\/#website"},"primaryImageOfPage":{"@id":"https:\/\/portugalizar.com\/somewhere-happy\/#primaryimage"},"image":{"@id":"https:\/\/portugalizar.com\/somewhere-happy\/#primaryimage"},"thumbnailUrl":"https:\/\/i0.wp.com\/portugalizar.com\/wp-content\/uploads\/2022\/06\/Somewhere.jpg?fit=1395%2C1299&ssl=1","datePublished":"2022-07-07T04:00:00+00:00","dateModified":"2022-07-07T17:10:11+00:00","description":"P\u00e5 sommaren g\u00e5r saker och ting l\u00e5ngsammare, solen och v\u00e4rmen tvingar fram det. Sommaren \u00e4r en lycklig plats f\u00f6r oss alla. Men sommaren h\u00e4r inneb\u00e4r ocks\u00e5 dramatiska f\u00f6r\u00e4ndringar.","breadcrumb":{"@id":"https:\/\/portugalizar.com\/somewhere-happy\/#breadcrumb"},"inLanguage":"sv-SE","potentialAction":[{"@type":"ReadAction","target":["https:\/\/portugalizar.com\/somewhere-happy\/"]}]},{"@type":"ImageObject","inLanguage":"sv-SE","@id":"https:\/\/portugalizar.com\/somewhere-happy\/#primaryimage","url":"https:\/\/i0.wp.com\/portugalizar.com\/wp-content\/uploads\/2022\/06\/Somewhere.jpg?fit=1395%2C1299&ssl=1","contentUrl":"https:\/\/i0.wp.com\/portugalizar.com\/wp-content\/uploads\/2022\/06\/Somewhere.jpg?fit=1395%2C1299&ssl=1","width":1395,"height":1299,"caption":"\"Somewhere...\", 2020"},{"@type":"BreadcrumbList","@id":"https:\/\/portugalizar.com\/somewhere-happy\/#breadcrumb","itemListElement":[{"@type":"ListItem","position":1,"name":"Home","item":"https:\/\/portugalizar.com\/"},{"@type":"ListItem","position":2,"name":"Somewhere Happy Little Bluebirds Fly Now So Will I"}]},{"@type":"WebSite","@id":"https:\/\/portugalizar.com\/#website","url":"https:\/\/portugalizar.com\/","name":"PORTUGALIZAR","description":"","publisher":{"@id":"https:\/\/portugalizar.com\/#organization"},"potentialAction":[{"@type":"SearchAction","target":{"@type":"EntryPoint","urlTemplate":"https:\/\/portugalizar.com\/?s={search_term_string}"},"query-input":{"@type":"PropertyValueSpecification","valueRequired":true,"valueName":"search_term_string"}}],"inLanguage":"sv-SE"},{"@type":"Organization","@id":"https:\/\/portugalizar.com\/#organization","name":"PORTUGALIZAR","url":"https:\/\/portugalizar.com\/","logo":{"@type":"ImageObject","inLanguage":"sv-SE","@id":"https:\/\/portugalizar.com\/#\/schema\/logo\/image\/","url":"","contentUrl":"","caption":"PORTUGALIZAR"},"image":{"@id":"https:\/\/portugalizar.com\/#\/schema\/logo\/image\/"}},{"@type":"Person","@id":"https:\/\/portugalizar.com\/#\/schema\/person\/1f60af48f39895b897e26d9d92ecf6db","name":"Gui","image":{"@type":"ImageObject","inLanguage":"sv-SE","@id":"https:\/\/secure.gravatar.com\/avatar\/0bef00a699e73fc60016c16a6f44683b2a027bb1b48a4b3973732af4cc636712?s=96&d=mm&r=g","url":"https:\/\/secure.gravatar.com\/avatar\/0bef00a699e73fc60016c16a6f44683b2a027bb1b48a4b3973732af4cc636712?s=96&d=mm&r=g","contentUrl":"https:\/\/secure.gravatar.com\/avatar\/0bef00a699e73fc60016c16a6f44683b2a027bb1b48a4b3973732af4cc636712?s=96&d=mm&r=g","caption":"Gui"},"url":"https:\/\/portugalizar.com\/sv\/author\/spestheonlyone\/"}]}},"jetpack_featured_media_url":"https:\/\/i0.wp.com\/portugalizar.com\/wp-content\/uploads\/2022\/06\/Somewhere.jpg?fit=1395%2C1299&ssl=1","jetpack-related-posts":[],"jetpack_sharing_enabled":true,"_links":{"self":[{"href":"https:\/\/portugalizar.com\/sv\/wp-json\/wp\/v2\/posts\/1937","targetHints":{"allow":["GET"]}}],"collection":[{"href":"https:\/\/portugalizar.com\/sv\/wp-json\/wp\/v2\/posts"}],"about":[{"href":"https:\/\/portugalizar.com\/sv\/wp-json\/wp\/v2\/types\/post"}],"author":[{"embeddable":true,"href":"https:\/\/portugalizar.com\/sv\/wp-json\/wp\/v2\/users\/1"}],"replies":[{"embeddable":true,"href":"https:\/\/portugalizar.com\/sv\/wp-json\/wp\/v2\/comments?post=1937"}],"version-history":[{"count":4,"href":"https:\/\/portugalizar.com\/sv\/wp-json\/wp\/v2\/posts\/1937\/revisions"}],"predecessor-version":[{"id":2017,"href":"https:\/\/portugalizar.com\/sv\/wp-json\/wp\/v2\/posts\/1937\/revisions\/2017"}],"wp:featuredmedia":[{"embeddable":true,"href":"https:\/\/portugalizar.com\/sv\/wp-json\/wp\/v2\/media\/1936"}],"wp:attachment":[{"href":"https:\/\/portugalizar.com\/sv\/wp-json\/wp\/v2\/media?parent=1937"}],"wp:term":[{"taxonomy":"category","embeddable":true,"href":"https:\/\/portugalizar.com\/sv\/wp-json\/wp\/v2\/categories?post=1937"},{"taxonomy":"post_tag","embeddable":true,"href":"https:\/\/portugalizar.com\/sv\/wp-json\/wp\/v2\/tags?post=1937"}],"curies":[{"name":"wp","href":"https:\/\/api.w.org\/{rel}","templated":true}]}}