{"id":1902,"date":"2022-07-14T04:00:00","date_gmt":"2022-07-14T04:00:00","guid":{"rendered":"https:\/\/portugalizar.com\/?p=1902"},"modified":"2022-07-14T16:53:03","modified_gmt":"2022-07-14T16:53:03","slug":"happy-days-are-here-again","status":"publish","type":"post","link":"https:\/\/portugalizar.com\/sv\/happy-days-are-here-again\/","title":{"rendered":"DE LYCKLIGA DAGARNA \u00c4R H\u00c4R IGEN! <br>EN SPECIALUTG\u00c5VA"},"content":{"rendered":"<p><em>Ol\u00e1 a todos! Espero que tenham tido uma semana absolutamente fabulosa.<\/em> \/\/ Hej alla. Jag hoppas att ni alla har haft en helt fantastisk vecka. Sedan slutet av juni har varje dag h\u00e4r varit full av aktiviteter. Och Tavira har bubblat av sp\u00e4nning. Skuggan fr\u00e5n Covid har gradvis kortats ner. Men nu st\u00e5r solen p\u00e5 h\u00f6g middag. Som ett resultat av detta finns det inga skuggor, verkar det som. De lyckliga dagarna \u00e4r h\u00e4r igen!<\/p>\n\n\n\n<p>Det har h\u00e4nt s\u00e5 mycket. Jag ville ge dig en plats p\u00e5 f\u00f6rsta raden. Men ocks\u00e5 f\u00f6r att ge er m\u00f6jlighet att delta i aktiviteterna och sp\u00e4nningen. Jag kan faktiskt inte transportera er in i folkmassorna h\u00e4r. Men jag hoppas att ni kommer att k\u00e4nna den enkla, elektriska livligheten i firandet. <\/p>\n\n\n\n<h2 class=\"wp-block-heading\">Varf\u00f6r all uppst\u00e5ndelse?<\/h2>\n\n\n\n<p>Juni i Portugal \u00e4r k\u00e4nd som <em><a href=\"https:\/\/www.visitportugal.com\/en\/node\/210955\" target=\"_blank\" rel=\"noreferrer noopener\">en m\u00e4ssa med popul\u00e4ra h\u00e4lsobringare<\/a><\/em>, det vill s\u00e4ga de popul\u00e4ra helgonens m\u00e5nad. Det finns tre stycken. Den heliga Antonius' h\u00f6gtid (<em>Santo Ant\u00f3nio<\/em>, p\u00e5 portugisiska) \u00e4r den 13 juni. Sedan har vi Sankt Johannes D\u00f6paren (<em>S\u00e3o Jo\u00e3o<\/em>) den 24 juni. Slutligen kommer Sankt Petrus (<em>S\u00e3o Pedro<\/em>) tar vid den 29 juni. Endast <em>o Ant\u00f3nio<\/em> \u00e4r faktiskt portugisisk. Han f\u00f6ddes i Lissabon 1195 men tillbringade ungef\u00e4r halva sitt liv i Italien. Han dog och begravdes i Padua. <\/p>\n\n\n\n<p>De andra tv\u00e5 levde p\u00e5 f\u00f6rsta \u00e5rhundradet i den romerska provinsen Judeen, dagens Israel och Palestina. <em>O Jo\u00e3o<\/em> och <em>o Pedro<\/em> inte har n\u00e5gon som helst koppling till Portugal. De \u00e4r troligen popul\u00e4ra och viktiga f\u00f6r portugiserna eftersom b\u00e5da f\u00f6rknippas med vatten. Vatten, havet, \u00e4r portugisernas livsnerv. S\u00e5 <em>o Jo\u00e3o<\/em>, enligt kristna traditioner, uppfann dopet. Genom dopet f\u00f6rbinder sig de kristna till ett nytt s\u00e4tt att leva genom att de s\u00e4nks ner i vatten. F\u00f6rbindelsen mellan <em>o Pedro<\/em> \u00e4r l\u00e4ttare. I den kristna litteraturen beskrivs han som en fiskare. Men Jesus kallar honom ocks\u00e5 att bli en m\u00e4nniskofiskare. F\u00f6rmodligen ocks\u00e5 av kvinnor. Portugiserna \u00e4r fiskare. Havet och fisket har allts\u00e5 varit avg\u00f6rande f\u00f6r Portugals liv och ekonomi i evigheter. B\u00e5da \u00e4r fortfarande viktiga i alla portugisers hj\u00e4rtan och sj\u00e4lar, \u00e4ven om de \u00e4r mindre viktiga ekonomiskt sett.<\/p>\n\n\n\n<figure class=\"wp-block-gallery has-nested-images columns-default is-cropped wp-block-gallery-1 is-layout-flex wp-block-gallery-is-layout-flex\">\n<figure class=\"wp-block-image size-large\"><img data-recalc-dims=\"1\" fetchpriority=\"high\" decoding=\"async\" width=\"228\" height=\"228\" data-id=\"1923\" src=\"https:\/\/i0.wp.com\/portugalizar.com\/wp-content\/uploads\/2022\/06\/Santo-Antonio-e1656430802108.jpeg?resize=228%2C228&#038;ssl=1\" alt=\"\" class=\"wp-image-1923\" srcset=\"https:\/\/i0.wp.com\/portugalizar.com\/wp-content\/uploads\/2022\/06\/Santo-Antonio-e1656430802108.jpeg?w=228&amp;ssl=1 228w, https:\/\/i0.wp.com\/portugalizar.com\/wp-content\/uploads\/2022\/06\/Santo-Antonio-e1656430802108.jpeg?resize=150%2C150&amp;ssl=1 150w, https:\/\/i0.wp.com\/portugalizar.com\/wp-content\/uploads\/2022\/06\/Santo-Antonio-e1656430802108.jpeg?resize=12%2C12&amp;ssl=1 12w\" sizes=\"(max-width: 228px) 100vw, 228px\" \/><figcaption>Santo Ant\u00f3nio<\/figcaption><\/figure>\n\n\n\n<figure class=\"wp-block-image size-large\"><img data-recalc-dims=\"1\" decoding=\"async\" width=\"600\" height=\"600\" data-id=\"1919\" src=\"https:\/\/i0.wp.com\/portugalizar.com\/wp-content\/uploads\/2022\/06\/saint-john-2.jpeg?resize=600%2C600&#038;ssl=1\" alt=\"\" class=\"wp-image-1919\" srcset=\"https:\/\/i0.wp.com\/portugalizar.com\/wp-content\/uploads\/2022\/06\/saint-john-2.jpeg?w=600&amp;ssl=1 600w, https:\/\/i0.wp.com\/portugalizar.com\/wp-content\/uploads\/2022\/06\/saint-john-2.jpeg?resize=300%2C300&amp;ssl=1 300w, https:\/\/i0.wp.com\/portugalizar.com\/wp-content\/uploads\/2022\/06\/saint-john-2.jpeg?resize=150%2C150&amp;ssl=1 150w, https:\/\/i0.wp.com\/portugalizar.com\/wp-content\/uploads\/2022\/06\/saint-john-2.jpeg?resize=12%2C12&amp;ssl=1 12w\" sizes=\"(max-width: 600px) 100vw, 600px\" \/><figcaption>S\u00e3o Jo\u00e3o<\/figcaption><\/figure>\n\n\n\n<figure class=\"wp-block-image size-large\"><img data-recalc-dims=\"1\" decoding=\"async\" width=\"316\" height=\"316\" data-id=\"1921\" src=\"https:\/\/i0.wp.com\/portugalizar.com\/wp-content\/uploads\/2022\/06\/saint_peter-scaled-e1656430709882.jpg?resize=316%2C316&#038;ssl=1\" alt=\"\" class=\"wp-image-1921\" srcset=\"https:\/\/i0.wp.com\/portugalizar.com\/wp-content\/uploads\/2022\/06\/saint_peter-scaled-e1656430709882.jpg?w=316&amp;ssl=1 316w, https:\/\/i0.wp.com\/portugalizar.com\/wp-content\/uploads\/2022\/06\/saint_peter-scaled-e1656430709882.jpg?resize=300%2C300&amp;ssl=1 300w, https:\/\/i0.wp.com\/portugalizar.com\/wp-content\/uploads\/2022\/06\/saint_peter-scaled-e1656430709882.jpg?resize=150%2C150&amp;ssl=1 150w, https:\/\/i0.wp.com\/portugalizar.com\/wp-content\/uploads\/2022\/06\/saint_peter-scaled-e1656430709882.jpg?resize=12%2C12&amp;ssl=1 12w\" sizes=\"(max-width: 316px) 100vw, 316px\" \/><figcaption>S\u00e3o Pedro<\/figcaption><\/figure>\n<figcaption class=\"blocks-gallery-caption\"><strong>Os Santos Populares<\/strong><\/figcaption><\/figure>\n\n\n\n<p><em>S\u00e3o Jo\u00e3o<\/em> \u00e4r mycket viktigt f\u00f6r Tavira. Han \u00e4r stadens skyddshelgon. Varf\u00f6r \u00e4r han s\u00e5 viktig? Det handlar om nya b\u00f6rjan, att b\u00f6rja om p\u00e5 nytt. Och om vatten, det vill s\u00e4ga havet, och om fiske.  B\u00e5de ny b\u00f6rjan och vatten \u00e4r f\u00f6rknippade med <em>S\u00e3o Jo\u00e3o<\/em>. H\u00e4r \u00e4r mitt f\u00f6rs\u00f6k att sammanf\u00f6ra dessa kopplingar.<\/p>\n\n\n\n<h2 class=\"wp-block-heading\">Mer \u00e4n bara om helgon<\/h2>\n\n\n\n<p>Tonfiskar, i synnerhet bl\u00e5fenad tonfisk, passerar Tavira, eller har gjort det tidigare, i b\u00f6rjan av juli. De \u00e5terv\u00e4nder till Medelhavets varma vatten f\u00f6r att \u00e4ta och bygga upp sin uth\u00e5llighet. Men i slut\u00e4ndan g\u00e5r de till Svarta havet f\u00f6r att f\u00f6r\u00f6ka sig. <\/p>\n\n\n\n<figure class=\"wp-block-gallery alignright has-nested-images columns-default is-cropped wp-block-gallery-2 is-layout-flex wp-block-gallery-is-layout-flex\">\n<figure class=\"wp-block-image size-large\"><img data-recalc-dims=\"1\" loading=\"lazy\" decoding=\"async\" width=\"709\" height=\"838\" data-id=\"1928\" src=\"https:\/\/i0.wp.com\/portugalizar.com\/wp-content\/uploads\/2022\/06\/Eleva-Tavira-1520.jpg?resize=709%2C838&#038;ssl=1\" alt=\"\" class=\"wp-image-1928\" srcset=\"https:\/\/i0.wp.com\/portugalizar.com\/wp-content\/uploads\/2022\/06\/Eleva-Tavira-1520.jpg?w=709&amp;ssl=1 709w, https:\/\/i0.wp.com\/portugalizar.com\/wp-content\/uploads\/2022\/06\/Eleva-Tavira-1520.jpg?resize=254%2C300&amp;ssl=1 254w, https:\/\/i0.wp.com\/portugalizar.com\/wp-content\/uploads\/2022\/06\/Eleva-Tavira-1520.jpg?resize=10%2C12&amp;ssl=1 10w\" sizes=\"(max-width: 709px) 100vw, 709px\" \/><\/figure>\n<figcaption class=\"blocks-gallery-caption\"><strong>Sidan i Letras do Dom Manuel I som godk\u00e4nner Taviras upph\u00f6jning till stad. (Taviras stadsmuseum)<\/strong><\/figcaption><\/figure>\n\n\n\n<p>Tonfiskfisket var Taviras ekonomiska k\u00e4rna i \u00e5rhundraden. Det gjorde n\u00e5gra f\u00e5 rika. Men det h\u00f6ll alla magen <em>Tavirenses<\/em> fullt. Fr\u00e5n den \u00e4ldre mannen och ner till ton\u00e5ringarna arbetade alla p\u00e5 samma s\u00e4tt. <em>arma\u00e7\u00e3o<\/em>. Hundratals m\u00e4n i taget bemannade varje <em>arma\u00e7\u00e3o<\/em>. Det fanns hundratals <em>arma\u00e7\u00e3o<\/em>.<\/p>\n\n\n\n<p>Dessutom arbetade tusentals andra i <em>fabricas<\/em>. Dessa konserveringsanl\u00e4ggningar f\u00f6r tonfisk fanns i hela Tavira och Algarve. Tonfisk fr\u00e5n Portugal hamnade p\u00e5 bord runt om i v\u00e4rlden. De f\u00e5 m\u00e5nader som tonfisken simmade f\u00f6rbi Tavira var kritiska. S\u00e4rskilt f\u00f6r arbetarna p\u00e5 <em>arma\u00e7\u00e3o<\/em> och i den <em>fabricas<\/em>.<\/p>\n\n\n\n<p>Veckorna i juni innebar h\u00e5rt arbete f\u00f6r att f\u00f6rbereda tonfiskens \u00e5terkomst. F\u00f6rberedelserna avslutades i slutet av juni, vilket sammanf\u00f6ll med h\u00f6gtiden f\u00f6r <em>S\u00e3o Jo\u00e3o<\/em>. Den 24:e var slutet p\u00e5 f\u00f6rberedelserna f\u00f6r de stora f\u00e5ngsterna som skulle komma. Det var sk\u00e4l nog att fira fram till den <em>arma\u00e7\u00e3o<\/em> vinkade. De lyckliga dagarna var h\u00e4r igen! <\/p>\n\n\n\n<p>En annan anledning till det stora junifirandet \u00e4r Tavira sj\u00e4lvt. \u00c5r 1520 upph\u00f6jdes Tavira till stad av Dom Manuel I. Det var och \u00e4r en riktigt stor sak. Det beror p\u00e5 att en stad \u00e5tnj\u00f6t s\u00e4rskilda juridiska r\u00e4ttigheter. Det innebar sj\u00e4lvstyre och ett visst m\u00e5tt av autonomi. Att vara en stad var allts\u00e5 en s\u00e4rskild \u00e4ra. Efter 1520 sm\u00e4lte dessa tv\u00e5 stora h\u00e4ndelser - stadsstatus och tonfiskens \u00e5terkomst - samman med <em>S\u00e3o Jo\u00e3o<\/em>.<\/p>\n\n\n\n<h2 class=\"wp-block-heading\">Vackra dekorationer h\u00e4lsade de glada folkmassorna<\/h2>\n\n\n\n<p>Tavira kl\u00e4r ut sig helt och h\u00e5llet f\u00f6r firandet. Det \u00e4r verkligen vackert. Varje \u00e5r finns det ett annat tema. I \u00e5r tycktes det fokusera p\u00e5 <a href=\"https:\/\/portugalizar.com\/sv\/world-of-magic-and-mystery\/\" target=\"_blank\" rel=\"noreferrer noopener\">kyrkorna i Tavira<\/a>. Vi behandlade detta \u00e4mne i ett inl\u00e4gg f\u00f6r en tid sedan. <em>Igreja de Santa Luzia<\/em>V\u00e5r bys f\u00f6rsamlingskyrka ligger h\u00f6gst upp i fotot till h\u00f6ger nedan.<\/p>\n\n\n\n<figure class=\"wp-block-gallery has-nested-images columns-default is-cropped wp-block-gallery-3 is-layout-flex wp-block-gallery-is-layout-flex\">\n<figure class=\"wp-block-image size-large\"><img data-recalc-dims=\"1\" loading=\"lazy\" decoding=\"async\" width=\"950\" height=\"1267\" data-id=\"2028\" src=\"https:\/\/i0.wp.com\/portugalizar.com\/wp-content\/uploads\/2022\/07\/as-decoracoes-na-rua-1-scaled.jpg?resize=950%2C1267&#038;ssl=1\" alt=\"\" class=\"wp-image-2028\" srcset=\"https:\/\/i0.wp.com\/portugalizar.com\/wp-content\/uploads\/2022\/07\/as-decoracoes-na-rua-1-scaled.jpg?w=1920&amp;ssl=1 1920w, https:\/\/i0.wp.com\/portugalizar.com\/wp-content\/uploads\/2022\/07\/as-decoracoes-na-rua-1-scaled.jpg?resize=225%2C300&amp;ssl=1 225w, https:\/\/i0.wp.com\/portugalizar.com\/wp-content\/uploads\/2022\/07\/as-decoracoes-na-rua-1-scaled.jpg?resize=768%2C1024&amp;ssl=1 768w, https:\/\/i0.wp.com\/portugalizar.com\/wp-content\/uploads\/2022\/07\/as-decoracoes-na-rua-1-scaled.jpg?resize=1152%2C1536&amp;ssl=1 1152w\" sizes=\"(max-width: 950px) 100vw, 950px\" \/><\/figure>\n\n\n\n<figure class=\"wp-block-image size-large\"><img data-recalc-dims=\"1\" loading=\"lazy\" decoding=\"async\" width=\"950\" height=\"1267\" data-id=\"2030\" src=\"https:\/\/i0.wp.com\/portugalizar.com\/wp-content\/uploads\/2022\/07\/igreja-santa-santa-luzia-na-rua-2a-scaled.jpg?resize=950%2C1267&#038;ssl=1\" alt=\"\" class=\"wp-image-2030\" srcset=\"https:\/\/i0.wp.com\/portugalizar.com\/wp-content\/uploads\/2022\/07\/igreja-santa-santa-luzia-na-rua-2a-scaled.jpg?w=1920&amp;ssl=1 1920w, https:\/\/i0.wp.com\/portugalizar.com\/wp-content\/uploads\/2022\/07\/igreja-santa-santa-luzia-na-rua-2a-scaled.jpg?resize=225%2C300&amp;ssl=1 225w, https:\/\/i0.wp.com\/portugalizar.com\/wp-content\/uploads\/2022\/07\/igreja-santa-santa-luzia-na-rua-2a-scaled.jpg?resize=768%2C1024&amp;ssl=1 768w, https:\/\/i0.wp.com\/portugalizar.com\/wp-content\/uploads\/2022\/07\/igreja-santa-santa-luzia-na-rua-2a-scaled.jpg?resize=1152%2C1536&amp;ssl=1 1152w\" sizes=\"(max-width: 950px) 100vw, 950px\" \/><\/figure>\n<figcaption class=\"blocks-gallery-caption\"><strong>Dekorationerna l\u00e4ngs huvudgatan i Tavira<\/strong>. <strong>De gjorde allt.<\/strong><\/figcaption><\/figure>\n\n\n\n<p>Naturligtvis <em>S\u00e3o Jo\u00e3o<\/em> dyker upp. Han \u00e4r ordf\u00f6rande vid ing\u00e5ngen till <em>Jardim do Coreto<\/em> d\u00e4r alla festligheter kommer att \u00e4ga rum. Du passerar genom den festliga entr\u00e9n. D\u00e4r finns <em>S\u00e3o Jo\u00e3o<\/em> vinkar och h\u00e4lsar p\u00e5 dig. N\u00e4r jag v\u00e4nde mig om f\u00f6rv\u00e4ntade jag mig dock att se samma bild p\u00e5 andra sidan. Men nej, det var S\u00e3o Jo\u00e3os baksida. Han tycktes ocks\u00e5 skaka p\u00e5 sin bakdel.<\/p>\n\n\n\n<figure class=\"wp-block-gallery has-nested-images columns-default is-cropped wp-block-gallery-4 is-layout-flex wp-block-gallery-is-layout-flex\">\n<figure class=\"wp-block-image size-large\"><img data-recalc-dims=\"1\" loading=\"lazy\" decoding=\"async\" width=\"950\" height=\"1325\" data-id=\"2032\" src=\"https:\/\/i0.wp.com\/portugalizar.com\/wp-content\/uploads\/2022\/07\/saint-john-front-scaled.jpg?resize=950%2C1325&#038;ssl=1\" alt=\"\" class=\"wp-image-2032\" srcset=\"https:\/\/i0.wp.com\/portugalizar.com\/wp-content\/uploads\/2022\/07\/saint-john-front-scaled.jpg?w=1836&amp;ssl=1 1836w, https:\/\/i0.wp.com\/portugalizar.com\/wp-content\/uploads\/2022\/07\/saint-john-front-scaled.jpg?resize=215%2C300&amp;ssl=1 215w, https:\/\/i0.wp.com\/portugalizar.com\/wp-content\/uploads\/2022\/07\/saint-john-front-scaled.jpg?resize=734%2C1024&amp;ssl=1 734w, https:\/\/i0.wp.com\/portugalizar.com\/wp-content\/uploads\/2022\/07\/saint-john-front-scaled.jpg?resize=768%2C1071&amp;ssl=1 768w, https:\/\/i0.wp.com\/portugalizar.com\/wp-content\/uploads\/2022\/07\/saint-john-front-scaled.jpg?resize=1101%2C1536&amp;ssl=1 1101w, https:\/\/i0.wp.com\/portugalizar.com\/wp-content\/uploads\/2022\/07\/saint-john-front-scaled.jpg?resize=1469%2C2048&amp;ssl=1 1469w, https:\/\/i0.wp.com\/portugalizar.com\/wp-content\/uploads\/2022\/07\/saint-john-front-scaled.jpg?resize=9%2C12&amp;ssl=1 9w\" sizes=\"(max-width: 950px) 100vw, 950px\" \/><\/figure>\n\n\n\n<figure class=\"wp-block-image size-large\"><img data-recalc-dims=\"1\" loading=\"lazy\" decoding=\"async\" width=\"950\" height=\"1267\" data-id=\"2031\" src=\"https:\/\/i0.wp.com\/portugalizar.com\/wp-content\/uploads\/2022\/07\/saint-john-back-scaled.jpg?resize=950%2C1267&#038;ssl=1\" alt=\"\" class=\"wp-image-2031\" srcset=\"https:\/\/i0.wp.com\/portugalizar.com\/wp-content\/uploads\/2022\/07\/saint-john-back-scaled.jpg?w=1920&amp;ssl=1 1920w, https:\/\/i0.wp.com\/portugalizar.com\/wp-content\/uploads\/2022\/07\/saint-john-back-scaled.jpg?resize=225%2C300&amp;ssl=1 225w, https:\/\/i0.wp.com\/portugalizar.com\/wp-content\/uploads\/2022\/07\/saint-john-back-scaled.jpg?resize=768%2C1024&amp;ssl=1 768w, https:\/\/i0.wp.com\/portugalizar.com\/wp-content\/uploads\/2022\/07\/saint-john-back-scaled.jpg?resize=1152%2C1536&amp;ssl=1 1152w\" sizes=\"(max-width: 950px) 100vw, 950px\" \/><\/figure>\n<figcaption class=\"blocks-gallery-caption\"><strong>S\u00e3o Jo\u00e3o, kommer och g\u00e5r, i Jardim do Coreto<\/strong>.<\/figcaption><\/figure>\n\n\n\n<h2 class=\"wp-block-heading\">Glada folkmassor str\u00f6mmade ut p\u00e5 gatorna<\/h2>\n\n\n\n<p>Festligheterna p\u00e5g\u00e5r varje \u00e5r fr\u00e5n kv\u00e4llen den 23 till kv\u00e4llen den 28. Runt 19.00 varje kv\u00e4ll b\u00f6rjar banden spela. Folkmassorna samlas tidigt. Det finns en gnutta av f\u00f6rv\u00e4ntan i luften. Man kan n\u00e4stan k\u00e4nna och h\u00f6ra sp\u00e4nningen. Alla verkar redo att festa, sl\u00e4ppa loss och bara vara lyckliga.<\/p>\n\n\n\n<p>Och det var s\u00e4kert mycket pampigt, det vill s\u00e4ga bra musik och mycket dans. Allt b\u00f6rjade med <em>O Trio Vers\u00e1til<\/em>, de tre killarna p\u00e5 bilden nedan. Alla var angel\u00e4gna om att ha roligt och sl\u00e4ppa loss. Och <em>o Trio<\/em> gjorde inte publiken besviken.<\/p>\n\n\n\n<figure class=\"wp-block-image size-large\"><img data-recalc-dims=\"1\" loading=\"lazy\" decoding=\"async\" width=\"950\" height=\"533\" src=\"https:\/\/i0.wp.com\/portugalizar.com\/wp-content\/uploads\/2022\/07\/O-Trio-Versatil-Jardim-do-Coreto-23-de-Junho.jpg?resize=950%2C533&#038;ssl=1\" alt=\"\" class=\"wp-image-2033\" srcset=\"https:\/\/i0.wp.com\/portugalizar.com\/wp-content\/uploads\/2022\/07\/O-Trio-Versatil-Jardim-do-Coreto-23-de-Junho.jpg?resize=1024%2C574&amp;ssl=1 1024w, https:\/\/i0.wp.com\/portugalizar.com\/wp-content\/uploads\/2022\/07\/O-Trio-Versatil-Jardim-do-Coreto-23-de-Junho.jpg?resize=300%2C168&amp;ssl=1 300w, https:\/\/i0.wp.com\/portugalizar.com\/wp-content\/uploads\/2022\/07\/O-Trio-Versatil-Jardim-do-Coreto-23-de-Junho.jpg?resize=768%2C431&amp;ssl=1 768w, https:\/\/i0.wp.com\/portugalizar.com\/wp-content\/uploads\/2022\/07\/O-Trio-Versatil-Jardim-do-Coreto-23-de-Junho.jpg?resize=1536%2C862&amp;ssl=1 1536w, https:\/\/i0.wp.com\/portugalizar.com\/wp-content\/uploads\/2022\/07\/O-Trio-Versatil-Jardim-do-Coreto-23-de-Junho.jpg?resize=18%2C10&amp;ssl=1 18w, https:\/\/i0.wp.com\/portugalizar.com\/wp-content\/uploads\/2022\/07\/O-Trio-Versatil-Jardim-do-Coreto-23-de-Junho.jpg?w=1920&amp;ssl=1 1920w\" sizes=\"(max-width: 950px) 100vw, 950px\" \/><figcaption><strong>O Trio Vers\u00e1til, Jardim do Coreto, 23 de Junho 2022<\/strong><\/figcaption><\/figure>\n\n\n\n<p>Jag har lagt upp korta videor f\u00f6r dig p\u00e5 YouTube. Men bara om du \u00e4r intresserad. Det \u00e4r det enda s\u00e4ttet f\u00f6r mig att f\u00e5 med er i festligheterna. Den f\u00f6rsta videon inneh\u00e5ller <em>O Trio Vers\u00e1til<\/em>. Som en av de f\u00f6rsta var de tvungna att s\u00e4tta ribban h\u00f6gt. Och ja, de arbetade h\u00e5rt f\u00f6r att underh\u00e5lla publiken som samlades i <em>Jardim do Coreto<\/em> p\u00e5 kv\u00e4llen den 23 juni. <\/p>\n\n\n\n<p>Det jag tyckte var riktigt roligt och underh\u00e5llande var dock publiken. Unga och gamla, portugiser och utl\u00e4nningar, alla. De bara nj\u00f6t av livet. De dansade hela natten.<\/p>\n\n\n\n<p>S\u00e5 klicka p\u00e5 den lilla bl\u00e5 knappen h\u00e4r <a href=\"https:\/\/youtu.be\/G00USVENdaE\" target=\"_blank\" rel=\"noreferrer noopener\">\u25b6\ufe0f<\/a> f\u00f6r att se den f\u00f6rsta videon. Men bara om du \u00e4r intresserad. Och \u00e4ven om du tror att du kanske inte \u00e4r intresserad. Forts\u00e4tt. Klicka p\u00e5 den lilla bl\u00e5 knappen. Vem vet, du kanske hittar n\u00e5got intressant. Det \u00e4r en liten bit av h\u00e4lsosam voyeurism. Dessutom \u00e4r det bra att se folk vara lyckliga och njuta av enkla n\u00f6jen. Det kanske g\u00f6r dig ocks\u00e5 lycklig. Men g\u00e5 inte vilse p\u00e5 YouTube. Se till att komma tillbaka och avsluta det h\u00e4r inl\u00e4gget!<\/p>\n\n\n\n<h2 class=\"wp-block-heading\">Kv\u00e4llens stora dragning<\/h2>\n\n\n\n<p>Senare, vid midnatt, kom ett fantastiskt fyrverkeri. Men n\u00e5gra personer ber\u00e4ttade att fyrverkerierna var en liten besvikelse i \u00e5r. \"De hade varit mycket b\u00e4ttre tidigare.\" Jag tyckte att det s\u00e5g fantastiskt ut. S\u00e4rskilt det klimatiska slutet med ett vattenfall av ljus som faller ner fr\u00e5n bron i Rio Gil\u00e3o. L\u00e5t mig veta vad du tycker!<\/p>\n\n\n\n<figure class=\"wp-block-image alignwide size-large\"><img data-recalc-dims=\"1\" loading=\"lazy\" decoding=\"async\" width=\"683\" height=\"1024\" src=\"https:\/\/i0.wp.com\/portugalizar.com\/wp-content\/uploads\/2022\/07\/fogo-de-artifico.jpg?resize=683%2C1024&#038;ssl=1\" alt=\"\" class=\"wp-image-2043\" srcset=\"https:\/\/i0.wp.com\/portugalizar.com\/wp-content\/uploads\/2022\/07\/fogo-de-artifico.jpg?resize=683%2C1024&amp;ssl=1 683w, https:\/\/i0.wp.com\/portugalizar.com\/wp-content\/uploads\/2022\/07\/fogo-de-artifico.jpg?resize=200%2C300&amp;ssl=1 200w, https:\/\/i0.wp.com\/portugalizar.com\/wp-content\/uploads\/2022\/07\/fogo-de-artifico.jpg?resize=768%2C1152&amp;ssl=1 768w, https:\/\/i0.wp.com\/portugalizar.com\/wp-content\/uploads\/2022\/07\/fogo-de-artifico.jpg?resize=1024%2C1536&amp;ssl=1 1024w, https:\/\/i0.wp.com\/portugalizar.com\/wp-content\/uploads\/2022\/07\/fogo-de-artifico.jpg?resize=8%2C12&amp;ssl=1 8w, https:\/\/i0.wp.com\/portugalizar.com\/wp-content\/uploads\/2022\/07\/fogo-de-artifico.jpg?w=1280&amp;ssl=1 1280w\" sizes=\"(max-width: 683px) 100vw, 683px\" \/><figcaption><strong>Os Fogos de Artif\u00edcio, midnatt den 23 de Junho 2022. (h\u00e4mtat fr\u00e5n Taviras webbplats)<\/strong><\/figcaption><\/figure>\n\n\n\n<p>Du har allts\u00e5 fotografiet ovan. Vackert, eller hur? Men vad s\u00e4gs om en annan video ocks\u00e5? Japp, du har den. \u00c4nnu en liten bl\u00e5 knapp att klicka p\u00e5! Tryck p\u00e5 den h\u00e4r <a href=\"https:\/\/youtu.be\/cbopqlR1Ms0\" target=\"_blank\" rel=\"noreferrer noopener\">\u25b6\ufe0f<\/a>! Men som jag sa tidigare, se till att komma tillbaka f\u00f6r att avsluta inl\u00e4gget.<\/p>\n\n\n\n<p>N\u00e4sta kv\u00e4ll, den 24 juni, var det en annan stor dragpl\u00e5ster. En av Portugals stora samtida <em>fadistas<\/em>, Gisela Jo\u00e3o, gav en fantastisk konsert p\u00e5 stadens centrala torg, <em>Pra\u00e7a de Liberdade<\/em>. Vi pratade lite om <em>Fado<\/em> i en <a href=\"https:\/\/portugalizar.com\/sv\/weird-and-wild\/\" target=\"_blank\" rel=\"noreferrer noopener\">tidigare inl\u00e4gg<\/a>. <em>En Senhora<\/em> Gisela \u00e4r inte gammaldags <em>fadista<\/em>. Hennes kl\u00e4nning avsl\u00f6jar det, eller hur? Jag \u00e4lskar kl\u00e4nningen! Fantastisk! Och <em>Fado<\/em>, som konstform, utvecklas st\u00e4ndigt. Den \u00e4r inte statisk. Men den \u00e4r i h\u00f6gsta grad levande och v\u00e4lm\u00e5ende.<\/p>\n\n\n\n<figure class=\"wp-block-image size-large\"><img data-recalc-dims=\"1\" loading=\"lazy\" decoding=\"async\" width=\"950\" height=\"663\" src=\"https:\/\/i0.wp.com\/portugalizar.com\/wp-content\/uploads\/2022\/07\/Gisela-Joa%CC%83o-Prac%CC%A7a-de-Libertada-24-de-Junho-2023.jpg?resize=950%2C663&#038;ssl=1\" alt=\"\" class=\"wp-image-2049\" srcset=\"https:\/\/i0.wp.com\/portugalizar.com\/wp-content\/uploads\/2022\/07\/Gisela-Joa%CC%83o-Prac%CC%A7a-de-Libertada-24-de-Junho-2023.jpg?resize=1024%2C715&amp;ssl=1 1024w, https:\/\/i0.wp.com\/portugalizar.com\/wp-content\/uploads\/2022\/07\/Gisela-Joa%CC%83o-Prac%CC%A7a-de-Libertada-24-de-Junho-2023.jpg?resize=300%2C210&amp;ssl=1 300w, https:\/\/i0.wp.com\/portugalizar.com\/wp-content\/uploads\/2022\/07\/Gisela-Joa%CC%83o-Prac%CC%A7a-de-Libertada-24-de-Junho-2023.jpg?resize=768%2C536&amp;ssl=1 768w, https:\/\/i0.wp.com\/portugalizar.com\/wp-content\/uploads\/2022\/07\/Gisela-Joa%CC%83o-Prac%CC%A7a-de-Libertada-24-de-Junho-2023.jpg?resize=1536%2C1073&amp;ssl=1 1536w, https:\/\/i0.wp.com\/portugalizar.com\/wp-content\/uploads\/2022\/07\/Gisela-Joa%CC%83o-Prac%CC%A7a-de-Libertada-24-de-Junho-2023.jpg?resize=2048%2C1431&amp;ssl=1 2048w, https:\/\/i0.wp.com\/portugalizar.com\/wp-content\/uploads\/2022\/07\/Gisela-Joa%CC%83o-Prac%CC%A7a-de-Libertada-24-de-Junho-2023.jpg?resize=18%2C12&amp;ssl=1 18w, https:\/\/i0.wp.com\/portugalizar.com\/wp-content\/uploads\/2022\/07\/Gisela-Joa%CC%83o-Prac%CC%A7a-de-Libertada-24-de-Junho-2023.jpg?resize=2000%2C1397&amp;ssl=1 2000w, https:\/\/i0.wp.com\/portugalizar.com\/wp-content\/uploads\/2022\/07\/Gisela-Joa%CC%83o-Prac%CC%A7a-de-Libertada-24-de-Junho-2023.jpg?w=1900&amp;ssl=1 1900w\" sizes=\"(max-width: 950px) 100vw, 950px\" \/><figcaption><strong>A Gisela Jo\u00e3o, Pra\u00e7a de Liberdade, 24 de Junho 2022<\/strong><\/figcaption><\/figure>\n\n\n\n<p>Lyssna p\u00e5 den. Ja, f\u00f6rl\u00e5t, det inneb\u00e4r ytterligare en bl\u00e5 knapp. \u00c5terigen \u00e4r den v\u00e4l v\u00e4rd att klicka p\u00e5 f\u00f6r ett kort urval av <em>en Senhora Gisela<\/em>. S\u00e5 klicka h\u00e4r <a href=\"https:\/\/youtu.be\/LZgGGwdaYt8\" target=\"_blank\" rel=\"noreferrer noopener\">\u25b6\ufe0f<\/a>. Och kom g\u00e4rna tillbaka. Jag kommer att sakna dig om du inte g\u00f6r det!<\/p>\n\n\n\n<h2 class=\"wp-block-heading\">Och det finns \u00e4nnu mer<\/h2>\n\n\n\n<p>Konsert med <em>en Senhora Gisela<\/em> var att titta p\u00e5. Visst dansade och gungade folk. Men det var banden bredvid som hade ansvaret f\u00f6r dansen, i <em>Jardim do Coreto<\/em>. Cristiano Martins spelade den 24 juni. Han fick publiken att dansa med l\u00e4tthet och skicklighet. Jag tror att de var redo f\u00f6r \u00e4nnu en glad och bekymmersfri kv\u00e4ll i alla fall.<\/p>\n\n\n\n<figure class=\"wp-block-image size-large\"><img data-recalc-dims=\"1\" loading=\"lazy\" decoding=\"async\" width=\"950\" height=\"528\" src=\"https:\/\/i0.wp.com\/portugalizar.com\/wp-content\/uploads\/2022\/07\/Cristiano-Martins-%E2%80%94-24-de-Junho-2022.jpg?resize=950%2C528&#038;ssl=1\" alt=\"\" class=\"wp-image-2051\" srcset=\"https:\/\/i0.wp.com\/portugalizar.com\/wp-content\/uploads\/2022\/07\/Cristiano-Martins-%E2%80%94-24-de-Junho-2022.jpg?resize=1024%2C569&amp;ssl=1 1024w, https:\/\/i0.wp.com\/portugalizar.com\/wp-content\/uploads\/2022\/07\/Cristiano-Martins-%E2%80%94-24-de-Junho-2022.jpg?resize=300%2C167&amp;ssl=1 300w, https:\/\/i0.wp.com\/portugalizar.com\/wp-content\/uploads\/2022\/07\/Cristiano-Martins-%E2%80%94-24-de-Junho-2022.jpg?resize=768%2C427&amp;ssl=1 768w, https:\/\/i0.wp.com\/portugalizar.com\/wp-content\/uploads\/2022\/07\/Cristiano-Martins-%E2%80%94-24-de-Junho-2022.jpg?resize=1536%2C854&amp;ssl=1 1536w, https:\/\/i0.wp.com\/portugalizar.com\/wp-content\/uploads\/2022\/07\/Cristiano-Martins-%E2%80%94-24-de-Junho-2022.jpg?resize=2048%2C1139&amp;ssl=1 2048w, https:\/\/i0.wp.com\/portugalizar.com\/wp-content\/uploads\/2022\/07\/Cristiano-Martins-%E2%80%94-24-de-Junho-2022.jpg?resize=18%2C10&amp;ssl=1 18w, https:\/\/i0.wp.com\/portugalizar.com\/wp-content\/uploads\/2022\/07\/Cristiano-Martins-%E2%80%94-24-de-Junho-2022.jpg?resize=2000%2C1112&amp;ssl=1 2000w, https:\/\/i0.wp.com\/portugalizar.com\/wp-content\/uploads\/2022\/07\/Cristiano-Martins-%E2%80%94-24-de-Junho-2022.jpg?w=1900&amp;ssl=1 1900w\" sizes=\"(max-width: 950px) 100vw, 950px\" \/><figcaption><strong>Cristiano Martins, Jardim do Coreto, 24 de Junho 2022<\/strong><\/figcaption><\/figure>\n\n\n\n<p>\u00c5terigen var musiken enkel. Ett bra beat, repetitivt och mycket dansbart. Och alla hade en bra tid. Det \u00e4r publiken som njuter av sig sj\u00e4lv som \u00e4r det roligaste f\u00f6r mig att se. S\u00e5 vars\u00e5god och lyssna. Oops! Urs\u00e4kta, \u00e4nnu en bl\u00e5 knapp att klicka p\u00e5. Men g\u00f6r det bara, g\u00f6r det bara. Ni har f\u00e5tt s\u00e5 mycket tr\u00e4ning. Klicka h\u00e4r <a href=\"https:\/\/youtu.be\/Fwo7X17ZxK0\" target=\"_blank\" rel=\"noreferrer noopener\">\u25b6\ufe0f<\/a>. Den h\u00e4r g\u00e5ngen beh\u00f6ver du inte komma tillbaka. Vi \u00e4r klara f\u00f6r den h\u00e4r veckan.<\/p>\n\n\n\n<p>At\u00e9 \u00e0 pr\u00f3xima quinta! \/\/ Vi ses n\u00e4sta torsdag! Och f\u00f6rresten, du kom undan l\u00e4tt denna vecka. Inget av mitt filosoferande, teoretiserande och liknande. R\u00e4kna inte med det n\u00e4sta vecka. \ud83d\ude07<\/p>","protected":false},"excerpt":{"rendered":"<p>Efter n\u00e4stan tre \u00e5r av l\u00e5sningar. Efter m\u00e5nga inst\u00e4llda helgdagar och uppskjutna fester. Tavira vaknade till liv igen med sina dubbla firanden av stadens dag och S\u00e3o Jo\u00e3o-festen. Ett storslaget, veckol\u00e5ngt firande som leder in i sommarens alla festligheter. L\u00e4s mer... <\/p>","protected":false},"author":1,"featured_media":1906,"comment_status":"open","ping_status":"closed","sticky":false,"template":"","format":"standard","meta":{"nf_dc_page":"","om_disable_all_campaigns":false,"_monsterinsights_skip_tracking":false,"_monsterinsights_sitenote_active":false,"_monsterinsights_sitenote_note":"","_monsterinsights_sitenote_category":0,"_themeisle_gutenberg_block_has_review":false,"_jetpack_memberships_contains_paid_content":false,"footnotes":""},"categories":[8,9,10],"tags":[],"class_list":["post-1902","post","type-post","status-publish","format-standard","has-post-thumbnail","hentry","category-culture-customs","category-history","category-place"],"yoast_head":"<!-- This site is optimized with the Yoast SEO plugin v27.4 - https:\/\/yoast.com\/product\/yoast-seo-wordpress\/ -->\n<title>HAPPY DAYS ARE HERE AGAIN! A SPECIAL EDITION - PORTUGALIZAR<\/title>\n<meta name=\"description\" content=\"Tavira kicks off summer in grand style. Covid of course kiboshed all festivities for two years. But now happy days are here again.\" \/>\n<meta name=\"robots\" content=\"index, follow, max-snippet:-1, max-image-preview:large, max-video-preview:-1\" \/>\n<link rel=\"canonical\" href=\"https:\/\/portugalizar.com\/sv\/happy-days-are-here-again\/\" \/>\n<meta property=\"og:locale\" content=\"sv_SE\" \/>\n<meta property=\"og:type\" content=\"article\" \/>\n<meta property=\"og:title\" content=\"HAPPY DAYS ARE HERE AGAIN! A SPECIAL EDITION - PORTUGALIZAR\" \/>\n<meta property=\"og:description\" content=\"Tavira kicks off summer in grand style. Covid of course kiboshed all festivities for two years. But now happy days are here again.\" \/>\n<meta property=\"og:url\" content=\"https:\/\/portugalizar.com\/sv\/happy-days-are-here-again\/\" \/>\n<meta property=\"og:site_name\" content=\"PORTUGALIZAR\" \/>\n<meta property=\"article:published_time\" content=\"2022-07-14T04:00:00+00:00\" \/>\n<meta property=\"article:modified_time\" content=\"2022-07-14T16:53:03+00:00\" \/>\n<meta property=\"og:image\" content=\"https:\/\/portugalizar.com\/wp-content\/uploads\/2022\/06\/Document.jpeg\" \/>\n\t<meta property=\"og:image:width\" content=\"1300\" \/>\n\t<meta property=\"og:image:height\" content=\"309\" \/>\n\t<meta property=\"og:image:type\" content=\"image\/jpeg\" \/>\n<meta name=\"author\" content=\"Gui\" \/>\n<meta name=\"twitter:card\" content=\"summary_large_image\" \/>\n<meta name=\"twitter:label1\" content=\"Skriven av\" \/>\n\t<meta name=\"twitter:data1\" content=\"Gui\" \/>\n\t<meta name=\"twitter:label2\" content=\"Ber\u00e4knad l\u00e4stid\" \/>\n\t<meta name=\"twitter:data2\" content=\"10 minuter\" \/>\n<script type=\"application\/ld+json\" class=\"yoast-schema-graph\">{\"@context\":\"https:\\\/\\\/schema.org\",\"@graph\":[{\"@type\":\"Article\",\"@id\":\"https:\\\/\\\/portugalizar.com\\\/happy-days-are-here-again\\\/#article\",\"isPartOf\":{\"@id\":\"https:\\\/\\\/portugalizar.com\\\/happy-days-are-here-again\\\/\"},\"author\":{\"name\":\"Gui\",\"@id\":\"https:\\\/\\\/portugalizar.com\\\/#\\\/schema\\\/person\\\/1f60af48f39895b897e26d9d92ecf6db\"},\"headline\":\"HAPPY DAYS ARE HERE AGAIN! A SPECIAL EDITION\",\"datePublished\":\"2022-07-14T04:00:00+00:00\",\"dateModified\":\"2022-07-14T16:53:03+00:00\",\"mainEntityOfPage\":{\"@id\":\"https:\\\/\\\/portugalizar.com\\\/happy-days-are-here-again\\\/\"},\"wordCount\":1660,\"commentCount\":6,\"publisher\":{\"@id\":\"https:\\\/\\\/portugalizar.com\\\/#organization\"},\"image\":{\"@id\":\"https:\\\/\\\/portugalizar.com\\\/happy-days-are-here-again\\\/#primaryimage\"},\"thumbnailUrl\":\"https:\\\/\\\/i0.wp.com\\\/portugalizar.com\\\/wp-content\\\/uploads\\\/2022\\\/06\\\/Document.jpeg?fit=1300%2C309&ssl=1\",\"articleSection\":[\"Culture &amp; Customs\",\"History\",\"Place\"],\"inLanguage\":\"sv-SE\",\"potentialAction\":[{\"@type\":\"CommentAction\",\"name\":\"Comment\",\"target\":[\"https:\\\/\\\/portugalizar.com\\\/happy-days-are-here-again\\\/#respond\"]}]},{\"@type\":\"WebPage\",\"@id\":\"https:\\\/\\\/portugalizar.com\\\/happy-days-are-here-again\\\/\",\"url\":\"https:\\\/\\\/portugalizar.com\\\/happy-days-are-here-again\\\/\",\"name\":\"HAPPY DAYS ARE HERE AGAIN! A SPECIAL EDITION - PORTUGALIZAR\",\"isPartOf\":{\"@id\":\"https:\\\/\\\/portugalizar.com\\\/#website\"},\"primaryImageOfPage\":{\"@id\":\"https:\\\/\\\/portugalizar.com\\\/happy-days-are-here-again\\\/#primaryimage\"},\"image\":{\"@id\":\"https:\\\/\\\/portugalizar.com\\\/happy-days-are-here-again\\\/#primaryimage\"},\"thumbnailUrl\":\"https:\\\/\\\/i0.wp.com\\\/portugalizar.com\\\/wp-content\\\/uploads\\\/2022\\\/06\\\/Document.jpeg?fit=1300%2C309&ssl=1\",\"datePublished\":\"2022-07-14T04:00:00+00:00\",\"dateModified\":\"2022-07-14T16:53:03+00:00\",\"description\":\"Tavira kicks off summer in grand style. Covid of course kiboshed all festivities for two years. But now happy days are here again.\",\"breadcrumb\":{\"@id\":\"https:\\\/\\\/portugalizar.com\\\/happy-days-are-here-again\\\/#breadcrumb\"},\"inLanguage\":\"sv-SE\",\"potentialAction\":[{\"@type\":\"ReadAction\",\"target\":[\"https:\\\/\\\/portugalizar.com\\\/happy-days-are-here-again\\\/\"]}]},{\"@type\":\"ImageObject\",\"inLanguage\":\"sv-SE\",\"@id\":\"https:\\\/\\\/portugalizar.com\\\/happy-days-are-here-again\\\/#primaryimage\",\"url\":\"https:\\\/\\\/i0.wp.com\\\/portugalizar.com\\\/wp-content\\\/uploads\\\/2022\\\/06\\\/Document.jpeg?fit=1300%2C309&ssl=1\",\"contentUrl\":\"https:\\\/\\\/i0.wp.com\\\/portugalizar.com\\\/wp-content\\\/uploads\\\/2022\\\/06\\\/Document.jpeg?fit=1300%2C309&ssl=1\",\"width\":1300,\"height\":309},{\"@type\":\"BreadcrumbList\",\"@id\":\"https:\\\/\\\/portugalizar.com\\\/happy-days-are-here-again\\\/#breadcrumb\",\"itemListElement\":[{\"@type\":\"ListItem\",\"position\":1,\"name\":\"Home\",\"item\":\"https:\\\/\\\/portugalizar.com\\\/\"},{\"@type\":\"ListItem\",\"position\":2,\"name\":\"HAPPY DAYS ARE HERE AGAIN! A SPECIAL EDITION\"}]},{\"@type\":\"WebSite\",\"@id\":\"https:\\\/\\\/portugalizar.com\\\/#website\",\"url\":\"https:\\\/\\\/portugalizar.com\\\/\",\"name\":\"PORTUGALIZAR\",\"description\":\"\",\"publisher\":{\"@id\":\"https:\\\/\\\/portugalizar.com\\\/#organization\"},\"potentialAction\":[{\"@type\":\"SearchAction\",\"target\":{\"@type\":\"EntryPoint\",\"urlTemplate\":\"https:\\\/\\\/portugalizar.com\\\/?s={search_term_string}\"},\"query-input\":{\"@type\":\"PropertyValueSpecification\",\"valueRequired\":true,\"valueName\":\"search_term_string\"}}],\"inLanguage\":\"sv-SE\"},{\"@type\":\"Organization\",\"@id\":\"https:\\\/\\\/portugalizar.com\\\/#organization\",\"name\":\"PORTUGALIZAR\",\"url\":\"https:\\\/\\\/portugalizar.com\\\/\",\"logo\":{\"@type\":\"ImageObject\",\"inLanguage\":\"sv-SE\",\"@id\":\"https:\\\/\\\/portugalizar.com\\\/#\\\/schema\\\/logo\\\/image\\\/\",\"url\":\"\",\"contentUrl\":\"\",\"caption\":\"PORTUGALIZAR\"},\"image\":{\"@id\":\"https:\\\/\\\/portugalizar.com\\\/#\\\/schema\\\/logo\\\/image\\\/\"}},{\"@type\":\"Person\",\"@id\":\"https:\\\/\\\/portugalizar.com\\\/#\\\/schema\\\/person\\\/1f60af48f39895b897e26d9d92ecf6db\",\"name\":\"Gui\",\"image\":{\"@type\":\"ImageObject\",\"inLanguage\":\"sv-SE\",\"@id\":\"https:\\\/\\\/secure.gravatar.com\\\/avatar\\\/0bef00a699e73fc60016c16a6f44683b2a027bb1b48a4b3973732af4cc636712?s=96&d=mm&r=g\",\"url\":\"https:\\\/\\\/secure.gravatar.com\\\/avatar\\\/0bef00a699e73fc60016c16a6f44683b2a027bb1b48a4b3973732af4cc636712?s=96&d=mm&r=g\",\"contentUrl\":\"https:\\\/\\\/secure.gravatar.com\\\/avatar\\\/0bef00a699e73fc60016c16a6f44683b2a027bb1b48a4b3973732af4cc636712?s=96&d=mm&r=g\",\"caption\":\"Gui\"},\"url\":\"https:\\\/\\\/portugalizar.com\\\/sv\\\/author\\\/spestheonlyone\\\/\"}]}<\/script>\n<!-- \/ Yoast SEO plugin. -->","yoast_head_json":{"title":"HAPPY DAYS ARE HERE AGAIN! A SPECIAL EDITION - PORTUGALIZAR","description":"Tavira kicks off summer in grand style. Covid of course kiboshed all festivities for two years. But now happy days are here again.","robots":{"index":"index","follow":"follow","max-snippet":"max-snippet:-1","max-image-preview":"max-image-preview:large","max-video-preview":"max-video-preview:-1"},"canonical":"https:\/\/portugalizar.com\/sv\/happy-days-are-here-again\/","og_locale":"sv_SE","og_type":"article","og_title":"HAPPY DAYS ARE HERE AGAIN! A SPECIAL EDITION - PORTUGALIZAR","og_description":"Tavira kicks off summer in grand style. Covid of course kiboshed all festivities for two years. But now happy days are here again.","og_url":"https:\/\/portugalizar.com\/sv\/happy-days-are-here-again\/","og_site_name":"PORTUGALIZAR","article_published_time":"2022-07-14T04:00:00+00:00","article_modified_time":"2022-07-14T16:53:03+00:00","og_image":[{"width":1300,"height":309,"url":"https:\/\/portugalizar.com\/wp-content\/uploads\/2022\/06\/Document.jpeg","type":"image\/jpeg"}],"author":"Gui","twitter_card":"summary_large_image","twitter_misc":{"Skriven av":"Gui","Ber\u00e4knad l\u00e4stid":"10 minuter"},"schema":{"@context":"https:\/\/schema.org","@graph":[{"@type":"Article","@id":"https:\/\/portugalizar.com\/happy-days-are-here-again\/#article","isPartOf":{"@id":"https:\/\/portugalizar.com\/happy-days-are-here-again\/"},"author":{"name":"Gui","@id":"https:\/\/portugalizar.com\/#\/schema\/person\/1f60af48f39895b897e26d9d92ecf6db"},"headline":"HAPPY DAYS ARE HERE AGAIN! A SPECIAL EDITION","datePublished":"2022-07-14T04:00:00+00:00","dateModified":"2022-07-14T16:53:03+00:00","mainEntityOfPage":{"@id":"https:\/\/portugalizar.com\/happy-days-are-here-again\/"},"wordCount":1660,"commentCount":6,"publisher":{"@id":"https:\/\/portugalizar.com\/#organization"},"image":{"@id":"https:\/\/portugalizar.com\/happy-days-are-here-again\/#primaryimage"},"thumbnailUrl":"https:\/\/i0.wp.com\/portugalizar.com\/wp-content\/uploads\/2022\/06\/Document.jpeg?fit=1300%2C309&ssl=1","articleSection":["Culture &amp; Customs","History","Place"],"inLanguage":"sv-SE","potentialAction":[{"@type":"CommentAction","name":"Comment","target":["https:\/\/portugalizar.com\/happy-days-are-here-again\/#respond"]}]},{"@type":"WebPage","@id":"https:\/\/portugalizar.com\/happy-days-are-here-again\/","url":"https:\/\/portugalizar.com\/happy-days-are-here-again\/","name":"HAPPY DAYS ARE HERE AGAIN! A SPECIAL EDITION - PORTUGALIZAR","isPartOf":{"@id":"https:\/\/portugalizar.com\/#website"},"primaryImageOfPage":{"@id":"https:\/\/portugalizar.com\/happy-days-are-here-again\/#primaryimage"},"image":{"@id":"https:\/\/portugalizar.com\/happy-days-are-here-again\/#primaryimage"},"thumbnailUrl":"https:\/\/i0.wp.com\/portugalizar.com\/wp-content\/uploads\/2022\/06\/Document.jpeg?fit=1300%2C309&ssl=1","datePublished":"2022-07-14T04:00:00+00:00","dateModified":"2022-07-14T16:53:03+00:00","description":"Tavira kicks off summer in grand style. Covid of course kiboshed all festivities for two years. But now happy days are here again.","breadcrumb":{"@id":"https:\/\/portugalizar.com\/happy-days-are-here-again\/#breadcrumb"},"inLanguage":"sv-SE","potentialAction":[{"@type":"ReadAction","target":["https:\/\/portugalizar.com\/happy-days-are-here-again\/"]}]},{"@type":"ImageObject","inLanguage":"sv-SE","@id":"https:\/\/portugalizar.com\/happy-days-are-here-again\/#primaryimage","url":"https:\/\/i0.wp.com\/portugalizar.com\/wp-content\/uploads\/2022\/06\/Document.jpeg?fit=1300%2C309&ssl=1","contentUrl":"https:\/\/i0.wp.com\/portugalizar.com\/wp-content\/uploads\/2022\/06\/Document.jpeg?fit=1300%2C309&ssl=1","width":1300,"height":309},{"@type":"BreadcrumbList","@id":"https:\/\/portugalizar.com\/happy-days-are-here-again\/#breadcrumb","itemListElement":[{"@type":"ListItem","position":1,"name":"Home","item":"https:\/\/portugalizar.com\/"},{"@type":"ListItem","position":2,"name":"HAPPY DAYS ARE HERE AGAIN! A SPECIAL EDITION"}]},{"@type":"WebSite","@id":"https:\/\/portugalizar.com\/#website","url":"https:\/\/portugalizar.com\/","name":"PORTUGALIZAR","description":"","publisher":{"@id":"https:\/\/portugalizar.com\/#organization"},"potentialAction":[{"@type":"SearchAction","target":{"@type":"EntryPoint","urlTemplate":"https:\/\/portugalizar.com\/?s={search_term_string}"},"query-input":{"@type":"PropertyValueSpecification","valueRequired":true,"valueName":"search_term_string"}}],"inLanguage":"sv-SE"},{"@type":"Organization","@id":"https:\/\/portugalizar.com\/#organization","name":"PORTUGALIZAR","url":"https:\/\/portugalizar.com\/","logo":{"@type":"ImageObject","inLanguage":"sv-SE","@id":"https:\/\/portugalizar.com\/#\/schema\/logo\/image\/","url":"","contentUrl":"","caption":"PORTUGALIZAR"},"image":{"@id":"https:\/\/portugalizar.com\/#\/schema\/logo\/image\/"}},{"@type":"Person","@id":"https:\/\/portugalizar.com\/#\/schema\/person\/1f60af48f39895b897e26d9d92ecf6db","name":"Gui","image":{"@type":"ImageObject","inLanguage":"sv-SE","@id":"https:\/\/secure.gravatar.com\/avatar\/0bef00a699e73fc60016c16a6f44683b2a027bb1b48a4b3973732af4cc636712?s=96&d=mm&r=g","url":"https:\/\/secure.gravatar.com\/avatar\/0bef00a699e73fc60016c16a6f44683b2a027bb1b48a4b3973732af4cc636712?s=96&d=mm&r=g","contentUrl":"https:\/\/secure.gravatar.com\/avatar\/0bef00a699e73fc60016c16a6f44683b2a027bb1b48a4b3973732af4cc636712?s=96&d=mm&r=g","caption":"Gui"},"url":"https:\/\/portugalizar.com\/sv\/author\/spestheonlyone\/"}]}},"jetpack_featured_media_url":"https:\/\/i0.wp.com\/portugalizar.com\/wp-content\/uploads\/2022\/06\/Document.jpeg?fit=1300%2C309&ssl=1","jetpack-related-posts":[],"jetpack_sharing_enabled":true,"_links":{"self":[{"href":"https:\/\/portugalizar.com\/sv\/wp-json\/wp\/v2\/posts\/1902","targetHints":{"allow":["GET"]}}],"collection":[{"href":"https:\/\/portugalizar.com\/sv\/wp-json\/wp\/v2\/posts"}],"about":[{"href":"https:\/\/portugalizar.com\/sv\/wp-json\/wp\/v2\/types\/post"}],"author":[{"embeddable":true,"href":"https:\/\/portugalizar.com\/sv\/wp-json\/wp\/v2\/users\/1"}],"replies":[{"embeddable":true,"href":"https:\/\/portugalizar.com\/sv\/wp-json\/wp\/v2\/comments?post=1902"}],"version-history":[{"count":5,"href":"https:\/\/portugalizar.com\/sv\/wp-json\/wp\/v2\/posts\/1902\/revisions"}],"predecessor-version":[{"id":2068,"href":"https:\/\/portugalizar.com\/sv\/wp-json\/wp\/v2\/posts\/1902\/revisions\/2068"}],"wp:featuredmedia":[{"embeddable":true,"href":"https:\/\/portugalizar.com\/sv\/wp-json\/wp\/v2\/media\/1906"}],"wp:attachment":[{"href":"https:\/\/portugalizar.com\/sv\/wp-json\/wp\/v2\/media?parent=1902"}],"wp:term":[{"taxonomy":"category","embeddable":true,"href":"https:\/\/portugalizar.com\/sv\/wp-json\/wp\/v2\/categories?post=1902"},{"taxonomy":"post_tag","embeddable":true,"href":"https:\/\/portugalizar.com\/sv\/wp-json\/wp\/v2\/tags?post=1902"}],"curies":[{"name":"wp","href":"https:\/\/api.w.org\/{rel}","templated":true}]}}