{"id":1449,"date":"2024-12-31T04:00:00","date_gmt":"2024-12-31T04:00:00","guid":{"rendered":"https:\/\/portugalizar.com\/?p=1449"},"modified":"2024-01-11T09:46:29","modified_gmt":"2024-01-11T09:46:29","slug":"bad-romance-caught","status":"publish","type":"post","link":"https:\/\/portugalizar.com\/sv\/bad-romance-caught\/","title":{"rendered":"F\u00e5ngad i en d\u00e5lig romans. <br>Jag vill ha din k\u00e4rlek!"},"content":{"rendered":"<p><em>Ol\u00e1 tudos! <\/em>\/\/ Hej alla! Dagens \u00e4mne kanske inte \u00e4r av intresse f\u00f6r alla. Jag ska f\u00f6rs\u00f6ka g\u00f6ra det kort. Men inga l\u00f6ften. Jag tittar p\u00e5 f\u00f6rh\u00e5llandet mellan kyrka och stat h\u00e4r i Portugal. Det finns tv\u00e5 anledningar till att det intresserar mig. F\u00f6r det f\u00f6rsta \u00e4r historien definitivt en <a href=\"https:\/\/youtu.be\/qrO4YZeyl0I\" target=\"_blank\" rel=\"noreferrer noopener\">Lady Gaga-l\u00e5t<\/a> kommer till liv. Kung eller diktator som fastnat i en d\u00e5lig romans med kardinalen. Och vice versa. Men p\u00e5 v\u00e4rsta s\u00e4tt beh\u00f6ver de varandras k\u00e4rlek. <\/p>\n\n\n<div class=\"wp-block-image\">\n<figure class=\"alignright size-large is-resized\"><img data-recalc-dims=\"1\" fetchpriority=\"high\" decoding=\"async\" src=\"https:\/\/i0.wp.com\/portugalizar.com\/wp-content\/uploads\/2022\/06\/IMG_3292.jpg?resize=412%2C453&#038;ssl=1\" alt=\"\" class=\"wp-image-1849\" width=\"412\" height=\"453\" srcset=\"https:\/\/i0.wp.com\/portugalizar.com\/wp-content\/uploads\/2022\/06\/IMG_3292-scaled.jpg?resize=930%2C1024&amp;ssl=1 930w, https:\/\/i0.wp.com\/portugalizar.com\/wp-content\/uploads\/2022\/06\/IMG_3292-scaled.jpg?resize=272%2C300&amp;ssl=1 272w, https:\/\/i0.wp.com\/portugalizar.com\/wp-content\/uploads\/2022\/06\/IMG_3292-scaled.jpg?resize=768%2C846&amp;ssl=1 768w, https:\/\/i0.wp.com\/portugalizar.com\/wp-content\/uploads\/2022\/06\/IMG_3292-scaled.jpg?resize=1394%2C1536&amp;ssl=1 1394w, https:\/\/i0.wp.com\/portugalizar.com\/wp-content\/uploads\/2022\/06\/IMG_3292-scaled.jpg?w=1900&amp;ssl=1 1900w\" sizes=\"(max-width: 412px) 100vw, 412px\" \/><figcaption class=\"wp-element-caption\"><strong>Escola B\u00e1sica Dom Manuel I - Tavira, juni 2022<\/strong><\/figcaption><\/figure>\n<\/div>\n\n\n<p>F\u00f6r det andra \u00e4r Portugal b\u00e5de det mest sekul\u00e4ra och det mest katolska europeiska land vi har bes\u00f6kt. Sju av Portugals 13 officiella nationella helgdagar \u00e4r katolska helgdagar. Dessutom firas ett g\u00e4ng katolska h\u00f6gtidsdagar regionalt. Dessa inkluderar Santo Ant\u00f3nio, S\u00e3o Pedro och S\u00e3o Jo\u00e3o. Juni \u00e4r den ber\u00f6mda <a href=\"https:\/\/www.europeanportuguesecourseslisbon.com\/artigos\/june-is-the-month-of-the-santos-populares\/\" target=\"_blank\" rel=\"noreferrer noopener\">Helgonens m\u00e5nad<\/a>. Men f\u00e5 portugiser vet n\u00e5got om inneb\u00f6rden bakom dessa dagar och h\u00f6gtider. M\u00e4nniskor njuter av en ledig dag. Tar tid med familj och v\u00e4nner. Och de g\u00f6r en rej\u00e4l fest. Men inget av detta firande har n\u00e5gon st\u00f6rre religi\u00f6s inneb\u00f6rd. Allt \u00e4r bara roligt.<\/p>\n\n\n\n<p>Till v\u00e4nster visas till exempel ett konstprojekt av en elev. Det dekorerar utsidan av en av v\u00e5ra grundskolor i Tavira. Det \u00e4r en symbol f\u00f6r Sankt Antonius. Men detta \u00e4r inga b\u00f6ner. Mer eller mindre \u00e4r k\u00e4nslan helt enkelt denna. \"Vi \u00e4r redo att \u00e5ka p\u00e5 semester och njuta av sommaren. Vi tar farv\u00e4l med sardiner och basilika. De f\u00e5r oss att le. Tack alla, men vi \u00e4r borta h\u00e4rifr\u00e5n. \u00c4ven om vi har mer att l\u00e4ra oss.\" Minnet av Sankt Antonius \u00e4r bara en markering av skol\u00e5rets slut och sommarens b\u00f6rjan. Som v\u00e5r Memorial Day, antar jag. Men f\u00e5 amerikaner minns ocks\u00e5 den helgdagens sanna, h\u00f6gtidliga inneb\u00f6rd.<\/p>\n\n\n\n<h2 class=\"wp-block-heading\">F\u00e5ngad i den d\u00e5liga romantiken, en quickie<\/h2>\n\n\n<div class=\"wp-block-image\">\n<figure class=\"alignright size-large is-resized\"><img data-recalc-dims=\"1\" decoding=\"async\" src=\"https:\/\/i0.wp.com\/portugalizar.com\/wp-content\/uploads\/2022\/06\/ChubbyMonk.jpeg?resize=411%2C572&#038;ssl=1\" alt=\"\" class=\"wp-image-1803\" width=\"411\" height=\"572\" srcset=\"https:\/\/i0.wp.com\/portugalizar.com\/wp-content\/uploads\/2022\/06\/ChubbyMonk-scaled.jpeg?resize=736%2C1024&amp;ssl=1 736w, https:\/\/i0.wp.com\/portugalizar.com\/wp-content\/uploads\/2022\/06\/ChubbyMonk-scaled.jpeg?resize=216%2C300&amp;ssl=1 216w, https:\/\/i0.wp.com\/portugalizar.com\/wp-content\/uploads\/2022\/06\/ChubbyMonk-scaled.jpeg?resize=768%2C1069&amp;ssl=1 768w, https:\/\/i0.wp.com\/portugalizar.com\/wp-content\/uploads\/2022\/06\/ChubbyMonk-scaled.jpeg?resize=1104%2C1536&amp;ssl=1 1104w, https:\/\/i0.wp.com\/portugalizar.com\/wp-content\/uploads\/2022\/06\/ChubbyMonk-scaled.jpeg?resize=1471%2C2048&amp;ssl=1 1471w, https:\/\/i0.wp.com\/portugalizar.com\/wp-content\/uploads\/2022\/06\/ChubbyMonk-scaled.jpeg?resize=9%2C12&amp;ssl=1 9w, https:\/\/i0.wp.com\/portugalizar.com\/wp-content\/uploads\/2022\/06\/ChubbyMonk-scaled.jpeg?w=1839&amp;ssl=1 1839w\" sizes=\"(max-width: 411px) 100vw, 411px\" \/><figcaption class=\"wp-element-caption\"><strong>Lissabon, n\u00e4ra katedralen (<em>perto da S\u00e9<\/em> <em>de Lisboa<\/em>), mars 2020<\/strong><\/figcaption><\/figure>\n<\/div>\n\n\n<p>Vi ska snabbt g\u00e5 igenom historien. Ni kanske minns fr\u00e5n v\u00e5r <a href=\"https:\/\/portugalizar.com\/sv\/world-of-magic-and-mystery\/\" target=\"_blank\" rel=\"noreferrer noopener\">fj\u00e4rde inl\u00e4gget<\/a> Taviras m\u00e5nga kyrkor. Men ett stort antal, n\u00e4stan en tredjedel, var en del av klostren. Det vill s\u00e4ga platser d\u00e4r grupper av pr\u00e4ster eller nunnor bodde. <\/p>\n\n\n\n<p>Kungarna skapade dessa kloster f\u00f6r att tacka Gud. Kanske p\u00e5 grund av en seger i en strid eller ett barns f\u00f6delse. Ut\u00f6ver klosterbyggandet gav kungen enorma m\u00e4ngder mark. Detta s\u00e5 att klostret kunde vara sj\u00e4lvf\u00f6rs\u00f6rjande.<\/p>\n\n\n\n<p>Men dessa kloster blev enormt rika som ett resultat av detta. Och m\u00e4rkligt nog bek\u00e4nde sig deras medlemmar till fattigdom. Det vill s\u00e4ga, de sa att de skulle leva med bara det allra n\u00f6dv\u00e4ndigaste. Men fattigdomen praktiserades ofta p\u00e5 ett helt annat s\u00e4tt. Den v\u00e4lk\u00e4nda bilden av den knubbiga munken kommer till minne.<\/p>\n\n\n\n<p>Klostren \u00e4r rika eftersom kungen har gjort dem rika. Med rikedom f\u00f6ljer makt. Med makt f\u00f6ljer konflikter. Makt s\u00f6ker mer makt. Och rikedomar ackumulerar mer rikedomar. Denna o\u00e4ndliga konflikt mellan kung och kyrka blir en undertext i Portugals historia.<\/p>\n\n\n\n<p>N\u00e4r klostren eller kyrkan i allm\u00e4nhet blev f\u00f6r m\u00e4ktiga och\/eller f\u00f6r rika, agerade kungarna. De kastade ut de gamla religi\u00f6sa grupperna. Nya religi\u00f6sa grupper bj\u00f6ds in f\u00f6r att ta \u00f6ver. Kungen gjorde sig av med den h\u00e4r biskopen och uts\u00e5g en som han gillade. Och s\u00e5 vidare. De kastade dock aldrig ut religionen helt och h\u00e5llet. <span style=\"font-size: revert; color: initial;\">Makten beh\u00f6ver en ber\u00e4ttelse och en myt som legitimerar den. <\/span>Kyrkan <span style=\"font-size: revert; color: initial;\">ger oss ber\u00e4ttelsen. Gud i himlen styr hela universum. Kungar styr f\u00f6r Guds r\u00e4kning p\u00e5 jorden.<\/span><\/p>\n\n\n\n<h2 class=\"wp-block-heading\">Jag vill ha din k\u00e4rlek, tills jag inte l\u00e4ngre vill ha den<\/h2>\n\n\n\n<p><em>S\u00e3o Francisco<\/em> \u00e4r det \u00e4ldsta klostret i Tavira. Ett av de \u00e4ldsta i Portugal. Klostret och dess stora kyrka skapades i mitten och slutet av 1200-talet. Kung Afonso III inr\u00e4ttade klostret f\u00f6r att fira (tack och lov f\u00f6r) er\u00f6vringen av Algarve \u00e5r 1249. Denna seger fullbordade det moderna Portugals geografiska pussel.<\/p>\n\n\n\n<p>Afonso gav troligen <em>S\u00e3o Francisco<\/em> till tempelriddarna, en milit\u00e4r orden av munkar. Det var inte ovanligt att kungar gav s\u00e5dana \u00e4godelar f\u00f6r att bel\u00f6na dem som k\u00e4mpade tillsammans med dem och vann. Tempelriddarna blev snart mycket m\u00e4ktiga. De st\u00f6rde kungarnas makt. Dessutom \u00f6vertr\u00e4ffade deras rikedomar med tiden kungens rikedomar. Inte bra f\u00f6r n\u00e5gon.<\/p>\n\n\n\n<figure class=\"wp-block-image alignwide size-large\"><img data-recalc-dims=\"1\" decoding=\"async\" width=\"768\" height=\"1024\" src=\"https:\/\/i0.wp.com\/portugalizar.com\/wp-content\/uploads\/2022\/06\/Igreja-de-Sao-Francisco-No-1.png?resize=768%2C1024&#038;ssl=1\" alt=\"\" class=\"wp-image-1699\" srcset=\"https:\/\/i0.wp.com\/portugalizar.com\/wp-content\/uploads\/2022\/06\/Igreja-de-Sao-Francisco-No-1.png?resize=768%2C1024&amp;ssl=1 768w, https:\/\/i0.wp.com\/portugalizar.com\/wp-content\/uploads\/2022\/06\/Igreja-de-Sao-Francisco-No-1.png?resize=225%2C300&amp;ssl=1 225w, https:\/\/i0.wp.com\/portugalizar.com\/wp-content\/uploads\/2022\/06\/Igreja-de-Sao-Francisco-No-1.png?resize=1152%2C1536&amp;ssl=1 1152w, https:\/\/i0.wp.com\/portugalizar.com\/wp-content\/uploads\/2022\/06\/Igreja-de-Sao-Francisco-No-1.png?resize=1536%2C2048&amp;ssl=1 1536w, https:\/\/i0.wp.com\/portugalizar.com\/wp-content\/uploads\/2022\/06\/Igreja-de-Sao-Francisco-No-1.png?resize=9%2C12&amp;ssl=1 9w, https:\/\/i0.wp.com\/portugalizar.com\/wp-content\/uploads\/2022\/06\/Igreja-de-Sao-Francisco-No-1.png?w=1900&amp;ssl=1 1900w, https:\/\/i0.wp.com\/portugalizar.com\/wp-content\/uploads\/2022\/06\/Igreja-de-Sao-Francisco-No-1.png?w=2850&amp;ssl=1 2850w\" sizes=\"(max-width: 768px) 100vw, 768px\" \/><figcaption class=\"wp-element-caption\"><strong>\"Igreja de S\u00e3o Francisco N\u00ba 1\", 2021<\/strong><\/figcaption><\/figure>\n\n\n\n<p>Ungef\u00e4r 50 \u00e5r senare tar kung Dinis I klostret fr\u00e5n tempelriddarna. Han hade f\u00e5tt nog av k\u00e4bbel och otrohet. Dinis bjuder in den nya franciskanerorden till Portugal. Han lockar dem med bidrag till kloster och mark. F\u00f6r Dinis verkar de till synes fredliga och milda franciskanerna passa b\u00e4ttre \u00e4n de krigiska tempelm\u00e4starmunkarna.<\/p>\n\n\n\n<p>S\u00e5 gick det till. Ge detta till den h\u00e4r biskopen eller den religi\u00f6sa gruppen. Ta bort det n\u00e4r de inte var \u00f6verens eller blev f\u00f6r stora f\u00f6r sina egna byxor eller f\u00f6r kungens eget b\u00e4sta. Hitta en annan, nyare och mer tillm\u00f6tesg\u00e5ende \u00e4lskare. Detta g\u00e4ller fram till 1834.<\/p>\n\n\n\n<h2 class=\"wp-block-heading\">Det r\u00e4cker med att det r\u00e4cker med att det r\u00e4cker med att det r\u00e4cker<\/h2>\n\n\n\n<p>\u00c5r 1834 avskaffades alla manliga religi\u00f6sa ordnar genom ett kungligt dekret i en sista utmattningssituation. Regeringen konfiskerade deras rikedomar och egendom. Kvinnliga ordnar kunde inte ta emot n\u00e5gra nya medlemmar. Deras egendom \u00e5tergick till staten n\u00e4r den sista medlemmen dog. Kyrkan hade den h\u00e4r g\u00e5ngen st\u00e5tt p\u00e5 den f\u00f6rlorande sidan i det fem\u00e5riga inb\u00f6rdeskriget. Kyrkans inblandning var inte l\u00e4ngre v\u00e4lkommen.<\/p>\n\n\n\n<figure class=\"wp-block-image alignwide size-large\"><img data-recalc-dims=\"1\" loading=\"lazy\" decoding=\"async\" width=\"950\" height=\"713\" src=\"https:\/\/i0.wp.com\/portugalizar.com\/wp-content\/uploads\/2022\/06\/Igreja-de-Sao-Francisco-No-2.png?resize=950%2C713&#038;ssl=1\" alt=\"\" class=\"wp-image-1479\" srcset=\"https:\/\/i0.wp.com\/portugalizar.com\/wp-content\/uploads\/2022\/06\/Igreja-de-Sao-Francisco-No-2-e1653219829771.png?resize=1024%2C768&amp;ssl=1 1024w, https:\/\/i0.wp.com\/portugalizar.com\/wp-content\/uploads\/2022\/06\/Igreja-de-Sao-Francisco-No-2-e1653219829771.png?resize=300%2C225&amp;ssl=1 300w, https:\/\/i0.wp.com\/portugalizar.com\/wp-content\/uploads\/2022\/06\/Igreja-de-Sao-Francisco-No-2-e1653219829771.png?resize=768%2C576&amp;ssl=1 768w, https:\/\/i0.wp.com\/portugalizar.com\/wp-content\/uploads\/2022\/06\/Igreja-de-Sao-Francisco-No-2-e1653219829771.png?resize=1536%2C1152&amp;ssl=1 1536w, https:\/\/i0.wp.com\/portugalizar.com\/wp-content\/uploads\/2022\/06\/Igreja-de-Sao-Francisco-No-2-e1653219829771.png?resize=2048%2C1536&amp;ssl=1 2048w, https:\/\/i0.wp.com\/portugalizar.com\/wp-content\/uploads\/2022\/06\/Igreja-de-Sao-Francisco-No-2-e1653219829771.png?resize=16%2C12&amp;ssl=1 16w, https:\/\/i0.wp.com\/portugalizar.com\/wp-content\/uploads\/2022\/06\/Igreja-de-Sao-Francisco-No-2-e1653219829771.png?resize=2000%2C1500&amp;ssl=1 2000w, https:\/\/i0.wp.com\/portugalizar.com\/wp-content\/uploads\/2022\/06\/Igreja-de-Sao-Francisco-No-2.png?w=1900&amp;ssl=1 1900w, https:\/\/i0.wp.com\/portugalizar.com\/wp-content\/uploads\/2022\/06\/Igreja-de-Sao-Francisco-No-2.png?w=2850&amp;ssl=1 2850w\" sizes=\"(max-width: 950px) 100vw, 950px\" \/><figcaption class=\"wp-element-caption\"><strong>\"Igreja S\u00e3o Francisco N\u00ba 2\", 2021<\/strong><\/figcaption><\/figure>\n\n\n\n<p>Portugal galopperade nu mot sekularisering, liksom st\u00f6rre delen av V\u00e4steuropa. Kyrkan f\u00f6rlorade mer och mer av sin makt. Dess moraliska auktoritet minskade. <em>S\u00e3o Francisco<\/em>, dess enorma ruiner, verkar vara en allegori f\u00f6r den institutionella kyrkan. <\/p>\n\n\n\n<p>Diktatorn Ant\u00f3nio Salazar gav kyrkans nedg\u00e5ng en liten respit. Denna repris var fruktansv\u00e4rd f\u00f6r kyrkan. Att umg\u00e5s med en diktator f\u00f6rst\u00f6rde den integritet som institutionen hade gentemot de troende. Sedan kom den <a href=\"https:\/\/portugalizar.com\/sv\/its-a-great-day-for-a-short-goodbye\/\" target=\"_blank\" rel=\"noreferrer noopener\">Nelkrevolutionen<\/a>. Portugiserna kastade ut kyrkan och dess trosuppfattningar tillsammans med <em>Novo Estado<\/em>. Bra att bli av med! <\/p>\n\n\n\n<h2 class=\"wp-block-heading\">\u00c4r du fortfarande fast i en d\u00e5lig romans?<\/h2>\n\n\n\n<p>Men att s\u00e4ga att du inte tror betyder inte att du inte tror. Det betyder, tror jag, att man har tagit avst\u00e5nd fr\u00e5n en grupp med ett visst namn. Det \u00e4r inte samma sak. S\u00e5, ja, jag \u00e4r fortfarande f\u00e5ngad i den d\u00e5liga romantiken.<\/p>\n\n\n\n<p>L\u00e5t mig f\u00f6rklara. Fr\u00e5n och med nu kommer jag att anv\u00e4nda tre ord omv\u00e4xlande. Tro, \u00f6vertygelse och minne. Jag ser dem som synonymer i det h\u00e4r sammanhanget.<\/p>\n\n\n\n<p>Troningar \u00e4r inskrivna i v\u00e5rt DNA. De blir en del av v\u00e5r m\u00e4nsklighet under l\u00e5ng tid. Dessa minnen \u00e4r <strong><span style=\"text-decoration: underline;\">inte<\/span><\/strong> en del av v\u00e5rt m\u00e4nskliga DNA eftersom n\u00e5gon har hittat p\u00e5 dem och injicerat dem d\u00e4r. De finns i mitt och ditt DNA eftersom de g\u00f6r det m\u00f6jligt f\u00f6r oss att \u00f6verleva och frodas. Sedan v\u00e5r art d\u00f6k upp p\u00e5 jorden f\u00f6r 150 000 \u00e5r sedan har dessa \u00f6vertygelser lett oss bort fr\u00e5n utrotning.<\/p>\n\n\n\n<p>Vad i helvete pratar jag om? Det \u00e4r en bra fr\u00e5ga. L\u00e5t mig f\u00f6rs\u00f6ka med ett exempel. M\u00e4nniskan \u00e4r en av de f\u00e5 arter som inte f\u00f6der flera barn. Dessa enstaka f\u00f6dslar har ocks\u00e5 l\u00e5nga dr\u00e4ktigheter. Dessutom \u00e4r sp\u00e4dbarnstiden ocks\u00e5 relativt l\u00e5ng. En arts \u00f6verlevnad \u00e4r beroende av att avkomman \u00f6verlever f\u00f6r att producera avkomma. M\u00e4nniskor \u00e4r inte s\u00e4rskilt l\u00e4mpade f\u00f6r detta. Det \u00e4r h\u00e4r som minnet, tron, kommer in i bilden.<\/p>\n\n\n\n<p>De mest kraftfulla och starkaste m\u00e4nskliga minnena \u00e4r kopplade till v\u00e5ra barn. Att skydda v\u00e5ra barn f\u00f6r att se till att de v\u00e4xer upp och f\u00e5r egna barn. Dessa minnen av sp\u00e4dbarnets s\u00e5rbarhet \u00e4r inbakade i en ber\u00e4ttelse som kan \u00e5terber\u00e4ttas om och om igen som en p\u00e5minnelse.  <\/p>\n\n\n\n<h2 class=\"wp-block-heading\">F\u00f6rbytare, \u00e4lvor och troll<\/h2>\n\n\n\n<h2 class=\"wp-block-heading\">Lite mer, det kanske \u00e4r \u00f6verdrivet<\/h2>\n\n\n\n<p>Vad i helvete pratar jag om? Bra fr\u00e5ga! Jag fr\u00e5gar mig sj\u00e4lv vad som har gjort det m\u00f6jligt f\u00f6r v\u00e5r art att \u00f6verleva. Men inte bara att \u00f6verleva, nej, utan ocks\u00e5 att blomstra p\u00e5 en relativt kort tid - i geologisk tid - 150 000 \u00e5r? Mitt svar? Det m\u00e5ste vara v\u00e5r f\u00f6rm\u00e5ga att f\u00f6rest\u00e4lla oss och sedan kommunicera id\u00e9er. Att dela dessa id\u00e9er med varandra. Men ocks\u00e5 att samarbeta f\u00f6r att f\u00f6rb\u00e4ttra och genomf\u00f6ra dessa id\u00e9er.<\/p>\n\n\n\n<p>Dessa \u00e4r inte unika f\u00f6r m\u00e4nniskan bland de levande varelserna. Dessa andra varelser har precis som vi klarat sig bra. \u00c4ven om de nu hotas av v\u00e5ra val. De flesta levande varelser \u00e4r k\u00e4nnande, det vill s\u00e4ga de t\u00e4nker, men t\u00e4nker ocks\u00e5 p\u00e5 sig sj\u00e4lva, allts\u00e5 k\u00e4nner. De kommunicerar och samarbetar ocks\u00e5. En unik egenskap hos m\u00e4nniskor \u00e4r dock att de skapar ber\u00e4ttelser utifr\u00e5n sina minnen.<\/p>\n\n\n\n<h2 class=\"wp-block-heading\">Ber\u00e4ttelse + minne = tro + \u00f6vertygelse = \u00f6verlevnad + framg\u00e5ng<\/h2>\n\n\n\n<p><\/p>\n\n\n\n<figure class=\"wp-block-image alignwide size-large\"><img data-recalc-dims=\"1\" loading=\"lazy\" decoding=\"async\" width=\"950\" height=\"950\" src=\"https:\/\/i0.wp.com\/portugalizar.com\/wp-content\/uploads\/2022\/06\/A-Abelha-e-as-Amoras.png?resize=950%2C950&#038;ssl=1\" alt=\"\" class=\"wp-image-1813\" srcset=\"https:\/\/i0.wp.com\/portugalizar.com\/wp-content\/uploads\/2022\/06\/A-Abelha-e-as-Amoras.png?resize=1024%2C1024&amp;ssl=1 1024w, https:\/\/i0.wp.com\/portugalizar.com\/wp-content\/uploads\/2022\/06\/A-Abelha-e-as-Amoras.png?resize=300%2C300&amp;ssl=1 300w, https:\/\/i0.wp.com\/portugalizar.com\/wp-content\/uploads\/2022\/06\/A-Abelha-e-as-Amoras.png?resize=150%2C150&amp;ssl=1 150w, https:\/\/i0.wp.com\/portugalizar.com\/wp-content\/uploads\/2022\/06\/A-Abelha-e-as-Amoras.png?resize=768%2C769&amp;ssl=1 768w, https:\/\/i0.wp.com\/portugalizar.com\/wp-content\/uploads\/2022\/06\/A-Abelha-e-as-Amoras.png?resize=1534%2C1536&amp;ssl=1 1534w, https:\/\/i0.wp.com\/portugalizar.com\/wp-content\/uploads\/2022\/06\/A-Abelha-e-as-Amoras.png?resize=2046%2C2048&amp;ssl=1 2046w, https:\/\/i0.wp.com\/portugalizar.com\/wp-content\/uploads\/2022\/06\/A-Abelha-e-as-Amoras.png?resize=12%2C12&amp;ssl=1 12w, https:\/\/i0.wp.com\/portugalizar.com\/wp-content\/uploads\/2022\/06\/A-Abelha-e-as-Amoras.png?resize=2000%2C2002&amp;ssl=1 2000w, https:\/\/i0.wp.com\/portugalizar.com\/wp-content\/uploads\/2022\/06\/A-Abelha-e-as-Amoras.png?w=1900&amp;ssl=1 1900w, https:\/\/i0.wp.com\/portugalizar.com\/wp-content\/uploads\/2022\/06\/A-Abelha-e-as-Amoras.png?w=2850&amp;ssl=1 2850w\" sizes=\"(max-width: 950px) 100vw, 950px\" \/><figcaption class=\"wp-element-caption\">\"A Abelha e As Amoras Silvertres\", 2020<\/figcaption><\/figure>\n\n\n\n<p>the <\/p>","protected":false},"excerpt":{"rendered":"<p>Ol\u00e1 tudos! \/\/ Hej alla! Dagens \u00e4mne kanske inte \u00e4r av intresse f\u00f6r alla. Jag ska f\u00f6rs\u00f6ka g\u00f6ra det kort. Men inga l\u00f6ften. Jag tittar p\u00e5 f\u00f6rh\u00e5llandet mellan kyrka och stat h\u00e4r i Portugal. Det finns tv\u00e5 anledningar till att det intresserar mig. F\u00f6r det f\u00f6rsta \u00e4r historien definitivt en Lady Gaga-l\u00e5t som kommer till ... <\/p>\n<p class=\"link-more\"><a href=\"https:\/\/portugalizar.com\/sv\/bad-romance-caught\/\" class=\"more-link\">L\u00e4s mer p\u00e5<span class=\"screen-reader-text\"> &#8220;Caught In A Bad Romance. <br \/>I Want Your Love!&#8221;<\/span><\/a><\/p>","protected":false},"author":1,"featured_media":1479,"comment_status":"open","ping_status":"closed","sticky":false,"template":"","format":"standard","meta":{"nf_dc_page":"","om_disable_all_campaigns":false,"_monsterinsights_skip_tracking":false,"_monsterinsights_sitenote_active":false,"_monsterinsights_sitenote_note":"","_monsterinsights_sitenote_category":0,"_themeisle_gutenberg_block_has_review":false,"_jetpack_memberships_contains_paid_content":false,"footnotes":""},"categories":[8,9],"tags":[],"class_list":["post-1449","post","type-post","status-publish","format-standard","has-post-thumbnail","hentry","category-culture-customs","category-history"],"yoast_head":"<!-- This site is optimized with the Yoast SEO plugin v27.4 - https:\/\/yoast.com\/product\/yoast-seo-wordpress\/ -->\n<title>Caught In A Bad Romance. I Want Your Love! - PORTUGALIZAR<\/title>\n<meta name=\"description\" content=\"The relationship between church and state in Portugal looks like two people caught in a bad romance and thinking they need each others love.\" \/>\n<meta name=\"robots\" content=\"index, follow, max-snippet:-1, max-image-preview:large, max-video-preview:-1\" \/>\n<link rel=\"canonical\" href=\"https:\/\/portugalizar.com\/sv\/bad-romance-caught\/\" \/>\n<meta property=\"og:locale\" content=\"sv_SE\" \/>\n<meta property=\"og:type\" content=\"article\" \/>\n<meta property=\"og:title\" content=\"Caught In A Bad Romance. I Want Your Love! - PORTUGALIZAR\" \/>\n<meta property=\"og:description\" content=\"The relationship between church and state in Portugal looks like two people caught in a bad romance and thinking they need each others love.\" \/>\n<meta property=\"og:url\" content=\"https:\/\/portugalizar.com\/sv\/bad-romance-caught\/\" \/>\n<meta property=\"og:site_name\" content=\"PORTUGALIZAR\" \/>\n<meta property=\"article:published_time\" content=\"2024-12-31T04:00:00+00:00\" \/>\n<meta property=\"og:image\" content=\"https:\/\/portugalizar.com\/wp-content\/uploads\/2022\/06\/Igreja-de-Sao-Francisco-No-2-1024x768.png\" \/>\n\t<meta property=\"og:image:width\" content=\"1024\" \/>\n\t<meta property=\"og:image:height\" content=\"768\" \/>\n\t<meta property=\"og:image:type\" content=\"image\/png\" \/>\n<meta name=\"author\" content=\"Gui\" \/>\n<meta name=\"twitter:card\" content=\"summary_large_image\" \/>\n<meta name=\"twitter:label1\" content=\"Skriven av\" \/>\n\t<meta name=\"twitter:data1\" content=\"Gui\" \/>\n\t<meta name=\"twitter:label2\" content=\"Ber\u00e4knad l\u00e4stid\" \/>\n\t<meta name=\"twitter:data2\" content=\"7 minuter\" \/>\n<script type=\"application\/ld+json\" class=\"yoast-schema-graph\">{\"@context\":\"https:\\\/\\\/schema.org\",\"@graph\":[{\"@type\":\"Article\",\"@id\":\"https:\\\/\\\/portugalizar.com\\\/bad-romance-caught\\\/#article\",\"isPartOf\":{\"@id\":\"https:\\\/\\\/portugalizar.com\\\/bad-romance-caught\\\/\"},\"author\":{\"name\":\"Gui\",\"@id\":\"https:\\\/\\\/portugalizar.com\\\/#\\\/schema\\\/person\\\/1f60af48f39895b897e26d9d92ecf6db\"},\"headline\":\"Caught In A Bad Romance. I Want Your Love!\",\"datePublished\":\"2024-12-31T04:00:00+00:00\",\"mainEntityOfPage\":{\"@id\":\"https:\\\/\\\/portugalizar.com\\\/bad-romance-caught\\\/\"},\"wordCount\":1377,\"commentCount\":0,\"publisher\":{\"@id\":\"https:\\\/\\\/portugalizar.com\\\/#organization\"},\"image\":{\"@id\":\"https:\\\/\\\/portugalizar.com\\\/bad-romance-caught\\\/#primaryimage\"},\"thumbnailUrl\":\"https:\\\/\\\/i0.wp.com\\\/portugalizar.com\\\/wp-content\\\/uploads\\\/2022\\\/06\\\/Igreja-de-Sao-Francisco-No-2-e1653219829771.png?fit=3598%2C2699&ssl=1\",\"articleSection\":[\"Culture &amp; Customs\",\"History\"],\"inLanguage\":\"sv-SE\",\"potentialAction\":[{\"@type\":\"CommentAction\",\"name\":\"Comment\",\"target\":[\"https:\\\/\\\/portugalizar.com\\\/bad-romance-caught\\\/#respond\"]}]},{\"@type\":\"WebPage\",\"@id\":\"https:\\\/\\\/portugalizar.com\\\/bad-romance-caught\\\/\",\"url\":\"https:\\\/\\\/portugalizar.com\\\/bad-romance-caught\\\/\",\"name\":\"Caught In A Bad Romance. I Want Your Love! - PORTUGALIZAR\",\"isPartOf\":{\"@id\":\"https:\\\/\\\/portugalizar.com\\\/#website\"},\"primaryImageOfPage\":{\"@id\":\"https:\\\/\\\/portugalizar.com\\\/bad-romance-caught\\\/#primaryimage\"},\"image\":{\"@id\":\"https:\\\/\\\/portugalizar.com\\\/bad-romance-caught\\\/#primaryimage\"},\"thumbnailUrl\":\"https:\\\/\\\/i0.wp.com\\\/portugalizar.com\\\/wp-content\\\/uploads\\\/2022\\\/06\\\/Igreja-de-Sao-Francisco-No-2-e1653219829771.png?fit=3598%2C2699&ssl=1\",\"datePublished\":\"2024-12-31T04:00:00+00:00\",\"description\":\"The relationship between church and state in Portugal looks like two people caught in a bad romance and thinking they need each others love.\",\"breadcrumb\":{\"@id\":\"https:\\\/\\\/portugalizar.com\\\/bad-romance-caught\\\/#breadcrumb\"},\"inLanguage\":\"sv-SE\",\"potentialAction\":[{\"@type\":\"ReadAction\",\"target\":[\"https:\\\/\\\/portugalizar.com\\\/bad-romance-caught\\\/\"]}]},{\"@type\":\"ImageObject\",\"inLanguage\":\"sv-SE\",\"@id\":\"https:\\\/\\\/portugalizar.com\\\/bad-romance-caught\\\/#primaryimage\",\"url\":\"https:\\\/\\\/i0.wp.com\\\/portugalizar.com\\\/wp-content\\\/uploads\\\/2022\\\/06\\\/Igreja-de-Sao-Francisco-No-2-e1653219829771.png?fit=3598%2C2699&ssl=1\",\"contentUrl\":\"https:\\\/\\\/i0.wp.com\\\/portugalizar.com\\\/wp-content\\\/uploads\\\/2022\\\/06\\\/Igreja-de-Sao-Francisco-No-2-e1653219829771.png?fit=3598%2C2699&ssl=1\",\"width\":3598,\"height\":2699},{\"@type\":\"BreadcrumbList\",\"@id\":\"https:\\\/\\\/portugalizar.com\\\/bad-romance-caught\\\/#breadcrumb\",\"itemListElement\":[{\"@type\":\"ListItem\",\"position\":1,\"name\":\"Home\",\"item\":\"https:\\\/\\\/portugalizar.com\\\/\"},{\"@type\":\"ListItem\",\"position\":2,\"name\":\"Caught In A Bad Romance. I Want Your Love!\"}]},{\"@type\":\"WebSite\",\"@id\":\"https:\\\/\\\/portugalizar.com\\\/#website\",\"url\":\"https:\\\/\\\/portugalizar.com\\\/\",\"name\":\"PORTUGALIZAR\",\"description\":\"\",\"publisher\":{\"@id\":\"https:\\\/\\\/portugalizar.com\\\/#organization\"},\"potentialAction\":[{\"@type\":\"SearchAction\",\"target\":{\"@type\":\"EntryPoint\",\"urlTemplate\":\"https:\\\/\\\/portugalizar.com\\\/?s={search_term_string}\"},\"query-input\":{\"@type\":\"PropertyValueSpecification\",\"valueRequired\":true,\"valueName\":\"search_term_string\"}}],\"inLanguage\":\"sv-SE\"},{\"@type\":\"Organization\",\"@id\":\"https:\\\/\\\/portugalizar.com\\\/#organization\",\"name\":\"PORTUGALIZAR\",\"url\":\"https:\\\/\\\/portugalizar.com\\\/\",\"logo\":{\"@type\":\"ImageObject\",\"inLanguage\":\"sv-SE\",\"@id\":\"https:\\\/\\\/portugalizar.com\\\/#\\\/schema\\\/logo\\\/image\\\/\",\"url\":\"\",\"contentUrl\":\"\",\"caption\":\"PORTUGALIZAR\"},\"image\":{\"@id\":\"https:\\\/\\\/portugalizar.com\\\/#\\\/schema\\\/logo\\\/image\\\/\"}},{\"@type\":\"Person\",\"@id\":\"https:\\\/\\\/portugalizar.com\\\/#\\\/schema\\\/person\\\/1f60af48f39895b897e26d9d92ecf6db\",\"name\":\"Gui\",\"image\":{\"@type\":\"ImageObject\",\"inLanguage\":\"sv-SE\",\"@id\":\"https:\\\/\\\/secure.gravatar.com\\\/avatar\\\/0bef00a699e73fc60016c16a6f44683b2a027bb1b48a4b3973732af4cc636712?s=96&d=mm&r=g\",\"url\":\"https:\\\/\\\/secure.gravatar.com\\\/avatar\\\/0bef00a699e73fc60016c16a6f44683b2a027bb1b48a4b3973732af4cc636712?s=96&d=mm&r=g\",\"contentUrl\":\"https:\\\/\\\/secure.gravatar.com\\\/avatar\\\/0bef00a699e73fc60016c16a6f44683b2a027bb1b48a4b3973732af4cc636712?s=96&d=mm&r=g\",\"caption\":\"Gui\"},\"url\":\"https:\\\/\\\/portugalizar.com\\\/sv\\\/author\\\/spestheonlyone\\\/\"}]}<\/script>\n<!-- \/ Yoast SEO plugin. -->","yoast_head_json":{"title":"Caught In A Bad Romance. I Want Your Love! - PORTUGALIZAR","description":"The relationship between church and state in Portugal looks like two people caught in a bad romance and thinking they need each others love.","robots":{"index":"index","follow":"follow","max-snippet":"max-snippet:-1","max-image-preview":"max-image-preview:large","max-video-preview":"max-video-preview:-1"},"canonical":"https:\/\/portugalizar.com\/sv\/bad-romance-caught\/","og_locale":"sv_SE","og_type":"article","og_title":"Caught In A Bad Romance. I Want Your Love! - PORTUGALIZAR","og_description":"The relationship between church and state in Portugal looks like two people caught in a bad romance and thinking they need each others love.","og_url":"https:\/\/portugalizar.com\/sv\/bad-romance-caught\/","og_site_name":"PORTUGALIZAR","article_published_time":"2024-12-31T04:00:00+00:00","og_image":[{"width":1024,"height":768,"url":"https:\/\/portugalizar.com\/wp-content\/uploads\/2022\/06\/Igreja-de-Sao-Francisco-No-2-1024x768.png","type":"image\/png"}],"author":"Gui","twitter_card":"summary_large_image","twitter_misc":{"Skriven av":"Gui","Ber\u00e4knad l\u00e4stid":"7 minuter"},"schema":{"@context":"https:\/\/schema.org","@graph":[{"@type":"Article","@id":"https:\/\/portugalizar.com\/bad-romance-caught\/#article","isPartOf":{"@id":"https:\/\/portugalizar.com\/bad-romance-caught\/"},"author":{"name":"Gui","@id":"https:\/\/portugalizar.com\/#\/schema\/person\/1f60af48f39895b897e26d9d92ecf6db"},"headline":"Caught In A Bad Romance. I Want Your Love!","datePublished":"2024-12-31T04:00:00+00:00","mainEntityOfPage":{"@id":"https:\/\/portugalizar.com\/bad-romance-caught\/"},"wordCount":1377,"commentCount":0,"publisher":{"@id":"https:\/\/portugalizar.com\/#organization"},"image":{"@id":"https:\/\/portugalizar.com\/bad-romance-caught\/#primaryimage"},"thumbnailUrl":"https:\/\/i0.wp.com\/portugalizar.com\/wp-content\/uploads\/2022\/06\/Igreja-de-Sao-Francisco-No-2-e1653219829771.png?fit=3598%2C2699&ssl=1","articleSection":["Culture &amp; Customs","History"],"inLanguage":"sv-SE","potentialAction":[{"@type":"CommentAction","name":"Comment","target":["https:\/\/portugalizar.com\/bad-romance-caught\/#respond"]}]},{"@type":"WebPage","@id":"https:\/\/portugalizar.com\/bad-romance-caught\/","url":"https:\/\/portugalizar.com\/bad-romance-caught\/","name":"Caught In A Bad Romance. I Want Your Love! - PORTUGALIZAR","isPartOf":{"@id":"https:\/\/portugalizar.com\/#website"},"primaryImageOfPage":{"@id":"https:\/\/portugalizar.com\/bad-romance-caught\/#primaryimage"},"image":{"@id":"https:\/\/portugalizar.com\/bad-romance-caught\/#primaryimage"},"thumbnailUrl":"https:\/\/i0.wp.com\/portugalizar.com\/wp-content\/uploads\/2022\/06\/Igreja-de-Sao-Francisco-No-2-e1653219829771.png?fit=3598%2C2699&ssl=1","datePublished":"2024-12-31T04:00:00+00:00","description":"The relationship between church and state in Portugal looks like two people caught in a bad romance and thinking they need each others love.","breadcrumb":{"@id":"https:\/\/portugalizar.com\/bad-romance-caught\/#breadcrumb"},"inLanguage":"sv-SE","potentialAction":[{"@type":"ReadAction","target":["https:\/\/portugalizar.com\/bad-romance-caught\/"]}]},{"@type":"ImageObject","inLanguage":"sv-SE","@id":"https:\/\/portugalizar.com\/bad-romance-caught\/#primaryimage","url":"https:\/\/i0.wp.com\/portugalizar.com\/wp-content\/uploads\/2022\/06\/Igreja-de-Sao-Francisco-No-2-e1653219829771.png?fit=3598%2C2699&ssl=1","contentUrl":"https:\/\/i0.wp.com\/portugalizar.com\/wp-content\/uploads\/2022\/06\/Igreja-de-Sao-Francisco-No-2-e1653219829771.png?fit=3598%2C2699&ssl=1","width":3598,"height":2699},{"@type":"BreadcrumbList","@id":"https:\/\/portugalizar.com\/bad-romance-caught\/#breadcrumb","itemListElement":[{"@type":"ListItem","position":1,"name":"Home","item":"https:\/\/portugalizar.com\/"},{"@type":"ListItem","position":2,"name":"Caught In A Bad Romance. I Want Your Love!"}]},{"@type":"WebSite","@id":"https:\/\/portugalizar.com\/#website","url":"https:\/\/portugalizar.com\/","name":"PORTUGALIZAR","description":"","publisher":{"@id":"https:\/\/portugalizar.com\/#organization"},"potentialAction":[{"@type":"SearchAction","target":{"@type":"EntryPoint","urlTemplate":"https:\/\/portugalizar.com\/?s={search_term_string}"},"query-input":{"@type":"PropertyValueSpecification","valueRequired":true,"valueName":"search_term_string"}}],"inLanguage":"sv-SE"},{"@type":"Organization","@id":"https:\/\/portugalizar.com\/#organization","name":"PORTUGALIZAR","url":"https:\/\/portugalizar.com\/","logo":{"@type":"ImageObject","inLanguage":"sv-SE","@id":"https:\/\/portugalizar.com\/#\/schema\/logo\/image\/","url":"","contentUrl":"","caption":"PORTUGALIZAR"},"image":{"@id":"https:\/\/portugalizar.com\/#\/schema\/logo\/image\/"}},{"@type":"Person","@id":"https:\/\/portugalizar.com\/#\/schema\/person\/1f60af48f39895b897e26d9d92ecf6db","name":"Gui","image":{"@type":"ImageObject","inLanguage":"sv-SE","@id":"https:\/\/secure.gravatar.com\/avatar\/0bef00a699e73fc60016c16a6f44683b2a027bb1b48a4b3973732af4cc636712?s=96&d=mm&r=g","url":"https:\/\/secure.gravatar.com\/avatar\/0bef00a699e73fc60016c16a6f44683b2a027bb1b48a4b3973732af4cc636712?s=96&d=mm&r=g","contentUrl":"https:\/\/secure.gravatar.com\/avatar\/0bef00a699e73fc60016c16a6f44683b2a027bb1b48a4b3973732af4cc636712?s=96&d=mm&r=g","caption":"Gui"},"url":"https:\/\/portugalizar.com\/sv\/author\/spestheonlyone\/"}]}},"jetpack_featured_media_url":"https:\/\/i0.wp.com\/portugalizar.com\/wp-content\/uploads\/2022\/06\/Igreja-de-Sao-Francisco-No-2-e1653219829771.png?fit=3598%2C2699&ssl=1","jetpack-related-posts":[],"jetpack_sharing_enabled":true,"_links":{"self":[{"href":"https:\/\/portugalizar.com\/sv\/wp-json\/wp\/v2\/posts\/1449","targetHints":{"allow":["GET"]}}],"collection":[{"href":"https:\/\/portugalizar.com\/sv\/wp-json\/wp\/v2\/posts"}],"about":[{"href":"https:\/\/portugalizar.com\/sv\/wp-json\/wp\/v2\/types\/post"}],"author":[{"embeddable":true,"href":"https:\/\/portugalizar.com\/sv\/wp-json\/wp\/v2\/users\/1"}],"replies":[{"embeddable":true,"href":"https:\/\/portugalizar.com\/sv\/wp-json\/wp\/v2\/comments?post=1449"}],"version-history":[{"count":5,"href":"https:\/\/portugalizar.com\/sv\/wp-json\/wp\/v2\/posts\/1449\/revisions"}],"predecessor-version":[{"id":2144,"href":"https:\/\/portugalizar.com\/sv\/wp-json\/wp\/v2\/posts\/1449\/revisions\/2144"}],"wp:featuredmedia":[{"embeddable":true,"href":"https:\/\/portugalizar.com\/sv\/wp-json\/wp\/v2\/media\/1479"}],"wp:attachment":[{"href":"https:\/\/portugalizar.com\/sv\/wp-json\/wp\/v2\/media?parent=1449"}],"wp:term":[{"taxonomy":"category","embeddable":true,"href":"https:\/\/portugalizar.com\/sv\/wp-json\/wp\/v2\/categories?post=1449"},{"taxonomy":"post_tag","embeddable":true,"href":"https:\/\/portugalizar.com\/sv\/wp-json\/wp\/v2\/tags?post=1449"}],"curies":[{"name":"wp","href":"https:\/\/api.w.org\/{rel}","templated":true}]}}