{"id":1441,"date":"2022-06-23T04:00:00","date_gmt":"2022-06-23T04:00:00","guid":{"rendered":"https:\/\/portugalizar.com\/?p=1441"},"modified":"2022-06-23T09:54:49","modified_gmt":"2022-06-23T09:54:49","slug":"in-the-arms-of-joy","status":"publish","type":"post","link":"https:\/\/portugalizar.com\/sv\/in-the-arms-of-joy\/","title":{"rendered":"I gl\u00e4djens armar f\u00f6r hela mitt liv"},"content":{"rendered":"<p><em>Ol\u00e1 a todos! E um grande bem-vindo ao Ver\u00e3o!<\/em> \/\/ Hej alla. Och ett stort v\u00e4lkommen till sommaren! Det h\u00e4r \u00e4r kanske inte det mest sommarv\u00e4nliga inl\u00e4gget. Men m\u00e5lningarna som jag ska dela med er idag \u00e4r gjorda utomhus - s\u00e4ger de riktiga konstn\u00e4rerna, <em>i luften<\/em> - i fint Santa Luzia-v\u00e4der. Och mitt \u00e4mne i dag, som var <a href=\"https:\/\/portugalizar.com\/sv\/?p=1117\" target=\"_blank\" rel=\"noreferrer noopener\">f\u00f6rra veckans<\/a>, handlar om det goda livet. Det vill s\u00e4ga att leva hela livet i gl\u00e4djens famn! Hmm? Utomhus och det goda livet, ja, jag antar att det s\u00e4ger sommar, eller hur?<\/p>\n\n\n\n<p>Idag delar jag med mig av ett par vinjetter och portr\u00e4tt av m\u00e4nniskor som jag har tr\u00e4ffat h\u00e4r. Dessa \u00e4r fr\u00e5n m\u00f6ten i Santa Luzia. Den f\u00f6rsta handlar allts\u00e5 om m\u00e4nniskor som jag tr\u00e4ffar ofta och har observerat noga. Men det andra \u00e4r ocks\u00e5 ett par som jag har l\u00e4rt k\u00e4nna lite grann. F\u00f6rst kommer jag att dela med mig av deras ber\u00e4ttelser. Sedan kommer jag att f\u00f6rs\u00f6ka knyta ihop dessa vinjetter till n\u00e5got slags sammanhang. <\/p>\n\n\n\n<p>F\u00f6rresten har jag tagit mitt tema f\u00f6r idag fr\u00e5n en av mina favoritpoeter, Mary Oliver. Hennes dikt, <a href=\"https:\/\/www.poeticous.com\/mary-oliver\/when-death-comes\" target=\"_blank\" rel=\"noreferrer noopener\">N\u00e4r d\u00f6den kommer<\/a>\u00e4r allt du beh\u00f6ver l\u00e4sa. K\u00e4nn dig inte tvingad att l\u00e4sa mer h\u00e4r. Klicka bara p\u00e5 den f\u00f6reg\u00e5ende l\u00e4nken. Oliver \u00e4r en mycket b\u00e4ttre f\u00f6rfattare \u00e4n jag. <\/p>\n\n\n\n<p>Om du fortfarande \u00e4r med mig, l\u00e5t oss s\u00e4tta ig\u00e5ng. Det \u00e4r ju trots allt sommar. Vi har alla b\u00e4ttre saker att g\u00f6ra \u00e4n att l\u00e4sa blogginl\u00e4gg p\u00e5 v\u00e5ra apparater. Det hoppas \u00e5tminstone jag. Det finns s\u00e5 mycket liv att leva.<\/p>\n\n\n\n<h2 class=\"wp-block-heading\">Samla in livets sm\u00e5 gl\u00e4dje\u00e4mnen<\/h2>\n\n\n\n<p>Men f\u00f6r tillf\u00e4llet \u00e4r det v\u00e5r i denna f\u00f6rsta vinjett. Nej, inte sommar. Det \u00e4r v\u00e5r. Vinterregnen h\u00e5ller p\u00e5 att ta slut. \u00c5krar och staket har blivit gr\u00f6nskande. Och v\u00e4gkanten, det vill s\u00e4ga h\u00e4ckarna, har ocks\u00e5 blivit gr\u00f6na. Nu \u00e4r hela jorden en fest av l\u00e4ckerheter. Sniglar, <em>os carac\u00f3is<\/em>, frossar i de mjuka skotten, de s\u00f6ta nya bladen och de k\u00e4nsliga kronbladen. Sedan blir sniglarna en festm\u00e5ltid f\u00f6r f\u00e5glar, igelkottar och paddor.<\/p>\n\n\n\n<p>Och det \u00e4r morgon. Som m\u00e5nga andra morgnar vid den h\u00e4r tiden avslutar jag min l\u00f6prunda. Eftersom det \u00e4r v\u00e5r \u00e4r jag inte ensam i h\u00e4ckarnas kant. Jag delar dessa kanter med \"samlare\". Sniglarna \u00e4r ocks\u00e5 en festm\u00e5ltid f\u00f6r dessa \"samlare\". <\/p>\n\n\n\n<figure class=\"wp-block-image alignwide size-large\"><img data-recalc-dims=\"1\" fetchpriority=\"high\" decoding=\"async\" width=\"950\" height=\"708\" src=\"https:\/\/i0.wp.com\/portugalizar.com\/wp-content\/uploads\/2022\/06\/Os-apanhadores-de-caracois.jpg?resize=950%2C708&#038;ssl=1\" alt=\"\" class=\"wp-image-1652\" srcset=\"https:\/\/i0.wp.com\/portugalizar.com\/wp-content\/uploads\/2022\/06\/Os-apanhadores-de-caracois-scaled.jpg?resize=1024%2C763&amp;ssl=1 1024w, https:\/\/i0.wp.com\/portugalizar.com\/wp-content\/uploads\/2022\/06\/Os-apanhadores-de-caracois-scaled.jpg?resize=300%2C224&amp;ssl=1 300w, https:\/\/i0.wp.com\/portugalizar.com\/wp-content\/uploads\/2022\/06\/Os-apanhadores-de-caracois-scaled.jpg?resize=768%2C573&amp;ssl=1 768w, https:\/\/i0.wp.com\/portugalizar.com\/wp-content\/uploads\/2022\/06\/Os-apanhadores-de-caracois-scaled.jpg?resize=1536%2C1145&amp;ssl=1 1536w, https:\/\/i0.wp.com\/portugalizar.com\/wp-content\/uploads\/2022\/06\/Os-apanhadores-de-caracois-scaled.jpg?resize=2048%2C1527&amp;ssl=1 2048w, https:\/\/i0.wp.com\/portugalizar.com\/wp-content\/uploads\/2022\/06\/Os-apanhadores-de-caracois-scaled.jpg?resize=16%2C12&amp;ssl=1 16w, https:\/\/i0.wp.com\/portugalizar.com\/wp-content\/uploads\/2022\/06\/Os-apanhadores-de-caracois-scaled.jpg?resize=2000%2C1491&amp;ssl=1 2000w, https:\/\/i0.wp.com\/portugalizar.com\/wp-content\/uploads\/2022\/06\/Os-apanhadores-de-caracois-scaled.jpg?w=1900&amp;ssl=1 1900w\" sizes=\"(max-width: 950px) 100vw, 950px\" \/><figcaption><strong>\"Os apanhadores de carac\u00f3is\", 2021<\/strong><\/figcaption><\/figure>\n\n\n\n<p>Det verkar inte finnas n\u00e5got ord p\u00e5 portugisiska som exakt \u00f6vers\u00e4tter \"gleaners\" eller verbet \"to glean\". Det finns <em>os apanhadores<\/em>Det vill s\u00e4ga \"f\u00e5ngarna\" eller \"samlarna\". Och det finns <em>os colecionadores<\/em>, eller \"insamlarna\". Ingen av dem verkar f\u00e5nga den verkliga inneb\u00f6rden av \"glean\".<\/p>\n\n\n\n<p>\"To glean\" kommer fr\u00e5n normandisk franska. I det feodala, men framf\u00f6r allt i Frankrike efter revolutionen, hade vanligt folk en s\u00e4rskild r\u00e4ttighet. De fick komma in p\u00e5 de stora perukernas egendom och ta sk\u00f6rderesterna. Allt de hittade var deras. Det de hittade var alltid sm\u00e5 bitar, rester, rester. Men det var deras. Och \u00e4ven om de var sm\u00e5, kompletterade och ut\u00f6kade de sin kost.<\/p>\n\n\n\n<p>\u00c5tminstone p\u00e5 engelska har \"glean\" ocks\u00e5 betydelsen att de minsta detaljerna \u00e4r viktiga. Det vill s\u00e4ga att de sm\u00e5 bitarna, om man ser dem, ger \u00f6verraskningar. Om du uppm\u00e4rksammar det som finns runt omkring dig kan det leda till nya uppt\u00e4ckter. Och det kommer troligen att ske. Till exempel: \"Forskaren har f\u00e5tt sin uppt\u00e4ckt fr\u00e5n en tidigare f\u00f6rbisedd uppgift\".<\/p>\n\n\n\n<h2 class=\"wp-block-heading\">Sniglar: En sann gl\u00e4dje i livet, armar eller inte<\/h2>\n\n\n\n<p>Portugisiskan har kanske inte ett exakt ord f\u00f6r det. Men portugiserna f\u00f6rst\u00e5r dock helt och h\u00e5llet vad \"gleaning\" \u00e4r. Det vill s\u00e4ga att ta till sig livets enkla gl\u00e4dje och sm\u00e5 n\u00f6jen. Och sedan h\u00e5lla fast vid dem. <\/p>\n\n\n\n<p>Sniglar \u00e4r f\u00f6r portugiserna vad feta chips \u00e4r f\u00f6r amerikaner. De \u00e4r ett skyldigt n\u00f6je. Fast kanske h\u00e4lsosammare eftersom de \u00e4r fyllda med protein, j\u00e4rn och A-vitamin. Men de \u00e4r ocks\u00e5 fettsn\u00e5la, med undantag f\u00f6r det tjocka sm\u00f6ret. <\/p>\n\n\n\n<p>Snigelsk\u00f6rdarna h\u00e4r f\u00f6ljer en gammal v\u00e5rtradition. De samlar sina sniglar varje morgon, strax efter soluppg\u00e5ngen, i den svala fuktigheten. Sniglarna \u00e4r ute f\u00f6r att \u00e4ta. Sniglarna \u00e4r ute f\u00f6r att samla in en festm\u00e5ltid.<\/p>\n\n\n\n<p>Hemma skapar de en fest av minnen. Generationer samlas runt bordet. I mitten ligger en h\u00f6g med vitl\u00f6ksm\u00f6rig och sm\u00f6rig l\u00e4ckerhet. Med br\u00f6d f\u00f6r att soppa p\u00e5. Och vin, ja, naturligtvis vin. Det \u00e4r en av livets renaste gl\u00e4dje\u00e4mnen. Livet i gl\u00e4djens famn. H\u00e5rt arbete ger efter f\u00f6r delad njutning.<\/p>\n\n\n\n<h2 class=\"wp-block-heading\">Och naturligtvis, <em>Alegrias de Viver!<\/em><\/h2>\n\n\n\n<p>D\u00e5 \u00e4r det dags att g\u00e5 vidare. Patr\u00edcia och Ant\u00f3nio har \u00e4gt lite <em>quinta<\/em>, det vill s\u00e4ga en g\u00e5rd, tillsammans i ungef\u00e4r 20 \u00e5r. De odlar oliver, granat\u00e4pplen, mandel och gr\u00f6nsaker. De f\u00f6der upp h\u00f6ns. De driver ett b&amp;b med nio rum. De har fem hundar och tar \u00e4ven emot hundar \u00e5t andra. Vi k\u00e4nner dem p\u00e5 grund av det sistn\u00e4mnda. Tucker och Saga \u00e4lskar dem helt och h\u00e5llet. Det \u00e4r mitt m\u00e5tt p\u00e5 en persons kvalitet. De \u00e4r femstj\u00e4rniga (\u2b51\u2b51\u2b51\u2b51\u2b51) m\u00e4nniskor.<\/p>\n\n\n\n<p>The <em>quinta<\/em> har en vacker historia i sig sj\u00e4lv. Huset var en br\u00f6llopspresent fr\u00e5n Ant\u00f3nios farfars farfar Costa till Ant\u00f3nios farmor Am\u00e9lia. Ant\u00f3nio och alla kusinerna tillbringade sina ungdoms\u00e5r d\u00e4r. Sedan f\u00f6rst\u00f6rde en brand huset till st\u00f6rsta delen. I tre decennier var det en ruin. \u00c5r 2013 slutf\u00f6rde Patr\u00edcia och Ant\u00f3nio dess fullst\u00e4ndiga restaurering och modernisering. De skapade sitt liv tillsammans i gl\u00e4djens famn.<\/p>\n\n\n\n<figure class=\"wp-block-image alignwide size-large\"><img data-recalc-dims=\"1\" decoding=\"async\" width=\"950\" height=\"743\" src=\"https:\/\/i0.wp.com\/portugalizar.com\/wp-content\/uploads\/2022\/06\/Os-colecionadores-de-alegrias-de-viver.jpg?resize=950%2C743&#038;ssl=1\" alt=\"\" class=\"wp-image-1656\" srcset=\"https:\/\/i0.wp.com\/portugalizar.com\/wp-content\/uploads\/2022\/06\/Os-colecionadores-de-alegrias-de-viver-scaled.jpg?resize=1024%2C801&amp;ssl=1 1024w, https:\/\/i0.wp.com\/portugalizar.com\/wp-content\/uploads\/2022\/06\/Os-colecionadores-de-alegrias-de-viver-scaled.jpg?resize=300%2C235&amp;ssl=1 300w, https:\/\/i0.wp.com\/portugalizar.com\/wp-content\/uploads\/2022\/06\/Os-colecionadores-de-alegrias-de-viver-scaled.jpg?resize=768%2C601&amp;ssl=1 768w, https:\/\/i0.wp.com\/portugalizar.com\/wp-content\/uploads\/2022\/06\/Os-colecionadores-de-alegrias-de-viver-scaled.jpg?resize=1536%2C1202&amp;ssl=1 1536w, https:\/\/i0.wp.com\/portugalizar.com\/wp-content\/uploads\/2022\/06\/Os-colecionadores-de-alegrias-de-viver-scaled.jpg?resize=2048%2C1602&amp;ssl=1 2048w, https:\/\/i0.wp.com\/portugalizar.com\/wp-content\/uploads\/2022\/06\/Os-colecionadores-de-alegrias-de-viver-scaled.jpg?resize=15%2C12&amp;ssl=1 15w, https:\/\/i0.wp.com\/portugalizar.com\/wp-content\/uploads\/2022\/06\/Os-colecionadores-de-alegrias-de-viver-scaled.jpg?resize=2000%2C1565&amp;ssl=1 2000w, https:\/\/i0.wp.com\/portugalizar.com\/wp-content\/uploads\/2022\/06\/Os-colecionadores-de-alegrias-de-viver-scaled.jpg?w=1900&amp;ssl=1 1900w\" sizes=\"(max-width: 950px) 100vw, 950px\" \/><figcaption><strong>\"Os colecionadores de alegrias de viver\", 2022<\/strong><\/figcaption><\/figure>\n\n\n\n<p>Men livet har sina hinder. Vi har inget annat val \u00e4n att f\u00e5nga dem. V\u00e5rt val kommer n\u00e4r bollen landar i v\u00e5r handske. Vad ska vi g\u00f6ra h\u00e4rn\u00e4st? Patr\u00edcia och Ant\u00f3nio har f\u00e5ngat sin. <em>quinta<\/em> \u00e4r viktigt. Grunden f\u00f6r det liv som de har skapat tillsammans. Men nu, med den d\u00e4r kurva-bollen i handen, \u00e4r den <em>quinta<\/em> kommer i v\u00e4gen. Ett nytt liv v\u00e4ntar i gl\u00e4djens famn.<\/p>\n\n\n\n<h2 class=\"wp-block-heading\">Ta kurvan med full fart och ta livet med armar av gl\u00e4dje<\/h2>\n\n\n\n<p>Patr\u00edcia och Ant\u00f3nio har s\u00e5lt <em>den femte av de fem f\u00f6rsta av de fem av de fem av de fem av de fem av de fem av de fem av de fem av de fem av de fem<\/em>. Vi kommer att sakna dem, s\u00e4rskilt Tucker och Saga. De h\u00e5ller p\u00e5 att bygga upp ett nytt hem och ett nytt liv cirka 240 km nordost om Santa Luzia. De kommer fortfarande att ta emot g\u00e4ster och valpar, men utan de andra st\u00f6rningar som kan hindra samlingen av livets gl\u00e4dje\u00e4mnen. Deras dr\u00f6m \u00e4r att f\u00e5 lite mer tid. Tid f\u00f6r att sitta under stj\u00e4rnorna, framf\u00f6r en brasa, med ett glas vin i handen och varandras hand i den andra handen. Att leva varje \u00f6gonblick, varje timme, varje dag. <em>Parab\u00e9ns e boa sorte os meus amigos!<\/em><\/p>\n\n\n\n<p>V\u00e5ren 2020 var jag ute p\u00e5 en ensam promenad utan min iPhone. B\u00e5da \u00e4r n\u00e5got av en s\u00e4llsynthet. I det h\u00f6ga gr\u00e4set s\u00e5g jag en maskros. Den hade g\u00e5tt till glittrande, glittriga, glittriga fr\u00f6n. Eftersom jag \u00e4r lite av en l\u00f6jtnant, satte jag mig ner p\u00e5 marken framf\u00f6r den. F\u00f6r att jag ville och beh\u00f6vde ta in allt. F\u00f6r att komma ih\u00e5g. Precis som jag l\u00e5g nedstucken p\u00e5 mage och br\u00f6st. Huvudet hissat. En mjuk, mild bris andades ut. I ett \u00f6gonblick var varje skimrande fr\u00f6 uppe i luften. P\u00e5 v\u00e4g mot en ny framtid.<\/p>\n\n\n\n<figure class=\"wp-block-image alignwide size-large\"><img data-recalc-dims=\"1\" decoding=\"async\" width=\"950\" height=\"760\" src=\"https:\/\/i0.wp.com\/portugalizar.com\/wp-content\/uploads\/2022\/06\/51F398C5-E3F1-466E-BB48-BDC937C46D21.jpeg?resize=950%2C760&#038;ssl=1\" alt=\"\" class=\"wp-image-1477\" srcset=\"https:\/\/i0.wp.com\/portugalizar.com\/wp-content\/uploads\/2022\/06\/51F398C5-E3F1-466E-BB48-BDC937C46D21-scaled.jpeg?resize=1024%2C819&amp;ssl=1 1024w, https:\/\/i0.wp.com\/portugalizar.com\/wp-content\/uploads\/2022\/06\/51F398C5-E3F1-466E-BB48-BDC937C46D21-scaled.jpeg?resize=300%2C240&amp;ssl=1 300w, https:\/\/i0.wp.com\/portugalizar.com\/wp-content\/uploads\/2022\/06\/51F398C5-E3F1-466E-BB48-BDC937C46D21-scaled.jpeg?resize=768%2C614&amp;ssl=1 768w, https:\/\/i0.wp.com\/portugalizar.com\/wp-content\/uploads\/2022\/06\/51F398C5-E3F1-466E-BB48-BDC937C46D21-scaled.jpeg?resize=1536%2C1229&amp;ssl=1 1536w, https:\/\/i0.wp.com\/portugalizar.com\/wp-content\/uploads\/2022\/06\/51F398C5-E3F1-466E-BB48-BDC937C46D21-scaled.jpeg?resize=2048%2C1638&amp;ssl=1 2048w, https:\/\/i0.wp.com\/portugalizar.com\/wp-content\/uploads\/2022\/06\/51F398C5-E3F1-466E-BB48-BDC937C46D21-scaled.jpeg?resize=15%2C12&amp;ssl=1 15w, https:\/\/i0.wp.com\/portugalizar.com\/wp-content\/uploads\/2022\/06\/51F398C5-E3F1-466E-BB48-BDC937C46D21-scaled.jpeg?w=1900&amp;ssl=1 1900w\" sizes=\"(max-width: 950px) 100vw, 950px\" \/><figcaption><strong>\"Os Murm\u00farios\", 2020<\/strong><\/figcaption><\/figure>\n\n\n\n<p>Som dessa fj\u00e4derl\u00e4tta fr\u00f6n som b\u00e4rs upp av en mild andning. Och som \u00e4r p\u00e5 v\u00e4g mot en ny framtid. S\u00e5 v\u00e5ra liv f\u00f6ds ur och b\u00e4rs upp av kurvorna. Nu blandar vi metaforer. En sida v\u00e4nds. Det \u00e4r upp till oss att skriva n\u00e4sta kapitel. <\/p>\n\n\n\n<h2 class=\"wp-block-heading\">Att skriva n\u00e4sta kapitel<\/h2>\n\n\n\n<p>Som allt bra skrivande har skrivandet av ett bra liv vissa regler. Inte m\u00e5nga, men n\u00e5gra. Jag har uppt\u00e4ckt n\u00e5gra regler genom dessa tv\u00e5 m\u00f6ten. <\/p>\n\n\n\n<p>Fr\u00e5n mina sk\u00f6rdemaskiner. De minnen som jag kanske vill h\u00e5lla fast vid \u00e4r sv\u00e5rvunna och s\u00e4llsynta. Och de delas med m\u00e5nga och m\u00e5nga andra. Beh\u00e5ll dem f\u00f6r de \u00e4r alla rikedomar, s\u00f6tma och sm\u00f6riga l\u00e4ckerheter. Alla andra minnen. De som handlar om sm\u00e4llar och sk\u00e4rs\u00e5r, sl\u00e4ngar och pilar. Kanske \u00e4r det b\u00e4st att inte n\u00e4mna dem i n\u00e4sta kapitel, som jag tycker. Inte ens v\u00e4rda att inkluderas i det sista. Om jag hade varit en b\u00e4ttre redakt\u00f6r skulle de inte ha funnits d\u00e4r.<\/p>\n\n\n\n<p>Jag \u00e4r tacksam mot Patr\u00edcia och Ant\u00f3nio f\u00f6r att de p\u00e5minner mig om handlingsv\u00e4ndningar. De d\u00e4r kurvorna. De \u00e4r otroligt sv\u00e5ra att f\u00e5nga och att skriva \u00f6ver. Fan ta de d\u00e4r blandade metaforerna! Men mina plot twists f\u00f6rde mig till Portugal. Och jag \u00e4r otroligt tacksam \u00f6ver att skriva mitt n\u00e4sta kapitel h\u00e4r. Det kan helt enkelt bli mitt b\u00e4sta hittills. Jag ska i alla fall f\u00f6rs\u00f6ka g\u00f6ra det till det. Vi f\u00e5r se n\u00e4r vi kommer till min sista sida.<\/p>\n\n\n\n<h2 class=\"wp-block-heading\">Vad \"Livet i gl\u00e4djens famn\" verkligen betyder...<\/h2>\n\n\n\n<p>Lyssna nedan p\u00e5 <a href=\"https:\/\/playbill.com\/article\/cabaret-singer-nancy-lamott-dies-at-43-com-67618\" target=\"_blank\" rel=\"noreferrer noopener\">Nancy Lamont<\/a> om du vill ta reda p\u00e5 det. Liksom Mary Oliver visste hon det eftersom hon levde det, det vill s\u00e4ga hela sitt liv i gl\u00e4djens famn. Varje \u00f6gonblick...<\/p>\n\n\n\n<figure class=\"wp-block-embed alignwide is-type-video is-provider-youtube wp-block-embed-youtube wp-embed-aspect-16-9 wp-has-aspect-ratio\"><div class=\"wp-block-embed__wrapper\">\n<iframe title=\"Nancy LaMott - Vi lever p\u00e5 l\u00e5nad tid\" width=\"950\" height=\"534\" src=\"https:\/\/www.youtube.com\/embed\/jkRxX1C4Cuc?feature=oembed\" frameborder=\"0\" allow=\"accelerometer; autoplay; clipboard-write; encrypted-media; gyroscope; picture-in-picture\" allowfullscreen><\/iframe>\n<\/div><\/figure>\n\n\n\n<p><em>Obrigado por se juntarem a mim hoje. Aproveitem este primeiro fim-de-semana de Ver\u00e3o. At\u00e9 \u00e0 proxima quinta! <\/em>\/\/ Tack f\u00f6r att du \u00e4r med i dag. Njut av denna f\u00f6rsta sommarhelg. Vi ses n\u00e4sta torsdag!<\/p>\n\n\n\n<h2 class=\"wp-block-heading\">S\u00e4rskilda anm\u00e4rkningar<\/h2>\n\n\n\n<p>Precis som mitt tema idag \u00e4r min snigelm\u00e5lning en kopierad id\u00e9, inte mitt eget original. Jag har kopierat den h\u00e4r id\u00e9n fr\u00e5n en favoritm\u00e5lning. <em><a href=\"https:\/\/www.musee-orsay.fr\/en\/artworks\/des-glaneuses-342\" target=\"_blank\" rel=\"noreferrer noopener\">Des glaneuses<\/a><\/em> (The Gleaners) av Jean-Fran\u00e7ois Millet \u00e4r p\u00e5 den <a href=\"https:\/\/www.musee-orsay.fr\/en\" target=\"_blank\" rel=\"noreferrer noopener\">Musee d'Orsay<\/a> i Paris. Jag bes\u00f6ker <em>d'Orsay<\/em> s\u00e5 ofta jag kan. Jag st\u00e5r framf\u00f6r <em>Des glaneuses<\/em> s\u00e5 l\u00e4nge som m\u00f6jligt. Men det \u00e4r inte s\u00e5 att det finns folkmassor som f\u00f6rs\u00f6ker ta selfies d\u00e4r. Jag tr\u00e4ffade f\u00f6rst <em>Des glaneuses<\/em> p\u00e5 gymnasiet, i min l\u00e4robok i konsthistoria. Jag blev f\u00f6rtrollad av den d\u00e5 och har varit det sedan dess. Nu, ett halvt sekel senare, b\u00f6rjar jag f\u00f6rst\u00e5 varf\u00f6r.<\/p>\n\n\n\n<p>Mitt portr\u00e4tt av Patr\u00edcia och Ant\u00f3nio, <em>\"Os colecionadores de alegrias de viver\"<\/em>Det \u00e4r f\u00f6rsta g\u00e5ngen f\u00f6r mig. Min f\u00f6rsta d\u00e4r motivet faktiskt vet att jag m\u00e5lar dem. Jag hade fr\u00e5gat dem om jag fick g\u00f6ra det. De bj\u00f6d mig v\u00e4nligt in en dag. Det var deras sista olivsk\u00f6rd p\u00e5 g\u00e5rden. <em>quinta<\/em>. Jag tog en massa fotografier av dem vid sidan av deras favorit <em>oliveira<\/em>. N\u00e4r jag m\u00e5lade dem lade jag till <em>Casa da Av\u00f3 Amelia<\/em> bakom dem. Den m\u00e5ste vara d\u00e4r. Som ett annat f\u00f6rsta f\u00f6rs\u00f6k l\u00e4t jag trycka deras portr\u00e4tt p\u00e5 duk och rama in dem. Min tackg\u00e5va till dem.<\/p>\n\n\n\n<p>Slutligen kan \"curveball\" vara en specifikt amerikansk term. Det \u00e4r en smygande kast i basebollspelet. Den har en ned\u00e5tg\u00e5ende rotation. Detta g\u00f6r att bollen sjunker. Sedan v\u00e4nder den \u00e5t sidan. Den n\u00e4rmar sig slagmannen p\u00e5 den andra sidan fr\u00e5n vilken den kastades. Slagmannen vet inte vad han eller hon kan f\u00f6rv\u00e4nta sig.<\/p>","protected":false},"excerpt":{"rendered":"<p>Att tr\u00e4ffa nya m\u00e4nniskor h\u00e4r i Santa Luzia ger mig nya l\u00e4rdomar. Inte bara om portugisiska och portugisiska seder och traditioner. Utan ocks\u00e5 om mig sj\u00e4lv och om det goda livet. L\u00e4s mer.<\/p>","protected":false},"author":1,"featured_media":1477,"comment_status":"open","ping_status":"closed","sticky":false,"template":"","format":"standard","meta":{"nf_dc_page":"","om_disable_all_campaigns":false,"_monsterinsights_skip_tracking":false,"_monsterinsights_sitenote_active":false,"_monsterinsights_sitenote_note":"","_monsterinsights_sitenote_category":0,"_themeisle_gutenberg_block_has_review":false,"_jetpack_memberships_contains_paid_content":false,"footnotes":""},"categories":[8,6],"tags":[],"class_list":["post-1441","post","type-post","status-publish","format-standard","has-post-thumbnail","hentry","category-culture-customs","category-people"],"yoast_head":"<!-- This site is optimized with the Yoast SEO plugin v27.4 - https:\/\/yoast.com\/product\/yoast-seo-wordpress\/ -->\n<title>In The Arms of Joy For All My Life - PORTUGALIZAR<\/title>\n<meta name=\"description\" content=\"If at our final end we can say that \u201cI lived in the arms of joy for all my life\u201c, then, only then, will we know that we have had a good life.\" \/>\n<meta name=\"robots\" content=\"index, follow, max-snippet:-1, max-image-preview:large, max-video-preview:-1\" \/>\n<link rel=\"canonical\" href=\"https:\/\/portugalizar.com\/sv\/in-the-arms-of-joy\/\" \/>\n<meta property=\"og:locale\" content=\"sv_SE\" \/>\n<meta property=\"og:type\" content=\"article\" \/>\n<meta property=\"og:title\" content=\"In The Arms of Joy For All My Life - PORTUGALIZAR\" \/>\n<meta property=\"og:description\" content=\"If at our final end we can say that \u201cI lived in the arms of joy for all my life\u201c, then, only then, will we know that we have had a good life.\" \/>\n<meta property=\"og:url\" content=\"https:\/\/portugalizar.com\/sv\/in-the-arms-of-joy\/\" \/>\n<meta property=\"og:site_name\" content=\"PORTUGALIZAR\" \/>\n<meta property=\"article:published_time\" content=\"2022-06-23T04:00:00+00:00\" \/>\n<meta property=\"article:modified_time\" content=\"2022-06-23T09:54:49+00:00\" \/>\n<meta property=\"og:image\" content=\"https:\/\/portugalizar.com\/wp-content\/uploads\/2022\/06\/51F398C5-E3F1-466E-BB48-BDC937C46D21-scaled.jpeg\" \/>\n\t<meta property=\"og:image:width\" content=\"2560\" \/>\n\t<meta property=\"og:image:height\" content=\"2048\" \/>\n\t<meta property=\"og:image:type\" content=\"image\/jpeg\" \/>\n<meta name=\"author\" content=\"Gui\" \/>\n<meta name=\"twitter:card\" content=\"summary_large_image\" \/>\n<meta name=\"twitter:label1\" content=\"Skriven av\" \/>\n\t<meta name=\"twitter:data1\" content=\"Gui\" \/>\n\t<meta name=\"twitter:label2\" content=\"Ber\u00e4knad l\u00e4stid\" \/>\n\t<meta name=\"twitter:data2\" content=\"9 minuter\" \/>\n<script type=\"application\/ld+json\" class=\"yoast-schema-graph\">{\"@context\":\"https:\\\/\\\/schema.org\",\"@graph\":[{\"@type\":\"Article\",\"@id\":\"https:\\\/\\\/portugalizar.com\\\/in-the-arms-of-joy\\\/#article\",\"isPartOf\":{\"@id\":\"https:\\\/\\\/portugalizar.com\\\/in-the-arms-of-joy\\\/\"},\"author\":{\"name\":\"Gui\",\"@id\":\"https:\\\/\\\/portugalizar.com\\\/#\\\/schema\\\/person\\\/1f60af48f39895b897e26d9d92ecf6db\"},\"headline\":\"In The Arms of Joy For All My Life\",\"datePublished\":\"2022-06-23T04:00:00+00:00\",\"dateModified\":\"2022-06-23T09:54:49+00:00\",\"mainEntityOfPage\":{\"@id\":\"https:\\\/\\\/portugalizar.com\\\/in-the-arms-of-joy\\\/\"},\"wordCount\":1778,\"commentCount\":10,\"publisher\":{\"@id\":\"https:\\\/\\\/portugalizar.com\\\/#organization\"},\"image\":{\"@id\":\"https:\\\/\\\/portugalizar.com\\\/in-the-arms-of-joy\\\/#primaryimage\"},\"thumbnailUrl\":\"https:\\\/\\\/i0.wp.com\\\/portugalizar.com\\\/wp-content\\\/uploads\\\/2022\\\/06\\\/51F398C5-E3F1-466E-BB48-BDC937C46D21-scaled.jpeg?fit=2560%2C2048&ssl=1\",\"articleSection\":[\"Culture &amp; Customs\",\"People\"],\"inLanguage\":\"sv-SE\",\"potentialAction\":[{\"@type\":\"CommentAction\",\"name\":\"Comment\",\"target\":[\"https:\\\/\\\/portugalizar.com\\\/in-the-arms-of-joy\\\/#respond\"]}]},{\"@type\":\"WebPage\",\"@id\":\"https:\\\/\\\/portugalizar.com\\\/in-the-arms-of-joy\\\/\",\"url\":\"https:\\\/\\\/portugalizar.com\\\/in-the-arms-of-joy\\\/\",\"name\":\"In The Arms of Joy For All My Life - PORTUGALIZAR\",\"isPartOf\":{\"@id\":\"https:\\\/\\\/portugalizar.com\\\/#website\"},\"primaryImageOfPage\":{\"@id\":\"https:\\\/\\\/portugalizar.com\\\/in-the-arms-of-joy\\\/#primaryimage\"},\"image\":{\"@id\":\"https:\\\/\\\/portugalizar.com\\\/in-the-arms-of-joy\\\/#primaryimage\"},\"thumbnailUrl\":\"https:\\\/\\\/i0.wp.com\\\/portugalizar.com\\\/wp-content\\\/uploads\\\/2022\\\/06\\\/51F398C5-E3F1-466E-BB48-BDC937C46D21-scaled.jpeg?fit=2560%2C2048&ssl=1\",\"datePublished\":\"2022-06-23T04:00:00+00:00\",\"dateModified\":\"2022-06-23T09:54:49+00:00\",\"description\":\"If at our final end we can say that \u201cI lived in the arms of joy for all my life\u201c, then, only then, will we know that we have had a good life.\",\"breadcrumb\":{\"@id\":\"https:\\\/\\\/portugalizar.com\\\/in-the-arms-of-joy\\\/#breadcrumb\"},\"inLanguage\":\"sv-SE\",\"potentialAction\":[{\"@type\":\"ReadAction\",\"target\":[\"https:\\\/\\\/portugalizar.com\\\/in-the-arms-of-joy\\\/\"]}]},{\"@type\":\"ImageObject\",\"inLanguage\":\"sv-SE\",\"@id\":\"https:\\\/\\\/portugalizar.com\\\/in-the-arms-of-joy\\\/#primaryimage\",\"url\":\"https:\\\/\\\/i0.wp.com\\\/portugalizar.com\\\/wp-content\\\/uploads\\\/2022\\\/06\\\/51F398C5-E3F1-466E-BB48-BDC937C46D21-scaled.jpeg?fit=2560%2C2048&ssl=1\",\"contentUrl\":\"https:\\\/\\\/i0.wp.com\\\/portugalizar.com\\\/wp-content\\\/uploads\\\/2022\\\/06\\\/51F398C5-E3F1-466E-BB48-BDC937C46D21-scaled.jpeg?fit=2560%2C2048&ssl=1\",\"width\":2560,\"height\":2048,\"caption\":\"\\\"Os Murm\u00farios\\\", 2020\"},{\"@type\":\"BreadcrumbList\",\"@id\":\"https:\\\/\\\/portugalizar.com\\\/in-the-arms-of-joy\\\/#breadcrumb\",\"itemListElement\":[{\"@type\":\"ListItem\",\"position\":1,\"name\":\"Home\",\"item\":\"https:\\\/\\\/portugalizar.com\\\/\"},{\"@type\":\"ListItem\",\"position\":2,\"name\":\"In The Arms of Joy For All My Life\"}]},{\"@type\":\"WebSite\",\"@id\":\"https:\\\/\\\/portugalizar.com\\\/#website\",\"url\":\"https:\\\/\\\/portugalizar.com\\\/\",\"name\":\"PORTUGALIZAR\",\"description\":\"\",\"publisher\":{\"@id\":\"https:\\\/\\\/portugalizar.com\\\/#organization\"},\"potentialAction\":[{\"@type\":\"SearchAction\",\"target\":{\"@type\":\"EntryPoint\",\"urlTemplate\":\"https:\\\/\\\/portugalizar.com\\\/?s={search_term_string}\"},\"query-input\":{\"@type\":\"PropertyValueSpecification\",\"valueRequired\":true,\"valueName\":\"search_term_string\"}}],\"inLanguage\":\"sv-SE\"},{\"@type\":\"Organization\",\"@id\":\"https:\\\/\\\/portugalizar.com\\\/#organization\",\"name\":\"PORTUGALIZAR\",\"url\":\"https:\\\/\\\/portugalizar.com\\\/\",\"logo\":{\"@type\":\"ImageObject\",\"inLanguage\":\"sv-SE\",\"@id\":\"https:\\\/\\\/portugalizar.com\\\/#\\\/schema\\\/logo\\\/image\\\/\",\"url\":\"\",\"contentUrl\":\"\",\"caption\":\"PORTUGALIZAR\"},\"image\":{\"@id\":\"https:\\\/\\\/portugalizar.com\\\/#\\\/schema\\\/logo\\\/image\\\/\"}},{\"@type\":\"Person\",\"@id\":\"https:\\\/\\\/portugalizar.com\\\/#\\\/schema\\\/person\\\/1f60af48f39895b897e26d9d92ecf6db\",\"name\":\"Gui\",\"image\":{\"@type\":\"ImageObject\",\"inLanguage\":\"sv-SE\",\"@id\":\"https:\\\/\\\/secure.gravatar.com\\\/avatar\\\/0bef00a699e73fc60016c16a6f44683b2a027bb1b48a4b3973732af4cc636712?s=96&d=mm&r=g\",\"url\":\"https:\\\/\\\/secure.gravatar.com\\\/avatar\\\/0bef00a699e73fc60016c16a6f44683b2a027bb1b48a4b3973732af4cc636712?s=96&d=mm&r=g\",\"contentUrl\":\"https:\\\/\\\/secure.gravatar.com\\\/avatar\\\/0bef00a699e73fc60016c16a6f44683b2a027bb1b48a4b3973732af4cc636712?s=96&d=mm&r=g\",\"caption\":\"Gui\"},\"url\":\"https:\\\/\\\/portugalizar.com\\\/sv\\\/author\\\/spestheonlyone\\\/\"}]}<\/script>\n<!-- \/ Yoast SEO plugin. -->","yoast_head_json":{"title":"In The Arms of Joy For All My Life - PORTUGALIZAR","description":"If at our final end we can say that \u201cI lived in the arms of joy for all my life\u201c, then, only then, will we know that we have had a good life.","robots":{"index":"index","follow":"follow","max-snippet":"max-snippet:-1","max-image-preview":"max-image-preview:large","max-video-preview":"max-video-preview:-1"},"canonical":"https:\/\/portugalizar.com\/sv\/in-the-arms-of-joy\/","og_locale":"sv_SE","og_type":"article","og_title":"In The Arms of Joy For All My Life - PORTUGALIZAR","og_description":"If at our final end we can say that \u201cI lived in the arms of joy for all my life\u201c, then, only then, will we know that we have had a good life.","og_url":"https:\/\/portugalizar.com\/sv\/in-the-arms-of-joy\/","og_site_name":"PORTUGALIZAR","article_published_time":"2022-06-23T04:00:00+00:00","article_modified_time":"2022-06-23T09:54:49+00:00","og_image":[{"width":2560,"height":2048,"url":"https:\/\/portugalizar.com\/wp-content\/uploads\/2022\/06\/51F398C5-E3F1-466E-BB48-BDC937C46D21-scaled.jpeg","type":"image\/jpeg"}],"author":"Gui","twitter_card":"summary_large_image","twitter_misc":{"Skriven av":"Gui","Ber\u00e4knad l\u00e4stid":"9 minuter"},"schema":{"@context":"https:\/\/schema.org","@graph":[{"@type":"Article","@id":"https:\/\/portugalizar.com\/in-the-arms-of-joy\/#article","isPartOf":{"@id":"https:\/\/portugalizar.com\/in-the-arms-of-joy\/"},"author":{"name":"Gui","@id":"https:\/\/portugalizar.com\/#\/schema\/person\/1f60af48f39895b897e26d9d92ecf6db"},"headline":"In The Arms of Joy For All My Life","datePublished":"2022-06-23T04:00:00+00:00","dateModified":"2022-06-23T09:54:49+00:00","mainEntityOfPage":{"@id":"https:\/\/portugalizar.com\/in-the-arms-of-joy\/"},"wordCount":1778,"commentCount":10,"publisher":{"@id":"https:\/\/portugalizar.com\/#organization"},"image":{"@id":"https:\/\/portugalizar.com\/in-the-arms-of-joy\/#primaryimage"},"thumbnailUrl":"https:\/\/i0.wp.com\/portugalizar.com\/wp-content\/uploads\/2022\/06\/51F398C5-E3F1-466E-BB48-BDC937C46D21-scaled.jpeg?fit=2560%2C2048&ssl=1","articleSection":["Culture &amp; Customs","People"],"inLanguage":"sv-SE","potentialAction":[{"@type":"CommentAction","name":"Comment","target":["https:\/\/portugalizar.com\/in-the-arms-of-joy\/#respond"]}]},{"@type":"WebPage","@id":"https:\/\/portugalizar.com\/in-the-arms-of-joy\/","url":"https:\/\/portugalizar.com\/in-the-arms-of-joy\/","name":"In The Arms of Joy For All My Life - PORTUGALIZAR","isPartOf":{"@id":"https:\/\/portugalizar.com\/#website"},"primaryImageOfPage":{"@id":"https:\/\/portugalizar.com\/in-the-arms-of-joy\/#primaryimage"},"image":{"@id":"https:\/\/portugalizar.com\/in-the-arms-of-joy\/#primaryimage"},"thumbnailUrl":"https:\/\/i0.wp.com\/portugalizar.com\/wp-content\/uploads\/2022\/06\/51F398C5-E3F1-466E-BB48-BDC937C46D21-scaled.jpeg?fit=2560%2C2048&ssl=1","datePublished":"2022-06-23T04:00:00+00:00","dateModified":"2022-06-23T09:54:49+00:00","description":"If at our final end we can say that \u201cI lived in the arms of joy for all my life\u201c, then, only then, will we know that we have had a good life.","breadcrumb":{"@id":"https:\/\/portugalizar.com\/in-the-arms-of-joy\/#breadcrumb"},"inLanguage":"sv-SE","potentialAction":[{"@type":"ReadAction","target":["https:\/\/portugalizar.com\/in-the-arms-of-joy\/"]}]},{"@type":"ImageObject","inLanguage":"sv-SE","@id":"https:\/\/portugalizar.com\/in-the-arms-of-joy\/#primaryimage","url":"https:\/\/i0.wp.com\/portugalizar.com\/wp-content\/uploads\/2022\/06\/51F398C5-E3F1-466E-BB48-BDC937C46D21-scaled.jpeg?fit=2560%2C2048&ssl=1","contentUrl":"https:\/\/i0.wp.com\/portugalizar.com\/wp-content\/uploads\/2022\/06\/51F398C5-E3F1-466E-BB48-BDC937C46D21-scaled.jpeg?fit=2560%2C2048&ssl=1","width":2560,"height":2048,"caption":"\"Os Murm\u00farios\", 2020"},{"@type":"BreadcrumbList","@id":"https:\/\/portugalizar.com\/in-the-arms-of-joy\/#breadcrumb","itemListElement":[{"@type":"ListItem","position":1,"name":"Home","item":"https:\/\/portugalizar.com\/"},{"@type":"ListItem","position":2,"name":"In The Arms of Joy For All My Life"}]},{"@type":"WebSite","@id":"https:\/\/portugalizar.com\/#website","url":"https:\/\/portugalizar.com\/","name":"PORTUGALIZAR","description":"","publisher":{"@id":"https:\/\/portugalizar.com\/#organization"},"potentialAction":[{"@type":"SearchAction","target":{"@type":"EntryPoint","urlTemplate":"https:\/\/portugalizar.com\/?s={search_term_string}"},"query-input":{"@type":"PropertyValueSpecification","valueRequired":true,"valueName":"search_term_string"}}],"inLanguage":"sv-SE"},{"@type":"Organization","@id":"https:\/\/portugalizar.com\/#organization","name":"PORTUGALIZAR","url":"https:\/\/portugalizar.com\/","logo":{"@type":"ImageObject","inLanguage":"sv-SE","@id":"https:\/\/portugalizar.com\/#\/schema\/logo\/image\/","url":"","contentUrl":"","caption":"PORTUGALIZAR"},"image":{"@id":"https:\/\/portugalizar.com\/#\/schema\/logo\/image\/"}},{"@type":"Person","@id":"https:\/\/portugalizar.com\/#\/schema\/person\/1f60af48f39895b897e26d9d92ecf6db","name":"Gui","image":{"@type":"ImageObject","inLanguage":"sv-SE","@id":"https:\/\/secure.gravatar.com\/avatar\/0bef00a699e73fc60016c16a6f44683b2a027bb1b48a4b3973732af4cc636712?s=96&d=mm&r=g","url":"https:\/\/secure.gravatar.com\/avatar\/0bef00a699e73fc60016c16a6f44683b2a027bb1b48a4b3973732af4cc636712?s=96&d=mm&r=g","contentUrl":"https:\/\/secure.gravatar.com\/avatar\/0bef00a699e73fc60016c16a6f44683b2a027bb1b48a4b3973732af4cc636712?s=96&d=mm&r=g","caption":"Gui"},"url":"https:\/\/portugalizar.com\/sv\/author\/spestheonlyone\/"}]}},"jetpack_featured_media_url":"https:\/\/i0.wp.com\/portugalizar.com\/wp-content\/uploads\/2022\/06\/51F398C5-E3F1-466E-BB48-BDC937C46D21-scaled.jpeg?fit=2560%2C2048&ssl=1","jetpack-related-posts":[],"jetpack_sharing_enabled":true,"_links":{"self":[{"href":"https:\/\/portugalizar.com\/sv\/wp-json\/wp\/v2\/posts\/1441","targetHints":{"allow":["GET"]}}],"collection":[{"href":"https:\/\/portugalizar.com\/sv\/wp-json\/wp\/v2\/posts"}],"about":[{"href":"https:\/\/portugalizar.com\/sv\/wp-json\/wp\/v2\/types\/post"}],"author":[{"embeddable":true,"href":"https:\/\/portugalizar.com\/sv\/wp-json\/wp\/v2\/users\/1"}],"replies":[{"embeddable":true,"href":"https:\/\/portugalizar.com\/sv\/wp-json\/wp\/v2\/comments?post=1441"}],"version-history":[{"count":5,"href":"https:\/\/portugalizar.com\/sv\/wp-json\/wp\/v2\/posts\/1441\/revisions"}],"predecessor-version":[{"id":1900,"href":"https:\/\/portugalizar.com\/sv\/wp-json\/wp\/v2\/posts\/1441\/revisions\/1900"}],"wp:featuredmedia":[{"embeddable":true,"href":"https:\/\/portugalizar.com\/sv\/wp-json\/wp\/v2\/media\/1477"}],"wp:attachment":[{"href":"https:\/\/portugalizar.com\/sv\/wp-json\/wp\/v2\/media?parent=1441"}],"wp:term":[{"taxonomy":"category","embeddable":true,"href":"https:\/\/portugalizar.com\/sv\/wp-json\/wp\/v2\/categories?post=1441"},{"taxonomy":"post_tag","embeddable":true,"href":"https:\/\/portugalizar.com\/sv\/wp-json\/wp\/v2\/tags?post=1441"}],"curies":[{"name":"wp","href":"https:\/\/api.w.org\/{rel}","templated":true}]}}