{"id":1348,"date":"2022-05-26T04:00:00","date_gmt":"2022-05-26T04:00:00","guid":{"rendered":"https:\/\/portugalizar.com\/?p=1348"},"modified":"2022-05-26T19:05:22","modified_gmt":"2022-05-26T19:05:22","slug":"that-fantastic-thing","status":"publish","type":"post","link":"https:\/\/portugalizar.com\/sv\/that-fantastic-thing\/","title":{"rendered":"Den fantastiska saken, galet och dumt,<br>G\u00f6r det igen!"},"content":{"rendered":"<p><em>\u00c9 bom ter-te de volta! Obrigado por teres vindo!<\/em> \/\/ Det \u00e4r sk\u00f6nt att ha dig tillbaka! Tack f\u00f6r att du kom! Kommer ni ih\u00e5g att jag halverade f\u00f6rra veckans inl\u00e4gg? Herregud, det enda inl\u00e4gget skulle ha varit l\u00e5ngt!  N\u00e5v\u00e4l, det h\u00e4r \u00e4r del tv\u00e5. B\u00e5da handlar om ett liknande tema, det vill s\u00e4ga det fantastiska som kallas livet i Santa Luzia. Men den h\u00e4r veckan kikar vi in fr\u00e5n en annan vinkel.<\/p>\n\n\n\n<p>Innan vi g\u00e5r in p\u00e5 dagens inl\u00e4gg vill jag ber\u00e4tta lite om m\u00e5lningarna nedan. Alla fyra \u00e4r fr\u00e5n b\u00f6rjan av 2020, n\u00e4r jag b\u00f6rjade b\u00f6rja pyssla med m\u00e5leri. De h\u00e4rstammar fr\u00e5n tiden innan jag b\u00f6rjade utveckla <a href=\"https:\/\/portugalizar.com\/sv\/a-new-lanuage\/\" target=\"_blank\" rel=\"noreferrer noopener\"><strong>mitt spr\u00e5k<\/strong><\/a>s\u00e5 att s\u00e4ga.<\/p>\n\n\n\n<p>Jag \u00e4r lite generad av de tv\u00e5 f\u00f6rsta, s\u00e4rskilt de tv\u00e5 f\u00f6rsta. Men jag vill \u00e4nd\u00e5 visa dem f\u00f6r er. Jag tror att de hj\u00e4lper till att f\u00f6rmedla en del av det jag vill dela med mig av i dag. Och jag tycker inte att de \u00e4r s\u00e5 fruktansv\u00e4rt utf\u00f6rda. Men jag k\u00e4mpade dock ganska mycket med perspektivet.<\/p>\n\n\n\n<p>De tv\u00e5 f\u00f6rsta, <em>\"N\u00e3o Se Apaga!\"<\/em> och <em>\"A Janela Aberta\"<\/em>, \u00e4r ocks\u00e5 lite \"f\u00e5niga\". Byggnaderna med graffiti och stora fina f\u00f6nster finns faktiskt h\u00e4r i Santa Luzia. M\u00e4nniskorna har jag d\u00e4remot fantiserat ihop. Jag m\u00e5lade dem efter bilder i tidningar. M\u00e5lningarna i sig \u00e4r allegorier <em>\u00e0 la<\/em> <a href=\"https:\/\/www.wikiart.org\/en\/william-blake\" target=\"_blank\" rel=\"noreferrer noopener\">William Blake<\/a> och <a href=\"https:\/\/www.wikiart.org\/en\/henri-rousseau\" target=\"_blank\" rel=\"noreferrer noopener\">Henri Rousseau<\/a>, om inte i deras stilar, s\u00e5 kanske i deras <em>naivitet<\/em>. Jag h\u00f6ll p\u00e5 att leka med tanken p\u00e5 att skapa bildber\u00e4ttelser. Men det verkade p\u00e5tvingat och d\u00e4rf\u00f6r \u00f6vergav jag id\u00e9n.<\/p>\n\n\n\n<p>Nu till det verkliga \u00e4mnet f\u00f6r det h\u00e4r inl\u00e4gget, dvs. den d\u00e4r fantastiska saken.<\/p>\n\n\n\n<h2 class=\"wp-block-heading\"><em>Bom<\/em> och <em>Boa<\/em> - The Goods - G\u00e5 saknas<\/h2>\n\n\n\n<p>Jag n\u00e4mnde i en <strong><a href=\"https:\/\/portugalizar.com\/sv\/quite-a-lot\/\" target=\"_blank\" rel=\"noreferrer noopener\">tidigare inl\u00e4gg<\/a><\/strong> att portugiserna vanligtvis h\u00e4lsar p\u00e5 varandra med en tid p\u00e5 dagen. Det \u00e4r troligare att du h\u00f6r <em>bom dia<\/em> \/ <em>boa tarde<\/em> \/ <em>boa noite<\/em> i st\u00e4llet f\u00f6r <em>ol\u00e1<\/em>. M\u00e4nniskor h\u00e4r anv\u00e4nder <em>ol\u00e1<\/em> mer och mer, men jag tycker att det verkar vara en anpassning till nordamerikaner, s\u00e4rskilt till folk fr\u00e5n USA.<\/p>\n\n\n\n<p>Jag har dock noterat att den \"goda\" delen av h\u00e4lsningen, dvs. <em>bom<\/em> \/ <em>boa<\/em> f\u00f6re klockslaget, sv\u00e4ljs eller f\u00f6rsvinner helt och h\u00e5llet i uttalandet. Den h\u00f6rbara delen \u00e4r ett d\u00e4mpat och helt nedtystat <em>dia<\/em> eller .<em> tarde<\/em>. Bara som en parentes, n\u00e4r det g\u00e4ller <em>boa noite<\/em>Jag vet inte vad som egentligen s\u00e4gs, eftersom Z\u00e9 och jag inte \u00e4r nattm\u00e4nniskor.<\/p>\n\n\n\n<p>Jag h\u00e4lsar alltid p\u00e5 folk med min noggrant och v\u00e4lformulerade <em>bom dia<\/em> eller . <em>boa tarde<\/em>. Det d\u00e4mpade, om \u00e4n entusiastiska, gensvaret fr\u00e5n den obeledsagade <em>dia<\/em> eller . <em>tarde<\/em> har f\u00e5tt mig att fundera \u00f6ver avsiktlighet. \u00c4r det s\u00e5 att portugiserna i allm\u00e4nhet och p\u00e5 riktigt inte k\u00e4nner sig n\u00f6jda med sina liv s\u00e5 att de sl\u00e4pper det \"goda\"?<\/p>\n\n\n\n<p>Jag har fr\u00e5gat ett par personer som jag har tr\u00e4ffat h\u00e4r varf\u00f6r just <em>dia<\/em> och inte <em>bom dia<\/em>Varf\u00f6r ska man d\u00e5 ta bort det goda? Den f\u00f6rsta personen jag fr\u00e5gade \u00e4r en ung kvinna p\u00e5 25 \u00e5r. Den andra personen \u00e4r en \u00e4ldre herre i slutet av sjuttiotalet, antar jag. Jag ska dela med mig av deras tv\u00e5 mycket liknande svar fr\u00e5n deras helt olika perspektiv.<\/p>\n\n\n\n<h2 class=\"wp-block-heading\">Denna fantastiska sak! Livet \u00e4r bra!<\/h2>\n\n\n\n<p>Ver\u00f3nica, den unga kvinnan, svarade p\u00e5 min uppenbart dumma fr\u00e5ga: \"Allt \u00e4r bra... himlen \u00e4r bl\u00e5, dagen \u00e4r varm, stranden ligger d\u00e4r borta. Och varje dag \u00e4r samma sak, varje dag \u00e4r bra; himlen \u00e4r bl\u00e5, solen \u00e4r varm och d\u00e4r borta finns stranden.\" N\u00e4r hon gick tillbaka till sitt hus efter ytterligare samtal s\u00e5g jag henne h\u00e4lsa p\u00e5 en \u00e4ldre kvinna... Jag visste att hon var uppriktig. Deras interaktion var full av mildhet och t\u00e5lamod; Ver\u00f3nica smekte kvinnans axel med sin hand innan hon gick vidare.<\/p>\n\n\n\n<p><em>O Senhor<\/em>, eftersom jag bara k\u00e4nner denna \u00e4ldre man p\u00e5 den n\u00f6dv\u00e4ndiga portugisiska formalismen, svarade jag mer direkt, men lika poetiskt. \"Jag \u00e4r h\u00e4r i morse.\" Precis som i den filosofiska graffitien \"n\u00e3o se apaga\" har han inte raderats och kommer inte att raderas heller. Jag f\u00f6rstod hans avsikt omedelbart. Om man i hans \u00e5lder kan h\u00e4lsa p\u00e5 en annan m\u00e4nniska \u00e4r det uppenbarligen en bra dag.<\/p>\n\n\n\n<figure class=\"wp-block-image alignwide size-large\"><img data-recalc-dims=\"1\" fetchpriority=\"high\" decoding=\"async\" width=\"950\" height=\"681\" src=\"https:\/\/i0.wp.com\/portugalizar.com\/wp-content\/uploads\/2022\/05\/0DFB2783-00E1-4CBC-B5E8-0B14111A42E5-scaled-e1652634307872-1024x734.jpeg?resize=950%2C681&#038;ssl=1\" alt=\"\" class=\"wp-image-1376\" srcset=\"https:\/\/i0.wp.com\/portugalizar.com\/wp-content\/uploads\/2022\/05\/0DFB2783-00E1-4CBC-B5E8-0B14111A42E5-scaled-e1652634307872.jpeg?resize=1024%2C734&amp;ssl=1 1024w, https:\/\/i0.wp.com\/portugalizar.com\/wp-content\/uploads\/2022\/05\/0DFB2783-00E1-4CBC-B5E8-0B14111A42E5-scaled-e1652634307872.jpeg?resize=300%2C215&amp;ssl=1 300w, https:\/\/i0.wp.com\/portugalizar.com\/wp-content\/uploads\/2022\/05\/0DFB2783-00E1-4CBC-B5E8-0B14111A42E5-scaled-e1652634307872.jpeg?resize=768%2C550&amp;ssl=1 768w, https:\/\/i0.wp.com\/portugalizar.com\/wp-content\/uploads\/2022\/05\/0DFB2783-00E1-4CBC-B5E8-0B14111A42E5-scaled-e1652634307872.jpeg?resize=1536%2C1101&amp;ssl=1 1536w, https:\/\/i0.wp.com\/portugalizar.com\/wp-content\/uploads\/2022\/05\/0DFB2783-00E1-4CBC-B5E8-0B14111A42E5-scaled-e1652634307872.jpeg?resize=18%2C12&amp;ssl=1 18w, https:\/\/i0.wp.com\/portugalizar.com\/wp-content\/uploads\/2022\/05\/0DFB2783-00E1-4CBC-B5E8-0B14111A42E5-scaled-e1652634307872.jpeg?w=1920&amp;ssl=1 1920w\" sizes=\"(max-width: 950px) 100vw, 950px\" \/><figcaption>\"N\u00e3o Se Apaga\", 2020<\/figcaption><\/figure>\n\n\n\n<p>Vi talade utanf\u00f6r hans mycket blygsamma hus som ligger vid en av dessa grusv\u00e4gar. Jag hade tr\u00e4ffat honom m\u00e5nga g\u00e5nger tidigare, och vi pratade kort vid flera tillf\u00e4llen. Han arbetar fortfarande h\u00e5rt med att pl\u00f6ja, plantera och sk\u00f6rda en liten bit mark. Han lever p\u00e5 egen hand men inte ensam. N\u00e5gra getter bor hos honom och en katt. Plus familj och v\u00e4nner som kommer och g\u00e5r ofta, har jag m\u00e4rkt. <\/p>\n\n\n\n<h2 class=\"wp-block-heading\">Det \u00e4r inte l\u00e4tt, men...<\/h2>\n\n\n\n<p>Ver\u00f3nica har f\u00f6rhoppningar och dr\u00f6mmar, som en person i hennes \u00e5lder b\u00f6r och m\u00e5ste ha. F\u00f6r henne \u00e4r f\u00f6nstret till livet vid\u00f6ppet. Hon och en v\u00e4n hade startat ett f\u00f6retag som st\u00e4dar Airbnb-l\u00e4genheter h\u00e4r i Santa Luzia. Hon medgav att pengarna var bra. Men hon sa: \"Jag \u00e4r ung, jag vill se nya platser, jag vill vara p\u00e5 resande fot\". Hennes dr\u00f6m \u00e4r att bli lastbilschauff\u00f6r. Visst blev jag f\u00f6rv\u00e5nad, men vem \u00e4r jag att ifr\u00e5gas\u00e4tta n\u00e5gons dr\u00f6m? Hon arbetar nu p\u00e5 en av de tv\u00e5 <em>Pingo Doce<\/em> stormarknader i Tavira. Hennes ans\u00f6kan om den n\u00f6dv\u00e4ndiga utbildningen g\u00e5r igenom den portugisiska byr\u00e5kratin och hon v\u00e4ntar.<\/p>\n\n\n\n<figure class=\"wp-block-image alignwide size-large\"><img data-recalc-dims=\"1\" decoding=\"async\" width=\"713\" height=\"1024\" src=\"https:\/\/i0.wp.com\/portugalizar.com\/wp-content\/uploads\/2022\/05\/A-Janela-Aberta.jpg?resize=713%2C1024&#038;ssl=1\" alt=\"\" class=\"wp-image-1377\" srcset=\"https:\/\/i0.wp.com\/portugalizar.com\/wp-content\/uploads\/2022\/05\/A-Janela-Aberta-scaled.jpg?resize=713%2C1024&amp;ssl=1 713w, https:\/\/i0.wp.com\/portugalizar.com\/wp-content\/uploads\/2022\/05\/A-Janela-Aberta-scaled.jpg?resize=209%2C300&amp;ssl=1 209w, https:\/\/i0.wp.com\/portugalizar.com\/wp-content\/uploads\/2022\/05\/A-Janela-Aberta-scaled.jpg?resize=768%2C1103&amp;ssl=1 768w, https:\/\/i0.wp.com\/portugalizar.com\/wp-content\/uploads\/2022\/05\/A-Janela-Aberta-scaled.jpg?resize=1070%2C1536&amp;ssl=1 1070w, https:\/\/i0.wp.com\/portugalizar.com\/wp-content\/uploads\/2022\/05\/A-Janela-Aberta-scaled.jpg?resize=1426%2C2048&amp;ssl=1 1426w, https:\/\/i0.wp.com\/portugalizar.com\/wp-content\/uploads\/2022\/05\/A-Janela-Aberta-scaled.jpg?resize=8%2C12&amp;ssl=1 8w, https:\/\/i0.wp.com\/portugalizar.com\/wp-content\/uploads\/2022\/05\/A-Janela-Aberta-scaled.jpg?w=1783&amp;ssl=1 1783w\" sizes=\"(max-width: 713px) 100vw, 713px\" \/><figcaption>\"A Janela Aberta\", 2020<\/figcaption><\/figure>\n\n\n\n<p>F\u00f6r n\u00e5gon som Ver\u00f3nica \u00e4r det inte l\u00e4tt. L\u00f6nerna \u00e4r l\u00e5ga, de l\u00e4gsta i euroomr\u00e5det. M\u00f6jligheterna, \u00e4ven f\u00f6r de mer v\u00e4lutbildade, verkar f\u00e5; m\u00e5nga flyttar utomlands f\u00f6r att f\u00f6rverkliga sina dr\u00f6mmar. Medan jag skriver minns jag hur en rubrik i en nyutkommen utg\u00e5va av tidningen <em>Expresso<\/em> tidning. \"<a href=\"https:\/\/www.portugalresident.com\/salaries-face-greatest-fall-since-troika\/\" target=\"_blank\" rel=\"noreferrer noopener\"><strong>Den senaste tidens inflation har lett till att reall\u00f6nerna \u00e4r de l\u00e4gsta sedan finanskrisen 2009-2010.<\/strong><\/a>\" Dr\u00f6mmar kan bli sm\u00e5 h\u00e4r. Men det \"goda\" f\u00f6ruts\u00e4tts \u00e4nd\u00e5 alltid, s\u00e4rskilt n\u00e4r man h\u00e4lsar p\u00e5 varandra.<\/p>\n\n\n\n<p>F\u00f6r <em>o Senhor<\/em>, dr\u00f6mmar har dr\u00f6mts. Nu \u00e4r det dags att v\u00e4nta, h\u00e5lla sig sysselsatt och minnas. Som f\u00f6r m\u00e5nga \u00e4ldre m\u00e4nniskor \u00e4r det om\u00f6jligt f\u00f6r <em>o Senhor<\/em> att ignorera att livet inte \u00e4r l\u00e4tt, att det inte \u00e4r meningen att det ska vara s\u00e5. \u00c4nd\u00e5 finns det mycket gott att njuta av. Han ber\u00e4ttar f\u00f6r mig att \"morgonsolen v\u00e4rmer mitt ansikte och mina axlar\". Och \"getmj\u00f6lken smakar s\u00f6tt medan den fortfarande \u00e4r varm\". Jag har sett att hans barnbarns kram lyser upp hans ansikte. Den yngre mannen har <em>o Senhor's<\/em> styrka och hans snabba leende. S\u00e5 m\u00e5nga bra saker.<\/p>\n\n\n\n<h2 class=\"wp-block-heading\">Den bl\u00e5 himlen \u00e4r fantastisk!<\/h2>\n\n\n\n<p>Varje dag \u00e4r bra, det \u00e4r klart att den \u00e4r det... det \u00e4r bara att titta upp. S\u00e5 du beh\u00f6ver inte s\u00e4ga det uppenbara n\u00e4r du passerar en v\u00e4n eller en fr\u00e4mling p\u00e5 gatan.<\/p>\n\n\n\n<p>En av s\u00f6dra Portugals fr\u00e4msta k\u00e4nnetecken \u00e4r den ber\u00f6mda bl\u00e5, molnfria himlen... <a href=\"https:\/\/www.visitportugal.com\/en\/content\/winter-sun\" target=\"_blank\" rel=\"noreferrer noopener\"><strong>300 dagar<\/strong><\/a> av dem. Jag tr\u00f6ttnar aldrig p\u00e5 deras djupa kobolt. Jag misst\u00e4nkte att jag skulle kunna bli det av ren monotoni. Men dessa himlar blir en duk p\u00e5 vilken de vardagliga, vanliga m\u00e4sterverken m\u00e5lar sig sj\u00e4lva, som de allest\u00e4des n\u00e4rvarande koniska skorstenarna i Algarvian. Eller en apelsin eller en citron n\u00e4r man tittar upp genom tr\u00e4dgrenarna. Allting sticker ut och f\u00f6rklarar sin sk\u00f6nhet.<\/p>\n\n\n\n<figure class=\"wp-block-image alignwide size-full\"><img data-recalc-dims=\"1\" decoding=\"async\" src=\"https:\/\/i0.wp.com\/portugalizar.com\/wp-content\/uploads\/2022\/05\/E6DDE4C9-D764-47D2-95EA-FC0EE58D4FBD.jpeg?w=950&#038;ssl=1\" alt=\"\" class=\"wp-image-1229\"\/><figcaption>\"O C\u00e9u Azul\", 2020<\/figcaption><\/figure>\n\n\n\n<p>Himlen, bl\u00e5 och str\u00e5lande, \u00e4r vardagens vanligaste h\u00e4r. Men den \u00e4r ocks\u00e5 speciell, det vill s\u00e4ga en daglig, vardaglig och vanlig upplevelse. Det \u00e4r inte bara de speciella sakerna. Den vansinnigt dumma maten, vinet och efterr\u00e4tterna \u00e4r verkligen fantastiska. De ger liv och livskraft \u00e5t v\u00e5rt liv h\u00e4r. Men den vardagliga bl\u00e5 himlen och varje j\u00e4kla vanlig sak som m\u00e5las mot den ger ocks\u00e5 liv och livskraft \u00e5t v\u00e5rt fantastiska liv.<\/p>\n\n\n\n<h2 class=\"wp-block-heading\">Att ta det hela med j\u00e4mnmod<\/h2>\n\n\n\n<p>Det verkar som om portugiserna fortfarande f\u00f6rst\u00e5r detta. Vad exakt \u00e4r \"detta\"? Att livet \u00e4r galet - dumt, det vill s\u00e4ga fantastiskt. Att livets goda sidor, b\u00e5de de vanliga och de speciella, \u00f6verv\u00e4ger alla de sv\u00e5ra bitarna.<\/p>\n\n\n\n<p>Det \u00e4r s\u00e4kert felaktigt att tro att portugiserna har en speciell f\u00f6rm\u00e5ga att f\u00f6rvandla livets citroner till lemonad eller till och med till en citronkaka eller t\u00e5rta. De g\u00f6r dock allt detta med de citroner som de odlar. Jag tror att portugisernas speciella f\u00f6rm\u00e5ga \u00e4r att de l\u00e5ter livets f\u00f6rmodade citroner vara vad de \u00e4r. De f\u00f6rv\u00e4ntar sig inte att de ska vara n\u00e5got annat \u00e4n citroner. De \u00e4gnar inte heller mycket tid \u00e5t att oroa sig f\u00f6r att citronerna skulle vara n\u00e5got annat \u00e4n citroner. <\/p>\n\n\n\n<figure class=\"wp-block-image alignwide size-large\"><img data-recalc-dims=\"1\" decoding=\"async\" width=\"950\" height=\"570\" src=\"https:\/\/i0.wp.com\/portugalizar.com\/wp-content\/uploads\/2022\/05\/5EB380A4-6339-42B7-82A8-CA41E0639CFF.png?resize=950%2C570&#038;ssl=1\" alt=\"\" class=\"wp-image-1408\" srcset=\"https:\/\/i0.wp.com\/portugalizar.com\/wp-content\/uploads\/2022\/05\/5EB380A4-6339-42B7-82A8-CA41E0639CFF.png?resize=1024%2C614&amp;ssl=1 1024w, https:\/\/i0.wp.com\/portugalizar.com\/wp-content\/uploads\/2022\/05\/5EB380A4-6339-42B7-82A8-CA41E0639CFF.png?resize=300%2C180&amp;ssl=1 300w, https:\/\/i0.wp.com\/portugalizar.com\/wp-content\/uploads\/2022\/05\/5EB380A4-6339-42B7-82A8-CA41E0639CFF.png?resize=768%2C461&amp;ssl=1 768w, https:\/\/i0.wp.com\/portugalizar.com\/wp-content\/uploads\/2022\/05\/5EB380A4-6339-42B7-82A8-CA41E0639CFF.png?resize=18%2C12&amp;ssl=1 18w, https:\/\/i0.wp.com\/portugalizar.com\/wp-content\/uploads\/2022\/05\/5EB380A4-6339-42B7-82A8-CA41E0639CFF.png?w=1517&amp;ssl=1 1517w\" sizes=\"(max-width: 950px) 100vw, 950px\" \/><figcaption>\"N\u00e4r livet ger citroner... njut av citronerna!\", 2020<\/figcaption><\/figure>\n\n\n\n<p>Jag s\u00e4ger inte att portugiserna har f\u00e5tt ett l\u00e4ttare liv som en f\u00f6ljd av detta. Jag tror att portugiserna vet att deras liv inte alls \u00e4r l\u00e4tt; de kommer att ber\u00e4tta det f\u00f6r er om ni fr\u00e5gar. Vad jag s\u00e4ger \u00e4r att det portugisiska perspektivet ser b\u00e5da, v\u00e4rderar b\u00e5da och finner i slut\u00e4ndan att det goda som livet erbjuder v\u00e4ger tyngre \u00e4n allt annat. De kan ta det hela med ro. Detta ger dem f\u00f6rm\u00e5gan och r\u00e4ttf\u00e4rdigandet att b\u00e4lta en hj\u00e4rtlig och fullfj\u00e4drad <em>dia<\/em> som f\u00f6ruts\u00e4tter det goda.<\/p>\n\n\n\n<h2 class=\"wp-block-heading\">Fantastiska l\u00e4rdomar<\/h2>\n\n\n\n<p>Den samtida kulturen har ett problem. Den f\u00f6rv\u00e4ntar sig, vi f\u00f6rv\u00e4ntar oss, att citroner inte ska vara citroner. I mer \u00e4n ett sekel har vi f\u00e5tt en linje. Den linjen blev kapitalismens och dess avkomma, nyliberalismens, fr\u00e4msta melodi och skiva. Refr\u00e4ngen lyder: \"Ditt liv kan och b\u00f6r vara enkelt. Om det inte \u00e4r det, g\u00f6r du n\u00e5got fel.\" Verserna \u00e4r lika oinspirerande.<\/p>\n\n\n\n<p>\"Om du k\u00f6per det ena eller det andra kommer ditt liv att bli enkelt.\" \"Anv\u00e4nd den h\u00e4r tandkr\u00e4men och dina t\u00e4nder blir vita, d\u00e5 kommer andra att beundra dig, pengar kommer att dyka upp p\u00e5 ditt bankkonto osv.\" \"K\u00f6p den h\u00e4r diskmaskinen och ditt liv kommer att bli enkelt f\u00f6r du kommer att f\u00e5 tjugo minuter mer fritid. Oroa dig inte f\u00f6r att du m\u00e5ste arbeta en timme l\u00e4ngre p\u00e5 ditt jobb under m\u00e5nga \u00e5r f\u00f6r att betala f\u00f6r diskmaskinen.\"<\/p>\n\n\n\n<p>Livet \u00e4r inte l\u00e4tt. Det kan det aldrig bli. \u00c4ven om allt gjordes f\u00f6r oss och v\u00e5ra dagar var helt fria och fyllda av fritid, skulle livet inte vara l\u00e4tt. V\u00e5ra t\u00e4nder skulle kunna bli de vitaste vita. V\u00e5rt h\u00e5r skulle \u00e4ntligen kunna f\u00e5 den perfekta f\u00e4rgade nyansen. Diskmaskinen, tv\u00e4ttmaskinen och dammsugningsroboten kanske ger oss o\u00e4ndlig fritid, men till ett pris. Trots detta kommer livet aldrig att bli l\u00e4tt. Vi skulle fortfarande k\u00e4nna sm\u00e4rta, outh\u00e4rdlig sm\u00e4rta. Vi kommer att drabbas av sjukdom. Vi kommer fortfarande att g\u00e5 hand i hand med v\u00e5r egen d\u00f6dlighet. De vi \u00e4lskar mest kommer att g\u00e5 bort fr\u00e5n oss. Och s\u00e5 vidare och s\u00e5 vidare.<\/p>\n\n\n\n<h2 class=\"wp-block-heading\">Vad du ska g\u00f6ra<\/h2>\n\n\n\n<p>Den samtida kapitalismen och nyliberalismen kan inte vara enkla. M\u00e5nga \u00e4r med r\u00e4tta arga \u00f6ver att ha blivit lovade n\u00e5got som inte g\u00e5r att leverera. De \u00e4r arga p\u00e5 sig sj\u00e4lva f\u00f6r att de inte har lyckats uppn\u00e5 det enkla. Denna ilska f\u00f6rvr\u00e4ngs och manipuleras i h\u00e4nderna p\u00e5 skrupelfria bedragare och despoter som vill bli despoter. De erbjuder mysiga, bekv\u00e4ma substitut, som nationalism och rasistisk stolthet som riktar denna ilska mot andra.<\/p>\n\n\n\n<p>Portugiserna \u00e4r ocks\u00e5 arga. Som tur \u00e4r kom de till festen senare \u00e4n vi andra. Portugiserna har hittills druckit mindre av den nyliberala kolsyrebilden. De kan fortfarande k\u00e4nna och hitta balansen mellan det som inte \u00e4r l\u00e4tt och det som \u00e4r bra i deras liv. Jag \u00e4r inte s\u00e4ker p\u00e5 hur l\u00e4nge till.<\/p>\n\n\n\n<p>Jag vet inte hur kapitalismen och nyliberalismen ska \u00e5tg\u00e4rdas p\u00e5 annat s\u00e4tt \u00e4n genom personliga val. Livet \u00e4r inte l\u00e4tt, det \u00e4r inte meningen att det ska vara det. Men det \u00e4r fullt av massor av fantastiska, galet dumma saker. Det vill s\u00e4ga, det finns bara s\u00e5 mycket sk\u00f6nhet och gl\u00e4dje. Livet kan vara enklare. Vi kan klara oss utan mycket av det som vi tror att vi beh\u00f6ver och som vi f\u00e5r h\u00f6ra att vi beh\u00f6ver. Om vi inte har det kan andra f\u00e5 det. <\/p>\n\n\n\n<p>Joseph ber\u00e4ttade att han hade l\u00e4st att f\u00f6retag \u00e4ndrar produktionsm\u00e5len med en g\u00e5ng n\u00e4r f\u00f6rs\u00e4ljningen r\u00f6r sig \u00e5t det ena eller andra h\u00e5llet. Om vi inte k\u00f6per n\u00e5got f\u00f6r att vi inte l\u00e4ngre tror att vi beh\u00f6ver det, eller f\u00f6r att vi best\u00e4mmer oss f\u00f6r att vi inte l\u00e4ngre beh\u00f6ver st\u00e5 ut med dess milj\u00f6p\u00e5verkan, d\u00e5 kanske saker och ting b\u00f6rjar f\u00f6r\u00e4ndras. Kanske \u00e4r v\u00e5ra enkla handlingar verkligen kraftfulla. Den tanken g\u00f6r mig lyckligare \u00e4n besvikelsen \u00f6ver att mitt liv inte \u00e4r l\u00e4tt. <\/p>\n\n\n\n<p>At\u00e9 \u00e0 pr\u00f3xima quinta! \/\/ Vi ses n\u00e4sta torsdag!<\/p>\n\n\n\n<h2 class=\"wp-block-heading\">S\u00e4rskild anm\u00e4rkning<\/h2>\n\n\n\n<p>Jag vet att mitt perspektiv h\u00e4r inte \u00e4r allas. Det kan det inte vara. Jag skriver som en person som har gynnats av nyliberalismen, \u00e4ven om jag f\u00f6rs\u00f6kte g\u00f6ra det m\u00f6jligt f\u00f6r den liberala demokratin att leva upp till sina l\u00f6ften om j\u00e4mlikhet och r\u00e4ttvisa. Nu, n\u00e4r jag ser f\u00e4rre \u00e5r framf\u00f6r mig \u00e4n bakom mig, f\u00f6rs\u00f6ker jag helt enkelt leva enligt principerna och g\u00f6ra det jag kan g\u00f6ra. Att praktisera personlig omf\u00f6rdelande r\u00e4ttvisa, att leva varsamt p\u00e5 jorden, att vara \u00f6ppen och v\u00e4lkomnande, att flitigt uppr\u00e4tth\u00e5lla sp\u00e4nningen mellan tolerans och personlig \u00f6vertygelse, och s\u00e5 vidare.<\/p>","protected":false},"excerpt":{"rendered":"<p>Livet h\u00e4r i Santa Luzia \u00e4r verkligen fantastiskt. Men i allm\u00e4nhet \u00e4r h\u00e4lsningen fr\u00e5n inf\u00f6dda portugiser h\u00e4r bara \"dag\" eller \"eftermiddag\". Vad h\u00e4nde med \"bra\"? F\u00f6r att ta reda p\u00e5 det, l\u00e4s mer...<\/p>","protected":false},"author":1,"featured_media":1102,"comment_status":"open","ping_status":"closed","sticky":false,"template":"","format":"standard","meta":{"nf_dc_page":"","om_disable_all_campaigns":false,"_monsterinsights_skip_tracking":false,"_monsterinsights_sitenote_active":false,"_monsterinsights_sitenote_note":"","_monsterinsights_sitenote_category":0,"_themeisle_gutenberg_block_has_review":false,"_jetpack_memberships_contains_paid_content":false,"footnotes":""},"categories":[8,6],"tags":[],"class_list":["post-1348","post","type-post","status-publish","format-standard","has-post-thumbnail","hentry","category-culture-customs","category-people"],"yoast_head":"<!-- This site is optimized with the Yoast SEO plugin v27.4 - https:\/\/yoast.com\/product\/yoast-seo-wordpress\/ -->\n<title>That Fantastic Thing, Crazy and Stupid,Do It Again! - PORTUGALIZAR<\/title>\n<meta name=\"description\" content=\"The Portuguese presume that life is good although not always easy. They don\u2019t need to say it because they enjoy all fantastic things in life.\" \/>\n<meta name=\"robots\" content=\"index, follow, max-snippet:-1, max-image-preview:large, max-video-preview:-1\" \/>\n<link rel=\"canonical\" href=\"https:\/\/portugalizar.com\/sv\/that-fantastic-thing\/\" \/>\n<meta property=\"og:locale\" content=\"sv_SE\" \/>\n<meta property=\"og:type\" content=\"article\" \/>\n<meta property=\"og:title\" content=\"That Fantastic Thing, Crazy and Stupid,Do It Again! - PORTUGALIZAR\" \/>\n<meta property=\"og:description\" content=\"The Portuguese presume that life is good although not always easy. They don\u2019t need to say it because they enjoy all fantastic things in life.\" \/>\n<meta property=\"og:url\" content=\"https:\/\/portugalizar.com\/sv\/that-fantastic-thing\/\" \/>\n<meta property=\"og:site_name\" content=\"PORTUGALIZAR\" \/>\n<meta property=\"article:published_time\" content=\"2022-05-26T04:00:00+00:00\" \/>\n<meta property=\"article:modified_time\" content=\"2022-05-26T19:05:22+00:00\" \/>\n<meta property=\"og:image\" content=\"https:\/\/portugalizar.com\/wp-content\/uploads\/2022\/04\/8FD48A82-1F0D-40C2-AE71-C5E3DFB5A971-scaled.jpeg\" \/>\n\t<meta property=\"og:image:width\" content=\"2560\" \/>\n\t<meta property=\"og:image:height\" content=\"1872\" \/>\n\t<meta property=\"og:image:type\" content=\"image\/jpeg\" \/>\n<meta name=\"author\" content=\"Gui\" \/>\n<meta name=\"twitter:card\" content=\"summary_large_image\" \/>\n<meta name=\"twitter:label1\" content=\"Skriven av\" \/>\n\t<meta name=\"twitter:data1\" content=\"Gui\" \/>\n\t<meta name=\"twitter:label2\" content=\"Ber\u00e4knad l\u00e4stid\" \/>\n\t<meta name=\"twitter:data2\" content=\"10 minuter\" \/>\n<script type=\"application\/ld+json\" class=\"yoast-schema-graph\">{\"@context\":\"https:\\\/\\\/schema.org\",\"@graph\":[{\"@type\":\"Article\",\"@id\":\"https:\\\/\\\/portugalizar.com\\\/that-fantastic-thing\\\/#article\",\"isPartOf\":{\"@id\":\"https:\\\/\\\/portugalizar.com\\\/that-fantastic-thing\\\/\"},\"author\":{\"name\":\"Gui\",\"@id\":\"https:\\\/\\\/portugalizar.com\\\/#\\\/schema\\\/person\\\/1f60af48f39895b897e26d9d92ecf6db\"},\"headline\":\"That Fantastic Thing, Crazy and Stupid, Do It Again!\",\"datePublished\":\"2022-05-26T04:00:00+00:00\",\"dateModified\":\"2022-05-26T19:05:22+00:00\",\"mainEntityOfPage\":{\"@id\":\"https:\\\/\\\/portugalizar.com\\\/that-fantastic-thing\\\/\"},\"wordCount\":2085,\"commentCount\":12,\"publisher\":{\"@id\":\"https:\\\/\\\/portugalizar.com\\\/#organization\"},\"image\":{\"@id\":\"https:\\\/\\\/portugalizar.com\\\/that-fantastic-thing\\\/#primaryimage\"},\"thumbnailUrl\":\"https:\\\/\\\/i0.wp.com\\\/portugalizar.com\\\/wp-content\\\/uploads\\\/2022\\\/04\\\/8FD48A82-1F0D-40C2-AE71-C5E3DFB5A971-scaled.jpeg?fit=2560%2C1872&ssl=1\",\"articleSection\":[\"Culture &amp; Customs\",\"People\"],\"inLanguage\":\"sv-SE\",\"potentialAction\":[{\"@type\":\"CommentAction\",\"name\":\"Comment\",\"target\":[\"https:\\\/\\\/portugalizar.com\\\/that-fantastic-thing\\\/#respond\"]}]},{\"@type\":\"WebPage\",\"@id\":\"https:\\\/\\\/portugalizar.com\\\/that-fantastic-thing\\\/\",\"url\":\"https:\\\/\\\/portugalizar.com\\\/that-fantastic-thing\\\/\",\"name\":\"That Fantastic Thing, Crazy and Stupid, Do It Again! - PORTUGALIZAR\",\"isPartOf\":{\"@id\":\"https:\\\/\\\/portugalizar.com\\\/#website\"},\"primaryImageOfPage\":{\"@id\":\"https:\\\/\\\/portugalizar.com\\\/that-fantastic-thing\\\/#primaryimage\"},\"image\":{\"@id\":\"https:\\\/\\\/portugalizar.com\\\/that-fantastic-thing\\\/#primaryimage\"},\"thumbnailUrl\":\"https:\\\/\\\/i0.wp.com\\\/portugalizar.com\\\/wp-content\\\/uploads\\\/2022\\\/04\\\/8FD48A82-1F0D-40C2-AE71-C5E3DFB5A971-scaled.jpeg?fit=2560%2C1872&ssl=1\",\"datePublished\":\"2022-05-26T04:00:00+00:00\",\"dateModified\":\"2022-05-26T19:05:22+00:00\",\"description\":\"The Portuguese presume that life is good although not always easy. They don\u2019t need to say it because they enjoy all fantastic things in life.\",\"breadcrumb\":{\"@id\":\"https:\\\/\\\/portugalizar.com\\\/that-fantastic-thing\\\/#breadcrumb\"},\"inLanguage\":\"sv-SE\",\"potentialAction\":[{\"@type\":\"ReadAction\",\"target\":[\"https:\\\/\\\/portugalizar.com\\\/that-fantastic-thing\\\/\"]}]},{\"@type\":\"ImageObject\",\"inLanguage\":\"sv-SE\",\"@id\":\"https:\\\/\\\/portugalizar.com\\\/that-fantastic-thing\\\/#primaryimage\",\"url\":\"https:\\\/\\\/i0.wp.com\\\/portugalizar.com\\\/wp-content\\\/uploads\\\/2022\\\/04\\\/8FD48A82-1F0D-40C2-AE71-C5E3DFB5A971-scaled.jpeg?fit=2560%2C1872&ssl=1\",\"contentUrl\":\"https:\\\/\\\/i0.wp.com\\\/portugalizar.com\\\/wp-content\\\/uploads\\\/2022\\\/04\\\/8FD48A82-1F0D-40C2-AE71-C5E3DFB5A971-scaled.jpeg?fit=2560%2C1872&ssl=1\",\"width\":2560,\"height\":1872},{\"@type\":\"BreadcrumbList\",\"@id\":\"https:\\\/\\\/portugalizar.com\\\/that-fantastic-thing\\\/#breadcrumb\",\"itemListElement\":[{\"@type\":\"ListItem\",\"position\":1,\"name\":\"Home\",\"item\":\"https:\\\/\\\/portugalizar.com\\\/\"},{\"@type\":\"ListItem\",\"position\":2,\"name\":\"That Fantastic Thing, Crazy and Stupid,Do It Again!\"}]},{\"@type\":\"WebSite\",\"@id\":\"https:\\\/\\\/portugalizar.com\\\/#website\",\"url\":\"https:\\\/\\\/portugalizar.com\\\/\",\"name\":\"PORTUGALIZAR\",\"description\":\"\",\"publisher\":{\"@id\":\"https:\\\/\\\/portugalizar.com\\\/#organization\"},\"potentialAction\":[{\"@type\":\"SearchAction\",\"target\":{\"@type\":\"EntryPoint\",\"urlTemplate\":\"https:\\\/\\\/portugalizar.com\\\/?s={search_term_string}\"},\"query-input\":{\"@type\":\"PropertyValueSpecification\",\"valueRequired\":true,\"valueName\":\"search_term_string\"}}],\"inLanguage\":\"sv-SE\"},{\"@type\":\"Organization\",\"@id\":\"https:\\\/\\\/portugalizar.com\\\/#organization\",\"name\":\"PORTUGALIZAR\",\"url\":\"https:\\\/\\\/portugalizar.com\\\/\",\"logo\":{\"@type\":\"ImageObject\",\"inLanguage\":\"sv-SE\",\"@id\":\"https:\\\/\\\/portugalizar.com\\\/#\\\/schema\\\/logo\\\/image\\\/\",\"url\":\"\",\"contentUrl\":\"\",\"caption\":\"PORTUGALIZAR\"},\"image\":{\"@id\":\"https:\\\/\\\/portugalizar.com\\\/#\\\/schema\\\/logo\\\/image\\\/\"}},{\"@type\":\"Person\",\"@id\":\"https:\\\/\\\/portugalizar.com\\\/#\\\/schema\\\/person\\\/1f60af48f39895b897e26d9d92ecf6db\",\"name\":\"Gui\",\"image\":{\"@type\":\"ImageObject\",\"inLanguage\":\"sv-SE\",\"@id\":\"https:\\\/\\\/secure.gravatar.com\\\/avatar\\\/0bef00a699e73fc60016c16a6f44683b2a027bb1b48a4b3973732af4cc636712?s=96&d=mm&r=g\",\"url\":\"https:\\\/\\\/secure.gravatar.com\\\/avatar\\\/0bef00a699e73fc60016c16a6f44683b2a027bb1b48a4b3973732af4cc636712?s=96&d=mm&r=g\",\"contentUrl\":\"https:\\\/\\\/secure.gravatar.com\\\/avatar\\\/0bef00a699e73fc60016c16a6f44683b2a027bb1b48a4b3973732af4cc636712?s=96&d=mm&r=g\",\"caption\":\"Gui\"},\"url\":\"https:\\\/\\\/portugalizar.com\\\/sv\\\/author\\\/spestheonlyone\\\/\"}]}<\/script>\n<!-- \/ Yoast SEO plugin. -->","yoast_head_json":{"title":"That Fantastic Thing, Crazy and Stupid,Do It Again! - PORTUGALIZAR","description":"The Portuguese presume that life is good although not always easy. They don\u2019t need to say it because they enjoy all fantastic things in life.","robots":{"index":"index","follow":"follow","max-snippet":"max-snippet:-1","max-image-preview":"max-image-preview:large","max-video-preview":"max-video-preview:-1"},"canonical":"https:\/\/portugalizar.com\/sv\/that-fantastic-thing\/","og_locale":"sv_SE","og_type":"article","og_title":"That Fantastic Thing, Crazy and Stupid,Do It Again! - PORTUGALIZAR","og_description":"The Portuguese presume that life is good although not always easy. They don\u2019t need to say it because they enjoy all fantastic things in life.","og_url":"https:\/\/portugalizar.com\/sv\/that-fantastic-thing\/","og_site_name":"PORTUGALIZAR","article_published_time":"2022-05-26T04:00:00+00:00","article_modified_time":"2022-05-26T19:05:22+00:00","og_image":[{"width":2560,"height":1872,"url":"https:\/\/portugalizar.com\/wp-content\/uploads\/2022\/04\/8FD48A82-1F0D-40C2-AE71-C5E3DFB5A971-scaled.jpeg","type":"image\/jpeg"}],"author":"Gui","twitter_card":"summary_large_image","twitter_misc":{"Skriven av":"Gui","Ber\u00e4knad l\u00e4stid":"10 minuter"},"schema":{"@context":"https:\/\/schema.org","@graph":[{"@type":"Article","@id":"https:\/\/portugalizar.com\/that-fantastic-thing\/#article","isPartOf":{"@id":"https:\/\/portugalizar.com\/that-fantastic-thing\/"},"author":{"name":"Gui","@id":"https:\/\/portugalizar.com\/#\/schema\/person\/1f60af48f39895b897e26d9d92ecf6db"},"headline":"That Fantastic Thing, Crazy and Stupid, Do It Again!","datePublished":"2022-05-26T04:00:00+00:00","dateModified":"2022-05-26T19:05:22+00:00","mainEntityOfPage":{"@id":"https:\/\/portugalizar.com\/that-fantastic-thing\/"},"wordCount":2085,"commentCount":12,"publisher":{"@id":"https:\/\/portugalizar.com\/#organization"},"image":{"@id":"https:\/\/portugalizar.com\/that-fantastic-thing\/#primaryimage"},"thumbnailUrl":"https:\/\/i0.wp.com\/portugalizar.com\/wp-content\/uploads\/2022\/04\/8FD48A82-1F0D-40C2-AE71-C5E3DFB5A971-scaled.jpeg?fit=2560%2C1872&ssl=1","articleSection":["Culture &amp; Customs","People"],"inLanguage":"sv-SE","potentialAction":[{"@type":"CommentAction","name":"Comment","target":["https:\/\/portugalizar.com\/that-fantastic-thing\/#respond"]}]},{"@type":"WebPage","@id":"https:\/\/portugalizar.com\/that-fantastic-thing\/","url":"https:\/\/portugalizar.com\/that-fantastic-thing\/","name":"That Fantastic Thing, Crazy and Stupid, Do It Again! - PORTUGALIZAR","isPartOf":{"@id":"https:\/\/portugalizar.com\/#website"},"primaryImageOfPage":{"@id":"https:\/\/portugalizar.com\/that-fantastic-thing\/#primaryimage"},"image":{"@id":"https:\/\/portugalizar.com\/that-fantastic-thing\/#primaryimage"},"thumbnailUrl":"https:\/\/i0.wp.com\/portugalizar.com\/wp-content\/uploads\/2022\/04\/8FD48A82-1F0D-40C2-AE71-C5E3DFB5A971-scaled.jpeg?fit=2560%2C1872&ssl=1","datePublished":"2022-05-26T04:00:00+00:00","dateModified":"2022-05-26T19:05:22+00:00","description":"The Portuguese presume that life is good although not always easy. They don\u2019t need to say it because they enjoy all fantastic things in life.","breadcrumb":{"@id":"https:\/\/portugalizar.com\/that-fantastic-thing\/#breadcrumb"},"inLanguage":"sv-SE","potentialAction":[{"@type":"ReadAction","target":["https:\/\/portugalizar.com\/that-fantastic-thing\/"]}]},{"@type":"ImageObject","inLanguage":"sv-SE","@id":"https:\/\/portugalizar.com\/that-fantastic-thing\/#primaryimage","url":"https:\/\/i0.wp.com\/portugalizar.com\/wp-content\/uploads\/2022\/04\/8FD48A82-1F0D-40C2-AE71-C5E3DFB5A971-scaled.jpeg?fit=2560%2C1872&ssl=1","contentUrl":"https:\/\/i0.wp.com\/portugalizar.com\/wp-content\/uploads\/2022\/04\/8FD48A82-1F0D-40C2-AE71-C5E3DFB5A971-scaled.jpeg?fit=2560%2C1872&ssl=1","width":2560,"height":1872},{"@type":"BreadcrumbList","@id":"https:\/\/portugalizar.com\/that-fantastic-thing\/#breadcrumb","itemListElement":[{"@type":"ListItem","position":1,"name":"Home","item":"https:\/\/portugalizar.com\/"},{"@type":"ListItem","position":2,"name":"That Fantastic Thing, Crazy and Stupid,Do It Again!"}]},{"@type":"WebSite","@id":"https:\/\/portugalizar.com\/#website","url":"https:\/\/portugalizar.com\/","name":"PORTUGALIZAR","description":"","publisher":{"@id":"https:\/\/portugalizar.com\/#organization"},"potentialAction":[{"@type":"SearchAction","target":{"@type":"EntryPoint","urlTemplate":"https:\/\/portugalizar.com\/?s={search_term_string}"},"query-input":{"@type":"PropertyValueSpecification","valueRequired":true,"valueName":"search_term_string"}}],"inLanguage":"sv-SE"},{"@type":"Organization","@id":"https:\/\/portugalizar.com\/#organization","name":"PORTUGALIZAR","url":"https:\/\/portugalizar.com\/","logo":{"@type":"ImageObject","inLanguage":"sv-SE","@id":"https:\/\/portugalizar.com\/#\/schema\/logo\/image\/","url":"","contentUrl":"","caption":"PORTUGALIZAR"},"image":{"@id":"https:\/\/portugalizar.com\/#\/schema\/logo\/image\/"}},{"@type":"Person","@id":"https:\/\/portugalizar.com\/#\/schema\/person\/1f60af48f39895b897e26d9d92ecf6db","name":"Gui","image":{"@type":"ImageObject","inLanguage":"sv-SE","@id":"https:\/\/secure.gravatar.com\/avatar\/0bef00a699e73fc60016c16a6f44683b2a027bb1b48a4b3973732af4cc636712?s=96&d=mm&r=g","url":"https:\/\/secure.gravatar.com\/avatar\/0bef00a699e73fc60016c16a6f44683b2a027bb1b48a4b3973732af4cc636712?s=96&d=mm&r=g","contentUrl":"https:\/\/secure.gravatar.com\/avatar\/0bef00a699e73fc60016c16a6f44683b2a027bb1b48a4b3973732af4cc636712?s=96&d=mm&r=g","caption":"Gui"},"url":"https:\/\/portugalizar.com\/sv\/author\/spestheonlyone\/"}]}},"jetpack_featured_media_url":"https:\/\/i0.wp.com\/portugalizar.com\/wp-content\/uploads\/2022\/04\/8FD48A82-1F0D-40C2-AE71-C5E3DFB5A971-scaled.jpeg?fit=2560%2C1872&ssl=1","jetpack-related-posts":[],"jetpack_sharing_enabled":true,"_links":{"self":[{"href":"https:\/\/portugalizar.com\/sv\/wp-json\/wp\/v2\/posts\/1348","targetHints":{"allow":["GET"]}}],"collection":[{"href":"https:\/\/portugalizar.com\/sv\/wp-json\/wp\/v2\/posts"}],"about":[{"href":"https:\/\/portugalizar.com\/sv\/wp-json\/wp\/v2\/types\/post"}],"author":[{"embeddable":true,"href":"https:\/\/portugalizar.com\/sv\/wp-json\/wp\/v2\/users\/1"}],"replies":[{"embeddable":true,"href":"https:\/\/portugalizar.com\/sv\/wp-json\/wp\/v2\/comments?post=1348"}],"version-history":[{"count":5,"href":"https:\/\/portugalizar.com\/sv\/wp-json\/wp\/v2\/posts\/1348\/revisions"}],"predecessor-version":[{"id":1526,"href":"https:\/\/portugalizar.com\/sv\/wp-json\/wp\/v2\/posts\/1348\/revisions\/1526"}],"wp:featuredmedia":[{"embeddable":true,"href":"https:\/\/portugalizar.com\/sv\/wp-json\/wp\/v2\/media\/1102"}],"wp:attachment":[{"href":"https:\/\/portugalizar.com\/sv\/wp-json\/wp\/v2\/media?parent=1348"}],"wp:term":[{"taxonomy":"category","embeddable":true,"href":"https:\/\/portugalizar.com\/sv\/wp-json\/wp\/v2\/categories?post=1348"},{"taxonomy":"post_tag","embeddable":true,"href":"https:\/\/portugalizar.com\/sv\/wp-json\/wp\/v2\/tags?post=1348"}],"curies":[{"name":"wp","href":"https:\/\/api.w.org\/{rel}","templated":true}]}}