{"id":1293,"date":"2022-06-02T04:00:00","date_gmt":"2022-06-02T04:00:00","guid":{"rendered":"https:\/\/portugalizar.com\/?p=1293"},"modified":"2022-07-13T22:21:27","modified_gmt":"2022-07-13T22:21:27","slug":"weird-and-wild","status":"publish","type":"post","link":"https:\/\/portugalizar.com\/sv\/weird-and-wild\/","title":{"rendered":"Konstigt och vilt, det m\u00e5ste vara..."},"content":{"rendered":"<p><em>Ol\u00e1 a todos! \u00c9 \u00f3ptimo estar de novo convosco!<\/em> Hej alla! Det \u00e4r h\u00e4rligt att vara med er igen! Dagens inl\u00e4gg tar upp konstiga och vilda saker h\u00e4r i Portugal och inom portugisiskan. Det vill s\u00e4ga, konstigt och vilt ur ett expatperspektiv, <em>os estranhos<\/em>. Engelska kan verka intets\u00e4gande, till och med tr\u00e5kig, j\u00e4mf\u00f6rt med portugisiska.<\/p>\n\n\n\n<p>P\u00e5 <a href=\"https:\/\/portugalizar.com\/sv\/help-is-on-the-way\/\" target=\"_blank\" rel=\"noreferrer noopener\">post 2<\/a> och <a href=\"https:\/\/portugalizar.com\/sv\/quite-a-lot\/\" target=\"_blank\" rel=\"noreferrer noopener\">post 3<\/a> Vi pratade om det portugisiska artighetsspr\u00e5ket. Som vi s\u00e5g anv\u00e4nder detta v\u00e4nliga s\u00e4tt att tala det f\u00f6rflutna imperfektet, <em>o pret\u00e9rito imperfeito<\/em>, samt konditionaltiden, <em>o villkorlig<\/em>. Men precis som alla portugisiska verbtider och \u00e4ven verben i sig har de alla mer \u00e4n bara en uppgift. Detta g\u00e4ller s\u00e4rskilt f\u00f6r den portugisiska presumtiva imperfektformen. Engelsktalande kommer att tycka att detta \u00e4r b\u00e5de m\u00e4rkligt och en vild resa av verbala trollkonster.<\/p>\n\n\n\n<h2 class=\"wp-block-heading\">Det \u00e4r konstigt och vilt: Portugisiskan g\u00f6r s\u00e5 mycket jobb f\u00f6r sina talare<\/h2>\n\n\n\n<p><em>O pret\u00e9rito imperfeito<\/em>, som vi har sett, g\u00f6r det m\u00f6jligt att vara n\u00e5dig mot andra, s\u00e4rskilt mot fr\u00e4mlingar. Vi har redan \u00e4gnat mycket tid \u00e5t denna aspekt, s\u00e5 vi g\u00e5r vidare. Den m\u00f6jligg\u00f6r ocks\u00e5 en rad andra k\u00e4nslor. Ut\u00f6ver artighet till\u00e5ter den hopp, uttrycker vemod och framkallar melankoli. Den ger ocks\u00e5 ironi och f\u00f6rmedlar mild sarkasm. P\u00e5 engelska kan en talares tonfall och s\u00e4tt att vara kan beh\u00f6va b\u00e4ra dessa k\u00e4nslor. P\u00e5 portugisiska kan orden i sig sj\u00e4lva g\u00f6ra det emotionella tunga lyftet p\u00e5 egen hand.&nbsp;<\/p>\n\n\n\n<p>Det finns till exempel den d\u00e4r mjuka sarkasmen. L\u00e5t oss s\u00e4ga att du k\u00e4nner en person som vanligtvis \u00e4r sen till allting. Vi har alla minst en s\u00e5dan person i v\u00e5ra liv. Hur f\u00f6rmedlar du din godmodiga frustration till denna familjemedlem eller v\u00e4n? P\u00e5 engelska kan jag verbalt bara s\u00e4ga n\u00e5got i stil med \"oh, late again are we\". Den l\u00e4ttsamma frustrationen kommer att kr\u00e4va vokal dramatik samt teatraliska gester. Det \u00e4r j\u00e4mf\u00f6relsevis en stor anstr\u00e4ngning. Du vill l\u00e5ta personen veta att du inte uppskattar att han eller hon kommer f\u00f6r sent. Och att du trots detta \u00e4lskar dem \u00e4nd\u00e5.<\/p>\n\n\n\n<p>P\u00e5 portugisiska \u00e4r det l\u00e4ttare, n\u00e4stan utan anstr\u00e4ngning. En portugisisktalande beh\u00f6ver bara byta fr\u00e5n presens till imperfekt i f\u00f6rfluten tid. Den str\u00e4ngt korrigerande presens \u00e4r som f\u00f6ljer, <em>m\u00e5ste ha en tid p\u00e5 sig<\/em> (Du b\u00f6r komma i tid eftersom det \u00e4r det som \u00e4r r\u00e4tt). Det s\u00f6tt sk\u00e4llande f\u00f6rflutna imperfektet levererar, <em>devia chegar a horas<\/em> (Du ska vara i tid, men jag vet att du inte har l\u00e4rt dig det \u00e4n, s\u00f6tnos). P\u00e5 portugisiska \u00e4r det sj\u00e4lva orden som ger k\u00e4nslan, i det h\u00e4r fallet den milda sarkasmen. Talaren beh\u00f6ver inte engagera sig i den i ton eller gester, men kan g\u00f6ra det om hon vill.<\/p>\n\n\n\n<h2 class=\"wp-block-heading\">Vilda saker, men inte s\u00e5 konstiga<\/h2>\n\n\n\n<p>F\u00f6r att vara h\u00f6vlig mot fr\u00e4mlingar p\u00e5 portugisiska beh\u00f6ver du det tidigare imperfektet. F\u00f6r att vara k\u00e4rleksfullt sarkastisk mot familjemedlemmar beh\u00f6ver du det f\u00f6rflutna imperfektet. Sammanst\u00e4llningen av artighet och sarkasm samt av fr\u00e4mlingar och familjemedlemmar verkar definitivt b\u00e5de konstig och vild f\u00f6r den engelsktalande. Men kom ih\u00e5g v\u00e5rt m\u00f6te med <em>Saudade<\/em> i en <a href=\"https:\/\/portugalizar.com\/sv\/doomed-yet-happy\/\" target=\"_blank\" rel=\"noreferrer noopener\">tidigare inl\u00e4gg<\/a>. Portugiserna \u00e4r bekv\u00e4ma med det mellanliggande, vare sig det \u00e4r mellan det f\u00f6rflutna och framtiden eller mellan sorg och hopp. De \u00e4r lika skickliga p\u00e5 att balansera dagliga sv\u00e5righeter med livets goda vardag. Det sistn\u00e4mnda har vi tagit upp i <a href=\"https:\/\/portugalizar.com\/sv\/that-fantastic-thing\/\" target=\"_blank\" rel=\"noreferrer noopener\">f\u00f6rra veckans inl\u00e4gg<\/a>.<\/p>\n\n\n\n<p>Allt detta kan tyckas vilt, men det \u00e4r inte s\u00e5 konstigt. Bara portugisiska, som b\u00e5de spr\u00e5ket och folket. Och den mer allm\u00e4nna anv\u00e4ndningen av det portugisiska f\u00f6rflutna imperfektet \u00e4r \u00e4nnu mer typiskt portugisisk. Det l\u00e5ter talaren titta \u00f6ver axeln och minnas det f\u00f6rflutna med vemod, sorg och l\u00e4ngtan. \u00c4nd\u00e5 stannar talaren hela tiden kvar i nuet och blickar till och med in i framtiden. Som sagt, allt \u00e4r mycket portugisiskt.<\/p>\n\n\n\n<p>Jag kommer att ta reda p\u00e5 komplexiteten i Portugals <em>o pret\u00e9rito imperfeito<\/em>. Det vill s\u00e4ga att skilja det f\u00f6rflutna fr\u00e5n framtiden, vilket jag hoppas kommer att ge en b\u00e4ttre f\u00f6rst\u00e5else. Jag kommer att anv\u00e4nda <em>Fado<\/em>, Portugals viktigaste musikaliska tradition, f\u00f6r att beskriva <em>o pret\u00e9rito imperfeito's <\/em>grepp om det f\u00f6rflutna. <em>Fado<\/em> \u00e4r det musikaliska uttrycket av, sj\u00e4lva essensen inom <em>Saudade<\/em>. Och <em>Saudade<\/em>som vi diskuterade, utg\u00f6r den portugisiska sj\u00e4len. Jag t\u00e4nkte att jag skulle anv\u00e4nda Saga, en av v\u00e5ra valpar, f\u00f6r att hj\u00e4lpa mig med f\u00f6ljande <em>o pret\u00e9rito imperfeito's<\/em> framtida inriktning. S\u00e5 nu \u00e4r det dags.<\/p>\n\n\n\n<figure class=\"wp-block-image alignwide size-large\"><img data-recalc-dims=\"1\" fetchpriority=\"high\" decoding=\"async\" width=\"950\" height=\"343\" src=\"https:\/\/i0.wp.com\/portugalizar.com\/wp-content\/uploads\/2022\/06\/Hopes-and-dreams-through-all-the-years%E2%80%A6.jpg?resize=950%2C343&#038;ssl=1\" alt=\"\" class=\"wp-image-1542\" srcset=\"https:\/\/i0.wp.com\/portugalizar.com\/wp-content\/uploads\/2022\/06\/Hopes-and-dreams-through-all-the-years%E2%80%A6-scaled.jpg?resize=1024%2C370&amp;ssl=1 1024w, https:\/\/i0.wp.com\/portugalizar.com\/wp-content\/uploads\/2022\/06\/Hopes-and-dreams-through-all-the-years%E2%80%A6-scaled.jpg?resize=300%2C108&amp;ssl=1 300w, https:\/\/i0.wp.com\/portugalizar.com\/wp-content\/uploads\/2022\/06\/Hopes-and-dreams-through-all-the-years%E2%80%A6-scaled.jpg?resize=768%2C278&amp;ssl=1 768w, https:\/\/i0.wp.com\/portugalizar.com\/wp-content\/uploads\/2022\/06\/Hopes-and-dreams-through-all-the-years%E2%80%A6-scaled.jpg?resize=1536%2C555&amp;ssl=1 1536w, https:\/\/i0.wp.com\/portugalizar.com\/wp-content\/uploads\/2022\/06\/Hopes-and-dreams-through-all-the-years%E2%80%A6-scaled.jpg?resize=2048%2C740&amp;ssl=1 2048w, https:\/\/i0.wp.com\/portugalizar.com\/wp-content\/uploads\/2022\/06\/Hopes-and-dreams-through-all-the-years%E2%80%A6-scaled.jpg?resize=18%2C7&amp;ssl=1 18w, https:\/\/i0.wp.com\/portugalizar.com\/wp-content\/uploads\/2022\/06\/Hopes-and-dreams-through-all-the-years%E2%80%A6-scaled.jpg?resize=2000%2C723&amp;ssl=1 2000w, https:\/\/i0.wp.com\/portugalizar.com\/wp-content\/uploads\/2022\/06\/Hopes-and-dreams-through-all-the-years%E2%80%A6-scaled.jpg?w=1900&amp;ssl=1 1900w\" sizes=\"(max-width: 950px) 100vw, 950px\" \/><figcaption>\"F\u00f6rhoppningar och dr\u00f6mmar genom alla \u00e5r...\", 2022<\/figcaption><\/figure>\n\n\n\n<h2 class=\"wp-block-heading\">En titt bak\u00e5t<\/h2>\n\n\n\n<p>\u00c5terv\u00e4nder hem till Portugal efter julen. Efter att ha begravt min \u00e4lskade sv\u00e4rfar. Jag fastnade i det allegoriska m\u00e5leriet igen. Och den h\u00e4r g\u00e5ngen fick jag problem med en av mina k\u00e4raste v\u00e4nner. L\u00e5ng historia. Jag visste dock inte hur jag annars skulle kunna uttrycka vad jag k\u00e4nde. Framtida f\u00f6rhoppningar och tidigare dr\u00f6mmar fl\u00f6t iv\u00e4g \u00f6ver torra marker. En liten oas uppstod i minnen.<\/p>\n\n\n\n<p><em>O pret\u00e9rito imperfeito<\/em> framkallar det f\u00f6rflutna med l\u00e4ngtan och v\u00f6rdnad, det vill s\u00e4ga som det \"brukade vara\". Den enda bra engelska \u00f6vers\u00e4ttningen p\u00e5 portugisiska f\u00f6r <em>o pret\u00e9rito imperfeito<\/em> placerar \"used to\" framf\u00f6r huvudverbet. Till exempel, <em>arbetade i staden<\/em> kan \u00f6vers\u00e4ttas till \"Jag brukade arbeta i staden\". P\u00e5 engelska \u00e4r det sv\u00e5rt att uppfatta l\u00e4ngtan, \u00e5ngesten och vemodet. Men den finns d\u00e4r om man lyssnar uppm\u00e4rksamt p\u00e5 \"used to\". P\u00e5 portugisiska \u00e4r l\u00e4ngtan efter den tid d\u00e5 du arbetade i staden p\u00e5taglig, pulserande.<\/p>\n\n\n\n<p>Om en portugis utan k\u00e4nslor ber\u00e4ttade att \"jag arbetade i staden\", s\u00e5 skulle <em>Jag jobbar i staden<\/em>. Bara fakta, inget annat \u00e4n fakta; han anv\u00e4nder sig av f\u00f6rfluten tid. Men portugisiskan m\u00e5ste g\u00f6ra mer \u00e4n att bara dela med sig av fakta. Portugisiska vill ge fakta k\u00f6tt p\u00e5 benen och ge de f\u00f6rbannade fakta ett hj\u00e4rta! <em>O pret\u00e9rito imperfeito<\/em> g\u00f6r det jobbet.<\/p>\n\n\n\n<p><em>O pret\u00e9rito imperfeito<\/em> var mitt spr\u00e5k under hela pandemin. Precis som du kanske, levde jag i \"det som var f\u00f6rr\". Jag l\u00e4ngtade efter allt det som jag k\u00e4nde att jag hade f\u00f6rlorat och som jag faktiskt hade f\u00f6rlorat. Jag var insvept i masker, smord med alkoholgel och sex fot (eller tv\u00e5 meter) under, nej, jag menar bort. Det f\u00f6rflutna verkade vara det enda st\u00e4llet att ta v\u00e4gen. D\u00e4r dr\u00f6mde jag om och hoppades p\u00e5 framtiden. Det f\u00f6rflutna och framtiden sm\u00e4lte samman i det surrealistiska nuet.<\/p>\n\n\n\n<h2 class=\"wp-block-heading\">Att g\u00f6ra det verkligt<\/h2>\n\n\n\n<p>2016 hyrde Joseph och jag, tillsammans med m\u00e5nga v\u00e4nner och familjemedlemmar, ett hus och reste till Toscana. Sex m\u00e5nader tidigare hade jag f\u00e5tt hj\u00e4rtstillest\u00e5nd och dog p\u00e5 en trafikerad aveny i New York. Jag var p\u00e5 v\u00e4g tillbaka till mitt kontor efter en aff\u00e4rslunch. En \u00e4ngel, Claire O'Neill, stannade och gjorde med hj\u00e4lp av hj\u00e4rt- och lungr\u00e4ddning det arbete som mitt hj\u00e4rta inte kunde g\u00f6ra. Hon arbetade och arbetade tills ambulansen kom. Sjukv\u00e5rdarna hade sv\u00e5rt att f\u00e5 ig\u00e5ng mitt hj\u00e4rta igen. Efter en tid gav de upp, det vill s\u00e4ga tills Claire inte s\u00e5 f\u00f6rsiktigt knuffade dem vidare.<\/p>\n\n\n\n<figure class=\"wp-block-image alignfull size-large\"><img data-recalc-dims=\"1\" decoding=\"async\" width=\"950\" height=\"222\" src=\"https:\/\/i0.wp.com\/portugalizar.com\/wp-content\/uploads\/2022\/05\/Remember-when....png?resize=950%2C222&#038;ssl=1\" alt=\"\" class=\"wp-image-1508\" srcset=\"https:\/\/i0.wp.com\/portugalizar.com\/wp-content\/uploads\/2022\/05\/Remember-when....png?resize=1024%2C239&amp;ssl=1 1024w, https:\/\/i0.wp.com\/portugalizar.com\/wp-content\/uploads\/2022\/05\/Remember-when....png?resize=300%2C70&amp;ssl=1 300w, https:\/\/i0.wp.com\/portugalizar.com\/wp-content\/uploads\/2022\/05\/Remember-when....png?resize=768%2C179&amp;ssl=1 768w, https:\/\/i0.wp.com\/portugalizar.com\/wp-content\/uploads\/2022\/05\/Remember-when....png?resize=1536%2C358&amp;ssl=1 1536w, https:\/\/i0.wp.com\/portugalizar.com\/wp-content\/uploads\/2022\/05\/Remember-when....png?resize=2048%2C478&amp;ssl=1 2048w, https:\/\/i0.wp.com\/portugalizar.com\/wp-content\/uploads\/2022\/05\/Remember-when....png?resize=18%2C4&amp;ssl=1 18w, https:\/\/i0.wp.com\/portugalizar.com\/wp-content\/uploads\/2022\/05\/Remember-when....png?resize=2000%2C467&amp;ssl=1 2000w, https:\/\/i0.wp.com\/portugalizar.com\/wp-content\/uploads\/2022\/05\/Remember-when....png?w=1900&amp;ssl=1 1900w, https:\/\/i0.wp.com\/portugalizar.com\/wp-content\/uploads\/2022\/05\/Remember-when....png?w=2850&amp;ssl=1 2850w\" sizes=\"(max-width: 950px) 100vw, 950px\" \/><figcaption>\"Minns du n\u00e4r...\", 2020<\/figcaption><\/figure>\n\n\n\n<p>Under v\u00e5r f\u00f6rsta kv\u00e4ll i den tonande toskanska solen m\u00f6tte jag Joseph, ensam, som tittade ut \u00f6ver landskapet. Jag vet inte om han visste att jag var d\u00e4r. Denna bild br\u00e4nde sig dock in i min hj\u00e4rna och i mitt hj\u00e4rta. Det var f\u00f6rst n\u00e4r jag l\u00e4rde mig portugisiska som jag b\u00f6rjade f\u00e5 ord f\u00f6r att f\u00f6rst\u00e5 den. H\u00e4r fanns den l\u00e4ngtan, den sorg, den vemod som minnet insisterar p\u00e5. Det kr\u00e4ver det oavsett om minnena \u00e4r lyckliga eller inte. Det f\u00f6rflutna \u00e4r nu borta - \u00f6ver - men h\u00e5lls fortfarande h\u00e5rt och n\u00e4ra. <em>O pret\u00e9rito imperfeito.<\/em> <\/p>\n\n\n\n<p>Jag f\u00f6rest\u00e4llde mig Joseph, st\u00e5ende p\u00e5 terrassen, fortfarande gripen av <em>o pret\u00e9rito imperfeito<\/em> som bara sex m\u00e5nader tidigare. S\u00f6rjer allt som s\u00e4kert var f\u00f6rlorat. En stark f\u00f6rhoppning - en \u00f6nskan - om framtiden. Fast i nuet mellan det f\u00f6rra och det senare.<\/p>\n\n\n\n<p>Kanske nj\u00f6t Joseph av kv\u00e4llshimlens mjuka nyanser och poppelparaden. Eller kanske h\u00f6rde han helt enkelt poolen ropa p\u00e5 honom. Jag f\u00f6redrar min f\u00f6rsta antydan till hans minnen; det \u00e4r vad min m\u00e5lning av honom i den scenen fyra \u00e5r senare avsl\u00f6jade f\u00f6r mig. Om jag har r\u00e4tt, s\u00e5 nynnade Josef i sitt huvud och mumlade i sitt hj\u00e4rta, utan att veta om det, den uppslitande partituret av en <em>Fado<\/em> s\u00e5ng. <\/p>\n\n\n\n<h2 class=\"wp-block-heading\">Fado<\/h2>\n\n\n\n<p><em>O pret\u00e9rito imperfeito<\/em> \u00e4r grammatiken f\u00f6r <em>Saudade<\/em>. <em>Fado<\/em> \u00e4r <em>saudade's<\/em> text och rytm. F\u00f6rsta g\u00e5ngen jag h\u00f6rde en <em>fadista<\/em>, i Lissabon under en konsert f\u00f6r turister, t\u00e4nkte jag genast p\u00e5 <a href=\"https:\/\/en.wikipedia.org\/wiki\/Blues\" target=\"_blank\" rel=\"noreferrer noopener\">Amerikansk blues<\/a>. \u00c4ven om jag inte f\u00f6rstod s\u00e5ngerskans ord, f\u00f6rstod jag hennes k\u00e4nslor. Precis som med bluesen \u00e4r <em>fadista<\/em> delar med sig av sina personliga bekymmer i en h\u00e5rd v\u00e4rld. \u00c4lskare f\u00f6rsvinner. Jobb och pengar f\u00f6rsvinner. Lagen \u00e4r brutalt or\u00e4ttvis. Livet \u00e4r en r\u00e4nnsten.<\/p>\n\n\n\n<p><em>Fado<\/em> minns det f\u00f6rflutna p\u00e5 ett levande s\u00e4tt. Den f\u00f6rs\u00f6ker f\u00f6rst\u00e5 hur saker och ting gick fel. Den genomsyras av \u00f6de och resignation och melankoli uppst\u00e5r. Som bluesen, <em>Fado<\/em> \u00e4r musiken f\u00f6r de f\u00f6rtryckta, de som inte har m\u00e5nga val eller alternativ. Att minnas ger dock ocks\u00e5 styrka och kraft i nuet. Minnet st\u00e4rker och st\u00e4rker den m\u00e4nskliga sj\u00e4len. <em>fadista's<\/em> r\u00f6sten \u00e4r stark och dj\u00e4rv. En hoppets s\u00e5ng framtr\u00e4der i den sj\u00e4lfulla, sorgliga \u00e5terber\u00e4ttelsen. <\/p>\n\n\n\n<p>Min tidigaste fascination f\u00f6r <em>Fado<\/em> b\u00f6rjade med <a href=\"https:\/\/www.museudofado.pt\/en\/fado\/persolanity\/amaila-rodrigues-en\" target=\"_blank\" rel=\"noreferrer noopener\">Am\u00e1lia <\/a><a href=\"https:\/\/www.museudofado.pt\/fado\/personalidade\/amalia-rodrigues\" target=\"_blank\" rel=\"noreferrer noopener\">Rodrigues<\/a>. Hon \u00e4r verkligen den st\u00f6rsta <em>fadista<\/em> av 1900-talet. Hon dog 1999. Som med varje ny erfarenhet vill jag nu m\u00e5la f\u00f6r att f\u00f6rst\u00e5 b\u00e4ttre. Jag m\u00e5lade den stora <em>en Senhora<\/em> som jag f\u00f6rest\u00e4llde mig hennes yngre jag, mellan tv\u00e5 spelupps\u00e4ttningar. Hon funderar p\u00e5 det sista setet. <em>En Senhora<\/em> kommer ih\u00e5g misstagen, de d\u00e5liga bitarna, det \u00f6gonblick d\u00e5 hon f\u00f6rlorade sin nyckel. <\/p>\n\n\n\n<figure class=\"wp-block-image alignwide size-large\"><img data-recalc-dims=\"1\" decoding=\"async\" width=\"671\" height=\"1024\" src=\"https:\/\/i0.wp.com\/portugalizar.com\/wp-content\/uploads\/2022\/05\/A9A56C14-D709-4214-A5C2-E121D5232390-671x1024.jpeg?resize=671%2C1024&#038;ssl=1\" alt=\"\" class=\"wp-image-1528\" srcset=\"https:\/\/i0.wp.com\/portugalizar.com\/wp-content\/uploads\/2022\/05\/A9A56C14-D709-4214-A5C2-E121D5232390.jpeg?resize=671%2C1024&amp;ssl=1 671w, https:\/\/i0.wp.com\/portugalizar.com\/wp-content\/uploads\/2022\/05\/A9A56C14-D709-4214-A5C2-E121D5232390.jpeg?resize=197%2C300&amp;ssl=1 197w, https:\/\/i0.wp.com\/portugalizar.com\/wp-content\/uploads\/2022\/05\/A9A56C14-D709-4214-A5C2-E121D5232390.jpeg?resize=768%2C1171&amp;ssl=1 768w, https:\/\/i0.wp.com\/portugalizar.com\/wp-content\/uploads\/2022\/05\/A9A56C14-D709-4214-A5C2-E121D5232390.jpeg?resize=1007%2C1536&amp;ssl=1 1007w, https:\/\/i0.wp.com\/portugalizar.com\/wp-content\/uploads\/2022\/05\/A9A56C14-D709-4214-A5C2-E121D5232390.jpeg?resize=8%2C12&amp;ssl=1 8w, https:\/\/i0.wp.com\/portugalizar.com\/wp-content\/uploads\/2022\/05\/A9A56C14-D709-4214-A5C2-E121D5232390.jpeg?w=1093&amp;ssl=1 1093w\" sizes=\"(max-width: 671px) 100vw, 671px\" \/><figcaption>\"Eu cantava de novo\", 2020<\/figcaption><\/figure>\n\n\n\n<p>Med dessa minnen i bagaget f\u00f6rbereder hon sig dock f\u00f6r n\u00e4sta set. Hon har hittat styrka och beslutsamhet. P\u00e5 <em>o pret\u00e9rito imperfeito<\/em> hon \"kommer att sjunga igen\" \/\/ <em>kantava de novo<\/em>. Ja, med <em>o pret\u00e9rito imperfeito<\/em>att leva i och minnas det f\u00f6rflutna b\u00e4r en, via hopp, in i framtiden. <em>Cantava de novo<\/em> betyder i sin fulla inneb\u00f6rd: \"Jag sj\u00f6ng f\u00f6rr, jag sjunger nu och jag kommer att sjunga f\u00f6r evigt\".<\/p>\n\n\n\n<h2 class=\"wp-block-heading\">Inte statisk, lite konstig och definitivt vild<\/h2>\n\n\n\n<p>P\u00e5 portugisiska \u00e4r ingenting oflexibelt eller absolut, s\u00e4rskilt inte <em>o pret\u00e9rito imperfeito<\/em>. Denna portugisiska tempus till\u00e5ter, ja, uppmuntrar till och med en vemodig blick \u00f6ver axeln mot det f\u00f6rflutna som onekligen \u00e4r fylld av melankolisk l\u00e4ngtan. Men <em>o pret\u00e9rito imperfeito<\/em> inneh\u00e5ller ocks\u00e5 hopp och l\u00e4ngtan. Den insisterar p\u00e5 en blick fr\u00e5n det f\u00f6rflutna genom nuet in i framtiden. L\u00e4ngtan efter det f\u00f6rflutna skapar, \u00e5tminstone p\u00e5 portugisiska, ett framtidsinriktat hopp och beg\u00e4r. Det kan vara lite konstigt och det \u00e4r definitivt vilt.<\/p>\n\n\n\n<p>P\u00e5 tal om vildmark m\u00e5ste jag ber\u00e4tta om en av v\u00e5ra valpar! Vi har tv\u00e5 r\u00e4ddade <a href=\"https:\/\/www.akc.org\/dog-breeds\/sealyham-terrier\/\" target=\"_blank\" rel=\"noreferrer noopener\">Sealyham Terriers<\/a>, Tucker och Saga. Jag vill ber\u00e4tta Sagas historia h\u00e4r. Vid ett senare tillf\u00e4lle kommer jag att ber\u00e4tta Tuckers. I dag, den 2 juni, fyller Saga \u00e5r. Hon fyller tio \u00e5r. Hon kom till oss n\u00e4r hon var 4 \u00e5r.<\/p>\n\n\n\n<p>Sealyham Terriers \u00e4r en raser som arbetar p\u00e5 g\u00e5rden. V\u00e5ra tv\u00e5 tycks fortfarande ligga mycket n\u00e4ra sina ursprungliga instinkter. Som alla hundar \u00e4r de \u00e4lskv\u00e4rda, intelligenta och otroligt k\u00e4nsliga, det vill s\u00e4ga fantastiska f\u00f6ljeslagare. Men Sealys, vad vi <em>aficionados<\/em> kalla dem, noga bevaka och kontrollera bes\u00f6kare, s\u00e4rskilt sm\u00e5 barn. Och andra hundar, katter, r\u00e5ttor och alla andra sm\u00e5 p\u00e4lsiga varelser kan ni gl\u00f6mma.<\/p>\n\n\n\n<p>Saga kommer fr\u00e5n en otrolig Sealyham-stam, Sealyhams adel. Uppf\u00f6dd som utst\u00e4llningshund blev hon verkligen en stor champion. Hon placerade sig som b\u00e4st i utst\u00e4llning eller b\u00e4st i rasen i Finland, Sverige och Norge och hon blev \u00e4ven skandinavisk m\u00e4stare. Som det anst\u00e5r en \u00e4del Sealy \u00e4r hennes instinkter en livlig dominans och en irriterad sj\u00e4lvst\u00e4ndighet.<\/p>\n\n\n\n<h2 class=\"wp-block-heading\">Min v\u00e4rld, mina villkor<\/h2>\n\n\n\n<p>N\u00e4r Saga blev tre och ett halvt \u00e5r gammal var det dags f\u00f6r henne att bevisa sin metall utanf\u00f6r utst\u00e4llningsringen och i avelsh\u00e4gnet. Vi stod i k\u00f6 f\u00f6r en av Sagas f\u00f6rsta valpar. Lyckligtvis eller tyv\u00e4rr gick aveln inte som n\u00e5gon hade f\u00f6rv\u00e4ntat sig, utom kanske ur Sagas perspektiv. Saga levde upp till sina rasstandarder n\u00e4r hon matchades med en l\u00e4mplig championpartner. Till hans f\u00f6rv\u00e5ning v\u00e4nde Saga sig dock mot honom n\u00e4r han f\u00f6rs\u00f6kte g\u00f6ra ett romantiskt n\u00e4rmande med o\u00f6vertr\u00e4ffad ilska som gav upphov till b\u00e5de blod och traumatiska skador p\u00e5 hans ego. <\/p>\n\n\n\n<p>I en annan match intr\u00e4ffade samma resultat. Saga gav sig helt enkelt inte till n\u00e5gon annan hund. N\u00e4r jag kontaktade uppf\u00f6daren om v\u00e5r utlovade valp var Saga p\u00e5 v\u00e4g att avlivas p\u00e5 grund av sitt beteende. Att angripa andra hundar - s\u00e4rskilt championhannar - var inte acceptabelt ens i det ultraliberala Europa. Jag v\u00e4djade om att f\u00e5 adoptera henne eftersom vi ville ha en \u00e4ldre r\u00e4ddningshund; vi skulle aldrig n\u00e5gonsin avla henne.<\/p>\n\n\n\n<p>I v\u00e5rt hem \u00e4r Saga levande, andas, spr\u00e5ngande energi och gnista. Hon \u00e4r alltid i r\u00f6relse, hennes svans viftar alltid. Hennes nyfikenhet k\u00e4nner ingen r\u00e4dsla, och ibland verkar den vara obegr\u00e4nsad av sunt f\u00f6rnuft. Hon f\u00f6ljer oss \u00f6verallt i v\u00e4ntan p\u00e5 n\u00e5gon ok\u00e4nd, \u00e4nnu ouppt\u00e4ckt sp\u00e4nning. <\/p>\n\n\n\n<p>Hon \u00e4r ocks\u00e5 en bunt k\u00e4rlek, men hon best\u00e4mmer sj\u00e4lv hur den ska delas ut. Saga \u00e4r inte en hund som kan plockas upp och kramas. \u00c5h, hon kommer att gosa, ja, hon \u00e4r helt inne p\u00e5 det. Men bara om det \u00e4r hon som g\u00f6r framst\u00f6tarna och bara om hon ocks\u00e5 best\u00e4mmer hur det ska g\u00e5 till. V\u00e4rlden \u00e4r hennes, p\u00e5 hennes villkor. Men hennes <em>livsgl\u00e4dje<\/em> \u00e4r helt smittsam och smittsam.<\/p>\n\n\n\n<h2 class=\"wp-block-heading\">Att blicka vilt fram\u00e5t<\/h2>\n\n\n\n<p>Utanf\u00f6r huset, p\u00e5 en promenad, \u00e4r Saga bokstavligen, p\u00e5 ett \u00f6vernaturligt s\u00e4tt och f\u00f6r alltid p\u00e5 jakt. Hela v\u00e4rlden \u00e4r hennes att underkuva och t\u00e4mja. Hon f\u00f6rf\u00f6ljer den med beslutsamhet och uth\u00e5llighet. Varje uns av henne, varje fiber, varje senor och varje cell \u00e4r i full g\u00e5ng med 200%-kapacitet. V\u00e4l hemma igen faller Saga ihop av fullst\u00e4ndig utmattning. Tucker, som har gjort samma promenad, \u00e5terv\u00e4nder hem knappt fl\u00e4mtande.&nbsp;<\/p>\n\n\n\n<p>I min fantasi \u00e4r Saga den arketypiska hunden. Hon f\u00f6rkroppsligar vildheten, nyfikenheten och den v\u00e5ldsamma sj\u00e4lvst\u00e4ndigheten hos sina f\u00f6reg\u00e5ngare, den gr\u00e5 vargen, men hon mildrar detta med h\u00e4ngivenhet och gl\u00e4dje f\u00f6r m\u00e4nskligt s\u00e4llskap och k\u00e4rlek. Hennes vildhet \u00e4r uppenbar och den kan inte g\u00f6ras ogjord.<\/p>\n\n\n\n<figure class=\"wp-block-image alignwide size-large\"><img data-recalc-dims=\"1\" loading=\"lazy\" decoding=\"async\" width=\"768\" height=\"1024\" src=\"https:\/\/i0.wp.com\/portugalizar.com\/wp-content\/uploads\/2022\/05\/Fazia-Selvagem-Novamente.png?resize=768%2C1024&#038;ssl=1\" alt=\"\" class=\"wp-image-1507\" srcset=\"https:\/\/i0.wp.com\/portugalizar.com\/wp-content\/uploads\/2022\/05\/Fazia-Selvagem-Novamente.png?resize=768%2C1024&amp;ssl=1 768w, https:\/\/i0.wp.com\/portugalizar.com\/wp-content\/uploads\/2022\/05\/Fazia-Selvagem-Novamente.png?resize=225%2C300&amp;ssl=1 225w, https:\/\/i0.wp.com\/portugalizar.com\/wp-content\/uploads\/2022\/05\/Fazia-Selvagem-Novamente.png?resize=1152%2C1536&amp;ssl=1 1152w, https:\/\/i0.wp.com\/portugalizar.com\/wp-content\/uploads\/2022\/05\/Fazia-Selvagem-Novamente.png?resize=1536%2C2048&amp;ssl=1 1536w, https:\/\/i0.wp.com\/portugalizar.com\/wp-content\/uploads\/2022\/05\/Fazia-Selvagem-Novamente.png?resize=9%2C12&amp;ssl=1 9w, https:\/\/i0.wp.com\/portugalizar.com\/wp-content\/uploads\/2022\/05\/Fazia-Selvagem-Novamente.png?w=1900&amp;ssl=1 1900w, https:\/\/i0.wp.com\/portugalizar.com\/wp-content\/uploads\/2022\/05\/Fazia-Selvagem-Novamente.png?w=2850&amp;ssl=1 2850w\" sizes=\"(max-width: 768px) 100vw, 768px\" \/><figcaption>\"Fazia Selvagem Novamente\", 2021<\/figcaption><\/figure>\n\n\n\n<p>Jag t\u00e4nker mig att Saga en dag kommer att tr\u00e4ffa sin flock gr\u00e5 vargar igen. Hon kommer att bli deras legendariska, heroiska alfa. Saga var en g\u00e5ng vild, hon \u00e4r vild nu och hon kommer att vara vild igen. Saga f\u00f6rkroppsligar <em>o pret\u00e9rito imperfeito's<\/em> entusiasm och vilda f\u00f6rv\u00e4ntningar p\u00e5 framtiden.<\/p>\n\n\n\n<h2 class=\"wp-block-heading\"> Att h\u00e5lla ihop konstigt och vilt<\/h2>\n\n\n\n<p>Jag b\u00f6rjar tycka, tv\u00e5 och ett halvt \u00e5r efter denna pandemi, att mycket av livet handlar om att h\u00e5lla motsatser samman och i sp\u00e4nning med varandra. Jag har b\u00f6rjat l\u00e4ra mig detta med tolerans och personlig \u00f6vertygelse n\u00e4r jag deltog i den <a href=\"https:\/\/portugalizar.com\/sv\/whispers-secrets-lies-and-murmurings\/\" target=\"_blank\" rel=\"noreferrer noopener\">post<\/a> om v\u00e5r resa till Sevilla. Detsamma g\u00e4ller v\u00e5ra minnen fr\u00e5n det f\u00f6rflutna, kollektiva och personliga, och v\u00e5ra f\u00f6rhoppningar inf\u00f6r framtiden, \u00e5terigen kollektiva och personliga. V\u00e5ra minnen fr\u00e5n det f\u00f6rflutna m\u00e5ste h\u00e5llas samman och h\u00e5llas i sp\u00e4nning med v\u00e5rt hopp om framtiden.<\/p>\n\n\n\n<p>Vad i helvete betyder det? Jag n\u00e4mnde i <a href=\"https:\/\/portugalizar.com\/sv\/great-memory-but-better-amnesia-islam-and-christianity-in-portugal\/\" target=\"_blank\" rel=\"noreferrer noopener\">ett annat inl\u00e4gg<\/a> att v\u00e5rt f\u00f6rflutna kan skapas av partiella minnen. V\u00e5rt tidigare liv kanske inte \u00e4r vad vi minns, det kanske inte \u00e4r s\u00e5 bra som vi minns det. Det kan vara farligt. H\u00f6gerextremisterna och ultranationalisterna l\u00e4r oss farorna med f\u00f6rfalskade minnen om det f\u00f6rflutna. De \u00e4r experter p\u00e5 dessa egennyttiga halvsanningar.<\/p>\n\n\n\n<p>Men det vi minns formar v\u00e5r framtid, det vill s\u00e4ga det \u00e4r den grund p\u00e5 vilken vi bygger framtiden. <em>O pret\u00e9rito imperfeito<\/em> l\u00e4r oss att. Det f\u00f6rflutna flyter genom nuet in i framtiden. <em>Fado's<\/em> Klagom\u00e5l \u00f6ver tidigare el\u00e4nde, minnet, ger styrka och beslutsamhet att uth\u00e4rda nuet och bygga en annan framtid. Sagas nuvarande energi och starka sj\u00e4lvst\u00e4ndighet, som h\u00e4rr\u00f6r fr\u00e5n f\u00f6rf\u00e4dernas DNA, kommer att g\u00f6ra det m\u00f6jligt f\u00f6r henne att bli vild igen - <em>fazia selvagem novamente<\/em>.<\/p>\n\n\n\n<p>Vi m\u00e5ste vara brutalt \u00e4rliga och sanningsenliga om v\u00e5rt kollektiva och personliga f\u00f6rflutna. Vi kan inte uppn\u00e5 den framtid som vi alla f\u00f6rtj\u00e4nar utan den styrka och uth\u00e5llighet som v\u00e5rt genuina f\u00f6rflutna ger oss i nuet. Denna framtid \u00e4r r\u00e4ttvis, r\u00e4ttvis och j\u00e4mlik. V\u00e5rt f\u00f6rflutna m\u00e5ste leda oss dit.<\/p>\n\n\n\n<figure class=\"wp-block-image alignwide size-large\"><img data-recalc-dims=\"1\" loading=\"lazy\" decoding=\"async\" width=\"768\" height=\"1024\" src=\"https:\/\/i0.wp.com\/portugalizar.com\/wp-content\/uploads\/2022\/06\/Reflections-of-the-way-life-used-to-be%E2%80%A6.jpg?resize=768%2C1024&#038;ssl=1\" alt=\"\" class=\"wp-image-1473\" srcset=\"https:\/\/i0.wp.com\/portugalizar.com\/wp-content\/uploads\/2022\/06\/Reflections-of-the-way-life-used-to-be%E2%80%A6-scaled.jpg?resize=768%2C1024&amp;ssl=1 768w, https:\/\/i0.wp.com\/portugalizar.com\/wp-content\/uploads\/2022\/06\/Reflections-of-the-way-life-used-to-be%E2%80%A6-scaled.jpg?resize=225%2C300&amp;ssl=1 225w, https:\/\/i0.wp.com\/portugalizar.com\/wp-content\/uploads\/2022\/06\/Reflections-of-the-way-life-used-to-be%E2%80%A6-scaled.jpg?resize=1152%2C1536&amp;ssl=1 1152w, https:\/\/i0.wp.com\/portugalizar.com\/wp-content\/uploads\/2022\/06\/Reflections-of-the-way-life-used-to-be%E2%80%A6-scaled.jpg?w=1920&amp;ssl=1 1920w\" sizes=\"(max-width: 768px) 100vw, 768px\" \/><figcaption>\"Reflektioner av hur livet brukade vara...\", 2022<\/figcaption><\/figure>\n\n\n\n<h2 class=\"wp-block-heading\">Reflektioner om hur livet brukade vara...<\/h2>\n\n\n\n<p>N\u00e5gon g\u00e5ng under 2021, mellan v\u00e5r andra vaccination och f\u00f6re Delta, fanns det en tid d\u00e5 allt verkade n\u00e4stan \"normalt\". Det konstiga och vilda verkade ligga bakom oss. Den evigt bl\u00e5 himlen var tillbaka fr\u00e5n sitt lilla vinteruppeh\u00e5ll. Dagarna blev l\u00e4ngre. Temperaturerna v\u00e4rmde \u00e4nnu mer. Joseph och jag v\u00e5gade oss bort fr\u00e5n grusv\u00e4garna och ut p\u00e5 stadens gator. Kaffe och en efterr\u00e4tt lockade oss till kaf\u00e9erna p\u00e5 trottoaren. Vi \u00e5t lunch p\u00e5 v\u00e5ra favoritplatser l\u00e4ngs <em>Ria<\/em> <em>Formosa<\/em> och <em>Rio Gil\u00e3o<\/em>.<\/p>\n\n\n\n<p>Det f\u00f6rflutna var dock fortfarande allest\u00e4des n\u00e4rvarande. Under den \"n\u00e5gon g\u00e5ng \u00e5r 2021\" tog jag ett fotografi av en byggnad i Tavira som jag ville m\u00e5la en dag. En gammal sk\u00f6nhet med vit stuckatur, slitna kalkstensdetaljer, fantastisk symmetri, r\u00f6da h\u00f6jdpunkter och ett enormt \"f\u00f6nster\" mot himlen.<\/p>\n\n\n\n<p>Tidigare i \u00e5r bl\u00e4ddrade jag bland fotografier f\u00f6r att hitta ett motiv att m\u00e5la. Jag tittade p\u00e5 ett foto av den gamla sk\u00f6nheten. F\u00f6r f\u00f6rsta g\u00e5ngen s\u00e5g jag Joseph reflekteras i f\u00f6nstret l\u00e4ngst ner till h\u00f6ger. Han hade just kommit ut fr\u00e5n den gamla marknadsbyggnaden till torget p\u00e5 andra sidan gatan. Han var maskerad och lufttorkade sina h\u00e4nder av alkoholgel. Dagen var perfekt och det f\u00f6rflutna var fortfarande med oss.<\/p>\n\n\n\n<p>Jag kan inte fly fr\u00e5n mitt f\u00f6rflutna, det kan vi inte. Och vi b\u00f6r inte vilja g\u00f6ra det. Vi b\u00f6r omfamna dem sanningsenligt och \u00e4rligt. D\u00e5 kan v\u00e5rt f\u00f6rflutna ge oss styrkan och uth\u00e5lligheten att bygga den framtid vi f\u00f6rtj\u00e4nar. Ni vet, den med social, ekonomisk och milj\u00f6m\u00e4ssig r\u00e4ttvisa. Detta sker endast med <em>o pret\u00e9rito imperfeito<\/em>Det vill s\u00e4ga n\u00e4r sanningen flyter s\u00f6ml\u00f6st genom mitt f\u00f6rflutna in i min nutid och vidare in i min framtid. Vad tycker du?<\/p>\n\n\n\n<p><em>At\u00e9 \u00e0 proxima quinta. Tack.<\/em> \/\/ Vi ses n\u00e4sta torsdag. Sk\u00e5l.<\/p>","protected":false},"excerpt":{"rendered":"<p>Det portugisiska spr\u00e5ket har en smidighet och en uttrycksfullhet som kan verka konstig och vild f\u00f6r engelsktalande personer och f\u00f6r andra. Detta \"konstiga och vilda\" har dock gjort det m\u00f6jligt f\u00f6r mig att se v\u00e4rlden med lite st\u00f6rre klarhet. Det vill s\u00e4ga hur jag f\u00f6rst\u00e5r sambandet mellan mitt f\u00f6rflutna och min framtid. L\u00e4s mer...<\/p>","protected":false},"author":1,"featured_media":1465,"comment_status":"open","ping_status":"closed","sticky":false,"template":"","format":"standard","meta":{"nf_dc_page":"","om_disable_all_campaigns":false,"_monsterinsights_skip_tracking":false,"_monsterinsights_sitenote_active":false,"_monsterinsights_sitenote_note":"","_monsterinsights_sitenote_category":0,"_themeisle_gutenberg_block_has_review":false,"_jetpack_memberships_contains_paid_content":false,"footnotes":""},"categories":[8,7],"tags":[],"class_list":["post-1293","post","type-post","status-publish","format-standard","has-post-thumbnail","hentry","category-culture-customs","category-language"],"yoast_head":"<!-- This site is optimized with the Yoast SEO plugin v27.4 - https:\/\/yoast.com\/product\/yoast-seo-wordpress\/ -->\n<title>Weird and Wild, It\u2019s Got To Be... - PORTUGALIZAR<\/title>\n<meta name=\"description\" content=\"It easy to understand why Portuguese may seem weird, even wild, to a non-native. Verb tenses can express complex, contradictory emotions.\" \/>\n<meta name=\"robots\" content=\"index, follow, max-snippet:-1, max-image-preview:large, max-video-preview:-1\" \/>\n<link rel=\"canonical\" href=\"https:\/\/portugalizar.com\/sv\/weird-and-wild\/\" \/>\n<meta property=\"og:locale\" content=\"sv_SE\" \/>\n<meta property=\"og:type\" content=\"article\" \/>\n<meta property=\"og:title\" content=\"Weird and Wild, It\u2019s Got To Be... - PORTUGALIZAR\" \/>\n<meta property=\"og:description\" content=\"It easy to understand why Portuguese may seem weird, even wild, to a non-native. Verb tenses can express complex, contradictory emotions.\" \/>\n<meta property=\"og:url\" content=\"https:\/\/portugalizar.com\/sv\/weird-and-wild\/\" \/>\n<meta property=\"og:site_name\" content=\"PORTUGALIZAR\" \/>\n<meta property=\"article:published_time\" content=\"2022-06-02T04:00:00+00:00\" \/>\n<meta property=\"article:modified_time\" content=\"2022-07-13T22:21:27+00:00\" \/>\n<meta property=\"og:image\" content=\"https:\/\/portugalizar.com\/wp-content\/uploads\/2022\/06\/5F62EBB4-9F0D-4189-8059-CA14E6DB4409.jpeg\" \/>\n\t<meta property=\"og:image:width\" content=\"1891\" \/>\n\t<meta property=\"og:image:height\" content=\"576\" \/>\n\t<meta property=\"og:image:type\" content=\"image\/jpeg\" \/>\n<meta name=\"author\" content=\"Gui\" \/>\n<meta name=\"twitter:card\" content=\"summary_large_image\" \/>\n<meta name=\"twitter:label1\" content=\"Skriven av\" \/>\n\t<meta name=\"twitter:data1\" content=\"Gui\" \/>\n\t<meta name=\"twitter:label2\" content=\"Ber\u00e4knad l\u00e4stid\" \/>\n\t<meta name=\"twitter:data2\" content=\"14 minuter\" \/>\n<script type=\"application\/ld+json\" class=\"yoast-schema-graph\">{\"@context\":\"https:\\\/\\\/schema.org\",\"@graph\":[{\"@type\":\"Article\",\"@id\":\"https:\\\/\\\/portugalizar.com\\\/weird-and-wild\\\/#article\",\"isPartOf\":{\"@id\":\"https:\\\/\\\/portugalizar.com\\\/weird-and-wild\\\/\"},\"author\":{\"name\":\"Gui\",\"@id\":\"https:\\\/\\\/portugalizar.com\\\/#\\\/schema\\\/person\\\/1f60af48f39895b897e26d9d92ecf6db\"},\"headline\":\"Weird and Wild, It\u2019s Got To Be&#8230;\",\"datePublished\":\"2022-06-02T04:00:00+00:00\",\"dateModified\":\"2022-07-13T22:21:27+00:00\",\"mainEntityOfPage\":{\"@id\":\"https:\\\/\\\/portugalizar.com\\\/weird-and-wild\\\/\"},\"wordCount\":2985,\"commentCount\":10,\"publisher\":{\"@id\":\"https:\\\/\\\/portugalizar.com\\\/#organization\"},\"image\":{\"@id\":\"https:\\\/\\\/portugalizar.com\\\/weird-and-wild\\\/#primaryimage\"},\"thumbnailUrl\":\"https:\\\/\\\/i0.wp.com\\\/portugalizar.com\\\/wp-content\\\/uploads\\\/2022\\\/06\\\/5F62EBB4-9F0D-4189-8059-CA14E6DB4409.jpeg?fit=1891%2C576&ssl=1\",\"articleSection\":[\"Culture &amp; Customs\",\"Language\"],\"inLanguage\":\"sv-SE\",\"potentialAction\":[{\"@type\":\"CommentAction\",\"name\":\"Comment\",\"target\":[\"https:\\\/\\\/portugalizar.com\\\/weird-and-wild\\\/#respond\"]}]},{\"@type\":\"WebPage\",\"@id\":\"https:\\\/\\\/portugalizar.com\\\/weird-and-wild\\\/\",\"url\":\"https:\\\/\\\/portugalizar.com\\\/weird-and-wild\\\/\",\"name\":\"Weird and Wild, It\u2019s Got To Be... - PORTUGALIZAR\",\"isPartOf\":{\"@id\":\"https:\\\/\\\/portugalizar.com\\\/#website\"},\"primaryImageOfPage\":{\"@id\":\"https:\\\/\\\/portugalizar.com\\\/weird-and-wild\\\/#primaryimage\"},\"image\":{\"@id\":\"https:\\\/\\\/portugalizar.com\\\/weird-and-wild\\\/#primaryimage\"},\"thumbnailUrl\":\"https:\\\/\\\/i0.wp.com\\\/portugalizar.com\\\/wp-content\\\/uploads\\\/2022\\\/06\\\/5F62EBB4-9F0D-4189-8059-CA14E6DB4409.jpeg?fit=1891%2C576&ssl=1\",\"datePublished\":\"2022-06-02T04:00:00+00:00\",\"dateModified\":\"2022-07-13T22:21:27+00:00\",\"description\":\"It easy to understand why Portuguese may seem weird, even wild, to a non-native. Verb tenses can express complex, contradictory emotions.\",\"breadcrumb\":{\"@id\":\"https:\\\/\\\/portugalizar.com\\\/weird-and-wild\\\/#breadcrumb\"},\"inLanguage\":\"sv-SE\",\"potentialAction\":[{\"@type\":\"ReadAction\",\"target\":[\"https:\\\/\\\/portugalizar.com\\\/weird-and-wild\\\/\"]}]},{\"@type\":\"ImageObject\",\"inLanguage\":\"sv-SE\",\"@id\":\"https:\\\/\\\/portugalizar.com\\\/weird-and-wild\\\/#primaryimage\",\"url\":\"https:\\\/\\\/i0.wp.com\\\/portugalizar.com\\\/wp-content\\\/uploads\\\/2022\\\/06\\\/5F62EBB4-9F0D-4189-8059-CA14E6DB4409.jpeg?fit=1891%2C576&ssl=1\",\"contentUrl\":\"https:\\\/\\\/i0.wp.com\\\/portugalizar.com\\\/wp-content\\\/uploads\\\/2022\\\/06\\\/5F62EBB4-9F0D-4189-8059-CA14E6DB4409.jpeg?fit=1891%2C576&ssl=1\",\"width\":1891,\"height\":576},{\"@type\":\"BreadcrumbList\",\"@id\":\"https:\\\/\\\/portugalizar.com\\\/weird-and-wild\\\/#breadcrumb\",\"itemListElement\":[{\"@type\":\"ListItem\",\"position\":1,\"name\":\"Home\",\"item\":\"https:\\\/\\\/portugalizar.com\\\/\"},{\"@type\":\"ListItem\",\"position\":2,\"name\":\"Weird and Wild, It\u2019s Got To Be&#8230;\"}]},{\"@type\":\"WebSite\",\"@id\":\"https:\\\/\\\/portugalizar.com\\\/#website\",\"url\":\"https:\\\/\\\/portugalizar.com\\\/\",\"name\":\"PORTUGALIZAR\",\"description\":\"\",\"publisher\":{\"@id\":\"https:\\\/\\\/portugalizar.com\\\/#organization\"},\"potentialAction\":[{\"@type\":\"SearchAction\",\"target\":{\"@type\":\"EntryPoint\",\"urlTemplate\":\"https:\\\/\\\/portugalizar.com\\\/?s={search_term_string}\"},\"query-input\":{\"@type\":\"PropertyValueSpecification\",\"valueRequired\":true,\"valueName\":\"search_term_string\"}}],\"inLanguage\":\"sv-SE\"},{\"@type\":\"Organization\",\"@id\":\"https:\\\/\\\/portugalizar.com\\\/#organization\",\"name\":\"PORTUGALIZAR\",\"url\":\"https:\\\/\\\/portugalizar.com\\\/\",\"logo\":{\"@type\":\"ImageObject\",\"inLanguage\":\"sv-SE\",\"@id\":\"https:\\\/\\\/portugalizar.com\\\/#\\\/schema\\\/logo\\\/image\\\/\",\"url\":\"\",\"contentUrl\":\"\",\"caption\":\"PORTUGALIZAR\"},\"image\":{\"@id\":\"https:\\\/\\\/portugalizar.com\\\/#\\\/schema\\\/logo\\\/image\\\/\"}},{\"@type\":\"Person\",\"@id\":\"https:\\\/\\\/portugalizar.com\\\/#\\\/schema\\\/person\\\/1f60af48f39895b897e26d9d92ecf6db\",\"name\":\"Gui\",\"image\":{\"@type\":\"ImageObject\",\"inLanguage\":\"sv-SE\",\"@id\":\"https:\\\/\\\/secure.gravatar.com\\\/avatar\\\/0bef00a699e73fc60016c16a6f44683b2a027bb1b48a4b3973732af4cc636712?s=96&d=mm&r=g\",\"url\":\"https:\\\/\\\/secure.gravatar.com\\\/avatar\\\/0bef00a699e73fc60016c16a6f44683b2a027bb1b48a4b3973732af4cc636712?s=96&d=mm&r=g\",\"contentUrl\":\"https:\\\/\\\/secure.gravatar.com\\\/avatar\\\/0bef00a699e73fc60016c16a6f44683b2a027bb1b48a4b3973732af4cc636712?s=96&d=mm&r=g\",\"caption\":\"Gui\"},\"url\":\"https:\\\/\\\/portugalizar.com\\\/sv\\\/author\\\/spestheonlyone\\\/\"}]}<\/script>\n<!-- \/ Yoast SEO plugin. -->","yoast_head_json":{"title":"Weird and Wild, It\u2019s Got To Be... - PORTUGALIZAR","description":"It easy to understand why Portuguese may seem weird, even wild, to a non-native. Verb tenses can express complex, contradictory emotions.","robots":{"index":"index","follow":"follow","max-snippet":"max-snippet:-1","max-image-preview":"max-image-preview:large","max-video-preview":"max-video-preview:-1"},"canonical":"https:\/\/portugalizar.com\/sv\/weird-and-wild\/","og_locale":"sv_SE","og_type":"article","og_title":"Weird and Wild, It\u2019s Got To Be... - PORTUGALIZAR","og_description":"It easy to understand why Portuguese may seem weird, even wild, to a non-native. Verb tenses can express complex, contradictory emotions.","og_url":"https:\/\/portugalizar.com\/sv\/weird-and-wild\/","og_site_name":"PORTUGALIZAR","article_published_time":"2022-06-02T04:00:00+00:00","article_modified_time":"2022-07-13T22:21:27+00:00","og_image":[{"width":1891,"height":576,"url":"https:\/\/portugalizar.com\/wp-content\/uploads\/2022\/06\/5F62EBB4-9F0D-4189-8059-CA14E6DB4409.jpeg","type":"image\/jpeg"}],"author":"Gui","twitter_card":"summary_large_image","twitter_misc":{"Skriven av":"Gui","Ber\u00e4knad l\u00e4stid":"14 minuter"},"schema":{"@context":"https:\/\/schema.org","@graph":[{"@type":"Article","@id":"https:\/\/portugalizar.com\/weird-and-wild\/#article","isPartOf":{"@id":"https:\/\/portugalizar.com\/weird-and-wild\/"},"author":{"name":"Gui","@id":"https:\/\/portugalizar.com\/#\/schema\/person\/1f60af48f39895b897e26d9d92ecf6db"},"headline":"Weird and Wild, It\u2019s Got To Be&#8230;","datePublished":"2022-06-02T04:00:00+00:00","dateModified":"2022-07-13T22:21:27+00:00","mainEntityOfPage":{"@id":"https:\/\/portugalizar.com\/weird-and-wild\/"},"wordCount":2985,"commentCount":10,"publisher":{"@id":"https:\/\/portugalizar.com\/#organization"},"image":{"@id":"https:\/\/portugalizar.com\/weird-and-wild\/#primaryimage"},"thumbnailUrl":"https:\/\/i0.wp.com\/portugalizar.com\/wp-content\/uploads\/2022\/06\/5F62EBB4-9F0D-4189-8059-CA14E6DB4409.jpeg?fit=1891%2C576&ssl=1","articleSection":["Culture &amp; Customs","Language"],"inLanguage":"sv-SE","potentialAction":[{"@type":"CommentAction","name":"Comment","target":["https:\/\/portugalizar.com\/weird-and-wild\/#respond"]}]},{"@type":"WebPage","@id":"https:\/\/portugalizar.com\/weird-and-wild\/","url":"https:\/\/portugalizar.com\/weird-and-wild\/","name":"Weird and Wild, It\u2019s Got To Be... - PORTUGALIZAR","isPartOf":{"@id":"https:\/\/portugalizar.com\/#website"},"primaryImageOfPage":{"@id":"https:\/\/portugalizar.com\/weird-and-wild\/#primaryimage"},"image":{"@id":"https:\/\/portugalizar.com\/weird-and-wild\/#primaryimage"},"thumbnailUrl":"https:\/\/i0.wp.com\/portugalizar.com\/wp-content\/uploads\/2022\/06\/5F62EBB4-9F0D-4189-8059-CA14E6DB4409.jpeg?fit=1891%2C576&ssl=1","datePublished":"2022-06-02T04:00:00+00:00","dateModified":"2022-07-13T22:21:27+00:00","description":"It easy to understand why Portuguese may seem weird, even wild, to a non-native. Verb tenses can express complex, contradictory emotions.","breadcrumb":{"@id":"https:\/\/portugalizar.com\/weird-and-wild\/#breadcrumb"},"inLanguage":"sv-SE","potentialAction":[{"@type":"ReadAction","target":["https:\/\/portugalizar.com\/weird-and-wild\/"]}]},{"@type":"ImageObject","inLanguage":"sv-SE","@id":"https:\/\/portugalizar.com\/weird-and-wild\/#primaryimage","url":"https:\/\/i0.wp.com\/portugalizar.com\/wp-content\/uploads\/2022\/06\/5F62EBB4-9F0D-4189-8059-CA14E6DB4409.jpeg?fit=1891%2C576&ssl=1","contentUrl":"https:\/\/i0.wp.com\/portugalizar.com\/wp-content\/uploads\/2022\/06\/5F62EBB4-9F0D-4189-8059-CA14E6DB4409.jpeg?fit=1891%2C576&ssl=1","width":1891,"height":576},{"@type":"BreadcrumbList","@id":"https:\/\/portugalizar.com\/weird-and-wild\/#breadcrumb","itemListElement":[{"@type":"ListItem","position":1,"name":"Home","item":"https:\/\/portugalizar.com\/"},{"@type":"ListItem","position":2,"name":"Weird and Wild, It\u2019s Got To Be&#8230;"}]},{"@type":"WebSite","@id":"https:\/\/portugalizar.com\/#website","url":"https:\/\/portugalizar.com\/","name":"PORTUGALIZAR","description":"","publisher":{"@id":"https:\/\/portugalizar.com\/#organization"},"potentialAction":[{"@type":"SearchAction","target":{"@type":"EntryPoint","urlTemplate":"https:\/\/portugalizar.com\/?s={search_term_string}"},"query-input":{"@type":"PropertyValueSpecification","valueRequired":true,"valueName":"search_term_string"}}],"inLanguage":"sv-SE"},{"@type":"Organization","@id":"https:\/\/portugalizar.com\/#organization","name":"PORTUGALIZAR","url":"https:\/\/portugalizar.com\/","logo":{"@type":"ImageObject","inLanguage":"sv-SE","@id":"https:\/\/portugalizar.com\/#\/schema\/logo\/image\/","url":"","contentUrl":"","caption":"PORTUGALIZAR"},"image":{"@id":"https:\/\/portugalizar.com\/#\/schema\/logo\/image\/"}},{"@type":"Person","@id":"https:\/\/portugalizar.com\/#\/schema\/person\/1f60af48f39895b897e26d9d92ecf6db","name":"Gui","image":{"@type":"ImageObject","inLanguage":"sv-SE","@id":"https:\/\/secure.gravatar.com\/avatar\/0bef00a699e73fc60016c16a6f44683b2a027bb1b48a4b3973732af4cc636712?s=96&d=mm&r=g","url":"https:\/\/secure.gravatar.com\/avatar\/0bef00a699e73fc60016c16a6f44683b2a027bb1b48a4b3973732af4cc636712?s=96&d=mm&r=g","contentUrl":"https:\/\/secure.gravatar.com\/avatar\/0bef00a699e73fc60016c16a6f44683b2a027bb1b48a4b3973732af4cc636712?s=96&d=mm&r=g","caption":"Gui"},"url":"https:\/\/portugalizar.com\/sv\/author\/spestheonlyone\/"}]}},"jetpack_featured_media_url":"https:\/\/i0.wp.com\/portugalizar.com\/wp-content\/uploads\/2022\/06\/5F62EBB4-9F0D-4189-8059-CA14E6DB4409.jpeg?fit=1891%2C576&ssl=1","jetpack-related-posts":[],"jetpack_sharing_enabled":true,"_links":{"self":[{"href":"https:\/\/portugalizar.com\/sv\/wp-json\/wp\/v2\/posts\/1293","targetHints":{"allow":["GET"]}}],"collection":[{"href":"https:\/\/portugalizar.com\/sv\/wp-json\/wp\/v2\/posts"}],"about":[{"href":"https:\/\/portugalizar.com\/sv\/wp-json\/wp\/v2\/types\/post"}],"author":[{"embeddable":true,"href":"https:\/\/portugalizar.com\/sv\/wp-json\/wp\/v2\/users\/1"}],"replies":[{"embeddable":true,"href":"https:\/\/portugalizar.com\/sv\/wp-json\/wp\/v2\/comments?post=1293"}],"version-history":[{"count":4,"href":"https:\/\/portugalizar.com\/sv\/wp-json\/wp\/v2\/posts\/1293\/revisions"}],"predecessor-version":[{"id":2067,"href":"https:\/\/portugalizar.com\/sv\/wp-json\/wp\/v2\/posts\/1293\/revisions\/2067"}],"wp:featuredmedia":[{"embeddable":true,"href":"https:\/\/portugalizar.com\/sv\/wp-json\/wp\/v2\/media\/1465"}],"wp:attachment":[{"href":"https:\/\/portugalizar.com\/sv\/wp-json\/wp\/v2\/media?parent=1293"}],"wp:term":[{"taxonomy":"category","embeddable":true,"href":"https:\/\/portugalizar.com\/sv\/wp-json\/wp\/v2\/categories?post=1293"},{"taxonomy":"post_tag","embeddable":true,"href":"https:\/\/portugalizar.com\/sv\/wp-json\/wp\/v2\/tags?post=1293"}],"curies":[{"name":"wp","href":"https:\/\/api.w.org\/{rel}","templated":true}]}}