{"id":1117,"date":"2022-06-16T04:00:00","date_gmt":"2022-06-16T04:00:00","guid":{"rendered":"https:\/\/portugalizar.com\/?p=1117"},"modified":"2023-03-12T10:31:53","modified_gmt":"2023-03-12T10:31:53","slug":"a-good-life","status":"publish","type":"post","link":"https:\/\/portugalizar.com\/sv\/a-good-life\/","title":{"rendered":"Hur man skapar ett bra liv"},"content":{"rendered":"<p><em>Ol\u00e1 e bem-vindos de volta a todos!<\/em> \/\/ Hej och v\u00e4lkommen tillbaka! Vi vill alla ha det goda livet, eller hur? Att uppn\u00e5 det goda livet skickar oss alla, i stort sett, ut varje morgon. S\u00e5 vi kliver in i bilar, tunnelbanor eller p\u00e5 pendlarbussar och t\u00e5g. Vi beger oss till jobben. Dessa jobb ska ge oss det goda livet. <\/p>\n\n\n\n<p>Vi m\u00e5ste arbeta. Men kommer det att ge oss det goda livet? F\u00f6rmodligen inte, men f\u00f6r n\u00e5gra f\u00e5 kanske. De som finner tillfredsst\u00e4llelse, gl\u00e4dje och livgivande energi i sitt arbete.<\/p>\n\n\n\n<p>Jag har redan \u00f6verdrivit portugiserna och vad jag tycker \u00e4r deras sunda inst\u00e4llning till livet. I en <a href=\"https:\/\/portugalizar.com\/sv\/that-fantastic-thing\/\" target=\"_blank\" rel=\"noreferrer noopener\">tidigare inl\u00e4gg<\/a> Jag n\u00e4mnde att de hittar en bra balans mellan livets oro och dess m\u00e5nga vardagliga och helt vanliga n\u00f6jen. Och naturligtvis lutar sig portugiserna in i livet med <a href=\"https:\/\/portugalizar.com\/sv\/simple-acts\/\" target=\"_blank\" rel=\"noreferrer noopener\">v\u00e4nlighet och generositet<\/a>. Och med denna inriktning ger de ett sundare perspektiv \u00e4n en grinig uppk\u00e4ftighet.<\/p>\n\n\n\n<p>Idag vill jag prata om hur platsen - d\u00e4r man finns och lever - kan ge en ett perspektiv p\u00e5 livet som f\u00f6r\u00e4ndrar en f\u00f6r gott. Men som vid alla s\u00e5dana tillf\u00e4llen m\u00e5ste jag ge upp. Det vill s\u00e4ga, platsen, min plats eller er plats, \u00e4r en m\u00f6jlighet. Men som jag m\u00e4rker kommer perspektivet (l\u00e4s, det goda livet) fr\u00e5n att jag utnyttjar m\u00f6jligheten.<\/p>\n\n\n\n<p>Jag kommer att tala om Santa Luzia, eftersom det just nu \u00e4r min speciella plats. Men jag tror att det jag kommer att dela med mig av kanske \u00e4r sant f\u00f6r alla platser, din egen plats. <\/p>\n\n\n\n<h2 class=\"wp-block-heading\">Det goda livet b\u00f6rjar tidigt<\/h2>\n\n\n\n<p>Santa Luzia ligger p\u00e5 den <a href=\"https:\/\/en.wikipedia.org\/wiki\/Ria_Formosa\" target=\"_blank\" rel=\"noreferrer noopener\"><em>Ria Formosa<\/em><\/a>, en enorm saltvattenlagun som bildas av \u00f6ar. Dessa \u00f6ar, lagunen och betydande delar av fastlandet bildar en 171 m<sup>2<\/sup>) naturpark. H\u00e4r \u00e4r utvecklingen mycket begr\u00e4nsad och i de flesta fall f\u00f6rbjuden. I staterna \u00e4r s\u00e5dana omr\u00e5den, t\u00e4nk p\u00e5 <a href=\"https:\/\/www.outerbanks.org\/\">Outer Banks<\/a> i North Carolina, skulle vara full av dyra bost\u00e4der osv. Inte h\u00e4r, bara vidstr\u00e4ckta PUBLIC-str\u00e4nder, f\u00e5gelskyddsomr\u00e5den och gratis, icke-invasiva f\u00f6retag.<\/p>\n\n\n\n<p>Jag tycker att den b\u00e4sta tiden f\u00f6r mig \u00e4r l\u00e4ngs med <em>ria<\/em> \u00e4r tidig morgon, men alla tider \u00e4r vackra. Och den <em>ria<\/em> \u00e4r n\u00e4stan alltid en del av b\u00f6rjan p\u00e5 min dag. Det kan vara en promenad med Tucker och Saga eller min ensamma l\u00f6prunda. V\u00e5ren, som romarna r\u00e4knade som \u00e5rets b\u00f6rjan, \u00e4r den mest spektakul\u00e4ra, tycker jag. P\u00e5 v\u00e5ren riktar solen sin pensel l\u00e5gt p\u00e5 himlen. Molnen h\u00e4nger tjockt och skapar en perfekt duk.<\/p>\n\n\n\n<figure class=\"wp-block-image alignwide size-large\"><img data-recalc-dims=\"1\" fetchpriority=\"high\" decoding=\"async\" width=\"950\" height=\"712\" src=\"https:\/\/i0.wp.com\/portugalizar.com\/wp-content\/uploads\/2022\/05\/52116533-F1D4-4E48-85A7-4A14EEF8820C.jpeg?resize=950%2C712&#038;ssl=1\" alt=\"\" class=\"wp-image-1337\" srcset=\"https:\/\/i0.wp.com\/portugalizar.com\/wp-content\/uploads\/2022\/05\/52116533-F1D4-4E48-85A7-4A14EEF8820C.jpeg?resize=1024%2C767&amp;ssl=1 1024w, https:\/\/i0.wp.com\/portugalizar.com\/wp-content\/uploads\/2022\/05\/52116533-F1D4-4E48-85A7-4A14EEF8820C.jpeg?resize=300%2C225&amp;ssl=1 300w, https:\/\/i0.wp.com\/portugalizar.com\/wp-content\/uploads\/2022\/05\/52116533-F1D4-4E48-85A7-4A14EEF8820C.jpeg?resize=768%2C575&amp;ssl=1 768w, https:\/\/i0.wp.com\/portugalizar.com\/wp-content\/uploads\/2022\/05\/52116533-F1D4-4E48-85A7-4A14EEF8820C.jpeg?resize=1536%2C1151&amp;ssl=1 1536w, https:\/\/i0.wp.com\/portugalizar.com\/wp-content\/uploads\/2022\/05\/52116533-F1D4-4E48-85A7-4A14EEF8820C.jpeg?resize=2048%2C1534&amp;ssl=1 2048w, https:\/\/i0.wp.com\/portugalizar.com\/wp-content\/uploads\/2022\/05\/52116533-F1D4-4E48-85A7-4A14EEF8820C.jpeg?resize=16%2C12&amp;ssl=1 16w, https:\/\/i0.wp.com\/portugalizar.com\/wp-content\/uploads\/2022\/05\/52116533-F1D4-4E48-85A7-4A14EEF8820C.jpeg?resize=2000%2C1498&amp;ssl=1 2000w, https:\/\/i0.wp.com\/portugalizar.com\/wp-content\/uploads\/2022\/05\/52116533-F1D4-4E48-85A7-4A14EEF8820C.jpeg?w=1900&amp;ssl=1 1900w\" sizes=\"(max-width: 950px) 100vw, 950px\" \/><figcaption class=\"wp-element-caption\">\"Morning Star\", 2020<\/figcaption><\/figure>\n\n\n\n<p>Ibland \u00e4r den m\u00e5lade scenen s\u00e5 spektakul\u00e4r att jag bokstavligen faller p\u00e5 kn\u00e4. Bl\u00e5tt, gr\u00f6nt, orange, r\u00f6tt, lila och gult \u00e4r bl\u00e5tt, gr\u00f6nt, orange, r\u00f6tt, lila och gult som stryks \u00f6ver molnen. Och alla nyanser d\u00e4remellan. Den mjuka stillheten i <em>ria<\/em> bryter och sprider f\u00e4rg och glans \u00f6ver sin yta. <\/p>\n\n\n\n<p>Den st\u00f6rsta prakten kan dock g\u00e5 obem\u00e4rkt f\u00f6rbi i detta bl\u00e4ndverk. Den sista stj\u00e4rnan, Morgonstj\u00e4rnan, h\u00e4nger l\u00e5gt p\u00e5 himlen. Hon stiger upp n\u00e4r solen g\u00e5r upp. Och hon framh\u00e4rdar i blek f\u00f6rsvagande glans s\u00e5 l\u00e4nge som m\u00f6jligt. Men morgonstj\u00e4rnan klarar sig bra i denna episka match av briljans. Den ger sig f\u00f6rst n\u00e4r solen bryter horisonten. Uth\u00e5llighet och uth\u00e5llighet kanske inte vinner dagen, men de f\u00f6rv\u00e5nar och f\u00f6rbluffar \u00e4nd\u00e5.<\/p>\n\n\n\n<h2 class=\"wp-block-heading\">Magi h\u00e4nder \u00f6verallt!<\/h2>\n\n\n\n<p>Vinterhimlen ovanf\u00f6r <em>ria<\/em> ger sin egen magi. Stunder som man bara f\u00e5r en g\u00e5ng i livet kan utvecklas och ge en massa majest\u00e4t och mystik. Joseph och jag hade l\u00e4st att tv\u00e5 gamla v\u00e4nner - Jupiter och Saturnus - skulle m\u00f6tas sent en sen decemberkv\u00e4ll. Det hade g\u00e5tt absurt l\u00e5nga 400 \u00e5r sedan de senast visade sig tillsammans i v\u00e4lkomnande och gott hum\u00f6r. Nu var det jul. Och \u00e5r 2020, som nu var p\u00e5 v\u00e4g att f\u00f6rsvinna, hade inte gett n\u00e5gon st\u00f6rre tr\u00f6st. S\u00e4rskilt f\u00f6r gamla v\u00e4nner som hade varit \u00e5tskilda alltf\u00f6r l\u00e4nge. Nu var det dags f\u00f6r magi! <\/p>\n\n\n\n<figure class=\"wp-block-image alignwide size-large\"><img data-recalc-dims=\"1\" decoding=\"async\" width=\"950\" height=\"633\" src=\"https:\/\/i0.wp.com\/portugalizar.com\/wp-content\/uploads\/2022\/05\/6F95BD86-0286-44D1-99CB-7275DF5FB4FA.png?resize=950%2C633&#038;ssl=1\" alt=\"\" class=\"wp-image-1335\" srcset=\"https:\/\/i0.wp.com\/portugalizar.com\/wp-content\/uploads\/2022\/05\/6F95BD86-0286-44D1-99CB-7275DF5FB4FA.png?resize=1024%2C682&amp;ssl=1 1024w, https:\/\/i0.wp.com\/portugalizar.com\/wp-content\/uploads\/2022\/05\/6F95BD86-0286-44D1-99CB-7275DF5FB4FA.png?resize=300%2C200&amp;ssl=1 300w, https:\/\/i0.wp.com\/portugalizar.com\/wp-content\/uploads\/2022\/05\/6F95BD86-0286-44D1-99CB-7275DF5FB4FA.png?resize=768%2C511&amp;ssl=1 768w, https:\/\/i0.wp.com\/portugalizar.com\/wp-content\/uploads\/2022\/05\/6F95BD86-0286-44D1-99CB-7275DF5FB4FA.png?resize=1536%2C1023&amp;ssl=1 1536w, https:\/\/i0.wp.com\/portugalizar.com\/wp-content\/uploads\/2022\/05\/6F95BD86-0286-44D1-99CB-7275DF5FB4FA.png?resize=2048%2C1364&amp;ssl=1 2048w, https:\/\/i0.wp.com\/portugalizar.com\/wp-content\/uploads\/2022\/05\/6F95BD86-0286-44D1-99CB-7275DF5FB4FA.png?resize=18%2C12&amp;ssl=1 18w, https:\/\/i0.wp.com\/portugalizar.com\/wp-content\/uploads\/2022\/05\/6F95BD86-0286-44D1-99CB-7275DF5FB4FA.png?resize=2000%2C1332&amp;ssl=1 2000w, https:\/\/i0.wp.com\/portugalizar.com\/wp-content\/uploads\/2022\/05\/6F95BD86-0286-44D1-99CB-7275DF5FB4FA.png?w=1900&amp;ssl=1 1900w\" sizes=\"(max-width: 950px) 100vw, 950px\" \/><figcaption class=\"wp-element-caption\">\"Magic Happens\", 2020\/2021<\/figcaption><\/figure>\n\n\n\n<p>Joseph och jag letade, \u00f6gonen riktade sig mot natthimlen \u00f6ver den <em>ria<\/em>. P\u00e5 l\u00e5ngt h\u00e5ll, l\u00e5ngt fr\u00e5n v\u00e5ra egna v\u00e4nner och v\u00e5r familj, v\u00e4ntade vi p\u00e5 att f\u00e5 se dessa tv\u00e5 v\u00e4nner \u00e5terf\u00f6renas. Vi fokuserade i halvm\u00e5nens svaga ljus. D\u00e4r, n\u00e4r m\u00e5nen str\u00e4ckte sig i omfamning, exploderade Jupiter och Saturnus i f\u00f6rstorad str\u00e5lglans. Deras vermillionf\u00e4rgade konjunktion f\u00f6rst\u00e4rkte natthimlen till feberniv\u00e5.<\/p>\n\n\n\n<p>Det var ett \u00f6gonblick som var alltf\u00f6r s\u00e4llsynt och sublimt f\u00f6r att inte t\u00e4nda magi inom magi. Med en start rusade fyra flamingos mot de gamla v\u00e4nnerna som nu var f\u00f6renade i en omfamning. Dessa fyra inkr\u00e4ktare speglade och gifte sig med det brinnande vermillion och det svaga m\u00e5nljuset som sina egna. <\/p>\n\n\n\n<p>Jag f\u00f6rbannade att jag hade gl\u00f6mt min iPhone. En m\u00f6rka h\u00e5lan i mitt huvud m\u00e5ste f\u00e5 n\u00f6ja sig med det. M\u00e5ste hemligh\u00e5lla och h\u00e5lla den <a href=\"http:\/\/www.cameraobscuratavira.com\/en\/index.html\" target=\"_blank\" rel=\"noreferrer noopener\">Camera obscura.<\/a> bild n\u00e4r denna magi utvecklas. Senare skulle den ta v\u00e4gen till papper och sedan till en m\u00e5lad bild. Magi, n\u00e4r den v\u00e4l har uppst\u00e5tt, g\u00e5r aldrig f\u00f6rlorad.<\/p>\n\n\n\n<h2 class=\"wp-block-heading\">Kakofoni och underverk<\/h2>\n\n\n\n<p>Det \u00e4r inte att bortse fr\u00e5n magi eller sublimitet i andra \u00e5rstider och stunder. Men jag tror att v\u00e5rmorgonerna ger de s\u00e4kraste och mest hisnande underverken. Luften vibrerar, pulserar och kraft och vitalitet sprutar fram. Denna livlighet har funnits d\u00e4r under hela vintern. Den flyttar in p\u00e5 sommaren. Men i b\u00e5da \u00e4r den n\u00e5got d\u00e4mpad. Kanske \u00e4r det Sptings tjockare fuktighet. Likt en \u00e4lskandes v\u00e5ta kyss f\u00e5r den livet att sl\u00e5, pulsa, med st\u00f6rre gl\u00f6d. Den v\u00e4rmande luften omfamnar de svalare tidvattnen. Drickande och daggig. Tillsammans ebbar de ut \u00f6ver mottaglig, b\u00f6rdig mark.<\/p>\n\n\n\n<p>V\u00e5rens fullm\u00e5ne intr\u00e4ffar ofta i samband med den kristna p\u00e5sken och den judiska p\u00e5sken. Ibland, mer s\u00e4llan, \u00e4ven i samband med islams Ramadan. Detta verkar vara ett l\u00f6fte, \u00e4ven om det \u00e4r svagt, om att olikheter kan dela ljus och sk\u00f6nhet.<\/p>\n\n\n\n<p>Den h\u00e4r v\u00e5rm\u00e5nen, den h\u00e4r blomsterm\u00e5nen, som den kallas, \u00e4r en sk\u00f6nhet. Stor, ljus och dj\u00e4rv. F\u00e5ngad i \u00e4lskarens daggiga kyss sprider sig dess ljus genom luftens gasv\u00e4v. Det dansar sedan p\u00e5 spegeln i <em>ria.<\/em> En k\u00f6r uppst\u00e5r i pianissimo gradvis. Snabbt \u00f6verg\u00e5r den i en h\u00e4rlig kakofoni. Jag har sett och h\u00f6rt...<\/p>\n\n\n\n<figure class=\"wp-block-image alignwide size-large\"><img data-recalc-dims=\"1\" decoding=\"async\" width=\"768\" height=\"1024\" src=\"https:\/\/i0.wp.com\/portugalizar.com\/wp-content\/uploads\/2022\/05\/15E735E0-92C5-45CF-B9AB-F6045DA5DC12.jpeg?resize=768%2C1024&#038;ssl=1\" alt=\"\" class=\"wp-image-1334\" srcset=\"https:\/\/i0.wp.com\/portugalizar.com\/wp-content\/uploads\/2022\/05\/15E735E0-92C5-45CF-B9AB-F6045DA5DC12.jpeg?resize=768%2C1024&amp;ssl=1 768w, https:\/\/i0.wp.com\/portugalizar.com\/wp-content\/uploads\/2022\/05\/15E735E0-92C5-45CF-B9AB-F6045DA5DC12.jpeg?resize=225%2C300&amp;ssl=1 225w, https:\/\/i0.wp.com\/portugalizar.com\/wp-content\/uploads\/2022\/05\/15E735E0-92C5-45CF-B9AB-F6045DA5DC12.jpeg?resize=1152%2C1536&amp;ssl=1 1152w, https:\/\/i0.wp.com\/portugalizar.com\/wp-content\/uploads\/2022\/05\/15E735E0-92C5-45CF-B9AB-F6045DA5DC12.jpeg?resize=1536%2C2048&amp;ssl=1 1536w, https:\/\/i0.wp.com\/portugalizar.com\/wp-content\/uploads\/2022\/05\/15E735E0-92C5-45CF-B9AB-F6045DA5DC12.jpeg?resize=9%2C12&amp;ssl=1 9w, https:\/\/i0.wp.com\/portugalizar.com\/wp-content\/uploads\/2022\/05\/15E735E0-92C5-45CF-B9AB-F6045DA5DC12.jpeg?w=1728&amp;ssl=1 1728w\" sizes=\"(max-width: 768px) 100vw, 768px\" \/><figcaption class=\"wp-element-caption\"><strong>Du kan se vad jag ser. \"Luna de P\u00e1scoa\", 2021<\/strong><\/figcaption><\/figure>\n\n\n\n<figure class=\"wp-block-audio\"><audio controls src=\"https:\/\/portugalizar.com\/wp-content\/uploads\/2022\/06\/Birds-chirping-sound-effect.mp3\"><\/audio><figcaption class=\"wp-element-caption\"><strong>Du kan h\u00f6ra vad jag h\u00f6r. \"Morning Cacophony\", 2021<\/strong><\/figcaption><\/figure>\n\n\n\n<p>Detta \u00e4r ett mirakel. Det annars obehagliga \u00e5teruppt\u00e4ckt, omdefinierat. Det fuktiga, klibbiga och det otrevliga ljudet har f\u00f6rst\u00e5tts. En b\u00f6rjan som f\u00f6ljer p\u00e5 ett slut. En obruten cirkel. Tr\u00f6stande, st\u00e4rkande, f\u00f6rnyelse... livmodern.<\/p>\n\n\n\n<h2 class=\"wp-block-heading\">F\u00f6r\u00e4ndring och inte<\/h2>\n\n\n\n<p>Allt \u00e4r inte f\u00f6r\u00e4nderligt, unikt, st\u00e4ndigt skiftande med m\u00e5naderna och \u00e5rstiderna. Inte heller \u00e4r det v\u00f6rdnadsv\u00e4rt p\u00e5 grund av en h\u00e4ndelse som intr\u00e4ffar en g\u00e5ng p\u00e5 400 \u00e5r. En del, mycket kanske, \u00e4r statiskt. \u00c4nd\u00e5 \u00e4r den fortfarande fylld av magi och f\u00f6rundran.<\/p>\n\n\n\n<p>En bl\u00e5 skiff f\u00f6rt\u00f6js i <em>ria<\/em>. Den har inte \u00e4ndrat position under de senaste 1 011 dagarna. Sedan jag s\u00e5g den f\u00f6rsta g\u00e5ngen den 10 september 2019. Tidvattnet har sin g\u00e5ng. Med dem stiger och sjunker den. Mitt perspektiv f\u00f6r\u00e4ndras. Jag st\u00e5r eller kn\u00e4b\u00f6jer p\u00e5 olika st\u00e4llen p\u00e5 strandvallen. Men dess f\u00f6rt\u00f6jning \u00e4r stabil. <\/p>\n\n\n\n<p>V\u00e4dret f\u00f6r\u00e4ndras verkligen runt b\u00e5ten. Men det \u00e4r anm\u00e4rkningsv\u00e4rt konstant vid de tillf\u00e4llen jag har brytt mig om att l\u00e4gga m\u00e4rke till det. En morgon p\u00e5 sensommaren \u00e4r det fuktigt i luften. En tjock fuktig dimma omsluter oss. Tv\u00e5 \u00e5r senare, under en sen v\u00e5rkv\u00e4ll, bl\u00e5ser en fuktig kall dimma fr\u00e5n Atlanten. G\u00e5shuden stiger upp. Mitt perspektiv fr\u00e5n min position \u00e4r annorlunda varje g\u00e5ng. K\u00e4nslan som r\u00f6r vid min hud skiljer sig \u00e5t under dessa tv\u00e5 \u00e5r. Atmosf\u00e4ren kontrasterar i de tv\u00e5 \u00f6gonblicken. Men b\u00e5ten \u00e4r of\u00f6r\u00e4ndrad. Till och med dess m\u00e5lade reflektion p\u00e5 vattnet \u00e4r of\u00f6r\u00e4nderlig.<\/p>\n\n\n\n<figure class=\"wp-block-gallery has-nested-images columns-default is-cropped alignfull wp-block-gallery-1 is-layout-flex wp-block-gallery-is-layout-flex\">\n<figure class=\"wp-block-image size-large\"><img data-recalc-dims=\"1\" loading=\"lazy\" decoding=\"async\" width=\"950\" height=\"950\" data-id=\"1336\" src=\"https:\/\/i0.wp.com\/portugalizar.com\/wp-content\/uploads\/2022\/05\/F448136C-0C13-44E5-8517-BCD6D6E87952.jpeg?resize=950%2C950&#038;ssl=1\" alt=\"\" class=\"wp-image-1336\" srcset=\"https:\/\/i0.wp.com\/portugalizar.com\/wp-content\/uploads\/2022\/05\/F448136C-0C13-44E5-8517-BCD6D6E87952.jpeg?w=2284&amp;ssl=1 2284w, https:\/\/i0.wp.com\/portugalizar.com\/wp-content\/uploads\/2022\/05\/F448136C-0C13-44E5-8517-BCD6D6E87952.jpeg?resize=300%2C300&amp;ssl=1 300w, https:\/\/i0.wp.com\/portugalizar.com\/wp-content\/uploads\/2022\/05\/F448136C-0C13-44E5-8517-BCD6D6E87952.jpeg?resize=1024%2C1024&amp;ssl=1 1024w, https:\/\/i0.wp.com\/portugalizar.com\/wp-content\/uploads\/2022\/05\/F448136C-0C13-44E5-8517-BCD6D6E87952.jpeg?resize=150%2C150&amp;ssl=1 150w, https:\/\/i0.wp.com\/portugalizar.com\/wp-content\/uploads\/2022\/05\/F448136C-0C13-44E5-8517-BCD6D6E87952.jpeg?resize=768%2C768&amp;ssl=1 768w, https:\/\/i0.wp.com\/portugalizar.com\/wp-content\/uploads\/2022\/05\/F448136C-0C13-44E5-8517-BCD6D6E87952.jpeg?resize=1536%2C1536&amp;ssl=1 1536w, https:\/\/i0.wp.com\/portugalizar.com\/wp-content\/uploads\/2022\/05\/F448136C-0C13-44E5-8517-BCD6D6E87952.jpeg?resize=2048%2C2048&amp;ssl=1 2048w, https:\/\/i0.wp.com\/portugalizar.com\/wp-content\/uploads\/2022\/05\/F448136C-0C13-44E5-8517-BCD6D6E87952.jpeg?resize=12%2C12&amp;ssl=1 12w, https:\/\/i0.wp.com\/portugalizar.com\/wp-content\/uploads\/2022\/05\/F448136C-0C13-44E5-8517-BCD6D6E87952.jpeg?resize=2000%2C2000&amp;ssl=1 2000w, https:\/\/i0.wp.com\/portugalizar.com\/wp-content\/uploads\/2022\/05\/F448136C-0C13-44E5-8517-BCD6D6E87952.jpeg?w=1900&amp;ssl=1 1900w\" sizes=\"(max-width: 950px) 100vw, 950px\" \/><figcaption class=\"wp-element-caption\">En dimmig morgon, sensommaren 2020<\/figcaption><\/figure>\n\n\n\n<figure class=\"wp-block-image size-large\"><img data-recalc-dims=\"1\" loading=\"lazy\" decoding=\"async\" width=\"950\" height=\"950\" data-id=\"1609\" src=\"https:\/\/i0.wp.com\/portugalizar.com\/wp-content\/uploads\/2022\/06\/C95C1BB5-117F-4FB9-B408-C8C9466D2335.jpeg?resize=950%2C950&#038;ssl=1\" alt=\"\" class=\"wp-image-1609\" srcset=\"https:\/\/i0.wp.com\/portugalizar.com\/wp-content\/uploads\/2022\/06\/C95C1BB5-117F-4FB9-B408-C8C9466D2335.jpeg?w=2266&amp;ssl=1 2266w, https:\/\/i0.wp.com\/portugalizar.com\/wp-content\/uploads\/2022\/06\/C95C1BB5-117F-4FB9-B408-C8C9466D2335.jpeg?resize=300%2C300&amp;ssl=1 300w, https:\/\/i0.wp.com\/portugalizar.com\/wp-content\/uploads\/2022\/06\/C95C1BB5-117F-4FB9-B408-C8C9466D2335.jpeg?resize=1024%2C1024&amp;ssl=1 1024w, https:\/\/i0.wp.com\/portugalizar.com\/wp-content\/uploads\/2022\/06\/C95C1BB5-117F-4FB9-B408-C8C9466D2335.jpeg?resize=150%2C150&amp;ssl=1 150w, https:\/\/i0.wp.com\/portugalizar.com\/wp-content\/uploads\/2022\/06\/C95C1BB5-117F-4FB9-B408-C8C9466D2335.jpeg?resize=768%2C768&amp;ssl=1 768w, https:\/\/i0.wp.com\/portugalizar.com\/wp-content\/uploads\/2022\/06\/C95C1BB5-117F-4FB9-B408-C8C9466D2335.jpeg?resize=1536%2C1536&amp;ssl=1 1536w, https:\/\/i0.wp.com\/portugalizar.com\/wp-content\/uploads\/2022\/06\/C95C1BB5-117F-4FB9-B408-C8C9466D2335.jpeg?resize=2048%2C2048&amp;ssl=1 2048w, https:\/\/i0.wp.com\/portugalizar.com\/wp-content\/uploads\/2022\/06\/C95C1BB5-117F-4FB9-B408-C8C9466D2335.jpeg?resize=12%2C12&amp;ssl=1 12w, https:\/\/i0.wp.com\/portugalizar.com\/wp-content\/uploads\/2022\/06\/C95C1BB5-117F-4FB9-B408-C8C9466D2335.jpeg?resize=2000%2C2000&amp;ssl=1 2000w, https:\/\/i0.wp.com\/portugalizar.com\/wp-content\/uploads\/2022\/06\/C95C1BB5-117F-4FB9-B408-C8C9466D2335.jpeg?w=1900&amp;ssl=1 1900w\" sizes=\"(max-width: 950px) 100vw, 950px\" \/><figcaption class=\"wp-element-caption\">En fuktig kv\u00e4ll, sen v\u00e5r 2022<\/figcaption><\/figure>\n<figcaption class=\"blocks-gallery-caption wp-element-caption\"><strong>Ju mer saker och ting f\u00f6r\u00e4ndras...<\/strong><\/figcaption><\/figure>\n\n\n\n<p>Medan allting runt omkring b\u00e5ten f\u00f6r\u00e4ndras, \u00e4r dess sk\u00f6nhet, dess f\u00f6rtrollning of\u00f6r\u00e4ndrad. Det som f\u00f6r\u00e4ndras \u00e4r min f\u00f6rm\u00e5ga att l\u00e4gga m\u00e4rke till dess best\u00e4ndighet. Jag dras bara in n\u00e4r en melankolisk dimma omsluter mig och g\u00f6r skiffens ensamma f\u00f6rt\u00f6jning till en h\u00f6jdpunkt. I str\u00e5lande sol, i m\u00e5nljus, till och med m\u00e5lad av gryningens pensel, f\u00f6rsvinner den ur min synf\u00e4lt. Jag f\u00f6rbiser dock att den alltid \u00e4r d\u00e4r, st\u00e4ndigt n\u00e4rvarande.<\/p>\n\n\n\n<h2 class=\"wp-block-heading\">Det goda livet<\/h2>\n\n\n\n<p>Min plats, h\u00e4r i Santa Luzia, och p\u00e5 den <em>ria <\/em>skapar framf\u00f6r allt m\u00f6jligheter. Det vill s\u00e4ga, s\u00e5 att jag kan uppt\u00e4cka det goda livet. N\u00e4r de grundl\u00e4ggande behoven \u00e4r tillfredsst\u00e4llda. Vilket inte \u00e4r en sj\u00e4lvklarhet f\u00f6r majoriteten av jordens varelser. Men borde vara och skulle kunna vara, s\u00e5 skammen \u00e4r v\u00e5r. D\u00e5 \u00e4r dock det rikliga vanliga extraordin\u00e4ra allt som beh\u00f6vs. Det goda livet.<\/p>\n\n\n\n<p>Jag existerar med morgonstj\u00e4rnans uth\u00e5llighet och uth\u00e5llighet. P\u00e5 en v\u00e5rdagsmorgonens duk utspelar sig min dag. Dag efter dag. Om jag \u00f6ppnar mig f\u00f6r och v\u00e4ntar p\u00e5 magi, s\u00e5 kommer mer magi p\u00e5 h\u00f6g. En h\u00e4ndelse som intr\u00e4ffar en g\u00e5ng p\u00e5 400 \u00e5r blir ett spektakel som intr\u00e4ffar en g\u00e5ng i evigheten. Det som verkar dimmigt och mat blir konst och musik som \u00f6verg\u00e5r i poesi. <\/p>\n\n\n\n<p>Det \u00e4r mitt perspektiv som beh\u00f6ver f\u00f6r\u00e4ndras. Inte allt och alla runt omkring mig. En skiff \u00e4r en skiff. Den \u00e4r inte bara vacker eller inspirerande tv\u00e5 g\u00e5nger p\u00e5 1 011 dagar. Den har inte f\u00f6r\u00e4ndrats under dessa drygt tusen dagar. D\u00e5 och nu var den och \u00e4r den. Jag har helt enkelt b\u00f6rjat l\u00e4gga m\u00e4rke till, bli medveten.<\/p>\n\n\n\n<h2 class=\"wp-block-heading\">Inte bara h\u00e4r, inte bara hos mig<\/h2>\n\n\n\n<p>Och det goda livet \u00e4r inte bara tillg\u00e4ngligt f\u00f6r mig f\u00f6r att jag bor p\u00e5 denna f\u00f6rtrollande plats. I Santa Luzia. Jag \u00e4r dock tacksam f\u00f6r att jag g\u00f6r det. Men precis som alla andra platser, \u00f6verallt, erbjuder Santa Luzia mig m\u00f6jligheten att se. Jag m\u00e5ste dock ta chansen att se. Med \u00f6ppna \u00f6gon.<\/p>\n\n\n\n<p>Denna underbara plats har l\u00e4rt oss att det goda livet \u00e4r ett virrvarr av sm\u00e5 \u00f6gonblick. Och, \u00e4nnu viktigare, jag har l\u00e4rt mig att jag m\u00e5ste odla det goda sinnet att inte ignorera dessa sm\u00e5 \u00f6gonblick. En soluppg\u00e5ng, en ensam stj\u00e4rna, ett m\u00e5nskifte, dimman, f\u00e5gelkvitter, en ensam skuta. Var och en av dem \u00e4r magisk. Var och en av dem \u00e4r lika med den stora konjunktionen. <\/p>\n\n\n\n<p>Vi lever alla p\u00e5 s\u00e5dana platser med s\u00e5dana m\u00f6jligheter. De kommer s\u00e4kert att vara olika. Men jag tror inte att Santa Luzia \u00e4r unikt speciellt i detta avseende. Det handlar om f\u00f6ljande. Inget mer. \u00c4r jag redo att ta tillvara p\u00e5 de m\u00f6jligheter - de m\u00e5nga sm\u00e5 magiska \u00f6gonblick - som min situation erbjuder? Och sedan njuta av det goda livet?<\/p>\n\n\n\n<p><em>Till n\u00e4sta vecka till mina v\u00e4nner!<\/em> \/\/ Tills n\u00e4sta g\u00e5ng, mina v\u00e4nner!<\/p>","protected":false},"excerpt":{"rendered":"<p>Vad definierar ett bra liv? Vi letar alla efter det svaret. Hemligheten som Santa Luzia avsl\u00f6jar f\u00f6r mig \u00e4r att det goda livet kommer i sm\u00e5 \u00f6gonblick. Den viktigare l\u00e4rdomen har varit att inte ignorera dessa sm\u00e5 \u00f6gonblick. L\u00e4s mer...<\/p>","protected":false},"author":1,"featured_media":1333,"comment_status":"open","ping_status":"open","sticky":false,"template":"","format":"standard","meta":{"nf_dc_page":"","om_disable_all_campaigns":false,"_monsterinsights_skip_tracking":false,"_monsterinsights_sitenote_active":false,"_monsterinsights_sitenote_note":"","_monsterinsights_sitenote_category":0,"_themeisle_gutenberg_block_has_review":false,"_jetpack_memberships_contains_paid_content":false,"footnotes":""},"categories":[10],"tags":[],"class_list":["post-1117","post","type-post","status-publish","format-standard","has-post-thumbnail","hentry","category-place"],"yoast_head":"<!-- This site is optimized with the Yoast SEO plugin v27.4 - https:\/\/yoast.com\/product\/yoast-seo-wordpress\/ -->\n<title>How To Make A Good Life - PORTUGALIZAR<\/title>\n<meta name=\"description\" content=\"What defines a good life? The secret that Santa Luzia reveals to me is that the good life comes in small moments and then not ignoring them.\" \/>\n<meta name=\"robots\" content=\"index, follow, max-snippet:-1, max-image-preview:large, max-video-preview:-1\" \/>\n<link rel=\"canonical\" href=\"https:\/\/portugalizar.com\/sv\/a-good-life\/\" \/>\n<meta property=\"og:locale\" content=\"sv_SE\" \/>\n<meta property=\"og:type\" content=\"article\" \/>\n<meta property=\"og:title\" content=\"How To Make A Good Life - PORTUGALIZAR\" \/>\n<meta property=\"og:description\" content=\"What defines a good life? The secret that Santa Luzia reveals to me is that the good life comes in small moments and then not ignoring them.\" \/>\n<meta property=\"og:url\" content=\"https:\/\/portugalizar.com\/sv\/a-good-life\/\" \/>\n<meta property=\"og:site_name\" content=\"PORTUGALIZAR\" \/>\n<meta property=\"article:published_time\" content=\"2022-06-16T04:00:00+00:00\" \/>\n<meta property=\"article:modified_time\" content=\"2023-03-12T10:31:53+00:00\" \/>\n<meta property=\"og:image\" content=\"https:\/\/portugalizar.com\/wp-content\/uploads\/2022\/05\/A5324850-10FA-48D6-9D29-EE783133DFDC.jpeg\" \/>\n\t<meta property=\"og:image:width\" content=\"1728\" \/>\n\t<meta property=\"og:image:height\" content=\"814\" \/>\n\t<meta property=\"og:image:type\" content=\"image\/jpeg\" \/>\n<meta name=\"author\" content=\"Gui\" \/>\n<meta name=\"twitter:card\" content=\"summary_large_image\" \/>\n<meta name=\"twitter:label1\" content=\"Skriven av\" \/>\n\t<meta name=\"twitter:data1\" content=\"Gui\" \/>\n\t<meta name=\"twitter:label2\" content=\"Ber\u00e4knad l\u00e4stid\" \/>\n\t<meta name=\"twitter:data2\" content=\"9 minuter\" \/>\n<script type=\"application\/ld+json\" class=\"yoast-schema-graph\">{\"@context\":\"https:\\\/\\\/schema.org\",\"@graph\":[{\"@type\":\"Article\",\"@id\":\"https:\\\/\\\/portugalizar.com\\\/a-good-life\\\/#article\",\"isPartOf\":{\"@id\":\"https:\\\/\\\/portugalizar.com\\\/a-good-life\\\/\"},\"author\":{\"name\":\"Gui\",\"@id\":\"https:\\\/\\\/portugalizar.com\\\/#\\\/schema\\\/person\\\/1f60af48f39895b897e26d9d92ecf6db\"},\"headline\":\"How To Make A Good Life\",\"datePublished\":\"2022-06-16T04:00:00+00:00\",\"dateModified\":\"2023-03-12T10:31:53+00:00\",\"mainEntityOfPage\":{\"@id\":\"https:\\\/\\\/portugalizar.com\\\/a-good-life\\\/\"},\"wordCount\":1654,\"commentCount\":12,\"publisher\":{\"@id\":\"https:\\\/\\\/portugalizar.com\\\/#organization\"},\"image\":{\"@id\":\"https:\\\/\\\/portugalizar.com\\\/a-good-life\\\/#primaryimage\"},\"thumbnailUrl\":\"https:\\\/\\\/i0.wp.com\\\/portugalizar.com\\\/wp-content\\\/uploads\\\/2022\\\/05\\\/A5324850-10FA-48D6-9D29-EE783133DFDC.jpeg?fit=1728%2C814&ssl=1\",\"articleSection\":[\"Place\"],\"inLanguage\":\"sv-SE\",\"potentialAction\":[{\"@type\":\"CommentAction\",\"name\":\"Comment\",\"target\":[\"https:\\\/\\\/portugalizar.com\\\/a-good-life\\\/#respond\"]}]},{\"@type\":\"WebPage\",\"@id\":\"https:\\\/\\\/portugalizar.com\\\/a-good-life\\\/\",\"url\":\"https:\\\/\\\/portugalizar.com\\\/a-good-life\\\/\",\"name\":\"How To Make A Good Life - PORTUGALIZAR\",\"isPartOf\":{\"@id\":\"https:\\\/\\\/portugalizar.com\\\/#website\"},\"primaryImageOfPage\":{\"@id\":\"https:\\\/\\\/portugalizar.com\\\/a-good-life\\\/#primaryimage\"},\"image\":{\"@id\":\"https:\\\/\\\/portugalizar.com\\\/a-good-life\\\/#primaryimage\"},\"thumbnailUrl\":\"https:\\\/\\\/i0.wp.com\\\/portugalizar.com\\\/wp-content\\\/uploads\\\/2022\\\/05\\\/A5324850-10FA-48D6-9D29-EE783133DFDC.jpeg?fit=1728%2C814&ssl=1\",\"datePublished\":\"2022-06-16T04:00:00+00:00\",\"dateModified\":\"2023-03-12T10:31:53+00:00\",\"description\":\"What defines a good life? The secret that Santa Luzia reveals to me is that the good life comes in small moments and then not ignoring them.\",\"breadcrumb\":{\"@id\":\"https:\\\/\\\/portugalizar.com\\\/a-good-life\\\/#breadcrumb\"},\"inLanguage\":\"sv-SE\",\"potentialAction\":[{\"@type\":\"ReadAction\",\"target\":[\"https:\\\/\\\/portugalizar.com\\\/a-good-life\\\/\"]}]},{\"@type\":\"ImageObject\",\"inLanguage\":\"sv-SE\",\"@id\":\"https:\\\/\\\/portugalizar.com\\\/a-good-life\\\/#primaryimage\",\"url\":\"https:\\\/\\\/i0.wp.com\\\/portugalizar.com\\\/wp-content\\\/uploads\\\/2022\\\/05\\\/A5324850-10FA-48D6-9D29-EE783133DFDC.jpeg?fit=1728%2C814&ssl=1\",\"contentUrl\":\"https:\\\/\\\/i0.wp.com\\\/portugalizar.com\\\/wp-content\\\/uploads\\\/2022\\\/05\\\/A5324850-10FA-48D6-9D29-EE783133DFDC.jpeg?fit=1728%2C814&ssl=1\",\"width\":1728,\"height\":814},{\"@type\":\"BreadcrumbList\",\"@id\":\"https:\\\/\\\/portugalizar.com\\\/a-good-life\\\/#breadcrumb\",\"itemListElement\":[{\"@type\":\"ListItem\",\"position\":1,\"name\":\"Home\",\"item\":\"https:\\\/\\\/portugalizar.com\\\/\"},{\"@type\":\"ListItem\",\"position\":2,\"name\":\"How To Make A Good Life\"}]},{\"@type\":\"WebSite\",\"@id\":\"https:\\\/\\\/portugalizar.com\\\/#website\",\"url\":\"https:\\\/\\\/portugalizar.com\\\/\",\"name\":\"PORTUGALIZAR\",\"description\":\"\",\"publisher\":{\"@id\":\"https:\\\/\\\/portugalizar.com\\\/#organization\"},\"potentialAction\":[{\"@type\":\"SearchAction\",\"target\":{\"@type\":\"EntryPoint\",\"urlTemplate\":\"https:\\\/\\\/portugalizar.com\\\/?s={search_term_string}\"},\"query-input\":{\"@type\":\"PropertyValueSpecification\",\"valueRequired\":true,\"valueName\":\"search_term_string\"}}],\"inLanguage\":\"sv-SE\"},{\"@type\":\"Organization\",\"@id\":\"https:\\\/\\\/portugalizar.com\\\/#organization\",\"name\":\"PORTUGALIZAR\",\"url\":\"https:\\\/\\\/portugalizar.com\\\/\",\"logo\":{\"@type\":\"ImageObject\",\"inLanguage\":\"sv-SE\",\"@id\":\"https:\\\/\\\/portugalizar.com\\\/#\\\/schema\\\/logo\\\/image\\\/\",\"url\":\"\",\"contentUrl\":\"\",\"caption\":\"PORTUGALIZAR\"},\"image\":{\"@id\":\"https:\\\/\\\/portugalizar.com\\\/#\\\/schema\\\/logo\\\/image\\\/\"}},{\"@type\":\"Person\",\"@id\":\"https:\\\/\\\/portugalizar.com\\\/#\\\/schema\\\/person\\\/1f60af48f39895b897e26d9d92ecf6db\",\"name\":\"Gui\",\"image\":{\"@type\":\"ImageObject\",\"inLanguage\":\"sv-SE\",\"@id\":\"https:\\\/\\\/secure.gravatar.com\\\/avatar\\\/0bef00a699e73fc60016c16a6f44683b2a027bb1b48a4b3973732af4cc636712?s=96&d=mm&r=g\",\"url\":\"https:\\\/\\\/secure.gravatar.com\\\/avatar\\\/0bef00a699e73fc60016c16a6f44683b2a027bb1b48a4b3973732af4cc636712?s=96&d=mm&r=g\",\"contentUrl\":\"https:\\\/\\\/secure.gravatar.com\\\/avatar\\\/0bef00a699e73fc60016c16a6f44683b2a027bb1b48a4b3973732af4cc636712?s=96&d=mm&r=g\",\"caption\":\"Gui\"},\"url\":\"https:\\\/\\\/portugalizar.com\\\/sv\\\/author\\\/spestheonlyone\\\/\"}]}<\/script>\n<!-- \/ Yoast SEO plugin. -->","yoast_head_json":{"title":"How To Make A Good Life - PORTUGALIZAR","description":"What defines a good life? The secret that Santa Luzia reveals to me is that the good life comes in small moments and then not ignoring them.","robots":{"index":"index","follow":"follow","max-snippet":"max-snippet:-1","max-image-preview":"max-image-preview:large","max-video-preview":"max-video-preview:-1"},"canonical":"https:\/\/portugalizar.com\/sv\/a-good-life\/","og_locale":"sv_SE","og_type":"article","og_title":"How To Make A Good Life - PORTUGALIZAR","og_description":"What defines a good life? The secret that Santa Luzia reveals to me is that the good life comes in small moments and then not ignoring them.","og_url":"https:\/\/portugalizar.com\/sv\/a-good-life\/","og_site_name":"PORTUGALIZAR","article_published_time":"2022-06-16T04:00:00+00:00","article_modified_time":"2023-03-12T10:31:53+00:00","og_image":[{"width":1728,"height":814,"url":"https:\/\/portugalizar.com\/wp-content\/uploads\/2022\/05\/A5324850-10FA-48D6-9D29-EE783133DFDC.jpeg","type":"image\/jpeg"}],"author":"Gui","twitter_card":"summary_large_image","twitter_misc":{"Skriven av":"Gui","Ber\u00e4knad l\u00e4stid":"9 minuter"},"schema":{"@context":"https:\/\/schema.org","@graph":[{"@type":"Article","@id":"https:\/\/portugalizar.com\/a-good-life\/#article","isPartOf":{"@id":"https:\/\/portugalizar.com\/a-good-life\/"},"author":{"name":"Gui","@id":"https:\/\/portugalizar.com\/#\/schema\/person\/1f60af48f39895b897e26d9d92ecf6db"},"headline":"How To Make A Good Life","datePublished":"2022-06-16T04:00:00+00:00","dateModified":"2023-03-12T10:31:53+00:00","mainEntityOfPage":{"@id":"https:\/\/portugalizar.com\/a-good-life\/"},"wordCount":1654,"commentCount":12,"publisher":{"@id":"https:\/\/portugalizar.com\/#organization"},"image":{"@id":"https:\/\/portugalizar.com\/a-good-life\/#primaryimage"},"thumbnailUrl":"https:\/\/i0.wp.com\/portugalizar.com\/wp-content\/uploads\/2022\/05\/A5324850-10FA-48D6-9D29-EE783133DFDC.jpeg?fit=1728%2C814&ssl=1","articleSection":["Place"],"inLanguage":"sv-SE","potentialAction":[{"@type":"CommentAction","name":"Comment","target":["https:\/\/portugalizar.com\/a-good-life\/#respond"]}]},{"@type":"WebPage","@id":"https:\/\/portugalizar.com\/a-good-life\/","url":"https:\/\/portugalizar.com\/a-good-life\/","name":"How To Make A Good Life - PORTUGALIZAR","isPartOf":{"@id":"https:\/\/portugalizar.com\/#website"},"primaryImageOfPage":{"@id":"https:\/\/portugalizar.com\/a-good-life\/#primaryimage"},"image":{"@id":"https:\/\/portugalizar.com\/a-good-life\/#primaryimage"},"thumbnailUrl":"https:\/\/i0.wp.com\/portugalizar.com\/wp-content\/uploads\/2022\/05\/A5324850-10FA-48D6-9D29-EE783133DFDC.jpeg?fit=1728%2C814&ssl=1","datePublished":"2022-06-16T04:00:00+00:00","dateModified":"2023-03-12T10:31:53+00:00","description":"What defines a good life? The secret that Santa Luzia reveals to me is that the good life comes in small moments and then not ignoring them.","breadcrumb":{"@id":"https:\/\/portugalizar.com\/a-good-life\/#breadcrumb"},"inLanguage":"sv-SE","potentialAction":[{"@type":"ReadAction","target":["https:\/\/portugalizar.com\/a-good-life\/"]}]},{"@type":"ImageObject","inLanguage":"sv-SE","@id":"https:\/\/portugalizar.com\/a-good-life\/#primaryimage","url":"https:\/\/i0.wp.com\/portugalizar.com\/wp-content\/uploads\/2022\/05\/A5324850-10FA-48D6-9D29-EE783133DFDC.jpeg?fit=1728%2C814&ssl=1","contentUrl":"https:\/\/i0.wp.com\/portugalizar.com\/wp-content\/uploads\/2022\/05\/A5324850-10FA-48D6-9D29-EE783133DFDC.jpeg?fit=1728%2C814&ssl=1","width":1728,"height":814},{"@type":"BreadcrumbList","@id":"https:\/\/portugalizar.com\/a-good-life\/#breadcrumb","itemListElement":[{"@type":"ListItem","position":1,"name":"Home","item":"https:\/\/portugalizar.com\/"},{"@type":"ListItem","position":2,"name":"How To Make A Good Life"}]},{"@type":"WebSite","@id":"https:\/\/portugalizar.com\/#website","url":"https:\/\/portugalizar.com\/","name":"PORTUGALIZAR","description":"","publisher":{"@id":"https:\/\/portugalizar.com\/#organization"},"potentialAction":[{"@type":"SearchAction","target":{"@type":"EntryPoint","urlTemplate":"https:\/\/portugalizar.com\/?s={search_term_string}"},"query-input":{"@type":"PropertyValueSpecification","valueRequired":true,"valueName":"search_term_string"}}],"inLanguage":"sv-SE"},{"@type":"Organization","@id":"https:\/\/portugalizar.com\/#organization","name":"PORTUGALIZAR","url":"https:\/\/portugalizar.com\/","logo":{"@type":"ImageObject","inLanguage":"sv-SE","@id":"https:\/\/portugalizar.com\/#\/schema\/logo\/image\/","url":"","contentUrl":"","caption":"PORTUGALIZAR"},"image":{"@id":"https:\/\/portugalizar.com\/#\/schema\/logo\/image\/"}},{"@type":"Person","@id":"https:\/\/portugalizar.com\/#\/schema\/person\/1f60af48f39895b897e26d9d92ecf6db","name":"Gui","image":{"@type":"ImageObject","inLanguage":"sv-SE","@id":"https:\/\/secure.gravatar.com\/avatar\/0bef00a699e73fc60016c16a6f44683b2a027bb1b48a4b3973732af4cc636712?s=96&d=mm&r=g","url":"https:\/\/secure.gravatar.com\/avatar\/0bef00a699e73fc60016c16a6f44683b2a027bb1b48a4b3973732af4cc636712?s=96&d=mm&r=g","contentUrl":"https:\/\/secure.gravatar.com\/avatar\/0bef00a699e73fc60016c16a6f44683b2a027bb1b48a4b3973732af4cc636712?s=96&d=mm&r=g","caption":"Gui"},"url":"https:\/\/portugalizar.com\/sv\/author\/spestheonlyone\/"}]}},"jetpack_featured_media_url":"https:\/\/i0.wp.com\/portugalizar.com\/wp-content\/uploads\/2022\/05\/A5324850-10FA-48D6-9D29-EE783133DFDC.jpeg?fit=1728%2C814&ssl=1","jetpack-related-posts":[],"jetpack_sharing_enabled":true,"_links":{"self":[{"href":"https:\/\/portugalizar.com\/sv\/wp-json\/wp\/v2\/posts\/1117","targetHints":{"allow":["GET"]}}],"collection":[{"href":"https:\/\/portugalizar.com\/sv\/wp-json\/wp\/v2\/posts"}],"about":[{"href":"https:\/\/portugalizar.com\/sv\/wp-json\/wp\/v2\/types\/post"}],"author":[{"embeddable":true,"href":"https:\/\/portugalizar.com\/sv\/wp-json\/wp\/v2\/users\/1"}],"replies":[{"embeddable":true,"href":"https:\/\/portugalizar.com\/sv\/wp-json\/wp\/v2\/comments?post=1117"}],"version-history":[{"count":5,"href":"https:\/\/portugalizar.com\/sv\/wp-json\/wp\/v2\/posts\/1117\/revisions"}],"predecessor-version":[{"id":2265,"href":"https:\/\/portugalizar.com\/sv\/wp-json\/wp\/v2\/posts\/1117\/revisions\/2265"}],"wp:featuredmedia":[{"embeddable":true,"href":"https:\/\/portugalizar.com\/sv\/wp-json\/wp\/v2\/media\/1333"}],"wp:attachment":[{"href":"https:\/\/portugalizar.com\/sv\/wp-json\/wp\/v2\/media?parent=1117"}],"wp:term":[{"taxonomy":"category","embeddable":true,"href":"https:\/\/portugalizar.com\/sv\/wp-json\/wp\/v2\/categories?post=1117"},{"taxonomy":"post_tag","embeddable":true,"href":"https:\/\/portugalizar.com\/sv\/wp-json\/wp\/v2\/tags?post=1117"}],"curies":[{"name":"wp","href":"https:\/\/api.w.org\/{rel}","templated":true}]}}