{"id":1098,"date":"2022-05-19T04:00:00","date_gmt":"2022-05-19T04:00:00","guid":{"rendered":"https:\/\/portugalizar.com\/?p=1098"},"modified":"2022-05-19T16:25:05","modified_gmt":"2022-05-19T16:25:05","slug":"life-is-crazy-stupid","status":"publish","type":"post","link":"https:\/\/portugalizar.com\/sv\/life-is-crazy-stupid\/","title":{"rendered":"Livet \u00e4r galet dumt, helt fantastiskt!"},"content":{"rendered":"<p><em>Bom dia (ou, boa tarde) a todos nossos amigos e entes queridos!<\/em> \/\/ God morgon (eller god eftermiddag) v\u00e4nner och k\u00e4ra v\u00e4nner! Galet dumt? N\u00e4r mina storasyskonbarn tycker att n\u00e5got \u00e4r bra, det vill s\u00e4ga riktigt bra, s\u00e4ger de att det \u00e4r crazy-stupid. H\u00e4r i Santa Luzia \u00e4r livet galet dumt.<\/p>\n\n\n\n<p>Portugiserna \u00e4r mer engagerade i livet \u00e4n m\u00e5nga andra kulturer, och det \u00e4r p\u00e5 goda grunder. Maten, vinet och efterr\u00e4tterna \u00e4r bara en liten del av allt det goda - det galet dumma - i livet h\u00e4r. <\/p>\n\n\n\n<p>En god m\u00e5ltid, utan br\u00e5dska och helt avkopplande, som delas bland och med familj och v\u00e4nner. En fantastisk efterr\u00e4tt tillsammans med ett h\u00e4rligt starkt portugisiskt kaffe, <em>uma bica<\/em>, som avnjuts en krispig h\u00f6stkv\u00e4ll i Taviras centrum. En \"mini\" Sagres (eller Bock) som dricks l\u00e5ngsamt en varm sommardag med Santa Luzias hamn som bakgrund. Ja, detta \u00e4r n\u00e5gra av de m\u00e5nga n\u00f6jen vi har funnit h\u00e4r tillsammans med v\u00e5ra portugisiska grannar.<\/p>\n\n\n\n<h2 class=\"wp-block-heading\">Maten \u00e4r galet dum!<\/h2>\n\n\n\n<p>Maten i Portugal \u00e4r vansinnigt god! Det skulle en av mina gammelbrors\u00f6ner kunna s\u00e4ga. Josephs vegetarianism kom l\u00e5ngsammare \u00e4n min, s\u00e5 han har f\u00e5tt njuta av ett st\u00f6rre utbud av landets delikatesser \u00e4n jag. \u00c4nd\u00e5 \u00e4r ostarna, br\u00f6den, n\u00f6tterna, de f\u00e4rska och torkade frukterna, de f\u00e4rska gr\u00f6nsakerna, de intensivt orangef\u00e4rgade \u00e4ggen, yoghurten med getmj\u00f6lk etc. galet goda.<\/p>\n\n\n\n<figure class=\"wp-block-gallery has-nested-images columns-default is-cropped wp-block-gallery-1 is-layout-flex wp-block-gallery-is-layout-flex\">\n<figure class=\"wp-block-image size-large\"><img data-recalc-dims=\"1\" fetchpriority=\"high\" decoding=\"async\" width=\"950\" height=\"713\" data-id=\"1227\" src=\"https:\/\/i0.wp.com\/portugalizar.com\/wp-content\/uploads\/2022\/05\/97FF53AE-2C5B-47DA-8CA3-2E74C27A3B86-scaled.jpeg?resize=950%2C713&#038;ssl=1\" alt=\"\" class=\"wp-image-1227\" srcset=\"https:\/\/i0.wp.com\/portugalizar.com\/wp-content\/uploads\/2022\/05\/97FF53AE-2C5B-47DA-8CA3-2E74C27A3B86-scaled.jpeg?w=2560&amp;ssl=1 2560w, https:\/\/i0.wp.com\/portugalizar.com\/wp-content\/uploads\/2022\/05\/97FF53AE-2C5B-47DA-8CA3-2E74C27A3B86-scaled.jpeg?resize=300%2C225&amp;ssl=1 300w, https:\/\/i0.wp.com\/portugalizar.com\/wp-content\/uploads\/2022\/05\/97FF53AE-2C5B-47DA-8CA3-2E74C27A3B86-scaled.jpeg?resize=1024%2C768&amp;ssl=1 1024w, https:\/\/i0.wp.com\/portugalizar.com\/wp-content\/uploads\/2022\/05\/97FF53AE-2C5B-47DA-8CA3-2E74C27A3B86-scaled.jpeg?resize=768%2C576&amp;ssl=1 768w, https:\/\/i0.wp.com\/portugalizar.com\/wp-content\/uploads\/2022\/05\/97FF53AE-2C5B-47DA-8CA3-2E74C27A3B86-scaled.jpeg?resize=1536%2C1152&amp;ssl=1 1536w, https:\/\/i0.wp.com\/portugalizar.com\/wp-content\/uploads\/2022\/05\/97FF53AE-2C5B-47DA-8CA3-2E74C27A3B86-scaled.jpeg?w=1900&amp;ssl=1 1900w\" sizes=\"(max-width: 950px) 100vw, 950px\" \/><figcaption>Bara ett litet mellanm\u00e5l f\u00f6re den riktiga m\u00e5ltiden...<\/figcaption><\/figure>\n<\/figure>\n\n\n\n<p>En typisk m\u00e5ltid, om du s\u00e5 vill, b\u00f6rjar med en festm\u00e5ltid. <em>Petiscos<\/em>, den portugisiska versionen av den spanska <em>tapas<\/em>, kombinerar ost, n\u00f6tter, f\u00e4rskt br\u00f6d, frukt, korv, skinka och fisk. En bra <em>petiscos<\/em> - det \u00e4r sv\u00e5rt att hitta en d\u00e5lig - \u00e4r en hel m\u00e5ltid i sig sj\u00e4lv. P\u00e5 fotot ovan kallas de fotbollsformade sakerna i vad som f\u00f6r mig ser ut som min mormors svarta pajtallrik av emalj f\u00f6r <em>pastor av bacalhau<\/em>. De h\u00e4r friterade torskkakorna \u00e4r en kr\u00e4mig flod av ost - dessa ovan med <em>queijo serra da estrela<\/em> - sp\u00e4dd med portvin. Joseph ber\u00e4ttar att de \u00e4r en delikatess i Portugal och att de \u00e4r l\u00e4ckra att slicka p\u00e5 tallriken.<\/p>\n\n\n\n<figure class=\"wp-block-gallery has-nested-images columns-default is-cropped wp-block-gallery-2 is-layout-flex wp-block-gallery-is-layout-flex\">\n<figure class=\"wp-block-image size-large\"><img data-recalc-dims=\"1\" decoding=\"async\" width=\"950\" height=\"713\" data-id=\"1247\" src=\"https:\/\/i0.wp.com\/portugalizar.com\/wp-content\/uploads\/2022\/05\/394D771E-8723-4276-B1A0-0A6CA86AA796-scaled.jpeg?resize=950%2C713&#038;ssl=1\" alt=\"\" class=\"wp-image-1247\" srcset=\"https:\/\/i0.wp.com\/portugalizar.com\/wp-content\/uploads\/2022\/05\/394D771E-8723-4276-B1A0-0A6CA86AA796-scaled.jpeg?w=2560&amp;ssl=1 2560w, https:\/\/i0.wp.com\/portugalizar.com\/wp-content\/uploads\/2022\/05\/394D771E-8723-4276-B1A0-0A6CA86AA796-scaled.jpeg?resize=300%2C225&amp;ssl=1 300w, https:\/\/i0.wp.com\/portugalizar.com\/wp-content\/uploads\/2022\/05\/394D771E-8723-4276-B1A0-0A6CA86AA796-scaled.jpeg?resize=1024%2C768&amp;ssl=1 1024w, https:\/\/i0.wp.com\/portugalizar.com\/wp-content\/uploads\/2022\/05\/394D771E-8723-4276-B1A0-0A6CA86AA796-scaled.jpeg?resize=768%2C576&amp;ssl=1 768w, https:\/\/i0.wp.com\/portugalizar.com\/wp-content\/uploads\/2022\/05\/394D771E-8723-4276-B1A0-0A6CA86AA796-scaled.jpeg?resize=1536%2C1152&amp;ssl=1 1536w, https:\/\/i0.wp.com\/portugalizar.com\/wp-content\/uploads\/2022\/05\/394D771E-8723-4276-B1A0-0A6CA86AA796-scaled.jpeg?resize=2048%2C1536&amp;ssl=1 2048w, https:\/\/i0.wp.com\/portugalizar.com\/wp-content\/uploads\/2022\/05\/394D771E-8723-4276-B1A0-0A6CA86AA796-scaled.jpeg?resize=16%2C12&amp;ssl=1 16w, https:\/\/i0.wp.com\/portugalizar.com\/wp-content\/uploads\/2022\/05\/394D771E-8723-4276-B1A0-0A6CA86AA796-scaled.jpeg?w=1900&amp;ssl=1 1900w\" sizes=\"(max-width: 950px) 100vw, 950px\" \/><figcaption>Nyf\u00e5ngade sardiner, grillade enkelt med f\u00e4rska \u00f6rter och lokal olivolja.<br>Om jag var en matstylist skulle jag inte ha l\u00e5tit Joseph \u00e4ta. <br>och skulle ha arrangerat sardinerna och gr\u00f6nsakerna p\u00e5 ett mer konstfullt s\u00e4tt.<\/figcaption><\/figure>\n<\/figure>\n\n\n\n<p>Fl\u00e4skk\u00f6tt och fisk \u00e4r portugisiska basvaror, vilket g\u00f6r livet lite komplicerat f\u00f6r vegetarianer. Det borde dock vara en fr\u00f6jd f\u00f6r alla andra. Fisken p\u00e5 din tallrik, liksom sardinerna ovan, har simmat i Atlanten bara n\u00e5gra timmar tidigare. Skinkan eller korven p\u00e5 din <em>petiscos<\/em> b\u00f6rjade och slutade p\u00e5 en g\u00e5rd, f\u00f6rmodligen inte l\u00e4ngre \u00e4n 80 mil fr\u00e5n den plats d\u00e4r du njuter av den. <\/p>\n\n\n\n<h2 class=\"wp-block-heading\">F\u00e4rskt, f\u00e4rskt, f\u00e4rskt!<\/h2>\n\n\n\n<p>Det mesta av maten i Portugal kommer fr\u00e5n sm\u00e5 familjejordbruk och fr\u00e5n lokala fiskare. Jordbruks- och fiskemetoderna \u00e4r praktiskt taget f\u00f6rindustriella och p\u00e5minner om en svunnen tid. I USA skulle vi kalla detta f\u00f6r \"artesanal\", men i Portugal \u00e4r det precis som det \u00e4r. Visst kan du g\u00e5 till n\u00e5gon av de stora snabbk\u00f6pskedjorna och k\u00f6pa bearbetade och f\u00f6rpackade livsmedel fr\u00e5n l\u00e4ngre bort, men po\u00e4ngen \u00e4r att du inte beh\u00f6ver g\u00f6ra det.<\/p>\n\n\n\n<p>Den kommunala marknaden i Tavira, som \u00e4r \u00f6ppen sex dagar i veckan, \u00e4r ett verkligt paradis av f\u00e4rska produkter. Lokala g\u00e5rdar s\u00e4ljer ocks\u00e5 direkt till allm\u00e4nheten; v\u00e5r favorit h\u00e4r \u00e4r <strong><a href=\"https:\/\/www.facebook.com\/MariaFlamingaLda\/?ref=page_internal\" target=\"_blank\" rel=\"noreferrer noopener\">Maria Flaminga<\/a><\/strong>. \u00c4ven Aldi och Lidl, b\u00e5da tyska kedjor, samt Pingo Doce och Continente, tv\u00e5 portugisiska kedjor, s\u00e4ljer ett brett urval av k\u00f6tt, fisk, \u00e4gg, mj\u00f6lk, ost och br\u00f6d fr\u00e5n lokala producenter.<\/p>\n\n\n\n<figure class=\"wp-block-gallery has-nested-images columns-default is-cropped wp-block-gallery-3 is-layout-flex wp-block-gallery-is-layout-flex\">\n<figure class=\"wp-block-image size-large\"><img data-recalc-dims=\"1\" decoding=\"async\" width=\"950\" height=\"465\" data-id=\"1232\" src=\"https:\/\/i0.wp.com\/portugalizar.com\/wp-content\/uploads\/2022\/05\/10DB75D1-DBE1-4FB7-B9B2-4AF6C12A8827-scaled.jpeg?resize=950%2C465&#038;ssl=1\" alt=\"\" class=\"wp-image-1232\" srcset=\"https:\/\/i0.wp.com\/portugalizar.com\/wp-content\/uploads\/2022\/05\/10DB75D1-DBE1-4FB7-B9B2-4AF6C12A8827-scaled.jpeg?w=2560&amp;ssl=1 2560w, https:\/\/i0.wp.com\/portugalizar.com\/wp-content\/uploads\/2022\/05\/10DB75D1-DBE1-4FB7-B9B2-4AF6C12A8827-scaled.jpeg?resize=300%2C147&amp;ssl=1 300w, https:\/\/i0.wp.com\/portugalizar.com\/wp-content\/uploads\/2022\/05\/10DB75D1-DBE1-4FB7-B9B2-4AF6C12A8827-scaled.jpeg?resize=1024%2C501&amp;ssl=1 1024w, https:\/\/i0.wp.com\/portugalizar.com\/wp-content\/uploads\/2022\/05\/10DB75D1-DBE1-4FB7-B9B2-4AF6C12A8827-scaled.jpeg?resize=768%2C376&amp;ssl=1 768w, https:\/\/i0.wp.com\/portugalizar.com\/wp-content\/uploads\/2022\/05\/10DB75D1-DBE1-4FB7-B9B2-4AF6C12A8827-scaled.jpeg?resize=1536%2C752&amp;ssl=1 1536w, https:\/\/i0.wp.com\/portugalizar.com\/wp-content\/uploads\/2022\/05\/10DB75D1-DBE1-4FB7-B9B2-4AF6C12A8827-scaled.jpeg?resize=2048%2C1003&amp;ssl=1 2048w, https:\/\/i0.wp.com\/portugalizar.com\/wp-content\/uploads\/2022\/05\/10DB75D1-DBE1-4FB7-B9B2-4AF6C12A8827-scaled.jpeg?resize=18%2C9&amp;ssl=1 18w, https:\/\/i0.wp.com\/portugalizar.com\/wp-content\/uploads\/2022\/05\/10DB75D1-DBE1-4FB7-B9B2-4AF6C12A8827-scaled.jpeg?resize=2000%2C979&amp;ssl=1 2000w, https:\/\/i0.wp.com\/portugalizar.com\/wp-content\/uploads\/2022\/05\/10DB75D1-DBE1-4FB7-B9B2-4AF6C12A8827-scaled.jpeg?w=1900&amp;ssl=1 1900w\" sizes=\"(max-width: 950px) 100vw, 950px\" \/><figcaption>Fan! Det h\u00e4r \u00e4r GODT!<\/figcaption><\/figure>\n<\/figure>\n\n\n\n<p>Men du beh\u00f6ver inte bo i en liten stad som Tavira eller en by som Santa Luzia f\u00f6r att njuta av fr\u00e4schhet varje dag. Portugals storst\u00e4der, som Lissabon och Porto, \u00e4r omgivna av ving\u00e5rdar och g\u00e5rdar. En bilresa p\u00e5 10-15 mil tar dig ut p\u00e5 landsbygden. Vi s\u00e5g detta p\u00e5 en resa till o Porto, som introducerade Joseph och jag f\u00f6r \u00e4nnu fler mat- och vingl\u00e4dje. Utanf\u00f6r Porto finns <strong><a href=\"https:\/\/www.visitportugal.com\/en\/content\/douro-valley\">Douro <\/a><a href=\"https:\/\/www.visitportugal.com\/en\/content\/douro-valley\" target=\"_blank\" rel=\"noreferrer noopener\">vindistrikt<\/a><\/strong>, Napa eller Loiredalen i Portugal. Maten och vinet, som du kan se p\u00e5 Josephs ansiktsreaktion p\u00e5 bilden ovan, var fantastiska.<\/p>\n\n\n\n<h2 class=\"wp-block-heading\">Vinet, etc. \u00c4r galet dumt!<\/h2>\n\n\n\n<p>Joseph \u00e4lskar de utm\u00e4rkta vita vinerna fr\u00e5n Bourgogne i Frankrike. Han har funnit att de vita fr\u00e5n Douro och de <strong><a href=\"https:\/\/en.wikipedia.org\/wiki\/Bucelas_DOC\" target=\"_blank\" rel=\"noreferrer noopener\">Bucelas-regionen<\/a><\/strong>, en liten bit norr om Lissabon, f\u00f6r att vara konkurrenskraftig. Det \u00e4r intressant att den lokala engelskspr\u00e5kiga tidningen i f\u00f6rra veckan rapporterade att <strong><a href=\"https:\/\/www.portugalresident.com\/algarve-white-wine-the-next-big-thing-2\/\" target=\"_blank\" rel=\"noreferrer noopener\">n\u00e4sta stora grej inom vita viner<\/a><\/strong> finns h\u00e4r i Algarve. Men om Joseph har lust och m\u00f6jlighet kommer det fortfarande att vara en Bourgogne i hans glas.<\/p>\n\n\n\n<figure class=\"wp-block-gallery has-nested-images columns-default is-cropped wp-block-gallery-4 is-layout-flex wp-block-gallery-is-layout-flex\">\n<figure class=\"wp-block-image size-large\"><img data-recalc-dims=\"1\" loading=\"lazy\" decoding=\"async\" width=\"950\" height=\"754\" data-id=\"1228\" src=\"https:\/\/i0.wp.com\/portugalizar.com\/wp-content\/uploads\/2022\/05\/C888C429-CF37-4F56-92B9-E552E2A9A3FE-scaled.jpeg?resize=950%2C754&#038;ssl=1\" alt=\"\" class=\"wp-image-1228\" srcset=\"https:\/\/i0.wp.com\/portugalizar.com\/wp-content\/uploads\/2022\/05\/C888C429-CF37-4F56-92B9-E552E2A9A3FE-scaled.jpeg?w=2560&amp;ssl=1 2560w, https:\/\/i0.wp.com\/portugalizar.com\/wp-content\/uploads\/2022\/05\/C888C429-CF37-4F56-92B9-E552E2A9A3FE-scaled.jpeg?resize=300%2C238&amp;ssl=1 300w, https:\/\/i0.wp.com\/portugalizar.com\/wp-content\/uploads\/2022\/05\/C888C429-CF37-4F56-92B9-E552E2A9A3FE-scaled.jpeg?resize=1024%2C813&amp;ssl=1 1024w, https:\/\/i0.wp.com\/portugalizar.com\/wp-content\/uploads\/2022\/05\/C888C429-CF37-4F56-92B9-E552E2A9A3FE-scaled.jpeg?resize=768%2C610&amp;ssl=1 768w, https:\/\/i0.wp.com\/portugalizar.com\/wp-content\/uploads\/2022\/05\/C888C429-CF37-4F56-92B9-E552E2A9A3FE-scaled.jpeg?resize=1536%2C1220&amp;ssl=1 1536w, https:\/\/i0.wp.com\/portugalizar.com\/wp-content\/uploads\/2022\/05\/C888C429-CF37-4F56-92B9-E552E2A9A3FE-scaled.jpeg?w=1900&amp;ssl=1 1900w\" sizes=\"(max-width: 950px) 100vw, 950px\" \/><figcaption>Urs\u00e4kta den h\u00e4r \"m\u00e9nage-a-quatre\"; <br>k\u00e5len var f\u00f6r vacker f\u00f6r att inte vara med.<\/figcaption><\/figure>\n\n\n\n<figure class=\"wp-block-image size-large\"><img data-recalc-dims=\"1\" loading=\"lazy\" decoding=\"async\" width=\"950\" height=\"534\" data-id=\"1231\" src=\"https:\/\/i0.wp.com\/portugalizar.com\/wp-content\/uploads\/2022\/05\/D9BBA370-0176-4E92-8082-1F4968D0A975.jpeg?resize=950%2C534&#038;ssl=1\" alt=\"\" class=\"wp-image-1231\" srcset=\"https:\/\/i0.wp.com\/portugalizar.com\/wp-content\/uploads\/2022\/05\/D9BBA370-0176-4E92-8082-1F4968D0A975.jpeg?w=1920&amp;ssl=1 1920w, https:\/\/i0.wp.com\/portugalizar.com\/wp-content\/uploads\/2022\/05\/D9BBA370-0176-4E92-8082-1F4968D0A975.jpeg?resize=300%2C169&amp;ssl=1 300w, https:\/\/i0.wp.com\/portugalizar.com\/wp-content\/uploads\/2022\/05\/D9BBA370-0176-4E92-8082-1F4968D0A975.jpeg?resize=1024%2C576&amp;ssl=1 1024w, https:\/\/i0.wp.com\/portugalizar.com\/wp-content\/uploads\/2022\/05\/D9BBA370-0176-4E92-8082-1F4968D0A975.jpeg?resize=768%2C432&amp;ssl=1 768w, https:\/\/i0.wp.com\/portugalizar.com\/wp-content\/uploads\/2022\/05\/D9BBA370-0176-4E92-8082-1F4968D0A975.jpeg?resize=1536%2C864&amp;ssl=1 1536w, https:\/\/i0.wp.com\/portugalizar.com\/wp-content\/uploads\/2022\/05\/D9BBA370-0176-4E92-8082-1F4968D0A975.jpeg?resize=18%2C10&amp;ssl=1 18w\" sizes=\"(max-width: 950px) 100vw, 950px\" \/><figcaption>Den portugisiska \u00f6len \u00e4r ocks\u00e5 fantastisk; <br>den popul\u00e4ra \"mini\", en 20cl-flaska, fyllde 50 \u00e5r i \u00e5r!<\/figcaption><\/figure>\n<\/figure>\n\n\n\n<p>\u00c4nd\u00e5 \u00e4r vinerna - r\u00f6da, vita, \"<strong><a href=\"https:\/\/vinepair.com\/wine-blog\/7-things-you-need-to-know-about-vinho-verde\/\" target=\"_blank\" rel=\"noreferrer noopener\">gr\u00f6nt<\/a><\/strong>\" och ros\u00e9vin, liksom de starkviner som portvin och Madeira, \u00e4r alla utm\u00e4rkta. Portugiserna tar sin vintillverkning och sin vinf\u00f6rtjusning p\u00e5 stort allvar. Goda lokala viner finns l\u00e4tt tillg\u00e4ngliga i alla aff\u00e4rer, till och med p\u00e5 de sm\u00e5 lokala marknaderna. Priserna \u00e4r ocks\u00e5 ytterst rimliga.<\/p>\n\n\n\n<p>Vin \u00e4r inte den enda drycken som \u00e4r bra h\u00e4r. <strong><a href=\"https:\/\/www.portugalist.com\/portuguese-beer\/\" target=\"_blank\" rel=\"noreferrer noopener\">lokala \u00f6lsorter<\/a><\/strong> - det finns tv\u00e5, Super Bock och Sagres - \u00e4r ocks\u00e5 fantastiska. Josephs favorit \u00e4r Sagres, medan hans bror George f\u00f6redrar Super Bock. <\/p>\n\n\n\n<p>B\u00e5de i de stora st\u00e4derna och i Algarve, <strong><a href=\"https:\/\/wetravelportugal.com\/craft-beer-portugal\/\" target=\"_blank\" rel=\"noreferrer noopener\">tillverkning av hantverks\u00f6l<\/a><\/strong> har gjort stora framsteg. I inlandet kan man hitta lokala hantverksbryggerier av god kvalitet. Men det kan kr\u00e4vas lite letande f\u00f6r att hitta n\u00e5got annat \u00e4n Super Bock och Sagres.<\/p>\n\n\n\n<h2 class=\"wp-block-heading\">As Sobremesas S\u00e3o Boas!<\/h2>\n\n\n\n<p>Vad skulle det s\u00f6ta livet vara utan godis? Lyckligtvis \u00e4lskar portugiserna efterr\u00e4tter, och ju rikare desto b\u00e4ttre. Medan Joseph letar efter goda vita viner, s\u00e4rskilt franska, \u00e4r jag p\u00e5 jakt efter goda desserter. Jag \u00e4r mer ekumenisk \u00e4n Joseph, det vill s\u00e4ga mindre speciell ... allt som \u00e4r laddat med socker, kalorier och choklad \u00e4r fritt spelrum. Det \u00e4r inte s\u00e5 sv\u00e5rt att hitta. Jag blir s\u00e4llan besviken n\u00e4r det g\u00e4ller smaken.<\/p>\n\n\n\n<figure class=\"wp-block-gallery has-nested-images columns-default is-cropped wp-block-gallery-5 is-layout-flex wp-block-gallery-is-layout-flex\">\n<figure class=\"wp-block-image size-large\"><img data-recalc-dims=\"1\" loading=\"lazy\" decoding=\"async\" width=\"950\" height=\"1267\" data-id=\"1230\" src=\"https:\/\/i0.wp.com\/portugalizar.com\/wp-content\/uploads\/2022\/05\/9B7A40A7-8201-4902-AB48-A28BC8E8DBDE-scaled.jpeg?resize=950%2C1267&#038;ssl=1\" alt=\"\" class=\"wp-image-1230\" srcset=\"https:\/\/i0.wp.com\/portugalizar.com\/wp-content\/uploads\/2022\/05\/9B7A40A7-8201-4902-AB48-A28BC8E8DBDE-scaled.jpeg?w=1920&amp;ssl=1 1920w, https:\/\/i0.wp.com\/portugalizar.com\/wp-content\/uploads\/2022\/05\/9B7A40A7-8201-4902-AB48-A28BC8E8DBDE-scaled.jpeg?resize=225%2C300&amp;ssl=1 225w, https:\/\/i0.wp.com\/portugalizar.com\/wp-content\/uploads\/2022\/05\/9B7A40A7-8201-4902-AB48-A28BC8E8DBDE-scaled.jpeg?resize=768%2C1024&amp;ssl=1 768w, https:\/\/i0.wp.com\/portugalizar.com\/wp-content\/uploads\/2022\/05\/9B7A40A7-8201-4902-AB48-A28BC8E8DBDE-scaled.jpeg?resize=1152%2C1536&amp;ssl=1 1152w\" sizes=\"(max-width: 950px) 100vw, 950px\" \/><figcaption>Uma bica e pastel de nata.<\/figcaption><\/figure>\n\n\n\n<figure class=\"wp-block-image size-large\"><img data-recalc-dims=\"1\" loading=\"lazy\" decoding=\"async\" width=\"950\" height=\"1139\" data-id=\"1233\" src=\"https:\/\/i0.wp.com\/portugalizar.com\/wp-content\/uploads\/2022\/05\/68B95A76-39E8-40EF-997F-1D01200909A7-scaled.jpeg?resize=950%2C1139&#038;ssl=1\" alt=\"\" class=\"wp-image-1233\" srcset=\"https:\/\/i0.wp.com\/portugalizar.com\/wp-content\/uploads\/2022\/05\/68B95A76-39E8-40EF-997F-1D01200909A7-scaled.jpeg?w=2136&amp;ssl=1 2136w, https:\/\/i0.wp.com\/portugalizar.com\/wp-content\/uploads\/2022\/05\/68B95A76-39E8-40EF-997F-1D01200909A7-scaled.jpeg?resize=250%2C300&amp;ssl=1 250w, https:\/\/i0.wp.com\/portugalizar.com\/wp-content\/uploads\/2022\/05\/68B95A76-39E8-40EF-997F-1D01200909A7-scaled.jpeg?resize=854%2C1024&amp;ssl=1 854w, https:\/\/i0.wp.com\/portugalizar.com\/wp-content\/uploads\/2022\/05\/68B95A76-39E8-40EF-997F-1D01200909A7-scaled.jpeg?resize=768%2C921&amp;ssl=1 768w, https:\/\/i0.wp.com\/portugalizar.com\/wp-content\/uploads\/2022\/05\/68B95A76-39E8-40EF-997F-1D01200909A7-scaled.jpeg?resize=1281%2C1536&amp;ssl=1 1281w, https:\/\/i0.wp.com\/portugalizar.com\/wp-content\/uploads\/2022\/05\/68B95A76-39E8-40EF-997F-1D01200909A7-scaled.jpeg?w=1900&amp;ssl=1 1900w\" sizes=\"(max-width: 950px) 100vw, 950px\" \/><figcaption>Det \u00e4r helt \u00f6verdrivet!<\/figcaption><\/figure>\n<figcaption class=\"blocks-gallery-caption\">Som vegetarian som \u00e4r nykter i 11 \u00e5r \u00e4r jag mer \u00e4n n\u00f6jd med att ha n\u00f6jen av gott kaffe och goda efterr\u00e4tter till hands!<\/figcaption><\/figure>\n\n\n\n<p>Johannesbr\u00f6d, eller <em>alfarroba<\/em> (kom ih\u00e5g den <em>alfarrobeira<\/em> i en <strong><a href=\"https:\/\/portugalizar.com\/sv\/simple-acts\/\" target=\"_blank\" rel=\"noreferrer noopener\">tidigare inl\u00e4gg<\/a><\/strong>?), odlas, sk\u00f6rdas och mals till mj\u00f6l lokalt h\u00e4r. Mj\u00f6let anv\u00e4nds i kakor och kex. H\u00e4r har johannesbr\u00f6det ingen anspr\u00e5k p\u00e5 att vara choklad och dess unika smak till\u00e5ts lysa upp. Apelsiner, <em>som laranjas<\/em>som ocks\u00e5 \u00e4r allest\u00e4des n\u00e4rvarande i omr\u00e5det, hittar man dem i desserter av alla slag, b\u00e5de som huvud- och bifigurer.<\/p>\n\n\n\n<p>\u00c4ggkr\u00e4m \u00e4r ocks\u00e5 popul\u00e4r b\u00e5de som fyllning i bakverk och som bas f\u00f6r Portugals nationella frukostdessert. <em>pastell de nata<\/em>En n\u00e4stan bitstor, apelsinkysst vaniljs\u00e5s-t\u00e5rta som ger en smaklig punch. Den \u00e4r helt otroligt l\u00e4cker och kanaliserar \u00e5terigen mina brors\u00f6ner. Lissabon <em>pastelarias<\/em> t\u00e4vla om ben\u00e4mningen \"b\u00e4sta\". <em>pastell de nata<\/em>\". Jag har gjort en utt\u00f6mmande och m\u00f6dosam personlig forskning. Jag rekommenderar starkt <strong><a href=\"https:\/\/www.tripadvisor.pt\/Restaurant_Review-g189158-d12884269-Reviews-Pastelaria_Santo_Antonio-Lisbon_Lisbon_District_Central_Portugal.html\" target=\"_blank\" rel=\"noreferrer noopener\">Pastelaria Santo Ant\u00f3nio<\/a><\/strong> i Lissabon, trots de l\u00e5nga k\u00f6erna av turister p\u00e5 andra pastelarias. Alla recensioner kommer att skicka dig till <strong><a href=\"https:\/\/www.tripadvisor.com\/Restaurant_Review-g189158-d939704-Reviews-Pasteis_de_Belem-Lisbon_Lisbon_District_Central_Portugal.html\" target=\"_blank\" rel=\"noreferrer noopener\">Pasteis de Bel\u00e9m<\/a><\/strong> men sedan har du de l\u00e5nga k\u00f6erna! <\/p>\n\n\n\n<figure class=\"wp-block-gallery has-nested-images columns-default is-cropped wp-block-gallery-6 is-layout-flex wp-block-gallery-is-layout-flex\">\n<figure class=\"wp-block-image size-large\"><img data-recalc-dims=\"1\" loading=\"lazy\" decoding=\"async\" width=\"915\" height=\"686\" data-id=\"1272\" src=\"https:\/\/i0.wp.com\/portugalizar.com\/wp-content\/uploads\/2022\/05\/A71B9911-6008-459F-834A-EB741E3D2DA3.jpeg?resize=915%2C686&#038;ssl=1\" alt=\"\" class=\"wp-image-1272\" srcset=\"https:\/\/i0.wp.com\/portugalizar.com\/wp-content\/uploads\/2022\/05\/A71B9911-6008-459F-834A-EB741E3D2DA3.jpeg?w=915&amp;ssl=1 915w, https:\/\/i0.wp.com\/portugalizar.com\/wp-content\/uploads\/2022\/05\/A71B9911-6008-459F-834A-EB741E3D2DA3.jpeg?resize=300%2C225&amp;ssl=1 300w, https:\/\/i0.wp.com\/portugalizar.com\/wp-content\/uploads\/2022\/05\/A71B9911-6008-459F-834A-EB741E3D2DA3.jpeg?resize=768%2C576&amp;ssl=1 768w, https:\/\/i0.wp.com\/portugalizar.com\/wp-content\/uploads\/2022\/05\/A71B9911-6008-459F-834A-EB741E3D2DA3.jpeg?resize=16%2C12&amp;ssl=1 16w\" sizes=\"(max-width: 915px) 100vw, 915px\" \/><figcaption>Direkt ur ugnen p\u00e5 <em>Pastelaria Santo Ant\u00f3nio<\/em>.<\/figcaption><\/figure>\n<\/figure>\n\n\n\n<h2 class=\"wp-block-heading\">Det vanliga \u00e4r vackert!<\/h2>\n\n\n\n<p>En del av de ovan n\u00e4mnda sakerna - s\u00e4rskilt vinet, den otroliga m\u00e5ltiden p\u00e5 restaurang, desserterna - \u00e4r de extraordin\u00e4ra, de speciella godbitarna. Ja, Portugal och till och med lilla Santa Luzia har allt detta i \u00f6verfl\u00f6d. Och alla portugiser drar nytta av dem, precis som vi g\u00f6r. Portugiserna \u00e4ter, trots sina knappa l\u00f6ner, mycket mer ute \u00e4n alla andra europ\u00e9er. Kanske \u00e4r varje dag en fest f\u00f6r portugiserna.<\/p>\n\n\n\n<p>Men det finns fortfarande f\u00f6r m\u00e5nga skatter f\u00f6r att man ska kunna anta att varje dag, hela livet, \u00e4r galet dumt, som det har verkat f\u00f6r mig h\u00e4r. Det finns n\u00e5got mer. Under en tid har jag funderat p\u00e5 vad jag har missat utan att kunna s\u00e4tta fingret p\u00e5 det.<\/p>\n\n\n\n<figure class=\"wp-block-image size-large\"><img data-recalc-dims=\"1\" loading=\"lazy\" decoding=\"async\" width=\"950\" height=\"674\" src=\"https:\/\/i0.wp.com\/portugalizar.com\/wp-content\/uploads\/2022\/05\/D9792123-0D90-4153-A335-62A9B779B7D6.jpeg?resize=950%2C674&#038;ssl=1\" alt=\"\" class=\"wp-image-1226\" srcset=\"https:\/\/i0.wp.com\/portugalizar.com\/wp-content\/uploads\/2022\/05\/D9792123-0D90-4153-A335-62A9B779B7D6-scaled.jpeg?resize=1024%2C726&amp;ssl=1 1024w, https:\/\/i0.wp.com\/portugalizar.com\/wp-content\/uploads\/2022\/05\/D9792123-0D90-4153-A335-62A9B779B7D6-scaled.jpeg?resize=300%2C213&amp;ssl=1 300w, https:\/\/i0.wp.com\/portugalizar.com\/wp-content\/uploads\/2022\/05\/D9792123-0D90-4153-A335-62A9B779B7D6-scaled.jpeg?resize=768%2C544&amp;ssl=1 768w, https:\/\/i0.wp.com\/portugalizar.com\/wp-content\/uploads\/2022\/05\/D9792123-0D90-4153-A335-62A9B779B7D6-scaled.jpeg?resize=1536%2C1089&amp;ssl=1 1536w, https:\/\/i0.wp.com\/portugalizar.com\/wp-content\/uploads\/2022\/05\/D9792123-0D90-4153-A335-62A9B779B7D6-scaled.jpeg?resize=2048%2C1451&amp;ssl=1 2048w, https:\/\/i0.wp.com\/portugalizar.com\/wp-content\/uploads\/2022\/05\/D9792123-0D90-4153-A335-62A9B779B7D6-scaled.jpeg?resize=18%2C12&amp;ssl=1 18w, https:\/\/i0.wp.com\/portugalizar.com\/wp-content\/uploads\/2022\/05\/D9792123-0D90-4153-A335-62A9B779B7D6-scaled.jpeg?resize=2000%2C1417&amp;ssl=1 2000w, https:\/\/i0.wp.com\/portugalizar.com\/wp-content\/uploads\/2022\/05\/D9792123-0D90-4153-A335-62A9B779B7D6-scaled.jpeg?w=1900&amp;ssl=1 1900w\" sizes=\"(max-width: 950px) 100vw, 950px\" \/><figcaption>\"Kron\u00e4rtskockor och \u00e4gg\", 2022<\/figcaption><\/figure>\n\n\n\n<p>F\u00f6r n\u00e5gra m\u00e5nader sedan, mitt i vintern, var jag ute p\u00e5 en av mina shoppingturer varannan vecka. Som vanligt cyklade jag till Maria Flaminga, den ekologiska g\u00e5rdsbutik vi bes\u00f6ker. Den ligger i slutet av en av grusv\u00e4garna bakom Santa Luzia. Strax efter att ha kommit in passerade jag en l\u00e5da med unga kron\u00e4rtskockor. De skiktade, lackerade chartreuse- och vermillionf\u00e4rgade skikten fick mig att h\u00e4pna. <\/p>\n\n\n\n<p>Till slut \u00e5terfick jag mitt lugn och gick \u00f6ver butiken. D\u00e4r fick jag \u00e5terigen en sm\u00e4ll. En annan l\u00e5da, den h\u00e4r med halm, inneh\u00f6ll f\u00e4rska \u00e4gg. Jag hade g\u00e5tt f\u00f6rbi h\u00f6nsen p\u00e5 v\u00e4gen in. \u00c4ggen var en regnb\u00e5ge av bruna nyanser. De l\u00e5g planl\u00f6st i halmen, fl\u00e4ckade av skit och fast med fj\u00e4drar, de var k\u00e4ftsm\u00e4llar.<\/p>\n\n\n\n<h2 class=\"wp-block-heading\">Vanligt som galet dumt<\/h2>\n\n\n\n<p>Jag har varit \u00f6verv\u00e4ldigad h\u00e4r m\u00e5nga g\u00e5nger tidigare, men d\u00e5 verkade v\u00f6rdnaden ber\u00e4ttigad, naturlig. Ett hav av r\u00f6da vallmoar och vita pr\u00e4stkragar som fl\u00f6dar med eftermiddagssolen nerf\u00f6r en l\u00e5ng, mjukt sluttande kulle. En soluppg\u00e5ng som m\u00e5lar lila, bl\u00e5tt, r\u00f6tt, gult och orange i breda streck \u00f6ver den bleknande Vintergatan p\u00e5 den tidvattenfyllda <em>ria<\/em>. Dessa och andra har varit en showstopper. Men de h\u00e4r uppstod som en eng\u00e5ngsf\u00f6reteelse, som en tripart serendipity, det vill s\u00e4ga att jag befann mig p\u00e5 r\u00e4tt plats i r\u00e4tt flyktiga \u00f6gonblick med \u00f6ppna \u00f6gon.<\/p>\n\n\n\n<p>Kron\u00e4rtskockor och \u00e4gg \u00e4r vardagliga, vanliga, inget speciellt. Men h\u00e4r var de, alla lika spektakul\u00e4ra och vackra som en soluppg\u00e5ng kan vara. Jag ins\u00e5g, inte direkt i det \u00f6gonblicket men senare, att det vanliga var extraordin\u00e4rt. Det \u00e4r helt enkelt en fr\u00e5ga om perspektiv, hur jag ser det som finns framf\u00f6r mig. Och f\u00f6r den delen, om jag ser det som finns framf\u00f6r mig \u00f6verhuvudtaget.<\/p>\n\n\n\n<p>S\u00e5 d\u00e4r har du det. Allt \u00e4r galet dumt i Santa Luzia, liksom p\u00e5 andra h\u00e5ll i Portugal. Jag tror att det \u00e4r det portugisiska perspektivet p\u00e5 livet. De \u00e4r ett folk som kan ta in allt - det speciella och det vanliga - och njuta av det hela.<\/p>\n\n\n\n<h2 class=\"wp-block-heading\">En s\u00e4rskild anm\u00e4rkning<\/h2>\n\n\n\n<p>Jag har delat upp det h\u00e4r inl\u00e4gget i tv\u00e5 delar. N\u00e4r den v\u00e4l \u00f6versteg 3 000 ord visste jag att det helt enkelt var f\u00f6r mycket att beg\u00e4ra av er. N\u00e4sta veckas inl\u00e4gg kommer d\u00e4rf\u00f6r att n\u00e4rma sig crazy-stupid i Portugal fr\u00e5n en annan vinkel. At\u00e9 \u00e0 pr\u00f3xima! \/\/ Till n\u00e4sta g\u00e5ng!<\/p>","protected":false},"excerpt":{"rendered":"<p>Mina storasyskonbarn s\u00e4ger att n\u00e5got \u00e4r \"galet dumt\" n\u00e4r de menar att det \u00e4r riktigt bra. Portugiserna \u00e4r mer engagerade i livet \u00e4n f\u00e5 andra kulturer, och det \u00e4r av goda sk\u00e4l. Maten, vinet och efterr\u00e4tterna utg\u00f6r bara en liten del av allt det goda - det galet dumma - i livet h\u00e4r. L\u00e4s mer...<\/p>","protected":false},"author":1,"featured_media":1344,"comment_status":"open","ping_status":"open","sticky":false,"template":"","format":"standard","meta":{"nf_dc_page":"","om_disable_all_campaigns":false,"_monsterinsights_skip_tracking":false,"_monsterinsights_sitenote_active":false,"_monsterinsights_sitenote_note":"","_monsterinsights_sitenote_category":0,"_themeisle_gutenberg_block_has_review":false,"_jetpack_memberships_contains_paid_content":false,"footnotes":""},"categories":[8,10],"tags":[],"class_list":["post-1098","post","type-post","status-publish","format-standard","has-post-thumbnail","hentry","category-culture-customs","category-place"],"yoast_head":"<!-- This site is optimized with the Yoast SEO plugin v27.4 - https:\/\/yoast.com\/product\/yoast-seo-wordpress\/ -->\n<title>Life Is Crazy-Stupid, Absolutely Fantastic! - PORTUGALIZAR<\/title>\n<meta name=\"description\" content=\"Life in Santa Luzia is crazy-stupid. That is a good thing. It means that you cannot take for granted how good you have it.\" \/>\n<meta name=\"robots\" content=\"index, follow, max-snippet:-1, max-image-preview:large, max-video-preview:-1\" \/>\n<link rel=\"canonical\" href=\"https:\/\/portugalizar.com\/sv\/life-is-crazy-stupid\/\" \/>\n<meta property=\"og:locale\" content=\"sv_SE\" \/>\n<meta property=\"og:type\" content=\"article\" \/>\n<meta property=\"og:title\" content=\"Life Is Crazy-Stupid, Absolutely Fantastic! - PORTUGALIZAR\" \/>\n<meta property=\"og:description\" content=\"Life in Santa Luzia is crazy-stupid. That is a good thing. It means that you cannot take for granted how good you have it.\" \/>\n<meta property=\"og:url\" content=\"https:\/\/portugalizar.com\/sv\/life-is-crazy-stupid\/\" \/>\n<meta property=\"og:site_name\" content=\"PORTUGALIZAR\" \/>\n<meta property=\"article:published_time\" content=\"2022-05-19T04:00:00+00:00\" \/>\n<meta property=\"article:modified_time\" content=\"2022-05-19T16:25:05+00:00\" \/>\n<meta property=\"og:image\" content=\"https:\/\/portugalizar.com\/wp-content\/uploads\/2022\/05\/6744BB6C-D886-4DF4-AF4D-0A095BC1533C.jpeg\" \/>\n\t<meta property=\"og:image:width\" content=\"754\" \/>\n\t<meta property=\"og:image:height\" content=\"394\" \/>\n\t<meta property=\"og:image:type\" content=\"image\/jpeg\" \/>\n<meta name=\"author\" content=\"Gui\" \/>\n<meta name=\"twitter:card\" content=\"summary_large_image\" \/>\n<meta name=\"twitter:label1\" content=\"Skriven av\" \/>\n\t<meta name=\"twitter:data1\" content=\"Gui\" \/>\n\t<meta name=\"twitter:label2\" content=\"Ber\u00e4knad l\u00e4stid\" \/>\n\t<meta name=\"twitter:data2\" content=\"10 minuter\" \/>\n<script type=\"application\/ld+json\" class=\"yoast-schema-graph\">{\"@context\":\"https:\\\/\\\/schema.org\",\"@graph\":[{\"@type\":\"Article\",\"@id\":\"https:\\\/\\\/portugalizar.com\\\/life-is-crazy-stupid\\\/#article\",\"isPartOf\":{\"@id\":\"https:\\\/\\\/portugalizar.com\\\/life-is-crazy-stupid\\\/\"},\"author\":{\"name\":\"Gui\",\"@id\":\"https:\\\/\\\/portugalizar.com\\\/#\\\/schema\\\/person\\\/1f60af48f39895b897e26d9d92ecf6db\"},\"headline\":\"Life Is Crazy-Stupid, Absolutely Fantastic!\",\"datePublished\":\"2022-05-19T04:00:00+00:00\",\"dateModified\":\"2022-05-19T16:25:05+00:00\",\"mainEntityOfPage\":{\"@id\":\"https:\\\/\\\/portugalizar.com\\\/life-is-crazy-stupid\\\/\"},\"wordCount\":1676,\"commentCount\":12,\"publisher\":{\"@id\":\"https:\\\/\\\/portugalizar.com\\\/#organization\"},\"image\":{\"@id\":\"https:\\\/\\\/portugalizar.com\\\/life-is-crazy-stupid\\\/#primaryimage\"},\"thumbnailUrl\":\"https:\\\/\\\/i0.wp.com\\\/portugalizar.com\\\/wp-content\\\/uploads\\\/2022\\\/05\\\/6744BB6C-D886-4DF4-AF4D-0A095BC1533C.jpeg?fit=754%2C394&ssl=1\",\"articleSection\":[\"Culture &amp; Customs\",\"Place\"],\"inLanguage\":\"sv-SE\",\"potentialAction\":[{\"@type\":\"CommentAction\",\"name\":\"Comment\",\"target\":[\"https:\\\/\\\/portugalizar.com\\\/life-is-crazy-stupid\\\/#respond\"]}]},{\"@type\":\"WebPage\",\"@id\":\"https:\\\/\\\/portugalizar.com\\\/life-is-crazy-stupid\\\/\",\"url\":\"https:\\\/\\\/portugalizar.com\\\/life-is-crazy-stupid\\\/\",\"name\":\"Life Is Crazy-Stupid, Absolutely Fantastic! - PORTUGALIZAR\",\"isPartOf\":{\"@id\":\"https:\\\/\\\/portugalizar.com\\\/#website\"},\"primaryImageOfPage\":{\"@id\":\"https:\\\/\\\/portugalizar.com\\\/life-is-crazy-stupid\\\/#primaryimage\"},\"image\":{\"@id\":\"https:\\\/\\\/portugalizar.com\\\/life-is-crazy-stupid\\\/#primaryimage\"},\"thumbnailUrl\":\"https:\\\/\\\/i0.wp.com\\\/portugalizar.com\\\/wp-content\\\/uploads\\\/2022\\\/05\\\/6744BB6C-D886-4DF4-AF4D-0A095BC1533C.jpeg?fit=754%2C394&ssl=1\",\"datePublished\":\"2022-05-19T04:00:00+00:00\",\"dateModified\":\"2022-05-19T16:25:05+00:00\",\"description\":\"Life in Santa Luzia is crazy-stupid. That is a good thing. It means that you cannot take for granted how good you have it.\",\"breadcrumb\":{\"@id\":\"https:\\\/\\\/portugalizar.com\\\/life-is-crazy-stupid\\\/#breadcrumb\"},\"inLanguage\":\"sv-SE\",\"potentialAction\":[{\"@type\":\"ReadAction\",\"target\":[\"https:\\\/\\\/portugalizar.com\\\/life-is-crazy-stupid\\\/\"]}]},{\"@type\":\"ImageObject\",\"inLanguage\":\"sv-SE\",\"@id\":\"https:\\\/\\\/portugalizar.com\\\/life-is-crazy-stupid\\\/#primaryimage\",\"url\":\"https:\\\/\\\/i0.wp.com\\\/portugalizar.com\\\/wp-content\\\/uploads\\\/2022\\\/05\\\/6744BB6C-D886-4DF4-AF4D-0A095BC1533C.jpeg?fit=754%2C394&ssl=1\",\"contentUrl\":\"https:\\\/\\\/i0.wp.com\\\/portugalizar.com\\\/wp-content\\\/uploads\\\/2022\\\/05\\\/6744BB6C-D886-4DF4-AF4D-0A095BC1533C.jpeg?fit=754%2C394&ssl=1\",\"width\":754,\"height\":394},{\"@type\":\"BreadcrumbList\",\"@id\":\"https:\\\/\\\/portugalizar.com\\\/life-is-crazy-stupid\\\/#breadcrumb\",\"itemListElement\":[{\"@type\":\"ListItem\",\"position\":1,\"name\":\"Home\",\"item\":\"https:\\\/\\\/portugalizar.com\\\/\"},{\"@type\":\"ListItem\",\"position\":2,\"name\":\"Life Is Crazy-Stupid, Absolutely Fantastic!\"}]},{\"@type\":\"WebSite\",\"@id\":\"https:\\\/\\\/portugalizar.com\\\/#website\",\"url\":\"https:\\\/\\\/portugalizar.com\\\/\",\"name\":\"PORTUGALIZAR\",\"description\":\"\",\"publisher\":{\"@id\":\"https:\\\/\\\/portugalizar.com\\\/#organization\"},\"potentialAction\":[{\"@type\":\"SearchAction\",\"target\":{\"@type\":\"EntryPoint\",\"urlTemplate\":\"https:\\\/\\\/portugalizar.com\\\/?s={search_term_string}\"},\"query-input\":{\"@type\":\"PropertyValueSpecification\",\"valueRequired\":true,\"valueName\":\"search_term_string\"}}],\"inLanguage\":\"sv-SE\"},{\"@type\":\"Organization\",\"@id\":\"https:\\\/\\\/portugalizar.com\\\/#organization\",\"name\":\"PORTUGALIZAR\",\"url\":\"https:\\\/\\\/portugalizar.com\\\/\",\"logo\":{\"@type\":\"ImageObject\",\"inLanguage\":\"sv-SE\",\"@id\":\"https:\\\/\\\/portugalizar.com\\\/#\\\/schema\\\/logo\\\/image\\\/\",\"url\":\"\",\"contentUrl\":\"\",\"caption\":\"PORTUGALIZAR\"},\"image\":{\"@id\":\"https:\\\/\\\/portugalizar.com\\\/#\\\/schema\\\/logo\\\/image\\\/\"}},{\"@type\":\"Person\",\"@id\":\"https:\\\/\\\/portugalizar.com\\\/#\\\/schema\\\/person\\\/1f60af48f39895b897e26d9d92ecf6db\",\"name\":\"Gui\",\"image\":{\"@type\":\"ImageObject\",\"inLanguage\":\"sv-SE\",\"@id\":\"https:\\\/\\\/secure.gravatar.com\\\/avatar\\\/0bef00a699e73fc60016c16a6f44683b2a027bb1b48a4b3973732af4cc636712?s=96&d=mm&r=g\",\"url\":\"https:\\\/\\\/secure.gravatar.com\\\/avatar\\\/0bef00a699e73fc60016c16a6f44683b2a027bb1b48a4b3973732af4cc636712?s=96&d=mm&r=g\",\"contentUrl\":\"https:\\\/\\\/secure.gravatar.com\\\/avatar\\\/0bef00a699e73fc60016c16a6f44683b2a027bb1b48a4b3973732af4cc636712?s=96&d=mm&r=g\",\"caption\":\"Gui\"},\"url\":\"https:\\\/\\\/portugalizar.com\\\/sv\\\/author\\\/spestheonlyone\\\/\"}]}<\/script>\n<!-- \/ Yoast SEO plugin. -->","yoast_head_json":{"title":"Life Is Crazy-Stupid, Absolutely Fantastic! - PORTUGALIZAR","description":"Life in Santa Luzia is crazy-stupid. That is a good thing. It means that you cannot take for granted how good you have it.","robots":{"index":"index","follow":"follow","max-snippet":"max-snippet:-1","max-image-preview":"max-image-preview:large","max-video-preview":"max-video-preview:-1"},"canonical":"https:\/\/portugalizar.com\/sv\/life-is-crazy-stupid\/","og_locale":"sv_SE","og_type":"article","og_title":"Life Is Crazy-Stupid, Absolutely Fantastic! - PORTUGALIZAR","og_description":"Life in Santa Luzia is crazy-stupid. That is a good thing. It means that you cannot take for granted how good you have it.","og_url":"https:\/\/portugalizar.com\/sv\/life-is-crazy-stupid\/","og_site_name":"PORTUGALIZAR","article_published_time":"2022-05-19T04:00:00+00:00","article_modified_time":"2022-05-19T16:25:05+00:00","og_image":[{"width":754,"height":394,"url":"https:\/\/portugalizar.com\/wp-content\/uploads\/2022\/05\/6744BB6C-D886-4DF4-AF4D-0A095BC1533C.jpeg","type":"image\/jpeg"}],"author":"Gui","twitter_card":"summary_large_image","twitter_misc":{"Skriven av":"Gui","Ber\u00e4knad l\u00e4stid":"10 minuter"},"schema":{"@context":"https:\/\/schema.org","@graph":[{"@type":"Article","@id":"https:\/\/portugalizar.com\/life-is-crazy-stupid\/#article","isPartOf":{"@id":"https:\/\/portugalizar.com\/life-is-crazy-stupid\/"},"author":{"name":"Gui","@id":"https:\/\/portugalizar.com\/#\/schema\/person\/1f60af48f39895b897e26d9d92ecf6db"},"headline":"Life Is Crazy-Stupid, Absolutely Fantastic!","datePublished":"2022-05-19T04:00:00+00:00","dateModified":"2022-05-19T16:25:05+00:00","mainEntityOfPage":{"@id":"https:\/\/portugalizar.com\/life-is-crazy-stupid\/"},"wordCount":1676,"commentCount":12,"publisher":{"@id":"https:\/\/portugalizar.com\/#organization"},"image":{"@id":"https:\/\/portugalizar.com\/life-is-crazy-stupid\/#primaryimage"},"thumbnailUrl":"https:\/\/i0.wp.com\/portugalizar.com\/wp-content\/uploads\/2022\/05\/6744BB6C-D886-4DF4-AF4D-0A095BC1533C.jpeg?fit=754%2C394&ssl=1","articleSection":["Culture &amp; Customs","Place"],"inLanguage":"sv-SE","potentialAction":[{"@type":"CommentAction","name":"Comment","target":["https:\/\/portugalizar.com\/life-is-crazy-stupid\/#respond"]}]},{"@type":"WebPage","@id":"https:\/\/portugalizar.com\/life-is-crazy-stupid\/","url":"https:\/\/portugalizar.com\/life-is-crazy-stupid\/","name":"Life Is Crazy-Stupid, Absolutely Fantastic! - PORTUGALIZAR","isPartOf":{"@id":"https:\/\/portugalizar.com\/#website"},"primaryImageOfPage":{"@id":"https:\/\/portugalizar.com\/life-is-crazy-stupid\/#primaryimage"},"image":{"@id":"https:\/\/portugalizar.com\/life-is-crazy-stupid\/#primaryimage"},"thumbnailUrl":"https:\/\/i0.wp.com\/portugalizar.com\/wp-content\/uploads\/2022\/05\/6744BB6C-D886-4DF4-AF4D-0A095BC1533C.jpeg?fit=754%2C394&ssl=1","datePublished":"2022-05-19T04:00:00+00:00","dateModified":"2022-05-19T16:25:05+00:00","description":"Life in Santa Luzia is crazy-stupid. That is a good thing. It means that you cannot take for granted how good you have it.","breadcrumb":{"@id":"https:\/\/portugalizar.com\/life-is-crazy-stupid\/#breadcrumb"},"inLanguage":"sv-SE","potentialAction":[{"@type":"ReadAction","target":["https:\/\/portugalizar.com\/life-is-crazy-stupid\/"]}]},{"@type":"ImageObject","inLanguage":"sv-SE","@id":"https:\/\/portugalizar.com\/life-is-crazy-stupid\/#primaryimage","url":"https:\/\/i0.wp.com\/portugalizar.com\/wp-content\/uploads\/2022\/05\/6744BB6C-D886-4DF4-AF4D-0A095BC1533C.jpeg?fit=754%2C394&ssl=1","contentUrl":"https:\/\/i0.wp.com\/portugalizar.com\/wp-content\/uploads\/2022\/05\/6744BB6C-D886-4DF4-AF4D-0A095BC1533C.jpeg?fit=754%2C394&ssl=1","width":754,"height":394},{"@type":"BreadcrumbList","@id":"https:\/\/portugalizar.com\/life-is-crazy-stupid\/#breadcrumb","itemListElement":[{"@type":"ListItem","position":1,"name":"Home","item":"https:\/\/portugalizar.com\/"},{"@type":"ListItem","position":2,"name":"Life Is Crazy-Stupid, Absolutely Fantastic!"}]},{"@type":"WebSite","@id":"https:\/\/portugalizar.com\/#website","url":"https:\/\/portugalizar.com\/","name":"PORTUGALIZAR","description":"","publisher":{"@id":"https:\/\/portugalizar.com\/#organization"},"potentialAction":[{"@type":"SearchAction","target":{"@type":"EntryPoint","urlTemplate":"https:\/\/portugalizar.com\/?s={search_term_string}"},"query-input":{"@type":"PropertyValueSpecification","valueRequired":true,"valueName":"search_term_string"}}],"inLanguage":"sv-SE"},{"@type":"Organization","@id":"https:\/\/portugalizar.com\/#organization","name":"PORTUGALIZAR","url":"https:\/\/portugalizar.com\/","logo":{"@type":"ImageObject","inLanguage":"sv-SE","@id":"https:\/\/portugalizar.com\/#\/schema\/logo\/image\/","url":"","contentUrl":"","caption":"PORTUGALIZAR"},"image":{"@id":"https:\/\/portugalizar.com\/#\/schema\/logo\/image\/"}},{"@type":"Person","@id":"https:\/\/portugalizar.com\/#\/schema\/person\/1f60af48f39895b897e26d9d92ecf6db","name":"Gui","image":{"@type":"ImageObject","inLanguage":"sv-SE","@id":"https:\/\/secure.gravatar.com\/avatar\/0bef00a699e73fc60016c16a6f44683b2a027bb1b48a4b3973732af4cc636712?s=96&d=mm&r=g","url":"https:\/\/secure.gravatar.com\/avatar\/0bef00a699e73fc60016c16a6f44683b2a027bb1b48a4b3973732af4cc636712?s=96&d=mm&r=g","contentUrl":"https:\/\/secure.gravatar.com\/avatar\/0bef00a699e73fc60016c16a6f44683b2a027bb1b48a4b3973732af4cc636712?s=96&d=mm&r=g","caption":"Gui"},"url":"https:\/\/portugalizar.com\/sv\/author\/spestheonlyone\/"}]}},"jetpack_featured_media_url":"https:\/\/i0.wp.com\/portugalizar.com\/wp-content\/uploads\/2022\/05\/6744BB6C-D886-4DF4-AF4D-0A095BC1533C.jpeg?fit=754%2C394&ssl=1","jetpack-related-posts":[],"jetpack_sharing_enabled":true,"_links":{"self":[{"href":"https:\/\/portugalizar.com\/sv\/wp-json\/wp\/v2\/posts\/1098","targetHints":{"allow":["GET"]}}],"collection":[{"href":"https:\/\/portugalizar.com\/sv\/wp-json\/wp\/v2\/posts"}],"about":[{"href":"https:\/\/portugalizar.com\/sv\/wp-json\/wp\/v2\/types\/post"}],"author":[{"embeddable":true,"href":"https:\/\/portugalizar.com\/sv\/wp-json\/wp\/v2\/users\/1"}],"replies":[{"embeddable":true,"href":"https:\/\/portugalizar.com\/sv\/wp-json\/wp\/v2\/comments?post=1098"}],"version-history":[{"count":5,"href":"https:\/\/portugalizar.com\/sv\/wp-json\/wp\/v2\/posts\/1098\/revisions"}],"predecessor-version":[{"id":1428,"href":"https:\/\/portugalizar.com\/sv\/wp-json\/wp\/v2\/posts\/1098\/revisions\/1428"}],"wp:featuredmedia":[{"embeddable":true,"href":"https:\/\/portugalizar.com\/sv\/wp-json\/wp\/v2\/media\/1344"}],"wp:attachment":[{"href":"https:\/\/portugalizar.com\/sv\/wp-json\/wp\/v2\/media?parent=1098"}],"wp:term":[{"taxonomy":"category","embeddable":true,"href":"https:\/\/portugalizar.com\/sv\/wp-json\/wp\/v2\/categories?post=1098"},{"taxonomy":"post_tag","embeddable":true,"href":"https:\/\/portugalizar.com\/sv\/wp-json\/wp\/v2\/tags?post=1098"}],"curies":[{"name":"wp","href":"https:\/\/api.w.org\/{rel}","templated":true}]}}