{"id":1044,"date":"2022-04-25T21:47:02","date_gmt":"2022-04-25T21:47:02","guid":{"rendered":"https:\/\/portugalizar.com\/?p=1044"},"modified":"2022-05-02T05:11:49","modified_gmt":"2022-05-02T05:11:49","slug":"its-a-great-day-for-a-short-goodbye","status":"publish","type":"post","link":"https:\/\/portugalizar.com\/sv\/its-a-great-day-for-a-short-goodbye\/","title":{"rendered":"Det \u00e4r en bra dag f\u00f6r ett snabbt farv\u00e4l"},"content":{"rendered":"<p>Ol\u00e1 todos! <strong>SENASTE NYTT...<\/strong> <strong>PORTUGAL HAR BEFRIATS!<\/strong><\/p>\n\n\n\n<p>P\u00e5 morgonen den 25 april 1974 var f\u00f6rstasidan p\u00e5 Portugals nationaltidning, <em>Rep\u00fablica<\/em>, skrek h\u00f6gt. <strong>DE V\u00c4PNADE STYRKORNA HAR TAGIT MAKTEN F\u00d6R FOLKET OCH F\u00d6R DESS FRIHET.<\/strong>. Med \u00e4nnu st\u00f6rre stolthet kan redakt\u00f6rerna f\u00f6r <em>Rep\u00fablica<\/em> En andra rubrik stod l\u00e4ngst ner p\u00e5 f\u00f6rstasidan. <strong>DENNA TIDNING VAR INTE F\u00d6REM\u00c5L F\u00d6R N\u00c5GON CENSURKOMMISSION.<\/strong>. Den sista biten, inramad i r\u00f6tt, visade hur mycket allt hade f\u00f6r\u00e4ndrats under en natt. <\/p>\n\n\n\n<p>Den 25 april firar vi Portugals befrielse fr\u00e5n mer \u00e4n 40 \u00e5r av styre under den f\u00f6rtryckande och destruktiva<em> Estado<\/em> <em>Novo<\/em>, den sj\u00e4lvutn\u00e4mnda diktaturen under den briljante och professor Ant\u00f3nio Salazar.<em> Estado<\/em> <em>Novo<\/em> var en m\u00e4rklig blandning av olika id\u00e9er som inte st\u00e4mde \u00f6verens. Om ni \u00e4r intresserade kan vi \u00e5terkomma till detta \u00e4mne i ett senare inl\u00e4gg. F\u00f6r tillf\u00e4llet kan vi koncentrera oss p\u00e5 n\u00e5gra fakta som ligger bakom dagens firande.<\/p>\n\n\n\n<h2 class=\"wp-block-heading\">En revolution som till st\u00f6rsta delen \u00e4r icke-v\u00e5ldslig<\/h2>\n\n\n\n<p>Den 25 april st\u00f6rtades Europas l\u00e4ngst existerande auktorit\u00e4ra regim p\u00e5 ett typiskt portugisiskt s\u00e4tt. Kanske \u00e4r det bara portugiserna som kan genomf\u00f6ra en n\u00e4stan oblodig, icke-v\u00e5ldsam milit\u00e4rkupp. Dessutom segrade deras sunda f\u00f6rnuft \u00f6ver pl\u00e5gade ideologiska skillnader. Till sist, \u00e5tminstone f\u00f6r mig, h\u00f6r till de best\u00e5ende intrycken av denna revolution mot en f\u00f6rtryckande diktatorisk regim massor av blommor och en s\u00e5ng.<\/p>\n\n\n\n<p>Tyv\u00e4rr dog fyra personer n\u00e4r presidentens personliga vakt sk\u00f6t in i en folkmassa i Lissabon. I \u00f6vrigt var revolutionen, nejlikerevolutionen, inte v\u00e5ldsam. Milit\u00e4ren som ledde kuppen avlossade aldrig ett skott trots att stridsvagnar rullade in i Lissabon och uniformerade soldater fanns \u00f6verallt. \u00c4nd\u00e5 stod tiotusentals vanliga medborgare sida vid sida med de tusentals soldaterna.<\/p>\n\n\n\n<figure class=\"wp-block-image alignwide size-full\"><img data-recalc-dims=\"1\" fetchpriority=\"high\" decoding=\"async\" width=\"950\" height=\"713\" src=\"https:\/\/i0.wp.com\/portugalizar.com\/wp-content\/uploads\/2022\/04\/7E730CAA-8AFD-4620-88A6-43A8A737EF48.jpeg?resize=950%2C713&#038;ssl=1\" alt=\"\" class=\"wp-image-1047\" srcset=\"https:\/\/i0.wp.com\/portugalizar.com\/wp-content\/uploads\/2022\/04\/7E730CAA-8AFD-4620-88A6-43A8A737EF48.jpeg?w=1024&amp;ssl=1 1024w, https:\/\/i0.wp.com\/portugalizar.com\/wp-content\/uploads\/2022\/04\/7E730CAA-8AFD-4620-88A6-43A8A737EF48.jpeg?resize=300%2C225&amp;ssl=1 300w, https:\/\/i0.wp.com\/portugalizar.com\/wp-content\/uploads\/2022\/04\/7E730CAA-8AFD-4620-88A6-43A8A737EF48.jpeg?resize=768%2C576&amp;ssl=1 768w, https:\/\/i0.wp.com\/portugalizar.com\/wp-content\/uploads\/2022\/04\/7E730CAA-8AFD-4620-88A6-43A8A737EF48.jpeg?resize=16%2C12&amp;ssl=1 16w\" sizes=\"(max-width: 950px) 100vw, 950px\" \/><figcaption><strong>1 maj 197<\/strong>4. Den h\u00e4r bilden visar den ungdomliga publiken i Tavira n\u00e4r de korsar den gamla romerska bron. De firar revolutionens f\u00f6rsta fullst\u00e4ndiga frihet. Min goda v\u00e4n, <strong>Ant\u00f3nio Minhalma<\/strong>, som d\u00e5 bara var 18 \u00e5r gammal, st\u00e5r i mitten, till v\u00e4nster om den breda herrn i svart polotr\u00f6ja. Revolutionen avsl\u00f6jade och frigjorde sedan portugisernas optimism, hopp och dr\u00f6mmar: \"kanske kan en b\u00e4ttre framtid existera\".<\/figcaption><\/figure>\n\n\n\n<h2 class=\"wp-block-heading\">Att g\u00f6ra uppror tillsammans<\/h2>\n\n\n\n<p>Milit\u00e4ren och medborgarna \u00e4r mentalt synkroniserade: en ny dag utan krig och med verklig demokrati m\u00e5ste b\u00f6rja. Det r\u00e4cker nu. Portugiserna hade redan utk\u00e4mpat 13 \u00e5r av blodiga krig i Angola, Guinea-Bissau och Mo\u00e7ambique. De k\u00e4mpade mot sina afrikanska br\u00f6der och systrars frihet snarare \u00e4n f\u00f6r sin egen frihet.<\/p>\n\n\n\n<p>Dessa krig var meningsl\u00f6sa varken f\u00f6r milit\u00e4ren eller f\u00f6r de medborgare som inkallades till dem. Pengar som anv\u00e4ndes f\u00f6r att d\u00f6da portugiser tusentals kilometer bort d\u00f6dade ocks\u00e5 portugiserna hemma. Finansieringen av utbildning, h\u00e4lsov\u00e5rd och grundl\u00e4ggande basvaror hade redan f\u00f6rsvunnit. Portugal hade f\u00f6rblivit lika underutvecklat som n\u00e5gon av sina avl\u00e4gsna kolonier. Tiden f\u00f6r f\u00f6r\u00e4ndring hade kommit.<\/p>\n\n\n\n<figure class=\"wp-block-image alignwide size-full\"><img data-recalc-dims=\"1\" decoding=\"async\" width=\"720\" height=\"511\" src=\"https:\/\/i0.wp.com\/portugalizar.com\/wp-content\/uploads\/2022\/04\/D80E0B0E-DAE5-4A48-8E0C-BC67937A9A7E.jpeg?resize=720%2C511&#038;ssl=1\" alt=\"\" class=\"wp-image-1046\" srcset=\"https:\/\/i0.wp.com\/portugalizar.com\/wp-content\/uploads\/2022\/04\/D80E0B0E-DAE5-4A48-8E0C-BC67937A9A7E.jpeg?w=720&amp;ssl=1 720w, https:\/\/i0.wp.com\/portugalizar.com\/wp-content\/uploads\/2022\/04\/D80E0B0E-DAE5-4A48-8E0C-BC67937A9A7E.jpeg?resize=300%2C213&amp;ssl=1 300w, https:\/\/i0.wp.com\/portugalizar.com\/wp-content\/uploads\/2022\/04\/D80E0B0E-DAE5-4A48-8E0C-BC67937A9A7E.jpeg?resize=18%2C12&amp;ssl=1 18w\" sizes=\"(max-width: 720px) 100vw, 720px\" \/><figcaption><strong>Igreja de Santa Luzia, omkring slutet av 1950-talet<\/strong>. Det h\u00e4r fotot, som jag fick av min goda v\u00e4n <strong>Victor Minhalma<\/strong>, Ant\u00f3nios tvillingbror, visar den f\u00f6rfallna kyrkan fr\u00e5n 1600-talet i v\u00e5r by Santa Luzia. Den togs bara n\u00e5gra \u00e5r innan den revs och ersattes av dagens modernistiska byggnad. Det som sl\u00e5r mig p\u00e5 fotografiet \u00e4r omr\u00e5det runt kyrkan, som ligger i centrum av Santa Luzia. Det finns bara smuts och br\u00e5te, en g\u00e5va fr\u00e5n 30 \u00e5r av diktatur, som f\u00f6respr\u00e5kade en isolationistisk nationalism, som ruinerade landet och dess folk.<\/figcaption><\/figure>\n\n\n\n<h2 class=\"wp-block-heading\">Nejlikan i revolutionen<\/h2>\n\n\n\n<p>F\u00f6r mig uttrycker sig den 25 aprilrevolutionens portugisiska karakt\u00e4r genom blommor och s\u00e5ng. N\u00e5got som \u00e4r s\u00e5 allvarligt och omskakande som en revolution\u00e4r f\u00f6r\u00e4ndring borde ocks\u00e5 vara ljuvligt och ironiskt humoristiskt. Lissabons blomsteraff\u00e4rer hade mystiskt nog ett \u00f6verutbud av nejlikor den 24 april. Unga och gamla tog en handfull r\u00f6da och rosa blommor p\u00e5 morgonen den 25 april n\u00e4r de gick ut p\u00e5 gatorna f\u00f6r att ansluta sig till soldaterna. <\/p>\n\n\n\n<p>Bilderna fr\u00e5n Lissabons gator ger dig ett leende p\u00e5 l\u00e4pparna \u00e4n i dag. Gamla damer str\u00e4cker sig upp p\u00e5 t\u00e5 f\u00f6r att g\u00f6ra en blomstervas av gev\u00e4rspipor. Unga kvinnor satte nejlikor p\u00e5 leende soldaters kn\u00e4ppning. \u00c4ldre herrar gav buketter till allvarliga vakter p\u00e5 stridsvagnar. Gl\u00e4djen och sp\u00e4nningen lyser igenom de gryniga fotografierna.<\/p>\n\n\n\n<p>Men signalen till revolutionen var ocks\u00e5 en s\u00e5ng. Tankarna b\u00f6rjade rulla n\u00e4r Portugals bidrag till Eurovision Song Contest - <em>E Depois do Adeus<\/em>, eller <em>Och efter avskedet<\/em> - spelades p\u00e5 radiostationer strax f\u00f6re midnatt den 24 april. En f\u00e5nig s\u00e5ng i en f\u00e5nig s\u00e4ndning inledde den allvarligaste och mest betydelsefulla h\u00e4ndelsen. Det g\u00e5r inte att missa den ironiska humorn i l\u00e5tens titel eller vikten av dess l\u00f6fte.<\/p>\n\n\n\n<h2 class=\"wp-block-heading\">Vad h\u00e4nder efter avskedet? <\/h2>\n\n\n\n<p>Milit\u00e4ren b\u00f6rjade snabbt l\u00e4mna \u00f6ver kontrollen till en civilt ledd regering. Bara ett \u00e5r senare h\u00f6ll Portugal sitt f\u00f6rsta val. Parlamentet godk\u00e4nde den nya konstitutionen ett \u00e5r senare. Demokratin hade frodats p\u00e5 portugisisk mark och hade tryckt sina r\u00f6tter djupt.<\/p>\n\n\n\n<figure class=\"wp-block-image alignwide size-large\"><img data-recalc-dims=\"1\" decoding=\"async\" width=\"950\" height=\"634\" src=\"https:\/\/i0.wp.com\/portugalizar.com\/wp-content\/uploads\/2022\/06\/64829B45-CDFE-43D4-91F0-B5D52F104A38.jpeg?resize=950%2C634&#038;ssl=1\" alt=\"\" class=\"wp-image-1077\" srcset=\"https:\/\/i0.wp.com\/portugalizar.com\/wp-content\/uploads\/2022\/06\/64829B45-CDFE-43D4-91F0-B5D52F104A38.jpeg?resize=1024%2C683&amp;ssl=1 1024w, https:\/\/i0.wp.com\/portugalizar.com\/wp-content\/uploads\/2022\/06\/64829B45-CDFE-43D4-91F0-B5D52F104A38.jpeg?resize=300%2C200&amp;ssl=1 300w, https:\/\/i0.wp.com\/portugalizar.com\/wp-content\/uploads\/2022\/06\/64829B45-CDFE-43D4-91F0-B5D52F104A38.jpeg?resize=768%2C512&amp;ssl=1 768w, https:\/\/i0.wp.com\/portugalizar.com\/wp-content\/uploads\/2022\/06\/64829B45-CDFE-43D4-91F0-B5D52F104A38.jpeg?resize=18%2C12&amp;ssl=1 18w, https:\/\/i0.wp.com\/portugalizar.com\/wp-content\/uploads\/2022\/06\/64829B45-CDFE-43D4-91F0-B5D52F104A38.jpeg?w=1050&amp;ssl=1 1050w\" sizes=\"(max-width: 950px) 100vw, 950px\" \/><figcaption>En v\u00e4ggm\u00e5lning av Caos, Add Fuel, MAR and Draw vid Lissabons nya universitet som f\u00e4rdigst\u00e4lldes 2014 f\u00f6r att fira 40-\u00e5rsdagen av revolutionen. I fokus st\u00e5r Salgueiro Maia, en kapten i arm\u00e9n som var en av ledarna f\u00f6r nejlikerevolutionen. En stor del av det br\u00e4nsle som drev revolutionen kom fr\u00e5n unga underofficerare och soldater inom de v\u00e4pnade styrkorna som p\u00e5 n\u00e4ra h\u00e5ll fick uppleva det rent absurda i att d\u00f6da och d\u00f6 f\u00f6r att undanh\u00e5lla andra friheten n\u00e4r man sj\u00e4lv inte hade den. Konstn\u00e4rerna vill att du ska veta att denna absurditet fortfarande existerar. Portugals demokrati har inte lyft alla lika mycket och inte heller har den lyft tillr\u00e4ckligt m\u00e5nga m\u00e4nniskor \u00f6verhuvudtaget. Mycket arbete \u00e5terst\u00e5r att g\u00f6ra. \u00c4r vi fast beslutna att forts\u00e4tta det demokratiska arbete som Maia och andra p\u00e5b\u00f6rjade?<\/figcaption><\/figure>\n\n\n\n<p>Men vi m\u00e5ste komma ih\u00e5g att revolutioner inte \u00e4r ett slut, utan snarare en b\u00f6rjan. H\u00e4r b\u00f6rjar ett nytt experiment! Den liberala demokratin uppvisar m\u00e5nga brister i dag, brister som den yttersta h\u00f6gern utnyttjar. F\u00f6retag och en handfull individer har sk\u00f6rdat mycket av de l\u00f6ften som den liberala demokratin har levererat. I dag verkar v\u00e4rlden vara n\u00e4rmare 1973 \u00e4n vad den borde vara. Fortfarande finns det n\u00e5gra f\u00e5 som har och m\u00e5nga som inte har n\u00e5got att f\u00f6rlora. <br><\/p>\n\n\n\n<p>M\u00e4nniskor blir frustrerade och s\u00f6ker f\u00f6r\u00e4ndring. H\u00f6gerextremisterna ger ivrigt l\u00f6gner som lovar f\u00f6r\u00e4ndring. Den liberala demokratins anh\u00e4ngare verkar gl\u00f6mma att revolutionen inte \u00e4r \u00f6ver. Allt \u00e4r inte bra. Det finns mycket mer arbete att g\u00f6ra. <\/p>\n\n\n\n<h2 class=\"wp-block-heading\">Revolutionens p\u00e5g\u00e5ende arbete<\/h2>\n\n\n\n<p>En del av detta arbete kommer n\u00f6dv\u00e4ndigtvis att inriktas p\u00e5 att r\u00e4tta till de misstag som liberala demokratier v\u00e4rlden \u00f6ver har till\u00e5tit i form av okontrollerad kapitalism, konsumtion och globalism. En omf\u00f6rdelning av v\u00e4lst\u00e5ndet m\u00e5ste ske. Det m\u00e5ste finnas m\u00f6jligheter att avancera och lyckas individuellt och kollektivt. Tillg\u00e5ng till grundl\u00e4ggande n\u00f6dv\u00e4ndigheter som bost\u00e4der, h\u00e4lsov\u00e5rd, utbildning, en l\u00f6n som g\u00e5r att leva p\u00e5 och en r\u00e4ttvis pension m\u00e5ste \u00f6ppnas. F\u00f6ljaktligen b\u00f6r produktiviteten inte utesluta andra m\u00e5tt p\u00e5 ekonomisk lycka.<\/p>\n\n\n\n<p>Den liberala demokratin har ingen framtid om den inte kan leva upp till l\u00f6ftet om revolution\u00e4r f\u00f6r\u00e4ndring. H\u00f6gerextremisternas l\u00f6gner kommer att skimra och gnistra allt klarare i den m\u00f6rka frustrationen hos de m\u00e4nniskor som l\u00e4mnas utanf\u00f6r den liberala demokratin. D\u00e4rf\u00f6r m\u00e5ste liberala demokratier t\u00e4nda en ljusare eld av p\u00e5visbara f\u00f6rb\u00e4ttringar i alla medborgares liv. Revolutionen forts\u00e4tter.<\/p>\n\n\n\n<p>At\u00e9 quinta! Vi ses igen p\u00e5 torsdag!<\/p>","protected":false},"excerpt":{"rendered":"<p>Om du undrar om Portugal har n\u00e5got som liknar USA:s sj\u00e4lvst\u00e4ndighetsdag eller Frankrikes Bastille Day? Ja, det har vi! L\u00e4s lite mer om det i detta korta inl\u00e4gg i specialutg\u00e5va. L\u00e4s mer...<\/p>","protected":false},"author":1,"featured_media":1050,"comment_status":"open","ping_status":"open","sticky":false,"template":"","format":"standard","meta":{"nf_dc_page":"","om_disable_all_campaigns":false,"_monsterinsights_skip_tracking":false,"_monsterinsights_sitenote_active":false,"_monsterinsights_sitenote_note":"","_monsterinsights_sitenote_category":0,"_themeisle_gutenberg_block_has_review":false,"_jetpack_memberships_contains_paid_content":false,"footnotes":""},"categories":[9],"tags":[],"class_list":["post-1044","post","type-post","status-publish","format-standard","has-post-thumbnail","hentry","category-history"],"yoast_head":"<!-- This site is optimized with the Yoast SEO plugin v27.4 - https:\/\/yoast.com\/product\/yoast-seo-wordpress\/ -->\n<title>It\u2019s A Great Day for A Swift Goodbye - PORTUGALIZAR<\/title>\n<meta name=\"robots\" content=\"index, follow, max-snippet:-1, max-image-preview:large, max-video-preview:-1\" \/>\n<link rel=\"canonical\" href=\"https:\/\/portugalizar.com\/sv\/its-a-great-day-for-a-short-goodbye\/\" \/>\n<meta property=\"og:locale\" content=\"sv_SE\" \/>\n<meta property=\"og:type\" content=\"article\" \/>\n<meta property=\"og:title\" content=\"It\u2019s A Great Day for A Swift Goodbye - PORTUGALIZAR\" \/>\n<meta property=\"og:description\" content=\"Just in case you were wondering does Portugal have something like the USA\u2019s Independence Day or France\u2019s Bastille Day? Well yes it does! Read some more about it in this short, special edition post. Read more\u2026\" \/>\n<meta property=\"og:url\" content=\"https:\/\/portugalizar.com\/sv\/its-a-great-day-for-a-short-goodbye\/\" \/>\n<meta property=\"og:site_name\" content=\"PORTUGALIZAR\" \/>\n<meta property=\"article:published_time\" content=\"2022-04-25T21:47:02+00:00\" \/>\n<meta property=\"article:modified_time\" content=\"2022-05-02T05:11:49+00:00\" \/>\n<meta property=\"og:image\" content=\"https:\/\/portugalizar.com\/wp-content\/uploads\/2022\/04\/EC19EC92-8D9E-46B4-AE4E-EFA648DEAB14.jpeg\" \/>\n\t<meta property=\"og:image:width\" content=\"2246\" \/>\n\t<meta property=\"og:image:height\" content=\"834\" \/>\n\t<meta property=\"og:image:type\" content=\"image\/jpeg\" \/>\n<meta name=\"author\" content=\"Gui\" \/>\n<meta name=\"twitter:card\" content=\"summary_large_image\" \/>\n<meta name=\"twitter:label1\" content=\"Skriven av\" \/>\n\t<meta name=\"twitter:data1\" content=\"Gui\" \/>\n\t<meta name=\"twitter:label2\" content=\"Ber\u00e4knad l\u00e4stid\" \/>\n\t<meta name=\"twitter:data2\" content=\"6 minuter\" \/>\n<script type=\"application\/ld+json\" class=\"yoast-schema-graph\">{\"@context\":\"https:\\\/\\\/schema.org\",\"@graph\":[{\"@type\":\"Article\",\"@id\":\"https:\\\/\\\/portugalizar.com\\\/its-a-great-day-for-a-short-goodbye\\\/#article\",\"isPartOf\":{\"@id\":\"https:\\\/\\\/portugalizar.com\\\/its-a-great-day-for-a-short-goodbye\\\/\"},\"author\":{\"name\":\"Gui\",\"@id\":\"https:\\\/\\\/portugalizar.com\\\/#\\\/schema\\\/person\\\/1f60af48f39895b897e26d9d92ecf6db\"},\"headline\":\"It\u2019s A Great Day for A Swift Goodbye\",\"datePublished\":\"2022-04-25T21:47:02+00:00\",\"dateModified\":\"2022-05-02T05:11:49+00:00\",\"mainEntityOfPage\":{\"@id\":\"https:\\\/\\\/portugalizar.com\\\/its-a-great-day-for-a-short-goodbye\\\/\"},\"wordCount\":1200,\"commentCount\":4,\"publisher\":{\"@id\":\"https:\\\/\\\/portugalizar.com\\\/#organization\"},\"image\":{\"@id\":\"https:\\\/\\\/portugalizar.com\\\/its-a-great-day-for-a-short-goodbye\\\/#primaryimage\"},\"thumbnailUrl\":\"https:\\\/\\\/i0.wp.com\\\/portugalizar.com\\\/wp-content\\\/uploads\\\/2022\\\/04\\\/EC19EC92-8D9E-46B4-AE4E-EFA648DEAB14.jpeg?fit=2246%2C834&ssl=1\",\"articleSection\":[\"History\"],\"inLanguage\":\"sv-SE\",\"potentialAction\":[{\"@type\":\"CommentAction\",\"name\":\"Comment\",\"target\":[\"https:\\\/\\\/portugalizar.com\\\/its-a-great-day-for-a-short-goodbye\\\/#respond\"]}]},{\"@type\":\"WebPage\",\"@id\":\"https:\\\/\\\/portugalizar.com\\\/its-a-great-day-for-a-short-goodbye\\\/\",\"url\":\"https:\\\/\\\/portugalizar.com\\\/its-a-great-day-for-a-short-goodbye\\\/\",\"name\":\"It\u2019s A Great Day for A Swift Goodbye - PORTUGALIZAR\",\"isPartOf\":{\"@id\":\"https:\\\/\\\/portugalizar.com\\\/#website\"},\"primaryImageOfPage\":{\"@id\":\"https:\\\/\\\/portugalizar.com\\\/its-a-great-day-for-a-short-goodbye\\\/#primaryimage\"},\"image\":{\"@id\":\"https:\\\/\\\/portugalizar.com\\\/its-a-great-day-for-a-short-goodbye\\\/#primaryimage\"},\"thumbnailUrl\":\"https:\\\/\\\/i0.wp.com\\\/portugalizar.com\\\/wp-content\\\/uploads\\\/2022\\\/04\\\/EC19EC92-8D9E-46B4-AE4E-EFA648DEAB14.jpeg?fit=2246%2C834&ssl=1\",\"datePublished\":\"2022-04-25T21:47:02+00:00\",\"dateModified\":\"2022-05-02T05:11:49+00:00\",\"breadcrumb\":{\"@id\":\"https:\\\/\\\/portugalizar.com\\\/its-a-great-day-for-a-short-goodbye\\\/#breadcrumb\"},\"inLanguage\":\"sv-SE\",\"potentialAction\":[{\"@type\":\"ReadAction\",\"target\":[\"https:\\\/\\\/portugalizar.com\\\/its-a-great-day-for-a-short-goodbye\\\/\"]}]},{\"@type\":\"ImageObject\",\"inLanguage\":\"sv-SE\",\"@id\":\"https:\\\/\\\/portugalizar.com\\\/its-a-great-day-for-a-short-goodbye\\\/#primaryimage\",\"url\":\"https:\\\/\\\/i0.wp.com\\\/portugalizar.com\\\/wp-content\\\/uploads\\\/2022\\\/04\\\/EC19EC92-8D9E-46B4-AE4E-EFA648DEAB14.jpeg?fit=2246%2C834&ssl=1\",\"contentUrl\":\"https:\\\/\\\/i0.wp.com\\\/portugalizar.com\\\/wp-content\\\/uploads\\\/2022\\\/04\\\/EC19EC92-8D9E-46B4-AE4E-EFA648DEAB14.jpeg?fit=2246%2C834&ssl=1\",\"width\":2246,\"height\":834},{\"@type\":\"BreadcrumbList\",\"@id\":\"https:\\\/\\\/portugalizar.com\\\/its-a-great-day-for-a-short-goodbye\\\/#breadcrumb\",\"itemListElement\":[{\"@type\":\"ListItem\",\"position\":1,\"name\":\"Home\",\"item\":\"https:\\\/\\\/portugalizar.com\\\/\"},{\"@type\":\"ListItem\",\"position\":2,\"name\":\"It\u2019s A Great Day for A Swift Goodbye\"}]},{\"@type\":\"WebSite\",\"@id\":\"https:\\\/\\\/portugalizar.com\\\/#website\",\"url\":\"https:\\\/\\\/portugalizar.com\\\/\",\"name\":\"PORTUGALIZAR\",\"description\":\"\",\"publisher\":{\"@id\":\"https:\\\/\\\/portugalizar.com\\\/#organization\"},\"potentialAction\":[{\"@type\":\"SearchAction\",\"target\":{\"@type\":\"EntryPoint\",\"urlTemplate\":\"https:\\\/\\\/portugalizar.com\\\/?s={search_term_string}\"},\"query-input\":{\"@type\":\"PropertyValueSpecification\",\"valueRequired\":true,\"valueName\":\"search_term_string\"}}],\"inLanguage\":\"sv-SE\"},{\"@type\":\"Organization\",\"@id\":\"https:\\\/\\\/portugalizar.com\\\/#organization\",\"name\":\"PORTUGALIZAR\",\"url\":\"https:\\\/\\\/portugalizar.com\\\/\",\"logo\":{\"@type\":\"ImageObject\",\"inLanguage\":\"sv-SE\",\"@id\":\"https:\\\/\\\/portugalizar.com\\\/#\\\/schema\\\/logo\\\/image\\\/\",\"url\":\"\",\"contentUrl\":\"\",\"caption\":\"PORTUGALIZAR\"},\"image\":{\"@id\":\"https:\\\/\\\/portugalizar.com\\\/#\\\/schema\\\/logo\\\/image\\\/\"}},{\"@type\":\"Person\",\"@id\":\"https:\\\/\\\/portugalizar.com\\\/#\\\/schema\\\/person\\\/1f60af48f39895b897e26d9d92ecf6db\",\"name\":\"Gui\",\"image\":{\"@type\":\"ImageObject\",\"inLanguage\":\"sv-SE\",\"@id\":\"https:\\\/\\\/secure.gravatar.com\\\/avatar\\\/0bef00a699e73fc60016c16a6f44683b2a027bb1b48a4b3973732af4cc636712?s=96&d=mm&r=g\",\"url\":\"https:\\\/\\\/secure.gravatar.com\\\/avatar\\\/0bef00a699e73fc60016c16a6f44683b2a027bb1b48a4b3973732af4cc636712?s=96&d=mm&r=g\",\"contentUrl\":\"https:\\\/\\\/secure.gravatar.com\\\/avatar\\\/0bef00a699e73fc60016c16a6f44683b2a027bb1b48a4b3973732af4cc636712?s=96&d=mm&r=g\",\"caption\":\"Gui\"},\"url\":\"https:\\\/\\\/portugalizar.com\\\/sv\\\/author\\\/spestheonlyone\\\/\"}]}<\/script>\n<!-- \/ Yoast SEO plugin. -->","yoast_head_json":{"title":"It\u2019s A Great Day for A Swift Goodbye - PORTUGALIZAR","robots":{"index":"index","follow":"follow","max-snippet":"max-snippet:-1","max-image-preview":"max-image-preview:large","max-video-preview":"max-video-preview:-1"},"canonical":"https:\/\/portugalizar.com\/sv\/its-a-great-day-for-a-short-goodbye\/","og_locale":"sv_SE","og_type":"article","og_title":"It\u2019s A Great Day for A Swift Goodbye - PORTUGALIZAR","og_description":"Just in case you were wondering does Portugal have something like the USA\u2019s Independence Day or France\u2019s Bastille Day? Well yes it does! Read some more about it in this short, special edition post. Read more\u2026","og_url":"https:\/\/portugalizar.com\/sv\/its-a-great-day-for-a-short-goodbye\/","og_site_name":"PORTUGALIZAR","article_published_time":"2022-04-25T21:47:02+00:00","article_modified_time":"2022-05-02T05:11:49+00:00","og_image":[{"width":2246,"height":834,"url":"https:\/\/portugalizar.com\/wp-content\/uploads\/2022\/04\/EC19EC92-8D9E-46B4-AE4E-EFA648DEAB14.jpeg","type":"image\/jpeg"}],"author":"Gui","twitter_card":"summary_large_image","twitter_misc":{"Skriven av":"Gui","Ber\u00e4knad l\u00e4stid":"6 minuter"},"schema":{"@context":"https:\/\/schema.org","@graph":[{"@type":"Article","@id":"https:\/\/portugalizar.com\/its-a-great-day-for-a-short-goodbye\/#article","isPartOf":{"@id":"https:\/\/portugalizar.com\/its-a-great-day-for-a-short-goodbye\/"},"author":{"name":"Gui","@id":"https:\/\/portugalizar.com\/#\/schema\/person\/1f60af48f39895b897e26d9d92ecf6db"},"headline":"It\u2019s A Great Day for A Swift Goodbye","datePublished":"2022-04-25T21:47:02+00:00","dateModified":"2022-05-02T05:11:49+00:00","mainEntityOfPage":{"@id":"https:\/\/portugalizar.com\/its-a-great-day-for-a-short-goodbye\/"},"wordCount":1200,"commentCount":4,"publisher":{"@id":"https:\/\/portugalizar.com\/#organization"},"image":{"@id":"https:\/\/portugalizar.com\/its-a-great-day-for-a-short-goodbye\/#primaryimage"},"thumbnailUrl":"https:\/\/i0.wp.com\/portugalizar.com\/wp-content\/uploads\/2022\/04\/EC19EC92-8D9E-46B4-AE4E-EFA648DEAB14.jpeg?fit=2246%2C834&ssl=1","articleSection":["History"],"inLanguage":"sv-SE","potentialAction":[{"@type":"CommentAction","name":"Comment","target":["https:\/\/portugalizar.com\/its-a-great-day-for-a-short-goodbye\/#respond"]}]},{"@type":"WebPage","@id":"https:\/\/portugalizar.com\/its-a-great-day-for-a-short-goodbye\/","url":"https:\/\/portugalizar.com\/its-a-great-day-for-a-short-goodbye\/","name":"It\u2019s A Great Day for A Swift Goodbye - PORTUGALIZAR","isPartOf":{"@id":"https:\/\/portugalizar.com\/#website"},"primaryImageOfPage":{"@id":"https:\/\/portugalizar.com\/its-a-great-day-for-a-short-goodbye\/#primaryimage"},"image":{"@id":"https:\/\/portugalizar.com\/its-a-great-day-for-a-short-goodbye\/#primaryimage"},"thumbnailUrl":"https:\/\/i0.wp.com\/portugalizar.com\/wp-content\/uploads\/2022\/04\/EC19EC92-8D9E-46B4-AE4E-EFA648DEAB14.jpeg?fit=2246%2C834&ssl=1","datePublished":"2022-04-25T21:47:02+00:00","dateModified":"2022-05-02T05:11:49+00:00","breadcrumb":{"@id":"https:\/\/portugalizar.com\/its-a-great-day-for-a-short-goodbye\/#breadcrumb"},"inLanguage":"sv-SE","potentialAction":[{"@type":"ReadAction","target":["https:\/\/portugalizar.com\/its-a-great-day-for-a-short-goodbye\/"]}]},{"@type":"ImageObject","inLanguage":"sv-SE","@id":"https:\/\/portugalizar.com\/its-a-great-day-for-a-short-goodbye\/#primaryimage","url":"https:\/\/i0.wp.com\/portugalizar.com\/wp-content\/uploads\/2022\/04\/EC19EC92-8D9E-46B4-AE4E-EFA648DEAB14.jpeg?fit=2246%2C834&ssl=1","contentUrl":"https:\/\/i0.wp.com\/portugalizar.com\/wp-content\/uploads\/2022\/04\/EC19EC92-8D9E-46B4-AE4E-EFA648DEAB14.jpeg?fit=2246%2C834&ssl=1","width":2246,"height":834},{"@type":"BreadcrumbList","@id":"https:\/\/portugalizar.com\/its-a-great-day-for-a-short-goodbye\/#breadcrumb","itemListElement":[{"@type":"ListItem","position":1,"name":"Home","item":"https:\/\/portugalizar.com\/"},{"@type":"ListItem","position":2,"name":"It\u2019s A Great Day for A Swift Goodbye"}]},{"@type":"WebSite","@id":"https:\/\/portugalizar.com\/#website","url":"https:\/\/portugalizar.com\/","name":"PORTUGALIZAR","description":"","publisher":{"@id":"https:\/\/portugalizar.com\/#organization"},"potentialAction":[{"@type":"SearchAction","target":{"@type":"EntryPoint","urlTemplate":"https:\/\/portugalizar.com\/?s={search_term_string}"},"query-input":{"@type":"PropertyValueSpecification","valueRequired":true,"valueName":"search_term_string"}}],"inLanguage":"sv-SE"},{"@type":"Organization","@id":"https:\/\/portugalizar.com\/#organization","name":"PORTUGALIZAR","url":"https:\/\/portugalizar.com\/","logo":{"@type":"ImageObject","inLanguage":"sv-SE","@id":"https:\/\/portugalizar.com\/#\/schema\/logo\/image\/","url":"","contentUrl":"","caption":"PORTUGALIZAR"},"image":{"@id":"https:\/\/portugalizar.com\/#\/schema\/logo\/image\/"}},{"@type":"Person","@id":"https:\/\/portugalizar.com\/#\/schema\/person\/1f60af48f39895b897e26d9d92ecf6db","name":"Gui","image":{"@type":"ImageObject","inLanguage":"sv-SE","@id":"https:\/\/secure.gravatar.com\/avatar\/0bef00a699e73fc60016c16a6f44683b2a027bb1b48a4b3973732af4cc636712?s=96&d=mm&r=g","url":"https:\/\/secure.gravatar.com\/avatar\/0bef00a699e73fc60016c16a6f44683b2a027bb1b48a4b3973732af4cc636712?s=96&d=mm&r=g","contentUrl":"https:\/\/secure.gravatar.com\/avatar\/0bef00a699e73fc60016c16a6f44683b2a027bb1b48a4b3973732af4cc636712?s=96&d=mm&r=g","caption":"Gui"},"url":"https:\/\/portugalizar.com\/sv\/author\/spestheonlyone\/"}]}},"jetpack_featured_media_url":"https:\/\/i0.wp.com\/portugalizar.com\/wp-content\/uploads\/2022\/04\/EC19EC92-8D9E-46B4-AE4E-EFA648DEAB14.jpeg?fit=2246%2C834&ssl=1","jetpack-related-posts":[],"jetpack_sharing_enabled":true,"_links":{"self":[{"href":"https:\/\/portugalizar.com\/sv\/wp-json\/wp\/v2\/posts\/1044","targetHints":{"allow":["GET"]}}],"collection":[{"href":"https:\/\/portugalizar.com\/sv\/wp-json\/wp\/v2\/posts"}],"about":[{"href":"https:\/\/portugalizar.com\/sv\/wp-json\/wp\/v2\/types\/post"}],"author":[{"embeddable":true,"href":"https:\/\/portugalizar.com\/sv\/wp-json\/wp\/v2\/users\/1"}],"replies":[{"embeddable":true,"href":"https:\/\/portugalizar.com\/sv\/wp-json\/wp\/v2\/comments?post=1044"}],"version-history":[{"count":5,"href":"https:\/\/portugalizar.com\/sv\/wp-json\/wp\/v2\/posts\/1044\/revisions"}],"predecessor-version":[{"id":1183,"href":"https:\/\/portugalizar.com\/sv\/wp-json\/wp\/v2\/posts\/1044\/revisions\/1183"}],"wp:featuredmedia":[{"embeddable":true,"href":"https:\/\/portugalizar.com\/sv\/wp-json\/wp\/v2\/media\/1050"}],"wp:attachment":[{"href":"https:\/\/portugalizar.com\/sv\/wp-json\/wp\/v2\/media?parent=1044"}],"wp:term":[{"taxonomy":"category","embeddable":true,"href":"https:\/\/portugalizar.com\/sv\/wp-json\/wp\/v2\/categories?post=1044"},{"taxonomy":"post_tag","embeddable":true,"href":"https:\/\/portugalizar.com\/sv\/wp-json\/wp\/v2\/tags?post=1044"}],"curies":[{"name":"wp","href":"https:\/\/api.w.org\/{rel}","templated":true}]}}