{"id":685,"date":"2022-03-30T21:26:30","date_gmt":"2022-03-30T21:26:30","guid":{"rendered":"https:\/\/portugalizar.com\/?p=685"},"modified":"2022-07-25T05:57:45","modified_gmt":"2022-07-25T05:57:45","slug":"a-new-lanuage","status":"publish","type":"post","link":"https:\/\/portugalizar.com\/pt\/a-new-lanuage\/","title":{"rendered":"Um novo idioma"},"content":{"rendered":"<p><em>Bom dia e bem-vindo<\/em>!<\/p>\n\n\n\n<p>Infelizmente, este primeiro blogue n\u00e3o \u00e9 o que vos prometi na p\u00e1gina inicial. N\u00e3o se trata directamente de Portugal, do seu povo, da sua l\u00edngua, da sua cultura e costumes, da sua hist\u00f3ria nem dos seus lugares. Sinto-me muito mal em rela\u00e7\u00e3o a isto. Espero que n\u00e3o se sintam enganados nem enganados.<\/p>\n\n\n\n<p>No entanto, embora este primeiro blog n\u00e3o seja o que jurei entregar, \u00e9 sobre o nosso tempo inicial em Portugal durante a pandemia e como as nossas experi\u00eancias aqui come\u00e7aram a mudar-nos. \u00c9 tamb\u00e9m sobre como esta reformula\u00e7\u00e3o de n\u00f3s pr\u00f3prios est\u00e1 a transformar as nossas perspectivas sobre praticamente tudo, incluindo Portugal. Enquanto eu tenho falado por \"n\u00f3s\", por mim e pelo Z\u00e9, e estamos ambos a ser reformulados, a partir daqui, no entanto, ser\u00e1 a minha pr\u00f3pria voz que voc\u00eas v\u00e3o ouvir.<\/p>\n\n\n\n<h3 class=\"wp-block-heading\">Dois Anos Longos<\/h3>\n\n\n\n<p>A pandemia tem sido dolorosa e perturbadora, para dizer o m\u00ednimo. Ela esmagou e refez minha vis\u00e3o sobre mim mesmo, sobre os outros e sobre o mundo, como talvez tenha sido tamb\u00e9m para voc\u00ea. A minha perspectiva agora parece que est\u00e1 deformada(?) ou melhorada(?) atrav\u00e9s de algum tipo de caleidosc\u00f3pio abalado. \u00c9 desorientador.<\/p>\n\n\n\n<p>Coisas, pessoas e experi\u00eancias parecem ter mais cor, mais complexidade, mais textura, mas ser\u00e1 real? Compreender e depois explicar\/compartilhar estas diferen\u00e7as \"ent\u00e3o e agora\" tem desafiado o meu vocabul\u00e1rio. Estou sem palavras para descrever minha experi\u00eancia; de alguma forma, elas - as palavras - parecem ser clones t\u00eanues de encontros e sentimentos.<\/p>\n\n\n\n<figure class=\"wp-block-image size-large\"><img data-recalc-dims=\"1\" fetchpriority=\"high\" decoding=\"async\" width=\"950\" height=\"752\" src=\"https:\/\/i0.wp.com\/portugalizar.com\/wp-content\/uploads\/2022\/03\/Face-to-Face.jpg?resize=950%2C752&#038;ssl=1\" alt=\"\" class=\"wp-image-686\" srcset=\"https:\/\/i0.wp.com\/portugalizar.com\/wp-content\/uploads\/2022\/03\/Face-to-Face-scaled.jpg?resize=1024%2C811&amp;ssl=1 1024w, https:\/\/i0.wp.com\/portugalizar.com\/wp-content\/uploads\/2022\/03\/Face-to-Face-scaled.jpg?resize=300%2C238&amp;ssl=1 300w, https:\/\/i0.wp.com\/portugalizar.com\/wp-content\/uploads\/2022\/03\/Face-to-Face-scaled.jpg?resize=768%2C608&amp;ssl=1 768w, https:\/\/i0.wp.com\/portugalizar.com\/wp-content\/uploads\/2022\/03\/Face-to-Face-scaled.jpg?resize=1536%2C1216&amp;ssl=1 1536w, https:\/\/i0.wp.com\/portugalizar.com\/wp-content\/uploads\/2022\/03\/Face-to-Face-scaled.jpg?w=1900&amp;ssl=1 1900w\" sizes=\"(max-width: 950px) 100vw, 950px\" \/><figcaption>\u201c<em>Face-a-Face<\/em>\u201c, 2022<\/figcaption><\/figure>\n\n\n\n<p>Encontrei um pouco de equil\u00edbrio e de equil\u00edbrio na cria\u00e7\u00e3o da arte - tanto atrav\u00e9s da fotografia como da pintura. Acho que foi Jackson Pollack, um dos meus pintores americanos favoritos do s\u00e9culo XX, que disse: \"a arte \u00e9 uma forma de se enfrentar a si mesmo\". A arte, para mim, tornou-se o acto de aprender uma nova linguagem para me reintroduzir a mim pr\u00f3prio e ao mundo.<\/p>\n\n\n\n<h3 class=\"wp-block-heading\">Vindo Cara a Cara com Mim Mesmo<\/h3>\n\n\n\n<p>Eu sou, por natureza, profundamente introspectivo e introvertido. Os bloqueios pand\u00e9micos e o isolamento, portanto, t\u00eam sido tanto uma b\u00ean\u00e7\u00e3o como uma maldi\u00e7\u00e3o. O mundo pr\u00e9-pand\u00eamico n\u00e3o deu muito atrativo a pessoas como eu, ent\u00e3o uma b\u00ean\u00e7\u00e3o; mas novamente pessoas como eu precisam de auto-corre\u00e7\u00e3o no espelho dos outros, ent\u00e3o uma maldi\u00e7\u00e3o.<\/p>\n\n\n\n<p>Mais uma vez, a arte ajudou. O ato de introvers\u00e3o - fazer a arte - \u00e9 equilibrado no ato de extrovers\u00e3o - compartilhar a arte como um convite \u00e0 conversa, \u00e0 cr\u00edtica e \u00e0 compreens\u00e3o m\u00fatua. Para mim, fazer a arte tem proporcionado equil\u00edbrio durante um per\u00edodo de convuls\u00f5es.<\/p>\n\n\n\n<p>A arte surge, pelo menos na minha experi\u00eancia, das minhas pr\u00f3prias rumina\u00e7\u00f5es profundamente introvertidas sobre o que eu vejo e experimento. Cada pe\u00e7a emerge como minha \u00fanica e, tenho que admitir, minha por vezes estranha tomada de consci\u00eancia da realidade. Eu posso brilhar uma luz em um canto, mas a luz pode perder o resto da sala. Ent\u00e3o, novamente, esse canto pode ter sido negligenciado por algum tempo.<\/p>\n\n\n\n<h3 class=\"wp-block-heading\">Abertura dos Olhos<\/h3>\n\n\n\n<p>O acto de partilhar estas obras de arte tem sido igualmente revelador. Tem afirmado, sim, e por isso tenho ansiado e estou grato. Mais importante, tem sido um processo semelhante ao de facetar uma gema de um peda\u00e7o de pedra bruta. A partilha rendeu algum apoio, dar e receber, e at\u00e9 mesmo um pouco de rudeza. Cada troca, embora n\u00e3o necessariamente melhorando minhas habilidades art\u00edsticas, tem agu\u00e7ado minhas id\u00e9ias e minhas perspectivas, bem como ampliado minha vis\u00e3o e minha compreens\u00e3o. Por esta faceta, estou igualmente grato.<\/p>\n\n\n\n<p>Em muitos dos meus blogs, incluindo este, voc\u00ea ver\u00e1 as minhas obras, \u00e0s vezes fotografias, mas muitas vezes uma ou mais pinturas. Estas imagens fazem parte do meu novo caleidosc\u00f3pio, ou seja, a nova linguagem atrav\u00e9s da qual posso partilhar a minha, nossa, experi\u00eancia de viver em Portugal. O velho ad\u00e1gio traz a verdade, \"uma imagem pode poupar-lhe mil palavras\".<\/p>\n\n\n\n<p>Al\u00e9m disso, se, como diz Pollack, a arte \u00e9 uma conversa comigo mesmo, ent\u00e3o \u00e9 tamb\u00e9m uma conversa cara a cara com os outros e com o mundo ao meu redor. A arte \u00e9 uma forma de me explicar, de partilhar comigo mesmo, com os outros. \u00c9 a minha lente para o mundo, assim como um novo vocabul\u00e1rio que me permite comunicar mais plenamente, tanto falar como ouvir, com o mundo. Deixe-me explicar.<\/p>\n\n\n\n<h3 class=\"wp-block-heading\"><strong>Salvando o Mundo<\/strong><\/h3>\n\n\n\n<p>Todas as manh\u00e3s, quando Z\u00e9 se levanta pela primeira vez, joga cerca de dez jogos de solit\u00e1rio na sua t\u00e1bua enquanto ainda est\u00e1 na cama. Isto \u00e9 antes de ele fazer mais alguma coisa. Quando o ou\u00e7o falar, trago-lhe a sua primeira ch\u00e1vena de caf\u00e9 e um peda\u00e7o de chocolate preto para acompanhar.<\/p>\n\n\n\n<p>Enquanto ele bebe e saboreia, eu sento-me ao lado da cama. Conversamos um pouco sobre os sonhos que poder\u00edamos ter tido ontem \u00e0 noite, assim como sobre os contornos do nosso pr\u00f3ximo dia. Inevitavelmente ele diz: \"Eu tenho que voltar a salvar o mundo\". Ele quer dizer que tem de completar as suas rondas di\u00e1rias de solitaire.<\/p>\n\n\n\n<p>Para Z\u00e9 isto \u00e9 apenas uma verdade simples e simples. Solit\u00e1rio acalma a sua mente e afasta pensamentos indesejados e desnecess\u00e1rios. Ele cria o seu lugar seguro. O seu jogo solit\u00e1rio \u00e9 um acto construtivo e afirmativo. Pronto, ele ent\u00e3o enfrenta o mundo.<\/p>\n\n\n\n<p>Quando eu tinha decidido fazer um retrato de Z\u00e9 era para captar a minha compreens\u00e3o da pessoa que ele \u00e9. Voltei a S\u00e3o Francisco de Caravaggio em Medita\u00e7\u00e3o. Eu tinha visto este quadro em algum museu de uma pequena cidade perto de Mil\u00e3o. S\u00e3o Francisco olha atentamente para baixo. Ele segura em suas m\u00e3os um cr\u00e2nio branco-alabastro que refracta a luz de volta em seu pr\u00f3prio rosto, iluminando-o. Compreende-se imediatamente que S\u00e3o Francisco \u00e9 apanhado a ponderar os mist\u00e9rios da fragilidade humana e da temporalidade, dele e de todos os outros.<\/p>\n\n\n\n<figure class=\"wp-block-image size-large\"><img data-recalc-dims=\"1\" decoding=\"async\" width=\"950\" height=\"950\" src=\"https:\/\/i0.wp.com\/portugalizar.com\/wp-content\/uploads\/2022\/02\/After-Caravaggios-Saint-Francis-in-Meditation-Joseph-at-Solitaire-copy.png?resize=950%2C950&#038;ssl=1\" alt=\"\" class=\"wp-image-587\" srcset=\"https:\/\/i0.wp.com\/portugalizar.com\/wp-content\/uploads\/2022\/02\/After-Caravaggios-Saint-Francis-in-Meditation-Joseph-at-Solitaire-copy.png?resize=1024%2C1024&amp;ssl=1 1024w, https:\/\/i0.wp.com\/portugalizar.com\/wp-content\/uploads\/2022\/02\/After-Caravaggios-Saint-Francis-in-Meditation-Joseph-at-Solitaire-copy.png?resize=300%2C300&amp;ssl=1 300w, https:\/\/i0.wp.com\/portugalizar.com\/wp-content\/uploads\/2022\/02\/After-Caravaggios-Saint-Francis-in-Meditation-Joseph-at-Solitaire-copy.png?resize=150%2C150&amp;ssl=1 150w, https:\/\/i0.wp.com\/portugalizar.com\/wp-content\/uploads\/2022\/02\/After-Caravaggios-Saint-Francis-in-Meditation-Joseph-at-Solitaire-copy.png?resize=768%2C768&amp;ssl=1 768w, https:\/\/i0.wp.com\/portugalizar.com\/wp-content\/uploads\/2022\/02\/After-Caravaggios-Saint-Francis-in-Meditation-Joseph-at-Solitaire-copy.png?resize=1536%2C1536&amp;ssl=1 1536w, https:\/\/i0.wp.com\/portugalizar.com\/wp-content\/uploads\/2022\/02\/After-Caravaggios-Saint-Francis-in-Meditation-Joseph-at-Solitaire-copy.png?w=1542&amp;ssl=1 1542w\" sizes=\"(max-width: 950px) 100vw, 950px\" \/><figcaption>\u201c<em>Depois de S\u00e3o Francisco em Medita\u00e7\u00e3o de Caravaggio - Jos\u00e9 no Solitaire<\/em>\u201c, 2021<\/figcaption><\/figure>\n\n\n\n<p>A imagem que tinha na minha mente para o retrato de Z\u00e9 estava numa sala escura onde a luz da sua t\u00e1bua lhe banhava vagamente o rosto. Ele senta-se, est\u00e1 concentrado e est\u00e1 a salvar o mundo.<\/p>\n\n\n\n<h3 class=\"wp-block-heading\">Arte, Um Acto de Auto-Descoberta<\/h3>\n\n\n\n<p>Pintar o Z\u00e9 desta maneira revelou-me um pouco da sua alma. Talvez, na verdade, seja mais correto dizer que o ato de pintar abriu minha alma para ele. Compreendi, para apreciar, que as suas rondas matinais de solit\u00e1rio foram uma media\u00e7\u00e3o, um esvaziamento para ter espa\u00e7o para o que o dia seguinte pudesse oferecer, seja ele bom, mau ou indiferente.<\/p>\n\n\n\n<p>Isto seria simples e simples se a vida de Z\u00e9 depois de se levantar da cama e se mover atrav\u00e9s de suas ablu\u00e7\u00f5es matinais n\u00e3o refletisse isso. Reflete, sim. Z\u00e9 \u00e9 uma pessoa de grande sensibilidade e bondade e, igualmente, de for\u00e7a e tenacidade.<\/p>\n\n\n\n<p>Ele captura gentilmente aranhas, moscas e formigas, e se dirige a elas com enorme respeito m\u00fatuo ao repatri\u00e1-las para o exterior. Os seus bolsos est\u00e3o cheios de amendoins e enquanto caminha, eles caem para as aves e os esquilos. N\u00f3s somos vegetarianos e abandonamos o pl\u00e1stico para o nosso bem e para o bem do planeta por causa da sua lideran\u00e7a. Todos os dias ele caminha a milha para levar os res\u00edduos org\u00e2nicos do nosso dia anterior para o caixote do lixo da compostagem comunit\u00e1ria.<\/p>\n\n\n\n<h3 class=\"wp-block-heading\">Salvando Voc\u00ea Mesmo<\/h3>\n\n\n\n<p>Foi apenas por ter pintado Z\u00e9 que apreciei mais plenamente tanto a sua vulnerabilidade como a for\u00e7a dessa vulnerabilidade. Ao v\u00ea-lo na luz fraca reflectida da sua t\u00e1bua, compreendi a pot\u00eancia dos pequenos actos. Compreendo agora, tamb\u00e9m, que salvar o mundo \u00e9, em \u00faltima an\u00e1lise, o acto de se salvar a si pr\u00f3prio. Eu recupero meu poder e ajo sobre esse poder para fazer o que posso fazer, em vez de me enfurecer com o que n\u00e3o posso fazer.<\/p>\n\n\n\n<p>Jane Goodall, a grande primatologista, disse: \"S\u00f3 posso fazer o que posso e n\u00e3o posso fazer mais\". Fazer as pequenas coisas que podemos fazer, como ela fez e Z\u00e9 faz todos os dias, faz toda a diferen\u00e7a no mundo. Salva o mundo. Salva-me \u00e0 medida que entendo melhor as minhas limita\u00e7\u00f5es e o meu poder.<\/p>\n\n\n\n<h3 class=\"wp-block-heading\"><strong>Fora da Caixa<\/strong><\/h3>\n\n\n\n<p>Quando comecei a pintar, queria fazer algo fant\u00e1stico, logo a partir da caixa. Eu queria testar minha habilidade e meus talentos contra os grandes mestres dos s\u00e9culos 16 e 17. Eu queria criar a minha pr\u00f3pria obra-prima holandesa.<\/p>\n\n\n\n<p>Por mais ris\u00edvel que isso seja, e \u00e9 ridiculamente tolo, eu sei como aprendo. \u00c9 a dificuldade e o desafio de uma tarefa e o meu impulso para a perfei\u00e7\u00e3o que, juntos, me animam. N\u00e3o digo que estas s\u00e3o boas qualidades, mas simplesmente parte da minha abordagem da vida, bem como da aprendizagem.<\/p>\n\n\n\n<p>Eu tinha visto uma fotografia de um ramo de flores em um artigo do New York Times sobre grandes floristas. Isso inspirou-me. Seria a pe\u00e7a central da minha natureza morta de inspira\u00e7\u00e3o holandesa. H\u00e1 um par de copos antigos que eu possuo. Tamb\u00e9m havia um vaso que eu tinha visto e fotografado em uma visita ao Rijksmuseum alguns anos antes; o mesmo com um belo banco de madeira no Alcazar de alguns meses antes. Estes iriam completar a composi\u00e7\u00e3o juntamente com alguns dos nossos livros como modelos para tomos antigos.<\/p>\n\n\n\n<figure class=\"wp-block-image size-large\"><img data-recalc-dims=\"1\" decoding=\"async\" width=\"950\" height=\"789\" src=\"https:\/\/i0.wp.com\/portugalizar.com\/wp-content\/uploads\/2022\/02\/My-Dutch-Master-copy.jpg?resize=950%2C789&#038;ssl=1\" alt=\"\" class=\"wp-image-589\" srcset=\"https:\/\/i0.wp.com\/portugalizar.com\/wp-content\/uploads\/2022\/02\/My-Dutch-Master-copy.jpg?resize=1024%2C850&amp;ssl=1 1024w, https:\/\/i0.wp.com\/portugalizar.com\/wp-content\/uploads\/2022\/02\/My-Dutch-Master-copy.jpg?resize=300%2C249&amp;ssl=1 300w, https:\/\/i0.wp.com\/portugalizar.com\/wp-content\/uploads\/2022\/02\/My-Dutch-Master-copy.jpg?resize=768%2C637&amp;ssl=1 768w, https:\/\/i0.wp.com\/portugalizar.com\/wp-content\/uploads\/2022\/02\/My-Dutch-Master-copy.jpg?resize=1536%2C1275&amp;ssl=1 1536w, https:\/\/i0.wp.com\/portugalizar.com\/wp-content\/uploads\/2022\/02\/My-Dutch-Master-copy.jpg?w=1723&amp;ssl=1 1723w\" sizes=\"(max-width: 950px) 100vw, 950px\" \/><figcaption>\u201c<em>Meu mestre holand\u00eas<\/em>\u201d 2020<\/figcaption><\/figure>\n\n\n\n<h3 class=\"wp-block-heading\">Aprender um novo idioma<\/h3>\n\n\n\n<p>Bruegel n\u00e3o tem nada com que se preocupar da minha parte. H\u00e1 tanta coisa \"desligada\" neste quadro que mal sei por onde come\u00e7ar a minha pr\u00f3pria cr\u00edtica. Devo come\u00e7ar com as malditas sombras que fazem o vaso aparecer para listar o que resta? Ou as sombras lan\u00e7adas pelo livro \u00e0 direita que eu simplesmente n\u00e3o consegui obter ap\u00f3s horas e horas de tentativas?<\/p>\n\n\n\n<p>Eu estava certo, no entanto, sobre o meu estilo de aprendizagem. O processo me fascinou o suficiente para que eu trabalhasse de nove a dez horas por dia. Ao falar sobre isso eu acrescentei, apaguei, rearranjei, tentei isso e aquilo para criar perspectiva, aprendi a import\u00e2ncia da sombra, e fiquei totalmente frustrado com a import\u00e2ncia da sombra.<\/p>\n\n\n\n<p>Aprendi atrav\u00e9s da confus\u00e3o e da frustra\u00e7\u00e3o que a pintura me ajudou a criar um tipo diferente de narrativa, uma narrativa numa linguagem diferente da escrita. Descobri, de uma maneira que n\u00e3o tinha percebido antes, que a arte visual contava uma hist\u00f3ria que n\u00e3o se traduzia bem em palavras; as pinturas e fotografias me proporcionavam um vocabul\u00e1rio novo e complementar. Pensei, Dr. Seuss e todos aqueles vencedores de Caldecott e Newbery estavam certos o tempo todo! Claro que tinham.<\/p>\n\n\n\n<p>Mais importante ainda, aprendi muito mais sobre mim atrav\u00e9s do processo, que nada tem a ver com a qualidade da minha arte. Aprendi que queria partilhar o que estava a ver e o que estava a experimentar em Portugal, o que se tornou o prop\u00f3sito da Portugalizar. Aprendi tamb\u00e9m que me faltavam as palavras para traduzir e partilhar estas experi\u00eancias com os outros; eu estava a trope\u00e7ar. No final, tive de decidir o que \u00e9 mais importante, forma ou subst\u00e2ncia, ou seja, partilhar uma imagem perfeita ou partilhar a minha hist\u00f3ria?<\/p>\n\n\n\n<h3 class=\"wp-block-heading\">Just Okay Is Good Enough<\/h3>\n\n\n\n<p>As fotografias e as pinturas que vou partilhar convosco ao longo destes blogs podem n\u00e3o ser assim t\u00e3o boas. Embora eu seja um artista entusiasta, eu sou autodidata e ainda estou aprendendo e descobrindo muito. O que voc\u00eas ver\u00e3o est\u00e1 longe de ser perfeito: as perspectivas est\u00e3o fora de moda, as sombras est\u00e3o por todo o lado, as caracter\u00edsticas est\u00e3o distorcidas mas n\u00e3o intencionalmente (n\u00e3o sou Picasso!). Estou, no entanto, a divertir-me imenso a aprender novos truques, especialmente como um \"c\u00e3o velho\".<\/p>\n\n\n\n<p>A minha arte n\u00e3o \u00e9 perfeita e n\u00e3o precisa de ser. O ato de pintar o Z\u00e9 me ajudou a v\u00ea-lo mais claramente e a compreend\u00ea-lo um pouco mais plenamente; assim como pude ver-me no seu espelho. Quando terminei a minha obra-prima holandesa, eu tinha um vocabul\u00e1rio novo com o qual podia me comunicar com os outros e entender melhor o que os outros refletiam para mim.<\/p>\n\n\n\n<p>O acto de fazer arte ajuda-me a partilhar a nossa hist\u00f3ria caleidosc\u00f3pica em Portugal um pouco mais completamente contigo. Al\u00e9m disso, espero que a realiza\u00e7\u00e3o destes quadros me esteja a ensinar a ser um ouvinte mais atento; penso que sim.<\/p>\n\n\n\n<p>No entanto, espero que gostem das fotografias tanto quanto eu gostei de as tirar e\/ou de as fazer. Talvez voc\u00ea as ache aditivas para os blogs. Espero que n\u00e3o se distraiam do que estou a tentar partilhar convosco sobre Portugal. Avisem-me na sec\u00e7\u00e3o de coment\u00e1rios \u00e0 medida que formos avan\u00e7ando.<\/p>\n\n\n\n<p>Na pr\u00f3xima semana, prometo, o blog vai ser sobre algum aspecto mais directo da vida em Portugal. <em>At\u00e9 breve!<\/em><\/p>","protected":false},"excerpt":{"rendered":"<p>Viver em Portugal deu-me a oportunidade de descobrir que tenho outro sonho h\u00e1 muito perdido: Sempre quis fazer arte. Por isso, tamb\u00e9m cedi a este sonho. A arte tornou-se outra lente atrav\u00e9s da qual compreendo este lugar incr\u00edvel. \u00c9 tamb\u00e9m a lente de Portugal na minha alma. Lugar e pessoa tornam-se entrela\u00e7ados, que \u00e9 a ess\u00eancia de Portugalizar. Ver\u00e1 muita da minha arte a avan\u00e7ar. Queria avisar-vos antes do tempo. Leia mais...<\/p>","protected":false},"author":1,"featured_media":659,"comment_status":"open","ping_status":"open","sticky":false,"template":"","format":"standard","meta":{"nf_dc_page":"","om_disable_all_campaigns":false,"_monsterinsights_skip_tracking":false,"_monsterinsights_sitenote_active":false,"_monsterinsights_sitenote_note":"","_monsterinsights_sitenote_category":0,"_themeisle_gutenberg_block_has_review":false,"_jetpack_memberships_contains_paid_content":false,"footnotes":""},"categories":[14,6],"tags":[],"class_list":["post-685","post","type-post","status-publish","format-standard","has-post-thumbnail","hentry","category-musings","category-people"],"yoast_head":"<!-- This site is optimized with the Yoast SEO plugin v27.4 - https:\/\/yoast.com\/product\/yoast-seo-wordpress\/ -->\n<title>A New Language - PORTUGALIZAR<\/title>\n<meta name=\"robots\" content=\"index, follow, max-snippet:-1, max-image-preview:large, max-video-preview:-1\" \/>\n<link rel=\"canonical\" href=\"https:\/\/portugalizar.com\/pt\/a-new-lanuage\/\" \/>\n<meta property=\"og:locale\" content=\"pt_PT\" \/>\n<meta property=\"og:type\" content=\"article\" \/>\n<meta property=\"og:title\" content=\"A New Language - PORTUGALIZAR\" \/>\n<meta property=\"og:description\" content=\"Living in Portugal has given me the opportunity to discover that I have another long lost dream: I have always wanted to make art. So I have given in to this dream too. Art has become another lens through which I understand this incredible place. It is also Portugal\u2019s lens into my soul. Place and person become entwined, which is the essence of Portugalizar. You will see a lot of my art going forward. I wanted to warn you ahead of time. Read more\u2026\" \/>\n<meta property=\"og:url\" content=\"https:\/\/portugalizar.com\/pt\/a-new-lanuage\/\" \/>\n<meta property=\"og:site_name\" content=\"PORTUGALIZAR\" \/>\n<meta property=\"article:published_time\" content=\"2022-03-30T21:26:30+00:00\" \/>\n<meta property=\"article:modified_time\" content=\"2022-07-25T05:57:45+00:00\" \/>\n<meta property=\"og:image\" content=\"https:\/\/portugalizar.com\/wp-content\/uploads\/2022\/02\/Face-to-Face-scaled-e1648280104261.jpg\" \/>\n\t<meta property=\"og:image:width\" content=\"2560\" \/>\n\t<meta property=\"og:image:height\" content=\"1043\" \/>\n\t<meta property=\"og:image:type\" content=\"image\/jpeg\" \/>\n<meta name=\"author\" content=\"Gui\" \/>\n<meta name=\"twitter:card\" content=\"summary_large_image\" \/>\n<meta name=\"twitter:label1\" content=\"Escrito por\" \/>\n\t<meta name=\"twitter:data1\" content=\"Gui\" \/>\n\t<meta name=\"twitter:label2\" content=\"Tempo estimado de leitura\" \/>\n\t<meta name=\"twitter:data2\" content=\"10 minutos\" \/>\n<script type=\"application\/ld+json\" class=\"yoast-schema-graph\">{\"@context\":\"https:\\\/\\\/schema.org\",\"@graph\":[{\"@type\":\"Article\",\"@id\":\"https:\\\/\\\/portugalizar.com\\\/a-new-lanuage\\\/#article\",\"isPartOf\":{\"@id\":\"https:\\\/\\\/portugalizar.com\\\/a-new-lanuage\\\/\"},\"author\":{\"name\":\"Gui\",\"@id\":\"https:\\\/\\\/portugalizar.com\\\/#\\\/schema\\\/person\\\/1f60af48f39895b897e26d9d92ecf6db\"},\"headline\":\"A New Language\",\"datePublished\":\"2022-03-30T21:26:30+00:00\",\"dateModified\":\"2022-07-25T05:57:45+00:00\",\"mainEntityOfPage\":{\"@id\":\"https:\\\/\\\/portugalizar.com\\\/a-new-lanuage\\\/\"},\"wordCount\":2094,\"commentCount\":28,\"publisher\":{\"@id\":\"https:\\\/\\\/portugalizar.com\\\/#organization\"},\"image\":{\"@id\":\"https:\\\/\\\/portugalizar.com\\\/a-new-lanuage\\\/#primaryimage\"},\"thumbnailUrl\":\"https:\\\/\\\/i0.wp.com\\\/portugalizar.com\\\/wp-content\\\/uploads\\\/2022\\\/02\\\/Face-to-Face-scaled-e1648280104261.jpg?fit=2560%2C1043&ssl=1\",\"articleSection\":[\"Musings\",\"People\"],\"inLanguage\":\"pt-PT\",\"potentialAction\":[{\"@type\":\"CommentAction\",\"name\":\"Comment\",\"target\":[\"https:\\\/\\\/portugalizar.com\\\/a-new-lanuage\\\/#respond\"]}]},{\"@type\":\"WebPage\",\"@id\":\"https:\\\/\\\/portugalizar.com\\\/a-new-lanuage\\\/\",\"url\":\"https:\\\/\\\/portugalizar.com\\\/a-new-lanuage\\\/\",\"name\":\"A New Language - PORTUGALIZAR\",\"isPartOf\":{\"@id\":\"https:\\\/\\\/portugalizar.com\\\/#website\"},\"primaryImageOfPage\":{\"@id\":\"https:\\\/\\\/portugalizar.com\\\/a-new-lanuage\\\/#primaryimage\"},\"image\":{\"@id\":\"https:\\\/\\\/portugalizar.com\\\/a-new-lanuage\\\/#primaryimage\"},\"thumbnailUrl\":\"https:\\\/\\\/i0.wp.com\\\/portugalizar.com\\\/wp-content\\\/uploads\\\/2022\\\/02\\\/Face-to-Face-scaled-e1648280104261.jpg?fit=2560%2C1043&ssl=1\",\"datePublished\":\"2022-03-30T21:26:30+00:00\",\"dateModified\":\"2022-07-25T05:57:45+00:00\",\"breadcrumb\":{\"@id\":\"https:\\\/\\\/portugalizar.com\\\/a-new-lanuage\\\/#breadcrumb\"},\"inLanguage\":\"pt-PT\",\"potentialAction\":[{\"@type\":\"ReadAction\",\"target\":[\"https:\\\/\\\/portugalizar.com\\\/a-new-lanuage\\\/\"]}]},{\"@type\":\"ImageObject\",\"inLanguage\":\"pt-PT\",\"@id\":\"https:\\\/\\\/portugalizar.com\\\/a-new-lanuage\\\/#primaryimage\",\"url\":\"https:\\\/\\\/i0.wp.com\\\/portugalizar.com\\\/wp-content\\\/uploads\\\/2022\\\/02\\\/Face-to-Face-scaled-e1648280104261.jpg?fit=2560%2C1043&ssl=1\",\"contentUrl\":\"https:\\\/\\\/i0.wp.com\\\/portugalizar.com\\\/wp-content\\\/uploads\\\/2022\\\/02\\\/Face-to-Face-scaled-e1648280104261.jpg?fit=2560%2C1043&ssl=1\",\"width\":2560,\"height\":1043},{\"@type\":\"BreadcrumbList\",\"@id\":\"https:\\\/\\\/portugalizar.com\\\/a-new-lanuage\\\/#breadcrumb\",\"itemListElement\":[{\"@type\":\"ListItem\",\"position\":1,\"name\":\"Home\",\"item\":\"https:\\\/\\\/portugalizar.com\\\/\"},{\"@type\":\"ListItem\",\"position\":2,\"name\":\"A New Language\"}]},{\"@type\":\"WebSite\",\"@id\":\"https:\\\/\\\/portugalizar.com\\\/#website\",\"url\":\"https:\\\/\\\/portugalizar.com\\\/\",\"name\":\"PORTUGALIZAR\",\"description\":\"\",\"publisher\":{\"@id\":\"https:\\\/\\\/portugalizar.com\\\/#organization\"},\"potentialAction\":[{\"@type\":\"SearchAction\",\"target\":{\"@type\":\"EntryPoint\",\"urlTemplate\":\"https:\\\/\\\/portugalizar.com\\\/?s={search_term_string}\"},\"query-input\":{\"@type\":\"PropertyValueSpecification\",\"valueRequired\":true,\"valueName\":\"search_term_string\"}}],\"inLanguage\":\"pt-PT\"},{\"@type\":\"Organization\",\"@id\":\"https:\\\/\\\/portugalizar.com\\\/#organization\",\"name\":\"PORTUGALIZAR\",\"url\":\"https:\\\/\\\/portugalizar.com\\\/\",\"logo\":{\"@type\":\"ImageObject\",\"inLanguage\":\"pt-PT\",\"@id\":\"https:\\\/\\\/portugalizar.com\\\/#\\\/schema\\\/logo\\\/image\\\/\",\"url\":\"\",\"contentUrl\":\"\",\"caption\":\"PORTUGALIZAR\"},\"image\":{\"@id\":\"https:\\\/\\\/portugalizar.com\\\/#\\\/schema\\\/logo\\\/image\\\/\"}},{\"@type\":\"Person\",\"@id\":\"https:\\\/\\\/portugalizar.com\\\/#\\\/schema\\\/person\\\/1f60af48f39895b897e26d9d92ecf6db\",\"name\":\"Gui\",\"image\":{\"@type\":\"ImageObject\",\"inLanguage\":\"pt-PT\",\"@id\":\"https:\\\/\\\/secure.gravatar.com\\\/avatar\\\/0bef00a699e73fc60016c16a6f44683b2a027bb1b48a4b3973732af4cc636712?s=96&d=mm&r=g\",\"url\":\"https:\\\/\\\/secure.gravatar.com\\\/avatar\\\/0bef00a699e73fc60016c16a6f44683b2a027bb1b48a4b3973732af4cc636712?s=96&d=mm&r=g\",\"contentUrl\":\"https:\\\/\\\/secure.gravatar.com\\\/avatar\\\/0bef00a699e73fc60016c16a6f44683b2a027bb1b48a4b3973732af4cc636712?s=96&d=mm&r=g\",\"caption\":\"Gui\"},\"url\":\"https:\\\/\\\/portugalizar.com\\\/pt\\\/author\\\/spestheonlyone\\\/\"}]}<\/script>\n<!-- \/ Yoast SEO plugin. -->","yoast_head_json":{"title":"A New Language - PORTUGALIZAR","robots":{"index":"index","follow":"follow","max-snippet":"max-snippet:-1","max-image-preview":"max-image-preview:large","max-video-preview":"max-video-preview:-1"},"canonical":"https:\/\/portugalizar.com\/pt\/a-new-lanuage\/","og_locale":"pt_PT","og_type":"article","og_title":"A New Language - PORTUGALIZAR","og_description":"Living in Portugal has given me the opportunity to discover that I have another long lost dream: I have always wanted to make art. So I have given in to this dream too. Art has become another lens through which I understand this incredible place. It is also Portugal\u2019s lens into my soul. Place and person become entwined, which is the essence of Portugalizar. You will see a lot of my art going forward. I wanted to warn you ahead of time. Read more\u2026","og_url":"https:\/\/portugalizar.com\/pt\/a-new-lanuage\/","og_site_name":"PORTUGALIZAR","article_published_time":"2022-03-30T21:26:30+00:00","article_modified_time":"2022-07-25T05:57:45+00:00","og_image":[{"width":2560,"height":1043,"url":"https:\/\/portugalizar.com\/wp-content\/uploads\/2022\/02\/Face-to-Face-scaled-e1648280104261.jpg","type":"image\/jpeg"}],"author":"Gui","twitter_card":"summary_large_image","twitter_misc":{"Escrito por":"Gui","Tempo estimado de leitura":"10 minutos"},"schema":{"@context":"https:\/\/schema.org","@graph":[{"@type":"Article","@id":"https:\/\/portugalizar.com\/a-new-lanuage\/#article","isPartOf":{"@id":"https:\/\/portugalizar.com\/a-new-lanuage\/"},"author":{"name":"Gui","@id":"https:\/\/portugalizar.com\/#\/schema\/person\/1f60af48f39895b897e26d9d92ecf6db"},"headline":"A New Language","datePublished":"2022-03-30T21:26:30+00:00","dateModified":"2022-07-25T05:57:45+00:00","mainEntityOfPage":{"@id":"https:\/\/portugalizar.com\/a-new-lanuage\/"},"wordCount":2094,"commentCount":28,"publisher":{"@id":"https:\/\/portugalizar.com\/#organization"},"image":{"@id":"https:\/\/portugalizar.com\/a-new-lanuage\/#primaryimage"},"thumbnailUrl":"https:\/\/i0.wp.com\/portugalizar.com\/wp-content\/uploads\/2022\/02\/Face-to-Face-scaled-e1648280104261.jpg?fit=2560%2C1043&ssl=1","articleSection":["Musings","People"],"inLanguage":"pt-PT","potentialAction":[{"@type":"CommentAction","name":"Comment","target":["https:\/\/portugalizar.com\/a-new-lanuage\/#respond"]}]},{"@type":"WebPage","@id":"https:\/\/portugalizar.com\/a-new-lanuage\/","url":"https:\/\/portugalizar.com\/a-new-lanuage\/","name":"A New Language - PORTUGALIZAR","isPartOf":{"@id":"https:\/\/portugalizar.com\/#website"},"primaryImageOfPage":{"@id":"https:\/\/portugalizar.com\/a-new-lanuage\/#primaryimage"},"image":{"@id":"https:\/\/portugalizar.com\/a-new-lanuage\/#primaryimage"},"thumbnailUrl":"https:\/\/i0.wp.com\/portugalizar.com\/wp-content\/uploads\/2022\/02\/Face-to-Face-scaled-e1648280104261.jpg?fit=2560%2C1043&ssl=1","datePublished":"2022-03-30T21:26:30+00:00","dateModified":"2022-07-25T05:57:45+00:00","breadcrumb":{"@id":"https:\/\/portugalizar.com\/a-new-lanuage\/#breadcrumb"},"inLanguage":"pt-PT","potentialAction":[{"@type":"ReadAction","target":["https:\/\/portugalizar.com\/a-new-lanuage\/"]}]},{"@type":"ImageObject","inLanguage":"pt-PT","@id":"https:\/\/portugalizar.com\/a-new-lanuage\/#primaryimage","url":"https:\/\/i0.wp.com\/portugalizar.com\/wp-content\/uploads\/2022\/02\/Face-to-Face-scaled-e1648280104261.jpg?fit=2560%2C1043&ssl=1","contentUrl":"https:\/\/i0.wp.com\/portugalizar.com\/wp-content\/uploads\/2022\/02\/Face-to-Face-scaled-e1648280104261.jpg?fit=2560%2C1043&ssl=1","width":2560,"height":1043},{"@type":"BreadcrumbList","@id":"https:\/\/portugalizar.com\/a-new-lanuage\/#breadcrumb","itemListElement":[{"@type":"ListItem","position":1,"name":"Home","item":"https:\/\/portugalizar.com\/"},{"@type":"ListItem","position":2,"name":"A New Language"}]},{"@type":"WebSite","@id":"https:\/\/portugalizar.com\/#website","url":"https:\/\/portugalizar.com\/","name":"PORTUGALIZAR","description":"","publisher":{"@id":"https:\/\/portugalizar.com\/#organization"},"potentialAction":[{"@type":"SearchAction","target":{"@type":"EntryPoint","urlTemplate":"https:\/\/portugalizar.com\/?s={search_term_string}"},"query-input":{"@type":"PropertyValueSpecification","valueRequired":true,"valueName":"search_term_string"}}],"inLanguage":"pt-PT"},{"@type":"Organization","@id":"https:\/\/portugalizar.com\/#organization","name":"PORTUGALIZAR","url":"https:\/\/portugalizar.com\/","logo":{"@type":"ImageObject","inLanguage":"pt-PT","@id":"https:\/\/portugalizar.com\/#\/schema\/logo\/image\/","url":"","contentUrl":"","caption":"PORTUGALIZAR"},"image":{"@id":"https:\/\/portugalizar.com\/#\/schema\/logo\/image\/"}},{"@type":"Person","@id":"https:\/\/portugalizar.com\/#\/schema\/person\/1f60af48f39895b897e26d9d92ecf6db","name":"Gui","image":{"@type":"ImageObject","inLanguage":"pt-PT","@id":"https:\/\/secure.gravatar.com\/avatar\/0bef00a699e73fc60016c16a6f44683b2a027bb1b48a4b3973732af4cc636712?s=96&d=mm&r=g","url":"https:\/\/secure.gravatar.com\/avatar\/0bef00a699e73fc60016c16a6f44683b2a027bb1b48a4b3973732af4cc636712?s=96&d=mm&r=g","contentUrl":"https:\/\/secure.gravatar.com\/avatar\/0bef00a699e73fc60016c16a6f44683b2a027bb1b48a4b3973732af4cc636712?s=96&d=mm&r=g","caption":"Gui"},"url":"https:\/\/portugalizar.com\/pt\/author\/spestheonlyone\/"}]}},"jetpack_featured_media_url":"https:\/\/i0.wp.com\/portugalizar.com\/wp-content\/uploads\/2022\/02\/Face-to-Face-scaled-e1648280104261.jpg?fit=2560%2C1043&ssl=1","jetpack-related-posts":[],"jetpack_sharing_enabled":true,"_links":{"self":[{"href":"https:\/\/portugalizar.com\/pt\/wp-json\/wp\/v2\/posts\/685","targetHints":{"allow":["GET"]}}],"collection":[{"href":"https:\/\/portugalizar.com\/pt\/wp-json\/wp\/v2\/posts"}],"about":[{"href":"https:\/\/portugalizar.com\/pt\/wp-json\/wp\/v2\/types\/post"}],"author":[{"embeddable":true,"href":"https:\/\/portugalizar.com\/pt\/wp-json\/wp\/v2\/users\/1"}],"replies":[{"embeddable":true,"href":"https:\/\/portugalizar.com\/pt\/wp-json\/wp\/v2\/comments?post=685"}],"version-history":[{"count":5,"href":"https:\/\/portugalizar.com\/pt\/wp-json\/wp\/v2\/posts\/685\/revisions"}],"predecessor-version":[{"id":1191,"href":"https:\/\/portugalizar.com\/pt\/wp-json\/wp\/v2\/posts\/685\/revisions\/1191"}],"wp:featuredmedia":[{"embeddable":true,"href":"https:\/\/portugalizar.com\/pt\/wp-json\/wp\/v2\/media\/659"}],"wp:attachment":[{"href":"https:\/\/portugalizar.com\/pt\/wp-json\/wp\/v2\/media?parent=685"}],"wp:term":[{"taxonomy":"category","embeddable":true,"href":"https:\/\/portugalizar.com\/pt\/wp-json\/wp\/v2\/categories?post=685"},{"taxonomy":"post_tag","embeddable":true,"href":"https:\/\/portugalizar.com\/pt\/wp-json\/wp\/v2\/tags?post=685"}],"curies":[{"name":"wp","href":"https:\/\/api.w.org\/{rel}","templated":true}]}}