{"id":1902,"date":"2022-07-14T04:00:00","date_gmt":"2022-07-14T04:00:00","guid":{"rendered":"https:\/\/portugalizar.com\/?p=1902"},"modified":"2022-07-14T16:53:03","modified_gmt":"2022-07-14T16:53:03","slug":"happy-days-are-here-again","status":"publish","type":"post","link":"https:\/\/portugalizar.com\/pt\/happy-days-are-here-again\/","title":{"rendered":"DIAS FELIZES EST\u00c3O DE NOVO AQUI! <br>UMA EDI\u00c7\u00c3O ESPECIAL"},"content":{"rendered":"<p><em>Ol\u00e1 a todos! Espero que tenham tido uma semana absolutamente fabulosa.<\/em> \/\/ Ol\u00e1 a todos. Espero que todos tenham tido uma semana absolutamente fabulosa. Desde o final de Junho que todos os dias aqui t\u00eam estado cheios de actividades. E Tavira tem borbulhado de excita\u00e7\u00e3o. A sombra de Covid tem diminu\u00eddo gradualmente. Mas agora o sol est\u00e1 ao meio-dia. Como resultado, n\u00e3o parece haver sombras. Os dias felizes est\u00e3o de novo aqui!<\/p>\n\n\n\n<p>Tanta coisa tem acontecido. Queria dar-lhe um lugar na primeira fila. Mas tamb\u00e9m para vos dar a oportunidade de fazerem parte das actividades e da excita\u00e7\u00e3o. Na verdade, n\u00e3o posso transport\u00e1-lo para as multid\u00f5es aqui. Mas espero que sintam a vibra\u00e7\u00e3o simples e el\u00e9ctrica das celebra\u00e7\u00f5es. <\/p>\n\n\n\n<h2 class=\"wp-block-heading\">Para que serve toda a excita\u00e7\u00e3o?<\/h2>\n\n\n\n<p>Junho em Portugal \u00e9 conhecido como <em><a href=\"https:\/\/www.visitportugal.com\/en\/node\/210955\" target=\"_blank\" rel=\"noreferrer noopener\">a m\u00eas dos santos populares<\/a><\/em>ou seja, o m\u00eas dos santos populares. H\u00e1 tr\u00eas. A festa de Santo Ant\u00f3nio (<em>Santo Ant\u00f3nio<\/em>, em portugu\u00eas) \u00e9 o dia 13 de Junho. Depois h\u00e1 S\u00e3o Jo\u00e3o Baptista (<em>S\u00e3o Jo\u00e3o<\/em>) em 24 de Junho. Finalmente S\u00e3o Pedro (<em>S\u00e3o Pedro<\/em>) traz para a retaguarda a 29 de Junho. Apenas <em>o Ant\u00f3nio<\/em> \u00e9 na realidade portugu\u00eas. Nasceu em Lisboa em 1195, mas passou cerca de metade da sua vida em It\u00e1lia. Morreu e foi enterrado em P\u00e1dua. <\/p>\n\n\n\n<p>Os outros dois viveram no s\u00e9culo I na prov\u00edncia romana de Judaea, hoje Israel e Palestina. <em>O Jo\u00e3o<\/em> e <em>o Pedro<\/em> n\u00e3o t\u00eam qualquer tipo de associa\u00e7\u00e3o com Portugal. S\u00e3o provavelmente populares e importantes para os portugueses porque ambos est\u00e3o associados \u00e0 \u00e1gua. A \u00e1gua, o mar, \u00e9 o sangue vital dos portugueses. Por isso <em>o Jo\u00e3o<\/em>, de acordo com as tradi\u00e7\u00f5es crist\u00e3s, inventou o baptismo. Atrav\u00e9s do baptismo, os crist\u00e3os comprometem-se com um novo modo de vida por imers\u00e3o na \u00e1gua. A liga\u00e7\u00e3o de <em>o Pedro<\/em> \u00e9 mais f\u00e1cil. A literatura crist\u00e3 descreve-o como um pescador. Mas Jesus chama-o tamb\u00e9m a ele para ser um pescador de homens. Presumivelmente tamb\u00e9m de mulheres. Os portugueses s\u00e3o pescadores. Portanto, o mar e a pesca t\u00eam sido cr\u00edticos para a vida e a economia de Portugal durante eons. Ambos ainda habitam o cora\u00e7\u00e3o e a alma de todos os portugueses, mesmo que sejam menos importantes economicamente.<\/p>\n\n\n\n<figure class=\"wp-block-gallery has-nested-images columns-default is-cropped wp-block-gallery-1 is-layout-flex wp-block-gallery-is-layout-flex\">\n<figure class=\"wp-block-image size-large\"><img data-recalc-dims=\"1\" fetchpriority=\"high\" decoding=\"async\" width=\"228\" height=\"228\" data-id=\"1923\" src=\"https:\/\/i0.wp.com\/portugalizar.com\/wp-content\/uploads\/2022\/06\/Santo-Antonio-e1656430802108.jpeg?resize=228%2C228&#038;ssl=1\" alt=\"\" class=\"wp-image-1923\" srcset=\"https:\/\/i0.wp.com\/portugalizar.com\/wp-content\/uploads\/2022\/06\/Santo-Antonio-e1656430802108.jpeg?w=228&amp;ssl=1 228w, https:\/\/i0.wp.com\/portugalizar.com\/wp-content\/uploads\/2022\/06\/Santo-Antonio-e1656430802108.jpeg?resize=150%2C150&amp;ssl=1 150w, https:\/\/i0.wp.com\/portugalizar.com\/wp-content\/uploads\/2022\/06\/Santo-Antonio-e1656430802108.jpeg?resize=12%2C12&amp;ssl=1 12w\" sizes=\"(max-width: 228px) 100vw, 228px\" \/><figcaption>Santo Ant\u00f3nio<\/figcaption><\/figure>\n\n\n\n<figure class=\"wp-block-image size-large\"><img data-recalc-dims=\"1\" decoding=\"async\" width=\"600\" height=\"600\" data-id=\"1919\" src=\"https:\/\/i0.wp.com\/portugalizar.com\/wp-content\/uploads\/2022\/06\/saint-john-2.jpeg?resize=600%2C600&#038;ssl=1\" alt=\"\" class=\"wp-image-1919\" srcset=\"https:\/\/i0.wp.com\/portugalizar.com\/wp-content\/uploads\/2022\/06\/saint-john-2.jpeg?w=600&amp;ssl=1 600w, https:\/\/i0.wp.com\/portugalizar.com\/wp-content\/uploads\/2022\/06\/saint-john-2.jpeg?resize=300%2C300&amp;ssl=1 300w, https:\/\/i0.wp.com\/portugalizar.com\/wp-content\/uploads\/2022\/06\/saint-john-2.jpeg?resize=150%2C150&amp;ssl=1 150w, https:\/\/i0.wp.com\/portugalizar.com\/wp-content\/uploads\/2022\/06\/saint-john-2.jpeg?resize=12%2C12&amp;ssl=1 12w\" sizes=\"(max-width: 600px) 100vw, 600px\" \/><figcaption>S\u00e3o Jo\u00e3o<\/figcaption><\/figure>\n\n\n\n<figure class=\"wp-block-image size-large\"><img data-recalc-dims=\"1\" decoding=\"async\" width=\"316\" height=\"316\" data-id=\"1921\" src=\"https:\/\/i0.wp.com\/portugalizar.com\/wp-content\/uploads\/2022\/06\/saint_peter-scaled-e1656430709882.jpg?resize=316%2C316&#038;ssl=1\" alt=\"\" class=\"wp-image-1921\" srcset=\"https:\/\/i0.wp.com\/portugalizar.com\/wp-content\/uploads\/2022\/06\/saint_peter-scaled-e1656430709882.jpg?w=316&amp;ssl=1 316w, https:\/\/i0.wp.com\/portugalizar.com\/wp-content\/uploads\/2022\/06\/saint_peter-scaled-e1656430709882.jpg?resize=300%2C300&amp;ssl=1 300w, https:\/\/i0.wp.com\/portugalizar.com\/wp-content\/uploads\/2022\/06\/saint_peter-scaled-e1656430709882.jpg?resize=150%2C150&amp;ssl=1 150w, https:\/\/i0.wp.com\/portugalizar.com\/wp-content\/uploads\/2022\/06\/saint_peter-scaled-e1656430709882.jpg?resize=12%2C12&amp;ssl=1 12w\" sizes=\"(max-width: 316px) 100vw, 316px\" \/><figcaption>S\u00e3o Pedro<\/figcaption><\/figure>\n<figcaption class=\"blocks-gallery-caption\"><strong>Os Santos Populares<\/strong><\/figcaption><\/figure>\n\n\n\n<p><em>S\u00e3o Jo\u00e3o<\/em> \u00e9 muito importante para Tavira. Ele \u00e9 o santo padroeiro da cidade. Quanto ao \"porqu\u00ea\" da sua import\u00e2ncia? Trata-se de novos come\u00e7os, come\u00e7ando de novo. E sobre a \u00e1gua, ou seja, o mar, e sobre a pesca.  Tanto os novos come\u00e7os como a \u00e1gua est\u00e3o ligados a <em>S\u00e3o Jo\u00e3o<\/em>. Aqui vai a minha tentativa de juntar estas liga\u00e7\u00f5es.<\/p>\n\n\n\n<h2 class=\"wp-block-heading\">Mais do que apenas sobre os santos<\/h2>\n\n\n\n<p>O atum, em particular o Bluefin, passa por Tavira, ou costumava passar, a come\u00e7ar no in\u00edcio de Julho. Est\u00e3o de regresso \u00e0s \u00e1guas quentes do Mediterr\u00e2neo para se alimentarem e para constru\u00edrem a sua resist\u00eancia. Mas, em \u00faltima an\u00e1lise, v\u00e3o para o Mar Negro para se reproduzir. <\/p>\n\n\n\n<figure class=\"wp-block-gallery alignright has-nested-images columns-default is-cropped wp-block-gallery-2 is-layout-flex wp-block-gallery-is-layout-flex\">\n<figure class=\"wp-block-image size-large\"><img data-recalc-dims=\"1\" loading=\"lazy\" decoding=\"async\" width=\"709\" height=\"838\" data-id=\"1928\" src=\"https:\/\/i0.wp.com\/portugalizar.com\/wp-content\/uploads\/2022\/06\/Eleva-Tavira-1520.jpg?resize=709%2C838&#038;ssl=1\" alt=\"\" class=\"wp-image-1928\" srcset=\"https:\/\/i0.wp.com\/portugalizar.com\/wp-content\/uploads\/2022\/06\/Eleva-Tavira-1520.jpg?w=709&amp;ssl=1 709w, https:\/\/i0.wp.com\/portugalizar.com\/wp-content\/uploads\/2022\/06\/Eleva-Tavira-1520.jpg?resize=254%2C300&amp;ssl=1 254w, https:\/\/i0.wp.com\/portugalizar.com\/wp-content\/uploads\/2022\/06\/Eleva-Tavira-1520.jpg?resize=10%2C12&amp;ssl=1 10w\" sizes=\"(max-width: 709px) 100vw, 709px\" \/><\/figure>\n<figcaption class=\"blocks-gallery-caption\"><strong>A p\u00e1gina nas Letras do Dom Manuel I que autoriza a eleva\u00e7\u00e3o de Tavira ao estatuto de cidade. (Museu Municipal de Tavira)<\/strong><\/figcaption><\/figure>\n\n\n\n<p>A pesca do atum foi o n\u00facleo econ\u00f3mico de Tavira durante s\u00e9culos. Tornou alguns poucos ricos. Mas manteve as barrigas todas <em>Tavirenses<\/em> cheio. Come\u00e7ando pelo homem mais velho, at\u00e9 aos adolescentes, todos trabalharam a <em>arma\u00e7\u00e3o<\/em>. Centenas de homens de cada vez, tripulados <em>arma\u00e7\u00e3o<\/em>. Havia centenas de <em>arma\u00e7\u00e3o<\/em>.<\/p>\n\n\n\n<p>Al\u00e9m disso, milhares de outros trabalharam no <em>fabricas<\/em>. Estas f\u00e1bricas de conservas de atum foram localizadas em toda a Tavira e no Algarve. O atum de Portugal chegou \u00e0s mesas de todo o mundo. Os poucos meses em que o atum nadou para al\u00e9m de Tavira foram cr\u00edticos. Especialmente para os trabalhadores do <em>arma\u00e7\u00e3o<\/em> e no <em>fabricas<\/em>.<\/p>\n\n\n\n<p>As semanas de Junho significaram trabalho duro na prepara\u00e7\u00e3o para o regresso do atum. Esta prepara\u00e7\u00e3o acabou perto do final de Junho, coincidindo com a festa de <em>S\u00e3o Jo\u00e3o<\/em>. O dia 24 marcou o fim dos preparativos para as grandes capturas que se avizinham. Foi motivo suficiente para celebrar at\u00e9 ao <em>arma\u00e7\u00e3o<\/em> acenado. Os dias felizes voltaram a chegar! <\/p>\n\n\n\n<p>Outro motivo para a grande celebra\u00e7\u00e3o de Junho \u00e9 a pr\u00f3pria Tavira. Em 1520 Tavira foi elevada ao estatuto de cidade por Dom Manuel I. Foi e \u00e9 uma coisa realmente grande. Isto porque uma cidade gozava de direitos legais especiais. Significava autodetermina\u00e7\u00e3o e uma medida de autonomia. Por isso, ser uma cidade era uma honra especial. Ap\u00f3s 1520, estes dois grandes acontecimentos - o estatuto de cidade e o regresso do atum - fundiram-se com <em>S\u00e3o Jo\u00e3o<\/em>.<\/p>\n\n\n\n<h2 class=\"wp-block-heading\">Belas Decora\u00e7\u00f5es Saudaram as Multid\u00f5es Felizes<\/h2>\n\n\n\n<p>Tavira fica totalmente decorada para a celebra\u00e7\u00e3o. \u00c9 realmente bastante bonita. Todos os anos, h\u00e1 um tema diferente. Os deste ano parecem concentrar-se em <a href=\"https:\/\/portugalizar.com\/pt\/world-of-magic-and-mystery\/\" target=\"_blank\" rel=\"noreferrer noopener\">as igrejas de Tavira<\/a>. Cobrimos este t\u00f3pico num post um pouco atr\u00e1s. O <em>Igreja de Santa Luzia<\/em>A igreja paroquial da nossa aldeia est\u00e1 no topo da fotografia, no canto inferior direito.<\/p>\n\n\n\n<figure class=\"wp-block-gallery has-nested-images columns-default is-cropped wp-block-gallery-3 is-layout-flex wp-block-gallery-is-layout-flex\">\n<figure class=\"wp-block-image size-large\"><img data-recalc-dims=\"1\" loading=\"lazy\" decoding=\"async\" width=\"950\" height=\"1267\" data-id=\"2028\" src=\"https:\/\/i0.wp.com\/portugalizar.com\/wp-content\/uploads\/2022\/07\/as-decoracoes-na-rua-1-scaled.jpg?resize=950%2C1267&#038;ssl=1\" alt=\"\" class=\"wp-image-2028\" srcset=\"https:\/\/i0.wp.com\/portugalizar.com\/wp-content\/uploads\/2022\/07\/as-decoracoes-na-rua-1-scaled.jpg?w=1920&amp;ssl=1 1920w, https:\/\/i0.wp.com\/portugalizar.com\/wp-content\/uploads\/2022\/07\/as-decoracoes-na-rua-1-scaled.jpg?resize=225%2C300&amp;ssl=1 225w, https:\/\/i0.wp.com\/portugalizar.com\/wp-content\/uploads\/2022\/07\/as-decoracoes-na-rua-1-scaled.jpg?resize=768%2C1024&amp;ssl=1 768w, https:\/\/i0.wp.com\/portugalizar.com\/wp-content\/uploads\/2022\/07\/as-decoracoes-na-rua-1-scaled.jpg?resize=1152%2C1536&amp;ssl=1 1152w\" sizes=\"(max-width: 950px) 100vw, 950px\" \/><\/figure>\n\n\n\n<figure class=\"wp-block-image size-large\"><img data-recalc-dims=\"1\" loading=\"lazy\" decoding=\"async\" width=\"950\" height=\"1267\" data-id=\"2030\" src=\"https:\/\/i0.wp.com\/portugalizar.com\/wp-content\/uploads\/2022\/07\/igreja-santa-santa-luzia-na-rua-2a-scaled.jpg?resize=950%2C1267&#038;ssl=1\" alt=\"\" class=\"wp-image-2030\" srcset=\"https:\/\/i0.wp.com\/portugalizar.com\/wp-content\/uploads\/2022\/07\/igreja-santa-santa-luzia-na-rua-2a-scaled.jpg?w=1920&amp;ssl=1 1920w, https:\/\/i0.wp.com\/portugalizar.com\/wp-content\/uploads\/2022\/07\/igreja-santa-santa-luzia-na-rua-2a-scaled.jpg?resize=225%2C300&amp;ssl=1 225w, https:\/\/i0.wp.com\/portugalizar.com\/wp-content\/uploads\/2022\/07\/igreja-santa-santa-luzia-na-rua-2a-scaled.jpg?resize=768%2C1024&amp;ssl=1 768w, https:\/\/i0.wp.com\/portugalizar.com\/wp-content\/uploads\/2022\/07\/igreja-santa-santa-luzia-na-rua-2a-scaled.jpg?resize=1152%2C1536&amp;ssl=1 1152w\" sizes=\"(max-width: 950px) 100vw, 950px\" \/><\/figure>\n<figcaption class=\"blocks-gallery-caption\"><strong>As decora\u00e7\u00f5es ao longo do arrasto principal em Tavira<\/strong>. <strong>Foram todos eliminados.<\/strong><\/figcaption><\/figure>\n\n\n\n<p>\u00c9 claro <em>S\u00e3o Jo\u00e3o<\/em> faz uma apari\u00e7\u00e3o. Ele preside \u00e0 entrada de <em>Jardim do Coreto<\/em> onde toda a festa ter\u00e1 lugar. Passa-se pelo arco de entrada. H\u00e1 <em>S\u00e3o Jo\u00e3o<\/em> acenando e saudando-vos. Quando voltei atr\u00e1s, por\u00e9m, esperava ver a mesma imagem do outro lado. Mas n\u00e3o, havia a vista traseira de S\u00e3o Jo\u00e3o. Ele parecia estar tamb\u00e9m a abanar o rabo.<\/p>\n\n\n\n<figure class=\"wp-block-gallery has-nested-images columns-default is-cropped wp-block-gallery-4 is-layout-flex wp-block-gallery-is-layout-flex\">\n<figure class=\"wp-block-image size-large\"><img data-recalc-dims=\"1\" loading=\"lazy\" decoding=\"async\" width=\"950\" height=\"1325\" data-id=\"2032\" src=\"https:\/\/i0.wp.com\/portugalizar.com\/wp-content\/uploads\/2022\/07\/saint-john-front-scaled.jpg?resize=950%2C1325&#038;ssl=1\" alt=\"\" class=\"wp-image-2032\" srcset=\"https:\/\/i0.wp.com\/portugalizar.com\/wp-content\/uploads\/2022\/07\/saint-john-front-scaled.jpg?w=1836&amp;ssl=1 1836w, https:\/\/i0.wp.com\/portugalizar.com\/wp-content\/uploads\/2022\/07\/saint-john-front-scaled.jpg?resize=215%2C300&amp;ssl=1 215w, https:\/\/i0.wp.com\/portugalizar.com\/wp-content\/uploads\/2022\/07\/saint-john-front-scaled.jpg?resize=734%2C1024&amp;ssl=1 734w, https:\/\/i0.wp.com\/portugalizar.com\/wp-content\/uploads\/2022\/07\/saint-john-front-scaled.jpg?resize=768%2C1071&amp;ssl=1 768w, https:\/\/i0.wp.com\/portugalizar.com\/wp-content\/uploads\/2022\/07\/saint-john-front-scaled.jpg?resize=1101%2C1536&amp;ssl=1 1101w, https:\/\/i0.wp.com\/portugalizar.com\/wp-content\/uploads\/2022\/07\/saint-john-front-scaled.jpg?resize=1469%2C2048&amp;ssl=1 1469w, https:\/\/i0.wp.com\/portugalizar.com\/wp-content\/uploads\/2022\/07\/saint-john-front-scaled.jpg?resize=9%2C12&amp;ssl=1 9w\" sizes=\"(max-width: 950px) 100vw, 950px\" \/><\/figure>\n\n\n\n<figure class=\"wp-block-image size-large\"><img data-recalc-dims=\"1\" loading=\"lazy\" decoding=\"async\" width=\"950\" height=\"1267\" data-id=\"2031\" src=\"https:\/\/i0.wp.com\/portugalizar.com\/wp-content\/uploads\/2022\/07\/saint-john-back-scaled.jpg?resize=950%2C1267&#038;ssl=1\" alt=\"\" class=\"wp-image-2031\" srcset=\"https:\/\/i0.wp.com\/portugalizar.com\/wp-content\/uploads\/2022\/07\/saint-john-back-scaled.jpg?w=1920&amp;ssl=1 1920w, https:\/\/i0.wp.com\/portugalizar.com\/wp-content\/uploads\/2022\/07\/saint-john-back-scaled.jpg?resize=225%2C300&amp;ssl=1 225w, https:\/\/i0.wp.com\/portugalizar.com\/wp-content\/uploads\/2022\/07\/saint-john-back-scaled.jpg?resize=768%2C1024&amp;ssl=1 768w, https:\/\/i0.wp.com\/portugalizar.com\/wp-content\/uploads\/2022\/07\/saint-john-back-scaled.jpg?resize=1152%2C1536&amp;ssl=1 1152w\" sizes=\"(max-width: 950px) 100vw, 950px\" \/><\/figure>\n<figcaption class=\"blocks-gallery-caption\"><strong>S\u00e3o Jo\u00e3o, indo e vindo, no Jardim do Coreto<\/strong>.<\/figcaption><\/figure>\n\n\n\n<h2 class=\"wp-block-heading\">Multid\u00f5es Felizes Inundadas para as Ruas<\/h2>\n\n\n\n<p>As festividades decorrem todos os anos desde a noite do dia 23 at\u00e9 \u00e0 noite do dia 28. Por volta das 19 horas de cada noite, as bandas come\u00e7am a tocar. As multid\u00f5es re\u00fanem-se cedo. H\u00e1 um estalido de antecipa\u00e7\u00e3o no ar. Quase se pode sentir e ouvir a rachadura da excita\u00e7\u00e3o. Todos parecem prontos para festejar, para se soltarem e para serem felizes.<\/p>\n\n\n\n<p>E com toda a certeza que havia muita barulheira, ou seja, boa m\u00fasica e muita dan\u00e7a. As coisas come\u00e7aram a rolar com <em>O Trio Vers\u00e1til<\/em>os tr\u00eas gajos abaixo ilustrados. Todos ansiosos por se divertirem e se soltarem. E <em>o Trio<\/em> n\u00e3o decepcionou a multid\u00e3o.<\/p>\n\n\n\n<figure class=\"wp-block-image size-large\"><img data-recalc-dims=\"1\" loading=\"lazy\" decoding=\"async\" width=\"950\" height=\"533\" src=\"https:\/\/i0.wp.com\/portugalizar.com\/wp-content\/uploads\/2022\/07\/O-Trio-Versatil-Jardim-do-Coreto-23-de-Junho.jpg?resize=950%2C533&#038;ssl=1\" alt=\"\" class=\"wp-image-2033\" srcset=\"https:\/\/i0.wp.com\/portugalizar.com\/wp-content\/uploads\/2022\/07\/O-Trio-Versatil-Jardim-do-Coreto-23-de-Junho.jpg?resize=1024%2C574&amp;ssl=1 1024w, https:\/\/i0.wp.com\/portugalizar.com\/wp-content\/uploads\/2022\/07\/O-Trio-Versatil-Jardim-do-Coreto-23-de-Junho.jpg?resize=300%2C168&amp;ssl=1 300w, https:\/\/i0.wp.com\/portugalizar.com\/wp-content\/uploads\/2022\/07\/O-Trio-Versatil-Jardim-do-Coreto-23-de-Junho.jpg?resize=768%2C431&amp;ssl=1 768w, https:\/\/i0.wp.com\/portugalizar.com\/wp-content\/uploads\/2022\/07\/O-Trio-Versatil-Jardim-do-Coreto-23-de-Junho.jpg?resize=1536%2C862&amp;ssl=1 1536w, https:\/\/i0.wp.com\/portugalizar.com\/wp-content\/uploads\/2022\/07\/O-Trio-Versatil-Jardim-do-Coreto-23-de-Junho.jpg?resize=18%2C10&amp;ssl=1 18w, https:\/\/i0.wp.com\/portugalizar.com\/wp-content\/uploads\/2022\/07\/O-Trio-Versatil-Jardim-do-Coreto-23-de-Junho.jpg?w=1920&amp;ssl=1 1920w\" sizes=\"(max-width: 950px) 100vw, 950px\" \/><figcaption><strong>O Trio Vers\u00e1til, Jardim do Coreto, 23 de Junho de 2022<\/strong><\/figcaption><\/figure>\n\n\n\n<p>Publiquei pequenos v\u00eddeos para si no YouTube. Mas s\u00f3 se estiver interessado. \u00c9 a \u00fanica forma de o poder fazer participar nas festividades. Este primeiro v\u00eddeo apresenta <em>O Trio Vers\u00e1til<\/em>. Como entre os primeiros, tiveram de colocar a fasquia alta. E sim, eles trabalharam arduamente para entreter a multid\u00e3o que se reuniu em <em>Jardim do Coreto<\/em> na noite de 23 de Junho. <\/p>\n\n\n\n<p>No entanto, o que achei verdadeiramente divertido, divertido, foi a multid\u00e3o. Jovens e velhos, portugueses e expatriados, todos. Apenas a desfrutar da vida. A dan\u00e7ar a noite fora.<\/p>\n\n\n\n<p>Ent\u00e3o clique no pequeno bot\u00e3o azul aqui mesmo <a href=\"https:\/\/youtu.be\/G00USVENdaE\" target=\"_blank\" rel=\"noreferrer noopener\">\u25b6\ufe0f<\/a> para ver este primeiro v\u00eddeo. Mas s\u00f3 se estiver interessado. E mesmo que pense que pode n\u00e3o estar interessado. V\u00e1 em frente. Clique nesse pequeno bot\u00e3o azul. Quem sabe, poder\u00e1 encontrar algo de interesse. \u00c9 um pouco de voyeurismo saud\u00e1vel. Al\u00e9m disso, ver as pessoas a serem felizes, a desfrutar de prazeres simples. Bem, tamb\u00e9m o pode fazer feliz. Mas n\u00e3o se perca no YouTube. N\u00e3o se esque\u00e7a de voltar e terminar este post!<\/p>\n\n\n\n<h2 class=\"wp-block-heading\">O Grande Sorteio da Noite<\/h2>\n\n\n\n<p>Mais tarde, \u00e0 meia-noite, veio uma incr\u00edvel exibi\u00e7\u00e3o de fogo-de-artif\u00edcio. Mas algumas pessoas disseram-me que os fogos de artif\u00edcio foram um pouco decepcionantes este ano. \"Eles tinham sido muito melhores no passado\". Eu achei-os fant\u00e1sticos. Especialmente o final clim\u00e1tico com uma cascata de luz em cascata da ponte para o Rio Gil\u00e3o. Digam-me o que pensam!<\/p>\n\n\n\n<figure class=\"wp-block-image alignwide size-large\"><img data-recalc-dims=\"1\" loading=\"lazy\" decoding=\"async\" width=\"683\" height=\"1024\" src=\"https:\/\/i0.wp.com\/portugalizar.com\/wp-content\/uploads\/2022\/07\/fogo-de-artifico.jpg?resize=683%2C1024&#038;ssl=1\" alt=\"\" class=\"wp-image-2043\" srcset=\"https:\/\/i0.wp.com\/portugalizar.com\/wp-content\/uploads\/2022\/07\/fogo-de-artifico.jpg?resize=683%2C1024&amp;ssl=1 683w, https:\/\/i0.wp.com\/portugalizar.com\/wp-content\/uploads\/2022\/07\/fogo-de-artifico.jpg?resize=200%2C300&amp;ssl=1 200w, https:\/\/i0.wp.com\/portugalizar.com\/wp-content\/uploads\/2022\/07\/fogo-de-artifico.jpg?resize=768%2C1152&amp;ssl=1 768w, https:\/\/i0.wp.com\/portugalizar.com\/wp-content\/uploads\/2022\/07\/fogo-de-artifico.jpg?resize=1024%2C1536&amp;ssl=1 1024w, https:\/\/i0.wp.com\/portugalizar.com\/wp-content\/uploads\/2022\/07\/fogo-de-artifico.jpg?resize=8%2C12&amp;ssl=1 8w, https:\/\/i0.wp.com\/portugalizar.com\/wp-content\/uploads\/2022\/07\/fogo-de-artifico.jpg?w=1280&amp;ssl=1 1280w\" sizes=\"(max-width: 683px) 100vw, 683px\" \/><figcaption><strong>Os Fogos de Artif\u00edcio, Meia-noite do dia 23 de Junho de 2022. (retirado do website de Tavira)<\/strong><\/figcaption><\/figure>\n\n\n\n<p>Portanto, tem a fotografia acima. Bonita, n\u00e3o? Mas e que tal outro v\u00eddeo tamb\u00e9m? Sim, tem-na. Outro pequeno bot\u00e3o azul para clicar! Carrega aqui <a href=\"https:\/\/youtu.be\/cbopqlR1Ms0\" target=\"_blank\" rel=\"noreferrer noopener\">\u25b6\ufe0f<\/a>! Mas como eu disse anteriormente, n\u00e3o se esque\u00e7a de voltar para terminar o posto.<\/p>\n\n\n\n<p>Na noite seguinte, 24 de Junho, foi realizado outro grande sorteio. Um dos grandes contempor\u00e2neos de Portugal <em>fadistas<\/em>Gisela Jo\u00e3o, deu um concerto soberbo na pra\u00e7a central da cidade, <em>Pra\u00e7a da Liberdade<\/em>. Fal\u00e1mos um pouco sobre <em>Fado<\/em> em um <a href=\"https:\/\/portugalizar.com\/pt\/weird-and-wild\/\" target=\"_blank\" rel=\"noreferrer noopener\">posto anterior<\/a>. <em>A Senhora<\/em> Gisela n\u00e3o \u00e9 uma antiquada <em>fadista<\/em>. O seu vestido d\u00e1 isso, n\u00e3o? Eu adoro o vestido! Fabuloso! E <em>Fado<\/em>como uma forma de arte, est\u00e1 em constante evolu\u00e7\u00e3o. N\u00e3o \u00e9 est\u00e1tica. Mas muito viva e bem viva.<\/p>\n\n\n\n<figure class=\"wp-block-image size-large\"><img data-recalc-dims=\"1\" loading=\"lazy\" decoding=\"async\" width=\"950\" height=\"663\" src=\"https:\/\/i0.wp.com\/portugalizar.com\/wp-content\/uploads\/2022\/07\/Gisela-Joa%CC%83o-Prac%CC%A7a-de-Libertada-24-de-Junho-2023.jpg?resize=950%2C663&#038;ssl=1\" alt=\"\" class=\"wp-image-2049\" srcset=\"https:\/\/i0.wp.com\/portugalizar.com\/wp-content\/uploads\/2022\/07\/Gisela-Joa%CC%83o-Prac%CC%A7a-de-Libertada-24-de-Junho-2023.jpg?resize=1024%2C715&amp;ssl=1 1024w, https:\/\/i0.wp.com\/portugalizar.com\/wp-content\/uploads\/2022\/07\/Gisela-Joa%CC%83o-Prac%CC%A7a-de-Libertada-24-de-Junho-2023.jpg?resize=300%2C210&amp;ssl=1 300w, https:\/\/i0.wp.com\/portugalizar.com\/wp-content\/uploads\/2022\/07\/Gisela-Joa%CC%83o-Prac%CC%A7a-de-Libertada-24-de-Junho-2023.jpg?resize=768%2C536&amp;ssl=1 768w, https:\/\/i0.wp.com\/portugalizar.com\/wp-content\/uploads\/2022\/07\/Gisela-Joa%CC%83o-Prac%CC%A7a-de-Libertada-24-de-Junho-2023.jpg?resize=1536%2C1073&amp;ssl=1 1536w, https:\/\/i0.wp.com\/portugalizar.com\/wp-content\/uploads\/2022\/07\/Gisela-Joa%CC%83o-Prac%CC%A7a-de-Libertada-24-de-Junho-2023.jpg?resize=2048%2C1431&amp;ssl=1 2048w, https:\/\/i0.wp.com\/portugalizar.com\/wp-content\/uploads\/2022\/07\/Gisela-Joa%CC%83o-Prac%CC%A7a-de-Libertada-24-de-Junho-2023.jpg?resize=18%2C12&amp;ssl=1 18w, https:\/\/i0.wp.com\/portugalizar.com\/wp-content\/uploads\/2022\/07\/Gisela-Joa%CC%83o-Prac%CC%A7a-de-Libertada-24-de-Junho-2023.jpg?resize=2000%2C1397&amp;ssl=1 2000w, https:\/\/i0.wp.com\/portugalizar.com\/wp-content\/uploads\/2022\/07\/Gisela-Joa%CC%83o-Prac%CC%A7a-de-Libertada-24-de-Junho-2023.jpg?w=1900&amp;ssl=1 1900w\" sizes=\"(max-width: 950px) 100vw, 950px\" \/><figcaption><strong>A Gisela Jo\u00e3o, Pra\u00e7a da Liberdade, 24 de Junho de 2022<\/strong><\/figcaption><\/figure>\n\n\n\n<p>Dar ouvidos. Sim, desculpe, isso significa outro bot\u00e3o azul. Mais uma vez vale bem o clique para uma pequena amostra de <em>uma Senhora Gisela<\/em>. Por isso clique aqui <a href=\"https:\/\/youtu.be\/LZgGGwdaYt8\" target=\"_blank\" rel=\"noreferrer noopener\">\u25b6\ufe0f<\/a>. E n\u00e3o se esque\u00e7a de voltar. Sentirei a sua falta se n\u00e3o o fizer!<\/p>\n\n\n\n<h2 class=\"wp-block-heading\">E ainda h\u00e1 mais<\/h2>\n\n\n\n<p>O concerto de <em>uma Senhora Gisela<\/em> era para assistir. Claro que as pessoas saltaram e balan\u00e7aram. Mas a dan\u00e7a era da responsabilidade das bandas do lado, em <em>Jardim do Coreto<\/em>. Cristiano Martins actuou no dia 24 de Junho. Levantou a multid\u00e3o e dan\u00e7ou com facilidade e habilidade. Acho que, de qualquer modo, foram um jogo para outra noite feliz e despreocupada.<\/p>\n\n\n\n<figure class=\"wp-block-image size-large\"><img data-recalc-dims=\"1\" loading=\"lazy\" decoding=\"async\" width=\"950\" height=\"528\" src=\"https:\/\/i0.wp.com\/portugalizar.com\/wp-content\/uploads\/2022\/07\/Cristiano-Martins-%E2%80%94-24-de-Junho-2022.jpg?resize=950%2C528&#038;ssl=1\" alt=\"\" class=\"wp-image-2051\" srcset=\"https:\/\/i0.wp.com\/portugalizar.com\/wp-content\/uploads\/2022\/07\/Cristiano-Martins-%E2%80%94-24-de-Junho-2022.jpg?resize=1024%2C569&amp;ssl=1 1024w, https:\/\/i0.wp.com\/portugalizar.com\/wp-content\/uploads\/2022\/07\/Cristiano-Martins-%E2%80%94-24-de-Junho-2022.jpg?resize=300%2C167&amp;ssl=1 300w, https:\/\/i0.wp.com\/portugalizar.com\/wp-content\/uploads\/2022\/07\/Cristiano-Martins-%E2%80%94-24-de-Junho-2022.jpg?resize=768%2C427&amp;ssl=1 768w, https:\/\/i0.wp.com\/portugalizar.com\/wp-content\/uploads\/2022\/07\/Cristiano-Martins-%E2%80%94-24-de-Junho-2022.jpg?resize=1536%2C854&amp;ssl=1 1536w, https:\/\/i0.wp.com\/portugalizar.com\/wp-content\/uploads\/2022\/07\/Cristiano-Martins-%E2%80%94-24-de-Junho-2022.jpg?resize=2048%2C1139&amp;ssl=1 2048w, https:\/\/i0.wp.com\/portugalizar.com\/wp-content\/uploads\/2022\/07\/Cristiano-Martins-%E2%80%94-24-de-Junho-2022.jpg?resize=18%2C10&amp;ssl=1 18w, https:\/\/i0.wp.com\/portugalizar.com\/wp-content\/uploads\/2022\/07\/Cristiano-Martins-%E2%80%94-24-de-Junho-2022.jpg?resize=2000%2C1112&amp;ssl=1 2000w, https:\/\/i0.wp.com\/portugalizar.com\/wp-content\/uploads\/2022\/07\/Cristiano-Martins-%E2%80%94-24-de-Junho-2022.jpg?w=1900&amp;ssl=1 1900w\" sizes=\"(max-width: 950px) 100vw, 950px\" \/><figcaption><strong>Cristiano Martins, Jardim do Coreto, 24 de Junho de 2022<\/strong><\/figcaption><\/figure>\n\n\n\n<p>Mais uma vez, a m\u00fasica era b\u00e1sica. Uma boa batida, repetitiva e muito dan\u00e7\u00e1vel. E todos se divertiam muito. \u00c9 a multid\u00e3o a divertir-se que \u00e9 o mais divertido para mim assistir. Por isso, v\u00e1 em frente, ou\u00e7a. Oops! Desculpem outro bot\u00e3o azul para clicar. Mas v\u00e1 em frente, fa\u00e7a-o. J\u00e1 teve tanta pr\u00e1tica. Clique aqui. <a href=\"https:\/\/youtu.be\/Fwo7X17ZxK0\" target=\"_blank\" rel=\"noreferrer noopener\">\u25b6\ufe0f<\/a>. Desta vez n\u00e3o tem de voltar. Acab\u00e1mos por esta semana.<\/p>\n\n\n\n<p>At\u00e9 \u00e0 pr\u00f3xima quinta! \/\/ At\u00e9 \u00e0 pr\u00f3xima quinta! E, a prop\u00f3sito, saiu f\u00e1cil esta semana. Nada da minha filosofiza\u00e7\u00e3o, teoriza\u00e7\u00e3o e afins. N\u00e3o conte com isso na pr\u00f3xima semana. \ud83d\ude07<\/p>","protected":false},"excerpt":{"rendered":"<p>Ap\u00f3s quase tr\u00eas anos de lockdowns. Depois de numerosas f\u00e9rias canceladas e celebra\u00e7\u00f5es adiadas. Bem, Tavira voltou \u00e0 vida com as suas celebra\u00e7\u00f5es g\u00e9meas do Dia da Cidade e a Festa de S\u00e3o Jo\u00e3o. Uma grande celebra\u00e7\u00e3o, com a dura\u00e7\u00e3o de uma semana, que conduziu a todas as festividades do Ver\u00e3o. Leia mais... <\/p>","protected":false},"author":1,"featured_media":1906,"comment_status":"open","ping_status":"closed","sticky":false,"template":"","format":"standard","meta":{"nf_dc_page":"","om_disable_all_campaigns":false,"_monsterinsights_skip_tracking":false,"_monsterinsights_sitenote_active":false,"_monsterinsights_sitenote_note":"","_monsterinsights_sitenote_category":0,"_themeisle_gutenberg_block_has_review":false,"_jetpack_memberships_contains_paid_content":false,"footnotes":""},"categories":[8,9,10],"tags":[],"class_list":["post-1902","post","type-post","status-publish","format-standard","has-post-thumbnail","hentry","category-culture-customs","category-history","category-place"],"yoast_head":"<!-- This site is optimized with the Yoast SEO plugin v27.4 - https:\/\/yoast.com\/product\/yoast-seo-wordpress\/ -->\n<title>HAPPY DAYS ARE HERE AGAIN! A SPECIAL EDITION - PORTUGALIZAR<\/title>\n<meta name=\"description\" content=\"Tavira kicks off summer in grand style. Covid of course kiboshed all festivities for two years. But now happy days are here again.\" \/>\n<meta name=\"robots\" content=\"index, follow, max-snippet:-1, max-image-preview:large, max-video-preview:-1\" \/>\n<link rel=\"canonical\" href=\"https:\/\/portugalizar.com\/pt\/happy-days-are-here-again\/\" \/>\n<meta property=\"og:locale\" content=\"pt_PT\" \/>\n<meta property=\"og:type\" content=\"article\" \/>\n<meta property=\"og:title\" content=\"HAPPY DAYS ARE HERE AGAIN! A SPECIAL EDITION - PORTUGALIZAR\" \/>\n<meta property=\"og:description\" content=\"Tavira kicks off summer in grand style. Covid of course kiboshed all festivities for two years. But now happy days are here again.\" \/>\n<meta property=\"og:url\" content=\"https:\/\/portugalizar.com\/pt\/happy-days-are-here-again\/\" \/>\n<meta property=\"og:site_name\" content=\"PORTUGALIZAR\" \/>\n<meta property=\"article:published_time\" content=\"2022-07-14T04:00:00+00:00\" \/>\n<meta property=\"article:modified_time\" content=\"2022-07-14T16:53:03+00:00\" \/>\n<meta property=\"og:image\" content=\"https:\/\/portugalizar.com\/wp-content\/uploads\/2022\/06\/Document.jpeg\" \/>\n\t<meta property=\"og:image:width\" content=\"1300\" \/>\n\t<meta property=\"og:image:height\" content=\"309\" \/>\n\t<meta property=\"og:image:type\" content=\"image\/jpeg\" \/>\n<meta name=\"author\" content=\"Gui\" \/>\n<meta name=\"twitter:card\" content=\"summary_large_image\" \/>\n<meta name=\"twitter:label1\" content=\"Escrito por\" \/>\n\t<meta name=\"twitter:data1\" content=\"Gui\" \/>\n\t<meta name=\"twitter:label2\" content=\"Tempo estimado de leitura\" \/>\n\t<meta name=\"twitter:data2\" content=\"10 minutos\" \/>\n<script type=\"application\/ld+json\" class=\"yoast-schema-graph\">{\"@context\":\"https:\\\/\\\/schema.org\",\"@graph\":[{\"@type\":\"Article\",\"@id\":\"https:\\\/\\\/portugalizar.com\\\/happy-days-are-here-again\\\/#article\",\"isPartOf\":{\"@id\":\"https:\\\/\\\/portugalizar.com\\\/happy-days-are-here-again\\\/\"},\"author\":{\"name\":\"Gui\",\"@id\":\"https:\\\/\\\/portugalizar.com\\\/#\\\/schema\\\/person\\\/1f60af48f39895b897e26d9d92ecf6db\"},\"headline\":\"HAPPY DAYS ARE HERE AGAIN! A SPECIAL EDITION\",\"datePublished\":\"2022-07-14T04:00:00+00:00\",\"dateModified\":\"2022-07-14T16:53:03+00:00\",\"mainEntityOfPage\":{\"@id\":\"https:\\\/\\\/portugalizar.com\\\/happy-days-are-here-again\\\/\"},\"wordCount\":1660,\"commentCount\":6,\"publisher\":{\"@id\":\"https:\\\/\\\/portugalizar.com\\\/#organization\"},\"image\":{\"@id\":\"https:\\\/\\\/portugalizar.com\\\/happy-days-are-here-again\\\/#primaryimage\"},\"thumbnailUrl\":\"https:\\\/\\\/i0.wp.com\\\/portugalizar.com\\\/wp-content\\\/uploads\\\/2022\\\/06\\\/Document.jpeg?fit=1300%2C309&ssl=1\",\"articleSection\":[\"Culture &amp; Customs\",\"History\",\"Place\"],\"inLanguage\":\"pt-PT\",\"potentialAction\":[{\"@type\":\"CommentAction\",\"name\":\"Comment\",\"target\":[\"https:\\\/\\\/portugalizar.com\\\/happy-days-are-here-again\\\/#respond\"]}]},{\"@type\":\"WebPage\",\"@id\":\"https:\\\/\\\/portugalizar.com\\\/happy-days-are-here-again\\\/\",\"url\":\"https:\\\/\\\/portugalizar.com\\\/happy-days-are-here-again\\\/\",\"name\":\"HAPPY DAYS ARE HERE AGAIN! A SPECIAL EDITION - PORTUGALIZAR\",\"isPartOf\":{\"@id\":\"https:\\\/\\\/portugalizar.com\\\/#website\"},\"primaryImageOfPage\":{\"@id\":\"https:\\\/\\\/portugalizar.com\\\/happy-days-are-here-again\\\/#primaryimage\"},\"image\":{\"@id\":\"https:\\\/\\\/portugalizar.com\\\/happy-days-are-here-again\\\/#primaryimage\"},\"thumbnailUrl\":\"https:\\\/\\\/i0.wp.com\\\/portugalizar.com\\\/wp-content\\\/uploads\\\/2022\\\/06\\\/Document.jpeg?fit=1300%2C309&ssl=1\",\"datePublished\":\"2022-07-14T04:00:00+00:00\",\"dateModified\":\"2022-07-14T16:53:03+00:00\",\"description\":\"Tavira kicks off summer in grand style. Covid of course kiboshed all festivities for two years. But now happy days are here again.\",\"breadcrumb\":{\"@id\":\"https:\\\/\\\/portugalizar.com\\\/happy-days-are-here-again\\\/#breadcrumb\"},\"inLanguage\":\"pt-PT\",\"potentialAction\":[{\"@type\":\"ReadAction\",\"target\":[\"https:\\\/\\\/portugalizar.com\\\/happy-days-are-here-again\\\/\"]}]},{\"@type\":\"ImageObject\",\"inLanguage\":\"pt-PT\",\"@id\":\"https:\\\/\\\/portugalizar.com\\\/happy-days-are-here-again\\\/#primaryimage\",\"url\":\"https:\\\/\\\/i0.wp.com\\\/portugalizar.com\\\/wp-content\\\/uploads\\\/2022\\\/06\\\/Document.jpeg?fit=1300%2C309&ssl=1\",\"contentUrl\":\"https:\\\/\\\/i0.wp.com\\\/portugalizar.com\\\/wp-content\\\/uploads\\\/2022\\\/06\\\/Document.jpeg?fit=1300%2C309&ssl=1\",\"width\":1300,\"height\":309},{\"@type\":\"BreadcrumbList\",\"@id\":\"https:\\\/\\\/portugalizar.com\\\/happy-days-are-here-again\\\/#breadcrumb\",\"itemListElement\":[{\"@type\":\"ListItem\",\"position\":1,\"name\":\"Home\",\"item\":\"https:\\\/\\\/portugalizar.com\\\/\"},{\"@type\":\"ListItem\",\"position\":2,\"name\":\"HAPPY DAYS ARE HERE AGAIN! A SPECIAL EDITION\"}]},{\"@type\":\"WebSite\",\"@id\":\"https:\\\/\\\/portugalizar.com\\\/#website\",\"url\":\"https:\\\/\\\/portugalizar.com\\\/\",\"name\":\"PORTUGALIZAR\",\"description\":\"\",\"publisher\":{\"@id\":\"https:\\\/\\\/portugalizar.com\\\/#organization\"},\"potentialAction\":[{\"@type\":\"SearchAction\",\"target\":{\"@type\":\"EntryPoint\",\"urlTemplate\":\"https:\\\/\\\/portugalizar.com\\\/?s={search_term_string}\"},\"query-input\":{\"@type\":\"PropertyValueSpecification\",\"valueRequired\":true,\"valueName\":\"search_term_string\"}}],\"inLanguage\":\"pt-PT\"},{\"@type\":\"Organization\",\"@id\":\"https:\\\/\\\/portugalizar.com\\\/#organization\",\"name\":\"PORTUGALIZAR\",\"url\":\"https:\\\/\\\/portugalizar.com\\\/\",\"logo\":{\"@type\":\"ImageObject\",\"inLanguage\":\"pt-PT\",\"@id\":\"https:\\\/\\\/portugalizar.com\\\/#\\\/schema\\\/logo\\\/image\\\/\",\"url\":\"\",\"contentUrl\":\"\",\"caption\":\"PORTUGALIZAR\"},\"image\":{\"@id\":\"https:\\\/\\\/portugalizar.com\\\/#\\\/schema\\\/logo\\\/image\\\/\"}},{\"@type\":\"Person\",\"@id\":\"https:\\\/\\\/portugalizar.com\\\/#\\\/schema\\\/person\\\/1f60af48f39895b897e26d9d92ecf6db\",\"name\":\"Gui\",\"image\":{\"@type\":\"ImageObject\",\"inLanguage\":\"pt-PT\",\"@id\":\"https:\\\/\\\/secure.gravatar.com\\\/avatar\\\/0bef00a699e73fc60016c16a6f44683b2a027bb1b48a4b3973732af4cc636712?s=96&d=mm&r=g\",\"url\":\"https:\\\/\\\/secure.gravatar.com\\\/avatar\\\/0bef00a699e73fc60016c16a6f44683b2a027bb1b48a4b3973732af4cc636712?s=96&d=mm&r=g\",\"contentUrl\":\"https:\\\/\\\/secure.gravatar.com\\\/avatar\\\/0bef00a699e73fc60016c16a6f44683b2a027bb1b48a4b3973732af4cc636712?s=96&d=mm&r=g\",\"caption\":\"Gui\"},\"url\":\"https:\\\/\\\/portugalizar.com\\\/pt\\\/author\\\/spestheonlyone\\\/\"}]}<\/script>\n<!-- \/ Yoast SEO plugin. -->","yoast_head_json":{"title":"OS DIAS FELIZES EST\u00c3O DE VOLTA! UMA EDI\u00c7\u00c3O ESPECIAL - PORTUGALIZAR","description":"Tavira d\u00e1 in\u00edcio ao ver\u00e3o em grande estilo. A Covid, como \u00e9 \u00f3bvio, suspendeu todas as festividades durante dois anos. Mas agora os dias felizes est\u00e3o de volta.","robots":{"index":"index","follow":"follow","max-snippet":"max-snippet:-1","max-image-preview":"max-image-preview:large","max-video-preview":"max-video-preview:-1"},"canonical":"https:\/\/portugalizar.com\/pt\/happy-days-are-here-again\/","og_locale":"pt_PT","og_type":"article","og_title":"HAPPY DAYS ARE HERE AGAIN! A SPECIAL EDITION - PORTUGALIZAR","og_description":"Tavira kicks off summer in grand style. Covid of course kiboshed all festivities for two years. But now happy days are here again.","og_url":"https:\/\/portugalizar.com\/pt\/happy-days-are-here-again\/","og_site_name":"PORTUGALIZAR","article_published_time":"2022-07-14T04:00:00+00:00","article_modified_time":"2022-07-14T16:53:03+00:00","og_image":[{"width":1300,"height":309,"url":"https:\/\/portugalizar.com\/wp-content\/uploads\/2022\/06\/Document.jpeg","type":"image\/jpeg"}],"author":"Gui","twitter_card":"summary_large_image","twitter_misc":{"Escrito por":"Gui","Tempo estimado de leitura":"10 minutos"},"schema":{"@context":"https:\/\/schema.org","@graph":[{"@type":"Article","@id":"https:\/\/portugalizar.com\/happy-days-are-here-again\/#article","isPartOf":{"@id":"https:\/\/portugalizar.com\/happy-days-are-here-again\/"},"author":{"name":"Gui","@id":"https:\/\/portugalizar.com\/#\/schema\/person\/1f60af48f39895b897e26d9d92ecf6db"},"headline":"HAPPY DAYS ARE HERE AGAIN! A SPECIAL EDITION","datePublished":"2022-07-14T04:00:00+00:00","dateModified":"2022-07-14T16:53:03+00:00","mainEntityOfPage":{"@id":"https:\/\/portugalizar.com\/happy-days-are-here-again\/"},"wordCount":1660,"commentCount":6,"publisher":{"@id":"https:\/\/portugalizar.com\/#organization"},"image":{"@id":"https:\/\/portugalizar.com\/happy-days-are-here-again\/#primaryimage"},"thumbnailUrl":"https:\/\/i0.wp.com\/portugalizar.com\/wp-content\/uploads\/2022\/06\/Document.jpeg?fit=1300%2C309&ssl=1","articleSection":["Culture &amp; Customs","History","Place"],"inLanguage":"pt-PT","potentialAction":[{"@type":"CommentAction","name":"Comment","target":["https:\/\/portugalizar.com\/happy-days-are-here-again\/#respond"]}]},{"@type":"WebPage","@id":"https:\/\/portugalizar.com\/happy-days-are-here-again\/","url":"https:\/\/portugalizar.com\/happy-days-are-here-again\/","name":"OS DIAS FELIZES EST\u00c3O DE VOLTA! UMA EDI\u00c7\u00c3O ESPECIAL - PORTUGALIZAR","isPartOf":{"@id":"https:\/\/portugalizar.com\/#website"},"primaryImageOfPage":{"@id":"https:\/\/portugalizar.com\/happy-days-are-here-again\/#primaryimage"},"image":{"@id":"https:\/\/portugalizar.com\/happy-days-are-here-again\/#primaryimage"},"thumbnailUrl":"https:\/\/i0.wp.com\/portugalizar.com\/wp-content\/uploads\/2022\/06\/Document.jpeg?fit=1300%2C309&ssl=1","datePublished":"2022-07-14T04:00:00+00:00","dateModified":"2022-07-14T16:53:03+00:00","description":"Tavira d\u00e1 in\u00edcio ao ver\u00e3o em grande estilo. A Covid, como \u00e9 \u00f3bvio, suspendeu todas as festividades durante dois anos. Mas agora os dias felizes est\u00e3o de volta.","breadcrumb":{"@id":"https:\/\/portugalizar.com\/happy-days-are-here-again\/#breadcrumb"},"inLanguage":"pt-PT","potentialAction":[{"@type":"ReadAction","target":["https:\/\/portugalizar.com\/happy-days-are-here-again\/"]}]},{"@type":"ImageObject","inLanguage":"pt-PT","@id":"https:\/\/portugalizar.com\/happy-days-are-here-again\/#primaryimage","url":"https:\/\/i0.wp.com\/portugalizar.com\/wp-content\/uploads\/2022\/06\/Document.jpeg?fit=1300%2C309&ssl=1","contentUrl":"https:\/\/i0.wp.com\/portugalizar.com\/wp-content\/uploads\/2022\/06\/Document.jpeg?fit=1300%2C309&ssl=1","width":1300,"height":309},{"@type":"BreadcrumbList","@id":"https:\/\/portugalizar.com\/happy-days-are-here-again\/#breadcrumb","itemListElement":[{"@type":"ListItem","position":1,"name":"Home","item":"https:\/\/portugalizar.com\/"},{"@type":"ListItem","position":2,"name":"HAPPY DAYS ARE HERE AGAIN! A SPECIAL EDITION"}]},{"@type":"WebSite","@id":"https:\/\/portugalizar.com\/#website","url":"https:\/\/portugalizar.com\/","name":"PORTUGALIZAR","description":"","publisher":{"@id":"https:\/\/portugalizar.com\/#organization"},"potentialAction":[{"@type":"SearchAction","target":{"@type":"EntryPoint","urlTemplate":"https:\/\/portugalizar.com\/?s={search_term_string}"},"query-input":{"@type":"PropertyValueSpecification","valueRequired":true,"valueName":"search_term_string"}}],"inLanguage":"pt-PT"},{"@type":"Organization","@id":"https:\/\/portugalizar.com\/#organization","name":"PORTUGALIZAR","url":"https:\/\/portugalizar.com\/","logo":{"@type":"ImageObject","inLanguage":"pt-PT","@id":"https:\/\/portugalizar.com\/#\/schema\/logo\/image\/","url":"","contentUrl":"","caption":"PORTUGALIZAR"},"image":{"@id":"https:\/\/portugalizar.com\/#\/schema\/logo\/image\/"}},{"@type":"Person","@id":"https:\/\/portugalizar.com\/#\/schema\/person\/1f60af48f39895b897e26d9d92ecf6db","name":"Gui","image":{"@type":"ImageObject","inLanguage":"pt-PT","@id":"https:\/\/secure.gravatar.com\/avatar\/0bef00a699e73fc60016c16a6f44683b2a027bb1b48a4b3973732af4cc636712?s=96&d=mm&r=g","url":"https:\/\/secure.gravatar.com\/avatar\/0bef00a699e73fc60016c16a6f44683b2a027bb1b48a4b3973732af4cc636712?s=96&d=mm&r=g","contentUrl":"https:\/\/secure.gravatar.com\/avatar\/0bef00a699e73fc60016c16a6f44683b2a027bb1b48a4b3973732af4cc636712?s=96&d=mm&r=g","caption":"Gui"},"url":"https:\/\/portugalizar.com\/pt\/author\/spestheonlyone\/"}]}},"jetpack_featured_media_url":"https:\/\/i0.wp.com\/portugalizar.com\/wp-content\/uploads\/2022\/06\/Document.jpeg?fit=1300%2C309&ssl=1","jetpack-related-posts":[],"jetpack_sharing_enabled":true,"_links":{"self":[{"href":"https:\/\/portugalizar.com\/pt\/wp-json\/wp\/v2\/posts\/1902","targetHints":{"allow":["GET"]}}],"collection":[{"href":"https:\/\/portugalizar.com\/pt\/wp-json\/wp\/v2\/posts"}],"about":[{"href":"https:\/\/portugalizar.com\/pt\/wp-json\/wp\/v2\/types\/post"}],"author":[{"embeddable":true,"href":"https:\/\/portugalizar.com\/pt\/wp-json\/wp\/v2\/users\/1"}],"replies":[{"embeddable":true,"href":"https:\/\/portugalizar.com\/pt\/wp-json\/wp\/v2\/comments?post=1902"}],"version-history":[{"count":5,"href":"https:\/\/portugalizar.com\/pt\/wp-json\/wp\/v2\/posts\/1902\/revisions"}],"predecessor-version":[{"id":2068,"href":"https:\/\/portugalizar.com\/pt\/wp-json\/wp\/v2\/posts\/1902\/revisions\/2068"}],"wp:featuredmedia":[{"embeddable":true,"href":"https:\/\/portugalizar.com\/pt\/wp-json\/wp\/v2\/media\/1906"}],"wp:attachment":[{"href":"https:\/\/portugalizar.com\/pt\/wp-json\/wp\/v2\/media?parent=1902"}],"wp:term":[{"taxonomy":"category","embeddable":true,"href":"https:\/\/portugalizar.com\/pt\/wp-json\/wp\/v2\/categories?post=1902"},{"taxonomy":"post_tag","embeddable":true,"href":"https:\/\/portugalizar.com\/pt\/wp-json\/wp\/v2\/tags?post=1902"}],"curies":[{"name":"wp","href":"https:\/\/api.w.org\/{rel}","templated":true}]}}