{"id":1773,"date":"2023-02-06T04:00:00","date_gmt":"2023-02-06T04:00:00","guid":{"rendered":"https:\/\/portugalizar.com\/?p=1773"},"modified":"2023-06-14T08:53:40","modified_gmt":"2023-06-14T08:53:40","slug":"one-life","status":"publish","type":"post","link":"https:\/\/portugalizar.com\/pt\/one-life\/","title":{"rendered":"Voc\u00ea Tem Uma Vida! <br>Viva Agora em Technicolor!"},"content":{"rendered":"<div class=\"wp-block-image\">\n<figure class=\"alignright size-large is-resized\"><img data-recalc-dims=\"1\" fetchpriority=\"high\" decoding=\"async\" src=\"https:\/\/i0.wp.com\/portugalizar.com\/wp-content\/uploads\/2023\/02\/you-are-a-singular-perfect-rose-2023.jpg?resize=465%2C623&#038;ssl=1\" alt=\"\" class=\"wp-image-2170\" width=\"465\" height=\"623\" srcset=\"https:\/\/i0.wp.com\/portugalizar.com\/wp-content\/uploads\/2023\/02\/you-are-a-singular-perfect-rose-2023-scaled.jpg?resize=764%2C1024&amp;ssl=1 764w, https:\/\/i0.wp.com\/portugalizar.com\/wp-content\/uploads\/2023\/02\/you-are-a-singular-perfect-rose-2023-scaled.jpg?resize=224%2C300&amp;ssl=1 224w, https:\/\/i0.wp.com\/portugalizar.com\/wp-content\/uploads\/2023\/02\/you-are-a-singular-perfect-rose-2023-scaled.jpg?resize=768%2C1029&amp;ssl=1 768w, https:\/\/i0.wp.com\/portugalizar.com\/wp-content\/uploads\/2023\/02\/you-are-a-singular-perfect-rose-2023-scaled.jpg?resize=1146%2C1536&amp;ssl=1 1146w, https:\/\/i0.wp.com\/portugalizar.com\/wp-content\/uploads\/2023\/02\/you-are-a-singular-perfect-rose-2023-scaled.jpg?resize=1529%2C2048&amp;ssl=1 1529w, https:\/\/i0.wp.com\/portugalizar.com\/wp-content\/uploads\/2023\/02\/you-are-a-singular-perfect-rose-2023-scaled.jpg?resize=9%2C12&amp;ssl=1 9w, https:\/\/i0.wp.com\/portugalizar.com\/wp-content\/uploads\/2023\/02\/you-are-a-singular-perfect-rose-2023-scaled.jpg?w=1911&amp;ssl=1 1911w\" sizes=\"(max-width: 465px) 100vw, 465px\" \/><figcaption class=\"wp-element-caption\">\"voc\u00ea \u00e9 um TECHNICOLOR perfeito<strong>\u2122<\/strong> rosa\", 2023<\/figcaption><\/figure>\n<\/div>\n\n\n<p><em><strong>Ol\u00e1, meus caros amigos!<\/strong><\/em> \/\/ Ol\u00e1 queridos amigos! <em><strong>Ufa!<\/strong><\/em> <em><strong>H\u00e1 muito tempo.<\/strong><\/em> \/\/ Whew! J\u00e1 l\u00e1 vai muito tempo. <strong><em>Eu sei<\/em><\/strong><em>!<\/em> <em><strong><em><strong>E sinto-me bastante mal por isso.<\/strong><\/em><\/strong><\/em> \/\/ Eu sei! E sinto-me bastante mal com isso. Mas logo a partir do port\u00e3o de partida, preciso de dizer uma coisa. Eu, tal como tu, s\u00f3 tenho uma vida. \"WOW! REALMENTE?\" <em>Eu sei.<\/em>... essa \u00e9 a reac\u00e7\u00e3o que eu esperaria. N\u00e3o \u00e9 uma grande revela\u00e7\u00e3o, pois n\u00e3o?<\/p>\n\n\n\n<p>A grande revela\u00e7\u00e3o? Bem, finalmente percebi que toda a minha vida foi filmada em TECHNICOLOR<strong>\u2122<\/strong>. \u00c9 verdade, tive o meu pr\u00f3prio papel de protagonista num filme cl\u00e1ssico dos anos 50 de Doris Day-esque. E, sim! Com todas essas incr\u00edveis mudan\u00e7as de figurinos de Edith Head e os gloriosos cen\u00e1rios de Richard Riedel. Mas a maior revela\u00e7\u00e3o? As bobinas ainda est\u00e3o a rolar, querida.<\/p>\n\n\n\n<p>Esta \u00e9 apenas mais uma li\u00e7\u00e3o importante que estou a aprender aqui na escola de Santa Luzia. Quem precisa de \"pancadas duras\"?<sup>1<\/sup>. O meu verdadeiro tutor? A longa-metragem da vida quotidiana rolando continuamente fora da nossa porta da frente.<\/p>\n\n\n\n<p>Portanto, primeiro, deixem-me p\u00f4r-vos a par dos nossos \u00faltimos seis meses. Mas vou apenas dar os pontos altos. E n\u00e3o tocar na marginalia que por vezes se escreve em agita, drama ou tens\u00e3o. Depois podemos seguir para o post de hoje. E vamos continuar, porque as actualiza\u00e7\u00f5es v\u00e3o definitivamente ao tema de hoje. Como \u00e9 que isso lhe soa; espero que n\u00e3o haja problema?<\/p>\n\n\n\n<h2 class=\"wp-block-heading\">Apenas Uma Vida: Uma Actualiza\u00e7\u00e3o<\/h2>\n\n\n\n<h3 class=\"wp-block-heading\">Fam\u00edlia e Amigos<\/h3>\n\n\n\n<p>No final de julho, 11 pessoas da minha fam\u00edlia (do Will) visitaram-nos aqui em Santa Luzia. Estiveram connosco durante uma semana. E como nos divertimos juntos! Jo\u00e3o de <a href=\"https:\/\/mariastuktuk.com\/\" target=\"_blank\" rel=\"noreferrer noopener\">Maria's Tuk Tuk Tuk<\/a> conduzem-nos numa excurs\u00e3o fant\u00e1stica e incrivelmente informativa pelas salinas em Santa Luzia e Tavira e arredores. Arturo de <a href=\"https:\/\/sup-adventours.negocio.site\/\" target=\"_blank\" rel=\"noreferrer noopener\">SupAdventours<\/a> levou-nos a explorar durante um dia no <a href=\"https:\/\/www.visitportugal.com\/pt-pt\/content\/parque-natural-da-ria-formosa\">Ria Formosa<\/a> com pranchas de remo stand-up (gente mais jovem) e caiaques (gente mais velha). Guillaume de <a href=\"https:\/\/www.facebook.com\/tchincheese\" target=\"_blank\" rel=\"noreferrer noopener\">Tchin-Cheese<\/a> em Tavira acolheu-nos para uma soir\u00e9e de abertura de olhos repleta de espantosos e pouco conhecidos vinhos portugueses e incr\u00edveis queijos franceses. <\/p>\n\n\n\n<p>Al\u00e9m disso, n\u00e3o se gastou muito tempo a fazer absolutamente nada numa das praias mais armazenadas de Portugal, <a href=\"https:\/\/www.visitportugal.com\/pt-pt\/content\/praia-do-barril\" target=\"_blank\" rel=\"noreferrer noopener\">Praia do Barril<\/a>aqui mesmo em Santa Luzia. Depois, tamb\u00e9m a trabalhar no campo na nossa <a href=\"https:\/\/www.abiliobikes.com\/en\/\" target=\"_blank\" rel=\"noreferrer noopener\">bicicletas Abilio alugadas<\/a>. Comemos bem, fizemos momentos m\u00e1gicos, rimo-nos muito, e discutimos um pouco. Por outras palavras, \u00e9ramos uma fam\u00edlia.<\/p>\n\n\n\n<p>Em Agosto pass\u00e1mos uma semana em Taormina, Sic\u00edlia, como convidados de queridos amigos queridos. Divertimo-nos imenso a visitar a antiga cidade de <a href=\"https:\/\/www.visitsicily.info\/en\/localita\/siracusa\/\" target=\"_blank\" rel=\"noreferrer noopener\">Siracusa<\/a> e escalada das colinas vulc\u00e2nicas do monte Etna. Numa vinha em socalcos, prov\u00e1mos vinhos incr\u00edveis que foram produzidos nas encostas do Etna durante mais de 1000 anos. Mas os melhores momentos foram os melhores momentos sentados durante longas horas \u00e0 volta da mesa de jantar, enquanto renov\u00e1vamos estas amizades preciosas e duradouras.<\/p>\n\n\n\n<p>Setembro foi igualmente especial. Vo\u00e1mos de volta para a nossa cidade natal, Nova Iorque, durante duas semanas. Um dos nossos mais queridos amigos, <a href=\"https:\/\/www.youtube.com\/watch?v=GwYnknl61KE\" target=\"_blank\" rel=\"noreferrer noopener\">Rei Lear do T\u00e1xi<\/a>, fez 70 anos. Festej\u00e1mos o seu anivers\u00e1rio em grande estilo, assim como saud\u00e1mos a incr\u00edvel boa not\u00edcia de que o seu cancro estava agora em remiss\u00e3o total. Cada minuto foi uma b\u00ean\u00e7\u00e3o alegre.<\/p>\n\n\n\n<h3 class=\"wp-block-heading\">Grandes Marcos<\/h3>\n\n\n\n<p>Em Outubro encerramos com a compra de um <em>petit<\/em> (32m<sup>2<\/sup>ou cerca de 340sf<sup>2<\/sup>) apartamento num belo edif\u00edcio do in\u00edcio do s\u00e9culo XIX, no 11\u00ba arrondissement de Paris. Fica perto do <a href=\"https:\/\/en.wikipedia.org\/wiki\/P%C3%A8re_Lachaise_Cemetery\" target=\"_blank\" rel=\"noreferrer noopener\">Cimetiere Pere Lachaise<\/a>, <a href=\"https:\/\/en.parisinfo.com\/discovering-paris\/walks-in-paris\/exploring-the-marais\" target=\"_blank\" rel=\"noreferrer noopener\">Le Marais<\/a> e o <a href=\"https:\/\/en.wikipedia.org\/wiki\/Op%C3%A9ra_Bastille\" target=\"_blank\" rel=\"noreferrer noopener\">Op\u00e9ra Bastilha<\/a>. Pass\u00e1mos apenas cerca de duas semanas em Paris a explorar o nosso novo bairro e a fazer novos amigos encantadores entre os nossos vizinhos. Partilharei mais sobre isto em futuros posts.<\/p>\n\n\n\n<p>Dezembro viu-nos de novo em Nova Iorque durante todo o m\u00eas. Quer\u00edamos passar as f\u00e9rias com a fam\u00edlia e amigos, claro. Mas tamb\u00e9m t\u00ednhamos trabalho a fazer. Por exemplo, atar pontas soltas na propriedade do pai de Joseph (Blackie faleceu em Dezembro de 2021). Mas em segundo lugar, tamb\u00e9m preparar o nosso apartamento da cidade de Nova Iorque para venda. <\/p>\n\n\n\n<p>Dezembro foi emocionalmente carregado e fisicamente drenado. Tratou-se de encerrar e seguir em frente. Nunca foi f\u00e1cil. A morte dos seus \u00faltimos pais muda uma fam\u00edlia para sempre. Manter a fam\u00edlia torna-se agora uma responsabilidade pessoal em vez de uma responsabilidade parental. Muitas decis\u00f5es, escolhas e emo\u00e7\u00f5es indesejadas (por exemplo, raiva, culpa e arrependimento) pesam consigo e sobre si. <\/p>\n\n\n\n<p>E depois a venda da nossa casa, que est\u00e1 sempre a ser dificultada, torna-se mais dif\u00edcil quando carregada de finalidades. Toda a nossa vida juntos, 33 anos, foi passada na cidade de Nova Iorque. Deixar de lado a nossa \u00faltima liga\u00e7\u00e3o f\u00edsica \u00e0 nossa amada cidade, as mem\u00f3rias que ela guarda e os amigos que ainda abra\u00e7a tem sido t\u00e3o dif\u00edcil. Sente-se crua e aberta. \u00c9 prov\u00e1vel que continue a ser uma sarna a que nos vamos co\u00e7ar durante bastante tempo.<\/p>\n\n\n\n<h3 class=\"wp-block-heading\">Transi\u00e7\u00f5es de Vida e A Transi\u00e7\u00e3o<\/h3>\n\n\n\n<figure class=\"wp-block-image alignwide size-large\"><img data-recalc-dims=\"1\" decoding=\"async\" width=\"950\" height=\"815\" src=\"https:\/\/i0.wp.com\/portugalizar.com\/wp-content\/uploads\/2023\/12\/Between-R2-Worlds-2023.png?resize=950%2C815&#038;ssl=1\" alt=\"\" class=\"wp-image-2160\" srcset=\"https:\/\/i0.wp.com\/portugalizar.com\/wp-content\/uploads\/2023\/12\/Between-R2-Worlds-2023.png?resize=1024%2C879&amp;ssl=1 1024w, https:\/\/i0.wp.com\/portugalizar.com\/wp-content\/uploads\/2023\/12\/Between-R2-Worlds-2023.png?resize=300%2C258&amp;ssl=1 300w, https:\/\/i0.wp.com\/portugalizar.com\/wp-content\/uploads\/2023\/12\/Between-R2-Worlds-2023.png?resize=768%2C659&amp;ssl=1 768w, https:\/\/i0.wp.com\/portugalizar.com\/wp-content\/uploads\/2023\/12\/Between-R2-Worlds-2023.png?resize=1536%2C1319&amp;ssl=1 1536w, https:\/\/i0.wp.com\/portugalizar.com\/wp-content\/uploads\/2023\/12\/Between-R2-Worlds-2023.png?resize=2048%2C1758&amp;ssl=1 2048w, https:\/\/i0.wp.com\/portugalizar.com\/wp-content\/uploads\/2023\/12\/Between-R2-Worlds-2023.png?resize=14%2C12&amp;ssl=1 14w, https:\/\/i0.wp.com\/portugalizar.com\/wp-content\/uploads\/2023\/12\/Between-R2-Worlds-2023.png?resize=2000%2C1717&amp;ssl=1 2000w, https:\/\/i0.wp.com\/portugalizar.com\/wp-content\/uploads\/2023\/12\/Between-R2-Worlds-2023.png?w=1900&amp;ssl=1 1900w\" sizes=\"(max-width: 950px) 100vw, 950px\" \/><figcaption class=\"wp-element-caption\">\"Algures entre aqui e ali\", 2023<\/figcaption><\/figure>\n\n\n\n<p>A certa altura, durante esses meses anteriores, estamos no ar (novamente!). Encontramo-nos entre outro lugar e Santa Luzia. \u00c9 tarde do dia. O sol est\u00e1 apenas a come\u00e7ar a p\u00f4r-se do outro lado do avi\u00e3o. Eu olho pela janela do nosso lado. Uma espessa faixa de luz do p\u00f4r-do-sol \u00e9 refractada a vermelho dentro das nuvens. Divide-se o violeta da noite que chega por baixo e o azul do dia parado por cima. <\/p>\n\n\n\n<p>Neste momento, encontramo-nos no ponto de inflex\u00e3o entre hoje e amanh\u00e3, em ambos e em nenhum dos dois simultaneamente. Parece-me o lugar e o tempo da magia. Apanhado entre aqui e ali (<em>\"algures entre aqui e ali\"<\/em> ). Agora vulner\u00e1vel \u00e0 magia.<\/p>\n\n\n\n<p>A morte de um pai, a embalagem de uma casa para outra, um anivers\u00e1rio significativo, o acolhimento de uma nova vida na sua vida, uma doen\u00e7a grave, etc. Estes e tantos pontos no tempo provaram ser rachaduras no meu mundo. A magia invadiu ent\u00e3o a minha vida. Magia que \u00e9 ao mesmo tempo maravilhosamente bela e extremamente dura. <\/p>\n\n\n\n<p>As fendas que libertam magia s\u00e3o muito mais comuns, isto \u00e9, quotidianas, do que alguma vez imaginei. Talvez eu esteja mais atento agora do que anteriormente? Talvez Santa Luzia seja um tutor melhor do que eu j\u00e1 tive antes? N\u00e3o importa qual e provavelmente alguma combina\u00e7\u00e3o de ambas. Mas continuo a descobrir muita magia aqui.<\/p>\n\n\n\n<p>Por exemplo, o envelhecimento, sobre o qual tenho pensado muito ultimamente. Ser\u00e1 uma daquelas fissuras que vazam magia? Desnudo comigo. N\u00e3o \u00e9 permitido aqui nenhum romantismo banal. N\u00e3o \u00e9 f\u00e1cil envelhecer e ser mais velho. Especialmente para se juntar aos mais velhos. Mas ser\u00e1 que existe alguma beleza maravilhosa que se conjuga com as realidades obviamente duras?<\/p>\n\n\n\n<h2 class=\"wp-block-heading\">Envelhecer: Mais da Magia da Vida?<\/h2>\n\n\n\n<p>Sim, as coisas doem, muitas coisas. Coisas que nem voc\u00ea nem eu sab\u00edamos que existiam, digamos vinte anos antes ou mesmo dez. Mas h\u00e1 mais do que dores e dores. N\u00e3o h\u00e1? <\/p>\n\n\n\n<p>A mem\u00f3ria est\u00e1 enferrujada. Pensamentos rangentes. N\u00e3o que eu n\u00e3o os tenha carregado antes mas agora o meu balde est\u00e1 um pouco mais cheio. Depois, tamb\u00e9m, a guloseima, que uma vez eu segurava em espadas. Ser\u00e1 que se levantou e se foi? Um pouco mais, sim.<\/p>\n\n\n\n<p>Mas acho que o pior \u00e9 que comecei a desaparecer. N\u00e3o a s\u00e9rio. Mas noto que sou cada vez menos notado. Ou assim penso que sou. Talvez eu me permita ser. Mas o envelhecimento pode parecer o maior dos actos de desaparecimento do Grande Houdini. N\u00e3o tanto por magia como por um pouco de vida em vez de m\u00e3o.<\/p>\n\n\n\n<p>Mas aqui, em Portugal, o envelhecimento parece realmente diferente. Sim, ainda existem dores, tal como em qualquer outro lugar. As fundas e flechas n\u00e3o s\u00e3o menos. Claro que Portugal tem muita magia, que eu aspiro a partilhar nestes postes. Mas, infelizmente, a Fonte da Juventude n\u00e3o \u00e9 um deles. Mas o acto de desaparecimento do Grande Houdini n\u00e3o \u00e9 t\u00e3o bom quanto isso. Aqui os mais velhos destacam-se. Assumam o comando. Garner admira\u00e7\u00e3o e respeito. A defer\u00eancia \u00e9 o seu justo dever. Por exemplo...<\/p>\n\n\n\n<figure class=\"wp-block-image alignwide size-large\"><img data-recalc-dims=\"1\" decoding=\"async\" width=\"950\" height=\"713\" src=\"https:\/\/i0.wp.com\/portugalizar.com\/wp-content\/uploads\/2022\/06\/Se-houvesse-peixe-pescariamos.jpg?resize=950%2C713&#038;ssl=1\" alt=\"\" class=\"wp-image-1909\" srcset=\"https:\/\/i0.wp.com\/portugalizar.com\/wp-content\/uploads\/2022\/06\/Se-houvesse-peixe-pescariamos-scaled.jpg?resize=1024%2C768&amp;ssl=1 1024w, https:\/\/i0.wp.com\/portugalizar.com\/wp-content\/uploads\/2022\/06\/Se-houvesse-peixe-pescariamos-scaled.jpg?resize=300%2C225&amp;ssl=1 300w, https:\/\/i0.wp.com\/portugalizar.com\/wp-content\/uploads\/2022\/06\/Se-houvesse-peixe-pescariamos-scaled.jpg?resize=768%2C576&amp;ssl=1 768w, https:\/\/i0.wp.com\/portugalizar.com\/wp-content\/uploads\/2022\/06\/Se-houvesse-peixe-pescariamos-scaled.jpg?resize=1536%2C1152&amp;ssl=1 1536w, https:\/\/i0.wp.com\/portugalizar.com\/wp-content\/uploads\/2022\/06\/Se-houvesse-peixe-pescariamos-scaled.jpg?w=1900&amp;ssl=1 1900w\" sizes=\"(max-width: 950px) 100vw, 950px\" \/><figcaption class=\"wp-element-caption\">\"Se houvesse peixe, pescar\u00edamos!\", 2020<\/figcaption><\/figure>\n\n\n\n<h2 class=\"wp-block-heading\">Antiga Gl\u00f3ria, Mas Gl\u00f3ria N\u00e3o obstante<\/h2>\n\n\n\n<p>Santa Luzia era uma aldeia piscat\u00f3ria. Ainda \u00e9, embora uma sombra p\u00e1lida dos seus <a href=\"https:\/\/portugalizar.com\/pt\/happy-days-are-here-again\/\">passado armazenado<\/a>. Os residentes, homens pelo menos, na sua d\u00e9cada de setenta e mais al\u00e9m, foram para o mar em busca de grandes atuns. Apanhavam v\u00e1rios exemplares por dia. A maioria destes pesava mais de 500 libras (250 quilos). O \u00faltimo foi capturado em 1972. As \u00e1guas quentes impulsionadas pelas altera\u00e7\u00f5es clim\u00e1ticas enviaram o atum para outro lugar. A sobrepesca n\u00e3o ajudou, claro. O grande rabilho azul est\u00e1 agora em perigo. Tal como todo o nosso planeta. Mas este \u00e9 outro assunto.<\/p>\n\n\n\n<p>Alguns dos senhores idosos da aldeia<sup>2<\/sup> ainda se encaminham para <em>como cabanas<\/em> todas as manh\u00e3s. Estas s\u00e3o as cabanas de pesca escarpadas mas pitorescas na orla da nossa aldeia. Penso que s\u00e3o os seus filhos e netos que agora fazem a pesca. Mas estes senhores mais velhos ajudam a carregar os barcos no in\u00edcio do dia. E ajudam a descarregar no final do dia. Entre o in\u00edcio e o fim, reparam redes e armadilhas, assim como arrumam <em>como cabanas<\/em>. Mas tamb\u00e9m fazem um trabalho ainda mais importante.<\/p>\n\n\n\n<p>Eles puxam as cadeiras para dentro de um c\u00edrculo. Claro, fazem lembrar explora\u00e7\u00f5es passadas. Recontam as suas hist\u00f3rias pessoais \"grandes\". Mas, tanto quanto posso dizer das minhas discretas escutas - as poucas palavras que apanho - mais se passa. Mais do que contar e recontar os seus contos de fadas. <\/p>\n\n\n\n<p>H\u00e1 muitos \"mexericos\" mas n\u00e3o s\u00e3o bem mexericos. \u00c9 realmente partilhar not\u00edcias. Quem est\u00e1 a fazer o qu\u00ea. Onde est\u00e3o os melhores pre\u00e7os. Quem tem as melhores laranjas, am\u00eandoas, p\u00earas e ma\u00e7\u00e3s esta esta\u00e7\u00e3o. Quem est\u00e1 doente e quem precisa de alguma ajuda. O qu\u00ea <em>uma c\u00e2mara<\/em> (a c\u00e2mara municipal) est\u00e1 a fazer, ou, mais provavelmente, a n\u00e3o fazer. E assim por diante.<\/p>\n\n\n\n<h2 class=\"wp-block-heading\">A Sabedoria e a Gra\u00e7a como a \u00c1gua <\/h2>\n\n\n\n<p>Quando estes anci\u00e3os se sentam para jantar \u00e0 noite, partilham estas not\u00edcias, estas liga\u00e7\u00f5es e todas as percep\u00e7\u00f5es. Tudo fluindo do c\u00edrculo. Filhos, filhas e netos absorvem tudo. E amanh\u00e3 fluir\u00e1 para os outros. Depois uma torrente para mais e mais outros. Sabedoria. Como a \u00e1gua.<\/p>\n\n\n\n<p>Estou sempre a uma dist\u00e2ncia justa da borda deste c\u00edrculo. Tento n\u00e3o ser notado ou, pelo menos, t\u00e3o \u00f3bvio. Mas estou suficientemente perto para ser notado. \u00c0 minha dist\u00e2ncia, vejo e sinto algo mais. \u00c9 um aditivo para a sabedoria. H\u00e1 mais magia. Este encontro tem uma aura, uma energia. Chamem-lhe o que quiserem... chi, karma, \u00e8lan, chakra... Vou chamar-lhe Grace mas \u00e9 tudo a mesma coisa. \u00c9 simplesmente magia. <\/p>\n\n\n\n<p>A reuni\u00e3o destes cavalheiros gera Gra\u00e7a. Esta Gra\u00e7a \u00e9 uma potente for\u00e7a vital. Ela flui do seu c\u00edrculo para o mundo. Ela aben\u00e7oa tudo, magnifica o bem, amplifica a bondade, eleva a paz e fortifica a justi\u00e7a... pouco a pouco desfaz o nosso ego\u00edsmo, o comercialismo da sociedade, e a gan\u00e2ncia do capitalismo. Esta Gra\u00e7a contende com a nossa cultura de destrui\u00e7\u00e3o<sup>3<\/sup>. Sem estes senhores mais velhos que sabem onde estar\u00edamos. Sem n\u00f3s, anci\u00e3os, a fazer o nosso trabalho de apenas ser anci\u00e3os, onde estaria o mundo?<\/p>\n\n\n\n<p>Estes anci\u00e3os s\u00e3o o que as redes de comunica\u00e7\u00e3o social s\u00e3o supostamente. Os chamados media-moguls deveriam, mas nunca poderiam, replicar esta magia. Mark Zuckerberg saliva-se com o pensamento. Como virtualizar estas pessoas antigas? Mas as mentes destes anci\u00e3os verdadeiramente s\u00e1bios n\u00e3o t\u00eam lugar para monetizar an\u00fancios. Portanto, Zuckerberg resmunga e resmunga, \"porqu\u00ea incomodar-se\".<\/p>\n\n\n\n<p>T\u00e3o fant\u00e1stica beleza (aquela sabedoria e gra\u00e7a) e dura realidade (aquelas dores e a proximidade da morte), ambas juntas, para sempre unidas. Magia! A fuga atrav\u00e9s! Est\u00e1 a acontecer em todo o lado, a toda a hora.<\/p>\n\n\n\n<h2 class=\"wp-block-heading\">A Casa Grande<\/h2>\n\n\n\n<p>Esta pr\u00f3xima vinheta \u00e9 incrivelmente dif\u00edcil de acertar. Vou tentar. Joseph e eu estamos na nossa caminhada di\u00e1ria. Estamos em Setembro de 2020. Encontramo-nos com um jovem a vaguear sozinho na estrada. Ele est\u00e1 ferido. A coxear, com sangue na perna esquerda das costas e a gritar alto. O seu rebanho est\u00e1 do outro lado de uma cerca de corrente alta. Ele est\u00e1 a tentar freneticamente juntar-se a eles.<\/p>\n\n\n\n<p>T\u00ednhamos visto frequentemente um pastor a deslocar este rebanho de campo em campo. Mas n\u00e3o temos ideia de onde ele vive. Eu paro um carro que passa. \"Casa grande\". \"Ru\u00edna\". Essa \u00e9 a resposta que recebo. Juntamente com um dedo a apontar. Mas eu sabia o que o condutor queria dizer. Muitas manh\u00e3s eu tinha passado por aquela \"casa grande\". E acho que foram os c\u00e3es pastor que sempre me perseguiram.<\/p>\n\n\n\n<p>O jovem pastor est\u00e1 a fazer o seu almo\u00e7o quando chegamos \u00e0 \"casa grande\". Trocamos entre o seu ingl\u00eas limitado e o meu (ent\u00e3o) p\u00e9ssimo portugu\u00eas. Mostro uma fotografia do pequeno carneiro ferido. E aponto na direc\u00e7\u00e3o do seu rebanho. Ele agradece-me - <em>obrigado<\/em> - depois o pr\u00f3prio pastor coxeia, como o carneiro, para a sua lambreta motorizada e parte em direc\u00e7\u00e3o ao rebanho.<\/p>\n\n\n\n<figure class=\"wp-block-image alignwide size-full\"><img data-recalc-dims=\"1\" decoding=\"async\" src=\"https:\/\/i0.wp.com\/portugalizar.com\/wp-content\/uploads\/2023\/02\/Em-vez-de-vivermos-em-monotono.jpg?w=950&#038;ssl=1\" alt=\"\" class=\"wp-image-2166\"\/><figcaption class=\"wp-element-caption\">\"Em vez de vivermos em monotono...\", 2021<\/figcaption><\/figure>\n\n\n\n<h2 class=\"wp-block-heading\">A vida pode ser t\u00e3o dif\u00edcil<\/h2>\n\n\n\n<p>Desde ent\u00e3o, tenho encontrado o pastor. Mas por quaisquer raz\u00f5es, esque\u00e7o-me sempre de trocar apresenta\u00e7\u00f5es pessoais. Por isso, n\u00e3o sei o seu nome. Tivemos, no entanto, conversas detilho. A \"casa grande\" foi abandonada, que est\u00e1 dispon\u00edvel. Por isso, ele tinha-se mudado para c\u00e1. O propriet\u00e1rio mudou-o para fora, demasiado perigoso. Foi-lhe oferecido um lugar num campo pr\u00f3ximo, para ele, os seus c\u00e3es e as suas ovelhas. <\/p>\n\n\n\n<p>O seu campo pode ser apenas o mais espectacular de todos os bens imobili\u00e1rios de Santa Luzia. Est\u00e1 situado no topo de uma colina \u00edngreme, virado a sudeste. Laranjeiras em cascata, descendo a colina. Assim a sua vista: um mar de verde verdejante, perfume doce e golpes de laranja brilhante. Depois, a grande extens\u00e3o do oceano sobre \u00c1frica. Espectacular!<\/p>\n\n\n\n<p>Bem, sim, o local \u00e9 de facto espectacular. As acomoda\u00e7\u00f5es n\u00e3o s\u00e3o tanto assim. Durante mais de dois anos, este pastor construiu um r\u00fastico polivinil coberto de polivinil com uma cobertura inclinada. Adicionando gradualmente \u00e1gua e (absconded, ser\u00e1 uma boa palavra?) el\u00e9ctrica. Depois veio o naufr\u00e1gio de uma autocaravana. \u00c9 uma exist\u00eancia rudimentar. A mais pequena das necessidades nua e crua. Mesmo os famosos Invernos suaves portugueses ainda s\u00e3o h\u00famidos e frios.<\/p>\n\n\n\n<h2 class=\"wp-block-heading\">\"Perigo, Will Robinson, Perigo\"<\/h2>\n\n\n\n<p>Agora vem a parte perigosa. Evitando tanto o romantismo como o miserabilismo. Suspendendo qualquer julgamento que envolva ou um pastor nobre ou uma alma pat\u00e9tica. A vida deste tipo \u00e9 sem d\u00favida dif\u00edcil. Mas ele fez uma escolha. Quanta escolha, dadas as op\u00e7\u00f5es limitadas? N\u00e3o sei. <\/p>\n\n\n\n<p>Mesmo assim ele disse-me que a sua vida \u00e9 boa. E ele pr\u00f3prio construiu esta casa, com orgulho \u00f3bvio. E ele gosta de se sentar \"ali\". Apontou para uma cadeira de madeira raqu\u00edtica de frente para o oceano. \"O sol da manh\u00e3 muda a cor de tudo\". As cores mudam sobre o c\u00e9u para a \u00e1gua, para <em>como laranjeiras<\/em> (as laranjeiras) e depois sobre o velo das ovelhas. Ele n\u00e3o diz mas eu penso: a vida em TECHNICOLOR<strong>\u2122<\/strong>. Ele diz: \"\u00c9 bonito\", ou seja, \"\u00e9 bonito\", <em>belo<\/em>. Mas admitindo, diz ele simultaneamente, \"\u00e9 dif\u00edcil, uma luta\", ou seja, uma luta, <em>uma luta<\/em>\"todos os dias\". Beleza e luta. Como os nossos senhores mais velhos no seu c\u00edrculo.<\/p>\n\n\n\n<p>Aqui no topo desta colina. Nesta primitiva inclina\u00e7\u00e3o para. Cheiros fortes derretem: l\u00e3 molhada e excrementos, flores de laranjeira e brisas salgadas. Ele est\u00e1 sozinho, n\u00e3o num c\u00edrculo humano. A sua vida est\u00e1 dentro de outro c\u00edrculo. Uma comunh\u00e3o de elementos, ovelhas, c\u00e3es, \u00e1rvores, o oceano, a lua, estrelas e sol. Acredito que a mesma Gra\u00e7a se ergue deste c\u00edrculo inclinado - como do c\u00edrculo dos senhores mais velhos. \u00c9 a mesma for\u00e7a de vida potente. Ela muda-nos a n\u00f3s e ao nosso mundo para melhor.<\/p>\n\n\n\n<h2 class=\"wp-block-heading\">Vida sem o TECHNICOLOR<strong>\u2122<\/strong><\/h2>\n\n\n\n<p>Est\u00e1 bem. Est\u00e3o agora a pensar: \"O que \u00e9 que ele est\u00e1 a tentar dizer?\". Acho que o que estou a tentar dizer \u00e9: estes dois encontros ensinaram-me a mesma li\u00e7\u00e3o. Enquanto observava e escutava o c\u00edrculo, bem como enquanto estava ao lado do lean-to, encontro beleza e dureza.<sup>4<\/sup> E compreendo que eles s\u00e3o indistingu\u00edveis. Esta indistinguibilidade \u00e9 a potente for\u00e7a vital que me pode salvar de mim mesmo (n\u00f3s de n\u00f3s pr\u00f3prios).<\/p>\n\n\n\n<p>A cultura consumista e capitalista, que n\u00f3s criamos e depois nos contorcemos, quer que separemos a beleza da sua dureza concomitante. A nossa cultura gostaria que acredit\u00e1ssemos que a dureza da vida - as suas dores, dores, todo o tipo de aborrecimentos - pode ser resolvida. Com o carro certo. Usando esse certo tratamento de pele. Com a moda mais actual. Seguindo a dieta correcta. A dureza da vida pode ser comprada ou medicada.<\/p>\n\n\n\n<p>N\u00e3o pode ser. Estar vivo, observo, \u00e9 <strong>suportar<\/strong> beleza, juntamente com dureza e luta. Uma vez a resist\u00eancia foi a maior das virtudes humanas. Para os antigos gregos<sup>5<\/sup>  foi \"\u1fe0\u0314\u03c0\u03bf\u03bc\u03bf\u03bd\u03ae\" ou \"hupomon\u1e17\". Ou seja, a capacidade de viver harmoniosamente com a beleza e a dura realidade. No entanto, a resist\u00eancia n\u00e3o continha passividade. Exigia que se colocasse de p\u00e9 contra o que fer\u00eda a beleza ou cortava a liga\u00e7\u00e3o entre a beleza e a dureza. A tirania e a opress\u00e3o n\u00e3o eram toleradas. Nem a injusti\u00e7a, nem a iniquidade. Nem necessidade, nem sofrimento.<\/p>\n\n\n\n<p>Degrad\u00e1mos a virtude da resist\u00eancia. Deve ser evitada, se assim se pode permitir. No processo, falsific\u00e1mos a beleza. A beleza j\u00e1 n\u00e3o \u00e9 a aprecia\u00e7\u00e3o da cria\u00e7\u00e3o e o acto subsequente inextric\u00e1vel de criar. A mera aquisi\u00e7\u00e3o e acumula\u00e7\u00e3o de substituto insatisfat\u00f3rio para a cria\u00e7\u00e3o.  Simultaneamente, procur\u00e1mos tamb\u00e9m enterrar a dureza de seis p\u00e9s sob este mesmo consumismo ego\u00edsta. Muitas vezes, se n\u00e3o sempre, damos mau nome a este enterro \"progresso\".<\/p>\n\n\n\n<h2 class=\"wp-block-heading\">A leveza da vida<\/h2>\n\n\n<div class=\"wp-block-image\">\n<figure class=\"alignleft size-large is-resized\"><img data-recalc-dims=\"1\" loading=\"lazy\" decoding=\"async\" src=\"https:\/\/i0.wp.com\/portugalizar.com\/wp-content\/uploads\/2023\/02\/Os-Murmurios-2.jpg?resize=430%2C343&#038;ssl=1\" alt=\"\" class=\"wp-image-2206\" width=\"430\" height=\"343\" srcset=\"https:\/\/i0.wp.com\/portugalizar.com\/wp-content\/uploads\/2023\/02\/Os-Murmurios-2-scaled.jpg?resize=1024%2C819&amp;ssl=1 1024w, https:\/\/i0.wp.com\/portugalizar.com\/wp-content\/uploads\/2023\/02\/Os-Murmurios-2-scaled.jpg?resize=300%2C240&amp;ssl=1 300w, https:\/\/i0.wp.com\/portugalizar.com\/wp-content\/uploads\/2023\/02\/Os-Murmurios-2-scaled.jpg?resize=768%2C614&amp;ssl=1 768w, https:\/\/i0.wp.com\/portugalizar.com\/wp-content\/uploads\/2023\/02\/Os-Murmurios-2-scaled.jpg?resize=1536%2C1229&amp;ssl=1 1536w, https:\/\/i0.wp.com\/portugalizar.com\/wp-content\/uploads\/2023\/02\/Os-Murmurios-2-scaled.jpg?resize=2048%2C1638&amp;ssl=1 2048w, https:\/\/i0.wp.com\/portugalizar.com\/wp-content\/uploads\/2023\/02\/Os-Murmurios-2-scaled.jpg?resize=15%2C12&amp;ssl=1 15w, https:\/\/i0.wp.com\/portugalizar.com\/wp-content\/uploads\/2023\/02\/Os-Murmurios-2-scaled.jpg?resize=2000%2C1600&amp;ssl=1 2000w, https:\/\/i0.wp.com\/portugalizar.com\/wp-content\/uploads\/2023\/02\/Os-Murmurios-2-scaled.jpg?w=1900&amp;ssl=1 1900w\" sizes=\"(max-width: 430px) 100vw, 430px\" \/><figcaption class=\"wp-element-caption\">\"Os Murm\u00farios\", 2020<\/figcaption><\/figure>\n<\/div>\n\n\n<p>Ent\u00e3o o take-away dos meus tutores no c\u00edrculo e pelo polyvinyl lean-to? Viver com facilidade, com uma leveza n\u00e3o muito diferente da \"penugem\" num dente-de-le\u00e3o maduro. Carrega uma nova vida na brisa mais barata. Simultaneamente, marca a morte com o seu passado.<\/p>\n\n\n\n<p>A seguir, prego a mim pr\u00f3prio. Ou\u00e7a se desejar mas compreenda que este serm\u00e3o \u00e9 auto-dirigido.<\/p>\n\n\n\n<p>Viver com facilidade. Viver com ligeireza. Levar o que preciso, n\u00e3o mais.<sup>6<\/sup> Partilhar o que tenho. Seja generoso para com uma falha. Seja gentil at\u00e9 ao ponto de aborrecimento, se isso for poss\u00edvel. Viver suavemente na Terra, causando o m\u00ednimo dano poss\u00edvel. Mostrar respeito e empatia para com todos os outros humanos e todos os outros seres, ou seja, reconhecer a minha pr\u00f3pria face na deles. Ser grato e louvar as plantas e os seres que s\u00e3o a minha ajuda e o meu sustento.<\/p>\n\n\n\n<p>Viver com facilidade n\u00e3o \u00e9 f\u00e1cil. Viver com ligeireza \u00e9 suportar um fardo pesado. Contraintuitivo, de facto. Mas aquele peda\u00e7o de penugem flutuando sem esfor\u00e7o no sopro de uma brisa transporta vida e beleza para outro lado, dispersando-a largamente se for infeliz. Transportar estes dons - vida e beleza - \u00e9 uma responsabilidade espantosa.<\/p>\n\n\n\n<p>Viver com facilidade. Viver com ligeireza. Ficar com os pobres e os oprimidos. Fique de p\u00e9 com o tirano e o demagogo. N\u00e3o tolerar a injusti\u00e7a, a intoler\u00e2ncia e o \u00f3dio em todas as suas manifesta\u00e7\u00f5es. Partilhar a minha comida com os famintos, a minha casa com os sem abrigo, as minhas roupas com os nus, a minha for\u00e7a com os doentes, o meu tempo com os solit\u00e1rios. Fazer o que posso agora. Mas \u00e0 medida que o tempo passa, estar aberto e disposto a permitir que o fardo da leveza engorde e se alargue.<\/p>\n\n\n\n<p>Aceitar com alegria e gratid\u00e3o a dura beleza que \u00e9 a minha vida.<\/p>\n\n\n\n<p><em>At\u00e9 \u00e0 pr\u00f3xima, meus caros amigos! <\/em><\/p>\n\n\n\n<h2 class=\"wp-block-heading\">_____<\/h2>\n\n\n\n<p><sup>1<\/sup>Em ingl\u00eas americano, temos um ditado que diz: \"I attended the school of hard knocks\". Significa que aprendi tudo o que sei sozinho e da forma mais dif\u00edcil, ou seja, cometendo erros ou sendo pressionado ou apesar das dificuldades. \u00c9 uma educa\u00e7\u00e3o em contra-distin\u00e7\u00e3o com uma educa\u00e7\u00e3o formal ou uma aprendizagem. \u00c9 emblem\u00e1tico do individualismo americano, que, pessoalmente, n\u00e3o prezo.<\/p>\n\n\n\n<p><sup>2<\/sup>Tamb\u00e9m reparei aqui num pequeno grupo de mulheres idosas que se encontram todos os dias para uma longa caminhada juntas. Tamb\u00e9m elas conversam e partilham hist\u00f3rias das suas grandes fa\u00e7anhas e agora as dos seus filhos e netos. Al\u00e9m disso, elas tamb\u00e9m se p\u00f5em em dia com as idas e vindas locais. No final da sua caminhada, h\u00e1 uma mesa e <em>uma bica<\/em> (um expresso) em <em>O Xalavar<\/em>. \u00c9 tempo de gozar o \u00faltimo dia de sol quente. Entre e destas mulheres mais velhas, uma fonte de sabedoria e gra\u00e7a tamb\u00e9m borbulha e flui para fora.<\/p>\n\n\n\n<p><sup>3<\/sup>Uma ideia desenvolvida na obra de Robin Wall Kimmerer, especialmente no seu livro mais recente, <span style=\"text-decoration: underline;\">Tran\u00e7amento Sweetgrass: Sabedoria Ind\u00edgena, Conhecimento Cient\u00edfico, e os Ensinamentos das Plantas<\/span>. Podemos optar por sair do com\u00e9rcio quotidiano da nossa limitada perspectiva humana. E podemos optar por ignorar as etiquetas de pre\u00e7o indiscriminadamente ligadas a pessoas, outros seres, rela\u00e7\u00f5es, etc. Podemos valorizar tudo isto de forma diferente, genu\u00edna e justa. Trata-se de um belo livro com uma vis\u00e3o de mundo esclarecedora e transformadora.<\/p>\n\n\n\n<p><sup>4<\/sup>Oscar Wilde falou da mesma \"beleza dura\", chamando-a, penso eu, no seu romance, \"O Retrato de Dorian Gray\". Dorothy Day, canalizando Fyodor Dostoevsky, profetizou que \"a beleza salvar\u00e1 o mundo\". Estas tr\u00eas pessoas sincronizam-se, entendendo que a beleza e a luta se entrela\u00e7am como uma s\u00f3. Compreendendo tamb\u00e9m que separ\u00e1-los uns dos outros destr\u00f3i as nossas almas. Em \u00faltima an\u00e1lise, destru\u00edmos ent\u00e3o o mundo.<\/p>\n\n\n\n<p><sup>5<\/sup>Assim como nas muitas religi\u00f5es influenciadas pelo helenismo, incluindo o juda\u00edsmo, o cristianismo e o islamismo.<\/p>\n\n\n\n<p><sup>6<\/sup>\"Levar o que preciso\" envolve tamb\u00e9m reduzir o que j\u00e1 tenho para satisfazer as minhas necessidades. Isto, obviamente, \u00e9 mais dif\u00edcil. \u00c9 certamente mais f\u00e1cil para mim levar menos, quando j\u00e1 tenho tanto. Do mesmo modo, h\u00e1 tanta disson\u00e2ncia cognitiva e espiritual na compra de outra casa (em Paris) quando j\u00e1 temos uma (em Santa Luzia). Estamos a tentar seriamente tornar a disson\u00e2ncia cada vez menor, dia ap\u00f3s dia.<\/p>","protected":false},"excerpt":{"rendered":"<p>Ol\u00e1, meus caros amigos! \/\/ Ol\u00e1, meus caros amigos! Ufa! H\u00e1 muito tempo. \/\/ Whew! J\u00e1 l\u00e1 vai muito tempo. Eu sei! E sinto-me bastante mal por isso. \/\/ Eu sei! E eu sinto-me bastante mal por isso. Mas logo a partir do port\u00e3o de embarque, preciso de dizer uma coisa. Eu, tal como tu, ... <\/p>\n<p class=\"link-more\"><a href=\"https:\/\/portugalizar.com\/pt\/one-life\/\" class=\"more-link\">Ler mais<span class=\"screen-reader-text\"> \"S\u00f3 tens uma vida! <br \/>Live Now In Technicolor!\"<\/span><\/a><\/p>","protected":false},"author":1,"featured_media":2168,"comment_status":"open","ping_status":"closed","sticky":false,"template":"","format":"standard","meta":{"nf_dc_page":"","om_disable_all_campaigns":false,"_monsterinsights_skip_tracking":false,"_monsterinsights_sitenote_active":false,"_monsterinsights_sitenote_note":"","_monsterinsights_sitenote_category":0,"_themeisle_gutenberg_block_has_review":false,"_jetpack_memberships_contains_paid_content":false,"footnotes":""},"categories":[8,14,6],"tags":[],"class_list":["post-1773","post","type-post","status-publish","format-standard","has-post-thumbnail","hentry","category-culture-customs","category-musings","category-people"],"yoast_head":"<!-- This site is optimized with the Yoast SEO plugin v27.4 - https:\/\/yoast.com\/product\/yoast-seo-wordpress\/ -->\n<title>You Have One Life! Live Now In Technicolor! - PORTUGALIZAR<\/title>\n<meta name=\"description\" content=\"You have just one life. Sooner, hopefully, than later you discover that it has been and always will be a technicolor affair. Live like it!\" \/>\n<meta name=\"robots\" content=\"index, follow, max-snippet:-1, max-image-preview:large, max-video-preview:-1\" \/>\n<link rel=\"canonical\" href=\"https:\/\/portugalizar.com\/pt\/one-life\/\" \/>\n<meta property=\"og:locale\" content=\"pt_PT\" \/>\n<meta property=\"og:type\" content=\"article\" \/>\n<meta property=\"og:title\" content=\"You Have One Life! Live Now In Technicolor! - PORTUGALIZAR\" \/>\n<meta property=\"og:description\" content=\"You have just one life. Sooner, hopefully, than later you discover that it has been and always will be a technicolor affair. Live like it!\" \/>\n<meta property=\"og:url\" content=\"https:\/\/portugalizar.com\/pt\/one-life\/\" \/>\n<meta property=\"og:site_name\" content=\"PORTUGALIZAR\" \/>\n<meta property=\"article:published_time\" content=\"2023-02-06T04:00:00+00:00\" \/>\n<meta property=\"article:modified_time\" content=\"2023-06-14T08:53:40+00:00\" \/>\n<meta property=\"og:image\" content=\"https:\/\/portugalizar.com\/wp-content\/uploads\/2023\/02\/Screenshot-2023-02-02-at-16.28.02-1024x487.png\" \/>\n\t<meta property=\"og:image:width\" content=\"1024\" \/>\n\t<meta property=\"og:image:height\" content=\"487\" \/>\n\t<meta property=\"og:image:type\" content=\"image\/png\" \/>\n<meta name=\"author\" content=\"Gui\" \/>\n<meta name=\"twitter:card\" content=\"summary_large_image\" \/>\n<meta name=\"twitter:label1\" content=\"Escrito por\" \/>\n\t<meta name=\"twitter:data1\" content=\"Gui\" \/>\n\t<meta name=\"twitter:label2\" content=\"Tempo estimado de leitura\" \/>\n\t<meta name=\"twitter:data2\" content=\"17 minutos\" \/>\n<script type=\"application\/ld+json\" class=\"yoast-schema-graph\">{\"@context\":\"https:\\\/\\\/schema.org\",\"@graph\":[{\"@type\":\"Article\",\"@id\":\"https:\\\/\\\/portugalizar.com\\\/one-life\\\/#article\",\"isPartOf\":{\"@id\":\"https:\\\/\\\/portugalizar.com\\\/one-life\\\/\"},\"author\":{\"name\":\"Gui\",\"@id\":\"https:\\\/\\\/portugalizar.com\\\/#\\\/schema\\\/person\\\/1f60af48f39895b897e26d9d92ecf6db\"},\"headline\":\"You Have One Life! Live Now In Technicolor!\",\"datePublished\":\"2023-02-06T04:00:00+00:00\",\"dateModified\":\"2023-06-14T08:53:40+00:00\",\"mainEntityOfPage\":{\"@id\":\"https:\\\/\\\/portugalizar.com\\\/one-life\\\/\"},\"wordCount\":3584,\"commentCount\":14,\"publisher\":{\"@id\":\"https:\\\/\\\/portugalizar.com\\\/#organization\"},\"image\":{\"@id\":\"https:\\\/\\\/portugalizar.com\\\/one-life\\\/#primaryimage\"},\"thumbnailUrl\":\"https:\\\/\\\/i0.wp.com\\\/portugalizar.com\\\/wp-content\\\/uploads\\\/2023\\\/02\\\/Screenshot-2023-02-02-at-16.28.02.png?fit=1815%2C863&ssl=1\",\"articleSection\":[\"Culture &amp; Customs\",\"Musings\",\"People\"],\"inLanguage\":\"pt-PT\",\"potentialAction\":[{\"@type\":\"CommentAction\",\"name\":\"Comment\",\"target\":[\"https:\\\/\\\/portugalizar.com\\\/one-life\\\/#respond\"]}]},{\"@type\":\"WebPage\",\"@id\":\"https:\\\/\\\/portugalizar.com\\\/one-life\\\/\",\"url\":\"https:\\\/\\\/portugalizar.com\\\/one-life\\\/\",\"name\":\"You Have One Life! Live Now In Technicolor! - PORTUGALIZAR\",\"isPartOf\":{\"@id\":\"https:\\\/\\\/portugalizar.com\\\/#website\"},\"primaryImageOfPage\":{\"@id\":\"https:\\\/\\\/portugalizar.com\\\/one-life\\\/#primaryimage\"},\"image\":{\"@id\":\"https:\\\/\\\/portugalizar.com\\\/one-life\\\/#primaryimage\"},\"thumbnailUrl\":\"https:\\\/\\\/i0.wp.com\\\/portugalizar.com\\\/wp-content\\\/uploads\\\/2023\\\/02\\\/Screenshot-2023-02-02-at-16.28.02.png?fit=1815%2C863&ssl=1\",\"datePublished\":\"2023-02-06T04:00:00+00:00\",\"dateModified\":\"2023-06-14T08:53:40+00:00\",\"description\":\"You have just one life. Sooner, hopefully, than later you discover that it has been and always will be a technicolor affair. Live like it!\",\"breadcrumb\":{\"@id\":\"https:\\\/\\\/portugalizar.com\\\/one-life\\\/#breadcrumb\"},\"inLanguage\":\"pt-PT\",\"potentialAction\":[{\"@type\":\"ReadAction\",\"target\":[\"https:\\\/\\\/portugalizar.com\\\/one-life\\\/\"]}]},{\"@type\":\"ImageObject\",\"inLanguage\":\"pt-PT\",\"@id\":\"https:\\\/\\\/portugalizar.com\\\/one-life\\\/#primaryimage\",\"url\":\"https:\\\/\\\/i0.wp.com\\\/portugalizar.com\\\/wp-content\\\/uploads\\\/2023\\\/02\\\/Screenshot-2023-02-02-at-16.28.02.png?fit=1815%2C863&ssl=1\",\"contentUrl\":\"https:\\\/\\\/i0.wp.com\\\/portugalizar.com\\\/wp-content\\\/uploads\\\/2023\\\/02\\\/Screenshot-2023-02-02-at-16.28.02.png?fit=1815%2C863&ssl=1\",\"width\":1815,\"height\":863},{\"@type\":\"BreadcrumbList\",\"@id\":\"https:\\\/\\\/portugalizar.com\\\/one-life\\\/#breadcrumb\",\"itemListElement\":[{\"@type\":\"ListItem\",\"position\":1,\"name\":\"Home\",\"item\":\"https:\\\/\\\/portugalizar.com\\\/\"},{\"@type\":\"ListItem\",\"position\":2,\"name\":\"You Have One Life! Live Now In Technicolor!\"}]},{\"@type\":\"WebSite\",\"@id\":\"https:\\\/\\\/portugalizar.com\\\/#website\",\"url\":\"https:\\\/\\\/portugalizar.com\\\/\",\"name\":\"PORTUGALIZAR\",\"description\":\"\",\"publisher\":{\"@id\":\"https:\\\/\\\/portugalizar.com\\\/#organization\"},\"potentialAction\":[{\"@type\":\"SearchAction\",\"target\":{\"@type\":\"EntryPoint\",\"urlTemplate\":\"https:\\\/\\\/portugalizar.com\\\/?s={search_term_string}\"},\"query-input\":{\"@type\":\"PropertyValueSpecification\",\"valueRequired\":true,\"valueName\":\"search_term_string\"}}],\"inLanguage\":\"pt-PT\"},{\"@type\":\"Organization\",\"@id\":\"https:\\\/\\\/portugalizar.com\\\/#organization\",\"name\":\"PORTUGALIZAR\",\"url\":\"https:\\\/\\\/portugalizar.com\\\/\",\"logo\":{\"@type\":\"ImageObject\",\"inLanguage\":\"pt-PT\",\"@id\":\"https:\\\/\\\/portugalizar.com\\\/#\\\/schema\\\/logo\\\/image\\\/\",\"url\":\"\",\"contentUrl\":\"\",\"caption\":\"PORTUGALIZAR\"},\"image\":{\"@id\":\"https:\\\/\\\/portugalizar.com\\\/#\\\/schema\\\/logo\\\/image\\\/\"}},{\"@type\":\"Person\",\"@id\":\"https:\\\/\\\/portugalizar.com\\\/#\\\/schema\\\/person\\\/1f60af48f39895b897e26d9d92ecf6db\",\"name\":\"Gui\",\"image\":{\"@type\":\"ImageObject\",\"inLanguage\":\"pt-PT\",\"@id\":\"https:\\\/\\\/secure.gravatar.com\\\/avatar\\\/0bef00a699e73fc60016c16a6f44683b2a027bb1b48a4b3973732af4cc636712?s=96&d=mm&r=g\",\"url\":\"https:\\\/\\\/secure.gravatar.com\\\/avatar\\\/0bef00a699e73fc60016c16a6f44683b2a027bb1b48a4b3973732af4cc636712?s=96&d=mm&r=g\",\"contentUrl\":\"https:\\\/\\\/secure.gravatar.com\\\/avatar\\\/0bef00a699e73fc60016c16a6f44683b2a027bb1b48a4b3973732af4cc636712?s=96&d=mm&r=g\",\"caption\":\"Gui\"},\"url\":\"https:\\\/\\\/portugalizar.com\\\/pt\\\/author\\\/spestheonlyone\\\/\"}]}<\/script>\n<!-- \/ Yoast SEO plugin. -->","yoast_head_json":{"title":"You Have One Life! Live Now In Technicolor! - PORTUGALIZAR","description":"You have just one life. Sooner, hopefully, than later you discover that it has been and always will be a technicolor affair. Live like it!","robots":{"index":"index","follow":"follow","max-snippet":"max-snippet:-1","max-image-preview":"max-image-preview:large","max-video-preview":"max-video-preview:-1"},"canonical":"https:\/\/portugalizar.com\/pt\/one-life\/","og_locale":"pt_PT","og_type":"article","og_title":"You Have One Life! Live Now In Technicolor! - PORTUGALIZAR","og_description":"You have just one life. Sooner, hopefully, than later you discover that it has been and always will be a technicolor affair. Live like it!","og_url":"https:\/\/portugalizar.com\/pt\/one-life\/","og_site_name":"PORTUGALIZAR","article_published_time":"2023-02-06T04:00:00+00:00","article_modified_time":"2023-06-14T08:53:40+00:00","og_image":[{"width":1024,"height":487,"url":"https:\/\/portugalizar.com\/wp-content\/uploads\/2023\/02\/Screenshot-2023-02-02-at-16.28.02-1024x487.png","type":"image\/png"}],"author":"Gui","twitter_card":"summary_large_image","twitter_misc":{"Escrito por":"Gui","Tempo estimado de leitura":"17 minutos"},"schema":{"@context":"https:\/\/schema.org","@graph":[{"@type":"Article","@id":"https:\/\/portugalizar.com\/one-life\/#article","isPartOf":{"@id":"https:\/\/portugalizar.com\/one-life\/"},"author":{"name":"Gui","@id":"https:\/\/portugalizar.com\/#\/schema\/person\/1f60af48f39895b897e26d9d92ecf6db"},"headline":"You Have One Life! Live Now In Technicolor!","datePublished":"2023-02-06T04:00:00+00:00","dateModified":"2023-06-14T08:53:40+00:00","mainEntityOfPage":{"@id":"https:\/\/portugalizar.com\/one-life\/"},"wordCount":3584,"commentCount":14,"publisher":{"@id":"https:\/\/portugalizar.com\/#organization"},"image":{"@id":"https:\/\/portugalizar.com\/one-life\/#primaryimage"},"thumbnailUrl":"https:\/\/i0.wp.com\/portugalizar.com\/wp-content\/uploads\/2023\/02\/Screenshot-2023-02-02-at-16.28.02.png?fit=1815%2C863&ssl=1","articleSection":["Culture &amp; Customs","Musings","People"],"inLanguage":"pt-PT","potentialAction":[{"@type":"CommentAction","name":"Comment","target":["https:\/\/portugalizar.com\/one-life\/#respond"]}]},{"@type":"WebPage","@id":"https:\/\/portugalizar.com\/one-life\/","url":"https:\/\/portugalizar.com\/one-life\/","name":"You Have One Life! Live Now In Technicolor! - PORTUGALIZAR","isPartOf":{"@id":"https:\/\/portugalizar.com\/#website"},"primaryImageOfPage":{"@id":"https:\/\/portugalizar.com\/one-life\/#primaryimage"},"image":{"@id":"https:\/\/portugalizar.com\/one-life\/#primaryimage"},"thumbnailUrl":"https:\/\/i0.wp.com\/portugalizar.com\/wp-content\/uploads\/2023\/02\/Screenshot-2023-02-02-at-16.28.02.png?fit=1815%2C863&ssl=1","datePublished":"2023-02-06T04:00:00+00:00","dateModified":"2023-06-14T08:53:40+00:00","description":"You have just one life. Sooner, hopefully, than later you discover that it has been and always will be a technicolor affair. Live like it!","breadcrumb":{"@id":"https:\/\/portugalizar.com\/one-life\/#breadcrumb"},"inLanguage":"pt-PT","potentialAction":[{"@type":"ReadAction","target":["https:\/\/portugalizar.com\/one-life\/"]}]},{"@type":"ImageObject","inLanguage":"pt-PT","@id":"https:\/\/portugalizar.com\/one-life\/#primaryimage","url":"https:\/\/i0.wp.com\/portugalizar.com\/wp-content\/uploads\/2023\/02\/Screenshot-2023-02-02-at-16.28.02.png?fit=1815%2C863&ssl=1","contentUrl":"https:\/\/i0.wp.com\/portugalizar.com\/wp-content\/uploads\/2023\/02\/Screenshot-2023-02-02-at-16.28.02.png?fit=1815%2C863&ssl=1","width":1815,"height":863},{"@type":"BreadcrumbList","@id":"https:\/\/portugalizar.com\/one-life\/#breadcrumb","itemListElement":[{"@type":"ListItem","position":1,"name":"Home","item":"https:\/\/portugalizar.com\/"},{"@type":"ListItem","position":2,"name":"You Have One Life! Live Now In Technicolor!"}]},{"@type":"WebSite","@id":"https:\/\/portugalizar.com\/#website","url":"https:\/\/portugalizar.com\/","name":"PORTUGALIZAR","description":"","publisher":{"@id":"https:\/\/portugalizar.com\/#organization"},"potentialAction":[{"@type":"SearchAction","target":{"@type":"EntryPoint","urlTemplate":"https:\/\/portugalizar.com\/?s={search_term_string}"},"query-input":{"@type":"PropertyValueSpecification","valueRequired":true,"valueName":"search_term_string"}}],"inLanguage":"pt-PT"},{"@type":"Organization","@id":"https:\/\/portugalizar.com\/#organization","name":"PORTUGALIZAR","url":"https:\/\/portugalizar.com\/","logo":{"@type":"ImageObject","inLanguage":"pt-PT","@id":"https:\/\/portugalizar.com\/#\/schema\/logo\/image\/","url":"","contentUrl":"","caption":"PORTUGALIZAR"},"image":{"@id":"https:\/\/portugalizar.com\/#\/schema\/logo\/image\/"}},{"@type":"Person","@id":"https:\/\/portugalizar.com\/#\/schema\/person\/1f60af48f39895b897e26d9d92ecf6db","name":"Gui","image":{"@type":"ImageObject","inLanguage":"pt-PT","@id":"https:\/\/secure.gravatar.com\/avatar\/0bef00a699e73fc60016c16a6f44683b2a027bb1b48a4b3973732af4cc636712?s=96&d=mm&r=g","url":"https:\/\/secure.gravatar.com\/avatar\/0bef00a699e73fc60016c16a6f44683b2a027bb1b48a4b3973732af4cc636712?s=96&d=mm&r=g","contentUrl":"https:\/\/secure.gravatar.com\/avatar\/0bef00a699e73fc60016c16a6f44683b2a027bb1b48a4b3973732af4cc636712?s=96&d=mm&r=g","caption":"Gui"},"url":"https:\/\/portugalizar.com\/pt\/author\/spestheonlyone\/"}]}},"jetpack_featured_media_url":"https:\/\/i0.wp.com\/portugalizar.com\/wp-content\/uploads\/2023\/02\/Screenshot-2023-02-02-at-16.28.02.png?fit=1815%2C863&ssl=1","jetpack-related-posts":[],"jetpack_sharing_enabled":true,"_links":{"self":[{"href":"https:\/\/portugalizar.com\/pt\/wp-json\/wp\/v2\/posts\/1773","targetHints":{"allow":["GET"]}}],"collection":[{"href":"https:\/\/portugalizar.com\/pt\/wp-json\/wp\/v2\/posts"}],"about":[{"href":"https:\/\/portugalizar.com\/pt\/wp-json\/wp\/v2\/types\/post"}],"author":[{"embeddable":true,"href":"https:\/\/portugalizar.com\/pt\/wp-json\/wp\/v2\/users\/1"}],"replies":[{"embeddable":true,"href":"https:\/\/portugalizar.com\/pt\/wp-json\/wp\/v2\/comments?post=1773"}],"version-history":[{"count":6,"href":"https:\/\/portugalizar.com\/pt\/wp-json\/wp\/v2\/posts\/1773\/revisions"}],"predecessor-version":[{"id":2393,"href":"https:\/\/portugalizar.com\/pt\/wp-json\/wp\/v2\/posts\/1773\/revisions\/2393"}],"wp:featuredmedia":[{"embeddable":true,"href":"https:\/\/portugalizar.com\/pt\/wp-json\/wp\/v2\/media\/2168"}],"wp:attachment":[{"href":"https:\/\/portugalizar.com\/pt\/wp-json\/wp\/v2\/media?parent=1773"}],"wp:term":[{"taxonomy":"category","embeddable":true,"href":"https:\/\/portugalizar.com\/pt\/wp-json\/wp\/v2\/categories?post=1773"},{"taxonomy":"post_tag","embeddable":true,"href":"https:\/\/portugalizar.com\/pt\/wp-json\/wp\/v2\/tags?post=1773"}],"curies":[{"name":"wp","href":"https:\/\/api.w.org\/{rel}","templated":true}]}}