{"id":1449,"date":"2024-12-31T04:00:00","date_gmt":"2024-12-31T04:00:00","guid":{"rendered":"https:\/\/portugalizar.com\/?p=1449"},"modified":"2024-01-11T09:46:29","modified_gmt":"2024-01-11T09:46:29","slug":"bad-romance-caught","status":"publish","type":"post","link":"https:\/\/portugalizar.com\/pt\/bad-romance-caught\/","title":{"rendered":"Apanhado num mau romance. <br>Quero o Teu Amor!"},"content":{"rendered":"<p><em>Ol\u00e1 tudos! <\/em>\/\/ Ol\u00e1 a todos! O tema de hoje pode n\u00e3o ser do interesse de todos. Vou tentar ser breve. Mas n\u00e3o prometo nada. Estou a analisar a rela\u00e7\u00e3o entre a Igreja e o Estado em Portugal. H\u00e1 duas raz\u00f5es que me interessam. Em primeiro lugar, a hist\u00f3ria \u00e9 sem d\u00favida uma <a href=\"https:\/\/youtu.be\/qrO4YZeyl0I\" target=\"_blank\" rel=\"noreferrer noopener\">Can\u00e7\u00e3o de Lady Gaga<\/a> ganham vida. Rei ou Ditador apanhado em mau romance com o Cardeal. E vice versa. Mas da pior maneira, precisando do amor um do outro. <\/p>\n\n\n<div class=\"wp-block-image\">\n<figure class=\"alignright size-large is-resized\"><img data-recalc-dims=\"1\" fetchpriority=\"high\" decoding=\"async\" src=\"https:\/\/i0.wp.com\/portugalizar.com\/wp-content\/uploads\/2022\/06\/IMG_3292.jpg?resize=412%2C453&#038;ssl=1\" alt=\"\" class=\"wp-image-1849\" width=\"412\" height=\"453\" srcset=\"https:\/\/i0.wp.com\/portugalizar.com\/wp-content\/uploads\/2022\/06\/IMG_3292-scaled.jpg?resize=930%2C1024&amp;ssl=1 930w, https:\/\/i0.wp.com\/portugalizar.com\/wp-content\/uploads\/2022\/06\/IMG_3292-scaled.jpg?resize=272%2C300&amp;ssl=1 272w, https:\/\/i0.wp.com\/portugalizar.com\/wp-content\/uploads\/2022\/06\/IMG_3292-scaled.jpg?resize=768%2C846&amp;ssl=1 768w, https:\/\/i0.wp.com\/portugalizar.com\/wp-content\/uploads\/2022\/06\/IMG_3292-scaled.jpg?resize=1394%2C1536&amp;ssl=1 1394w, https:\/\/i0.wp.com\/portugalizar.com\/wp-content\/uploads\/2022\/06\/IMG_3292-scaled.jpg?w=1900&amp;ssl=1 1900w\" sizes=\"(max-width: 412px) 100vw, 412px\" \/><figcaption class=\"wp-element-caption\"><strong>Escola B\u00e1sica Dom Manuel I - Tavira, Junho 2022<\/strong><\/figcaption><\/figure>\n<\/div>\n\n\n<p>Em segundo lugar, Portugal \u00e9 o pa\u00eds europeu mais secular, bem como o mais cat\u00f3lico que j\u00e1 visit\u00e1mos. Sete dos 13 feriados nacionais oficiais de Portugal s\u00e3o dias santos cat\u00f3licos. Al\u00e9m disso, um monte de dias festivos cat\u00f3licos s\u00e3o celebrados regionalmente. Estes incluem Santo Ant\u00f3nio, S\u00e3o Pedro e S\u00e3o Jo\u00e3o. O m\u00eas de Junho \u00e9 famoso por <a href=\"https:\/\/www.europeanportuguesecourseslisbon.com\/artigos\/june-is-the-month-of-the-santos-populares\/\" target=\"_blank\" rel=\"noreferrer noopener\">M\u00eas dos Santos<\/a>. Mas poucos portugueses sabem alguma coisa sobre os significados por detr\u00e1s destes dias e celebra\u00e7\u00f5es. As pessoas desfrutam de um dia de folga. Tirar tempo com a fam\u00edlia e amigos. E fazem algumas festinhas. Mas nenhuma destas celebra\u00e7\u00f5es tem muita conota\u00e7\u00e3o religiosa. \u00c9 tudo muito divertido.<\/p>\n\n\n\n<p>Por exemplo, \u00e0 esquerda est\u00e1 um projecto de arte estudantil. Decora o exterior de uma das nossas escolas prim\u00e1rias em Tavira. Chama Santo Ant\u00f3nio. Mas estas n\u00e3o s\u00e3o ora\u00e7\u00f5es. Mais ou menos o sentimento \u00e9 simplesmente este. \"Estamos prontos para ir de f\u00e9rias e gozar o Ver\u00e3o\". Dizemos adeus com sardinhas e manjeric\u00e3o. Estas fazem-nos sorrir. Obrigado a todos, mas estamos fora daqui. Embora tenhamos mais para aprender\". A recorda\u00e7\u00e3o de Santo Ant\u00f3nio \u00e9 apenas um marco do fim do ano lectivo e do in\u00edcio do Ver\u00e3o. Tal como o nosso Dia de Mem\u00f3ria, penso eu. Mas poucos americanos se lembram que as f\u00e9rias tamb\u00e9m t\u00eam um significado verdadeiro e solene.<\/p>\n\n\n\n<h2 class=\"wp-block-heading\">Apanhado naquele mau romance, uma rapidinha<\/h2>\n\n\n<div class=\"wp-block-image\">\n<figure class=\"alignright size-large is-resized\"><img data-recalc-dims=\"1\" decoding=\"async\" src=\"https:\/\/i0.wp.com\/portugalizar.com\/wp-content\/uploads\/2022\/06\/ChubbyMonk.jpeg?resize=411%2C572&#038;ssl=1\" alt=\"\" class=\"wp-image-1803\" width=\"411\" height=\"572\" srcset=\"https:\/\/i0.wp.com\/portugalizar.com\/wp-content\/uploads\/2022\/06\/ChubbyMonk-scaled.jpeg?resize=736%2C1024&amp;ssl=1 736w, https:\/\/i0.wp.com\/portugalizar.com\/wp-content\/uploads\/2022\/06\/ChubbyMonk-scaled.jpeg?resize=216%2C300&amp;ssl=1 216w, https:\/\/i0.wp.com\/portugalizar.com\/wp-content\/uploads\/2022\/06\/ChubbyMonk-scaled.jpeg?resize=768%2C1069&amp;ssl=1 768w, https:\/\/i0.wp.com\/portugalizar.com\/wp-content\/uploads\/2022\/06\/ChubbyMonk-scaled.jpeg?resize=1104%2C1536&amp;ssl=1 1104w, https:\/\/i0.wp.com\/portugalizar.com\/wp-content\/uploads\/2022\/06\/ChubbyMonk-scaled.jpeg?resize=1471%2C2048&amp;ssl=1 1471w, https:\/\/i0.wp.com\/portugalizar.com\/wp-content\/uploads\/2022\/06\/ChubbyMonk-scaled.jpeg?resize=9%2C12&amp;ssl=1 9w, https:\/\/i0.wp.com\/portugalizar.com\/wp-content\/uploads\/2022\/06\/ChubbyMonk-scaled.jpeg?w=1839&amp;ssl=1 1839w\" sizes=\"(max-width: 411px) 100vw, 411px\" \/><figcaption class=\"wp-element-caption\"><strong>Lisboa, perto da Catedral (<em>perto da S\u00e9<\/em> <em>de Lisboa<\/em>), Mar\u00e7o de 2020<\/strong><\/figcaption><\/figure>\n<\/div>\n\n\n<p>Vamos percorrer rapidamente a hist\u00f3ria. Talvez se lembre do nosso <a href=\"https:\/\/portugalizar.com\/pt\/world-of-magic-and-mystery\/\" target=\"_blank\" rel=\"noreferrer noopener\">quarto posto<\/a> As muitas igrejas de Tavira. Mas um bom n\u00famero, quase um ter\u00e7o, fazia parte dos conventos. Ou seja, lugares onde viviam grupos de padres ou freiras. <\/p>\n\n\n\n<p>Os reis criaram estes conventos para agradecer a Deus. Talvez por causa de alguma vit\u00f3ria em batalha ou do nascimento de uma crian\u00e7a. Para al\u00e9m da constru\u00e7\u00e3o do convento, o rei deu enormes quantidades de terra. Isto para que o convento pudesse ser auto-suficiente.<\/p>\n\n\n\n<p>Mas estes conventos eram extremamente ricos em resultado disso. E, curiosamente, os seus membros professavam a pobreza. Ou seja, disseram que viveriam apenas com as necessidades mais elementares. Mas a pr\u00e1tica da pobreza era muitas vezes bastante diferente. A imagem familiar do monge rechonchudo vem-me \u00e0 mente.<\/p>\n\n\n\n<p>Os conventos s\u00e3o ricos porque o rei os tornou ricos. Com a riqueza vem o poder. Com o poder vem o conflito. O poder procura mais poder. E a riqueza acumula mais riqueza. Este conflito intermin\u00e1vel entre rei e igreja torna-se um subtexto da hist\u00f3ria portuguesa.<\/p>\n\n\n\n<p>Quando os conventos ou a Igreja em geral se tornaram poderosos e\/ou demasiado ricos, os reis tomaram medidas. Deitaram fora os velhos grupos religiosos. Novos grupos religiosos foram convidados a assumir o controlo. O rei livrou-se deste bispo e nomeou um de que gostava. Etc. Contudo, nunca deitaram a religi\u00e3o fora por completo. <span style=\"font-size: revert; color: initial;\">O poder precisa da hist\u00f3ria e do mito que o legitima. <\/span>A Igreja <span style=\"font-size: revert; color: initial;\">fornece a hist\u00f3ria. Deus no c\u00e9u governa todo o universo. Os reis governam por Deus na Terra.<\/span><\/p>\n\n\n\n<h2 class=\"wp-block-heading\">Eu Quero o Teu Amor, At\u00e9 Que Eu N\u00e3o<\/h2>\n\n\n\n<p><em>S\u00e3o Francisco<\/em> \u00e9 o convento mais antigo de Tavira. Um dos mais antigos de Portugal. A cria\u00e7\u00e3o do convento e da sua grande igreja data de meados do s\u00e9culo XIII a finais do mesmo. O rei Afonso III estabeleceu o convento para celebrar (gra\u00e7as a Deus por) a conquista do Algarve em 1249. Esta vit\u00f3ria completou o puzzle geogr\u00e1fico do Portugal moderno.<\/p>\n\n\n\n<p>Afonso provavelmente deu <em>S\u00e3o Francisco<\/em> aos Cavaleiros Templ\u00e1rios, uma ordem militar de monges. N\u00e3o \u00e9 raro os reis fazerem tais concess\u00f5es de propriedade para recompensar aqueles que lutaram ao seu lado e venceram. Os Cavaleiros Templ\u00e1rios depressa se tornaram muito poderosos. Eles interferiram com o poder dos reis. Al\u00e9m disso, a sua riqueza, com o tempo, ultrapassou a do rei. N\u00e3o era bom para ningu\u00e9m.<\/p>\n\n\n\n<figure class=\"wp-block-image alignwide size-large\"><img data-recalc-dims=\"1\" decoding=\"async\" width=\"768\" height=\"1024\" src=\"https:\/\/i0.wp.com\/portugalizar.com\/wp-content\/uploads\/2022\/06\/Igreja-de-Sao-Francisco-No-1.png?resize=768%2C1024&#038;ssl=1\" alt=\"\" class=\"wp-image-1699\" srcset=\"https:\/\/i0.wp.com\/portugalizar.com\/wp-content\/uploads\/2022\/06\/Igreja-de-Sao-Francisco-No-1.png?resize=768%2C1024&amp;ssl=1 768w, https:\/\/i0.wp.com\/portugalizar.com\/wp-content\/uploads\/2022\/06\/Igreja-de-Sao-Francisco-No-1.png?resize=225%2C300&amp;ssl=1 225w, https:\/\/i0.wp.com\/portugalizar.com\/wp-content\/uploads\/2022\/06\/Igreja-de-Sao-Francisco-No-1.png?resize=1152%2C1536&amp;ssl=1 1152w, https:\/\/i0.wp.com\/portugalizar.com\/wp-content\/uploads\/2022\/06\/Igreja-de-Sao-Francisco-No-1.png?resize=1536%2C2048&amp;ssl=1 1536w, https:\/\/i0.wp.com\/portugalizar.com\/wp-content\/uploads\/2022\/06\/Igreja-de-Sao-Francisco-No-1.png?resize=9%2C12&amp;ssl=1 9w, https:\/\/i0.wp.com\/portugalizar.com\/wp-content\/uploads\/2022\/06\/Igreja-de-Sao-Francisco-No-1.png?w=1900&amp;ssl=1 1900w, https:\/\/i0.wp.com\/portugalizar.com\/wp-content\/uploads\/2022\/06\/Igreja-de-Sao-Francisco-No-1.png?w=2850&amp;ssl=1 2850w\" sizes=\"(max-width: 768px) 100vw, 768px\" \/><figcaption class=\"wp-element-caption\"><strong>\"Igreja de S\u00e3o Francisco N\u00ba 1\", 2021<\/strong><\/figcaption><\/figure>\n\n\n\n<p>Cerca de 50 anos depois, o Rei Dinis I toma o convento aos Templ\u00e1rios. Estava farto das brigas e da infidelidade. D. Dinis convida a nova Ordem Franciscana para Portugal. Ele atrai-os com concess\u00f5es de conventos e terras. Para Dinis, os aparentemente pac\u00edficos e mansos franciscanos, bem, eles parecem mais aptos do que aqueles monges guerreiros templ\u00e1rios.<\/p>\n\n\n\n<p>E assim foi. Conceder isto a este bispo ou a esse grupo religioso. Levar isto quando eles discordaram ou ficaram demasiado grandes para as suas pr\u00f3prias cal\u00e7as ou para o bem do pr\u00f3prio rei. Encontrar outro, mais novo e mais am\u00e1vel paramour. Isto \u00e9, at\u00e9 1834.<\/p>\n\n\n\n<h2 class=\"wp-block-heading\">Suficiente \u00c9 Suficiente<\/h2>\n\n\n\n<p>Em 1834, no \u00faltimo suspiro de exaspera\u00e7\u00e3o e por decreto real, todas as ordens religiosas masculinas foram abolidas. O governo confiscou as suas riquezas e propriedades. As ordens femininas n\u00e3o podiam aceitar novos membros. Os seus bens reverteram para o Estado com a morte do \u00faltimo membro. A Igreja, desta vez, tinha estado do lado dos perdedores da guerra civil de cinco anos. A interfer\u00eancia da Igreja j\u00e1 n\u00e3o era bem-vinda.<\/p>\n\n\n\n<figure class=\"wp-block-image alignwide size-large\"><img data-recalc-dims=\"1\" loading=\"lazy\" decoding=\"async\" width=\"950\" height=\"713\" src=\"https:\/\/i0.wp.com\/portugalizar.com\/wp-content\/uploads\/2022\/06\/Igreja-de-Sao-Francisco-No-2.png?resize=950%2C713&#038;ssl=1\" alt=\"\" class=\"wp-image-1479\" srcset=\"https:\/\/i0.wp.com\/portugalizar.com\/wp-content\/uploads\/2022\/06\/Igreja-de-Sao-Francisco-No-2-e1653219829771.png?resize=1024%2C768&amp;ssl=1 1024w, https:\/\/i0.wp.com\/portugalizar.com\/wp-content\/uploads\/2022\/06\/Igreja-de-Sao-Francisco-No-2-e1653219829771.png?resize=300%2C225&amp;ssl=1 300w, https:\/\/i0.wp.com\/portugalizar.com\/wp-content\/uploads\/2022\/06\/Igreja-de-Sao-Francisco-No-2-e1653219829771.png?resize=768%2C576&amp;ssl=1 768w, https:\/\/i0.wp.com\/portugalizar.com\/wp-content\/uploads\/2022\/06\/Igreja-de-Sao-Francisco-No-2-e1653219829771.png?resize=1536%2C1152&amp;ssl=1 1536w, https:\/\/i0.wp.com\/portugalizar.com\/wp-content\/uploads\/2022\/06\/Igreja-de-Sao-Francisco-No-2-e1653219829771.png?resize=2048%2C1536&amp;ssl=1 2048w, https:\/\/i0.wp.com\/portugalizar.com\/wp-content\/uploads\/2022\/06\/Igreja-de-Sao-Francisco-No-2-e1653219829771.png?resize=16%2C12&amp;ssl=1 16w, https:\/\/i0.wp.com\/portugalizar.com\/wp-content\/uploads\/2022\/06\/Igreja-de-Sao-Francisco-No-2-e1653219829771.png?resize=2000%2C1500&amp;ssl=1 2000w, https:\/\/i0.wp.com\/portugalizar.com\/wp-content\/uploads\/2022\/06\/Igreja-de-Sao-Francisco-No-2.png?w=1900&amp;ssl=1 1900w, https:\/\/i0.wp.com\/portugalizar.com\/wp-content\/uploads\/2022\/06\/Igreja-de-Sao-Francisco-No-2.png?w=2850&amp;ssl=1 2850w\" sizes=\"(max-width: 950px) 100vw, 950px\" \/><figcaption class=\"wp-element-caption\"><strong>\"Igreja S\u00e3o Francisco N\u00ba 2\", 2021<\/strong><\/figcaption><\/figure>\n\n\n\n<p>Portugal galopou agora para o secularismo, como fez a maior parte da Europa Ocidental. A Igreja perdeu cada vez mais do seu poder. A sua autoridade moral diminuiu. <em>S\u00e3o Francisco<\/em>As suas enormes ru\u00ednas, parecem uma alegoria para a igreja institucional. <\/p>\n\n\n\n<p>O ditador, Ant\u00f3nio Salazar, deu um pequeno adiamento ao decl\u00ednio da Igreja. Esta repeti\u00e7\u00e3o foi horrenda para a Igreja. Cavortar com um ditador destruiu qualquer integridade que a institui\u00e7\u00e3o tinha com os fi\u00e9is. Depois veio o <a href=\"https:\/\/portugalizar.com\/pt\/its-a-great-day-for-a-short-goodbye\/\" target=\"_blank\" rel=\"noreferrer noopener\">Revolu\u00e7\u00e3o dos Cravos<\/a>. Os portugueses deitaram fora a Igreja e as suas cren\u00e7as juntamente com a <em>Novo Estado<\/em>. Boa viagem! <\/p>\n\n\n\n<h2 class=\"wp-block-heading\">Ainda Apanhado num mau romance?<\/h2>\n\n\n\n<p>Mas dizer que n\u00e3o se acredita n\u00e3o significa que n\u00e3o se acredite. Significa, penso eu, que se desassociou de um grupo com um nome particular. N\u00e3o \u00e9 a mesma coisa. Por isso, sim, continua a ser uma esp\u00e9cie de apanhado no mau romance.<\/p>\n\n\n\n<p>Deixem-me explicar. Aqui, vou usar tr\u00eas palavras de forma intercambi\u00e1vel. F\u00e9, cren\u00e7a e mem\u00f3ria. Penso nelas como sin\u00f3nimos no contexto aqui.<\/p>\n\n\n\n<p>As convic\u00e7\u00f5es penetram no nosso ADN. Elas tornam-se parte da nossa humanidade ao longo de longas hist\u00f3rias. Estas mem\u00f3rias s\u00e3o <strong><span style=\"text-decoration: underline;\">n\u00e3o<\/span><\/strong> parte do nosso ADN humano porque algu\u00e9m os inventou e os injectou l\u00e1. Est\u00e3o no meu ADN e no vosso ADN porque nos permitem sobreviver e prosperar. Desde que a nossa esp\u00e9cie apareceu na Terra h\u00e1 150.000 anos atr\u00e1s, estas cren\u00e7as t\u00eam-nos guiado para longe da extin\u00e7\u00e3o.<\/p>\n\n\n\n<p>De que diabos estou a falar? Boa pergunta. Deixe-me tentar um exemplo. Os seres humanos est\u00e3o entre as poucas esp\u00e9cies que n\u00e3o t\u00eam nascimentos m\u00faltiplos. Estes nascimentos \u00fanicos tamb\u00e9m t\u00eam longas gesta\u00e7\u00f5es. Al\u00e9m disso, a inf\u00e2ncia tamb\u00e9m \u00e9 relativamente longa. A sobreviv\u00eancia de uma esp\u00e9cie depende da sobreviv\u00eancia da descend\u00eancia para produzir descend\u00eancia. Os seres humanos n\u00e3o s\u00e3o bem adaptados a isto. \u00c9 aqui que a mem\u00f3ria, a cren\u00e7a, entra.<\/p>\n\n\n\n<p>As mem\u00f3rias humanas mais poderosas e mais potentes est\u00e3o relacionadas com os nossos filhos. \u00c0 protec\u00e7\u00e3o dos nossos filhos, a fim de garantir que eles cres\u00e7am e tenham os seus pr\u00f3prios filhos. Estas mem\u00f3rias da vulnerabilidade infantil s\u00e3o envoltas em hist\u00f3rias a serem recontadas vezes sem conta como lembretes.  <\/p>\n\n\n\n<h2 class=\"wp-block-heading\">A Mudan\u00e7a, Fadas e Duendes<\/h2>\n\n\n\n<h2 class=\"wp-block-heading\">Mais alguns, talvez seja um exagero<\/h2>\n\n\n\n<p>De que diabos estou a falar? Boa pergunta! Por isso pergunto-me o que tem permitido \u00e0 nossa esp\u00e9cie sobreviver. Mas n\u00e3o simplesmente para sobreviver, n\u00e3o, para prosperar tamb\u00e9m num per\u00edodo relativamente curto - em tempo geol\u00f3gico - 150.000 anos? A minha resposta? Deve ser a nossa capacidade de imaginar e depois de comunicar ideias. Partilhar estas ideias umas com as outras. Mas tamb\u00e9m para colaborar no aperfei\u00e7oamento e na implementa\u00e7\u00e3o destas ideias.<\/p>\n\n\n\n<p>Estes n\u00e3o s\u00e3o exclusivos dos seres humanos entre os seres vivos. Estes outros seres, como n\u00f3s, t\u00eam prosperado. Embora agora amea\u00e7ados pelas nossas escolhas. A maioria dos seres vivos s\u00e3o sencientes, isto \u00e9, pensam, mas tamb\u00e9m pensam em si pr\u00f3prios, por isso sentem. Eles tamb\u00e9m comunicam e colaboram. Uma caracter\u00edstica \u00fanica dos seres humanos, contudo, \u00e9 criar uma hist\u00f3ria a partir das suas mem\u00f3rias.<\/p>\n\n\n\n<h2 class=\"wp-block-heading\">Hist\u00f3ria + Mem\u00f3ria = F\u00e9 + Cren\u00e7a = Sobreviv\u00eancia + Vida Pr\u00f3spera<\/h2>\n\n\n\n<p><\/p>\n\n\n\n<figure class=\"wp-block-image alignwide size-large\"><img data-recalc-dims=\"1\" loading=\"lazy\" decoding=\"async\" width=\"950\" height=\"950\" src=\"https:\/\/i0.wp.com\/portugalizar.com\/wp-content\/uploads\/2022\/06\/A-Abelha-e-as-Amoras.png?resize=950%2C950&#038;ssl=1\" alt=\"\" class=\"wp-image-1813\" srcset=\"https:\/\/i0.wp.com\/portugalizar.com\/wp-content\/uploads\/2022\/06\/A-Abelha-e-as-Amoras.png?resize=1024%2C1024&amp;ssl=1 1024w, https:\/\/i0.wp.com\/portugalizar.com\/wp-content\/uploads\/2022\/06\/A-Abelha-e-as-Amoras.png?resize=300%2C300&amp;ssl=1 300w, https:\/\/i0.wp.com\/portugalizar.com\/wp-content\/uploads\/2022\/06\/A-Abelha-e-as-Amoras.png?resize=150%2C150&amp;ssl=1 150w, https:\/\/i0.wp.com\/portugalizar.com\/wp-content\/uploads\/2022\/06\/A-Abelha-e-as-Amoras.png?resize=768%2C769&amp;ssl=1 768w, https:\/\/i0.wp.com\/portugalizar.com\/wp-content\/uploads\/2022\/06\/A-Abelha-e-as-Amoras.png?resize=1534%2C1536&amp;ssl=1 1534w, https:\/\/i0.wp.com\/portugalizar.com\/wp-content\/uploads\/2022\/06\/A-Abelha-e-as-Amoras.png?resize=2046%2C2048&amp;ssl=1 2046w, https:\/\/i0.wp.com\/portugalizar.com\/wp-content\/uploads\/2022\/06\/A-Abelha-e-as-Amoras.png?resize=12%2C12&amp;ssl=1 12w, https:\/\/i0.wp.com\/portugalizar.com\/wp-content\/uploads\/2022\/06\/A-Abelha-e-as-Amoras.png?resize=2000%2C2002&amp;ssl=1 2000w, https:\/\/i0.wp.com\/portugalizar.com\/wp-content\/uploads\/2022\/06\/A-Abelha-e-as-Amoras.png?w=1900&amp;ssl=1 1900w, https:\/\/i0.wp.com\/portugalizar.com\/wp-content\/uploads\/2022\/06\/A-Abelha-e-as-Amoras.png?w=2850&amp;ssl=1 2850w\" sizes=\"(max-width: 950px) 100vw, 950px\" \/><figcaption class=\"wp-element-caption\">\"A Abelha e As Amoras Silvertres\", 2020<\/figcaption><\/figure>\n\n\n\n<p>o <\/p>","protected":false},"excerpt":{"rendered":"<p>Ol\u00e1 tudos! \/\/ Ol\u00e1 a todos! O tema de hoje pode n\u00e3o ser do interesse de todos. Vou tentar ser breve. Mas n\u00e3o prometo nada. Estou a analisar a rela\u00e7\u00e3o entre a Igreja e o Estado em Portugal. H\u00e1 duas raz\u00f5es que me interessam. Em primeiro lugar, a hist\u00f3ria \u00e9 definitivamente uma can\u00e7\u00e3o da Lady Gaga ... <\/p>\n<p class=\"link-more\"><a href=\"https:\/\/portugalizar.com\/pt\/bad-romance-caught\/\" class=\"more-link\">Ler mais<span class=\"screen-reader-text\"> &#8220;Caught In A Bad Romance. <br \/>I Want Your Love!&#8221;<\/span><\/a><\/p>","protected":false},"author":1,"featured_media":1479,"comment_status":"open","ping_status":"closed","sticky":false,"template":"","format":"standard","meta":{"nf_dc_page":"","om_disable_all_campaigns":false,"_monsterinsights_skip_tracking":false,"_monsterinsights_sitenote_active":false,"_monsterinsights_sitenote_note":"","_monsterinsights_sitenote_category":0,"_themeisle_gutenberg_block_has_review":false,"_jetpack_memberships_contains_paid_content":false,"footnotes":""},"categories":[8,9],"tags":[],"class_list":["post-1449","post","type-post","status-publish","format-standard","has-post-thumbnail","hentry","category-culture-customs","category-history"],"yoast_head":"<!-- This site is optimized with the Yoast SEO plugin v27.4 - https:\/\/yoast.com\/product\/yoast-seo-wordpress\/ -->\n<title>Caught In A Bad Romance. I Want Your Love! - PORTUGALIZAR<\/title>\n<meta name=\"description\" content=\"The relationship between church and state in Portugal looks like two people caught in a bad romance and thinking they need each others love.\" \/>\n<meta name=\"robots\" content=\"index, follow, max-snippet:-1, max-image-preview:large, max-video-preview:-1\" \/>\n<link rel=\"canonical\" href=\"https:\/\/portugalizar.com\/pt\/bad-romance-caught\/\" \/>\n<meta property=\"og:locale\" content=\"pt_PT\" \/>\n<meta property=\"og:type\" content=\"article\" \/>\n<meta property=\"og:title\" content=\"Caught In A Bad Romance. I Want Your Love! - PORTUGALIZAR\" \/>\n<meta property=\"og:description\" content=\"The relationship between church and state in Portugal looks like two people caught in a bad romance and thinking they need each others love.\" \/>\n<meta property=\"og:url\" content=\"https:\/\/portugalizar.com\/pt\/bad-romance-caught\/\" \/>\n<meta property=\"og:site_name\" content=\"PORTUGALIZAR\" \/>\n<meta property=\"article:published_time\" content=\"2024-12-31T04:00:00+00:00\" \/>\n<meta property=\"og:image\" content=\"https:\/\/portugalizar.com\/wp-content\/uploads\/2022\/06\/Igreja-de-Sao-Francisco-No-2-1024x768.png\" \/>\n\t<meta property=\"og:image:width\" content=\"1024\" \/>\n\t<meta property=\"og:image:height\" content=\"768\" \/>\n\t<meta property=\"og:image:type\" content=\"image\/png\" \/>\n<meta name=\"author\" content=\"Gui\" \/>\n<meta name=\"twitter:card\" content=\"summary_large_image\" \/>\n<meta name=\"twitter:label1\" content=\"Escrito por\" \/>\n\t<meta name=\"twitter:data1\" content=\"Gui\" \/>\n\t<meta name=\"twitter:label2\" content=\"Tempo estimado de leitura\" \/>\n\t<meta name=\"twitter:data2\" content=\"7 minutos\" \/>\n<script type=\"application\/ld+json\" class=\"yoast-schema-graph\">{\"@context\":\"https:\\\/\\\/schema.org\",\"@graph\":[{\"@type\":\"Article\",\"@id\":\"https:\\\/\\\/portugalizar.com\\\/bad-romance-caught\\\/#article\",\"isPartOf\":{\"@id\":\"https:\\\/\\\/portugalizar.com\\\/bad-romance-caught\\\/\"},\"author\":{\"name\":\"Gui\",\"@id\":\"https:\\\/\\\/portugalizar.com\\\/#\\\/schema\\\/person\\\/1f60af48f39895b897e26d9d92ecf6db\"},\"headline\":\"Caught In A Bad Romance. I Want Your Love!\",\"datePublished\":\"2024-12-31T04:00:00+00:00\",\"mainEntityOfPage\":{\"@id\":\"https:\\\/\\\/portugalizar.com\\\/bad-romance-caught\\\/\"},\"wordCount\":1377,\"commentCount\":0,\"publisher\":{\"@id\":\"https:\\\/\\\/portugalizar.com\\\/#organization\"},\"image\":{\"@id\":\"https:\\\/\\\/portugalizar.com\\\/bad-romance-caught\\\/#primaryimage\"},\"thumbnailUrl\":\"https:\\\/\\\/i0.wp.com\\\/portugalizar.com\\\/wp-content\\\/uploads\\\/2022\\\/06\\\/Igreja-de-Sao-Francisco-No-2-e1653219829771.png?fit=3598%2C2699&ssl=1\",\"articleSection\":[\"Culture &amp; Customs\",\"History\"],\"inLanguage\":\"pt-PT\",\"potentialAction\":[{\"@type\":\"CommentAction\",\"name\":\"Comment\",\"target\":[\"https:\\\/\\\/portugalizar.com\\\/bad-romance-caught\\\/#respond\"]}]},{\"@type\":\"WebPage\",\"@id\":\"https:\\\/\\\/portugalizar.com\\\/bad-romance-caught\\\/\",\"url\":\"https:\\\/\\\/portugalizar.com\\\/bad-romance-caught\\\/\",\"name\":\"Caught In A Bad Romance. I Want Your Love! - PORTUGALIZAR\",\"isPartOf\":{\"@id\":\"https:\\\/\\\/portugalizar.com\\\/#website\"},\"primaryImageOfPage\":{\"@id\":\"https:\\\/\\\/portugalizar.com\\\/bad-romance-caught\\\/#primaryimage\"},\"image\":{\"@id\":\"https:\\\/\\\/portugalizar.com\\\/bad-romance-caught\\\/#primaryimage\"},\"thumbnailUrl\":\"https:\\\/\\\/i0.wp.com\\\/portugalizar.com\\\/wp-content\\\/uploads\\\/2022\\\/06\\\/Igreja-de-Sao-Francisco-No-2-e1653219829771.png?fit=3598%2C2699&ssl=1\",\"datePublished\":\"2024-12-31T04:00:00+00:00\",\"description\":\"The relationship between church and state in Portugal looks like two people caught in a bad romance and thinking they need each others love.\",\"breadcrumb\":{\"@id\":\"https:\\\/\\\/portugalizar.com\\\/bad-romance-caught\\\/#breadcrumb\"},\"inLanguage\":\"pt-PT\",\"potentialAction\":[{\"@type\":\"ReadAction\",\"target\":[\"https:\\\/\\\/portugalizar.com\\\/bad-romance-caught\\\/\"]}]},{\"@type\":\"ImageObject\",\"inLanguage\":\"pt-PT\",\"@id\":\"https:\\\/\\\/portugalizar.com\\\/bad-romance-caught\\\/#primaryimage\",\"url\":\"https:\\\/\\\/i0.wp.com\\\/portugalizar.com\\\/wp-content\\\/uploads\\\/2022\\\/06\\\/Igreja-de-Sao-Francisco-No-2-e1653219829771.png?fit=3598%2C2699&ssl=1\",\"contentUrl\":\"https:\\\/\\\/i0.wp.com\\\/portugalizar.com\\\/wp-content\\\/uploads\\\/2022\\\/06\\\/Igreja-de-Sao-Francisco-No-2-e1653219829771.png?fit=3598%2C2699&ssl=1\",\"width\":3598,\"height\":2699},{\"@type\":\"BreadcrumbList\",\"@id\":\"https:\\\/\\\/portugalizar.com\\\/bad-romance-caught\\\/#breadcrumb\",\"itemListElement\":[{\"@type\":\"ListItem\",\"position\":1,\"name\":\"Home\",\"item\":\"https:\\\/\\\/portugalizar.com\\\/\"},{\"@type\":\"ListItem\",\"position\":2,\"name\":\"Caught In A Bad Romance. I Want Your Love!\"}]},{\"@type\":\"WebSite\",\"@id\":\"https:\\\/\\\/portugalizar.com\\\/#website\",\"url\":\"https:\\\/\\\/portugalizar.com\\\/\",\"name\":\"PORTUGALIZAR\",\"description\":\"\",\"publisher\":{\"@id\":\"https:\\\/\\\/portugalizar.com\\\/#organization\"},\"potentialAction\":[{\"@type\":\"SearchAction\",\"target\":{\"@type\":\"EntryPoint\",\"urlTemplate\":\"https:\\\/\\\/portugalizar.com\\\/?s={search_term_string}\"},\"query-input\":{\"@type\":\"PropertyValueSpecification\",\"valueRequired\":true,\"valueName\":\"search_term_string\"}}],\"inLanguage\":\"pt-PT\"},{\"@type\":\"Organization\",\"@id\":\"https:\\\/\\\/portugalizar.com\\\/#organization\",\"name\":\"PORTUGALIZAR\",\"url\":\"https:\\\/\\\/portugalizar.com\\\/\",\"logo\":{\"@type\":\"ImageObject\",\"inLanguage\":\"pt-PT\",\"@id\":\"https:\\\/\\\/portugalizar.com\\\/#\\\/schema\\\/logo\\\/image\\\/\",\"url\":\"\",\"contentUrl\":\"\",\"caption\":\"PORTUGALIZAR\"},\"image\":{\"@id\":\"https:\\\/\\\/portugalizar.com\\\/#\\\/schema\\\/logo\\\/image\\\/\"}},{\"@type\":\"Person\",\"@id\":\"https:\\\/\\\/portugalizar.com\\\/#\\\/schema\\\/person\\\/1f60af48f39895b897e26d9d92ecf6db\",\"name\":\"Gui\",\"image\":{\"@type\":\"ImageObject\",\"inLanguage\":\"pt-PT\",\"@id\":\"https:\\\/\\\/secure.gravatar.com\\\/avatar\\\/0bef00a699e73fc60016c16a6f44683b2a027bb1b48a4b3973732af4cc636712?s=96&d=mm&r=g\",\"url\":\"https:\\\/\\\/secure.gravatar.com\\\/avatar\\\/0bef00a699e73fc60016c16a6f44683b2a027bb1b48a4b3973732af4cc636712?s=96&d=mm&r=g\",\"contentUrl\":\"https:\\\/\\\/secure.gravatar.com\\\/avatar\\\/0bef00a699e73fc60016c16a6f44683b2a027bb1b48a4b3973732af4cc636712?s=96&d=mm&r=g\",\"caption\":\"Gui\"},\"url\":\"https:\\\/\\\/portugalizar.com\\\/pt\\\/author\\\/spestheonlyone\\\/\"}]}<\/script>\n<!-- \/ Yoast SEO plugin. -->","yoast_head_json":{"title":"Caught In A Bad Romance. I Want Your Love! - PORTUGALIZAR","description":"The relationship between church and state in Portugal looks like two people caught in a bad romance and thinking they need each others love.","robots":{"index":"index","follow":"follow","max-snippet":"max-snippet:-1","max-image-preview":"max-image-preview:large","max-video-preview":"max-video-preview:-1"},"canonical":"https:\/\/portugalizar.com\/pt\/bad-romance-caught\/","og_locale":"pt_PT","og_type":"article","og_title":"Caught In A Bad Romance. I Want Your Love! - PORTUGALIZAR","og_description":"The relationship between church and state in Portugal looks like two people caught in a bad romance and thinking they need each others love.","og_url":"https:\/\/portugalizar.com\/pt\/bad-romance-caught\/","og_site_name":"PORTUGALIZAR","article_published_time":"2024-12-31T04:00:00+00:00","og_image":[{"width":1024,"height":768,"url":"https:\/\/portugalizar.com\/wp-content\/uploads\/2022\/06\/Igreja-de-Sao-Francisco-No-2-1024x768.png","type":"image\/png"}],"author":"Gui","twitter_card":"summary_large_image","twitter_misc":{"Escrito por":"Gui","Tempo estimado de leitura":"7 minutos"},"schema":{"@context":"https:\/\/schema.org","@graph":[{"@type":"Article","@id":"https:\/\/portugalizar.com\/bad-romance-caught\/#article","isPartOf":{"@id":"https:\/\/portugalizar.com\/bad-romance-caught\/"},"author":{"name":"Gui","@id":"https:\/\/portugalizar.com\/#\/schema\/person\/1f60af48f39895b897e26d9d92ecf6db"},"headline":"Caught In A Bad Romance. I Want Your Love!","datePublished":"2024-12-31T04:00:00+00:00","mainEntityOfPage":{"@id":"https:\/\/portugalizar.com\/bad-romance-caught\/"},"wordCount":1377,"commentCount":0,"publisher":{"@id":"https:\/\/portugalizar.com\/#organization"},"image":{"@id":"https:\/\/portugalizar.com\/bad-romance-caught\/#primaryimage"},"thumbnailUrl":"https:\/\/i0.wp.com\/portugalizar.com\/wp-content\/uploads\/2022\/06\/Igreja-de-Sao-Francisco-No-2-e1653219829771.png?fit=3598%2C2699&ssl=1","articleSection":["Culture &amp; Customs","History"],"inLanguage":"pt-PT","potentialAction":[{"@type":"CommentAction","name":"Comment","target":["https:\/\/portugalizar.com\/bad-romance-caught\/#respond"]}]},{"@type":"WebPage","@id":"https:\/\/portugalizar.com\/bad-romance-caught\/","url":"https:\/\/portugalizar.com\/bad-romance-caught\/","name":"Caught In A Bad Romance. I Want Your Love! - PORTUGALIZAR","isPartOf":{"@id":"https:\/\/portugalizar.com\/#website"},"primaryImageOfPage":{"@id":"https:\/\/portugalizar.com\/bad-romance-caught\/#primaryimage"},"image":{"@id":"https:\/\/portugalizar.com\/bad-romance-caught\/#primaryimage"},"thumbnailUrl":"https:\/\/i0.wp.com\/portugalizar.com\/wp-content\/uploads\/2022\/06\/Igreja-de-Sao-Francisco-No-2-e1653219829771.png?fit=3598%2C2699&ssl=1","datePublished":"2024-12-31T04:00:00+00:00","description":"The relationship between church and state in Portugal looks like two people caught in a bad romance and thinking they need each others love.","breadcrumb":{"@id":"https:\/\/portugalizar.com\/bad-romance-caught\/#breadcrumb"},"inLanguage":"pt-PT","potentialAction":[{"@type":"ReadAction","target":["https:\/\/portugalizar.com\/bad-romance-caught\/"]}]},{"@type":"ImageObject","inLanguage":"pt-PT","@id":"https:\/\/portugalizar.com\/bad-romance-caught\/#primaryimage","url":"https:\/\/i0.wp.com\/portugalizar.com\/wp-content\/uploads\/2022\/06\/Igreja-de-Sao-Francisco-No-2-e1653219829771.png?fit=3598%2C2699&ssl=1","contentUrl":"https:\/\/i0.wp.com\/portugalizar.com\/wp-content\/uploads\/2022\/06\/Igreja-de-Sao-Francisco-No-2-e1653219829771.png?fit=3598%2C2699&ssl=1","width":3598,"height":2699},{"@type":"BreadcrumbList","@id":"https:\/\/portugalizar.com\/bad-romance-caught\/#breadcrumb","itemListElement":[{"@type":"ListItem","position":1,"name":"Home","item":"https:\/\/portugalizar.com\/"},{"@type":"ListItem","position":2,"name":"Caught In A Bad Romance. I Want Your Love!"}]},{"@type":"WebSite","@id":"https:\/\/portugalizar.com\/#website","url":"https:\/\/portugalizar.com\/","name":"PORTUGALIZAR","description":"","publisher":{"@id":"https:\/\/portugalizar.com\/#organization"},"potentialAction":[{"@type":"SearchAction","target":{"@type":"EntryPoint","urlTemplate":"https:\/\/portugalizar.com\/?s={search_term_string}"},"query-input":{"@type":"PropertyValueSpecification","valueRequired":true,"valueName":"search_term_string"}}],"inLanguage":"pt-PT"},{"@type":"Organization","@id":"https:\/\/portugalizar.com\/#organization","name":"PORTUGALIZAR","url":"https:\/\/portugalizar.com\/","logo":{"@type":"ImageObject","inLanguage":"pt-PT","@id":"https:\/\/portugalizar.com\/#\/schema\/logo\/image\/","url":"","contentUrl":"","caption":"PORTUGALIZAR"},"image":{"@id":"https:\/\/portugalizar.com\/#\/schema\/logo\/image\/"}},{"@type":"Person","@id":"https:\/\/portugalizar.com\/#\/schema\/person\/1f60af48f39895b897e26d9d92ecf6db","name":"Gui","image":{"@type":"ImageObject","inLanguage":"pt-PT","@id":"https:\/\/secure.gravatar.com\/avatar\/0bef00a699e73fc60016c16a6f44683b2a027bb1b48a4b3973732af4cc636712?s=96&d=mm&r=g","url":"https:\/\/secure.gravatar.com\/avatar\/0bef00a699e73fc60016c16a6f44683b2a027bb1b48a4b3973732af4cc636712?s=96&d=mm&r=g","contentUrl":"https:\/\/secure.gravatar.com\/avatar\/0bef00a699e73fc60016c16a6f44683b2a027bb1b48a4b3973732af4cc636712?s=96&d=mm&r=g","caption":"Gui"},"url":"https:\/\/portugalizar.com\/pt\/author\/spestheonlyone\/"}]}},"jetpack_featured_media_url":"https:\/\/i0.wp.com\/portugalizar.com\/wp-content\/uploads\/2022\/06\/Igreja-de-Sao-Francisco-No-2-e1653219829771.png?fit=3598%2C2699&ssl=1","jetpack-related-posts":[],"jetpack_sharing_enabled":true,"_links":{"self":[{"href":"https:\/\/portugalizar.com\/pt\/wp-json\/wp\/v2\/posts\/1449","targetHints":{"allow":["GET"]}}],"collection":[{"href":"https:\/\/portugalizar.com\/pt\/wp-json\/wp\/v2\/posts"}],"about":[{"href":"https:\/\/portugalizar.com\/pt\/wp-json\/wp\/v2\/types\/post"}],"author":[{"embeddable":true,"href":"https:\/\/portugalizar.com\/pt\/wp-json\/wp\/v2\/users\/1"}],"replies":[{"embeddable":true,"href":"https:\/\/portugalizar.com\/pt\/wp-json\/wp\/v2\/comments?post=1449"}],"version-history":[{"count":5,"href":"https:\/\/portugalizar.com\/pt\/wp-json\/wp\/v2\/posts\/1449\/revisions"}],"predecessor-version":[{"id":2144,"href":"https:\/\/portugalizar.com\/pt\/wp-json\/wp\/v2\/posts\/1449\/revisions\/2144"}],"wp:featuredmedia":[{"embeddable":true,"href":"https:\/\/portugalizar.com\/pt\/wp-json\/wp\/v2\/media\/1479"}],"wp:attachment":[{"href":"https:\/\/portugalizar.com\/pt\/wp-json\/wp\/v2\/media?parent=1449"}],"wp:term":[{"taxonomy":"category","embeddable":true,"href":"https:\/\/portugalizar.com\/pt\/wp-json\/wp\/v2\/categories?post=1449"},{"taxonomy":"post_tag","embeddable":true,"href":"https:\/\/portugalizar.com\/pt\/wp-json\/wp\/v2\/tags?post=1449"}],"curies":[{"name":"wp","href":"https:\/\/api.w.org\/{rel}","templated":true}]}}