{"id":1441,"date":"2022-06-23T04:00:00","date_gmt":"2022-06-23T04:00:00","guid":{"rendered":"https:\/\/portugalizar.com\/?p=1441"},"modified":"2022-06-23T09:54:49","modified_gmt":"2022-06-23T09:54:49","slug":"in-the-arms-of-joy","status":"publish","type":"post","link":"https:\/\/portugalizar.com\/pt\/in-the-arms-of-joy\/","title":{"rendered":"Em Os Bra\u00e7os da Alegria Para Toda a Minha Vida"},"content":{"rendered":"<p><em>Ol\u00e1 a todos! E um grande bem-vindo ao Ver\u00e3o!<\/em> \/\/ Ol\u00e1 a todos. E um grande bem-vindo ao Ver\u00e3o! Este pode n\u00e3o ser o mais sum\u00e1rio dos cargos. Mas os quadros que hoje partilharei convosco foram feitos no exterior - dizem os verdadeiros artistas, <em>pt ar pleinoso<\/em> - no bom tempo de Santa Luzia. E o meu tema de hoje, tal como foi <a href=\"https:\/\/portugalizar.com\/pt\/?p=1117\" target=\"_blank\" rel=\"noreferrer noopener\">da semana passada<\/a>, \u00e9 sobre a boa vida. Ou seja, viver toda a sua vida nos bra\u00e7os da alegria! Hmm? L\u00e1 fora e a boa vida, bem, acho que isso diz Ver\u00e3o, n\u00e3o \u00e9 verdade?<\/p>\n\n\n\n<p>Hoje estou a partilhar algumas vinhetas e retratos de pessoas que conheci aqui. Estes s\u00e3o de encontros em Santa Luzia. Portanto, o primeiro envolve pessoas que vejo frequentemente e que tenho observado de perto. Mas a segunda tamb\u00e9m \u00e9 um casal que conheci um pouco. Em primeiro lugar, vou partilhar as suas hist\u00f3rias. Depois tentarei juntar estas vinhetas em algum tipo de coer\u00eancia. <\/p>\n\n\n\n<p>A prop\u00f3sito, desviei o meu tema para hoje de uma das minhas poetas favoritas, Mary Oliver. O seu poema, <a href=\"https:\/\/www.poeticous.com\/mary-oliver\/when-death-comes\" target=\"_blank\" rel=\"noreferrer noopener\">Quando a Morte Vem<\/a>\u00e9 tudo o que precisa realmente de ler. N\u00e3o se sinta compelido a ler mais aqui. Basta clicar no link anterior. Oliver \u00e9 um escritor muito maior do que eu. <\/p>\n\n\n\n<p>Se ainda est\u00e1s comigo, vamos embora. Afinal de contas, \u00e9 Ver\u00e3o. Todos n\u00f3s temos coisas melhores para fazer do que ler posts de blogues nos nossos dispositivos. Pelo menos, espero que sim. H\u00e1 tanta vida para viver.<\/p>\n\n\n\n<h2 class=\"wp-block-heading\">Reunindo as Pequenas Alegrias da Vida<\/h2>\n\n\n\n<p>Mas, por agora, nesta primeira vinheta, \u00e9 Primavera. N\u00e3o, n\u00e3o \u00e9 Ver\u00e3o. Estamos na Primavera. As chuvas de Inverno est\u00e3o a terminar. Campos e veda\u00e7\u00f5es ficaram verdejantes. E a beira da estrada, ou seja, as sebes, tamb\u00e9m ficaram verdejantes. Agora a Terra inteira \u00e9 um banquete de del\u00edcias. Carac\u00f3is, <em>os carac\u00f3is<\/em>, desfilam sobre os tenros rebentos, as doces folhas novas e as delicadas p\u00e9talas. Estes carac\u00f3is tornam-se ent\u00e3o um banquete para as aves, os porcos-espinhos e os sapos.<\/p>\n\n\n\n<p>E j\u00e1 \u00e9 de manh\u00e3. Como em muitas manh\u00e3s a esta hora, estou a terminar a minha corrida. Porque \u00e9 Primavera, n\u00e3o estou sozinho nas extremidades das sebes. Partilho estas arestas com os \"respigadores\". Os carac\u00f3is s\u00e3o tamb\u00e9m um banquete para estes \"respigadores\". <\/p>\n\n\n\n<figure class=\"wp-block-image alignwide size-large\"><img data-recalc-dims=\"1\" fetchpriority=\"high\" decoding=\"async\" width=\"950\" height=\"708\" src=\"https:\/\/i0.wp.com\/portugalizar.com\/wp-content\/uploads\/2022\/06\/Os-apanhadores-de-caracois.jpg?resize=950%2C708&#038;ssl=1\" alt=\"\" class=\"wp-image-1652\" srcset=\"https:\/\/i0.wp.com\/portugalizar.com\/wp-content\/uploads\/2022\/06\/Os-apanhadores-de-caracois-scaled.jpg?resize=1024%2C763&amp;ssl=1 1024w, https:\/\/i0.wp.com\/portugalizar.com\/wp-content\/uploads\/2022\/06\/Os-apanhadores-de-caracois-scaled.jpg?resize=300%2C224&amp;ssl=1 300w, https:\/\/i0.wp.com\/portugalizar.com\/wp-content\/uploads\/2022\/06\/Os-apanhadores-de-caracois-scaled.jpg?resize=768%2C573&amp;ssl=1 768w, https:\/\/i0.wp.com\/portugalizar.com\/wp-content\/uploads\/2022\/06\/Os-apanhadores-de-caracois-scaled.jpg?resize=1536%2C1145&amp;ssl=1 1536w, https:\/\/i0.wp.com\/portugalizar.com\/wp-content\/uploads\/2022\/06\/Os-apanhadores-de-caracois-scaled.jpg?resize=2048%2C1527&amp;ssl=1 2048w, https:\/\/i0.wp.com\/portugalizar.com\/wp-content\/uploads\/2022\/06\/Os-apanhadores-de-caracois-scaled.jpg?resize=16%2C12&amp;ssl=1 16w, https:\/\/i0.wp.com\/portugalizar.com\/wp-content\/uploads\/2022\/06\/Os-apanhadores-de-caracois-scaled.jpg?resize=2000%2C1491&amp;ssl=1 2000w, https:\/\/i0.wp.com\/portugalizar.com\/wp-content\/uploads\/2022\/06\/Os-apanhadores-de-caracois-scaled.jpg?w=1900&amp;ssl=1 1900w\" sizes=\"(max-width: 950px) 100vw, 950px\" \/><figcaption><strong>\"Os apanhadores de carac\u00f3is\", 2021<\/strong><\/figcaption><\/figure>\n\n\n\n<p>O portugu\u00eas n\u00e3o parece ter uma palavra que traduza precisamente \"respigadores\" ou o verbo \"respigar\". H\u00e1 <em>os apanhadores<\/em>ou seja, \"os apanhadores\" ou \"os apanhadores\". E h\u00e1 <em>os colecionadores<\/em>, ou \"os coleccionadores\". Nenhum deles parece captar o verdadeiro sentido de \"colher\".<\/p>\n\n\n\n<p>\"To glean\" vem em ingl\u00eas do franc\u00eas normando. No feudal, mas especialmente na Fran\u00e7a p\u00f3s-Revolucion\u00e1ria, o povo comum tinha um direito especial. Podiam entrar na propriedade das grandes perucas e levar os restos da colheita. O que quer que encontrassem, era deles. O que encontraram foram sempre pequenos peda\u00e7os, restos, migalhas. Mas estes eram deles. E embora pequenos, eles suplementaram e aumentaram a sua dieta.<\/p>\n\n\n\n<p>Em ingl\u00eas, pelo menos, \"glean\" tamb\u00e9m tem a sensa\u00e7\u00e3o de que os mais pequenos detalhes s\u00e3o importantes. Ou seja, os bocadinhos, se os virmos, produzem surpresas. Se prestar muita aten\u00e7\u00e3o ao que est\u00e1 \u00e0 sua volta, ent\u00e3o podem resultar novas descobertas. E \u00e9 prov\u00e1vel que assim seja. Por exemplo, \"a investigadora recolheu a sua descoberta a partir de um dado anteriormente ignorado\".<\/p>\n\n\n\n<h2 class=\"wp-block-heading\">Carac\u00f3is: Uma Verdadeira Alegria na Vida, de Bra\u00e7os ou N\u00e3o<\/h2>\n\n\n\n<p>O portugu\u00eas pode n\u00e3o ter uma palavra precisa para isso. Mas os portugueses, no entanto, entendem perfeitamente \"respigar\". Ou seja, envolver os bra\u00e7os em torno da alegria simples da vida e dos pequenos prazeres. Depois, agarrarmo-nos bem. <\/p>\n\n\n\n<p>Os carac\u00f3is s\u00e3o para os portugueses como as batatas fritas gordurosas s\u00e3o para os americanos. S\u00e3o um prazer culpado. Embora talvez mais saud\u00e1veis por estarem cheios de prote\u00ednas, ferro e vitamina A. Mas tamb\u00e9m com baixo teor de gordura, excepto no caso da espessa espuma na manteiga. <\/p>\n\n\n\n<p>Os respigadores de carac\u00f3is aqui seguem uma antiga tradi\u00e7\u00e3o primaveril. Recolhem os seus carac\u00f3is todas as manh\u00e3s, logo ap\u00f3s o nascer do sol, na fresca humidade. Os carac\u00f3is est\u00e3o fora para se alimentarem. Os respigadores saem para recolher um banquete.<\/p>\n\n\n\n<p>De volta a casa, criam um banquete de mem\u00f3rias. Com gera\u00e7\u00f5es reunidas \u00e0 volta da mesa. Um amontoado de deliciosos amanteigados de alho senta-se no centro. Com p\u00e3es frescos para sopa. E vinho, sim, claro, vinho. \u00c9 uma das alegrias mais puras da vida. A vida nos bra\u00e7os da alegria. O trabalho \u00e1rduo cede ao prazer partilhado.<\/p>\n\n\n\n<h2 class=\"wp-block-heading\">E, \u00e9 claro, <em>Alegrias de Viver!<\/em><\/h2>\n\n\n\n<p>Prosseguir ent\u00e3o. Patr\u00edcia e Ant\u00f3nio possuem um pouco de <em>quinta<\/em>ou seja, uma quinta, juntos h\u00e1 cerca de 20 anos. Cultivam azeitonas, rom\u00e3s, am\u00eandoas e legumes. Criam galinhas. Gerem um b&amp;b com nove quartos. T\u00eam cinco c\u00e3es e tamb\u00e9m embarcam em c\u00e3es para os outros. N\u00f3s conhecemo-los por causa destes \u00faltimos. Tucker e Saga adoram-nos absolutamente. Esta \u00e9 a minha medida da qualidade de uma pessoa. S\u00e3o cinco estrelas (\u2b51\u2b51\u2b51\u2b51\u2b51\u2b51).<\/p>\n\n\n\n<p>O <em>quinta<\/em> tem uma hist\u00f3ria encantadora em si. A casa foi um presente de casamento do bisav\u00f4 de Ant\u00f3nio, Costa, para a av\u00f3 de Ant\u00f3nio, Am\u00e9lia. Ant\u00f3nio e todos os primos passaram l\u00e1 os ver\u00f5es da sua juventude. Depois um inc\u00eandio destruiu a casa na sua maioria. Durante tr\u00eas d\u00e9cadas, foi uma ru\u00edna. Em 2013, Patr\u00edcia e Ant\u00f3nio completaram a sua total restaura\u00e7\u00e3o e moderniza\u00e7\u00e3o. Eles criaram a sua vida juntos nos bra\u00e7os da alegria.<\/p>\n\n\n\n<figure class=\"wp-block-image alignwide size-large\"><img data-recalc-dims=\"1\" decoding=\"async\" width=\"950\" height=\"743\" src=\"https:\/\/i0.wp.com\/portugalizar.com\/wp-content\/uploads\/2022\/06\/Os-colecionadores-de-alegrias-de-viver.jpg?resize=950%2C743&#038;ssl=1\" alt=\"\" class=\"wp-image-1656\" srcset=\"https:\/\/i0.wp.com\/portugalizar.com\/wp-content\/uploads\/2022\/06\/Os-colecionadores-de-alegrias-de-viver-scaled.jpg?resize=1024%2C801&amp;ssl=1 1024w, https:\/\/i0.wp.com\/portugalizar.com\/wp-content\/uploads\/2022\/06\/Os-colecionadores-de-alegrias-de-viver-scaled.jpg?resize=300%2C235&amp;ssl=1 300w, https:\/\/i0.wp.com\/portugalizar.com\/wp-content\/uploads\/2022\/06\/Os-colecionadores-de-alegrias-de-viver-scaled.jpg?resize=768%2C601&amp;ssl=1 768w, https:\/\/i0.wp.com\/portugalizar.com\/wp-content\/uploads\/2022\/06\/Os-colecionadores-de-alegrias-de-viver-scaled.jpg?resize=1536%2C1202&amp;ssl=1 1536w, https:\/\/i0.wp.com\/portugalizar.com\/wp-content\/uploads\/2022\/06\/Os-colecionadores-de-alegrias-de-viver-scaled.jpg?resize=2048%2C1602&amp;ssl=1 2048w, https:\/\/i0.wp.com\/portugalizar.com\/wp-content\/uploads\/2022\/06\/Os-colecionadores-de-alegrias-de-viver-scaled.jpg?resize=15%2C12&amp;ssl=1 15w, https:\/\/i0.wp.com\/portugalizar.com\/wp-content\/uploads\/2022\/06\/Os-colecionadores-de-alegrias-de-viver-scaled.jpg?resize=2000%2C1565&amp;ssl=1 2000w, https:\/\/i0.wp.com\/portugalizar.com\/wp-content\/uploads\/2022\/06\/Os-colecionadores-de-alegrias-de-viver-scaled.jpg?w=1900&amp;ssl=1 1900w\" sizes=\"(max-width: 950px) 100vw, 950px\" \/><figcaption><strong>\"Os colecionadores de alegrias de viver\", 2022<\/strong><\/figcaption><\/figure>\n\n\n\n<p>Mas a vida atira bolas curvas. N\u00e3o temos outra escolha sen\u00e3o apanh\u00e1-las. A nossa escolha vem quando a bola aterra na nossa luva. O que fazer a seguir? Patr\u00edcia e Ant\u00f3nio apanharam a deles. O <em>quinta<\/em> \u00e9 importante. A base da vida que fizeram juntos. Mas agora, com essa bola curva na m\u00e3o, a <em>quinta<\/em> atrapalha. Uma nova vida aguarda nos bra\u00e7os da alegria.<\/p>\n\n\n\n<h2 class=\"wp-block-heading\">Fa\u00e7a a Curva a Passo Completo e Depois Apanhe a Vida com Bra\u00e7os de Alegria<\/h2>\n\n\n\n<p>Patr\u00edcia e Ant\u00f3nio venderam <em>a quinta da Av\u00f3 Am\u00e9lia<\/em>. Sentiremos a sua falta, especialmente Tucker e Saga. Est\u00e3o a construir uma nova casa e uma nova vida a cerca de 150 milhas (240 km) a nordeste de Santa Luzia. Continuar\u00e3o a receber h\u00f3spedes e cachorros, mas sem as outras intrus\u00f5es que possam atrapalhar a colec\u00e7\u00e3o de alegrias da vida. O seu sonho \u00e9 ter um pouco mais de tempo. Tempo para se sentarem debaixo das estrelas, em frente a uma fogueira, com um copo de vinho na m\u00e3o, um de cada vez na outra m\u00e3o. Viver cada momento, cada hora, cada dia. <em>Parab\u00e9ns e boa sorte aos meus amigos!<\/em><\/p>\n\n\n\n<p>Na Primavera de 2020, sa\u00ed para um passeio solit\u00e1rio sem o meu iPhone. Ambos, algo de uma raridade. Na relva alta, reparei num dente-de-le\u00e3o. Tinha passado a brilhar, semente de gossamer. Como sou um pouco lun\u00e1tico, deitei-me no ch\u00e3o \u00e0 sua frente. Porque queria e precisava de levar tudo para dentro. Para me lembrar. Tal como eu estava prostrado de barriga e peito. Cabe\u00e7a i\u00e7ada. Uma brisa suave e suave exalou. Num instante, cada semente resplandecente estava no alto. Dirigido para novos futuros.<\/p>\n\n\n\n<figure class=\"wp-block-image alignwide size-large\"><img data-recalc-dims=\"1\" decoding=\"async\" width=\"950\" height=\"760\" src=\"https:\/\/i0.wp.com\/portugalizar.com\/wp-content\/uploads\/2022\/06\/51F398C5-E3F1-466E-BB48-BDC937C46D21.jpeg?resize=950%2C760&#038;ssl=1\" alt=\"\" class=\"wp-image-1477\" srcset=\"https:\/\/i0.wp.com\/portugalizar.com\/wp-content\/uploads\/2022\/06\/51F398C5-E3F1-466E-BB48-BDC937C46D21-scaled.jpeg?resize=1024%2C819&amp;ssl=1 1024w, https:\/\/i0.wp.com\/portugalizar.com\/wp-content\/uploads\/2022\/06\/51F398C5-E3F1-466E-BB48-BDC937C46D21-scaled.jpeg?resize=300%2C240&amp;ssl=1 300w, https:\/\/i0.wp.com\/portugalizar.com\/wp-content\/uploads\/2022\/06\/51F398C5-E3F1-466E-BB48-BDC937C46D21-scaled.jpeg?resize=768%2C614&amp;ssl=1 768w, https:\/\/i0.wp.com\/portugalizar.com\/wp-content\/uploads\/2022\/06\/51F398C5-E3F1-466E-BB48-BDC937C46D21-scaled.jpeg?resize=1536%2C1229&amp;ssl=1 1536w, https:\/\/i0.wp.com\/portugalizar.com\/wp-content\/uploads\/2022\/06\/51F398C5-E3F1-466E-BB48-BDC937C46D21-scaled.jpeg?resize=2048%2C1638&amp;ssl=1 2048w, https:\/\/i0.wp.com\/portugalizar.com\/wp-content\/uploads\/2022\/06\/51F398C5-E3F1-466E-BB48-BDC937C46D21-scaled.jpeg?resize=15%2C12&amp;ssl=1 15w, https:\/\/i0.wp.com\/portugalizar.com\/wp-content\/uploads\/2022\/06\/51F398C5-E3F1-466E-BB48-BDC937C46D21-scaled.jpeg?w=1900&amp;ssl=1 1900w\" sizes=\"(max-width: 950px) 100vw, 950px\" \/><figcaption><strong>\"Os Murm\u00farios\", 2020<\/strong><\/figcaption><\/figure>\n\n\n\n<p>Como aquelas sementes emplumadas transportadas numa respira\u00e7\u00e3o suave. E rumaram a novos futuros. Assim, as nossas vidas nascem e nascem das bolas curvas. Agora misturando met\u00e1foras. Uma p\u00e1gina vira-se. Cabe-nos a n\u00f3s escrever o pr\u00f3ximo cap\u00edtulo. <\/p>\n\n\n\n<h2 class=\"wp-block-heading\">Escrever o pr\u00f3ximo cap\u00edtulo<\/h2>\n\n\n\n<p>Como toda a boa escrita, escrever uma boa vida tem algumas regras. N\u00e3o muitas, mas algumas. Descobri algumas regras atrav\u00e9s destes dois encontros. <\/p>\n\n\n\n<p>Dos meus respigadores. As mem\u00f3rias que mais me agradam s\u00e3o duramente conquistadas e raras. Assim como partilhadas com muitas e muitas outras. Guarde-as porque todas elas s\u00e3o ricas, doces, amanteigadas e deliciosas. Todas as outras recorda\u00e7\u00f5es. Aquelas de lombadas e cortes, fundas e flechas. Talvez, como eu acho, sejam melhor deix\u00e1-las de fora do pr\u00f3ximo cap\u00edtulo. Nem sequer merecem ser inclu\u00eddas no \u00faltimo. Se eu fosse um melhor editor, bem, eles n\u00e3o teriam l\u00e1 estado.<\/p>\n\n\n\n<p>Estou grato \u00e0 Patr\u00edcia e ao Ant\u00f3nio por me lembrarem das reviravoltas do enredo. Essas bolas curvas. S\u00e3o incrivelmente dif\u00edceis de apanhar, e de escrever por cima. Malditas sejam essas met\u00e1foras mistas! Mas as minhas reviravoltas de enredo trouxeram-me para Portugal. E estou incrivelmente grato por estar a escrever aqui o meu pr\u00f3ximo cap\u00edtulo. Pode ser apenas o meu melhor at\u00e9 agora. Pelo menos vou tentar que assim seja. Veremos assim que chegarmos \u00e0 minha \u00faltima p\u00e1gina.<\/p>\n\n\n\n<h2 class=\"wp-block-heading\">O que \"Vida nos Bra\u00e7os da Alegria\" realmente significa...<\/h2>\n\n\n\n<p>Ou\u00e7a a seguir o <a href=\"https:\/\/playbill.com\/article\/cabaret-singer-nancy-lamott-dies-at-43-com-67618\" target=\"_blank\" rel=\"noreferrer noopener\">Nancy Lamont<\/a> se quiser saber. Tal como Mary Oliver, ela sabia porque a viveu, ou seja, toda a sua vida nos bra\u00e7os da alegria. A cada momento...<\/p>\n\n\n\n<figure class=\"wp-block-embed alignwide is-type-video is-provider-youtube wp-block-embed-youtube wp-embed-aspect-16-9 wp-has-aspect-ratio\"><div class=\"wp-block-embed__wrapper\">\n<iframe title=\"Nancy LaMott - Vivemos com tempo emprestado\" width=\"950\" height=\"534\" src=\"https:\/\/www.youtube.com\/embed\/jkRxX1C4Cuc?feature=oembed\" frameborder=\"0\" allow=\"accelerometer; autoplay; clipboard-write; encrypted-media; gyroscope; picture-in-picture\" allowfullscreen><\/iframe>\n<\/div><\/figure>\n\n\n\n<p><em>Obrigado por se juntarem a mim hoje. Aproveitem este primeiro fim-de-semana de Ver\u00e3o. At\u00e9 \u00e0 pr\u00f3xima quinta! <\/em>\/\/ Obrigado por se juntarem a mim hoje. Aproveite este primeiro fim-de-semana de Ver\u00e3o. Vejo-o na pr\u00f3xima quinta-feira!<\/p>\n\n\n\n<h2 class=\"wp-block-heading\">Notas Especiais<\/h2>\n\n\n\n<p>Tal como o meu tema de hoje, a minha pintura \"gleaner\" de caracol \u00e9 uma ideia copiada, n\u00e3o o meu pr\u00f3prio original. Copiei este conceito de uma pintura favorita. <em><a href=\"https:\/\/www.musee-orsay.fr\/en\/artworks\/des-glaneuses-342\" target=\"_blank\" rel=\"noreferrer noopener\">Des glaneuses<\/a><\/em> (The Gleaners), de Jean-Fran\u00e7ois Millet, est\u00e1 na <a href=\"https:\/\/www.musee-orsay.fr\/en\" target=\"_blank\" rel=\"noreferrer noopener\">Musee d'Orsay<\/a> em Paris. Eu visito <em>d'Orsay<\/em> o mais frequentemente que puder. Estou em frente de <em>Des glaneuses<\/em> durante o m\u00e1ximo de tempo poss\u00edvel. Mas n\u00e3o \u00e9 como se houvesse multid\u00f5es de cotovelos para se venderem ali. Encontrei-me pela primeira vez <em>Des glaneuses<\/em> na escola secund\u00e1ria, no meu livro de hist\u00f3ria de arte. Fiquei encantado com ele na altura, e tenho estado desde ent\u00e3o. Agora, meio s\u00e9culo depois, come\u00e7o a compreender porqu\u00ea.<\/p>\n\n\n\n<p>O meu retrato de Patr\u00edcia e Ant\u00f3nio, <em>\"Os colecionadores de alegrias de viver\"<\/em>\u00e9 uma estreia para mim. A minha primeira vez em que os sujeitos sabem realmente que os estou a pintar. Tinha-lhes perguntado se me era permitido. Eles convidaram-me graciosamente para passar um dia. Foi a sua \u00faltima apanha da azeitona no <em>quinta<\/em>. Tirei um monte de fotografias delas ao lado das suas favoritas <em>oliveira<\/em>. Ao pint\u00e1-los, acrescentei <em>Casa da Av\u00f3 Amelia<\/em> atr\u00e1s deles. Tinha de estar l\u00e1. Noutra primeira, mandei imprimir o seu retrato em tela e emoldur\u00e1-lo. O meu presente de agradecimento a eles.<\/p>\n\n\n\n<p>Finalmente, \"curveball\" pode ser um termo especificamente americano. \u00c9 um lan\u00e7amento sorrateiro feito no jogo de basebol. Tem um spin descendente. Isto faz com que a bola caia. Depois, desvia-se para o lado. Aproxima-se da batedora do outro lado a partir do qual foi atirada. A batedora n\u00e3o sabe o que esperar.<\/p>","protected":false},"excerpt":{"rendered":"<p>Conhecer novas pessoas aqui em Santa Luzia \u00e9 ensinar-me novas li\u00e7\u00f5es. N\u00e3o apenas sobre costumes e tradi\u00e7\u00f5es portuguesas e portuguesas. Mas sobre mim e sobre a boa vida. Leia mais.<\/p>","protected":false},"author":1,"featured_media":1477,"comment_status":"open","ping_status":"closed","sticky":false,"template":"","format":"standard","meta":{"nf_dc_page":"","om_disable_all_campaigns":false,"_monsterinsights_skip_tracking":false,"_monsterinsights_sitenote_active":false,"_monsterinsights_sitenote_note":"","_monsterinsights_sitenote_category":0,"_themeisle_gutenberg_block_has_review":false,"_jetpack_memberships_contains_paid_content":false,"footnotes":""},"categories":[8,6],"tags":[],"class_list":["post-1441","post","type-post","status-publish","format-standard","has-post-thumbnail","hentry","category-culture-customs","category-people"],"yoast_head":"<!-- This site is optimized with the Yoast SEO plugin v27.4 - https:\/\/yoast.com\/product\/yoast-seo-wordpress\/ -->\n<title>In The Arms of Joy For All My Life - PORTUGALIZAR<\/title>\n<meta name=\"description\" content=\"If at our final end we can say that \u201cI lived in the arms of joy for all my life\u201c, then, only then, will we know that we have had a good life.\" \/>\n<meta name=\"robots\" content=\"index, follow, max-snippet:-1, max-image-preview:large, max-video-preview:-1\" \/>\n<link rel=\"canonical\" href=\"https:\/\/portugalizar.com\/pt\/in-the-arms-of-joy\/\" \/>\n<meta property=\"og:locale\" content=\"pt_PT\" \/>\n<meta property=\"og:type\" content=\"article\" \/>\n<meta property=\"og:title\" content=\"In The Arms of Joy For All My Life - PORTUGALIZAR\" \/>\n<meta property=\"og:description\" content=\"If at our final end we can say that \u201cI lived in the arms of joy for all my life\u201c, then, only then, will we know that we have had a good life.\" \/>\n<meta property=\"og:url\" content=\"https:\/\/portugalizar.com\/pt\/in-the-arms-of-joy\/\" \/>\n<meta property=\"og:site_name\" content=\"PORTUGALIZAR\" \/>\n<meta property=\"article:published_time\" content=\"2022-06-23T04:00:00+00:00\" \/>\n<meta property=\"article:modified_time\" content=\"2022-06-23T09:54:49+00:00\" \/>\n<meta property=\"og:image\" content=\"https:\/\/portugalizar.com\/wp-content\/uploads\/2022\/06\/51F398C5-E3F1-466E-BB48-BDC937C46D21-scaled.jpeg\" \/>\n\t<meta property=\"og:image:width\" content=\"2560\" \/>\n\t<meta property=\"og:image:height\" content=\"2048\" \/>\n\t<meta property=\"og:image:type\" content=\"image\/jpeg\" \/>\n<meta name=\"author\" content=\"Gui\" \/>\n<meta name=\"twitter:card\" content=\"summary_large_image\" \/>\n<meta name=\"twitter:label1\" content=\"Escrito por\" \/>\n\t<meta name=\"twitter:data1\" content=\"Gui\" \/>\n\t<meta name=\"twitter:label2\" content=\"Tempo estimado de leitura\" \/>\n\t<meta name=\"twitter:data2\" content=\"9 minutos\" \/>\n<script type=\"application\/ld+json\" class=\"yoast-schema-graph\">{\"@context\":\"https:\\\/\\\/schema.org\",\"@graph\":[{\"@type\":\"Article\",\"@id\":\"https:\\\/\\\/portugalizar.com\\\/in-the-arms-of-joy\\\/#article\",\"isPartOf\":{\"@id\":\"https:\\\/\\\/portugalizar.com\\\/in-the-arms-of-joy\\\/\"},\"author\":{\"name\":\"Gui\",\"@id\":\"https:\\\/\\\/portugalizar.com\\\/#\\\/schema\\\/person\\\/1f60af48f39895b897e26d9d92ecf6db\"},\"headline\":\"In The Arms of Joy For All My Life\",\"datePublished\":\"2022-06-23T04:00:00+00:00\",\"dateModified\":\"2022-06-23T09:54:49+00:00\",\"mainEntityOfPage\":{\"@id\":\"https:\\\/\\\/portugalizar.com\\\/in-the-arms-of-joy\\\/\"},\"wordCount\":1778,\"commentCount\":10,\"publisher\":{\"@id\":\"https:\\\/\\\/portugalizar.com\\\/#organization\"},\"image\":{\"@id\":\"https:\\\/\\\/portugalizar.com\\\/in-the-arms-of-joy\\\/#primaryimage\"},\"thumbnailUrl\":\"https:\\\/\\\/i0.wp.com\\\/portugalizar.com\\\/wp-content\\\/uploads\\\/2022\\\/06\\\/51F398C5-E3F1-466E-BB48-BDC937C46D21-scaled.jpeg?fit=2560%2C2048&ssl=1\",\"articleSection\":[\"Culture &amp; Customs\",\"People\"],\"inLanguage\":\"pt-PT\",\"potentialAction\":[{\"@type\":\"CommentAction\",\"name\":\"Comment\",\"target\":[\"https:\\\/\\\/portugalizar.com\\\/in-the-arms-of-joy\\\/#respond\"]}]},{\"@type\":\"WebPage\",\"@id\":\"https:\\\/\\\/portugalizar.com\\\/in-the-arms-of-joy\\\/\",\"url\":\"https:\\\/\\\/portugalizar.com\\\/in-the-arms-of-joy\\\/\",\"name\":\"In The Arms of Joy For All My Life - PORTUGALIZAR\",\"isPartOf\":{\"@id\":\"https:\\\/\\\/portugalizar.com\\\/#website\"},\"primaryImageOfPage\":{\"@id\":\"https:\\\/\\\/portugalizar.com\\\/in-the-arms-of-joy\\\/#primaryimage\"},\"image\":{\"@id\":\"https:\\\/\\\/portugalizar.com\\\/in-the-arms-of-joy\\\/#primaryimage\"},\"thumbnailUrl\":\"https:\\\/\\\/i0.wp.com\\\/portugalizar.com\\\/wp-content\\\/uploads\\\/2022\\\/06\\\/51F398C5-E3F1-466E-BB48-BDC937C46D21-scaled.jpeg?fit=2560%2C2048&ssl=1\",\"datePublished\":\"2022-06-23T04:00:00+00:00\",\"dateModified\":\"2022-06-23T09:54:49+00:00\",\"description\":\"If at our final end we can say that \u201cI lived in the arms of joy for all my life\u201c, then, only then, will we know that we have had a good life.\",\"breadcrumb\":{\"@id\":\"https:\\\/\\\/portugalizar.com\\\/in-the-arms-of-joy\\\/#breadcrumb\"},\"inLanguage\":\"pt-PT\",\"potentialAction\":[{\"@type\":\"ReadAction\",\"target\":[\"https:\\\/\\\/portugalizar.com\\\/in-the-arms-of-joy\\\/\"]}]},{\"@type\":\"ImageObject\",\"inLanguage\":\"pt-PT\",\"@id\":\"https:\\\/\\\/portugalizar.com\\\/in-the-arms-of-joy\\\/#primaryimage\",\"url\":\"https:\\\/\\\/i0.wp.com\\\/portugalizar.com\\\/wp-content\\\/uploads\\\/2022\\\/06\\\/51F398C5-E3F1-466E-BB48-BDC937C46D21-scaled.jpeg?fit=2560%2C2048&ssl=1\",\"contentUrl\":\"https:\\\/\\\/i0.wp.com\\\/portugalizar.com\\\/wp-content\\\/uploads\\\/2022\\\/06\\\/51F398C5-E3F1-466E-BB48-BDC937C46D21-scaled.jpeg?fit=2560%2C2048&ssl=1\",\"width\":2560,\"height\":2048,\"caption\":\"\\\"Os Murm\u00farios\\\", 2020\"},{\"@type\":\"BreadcrumbList\",\"@id\":\"https:\\\/\\\/portugalizar.com\\\/in-the-arms-of-joy\\\/#breadcrumb\",\"itemListElement\":[{\"@type\":\"ListItem\",\"position\":1,\"name\":\"Home\",\"item\":\"https:\\\/\\\/portugalizar.com\\\/\"},{\"@type\":\"ListItem\",\"position\":2,\"name\":\"In The Arms of Joy For All My Life\"}]},{\"@type\":\"WebSite\",\"@id\":\"https:\\\/\\\/portugalizar.com\\\/#website\",\"url\":\"https:\\\/\\\/portugalizar.com\\\/\",\"name\":\"PORTUGALIZAR\",\"description\":\"\",\"publisher\":{\"@id\":\"https:\\\/\\\/portugalizar.com\\\/#organization\"},\"potentialAction\":[{\"@type\":\"SearchAction\",\"target\":{\"@type\":\"EntryPoint\",\"urlTemplate\":\"https:\\\/\\\/portugalizar.com\\\/?s={search_term_string}\"},\"query-input\":{\"@type\":\"PropertyValueSpecification\",\"valueRequired\":true,\"valueName\":\"search_term_string\"}}],\"inLanguage\":\"pt-PT\"},{\"@type\":\"Organization\",\"@id\":\"https:\\\/\\\/portugalizar.com\\\/#organization\",\"name\":\"PORTUGALIZAR\",\"url\":\"https:\\\/\\\/portugalizar.com\\\/\",\"logo\":{\"@type\":\"ImageObject\",\"inLanguage\":\"pt-PT\",\"@id\":\"https:\\\/\\\/portugalizar.com\\\/#\\\/schema\\\/logo\\\/image\\\/\",\"url\":\"\",\"contentUrl\":\"\",\"caption\":\"PORTUGALIZAR\"},\"image\":{\"@id\":\"https:\\\/\\\/portugalizar.com\\\/#\\\/schema\\\/logo\\\/image\\\/\"}},{\"@type\":\"Person\",\"@id\":\"https:\\\/\\\/portugalizar.com\\\/#\\\/schema\\\/person\\\/1f60af48f39895b897e26d9d92ecf6db\",\"name\":\"Gui\",\"image\":{\"@type\":\"ImageObject\",\"inLanguage\":\"pt-PT\",\"@id\":\"https:\\\/\\\/secure.gravatar.com\\\/avatar\\\/0bef00a699e73fc60016c16a6f44683b2a027bb1b48a4b3973732af4cc636712?s=96&d=mm&r=g\",\"url\":\"https:\\\/\\\/secure.gravatar.com\\\/avatar\\\/0bef00a699e73fc60016c16a6f44683b2a027bb1b48a4b3973732af4cc636712?s=96&d=mm&r=g\",\"contentUrl\":\"https:\\\/\\\/secure.gravatar.com\\\/avatar\\\/0bef00a699e73fc60016c16a6f44683b2a027bb1b48a4b3973732af4cc636712?s=96&d=mm&r=g\",\"caption\":\"Gui\"},\"url\":\"https:\\\/\\\/portugalizar.com\\\/pt\\\/author\\\/spestheonlyone\\\/\"}]}<\/script>\n<!-- \/ Yoast SEO plugin. -->","yoast_head_json":{"title":"In The Arms of Joy For All My Life - PORTUGALIZAR","description":"If at our final end we can say that \u201cI lived in the arms of joy for all my life\u201c, then, only then, will we know that we have had a good life.","robots":{"index":"index","follow":"follow","max-snippet":"max-snippet:-1","max-image-preview":"max-image-preview:large","max-video-preview":"max-video-preview:-1"},"canonical":"https:\/\/portugalizar.com\/pt\/in-the-arms-of-joy\/","og_locale":"pt_PT","og_type":"article","og_title":"In The Arms of Joy For All My Life - PORTUGALIZAR","og_description":"If at our final end we can say that \u201cI lived in the arms of joy for all my life\u201c, then, only then, will we know that we have had a good life.","og_url":"https:\/\/portugalizar.com\/pt\/in-the-arms-of-joy\/","og_site_name":"PORTUGALIZAR","article_published_time":"2022-06-23T04:00:00+00:00","article_modified_time":"2022-06-23T09:54:49+00:00","og_image":[{"width":2560,"height":2048,"url":"https:\/\/portugalizar.com\/wp-content\/uploads\/2022\/06\/51F398C5-E3F1-466E-BB48-BDC937C46D21-scaled.jpeg","type":"image\/jpeg"}],"author":"Gui","twitter_card":"summary_large_image","twitter_misc":{"Escrito por":"Gui","Tempo estimado de leitura":"9 minutos"},"schema":{"@context":"https:\/\/schema.org","@graph":[{"@type":"Article","@id":"https:\/\/portugalizar.com\/in-the-arms-of-joy\/#article","isPartOf":{"@id":"https:\/\/portugalizar.com\/in-the-arms-of-joy\/"},"author":{"name":"Gui","@id":"https:\/\/portugalizar.com\/#\/schema\/person\/1f60af48f39895b897e26d9d92ecf6db"},"headline":"In The Arms of Joy For All My Life","datePublished":"2022-06-23T04:00:00+00:00","dateModified":"2022-06-23T09:54:49+00:00","mainEntityOfPage":{"@id":"https:\/\/portugalizar.com\/in-the-arms-of-joy\/"},"wordCount":1778,"commentCount":10,"publisher":{"@id":"https:\/\/portugalizar.com\/#organization"},"image":{"@id":"https:\/\/portugalizar.com\/in-the-arms-of-joy\/#primaryimage"},"thumbnailUrl":"https:\/\/i0.wp.com\/portugalizar.com\/wp-content\/uploads\/2022\/06\/51F398C5-E3F1-466E-BB48-BDC937C46D21-scaled.jpeg?fit=2560%2C2048&ssl=1","articleSection":["Culture &amp; Customs","People"],"inLanguage":"pt-PT","potentialAction":[{"@type":"CommentAction","name":"Comment","target":["https:\/\/portugalizar.com\/in-the-arms-of-joy\/#respond"]}]},{"@type":"WebPage","@id":"https:\/\/portugalizar.com\/in-the-arms-of-joy\/","url":"https:\/\/portugalizar.com\/in-the-arms-of-joy\/","name":"In The Arms of Joy For All My Life - PORTUGALIZAR","isPartOf":{"@id":"https:\/\/portugalizar.com\/#website"},"primaryImageOfPage":{"@id":"https:\/\/portugalizar.com\/in-the-arms-of-joy\/#primaryimage"},"image":{"@id":"https:\/\/portugalizar.com\/in-the-arms-of-joy\/#primaryimage"},"thumbnailUrl":"https:\/\/i0.wp.com\/portugalizar.com\/wp-content\/uploads\/2022\/06\/51F398C5-E3F1-466E-BB48-BDC937C46D21-scaled.jpeg?fit=2560%2C2048&ssl=1","datePublished":"2022-06-23T04:00:00+00:00","dateModified":"2022-06-23T09:54:49+00:00","description":"If at our final end we can say that \u201cI lived in the arms of joy for all my life\u201c, then, only then, will we know that we have had a good life.","breadcrumb":{"@id":"https:\/\/portugalizar.com\/in-the-arms-of-joy\/#breadcrumb"},"inLanguage":"pt-PT","potentialAction":[{"@type":"ReadAction","target":["https:\/\/portugalizar.com\/in-the-arms-of-joy\/"]}]},{"@type":"ImageObject","inLanguage":"pt-PT","@id":"https:\/\/portugalizar.com\/in-the-arms-of-joy\/#primaryimage","url":"https:\/\/i0.wp.com\/portugalizar.com\/wp-content\/uploads\/2022\/06\/51F398C5-E3F1-466E-BB48-BDC937C46D21-scaled.jpeg?fit=2560%2C2048&ssl=1","contentUrl":"https:\/\/i0.wp.com\/portugalizar.com\/wp-content\/uploads\/2022\/06\/51F398C5-E3F1-466E-BB48-BDC937C46D21-scaled.jpeg?fit=2560%2C2048&ssl=1","width":2560,"height":2048,"caption":"\"Os Murm\u00farios\", 2020"},{"@type":"BreadcrumbList","@id":"https:\/\/portugalizar.com\/in-the-arms-of-joy\/#breadcrumb","itemListElement":[{"@type":"ListItem","position":1,"name":"Home","item":"https:\/\/portugalizar.com\/"},{"@type":"ListItem","position":2,"name":"In The Arms of Joy For All My Life"}]},{"@type":"WebSite","@id":"https:\/\/portugalizar.com\/#website","url":"https:\/\/portugalizar.com\/","name":"PORTUGALIZAR","description":"","publisher":{"@id":"https:\/\/portugalizar.com\/#organization"},"potentialAction":[{"@type":"SearchAction","target":{"@type":"EntryPoint","urlTemplate":"https:\/\/portugalizar.com\/?s={search_term_string}"},"query-input":{"@type":"PropertyValueSpecification","valueRequired":true,"valueName":"search_term_string"}}],"inLanguage":"pt-PT"},{"@type":"Organization","@id":"https:\/\/portugalizar.com\/#organization","name":"PORTUGALIZAR","url":"https:\/\/portugalizar.com\/","logo":{"@type":"ImageObject","inLanguage":"pt-PT","@id":"https:\/\/portugalizar.com\/#\/schema\/logo\/image\/","url":"","contentUrl":"","caption":"PORTUGALIZAR"},"image":{"@id":"https:\/\/portugalizar.com\/#\/schema\/logo\/image\/"}},{"@type":"Person","@id":"https:\/\/portugalizar.com\/#\/schema\/person\/1f60af48f39895b897e26d9d92ecf6db","name":"Gui","image":{"@type":"ImageObject","inLanguage":"pt-PT","@id":"https:\/\/secure.gravatar.com\/avatar\/0bef00a699e73fc60016c16a6f44683b2a027bb1b48a4b3973732af4cc636712?s=96&d=mm&r=g","url":"https:\/\/secure.gravatar.com\/avatar\/0bef00a699e73fc60016c16a6f44683b2a027bb1b48a4b3973732af4cc636712?s=96&d=mm&r=g","contentUrl":"https:\/\/secure.gravatar.com\/avatar\/0bef00a699e73fc60016c16a6f44683b2a027bb1b48a4b3973732af4cc636712?s=96&d=mm&r=g","caption":"Gui"},"url":"https:\/\/portugalizar.com\/pt\/author\/spestheonlyone\/"}]}},"jetpack_featured_media_url":"https:\/\/i0.wp.com\/portugalizar.com\/wp-content\/uploads\/2022\/06\/51F398C5-E3F1-466E-BB48-BDC937C46D21-scaled.jpeg?fit=2560%2C2048&ssl=1","jetpack-related-posts":[],"jetpack_sharing_enabled":true,"_links":{"self":[{"href":"https:\/\/portugalizar.com\/pt\/wp-json\/wp\/v2\/posts\/1441","targetHints":{"allow":["GET"]}}],"collection":[{"href":"https:\/\/portugalizar.com\/pt\/wp-json\/wp\/v2\/posts"}],"about":[{"href":"https:\/\/portugalizar.com\/pt\/wp-json\/wp\/v2\/types\/post"}],"author":[{"embeddable":true,"href":"https:\/\/portugalizar.com\/pt\/wp-json\/wp\/v2\/users\/1"}],"replies":[{"embeddable":true,"href":"https:\/\/portugalizar.com\/pt\/wp-json\/wp\/v2\/comments?post=1441"}],"version-history":[{"count":5,"href":"https:\/\/portugalizar.com\/pt\/wp-json\/wp\/v2\/posts\/1441\/revisions"}],"predecessor-version":[{"id":1900,"href":"https:\/\/portugalizar.com\/pt\/wp-json\/wp\/v2\/posts\/1441\/revisions\/1900"}],"wp:featuredmedia":[{"embeddable":true,"href":"https:\/\/portugalizar.com\/pt\/wp-json\/wp\/v2\/media\/1477"}],"wp:attachment":[{"href":"https:\/\/portugalizar.com\/pt\/wp-json\/wp\/v2\/media?parent=1441"}],"wp:term":[{"taxonomy":"category","embeddable":true,"href":"https:\/\/portugalizar.com\/pt\/wp-json\/wp\/v2\/categories?post=1441"},{"taxonomy":"post_tag","embeddable":true,"href":"https:\/\/portugalizar.com\/pt\/wp-json\/wp\/v2\/tags?post=1441"}],"curies":[{"name":"wp","href":"https:\/\/api.w.org\/{rel}","templated":true}]}}