{"id":1348,"date":"2022-05-26T04:00:00","date_gmt":"2022-05-26T04:00:00","guid":{"rendered":"https:\/\/portugalizar.com\/?p=1348"},"modified":"2022-05-26T19:05:22","modified_gmt":"2022-05-26T19:05:22","slug":"that-fantastic-thing","status":"publish","type":"post","link":"https:\/\/portugalizar.com\/pt\/that-fantastic-thing\/","title":{"rendered":"Essa Coisa Fant\u00e1stica, Louca e Est\u00fapida,<br>Fa\u00e7a-o de novo!"},"content":{"rendered":"<p><em>\u00c9 bom ter-te de volta! Obrigado por teres vindo!<\/em> \/\/ \u00c9 bom t\u00ea-lo de volta! Obrigado por teres vindo! Lembra-se que cortei o correio da semana passada ao meio? C\u00e9us, esse \u00fanico posto teria sido longo!  Bem, esta \u00e9 a segunda parte. Ambos est\u00e3o sobre um tema semelhante, ou seja, a coisa fant\u00e1stica chamada vida em Santa Luzia. Mas esta semana espreitamos de um \u00e2ngulo diferente.<\/p>\n\n\n\n<p>Antes de saltarmos para o correio de hoje, quero falar-vos um pouco sobre os quadros que aparecem em baixo. As quatro s\u00e3o do in\u00edcio de 2020, quando comecei a mexer na pintura. T\u00eam origem antes de eu ter come\u00e7ado a desenvolver <a href=\"https:\/\/portugalizar.com\/pt\/a-new-lanuage\/\" target=\"_blank\" rel=\"noreferrer noopener\"><strong>a minha l\u00edngua<\/strong><\/a>por assim dizer.<\/p>\n\n\n\n<p>Estou um pouco envergonhado com os dois primeiros, especialmente. Mas gostaria ainda assim de lhos mostrar. Penso que eles ajudam a comunicar um pouco do que gostaria de partilhar hoje. E n\u00e3o me parece que sejam t\u00e3o terrivelmente prestados. Mas lutei um pouco com a perspectiva.<\/p>\n\n\n\n<p>Estes dois primeiros, <em>\"N\u00e3o Se Apaga!\"<\/em> e <em>\"A Janela Aberta\"<\/em>s\u00e3o tamb\u00e9m um pouco \"tontos\". Os edif\u00edcios, com o graffiti e a grande janela chique, existem de facto aqui em Santa Luzia. As pessoas, no entanto, imaginei. Pintei-os a partir de imagens em revistas. As pinturas em si s\u00e3o alegorias <em>\u00e0 la<\/em> <a href=\"https:\/\/www.wikiart.org\/en\/william-blake\" target=\"_blank\" rel=\"noreferrer noopener\">William Blake<\/a> e <a href=\"https:\/\/www.wikiart.org\/en\/henri-rousseau\" target=\"_blank\" rel=\"noreferrer noopener\">Henri Rousseau<\/a>se n\u00e3o nos seus estilos, excepto talvez no seu <em>na\u00efvit\u00e9<\/em>. Eu estava a brincar com a ideia de criar f\u00e1bulas pict\u00f3ricas. Mas parecia for\u00e7ado e, por isso, abandonei a ideia.<\/p>\n\n\n\n<p>Agora, com a verdadeira grelha deste posto, ou seja, aquela coisa fant\u00e1stica.<\/p>\n\n\n\n<h2 class=\"wp-block-heading\"><em>Bom<\/em> e <em>Boa<\/em> - As Mercadorias - Desaparecer<\/h2>\n\n\n\n<p>Eu mencionei num <strong><a href=\"https:\/\/portugalizar.com\/pt\/quite-a-lot\/\" target=\"_blank\" rel=\"noreferrer noopener\">posto anterior<\/a><\/strong> que os portugueses normalmente se reconhecem uns aos outros com uma sauda\u00e7\u00e3o de hora do dia. \u00c9 mais prov\u00e1vel que ou\u00e7am <em>diabinho bom<\/em> \/ <em>jib\u00f3ia<\/em> \/ <em>boa noite<\/em> em vez de <em>ol\u00e1<\/em>. As pessoas aqui usam <em>ol\u00e1<\/em> cada vez mais, mas parece-me um alojamento para os norte-americanos, especialmente para as pessoas provenientes dos EUA.<\/p>\n\n\n\n<p>Notei, no entanto, que a parte \"boa\" da sauda\u00e7\u00e3o, ou seja, a <em>bomba<\/em> \/ <em>jib\u00f3ia<\/em> antes da hora do dia, \u00e9 engolido ou perdido completamente no enunciado. A parte aud\u00edvel \u00e9 uma parte atenuada e totalmente descontrolada <em>dia<\/em> ou<em> tarde<\/em>. Apenas parent\u00e9ticamente, em rela\u00e7\u00e3o a <em>boa noite<\/em>N\u00e3o sei o que realmente se diz, pois Z\u00e9 e eu n\u00e3o somos pessoas nocturnas.<\/p>\n\n\n\n<p>Sa\u00fado sempre as pessoas com o meu cuidado e articula\u00e7\u00e3o completa <em>diabinho bom<\/em> ou <em>jib\u00f3ia<\/em>. A resposta atenuada, embora entusi\u00e1stica, dos desacompanhados <em>dia<\/em> ou <em>tarde<\/em> fez-me pensar na intencionalidade. Ser\u00e1 que os portugueses em geral e genuinamente n\u00e3o se sentem bem com as suas vidas para que deixem cair o \"bem\"?<\/p>\n\n\n\n<p>Perguntei a um par de pessoas que conheci aqui porqu\u00ea apenas <em>dia<\/em> e n\u00e3o <em>diabinho bom<\/em>porqu\u00ea recortar o bem? A primeira pessoa que perguntei foi uma jovem mulher de cerca de 25 anos. A segunda pessoa \u00e9 um cavalheiro mais velho nos seus \u00faltimos setenta anos, suponho eu. Partilharei convosco as suas duas respostas muito semelhantes, a partir das suas perspectivas bastante diferentes.<\/p>\n\n\n\n<h2 class=\"wp-block-heading\">Esta Coisa Fant\u00e1stica! A vida \u00e9 boa!<\/h2>\n\n\n\n<p>Ver\u00f3nica, a jovem, disse em resposta \u00e0 minha pergunta obviamente tola: \"Tudo est\u00e1 bem... o c\u00e9u est\u00e1 azul, o dia est\u00e1 quente, a praia est\u00e1 mesmo ali. E todos os dias s\u00e3o os mesmos, todos os dias s\u00e3o bons; o c\u00e9u \u00e9 azul, o sol \u00e9 quente, e ali est\u00e1 a praia\". Enquanto ela voltava para sua casa depois de mais conversas, vi-a cumprimentar uma mulher mais velha... Eu sabia que ela era sincera. A sua interac\u00e7\u00e3o foi cheia de gentileza e paci\u00eancia; Ver\u00f3nica acariciou o ombro da mulher com a sua m\u00e3o antes de seguir em frente.<\/p>\n\n\n\n<p><em>O Senhor<\/em>porque s\u00f3 conhe\u00e7o este homem mais velho na formalidade necess\u00e1ria do portugu\u00eas, respondeu de forma mais directa, mas igualmente po\u00e9tica. \"Estou aqui esta manh\u00e3\". Tal como a proclama\u00e7\u00e3o do graffiti filos\u00f3fico \"n\u00e3o se apaga\", ele n\u00e3o foi apagado nem ser\u00e1 apagado. Tenho a sua inten\u00e7\u00e3o imediatamente. Com a sua idade, se se pode saudar outro, ent\u00e3o obviamente que \u00e9 um bom dia.<\/p>\n\n\n\n<figure class=\"wp-block-image alignwide size-large\"><img data-recalc-dims=\"1\" fetchpriority=\"high\" decoding=\"async\" width=\"950\" height=\"681\" src=\"https:\/\/i0.wp.com\/portugalizar.com\/wp-content\/uploads\/2022\/05\/0DFB2783-00E1-4CBC-B5E8-0B14111A42E5-scaled-e1652634307872-1024x734.jpeg?resize=950%2C681&#038;ssl=1\" alt=\"\" class=\"wp-image-1376\" srcset=\"https:\/\/i0.wp.com\/portugalizar.com\/wp-content\/uploads\/2022\/05\/0DFB2783-00E1-4CBC-B5E8-0B14111A42E5-scaled-e1652634307872.jpeg?resize=1024%2C734&amp;ssl=1 1024w, https:\/\/i0.wp.com\/portugalizar.com\/wp-content\/uploads\/2022\/05\/0DFB2783-00E1-4CBC-B5E8-0B14111A42E5-scaled-e1652634307872.jpeg?resize=300%2C215&amp;ssl=1 300w, https:\/\/i0.wp.com\/portugalizar.com\/wp-content\/uploads\/2022\/05\/0DFB2783-00E1-4CBC-B5E8-0B14111A42E5-scaled-e1652634307872.jpeg?resize=768%2C550&amp;ssl=1 768w, https:\/\/i0.wp.com\/portugalizar.com\/wp-content\/uploads\/2022\/05\/0DFB2783-00E1-4CBC-B5E8-0B14111A42E5-scaled-e1652634307872.jpeg?resize=1536%2C1101&amp;ssl=1 1536w, https:\/\/i0.wp.com\/portugalizar.com\/wp-content\/uploads\/2022\/05\/0DFB2783-00E1-4CBC-B5E8-0B14111A42E5-scaled-e1652634307872.jpeg?resize=18%2C12&amp;ssl=1 18w, https:\/\/i0.wp.com\/portugalizar.com\/wp-content\/uploads\/2022\/05\/0DFB2783-00E1-4CBC-B5E8-0B14111A42E5-scaled-e1652634307872.jpeg?w=1920&amp;ssl=1 1920w\" sizes=\"(max-width: 950px) 100vw, 950px\" \/><figcaption>\"N\u00e3o Se Apaga\", 2020<\/figcaption><\/figure>\n\n\n\n<p>Fal\u00e1mos em frente da sua casa muito modesta que faz frente a uma dessas estradas de terra. J\u00e1 o tinha visto muitas vezes, e convers\u00e1mos brevemente em v\u00e1rias ocasi\u00f5es. Ele ainda trabalha arado, plantando e colhendo um pequeno peda\u00e7o de terra. Ele vive por conta pr\u00f3pria, mas n\u00e3o sozinho. Algumas cabras vivem com ele, e um gato. Al\u00e9m disso, a fam\u00edlia e os amigos entram e saem com frequ\u00eancia, tenho notado. <\/p>\n\n\n\n<h2 class=\"wp-block-heading\">N\u00e3o \u00e9 f\u00e1cil, mas...<\/h2>\n\n\n\n<p>Ver\u00f3nica tem esperan\u00e7as e sonhos, como uma pessoa da sua idade deve e deve ter. Para ela, a janela para a vida est\u00e1 bem aberta. Ela e uma amiga tinham iniciado um neg\u00f3cio de limpeza de apartamentos Airbnb aqui em Santa Luzia. Ela admitiu que o dinheiro era bom. Mas ela disse: \"Sou jovem, quero ver os meus lugares, estar na estrada\". O seu sonho particular \u00e9 ser camionista. Claro, fiquei surpreendida, mas quem sou eu para questionar o sonho de algu\u00e9m. Ela agora trabalha numa das duas <em>Pingo Doce<\/em> supermercados em Tavira. A sua candidatura para a forma\u00e7\u00e3o necess\u00e1ria atravessa a burocracia portuguesa e por isso espera.<\/p>\n\n\n\n<figure class=\"wp-block-image alignwide size-large\"><img data-recalc-dims=\"1\" decoding=\"async\" width=\"713\" height=\"1024\" src=\"https:\/\/i0.wp.com\/portugalizar.com\/wp-content\/uploads\/2022\/05\/A-Janela-Aberta.jpg?resize=713%2C1024&#038;ssl=1\" alt=\"\" class=\"wp-image-1377\" srcset=\"https:\/\/i0.wp.com\/portugalizar.com\/wp-content\/uploads\/2022\/05\/A-Janela-Aberta-scaled.jpg?resize=713%2C1024&amp;ssl=1 713w, https:\/\/i0.wp.com\/portugalizar.com\/wp-content\/uploads\/2022\/05\/A-Janela-Aberta-scaled.jpg?resize=209%2C300&amp;ssl=1 209w, https:\/\/i0.wp.com\/portugalizar.com\/wp-content\/uploads\/2022\/05\/A-Janela-Aberta-scaled.jpg?resize=768%2C1103&amp;ssl=1 768w, https:\/\/i0.wp.com\/portugalizar.com\/wp-content\/uploads\/2022\/05\/A-Janela-Aberta-scaled.jpg?resize=1070%2C1536&amp;ssl=1 1070w, https:\/\/i0.wp.com\/portugalizar.com\/wp-content\/uploads\/2022\/05\/A-Janela-Aberta-scaled.jpg?resize=1426%2C2048&amp;ssl=1 1426w, https:\/\/i0.wp.com\/portugalizar.com\/wp-content\/uploads\/2022\/05\/A-Janela-Aberta-scaled.jpg?resize=8%2C12&amp;ssl=1 8w, https:\/\/i0.wp.com\/portugalizar.com\/wp-content\/uploads\/2022\/05\/A-Janela-Aberta-scaled.jpg?w=1783&amp;ssl=1 1783w\" sizes=\"(max-width: 713px) 100vw, 713px\" \/><figcaption>\"A Janela Aberta\", 2020<\/figcaption><\/figure>\n\n\n\n<p>Para algu\u00e9m como Ver\u00f3nica, n\u00e3o \u00e9 f\u00e1cil. Os sal\u00e1rios s\u00e3o baixos, os mais baixos da Zona Euro. As oportunidades, mesmo para os mais instru\u00eddos, parecem esparsas; muitos mudam-se para o estrangeiro para perseguir sonhos. Ao escrever, lembro-me da lamenta\u00e7\u00e3o de uma manchete numa edi\u00e7\u00e3o recente do <em>Expresso<\/em> jornal. \u201c<a href=\"https:\/\/www.portugalresident.com\/salaries-face-greatest-fall-since-troika\/\" target=\"_blank\" rel=\"noreferrer noopener\"><strong>A recente infla\u00e7\u00e3o levou os sal\u00e1rios reais ao seu n\u00edvel mais baixo desde a Crise Financeira de 2009-10.<\/strong><\/a>\u201d Os sonhos podem ser aqui escritos em letra pequena. Mas ainda assim o \"bom\" \u00e9 sempre presumido, especialmente quando nos cumprimentamos uns aos outros.<\/p>\n\n\n\n<p>Para <em>o Senhor<\/em>, os sonhos t\u00eam sido sonhados. Agora, \u00e9 o tempo de espera, o tempo de ocupa\u00e7\u00e3o e o tempo de recorda\u00e7\u00e3o. Quanto a muitas pessoas mais velhas, \u00e9 imposs\u00edvel <em>o Senhor<\/em> ignorar que a vida n\u00e3o \u00e9 f\u00e1cil, que n\u00e3o est\u00e1 destinada a ser. Ainda assim, h\u00e1 muito de bom para desfrutar. Ele diz-me: \"o sol da manh\u00e3 aquece-me o rosto e os ombros\". E, \"o leite de cabra tem um sabor doce enquanto ainda est\u00e1 quente\". Vi que o abra\u00e7o do seu neto lhe ilumina o rosto. O homem mais novo tem <em>o Senhor's<\/em> for\u00e7a e o seu sorriso r\u00e1pido. Tantas coisas boas.<\/p>\n\n\n\n<h2 class=\"wp-block-heading\">\u00c9 Fant\u00e1stico, Aquele C\u00e9u Azul!<\/h2>\n\n\n\n<p>Todos os dias \u00e9 bom, claro que \u00e9... basta olhar para cima. Portanto, n\u00e3o h\u00e1 necessidade de dizer o \u00f3bvio quando se passa por um amigo ou por um estranho na rua.<\/p>\n\n\n\n<p>Uma das reivindica\u00e7\u00f5es da fama do sul de Portugal \u00e9 o seu famoso c\u00e9u azul e sem nuvens... <a href=\"https:\/\/www.visitportugal.com\/en\/content\/winter-sun\" target=\"_blank\" rel=\"noreferrer noopener\"><strong>300 dias<\/strong><\/a> deles. Nunca me canso do seu cobalto profundo. Suspeitei que poderia atrav\u00e9s de pura monotonia. Mas estes c\u00e9us tornam-se uma tela sobre a qual as obras-primas quotidianas e vulgares se pintam, como as omnipresentes chamin\u00e9s c\u00f3nicas algarvias. Ou uma laranja ou um lim\u00e3o enquanto se olha para cima atrav\u00e9s dos ramos das \u00e1rvores. Tudo se destaca, declarando a sua beleza.<\/p>\n\n\n\n<figure class=\"wp-block-image alignwide size-full\"><img data-recalc-dims=\"1\" decoding=\"async\" src=\"https:\/\/i0.wp.com\/portugalizar.com\/wp-content\/uploads\/2022\/05\/E6DDE4C9-D764-47D2-95EA-FC0EE58D4FBD.jpeg?w=950&#038;ssl=1\" alt=\"\" class=\"wp-image-1229\"\/><figcaption>\"O C\u00e9u Azul\", 2020<\/figcaption><\/figure>\n\n\n\n<p>O c\u00e9u, azul e brilhante, \u00e9 o quotidiano comum aqui. Mas tamb\u00e9m \u00e9 especial, ou seja, um deleite di\u00e1rio, quotidiano e vulgar. N\u00e3o s\u00e3o apenas as coisas especiais. A comida maluca e est\u00fapida, o vinho e as sobremesas s\u00e3o verdadeiramente fant\u00e1sticas. Acrescentam sabor e vibra\u00e7\u00e3o \u00e0 nossa vida aqui. Mas aquele c\u00e9u azul di\u00e1rio e todas as coisas malditas e vulgares pintadas contra ele tamb\u00e9m acrescentam sabor e vibra\u00e7\u00e3o \u00e0 nossa vida fant\u00e1stica.<\/p>\n\n\n\n<h2 class=\"wp-block-heading\">Levando tudo em frente<\/h2>\n\n\n\n<p>Parece-me que os portugueses ainda compreendem isto. O que \u00e9 exactamente o \"isto\"? Que a vida \u00e9 louco-estupidez, ou seja, fant\u00e1stica. Que as guloseimas da vida, tanto as comuns como as especiais, ultrapassam todas as partes dif\u00edceis.<\/p>\n\n\n\n<p>\u00c9 certamente impreciso supor que os portugueses t\u00eam alguma capacidade especial para transformar os lim\u00f5es da vida em limonada ou mesmo um bolo de lim\u00e3o ou torta de lim\u00e3o. Embora eles fa\u00e7am tudo isto com os lim\u00f5es, eles crescem. Penso que a habilidade especial dos portugueses \u00e9 que deixam que os supostos lim\u00f5es da vida sejam apenas o que s\u00e3o. Eles n\u00e3o esperam que eles sejam outra coisa que n\u00e3o sejam lim\u00f5es. Nem passam muito tempo a recear que os lim\u00f5es devam ser outra coisa que n\u00e3o sejam lim\u00f5es. <\/p>\n\n\n\n<figure class=\"wp-block-image alignwide size-large\"><img data-recalc-dims=\"1\" decoding=\"async\" width=\"950\" height=\"570\" src=\"https:\/\/i0.wp.com\/portugalizar.com\/wp-content\/uploads\/2022\/05\/5EB380A4-6339-42B7-82A8-CA41E0639CFF.png?resize=950%2C570&#038;ssl=1\" alt=\"\" class=\"wp-image-1408\" srcset=\"https:\/\/i0.wp.com\/portugalizar.com\/wp-content\/uploads\/2022\/05\/5EB380A4-6339-42B7-82A8-CA41E0639CFF.png?resize=1024%2C614&amp;ssl=1 1024w, https:\/\/i0.wp.com\/portugalizar.com\/wp-content\/uploads\/2022\/05\/5EB380A4-6339-42B7-82A8-CA41E0639CFF.png?resize=300%2C180&amp;ssl=1 300w, https:\/\/i0.wp.com\/portugalizar.com\/wp-content\/uploads\/2022\/05\/5EB380A4-6339-42B7-82A8-CA41E0639CFF.png?resize=768%2C461&amp;ssl=1 768w, https:\/\/i0.wp.com\/portugalizar.com\/wp-content\/uploads\/2022\/05\/5EB380A4-6339-42B7-82A8-CA41E0639CFF.png?resize=18%2C12&amp;ssl=1 18w, https:\/\/i0.wp.com\/portugalizar.com\/wp-content\/uploads\/2022\/05\/5EB380A4-6339-42B7-82A8-CA41E0639CFF.png?w=1517&amp;ssl=1 1517w\" sizes=\"(max-width: 950px) 100vw, 950px\" \/><figcaption>\"Quando a vida d\u00e1 lim\u00f5es... gozem os lim\u00f5es!\", 2020<\/figcaption><\/figure>\n\n\n\n<p>N\u00e3o estou a dizer que os portugueses acham as suas vidas mais f\u00e1ceis como resultado. Penso que os portugueses sabem que as suas vidas n\u00e3o s\u00e3o nada f\u00e1ceis; dir-vos-\u00e3o isso se perguntarem. O que estou a dizer \u00e9 que a perspectiva portuguesa v\u00ea ambas, valoriza ambas, e, no final, descobre que o bem que a vida oferece pesa mais do que tudo o resto. Eles s\u00e3o capazes de levar tudo a s\u00e9rio. Isto d\u00e1-lhes a capacidade e a justifica\u00e7\u00e3o para cintarem um cinto de <em>dia<\/em> que pressup\u00f5e o bem.<\/p>\n\n\n\n<h2 class=\"wp-block-heading\">Li\u00e7\u00f5es Fant\u00e1sticas Aprendidas<\/h2>\n\n\n\n<p>A cultura contempor\u00e2nea tem um problema. Espera, esperamos, que os lim\u00f5es n\u00e3o sejam lim\u00f5es. H\u00e1 mais de um s\u00e9culo que temos vindo a alimentar uma linha. Essa linha tornou-se a melodia n\u00famero um e bateu o recorde do Capitalismo e da sua descend\u00eancia, o Neo-Liberalismo. O seu refr\u00e3o diz: \"a sua vida pode e deve ser f\u00e1cil\". Se n\u00e3o for, ent\u00e3o est\u00e1s a fazer algo de errado\". Os versos s\u00e3o igualmente pouco inspiradores.<\/p>\n\n\n\n<p>\"Compre isto, aquilo ou a outra coisa, ent\u00e3o a sua vida ser\u00e1 f\u00e1cil\". \"Use esta pasta de dentes e os seus dentes ficar\u00e3o brancos, depois os outros ficar\u00e3o fulminados por si, o dinheiro aparecer\u00e1 na sua conta banc\u00e1ria, etc.\". \"Compre esta m\u00e1quina de lavar loi\u00e7a e a sua vida ser\u00e1 f\u00e1cil, porque ter\u00e1 mais vinte minutos de tempo livre. N\u00e3o se preocupe que ter\u00e1 de trabalhar no seu emprego mais uma hora durante muitos anos para pagar a m\u00e1quina de lavar lou\u00e7a\".<\/p>\n\n\n\n<p>A vida n\u00e3o \u00e9 f\u00e1cil. Nunca pode ser. Mesmo que tudo fosse feito por n\u00f3s, e os nossos dias fossem totalmente livres e os nossos tempos livres preenchidos, a vida n\u00e3o seria f\u00e1cil. Os nossos dentes poderiam tornar-se o branco mais branco. O nosso cabelo poderia finalmente atingir a tonalidade perfeita de destaque. A m\u00e1quina de lavar lou\u00e7a, a m\u00e1quina de lavar roupa, o rob\u00f4 aspirador poderia dar-nos um tempo livre sem fim, mas a um pre\u00e7o. No entanto, a vida n\u00e3o ser\u00e1 nunca f\u00e1cil. Sentir\u00edamos ainda dor, dor insuport\u00e1vel. A doen\u00e7a ir\u00e1 encontrar-nos. Continuaremos a andar de m\u00e3os dadas com a nossa pr\u00f3pria mortalidade. Aqueles que amamos mais queridos passar\u00e3o de n\u00f3s. E assim por diante.<\/p>\n\n\n\n<h2 class=\"wp-block-heading\">O que fazer<\/h2>\n\n\n\n<p>O Capitalismo Contempor\u00e2neo e o Neo-Liberalismo n\u00e3o podem ser f\u00e1ceis. Muitos est\u00e3o justamente zangados por lhes ter sido prometido este n\u00e3o entreg\u00e1vel. Sentem raiva de si pr\u00f3prios por n\u00e3o terem conseguido alcan\u00e7ar facilmente. Esta raiva torna-se distorcida e manipulada nas m\u00e3os de vigaristas sem escr\u00fapulos e pretensos d\u00e9spotas. Oferecem substitutos confort\u00e1veis e acolhedores, como o nacionalismo e o orgulho racial que dirige esta raiva para os outros.<\/p>\n\n\n\n<p>Os portugueses tamb\u00e9m est\u00e3o zangados. Felizmente, vieram \u00e0 festa mais tarde do que o resto de n\u00f3s. At\u00e9 agora, os portugueses t\u00eam bebido menos kool-aide neoliberal. Ainda conseguem sentir e encontrar o equil\u00edbrio entre o n\u00e3o-f\u00e1cil e o bom nas suas vidas. N\u00e3o tenho a certeza por quanto tempo mais.<\/p>\n\n\n\n<p>N\u00e3o sei como fixar o capitalismo e o neoliberalismo a n\u00e3o ser atrav\u00e9s de uma escolha pessoal. A vida n\u00e3o \u00e9 f\u00e1cil, n\u00e3o \u00e9 suposto ser. Mas est\u00e1 cheia de muitas e muitas coisas fant\u00e1sticas, loucamente est\u00fapidas. Ou seja, h\u00e1 tanta beleza e alegria. A vida pode ser mais simples. Podemos passar sem muitas das coisas que pensamos que precisamos e dizem-nos que precisamos. Se n\u00e3o a tivermos, outros podem t\u00ea-la. <\/p>\n\n\n\n<p>Joseph disse-me que tinha lido que as empresas mudam os objectivos de produ\u00e7\u00e3o de um c\u00eantimo quando as vendas se deslocam 10% de uma forma ou de outra. Se n\u00e3o comprarmos algo porque pensamos que j\u00e1 n\u00e3o precisamos dele, ou porque decidimos que j\u00e1 n\u00e3o precisamos de respeitar os seus impactos ambientais, ent\u00e3o talvez as coisas comecem a mudar. Talvez os nossos actos simples sejam verdadeiramente potentes. Esse pensamento faz-me mais feliz do que a decep\u00e7\u00e3o de que a minha vida n\u00e3o \u00e9 f\u00e1cil. <\/p>\n\n\n\n<p>At\u00e9 \u00e0 pr\u00f3xima quinta! \/\/ At\u00e9 \u00e0 pr\u00f3xima quinta!<\/p>\n\n\n\n<h2 class=\"wp-block-heading\">Nota especial<\/h2>\n\n\n\n<p>Eu sei que a minha perspectiva aqui n\u00e3o \u00e9 a de todos. N\u00e3o pode ser. Escrevo como algu\u00e9m de quem o Neoliberalismo beneficiou, embora tenha tentado permitir \u00e0 Democracia Liberal estar \u00e0 altura das suas promessas de equidade e justi\u00e7a. Agora, como vejo menos anos \u00e0 frente do que atr\u00e1s, tento simplesmente viver os princ\u00edpios e fazer as coisas que posso fazer. Praticar a justi\u00e7a pessoal redistributiva, viver suavemente na terra, ser aberto e acolhedor, manter diligentemente a tens\u00e3o entre toler\u00e2ncia e convic\u00e7\u00e3o pessoal, e assim por diante.<\/p>","protected":false},"excerpt":{"rendered":"<p>A vida aqui em Santa Luzia \u00e9 realmente fant\u00e1stica. Mas geralmente a sauda\u00e7\u00e3o que recebemos dos nativos portugueses aqui \u00e9 apenas \"dia\" ou \"tarde\". O que aconteceu ao \"bom\"? Para saber, leia mais...<\/p>","protected":false},"author":1,"featured_media":1102,"comment_status":"open","ping_status":"closed","sticky":false,"template":"","format":"standard","meta":{"nf_dc_page":"","om_disable_all_campaigns":false,"_monsterinsights_skip_tracking":false,"_monsterinsights_sitenote_active":false,"_monsterinsights_sitenote_note":"","_monsterinsights_sitenote_category":0,"_themeisle_gutenberg_block_has_review":false,"_jetpack_memberships_contains_paid_content":false,"footnotes":""},"categories":[8,6],"tags":[],"class_list":["post-1348","post","type-post","status-publish","format-standard","has-post-thumbnail","hentry","category-culture-customs","category-people"],"yoast_head":"<!-- This site is optimized with the Yoast SEO plugin v27.4 - https:\/\/yoast.com\/product\/yoast-seo-wordpress\/ -->\n<title>That Fantastic Thing, Crazy and Stupid,Do It Again! - PORTUGALIZAR<\/title>\n<meta name=\"description\" content=\"The Portuguese presume that life is good although not always easy. They don\u2019t need to say it because they enjoy all fantastic things in life.\" \/>\n<meta name=\"robots\" content=\"index, follow, max-snippet:-1, max-image-preview:large, max-video-preview:-1\" \/>\n<link rel=\"canonical\" href=\"https:\/\/portugalizar.com\/pt\/that-fantastic-thing\/\" \/>\n<meta property=\"og:locale\" content=\"pt_PT\" \/>\n<meta property=\"og:type\" content=\"article\" \/>\n<meta property=\"og:title\" content=\"That Fantastic Thing, Crazy and Stupid,Do It Again! - PORTUGALIZAR\" \/>\n<meta property=\"og:description\" content=\"The Portuguese presume that life is good although not always easy. They don\u2019t need to say it because they enjoy all fantastic things in life.\" \/>\n<meta property=\"og:url\" content=\"https:\/\/portugalizar.com\/pt\/that-fantastic-thing\/\" \/>\n<meta property=\"og:site_name\" content=\"PORTUGALIZAR\" \/>\n<meta property=\"article:published_time\" content=\"2022-05-26T04:00:00+00:00\" \/>\n<meta property=\"article:modified_time\" content=\"2022-05-26T19:05:22+00:00\" \/>\n<meta property=\"og:image\" content=\"https:\/\/portugalizar.com\/wp-content\/uploads\/2022\/04\/8FD48A82-1F0D-40C2-AE71-C5E3DFB5A971-scaled.jpeg\" \/>\n\t<meta property=\"og:image:width\" content=\"2560\" \/>\n\t<meta property=\"og:image:height\" content=\"1872\" \/>\n\t<meta property=\"og:image:type\" content=\"image\/jpeg\" \/>\n<meta name=\"author\" content=\"Gui\" \/>\n<meta name=\"twitter:card\" content=\"summary_large_image\" \/>\n<meta name=\"twitter:label1\" content=\"Escrito por\" \/>\n\t<meta name=\"twitter:data1\" content=\"Gui\" \/>\n\t<meta name=\"twitter:label2\" content=\"Tempo estimado de leitura\" \/>\n\t<meta name=\"twitter:data2\" content=\"10 minutos\" \/>\n<script type=\"application\/ld+json\" class=\"yoast-schema-graph\">{\"@context\":\"https:\\\/\\\/schema.org\",\"@graph\":[{\"@type\":\"Article\",\"@id\":\"https:\\\/\\\/portugalizar.com\\\/that-fantastic-thing\\\/#article\",\"isPartOf\":{\"@id\":\"https:\\\/\\\/portugalizar.com\\\/that-fantastic-thing\\\/\"},\"author\":{\"name\":\"Gui\",\"@id\":\"https:\\\/\\\/portugalizar.com\\\/#\\\/schema\\\/person\\\/1f60af48f39895b897e26d9d92ecf6db\"},\"headline\":\"That Fantastic Thing, Crazy and Stupid, Do It Again!\",\"datePublished\":\"2022-05-26T04:00:00+00:00\",\"dateModified\":\"2022-05-26T19:05:22+00:00\",\"mainEntityOfPage\":{\"@id\":\"https:\\\/\\\/portugalizar.com\\\/that-fantastic-thing\\\/\"},\"wordCount\":2085,\"commentCount\":12,\"publisher\":{\"@id\":\"https:\\\/\\\/portugalizar.com\\\/#organization\"},\"image\":{\"@id\":\"https:\\\/\\\/portugalizar.com\\\/that-fantastic-thing\\\/#primaryimage\"},\"thumbnailUrl\":\"https:\\\/\\\/i0.wp.com\\\/portugalizar.com\\\/wp-content\\\/uploads\\\/2022\\\/04\\\/8FD48A82-1F0D-40C2-AE71-C5E3DFB5A971-scaled.jpeg?fit=2560%2C1872&ssl=1\",\"articleSection\":[\"Culture &amp; Customs\",\"People\"],\"inLanguage\":\"pt-PT\",\"potentialAction\":[{\"@type\":\"CommentAction\",\"name\":\"Comment\",\"target\":[\"https:\\\/\\\/portugalizar.com\\\/that-fantastic-thing\\\/#respond\"]}]},{\"@type\":\"WebPage\",\"@id\":\"https:\\\/\\\/portugalizar.com\\\/that-fantastic-thing\\\/\",\"url\":\"https:\\\/\\\/portugalizar.com\\\/that-fantastic-thing\\\/\",\"name\":\"That Fantastic Thing, Crazy and Stupid, Do It Again! - PORTUGALIZAR\",\"isPartOf\":{\"@id\":\"https:\\\/\\\/portugalizar.com\\\/#website\"},\"primaryImageOfPage\":{\"@id\":\"https:\\\/\\\/portugalizar.com\\\/that-fantastic-thing\\\/#primaryimage\"},\"image\":{\"@id\":\"https:\\\/\\\/portugalizar.com\\\/that-fantastic-thing\\\/#primaryimage\"},\"thumbnailUrl\":\"https:\\\/\\\/i0.wp.com\\\/portugalizar.com\\\/wp-content\\\/uploads\\\/2022\\\/04\\\/8FD48A82-1F0D-40C2-AE71-C5E3DFB5A971-scaled.jpeg?fit=2560%2C1872&ssl=1\",\"datePublished\":\"2022-05-26T04:00:00+00:00\",\"dateModified\":\"2022-05-26T19:05:22+00:00\",\"description\":\"The Portuguese presume that life is good although not always easy. They don\u2019t need to say it because they enjoy all fantastic things in life.\",\"breadcrumb\":{\"@id\":\"https:\\\/\\\/portugalizar.com\\\/that-fantastic-thing\\\/#breadcrumb\"},\"inLanguage\":\"pt-PT\",\"potentialAction\":[{\"@type\":\"ReadAction\",\"target\":[\"https:\\\/\\\/portugalizar.com\\\/that-fantastic-thing\\\/\"]}]},{\"@type\":\"ImageObject\",\"inLanguage\":\"pt-PT\",\"@id\":\"https:\\\/\\\/portugalizar.com\\\/that-fantastic-thing\\\/#primaryimage\",\"url\":\"https:\\\/\\\/i0.wp.com\\\/portugalizar.com\\\/wp-content\\\/uploads\\\/2022\\\/04\\\/8FD48A82-1F0D-40C2-AE71-C5E3DFB5A971-scaled.jpeg?fit=2560%2C1872&ssl=1\",\"contentUrl\":\"https:\\\/\\\/i0.wp.com\\\/portugalizar.com\\\/wp-content\\\/uploads\\\/2022\\\/04\\\/8FD48A82-1F0D-40C2-AE71-C5E3DFB5A971-scaled.jpeg?fit=2560%2C1872&ssl=1\",\"width\":2560,\"height\":1872},{\"@type\":\"BreadcrumbList\",\"@id\":\"https:\\\/\\\/portugalizar.com\\\/that-fantastic-thing\\\/#breadcrumb\",\"itemListElement\":[{\"@type\":\"ListItem\",\"position\":1,\"name\":\"Home\",\"item\":\"https:\\\/\\\/portugalizar.com\\\/\"},{\"@type\":\"ListItem\",\"position\":2,\"name\":\"That Fantastic Thing, Crazy and Stupid,Do It Again!\"}]},{\"@type\":\"WebSite\",\"@id\":\"https:\\\/\\\/portugalizar.com\\\/#website\",\"url\":\"https:\\\/\\\/portugalizar.com\\\/\",\"name\":\"PORTUGALIZAR\",\"description\":\"\",\"publisher\":{\"@id\":\"https:\\\/\\\/portugalizar.com\\\/#organization\"},\"potentialAction\":[{\"@type\":\"SearchAction\",\"target\":{\"@type\":\"EntryPoint\",\"urlTemplate\":\"https:\\\/\\\/portugalizar.com\\\/?s={search_term_string}\"},\"query-input\":{\"@type\":\"PropertyValueSpecification\",\"valueRequired\":true,\"valueName\":\"search_term_string\"}}],\"inLanguage\":\"pt-PT\"},{\"@type\":\"Organization\",\"@id\":\"https:\\\/\\\/portugalizar.com\\\/#organization\",\"name\":\"PORTUGALIZAR\",\"url\":\"https:\\\/\\\/portugalizar.com\\\/\",\"logo\":{\"@type\":\"ImageObject\",\"inLanguage\":\"pt-PT\",\"@id\":\"https:\\\/\\\/portugalizar.com\\\/#\\\/schema\\\/logo\\\/image\\\/\",\"url\":\"\",\"contentUrl\":\"\",\"caption\":\"PORTUGALIZAR\"},\"image\":{\"@id\":\"https:\\\/\\\/portugalizar.com\\\/#\\\/schema\\\/logo\\\/image\\\/\"}},{\"@type\":\"Person\",\"@id\":\"https:\\\/\\\/portugalizar.com\\\/#\\\/schema\\\/person\\\/1f60af48f39895b897e26d9d92ecf6db\",\"name\":\"Gui\",\"image\":{\"@type\":\"ImageObject\",\"inLanguage\":\"pt-PT\",\"@id\":\"https:\\\/\\\/secure.gravatar.com\\\/avatar\\\/0bef00a699e73fc60016c16a6f44683b2a027bb1b48a4b3973732af4cc636712?s=96&d=mm&r=g\",\"url\":\"https:\\\/\\\/secure.gravatar.com\\\/avatar\\\/0bef00a699e73fc60016c16a6f44683b2a027bb1b48a4b3973732af4cc636712?s=96&d=mm&r=g\",\"contentUrl\":\"https:\\\/\\\/secure.gravatar.com\\\/avatar\\\/0bef00a699e73fc60016c16a6f44683b2a027bb1b48a4b3973732af4cc636712?s=96&d=mm&r=g\",\"caption\":\"Gui\"},\"url\":\"https:\\\/\\\/portugalizar.com\\\/pt\\\/author\\\/spestheonlyone\\\/\"}]}<\/script>\n<!-- \/ Yoast SEO plugin. -->","yoast_head_json":{"title":"That Fantastic Thing, Crazy and Stupid,Do It Again! - PORTUGALIZAR","description":"The Portuguese presume that life is good although not always easy. They don\u2019t need to say it because they enjoy all fantastic things in life.","robots":{"index":"index","follow":"follow","max-snippet":"max-snippet:-1","max-image-preview":"max-image-preview:large","max-video-preview":"max-video-preview:-1"},"canonical":"https:\/\/portugalizar.com\/pt\/that-fantastic-thing\/","og_locale":"pt_PT","og_type":"article","og_title":"That Fantastic Thing, Crazy and Stupid,Do It Again! - PORTUGALIZAR","og_description":"The Portuguese presume that life is good although not always easy. They don\u2019t need to say it because they enjoy all fantastic things in life.","og_url":"https:\/\/portugalizar.com\/pt\/that-fantastic-thing\/","og_site_name":"PORTUGALIZAR","article_published_time":"2022-05-26T04:00:00+00:00","article_modified_time":"2022-05-26T19:05:22+00:00","og_image":[{"width":2560,"height":1872,"url":"https:\/\/portugalizar.com\/wp-content\/uploads\/2022\/04\/8FD48A82-1F0D-40C2-AE71-C5E3DFB5A971-scaled.jpeg","type":"image\/jpeg"}],"author":"Gui","twitter_card":"summary_large_image","twitter_misc":{"Escrito por":"Gui","Tempo estimado de leitura":"10 minutos"},"schema":{"@context":"https:\/\/schema.org","@graph":[{"@type":"Article","@id":"https:\/\/portugalizar.com\/that-fantastic-thing\/#article","isPartOf":{"@id":"https:\/\/portugalizar.com\/that-fantastic-thing\/"},"author":{"name":"Gui","@id":"https:\/\/portugalizar.com\/#\/schema\/person\/1f60af48f39895b897e26d9d92ecf6db"},"headline":"That Fantastic Thing, Crazy and Stupid, Do It Again!","datePublished":"2022-05-26T04:00:00+00:00","dateModified":"2022-05-26T19:05:22+00:00","mainEntityOfPage":{"@id":"https:\/\/portugalizar.com\/that-fantastic-thing\/"},"wordCount":2085,"commentCount":12,"publisher":{"@id":"https:\/\/portugalizar.com\/#organization"},"image":{"@id":"https:\/\/portugalizar.com\/that-fantastic-thing\/#primaryimage"},"thumbnailUrl":"https:\/\/i0.wp.com\/portugalizar.com\/wp-content\/uploads\/2022\/04\/8FD48A82-1F0D-40C2-AE71-C5E3DFB5A971-scaled.jpeg?fit=2560%2C1872&ssl=1","articleSection":["Culture &amp; Customs","People"],"inLanguage":"pt-PT","potentialAction":[{"@type":"CommentAction","name":"Comment","target":["https:\/\/portugalizar.com\/that-fantastic-thing\/#respond"]}]},{"@type":"WebPage","@id":"https:\/\/portugalizar.com\/that-fantastic-thing\/","url":"https:\/\/portugalizar.com\/that-fantastic-thing\/","name":"That Fantastic Thing, Crazy and Stupid, Do It Again! - PORTUGALIZAR","isPartOf":{"@id":"https:\/\/portugalizar.com\/#website"},"primaryImageOfPage":{"@id":"https:\/\/portugalizar.com\/that-fantastic-thing\/#primaryimage"},"image":{"@id":"https:\/\/portugalizar.com\/that-fantastic-thing\/#primaryimage"},"thumbnailUrl":"https:\/\/i0.wp.com\/portugalizar.com\/wp-content\/uploads\/2022\/04\/8FD48A82-1F0D-40C2-AE71-C5E3DFB5A971-scaled.jpeg?fit=2560%2C1872&ssl=1","datePublished":"2022-05-26T04:00:00+00:00","dateModified":"2022-05-26T19:05:22+00:00","description":"The Portuguese presume that life is good although not always easy. They don\u2019t need to say it because they enjoy all fantastic things in life.","breadcrumb":{"@id":"https:\/\/portugalizar.com\/that-fantastic-thing\/#breadcrumb"},"inLanguage":"pt-PT","potentialAction":[{"@type":"ReadAction","target":["https:\/\/portugalizar.com\/that-fantastic-thing\/"]}]},{"@type":"ImageObject","inLanguage":"pt-PT","@id":"https:\/\/portugalizar.com\/that-fantastic-thing\/#primaryimage","url":"https:\/\/i0.wp.com\/portugalizar.com\/wp-content\/uploads\/2022\/04\/8FD48A82-1F0D-40C2-AE71-C5E3DFB5A971-scaled.jpeg?fit=2560%2C1872&ssl=1","contentUrl":"https:\/\/i0.wp.com\/portugalizar.com\/wp-content\/uploads\/2022\/04\/8FD48A82-1F0D-40C2-AE71-C5E3DFB5A971-scaled.jpeg?fit=2560%2C1872&ssl=1","width":2560,"height":1872},{"@type":"BreadcrumbList","@id":"https:\/\/portugalizar.com\/that-fantastic-thing\/#breadcrumb","itemListElement":[{"@type":"ListItem","position":1,"name":"Home","item":"https:\/\/portugalizar.com\/"},{"@type":"ListItem","position":2,"name":"That Fantastic Thing, Crazy and Stupid,Do It Again!"}]},{"@type":"WebSite","@id":"https:\/\/portugalizar.com\/#website","url":"https:\/\/portugalizar.com\/","name":"PORTUGALIZAR","description":"","publisher":{"@id":"https:\/\/portugalizar.com\/#organization"},"potentialAction":[{"@type":"SearchAction","target":{"@type":"EntryPoint","urlTemplate":"https:\/\/portugalizar.com\/?s={search_term_string}"},"query-input":{"@type":"PropertyValueSpecification","valueRequired":true,"valueName":"search_term_string"}}],"inLanguage":"pt-PT"},{"@type":"Organization","@id":"https:\/\/portugalizar.com\/#organization","name":"PORTUGALIZAR","url":"https:\/\/portugalizar.com\/","logo":{"@type":"ImageObject","inLanguage":"pt-PT","@id":"https:\/\/portugalizar.com\/#\/schema\/logo\/image\/","url":"","contentUrl":"","caption":"PORTUGALIZAR"},"image":{"@id":"https:\/\/portugalizar.com\/#\/schema\/logo\/image\/"}},{"@type":"Person","@id":"https:\/\/portugalizar.com\/#\/schema\/person\/1f60af48f39895b897e26d9d92ecf6db","name":"Gui","image":{"@type":"ImageObject","inLanguage":"pt-PT","@id":"https:\/\/secure.gravatar.com\/avatar\/0bef00a699e73fc60016c16a6f44683b2a027bb1b48a4b3973732af4cc636712?s=96&d=mm&r=g","url":"https:\/\/secure.gravatar.com\/avatar\/0bef00a699e73fc60016c16a6f44683b2a027bb1b48a4b3973732af4cc636712?s=96&d=mm&r=g","contentUrl":"https:\/\/secure.gravatar.com\/avatar\/0bef00a699e73fc60016c16a6f44683b2a027bb1b48a4b3973732af4cc636712?s=96&d=mm&r=g","caption":"Gui"},"url":"https:\/\/portugalizar.com\/pt\/author\/spestheonlyone\/"}]}},"jetpack_featured_media_url":"https:\/\/i0.wp.com\/portugalizar.com\/wp-content\/uploads\/2022\/04\/8FD48A82-1F0D-40C2-AE71-C5E3DFB5A971-scaled.jpeg?fit=2560%2C1872&ssl=1","jetpack-related-posts":[],"jetpack_sharing_enabled":true,"_links":{"self":[{"href":"https:\/\/portugalizar.com\/pt\/wp-json\/wp\/v2\/posts\/1348","targetHints":{"allow":["GET"]}}],"collection":[{"href":"https:\/\/portugalizar.com\/pt\/wp-json\/wp\/v2\/posts"}],"about":[{"href":"https:\/\/portugalizar.com\/pt\/wp-json\/wp\/v2\/types\/post"}],"author":[{"embeddable":true,"href":"https:\/\/portugalizar.com\/pt\/wp-json\/wp\/v2\/users\/1"}],"replies":[{"embeddable":true,"href":"https:\/\/portugalizar.com\/pt\/wp-json\/wp\/v2\/comments?post=1348"}],"version-history":[{"count":5,"href":"https:\/\/portugalizar.com\/pt\/wp-json\/wp\/v2\/posts\/1348\/revisions"}],"predecessor-version":[{"id":1526,"href":"https:\/\/portugalizar.com\/pt\/wp-json\/wp\/v2\/posts\/1348\/revisions\/1526"}],"wp:featuredmedia":[{"embeddable":true,"href":"https:\/\/portugalizar.com\/pt\/wp-json\/wp\/v2\/media\/1102"}],"wp:attachment":[{"href":"https:\/\/portugalizar.com\/pt\/wp-json\/wp\/v2\/media?parent=1348"}],"wp:term":[{"taxonomy":"category","embeddable":true,"href":"https:\/\/portugalizar.com\/pt\/wp-json\/wp\/v2\/categories?post=1348"},{"taxonomy":"post_tag","embeddable":true,"href":"https:\/\/portugalizar.com\/pt\/wp-json\/wp\/v2\/tags?post=1348"}],"curies":[{"name":"wp","href":"https:\/\/api.w.org\/{rel}","templated":true}]}}