{"id":1293,"date":"2022-06-02T04:00:00","date_gmt":"2022-06-02T04:00:00","guid":{"rendered":"https:\/\/portugalizar.com\/?p=1293"},"modified":"2022-07-13T22:21:27","modified_gmt":"2022-07-13T22:21:27","slug":"weird-and-wild","status":"publish","type":"post","link":"https:\/\/portugalizar.com\/pt\/weird-and-wild\/","title":{"rendered":"Estranho e selvagem, tem de ser..."},"content":{"rendered":"<p><em>Ol\u00e1 a todos! \u00c9 \u00f3ptimo estar de novo convosco!<\/em> Ol\u00e1 a todos! \u00c9 \u00f3ptimo estar de novo convosco! O correio de hoje assume uma forma estranha e selvagem aqui em Portugal e dentro da l\u00edngua portuguesa. Ou seja, estranho e selvagem da perspectiva dos expatriados, <em>os estranhos<\/em>. O ingl\u00eas pode parecer fraco, mesmo aborrecido, em compara\u00e7\u00e3o com o portugu\u00eas.<\/p>\n\n\n\n<p>Em <a href=\"https:\/\/portugalizar.com\/pt\/help-is-on-the-way\/\" target=\"_blank\" rel=\"noreferrer noopener\">poste 2<\/a> e <a href=\"https:\/\/portugalizar.com\/pt\/quite-a-lot\/\" target=\"_blank\" rel=\"noreferrer noopener\">poste 3<\/a> conversamos sobre a l\u00edngua portuguesa de cortesia. Como vimos, este gracioso modo de falar utiliza o pret\u00e9rito imperfeito do passado, <em>o pret\u00e9rito imperfeito<\/em>bem como o tempo condicional, <em>o condicional<\/em>. Mas como todos os tempos verbais portugueses e mesmo os pr\u00f3prios verbos, todos eles fazem muito mais do que apenas um trabalho. Isto \u00e9 especialmente verdade no passado imperfeito dos portugueses. Os falantes de ingl\u00eas encontrar\u00e3o este tipo de estranheza, bem como uma selvagem cavalgada de feiti\u00e7aria verbal.<\/p>\n\n\n\n<h2 class=\"wp-block-heading\">\u00c9 Estranho e Selvagem: o portugu\u00eas funciona tanto para os seus oradores<\/h2>\n\n\n\n<p><em>O pret\u00e9rito imperfeito<\/em>Como j\u00e1 vimos, permite que um seja gracioso para com os outros, especialmente para com os estranhos. J\u00e1 gast\u00e1mos muito tempo com este aspecto, por isso vamos seguir em frente. Tamb\u00e9m permite uma s\u00e9rie de outras emo\u00e7\u00f5es. Para al\u00e9m da delicadeza, permite a esperan\u00e7a, expressa a melancolia e suscita a melancolia. Transmite tamb\u00e9m ironia e transmite sarcasmo suave. Em ingl\u00eas, o tom e os maneirismos de um orador podem ter de transportar estas emo\u00e7\u00f5es. Em portugu\u00eas, as pr\u00f3prias palavras podem fazer o levantamento emocional pesado por si pr\u00f3prias.&nbsp;<\/p>\n\n\n\n<p>Por exemplo, h\u00e1 aquele sarcasmo suave. Digamos que conhece uma pessoa que est\u00e1 habitualmente atrasada para tudo. Todos n\u00f3s temos pelo menos uma destas pessoas nas nossas vidas. Como \u00e9 que transmite a sua frustra\u00e7\u00e3o de boa \u00edndole com este membro da fam\u00edlia amigo? Em ingl\u00eas, verbalmente, s\u00f3 posso dizer algo do tipo: \"oh, estamos de novo atrasados\". A frustra\u00e7\u00e3o de cora\u00e7\u00e3o leve exigir\u00e1 tanto dramatismos vocais como gestos teatrais. \u00c9, comparativamente, um grande esfor\u00e7o. Quer fazer com que a pessoa saiba que n\u00e3o aprecia o seu atraso. E, no entanto, ama-os de qualquer maneira.<\/p>\n\n\n\n<p>Em portugu\u00eas \u00e9 mais f\u00e1cil, quase sem esfor\u00e7o. Um falante de portugu\u00eas s\u00f3 precisa de passar do tempo presente para o passado imperfeito. O tempo presente severamente correctivo equivale a, <em>deve chegar a horas<\/em> (deve ser pontual porque \u00e9 isso que est\u00e1 certo). O passado docemente chocante \u00e9 imperfeito, <em>devia chegar a horas<\/em> (deves chegar a tempo mas, querida, eu sei que ainda n\u00e3o aprendeste isso). Em portugu\u00eas, as palavras em si libertam a emo\u00e7\u00e3o, o sarcasmo gentil neste caso. O orador n\u00e3o precisa de se comprometer com ela em tom ou gesto, mas pode, se assim o desejar.<\/p>\n\n\n\n<h2 class=\"wp-block-heading\">Fa\u00e7anhas selvagens, mas n\u00e3o t\u00e3o estranhas<\/h2>\n\n\n\n<p>Para ser cort\u00eas para com estranhos em portugu\u00eas, \u00e9 preciso o passado imperfeito. Para ser amorosamente sarc\u00e1stico para os familiares, \u00e9 preciso o passado imperfeito. A justaposi\u00e7\u00e3o de cortesia e sarcasmo, bem como de estranhos e familiares, parece definitivamente estranha e selvagem para este falante de ingl\u00eas. Mas lembre-se do nosso encontro com <em>saudade<\/em> em um <a href=\"https:\/\/portugalizar.com\/pt\/doomed-yet-happy\/\" target=\"_blank\" rel=\"noreferrer noopener\">posto anterior<\/a>. Os portugueses sentem-se \u00e0 vontade com o intervalo entre o passado e o futuro, ou entre tristeza e esperan\u00e7a. S\u00e3o igualmente competentes para equilibrar as dificuldades do dia-a-dia com o bem quotidiano da vida. Este \u00faltimo ponto culminou em <a href=\"https:\/\/portugalizar.com\/pt\/that-fantastic-thing\/\" target=\"_blank\" rel=\"noreferrer noopener\">correio da semana passada<\/a>.<\/p>\n\n\n\n<p>Portanto, tudo isto pode parecer selvagem, mas n\u00e3o t\u00e3o estranho. Apenas portugu\u00eas, como a l\u00edngua e o povo. E o uso mais gen\u00e9rico do passado imperfeito do portugu\u00eas \u00e9 ainda mais tipicamente portugu\u00eas. Permite ao orador olhar por cima do seu ombro e recordar o passado com melancolia, tristeza e saudade. No entanto, durante todo o tempo, o orador permanece colocado no presente e at\u00e9 mesmo nos olhos do futuro. Como eu disse, tudo muito portugu\u00eas.<\/p>\n\n\n\n<p>Vou desmontar a complexidade dos portugueses <em>o pret\u00e9rito imperfeito<\/em>. Ou seja, separar o passado do futuro, o que espero que fa\u00e7a um pouco mais de sentido. Vou utilizar <em>Fado<\/em>, a tradi\u00e7\u00e3o musical definidora de Portugal, para descrever <em>o pret\u00e9rito imperfeito's <\/em>compreens\u00e3o do passado. <em>Fado<\/em> \u00e9 a express\u00e3o musical de, a pr\u00f3pria ess\u00eancia dentro <em>saudade<\/em>. E <em>saudade<\/em>, como discutimos, compreende a alma portuguesa. Incongruentemente, pensei em usar Saga, um dos nossos cachorros, para me ajudar com <em>o pret\u00e9rito imperfeito's<\/em> orienta\u00e7\u00e3o futura. Por isso, aqui vamos n\u00f3s.<\/p>\n\n\n\n<figure class=\"wp-block-image alignwide size-large\"><img data-recalc-dims=\"1\" fetchpriority=\"high\" decoding=\"async\" width=\"950\" height=\"343\" src=\"https:\/\/i0.wp.com\/portugalizar.com\/wp-content\/uploads\/2022\/06\/Hopes-and-dreams-through-all-the-years%E2%80%A6.jpg?resize=950%2C343&#038;ssl=1\" alt=\"\" class=\"wp-image-1542\" srcset=\"https:\/\/i0.wp.com\/portugalizar.com\/wp-content\/uploads\/2022\/06\/Hopes-and-dreams-through-all-the-years%E2%80%A6-scaled.jpg?resize=1024%2C370&amp;ssl=1 1024w, https:\/\/i0.wp.com\/portugalizar.com\/wp-content\/uploads\/2022\/06\/Hopes-and-dreams-through-all-the-years%E2%80%A6-scaled.jpg?resize=300%2C108&amp;ssl=1 300w, https:\/\/i0.wp.com\/portugalizar.com\/wp-content\/uploads\/2022\/06\/Hopes-and-dreams-through-all-the-years%E2%80%A6-scaled.jpg?resize=768%2C278&amp;ssl=1 768w, https:\/\/i0.wp.com\/portugalizar.com\/wp-content\/uploads\/2022\/06\/Hopes-and-dreams-through-all-the-years%E2%80%A6-scaled.jpg?resize=1536%2C555&amp;ssl=1 1536w, https:\/\/i0.wp.com\/portugalizar.com\/wp-content\/uploads\/2022\/06\/Hopes-and-dreams-through-all-the-years%E2%80%A6-scaled.jpg?resize=2048%2C740&amp;ssl=1 2048w, https:\/\/i0.wp.com\/portugalizar.com\/wp-content\/uploads\/2022\/06\/Hopes-and-dreams-through-all-the-years%E2%80%A6-scaled.jpg?resize=18%2C7&amp;ssl=1 18w, https:\/\/i0.wp.com\/portugalizar.com\/wp-content\/uploads\/2022\/06\/Hopes-and-dreams-through-all-the-years%E2%80%A6-scaled.jpg?resize=2000%2C723&amp;ssl=1 2000w, https:\/\/i0.wp.com\/portugalizar.com\/wp-content\/uploads\/2022\/06\/Hopes-and-dreams-through-all-the-years%E2%80%A6-scaled.jpg?w=1900&amp;ssl=1 1900w\" sizes=\"(max-width: 950px) 100vw, 950px\" \/><figcaption>\"Esperan\u00e7as e sonhos ao longo de todos os anos...\", 2022<\/figcaption><\/figure>\n\n\n\n<h2 class=\"wp-block-heading\">Vis\u00e3o para tr\u00e1s<\/h2>\n\n\n\n<p>Regresso a Portugal depois deste Natal passado. Depois de enterrar o meu amado sogro. Fiquei de novo preso na pintura aleg\u00f3rica. E desta vez me meteu em apuros com um dos meus mais queridos amigos. Longa hist\u00f3ria. N\u00e3o sabia, no entanto, como expressar o que sentia. Esperan\u00e7as futuras e sonhos passados flutuaram sobre terra ressequida. Um pequeno o\u00e1sis emergiu na mem\u00f3ria.<\/p>\n\n\n\n<p><em>O pret\u00e9rito imperfeito<\/em> evoca o passado com saudade e rever\u00eancia, ou seja, como o \"costumava ser\". A \u00fanica boa tradu\u00e7\u00e3o inglesa no portugu\u00eas para <em>o pret\u00e9rito imperfeito<\/em> coloca \"costumava\" em frente do verbo principal. Por exemplo, <em>trabalhava na cidade<\/em> traduzido para \"eu costumava trabalhar na cidade\". Em ingl\u00eas, \u00e9 dif\u00edcil sentir o anseio, a ang\u00fastia e a melancolia. Mas est\u00e1 l\u00e1, se ouvirmos atentamente a parte \"costumava\". Em portugu\u00eas, o desejo de quando se trabalhava na cidade \u00e9 palp\u00e1vel, palpitante.<\/p>\n\n\n\n<p>Se um portugu\u00eas partilhasse, sem emo\u00e7\u00e3o, que \"eu trabalhei na cidade\", ent\u00e3o <em>trabalhei na cidade<\/em>. Apenas os factos, nada mais que os factos; ele usa o pret\u00e9rito. Mas os portugueses precisam de fazer mais do que apenas partilhar os factos. Os portugueses querem dar corpo aos factos, bem como dar um cora\u00e7\u00e3o a esses malditos factos! <em>O pret\u00e9rito imperfeito<\/em> faz esse trabalho.<\/p>\n\n\n\n<p><em>O pret\u00e9rito imperfeito<\/em> foi a minha l\u00edngua durante toda a pandemia. Como voc\u00ea talvez, vivi no \"costumava ser\". Ansiava por todas as coisas que sentia que tinha perdido, de facto, perdi. Embebido em m\u00e1scaras, ungido com \u00e1lcool gel e 2 metros de profundidade, n\u00e3o, quero dizer longe. O passado parecia ser o \u00fanico lugar para onde ir. A\u00ed sonhei e esperei no futuro. O passado e o futuro fundiram-se no presente surreal.<\/p>\n\n\n\n<h2 class=\"wp-block-heading\">Torn\u00e1-lo real<\/h2>\n\n\n\n<p>Em 2016 Joseph e eu, juntamente com muitos amigos e familiares, alug\u00e1mos uma casa e viaj\u00e1mos para a Toscana. Seis meses antes, tive uma paragem card\u00edaca e morri numa avenida movimentada em Nova Iorque. Estava a regressar ao meu escrit\u00f3rio depois de um almo\u00e7o de neg\u00f3cios. Um anjo, Claire O'Neill, parou e, usando a RCP, fez o trabalho que o meu cora\u00e7\u00e3o n\u00e3o faria. Ela trabalhou e trabalhou at\u00e9 \u00e0 chegada da ambul\u00e2ncia. Os m\u00e9dicos tiveram dificuldade em recome\u00e7ar o meu cora\u00e7\u00e3o. Depois de um ponto eles desistiram, ou seja, at\u00e9 Claire n\u00e3o os ter tocado t\u00e3o suavemente.<\/p>\n\n\n\n<figure class=\"wp-block-image alignfull size-large\"><img data-recalc-dims=\"1\" decoding=\"async\" width=\"950\" height=\"222\" src=\"https:\/\/i0.wp.com\/portugalizar.com\/wp-content\/uploads\/2022\/05\/Remember-when....png?resize=950%2C222&#038;ssl=1\" alt=\"\" class=\"wp-image-1508\" srcset=\"https:\/\/i0.wp.com\/portugalizar.com\/wp-content\/uploads\/2022\/05\/Remember-when....png?resize=1024%2C239&amp;ssl=1 1024w, https:\/\/i0.wp.com\/portugalizar.com\/wp-content\/uploads\/2022\/05\/Remember-when....png?resize=300%2C70&amp;ssl=1 300w, https:\/\/i0.wp.com\/portugalizar.com\/wp-content\/uploads\/2022\/05\/Remember-when....png?resize=768%2C179&amp;ssl=1 768w, https:\/\/i0.wp.com\/portugalizar.com\/wp-content\/uploads\/2022\/05\/Remember-when....png?resize=1536%2C358&amp;ssl=1 1536w, https:\/\/i0.wp.com\/portugalizar.com\/wp-content\/uploads\/2022\/05\/Remember-when....png?resize=2048%2C478&amp;ssl=1 2048w, https:\/\/i0.wp.com\/portugalizar.com\/wp-content\/uploads\/2022\/05\/Remember-when....png?resize=18%2C4&amp;ssl=1 18w, https:\/\/i0.wp.com\/portugalizar.com\/wp-content\/uploads\/2022\/05\/Remember-when....png?resize=2000%2C467&amp;ssl=1 2000w, https:\/\/i0.wp.com\/portugalizar.com\/wp-content\/uploads\/2022\/05\/Remember-when....png?w=1900&amp;ssl=1 1900w, https:\/\/i0.wp.com\/portugalizar.com\/wp-content\/uploads\/2022\/05\/Remember-when....png?w=2850&amp;ssl=1 2850w\" sizes=\"(max-width: 950px) 100vw, 950px\" \/><figcaption>\"Lembrar quando...\", 2020<\/figcaption><\/figure>\n\n\n\n<p>Durante a nossa primeira noite sob o sol toscano em desvanecimento, encontrei Joseph, sozinho, a olhar para o campo. N\u00e3o sei se ele sabia que eu estava l\u00e1. Esta imagem, contudo, queimou-se no meu c\u00e9rebro e no meu cora\u00e7\u00e3o. S\u00f3 quando aprendi portugu\u00eas \u00e9 que comecei a ter palavras para a compreender. Aqui estava o desejo, a tristeza, a melancolia que a mem\u00f3ria insiste. Que exige que as mem\u00f3rias sejam felizes ou n\u00e3o. O passado agora passou - acabou - mas ainda se agarrou firmemente e de perto. <em>O pret\u00e9rito imperfeito.<\/em> <\/p>\n\n\n\n<p>Imaginei Jos\u00e9, de p\u00e9 naquele terra\u00e7o, ainda agarrado por <em>o pret\u00e9rito imperfeito<\/em> de apenas seis meses antes. Lamentando tudo o que foi certamente perdido. Esperando ferozmente - desejando - o futuro. Preso no presente entre o primeiro e o segundo.<\/p>\n\n\n\n<p>Talvez Joseph estivesse a apreciar os matizes suavizantes do c\u00e9u da noite e o desfile dos choupos. Ou talvez tenha simplesmente ouvido a piscina a chamar o seu nome. Prefiro a minha primeira insinua\u00e7\u00e3o nas suas mem\u00f3rias; foi o que a minha pintura naquela cena quatro anos mais tarde me revelou. Se estou certo, ent\u00e3o Joseph estava a cantarolar na sua cabe\u00e7a e a murmurar no seu cora\u00e7\u00e3o, sem o saber, a partitura de um <em>Fado<\/em> can\u00e7\u00e3o. <\/p>\n\n\n\n<h2 class=\"wp-block-heading\">Fado<\/h2>\n\n\n\n<p><em>O pret\u00e9rito imperfeito<\/em> \u00e9 a gram\u00e1tica de <em>saudade<\/em>. <em>Fado<\/em> \u00e9 <em>saudade<\/em> letra e ritmo. A primeira vez que ouvi uma <em>fadista<\/em>, em Lisboa, durante um concerto organizado para turistas, pensei imediatamente em <a href=\"https:\/\/en.wikipedia.org\/wiki\/Blues\" target=\"_blank\" rel=\"noreferrer noopener\">Blues Americano<\/a>. Apesar de n\u00e3o ter compreendido as palavras da cantora, compreendi certamente as suas emo\u00e7\u00f5es. Tal como com o Blues, o <em>fadista<\/em> partilha os seus sofrimentos pessoais infligidos por um mundo duro. Os amantes fogem. O emprego e o dinheiro desaparecem. A lei \u00e9 brutalmente injusta. A vida raspa-se ao longo da sarjeta.<\/p>\n\n\n\n<p><em>Fado<\/em> lembra-se vividamente do passado. Tenta dar sentido \u00e0 forma como as coisas correram mal. Infuso de destino e resigna\u00e7\u00e3o, po\u00e7os melanc\u00f3licos. Como os Blues, <em>Fado<\/em> \u00e9 a m\u00fasica dos oprimidos, daqueles que n\u00e3o t\u00eam muita escolha nem muitas op\u00e7\u00f5es. Recordar, no entanto, tamb\u00e9m d\u00e1 for\u00e7a e pot\u00eancia no presente. A recorda\u00e7\u00e3o refor\u00e7a e fortifica a alma humana. O <em>fadista's<\/em> a voz carrega for\u00e7a e ousadia. Uma can\u00e7\u00e3o de esperan\u00e7a emerge na recontagem comovente e tristeza. <\/p>\n\n\n\n<p>O meu mais antigo fasc\u00ednio por <em>Fado<\/em> come\u00e7ou com <a href=\"https:\/\/www.museudofado.pt\/en\/fado\/persolanity\/amaila-rodrigues-en\" target=\"_blank\" rel=\"noreferrer noopener\">Am\u00e1lia <\/a><a href=\"https:\/\/www.museudofado.pt\/fado\/personalidade\/amalia-rodrigues\" target=\"_blank\" rel=\"noreferrer noopener\">Rodrigues<\/a>. Ela \u00e9 certamente a maior <em>fadista<\/em> do s\u00e9culo XX. Ela morreu em 1999. Como com cada nova experi\u00eancia agora, desejo pintar para compreender melhor. Pintei a grande <em>uma Senhora<\/em> como eu imaginava o seu eu mais jovem, no meio dos conjuntos. Ela pondera o \u00faltimo conjunto. <em>A Senhora<\/em> lembra-se dos erros, das partes m\u00e1s, daquele momento em que perdeu a sua chave. <\/p>\n\n\n\n<figure class=\"wp-block-image alignwide size-large\"><img data-recalc-dims=\"1\" decoding=\"async\" width=\"671\" height=\"1024\" src=\"https:\/\/i0.wp.com\/portugalizar.com\/wp-content\/uploads\/2022\/05\/A9A56C14-D709-4214-A5C2-E121D5232390-671x1024.jpeg?resize=671%2C1024&#038;ssl=1\" alt=\"\" class=\"wp-image-1528\" srcset=\"https:\/\/i0.wp.com\/portugalizar.com\/wp-content\/uploads\/2022\/05\/A9A56C14-D709-4214-A5C2-E121D5232390.jpeg?resize=671%2C1024&amp;ssl=1 671w, https:\/\/i0.wp.com\/portugalizar.com\/wp-content\/uploads\/2022\/05\/A9A56C14-D709-4214-A5C2-E121D5232390.jpeg?resize=197%2C300&amp;ssl=1 197w, https:\/\/i0.wp.com\/portugalizar.com\/wp-content\/uploads\/2022\/05\/A9A56C14-D709-4214-A5C2-E121D5232390.jpeg?resize=768%2C1171&amp;ssl=1 768w, https:\/\/i0.wp.com\/portugalizar.com\/wp-content\/uploads\/2022\/05\/A9A56C14-D709-4214-A5C2-E121D5232390.jpeg?resize=1007%2C1536&amp;ssl=1 1007w, https:\/\/i0.wp.com\/portugalizar.com\/wp-content\/uploads\/2022\/05\/A9A56C14-D709-4214-A5C2-E121D5232390.jpeg?resize=8%2C12&amp;ssl=1 8w, https:\/\/i0.wp.com\/portugalizar.com\/wp-content\/uploads\/2022\/05\/A9A56C14-D709-4214-A5C2-E121D5232390.jpeg?w=1093&amp;ssl=1 1093w\" sizes=\"(max-width: 671px) 100vw, 671px\" \/><figcaption>\"Eu cantava de novo\", 2020<\/figcaption><\/figure>\n\n\n\n<p>Com estas mem\u00f3rias, por\u00e9m, ela endurece-se para o pr\u00f3ximo conjunto. Ela encontrou for\u00e7a e determina\u00e7\u00e3o. Em <em>o pret\u00e9rito imperfeito<\/em> ela \"ir\u00e1 cantar novamente\" \/\/ <em>cantava de novo<\/em>. Sim, com <em>o pret\u00e9rito imperfeito<\/em>A habita\u00e7\u00e3o e a recorda\u00e7\u00e3o do passado traz-nos, atrav\u00e9s da esperan\u00e7a, para o futuro. <em>Cantava de novo<\/em> significa, no seu sentido mais completo, \"Eu cantei antes, estou a cantar agora e vou cantar para sempre mais\".<\/p>\n\n\n\n<h2 class=\"wp-block-heading\">N\u00e3o est\u00e1tico, um pouco estranho e definitivamente selvagem<\/h2>\n\n\n\n<p>Em portugu\u00eas nada \u00e9 inflex\u00edvel ou absoluto, especialmente n\u00e3o <em>o pret\u00e9rito imperfeito<\/em>. Este tempo de tens\u00e3o portugu\u00eas permite certamente, e at\u00e9 encoraja, um olhar melanc\u00f3lico sobre o ombro para o passado, que \u00e9 inegavelmente um bloqueio com um anseio melanc\u00f3lico. Mas <em>o pret\u00e9rito imperfeito<\/em> tamb\u00e9m encapsula esperan\u00e7a e desejo. Insiste em afastar um olhar do passado atrav\u00e9s do presente para o futuro. O desejo do passado, pelo menos em portugu\u00eas, cria esperan\u00e7a e desejo orientados para o futuro. Isso pode ser um pouco estranho e \u00e9 definitivamente selvagem.<\/p>\n\n\n\n<p>Por falar em selvagem, preciso de vos falar de um dos nossos cachorros! Temos dois resgatados <a href=\"https:\/\/www.akc.org\/dog-breeds\/sealyham-terrier\/\" target=\"_blank\" rel=\"noreferrer noopener\">Sealyham Terriers<\/a>Tucker e Saga. Gostaria de vos contar aqui a hist\u00f3ria da Saga. Numa data posterior, partilharei a de Tucker. Hoje, 2 de Junho, \u00e9 o anivers\u00e1rio da Saga. Ela faz 10 anos. Ela veio viver connosco quando tinha 4 anos.<\/p>\n\n\n\n<p>Os Sealyham Terriers s\u00e3o uma ra\u00e7a de trabalho agr\u00edcola. Os nossos dois parecem-me ainda muito pr\u00f3ximos dos seus instintos originais. Como todos os c\u00e3es, eles s\u00e3o ador\u00e1veis, inteligentes e incrivelmente sens\u00edveis, ou seja, grandes companheiros. No entanto, Sealys, o que n\u00f3s <em>aficionados<\/em> cham\u00e1-los, vigi\u00e1-los cuidadosamente e controlar devidamente os visitantes, especialmente as crian\u00e7as pequenas. E, bem, outros c\u00e3es, gatos, ratos e todos os outros tipos de pequenas criaturas peludas, esque\u00e7am isso.<\/p>\n\n\n\n<p>A saga vem da incr\u00edvel linhagem Sealyham, a nobreza da Sealyhams. Criada como um c\u00e3o de exposi\u00e7\u00e3o, tornou-se de facto uma grande campe\u00e3. Foi a melhor em exposi\u00e7\u00e3o ou a melhor da ra\u00e7a na Finl\u00e2ndia, Su\u00e9cia e Noruega e tamb\u00e9m foi campe\u00e3 geral escandinava. E, sendo digna de uma nobre Sealy, os seus instintos s\u00e3o de grande dom\u00ednio e irasc\u00edvel independ\u00eancia.<\/p>\n\n\n\n<h2 class=\"wp-block-heading\">O Meu Mundo, Os Meus Termos<\/h2>\n\n\n\n<p>Quando a Saga chegou aos tr\u00eas anos e meio era altura de provar o seu metal fora do ringue de exibi\u00e7\u00e3o e no recinto de reprodu\u00e7\u00e3o. Est\u00e1vamos na fila para um dos primeiros cachorros da Saga. Felizmente ou infelizmente, a cria\u00e7\u00e3o n\u00e3o correu como ningu\u00e9m esperava, excepto talvez da perspectiva da Saga. A Saga esteve \u00e0 altura dos padr\u00f5es da sua ra\u00e7a quando acasalada com um parceiro campe\u00e3o adequado. Para sua surpresa, por\u00e9m, quando tentou um avan\u00e7o rom\u00e2ntico, Saga virou-se contra ele com uma f\u00faria inigual\u00e1vel, produzindo sangue, bem como uma traum\u00e1tica les\u00e3o do ego. <\/p>\n\n\n\n<p>Noutro jogo ocorreu o mesmo resultado. A Saga simplesmente n\u00e3o estava a submeter-se a nenhum outro c\u00e3o. Quando contactei o criador sobre o nosso cachorro prometido, a Saga estava prestes a ser eutanizada pelo seu comportamento. Atacar outros c\u00e3es - especialmente machos campe\u00f5es - n\u00e3o era aceit\u00e1vel mesmo na Europa uber-liberal. Pedi para a adoptar, pois quer\u00edamos um resgate mais antigo; nunca a \u00edamos criar.<\/p>\n\n\n\n<p>Na nossa casa a Saga \u00e9 viver, respirar, saltar energia e fa\u00edsca. Est\u00e1 sempre em movimento; a sua cauda est\u00e1 sempre a abanar. A sua curiosidade n\u00e3o conhece o medo e, por vezes, parece n\u00e3o estar definida pelo senso comum. Ela segue-nos por todo o lado em antecipa\u00e7\u00e3o de alguma excita\u00e7\u00e3o desconhecida, mas ainda n\u00e3o descoberta. <\/p>\n\n\n\n<p>Ela \u00e9 tamb\u00e9m um pacote de amor, mas decide como esse amor ser\u00e1 dispensado. A saga n\u00e3o \u00e9 um c\u00e3o que possa ser apanhado e acariciado. Oh, ela vai acarinhar, sim, ela est\u00e1 totalmente envolvida nisso. Mas s\u00f3 se ela fizer os avan\u00e7os e s\u00f3 se ela tamb\u00e9m decidir como se vai desenrolar. O mundo \u00e9 dela, nos seus termos. Mas ela <em>joie de vivre<\/em> \u00e9 totalmente contagioso e infeccioso.<\/p>\n\n\n\n<h2 class=\"wp-block-heading\">Com um ar selvagem<\/h2>\n\n\n\n<p>Fora de casa, num passeio, a Saga est\u00e1 muito literalmente, preternaturalmente e para sempre na ca\u00e7a. O mundo inteiro \u00e9 dela para subjugar e domar. Ela persegue-a com determina\u00e7\u00e3o e tenacidade. Cada grama dela, cada fibra, cada tend\u00e3o e cada c\u00e9lula est\u00e1 a disparar \u00e0 capacidade de 200%. Mais uma vez em casa, a Saga desmorona em completa exaust\u00e3o. Tucker, tendo terminado a mesma caminhada, regressa a casa quase sem ofegar.&nbsp;<\/p>\n\n\n\n<p>Na minha imagina\u00e7\u00e3o, Saga \u00e9 o progenitor, o c\u00e3o arquet\u00edpico. Ela encarna a selvageria, a curiosidade e a independ\u00eancia feroz dos seus antepassados lobos cinzentos, mas tempera-os em devo\u00e7\u00e3o e alegria pelo companheirismo e amor humano. A sua selvageria \u00e9 evidente e n\u00e3o pode ser desfeita.<\/p>\n\n\n\n<figure class=\"wp-block-image alignwide size-large\"><img data-recalc-dims=\"1\" loading=\"lazy\" decoding=\"async\" width=\"768\" height=\"1024\" src=\"https:\/\/i0.wp.com\/portugalizar.com\/wp-content\/uploads\/2022\/05\/Fazia-Selvagem-Novamente.png?resize=768%2C1024&#038;ssl=1\" alt=\"\" class=\"wp-image-1507\" srcset=\"https:\/\/i0.wp.com\/portugalizar.com\/wp-content\/uploads\/2022\/05\/Fazia-Selvagem-Novamente.png?resize=768%2C1024&amp;ssl=1 768w, https:\/\/i0.wp.com\/portugalizar.com\/wp-content\/uploads\/2022\/05\/Fazia-Selvagem-Novamente.png?resize=225%2C300&amp;ssl=1 225w, https:\/\/i0.wp.com\/portugalizar.com\/wp-content\/uploads\/2022\/05\/Fazia-Selvagem-Novamente.png?resize=1152%2C1536&amp;ssl=1 1152w, https:\/\/i0.wp.com\/portugalizar.com\/wp-content\/uploads\/2022\/05\/Fazia-Selvagem-Novamente.png?resize=1536%2C2048&amp;ssl=1 1536w, https:\/\/i0.wp.com\/portugalizar.com\/wp-content\/uploads\/2022\/05\/Fazia-Selvagem-Novamente.png?resize=9%2C12&amp;ssl=1 9w, https:\/\/i0.wp.com\/portugalizar.com\/wp-content\/uploads\/2022\/05\/Fazia-Selvagem-Novamente.png?w=1900&amp;ssl=1 1900w, https:\/\/i0.wp.com\/portugalizar.com\/wp-content\/uploads\/2022\/05\/Fazia-Selvagem-Novamente.png?w=2850&amp;ssl=1 2850w\" sizes=\"(max-width: 768px) 100vw, 768px\" \/><figcaption>\"Fazia Selvagem Novamente\", 2021<\/figcaption><\/figure>\n\n\n\n<p>Eu imagino, na minha mente, que um dia a Saga ir\u00e1 encontrar-se novamente com a sua matilha de lobos cinzentos. Ela tornar-se-\u00e1 a sua lend\u00e1ria e her\u00f3ica alfa. A Saga j\u00e1 foi selvagem, agora \u00e9 selvagem, e voltar\u00e1 a ser selvagem. A saga encarna <em>o pret\u00e9rito imperfeito's<\/em> entusiasmo e expectativas selvagens sobre o futuro.<\/p>\n\n\n\n<h2 class=\"wp-block-heading\"> Mantendo juntos o Estranho e o Selvagem<\/h2>\n\n\n\n<p>Come\u00e7a a parecer-me, dois anos e meio ap\u00f3s esta pandemia, que grande parte da vida tem a ver com a manuten\u00e7\u00e3o de opostos e em tens\u00e3o uns com os outros. Comecei a aprender que, com toler\u00e2ncia e convic\u00e7\u00e3o pessoal, como partilhava no <a href=\"https:\/\/portugalizar.com\/pt\/whispers-secrets-lies-and-murmurings\/\" target=\"_blank\" rel=\"noreferrer noopener\">correio<\/a> sobre a nossa viagem a Sevilha. O mesmo se aplica \u00e0s nossas mem\u00f3rias do passado, colectivas e pessoais, e \u00e0s nossas esperan\u00e7as para o futuro, mais uma vez, colectivas e pessoais. As nossas mem\u00f3rias do passado precisam de ser mantidas em conjunto e em tens\u00e3o com a nossa esperan\u00e7a no futuro.<\/p>\n\n\n\n<p>Que diabos significa isso? Eu mencionei em <a href=\"https:\/\/portugalizar.com\/pt\/great-memory-but-better-amnesia-islam-and-christianity-in-portugal\/\" target=\"_blank\" rel=\"noreferrer noopener\">outro posto<\/a> que o nosso passado pode ser forjado a partir de mem\u00f3rias parciais. O nosso passado pode n\u00e3o ser o que recordamos; pode ou n\u00e3o ser t\u00e3o bom como nos lembramos de ser. Isso pode ser perigoso. Os Far-Right e os Ultra-Nationalistas ensinam-nos os perigos das mem\u00f3rias falsificadas sobre o passado. Eles s\u00e3o os peritos nestas meias-verdades auto-servi\u00e7osas<\/p>\n\n\n\n<p>O que recordamos, contudo, forma o nosso futuro, ou seja, serve de base sobre a qual constru\u00edmos o futuro. <em>O pret\u00e9rito imperfeito<\/em> ensina-nos isso. O passado flui atrav\u00e9s do presente para o futuro. <em>Fado's<\/em> O lamento da mis\u00e9ria passada, a recorda\u00e7\u00e3o, d\u00e1 for\u00e7a e determina\u00e7\u00e3o para suportar o presente e para construir um futuro diferente. A energia presente e a independ\u00eancia feroz da saga, derivada atrav\u00e9s do ADN ancestral, permitir-lhe-\u00e1 ser novamente selvagem - <em>fazia selvagem novamente<\/em>.<\/p>\n\n\n\n<p>Temos de ser brutalmente honestos e verdadeiros sobre os nossos passados, colectivos e pessoais. N\u00e3o podemos alcan\u00e7ar o futuro que todos merecemos sem a for\u00e7a e perseveran\u00e7a que o nosso passado genu\u00edno nos d\u00e1 no presente. Esse futuro \u00e9 justo, justo e equitativo. O nosso passado precisa de nos conduzir at\u00e9 l\u00e1.<\/p>\n\n\n\n<figure class=\"wp-block-image alignwide size-large\"><img data-recalc-dims=\"1\" loading=\"lazy\" decoding=\"async\" width=\"768\" height=\"1024\" src=\"https:\/\/i0.wp.com\/portugalizar.com\/wp-content\/uploads\/2022\/06\/Reflections-of-the-way-life-used-to-be%E2%80%A6.jpg?resize=768%2C1024&#038;ssl=1\" alt=\"\" class=\"wp-image-1473\" srcset=\"https:\/\/i0.wp.com\/portugalizar.com\/wp-content\/uploads\/2022\/06\/Reflections-of-the-way-life-used-to-be%E2%80%A6-scaled.jpg?resize=768%2C1024&amp;ssl=1 768w, https:\/\/i0.wp.com\/portugalizar.com\/wp-content\/uploads\/2022\/06\/Reflections-of-the-way-life-used-to-be%E2%80%A6-scaled.jpg?resize=225%2C300&amp;ssl=1 225w, https:\/\/i0.wp.com\/portugalizar.com\/wp-content\/uploads\/2022\/06\/Reflections-of-the-way-life-used-to-be%E2%80%A6-scaled.jpg?resize=1152%2C1536&amp;ssl=1 1152w, https:\/\/i0.wp.com\/portugalizar.com\/wp-content\/uploads\/2022\/06\/Reflections-of-the-way-life-used-to-be%E2%80%A6-scaled.jpg?w=1920&amp;ssl=1 1920w\" sizes=\"(max-width: 768px) 100vw, 768px\" \/><figcaption>\"Reflex\u00f5es de como era a vida...\", 2022<\/figcaption><\/figure>\n\n\n\n<h2 class=\"wp-block-heading\">Reflex\u00f5es sobre o caminho que a vida costumava ser...<\/h2>\n\n\n\n<p>Algures em 2021, entre a nossa segunda vacina\u00e7\u00e3o e antes da Delta, houve um espa\u00e7o de tempo em que as coisas pareciam quase \"normais\". O esquisito e o selvagem pareciam estar atr\u00e1s de n\u00f3s. O c\u00e9u azul perp\u00e9tuo estava de volta desde as suas pequenas f\u00e9rias de Inverno. Os dias eram cada vez mais longos. As temperaturas estavam a aquecer ainda mais. Joseph e eu aventur\u00e1mo-nos a afastar-nos das estradas de terra e a entrar nas ruas da cidade. O caf\u00e9 e uma sobremesa acenavam-nos para os caf\u00e9s do passeio. Gost\u00e1mos de almo\u00e7ar nos nossos locais favoritos ao longo do <em>Ria<\/em> <em>Formosa<\/em> e o <em>Rio Gil\u00e3o<\/em>.<\/p>\n\n\n\n<p>O passado, por\u00e9m, era ainda omnipresente. Durante esse \"algum tempo em 2021\". Tirei uma fotografia de um edif\u00edcio em Tavira que queria pintar um dia. Uma beleza antiga de estuque branco, detalhe calc\u00e1rio bem gasto, simetria fant\u00e1stica, destaques vermelhos e uma enorme \"janela\" para o c\u00e9u mais al\u00e9m.<\/p>\n\n\n\n<p>No in\u00edcio deste ano estava a folhear fotografias \u00e0 procura de um tema para pintar. Olhei para uma dessa velha beleza. Reparei pela primeira vez que Joseph reflectiu na janela do canto inferior direito. Ele tinha acabado de sair do velho edif\u00edcio do mercado para a pra\u00e7a do outro lado da rua. Ele estava mascarado e a secar ao ar as suas m\u00e3os de gel de \u00e1lcool. O dia estava perfeito e o passado ainda estava entre n\u00f3s.<\/p>\n\n\n\n<p>N\u00e3o posso fugir do meu passado; n\u00e3o podemos fugir. E n\u00e3o devemos querer fugir. Devemos abra\u00e7\u00e1-los sinceramente e com honestidade. Ent\u00e3o o nosso passado(s) pode dar-nos a for\u00e7a e a perseveran\u00e7a para construirmos esse futuro que merecemos. Conhece aquele, aquele que tem justi\u00e7a social, econ\u00f3mica e ambiental. Isto s\u00f3 acontece com <em>o pret\u00e9rito imperfeito<\/em>ou seja, quando a verdade flui sem problemas atrav\u00e9s do meu passado para o meu presente e para o meu futuro. O que pensa?<\/p>\n\n\n\n<p><em>At\u00e9 \u00e0 pr\u00f3xima quinta. Abra\u00e7o.<\/em> \/\/ Vejo-o na pr\u00f3xima quinta-feira. Sa\u00fade.<\/p>","protected":false},"excerpt":{"rendered":"<p>A l\u00edngua portuguesa tem uma fluidez e uma expressividade que pode parecer estranha e selvagem para os falantes de ingl\u00eas e tamb\u00e9m para os outros. Este \"estranho e selvagem\", contudo, permitiu-me ver o mundo com um pouco mais de clareza. Isto \u00e9, como compreendo a liga\u00e7\u00e3o entre o meu passado e o meu futuro. Leia mais...<\/p>","protected":false},"author":1,"featured_media":1465,"comment_status":"open","ping_status":"closed","sticky":false,"template":"","format":"standard","meta":{"nf_dc_page":"","om_disable_all_campaigns":false,"_monsterinsights_skip_tracking":false,"_monsterinsights_sitenote_active":false,"_monsterinsights_sitenote_note":"","_monsterinsights_sitenote_category":0,"_themeisle_gutenberg_block_has_review":false,"_jetpack_memberships_contains_paid_content":false,"footnotes":""},"categories":[8,7],"tags":[],"class_list":["post-1293","post","type-post","status-publish","format-standard","has-post-thumbnail","hentry","category-culture-customs","category-language"],"yoast_head":"<!-- This site is optimized with the Yoast SEO plugin v27.4 - https:\/\/yoast.com\/product\/yoast-seo-wordpress\/ -->\n<title>Weird and Wild, It\u2019s Got To Be... - PORTUGALIZAR<\/title>\n<meta name=\"description\" content=\"It easy to understand why Portuguese may seem weird, even wild, to a non-native. Verb tenses can express complex, contradictory emotions.\" \/>\n<meta name=\"robots\" content=\"index, follow, max-snippet:-1, max-image-preview:large, max-video-preview:-1\" \/>\n<link rel=\"canonical\" href=\"https:\/\/portugalizar.com\/pt\/weird-and-wild\/\" \/>\n<meta property=\"og:locale\" content=\"pt_PT\" \/>\n<meta property=\"og:type\" content=\"article\" \/>\n<meta property=\"og:title\" content=\"Weird and Wild, It\u2019s Got To Be... - PORTUGALIZAR\" \/>\n<meta property=\"og:description\" content=\"It easy to understand why Portuguese may seem weird, even wild, to a non-native. Verb tenses can express complex, contradictory emotions.\" \/>\n<meta property=\"og:url\" content=\"https:\/\/portugalizar.com\/pt\/weird-and-wild\/\" \/>\n<meta property=\"og:site_name\" content=\"PORTUGALIZAR\" \/>\n<meta property=\"article:published_time\" content=\"2022-06-02T04:00:00+00:00\" \/>\n<meta property=\"article:modified_time\" content=\"2022-07-13T22:21:27+00:00\" \/>\n<meta property=\"og:image\" content=\"https:\/\/portugalizar.com\/wp-content\/uploads\/2022\/06\/5F62EBB4-9F0D-4189-8059-CA14E6DB4409.jpeg\" \/>\n\t<meta property=\"og:image:width\" content=\"1891\" \/>\n\t<meta property=\"og:image:height\" content=\"576\" \/>\n\t<meta property=\"og:image:type\" content=\"image\/jpeg\" \/>\n<meta name=\"author\" content=\"Gui\" \/>\n<meta name=\"twitter:card\" content=\"summary_large_image\" \/>\n<meta name=\"twitter:label1\" content=\"Escrito por\" \/>\n\t<meta name=\"twitter:data1\" content=\"Gui\" \/>\n\t<meta name=\"twitter:label2\" content=\"Tempo estimado de leitura\" \/>\n\t<meta name=\"twitter:data2\" content=\"14 minutos\" \/>\n<script type=\"application\/ld+json\" class=\"yoast-schema-graph\">{\"@context\":\"https:\\\/\\\/schema.org\",\"@graph\":[{\"@type\":\"Article\",\"@id\":\"https:\\\/\\\/portugalizar.com\\\/weird-and-wild\\\/#article\",\"isPartOf\":{\"@id\":\"https:\\\/\\\/portugalizar.com\\\/weird-and-wild\\\/\"},\"author\":{\"name\":\"Gui\",\"@id\":\"https:\\\/\\\/portugalizar.com\\\/#\\\/schema\\\/person\\\/1f60af48f39895b897e26d9d92ecf6db\"},\"headline\":\"Weird and Wild, It\u2019s Got To Be&#8230;\",\"datePublished\":\"2022-06-02T04:00:00+00:00\",\"dateModified\":\"2022-07-13T22:21:27+00:00\",\"mainEntityOfPage\":{\"@id\":\"https:\\\/\\\/portugalizar.com\\\/weird-and-wild\\\/\"},\"wordCount\":2985,\"commentCount\":10,\"publisher\":{\"@id\":\"https:\\\/\\\/portugalizar.com\\\/#organization\"},\"image\":{\"@id\":\"https:\\\/\\\/portugalizar.com\\\/weird-and-wild\\\/#primaryimage\"},\"thumbnailUrl\":\"https:\\\/\\\/i0.wp.com\\\/portugalizar.com\\\/wp-content\\\/uploads\\\/2022\\\/06\\\/5F62EBB4-9F0D-4189-8059-CA14E6DB4409.jpeg?fit=1891%2C576&ssl=1\",\"articleSection\":[\"Culture &amp; Customs\",\"Language\"],\"inLanguage\":\"pt-PT\",\"potentialAction\":[{\"@type\":\"CommentAction\",\"name\":\"Comment\",\"target\":[\"https:\\\/\\\/portugalizar.com\\\/weird-and-wild\\\/#respond\"]}]},{\"@type\":\"WebPage\",\"@id\":\"https:\\\/\\\/portugalizar.com\\\/weird-and-wild\\\/\",\"url\":\"https:\\\/\\\/portugalizar.com\\\/weird-and-wild\\\/\",\"name\":\"Weird and Wild, It\u2019s Got To Be... - PORTUGALIZAR\",\"isPartOf\":{\"@id\":\"https:\\\/\\\/portugalizar.com\\\/#website\"},\"primaryImageOfPage\":{\"@id\":\"https:\\\/\\\/portugalizar.com\\\/weird-and-wild\\\/#primaryimage\"},\"image\":{\"@id\":\"https:\\\/\\\/portugalizar.com\\\/weird-and-wild\\\/#primaryimage\"},\"thumbnailUrl\":\"https:\\\/\\\/i0.wp.com\\\/portugalizar.com\\\/wp-content\\\/uploads\\\/2022\\\/06\\\/5F62EBB4-9F0D-4189-8059-CA14E6DB4409.jpeg?fit=1891%2C576&ssl=1\",\"datePublished\":\"2022-06-02T04:00:00+00:00\",\"dateModified\":\"2022-07-13T22:21:27+00:00\",\"description\":\"It easy to understand why Portuguese may seem weird, even wild, to a non-native. Verb tenses can express complex, contradictory emotions.\",\"breadcrumb\":{\"@id\":\"https:\\\/\\\/portugalizar.com\\\/weird-and-wild\\\/#breadcrumb\"},\"inLanguage\":\"pt-PT\",\"potentialAction\":[{\"@type\":\"ReadAction\",\"target\":[\"https:\\\/\\\/portugalizar.com\\\/weird-and-wild\\\/\"]}]},{\"@type\":\"ImageObject\",\"inLanguage\":\"pt-PT\",\"@id\":\"https:\\\/\\\/portugalizar.com\\\/weird-and-wild\\\/#primaryimage\",\"url\":\"https:\\\/\\\/i0.wp.com\\\/portugalizar.com\\\/wp-content\\\/uploads\\\/2022\\\/06\\\/5F62EBB4-9F0D-4189-8059-CA14E6DB4409.jpeg?fit=1891%2C576&ssl=1\",\"contentUrl\":\"https:\\\/\\\/i0.wp.com\\\/portugalizar.com\\\/wp-content\\\/uploads\\\/2022\\\/06\\\/5F62EBB4-9F0D-4189-8059-CA14E6DB4409.jpeg?fit=1891%2C576&ssl=1\",\"width\":1891,\"height\":576},{\"@type\":\"BreadcrumbList\",\"@id\":\"https:\\\/\\\/portugalizar.com\\\/weird-and-wild\\\/#breadcrumb\",\"itemListElement\":[{\"@type\":\"ListItem\",\"position\":1,\"name\":\"Home\",\"item\":\"https:\\\/\\\/portugalizar.com\\\/\"},{\"@type\":\"ListItem\",\"position\":2,\"name\":\"Weird and Wild, It\u2019s Got To Be&#8230;\"}]},{\"@type\":\"WebSite\",\"@id\":\"https:\\\/\\\/portugalizar.com\\\/#website\",\"url\":\"https:\\\/\\\/portugalizar.com\\\/\",\"name\":\"PORTUGALIZAR\",\"description\":\"\",\"publisher\":{\"@id\":\"https:\\\/\\\/portugalizar.com\\\/#organization\"},\"potentialAction\":[{\"@type\":\"SearchAction\",\"target\":{\"@type\":\"EntryPoint\",\"urlTemplate\":\"https:\\\/\\\/portugalizar.com\\\/?s={search_term_string}\"},\"query-input\":{\"@type\":\"PropertyValueSpecification\",\"valueRequired\":true,\"valueName\":\"search_term_string\"}}],\"inLanguage\":\"pt-PT\"},{\"@type\":\"Organization\",\"@id\":\"https:\\\/\\\/portugalizar.com\\\/#organization\",\"name\":\"PORTUGALIZAR\",\"url\":\"https:\\\/\\\/portugalizar.com\\\/\",\"logo\":{\"@type\":\"ImageObject\",\"inLanguage\":\"pt-PT\",\"@id\":\"https:\\\/\\\/portugalizar.com\\\/#\\\/schema\\\/logo\\\/image\\\/\",\"url\":\"\",\"contentUrl\":\"\",\"caption\":\"PORTUGALIZAR\"},\"image\":{\"@id\":\"https:\\\/\\\/portugalizar.com\\\/#\\\/schema\\\/logo\\\/image\\\/\"}},{\"@type\":\"Person\",\"@id\":\"https:\\\/\\\/portugalizar.com\\\/#\\\/schema\\\/person\\\/1f60af48f39895b897e26d9d92ecf6db\",\"name\":\"Gui\",\"image\":{\"@type\":\"ImageObject\",\"inLanguage\":\"pt-PT\",\"@id\":\"https:\\\/\\\/secure.gravatar.com\\\/avatar\\\/0bef00a699e73fc60016c16a6f44683b2a027bb1b48a4b3973732af4cc636712?s=96&d=mm&r=g\",\"url\":\"https:\\\/\\\/secure.gravatar.com\\\/avatar\\\/0bef00a699e73fc60016c16a6f44683b2a027bb1b48a4b3973732af4cc636712?s=96&d=mm&r=g\",\"contentUrl\":\"https:\\\/\\\/secure.gravatar.com\\\/avatar\\\/0bef00a699e73fc60016c16a6f44683b2a027bb1b48a4b3973732af4cc636712?s=96&d=mm&r=g\",\"caption\":\"Gui\"},\"url\":\"https:\\\/\\\/portugalizar.com\\\/pt\\\/author\\\/spestheonlyone\\\/\"}]}<\/script>\n<!-- \/ Yoast SEO plugin. -->","yoast_head_json":{"title":"Weird and Wild, It\u2019s Got To Be... - PORTUGALIZAR","description":"It easy to understand why Portuguese may seem weird, even wild, to a non-native. Verb tenses can express complex, contradictory emotions.","robots":{"index":"index","follow":"follow","max-snippet":"max-snippet:-1","max-image-preview":"max-image-preview:large","max-video-preview":"max-video-preview:-1"},"canonical":"https:\/\/portugalizar.com\/pt\/weird-and-wild\/","og_locale":"pt_PT","og_type":"article","og_title":"Weird and Wild, It\u2019s Got To Be... - PORTUGALIZAR","og_description":"It easy to understand why Portuguese may seem weird, even wild, to a non-native. Verb tenses can express complex, contradictory emotions.","og_url":"https:\/\/portugalizar.com\/pt\/weird-and-wild\/","og_site_name":"PORTUGALIZAR","article_published_time":"2022-06-02T04:00:00+00:00","article_modified_time":"2022-07-13T22:21:27+00:00","og_image":[{"width":1891,"height":576,"url":"https:\/\/portugalizar.com\/wp-content\/uploads\/2022\/06\/5F62EBB4-9F0D-4189-8059-CA14E6DB4409.jpeg","type":"image\/jpeg"}],"author":"Gui","twitter_card":"summary_large_image","twitter_misc":{"Escrito por":"Gui","Tempo estimado de leitura":"14 minutos"},"schema":{"@context":"https:\/\/schema.org","@graph":[{"@type":"Article","@id":"https:\/\/portugalizar.com\/weird-and-wild\/#article","isPartOf":{"@id":"https:\/\/portugalizar.com\/weird-and-wild\/"},"author":{"name":"Gui","@id":"https:\/\/portugalizar.com\/#\/schema\/person\/1f60af48f39895b897e26d9d92ecf6db"},"headline":"Weird and Wild, It\u2019s Got To Be&#8230;","datePublished":"2022-06-02T04:00:00+00:00","dateModified":"2022-07-13T22:21:27+00:00","mainEntityOfPage":{"@id":"https:\/\/portugalizar.com\/weird-and-wild\/"},"wordCount":2985,"commentCount":10,"publisher":{"@id":"https:\/\/portugalizar.com\/#organization"},"image":{"@id":"https:\/\/portugalizar.com\/weird-and-wild\/#primaryimage"},"thumbnailUrl":"https:\/\/i0.wp.com\/portugalizar.com\/wp-content\/uploads\/2022\/06\/5F62EBB4-9F0D-4189-8059-CA14E6DB4409.jpeg?fit=1891%2C576&ssl=1","articleSection":["Culture &amp; Customs","Language"],"inLanguage":"pt-PT","potentialAction":[{"@type":"CommentAction","name":"Comment","target":["https:\/\/portugalizar.com\/weird-and-wild\/#respond"]}]},{"@type":"WebPage","@id":"https:\/\/portugalizar.com\/weird-and-wild\/","url":"https:\/\/portugalizar.com\/weird-and-wild\/","name":"Weird and Wild, It\u2019s Got To Be... - PORTUGALIZAR","isPartOf":{"@id":"https:\/\/portugalizar.com\/#website"},"primaryImageOfPage":{"@id":"https:\/\/portugalizar.com\/weird-and-wild\/#primaryimage"},"image":{"@id":"https:\/\/portugalizar.com\/weird-and-wild\/#primaryimage"},"thumbnailUrl":"https:\/\/i0.wp.com\/portugalizar.com\/wp-content\/uploads\/2022\/06\/5F62EBB4-9F0D-4189-8059-CA14E6DB4409.jpeg?fit=1891%2C576&ssl=1","datePublished":"2022-06-02T04:00:00+00:00","dateModified":"2022-07-13T22:21:27+00:00","description":"It easy to understand why Portuguese may seem weird, even wild, to a non-native. Verb tenses can express complex, contradictory emotions.","breadcrumb":{"@id":"https:\/\/portugalizar.com\/weird-and-wild\/#breadcrumb"},"inLanguage":"pt-PT","potentialAction":[{"@type":"ReadAction","target":["https:\/\/portugalizar.com\/weird-and-wild\/"]}]},{"@type":"ImageObject","inLanguage":"pt-PT","@id":"https:\/\/portugalizar.com\/weird-and-wild\/#primaryimage","url":"https:\/\/i0.wp.com\/portugalizar.com\/wp-content\/uploads\/2022\/06\/5F62EBB4-9F0D-4189-8059-CA14E6DB4409.jpeg?fit=1891%2C576&ssl=1","contentUrl":"https:\/\/i0.wp.com\/portugalizar.com\/wp-content\/uploads\/2022\/06\/5F62EBB4-9F0D-4189-8059-CA14E6DB4409.jpeg?fit=1891%2C576&ssl=1","width":1891,"height":576},{"@type":"BreadcrumbList","@id":"https:\/\/portugalizar.com\/weird-and-wild\/#breadcrumb","itemListElement":[{"@type":"ListItem","position":1,"name":"Home","item":"https:\/\/portugalizar.com\/"},{"@type":"ListItem","position":2,"name":"Weird and Wild, It\u2019s Got To Be&#8230;"}]},{"@type":"WebSite","@id":"https:\/\/portugalizar.com\/#website","url":"https:\/\/portugalizar.com\/","name":"PORTUGALIZAR","description":"","publisher":{"@id":"https:\/\/portugalizar.com\/#organization"},"potentialAction":[{"@type":"SearchAction","target":{"@type":"EntryPoint","urlTemplate":"https:\/\/portugalizar.com\/?s={search_term_string}"},"query-input":{"@type":"PropertyValueSpecification","valueRequired":true,"valueName":"search_term_string"}}],"inLanguage":"pt-PT"},{"@type":"Organization","@id":"https:\/\/portugalizar.com\/#organization","name":"PORTUGALIZAR","url":"https:\/\/portugalizar.com\/","logo":{"@type":"ImageObject","inLanguage":"pt-PT","@id":"https:\/\/portugalizar.com\/#\/schema\/logo\/image\/","url":"","contentUrl":"","caption":"PORTUGALIZAR"},"image":{"@id":"https:\/\/portugalizar.com\/#\/schema\/logo\/image\/"}},{"@type":"Person","@id":"https:\/\/portugalizar.com\/#\/schema\/person\/1f60af48f39895b897e26d9d92ecf6db","name":"Gui","image":{"@type":"ImageObject","inLanguage":"pt-PT","@id":"https:\/\/secure.gravatar.com\/avatar\/0bef00a699e73fc60016c16a6f44683b2a027bb1b48a4b3973732af4cc636712?s=96&d=mm&r=g","url":"https:\/\/secure.gravatar.com\/avatar\/0bef00a699e73fc60016c16a6f44683b2a027bb1b48a4b3973732af4cc636712?s=96&d=mm&r=g","contentUrl":"https:\/\/secure.gravatar.com\/avatar\/0bef00a699e73fc60016c16a6f44683b2a027bb1b48a4b3973732af4cc636712?s=96&d=mm&r=g","caption":"Gui"},"url":"https:\/\/portugalizar.com\/pt\/author\/spestheonlyone\/"}]}},"jetpack_featured_media_url":"https:\/\/i0.wp.com\/portugalizar.com\/wp-content\/uploads\/2022\/06\/5F62EBB4-9F0D-4189-8059-CA14E6DB4409.jpeg?fit=1891%2C576&ssl=1","jetpack-related-posts":[],"jetpack_sharing_enabled":true,"_links":{"self":[{"href":"https:\/\/portugalizar.com\/pt\/wp-json\/wp\/v2\/posts\/1293","targetHints":{"allow":["GET"]}}],"collection":[{"href":"https:\/\/portugalizar.com\/pt\/wp-json\/wp\/v2\/posts"}],"about":[{"href":"https:\/\/portugalizar.com\/pt\/wp-json\/wp\/v2\/types\/post"}],"author":[{"embeddable":true,"href":"https:\/\/portugalizar.com\/pt\/wp-json\/wp\/v2\/users\/1"}],"replies":[{"embeddable":true,"href":"https:\/\/portugalizar.com\/pt\/wp-json\/wp\/v2\/comments?post=1293"}],"version-history":[{"count":4,"href":"https:\/\/portugalizar.com\/pt\/wp-json\/wp\/v2\/posts\/1293\/revisions"}],"predecessor-version":[{"id":2067,"href":"https:\/\/portugalizar.com\/pt\/wp-json\/wp\/v2\/posts\/1293\/revisions\/2067"}],"wp:featuredmedia":[{"embeddable":true,"href":"https:\/\/portugalizar.com\/pt\/wp-json\/wp\/v2\/media\/1465"}],"wp:attachment":[{"href":"https:\/\/portugalizar.com\/pt\/wp-json\/wp\/v2\/media?parent=1293"}],"wp:term":[{"taxonomy":"category","embeddable":true,"href":"https:\/\/portugalizar.com\/pt\/wp-json\/wp\/v2\/categories?post=1293"},{"taxonomy":"post_tag","embeddable":true,"href":"https:\/\/portugalizar.com\/pt\/wp-json\/wp\/v2\/tags?post=1293"}],"curies":[{"name":"wp","href":"https:\/\/api.w.org\/{rel}","templated":true}]}}