{"id":1044,"date":"2022-04-25T21:47:02","date_gmt":"2022-04-25T21:47:02","guid":{"rendered":"https:\/\/portugalizar.com\/?p=1044"},"modified":"2022-05-02T05:11:49","modified_gmt":"2022-05-02T05:11:49","slug":"its-a-great-day-for-a-short-goodbye","status":"publish","type":"post","link":"https:\/\/portugalizar.com\/pt\/its-a-great-day-for-a-short-goodbye\/","title":{"rendered":"\u00c9 um grande dia para um r\u00e1pido adeus"},"content":{"rendered":"<p>Ol\u00e1 todos! <strong>NOT\u00cdCIAS DE REPRESENTA\u00c7\u00c3O...<\/strong> <strong>PORTUGAL FOI LIBERTADA!<\/strong><\/p>\n\n\n\n<p>Na manh\u00e3 de 25 de Abril de 1974, a primeira p\u00e1gina do jornal nacional de Portugal, <em>Rep\u00fablica<\/em>gritou em voz alta. <strong>AS FOR\u00c7AS ARMADAS TOMARAM O PODER PARA O POVO E PARA A SUA LIBERDADE<\/strong>. Com ainda maior orgulho, os editores de <em>Rep\u00fablica<\/em> rebentou uma segunda manchete no fim da primeira p\u00e1gina. <strong>ESTE JORNAL N\u00c3O FOI ALVO DE QUALQUER COMISS\u00c3O DE CENSURA<\/strong>. Esta \u00faltima parte, emoldurada a vermelho, mostrou o quanto tudo tinha mudado da noite para o dia. <\/p>\n\n\n\n<p>25 de Abril celebra a liberta\u00e7\u00e3o de Portugal de mais de 40 anos de governo sob o opressivo e destrutivo<em> Estado<\/em> <em>Novo<\/em>A ditadura auto-intitulada do brilhante e professor Ant\u00f3nio Salazar. O<em> Estado<\/em> <em>Novo<\/em> era em si mesmo um conglomerado estranho de ideias incongruentes. Se estiver interessado, podemos voltar a este assunto num post posterior. Por agora, concentremo-nos apenas em alguns factos por detr\u00e1s da celebra\u00e7\u00e3o de hoje.<\/p>\n\n\n\n<h2 class=\"wp-block-heading\">A Revolu\u00e7\u00e3o Mais N\u00e3o-Violenta<\/h2>\n\n\n\n<p>O derrube do 25 de Abril do mais antigo regime autorit\u00e1rio da Europa seguiu um gui\u00e3o tipicamente portugu\u00eas. Talvez s\u00f3 os portugueses consigam realizar um golpe militar quase sem sangue e n\u00e3o violento. Al\u00e9m disso, o seu simples senso comum prevaleceu sobre diferen\u00e7as ideol\u00f3gicas torturadas. Finalmente, pelo menos para mim, entre as impress\u00f5es duradouras desta revolu\u00e7\u00e3o contra um regime ditatorial opressivo envolve muitas flores e uma can\u00e7\u00e3o.<\/p>\n\n\n\n<p>Infelizmente, quatro pessoas morreram quando a guarda pessoal do presidente disparou contra uma multid\u00e3o em Lisboa. Caso contr\u00e1rio, a revolu\u00e7\u00e3o, esta Revolu\u00e7\u00e3o dos Cravos, n\u00e3o evidenciou qualquer viol\u00eancia. Os militares que lideraram o golpe nunca dispararam um tiro, apesar de tanques terem entrado em Lisboa e soldados uniformizados onde quer que fosse. No entanto, dezenas de milhares de cidad\u00e3os comuns estiveram lado a lado com os milhares de soldados.<\/p>\n\n\n\n<figure class=\"wp-block-image alignwide size-full\"><img data-recalc-dims=\"1\" fetchpriority=\"high\" decoding=\"async\" width=\"950\" height=\"713\" src=\"https:\/\/i0.wp.com\/portugalizar.com\/wp-content\/uploads\/2022\/04\/7E730CAA-8AFD-4620-88A6-43A8A737EF48.jpeg?resize=950%2C713&#038;ssl=1\" alt=\"\" class=\"wp-image-1047\" srcset=\"https:\/\/i0.wp.com\/portugalizar.com\/wp-content\/uploads\/2022\/04\/7E730CAA-8AFD-4620-88A6-43A8A737EF48.jpeg?w=1024&amp;ssl=1 1024w, https:\/\/i0.wp.com\/portugalizar.com\/wp-content\/uploads\/2022\/04\/7E730CAA-8AFD-4620-88A6-43A8A737EF48.jpeg?resize=300%2C225&amp;ssl=1 300w, https:\/\/i0.wp.com\/portugalizar.com\/wp-content\/uploads\/2022\/04\/7E730CAA-8AFD-4620-88A6-43A8A737EF48.jpeg?resize=768%2C576&amp;ssl=1 768w, https:\/\/i0.wp.com\/portugalizar.com\/wp-content\/uploads\/2022\/04\/7E730CAA-8AFD-4620-88A6-43A8A737EF48.jpeg?resize=16%2C12&amp;ssl=1 16w\" sizes=\"(max-width: 950px) 100vw, 950px\" \/><figcaption><strong>1 de Maio de 197<\/strong>4. Esta fotografia mostra a multid\u00e3o jovem em Tavira a atravessar a sua antiga ponte romana. Eles celebram a primeira liberdade total da Revolu\u00e7\u00e3o. O meu bom amigo, <strong>Ant\u00f3nio Minhalma<\/strong>A partir dos 18 anos de idade, a sua posi\u00e7\u00e3o central \u00e9 ao centro, \u00e0 esquerda imediata do cavalheiro de \u00f3culos com uma gola rul\u00ea preta. A Revolu\u00e7\u00e3o exp\u00f4s e depois libertou o optimismo, a esperan\u00e7a e os sonhos dos portugueses: \"talvez pudesse existir um futuro melhor\".<\/figcaption><\/figure>\n\n\n\n<h2 class=\"wp-block-heading\">Revoltantes juntos<\/h2>\n\n\n\n<p>Militares e cidad\u00e3os mentalmente sincronizados: um novo dia sem guerra e com uma verdadeira democracia deve amanhecer. J\u00e1 chega. Os portugueses j\u00e1 tinham lutado 13 anos de guerras sangrentas em Angola, Guin\u00e9-Bissau e Mo\u00e7ambique. Lutaram contra a liberdade dos seus irm\u00e3os e irm\u00e3s africanos e n\u00e3o pela sua pr\u00f3pria liberdade.<\/p>\n\n\n\n<p>Estas guerras n\u00e3o faziam sentido nem para os militares nem para os cidad\u00e3os recrutados para as combater. O dinheiro gasto para matar os portugueses a milhares de quil\u00f3metros de dist\u00e2ncia tamb\u00e9m matou os portugueses em casa. O financiamento para a educa\u00e7\u00e3o, cuidados de sa\u00fade e produtos b\u00e1sicos j\u00e1 se tinha evaporado. Portugal metropolitano tinha permanecido t\u00e3o subdesenvolvido como qualquer uma das suas col\u00f3nias long\u00ednquas. A hora da mudan\u00e7a tinha chegado.<\/p>\n\n\n\n<figure class=\"wp-block-image alignwide size-full\"><img data-recalc-dims=\"1\" decoding=\"async\" width=\"720\" height=\"511\" src=\"https:\/\/i0.wp.com\/portugalizar.com\/wp-content\/uploads\/2022\/04\/D80E0B0E-DAE5-4A48-8E0C-BC67937A9A7E.jpeg?resize=720%2C511&#038;ssl=1\" alt=\"\" class=\"wp-image-1046\" srcset=\"https:\/\/i0.wp.com\/portugalizar.com\/wp-content\/uploads\/2022\/04\/D80E0B0E-DAE5-4A48-8E0C-BC67937A9A7E.jpeg?w=720&amp;ssl=1 720w, https:\/\/i0.wp.com\/portugalizar.com\/wp-content\/uploads\/2022\/04\/D80E0B0E-DAE5-4A48-8E0C-BC67937A9A7E.jpeg?resize=300%2C213&amp;ssl=1 300w, https:\/\/i0.wp.com\/portugalizar.com\/wp-content\/uploads\/2022\/04\/D80E0B0E-DAE5-4A48-8E0C-BC67937A9A7E.jpeg?resize=18%2C12&amp;ssl=1 18w\" sizes=\"(max-width: 720px) 100vw, 720px\" \/><figcaption><strong>A Igreja de Santa Luzia, em finais da d\u00e9cada de 1950<\/strong>. Esta fotografia, partilhada comigo pelo meu bom amigo <strong>Victor Minhalma<\/strong>, o irm\u00e3o g\u00e9meo de Ant\u00f3nio, mostra a dilapidada igreja paroquial do s\u00e9culo XVII na nossa aldeia de Santa Luzia. Foi tomada apenas v\u00e1rios anos antes de ser demolida e substitu\u00edda pela estrutura modernista de hoje. O que me impressiona na fotografia \u00e9 a \u00e1rea em redor da igreja, que se situa no centro de Santa Luzia. H\u00e1 apenas terra e escombros, o presente de 30 anos de ditadura, que abra\u00e7ou um nacionalismo isolacionista, que levou \u00e0 fal\u00eancia o pa\u00eds e o seu povo.<\/figcaption><\/figure>\n\n\n\n<h2 class=\"wp-block-heading\">O Cravo na Revolu\u00e7\u00e3o<\/h2>\n\n\n\n<p>Para mim, a natureza quintessencialmente portuguesa da Revolu\u00e7\u00e3o de 25 de Abril expressa-se atrav\u00e9s de flores e c\u00e2nticos. Algo t\u00e3o s\u00e9rio e tremendo como a mudan\u00e7a revolucion\u00e1ria deveria ser tamb\u00e9m doce e de humor ir\u00f4nico. As lojas de flores de Lisboa tiveram misteriosamente um fornecimento excessivo de cravos no dia 24 de Abril. Jovens e velhos apanharam punhados de flores vermelhas e cor-de-rosa na manh\u00e3 de 25 de Abril, quando se dirigiam para as ruas para se juntarem aos soldados. <\/p>\n\n\n\n<p>As imagens tiradas das ruas de Lisboa trazem um sorriso no seu rosto at\u00e9 aos dias de hoje. As senhoras idosas levantaram a m\u00e3o sobre os dedos dos p\u00e9s para fazer uma jarra de flores de barril de canh\u00e3o. Jovens mulheres cravadas em cravos \u00e0 lapela de soldados sorridentes. Cavaleiros mais velhos entregavam ramos de flores a guardas s\u00e9rios em tanques. A alegria e a exuber\u00e2ncia brilham atrav\u00e9s das fotografias granulosas.<\/p>\n\n\n\n<p>Mas tamb\u00e9m o sinal para o lan\u00e7amento da revolu\u00e7\u00e3o foi uma can\u00e7\u00e3o. Os tanques come\u00e7aram a rolar quando a entrada de Portugal no Festival Eurovis\u00e3o da Can\u00e7\u00e3o - <em>E Depois do Adeus<\/em>ou <em>E depois do adeus<\/em> - tocado em esta\u00e7\u00f5es de r\u00e1dio pouco antes da meia-noite de 24 de Abril. Uma can\u00e7\u00e3o parva num programa parvo lan\u00e7ou o mais s\u00e9rio e consequente dos acontecimentos. N\u00e3o se pode perder o humor ir\u00f4nico inerente ao t\u00edtulo da can\u00e7\u00e3o nem o peso da sua promessa.<\/p>\n\n\n\n<h2 class=\"wp-block-heading\">O que \u00e9 depois do adeus? <\/h2>\n\n\n\n<p>Os militares come\u00e7aram rapidamente a entregar o controlo a um governo de lideran\u00e7a civil. Apenas um ano mais tarde, Portugal realizou as suas primeiras elei\u00e7\u00f5es. Um ano depois, o parlamento aprovou a nova constitui\u00e7\u00e3o. A democracia prosperou em solo portugu\u00eas e tinha empurrado profundamente as suas ra\u00edzes.<\/p>\n\n\n\n<figure class=\"wp-block-image alignwide size-large\"><img data-recalc-dims=\"1\" decoding=\"async\" width=\"950\" height=\"634\" src=\"https:\/\/i0.wp.com\/portugalizar.com\/wp-content\/uploads\/2022\/06\/64829B45-CDFE-43D4-91F0-B5D52F104A38.jpeg?resize=950%2C634&#038;ssl=1\" alt=\"\" class=\"wp-image-1077\" srcset=\"https:\/\/i0.wp.com\/portugalizar.com\/wp-content\/uploads\/2022\/06\/64829B45-CDFE-43D4-91F0-B5D52F104A38.jpeg?resize=1024%2C683&amp;ssl=1 1024w, https:\/\/i0.wp.com\/portugalizar.com\/wp-content\/uploads\/2022\/06\/64829B45-CDFE-43D4-91F0-B5D52F104A38.jpeg?resize=300%2C200&amp;ssl=1 300w, https:\/\/i0.wp.com\/portugalizar.com\/wp-content\/uploads\/2022\/06\/64829B45-CDFE-43D4-91F0-B5D52F104A38.jpeg?resize=768%2C512&amp;ssl=1 768w, https:\/\/i0.wp.com\/portugalizar.com\/wp-content\/uploads\/2022\/06\/64829B45-CDFE-43D4-91F0-B5D52F104A38.jpeg?resize=18%2C12&amp;ssl=1 18w, https:\/\/i0.wp.com\/portugalizar.com\/wp-content\/uploads\/2022\/06\/64829B45-CDFE-43D4-91F0-B5D52F104A38.jpeg?w=1050&amp;ssl=1 1050w\" sizes=\"(max-width: 950px) 100vw, 950px\" \/><figcaption>Um mural de Caos, Add Fuel, MAR e Draw na Universidade Nova de Lisboa, conclu\u00eddo em 2014 para assinalar o 40\u00ba anivers\u00e1rio da revolu\u00e7\u00e3o. Destaca-se Salgueiro Maia, um capit\u00e3o do ex\u00e9rcito que foi um dos l\u00edderes da Revolu\u00e7\u00e3o dos Cravos. Muito do combust\u00edvel que impulsionou a revolu\u00e7\u00e3o veio de entre os jovens oficiais subalternos e soldados dentro dos servi\u00e7os armados que testemunharam em primeira m\u00e3o o absoluto absurdo de matar e morrer para negar a liberdade aos outros quando n\u00e3o a tinham. Os artistas querem que saiba que este absurdo ainda existe. A democracia portuguesa n\u00e3o levantou todos por igual nem levantou pessoas suficientes. Ainda h\u00e1 muito trabalho a fazer. Estamos empenhados em continuar o trabalho da democracia que a Maia e outros come\u00e7aram?<\/figcaption><\/figure>\n\n\n\n<p>Mas temos de assinalar que as revolu\u00e7\u00f5es n\u00e3o marcam um fim, mas sim o in\u00edcio. Aqui come\u00e7a uma nova experi\u00eancia! A democracia liberal mostra muitas falhas hoje em dia, fissuras que a Far-Right explora. As empresas e um punhado de indiv\u00edduos colheram grande parte da promessa que a democracia liberal cumpriu. Hoje, o mundo parece mais pr\u00f3ximo de 1973 do que deveria. Ainda assim, h\u00e1 alguns poucos que t\u00eam e muitos dispens\u00e1veis n\u00e3o t\u00eam. <br><\/p>\n\n\n\n<p>As pessoas ficam frustradas e procuram a mudan\u00e7a. O Far-Right fornece avidamente mentiras que prometem mudan\u00e7a. Os adeptos da democracia liberal parecem esquecer que a revolu\u00e7\u00e3o ainda n\u00e3o acabou. Nem tudo est\u00e1 bem. H\u00e1 muito mais trabalho a ser feito. <\/p>\n\n\n\n<h2 class=\"wp-block-heading\">O Trabalho de Revolu\u00e7\u00e3o em Curso<\/h2>\n\n\n\n<p>Algum desse trabalho centrar-se-\u00e1 necessariamente em desfazer os erros que as democracias liberais de todo o mundo permitiram do capitalismo descontrolado, do consumismo e do globalismo. A redistribui\u00e7\u00e3o das necessidades de riqueza acontece. As oportunidades para avan\u00e7ar e ter sucesso individual e colectivamente devem existir. Deve ser aberto o acesso a necessidades b\u00e1sicas como habita\u00e7\u00e3o, cuidados de sa\u00fade, educa\u00e7\u00e3o, um sal\u00e1rio condigno e uma pens\u00e3o equitativa. Consequentemente, a produtividade n\u00e3o deve ser exclusiva de outras m\u00e9tricas de bem-estar econ\u00f3mico.<\/p>\n\n\n\n<p>A democracia liberal n\u00e3o tem futuro se n\u00e3o puder estar \u00e0 altura da promessa de mudan\u00e7a revolucion\u00e1ria. As mentiras do Far-Right vislumbrar\u00e3o e cintilar\u00e3o mais brilhantemente na frustra\u00e7\u00e3o sombria do povo deixado do lado de fora pela democracia liberal. Assim, as democracias liberais devem acender um fogo mais brilhante de melhoria demonstr\u00e1vel na vida de todos os cidad\u00e3os. A Revolu\u00e7\u00e3o continua.<\/p>\n\n\n\n<p>At\u00e9 quinta! Vemo-nos novamente esta quinta-feira!<\/p>","protected":false},"excerpt":{"rendered":"<p>No caso de estar a pensar se Portugal tem algo como o Dia da Independ\u00eancia dos EUA ou o Dia da Bastilha em Fran\u00e7a? Bem, sim tem! Leia mais sobre isso neste pequeno post de edi\u00e7\u00e3o especial. Leia mais...<\/p>","protected":false},"author":1,"featured_media":1050,"comment_status":"open","ping_status":"open","sticky":false,"template":"","format":"standard","meta":{"nf_dc_page":"","om_disable_all_campaigns":false,"_monsterinsights_skip_tracking":false,"_monsterinsights_sitenote_active":false,"_monsterinsights_sitenote_note":"","_monsterinsights_sitenote_category":0,"_themeisle_gutenberg_block_has_review":false,"_jetpack_memberships_contains_paid_content":false,"footnotes":""},"categories":[9],"tags":[],"class_list":["post-1044","post","type-post","status-publish","format-standard","has-post-thumbnail","hentry","category-history"],"yoast_head":"<!-- This site is optimized with the Yoast SEO plugin v27.4 - https:\/\/yoast.com\/product\/yoast-seo-wordpress\/ -->\n<title>It\u2019s A Great Day for A Swift Goodbye - PORTUGALIZAR<\/title>\n<meta name=\"robots\" content=\"index, follow, max-snippet:-1, max-image-preview:large, max-video-preview:-1\" \/>\n<link rel=\"canonical\" href=\"https:\/\/portugalizar.com\/pt\/its-a-great-day-for-a-short-goodbye\/\" \/>\n<meta property=\"og:locale\" content=\"pt_PT\" \/>\n<meta property=\"og:type\" content=\"article\" \/>\n<meta property=\"og:title\" content=\"It\u2019s A Great Day for A Swift Goodbye - PORTUGALIZAR\" \/>\n<meta property=\"og:description\" content=\"Just in case you were wondering does Portugal have something like the USA\u2019s Independence Day or France\u2019s Bastille Day? Well yes it does! Read some more about it in this short, special edition post. Read more\u2026\" \/>\n<meta property=\"og:url\" content=\"https:\/\/portugalizar.com\/pt\/its-a-great-day-for-a-short-goodbye\/\" \/>\n<meta property=\"og:site_name\" content=\"PORTUGALIZAR\" \/>\n<meta property=\"article:published_time\" content=\"2022-04-25T21:47:02+00:00\" \/>\n<meta property=\"article:modified_time\" content=\"2022-05-02T05:11:49+00:00\" \/>\n<meta property=\"og:image\" content=\"https:\/\/portugalizar.com\/wp-content\/uploads\/2022\/04\/EC19EC92-8D9E-46B4-AE4E-EFA648DEAB14.jpeg\" \/>\n\t<meta property=\"og:image:width\" content=\"2246\" \/>\n\t<meta property=\"og:image:height\" content=\"834\" \/>\n\t<meta property=\"og:image:type\" content=\"image\/jpeg\" \/>\n<meta name=\"author\" content=\"Gui\" \/>\n<meta name=\"twitter:card\" content=\"summary_large_image\" \/>\n<meta name=\"twitter:label1\" content=\"Escrito por\" \/>\n\t<meta name=\"twitter:data1\" content=\"Gui\" \/>\n\t<meta name=\"twitter:label2\" content=\"Tempo estimado de leitura\" \/>\n\t<meta name=\"twitter:data2\" content=\"6 minutos\" \/>\n<script type=\"application\/ld+json\" class=\"yoast-schema-graph\">{\"@context\":\"https:\\\/\\\/schema.org\",\"@graph\":[{\"@type\":\"Article\",\"@id\":\"https:\\\/\\\/portugalizar.com\\\/its-a-great-day-for-a-short-goodbye\\\/#article\",\"isPartOf\":{\"@id\":\"https:\\\/\\\/portugalizar.com\\\/its-a-great-day-for-a-short-goodbye\\\/\"},\"author\":{\"name\":\"Gui\",\"@id\":\"https:\\\/\\\/portugalizar.com\\\/#\\\/schema\\\/person\\\/1f60af48f39895b897e26d9d92ecf6db\"},\"headline\":\"It\u2019s A Great Day for A Swift Goodbye\",\"datePublished\":\"2022-04-25T21:47:02+00:00\",\"dateModified\":\"2022-05-02T05:11:49+00:00\",\"mainEntityOfPage\":{\"@id\":\"https:\\\/\\\/portugalizar.com\\\/its-a-great-day-for-a-short-goodbye\\\/\"},\"wordCount\":1200,\"commentCount\":4,\"publisher\":{\"@id\":\"https:\\\/\\\/portugalizar.com\\\/#organization\"},\"image\":{\"@id\":\"https:\\\/\\\/portugalizar.com\\\/its-a-great-day-for-a-short-goodbye\\\/#primaryimage\"},\"thumbnailUrl\":\"https:\\\/\\\/i0.wp.com\\\/portugalizar.com\\\/wp-content\\\/uploads\\\/2022\\\/04\\\/EC19EC92-8D9E-46B4-AE4E-EFA648DEAB14.jpeg?fit=2246%2C834&ssl=1\",\"articleSection\":[\"History\"],\"inLanguage\":\"pt-PT\",\"potentialAction\":[{\"@type\":\"CommentAction\",\"name\":\"Comment\",\"target\":[\"https:\\\/\\\/portugalizar.com\\\/its-a-great-day-for-a-short-goodbye\\\/#respond\"]}]},{\"@type\":\"WebPage\",\"@id\":\"https:\\\/\\\/portugalizar.com\\\/its-a-great-day-for-a-short-goodbye\\\/\",\"url\":\"https:\\\/\\\/portugalizar.com\\\/its-a-great-day-for-a-short-goodbye\\\/\",\"name\":\"It\u2019s A Great Day for A Swift Goodbye - PORTUGALIZAR\",\"isPartOf\":{\"@id\":\"https:\\\/\\\/portugalizar.com\\\/#website\"},\"primaryImageOfPage\":{\"@id\":\"https:\\\/\\\/portugalizar.com\\\/its-a-great-day-for-a-short-goodbye\\\/#primaryimage\"},\"image\":{\"@id\":\"https:\\\/\\\/portugalizar.com\\\/its-a-great-day-for-a-short-goodbye\\\/#primaryimage\"},\"thumbnailUrl\":\"https:\\\/\\\/i0.wp.com\\\/portugalizar.com\\\/wp-content\\\/uploads\\\/2022\\\/04\\\/EC19EC92-8D9E-46B4-AE4E-EFA648DEAB14.jpeg?fit=2246%2C834&ssl=1\",\"datePublished\":\"2022-04-25T21:47:02+00:00\",\"dateModified\":\"2022-05-02T05:11:49+00:00\",\"breadcrumb\":{\"@id\":\"https:\\\/\\\/portugalizar.com\\\/its-a-great-day-for-a-short-goodbye\\\/#breadcrumb\"},\"inLanguage\":\"pt-PT\",\"potentialAction\":[{\"@type\":\"ReadAction\",\"target\":[\"https:\\\/\\\/portugalizar.com\\\/its-a-great-day-for-a-short-goodbye\\\/\"]}]},{\"@type\":\"ImageObject\",\"inLanguage\":\"pt-PT\",\"@id\":\"https:\\\/\\\/portugalizar.com\\\/its-a-great-day-for-a-short-goodbye\\\/#primaryimage\",\"url\":\"https:\\\/\\\/i0.wp.com\\\/portugalizar.com\\\/wp-content\\\/uploads\\\/2022\\\/04\\\/EC19EC92-8D9E-46B4-AE4E-EFA648DEAB14.jpeg?fit=2246%2C834&ssl=1\",\"contentUrl\":\"https:\\\/\\\/i0.wp.com\\\/portugalizar.com\\\/wp-content\\\/uploads\\\/2022\\\/04\\\/EC19EC92-8D9E-46B4-AE4E-EFA648DEAB14.jpeg?fit=2246%2C834&ssl=1\",\"width\":2246,\"height\":834},{\"@type\":\"BreadcrumbList\",\"@id\":\"https:\\\/\\\/portugalizar.com\\\/its-a-great-day-for-a-short-goodbye\\\/#breadcrumb\",\"itemListElement\":[{\"@type\":\"ListItem\",\"position\":1,\"name\":\"Home\",\"item\":\"https:\\\/\\\/portugalizar.com\\\/\"},{\"@type\":\"ListItem\",\"position\":2,\"name\":\"It\u2019s A Great Day for A Swift Goodbye\"}]},{\"@type\":\"WebSite\",\"@id\":\"https:\\\/\\\/portugalizar.com\\\/#website\",\"url\":\"https:\\\/\\\/portugalizar.com\\\/\",\"name\":\"PORTUGALIZAR\",\"description\":\"\",\"publisher\":{\"@id\":\"https:\\\/\\\/portugalizar.com\\\/#organization\"},\"potentialAction\":[{\"@type\":\"SearchAction\",\"target\":{\"@type\":\"EntryPoint\",\"urlTemplate\":\"https:\\\/\\\/portugalizar.com\\\/?s={search_term_string}\"},\"query-input\":{\"@type\":\"PropertyValueSpecification\",\"valueRequired\":true,\"valueName\":\"search_term_string\"}}],\"inLanguage\":\"pt-PT\"},{\"@type\":\"Organization\",\"@id\":\"https:\\\/\\\/portugalizar.com\\\/#organization\",\"name\":\"PORTUGALIZAR\",\"url\":\"https:\\\/\\\/portugalizar.com\\\/\",\"logo\":{\"@type\":\"ImageObject\",\"inLanguage\":\"pt-PT\",\"@id\":\"https:\\\/\\\/portugalizar.com\\\/#\\\/schema\\\/logo\\\/image\\\/\",\"url\":\"\",\"contentUrl\":\"\",\"caption\":\"PORTUGALIZAR\"},\"image\":{\"@id\":\"https:\\\/\\\/portugalizar.com\\\/#\\\/schema\\\/logo\\\/image\\\/\"}},{\"@type\":\"Person\",\"@id\":\"https:\\\/\\\/portugalizar.com\\\/#\\\/schema\\\/person\\\/1f60af48f39895b897e26d9d92ecf6db\",\"name\":\"Gui\",\"image\":{\"@type\":\"ImageObject\",\"inLanguage\":\"pt-PT\",\"@id\":\"https:\\\/\\\/secure.gravatar.com\\\/avatar\\\/0bef00a699e73fc60016c16a6f44683b2a027bb1b48a4b3973732af4cc636712?s=96&d=mm&r=g\",\"url\":\"https:\\\/\\\/secure.gravatar.com\\\/avatar\\\/0bef00a699e73fc60016c16a6f44683b2a027bb1b48a4b3973732af4cc636712?s=96&d=mm&r=g\",\"contentUrl\":\"https:\\\/\\\/secure.gravatar.com\\\/avatar\\\/0bef00a699e73fc60016c16a6f44683b2a027bb1b48a4b3973732af4cc636712?s=96&d=mm&r=g\",\"caption\":\"Gui\"},\"url\":\"https:\\\/\\\/portugalizar.com\\\/pt\\\/author\\\/spestheonlyone\\\/\"}]}<\/script>\n<!-- \/ Yoast SEO plugin. -->","yoast_head_json":{"title":"It\u2019s A Great Day for A Swift Goodbye - PORTUGALIZAR","robots":{"index":"index","follow":"follow","max-snippet":"max-snippet:-1","max-image-preview":"max-image-preview:large","max-video-preview":"max-video-preview:-1"},"canonical":"https:\/\/portugalizar.com\/pt\/its-a-great-day-for-a-short-goodbye\/","og_locale":"pt_PT","og_type":"article","og_title":"It\u2019s A Great Day for A Swift Goodbye - PORTUGALIZAR","og_description":"Just in case you were wondering does Portugal have something like the USA\u2019s Independence Day or France\u2019s Bastille Day? Well yes it does! Read some more about it in this short, special edition post. Read more\u2026","og_url":"https:\/\/portugalizar.com\/pt\/its-a-great-day-for-a-short-goodbye\/","og_site_name":"PORTUGALIZAR","article_published_time":"2022-04-25T21:47:02+00:00","article_modified_time":"2022-05-02T05:11:49+00:00","og_image":[{"width":2246,"height":834,"url":"https:\/\/portugalizar.com\/wp-content\/uploads\/2022\/04\/EC19EC92-8D9E-46B4-AE4E-EFA648DEAB14.jpeg","type":"image\/jpeg"}],"author":"Gui","twitter_card":"summary_large_image","twitter_misc":{"Escrito por":"Gui","Tempo estimado de leitura":"6 minutos"},"schema":{"@context":"https:\/\/schema.org","@graph":[{"@type":"Article","@id":"https:\/\/portugalizar.com\/its-a-great-day-for-a-short-goodbye\/#article","isPartOf":{"@id":"https:\/\/portugalizar.com\/its-a-great-day-for-a-short-goodbye\/"},"author":{"name":"Gui","@id":"https:\/\/portugalizar.com\/#\/schema\/person\/1f60af48f39895b897e26d9d92ecf6db"},"headline":"It\u2019s A Great Day for A Swift Goodbye","datePublished":"2022-04-25T21:47:02+00:00","dateModified":"2022-05-02T05:11:49+00:00","mainEntityOfPage":{"@id":"https:\/\/portugalizar.com\/its-a-great-day-for-a-short-goodbye\/"},"wordCount":1200,"commentCount":4,"publisher":{"@id":"https:\/\/portugalizar.com\/#organization"},"image":{"@id":"https:\/\/portugalizar.com\/its-a-great-day-for-a-short-goodbye\/#primaryimage"},"thumbnailUrl":"https:\/\/i0.wp.com\/portugalizar.com\/wp-content\/uploads\/2022\/04\/EC19EC92-8D9E-46B4-AE4E-EFA648DEAB14.jpeg?fit=2246%2C834&ssl=1","articleSection":["History"],"inLanguage":"pt-PT","potentialAction":[{"@type":"CommentAction","name":"Comment","target":["https:\/\/portugalizar.com\/its-a-great-day-for-a-short-goodbye\/#respond"]}]},{"@type":"WebPage","@id":"https:\/\/portugalizar.com\/its-a-great-day-for-a-short-goodbye\/","url":"https:\/\/portugalizar.com\/its-a-great-day-for-a-short-goodbye\/","name":"It\u2019s A Great Day for A Swift Goodbye - PORTUGALIZAR","isPartOf":{"@id":"https:\/\/portugalizar.com\/#website"},"primaryImageOfPage":{"@id":"https:\/\/portugalizar.com\/its-a-great-day-for-a-short-goodbye\/#primaryimage"},"image":{"@id":"https:\/\/portugalizar.com\/its-a-great-day-for-a-short-goodbye\/#primaryimage"},"thumbnailUrl":"https:\/\/i0.wp.com\/portugalizar.com\/wp-content\/uploads\/2022\/04\/EC19EC92-8D9E-46B4-AE4E-EFA648DEAB14.jpeg?fit=2246%2C834&ssl=1","datePublished":"2022-04-25T21:47:02+00:00","dateModified":"2022-05-02T05:11:49+00:00","breadcrumb":{"@id":"https:\/\/portugalizar.com\/its-a-great-day-for-a-short-goodbye\/#breadcrumb"},"inLanguage":"pt-PT","potentialAction":[{"@type":"ReadAction","target":["https:\/\/portugalizar.com\/its-a-great-day-for-a-short-goodbye\/"]}]},{"@type":"ImageObject","inLanguage":"pt-PT","@id":"https:\/\/portugalizar.com\/its-a-great-day-for-a-short-goodbye\/#primaryimage","url":"https:\/\/i0.wp.com\/portugalizar.com\/wp-content\/uploads\/2022\/04\/EC19EC92-8D9E-46B4-AE4E-EFA648DEAB14.jpeg?fit=2246%2C834&ssl=1","contentUrl":"https:\/\/i0.wp.com\/portugalizar.com\/wp-content\/uploads\/2022\/04\/EC19EC92-8D9E-46B4-AE4E-EFA648DEAB14.jpeg?fit=2246%2C834&ssl=1","width":2246,"height":834},{"@type":"BreadcrumbList","@id":"https:\/\/portugalizar.com\/its-a-great-day-for-a-short-goodbye\/#breadcrumb","itemListElement":[{"@type":"ListItem","position":1,"name":"Home","item":"https:\/\/portugalizar.com\/"},{"@type":"ListItem","position":2,"name":"It\u2019s A Great Day for A Swift Goodbye"}]},{"@type":"WebSite","@id":"https:\/\/portugalizar.com\/#website","url":"https:\/\/portugalizar.com\/","name":"PORTUGALIZAR","description":"","publisher":{"@id":"https:\/\/portugalizar.com\/#organization"},"potentialAction":[{"@type":"SearchAction","target":{"@type":"EntryPoint","urlTemplate":"https:\/\/portugalizar.com\/?s={search_term_string}"},"query-input":{"@type":"PropertyValueSpecification","valueRequired":true,"valueName":"search_term_string"}}],"inLanguage":"pt-PT"},{"@type":"Organization","@id":"https:\/\/portugalizar.com\/#organization","name":"PORTUGALIZAR","url":"https:\/\/portugalizar.com\/","logo":{"@type":"ImageObject","inLanguage":"pt-PT","@id":"https:\/\/portugalizar.com\/#\/schema\/logo\/image\/","url":"","contentUrl":"","caption":"PORTUGALIZAR"},"image":{"@id":"https:\/\/portugalizar.com\/#\/schema\/logo\/image\/"}},{"@type":"Person","@id":"https:\/\/portugalizar.com\/#\/schema\/person\/1f60af48f39895b897e26d9d92ecf6db","name":"Gui","image":{"@type":"ImageObject","inLanguage":"pt-PT","@id":"https:\/\/secure.gravatar.com\/avatar\/0bef00a699e73fc60016c16a6f44683b2a027bb1b48a4b3973732af4cc636712?s=96&d=mm&r=g","url":"https:\/\/secure.gravatar.com\/avatar\/0bef00a699e73fc60016c16a6f44683b2a027bb1b48a4b3973732af4cc636712?s=96&d=mm&r=g","contentUrl":"https:\/\/secure.gravatar.com\/avatar\/0bef00a699e73fc60016c16a6f44683b2a027bb1b48a4b3973732af4cc636712?s=96&d=mm&r=g","caption":"Gui"},"url":"https:\/\/portugalizar.com\/pt\/author\/spestheonlyone\/"}]}},"jetpack_featured_media_url":"https:\/\/i0.wp.com\/portugalizar.com\/wp-content\/uploads\/2022\/04\/EC19EC92-8D9E-46B4-AE4E-EFA648DEAB14.jpeg?fit=2246%2C834&ssl=1","jetpack-related-posts":[],"jetpack_sharing_enabled":true,"_links":{"self":[{"href":"https:\/\/portugalizar.com\/pt\/wp-json\/wp\/v2\/posts\/1044","targetHints":{"allow":["GET"]}}],"collection":[{"href":"https:\/\/portugalizar.com\/pt\/wp-json\/wp\/v2\/posts"}],"about":[{"href":"https:\/\/portugalizar.com\/pt\/wp-json\/wp\/v2\/types\/post"}],"author":[{"embeddable":true,"href":"https:\/\/portugalizar.com\/pt\/wp-json\/wp\/v2\/users\/1"}],"replies":[{"embeddable":true,"href":"https:\/\/portugalizar.com\/pt\/wp-json\/wp\/v2\/comments?post=1044"}],"version-history":[{"count":5,"href":"https:\/\/portugalizar.com\/pt\/wp-json\/wp\/v2\/posts\/1044\/revisions"}],"predecessor-version":[{"id":1183,"href":"https:\/\/portugalizar.com\/pt\/wp-json\/wp\/v2\/posts\/1044\/revisions\/1183"}],"wp:featuredmedia":[{"embeddable":true,"href":"https:\/\/portugalizar.com\/pt\/wp-json\/wp\/v2\/media\/1050"}],"wp:attachment":[{"href":"https:\/\/portugalizar.com\/pt\/wp-json\/wp\/v2\/media?parent=1044"}],"wp:term":[{"taxonomy":"category","embeddable":true,"href":"https:\/\/portugalizar.com\/pt\/wp-json\/wp\/v2\/categories?post=1044"},{"taxonomy":"post_tag","embeddable":true,"href":"https:\/\/portugalizar.com\/pt\/wp-json\/wp\/v2\/tags?post=1044"}],"curies":[{"name":"wp","href":"https:\/\/api.w.org\/{rel}","templated":true}]}}