{"id":1441,"date":"2022-06-23T04:00:00","date_gmt":"2022-06-23T04:00:00","guid":{"rendered":"https:\/\/portugalizar.com\/?p=1441"},"modified":"2022-06-23T09:54:49","modified_gmt":"2022-06-23T09:54:49","slug":"in-the-arms-of-joy","status":"publish","type":"post","link":"https:\/\/portugalizar.com\/nl\/in-the-arms-of-joy\/","title":{"rendered":"In de armen van vreugde voor heel mijn leven"},"content":{"rendered":"<p><em>Ol\u00e1 a todos! Een groot geluk voor jullie, Ver\u00e3o!<\/em> \/\/ Hallo iedereen. En een groot welkom in de zomer! Dit is misschien niet de meest zomerse post. Maar de schilderijen die ik vandaag met jullie deel, zijn buiten gemaakt - zeggen de echte kunstenaars, <em>en plein air<\/em> - in mooi Santa Luzia weer. En mijn onderwerp vandaag, zoals was <a href=\"https:\/\/portugalizar.com\/nl\/?p=1117\" target=\"_blank\" rel=\"noreferrer noopener\">van vorige week<\/a>gaat over het goede leven. Dat is, je hele leven leven in de armen van vreugde! Hmm? Buiten en het goede leven, nou, ik denk dat het zomer is, nietwaar?<\/p>\n\n\n\n<p>Vandaag deel ik een paar vignetten en portretten van mensen die ik hier heb ontmoet. Deze zijn het resultaat van ontmoetingen in Santa Luzia. Bij de eerste gaat het dus om mensen die ik vaak zie en van nabij heb geobserveerd. Maar de tweede is ook een paar dat ik een beetje heb leren kennen. Eerst zal ik hun verhalen delen. Daarna zal ik proberen deze vignetten aan elkaar te breien tot een soort van samenhang. <\/p>\n\n\n\n<p>Trouwens, ik heb mijn thema voor vandaag ontleend aan een van mijn favoriete dichters, Mary Oliver. Haar gedicht, <a href=\"https:\/\/www.poeticous.com\/mary-oliver\/when-death-comes\" target=\"_blank\" rel=\"noreferrer noopener\">Als de dood komt<\/a>is alles wat u echt hoeft te lezen. Voel je niet verplicht om hier verder te lezen. Klik gewoon op de vorige link. Oliver is een veel betere schrijver dan ik. <\/p>\n\n\n\n<p>Als je nog steeds bij me bent, laten we dan gaan. Het is tenslotte zomer. We hebben allemaal betere dingen te doen dan blogberichten lezen op onze apparaten. Tenminste dat hoop ik. Er is zoveel leven om te leven.<\/p>\n\n\n\n<h2 class=\"wp-block-heading\">De kleine vreugden van het leven verzamelen<\/h2>\n\n\n\n<p>Maar, voor nu, in dit eerste vignet is het lente. Nee, niet de zomer. Het is lente. De winterregens zijn voorbij. Velden en hekken zijn groen geworden. En de rand van de weg, dat wil zeggen, de heggen, zijn ook groen geworden. Nu is de hele aarde een feest van verrukkingen. Slakken, <em>os carac\u00f3is<\/em>zich tegoed doen aan de tere scheuten, de zoete nieuwe blaadjes en de tere blaadjes. Dan worden deze slakken een feestmaal voor de vogels, de egels en de padden.<\/p>\n\n\n\n<p>En het is ochtend. Zoals op vele ochtenden op dit uur, maak ik mijn loopje af. Omdat het lente is, ben ik niet alleen aan de rand van de heg. Ik deel deze randen met de \"sprokkelaars\". De slakken zijn ook een feestmaal voor deze \"sprokkelaars\". <\/p>\n\n\n\n<figure class=\"wp-block-image alignwide size-large\"><img data-recalc-dims=\"1\" fetchpriority=\"high\" decoding=\"async\" width=\"950\" height=\"708\" src=\"https:\/\/i0.wp.com\/portugalizar.com\/wp-content\/uploads\/2022\/06\/Os-apanhadores-de-caracois.jpg?resize=950%2C708&#038;ssl=1\" alt=\"\" class=\"wp-image-1652\" srcset=\"https:\/\/i0.wp.com\/portugalizar.com\/wp-content\/uploads\/2022\/06\/Os-apanhadores-de-caracois-scaled.jpg?resize=1024%2C763&amp;ssl=1 1024w, https:\/\/i0.wp.com\/portugalizar.com\/wp-content\/uploads\/2022\/06\/Os-apanhadores-de-caracois-scaled.jpg?resize=300%2C224&amp;ssl=1 300w, https:\/\/i0.wp.com\/portugalizar.com\/wp-content\/uploads\/2022\/06\/Os-apanhadores-de-caracois-scaled.jpg?resize=768%2C573&amp;ssl=1 768w, https:\/\/i0.wp.com\/portugalizar.com\/wp-content\/uploads\/2022\/06\/Os-apanhadores-de-caracois-scaled.jpg?resize=1536%2C1145&amp;ssl=1 1536w, https:\/\/i0.wp.com\/portugalizar.com\/wp-content\/uploads\/2022\/06\/Os-apanhadores-de-caracois-scaled.jpg?resize=2048%2C1527&amp;ssl=1 2048w, https:\/\/i0.wp.com\/portugalizar.com\/wp-content\/uploads\/2022\/06\/Os-apanhadores-de-caracois-scaled.jpg?resize=16%2C12&amp;ssl=1 16w, https:\/\/i0.wp.com\/portugalizar.com\/wp-content\/uploads\/2022\/06\/Os-apanhadores-de-caracois-scaled.jpg?resize=2000%2C1491&amp;ssl=1 2000w, https:\/\/i0.wp.com\/portugalizar.com\/wp-content\/uploads\/2022\/06\/Os-apanhadores-de-caracois-scaled.jpg?w=1900&amp;ssl=1 1900w\" sizes=\"(max-width: 950px) 100vw, 950px\" \/><figcaption><strong>\"Os apanhadores de carac\u00f3is\", 2021<\/strong><\/figcaption><\/figure>\n\n\n\n<p>Het Portugees lijkt geen woord te hebben dat \"sprokkelaars\" of het werkwoord \"sprokkelen\" precies vertaalt. Er is <em>os apanhadores<\/em>dat wil zeggen, \"de vangers\" of \"de verzamelaars\". En er is <em>os colecionadores<\/em>of \"de verzamelaars\". Geen van beide lijkt de ware betekenis van \"glean\" weer te geven.<\/p>\n\n\n\n<p>\"To glean\" komt in het Engels uit het Normandisch Frans. In het feodale Frankrijk, maar vooral in het Frankrijk van na de Revolutie, had het gewone volk een bijzonder recht. Ze mochten het landgoed van de hoge pieten betreden en de restjes van de oogst meenemen. Wat ze vonden was van hen. Wat ze vonden waren altijd kleine beetjes, overblijfselen, restjes. Maar deze waren van hen. En hoewel ze klein waren, vulden ze hun dieet aan.<\/p>\n\n\n\n<p>In het Engels heeft \"glean\" ook de betekenis dat de kleinste details belangrijk zijn. Dat wil zeggen, de kleine beetjes, als je ze ziet, leveren verrassingen op. Als je goed let op wat er om je heen is, kun je nieuwe ontdekkingen doen. En dat zal waarschijnlijk ook gebeuren. Bijvoorbeeld, \"de onderzoeker deed haar ontdekking uit een eerder over het hoofd gezien gegeven\".<\/p>\n\n\n\n<h2 class=\"wp-block-heading\">Slakken: E\u00e9n ware vreugde in het leven, Wapens of niet<\/h2>\n\n\n\n<p>Portugezen hebben er misschien geen precies woord voor. Maar de Portugezen begrijpen \"sprokkelen\" volledig. Dat wil zeggen, je armen om de eenvoudige vreugde en kleine genoegens van het leven slaan. En dan stevig vasthouden. <\/p>\n\n\n\n<p>Slakken zijn voor de Portugezen zoals vette chips zijn voor de Amerikanen. Ze zijn een schuldig pleziertje. Misschien wel gezonder, want ze zitten vol eiwitten, ijzer en vitamine A. Maar ook vetarm, behalve als ze dik in de boter zitten. <\/p>\n\n\n\n<p>De slakkensprokkelaars hier volgen een oude lentetraditie. Ze verzamelen hun slakken elke ochtend, net na zonsopgang, in de koele vochtigheid. De slakken zijn uit om te eten. De verzamelaars zijn op zoek naar een feestmaal.<\/p>\n\n\n\n<p>Thuis maken ze een feest van herinneringen. Met generaties verzameld rond de tafel. Een hoop knoflookachtige boterachtige heerlijkheid ligt in het midden. Met broden vers brood om te soppen. En wijn, ja, natuurlijk wijn. Het is een van de zuiverste vreugden van het leven. Leven in de armen van vreugde. Hard werken gaat over in gedeeld plezier.<\/p>\n\n\n\n<h2 class=\"wp-block-heading\">En, natuurlijk, <em>Alegrias de Viver!<\/em><\/h2>\n\n\n\n<p>Vooruit dan. Patr\u00edcia en Ant\u00f3nio hebben een kleine <em>quinta<\/em>dat wil zeggen, een boerderij, samen voor ongeveer 20 jaar. Ze verbouwen olijven, granaatappels, amandelen en groenten. Ze fokken kippen. Ze runnen een b&amp;b met negen kamers. Ze hebben vijf honden en ook hondenpension voor anderen. We kennen ze van dat laatste. Tucker en Saga zijn helemaal weg van hen. Dat is mijn maatstaf voor de kwaliteit van een persoon. Het zijn vijf sterren (\u2b51\u2b51\u2b51\u2b51\u2b51) mensen.<\/p>\n\n\n\n<p>De <em>quinta<\/em> heeft zelf ook een mooi verhaal. Het huis was een huwelijkscadeau van Ant\u00f3nio's overgrootvader, Costa, aan Ant\u00f3nio's grootmoeder, Am\u00e9lia. Ant\u00f3nio en alle neven en nichten brachten er de zomers van hun jeugd door. Toen verwoestte een brand het huis grotendeels. Drie decennia lang was het een ru\u00efne. In 2013 voltooiden Patr\u00edcia en Ant\u00f3nio de volledige restauratie en modernisering. Ze begonnen hun leven samen in de armen van vreugde.<\/p>\n\n\n\n<figure class=\"wp-block-image alignwide size-large\"><img data-recalc-dims=\"1\" decoding=\"async\" width=\"950\" height=\"743\" src=\"https:\/\/i0.wp.com\/portugalizar.com\/wp-content\/uploads\/2022\/06\/Os-colecionadores-de-alegrias-de-viver.jpg?resize=950%2C743&#038;ssl=1\" alt=\"\" class=\"wp-image-1656\" srcset=\"https:\/\/i0.wp.com\/portugalizar.com\/wp-content\/uploads\/2022\/06\/Os-colecionadores-de-alegrias-de-viver-scaled.jpg?resize=1024%2C801&amp;ssl=1 1024w, https:\/\/i0.wp.com\/portugalizar.com\/wp-content\/uploads\/2022\/06\/Os-colecionadores-de-alegrias-de-viver-scaled.jpg?resize=300%2C235&amp;ssl=1 300w, https:\/\/i0.wp.com\/portugalizar.com\/wp-content\/uploads\/2022\/06\/Os-colecionadores-de-alegrias-de-viver-scaled.jpg?resize=768%2C601&amp;ssl=1 768w, https:\/\/i0.wp.com\/portugalizar.com\/wp-content\/uploads\/2022\/06\/Os-colecionadores-de-alegrias-de-viver-scaled.jpg?resize=1536%2C1202&amp;ssl=1 1536w, https:\/\/i0.wp.com\/portugalizar.com\/wp-content\/uploads\/2022\/06\/Os-colecionadores-de-alegrias-de-viver-scaled.jpg?resize=2048%2C1602&amp;ssl=1 2048w, https:\/\/i0.wp.com\/portugalizar.com\/wp-content\/uploads\/2022\/06\/Os-colecionadores-de-alegrias-de-viver-scaled.jpg?resize=15%2C12&amp;ssl=1 15w, https:\/\/i0.wp.com\/portugalizar.com\/wp-content\/uploads\/2022\/06\/Os-colecionadores-de-alegrias-de-viver-scaled.jpg?resize=2000%2C1565&amp;ssl=1 2000w, https:\/\/i0.wp.com\/portugalizar.com\/wp-content\/uploads\/2022\/06\/Os-colecionadores-de-alegrias-de-viver-scaled.jpg?w=1900&amp;ssl=1 1900w\" sizes=\"(max-width: 950px) 100vw, 950px\" \/><figcaption><strong>\"Os colecionadores de alegrias de viver\", 2022<\/strong><\/figcaption><\/figure>\n\n\n\n<p>Maar het leven gooit curveballs. We hebben geen andere keuze dan ze te vangen. Onze keuze komt wanneer de bal in onze handschoen landt. Wat gaan we nu doen? Patr\u00edcia en Ant\u00f3nio hebben de hunne gevangen. De <em>quinta<\/em> belangrijk is. De basis van het leven dat ze samen hebben opgebouwd. Maar nu, met die curveball in de hand, de <em>quinta<\/em> in de weg staat. Een nieuw leven wacht in de armen van vreugde.<\/p>\n\n\n\n<h2 class=\"wp-block-heading\">Neem de bocht op volle snelheid en vang het leven met armen van vreugde<\/h2>\n\n\n\n<p>Patr\u00edcia en Ant\u00f3nio hebben verkocht <em>a quinta da Av\u00f3 Am\u00e9lia<\/em>. We zullen ze missen, Tucker en Saga in het bijzonder. Ze bouwen een nieuw huis en een nieuw leven op zo'n 240 km ten noordoosten van Santa Luzia. Ze zullen nog steeds gasten en pups verwelkomen, maar zonder de andere opdringerigheden die de verzameling van de geneugten des levens kunnen verstoren. Hun droom is om wat meer tijd te hebben. Tijd om onder de sterren te zitten, voor een vuurtje, met een glas wijn in de hand, elkaars hand in de andere hand. Om elk moment, elk uur, elke dag te beleven. <em>Mijn beste vrienden!<\/em><\/p>\n\n\n\n<p>In de lente van 2020, was ik een eenzame wandeling aan het maken zonder mijn iPhone. Beide, iets van een zeldzaamheid. In het hoge gras, zag ik een paardenbloem. Het was een glinsterend, ragfijn zaadje geworden. Omdat ik een beetje gek ben, ben ik er voor op de grond gaan zitten. Omdat ik het wilde en nodig had om alles in me op te nemen. Om het me te herinneren. Net toen ik proestend op buik en borst lag. Hoofd geheven. Een zacht, zacht briesje ademde uit. In een oogwenk ging elk glinsterend zaadje de lucht in. Op weg naar een nieuwe toekomst.<\/p>\n\n\n\n<figure class=\"wp-block-image alignwide size-large\"><img data-recalc-dims=\"1\" decoding=\"async\" width=\"950\" height=\"760\" src=\"https:\/\/i0.wp.com\/portugalizar.com\/wp-content\/uploads\/2022\/06\/51F398C5-E3F1-466E-BB48-BDC937C46D21.jpeg?resize=950%2C760&#038;ssl=1\" alt=\"\" class=\"wp-image-1477\" srcset=\"https:\/\/i0.wp.com\/portugalizar.com\/wp-content\/uploads\/2022\/06\/51F398C5-E3F1-466E-BB48-BDC937C46D21-scaled.jpeg?resize=1024%2C819&amp;ssl=1 1024w, https:\/\/i0.wp.com\/portugalizar.com\/wp-content\/uploads\/2022\/06\/51F398C5-E3F1-466E-BB48-BDC937C46D21-scaled.jpeg?resize=300%2C240&amp;ssl=1 300w, https:\/\/i0.wp.com\/portugalizar.com\/wp-content\/uploads\/2022\/06\/51F398C5-E3F1-466E-BB48-BDC937C46D21-scaled.jpeg?resize=768%2C614&amp;ssl=1 768w, https:\/\/i0.wp.com\/portugalizar.com\/wp-content\/uploads\/2022\/06\/51F398C5-E3F1-466E-BB48-BDC937C46D21-scaled.jpeg?resize=1536%2C1229&amp;ssl=1 1536w, https:\/\/i0.wp.com\/portugalizar.com\/wp-content\/uploads\/2022\/06\/51F398C5-E3F1-466E-BB48-BDC937C46D21-scaled.jpeg?resize=2048%2C1638&amp;ssl=1 2048w, https:\/\/i0.wp.com\/portugalizar.com\/wp-content\/uploads\/2022\/06\/51F398C5-E3F1-466E-BB48-BDC937C46D21-scaled.jpeg?resize=15%2C12&amp;ssl=1 15w, https:\/\/i0.wp.com\/portugalizar.com\/wp-content\/uploads\/2022\/06\/51F398C5-E3F1-466E-BB48-BDC937C46D21-scaled.jpeg?w=1900&amp;ssl=1 1900w\" sizes=\"(max-width: 950px) 100vw, 950px\" \/><figcaption><strong>\"Os Murm\u00farios\", 2020<\/strong><\/figcaption><\/figure>\n\n\n\n<p>Zoals die vederachtige zaden gedragen op een zachte adem. En op weg naar een nieuwe toekomst. Dus onze levens zijn geboren uit en gedragen op de curveballs. Nu mengen we metaforen. Een bladzijde slaat om. Het is aan ons om het volgende hoofdstuk te schrijven. <\/p>\n\n\n\n<h2 class=\"wp-block-heading\">Het schrijven van het volgende hoofdstuk<\/h2>\n\n\n\n<p>Net als goed schrijven, heeft het schrijven van een goed leven enkele regels. Niet veel, maar een paar. Ik heb enkele regels ontdekt door deze twee ontmoetingen. <\/p>\n\n\n\n<p>Van mijn sprokkelaars. De herinneringen die ik het liefst vasthoud zijn moeilijk te winnen en zeldzaam. En ook gedeeld met heel veel anderen. Bewaar ze want ze zijn allemaal rijkdom, zoetheid, boterachtige heerlijkheid. Al die andere herinneringen. Die van de schrammen en sneden, stroppen en pijlen. Misschien, zoals ik vind, kunnen ze beter weggelaten worden uit het volgende hoofdstuk. Niet eens de moeite waard om in het laatste op te nemen. Als ik een betere redacteur was, wel, dan zouden ze er niet geweest zijn.<\/p>\n\n\n\n<p>Ik ben Patr\u00edcia en Ant\u00f3nio dankbaar dat ze me aan plotwendingen hebben herinnerd. Die curveballs. Ze zijn ongelooflijk moeilijk te vangen, en om over te schrijven. Verdomd die gemengde metaforen! Maar mijn plotwendingen brachten me naar Portugal. En ik ben ongelooflijk dankbaar dat ik hier mijn volgende hoofdstuk schrijf. Het wordt misschien wel mijn beste tot nu toe. Tenminste, ik zal proberen het zo te maken. We zullen zien als we bij mijn laatste pagina zijn.<\/p>\n\n\n\n<h2 class=\"wp-block-heading\">Wat \"leven in de armen van de vreugde\" werkelijk betekent...<\/h2>\n\n\n\n<p>Luister hieronder naar de <a href=\"https:\/\/playbill.com\/article\/cabaret-singer-nancy-lamott-dies-at-43-com-67618\" target=\"_blank\" rel=\"noreferrer noopener\">Nancy Lamont<\/a> als je dat wilt weten. Net als Mary Oliver wist ze het omdat ze het leefde, dat wil zeggen, haar hele leven in de armen van vreugde. Elk moment...<\/p>\n\n\n\n<figure class=\"wp-block-embed alignwide is-type-video is-provider-youtube wp-block-embed-youtube wp-embed-aspect-16-9 wp-has-aspect-ratio\"><div class=\"wp-block-embed__wrapper\">\n<iframe title=\"Nancy LaMott - We Live On Borrowed Time\" width=\"950\" height=\"534\" src=\"https:\/\/www.youtube.com\/embed\/jkRxX1C4Cuc?feature=oembed\" frameborder=\"0\" allow=\"accelerometer; autoplay; clipboard-write; encrypted-media; gyroscope; picture-in-picture\" allowfullscreen><\/iframe>\n<\/div><\/figure>\n\n\n\n<p><em>Bedankt dat je me hier wilde ontmoeten. Veel plezier op deze eerste fim-de-semana de Ver\u00e3o. Tot de volgende quinta! <\/em>\/\/ Bedankt voor het komen vandaag. Geniet van dit eerste weekend van de zomer. Tot volgende week donderdag!<\/p>\n\n\n\n<h2 class=\"wp-block-heading\">Speciale opmerkingen<\/h2>\n\n\n\n<p>Net als mijn thema van vandaag, is mijn slakken \"gleaner\" schilderij een gekopieerd idee, niet mijn eigen origineel. Ik heb dit idee gekopieerd van een favoriet schilderij. <em><a href=\"https:\/\/www.musee-orsay.fr\/en\/artworks\/des-glaneuses-342\" target=\"_blank\" rel=\"noreferrer noopener\">Des glaneuses<\/a><\/em> (De Sprokkelaars) door Jean-Fran\u00e7ois Millet is op de <a href=\"https:\/\/www.musee-orsay.fr\/en\" target=\"_blank\" rel=\"noreferrer noopener\">Musee d'Orsay<\/a> in Parijs. Ik bezoek <em>d'Orsay<\/em> zo vaak als ik kan. Ik sta voor <em>Des glaneuses<\/em> zo lang mogelijk. Maar het is niet zo dat daar mensenmassa's staan te dringen voor selfies. Ik ontmoette voor het eerst <em>Des glaneuses<\/em> op de middelbare school, in mijn kunstgeschiedenis leerboek. Ik was er toen door betoverd, en ben dat sindsdien altijd gebleven. Nu, een halve eeuw later, begin ik te begrijpen waarom.<\/p>\n\n\n\n<p>Mijn portret van Patr\u00edcia en Ant\u00f3nio, <em>\"Os colecionadores de alegrias de viver\"<\/em>is een primeur voor mij. De eerste waarbij de geportretteerden weten dat ik ze schilder. Ik had hen gevraagd of ik dat mocht doen. Ze nodigden me vriendelijk uit op een dag. Het was hun laatste olijfoogst bij de <em>quinta<\/em>. Ik nam een heleboel foto's van hen naast hun favoriete <em>oliveira<\/em>. Bij het schilderen voegde ik <em>Casa da Av\u00f3 Amelia<\/em> achter hen. Het moest er zijn. Een andere primeur: ik heb hun portret op canvas laten afdrukken en ingelijst. Mijn dankbetuiging aan hen.<\/p>\n\n\n\n<p>Tenslotte, \"curveball\" is misschien een specifiek Amerikaanse term. Het is een geniepige worp in het honkbalspel. Hij heeft een neerwaartse draai. Daardoor zakt de bal. Dan draait hij naar de zijkant. Hij nadert de slagman aan de andere kant vanwaar hij geworpen werd. De slagman weet niet wat hij kan verwachten.<\/p>","protected":false},"excerpt":{"rendered":"<p>Door nieuwe mensen te ontmoeten hier in Santa Luzia, leer ik nieuwe dingen. Niet alleen over Portugees en Portugese gewoonten en tradities. Maar ook over mezelf en over het goede leven. Lees meer.<\/p>","protected":false},"author":1,"featured_media":1477,"comment_status":"open","ping_status":"closed","sticky":false,"template":"","format":"standard","meta":{"nf_dc_page":"","om_disable_all_campaigns":false,"_monsterinsights_skip_tracking":false,"_monsterinsights_sitenote_active":false,"_monsterinsights_sitenote_note":"","_monsterinsights_sitenote_category":0,"_themeisle_gutenberg_block_has_review":false,"_jetpack_memberships_contains_paid_content":false,"footnotes":""},"categories":[8,6],"tags":[],"class_list":["post-1441","post","type-post","status-publish","format-standard","has-post-thumbnail","hentry","category-culture-customs","category-people"],"yoast_head":"<!-- This site is optimized with the Yoast SEO plugin v27.4 - https:\/\/yoast.com\/product\/yoast-seo-wordpress\/ -->\n<title>In The Arms of Joy For All My Life - PORTUGALIZAR<\/title>\n<meta name=\"description\" content=\"If at our final end we can say that \u201cI lived in the arms of joy for all my life\u201c, then, only then, will we know that we have had a good life.\" \/>\n<meta name=\"robots\" content=\"index, follow, max-snippet:-1, max-image-preview:large, max-video-preview:-1\" \/>\n<link rel=\"canonical\" href=\"https:\/\/portugalizar.com\/nl\/in-the-arms-of-joy\/\" \/>\n<meta property=\"og:locale\" content=\"nl_NL\" \/>\n<meta property=\"og:type\" content=\"article\" \/>\n<meta property=\"og:title\" content=\"In The Arms of Joy For All My Life - PORTUGALIZAR\" \/>\n<meta property=\"og:description\" content=\"If at our final end we can say that \u201cI lived in the arms of joy for all my life\u201c, then, only then, will we know that we have had a good life.\" \/>\n<meta property=\"og:url\" content=\"https:\/\/portugalizar.com\/nl\/in-the-arms-of-joy\/\" \/>\n<meta property=\"og:site_name\" content=\"PORTUGALIZAR\" \/>\n<meta property=\"article:published_time\" content=\"2022-06-23T04:00:00+00:00\" \/>\n<meta property=\"article:modified_time\" content=\"2022-06-23T09:54:49+00:00\" \/>\n<meta property=\"og:image\" content=\"https:\/\/portugalizar.com\/wp-content\/uploads\/2022\/06\/51F398C5-E3F1-466E-BB48-BDC937C46D21-scaled.jpeg\" \/>\n\t<meta property=\"og:image:width\" content=\"2560\" \/>\n\t<meta property=\"og:image:height\" content=\"2048\" \/>\n\t<meta property=\"og:image:type\" content=\"image\/jpeg\" \/>\n<meta name=\"author\" content=\"Gui\" \/>\n<meta name=\"twitter:card\" content=\"summary_large_image\" \/>\n<meta name=\"twitter:label1\" content=\"Geschreven door\" \/>\n\t<meta name=\"twitter:data1\" content=\"Gui\" \/>\n\t<meta name=\"twitter:label2\" content=\"Geschatte leestijd\" \/>\n\t<meta name=\"twitter:data2\" content=\"9 minuten\" \/>\n<script type=\"application\/ld+json\" class=\"yoast-schema-graph\">{\"@context\":\"https:\\\/\\\/schema.org\",\"@graph\":[{\"@type\":\"Article\",\"@id\":\"https:\\\/\\\/portugalizar.com\\\/in-the-arms-of-joy\\\/#article\",\"isPartOf\":{\"@id\":\"https:\\\/\\\/portugalizar.com\\\/in-the-arms-of-joy\\\/\"},\"author\":{\"name\":\"Gui\",\"@id\":\"https:\\\/\\\/portugalizar.com\\\/#\\\/schema\\\/person\\\/1f60af48f39895b897e26d9d92ecf6db\"},\"headline\":\"In The Arms of Joy For All My Life\",\"datePublished\":\"2022-06-23T04:00:00+00:00\",\"dateModified\":\"2022-06-23T09:54:49+00:00\",\"mainEntityOfPage\":{\"@id\":\"https:\\\/\\\/portugalizar.com\\\/in-the-arms-of-joy\\\/\"},\"wordCount\":1778,\"commentCount\":10,\"publisher\":{\"@id\":\"https:\\\/\\\/portugalizar.com\\\/#organization\"},\"image\":{\"@id\":\"https:\\\/\\\/portugalizar.com\\\/in-the-arms-of-joy\\\/#primaryimage\"},\"thumbnailUrl\":\"https:\\\/\\\/i0.wp.com\\\/portugalizar.com\\\/wp-content\\\/uploads\\\/2022\\\/06\\\/51F398C5-E3F1-466E-BB48-BDC937C46D21-scaled.jpeg?fit=2560%2C2048&ssl=1\",\"articleSection\":[\"Culture &amp; Customs\",\"People\"],\"inLanguage\":\"nl-NL\",\"potentialAction\":[{\"@type\":\"CommentAction\",\"name\":\"Comment\",\"target\":[\"https:\\\/\\\/portugalizar.com\\\/in-the-arms-of-joy\\\/#respond\"]}]},{\"@type\":\"WebPage\",\"@id\":\"https:\\\/\\\/portugalizar.com\\\/in-the-arms-of-joy\\\/\",\"url\":\"https:\\\/\\\/portugalizar.com\\\/in-the-arms-of-joy\\\/\",\"name\":\"In The Arms of Joy For All My Life - PORTUGALIZAR\",\"isPartOf\":{\"@id\":\"https:\\\/\\\/portugalizar.com\\\/#website\"},\"primaryImageOfPage\":{\"@id\":\"https:\\\/\\\/portugalizar.com\\\/in-the-arms-of-joy\\\/#primaryimage\"},\"image\":{\"@id\":\"https:\\\/\\\/portugalizar.com\\\/in-the-arms-of-joy\\\/#primaryimage\"},\"thumbnailUrl\":\"https:\\\/\\\/i0.wp.com\\\/portugalizar.com\\\/wp-content\\\/uploads\\\/2022\\\/06\\\/51F398C5-E3F1-466E-BB48-BDC937C46D21-scaled.jpeg?fit=2560%2C2048&ssl=1\",\"datePublished\":\"2022-06-23T04:00:00+00:00\",\"dateModified\":\"2022-06-23T09:54:49+00:00\",\"description\":\"If at our final end we can say that \u201cI lived in the arms of joy for all my life\u201c, then, only then, will we know that we have had a good life.\",\"breadcrumb\":{\"@id\":\"https:\\\/\\\/portugalizar.com\\\/in-the-arms-of-joy\\\/#breadcrumb\"},\"inLanguage\":\"nl-NL\",\"potentialAction\":[{\"@type\":\"ReadAction\",\"target\":[\"https:\\\/\\\/portugalizar.com\\\/in-the-arms-of-joy\\\/\"]}]},{\"@type\":\"ImageObject\",\"inLanguage\":\"nl-NL\",\"@id\":\"https:\\\/\\\/portugalizar.com\\\/in-the-arms-of-joy\\\/#primaryimage\",\"url\":\"https:\\\/\\\/i0.wp.com\\\/portugalizar.com\\\/wp-content\\\/uploads\\\/2022\\\/06\\\/51F398C5-E3F1-466E-BB48-BDC937C46D21-scaled.jpeg?fit=2560%2C2048&ssl=1\",\"contentUrl\":\"https:\\\/\\\/i0.wp.com\\\/portugalizar.com\\\/wp-content\\\/uploads\\\/2022\\\/06\\\/51F398C5-E3F1-466E-BB48-BDC937C46D21-scaled.jpeg?fit=2560%2C2048&ssl=1\",\"width\":2560,\"height\":2048,\"caption\":\"\\\"Os Murm\u00farios\\\", 2020\"},{\"@type\":\"BreadcrumbList\",\"@id\":\"https:\\\/\\\/portugalizar.com\\\/in-the-arms-of-joy\\\/#breadcrumb\",\"itemListElement\":[{\"@type\":\"ListItem\",\"position\":1,\"name\":\"Home\",\"item\":\"https:\\\/\\\/portugalizar.com\\\/\"},{\"@type\":\"ListItem\",\"position\":2,\"name\":\"In The Arms of Joy For All My Life\"}]},{\"@type\":\"WebSite\",\"@id\":\"https:\\\/\\\/portugalizar.com\\\/#website\",\"url\":\"https:\\\/\\\/portugalizar.com\\\/\",\"name\":\"PORTUGALIZAR\",\"description\":\"\",\"publisher\":{\"@id\":\"https:\\\/\\\/portugalizar.com\\\/#organization\"},\"potentialAction\":[{\"@type\":\"SearchAction\",\"target\":{\"@type\":\"EntryPoint\",\"urlTemplate\":\"https:\\\/\\\/portugalizar.com\\\/?s={search_term_string}\"},\"query-input\":{\"@type\":\"PropertyValueSpecification\",\"valueRequired\":true,\"valueName\":\"search_term_string\"}}],\"inLanguage\":\"nl-NL\"},{\"@type\":\"Organization\",\"@id\":\"https:\\\/\\\/portugalizar.com\\\/#organization\",\"name\":\"PORTUGALIZAR\",\"url\":\"https:\\\/\\\/portugalizar.com\\\/\",\"logo\":{\"@type\":\"ImageObject\",\"inLanguage\":\"nl-NL\",\"@id\":\"https:\\\/\\\/portugalizar.com\\\/#\\\/schema\\\/logo\\\/image\\\/\",\"url\":\"\",\"contentUrl\":\"\",\"caption\":\"PORTUGALIZAR\"},\"image\":{\"@id\":\"https:\\\/\\\/portugalizar.com\\\/#\\\/schema\\\/logo\\\/image\\\/\"}},{\"@type\":\"Person\",\"@id\":\"https:\\\/\\\/portugalizar.com\\\/#\\\/schema\\\/person\\\/1f60af48f39895b897e26d9d92ecf6db\",\"name\":\"Gui\",\"image\":{\"@type\":\"ImageObject\",\"inLanguage\":\"nl-NL\",\"@id\":\"https:\\\/\\\/secure.gravatar.com\\\/avatar\\\/0bef00a699e73fc60016c16a6f44683b2a027bb1b48a4b3973732af4cc636712?s=96&d=mm&r=g\",\"url\":\"https:\\\/\\\/secure.gravatar.com\\\/avatar\\\/0bef00a699e73fc60016c16a6f44683b2a027bb1b48a4b3973732af4cc636712?s=96&d=mm&r=g\",\"contentUrl\":\"https:\\\/\\\/secure.gravatar.com\\\/avatar\\\/0bef00a699e73fc60016c16a6f44683b2a027bb1b48a4b3973732af4cc636712?s=96&d=mm&r=g\",\"caption\":\"Gui\"},\"url\":\"https:\\\/\\\/portugalizar.com\\\/nl\\\/author\\\/spestheonlyone\\\/\"}]}<\/script>\n<!-- \/ Yoast SEO plugin. -->","yoast_head_json":{"title":"In The Arms of Joy For All My Life - PORTUGALIZAR","description":"If at our final end we can say that \u201cI lived in the arms of joy for all my life\u201c, then, only then, will we know that we have had a good life.","robots":{"index":"index","follow":"follow","max-snippet":"max-snippet:-1","max-image-preview":"max-image-preview:large","max-video-preview":"max-video-preview:-1"},"canonical":"https:\/\/portugalizar.com\/nl\/in-the-arms-of-joy\/","og_locale":"nl_NL","og_type":"article","og_title":"In The Arms of Joy For All My Life - PORTUGALIZAR","og_description":"If at our final end we can say that \u201cI lived in the arms of joy for all my life\u201c, then, only then, will we know that we have had a good life.","og_url":"https:\/\/portugalizar.com\/nl\/in-the-arms-of-joy\/","og_site_name":"PORTUGALIZAR","article_published_time":"2022-06-23T04:00:00+00:00","article_modified_time":"2022-06-23T09:54:49+00:00","og_image":[{"width":2560,"height":2048,"url":"https:\/\/portugalizar.com\/wp-content\/uploads\/2022\/06\/51F398C5-E3F1-466E-BB48-BDC937C46D21-scaled.jpeg","type":"image\/jpeg"}],"author":"Gui","twitter_card":"summary_large_image","twitter_misc":{"Geschreven door":"Gui","Geschatte leestijd":"9 minuten"},"schema":{"@context":"https:\/\/schema.org","@graph":[{"@type":"Article","@id":"https:\/\/portugalizar.com\/in-the-arms-of-joy\/#article","isPartOf":{"@id":"https:\/\/portugalizar.com\/in-the-arms-of-joy\/"},"author":{"name":"Gui","@id":"https:\/\/portugalizar.com\/#\/schema\/person\/1f60af48f39895b897e26d9d92ecf6db"},"headline":"In The Arms of Joy For All My Life","datePublished":"2022-06-23T04:00:00+00:00","dateModified":"2022-06-23T09:54:49+00:00","mainEntityOfPage":{"@id":"https:\/\/portugalizar.com\/in-the-arms-of-joy\/"},"wordCount":1778,"commentCount":10,"publisher":{"@id":"https:\/\/portugalizar.com\/#organization"},"image":{"@id":"https:\/\/portugalizar.com\/in-the-arms-of-joy\/#primaryimage"},"thumbnailUrl":"https:\/\/i0.wp.com\/portugalizar.com\/wp-content\/uploads\/2022\/06\/51F398C5-E3F1-466E-BB48-BDC937C46D21-scaled.jpeg?fit=2560%2C2048&ssl=1","articleSection":["Culture &amp; Customs","People"],"inLanguage":"nl-NL","potentialAction":[{"@type":"CommentAction","name":"Comment","target":["https:\/\/portugalizar.com\/in-the-arms-of-joy\/#respond"]}]},{"@type":"WebPage","@id":"https:\/\/portugalizar.com\/in-the-arms-of-joy\/","url":"https:\/\/portugalizar.com\/in-the-arms-of-joy\/","name":"In The Arms of Joy For All My Life - PORTUGALIZAR","isPartOf":{"@id":"https:\/\/portugalizar.com\/#website"},"primaryImageOfPage":{"@id":"https:\/\/portugalizar.com\/in-the-arms-of-joy\/#primaryimage"},"image":{"@id":"https:\/\/portugalizar.com\/in-the-arms-of-joy\/#primaryimage"},"thumbnailUrl":"https:\/\/i0.wp.com\/portugalizar.com\/wp-content\/uploads\/2022\/06\/51F398C5-E3F1-466E-BB48-BDC937C46D21-scaled.jpeg?fit=2560%2C2048&ssl=1","datePublished":"2022-06-23T04:00:00+00:00","dateModified":"2022-06-23T09:54:49+00:00","description":"If at our final end we can say that \u201cI lived in the arms of joy for all my life\u201c, then, only then, will we know that we have had a good life.","breadcrumb":{"@id":"https:\/\/portugalizar.com\/in-the-arms-of-joy\/#breadcrumb"},"inLanguage":"nl-NL","potentialAction":[{"@type":"ReadAction","target":["https:\/\/portugalizar.com\/in-the-arms-of-joy\/"]}]},{"@type":"ImageObject","inLanguage":"nl-NL","@id":"https:\/\/portugalizar.com\/in-the-arms-of-joy\/#primaryimage","url":"https:\/\/i0.wp.com\/portugalizar.com\/wp-content\/uploads\/2022\/06\/51F398C5-E3F1-466E-BB48-BDC937C46D21-scaled.jpeg?fit=2560%2C2048&ssl=1","contentUrl":"https:\/\/i0.wp.com\/portugalizar.com\/wp-content\/uploads\/2022\/06\/51F398C5-E3F1-466E-BB48-BDC937C46D21-scaled.jpeg?fit=2560%2C2048&ssl=1","width":2560,"height":2048,"caption":"\"Os Murm\u00farios\", 2020"},{"@type":"BreadcrumbList","@id":"https:\/\/portugalizar.com\/in-the-arms-of-joy\/#breadcrumb","itemListElement":[{"@type":"ListItem","position":1,"name":"Home","item":"https:\/\/portugalizar.com\/"},{"@type":"ListItem","position":2,"name":"In The Arms of Joy For All My Life"}]},{"@type":"WebSite","@id":"https:\/\/portugalizar.com\/#website","url":"https:\/\/portugalizar.com\/","name":"PORTUGALIZAR","description":"","publisher":{"@id":"https:\/\/portugalizar.com\/#organization"},"potentialAction":[{"@type":"SearchAction","target":{"@type":"EntryPoint","urlTemplate":"https:\/\/portugalizar.com\/?s={search_term_string}"},"query-input":{"@type":"PropertyValueSpecification","valueRequired":true,"valueName":"search_term_string"}}],"inLanguage":"nl-NL"},{"@type":"Organization","@id":"https:\/\/portugalizar.com\/#organization","name":"PORTUGALIZAR","url":"https:\/\/portugalizar.com\/","logo":{"@type":"ImageObject","inLanguage":"nl-NL","@id":"https:\/\/portugalizar.com\/#\/schema\/logo\/image\/","url":"","contentUrl":"","caption":"PORTUGALIZAR"},"image":{"@id":"https:\/\/portugalizar.com\/#\/schema\/logo\/image\/"}},{"@type":"Person","@id":"https:\/\/portugalizar.com\/#\/schema\/person\/1f60af48f39895b897e26d9d92ecf6db","name":"Gui","image":{"@type":"ImageObject","inLanguage":"nl-NL","@id":"https:\/\/secure.gravatar.com\/avatar\/0bef00a699e73fc60016c16a6f44683b2a027bb1b48a4b3973732af4cc636712?s=96&d=mm&r=g","url":"https:\/\/secure.gravatar.com\/avatar\/0bef00a699e73fc60016c16a6f44683b2a027bb1b48a4b3973732af4cc636712?s=96&d=mm&r=g","contentUrl":"https:\/\/secure.gravatar.com\/avatar\/0bef00a699e73fc60016c16a6f44683b2a027bb1b48a4b3973732af4cc636712?s=96&d=mm&r=g","caption":"Gui"},"url":"https:\/\/portugalizar.com\/nl\/author\/spestheonlyone\/"}]}},"jetpack_featured_media_url":"https:\/\/i0.wp.com\/portugalizar.com\/wp-content\/uploads\/2022\/06\/51F398C5-E3F1-466E-BB48-BDC937C46D21-scaled.jpeg?fit=2560%2C2048&ssl=1","jetpack-related-posts":[],"jetpack_sharing_enabled":true,"_links":{"self":[{"href":"https:\/\/portugalizar.com\/nl\/wp-json\/wp\/v2\/posts\/1441","targetHints":{"allow":["GET"]}}],"collection":[{"href":"https:\/\/portugalizar.com\/nl\/wp-json\/wp\/v2\/posts"}],"about":[{"href":"https:\/\/portugalizar.com\/nl\/wp-json\/wp\/v2\/types\/post"}],"author":[{"embeddable":true,"href":"https:\/\/portugalizar.com\/nl\/wp-json\/wp\/v2\/users\/1"}],"replies":[{"embeddable":true,"href":"https:\/\/portugalizar.com\/nl\/wp-json\/wp\/v2\/comments?post=1441"}],"version-history":[{"count":5,"href":"https:\/\/portugalizar.com\/nl\/wp-json\/wp\/v2\/posts\/1441\/revisions"}],"predecessor-version":[{"id":1900,"href":"https:\/\/portugalizar.com\/nl\/wp-json\/wp\/v2\/posts\/1441\/revisions\/1900"}],"wp:featuredmedia":[{"embeddable":true,"href":"https:\/\/portugalizar.com\/nl\/wp-json\/wp\/v2\/media\/1477"}],"wp:attachment":[{"href":"https:\/\/portugalizar.com\/nl\/wp-json\/wp\/v2\/media?parent=1441"}],"wp:term":[{"taxonomy":"category","embeddable":true,"href":"https:\/\/portugalizar.com\/nl\/wp-json\/wp\/v2\/categories?post=1441"},{"taxonomy":"post_tag","embeddable":true,"href":"https:\/\/portugalizar.com\/nl\/wp-json\/wp\/v2\/tags?post=1441"}],"curies":[{"name":"wp","href":"https:\/\/api.w.org\/{rel}","templated":true}]}}