{"id":1032,"date":"2022-05-12T04:00:00","date_gmt":"2022-05-12T04:00:00","guid":{"rendered":"https:\/\/portugalizar.com\/?p=1032"},"modified":"2022-05-12T21:26:05","modified_gmt":"2022-05-12T21:26:05","slug":"great-memory-but-better-amnesia-islam-and-christianity-in-portugal","status":"publish","type":"post","link":"https:\/\/portugalizar.com\/nl\/great-memory-but-better-amnesia-islam-and-christianity-in-portugal\/","title":{"rendered":"Groot geheugen maar beter geheugenverlies: <br>Islam en christendom in Portugal"},"content":{"rendered":"<p><em>Bem-vindo todos!<\/em>&nbsp;Welkom terug iedereen!<\/p>\n\n\n\n<p>Nadat ik in Tavira nog meer schatten ben tegengekomen en erover gestruikeld ben, ben ik op een andere zoektocht gegaan. Misschien herinnert u zich van <strong><a href=\"https:\/\/portugalizar.com\/nl\/world-of-magic-and-mystery\/\" target=\"_blank\" rel=\"noreferrer noopener\">post 4<\/a> <\/strong>dat gewoon voorbij fietsen&nbsp;<em>Igreja de S\u00e3o Roque<\/em>&nbsp;stuurde me op jacht. De eeuwenoude ru\u00efnes verspreid over Tavira hebben me uitgedaagd tot verdere verwondering. Uiteindelijk leiden ze me op een zoektocht om de complexe relatie tussen Portugal en zijn Moorse geschiedenis te begrijpen. Deze post eindigt ook als een meditatie over geheugen en amnesie, dat wil zeggen, vergeten. Kom met me mee!<\/p>\n\n\n\n<p>Ergens eerder op deze blog had ik gezegd dat de geschiedenis van Portugal en vooral van de zuidelijke regio's er een is van opeenvolgingen. Er is de migratie. Dan de vestiging. Dan de bloei. En tenslotte komt de assimilatie door en in een nieuwe golf van migranten. Dan, druk op de herstart knop.<\/p>\n\n\n\n<p>Degenen die al gevestigd zijn, zien deze migranten vaak als indringers of veroveraars. Soms komen ze inderdaad met legers, maar meestal komen ze met hoop en dromen, en met nieuwe kracht en frisse idee\u00ebn. Deze kunnen de plaatselijke cultuur, die op de een of andere manier is vastgelopen, nieuw leven inblazen. Zij kunnen explosieve creativiteit inbrengen in de vruchtbare grond die er al is. Mag ik een metafoor gebruiken om dit uit te leggen? Ik hou van metaforen.<\/p>\n\n\n\n<h2 class=\"wp-block-heading\">Schering en inslag<\/h2>\n\n\n\n<p>In het midden van de 18e eeuw probeerde de Markies de Pombal Portugal mee te slepen in de industri\u00eble revolutie met textiel, maar zonder veel succes. De zijderupsen waren binnen twee jaar allemaal dood. De grote katoen- en wolfabrieken hadden, om hetzelfde lot te bereiken, 60 jaar nodig. Toch heeft Pombal Portugal een erfenis van textiel nagelaten. Er worden in Portugal nog steeds katoenen en wollen stoffen van hoge kwaliteit gemaakt, meestal voor de lokale markt. Maar het Portugese katoen, en met name de flanellen, heeft op westerse markten, zoals de Verenigde Staten, een luxestatus bereikt.<\/p>\n\n\n\n<figure class=\"wp-block-gallery has-nested-images columns-default is-cropped wp-block-gallery-1 is-layout-flex wp-block-gallery-is-layout-flex\">\n<figure class=\"wp-block-image size-large\"><img data-recalc-dims=\"1\" fetchpriority=\"high\" decoding=\"async\" width=\"950\" height=\"1066\" data-id=\"1301\" src=\"https:\/\/i0.wp.com\/portugalizar.com\/wp-content\/uploads\/2022\/05\/AD238C06-8451-4C5D-BF40-38EE5C83E333-scaled.jpeg?resize=950%2C1066&#038;ssl=1\" alt=\"\" class=\"wp-image-1301\" srcset=\"https:\/\/i0.wp.com\/portugalizar.com\/wp-content\/uploads\/2022\/05\/AD238C06-8451-4C5D-BF40-38EE5C83E333-scaled.jpeg?w=2281&amp;ssl=1 2281w, https:\/\/i0.wp.com\/portugalizar.com\/wp-content\/uploads\/2022\/05\/AD238C06-8451-4C5D-BF40-38EE5C83E333-scaled.jpeg?resize=267%2C300&amp;ssl=1 267w, https:\/\/i0.wp.com\/portugalizar.com\/wp-content\/uploads\/2022\/05\/AD238C06-8451-4C5D-BF40-38EE5C83E333-scaled.jpeg?resize=912%2C1024&amp;ssl=1 912w, https:\/\/i0.wp.com\/portugalizar.com\/wp-content\/uploads\/2022\/05\/AD238C06-8451-4C5D-BF40-38EE5C83E333-scaled.jpeg?resize=768%2C862&amp;ssl=1 768w, https:\/\/i0.wp.com\/portugalizar.com\/wp-content\/uploads\/2022\/05\/AD238C06-8451-4C5D-BF40-38EE5C83E333-scaled.jpeg?resize=1369%2C1536&amp;ssl=1 1369w, https:\/\/i0.wp.com\/portugalizar.com\/wp-content\/uploads\/2022\/05\/AD238C06-8451-4C5D-BF40-38EE5C83E333-scaled.jpeg?w=1900&amp;ssl=1 1900w\" sizes=\"(max-width: 950px) 100vw, 950px\" \/><figcaption>Een deel van het wollen en katoenen textiel dat we hier in Tavira hebben verzameld.<\/figcaption><\/figure>\n<\/figure>\n\n\n\n<p>Dit prachtige textiel is Portugal en in feite alle menselijke gemeenschappen. Ze beginnen met een basis van strak getrokken draden of garens, de schering. De schering vormt de basis en de structuur van het weefsel. Andere draden en garens van verschillende kleuren en soorten, de inslag, weven over en onder de schering. De inslag vormt meestal, maar niet altijd, het ontwerp. Stoffen van oneindig patroon en kleur zijn het resultaat. De draden en de garens afzonderlijk zijn zwak en knappen gemakkelijk wanneer eraan wordt getrokken of ze wikkelen gemakkelijk af wanneer ze worden gedraaid. De stoffen kunnen echter alleen met de scherpste schaar worden geknipt of met mes of zwaard worden gescheurd.<\/p>\n\n\n\n<p>Ik hoef u niet op het hoofd te slaan door de betekenis van deze metafoor te ontleden. Het weefsel van elke cultuur of beschaving komt voort uit een basis, of de schering. Textuur en levendigheid ontwikkelen zich als de inslag van nieuw aangekomen culturen zich in de schering weeft. Het weefsel - zijn kracht, schoonheid, ingewikkeldheid en weelde - komt voort uit het geheel. Dat wil zeggen, zowel de schering als de inslag die bij elke opeenvolgende beweging van de schietspoel wordt toegevoegd.<\/p>\n\n\n\n<p>Laten we nu van de metafoor overgaan naar enkele, zij het niet alle, feiten.<\/p>\n\n\n\n<h2 class=\"wp-block-heading\">Portugal's Voorgeschreven Geschiedenis<\/h2>\n\n\n\n<p>De archeologische gegevens tonen de aanwezigheid aan van oude mensen in Portugal vanaf ongeveer 400.000 jaar geleden. De vroegste \"Portugezen\" waren <em>Homo heidelbergensis<\/em>. Zij waren de gemeenschappelijke voorouder van zowel de Neanderthalers als onze soort,&nbsp;<em>H. sapiens<\/em>. En deze beide mensensoorten baanden zich een weg naar Portugal en overlapten elkaar hier kort. De Neanderthalers kwamen tienduizenden jaren eerder dan wij \"moderne\" mensen.<\/p>\n\n\n\n<p>Er is enig bewijs uit het Paleolithicum (meer dan 10.000 jaar geleden) en veel bewijs uit het Neolithicum (10.000 tot 4.000 jaar geleden) dat mensen Portugal tot hun permanente woonplaats hebben gemaakt. De neolithische Portugezen (een verkeerde benaming, want de Portugezen zouden pas over 5.000 jaar bestaan) waren echte megalietenbouwers. Deze Stonehenge-achtige bouwwerken, zij het veel ouder, zijn in het hele land te vinden.<\/p>\n\n\n\n<p>De bewoners van de Algarve uit de latere bronstijd en ijzertijd mengden zich op grote schaal met de mediterrane culturen. De Fenici\u00ebrs, de Carthagers en de Grieken hadden handelsnederzettingen langs de kust. Griekse teksten beschrijven een zeer verfijnde cultuur en regeringsstructuur onder de Turdetani. Deze niet-Indo-Europese, niet-Keltische mensen woonden in het gebied rond Tavira. De Kelten arriveerden later vanuit Midden-Europa. Zij vestigden zich en vermengden zich met de plaatselijke bevolking in heel Portugal en elders in Europa.<\/p>\n\n\n\n<h2 class=\"wp-block-heading\">Roman Lusitania<\/h2>\n\n\n\n<p>De Romeinen arriveerden in Portugal rond 330 v. Chr. Het huidige zuiden van Portugal behoorde tot de Romeinse provincie Lusitania. Het werd genoemd naar het niet-Keltische volk dat in de buurt van Lissabon woonde. Het huidige noorden van Portugal maakte deel uit van de provincie Gallaecia, genoemd naar het Keltische volk dat in de buurt van Braga woonde. Veel van de belangrijke steden van Portugal bestonden al in de Romeinse tijd. Naast Lissabon en Braga zijn dat Oporto, Beja, Santar\u00e9m en Tavira.<\/p>\n\n\n\n<figure class=\"wp-block-image alignwide size-large\"><img data-recalc-dims=\"1\" decoding=\"async\" width=\"950\" height=\"713\" src=\"https:\/\/i0.wp.com\/portugalizar.com\/wp-content\/uploads\/2022\/05\/A-Antiga-Ponte-Romana.jpg?resize=950%2C713&#038;ssl=1\" alt=\"\" class=\"wp-image-977\" srcset=\"https:\/\/i0.wp.com\/portugalizar.com\/wp-content\/uploads\/2022\/05\/A-Antiga-Ponte-Romana-scaled.jpg?resize=1024%2C768&amp;ssl=1 1024w, https:\/\/i0.wp.com\/portugalizar.com\/wp-content\/uploads\/2022\/05\/A-Antiga-Ponte-Romana-scaled.jpg?resize=300%2C225&amp;ssl=1 300w, https:\/\/i0.wp.com\/portugalizar.com\/wp-content\/uploads\/2022\/05\/A-Antiga-Ponte-Romana-scaled.jpg?resize=768%2C576&amp;ssl=1 768w, https:\/\/i0.wp.com\/portugalizar.com\/wp-content\/uploads\/2022\/05\/A-Antiga-Ponte-Romana-scaled.jpg?resize=1536%2C1152&amp;ssl=1 1536w, https:\/\/i0.wp.com\/portugalizar.com\/wp-content\/uploads\/2022\/05\/A-Antiga-Ponte-Romana-scaled.jpg?w=1900&amp;ssl=1 1900w\" sizes=\"(max-width: 950px) 100vw, 950px\" \/><figcaption>\"De Oude Romeinse Brug\", 2022<\/figcaption><\/figure>\n\n\n\n<p>De \"Romeinse brug\" van Tavira herinnert aan de Romeinse aanwezigheid in de stad. De brug overspant de getijde Rio Gil\u00e3o en verbindt de oostelijke en westelijke helften van Tavira. De Romeinen hebben deze brug natuurlijk niet gebouwd. Hij dateert uit het einde van de 17e eeuw. Hij staat wel in de buurt van of op de plaats waar de Romeinen een brug hadden gebouwd. De Moren bouwden echter waarschijnlijk de eerste permanente brug over de rivier op deze plaats. Maar dat zou ver na de verdwijning van de Romeinen zijn.<\/p>\n\n\n\n<p>Interessant is dat Portugal zich sinds de 17e eeuw heeft vastgeklampt aan zijn Romeinse erfenis. Het is een nationaal epos,&nbsp;<em>De Lu\u00edsaids<\/em>stelt zich een directe lijn voor tussen Rome's provincie Lusitania en het toenmalige Portugal. Elke Portugese middelbare scholier leest het ongetwijfeld grote gedicht van Vaz de Cam\u00f5es. Slechts weinigen daarentegen leren veel over de rijke geschiedenis van Portugal v\u00f3\u00f3r de intrede van Rome op het toneel. Dan is er een hop-skip-and-jump naar het tijdperk van ontdekkingen in de 15e en 16e eeuw<\/p>\n\n\n\n<p>Bovendien zou ik willen aanvoeren dat de Romeinse aanwezigheid in Portugal niet erg belangrijk was voor het Portugal dat zich zou ontwikkelen. De herinnering aan Rome komt los te staan van de werkelijkheid; het is relatief buiten proporties. Andere volkeren hebben veel grotere sporen achtergelaten op het land en het karakter van zijn bevolking. Hun herinnering blijft begraven of, misschien, verloren.<\/p>\n\n\n\n<h2 class=\"wp-block-heading\">De Suevi en de Visigoten<\/h2>\n\n\n\n<p>Twee Germaanse volkeren, de Suevi en de Visigoten, arriveerden in Portugal toen de Romeinse macht tanende was. Oorspronkelijk waren zij bondgenoten van de Romeinen; de Visigoten meer dan de Suevi. Maar ze maakten gebruik van de Romeinse zwakte om hun eigen rijk te stichten. De Suevi namen Gallaecia in. De Visigoten veroverden Lusitani\u00eb en een groot deel van Spanje. Er was niet veel strijd van Rome.<\/p>\n\n\n\n<figure class=\"wp-block-image alignwide size-large\"><img data-recalc-dims=\"1\" decoding=\"async\" width=\"768\" height=\"1024\" src=\"https:\/\/i0.wp.com\/portugalizar.com\/wp-content\/uploads\/2022\/05\/among-the-ruins.jpg?resize=768%2C1024&#038;ssl=1\" alt=\"\" class=\"wp-image-978\" srcset=\"https:\/\/i0.wp.com\/portugalizar.com\/wp-content\/uploads\/2022\/05\/among-the-ruins-scaled.jpg?resize=768%2C1024&amp;ssl=1 768w, https:\/\/i0.wp.com\/portugalizar.com\/wp-content\/uploads\/2022\/05\/among-the-ruins-scaled.jpg?resize=225%2C300&amp;ssl=1 225w, https:\/\/i0.wp.com\/portugalizar.com\/wp-content\/uploads\/2022\/05\/among-the-ruins-scaled.jpg?resize=1152%2C1536&amp;ssl=1 1152w, https:\/\/i0.wp.com\/portugalizar.com\/wp-content\/uploads\/2022\/05\/among-the-ruins-scaled.jpg?w=1920&amp;ssl=1 1920w\" sizes=\"(max-width: 768px) 100vw, 768px\" \/><figcaption>Deel van de 12e eeuwse Moorse muur rond Tavira.<br>\"We leven tussen ru\u00efnes\", 2021<\/figcaption><\/figure>\n\n\n\n<p>Vanuit de ru\u00efnes van Rome, bouwden de Suevi en de Visigoten sterke, levendige koninkrijken. Schaarse schriftelijke overblijfselen. Zij stichtten echter de enige nieuwe steden in Europa na de val van Rome, totdat Karel de Grote zijn intrede deed. Ze hebben ook een rijke erfenis aan juwelen, kunst en kunstvoorwerpen nagelaten. Het belangrijkste is dat de Visigoten hun wetboek hebben nagelaten; dit is na de ineenstorting van hun koninkrijk nog eeuwenlang in gebruik gebleven.<\/p>\n\n\n\n<p>De Suevi en de Visigoten waren zowel christelijk als heidens. De leidende families behielden hun inheemse heidense geloof. Het gewone volk hield zich bezig met het christendom. Het christendom was ariaans; de latere inquisitie zou noch dit christendom noch het heidendom hebben goedgekeurd.<\/p>\n\n\n\n<p>Een half millennium later zou de ontluikende Portugese natie zich vastklampen aan deze gedeeltelijke herinneringen. Rome en het christendom zouden de erfenis van Portugal worden. Buitenlandse indringers hadden deze erfenis gestolen. De Portugezen moesten, zouden, het terugwinnen. Ze moesten het christelijke Rome, dat niet bestond, heroveren en herbouwen. In werkelijkheid zouden ze een herinnering cre\u00ebren, een verhaal, gebaseerd op het verleden maar met weinig werkelijk verband met het verleden.<\/p>\n\n\n\n<h2 class=\"wp-block-heading\">Kalifaat van Al'Andulus<\/h2>\n\n\n\n<div class=\"wp-block-image\"><figure class=\"alignleft size-large is-resized\"><img data-recalc-dims=\"1\" loading=\"lazy\" decoding=\"async\" src=\"https:\/\/i0.wp.com\/portugalizar.com\/wp-content\/uploads\/2022\/05\/O-Castelo-Tavira.png?resize=446%2C793&#038;ssl=1\" alt=\"\" class=\"wp-image-979\" width=\"446\" height=\"793\" srcset=\"https:\/\/i0.wp.com\/portugalizar.com\/wp-content\/uploads\/2022\/05\/O-Castelo-Tavira.png?resize=576%2C1024&amp;ssl=1 576w, https:\/\/i0.wp.com\/portugalizar.com\/wp-content\/uploads\/2022\/05\/O-Castelo-Tavira.png?resize=169%2C300&amp;ssl=1 169w, https:\/\/i0.wp.com\/portugalizar.com\/wp-content\/uploads\/2022\/05\/O-Castelo-Tavira.png?resize=768%2C1366&amp;ssl=1 768w, https:\/\/i0.wp.com\/portugalizar.com\/wp-content\/uploads\/2022\/05\/O-Castelo-Tavira.png?resize=864%2C1536&amp;ssl=1 864w, https:\/\/i0.wp.com\/portugalizar.com\/wp-content\/uploads\/2022\/05\/O-Castelo-Tavira.png?resize=1152%2C2048&amp;ssl=1 1152w, https:\/\/i0.wp.com\/portugalizar.com\/wp-content\/uploads\/2022\/05\/O-Castelo-Tavira.png?resize=7%2C12&amp;ssl=1 7w, https:\/\/i0.wp.com\/portugalizar.com\/wp-content\/uploads\/2022\/05\/O-Castelo-Tavira.png?w=1900&amp;ssl=1 1900w\" sizes=\"(max-width: 446px) 100vw, 446px\" \/><figcaption>Gebouwd in de 9e eeuw in het hart van het hedendaagse Tavira.<br>\"The Moors' Castle\", 2021<\/figcaption><\/figure><\/div>\n\n\n\n<p>De buitenlandse indringers en de erfenis-rovers waren de Moren. De Moren kwamen uit het Midden-Oosten; zij waren aanhangers van de Islam. In 711 staken zij vanuit Noord-Afrika over naar het huidige Spanje. Het reeds verzwakte Visigotische koninkrijk, dat een groot deel van het huidige Spanje en Portugal besloeg, werd het nieuwe Kalifaat van Al'Andulus.<\/p>\n\n\n\n<p>Al'Andulus is ontegenzeggelijk het absolute hoogtepunt van de Europese cultuur van de 8e tot de 12e eeuw. Wiskunde, geneeskunde, astronomie, literatuur, muziek, po\u00ebzie, landbouw, decoratieve kunsten, architectuur, enz. bloeiden met sprongen op. Europese historici, die zich concentreren op het noordelijke christelijke Europa, omschrijven deze periode als de Donkere Middeleeuwen. Het licht scheen schitterend in en vanuit Al'Andulus.<\/p>\n\n\n\n<p>Ook de regering in Al'Andulus was vooruitstrevend en oecumenisch. De Moren kwamen om zich onder de plaatselijke bevolking te vestigen, net als de Visigoten, Romeinen, Kelten en al die anderen v\u00f3\u00f3r hen. Zij zouden rijkdom toevoegen aan de grond, niet die vervangen.<\/p>\n\n\n\n<p>Christenen, Joden en heidenen waren vrij om hun cultuur te behouden. De Moren assimileerden het beste van elk. Getalenteerde en bekwame niet-Moren namen het leiderschap binnen het Kalifaat op zich.<\/p>\n\n\n\n<p>Er was geen gewelddadige, gedwongen assimilatie.  Toch was het zeker niet gemakkelijk om een niet-Moor te zijn. Nieuwe kerken, synagogen of tempels mochten niet worden gebouwd. Tweederangs burgerschap was normatief. Kansen, banen, toegang tot kapitaal en onderwijs werden ernstig beperkt. Na verloop van tijd kromp de niet-Moorse bevolking drastisch. Het was gewoon makkelijker om een Moor te zijn dan niet.<\/p>\n\n\n\n<h2 class=\"wp-block-heading\">Common Ground<\/h2>\n\n\n\n<p>De Moren waren niet teruggetrokken en de rest van Europa was niet dom. Medische, wetenschappelijke en wiskundige kennis stroomde vrijelijk over grenzen en tussen culturen. De handel was omvangrijk. Moorse kennis stroomde naar niet-Iberische universiteiten zoals Bologna, Parijs, Oxford en Vicenza. Van daaruit vond het zijn weg naar de rest van Europa. Deze uitwisseling bevorderde een vertraagde, zij het snelle bloei van laat-middeleeuwse en renaissance kunst en wetenschap.<\/p>\n\n\n\n<p>Er was inderdaad een plaats waar en een tijd waarin deze totaal verschillende wereldvisies een gemeenschappelijke basis vonden. Hier wisselden zij idee\u00ebn uit, kunst, muziek, po\u00ebzie, stellingen en formules, en nog veel meer. De verschillen onder en tussen hen waren belangrijk, maar dat gold ook voor de gemeenschappelijke grond die zij vonden. De dorst naar kennis en de honger naar schoonheid - de gemeenschappelijke basis - waren belangrijker dan de verschillen.<\/p>\n\n\n\n<h2 class=\"wp-block-heading\">Geheugen en geheugenverlies<\/h2>\n\n\n\n<div class=\"wp-block-image\"><figure class=\"alignright size-large is-resized\"><img data-recalc-dims=\"1\" loading=\"lazy\" decoding=\"async\" src=\"https:\/\/i0.wp.com\/portugalizar.com\/wp-content\/uploads\/2022\/05\/Old-Gate.jpg?resize=384%2C1076&#038;ssl=1\" alt=\"\" class=\"wp-image-980\" width=\"384\" height=\"1076\" srcset=\"https:\/\/i0.wp.com\/portugalizar.com\/wp-content\/uploads\/2022\/05\/Old-Gate-scaled.jpg?resize=365%2C1024&amp;ssl=1 365w, https:\/\/i0.wp.com\/portugalizar.com\/wp-content\/uploads\/2022\/05\/Old-Gate-scaled.jpg?resize=107%2C300&amp;ssl=1 107w, https:\/\/i0.wp.com\/portugalizar.com\/wp-content\/uploads\/2022\/05\/Old-Gate-scaled.jpg?resize=4%2C12&amp;ssl=1 4w, https:\/\/i0.wp.com\/portugalizar.com\/wp-content\/uploads\/2022\/05\/Old-Gate-scaled.jpg?zoom=2&amp;resize=384%2C1076&amp;ssl=1 768w\" sizes=\"(max-width: 384px) 100vw, 384px\" \/><figcaption>\"De Oude Stadspoort\", 2022<\/figcaption><\/figure><\/div>\n\n\n\n<p>Uiteindelijk splitste het Suevi koninkrijk van Gallaecia zich in twee\u00ebn. Het zuidelijke deel werd het graafschap Portugal en uiteindelijk een koninkrijk. De Portugese graven veranderden zichzelf in koningen, natuurlijk. De noordelijke en oostelijke delen van Gallaeci\u00eb veranderden in het koninkrijk Asturi\u00eb, de kiem van het toekomstige Spanje.<\/p>\n\n\n\n<p>Vooral in Asturi\u00eb groeit een mythe, gebaseerd op een gedeeltelijk en gefragmenteerd geheugen. Zij komt ook tot bloei in het opkomende Portugal. De stukken van deze herinnering zijn van het oude Rome en van het christelijk geloof, die nu samengaan. De mythe vereist amnesie.<\/p>\n\n\n\n<p>De herinnering dat de Romeinen als migranten kwamen - zij het met een leger - en zich tussen de Lusitani, Turdetani en Kelten vestigden, drijft uit het bewustzijn. De realiteit dat het Ariaanse christendom samenleefde met heidense godsdiensten, zowel inheems als Romeins, en met het jodendom raakt ondergesneeuwd. De herinnering aan boeken vol Arabische en islamitische medische kennis en wiskundige vernieuwing moet worden herschapen.<\/p>\n\n\n\n<p>Ook de taal zelf waarin deze nieuwe mythe zich communiceert zal er een van geheugenverlies zijn. Portugees en Galicisch zijn, zoals alle talen, assimilaties van elk van de volkeren die kwamen en bleven. Zij zijn gevormd uit kolonisten uit de prehistorie zoals de Turdetani en ook Kelten, Romeinen en Visigoten. Ze zijn sterk be\u00efnvloed door buren zoals de Moren. Elk Portugees woord dat begint met \"al\" zoals de Algarve en&nbsp;<em>alfarrobeira<\/em>&nbsp;zijn van de Moren. Er zijn veel van zulke taalkundige geschenken van de Moren.<\/p>\n\n\n<p class=\"fonts-plugin-block\" style=\"font-size: 28px\"><strong>Herovering of verovering?<\/strong><\/p>\n\n\n<p>Maar om te groeien en uit te breiden - dat wil zeggen, om zijn nieuwe koningen grotere fortuinen te laten vergaren - heeft Portugal een nieuw verhaal, een nationale mythe nodig. Het verhaal zal worden opgebouwd op selectief geheugen en collectief geheugenverlies. Het zal de Romeinse erfenis verheerlijken en veronderstellen dat die al bestond. De mythe zal religieuze co\u00ebxistentie vergeten en ketterse indiscretie vergeven. Zij zal zich alleen de christelijke zuiverheid herinneren.<\/p>\n\n\n\n<p>Portugal en de verschillende koninkrijken die ooit Spanje zullen worden, zullen zich heroveren. Zij zullen Al'Andulus heroveren en bevrijden met de herinnering, de mythe, van het christelijke Rome. De herinnering aan een islamitische verovering vervangt een islamitische migratie die een oudere, haperende migratie nieuw leven inblies. Zij zullen een herovering uitvinden die eigenlijk een verovering is. Hun verovering zal eerder een verdrijving zijn dan een assimilatie.<\/p>\n\n\n\n<p>Deze nieuwe mythische identiteit, gegrondvest op het Romeinse christendom, zal uitgroeien tot hegemonie. Dan, als de heerschappij is bereikt, is er weinig ruimte voor de ander; verschillen worden weggedrukt en uiteindelijk weggedrukt. De poorten gaan dan dicht. Brutaal, aan het eind van de 15e eeuw, worden de joodse en moslimbevolking van het land voor eens en voor altijd verdreven. Zelfs degenen die zich bekeerden om te kunnen blijven, worden op een zijspoor gezet als nieuwe christenen, d.w.z. tussenvormen die noch dit, noch dat zijn. In 1506 vindt een massaslachting van de nieuw-christenen van Lissabon plaats.<\/p>\n\n\n\n<h2 class=\"wp-block-heading\">Leren van fouten<\/h2>\n\n\n\n<p>Ik denk graag dat de Portugezen in het reine zijn gekomen met deze geschiedenis van verzonnen herinneringen en collectief geheugenverlies. De mythe heeft een lange, destructieve dictatuur mogelijk gemaakt en mogelijk gemaakt, die gebaseerd was op een vals nationaal verhaal. Daarvoor moedigde ze het roofzuchtige kolonialisme aan. En het rechtvaardigde een van de wreedste, meest gewelddadige slavernijsystemen die de wereld ooit gekend heeft. Ik hoop echt dat de Portugezen ervan geleerd hebben. De vriendelijke, gulle en gastvrije mensen die ik heb ontmoet, doen me denken van wel. <\/p>\n\n\n\n<p>Ik ben een aandachtige waarnemer; ik zie hoopvolle tekenen. Zwarte Afrikanen worden hier met respect behandeld, en migranten van alle achtergronden zijn welkom. De Portugezen zijn in staat om voorbij de verschillen te kijken en de overeenkomsten te zien. Maar ik weet ook dat de Roma alom worden verguisd. En ik vind de snelle opkomst van de extreem-rechtse Chega-partij verontrustend. Haar platform is een lijst van verdeeldheid. Het is anti-LGBTQ, anti-migrant, anti-Roma, anti-Europa, enz. Het platform staat voor niets omdat het tegen bijna alles is.<\/p>\n\n\n\n<p>Zorgwekkender voor mij dan de opkomst van Chega is het causale gebrek aan serieuze bezorgdheid van mijn Portugese vrienden over zijn opkomst. Dat zelf kan een handig geheugenverlies zijn. Hoe heeft de dictatuur van Salazar kunnen gebeuren? Hoe zit het met de kolonisatie? En slavernij? We verdreven Joden en Moren in 1497, waarom? In 1506 slachtten we duizenden af vanwege een verzonnen verhaal over het christelijke Rome? Misschien is dit te hard. Maar ik geloof te stellig dat wij mensen tribaal en een beetje te lui zijn.<\/p>\n\n\n\n<h2 class=\"wp-block-heading\">De Stenen Muur<\/h2>\n\n\n\n<p>Ik zei in een <strong><a href=\"https:\/\/portugalizar.com\/nl\/whispers-secrets-lies-and-murmurings\/\" target=\"_blank\" rel=\"noreferrer noopener\">vorige post<\/a><\/strong> hoe moeilijk ik het vind om tolerantie en persoonlijke overtuiging in evenwicht te houden met de nodige spanning en terughoudendheid. Ik ga zelden te ver aan de kant van de verdraagzaamheid; mijn persoonlijke overtuigingen maken me heetgebakerd. Het juiste evenwicht en de juiste terughoudendheid vergen een voortdurende inspanning. Ik kan lui zijn en het vereiste werk uit de weg gaan. Het merendeel van de menselijke dieren is zoals ik, dat wil zeggen, vastgeroest in zowel hun stam als hun luiheid.<\/p>\n\n\n\n<p>Voel ik weer een metafoor opkomen?<\/p>\n\n\n\n<p>Tavira is oud, oeroud. Veel van zijn gebouwen zijn eeuwen oud. Ze zijn allemaal op dezelfde manier gebouwd. Waar en wanneer het stucwerk wegvalt, dan komt de structuur tevoorschijn. Je ziet onregelmatige, vreemd gevormde stenen naast elkaar gelegd, de een na de ander. De dichte rode Portugese grond - vol kalk en klei - wordt er bovenop gestapeld. Dan legt de metselaar weer een laag stenen, elk anders, elk uniek. De muur rijst hoger en hoger op.<\/p>\n\n\n\n<figure class=\"wp-block-image alignwide size-large\"><img data-recalc-dims=\"1\" loading=\"lazy\" decoding=\"async\" width=\"950\" height=\"396\" src=\"https:\/\/i0.wp.com\/portugalizar.com\/wp-content\/uploads\/2022\/05\/together-we-endure-1024x427.png?resize=950%2C396&#038;ssl=1\" alt=\"\" class=\"wp-image-971\" srcset=\"https:\/\/i0.wp.com\/portugalizar.com\/wp-content\/uploads\/2022\/05\/together-we-endure.png?resize=1024%2C427&amp;ssl=1 1024w, https:\/\/i0.wp.com\/portugalizar.com\/wp-content\/uploads\/2022\/05\/together-we-endure.png?resize=300%2C125&amp;ssl=1 300w, https:\/\/i0.wp.com\/portugalizar.com\/wp-content\/uploads\/2022\/05\/together-we-endure.png?resize=768%2C320&amp;ssl=1 768w, https:\/\/i0.wp.com\/portugalizar.com\/wp-content\/uploads\/2022\/05\/together-we-endure.png?resize=1536%2C641&amp;ssl=1 1536w, https:\/\/i0.wp.com\/portugalizar.com\/wp-content\/uploads\/2022\/05\/together-we-endure.png?resize=2048%2C854&amp;ssl=1 2048w, https:\/\/i0.wp.com\/portugalizar.com\/wp-content\/uploads\/2022\/05\/together-we-endure.png?resize=18%2C8&amp;ssl=1 18w, https:\/\/i0.wp.com\/portugalizar.com\/wp-content\/uploads\/2022\/05\/together-we-endure.png?resize=2000%2C834&amp;ssl=1 2000w, https:\/\/i0.wp.com\/portugalizar.com\/wp-content\/uploads\/2022\/05\/together-we-endure.png?w=1900&amp;ssl=1 1900w, https:\/\/i0.wp.com\/portugalizar.com\/wp-content\/uploads\/2022\/05\/together-we-endure.png?w=2850&amp;ssl=1 2850w\" sizes=\"(max-width: 950px) 100vw, 950px\" \/><figcaption>\"samen houden we stand\", 2021<\/figcaption><\/figure>\n\n\n\n<p>Elke steen, verschillend van elke andere, past in de verschillen van de stenen ernaast en erboven en eronder. Wat de muur zijn kracht geeft, zijn vermogen om eeuwenlang stand te houden, is de spanning die ontstaat door de verschillen tussen de stenen. De ene leunt in of op de andere en oefent druk uit; hij biedt weerstand, maar kleeft ook.<\/p>\n\n\n\n<p>Dus, ja, de verschillen tussen de stenen zijn de sterkte van de muur, een deel ervan althans. De aarde - de Portugese grond - is dat ook. Het vult ruimtes op waar de verschillen te groot zouden kunnen zijn. De aarde schoort de stenen tegen elkaar. Dat wil zeggen, de aarde klemt de stenen samen, in plaats van ze te scheiden zoals mortel zou doen.<\/p>\n\n\n\n<h2 class=\"wp-block-heading\">Samen doorstaan we<\/h2>\n\n\n\n<p>Denk hier ook eens aan. De stenen zijn allemaal uit de aarde getrokken, afzonderlijk. De aarde is hun begin, de gemeenschappelijkheid of gemeenschap die ze delen. In de muur zijn de stenen herenigd, nog steeds apart, allemaal uniek en allemaal verschillend. Ze worden bijeengehouden door hun verschillen en de spanningen die deze verschillen oproepen. Maar de aarde, hun gemeenschappelijke grond, bindt hen ook.<\/p>\n\n\n\n<p>Een muur kan niet blijven staan en kan zeker geen eeuwen standhouden zonder zowel de verschillen tussen de afzonderlijke stenen als de rode aarde ertussen. Wij zijn niet anders. Onze verschillen en onze gedeelde gemeenschappelijkheid is wat ons sterk maakt, en wat ons in staat zal stellen te blijven bestaan. Ik denk dat het handhaven van de spanning hiertussen - tussen tolerantie en persoonlijke overtuiging - de uitdaging van onze tijd is.<\/p>\n\n\n\n<p><em>T\u00eam um bom fim-de-semana! At\u00e9 quinta!<\/em> \/\/ Heb een goed weekend! Tot volgende week donderdag!<\/p>","protected":false},"excerpt":{"rendered":"<p>Onze persoonlijke en collectieve verhalen zijn belangrijk. Ze geven vorm en betekenis aan ons leven. Deze verhalen gaan echter altijd evenveel vergetelheid als herinnering met zich mee. Lees meer...<\/p>","protected":false},"author":1,"featured_media":1290,"comment_status":"open","ping_status":"open","sticky":false,"template":"","format":"standard","meta":{"nf_dc_page":"","om_disable_all_campaigns":false,"_monsterinsights_skip_tracking":false,"_monsterinsights_sitenote_active":false,"_monsterinsights_sitenote_note":"","_monsterinsights_sitenote_category":0,"_themeisle_gutenberg_block_has_review":false,"_jetpack_memberships_contains_paid_content":false,"footnotes":""},"categories":[9],"tags":[],"class_list":["post-1032","post","type-post","status-publish","format-standard","has-post-thumbnail","hentry","category-history"],"yoast_head":"<!-- This site is optimized with the Yoast SEO plugin v27.4 - https:\/\/yoast.com\/product\/yoast-seo-wordpress\/ -->\n<title>Great Memory but Better Amnesia: Islam and Christianity in Portugal - PORTUGALIZAR<\/title>\n<meta name=\"robots\" content=\"index, follow, max-snippet:-1, max-image-preview:large, max-video-preview:-1\" \/>\n<link rel=\"canonical\" href=\"https:\/\/portugalizar.com\/nl\/great-memory-but-better-amnesia-islam-and-christianity-in-portugal\/\" \/>\n<meta property=\"og:locale\" content=\"nl_NL\" \/>\n<meta property=\"og:type\" content=\"article\" \/>\n<meta property=\"og:title\" content=\"Great Memory but Better Amnesia: Islam and Christianity in Portugal - PORTUGALIZAR\" \/>\n<meta property=\"og:description\" content=\"Our personal and collective stories are important. They give shape and meaning to our lives. These stories, however, always involve as much forgetting as they do remembering. Read more\u2026\" \/>\n<meta property=\"og:url\" content=\"https:\/\/portugalizar.com\/nl\/great-memory-but-better-amnesia-islam-and-christianity-in-portugal\/\" \/>\n<meta property=\"og:site_name\" content=\"PORTUGALIZAR\" \/>\n<meta property=\"article:published_time\" content=\"2022-05-12T04:00:00+00:00\" \/>\n<meta property=\"article:modified_time\" content=\"2022-05-12T21:26:05+00:00\" \/>\n<meta property=\"og:image\" content=\"https:\/\/portugalizar.com\/wp-content\/uploads\/2022\/05\/8BCF5347-2ED3-4090-9B3F-7D5D3C4FE9D2-1024x350.jpeg\" \/>\n\t<meta property=\"og:image:width\" content=\"1024\" \/>\n\t<meta property=\"og:image:height\" content=\"350\" \/>\n\t<meta property=\"og:image:type\" content=\"image\/jpeg\" \/>\n<meta name=\"author\" content=\"Gui\" \/>\n<meta name=\"twitter:card\" content=\"summary_large_image\" \/>\n<meta name=\"twitter:label1\" content=\"Geschreven door\" \/>\n\t<meta name=\"twitter:data1\" content=\"Gui\" \/>\n\t<meta name=\"twitter:label2\" content=\"Geschatte leestijd\" \/>\n\t<meta name=\"twitter:data2\" content=\"14 minuten\" \/>\n<script type=\"application\/ld+json\" class=\"yoast-schema-graph\">{\"@context\":\"https:\\\/\\\/schema.org\",\"@graph\":[{\"@type\":\"Article\",\"@id\":\"https:\\\/\\\/portugalizar.com\\\/great-memory-but-better-amnesia-islam-and-christianity-in-portugal\\\/#article\",\"isPartOf\":{\"@id\":\"https:\\\/\\\/portugalizar.com\\\/great-memory-but-better-amnesia-islam-and-christianity-in-portugal\\\/\"},\"author\":{\"name\":\"Gui\",\"@id\":\"https:\\\/\\\/portugalizar.com\\\/#\\\/schema\\\/person\\\/1f60af48f39895b897e26d9d92ecf6db\"},\"headline\":\"Great Memory but Better Amnesia: Islam and Christianity in Portugal\",\"datePublished\":\"2022-05-12T04:00:00+00:00\",\"dateModified\":\"2022-05-12T21:26:05+00:00\",\"mainEntityOfPage\":{\"@id\":\"https:\\\/\\\/portugalizar.com\\\/great-memory-but-better-amnesia-islam-and-christianity-in-portugal\\\/\"},\"wordCount\":2771,\"commentCount\":8,\"publisher\":{\"@id\":\"https:\\\/\\\/portugalizar.com\\\/#organization\"},\"image\":{\"@id\":\"https:\\\/\\\/portugalizar.com\\\/great-memory-but-better-amnesia-islam-and-christianity-in-portugal\\\/#primaryimage\"},\"thumbnailUrl\":\"https:\\\/\\\/i0.wp.com\\\/portugalizar.com\\\/wp-content\\\/uploads\\\/2022\\\/05\\\/8BCF5347-2ED3-4090-9B3F-7D5D3C4FE9D2.jpeg?fit=2388%2C816&ssl=1\",\"articleSection\":[\"History\"],\"inLanguage\":\"nl-NL\",\"potentialAction\":[{\"@type\":\"CommentAction\",\"name\":\"Comment\",\"target\":[\"https:\\\/\\\/portugalizar.com\\\/great-memory-but-better-amnesia-islam-and-christianity-in-portugal\\\/#respond\"]}]},{\"@type\":\"WebPage\",\"@id\":\"https:\\\/\\\/portugalizar.com\\\/great-memory-but-better-amnesia-islam-and-christianity-in-portugal\\\/\",\"url\":\"https:\\\/\\\/portugalizar.com\\\/great-memory-but-better-amnesia-islam-and-christianity-in-portugal\\\/\",\"name\":\"Great Memory but Better Amnesia: Islam and Christianity in Portugal - PORTUGALIZAR\",\"isPartOf\":{\"@id\":\"https:\\\/\\\/portugalizar.com\\\/#website\"},\"primaryImageOfPage\":{\"@id\":\"https:\\\/\\\/portugalizar.com\\\/great-memory-but-better-amnesia-islam-and-christianity-in-portugal\\\/#primaryimage\"},\"image\":{\"@id\":\"https:\\\/\\\/portugalizar.com\\\/great-memory-but-better-amnesia-islam-and-christianity-in-portugal\\\/#primaryimage\"},\"thumbnailUrl\":\"https:\\\/\\\/i0.wp.com\\\/portugalizar.com\\\/wp-content\\\/uploads\\\/2022\\\/05\\\/8BCF5347-2ED3-4090-9B3F-7D5D3C4FE9D2.jpeg?fit=2388%2C816&ssl=1\",\"datePublished\":\"2022-05-12T04:00:00+00:00\",\"dateModified\":\"2022-05-12T21:26:05+00:00\",\"breadcrumb\":{\"@id\":\"https:\\\/\\\/portugalizar.com\\\/great-memory-but-better-amnesia-islam-and-christianity-in-portugal\\\/#breadcrumb\"},\"inLanguage\":\"nl-NL\",\"potentialAction\":[{\"@type\":\"ReadAction\",\"target\":[\"https:\\\/\\\/portugalizar.com\\\/great-memory-but-better-amnesia-islam-and-christianity-in-portugal\\\/\"]}]},{\"@type\":\"ImageObject\",\"inLanguage\":\"nl-NL\",\"@id\":\"https:\\\/\\\/portugalizar.com\\\/great-memory-but-better-amnesia-islam-and-christianity-in-portugal\\\/#primaryimage\",\"url\":\"https:\\\/\\\/i0.wp.com\\\/portugalizar.com\\\/wp-content\\\/uploads\\\/2022\\\/05\\\/8BCF5347-2ED3-4090-9B3F-7D5D3C4FE9D2.jpeg?fit=2388%2C816&ssl=1\",\"contentUrl\":\"https:\\\/\\\/i0.wp.com\\\/portugalizar.com\\\/wp-content\\\/uploads\\\/2022\\\/05\\\/8BCF5347-2ED3-4090-9B3F-7D5D3C4FE9D2.jpeg?fit=2388%2C816&ssl=1\",\"width\":2388,\"height\":816},{\"@type\":\"BreadcrumbList\",\"@id\":\"https:\\\/\\\/portugalizar.com\\\/great-memory-but-better-amnesia-islam-and-christianity-in-portugal\\\/#breadcrumb\",\"itemListElement\":[{\"@type\":\"ListItem\",\"position\":1,\"name\":\"Home\",\"item\":\"https:\\\/\\\/portugalizar.com\\\/\"},{\"@type\":\"ListItem\",\"position\":2,\"name\":\"Great Memory but Better Amnesia: Islam and Christianity in Portugal\"}]},{\"@type\":\"WebSite\",\"@id\":\"https:\\\/\\\/portugalizar.com\\\/#website\",\"url\":\"https:\\\/\\\/portugalizar.com\\\/\",\"name\":\"PORTUGALIZAR\",\"description\":\"\",\"publisher\":{\"@id\":\"https:\\\/\\\/portugalizar.com\\\/#organization\"},\"potentialAction\":[{\"@type\":\"SearchAction\",\"target\":{\"@type\":\"EntryPoint\",\"urlTemplate\":\"https:\\\/\\\/portugalizar.com\\\/?s={search_term_string}\"},\"query-input\":{\"@type\":\"PropertyValueSpecification\",\"valueRequired\":true,\"valueName\":\"search_term_string\"}}],\"inLanguage\":\"nl-NL\"},{\"@type\":\"Organization\",\"@id\":\"https:\\\/\\\/portugalizar.com\\\/#organization\",\"name\":\"PORTUGALIZAR\",\"url\":\"https:\\\/\\\/portugalizar.com\\\/\",\"logo\":{\"@type\":\"ImageObject\",\"inLanguage\":\"nl-NL\",\"@id\":\"https:\\\/\\\/portugalizar.com\\\/#\\\/schema\\\/logo\\\/image\\\/\",\"url\":\"\",\"contentUrl\":\"\",\"caption\":\"PORTUGALIZAR\"},\"image\":{\"@id\":\"https:\\\/\\\/portugalizar.com\\\/#\\\/schema\\\/logo\\\/image\\\/\"}},{\"@type\":\"Person\",\"@id\":\"https:\\\/\\\/portugalizar.com\\\/#\\\/schema\\\/person\\\/1f60af48f39895b897e26d9d92ecf6db\",\"name\":\"Gui\",\"image\":{\"@type\":\"ImageObject\",\"inLanguage\":\"nl-NL\",\"@id\":\"https:\\\/\\\/secure.gravatar.com\\\/avatar\\\/0bef00a699e73fc60016c16a6f44683b2a027bb1b48a4b3973732af4cc636712?s=96&d=mm&r=g\",\"url\":\"https:\\\/\\\/secure.gravatar.com\\\/avatar\\\/0bef00a699e73fc60016c16a6f44683b2a027bb1b48a4b3973732af4cc636712?s=96&d=mm&r=g\",\"contentUrl\":\"https:\\\/\\\/secure.gravatar.com\\\/avatar\\\/0bef00a699e73fc60016c16a6f44683b2a027bb1b48a4b3973732af4cc636712?s=96&d=mm&r=g\",\"caption\":\"Gui\"},\"url\":\"https:\\\/\\\/portugalizar.com\\\/nl\\\/author\\\/spestheonlyone\\\/\"}]}<\/script>\n<!-- \/ Yoast SEO plugin. -->","yoast_head_json":{"title":"Great Memory but Better Amnesia: Islam and Christianity in Portugal - PORTUGALIZAR","robots":{"index":"index","follow":"follow","max-snippet":"max-snippet:-1","max-image-preview":"max-image-preview:large","max-video-preview":"max-video-preview:-1"},"canonical":"https:\/\/portugalizar.com\/nl\/great-memory-but-better-amnesia-islam-and-christianity-in-portugal\/","og_locale":"nl_NL","og_type":"article","og_title":"Great Memory but Better Amnesia: Islam and Christianity in Portugal - PORTUGALIZAR","og_description":"Our personal and collective stories are important. They give shape and meaning to our lives. These stories, however, always involve as much forgetting as they do remembering. Read more\u2026","og_url":"https:\/\/portugalizar.com\/nl\/great-memory-but-better-amnesia-islam-and-christianity-in-portugal\/","og_site_name":"PORTUGALIZAR","article_published_time":"2022-05-12T04:00:00+00:00","article_modified_time":"2022-05-12T21:26:05+00:00","og_image":[{"width":1024,"height":350,"url":"https:\/\/portugalizar.com\/wp-content\/uploads\/2022\/05\/8BCF5347-2ED3-4090-9B3F-7D5D3C4FE9D2-1024x350.jpeg","type":"image\/jpeg"}],"author":"Gui","twitter_card":"summary_large_image","twitter_misc":{"Geschreven door":"Gui","Geschatte leestijd":"14 minuten"},"schema":{"@context":"https:\/\/schema.org","@graph":[{"@type":"Article","@id":"https:\/\/portugalizar.com\/great-memory-but-better-amnesia-islam-and-christianity-in-portugal\/#article","isPartOf":{"@id":"https:\/\/portugalizar.com\/great-memory-but-better-amnesia-islam-and-christianity-in-portugal\/"},"author":{"name":"Gui","@id":"https:\/\/portugalizar.com\/#\/schema\/person\/1f60af48f39895b897e26d9d92ecf6db"},"headline":"Great Memory but Better Amnesia: Islam and Christianity in Portugal","datePublished":"2022-05-12T04:00:00+00:00","dateModified":"2022-05-12T21:26:05+00:00","mainEntityOfPage":{"@id":"https:\/\/portugalizar.com\/great-memory-but-better-amnesia-islam-and-christianity-in-portugal\/"},"wordCount":2771,"commentCount":8,"publisher":{"@id":"https:\/\/portugalizar.com\/#organization"},"image":{"@id":"https:\/\/portugalizar.com\/great-memory-but-better-amnesia-islam-and-christianity-in-portugal\/#primaryimage"},"thumbnailUrl":"https:\/\/i0.wp.com\/portugalizar.com\/wp-content\/uploads\/2022\/05\/8BCF5347-2ED3-4090-9B3F-7D5D3C4FE9D2.jpeg?fit=2388%2C816&ssl=1","articleSection":["History"],"inLanguage":"nl-NL","potentialAction":[{"@type":"CommentAction","name":"Comment","target":["https:\/\/portugalizar.com\/great-memory-but-better-amnesia-islam-and-christianity-in-portugal\/#respond"]}]},{"@type":"WebPage","@id":"https:\/\/portugalizar.com\/great-memory-but-better-amnesia-islam-and-christianity-in-portugal\/","url":"https:\/\/portugalizar.com\/great-memory-but-better-amnesia-islam-and-christianity-in-portugal\/","name":"Great Memory but Better Amnesia: Islam and Christianity in Portugal - PORTUGALIZAR","isPartOf":{"@id":"https:\/\/portugalizar.com\/#website"},"primaryImageOfPage":{"@id":"https:\/\/portugalizar.com\/great-memory-but-better-amnesia-islam-and-christianity-in-portugal\/#primaryimage"},"image":{"@id":"https:\/\/portugalizar.com\/great-memory-but-better-amnesia-islam-and-christianity-in-portugal\/#primaryimage"},"thumbnailUrl":"https:\/\/i0.wp.com\/portugalizar.com\/wp-content\/uploads\/2022\/05\/8BCF5347-2ED3-4090-9B3F-7D5D3C4FE9D2.jpeg?fit=2388%2C816&ssl=1","datePublished":"2022-05-12T04:00:00+00:00","dateModified":"2022-05-12T21:26:05+00:00","breadcrumb":{"@id":"https:\/\/portugalizar.com\/great-memory-but-better-amnesia-islam-and-christianity-in-portugal\/#breadcrumb"},"inLanguage":"nl-NL","potentialAction":[{"@type":"ReadAction","target":["https:\/\/portugalizar.com\/great-memory-but-better-amnesia-islam-and-christianity-in-portugal\/"]}]},{"@type":"ImageObject","inLanguage":"nl-NL","@id":"https:\/\/portugalizar.com\/great-memory-but-better-amnesia-islam-and-christianity-in-portugal\/#primaryimage","url":"https:\/\/i0.wp.com\/portugalizar.com\/wp-content\/uploads\/2022\/05\/8BCF5347-2ED3-4090-9B3F-7D5D3C4FE9D2.jpeg?fit=2388%2C816&ssl=1","contentUrl":"https:\/\/i0.wp.com\/portugalizar.com\/wp-content\/uploads\/2022\/05\/8BCF5347-2ED3-4090-9B3F-7D5D3C4FE9D2.jpeg?fit=2388%2C816&ssl=1","width":2388,"height":816},{"@type":"BreadcrumbList","@id":"https:\/\/portugalizar.com\/great-memory-but-better-amnesia-islam-and-christianity-in-portugal\/#breadcrumb","itemListElement":[{"@type":"ListItem","position":1,"name":"Home","item":"https:\/\/portugalizar.com\/"},{"@type":"ListItem","position":2,"name":"Great Memory but Better Amnesia: Islam and Christianity in Portugal"}]},{"@type":"WebSite","@id":"https:\/\/portugalizar.com\/#website","url":"https:\/\/portugalizar.com\/","name":"PORTUGALIZAR","description":"","publisher":{"@id":"https:\/\/portugalizar.com\/#organization"},"potentialAction":[{"@type":"SearchAction","target":{"@type":"EntryPoint","urlTemplate":"https:\/\/portugalizar.com\/?s={search_term_string}"},"query-input":{"@type":"PropertyValueSpecification","valueRequired":true,"valueName":"search_term_string"}}],"inLanguage":"nl-NL"},{"@type":"Organization","@id":"https:\/\/portugalizar.com\/#organization","name":"PORTUGALIZAR","url":"https:\/\/portugalizar.com\/","logo":{"@type":"ImageObject","inLanguage":"nl-NL","@id":"https:\/\/portugalizar.com\/#\/schema\/logo\/image\/","url":"","contentUrl":"","caption":"PORTUGALIZAR"},"image":{"@id":"https:\/\/portugalizar.com\/#\/schema\/logo\/image\/"}},{"@type":"Person","@id":"https:\/\/portugalizar.com\/#\/schema\/person\/1f60af48f39895b897e26d9d92ecf6db","name":"Gui","image":{"@type":"ImageObject","inLanguage":"nl-NL","@id":"https:\/\/secure.gravatar.com\/avatar\/0bef00a699e73fc60016c16a6f44683b2a027bb1b48a4b3973732af4cc636712?s=96&d=mm&r=g","url":"https:\/\/secure.gravatar.com\/avatar\/0bef00a699e73fc60016c16a6f44683b2a027bb1b48a4b3973732af4cc636712?s=96&d=mm&r=g","contentUrl":"https:\/\/secure.gravatar.com\/avatar\/0bef00a699e73fc60016c16a6f44683b2a027bb1b48a4b3973732af4cc636712?s=96&d=mm&r=g","caption":"Gui"},"url":"https:\/\/portugalizar.com\/nl\/author\/spestheonlyone\/"}]}},"jetpack_featured_media_url":"https:\/\/i0.wp.com\/portugalizar.com\/wp-content\/uploads\/2022\/05\/8BCF5347-2ED3-4090-9B3F-7D5D3C4FE9D2.jpeg?fit=2388%2C816&ssl=1","jetpack-related-posts":[],"jetpack_sharing_enabled":true,"_links":{"self":[{"href":"https:\/\/portugalizar.com\/nl\/wp-json\/wp\/v2\/posts\/1032","targetHints":{"allow":["GET"]}}],"collection":[{"href":"https:\/\/portugalizar.com\/nl\/wp-json\/wp\/v2\/posts"}],"about":[{"href":"https:\/\/portugalizar.com\/nl\/wp-json\/wp\/v2\/types\/post"}],"author":[{"embeddable":true,"href":"https:\/\/portugalizar.com\/nl\/wp-json\/wp\/v2\/users\/1"}],"replies":[{"embeddable":true,"href":"https:\/\/portugalizar.com\/nl\/wp-json\/wp\/v2\/comments?post=1032"}],"version-history":[{"count":5,"href":"https:\/\/portugalizar.com\/nl\/wp-json\/wp\/v2\/posts\/1032\/revisions"}],"predecessor-version":[{"id":1355,"href":"https:\/\/portugalizar.com\/nl\/wp-json\/wp\/v2\/posts\/1032\/revisions\/1355"}],"wp:featuredmedia":[{"embeddable":true,"href":"https:\/\/portugalizar.com\/nl\/wp-json\/wp\/v2\/media\/1290"}],"wp:attachment":[{"href":"https:\/\/portugalizar.com\/nl\/wp-json\/wp\/v2\/media?parent=1032"}],"wp:term":[{"taxonomy":"category","embeddable":true,"href":"https:\/\/portugalizar.com\/nl\/wp-json\/wp\/v2\/categories?post=1032"},{"taxonomy":"post_tag","embeddable":true,"href":"https:\/\/portugalizar.com\/nl\/wp-json\/wp\/v2\/tags?post=1032"}],"curies":[{"name":"wp","href":"https:\/\/api.w.org\/{rel}","templated":true}]}}