{"id":685,"date":"2022-03-30T21:26:30","date_gmt":"2022-03-30T21:26:30","guid":{"rendered":"https:\/\/portugalizar.com\/?p=685"},"modified":"2022-07-25T05:57:45","modified_gmt":"2022-07-25T05:57:45","slug":"a-new-lanuage","status":"publish","type":"post","link":"https:\/\/portugalizar.com\/it\/a-new-lanuage\/","title":{"rendered":"Una nuova lingua"},"content":{"rendered":"<p><em>Bom dia e bem-vindo<\/em>!<\/p>\n\n\n\n<p>Purtroppo, questo primo blog non \u00e8 quello che vi ho promesso sulla homepage. Non parla direttamente del Portogallo, della sua gente, della sua lingua, della sua cultura e dei suoi costumi, della sua storia e dei suoi luoghi. Mi sento davvero in colpa per questo. Spero che non vi sentiate ingannati o raggirati.<\/p>\n\n\n\n<p>Tuttavia, anche se questo primo blog non \u00e8 quello che ho giurato di consegnare, riguarda il nostro periodo iniziale in Portogallo durante la pandemia e come le nostre esperienze qui hanno iniziato a cambiarci. Si tratta anche di come questa rifusione di noi stessi sta trasformando le nostre prospettive su quasi tutto, compreso il Portogallo. Mentre ho parlato per \"noi\", per me e Z\u00e9, ed entrambi siamo stati rifusi, da qui in poi, tuttavia, sar\u00e0 la mia voce che sentirete.<\/p>\n\n\n\n<h3 class=\"wp-block-heading\">Due lunghi anni<\/h3>\n\n\n\n<p>La pandemia \u00e8 stata a dir poco straziante e dirompente. Ha distrutto e rifatto la mia visione di me stesso, degli altri e del mondo, come forse \u00e8 successo anche a voi. La mia prospettiva ora sembra essere deformata(?) o migliorata(?) attraverso una specie di caleidoscopio scosso. \u00c8 disorientante.<\/p>\n\n\n\n<p>Le cose, le persone e le esperienze hanno apparentemente pi\u00f9 colore, pi\u00f9 complessit\u00e0, pi\u00f9 consistenza, ma \u00e8 reale? Capire e poi spiegare\/condividere queste differenze \"allora e adesso\" ha sfidato il mio vocabolario. Sono a corto di parole per descrivere la mia esperienza; in qualche modo esse - le parole - sembrano deboli cloni di incontri e sentimenti.<\/p>\n\n\n\n<figure class=\"wp-block-image size-large\"><img data-recalc-dims=\"1\" fetchpriority=\"high\" decoding=\"async\" width=\"950\" height=\"752\" src=\"https:\/\/i0.wp.com\/portugalizar.com\/wp-content\/uploads\/2022\/03\/Face-to-Face.jpg?resize=950%2C752&#038;ssl=1\" alt=\"\" class=\"wp-image-686\" srcset=\"https:\/\/i0.wp.com\/portugalizar.com\/wp-content\/uploads\/2022\/03\/Face-to-Face-scaled.jpg?resize=1024%2C811&amp;ssl=1 1024w, https:\/\/i0.wp.com\/portugalizar.com\/wp-content\/uploads\/2022\/03\/Face-to-Face-scaled.jpg?resize=300%2C238&amp;ssl=1 300w, https:\/\/i0.wp.com\/portugalizar.com\/wp-content\/uploads\/2022\/03\/Face-to-Face-scaled.jpg?resize=768%2C608&amp;ssl=1 768w, https:\/\/i0.wp.com\/portugalizar.com\/wp-content\/uploads\/2022\/03\/Face-to-Face-scaled.jpg?resize=1536%2C1216&amp;ssl=1 1536w, https:\/\/i0.wp.com\/portugalizar.com\/wp-content\/uploads\/2022\/03\/Face-to-Face-scaled.jpg?w=1900&amp;ssl=1 1900w\" sizes=\"(max-width: 950px) 100vw, 950px\" \/><figcaption>\u201c<em>Faccia a faccia<\/em>\u201c, 2022<\/figcaption><\/figure>\n\n\n\n<p>Ho trovato una parvenza di equilibrio nel fare arte - sia attraverso la fotografia che la pittura. Penso che sia stato Jackson Pollack, uno dei miei pittori americani preferiti del 20\u00b0 secolo, a dire: \"l'arte \u00e8 un modo di trovarsi faccia a faccia con se stessi\". L'arte, per me, \u00e8 diventata l'atto di imparare un nuovo linguaggio per reintrodurmi a me stessa e al mondo.<\/p>\n\n\n\n<h3 class=\"wp-block-heading\">Faccia a faccia con me stesso<\/h3>\n\n\n\n<p>Sono, per natura, profondamente introspettivo e introverso. I blocchi e l'isolamento della pandemia, quindi, sono stati sia una benedizione che una maledizione. Il mondo pre-pandemia non ha dato molto spazio a gente come me, quindi una benedizione; ma poi di nuovo gente come me ha bisogno di auto-correzione nello specchio degli altri, quindi una maledizione.<\/p>\n\n\n\n<p>Ancora una volta l'arte ha aiutato. L'atto di introversione - fare l'arte - \u00e8 bilanciato nell'atto di estroversione - condividere l'arte come un invito alla conversazione, alla critica e alla comprensione reciproca. Per me, fare arte ha fornito l'equilibrio durante un periodo di sconvolgimento.<\/p>\n\n\n\n<p>L'arte nasce, almeno nella mia esperienza, dalle mie ruminazioni profondamente introverse su ci\u00f2 che vedo e sperimento. Ogni pezzo emerge come la mia unica e, devo ammettere, a volte strana interpretazione della realt\u00e0. Potrei far brillare una luce in un angolo, ma la luce potrebbe mancare il resto della stanza. Poi di nuovo quell'angolo potrebbe essere stato trascurato per qualche tempo.<\/p>\n\n\n\n<h3 class=\"wp-block-heading\">Apertura degli occhi<\/h3>\n\n\n\n<p>L'atto di condividere queste opere d'arte \u00e8 stato altrettanto illuminante. \u00c8 stato affermativo, s\u00ec, e per questo ho bramato e sono grato. Pi\u00f9 importante, \u00e8 stato un processo simile alla sfaccettatura di una gemma da un blocco di pietra grezza. La condivisione ha prodotto un po' di back-and-forth, give-and-take e anche rough-and-tumble. Ogni scambio, pur non migliorando necessariamente le mie capacit\u00e0 artistiche, ha affinato le mie idee e le mie prospettive, cos\u00ec come ha ampliato la mia visione e la mia comprensione. Per questa sfaccettatura sono ugualmente grato.<\/p>\n\n\n\n<p>In molti dei miei blog, compreso questo, vedrete le mie opere d'arte, a volte fotografie ma molte volte uno o pi\u00f9 dipinti. Queste immagini fanno parte del mio nuovo caleidoscopio, cio\u00e8 il nuovo linguaggio attraverso il quale posso condividere la mia, la nostra, esperienza di vita in Portogallo. Il vecchio adagio porta la verit\u00e0, \"un'immagine potrebbe risparmiarti mille parole\".<\/p>\n\n\n\n<p>Inoltre, se, come dice Pollack, l'arte \u00e8 una conversazione con me stesso, allora \u00e8 anche un faccia a faccia con gli altri e con il mondo che mi circonda. L'arte \u00e8 un modo per spiegarmi, per condividere me stesso, con gli altri. \u00c8 la mia lente sul mondo e un nuovo vocabolario che mi permette di comunicare pi\u00f9 pienamente, sia di parlare che di ascoltare, il mondo. Lasciatemi spiegare.<\/p>\n\n\n\n<h3 class=\"wp-block-heading\"><strong>Salvare il mondo<\/strong><\/h3>\n\n\n\n<p>Ogni mattina, quando Z\u00e9 si alza, gioca una decina di partite di solitario sul suo tablet mentre \u00e8 ancora a letto. Questo prima di fare qualsiasi altra cosa. Quando lo sento frusciare, gli porto la sua prima tazza di caff\u00e8 e un pezzo di cioccolato fondente per accompagnarla.<\/p>\n\n\n\n<p>Mentre lui sorseggia e assapora, io mi siedo sulla sponda del letto. Chiacchieriamo un po' dei sogni che potremmo aver fatto la scorsa notte e dei contorni della nostra prossima giornata. Inevitabilmente dice: \"Devo tornare a salvare il mondo\". Intende dire che deve completare i suoi giri quotidiani di solitario.<\/p>\n\n\n\n<p>Per Z\u00e9 questa \u00e8 la pura e semplice verit\u00e0. Il solitario calma la sua mente e allontana i pensieri indesiderati e inutili. Crea il suo luogo sicuro. Il suo giocare al solitario \u00e8 un atto costruttivo e affermativo. Preparato, affronta poi il mondo.<\/p>\n\n\n\n<p>Quando ho deciso di fare un ritratto di Z\u00e9 \u00e8 stato per catturare la mia comprensione della persona che \u00e8. Ho avuto un flash-back sul San Francesco in meditazione di Caravaggio. Avevo visto questo quadro in un piccolo museo vicino a Milano. San Francesco guarda intensamente verso il basso. Tiene in mano un teschio bianco alabastro che rifrange la luce sul suo volto, illuminandolo. Si capisce subito che San Francesco \u00e8 colto a riflettere sui misteri della fragilit\u00e0 e della temporalit\u00e0 umana, sua e di tutti gli altri.<\/p>\n\n\n\n<figure class=\"wp-block-image size-large\"><img data-recalc-dims=\"1\" decoding=\"async\" width=\"950\" height=\"950\" src=\"https:\/\/i0.wp.com\/portugalizar.com\/wp-content\/uploads\/2022\/02\/After-Caravaggios-Saint-Francis-in-Meditation-Joseph-at-Solitaire-copy.png?resize=950%2C950&#038;ssl=1\" alt=\"\" class=\"wp-image-587\" srcset=\"https:\/\/i0.wp.com\/portugalizar.com\/wp-content\/uploads\/2022\/02\/After-Caravaggios-Saint-Francis-in-Meditation-Joseph-at-Solitaire-copy.png?resize=1024%2C1024&amp;ssl=1 1024w, https:\/\/i0.wp.com\/portugalizar.com\/wp-content\/uploads\/2022\/02\/After-Caravaggios-Saint-Francis-in-Meditation-Joseph-at-Solitaire-copy.png?resize=300%2C300&amp;ssl=1 300w, https:\/\/i0.wp.com\/portugalizar.com\/wp-content\/uploads\/2022\/02\/After-Caravaggios-Saint-Francis-in-Meditation-Joseph-at-Solitaire-copy.png?resize=150%2C150&amp;ssl=1 150w, https:\/\/i0.wp.com\/portugalizar.com\/wp-content\/uploads\/2022\/02\/After-Caravaggios-Saint-Francis-in-Meditation-Joseph-at-Solitaire-copy.png?resize=768%2C768&amp;ssl=1 768w, https:\/\/i0.wp.com\/portugalizar.com\/wp-content\/uploads\/2022\/02\/After-Caravaggios-Saint-Francis-in-Meditation-Joseph-at-Solitaire-copy.png?resize=1536%2C1536&amp;ssl=1 1536w, https:\/\/i0.wp.com\/portugalizar.com\/wp-content\/uploads\/2022\/02\/After-Caravaggios-Saint-Francis-in-Meditation-Joseph-at-Solitaire-copy.png?w=1542&amp;ssl=1 1542w\" sizes=\"(max-width: 950px) 100vw, 950px\" \/><figcaption>\u201c<em>Dopo il San Francesco in meditazione di Caravaggio - Giuseppe al solitario<\/em>\u201c, 2021<\/figcaption><\/figure>\n\n\n\n<p>L'immagine che avevo in mente per il ritratto di Z\u00e9 era in una stanza buia dove la luce del suo tablet bagna debolmente il suo viso. \u00c8 seduto, si concentra intensamente e sta salvando il mondo.<\/p>\n\n\n\n<h3 class=\"wp-block-heading\">Arte, un atto di scoperta di s\u00e9<\/h3>\n\n\n\n<p>Dipingere Z\u00e9 in questo modo mi ha rivelato un po' della sua anima. Forse, in realt\u00e0, \u00e8 pi\u00f9 esatto dire che l'atto di dipingere ha aperto la mia anima a lui. Sono arrivata a capire, ad apprezzare, che i suoi giri mattutini di solitario erano una mediazione, uno svuotamento in modo da avere spazio per quello che il giorno successivo potrebbe offrire, qualunque esso sia, buono, cattivo o indifferente.<\/p>\n\n\n\n<p>Questa sarebbe una semplice sciocchezza se la vita di Z\u00e9 dopo essersi alzato dal letto e aver fatto le sue abluzioni mattutine non lo riflettesse. \u00c8 cos\u00ec. Z\u00e9 \u00e8 una persona di grande sensibilit\u00e0 e gentilezza e, ugualmente, di forza e tenacia.<\/p>\n\n\n\n<p>Cattura delicatamente ragni, mosche e formiche, e si rivolge a loro con enorme rispetto reciproco mentre li rimpatria fuori. Le sue tasche sono piene di noccioline e mentre cammina cadono fuori per gli uccelli e gli scoiattoli. Siamo vegetariani e abbiamo rinunciato alla plastica per il nostro bene e per il bene del pianeta grazie alla sua guida. Ogni giorno cammina per un miglio per portare i nostri rifiuti alimentari organici del giorno precedente alla pattumiera comunitaria.<\/p>\n\n\n\n<h3 class=\"wp-block-heading\">Salvare se stessi<\/h3>\n\n\n\n<p>\u00c8 solo dopo aver dipinto Z\u00e9 che ho apprezzato di pi\u00f9 sia la sua vulnerabilit\u00e0 che la forza di questa vulnerabilit\u00e0. Vedendolo nella luce fioca riflessa del suo tablet, sono arrivato a capire la potenza dei piccoli atti. Ora capisco anche che salvare il mondo \u00e8 in definitiva l'atto di salvare se stessi. Reclamo il mio potere e agisco su quel potere per fare ci\u00f2 che posso fare piuttosto che infierire su ci\u00f2 che non posso fare.<\/p>\n\n\n\n<p>Jane Goodall, la grande primatologa, ha detto: \"Posso fare solo quello che posso fare, e non posso fare di pi\u00f9\". Fare le piccole cose che possiamo fare, come ha fatto lei e come fa Z\u00e9 ogni giorno, fa tutta la differenza del mondo. Salva il mondo. Mi sta salvando mentre arrivo a capire meglio i miei limiti e il mio potere.<\/p>\n\n\n\n<h3 class=\"wp-block-heading\"><strong>Proprio fuori dalla scatola<\/strong><\/h3>\n\n\n\n<p>Quando ho iniziato a dipingere volevo fare qualcosa di grande, fuori dagli schemi. Volevo mettere alla prova la mia abilit\u00e0 e il mio talento contro i grandi maestri del XVI e XVII secolo. Volevo creare il mio capolavoro olandese.<\/p>\n\n\n\n<p>Per quanto sia ridicolo, ed \u00e8 ridicolmente sciocco, so come imparo. Sono la difficolt\u00e0 e la sfida di un compito e la mia spinta verso la perfezione che insieme mi animano. Non pretendo che queste siano buone qualit\u00e0, ma semplicemente parte del mio approccio alla vita e all'apprendimento.<\/p>\n\n\n\n<p>Avevo visto la fotografia di un bouquet di fiori in un articolo del New York Times sui grandi fioristi. Mi ha ispirato. Sarebbe stato il centro della mia natura morta di ispirazione olandese. Ci sono un paio di bicchieri antichi che possiedo. C'era anche un vaso che avevo visto e fotografato durante una visita al Rijksmuseum qualche anno prima; lo stesso con una bella panca di legno nell'Alcazar di qualche mese prima. Questi completavano la composizione insieme ad alcuni dei nostri libri come modelli di vecchi tomi.<\/p>\n\n\n\n<figure class=\"wp-block-image size-large\"><img data-recalc-dims=\"1\" decoding=\"async\" width=\"950\" height=\"789\" src=\"https:\/\/i0.wp.com\/portugalizar.com\/wp-content\/uploads\/2022\/02\/My-Dutch-Master-copy.jpg?resize=950%2C789&#038;ssl=1\" alt=\"\" class=\"wp-image-589\" srcset=\"https:\/\/i0.wp.com\/portugalizar.com\/wp-content\/uploads\/2022\/02\/My-Dutch-Master-copy.jpg?resize=1024%2C850&amp;ssl=1 1024w, https:\/\/i0.wp.com\/portugalizar.com\/wp-content\/uploads\/2022\/02\/My-Dutch-Master-copy.jpg?resize=300%2C249&amp;ssl=1 300w, https:\/\/i0.wp.com\/portugalizar.com\/wp-content\/uploads\/2022\/02\/My-Dutch-Master-copy.jpg?resize=768%2C637&amp;ssl=1 768w, https:\/\/i0.wp.com\/portugalizar.com\/wp-content\/uploads\/2022\/02\/My-Dutch-Master-copy.jpg?resize=1536%2C1275&amp;ssl=1 1536w, https:\/\/i0.wp.com\/portugalizar.com\/wp-content\/uploads\/2022\/02\/My-Dutch-Master-copy.jpg?w=1723&amp;ssl=1 1723w\" sizes=\"(max-width: 950px) 100vw, 950px\" \/><figcaption>\u201c<em>Il mio maestro olandese<\/em>\u201d 2020<\/figcaption><\/figure>\n\n\n\n<h3 class=\"wp-block-heading\">Imparare una nuova lingua<\/h3>\n\n\n\n<p>Bruegel non ha nulla di cui preoccuparsi da parte mia. C'\u00e8 cos\u00ec tanto che non so da dove cominciare la mia critica. Dovrei iniziare con le ombre sballate che fanno apparire il vaso a sinistra? O con le ombre gettate dal libro sulla destra che non sono riuscito ad azzeccare dopo ore e ore di tentativi?<\/p>\n\n\n\n<p>Avevo ragione, comunque, sul mio stile di apprendimento. Il processo mi affascinava a tal punto che lavoravo da nove a dieci ore al giorno. Armeggiando aggiungevo, cancellavo, riordinavo, provavo questo e quello per creare la prospettiva, imparavo l'importanza dell'ombra e mi sentivo completamente frustrato dall'importanza dell'ombra.<\/p>\n\n\n\n<p>Ho imparato attraverso i tentativi e la frustrazione che la pittura mi ha aiutato a creare un tipo diverso di narrazione, in un linguaggio diverso dalla scrittura. Ho scoperto, in un modo che non avevo capito prima, che l'arte visiva raccontava una storia che non si traduceva bene in parole; i dipinti e le fotografie mi fornivano un vocabolario nuovo e complementare. Perbacco, pensai, il Dr. Seuss e tutti quei vincitori di Caldecott e Newbery avevano sempre avuto ragione! Certo che avevano ragione.<\/p>\n\n\n\n<p>Pi\u00f9 importante, ho imparato molto di pi\u00f9 su di me attraverso questo processo, che non ha nulla a che fare con la qualit\u00e0 della mia arte. Ho imparato che volevo condividere quello che stavo vedendo e che stavo vivendo in Portogallo, che \u00e8 diventato lo scopo di Portugalizar. Ho anche imparato che mi mancavano le parole per tradurre e condividere queste esperienze con gli altri; stavo inciampando. Alla fine ho dovuto decidere cosa \u00e8 pi\u00f9 importante, la forma o la sostanza, cio\u00e8 condividere un'immagine perfetta o la mia storia?<\/p>\n\n\n\n<h3 class=\"wp-block-heading\">Solo ok \u00e8 abbastanza buono<\/h3>\n\n\n\n<p>Le fotografie e i dipinti che condivider\u00f2 con voi in questo blog potrebbero non essere cos\u00ec buoni. Pur essendo un artista entusiasta, sono un autodidatta e sto ancora imparando e scoprendo molto. Quello che vedrete \u00e8 tutt'altro che perfetto: le prospettive sono fuori posto, le ombre sono dappertutto, i tratti sono distorti ma non intenzionalmente (non sono Picasso!). Tuttavia, mi sto divertendo molto a imparare nuovi trucchi, soprattutto come \"vecchio cane\".<\/p>\n\n\n\n<p>La mia arte non \u00e8 perfetta e non ha bisogno di esserlo. L'atto di dipingere Z\u00e9 mi ha aiutato a vederlo pi\u00f9 chiaramente e a capirlo un po' di pi\u00f9; inoltre, ho potuto vedere me stessa nel suo specchio. Quando ho finito il mio capolavoro olandese, avevo un nuovo vocabolario con cui condividere me stesso con gli altri e capire meglio ci\u00f2 che gli altri riflettevano su di me.<\/p>\n\n\n\n<p>L'atto di fare arte mi aiuta a condividere la nostra caleidoscopica storia in Portogallo in modo un po' pi\u00f9 completo con voi. Inoltre, spero che la realizzazione di questi quadri mi stia insegnando ad essere un ascoltatore pi\u00f9 attento; penso che sia cos\u00ec.<\/p>\n\n\n\n<p>Tuttavia, spero che le foto vi piacciano tanto quanto a me \u00e8 piaciuto scattarle e\/o realizzarle. Forse le troverete aggiuntive ai blog. Spero che non distraggano da quello che sto cercando di condividere con voi sul Portogallo. Fatemi sapere nella sezione dei commenti mentre andiamo avanti.<\/p>\n\n\n\n<p>La prossima settimana, lo prometto, il blog sar\u00e0 su qualche aspetto pi\u00f9 diretto della vita in Portogallo. <em>A breve!<\/em><\/p>","protected":false},"excerpt":{"rendered":"<p>Vivere in Portogallo mi ha dato l'opportunit\u00e0 di scoprire che ho un altro sogno perduto da tempo: Ho sempre voluto fare arte. Cos\u00ec ho ceduto anche a questo sogno. L'arte \u00e8 diventata un'altra lente attraverso la quale capisco questo luogo incredibile. \u00c8 anche la lente del Portogallo sulla mia anima. Luogo e persona si intrecciano, ed \u00e8 questa l'essenza di Portugalizar. Vedrete molta della mia arte in futuro. Volevo avvertirvi in anticipo. Per saperne di pi\u00f9...<\/p>","protected":false},"author":1,"featured_media":659,"comment_status":"open","ping_status":"open","sticky":false,"template":"","format":"standard","meta":{"nf_dc_page":"","om_disable_all_campaigns":false,"_monsterinsights_skip_tracking":false,"_monsterinsights_sitenote_active":false,"_monsterinsights_sitenote_note":"","_monsterinsights_sitenote_category":0,"_themeisle_gutenberg_block_has_review":false,"_jetpack_memberships_contains_paid_content":false,"footnotes":""},"categories":[14,6],"tags":[],"class_list":["post-685","post","type-post","status-publish","format-standard","has-post-thumbnail","hentry","category-musings","category-people"],"yoast_head":"<!-- This site is optimized with the Yoast SEO plugin v27.4 - https:\/\/yoast.com\/product\/yoast-seo-wordpress\/ -->\n<title>A New Language - PORTUGALIZAR<\/title>\n<meta name=\"robots\" content=\"index, follow, max-snippet:-1, max-image-preview:large, max-video-preview:-1\" \/>\n<link rel=\"canonical\" href=\"https:\/\/portugalizar.com\/it\/a-new-lanuage\/\" \/>\n<meta property=\"og:locale\" content=\"it_IT\" \/>\n<meta property=\"og:type\" content=\"article\" \/>\n<meta property=\"og:title\" content=\"A New Language - PORTUGALIZAR\" \/>\n<meta property=\"og:description\" content=\"Living in Portugal has given me the opportunity to discover that I have another long lost dream: I have always wanted to make art. So I have given in to this dream too. Art has become another lens through which I understand this incredible place. It is also Portugal\u2019s lens into my soul. Place and person become entwined, which is the essence of Portugalizar. You will see a lot of my art going forward. I wanted to warn you ahead of time. Read more\u2026\" \/>\n<meta property=\"og:url\" content=\"https:\/\/portugalizar.com\/it\/a-new-lanuage\/\" \/>\n<meta property=\"og:site_name\" content=\"PORTUGALIZAR\" \/>\n<meta property=\"article:published_time\" content=\"2022-03-30T21:26:30+00:00\" \/>\n<meta property=\"article:modified_time\" content=\"2022-07-25T05:57:45+00:00\" \/>\n<meta property=\"og:image\" content=\"https:\/\/portugalizar.com\/wp-content\/uploads\/2022\/02\/Face-to-Face-scaled-e1648280104261.jpg\" \/>\n\t<meta property=\"og:image:width\" content=\"2560\" \/>\n\t<meta property=\"og:image:height\" content=\"1043\" \/>\n\t<meta property=\"og:image:type\" content=\"image\/jpeg\" \/>\n<meta name=\"author\" content=\"Gui\" \/>\n<meta name=\"twitter:card\" content=\"summary_large_image\" \/>\n<meta name=\"twitter:label1\" content=\"Scritto da\" \/>\n\t<meta name=\"twitter:data1\" content=\"Gui\" \/>\n\t<meta name=\"twitter:label2\" content=\"Tempo di lettura stimato\" \/>\n\t<meta name=\"twitter:data2\" content=\"10 minuti\" \/>\n<script type=\"application\/ld+json\" class=\"yoast-schema-graph\">{\"@context\":\"https:\\\/\\\/schema.org\",\"@graph\":[{\"@type\":\"Article\",\"@id\":\"https:\\\/\\\/portugalizar.com\\\/a-new-lanuage\\\/#article\",\"isPartOf\":{\"@id\":\"https:\\\/\\\/portugalizar.com\\\/a-new-lanuage\\\/\"},\"author\":{\"name\":\"Gui\",\"@id\":\"https:\\\/\\\/portugalizar.com\\\/#\\\/schema\\\/person\\\/1f60af48f39895b897e26d9d92ecf6db\"},\"headline\":\"A New Language\",\"datePublished\":\"2022-03-30T21:26:30+00:00\",\"dateModified\":\"2022-07-25T05:57:45+00:00\",\"mainEntityOfPage\":{\"@id\":\"https:\\\/\\\/portugalizar.com\\\/a-new-lanuage\\\/\"},\"wordCount\":2094,\"commentCount\":28,\"publisher\":{\"@id\":\"https:\\\/\\\/portugalizar.com\\\/#organization\"},\"image\":{\"@id\":\"https:\\\/\\\/portugalizar.com\\\/a-new-lanuage\\\/#primaryimage\"},\"thumbnailUrl\":\"https:\\\/\\\/i0.wp.com\\\/portugalizar.com\\\/wp-content\\\/uploads\\\/2022\\\/02\\\/Face-to-Face-scaled-e1648280104261.jpg?fit=2560%2C1043&ssl=1\",\"articleSection\":[\"Musings\",\"People\"],\"inLanguage\":\"it-IT\",\"potentialAction\":[{\"@type\":\"CommentAction\",\"name\":\"Comment\",\"target\":[\"https:\\\/\\\/portugalizar.com\\\/a-new-lanuage\\\/#respond\"]}]},{\"@type\":\"WebPage\",\"@id\":\"https:\\\/\\\/portugalizar.com\\\/a-new-lanuage\\\/\",\"url\":\"https:\\\/\\\/portugalizar.com\\\/a-new-lanuage\\\/\",\"name\":\"A New Language - PORTUGALIZAR\",\"isPartOf\":{\"@id\":\"https:\\\/\\\/portugalizar.com\\\/#website\"},\"primaryImageOfPage\":{\"@id\":\"https:\\\/\\\/portugalizar.com\\\/a-new-lanuage\\\/#primaryimage\"},\"image\":{\"@id\":\"https:\\\/\\\/portugalizar.com\\\/a-new-lanuage\\\/#primaryimage\"},\"thumbnailUrl\":\"https:\\\/\\\/i0.wp.com\\\/portugalizar.com\\\/wp-content\\\/uploads\\\/2022\\\/02\\\/Face-to-Face-scaled-e1648280104261.jpg?fit=2560%2C1043&ssl=1\",\"datePublished\":\"2022-03-30T21:26:30+00:00\",\"dateModified\":\"2022-07-25T05:57:45+00:00\",\"breadcrumb\":{\"@id\":\"https:\\\/\\\/portugalizar.com\\\/a-new-lanuage\\\/#breadcrumb\"},\"inLanguage\":\"it-IT\",\"potentialAction\":[{\"@type\":\"ReadAction\",\"target\":[\"https:\\\/\\\/portugalizar.com\\\/a-new-lanuage\\\/\"]}]},{\"@type\":\"ImageObject\",\"inLanguage\":\"it-IT\",\"@id\":\"https:\\\/\\\/portugalizar.com\\\/a-new-lanuage\\\/#primaryimage\",\"url\":\"https:\\\/\\\/i0.wp.com\\\/portugalizar.com\\\/wp-content\\\/uploads\\\/2022\\\/02\\\/Face-to-Face-scaled-e1648280104261.jpg?fit=2560%2C1043&ssl=1\",\"contentUrl\":\"https:\\\/\\\/i0.wp.com\\\/portugalizar.com\\\/wp-content\\\/uploads\\\/2022\\\/02\\\/Face-to-Face-scaled-e1648280104261.jpg?fit=2560%2C1043&ssl=1\",\"width\":2560,\"height\":1043},{\"@type\":\"BreadcrumbList\",\"@id\":\"https:\\\/\\\/portugalizar.com\\\/a-new-lanuage\\\/#breadcrumb\",\"itemListElement\":[{\"@type\":\"ListItem\",\"position\":1,\"name\":\"Home\",\"item\":\"https:\\\/\\\/portugalizar.com\\\/\"},{\"@type\":\"ListItem\",\"position\":2,\"name\":\"A New Language\"}]},{\"@type\":\"WebSite\",\"@id\":\"https:\\\/\\\/portugalizar.com\\\/#website\",\"url\":\"https:\\\/\\\/portugalizar.com\\\/\",\"name\":\"PORTUGALIZAR\",\"description\":\"\",\"publisher\":{\"@id\":\"https:\\\/\\\/portugalizar.com\\\/#organization\"},\"potentialAction\":[{\"@type\":\"SearchAction\",\"target\":{\"@type\":\"EntryPoint\",\"urlTemplate\":\"https:\\\/\\\/portugalizar.com\\\/?s={search_term_string}\"},\"query-input\":{\"@type\":\"PropertyValueSpecification\",\"valueRequired\":true,\"valueName\":\"search_term_string\"}}],\"inLanguage\":\"it-IT\"},{\"@type\":\"Organization\",\"@id\":\"https:\\\/\\\/portugalizar.com\\\/#organization\",\"name\":\"PORTUGALIZAR\",\"url\":\"https:\\\/\\\/portugalizar.com\\\/\",\"logo\":{\"@type\":\"ImageObject\",\"inLanguage\":\"it-IT\",\"@id\":\"https:\\\/\\\/portugalizar.com\\\/#\\\/schema\\\/logo\\\/image\\\/\",\"url\":\"\",\"contentUrl\":\"\",\"caption\":\"PORTUGALIZAR\"},\"image\":{\"@id\":\"https:\\\/\\\/portugalizar.com\\\/#\\\/schema\\\/logo\\\/image\\\/\"}},{\"@type\":\"Person\",\"@id\":\"https:\\\/\\\/portugalizar.com\\\/#\\\/schema\\\/person\\\/1f60af48f39895b897e26d9d92ecf6db\",\"name\":\"Gui\",\"image\":{\"@type\":\"ImageObject\",\"inLanguage\":\"it-IT\",\"@id\":\"https:\\\/\\\/secure.gravatar.com\\\/avatar\\\/0bef00a699e73fc60016c16a6f44683b2a027bb1b48a4b3973732af4cc636712?s=96&d=mm&r=g\",\"url\":\"https:\\\/\\\/secure.gravatar.com\\\/avatar\\\/0bef00a699e73fc60016c16a6f44683b2a027bb1b48a4b3973732af4cc636712?s=96&d=mm&r=g\",\"contentUrl\":\"https:\\\/\\\/secure.gravatar.com\\\/avatar\\\/0bef00a699e73fc60016c16a6f44683b2a027bb1b48a4b3973732af4cc636712?s=96&d=mm&r=g\",\"caption\":\"Gui\"},\"url\":\"https:\\\/\\\/portugalizar.com\\\/it\\\/author\\\/spestheonlyone\\\/\"}]}<\/script>\n<!-- \/ Yoast SEO plugin. -->","yoast_head_json":{"title":"A New Language - PORTUGALIZAR","robots":{"index":"index","follow":"follow","max-snippet":"max-snippet:-1","max-image-preview":"max-image-preview:large","max-video-preview":"max-video-preview:-1"},"canonical":"https:\/\/portugalizar.com\/it\/a-new-lanuage\/","og_locale":"it_IT","og_type":"article","og_title":"A New Language - PORTUGALIZAR","og_description":"Living in Portugal has given me the opportunity to discover that I have another long lost dream: I have always wanted to make art. So I have given in to this dream too. Art has become another lens through which I understand this incredible place. It is also Portugal\u2019s lens into my soul. Place and person become entwined, which is the essence of Portugalizar. You will see a lot of my art going forward. I wanted to warn you ahead of time. Read more\u2026","og_url":"https:\/\/portugalizar.com\/it\/a-new-lanuage\/","og_site_name":"PORTUGALIZAR","article_published_time":"2022-03-30T21:26:30+00:00","article_modified_time":"2022-07-25T05:57:45+00:00","og_image":[{"width":2560,"height":1043,"url":"https:\/\/portugalizar.com\/wp-content\/uploads\/2022\/02\/Face-to-Face-scaled-e1648280104261.jpg","type":"image\/jpeg"}],"author":"Gui","twitter_card":"summary_large_image","twitter_misc":{"Scritto da":"Gui","Tempo di lettura stimato":"10 minuti"},"schema":{"@context":"https:\/\/schema.org","@graph":[{"@type":"Article","@id":"https:\/\/portugalizar.com\/a-new-lanuage\/#article","isPartOf":{"@id":"https:\/\/portugalizar.com\/a-new-lanuage\/"},"author":{"name":"Gui","@id":"https:\/\/portugalizar.com\/#\/schema\/person\/1f60af48f39895b897e26d9d92ecf6db"},"headline":"A New Language","datePublished":"2022-03-30T21:26:30+00:00","dateModified":"2022-07-25T05:57:45+00:00","mainEntityOfPage":{"@id":"https:\/\/portugalizar.com\/a-new-lanuage\/"},"wordCount":2094,"commentCount":28,"publisher":{"@id":"https:\/\/portugalizar.com\/#organization"},"image":{"@id":"https:\/\/portugalizar.com\/a-new-lanuage\/#primaryimage"},"thumbnailUrl":"https:\/\/i0.wp.com\/portugalizar.com\/wp-content\/uploads\/2022\/02\/Face-to-Face-scaled-e1648280104261.jpg?fit=2560%2C1043&ssl=1","articleSection":["Musings","People"],"inLanguage":"it-IT","potentialAction":[{"@type":"CommentAction","name":"Comment","target":["https:\/\/portugalizar.com\/a-new-lanuage\/#respond"]}]},{"@type":"WebPage","@id":"https:\/\/portugalizar.com\/a-new-lanuage\/","url":"https:\/\/portugalizar.com\/a-new-lanuage\/","name":"A New Language - PORTUGALIZAR","isPartOf":{"@id":"https:\/\/portugalizar.com\/#website"},"primaryImageOfPage":{"@id":"https:\/\/portugalizar.com\/a-new-lanuage\/#primaryimage"},"image":{"@id":"https:\/\/portugalizar.com\/a-new-lanuage\/#primaryimage"},"thumbnailUrl":"https:\/\/i0.wp.com\/portugalizar.com\/wp-content\/uploads\/2022\/02\/Face-to-Face-scaled-e1648280104261.jpg?fit=2560%2C1043&ssl=1","datePublished":"2022-03-30T21:26:30+00:00","dateModified":"2022-07-25T05:57:45+00:00","breadcrumb":{"@id":"https:\/\/portugalizar.com\/a-new-lanuage\/#breadcrumb"},"inLanguage":"it-IT","potentialAction":[{"@type":"ReadAction","target":["https:\/\/portugalizar.com\/a-new-lanuage\/"]}]},{"@type":"ImageObject","inLanguage":"it-IT","@id":"https:\/\/portugalizar.com\/a-new-lanuage\/#primaryimage","url":"https:\/\/i0.wp.com\/portugalizar.com\/wp-content\/uploads\/2022\/02\/Face-to-Face-scaled-e1648280104261.jpg?fit=2560%2C1043&ssl=1","contentUrl":"https:\/\/i0.wp.com\/portugalizar.com\/wp-content\/uploads\/2022\/02\/Face-to-Face-scaled-e1648280104261.jpg?fit=2560%2C1043&ssl=1","width":2560,"height":1043},{"@type":"BreadcrumbList","@id":"https:\/\/portugalizar.com\/a-new-lanuage\/#breadcrumb","itemListElement":[{"@type":"ListItem","position":1,"name":"Home","item":"https:\/\/portugalizar.com\/"},{"@type":"ListItem","position":2,"name":"A New Language"}]},{"@type":"WebSite","@id":"https:\/\/portugalizar.com\/#website","url":"https:\/\/portugalizar.com\/","name":"PORTOGALLO","description":"","publisher":{"@id":"https:\/\/portugalizar.com\/#organization"},"potentialAction":[{"@type":"SearchAction","target":{"@type":"EntryPoint","urlTemplate":"https:\/\/portugalizar.com\/?s={search_term_string}"},"query-input":{"@type":"PropertyValueSpecification","valueRequired":true,"valueName":"search_term_string"}}],"inLanguage":"it-IT"},{"@type":"Organization","@id":"https:\/\/portugalizar.com\/#organization","name":"PORTOGALLO","url":"https:\/\/portugalizar.com\/","logo":{"@type":"ImageObject","inLanguage":"it-IT","@id":"https:\/\/portugalizar.com\/#\/schema\/logo\/image\/","url":"","contentUrl":"","caption":"PORTUGALIZAR"},"image":{"@id":"https:\/\/portugalizar.com\/#\/schema\/logo\/image\/"}},{"@type":"Person","@id":"https:\/\/portugalizar.com\/#\/schema\/person\/1f60af48f39895b897e26d9d92ecf6db","name":"Gui","image":{"@type":"ImageObject","inLanguage":"it-IT","@id":"https:\/\/secure.gravatar.com\/avatar\/0bef00a699e73fc60016c16a6f44683b2a027bb1b48a4b3973732af4cc636712?s=96&d=mm&r=g","url":"https:\/\/secure.gravatar.com\/avatar\/0bef00a699e73fc60016c16a6f44683b2a027bb1b48a4b3973732af4cc636712?s=96&d=mm&r=g","contentUrl":"https:\/\/secure.gravatar.com\/avatar\/0bef00a699e73fc60016c16a6f44683b2a027bb1b48a4b3973732af4cc636712?s=96&d=mm&r=g","caption":"Gui"},"url":"https:\/\/portugalizar.com\/it\/author\/spestheonlyone\/"}]}},"jetpack_featured_media_url":"https:\/\/i0.wp.com\/portugalizar.com\/wp-content\/uploads\/2022\/02\/Face-to-Face-scaled-e1648280104261.jpg?fit=2560%2C1043&ssl=1","jetpack-related-posts":[],"jetpack_sharing_enabled":true,"_links":{"self":[{"href":"https:\/\/portugalizar.com\/it\/wp-json\/wp\/v2\/posts\/685","targetHints":{"allow":["GET"]}}],"collection":[{"href":"https:\/\/portugalizar.com\/it\/wp-json\/wp\/v2\/posts"}],"about":[{"href":"https:\/\/portugalizar.com\/it\/wp-json\/wp\/v2\/types\/post"}],"author":[{"embeddable":true,"href":"https:\/\/portugalizar.com\/it\/wp-json\/wp\/v2\/users\/1"}],"replies":[{"embeddable":true,"href":"https:\/\/portugalizar.com\/it\/wp-json\/wp\/v2\/comments?post=685"}],"version-history":[{"count":5,"href":"https:\/\/portugalizar.com\/it\/wp-json\/wp\/v2\/posts\/685\/revisions"}],"predecessor-version":[{"id":1191,"href":"https:\/\/portugalizar.com\/it\/wp-json\/wp\/v2\/posts\/685\/revisions\/1191"}],"wp:featuredmedia":[{"embeddable":true,"href":"https:\/\/portugalizar.com\/it\/wp-json\/wp\/v2\/media\/659"}],"wp:attachment":[{"href":"https:\/\/portugalizar.com\/it\/wp-json\/wp\/v2\/media?parent=685"}],"wp:term":[{"taxonomy":"category","embeddable":true,"href":"https:\/\/portugalizar.com\/it\/wp-json\/wp\/v2\/categories?post=685"},{"taxonomy":"post_tag","embeddable":true,"href":"https:\/\/portugalizar.com\/it\/wp-json\/wp\/v2\/tags?post=685"}],"curies":[{"name":"wp","href":"https:\/\/api.w.org\/{rel}","templated":true}]}}