{"id":1902,"date":"2022-07-14T04:00:00","date_gmt":"2022-07-14T04:00:00","guid":{"rendered":"https:\/\/portugalizar.com\/?p=1902"},"modified":"2022-07-14T16:53:03","modified_gmt":"2022-07-14T16:53:03","slug":"happy-days-are-here-again","status":"publish","type":"post","link":"https:\/\/portugalizar.com\/it\/happy-days-are-here-again\/","title":{"rendered":"I GIORNI FELICI SONO DI NUOVO QUI! <br>UN'EDIZIONE SPECIALE"},"content":{"rendered":"<p><em>Ol\u00e1 a todos! Espero que tenham tido uma semana absolutamente fabulosa.<\/em> \/\/ Ciao a tutti. Spero che abbiate trascorso una settimana assolutamente favolosa. Dalla fine di giugno qui ogni giorno \u00e8 stato pieno di attivit\u00e0. E Tavira ribolle di emozioni. L'ombra di Covid si \u00e8 accorciata gradualmente. Ma ora il sole \u00e8 a mezzogiorno. Di conseguenza, sembra che non ci siano ombre. I giorni felici sono di nuovo qui!<\/p>\n\n\n\n<p>Sono successe tante cose. Volevo darvi un posto in prima fila. Ma anche darvi l'opportunit\u00e0 di partecipare alle attivit\u00e0 e all'eccitazione. Non posso trasportarvi tra la folla. Ma spero che possiate percepire la semplice ed elettrica vitalit\u00e0 delle celebrazioni. <\/p>\n\n\n\n<h2 class=\"wp-block-heading\">Perch\u00e9 tutta questa eccitazione?<\/h2>\n\n\n\n<p>Il mese di giugno in Portogallo \u00e8 conosciuto come <em><a href=\"https:\/\/www.visitportugal.com\/en\/node\/210955\" target=\"_blank\" rel=\"noreferrer noopener\">un m\u00eas dos santos populares<\/a><\/em>, cio\u00e8 il mese dei santi popolari. Sono tre. La festa di Sant'Antonio (<em>Santo Ant\u00f3nio<\/em>in portoghese) \u00e8 il 13 giugno. Poi c'\u00e8 San Giovanni Battista (<em>S\u00e3o Jo\u00e3o<\/em>) il 24 giugno. Infine San Pietro (<em>S\u00e3o Pedro<\/em>) si porta dietro il 29 giugno. Solo <em>o Ant\u00f3nio<\/em> \u00e8 in realt\u00e0 portoghese. Nacque a Lisbona nel 1195, ma trascorse circa met\u00e0 della sua vita in Italia. Mor\u00ec e fu sepolto a Padova. <\/p>\n\n\n\n<p>Gli altri due vissero nel I secolo nella provincia romana della Giudea, l'odierna Israele e Palestina. <em>O Jo\u00e3o<\/em> e <em>o Pedro<\/em> non hanno alcuna associazione con il Portogallo. Probabilmente sono popolari e importanti per i portoghesi perch\u00e9 entrambi sono associati all'acqua. L'acqua, il mare, \u00e8 la linfa vitale dei portoghesi. Quindi <em>o Jo\u00e3o<\/em>secondo la tradizione cristiana, ha inventato il battesimo. Con il battesimo i cristiani si impegnano ad adottare un nuovo stile di vita attraverso l'immersione nell'acqua. Il legame di <em>o Pedro<\/em> \u00e8 pi\u00f9 facile. La letteratura cristiana lo descrive come un pescatore. Ma Ges\u00f9 lo chiama anche a essere un pescatore di uomini. Presumibilmente anche di donne. I portoghesi sono pescatori. Quindi il mare e la pesca sono stati fondamentali per la vita e l'economia del Portogallo per secoli. Entrambi abitano ancora i cuori e le anime di tutti i portoghesi, anche se sono meno importanti dal punto di vista economico.<\/p>\n\n\n\n<figure class=\"wp-block-gallery has-nested-images columns-default is-cropped wp-block-gallery-1 is-layout-flex wp-block-gallery-is-layout-flex\">\n<figure class=\"wp-block-image size-large\"><img data-recalc-dims=\"1\" fetchpriority=\"high\" decoding=\"async\" width=\"228\" height=\"228\" data-id=\"1923\" src=\"https:\/\/i0.wp.com\/portugalizar.com\/wp-content\/uploads\/2022\/06\/Santo-Antonio-e1656430802108.jpeg?resize=228%2C228&#038;ssl=1\" alt=\"\" class=\"wp-image-1923\" srcset=\"https:\/\/i0.wp.com\/portugalizar.com\/wp-content\/uploads\/2022\/06\/Santo-Antonio-e1656430802108.jpeg?w=228&amp;ssl=1 228w, https:\/\/i0.wp.com\/portugalizar.com\/wp-content\/uploads\/2022\/06\/Santo-Antonio-e1656430802108.jpeg?resize=150%2C150&amp;ssl=1 150w, https:\/\/i0.wp.com\/portugalizar.com\/wp-content\/uploads\/2022\/06\/Santo-Antonio-e1656430802108.jpeg?resize=12%2C12&amp;ssl=1 12w\" sizes=\"(max-width: 228px) 100vw, 228px\" \/><figcaption>Santo Ant\u00f3nio<\/figcaption><\/figure>\n\n\n\n<figure class=\"wp-block-image size-large\"><img data-recalc-dims=\"1\" decoding=\"async\" width=\"600\" height=\"600\" data-id=\"1919\" src=\"https:\/\/i0.wp.com\/portugalizar.com\/wp-content\/uploads\/2022\/06\/saint-john-2.jpeg?resize=600%2C600&#038;ssl=1\" alt=\"\" class=\"wp-image-1919\" srcset=\"https:\/\/i0.wp.com\/portugalizar.com\/wp-content\/uploads\/2022\/06\/saint-john-2.jpeg?w=600&amp;ssl=1 600w, https:\/\/i0.wp.com\/portugalizar.com\/wp-content\/uploads\/2022\/06\/saint-john-2.jpeg?resize=300%2C300&amp;ssl=1 300w, https:\/\/i0.wp.com\/portugalizar.com\/wp-content\/uploads\/2022\/06\/saint-john-2.jpeg?resize=150%2C150&amp;ssl=1 150w, https:\/\/i0.wp.com\/portugalizar.com\/wp-content\/uploads\/2022\/06\/saint-john-2.jpeg?resize=12%2C12&amp;ssl=1 12w\" sizes=\"(max-width: 600px) 100vw, 600px\" \/><figcaption>S\u00e3o Jo\u00e3o<\/figcaption><\/figure>\n\n\n\n<figure class=\"wp-block-image size-large\"><img data-recalc-dims=\"1\" decoding=\"async\" width=\"316\" height=\"316\" data-id=\"1921\" src=\"https:\/\/i0.wp.com\/portugalizar.com\/wp-content\/uploads\/2022\/06\/saint_peter-scaled-e1656430709882.jpg?resize=316%2C316&#038;ssl=1\" alt=\"\" class=\"wp-image-1921\" srcset=\"https:\/\/i0.wp.com\/portugalizar.com\/wp-content\/uploads\/2022\/06\/saint_peter-scaled-e1656430709882.jpg?w=316&amp;ssl=1 316w, https:\/\/i0.wp.com\/portugalizar.com\/wp-content\/uploads\/2022\/06\/saint_peter-scaled-e1656430709882.jpg?resize=300%2C300&amp;ssl=1 300w, https:\/\/i0.wp.com\/portugalizar.com\/wp-content\/uploads\/2022\/06\/saint_peter-scaled-e1656430709882.jpg?resize=150%2C150&amp;ssl=1 150w, https:\/\/i0.wp.com\/portugalizar.com\/wp-content\/uploads\/2022\/06\/saint_peter-scaled-e1656430709882.jpg?resize=12%2C12&amp;ssl=1 12w\" sizes=\"(max-width: 316px) 100vw, 316px\" \/><figcaption>S\u00e3o Pedro<\/figcaption><\/figure>\n<figcaption class=\"blocks-gallery-caption\"><strong>Os Santos Populares<\/strong><\/figcaption><\/figure>\n\n\n\n<p><em>S\u00e3o Jo\u00e3o<\/em> \u00e8 molto importante per Tavira. \u00c8 il santo patrono della citt\u00e0. E il \"perch\u00e9\" della sua importanza? Si tratta di nuovi inizi, di ricominciare. E dell'acqua, cio\u00e8 del mare, e della pesca.  Sia i nuovi inizi che l'acqua sono collegati a <em>S\u00e3o Jo\u00e3o<\/em>. Ecco il mio tentativo di mettere insieme questi collegamenti.<\/p>\n\n\n\n<h2 class=\"wp-block-heading\">Non solo santi<\/h2>\n\n\n\n<p>I tonni, in particolare il tonno rosso, passano da Tavira, o lo facevano, all'inizio di luglio. Tornano nelle acque calde del Mediterraneo per nutrirsi e per aumentare la loro resistenza. Ma alla fine si dirigono verso il Mar Nero per riprodursi. <\/p>\n\n\n\n<figure class=\"wp-block-gallery alignright has-nested-images columns-default is-cropped wp-block-gallery-2 is-layout-flex wp-block-gallery-is-layout-flex\">\n<figure class=\"wp-block-image size-large\"><img data-recalc-dims=\"1\" loading=\"lazy\" decoding=\"async\" width=\"709\" height=\"838\" data-id=\"1928\" src=\"https:\/\/i0.wp.com\/portugalizar.com\/wp-content\/uploads\/2022\/06\/Eleva-Tavira-1520.jpg?resize=709%2C838&#038;ssl=1\" alt=\"\" class=\"wp-image-1928\" srcset=\"https:\/\/i0.wp.com\/portugalizar.com\/wp-content\/uploads\/2022\/06\/Eleva-Tavira-1520.jpg?w=709&amp;ssl=1 709w, https:\/\/i0.wp.com\/portugalizar.com\/wp-content\/uploads\/2022\/06\/Eleva-Tavira-1520.jpg?resize=254%2C300&amp;ssl=1 254w, https:\/\/i0.wp.com\/portugalizar.com\/wp-content\/uploads\/2022\/06\/Eleva-Tavira-1520.jpg?resize=10%2C12&amp;ssl=1 10w\" sizes=\"(max-width: 709px) 100vw, 709px\" \/><\/figure>\n<figcaption class=\"blocks-gallery-caption\"><strong>La pagina delle Letras do Dom Manuel I che autorizza l'elevazione di Tavira a citt\u00e0. (Museo municipale di Tavira)<\/strong><\/figcaption><\/figure>\n\n\n\n<p>La pesca del tonno \u00e8 stata per secoli il fulcro economico di Tavira. Ha reso ricchi alcuni. Ma ha mantenuto le pance di tutti <em>Tavirenses<\/em> completo. A partire dall'uomo pi\u00f9 anziano, fino agli adolescenti, tutti hanno lavorato al <em>arma\u00e7\u00e3o<\/em>. Centinaia di uomini alla volta presidiano ogni <em>arma\u00e7\u00e3o<\/em>. C'erano centinaia di <em>arma\u00e7\u00e3o<\/em>.<\/p>\n\n\n\n<p>Inoltre migliaia di altre persone hanno lavorato nel <em>tessuti<\/em>. Questi stabilimenti per l'inscatolamento del tonno erano situati in tutta Tavira e nell'Algarve. Il tonno portoghese arrivava sulle tavole di tutto il mondo. I pochi mesi in cui il tonno passava per Tavira erano critici. Soprattutto per i lavoratori delle <em>arma\u00e7\u00e3o<\/em> e nel <em>tessuti<\/em>.<\/p>\n\n\n\n<p>Le settimane di giugno significavano duro lavoro in preparazione del ritorno dei tonni. Questa preparazione si concludeva verso la fine di giugno, in concomitanza con la festa del <em>S\u00e3o Jo\u00e3o<\/em>. Il 24 segnava la fine dei preparativi per le grandi catture a venire. Era un motivo sufficiente per festeggiare fino al <em>arma\u00e7\u00e3o<\/em> richiamava. I giorni felici erano di nuovo qui! <\/p>\n\n\n\n<p>Un altro motivo della grande festa di giugno \u00e8 Tavira stessa. Nel 1520 Tavira fu elevata al rango di citt\u00e0 da Dom Manuel I. Era ed \u00e8 una cosa davvero importante. Infatti, una citt\u00e0 godeva di diritti giuridici speciali. Significava autogoverno e una certa autonomia. Essere una citt\u00e0 era quindi un onore speciale. Dopo il 1520, questi due grandi eventi - lo status di citt\u00e0 e il ritorno del tonno - si sono fusi con <em>S\u00e3o Jo\u00e3o<\/em>.<\/p>\n\n\n\n<h2 class=\"wp-block-heading\">Bellissime decorazioni hanno salutato la folla felice<\/h2>\n\n\n\n<p>Tavira si veste di tutto punto per i festeggiamenti. \u00c8 davvero molto bello. Ogni anno c'\u00e8 un tema diverso. Quest'anno sembrava essere incentrato su <a href=\"https:\/\/portugalizar.com\/it\/world-of-magic-and-mystery\/\" target=\"_blank\" rel=\"noreferrer noopener\">le chiese di Tavira<\/a>. Abbiamo trattato questo argomento in un post di qualche tempo fa. Il <em>Igreja de Santa Luzia<\/em>La chiesa parrocchiale del nostro villaggio si trova in alto nella fotografia a destra.<\/p>\n\n\n\n<figure class=\"wp-block-gallery has-nested-images columns-default is-cropped wp-block-gallery-3 is-layout-flex wp-block-gallery-is-layout-flex\">\n<figure class=\"wp-block-image size-large\"><img data-recalc-dims=\"1\" loading=\"lazy\" decoding=\"async\" width=\"950\" height=\"1267\" data-id=\"2028\" src=\"https:\/\/i0.wp.com\/portugalizar.com\/wp-content\/uploads\/2022\/07\/as-decoracoes-na-rua-1-scaled.jpg?resize=950%2C1267&#038;ssl=1\" alt=\"\" class=\"wp-image-2028\" srcset=\"https:\/\/i0.wp.com\/portugalizar.com\/wp-content\/uploads\/2022\/07\/as-decoracoes-na-rua-1-scaled.jpg?w=1920&amp;ssl=1 1920w, https:\/\/i0.wp.com\/portugalizar.com\/wp-content\/uploads\/2022\/07\/as-decoracoes-na-rua-1-scaled.jpg?resize=225%2C300&amp;ssl=1 225w, https:\/\/i0.wp.com\/portugalizar.com\/wp-content\/uploads\/2022\/07\/as-decoracoes-na-rua-1-scaled.jpg?resize=768%2C1024&amp;ssl=1 768w, https:\/\/i0.wp.com\/portugalizar.com\/wp-content\/uploads\/2022\/07\/as-decoracoes-na-rua-1-scaled.jpg?resize=1152%2C1536&amp;ssl=1 1152w\" sizes=\"(max-width: 950px) 100vw, 950px\" \/><\/figure>\n\n\n\n<figure class=\"wp-block-image size-large\"><img data-recalc-dims=\"1\" loading=\"lazy\" decoding=\"async\" width=\"950\" height=\"1267\" data-id=\"2030\" src=\"https:\/\/i0.wp.com\/portugalizar.com\/wp-content\/uploads\/2022\/07\/igreja-santa-santa-luzia-na-rua-2a-scaled.jpg?resize=950%2C1267&#038;ssl=1\" alt=\"\" class=\"wp-image-2030\" srcset=\"https:\/\/i0.wp.com\/portugalizar.com\/wp-content\/uploads\/2022\/07\/igreja-santa-santa-luzia-na-rua-2a-scaled.jpg?w=1920&amp;ssl=1 1920w, https:\/\/i0.wp.com\/portugalizar.com\/wp-content\/uploads\/2022\/07\/igreja-santa-santa-luzia-na-rua-2a-scaled.jpg?resize=225%2C300&amp;ssl=1 225w, https:\/\/i0.wp.com\/portugalizar.com\/wp-content\/uploads\/2022\/07\/igreja-santa-santa-luzia-na-rua-2a-scaled.jpg?resize=768%2C1024&amp;ssl=1 768w, https:\/\/i0.wp.com\/portugalizar.com\/wp-content\/uploads\/2022\/07\/igreja-santa-santa-luzia-na-rua-2a-scaled.jpg?resize=1152%2C1536&amp;ssl=1 1152w\" sizes=\"(max-width: 950px) 100vw, 950px\" \/><\/figure>\n<figcaption class=\"blocks-gallery-caption\"><strong>Le decorazioni lungo la via principale di Tavira<\/strong>. <strong>Si sono dati da fare.<\/strong><\/figcaption><\/figure>\n\n\n\n<p>Naturalmente <em>S\u00e3o Jo\u00e3o<\/em> fa la sua comparsa. Presiede l'ingresso di <em>Jardim do Coreto<\/em> dove si svolgeranno tutti i festeggiamenti. Si passa attraverso l'arco d'ingresso festonato. C'\u00e8 <em>S\u00e3o Jo\u00e3o<\/em> salutando e salutando. Quando mi sono voltato indietro, per\u00f2, mi aspettavo di vedere la stessa immagine dall'altra parte. Invece no, c'era la vista posteriore di S\u00e3o Jo\u00e3o. Sembrava che anche lui stesse scuotendo il sedere.<\/p>\n\n\n\n<figure class=\"wp-block-gallery has-nested-images columns-default is-cropped wp-block-gallery-4 is-layout-flex wp-block-gallery-is-layout-flex\">\n<figure class=\"wp-block-image size-large\"><img data-recalc-dims=\"1\" loading=\"lazy\" decoding=\"async\" width=\"950\" height=\"1325\" data-id=\"2032\" src=\"https:\/\/i0.wp.com\/portugalizar.com\/wp-content\/uploads\/2022\/07\/saint-john-front-scaled.jpg?resize=950%2C1325&#038;ssl=1\" alt=\"\" class=\"wp-image-2032\" srcset=\"https:\/\/i0.wp.com\/portugalizar.com\/wp-content\/uploads\/2022\/07\/saint-john-front-scaled.jpg?w=1836&amp;ssl=1 1836w, https:\/\/i0.wp.com\/portugalizar.com\/wp-content\/uploads\/2022\/07\/saint-john-front-scaled.jpg?resize=215%2C300&amp;ssl=1 215w, https:\/\/i0.wp.com\/portugalizar.com\/wp-content\/uploads\/2022\/07\/saint-john-front-scaled.jpg?resize=734%2C1024&amp;ssl=1 734w, https:\/\/i0.wp.com\/portugalizar.com\/wp-content\/uploads\/2022\/07\/saint-john-front-scaled.jpg?resize=768%2C1071&amp;ssl=1 768w, https:\/\/i0.wp.com\/portugalizar.com\/wp-content\/uploads\/2022\/07\/saint-john-front-scaled.jpg?resize=1101%2C1536&amp;ssl=1 1101w, https:\/\/i0.wp.com\/portugalizar.com\/wp-content\/uploads\/2022\/07\/saint-john-front-scaled.jpg?resize=1469%2C2048&amp;ssl=1 1469w, https:\/\/i0.wp.com\/portugalizar.com\/wp-content\/uploads\/2022\/07\/saint-john-front-scaled.jpg?resize=9%2C12&amp;ssl=1 9w\" sizes=\"(max-width: 950px) 100vw, 950px\" \/><\/figure>\n\n\n\n<figure class=\"wp-block-image size-large\"><img data-recalc-dims=\"1\" loading=\"lazy\" decoding=\"async\" width=\"950\" height=\"1267\" data-id=\"2031\" src=\"https:\/\/i0.wp.com\/portugalizar.com\/wp-content\/uploads\/2022\/07\/saint-john-back-scaled.jpg?resize=950%2C1267&#038;ssl=1\" alt=\"\" class=\"wp-image-2031\" srcset=\"https:\/\/i0.wp.com\/portugalizar.com\/wp-content\/uploads\/2022\/07\/saint-john-back-scaled.jpg?w=1920&amp;ssl=1 1920w, https:\/\/i0.wp.com\/portugalizar.com\/wp-content\/uploads\/2022\/07\/saint-john-back-scaled.jpg?resize=225%2C300&amp;ssl=1 225w, https:\/\/i0.wp.com\/portugalizar.com\/wp-content\/uploads\/2022\/07\/saint-john-back-scaled.jpg?resize=768%2C1024&amp;ssl=1 768w, https:\/\/i0.wp.com\/portugalizar.com\/wp-content\/uploads\/2022\/07\/saint-john-back-scaled.jpg?resize=1152%2C1536&amp;ssl=1 1152w\" sizes=\"(max-width: 950px) 100vw, 950px\" \/><\/figure>\n<figcaption class=\"blocks-gallery-caption\"><strong>S\u00e3o Jo\u00e3o, in arrivo e in partenza, nel Jardim do Coreto<\/strong>.<\/figcaption><\/figure>\n\n\n\n<h2 class=\"wp-block-heading\">Folle felici si sono riversate nelle strade<\/h2>\n\n\n\n<p>I festeggiamenti si svolgono ogni anno dalla sera del 23 alla sera del 28. Ogni sera, intorno alle 19, le band iniziano a suonare. La folla si raduna presto. Nell'aria si respira un'aria di attesa. Si pu\u00f2 quasi sentire e percepire il crepitio dell'eccitazione. Tutti sembrano pronti a far festa, a lasciarsi andare e a essere semplicemente felici.<\/p>\n\n\n\n<p>E di certo non sono mancati i festeggiamenti, cio\u00e8 la buona musica e i balli. Le cose sono iniziate con <em>O Trio Vers\u00e1til<\/em>, i tre ragazzi raffigurati qui sotto. Tutti ansiosi di divertirsi e di scatenarsi. E <em>o Trio<\/em> non ha deluso la folla.<\/p>\n\n\n\n<figure class=\"wp-block-image size-large\"><img data-recalc-dims=\"1\" loading=\"lazy\" decoding=\"async\" width=\"950\" height=\"533\" src=\"https:\/\/i0.wp.com\/portugalizar.com\/wp-content\/uploads\/2022\/07\/O-Trio-Versatil-Jardim-do-Coreto-23-de-Junho.jpg?resize=950%2C533&#038;ssl=1\" alt=\"\" class=\"wp-image-2033\" srcset=\"https:\/\/i0.wp.com\/portugalizar.com\/wp-content\/uploads\/2022\/07\/O-Trio-Versatil-Jardim-do-Coreto-23-de-Junho.jpg?resize=1024%2C574&amp;ssl=1 1024w, https:\/\/i0.wp.com\/portugalizar.com\/wp-content\/uploads\/2022\/07\/O-Trio-Versatil-Jardim-do-Coreto-23-de-Junho.jpg?resize=300%2C168&amp;ssl=1 300w, https:\/\/i0.wp.com\/portugalizar.com\/wp-content\/uploads\/2022\/07\/O-Trio-Versatil-Jardim-do-Coreto-23-de-Junho.jpg?resize=768%2C431&amp;ssl=1 768w, https:\/\/i0.wp.com\/portugalizar.com\/wp-content\/uploads\/2022\/07\/O-Trio-Versatil-Jardim-do-Coreto-23-de-Junho.jpg?resize=1536%2C862&amp;ssl=1 1536w, https:\/\/i0.wp.com\/portugalizar.com\/wp-content\/uploads\/2022\/07\/O-Trio-Versatil-Jardim-do-Coreto-23-de-Junho.jpg?resize=18%2C10&amp;ssl=1 18w, https:\/\/i0.wp.com\/portugalizar.com\/wp-content\/uploads\/2022\/07\/O-Trio-Versatil-Jardim-do-Coreto-23-de-Junho.jpg?w=1920&amp;ssl=1 1920w\" sizes=\"(max-width: 950px) 100vw, 950px\" \/><figcaption><strong>O Trio Vers\u00e1til, Jardim do Coreto, 23 de Junho 2022<\/strong><\/figcaption><\/figure>\n\n\n\n<p>Ho pubblicato dei brevi video per voi su YouTube. Ma solo se siete interessati. \u00c8 l'unico modo per farvi partecipare ai festeggiamenti. Questo primo video presenta <em>O Trio Vers\u00e1til<\/em>. Essendo tra i primi, hanno dovuto fissare un livello alto. E s\u00ec, hanno lavorato duramente per intrattenere la folla che si \u00e8 radunata in <em>Jardim do Coreto<\/em> la sera del 23 giugno. <\/p>\n\n\n\n<p>Tuttavia, ci\u00f2 che ho trovato veramente divertente e simpatico \u00e8 stata la folla. Giovani e anziani, portoghesi ed espatriati, tutti. Si godevano la vita. Ballando tutta la notte.<\/p>\n\n\n\n<p>Quindi cliccate sul piccolo pulsante blu qui <a href=\"https:\/\/youtu.be\/G00USVENdaE\" target=\"_blank\" rel=\"noreferrer noopener\">\u25b6\ufe0f<\/a> per guardare questo primo video. Ma solo se siete interessati. E anche se pensate di non essere interessati. Procedete pure. Fate clic su quel piccolo pulsante blu. Chiss\u00e0, potreste trovare qualcosa di interessante. \u00c8 un po' di sano voyeurismo. Inoltre, guardare la gente che \u00e8 felice, che gode di piaceri semplici. Beh, potrebbe rendere felice anche voi. Ma non perdetevi su YouTube. Assicuratevi di tornare e di finire questo post!<\/p>\n\n\n\n<h2 class=\"wp-block-heading\">La grande attrazione della serata<\/h2>\n\n\n\n<p>Pi\u00f9 tardi, a mezzanotte, si \u00e8 tenuto uno straordinario spettacolo pirotecnico. Ma alcuni mi hanno detto che quest'anno i fuochi d'artificio sono stati un po' deludenti. \"In passato erano stati molto pi\u00f9 belli\". Io li ho trovati fantastici. Soprattutto il finale, caratterizzato da una cascata di luce che dal ponte scendeva nel Rio Gil\u00e3o. Fatemi sapere cosa ne pensate!<\/p>\n\n\n\n<figure class=\"wp-block-image alignwide size-large\"><img data-recalc-dims=\"1\" loading=\"lazy\" decoding=\"async\" width=\"683\" height=\"1024\" src=\"https:\/\/i0.wp.com\/portugalizar.com\/wp-content\/uploads\/2022\/07\/fogo-de-artifico.jpg?resize=683%2C1024&#038;ssl=1\" alt=\"\" class=\"wp-image-2043\" srcset=\"https:\/\/i0.wp.com\/portugalizar.com\/wp-content\/uploads\/2022\/07\/fogo-de-artifico.jpg?resize=683%2C1024&amp;ssl=1 683w, https:\/\/i0.wp.com\/portugalizar.com\/wp-content\/uploads\/2022\/07\/fogo-de-artifico.jpg?resize=200%2C300&amp;ssl=1 200w, https:\/\/i0.wp.com\/portugalizar.com\/wp-content\/uploads\/2022\/07\/fogo-de-artifico.jpg?resize=768%2C1152&amp;ssl=1 768w, https:\/\/i0.wp.com\/portugalizar.com\/wp-content\/uploads\/2022\/07\/fogo-de-artifico.jpg?resize=1024%2C1536&amp;ssl=1 1024w, https:\/\/i0.wp.com\/portugalizar.com\/wp-content\/uploads\/2022\/07\/fogo-de-artifico.jpg?resize=8%2C12&amp;ssl=1 8w, https:\/\/i0.wp.com\/portugalizar.com\/wp-content\/uploads\/2022\/07\/fogo-de-artifico.jpg?w=1280&amp;ssl=1 1280w\" sizes=\"(max-width: 683px) 100vw, 683px\" \/><figcaption><strong>Os Fogos de Artif\u00edcio, mezzanotte del 23 giugno 2022. (tratto dal sito web di Tavira)<\/strong><\/figcaption><\/figure>\n\n\n\n<p>Cos\u00ec avete la fotografia qui sopra. Bella, no? Ma che ne dite di un altro video? S\u00ec, l'avete trovato. Un altro piccolo pulsante blu da cliccare! Cliccate qui <a href=\"https:\/\/youtu.be\/cbopqlR1Ms0\" target=\"_blank\" rel=\"noreferrer noopener\">\u25b6\ufe0f<\/a>! Ma come ho detto prima, assicuratevi di tornare per finire il post.<\/p>\n\n\n\n<p>La serata successiva, il 24 giugno, ha visto un'altra grande attrazione. Uno dei grandi artisti portoghesi contemporanei <em>fadistas<\/em>Gisela Jo\u00e3o, ha tenuto un superbo concerto nella piazza centrale della citt\u00e0, <em>Pra\u00e7a de Liberdade<\/em>. Abbiamo parlato un po' di <em>Fado<\/em> in un <a href=\"https:\/\/portugalizar.com\/it\/weird-and-wild\/\" target=\"_blank\" rel=\"noreferrer noopener\">post precedente<\/a>. <em>Una Senhora<\/em> Gisela non \u00e8 una persona all'antica <em>fadista<\/em>. Il suo abito lo rivela, no? Adoro il vestito! Favoloso! E <em>Fado<\/em>come forma d'arte, \u00e8 in continua evoluzione. Non \u00e8 statica. Ma \u00e8 molto viva e vegeta.<\/p>\n\n\n\n<figure class=\"wp-block-image size-large\"><img data-recalc-dims=\"1\" loading=\"lazy\" decoding=\"async\" width=\"950\" height=\"663\" src=\"https:\/\/i0.wp.com\/portugalizar.com\/wp-content\/uploads\/2022\/07\/Gisela-Joa%CC%83o-Prac%CC%A7a-de-Libertada-24-de-Junho-2023.jpg?resize=950%2C663&#038;ssl=1\" alt=\"\" class=\"wp-image-2049\" srcset=\"https:\/\/i0.wp.com\/portugalizar.com\/wp-content\/uploads\/2022\/07\/Gisela-Joa%CC%83o-Prac%CC%A7a-de-Libertada-24-de-Junho-2023.jpg?resize=1024%2C715&amp;ssl=1 1024w, https:\/\/i0.wp.com\/portugalizar.com\/wp-content\/uploads\/2022\/07\/Gisela-Joa%CC%83o-Prac%CC%A7a-de-Libertada-24-de-Junho-2023.jpg?resize=300%2C210&amp;ssl=1 300w, https:\/\/i0.wp.com\/portugalizar.com\/wp-content\/uploads\/2022\/07\/Gisela-Joa%CC%83o-Prac%CC%A7a-de-Libertada-24-de-Junho-2023.jpg?resize=768%2C536&amp;ssl=1 768w, https:\/\/i0.wp.com\/portugalizar.com\/wp-content\/uploads\/2022\/07\/Gisela-Joa%CC%83o-Prac%CC%A7a-de-Libertada-24-de-Junho-2023.jpg?resize=1536%2C1073&amp;ssl=1 1536w, https:\/\/i0.wp.com\/portugalizar.com\/wp-content\/uploads\/2022\/07\/Gisela-Joa%CC%83o-Prac%CC%A7a-de-Libertada-24-de-Junho-2023.jpg?resize=2048%2C1431&amp;ssl=1 2048w, https:\/\/i0.wp.com\/portugalizar.com\/wp-content\/uploads\/2022\/07\/Gisela-Joa%CC%83o-Prac%CC%A7a-de-Libertada-24-de-Junho-2023.jpg?resize=18%2C12&amp;ssl=1 18w, https:\/\/i0.wp.com\/portugalizar.com\/wp-content\/uploads\/2022\/07\/Gisela-Joa%CC%83o-Prac%CC%A7a-de-Libertada-24-de-Junho-2023.jpg?resize=2000%2C1397&amp;ssl=1 2000w, https:\/\/i0.wp.com\/portugalizar.com\/wp-content\/uploads\/2022\/07\/Gisela-Joa%CC%83o-Prac%CC%A7a-de-Libertada-24-de-Junho-2023.jpg?w=1900&amp;ssl=1 1900w\" sizes=\"(max-width: 950px) 100vw, 950px\" \/><figcaption><strong>A Gisela Jo\u00e3o, Pra\u00e7a de Liberdade, 24 de Junho 2022<\/strong><\/figcaption><\/figure>\n\n\n\n<p>Ascoltate. S\u00ec, scusate, questo significa un altro pulsante blu. Anche in questo caso vale la pena cliccare per un breve assaggio di <em>una Senhora Gisela<\/em>. Quindi clicca qui <a href=\"https:\/\/youtu.be\/LZgGGwdaYt8\" target=\"_blank\" rel=\"noreferrer noopener\">\u25b6\ufe0f<\/a>. E assicuratevi di tornare. Mi mancherete se non lo farete!<\/p>\n\n\n\n<h2 class=\"wp-block-heading\">E c'\u00e8 ancora di pi\u00f9<\/h2>\n\n\n\n<p>Il concerto di <em>una Senhora Gisela<\/em> era per guardare. Certo, la gente ballava e ondeggiava. Ma ballare era compito delle bande musicali della porta accanto, in <em>Jardim do Coreto<\/em>. Cristiano Martins si \u00e8 esibito il 24 giugno. Ha fatto alzare la folla e ballare con facilit\u00e0 e abilit\u00e0. Credo che fossero comunque pronti per un'altra serata felice e spensierata.<\/p>\n\n\n\n<figure class=\"wp-block-image size-large\"><img data-recalc-dims=\"1\" loading=\"lazy\" decoding=\"async\" width=\"950\" height=\"528\" src=\"https:\/\/i0.wp.com\/portugalizar.com\/wp-content\/uploads\/2022\/07\/Cristiano-Martins-%E2%80%94-24-de-Junho-2022.jpg?resize=950%2C528&#038;ssl=1\" alt=\"\" class=\"wp-image-2051\" srcset=\"https:\/\/i0.wp.com\/portugalizar.com\/wp-content\/uploads\/2022\/07\/Cristiano-Martins-%E2%80%94-24-de-Junho-2022.jpg?resize=1024%2C569&amp;ssl=1 1024w, https:\/\/i0.wp.com\/portugalizar.com\/wp-content\/uploads\/2022\/07\/Cristiano-Martins-%E2%80%94-24-de-Junho-2022.jpg?resize=300%2C167&amp;ssl=1 300w, https:\/\/i0.wp.com\/portugalizar.com\/wp-content\/uploads\/2022\/07\/Cristiano-Martins-%E2%80%94-24-de-Junho-2022.jpg?resize=768%2C427&amp;ssl=1 768w, https:\/\/i0.wp.com\/portugalizar.com\/wp-content\/uploads\/2022\/07\/Cristiano-Martins-%E2%80%94-24-de-Junho-2022.jpg?resize=1536%2C854&amp;ssl=1 1536w, https:\/\/i0.wp.com\/portugalizar.com\/wp-content\/uploads\/2022\/07\/Cristiano-Martins-%E2%80%94-24-de-Junho-2022.jpg?resize=2048%2C1139&amp;ssl=1 2048w, https:\/\/i0.wp.com\/portugalizar.com\/wp-content\/uploads\/2022\/07\/Cristiano-Martins-%E2%80%94-24-de-Junho-2022.jpg?resize=18%2C10&amp;ssl=1 18w, https:\/\/i0.wp.com\/portugalizar.com\/wp-content\/uploads\/2022\/07\/Cristiano-Martins-%E2%80%94-24-de-Junho-2022.jpg?resize=2000%2C1112&amp;ssl=1 2000w, https:\/\/i0.wp.com\/portugalizar.com\/wp-content\/uploads\/2022\/07\/Cristiano-Martins-%E2%80%94-24-de-Junho-2022.jpg?w=1900&amp;ssl=1 1900w\" sizes=\"(max-width: 950px) 100vw, 950px\" \/><figcaption><strong>Cristiano Martins, Jardim do Coreto, 24 de Junho 2022<\/strong><\/figcaption><\/figure>\n\n\n\n<p>Anche in questo caso, la musica era di base. Un buon ritmo, ripetitivo e molto ballabile. E tutti si sono divertiti. Per me \u00e8 la folla che si diverte di pi\u00f9 a guardare. Quindi andate avanti, ascoltate. Ops! Scusate, un altro pulsante blu da cliccare. Ma avanti, fatelo e basta. Avete fatto tanta pratica. Cliccate qui <a href=\"https:\/\/youtu.be\/Fwo7X17ZxK0\" target=\"_blank\" rel=\"noreferrer noopener\">\u25b6\ufe0f<\/a>. Questa volta non dovete tornare. Per questa settimana abbiamo finito.<\/p>\n\n\n\n<p>A gioved\u00ec prossimo! \/\/ Ci vediamo gioved\u00ec prossimo! E, a proposito, questa settimana vi \u00e8 andata bene. Non c'\u00e8 stato il mio filosofeggiare, teorizzare e simili. Non contate su questo la prossima settimana. \ud83d\ude07<\/p>","protected":false},"excerpt":{"rendered":"<p>Dopo quasi tre anni di chiusura. Dopo numerose festivit\u00e0 annullate e celebrazioni rinviate. Ebbene, Tavira \u00e8 tornata a vivere con le celebrazioni gemelle della Giornata della Citt\u00e0 e della Festa di S\u00e3o Jo\u00e3o. Una grande celebrazione di una settimana che porta a tutti i festeggiamenti dell'estate. Per saperne di pi\u00f9... <\/p>","protected":false},"author":1,"featured_media":1906,"comment_status":"open","ping_status":"closed","sticky":false,"template":"","format":"standard","meta":{"nf_dc_page":"","om_disable_all_campaigns":false,"_monsterinsights_skip_tracking":false,"_monsterinsights_sitenote_active":false,"_monsterinsights_sitenote_note":"","_monsterinsights_sitenote_category":0,"_themeisle_gutenberg_block_has_review":false,"_jetpack_memberships_contains_paid_content":false,"footnotes":""},"categories":[8,9,10],"tags":[],"class_list":["post-1902","post","type-post","status-publish","format-standard","has-post-thumbnail","hentry","category-culture-customs","category-history","category-place"],"yoast_head":"<!-- This site is optimized with the Yoast SEO plugin v27.4 - https:\/\/yoast.com\/product\/yoast-seo-wordpress\/ -->\n<title>HAPPY DAYS ARE HERE AGAIN! A SPECIAL EDITION - PORTUGALIZAR<\/title>\n<meta name=\"description\" content=\"Tavira kicks off summer in grand style. Covid of course kiboshed all festivities for two years. But now happy days are here again.\" \/>\n<meta name=\"robots\" content=\"index, follow, max-snippet:-1, max-image-preview:large, max-video-preview:-1\" \/>\n<link rel=\"canonical\" href=\"https:\/\/portugalizar.com\/it\/happy-days-are-here-again\/\" \/>\n<meta property=\"og:locale\" content=\"it_IT\" \/>\n<meta property=\"og:type\" content=\"article\" \/>\n<meta property=\"og:title\" content=\"HAPPY DAYS ARE HERE AGAIN! A SPECIAL EDITION - PORTUGALIZAR\" \/>\n<meta property=\"og:description\" content=\"Tavira kicks off summer in grand style. Covid of course kiboshed all festivities for two years. But now happy days are here again.\" \/>\n<meta property=\"og:url\" content=\"https:\/\/portugalizar.com\/it\/happy-days-are-here-again\/\" \/>\n<meta property=\"og:site_name\" content=\"PORTUGALIZAR\" \/>\n<meta property=\"article:published_time\" content=\"2022-07-14T04:00:00+00:00\" \/>\n<meta property=\"article:modified_time\" content=\"2022-07-14T16:53:03+00:00\" \/>\n<meta property=\"og:image\" content=\"https:\/\/portugalizar.com\/wp-content\/uploads\/2022\/06\/Document.jpeg\" \/>\n\t<meta property=\"og:image:width\" content=\"1300\" \/>\n\t<meta property=\"og:image:height\" content=\"309\" \/>\n\t<meta property=\"og:image:type\" content=\"image\/jpeg\" \/>\n<meta name=\"author\" content=\"Gui\" \/>\n<meta name=\"twitter:card\" content=\"summary_large_image\" \/>\n<meta name=\"twitter:label1\" content=\"Scritto da\" \/>\n\t<meta name=\"twitter:data1\" content=\"Gui\" \/>\n\t<meta name=\"twitter:label2\" content=\"Tempo di lettura stimato\" \/>\n\t<meta name=\"twitter:data2\" content=\"10 minuti\" \/>\n<script type=\"application\/ld+json\" class=\"yoast-schema-graph\">{\"@context\":\"https:\\\/\\\/schema.org\",\"@graph\":[{\"@type\":\"Article\",\"@id\":\"https:\\\/\\\/portugalizar.com\\\/happy-days-are-here-again\\\/#article\",\"isPartOf\":{\"@id\":\"https:\\\/\\\/portugalizar.com\\\/happy-days-are-here-again\\\/\"},\"author\":{\"name\":\"Gui\",\"@id\":\"https:\\\/\\\/portugalizar.com\\\/#\\\/schema\\\/person\\\/1f60af48f39895b897e26d9d92ecf6db\"},\"headline\":\"HAPPY DAYS ARE HERE AGAIN! A SPECIAL EDITION\",\"datePublished\":\"2022-07-14T04:00:00+00:00\",\"dateModified\":\"2022-07-14T16:53:03+00:00\",\"mainEntityOfPage\":{\"@id\":\"https:\\\/\\\/portugalizar.com\\\/happy-days-are-here-again\\\/\"},\"wordCount\":1660,\"commentCount\":6,\"publisher\":{\"@id\":\"https:\\\/\\\/portugalizar.com\\\/#organization\"},\"image\":{\"@id\":\"https:\\\/\\\/portugalizar.com\\\/happy-days-are-here-again\\\/#primaryimage\"},\"thumbnailUrl\":\"https:\\\/\\\/i0.wp.com\\\/portugalizar.com\\\/wp-content\\\/uploads\\\/2022\\\/06\\\/Document.jpeg?fit=1300%2C309&ssl=1\",\"articleSection\":[\"Culture &amp; Customs\",\"History\",\"Place\"],\"inLanguage\":\"it-IT\",\"potentialAction\":[{\"@type\":\"CommentAction\",\"name\":\"Comment\",\"target\":[\"https:\\\/\\\/portugalizar.com\\\/happy-days-are-here-again\\\/#respond\"]}]},{\"@type\":\"WebPage\",\"@id\":\"https:\\\/\\\/portugalizar.com\\\/happy-days-are-here-again\\\/\",\"url\":\"https:\\\/\\\/portugalizar.com\\\/happy-days-are-here-again\\\/\",\"name\":\"HAPPY DAYS ARE HERE AGAIN! A SPECIAL EDITION - PORTUGALIZAR\",\"isPartOf\":{\"@id\":\"https:\\\/\\\/portugalizar.com\\\/#website\"},\"primaryImageOfPage\":{\"@id\":\"https:\\\/\\\/portugalizar.com\\\/happy-days-are-here-again\\\/#primaryimage\"},\"image\":{\"@id\":\"https:\\\/\\\/portugalizar.com\\\/happy-days-are-here-again\\\/#primaryimage\"},\"thumbnailUrl\":\"https:\\\/\\\/i0.wp.com\\\/portugalizar.com\\\/wp-content\\\/uploads\\\/2022\\\/06\\\/Document.jpeg?fit=1300%2C309&ssl=1\",\"datePublished\":\"2022-07-14T04:00:00+00:00\",\"dateModified\":\"2022-07-14T16:53:03+00:00\",\"description\":\"Tavira kicks off summer in grand style. Covid of course kiboshed all festivities for two years. But now happy days are here again.\",\"breadcrumb\":{\"@id\":\"https:\\\/\\\/portugalizar.com\\\/happy-days-are-here-again\\\/#breadcrumb\"},\"inLanguage\":\"it-IT\",\"potentialAction\":[{\"@type\":\"ReadAction\",\"target\":[\"https:\\\/\\\/portugalizar.com\\\/happy-days-are-here-again\\\/\"]}]},{\"@type\":\"ImageObject\",\"inLanguage\":\"it-IT\",\"@id\":\"https:\\\/\\\/portugalizar.com\\\/happy-days-are-here-again\\\/#primaryimage\",\"url\":\"https:\\\/\\\/i0.wp.com\\\/portugalizar.com\\\/wp-content\\\/uploads\\\/2022\\\/06\\\/Document.jpeg?fit=1300%2C309&ssl=1\",\"contentUrl\":\"https:\\\/\\\/i0.wp.com\\\/portugalizar.com\\\/wp-content\\\/uploads\\\/2022\\\/06\\\/Document.jpeg?fit=1300%2C309&ssl=1\",\"width\":1300,\"height\":309},{\"@type\":\"BreadcrumbList\",\"@id\":\"https:\\\/\\\/portugalizar.com\\\/happy-days-are-here-again\\\/#breadcrumb\",\"itemListElement\":[{\"@type\":\"ListItem\",\"position\":1,\"name\":\"Home\",\"item\":\"https:\\\/\\\/portugalizar.com\\\/\"},{\"@type\":\"ListItem\",\"position\":2,\"name\":\"HAPPY DAYS ARE HERE AGAIN! A SPECIAL EDITION\"}]},{\"@type\":\"WebSite\",\"@id\":\"https:\\\/\\\/portugalizar.com\\\/#website\",\"url\":\"https:\\\/\\\/portugalizar.com\\\/\",\"name\":\"PORTUGALIZAR\",\"description\":\"\",\"publisher\":{\"@id\":\"https:\\\/\\\/portugalizar.com\\\/#organization\"},\"potentialAction\":[{\"@type\":\"SearchAction\",\"target\":{\"@type\":\"EntryPoint\",\"urlTemplate\":\"https:\\\/\\\/portugalizar.com\\\/?s={search_term_string}\"},\"query-input\":{\"@type\":\"PropertyValueSpecification\",\"valueRequired\":true,\"valueName\":\"search_term_string\"}}],\"inLanguage\":\"it-IT\"},{\"@type\":\"Organization\",\"@id\":\"https:\\\/\\\/portugalizar.com\\\/#organization\",\"name\":\"PORTUGALIZAR\",\"url\":\"https:\\\/\\\/portugalizar.com\\\/\",\"logo\":{\"@type\":\"ImageObject\",\"inLanguage\":\"it-IT\",\"@id\":\"https:\\\/\\\/portugalizar.com\\\/#\\\/schema\\\/logo\\\/image\\\/\",\"url\":\"\",\"contentUrl\":\"\",\"caption\":\"PORTUGALIZAR\"},\"image\":{\"@id\":\"https:\\\/\\\/portugalizar.com\\\/#\\\/schema\\\/logo\\\/image\\\/\"}},{\"@type\":\"Person\",\"@id\":\"https:\\\/\\\/portugalizar.com\\\/#\\\/schema\\\/person\\\/1f60af48f39895b897e26d9d92ecf6db\",\"name\":\"Gui\",\"image\":{\"@type\":\"ImageObject\",\"inLanguage\":\"it-IT\",\"@id\":\"https:\\\/\\\/secure.gravatar.com\\\/avatar\\\/0bef00a699e73fc60016c16a6f44683b2a027bb1b48a4b3973732af4cc636712?s=96&d=mm&r=g\",\"url\":\"https:\\\/\\\/secure.gravatar.com\\\/avatar\\\/0bef00a699e73fc60016c16a6f44683b2a027bb1b48a4b3973732af4cc636712?s=96&d=mm&r=g\",\"contentUrl\":\"https:\\\/\\\/secure.gravatar.com\\\/avatar\\\/0bef00a699e73fc60016c16a6f44683b2a027bb1b48a4b3973732af4cc636712?s=96&d=mm&r=g\",\"caption\":\"Gui\"},\"url\":\"https:\\\/\\\/portugalizar.com\\\/it\\\/author\\\/spestheonlyone\\\/\"}]}<\/script>\n<!-- \/ Yoast SEO plugin. -->","yoast_head_json":{"title":"HAPPY DAYS ARE HERE AGAIN! A SPECIAL EDITION - PORTUGALIZAR","description":"Tavira kicks off summer in grand style. Covid of course kiboshed all festivities for two years. But now happy days are here again.","robots":{"index":"index","follow":"follow","max-snippet":"max-snippet:-1","max-image-preview":"max-image-preview:large","max-video-preview":"max-video-preview:-1"},"canonical":"https:\/\/portugalizar.com\/it\/happy-days-are-here-again\/","og_locale":"it_IT","og_type":"article","og_title":"HAPPY DAYS ARE HERE AGAIN! A SPECIAL EDITION - PORTUGALIZAR","og_description":"Tavira kicks off summer in grand style. Covid of course kiboshed all festivities for two years. But now happy days are here again.","og_url":"https:\/\/portugalizar.com\/it\/happy-days-are-here-again\/","og_site_name":"PORTUGALIZAR","article_published_time":"2022-07-14T04:00:00+00:00","article_modified_time":"2022-07-14T16:53:03+00:00","og_image":[{"width":1300,"height":309,"url":"https:\/\/portugalizar.com\/wp-content\/uploads\/2022\/06\/Document.jpeg","type":"image\/jpeg"}],"author":"Gui","twitter_card":"summary_large_image","twitter_misc":{"Scritto da":"Gui","Tempo di lettura stimato":"10 minuti"},"schema":{"@context":"https:\/\/schema.org","@graph":[{"@type":"Article","@id":"https:\/\/portugalizar.com\/happy-days-are-here-again\/#article","isPartOf":{"@id":"https:\/\/portugalizar.com\/happy-days-are-here-again\/"},"author":{"name":"Gui","@id":"https:\/\/portugalizar.com\/#\/schema\/person\/1f60af48f39895b897e26d9d92ecf6db"},"headline":"HAPPY DAYS ARE HERE AGAIN! A SPECIAL EDITION","datePublished":"2022-07-14T04:00:00+00:00","dateModified":"2022-07-14T16:53:03+00:00","mainEntityOfPage":{"@id":"https:\/\/portugalizar.com\/happy-days-are-here-again\/"},"wordCount":1660,"commentCount":6,"publisher":{"@id":"https:\/\/portugalizar.com\/#organization"},"image":{"@id":"https:\/\/portugalizar.com\/happy-days-are-here-again\/#primaryimage"},"thumbnailUrl":"https:\/\/i0.wp.com\/portugalizar.com\/wp-content\/uploads\/2022\/06\/Document.jpeg?fit=1300%2C309&ssl=1","articleSection":["Culture &amp; Customs","History","Place"],"inLanguage":"it-IT","potentialAction":[{"@type":"CommentAction","name":"Comment","target":["https:\/\/portugalizar.com\/happy-days-are-here-again\/#respond"]}]},{"@type":"WebPage","@id":"https:\/\/portugalizar.com\/happy-days-are-here-again\/","url":"https:\/\/portugalizar.com\/happy-days-are-here-again\/","name":"HAPPY DAYS ARE HERE AGAIN! A SPECIAL EDITION - PORTUGALIZAR","isPartOf":{"@id":"https:\/\/portugalizar.com\/#website"},"primaryImageOfPage":{"@id":"https:\/\/portugalizar.com\/happy-days-are-here-again\/#primaryimage"},"image":{"@id":"https:\/\/portugalizar.com\/happy-days-are-here-again\/#primaryimage"},"thumbnailUrl":"https:\/\/i0.wp.com\/portugalizar.com\/wp-content\/uploads\/2022\/06\/Document.jpeg?fit=1300%2C309&ssl=1","datePublished":"2022-07-14T04:00:00+00:00","dateModified":"2022-07-14T16:53:03+00:00","description":"Tavira kicks off summer in grand style. Covid of course kiboshed all festivities for two years. But now happy days are here again.","breadcrumb":{"@id":"https:\/\/portugalizar.com\/happy-days-are-here-again\/#breadcrumb"},"inLanguage":"it-IT","potentialAction":[{"@type":"ReadAction","target":["https:\/\/portugalizar.com\/happy-days-are-here-again\/"]}]},{"@type":"ImageObject","inLanguage":"it-IT","@id":"https:\/\/portugalizar.com\/happy-days-are-here-again\/#primaryimage","url":"https:\/\/i0.wp.com\/portugalizar.com\/wp-content\/uploads\/2022\/06\/Document.jpeg?fit=1300%2C309&ssl=1","contentUrl":"https:\/\/i0.wp.com\/portugalizar.com\/wp-content\/uploads\/2022\/06\/Document.jpeg?fit=1300%2C309&ssl=1","width":1300,"height":309},{"@type":"BreadcrumbList","@id":"https:\/\/portugalizar.com\/happy-days-are-here-again\/#breadcrumb","itemListElement":[{"@type":"ListItem","position":1,"name":"Home","item":"https:\/\/portugalizar.com\/"},{"@type":"ListItem","position":2,"name":"HAPPY DAYS ARE HERE AGAIN! A SPECIAL EDITION"}]},{"@type":"WebSite","@id":"https:\/\/portugalizar.com\/#website","url":"https:\/\/portugalizar.com\/","name":"PORTOGALLO","description":"","publisher":{"@id":"https:\/\/portugalizar.com\/#organization"},"potentialAction":[{"@type":"SearchAction","target":{"@type":"EntryPoint","urlTemplate":"https:\/\/portugalizar.com\/?s={search_term_string}"},"query-input":{"@type":"PropertyValueSpecification","valueRequired":true,"valueName":"search_term_string"}}],"inLanguage":"it-IT"},{"@type":"Organization","@id":"https:\/\/portugalizar.com\/#organization","name":"PORTOGALLO","url":"https:\/\/portugalizar.com\/","logo":{"@type":"ImageObject","inLanguage":"it-IT","@id":"https:\/\/portugalizar.com\/#\/schema\/logo\/image\/","url":"","contentUrl":"","caption":"PORTUGALIZAR"},"image":{"@id":"https:\/\/portugalizar.com\/#\/schema\/logo\/image\/"}},{"@type":"Person","@id":"https:\/\/portugalizar.com\/#\/schema\/person\/1f60af48f39895b897e26d9d92ecf6db","name":"Gui","image":{"@type":"ImageObject","inLanguage":"it-IT","@id":"https:\/\/secure.gravatar.com\/avatar\/0bef00a699e73fc60016c16a6f44683b2a027bb1b48a4b3973732af4cc636712?s=96&d=mm&r=g","url":"https:\/\/secure.gravatar.com\/avatar\/0bef00a699e73fc60016c16a6f44683b2a027bb1b48a4b3973732af4cc636712?s=96&d=mm&r=g","contentUrl":"https:\/\/secure.gravatar.com\/avatar\/0bef00a699e73fc60016c16a6f44683b2a027bb1b48a4b3973732af4cc636712?s=96&d=mm&r=g","caption":"Gui"},"url":"https:\/\/portugalizar.com\/it\/author\/spestheonlyone\/"}]}},"jetpack_featured_media_url":"https:\/\/i0.wp.com\/portugalizar.com\/wp-content\/uploads\/2022\/06\/Document.jpeg?fit=1300%2C309&ssl=1","jetpack-related-posts":[],"jetpack_sharing_enabled":true,"_links":{"self":[{"href":"https:\/\/portugalizar.com\/it\/wp-json\/wp\/v2\/posts\/1902","targetHints":{"allow":["GET"]}}],"collection":[{"href":"https:\/\/portugalizar.com\/it\/wp-json\/wp\/v2\/posts"}],"about":[{"href":"https:\/\/portugalizar.com\/it\/wp-json\/wp\/v2\/types\/post"}],"author":[{"embeddable":true,"href":"https:\/\/portugalizar.com\/it\/wp-json\/wp\/v2\/users\/1"}],"replies":[{"embeddable":true,"href":"https:\/\/portugalizar.com\/it\/wp-json\/wp\/v2\/comments?post=1902"}],"version-history":[{"count":5,"href":"https:\/\/portugalizar.com\/it\/wp-json\/wp\/v2\/posts\/1902\/revisions"}],"predecessor-version":[{"id":2068,"href":"https:\/\/portugalizar.com\/it\/wp-json\/wp\/v2\/posts\/1902\/revisions\/2068"}],"wp:featuredmedia":[{"embeddable":true,"href":"https:\/\/portugalizar.com\/it\/wp-json\/wp\/v2\/media\/1906"}],"wp:attachment":[{"href":"https:\/\/portugalizar.com\/it\/wp-json\/wp\/v2\/media?parent=1902"}],"wp:term":[{"taxonomy":"category","embeddable":true,"href":"https:\/\/portugalizar.com\/it\/wp-json\/wp\/v2\/categories?post=1902"},{"taxonomy":"post_tag","embeddable":true,"href":"https:\/\/portugalizar.com\/it\/wp-json\/wp\/v2\/tags?post=1902"}],"curies":[{"name":"wp","href":"https:\/\/api.w.org\/{rel}","templated":true}]}}