{"id":1449,"date":"2024-12-31T04:00:00","date_gmt":"2024-12-31T04:00:00","guid":{"rendered":"https:\/\/portugalizar.com\/?p=1449"},"modified":"2024-01-11T09:46:29","modified_gmt":"2024-01-11T09:46:29","slug":"bad-romance-caught","status":"publish","type":"post","link":"https:\/\/portugalizar.com\/it\/bad-romance-caught\/","title":{"rendered":"Intrappolati in una brutta storia d'amore. <br>Voglio il tuo amore!"},"content":{"rendered":"<p><em>Ol\u00e0 tudos! <\/em>\/\/ Ciao a tutti! L'argomento di oggi potrebbe non essere di interesse per tutti. Cercher\u00f2 di essere breve. Ma non prometto nulla. Sto esaminando il rapporto tra Chiesa e Stato qui in Portogallo. L'argomento mi interessa per due motivi. In primo luogo la storia \u00e8 sicuramente un <a href=\"https:\/\/youtu.be\/qrO4YZeyl0I\" target=\"_blank\" rel=\"noreferrer noopener\">Canzone di Lady Gaga<\/a> prendere vita. Un re o un dittatore che si trova in una brutta storia d'amore con un cardinale. E viceversa. Ma nel peggiore dei modi, bisognosi l'uno dell'amore dell'altro. <\/p>\n\n\n<div class=\"wp-block-image\">\n<figure class=\"alignright size-large is-resized\"><img data-recalc-dims=\"1\" fetchpriority=\"high\" decoding=\"async\" src=\"https:\/\/i0.wp.com\/portugalizar.com\/wp-content\/uploads\/2022\/06\/IMG_3292.jpg?resize=412%2C453&#038;ssl=1\" alt=\"\" class=\"wp-image-1849\" width=\"412\" height=\"453\" srcset=\"https:\/\/i0.wp.com\/portugalizar.com\/wp-content\/uploads\/2022\/06\/IMG_3292-scaled.jpg?resize=930%2C1024&amp;ssl=1 930w, https:\/\/i0.wp.com\/portugalizar.com\/wp-content\/uploads\/2022\/06\/IMG_3292-scaled.jpg?resize=272%2C300&amp;ssl=1 272w, https:\/\/i0.wp.com\/portugalizar.com\/wp-content\/uploads\/2022\/06\/IMG_3292-scaled.jpg?resize=768%2C846&amp;ssl=1 768w, https:\/\/i0.wp.com\/portugalizar.com\/wp-content\/uploads\/2022\/06\/IMG_3292-scaled.jpg?resize=1394%2C1536&amp;ssl=1 1394w, https:\/\/i0.wp.com\/portugalizar.com\/wp-content\/uploads\/2022\/06\/IMG_3292-scaled.jpg?w=1900&amp;ssl=1 1900w\" sizes=\"(max-width: 412px) 100vw, 412px\" \/><figcaption class=\"wp-element-caption\"><strong>Escola B\u00e1sica Dom Manuel I - Tavira, giugno 2022<\/strong><\/figcaption><\/figure>\n<\/div>\n\n\n<p>In secondo luogo, il Portogallo \u00e8 il Paese europeo pi\u00f9 laico e pi\u00f9 cattolico che abbiamo visitato. Sette delle 13 festivit\u00e0 nazionali ufficiali del Portogallo sono giorni sacri cattolici. Inoltre, numerose feste cattoliche sono celebrate a livello regionale. Tra queste, Santo Ant\u00f3nio, S\u00e3o Pedro e S\u00e3o Jo\u00e3o. Giugno \u00e8 notoriamente il <a href=\"https:\/\/www.europeanportuguesecourseslisbon.com\/artigos\/june-is-the-month-of-the-santos-populares\/\" target=\"_blank\" rel=\"noreferrer noopener\">Mese dei Santi<\/a>. Ma pochi portoghesi conoscono il significato di questi giorni e di queste celebrazioni. La gente si gode un giorno di riposo. Si prende del tempo con la famiglia e gli amici. E si fa un po' di festa. Ma nessuna di queste celebrazioni ha una connotazione religiosa. \u00c8 tutto un divertimento.<\/p>\n\n\n\n<p>A sinistra, ad esempio, un progetto artistico degli studenti. Decora l'esterno di una delle nostre scuole elementari di Tavira. Richiama Sant'Antonio. Ma non si tratta di preghiere. Pi\u00f9 o meno il sentimento \u00e8 semplicemente questo. \"Siamo pronti per andare in vacanza e goderci l'estate. Ci salutiamo con sardine e basilico. Questi ci fanno sorridere. Grazie a tutti, ma noi ce ne andiamo. Anche se abbiamo ancora da imparare\". Il ricordo di Sant'Antonio \u00e8 solo un segno della fine dell'anno scolastico e dell'inizio dell'estate. Come il nostro Memorial Day, credo. Ma pochi americani ricordano anche il vero significato solenne di quella festa.<\/p>\n\n\n\n<h2 class=\"wp-block-heading\">Intrappolati in una brutta storia d'amore, una sveltina<\/h2>\n\n\n<div class=\"wp-block-image\">\n<figure class=\"alignright size-large is-resized\"><img data-recalc-dims=\"1\" decoding=\"async\" src=\"https:\/\/i0.wp.com\/portugalizar.com\/wp-content\/uploads\/2022\/06\/ChubbyMonk.jpeg?resize=411%2C572&#038;ssl=1\" alt=\"\" class=\"wp-image-1803\" width=\"411\" height=\"572\" srcset=\"https:\/\/i0.wp.com\/portugalizar.com\/wp-content\/uploads\/2022\/06\/ChubbyMonk-scaled.jpeg?resize=736%2C1024&amp;ssl=1 736w, https:\/\/i0.wp.com\/portugalizar.com\/wp-content\/uploads\/2022\/06\/ChubbyMonk-scaled.jpeg?resize=216%2C300&amp;ssl=1 216w, https:\/\/i0.wp.com\/portugalizar.com\/wp-content\/uploads\/2022\/06\/ChubbyMonk-scaled.jpeg?resize=768%2C1069&amp;ssl=1 768w, https:\/\/i0.wp.com\/portugalizar.com\/wp-content\/uploads\/2022\/06\/ChubbyMonk-scaled.jpeg?resize=1104%2C1536&amp;ssl=1 1104w, https:\/\/i0.wp.com\/portugalizar.com\/wp-content\/uploads\/2022\/06\/ChubbyMonk-scaled.jpeg?resize=1471%2C2048&amp;ssl=1 1471w, https:\/\/i0.wp.com\/portugalizar.com\/wp-content\/uploads\/2022\/06\/ChubbyMonk-scaled.jpeg?resize=9%2C12&amp;ssl=1 9w, https:\/\/i0.wp.com\/portugalizar.com\/wp-content\/uploads\/2022\/06\/ChubbyMonk-scaled.jpeg?w=1839&amp;ssl=1 1839w\" sizes=\"(max-width: 411px) 100vw, 411px\" \/><figcaption class=\"wp-element-caption\"><strong>Lisbona, vicino alla Cattedrale (<em>perto da S\u00e9<\/em> <em>di Lisbona<\/em>), marzo 2020<\/strong><\/figcaption><\/figure>\n<\/div>\n\n\n<p>Ripercorriamo rapidamente la storia. Forse vi ricorderete del nostro <a href=\"https:\/\/portugalizar.com\/it\/world-of-magic-and-mystery\/\" target=\"_blank\" rel=\"noreferrer noopener\">quarto post<\/a> Le numerose chiese di Tavira. Ma un buon numero, quasi un terzo, faceva parte di conventi. Cio\u00e8, luoghi in cui vivevano gruppi di sacerdoti o suore. <\/p>\n\n\n\n<p>I re crearono questi conventi per ringraziare Dio. Forse per una vittoria in battaglia o per la nascita di un figlio. Oltre alla costruzione del convento, il re donava enormi quantit\u00e0 di terra. In questo modo il convento poteva essere autosufficiente.<\/p>\n\n\n\n<p>Ma questi conventi erano enormemente ricchi come risultato. E, curiosamente, i loro membri professavano la povert\u00e0. Cio\u00e8, dicevano che avrebbero vissuto solo con lo stretto necessario. Ma la pratica della povert\u00e0 era spesso molto diversa. Viene in mente l'immagine familiare del monaco grassottello.<\/p>\n\n\n\n<p>I conventi sono ricchi perch\u00e9 il re li ha resi tali. Con la ricchezza arriva il potere. Con il potere arrivano i conflitti. Il potere cerca altro potere. E la ricchezza accumula altra ricchezza. Questo conflitto continuo tra re e chiesa diventa un sottotesto della storia portoghese.<\/p>\n\n\n\n<p>Quando i conventi o la Chiesa in generale diventavano troppo potenti e\/o troppo ricchi, i re intervenivano. Gettarono via i vecchi gruppi religiosi. Nuovi gruppi religiosi venivano invitati a subentrare. Il re si sbarazzava di questo vescovo e ne nominava uno di suo gradimento. ecc. Tuttavia, non abbandonarono mai completamente la religione. <span style=\"font-size: revert; color: initial;\">Il potere ha bisogno della storia e del mito che lo legittimano. <\/span>La Chiesa <span style=\"font-size: revert; color: initial;\">fornisce la storia. Dio in cielo governa tutto l'universo. I re governano per conto di Dio sulla Terra.<\/span><\/p>\n\n\n\n<h2 class=\"wp-block-heading\">Voglio il tuo amore, finch\u00e9 non lo voglio pi\u00f9<\/h2>\n\n\n\n<p><em>S\u00e3o Francisco<\/em> \u00e8 il pi\u00f9 antico convento di Tavira. Uno dei pi\u00f9 antichi del Portogallo. La creazione del convento e della sua grande chiesa risale alla met\u00e0 o alla fine del XIII secolo. Il re Afonso III fond\u00f2 il convento per celebrare (grazie a Dio) la conquista dell'Algarve nel 1249. Questa vittoria complet\u00f2 il puzzle geografico del Portogallo moderno.<\/p>\n\n\n\n<p>Afonso ha probabilmente dato <em>S\u00e3o Francisco<\/em> ai Cavalieri Templari, un ordine militare di monaci. Non \u00e8 insolito che i re concedano tali propriet\u00e0 per ricompensare coloro che hanno combattuto al loro fianco e hanno vinto. I Cavalieri Templari divennero presto molto potenti. Interferirono con il potere dei re. Inoltre la loro ricchezza, col tempo, super\u00f2 quella del re. Non \u00e8 un bene per nessuno.<\/p>\n\n\n\n<figure class=\"wp-block-image alignwide size-large\"><img data-recalc-dims=\"1\" decoding=\"async\" width=\"768\" height=\"1024\" src=\"https:\/\/i0.wp.com\/portugalizar.com\/wp-content\/uploads\/2022\/06\/Igreja-de-Sao-Francisco-No-1.png?resize=768%2C1024&#038;ssl=1\" alt=\"\" class=\"wp-image-1699\" srcset=\"https:\/\/i0.wp.com\/portugalizar.com\/wp-content\/uploads\/2022\/06\/Igreja-de-Sao-Francisco-No-1.png?resize=768%2C1024&amp;ssl=1 768w, https:\/\/i0.wp.com\/portugalizar.com\/wp-content\/uploads\/2022\/06\/Igreja-de-Sao-Francisco-No-1.png?resize=225%2C300&amp;ssl=1 225w, https:\/\/i0.wp.com\/portugalizar.com\/wp-content\/uploads\/2022\/06\/Igreja-de-Sao-Francisco-No-1.png?resize=1152%2C1536&amp;ssl=1 1152w, https:\/\/i0.wp.com\/portugalizar.com\/wp-content\/uploads\/2022\/06\/Igreja-de-Sao-Francisco-No-1.png?resize=1536%2C2048&amp;ssl=1 1536w, https:\/\/i0.wp.com\/portugalizar.com\/wp-content\/uploads\/2022\/06\/Igreja-de-Sao-Francisco-No-1.png?resize=9%2C12&amp;ssl=1 9w, https:\/\/i0.wp.com\/portugalizar.com\/wp-content\/uploads\/2022\/06\/Igreja-de-Sao-Francisco-No-1.png?w=1900&amp;ssl=1 1900w, https:\/\/i0.wp.com\/portugalizar.com\/wp-content\/uploads\/2022\/06\/Igreja-de-Sao-Francisco-No-1.png?w=2850&amp;ssl=1 2850w\" sizes=\"(max-width: 768px) 100vw, 768px\" \/><figcaption class=\"wp-element-caption\"><strong>\"Igreja de S\u00e3o Francisco N\u00ba 1\", 2021<\/strong><\/figcaption><\/figure>\n\n\n\n<p>Circa 50 anni dopo, il re Dinis I sottrae il convento ai Templari. Ne aveva abbastanza dei litigi e dell'infedelt\u00e0. Dinis invita il nuovo Ordine francescano in Portogallo. Li attira con concessioni di conventi e terre. A Dinis i francescani, apparentemente pacifici e miti, sembrano pi\u00f9 adatti di quei monaci guerrieri dei Templari.<\/p>\n\n\n\n<p>Cos\u00ec \u00e8 andata. Concedere questo a questo vescovo o a quel gruppo religioso. Toglierlo quando non erano d'accordo o diventavano troppo grandi per le loro tasche o per il bene del re. Trovare un'altra, pi\u00f9 recente e pi\u00f9 amichevole, fidanzata. Questo fino al 1834.<\/p>\n\n\n\n<h2 class=\"wp-block-heading\">Quando \u00e8 troppo \u00e8 troppo<\/h2>\n\n\n\n<p>Nel 1834, in un ultimo sussulto di esasperazione e per decreto reale, tutti gli ordini religiosi maschili furono aboliti. Il governo confisc\u00f2 le loro ricchezze e propriet\u00e0. Gli ordini femminili non potevano accogliere nuovi membri. I loro beni tornarono allo Stato alla morte dell'ultimo membro. La Chiesa, questa volta, era stata dalla parte dei perdenti nella guerra civile durata cinque anni. L'interferenza della Chiesa non era pi\u00f9 gradita.<\/p>\n\n\n\n<figure class=\"wp-block-image alignwide size-large\"><img data-recalc-dims=\"1\" loading=\"lazy\" decoding=\"async\" width=\"950\" height=\"713\" src=\"https:\/\/i0.wp.com\/portugalizar.com\/wp-content\/uploads\/2022\/06\/Igreja-de-Sao-Francisco-No-2.png?resize=950%2C713&#038;ssl=1\" alt=\"\" class=\"wp-image-1479\" srcset=\"https:\/\/i0.wp.com\/portugalizar.com\/wp-content\/uploads\/2022\/06\/Igreja-de-Sao-Francisco-No-2-e1653219829771.png?resize=1024%2C768&amp;ssl=1 1024w, https:\/\/i0.wp.com\/portugalizar.com\/wp-content\/uploads\/2022\/06\/Igreja-de-Sao-Francisco-No-2-e1653219829771.png?resize=300%2C225&amp;ssl=1 300w, https:\/\/i0.wp.com\/portugalizar.com\/wp-content\/uploads\/2022\/06\/Igreja-de-Sao-Francisco-No-2-e1653219829771.png?resize=768%2C576&amp;ssl=1 768w, https:\/\/i0.wp.com\/portugalizar.com\/wp-content\/uploads\/2022\/06\/Igreja-de-Sao-Francisco-No-2-e1653219829771.png?resize=1536%2C1152&amp;ssl=1 1536w, https:\/\/i0.wp.com\/portugalizar.com\/wp-content\/uploads\/2022\/06\/Igreja-de-Sao-Francisco-No-2-e1653219829771.png?resize=2048%2C1536&amp;ssl=1 2048w, https:\/\/i0.wp.com\/portugalizar.com\/wp-content\/uploads\/2022\/06\/Igreja-de-Sao-Francisco-No-2-e1653219829771.png?resize=16%2C12&amp;ssl=1 16w, https:\/\/i0.wp.com\/portugalizar.com\/wp-content\/uploads\/2022\/06\/Igreja-de-Sao-Francisco-No-2-e1653219829771.png?resize=2000%2C1500&amp;ssl=1 2000w, https:\/\/i0.wp.com\/portugalizar.com\/wp-content\/uploads\/2022\/06\/Igreja-de-Sao-Francisco-No-2.png?w=1900&amp;ssl=1 1900w, https:\/\/i0.wp.com\/portugalizar.com\/wp-content\/uploads\/2022\/06\/Igreja-de-Sao-Francisco-No-2.png?w=2850&amp;ssl=1 2850w\" sizes=\"(max-width: 950px) 100vw, 950px\" \/><figcaption class=\"wp-element-caption\"><strong>\"Igreja S\u00e3o Francisco N\u00ba 2\", 2021<\/strong><\/figcaption><\/figure>\n\n\n\n<p>Il Portogallo galoppava ormai verso il secolarismo, come la maggior parte dell'Europa occidentale. La Chiesa perse sempre pi\u00f9 potere. La sua autorit\u00e0 morale diminu\u00ec. <em>S\u00e3o Francisco<\/em>Le sue enormi rovine sembrano un'allegoria della Chiesa istituzionale. <\/p>\n\n\n\n<p>Il dittatore Ant\u00f3nio Salazar diede una piccola tregua al declino della Chiesa. Questa ripresa fu orrenda per la Chiesa. La frequentazione di un dittatore ha distrutto qualsiasi integrit\u00e0 dell'istituzione nei confronti dei fedeli. Poi arriv\u00f2 il <a href=\"https:\/\/portugalizar.com\/it\/its-a-great-day-for-a-short-goodbye\/\" target=\"_blank\" rel=\"noreferrer noopener\">Rivoluzione dei garofani<\/a>. I portoghesi gettarono via la Chiesa e le sue convinzioni insieme alla <em>Novo Estado<\/em>. Buona liberazione! <\/p>\n\n\n\n<h2 class=\"wp-block-heading\">Siete ancora intrappolati in una brutta storia d'amore?<\/h2>\n\n\n\n<p>Ma dire che non si crede non significa che non si crede. Significa, credo, che ci si \u00e8 dissociati da un gruppo con un nome particolare. Non \u00e8 la stessa cosa. Quindi, s\u00ec, sono ancora intrappolato in una storia d'amore negativa.<\/p>\n\n\n\n<p>Mi spiego meglio. D'ora in poi user\u00f2 tre parole in modo intercambiabile. Fede, convinzione e memoria. Le considero sinonimi in questo contesto.<\/p>\n\n\n\n<p>Le convinzioni si radicano nel nostro DNA. Diventano parte della nostra umanit\u00e0 nel corso di lunghe storie. Queste memorie sono <strong><span style=\"text-decoration: underline;\">non<\/span><\/strong> parte del nostro DNA umano perch\u00e9 qualcuno li ha inventati e li ha iniettati l\u00ec. Sono nel mio e nel vostro DNA perch\u00e9 ci permettono di sopravvivere e prosperare. Da quando la nostra specie \u00e8 apparsa sulla Terra, 150.000 anni fa, queste convinzioni ci hanno guidato lontano dall'estinzione.<\/p>\n\n\n\n<p>Di cosa diavolo sto parlando? Buona domanda. Provo a fare un esempio. Gli esseri umani sono tra le poche specie che non hanno parti multipli. Queste nascite singole hanno anche gestazioni lunghe. Inoltre, anche l'infanzia \u00e8 relativamente lunga. La sopravvivenza di una specie si basa sul fatto che la prole sopravviva per generare figli. Gli esseri umani non sono adatti a questo scopo. \u00c8 qui che entra in gioco la memoria, la credenza.<\/p>\n\n\n\n<p>I ricordi umani pi\u00f9 forti e potenti sono legati ai nostri figli. Proteggere i nostri figli per far s\u00ec che crescano e abbiano i loro figli. Questi ricordi di vulnerabilit\u00e0 infantile sono racchiusi in una storia da ripetere pi\u00f9 volte come promemoria.  <\/p>\n\n\n\n<h2 class=\"wp-block-heading\">Il Changeling, le fate e i folletti<\/h2>\n\n\n\n<h2 class=\"wp-block-heading\">Ancora un po', forse \u00e8 eccessivo<\/h2>\n\n\n\n<p>Di cosa diavolo sto parlando? Bella domanda! Allora mi chiedo che cosa ha permesso alla nostra specie di sopravvivere. Ma non semplicemente di sopravvivere, no, anche di prosperare in un tempo relativamente breve - in termini geologici - di 150.000 anni? La mia risposta? La nostra capacit\u00e0 di immaginare e poi di comunicare idee. Di condividere queste idee tra di noi. Ma anche di collaborare al perfezionamento e all'attuazione di queste idee.<\/p>\n\n\n\n<p>Non si tratta di una caratteristica esclusiva dell'uomo tra gli esseri viventi. Questi altri esseri, come noi, hanno prosperato. Anche se ora sono minacciati dalle nostre scelte. La maggior parte degli esseri viventi \u00e8 senziente, cio\u00e8 pensa, ma pensa anche a se stessa, quindi sente. Inoltre, comunicano e collaborano. Una caratteristica unica degli esseri umani, tuttavia, \u00e8 la creazione di storie a partire dai loro ricordi.<\/p>\n\n\n\n<h2 class=\"wp-block-heading\">Storia + Memoria = Fede + Fede = Sopravvivenza + Sopravvivenza<\/h2>\n\n\n\n<p><\/p>\n\n\n\n<figure class=\"wp-block-image alignwide size-large\"><img data-recalc-dims=\"1\" loading=\"lazy\" decoding=\"async\" width=\"950\" height=\"950\" src=\"https:\/\/i0.wp.com\/portugalizar.com\/wp-content\/uploads\/2022\/06\/A-Abelha-e-as-Amoras.png?resize=950%2C950&#038;ssl=1\" alt=\"\" class=\"wp-image-1813\" srcset=\"https:\/\/i0.wp.com\/portugalizar.com\/wp-content\/uploads\/2022\/06\/A-Abelha-e-as-Amoras.png?resize=1024%2C1024&amp;ssl=1 1024w, https:\/\/i0.wp.com\/portugalizar.com\/wp-content\/uploads\/2022\/06\/A-Abelha-e-as-Amoras.png?resize=300%2C300&amp;ssl=1 300w, https:\/\/i0.wp.com\/portugalizar.com\/wp-content\/uploads\/2022\/06\/A-Abelha-e-as-Amoras.png?resize=150%2C150&amp;ssl=1 150w, https:\/\/i0.wp.com\/portugalizar.com\/wp-content\/uploads\/2022\/06\/A-Abelha-e-as-Amoras.png?resize=768%2C769&amp;ssl=1 768w, https:\/\/i0.wp.com\/portugalizar.com\/wp-content\/uploads\/2022\/06\/A-Abelha-e-as-Amoras.png?resize=1534%2C1536&amp;ssl=1 1534w, https:\/\/i0.wp.com\/portugalizar.com\/wp-content\/uploads\/2022\/06\/A-Abelha-e-as-Amoras.png?resize=2046%2C2048&amp;ssl=1 2046w, https:\/\/i0.wp.com\/portugalizar.com\/wp-content\/uploads\/2022\/06\/A-Abelha-e-as-Amoras.png?resize=12%2C12&amp;ssl=1 12w, https:\/\/i0.wp.com\/portugalizar.com\/wp-content\/uploads\/2022\/06\/A-Abelha-e-as-Amoras.png?resize=2000%2C2002&amp;ssl=1 2000w, https:\/\/i0.wp.com\/portugalizar.com\/wp-content\/uploads\/2022\/06\/A-Abelha-e-as-Amoras.png?w=1900&amp;ssl=1 1900w, https:\/\/i0.wp.com\/portugalizar.com\/wp-content\/uploads\/2022\/06\/A-Abelha-e-as-Amoras.png?w=2850&amp;ssl=1 2850w\" sizes=\"(max-width: 950px) 100vw, 950px\" \/><figcaption class=\"wp-element-caption\">\"A Abelha e As Amoras Silvertres\", 2020<\/figcaption><\/figure>\n\n\n\n<p>il <\/p>","protected":false},"excerpt":{"rendered":"<p>Ol\u00e1 tudos! \/\/ Ciao a tutti! L'argomento di oggi potrebbe non essere di interesse per tutti. Cercher\u00f2 di essere breve. Ma non prometto nulla. Sto esaminando il rapporto tra Chiesa e Stato qui in Portogallo. Sono due i motivi per cui mi interessa. Innanzitutto la storia \u00e8 decisamente una canzone di Lady Gaga... <\/p>\n<p class=\"link-more\"><a href=\"https:\/\/portugalizar.com\/it\/bad-romance-caught\/\" class=\"more-link\">Per saperne di pi\u00f9<span class=\"screen-reader-text\"> &#8220;Caught In A Bad Romance. <br \/>I Want Your Love!&#8221;<\/span><\/a><\/p>","protected":false},"author":1,"featured_media":1479,"comment_status":"open","ping_status":"closed","sticky":false,"template":"","format":"standard","meta":{"nf_dc_page":"","om_disable_all_campaigns":false,"_monsterinsights_skip_tracking":false,"_monsterinsights_sitenote_active":false,"_monsterinsights_sitenote_note":"","_monsterinsights_sitenote_category":0,"_themeisle_gutenberg_block_has_review":false,"_jetpack_memberships_contains_paid_content":false,"footnotes":""},"categories":[8,9],"tags":[],"class_list":["post-1449","post","type-post","status-publish","format-standard","has-post-thumbnail","hentry","category-culture-customs","category-history"],"yoast_head":"<!-- This site is optimized with the Yoast SEO plugin v27.4 - https:\/\/yoast.com\/product\/yoast-seo-wordpress\/ -->\n<title>Caught In A Bad Romance. I Want Your Love! - PORTUGALIZAR<\/title>\n<meta name=\"description\" content=\"The relationship between church and state in Portugal looks like two people caught in a bad romance and thinking they need each others love.\" \/>\n<meta name=\"robots\" content=\"index, follow, max-snippet:-1, max-image-preview:large, max-video-preview:-1\" \/>\n<link rel=\"canonical\" href=\"https:\/\/portugalizar.com\/it\/bad-romance-caught\/\" \/>\n<meta property=\"og:locale\" content=\"it_IT\" \/>\n<meta property=\"og:type\" content=\"article\" \/>\n<meta property=\"og:title\" content=\"Caught In A Bad Romance. I Want Your Love! - PORTUGALIZAR\" \/>\n<meta property=\"og:description\" content=\"The relationship between church and state in Portugal looks like two people caught in a bad romance and thinking they need each others love.\" \/>\n<meta property=\"og:url\" content=\"https:\/\/portugalizar.com\/it\/bad-romance-caught\/\" \/>\n<meta property=\"og:site_name\" content=\"PORTUGALIZAR\" \/>\n<meta property=\"article:published_time\" content=\"2024-12-31T04:00:00+00:00\" \/>\n<meta property=\"og:image\" content=\"https:\/\/portugalizar.com\/wp-content\/uploads\/2022\/06\/Igreja-de-Sao-Francisco-No-2-1024x768.png\" \/>\n\t<meta property=\"og:image:width\" content=\"1024\" \/>\n\t<meta property=\"og:image:height\" content=\"768\" \/>\n\t<meta property=\"og:image:type\" content=\"image\/png\" \/>\n<meta name=\"author\" content=\"Gui\" \/>\n<meta name=\"twitter:card\" content=\"summary_large_image\" \/>\n<meta name=\"twitter:label1\" content=\"Scritto da\" \/>\n\t<meta name=\"twitter:data1\" content=\"Gui\" \/>\n\t<meta name=\"twitter:label2\" content=\"Tempo di lettura stimato\" \/>\n\t<meta name=\"twitter:data2\" content=\"7 minuti\" \/>\n<script type=\"application\/ld+json\" class=\"yoast-schema-graph\">{\"@context\":\"https:\\\/\\\/schema.org\",\"@graph\":[{\"@type\":\"Article\",\"@id\":\"https:\\\/\\\/portugalizar.com\\\/bad-romance-caught\\\/#article\",\"isPartOf\":{\"@id\":\"https:\\\/\\\/portugalizar.com\\\/bad-romance-caught\\\/\"},\"author\":{\"name\":\"Gui\",\"@id\":\"https:\\\/\\\/portugalizar.com\\\/#\\\/schema\\\/person\\\/1f60af48f39895b897e26d9d92ecf6db\"},\"headline\":\"Caught In A Bad Romance. I Want Your Love!\",\"datePublished\":\"2024-12-31T04:00:00+00:00\",\"mainEntityOfPage\":{\"@id\":\"https:\\\/\\\/portugalizar.com\\\/bad-romance-caught\\\/\"},\"wordCount\":1377,\"commentCount\":0,\"publisher\":{\"@id\":\"https:\\\/\\\/portugalizar.com\\\/#organization\"},\"image\":{\"@id\":\"https:\\\/\\\/portugalizar.com\\\/bad-romance-caught\\\/#primaryimage\"},\"thumbnailUrl\":\"https:\\\/\\\/i0.wp.com\\\/portugalizar.com\\\/wp-content\\\/uploads\\\/2022\\\/06\\\/Igreja-de-Sao-Francisco-No-2-e1653219829771.png?fit=3598%2C2699&ssl=1\",\"articleSection\":[\"Culture &amp; Customs\",\"History\"],\"inLanguage\":\"it-IT\",\"potentialAction\":[{\"@type\":\"CommentAction\",\"name\":\"Comment\",\"target\":[\"https:\\\/\\\/portugalizar.com\\\/bad-romance-caught\\\/#respond\"]}]},{\"@type\":\"WebPage\",\"@id\":\"https:\\\/\\\/portugalizar.com\\\/bad-romance-caught\\\/\",\"url\":\"https:\\\/\\\/portugalizar.com\\\/bad-romance-caught\\\/\",\"name\":\"Caught In A Bad Romance. I Want Your Love! - PORTUGALIZAR\",\"isPartOf\":{\"@id\":\"https:\\\/\\\/portugalizar.com\\\/#website\"},\"primaryImageOfPage\":{\"@id\":\"https:\\\/\\\/portugalizar.com\\\/bad-romance-caught\\\/#primaryimage\"},\"image\":{\"@id\":\"https:\\\/\\\/portugalizar.com\\\/bad-romance-caught\\\/#primaryimage\"},\"thumbnailUrl\":\"https:\\\/\\\/i0.wp.com\\\/portugalizar.com\\\/wp-content\\\/uploads\\\/2022\\\/06\\\/Igreja-de-Sao-Francisco-No-2-e1653219829771.png?fit=3598%2C2699&ssl=1\",\"datePublished\":\"2024-12-31T04:00:00+00:00\",\"description\":\"The relationship between church and state in Portugal looks like two people caught in a bad romance and thinking they need each others love.\",\"breadcrumb\":{\"@id\":\"https:\\\/\\\/portugalizar.com\\\/bad-romance-caught\\\/#breadcrumb\"},\"inLanguage\":\"it-IT\",\"potentialAction\":[{\"@type\":\"ReadAction\",\"target\":[\"https:\\\/\\\/portugalizar.com\\\/bad-romance-caught\\\/\"]}]},{\"@type\":\"ImageObject\",\"inLanguage\":\"it-IT\",\"@id\":\"https:\\\/\\\/portugalizar.com\\\/bad-romance-caught\\\/#primaryimage\",\"url\":\"https:\\\/\\\/i0.wp.com\\\/portugalizar.com\\\/wp-content\\\/uploads\\\/2022\\\/06\\\/Igreja-de-Sao-Francisco-No-2-e1653219829771.png?fit=3598%2C2699&ssl=1\",\"contentUrl\":\"https:\\\/\\\/i0.wp.com\\\/portugalizar.com\\\/wp-content\\\/uploads\\\/2022\\\/06\\\/Igreja-de-Sao-Francisco-No-2-e1653219829771.png?fit=3598%2C2699&ssl=1\",\"width\":3598,\"height\":2699},{\"@type\":\"BreadcrumbList\",\"@id\":\"https:\\\/\\\/portugalizar.com\\\/bad-romance-caught\\\/#breadcrumb\",\"itemListElement\":[{\"@type\":\"ListItem\",\"position\":1,\"name\":\"Home\",\"item\":\"https:\\\/\\\/portugalizar.com\\\/\"},{\"@type\":\"ListItem\",\"position\":2,\"name\":\"Caught In A Bad Romance. I Want Your Love!\"}]},{\"@type\":\"WebSite\",\"@id\":\"https:\\\/\\\/portugalizar.com\\\/#website\",\"url\":\"https:\\\/\\\/portugalizar.com\\\/\",\"name\":\"PORTUGALIZAR\",\"description\":\"\",\"publisher\":{\"@id\":\"https:\\\/\\\/portugalizar.com\\\/#organization\"},\"potentialAction\":[{\"@type\":\"SearchAction\",\"target\":{\"@type\":\"EntryPoint\",\"urlTemplate\":\"https:\\\/\\\/portugalizar.com\\\/?s={search_term_string}\"},\"query-input\":{\"@type\":\"PropertyValueSpecification\",\"valueRequired\":true,\"valueName\":\"search_term_string\"}}],\"inLanguage\":\"it-IT\"},{\"@type\":\"Organization\",\"@id\":\"https:\\\/\\\/portugalizar.com\\\/#organization\",\"name\":\"PORTUGALIZAR\",\"url\":\"https:\\\/\\\/portugalizar.com\\\/\",\"logo\":{\"@type\":\"ImageObject\",\"inLanguage\":\"it-IT\",\"@id\":\"https:\\\/\\\/portugalizar.com\\\/#\\\/schema\\\/logo\\\/image\\\/\",\"url\":\"\",\"contentUrl\":\"\",\"caption\":\"PORTUGALIZAR\"},\"image\":{\"@id\":\"https:\\\/\\\/portugalizar.com\\\/#\\\/schema\\\/logo\\\/image\\\/\"}},{\"@type\":\"Person\",\"@id\":\"https:\\\/\\\/portugalizar.com\\\/#\\\/schema\\\/person\\\/1f60af48f39895b897e26d9d92ecf6db\",\"name\":\"Gui\",\"image\":{\"@type\":\"ImageObject\",\"inLanguage\":\"it-IT\",\"@id\":\"https:\\\/\\\/secure.gravatar.com\\\/avatar\\\/0bef00a699e73fc60016c16a6f44683b2a027bb1b48a4b3973732af4cc636712?s=96&d=mm&r=g\",\"url\":\"https:\\\/\\\/secure.gravatar.com\\\/avatar\\\/0bef00a699e73fc60016c16a6f44683b2a027bb1b48a4b3973732af4cc636712?s=96&d=mm&r=g\",\"contentUrl\":\"https:\\\/\\\/secure.gravatar.com\\\/avatar\\\/0bef00a699e73fc60016c16a6f44683b2a027bb1b48a4b3973732af4cc636712?s=96&d=mm&r=g\",\"caption\":\"Gui\"},\"url\":\"https:\\\/\\\/portugalizar.com\\\/it\\\/author\\\/spestheonlyone\\\/\"}]}<\/script>\n<!-- \/ Yoast SEO plugin. -->","yoast_head_json":{"title":"Caught In A Bad Romance. I Want Your Love! - PORTUGALIZAR","description":"The relationship between church and state in Portugal looks like two people caught in a bad romance and thinking they need each others love.","robots":{"index":"index","follow":"follow","max-snippet":"max-snippet:-1","max-image-preview":"max-image-preview:large","max-video-preview":"max-video-preview:-1"},"canonical":"https:\/\/portugalizar.com\/it\/bad-romance-caught\/","og_locale":"it_IT","og_type":"article","og_title":"Caught In A Bad Romance. I Want Your Love! - PORTUGALIZAR","og_description":"The relationship between church and state in Portugal looks like two people caught in a bad romance and thinking they need each others love.","og_url":"https:\/\/portugalizar.com\/it\/bad-romance-caught\/","og_site_name":"PORTUGALIZAR","article_published_time":"2024-12-31T04:00:00+00:00","og_image":[{"width":1024,"height":768,"url":"https:\/\/portugalizar.com\/wp-content\/uploads\/2022\/06\/Igreja-de-Sao-Francisco-No-2-1024x768.png","type":"image\/png"}],"author":"Gui","twitter_card":"summary_large_image","twitter_misc":{"Scritto da":"Gui","Tempo di lettura stimato":"7 minuti"},"schema":{"@context":"https:\/\/schema.org","@graph":[{"@type":"Article","@id":"https:\/\/portugalizar.com\/bad-romance-caught\/#article","isPartOf":{"@id":"https:\/\/portugalizar.com\/bad-romance-caught\/"},"author":{"name":"Gui","@id":"https:\/\/portugalizar.com\/#\/schema\/person\/1f60af48f39895b897e26d9d92ecf6db"},"headline":"Caught In A Bad Romance. I Want Your Love!","datePublished":"2024-12-31T04:00:00+00:00","mainEntityOfPage":{"@id":"https:\/\/portugalizar.com\/bad-romance-caught\/"},"wordCount":1377,"commentCount":0,"publisher":{"@id":"https:\/\/portugalizar.com\/#organization"},"image":{"@id":"https:\/\/portugalizar.com\/bad-romance-caught\/#primaryimage"},"thumbnailUrl":"https:\/\/i0.wp.com\/portugalizar.com\/wp-content\/uploads\/2022\/06\/Igreja-de-Sao-Francisco-No-2-e1653219829771.png?fit=3598%2C2699&ssl=1","articleSection":["Culture &amp; Customs","History"],"inLanguage":"it-IT","potentialAction":[{"@type":"CommentAction","name":"Comment","target":["https:\/\/portugalizar.com\/bad-romance-caught\/#respond"]}]},{"@type":"WebPage","@id":"https:\/\/portugalizar.com\/bad-romance-caught\/","url":"https:\/\/portugalizar.com\/bad-romance-caught\/","name":"Caught In A Bad Romance. I Want Your Love! - PORTUGALIZAR","isPartOf":{"@id":"https:\/\/portugalizar.com\/#website"},"primaryImageOfPage":{"@id":"https:\/\/portugalizar.com\/bad-romance-caught\/#primaryimage"},"image":{"@id":"https:\/\/portugalizar.com\/bad-romance-caught\/#primaryimage"},"thumbnailUrl":"https:\/\/i0.wp.com\/portugalizar.com\/wp-content\/uploads\/2022\/06\/Igreja-de-Sao-Francisco-No-2-e1653219829771.png?fit=3598%2C2699&ssl=1","datePublished":"2024-12-31T04:00:00+00:00","description":"The relationship between church and state in Portugal looks like two people caught in a bad romance and thinking they need each others love.","breadcrumb":{"@id":"https:\/\/portugalizar.com\/bad-romance-caught\/#breadcrumb"},"inLanguage":"it-IT","potentialAction":[{"@type":"ReadAction","target":["https:\/\/portugalizar.com\/bad-romance-caught\/"]}]},{"@type":"ImageObject","inLanguage":"it-IT","@id":"https:\/\/portugalizar.com\/bad-romance-caught\/#primaryimage","url":"https:\/\/i0.wp.com\/portugalizar.com\/wp-content\/uploads\/2022\/06\/Igreja-de-Sao-Francisco-No-2-e1653219829771.png?fit=3598%2C2699&ssl=1","contentUrl":"https:\/\/i0.wp.com\/portugalizar.com\/wp-content\/uploads\/2022\/06\/Igreja-de-Sao-Francisco-No-2-e1653219829771.png?fit=3598%2C2699&ssl=1","width":3598,"height":2699},{"@type":"BreadcrumbList","@id":"https:\/\/portugalizar.com\/bad-romance-caught\/#breadcrumb","itemListElement":[{"@type":"ListItem","position":1,"name":"Home","item":"https:\/\/portugalizar.com\/"},{"@type":"ListItem","position":2,"name":"Caught In A Bad Romance. I Want Your Love!"}]},{"@type":"WebSite","@id":"https:\/\/portugalizar.com\/#website","url":"https:\/\/portugalizar.com\/","name":"PORTOGALLO","description":"","publisher":{"@id":"https:\/\/portugalizar.com\/#organization"},"potentialAction":[{"@type":"SearchAction","target":{"@type":"EntryPoint","urlTemplate":"https:\/\/portugalizar.com\/?s={search_term_string}"},"query-input":{"@type":"PropertyValueSpecification","valueRequired":true,"valueName":"search_term_string"}}],"inLanguage":"it-IT"},{"@type":"Organization","@id":"https:\/\/portugalizar.com\/#organization","name":"PORTOGALLO","url":"https:\/\/portugalizar.com\/","logo":{"@type":"ImageObject","inLanguage":"it-IT","@id":"https:\/\/portugalizar.com\/#\/schema\/logo\/image\/","url":"","contentUrl":"","caption":"PORTUGALIZAR"},"image":{"@id":"https:\/\/portugalizar.com\/#\/schema\/logo\/image\/"}},{"@type":"Person","@id":"https:\/\/portugalizar.com\/#\/schema\/person\/1f60af48f39895b897e26d9d92ecf6db","name":"Gui","image":{"@type":"ImageObject","inLanguage":"it-IT","@id":"https:\/\/secure.gravatar.com\/avatar\/0bef00a699e73fc60016c16a6f44683b2a027bb1b48a4b3973732af4cc636712?s=96&d=mm&r=g","url":"https:\/\/secure.gravatar.com\/avatar\/0bef00a699e73fc60016c16a6f44683b2a027bb1b48a4b3973732af4cc636712?s=96&d=mm&r=g","contentUrl":"https:\/\/secure.gravatar.com\/avatar\/0bef00a699e73fc60016c16a6f44683b2a027bb1b48a4b3973732af4cc636712?s=96&d=mm&r=g","caption":"Gui"},"url":"https:\/\/portugalizar.com\/it\/author\/spestheonlyone\/"}]}},"jetpack_featured_media_url":"https:\/\/i0.wp.com\/portugalizar.com\/wp-content\/uploads\/2022\/06\/Igreja-de-Sao-Francisco-No-2-e1653219829771.png?fit=3598%2C2699&ssl=1","jetpack-related-posts":[],"jetpack_sharing_enabled":true,"_links":{"self":[{"href":"https:\/\/portugalizar.com\/it\/wp-json\/wp\/v2\/posts\/1449","targetHints":{"allow":["GET"]}}],"collection":[{"href":"https:\/\/portugalizar.com\/it\/wp-json\/wp\/v2\/posts"}],"about":[{"href":"https:\/\/portugalizar.com\/it\/wp-json\/wp\/v2\/types\/post"}],"author":[{"embeddable":true,"href":"https:\/\/portugalizar.com\/it\/wp-json\/wp\/v2\/users\/1"}],"replies":[{"embeddable":true,"href":"https:\/\/portugalizar.com\/it\/wp-json\/wp\/v2\/comments?post=1449"}],"version-history":[{"count":5,"href":"https:\/\/portugalizar.com\/it\/wp-json\/wp\/v2\/posts\/1449\/revisions"}],"predecessor-version":[{"id":2144,"href":"https:\/\/portugalizar.com\/it\/wp-json\/wp\/v2\/posts\/1449\/revisions\/2144"}],"wp:featuredmedia":[{"embeddable":true,"href":"https:\/\/portugalizar.com\/it\/wp-json\/wp\/v2\/media\/1479"}],"wp:attachment":[{"href":"https:\/\/portugalizar.com\/it\/wp-json\/wp\/v2\/media?parent=1449"}],"wp:term":[{"taxonomy":"category","embeddable":true,"href":"https:\/\/portugalizar.com\/it\/wp-json\/wp\/v2\/categories?post=1449"},{"taxonomy":"post_tag","embeddable":true,"href":"https:\/\/portugalizar.com\/it\/wp-json\/wp\/v2\/tags?post=1449"}],"curies":[{"name":"wp","href":"https:\/\/api.w.org\/{rel}","templated":true}]}}