{"id":1441,"date":"2022-06-23T04:00:00","date_gmt":"2022-06-23T04:00:00","guid":{"rendered":"https:\/\/portugalizar.com\/?p=1441"},"modified":"2022-06-23T09:54:49","modified_gmt":"2022-06-23T09:54:49","slug":"in-the-arms-of-joy","status":"publish","type":"post","link":"https:\/\/portugalizar.com\/it\/in-the-arms-of-joy\/","title":{"rendered":"Tra le braccia della gioia per tutta la vita"},"content":{"rendered":"<p><em>Ciao a tutti! E um grande bem-vindo ao Ver\u00e3o!<\/em> \/\/ Ciao a tutti. E un grande benvenuto all'estate! Forse questo non \u00e8 il pi\u00f9 estivo dei post. Ma i dipinti che condivider\u00f2 con voi oggi sono stati realizzati all'aperto - dicono i veri artisti, <em>en plein air<\/em> - nel bel tempo di Santa Luzia. E il mio soggetto di oggi, come <a href=\"https:\/\/portugalizar.com\/it\/?p=1117\" target=\"_blank\" rel=\"noreferrer noopener\">della scorsa settimana<\/a>\u00e8 la vita buona. Ovvero, vivere tutta la vita tra le braccia della gioia! Hmm? L'aria aperta e la bella vita, beh, credo che questo dica estate, non \u00e8 vero?<\/p>\n\n\n\n<p>Oggi condivido un paio di vignette e ritratti di persone che ho incontrato qui. Si tratta di incontri a Santa Luzia. Il primo riguarda persone che vedo spesso e che ho osservato da vicino. Ma anche la seconda \u00e8 una coppia che ho avuto modo di conoscere un po'. Prima condivider\u00f2 le loro storie. Poi cercher\u00f2 di unire queste vignette in una sorta di coerenza. <\/p>\n\n\n\n<p>A proposito, ho dirottato il tema di oggi da una delle mie poetesse preferite, Mary Oliver. La sua poesia, <a href=\"https:\/\/www.poeticous.com\/mary-oliver\/when-death-comes\" target=\"_blank\" rel=\"noreferrer noopener\">Quando arriva la morte<\/a>\u00e8 tutto ci\u00f2 che dovete leggere. Non sentitevi obbligati a leggere oltre. Basta cliccare sul link precedente. Oliver \u00e8 uno scrittore molto pi\u00f9 bravo di me. <\/p>\n\n\n\n<p>Se siete ancora con me, muoviamoci. \u00c8 estate, dopotutto. Abbiamo tutti di meglio da fare che leggere i post del blog sui nostri dispositivi. Almeno lo spero. C'\u00e8 cos\u00ec tanta vita da vivere.<\/p>\n\n\n\n<h2 class=\"wp-block-heading\">Raccogliere le piccole gioie della vita<\/h2>\n\n\n\n<p>Ma, per ora, in questa prima vignetta \u00e8 primavera. No, non \u00e8 estate. \u00c8 primavera. Le piogge invernali stanno finendo. I campi e i recinti sono diventati verdi. E anche i bordi della strada, cio\u00e8 le siepi, sono diventati verdi. Ora l'intera Terra \u00e8 un tripudio di delizie. Lumache, <em>os carac\u00f3is<\/em>Si nutrono dei teneri germogli, delle dolci foglie nuove e dei delicati petali. Poi queste lumache diventano un banchetto per gli uccelli, i ricci e i rospi.<\/p>\n\n\n\n<p>Ed \u00e8 mattina. Come in molte mattine a quest'ora, sto finendo la mia corsa. Poich\u00e9 \u00e8 primavera, non sono solo ai bordi delle siepi. Condivido questi bordi con le \"spigolatrici\". Anche le lumache sono un banchetto per queste \"spigolatrici\". <\/p>\n\n\n\n<figure class=\"wp-block-image alignwide size-large\"><img data-recalc-dims=\"1\" fetchpriority=\"high\" decoding=\"async\" width=\"950\" height=\"708\" src=\"https:\/\/i0.wp.com\/portugalizar.com\/wp-content\/uploads\/2022\/06\/Os-apanhadores-de-caracois.jpg?resize=950%2C708&#038;ssl=1\" alt=\"\" class=\"wp-image-1652\" srcset=\"https:\/\/i0.wp.com\/portugalizar.com\/wp-content\/uploads\/2022\/06\/Os-apanhadores-de-caracois-scaled.jpg?resize=1024%2C763&amp;ssl=1 1024w, https:\/\/i0.wp.com\/portugalizar.com\/wp-content\/uploads\/2022\/06\/Os-apanhadores-de-caracois-scaled.jpg?resize=300%2C224&amp;ssl=1 300w, https:\/\/i0.wp.com\/portugalizar.com\/wp-content\/uploads\/2022\/06\/Os-apanhadores-de-caracois-scaled.jpg?resize=768%2C573&amp;ssl=1 768w, https:\/\/i0.wp.com\/portugalizar.com\/wp-content\/uploads\/2022\/06\/Os-apanhadores-de-caracois-scaled.jpg?resize=1536%2C1145&amp;ssl=1 1536w, https:\/\/i0.wp.com\/portugalizar.com\/wp-content\/uploads\/2022\/06\/Os-apanhadores-de-caracois-scaled.jpg?resize=2048%2C1527&amp;ssl=1 2048w, https:\/\/i0.wp.com\/portugalizar.com\/wp-content\/uploads\/2022\/06\/Os-apanhadores-de-caracois-scaled.jpg?resize=16%2C12&amp;ssl=1 16w, https:\/\/i0.wp.com\/portugalizar.com\/wp-content\/uploads\/2022\/06\/Os-apanhadores-de-caracois-scaled.jpg?resize=2000%2C1491&amp;ssl=1 2000w, https:\/\/i0.wp.com\/portugalizar.com\/wp-content\/uploads\/2022\/06\/Os-apanhadores-de-caracois-scaled.jpg?w=1900&amp;ssl=1 1900w\" sizes=\"(max-width: 950px) 100vw, 950px\" \/><figcaption><strong>\"Os apanhadores de carac\u00f3is\", 2021<\/strong><\/figcaption><\/figure>\n\n\n\n<p>Il portoghese non sembra avere una parola che traduca esattamente \"spigolatori\" o il verbo \"spigolare\". Esiste <em>gli apanhadores<\/em>, cio\u00e8 \"gli acchiappatori\" o \"i raccoglitori\". E c'\u00e8 <em>i colecionadores<\/em>o \"i raccoglitori\". Nessuno dei due sembra cogliere il senso pi\u00f9 vero di \"raccogliere\".<\/p>\n\n\n\n<p>Il termine \"to glean\" deriva dal francese normanno. Nella Francia feudale, ma soprattutto in quella post-rivoluzionaria, la gente comune aveva un diritto speciale. Potevano entrare nelle propriet\u00e0 dei grandi e prendere gli avanzi del raccolto. Qualsiasi cosa trovassero era loro. Ci\u00f2 che trovavano erano sempre piccoli pezzi, resti, scarti. Ma erano loro. E anche se piccoli, integravano e aumentavano la loro dieta.<\/p>\n\n\n\n<p>Almeno in inglese, \"glean\" significa anche che i dettagli pi\u00f9 piccoli sono importanti. Cio\u00e8, i piccoli dettagli, se li vedi, ti riservano delle sorprese. Se si presta molta attenzione a ci\u00f2 che ci circonda, si possono fare nuove scoperte. E probabilmente sar\u00e0 cos\u00ec. Per esempio, \"la ricercatrice ha tratto la sua scoperta da un dato precedentemente trascurato\".<\/p>\n\n\n\n<h2 class=\"wp-block-heading\">Lumache: L'unica vera gioia della vita, con o senza armi<\/h2>\n\n\n\n<p>Il portoghese potrebbe non avere una parola precisa per definirlo. Ma i portoghesi capiscono perfettamente il concetto di \"raccogliere\". Ovvero, avvolgere le braccia intorno alle semplici gioie e ai piccoli piaceri della vita. E poi tenersi stretti. <\/p>\n\n\n\n<p>Le lumache stanno ai portoghesi come le patatine unte stanno agli americani. Sono un piacere colpevole. Anche se forse pi\u00f9 salutari, in quanto ricche di proteine, ferro e vitamina A, ma anche povere di grassi, a parte la spessa spalmatura di burro. <\/p>\n\n\n\n<p>I raccoglitori di lumache qui seguono un'antica tradizione primaverile. Raccolgono le lumache ogni mattina, subito dopo l'alba, nella fresca umidit\u00e0. Le lumache sono fuori per nutrirsi. I raccoglitori sono fuori per raccogliere un banchetto.<\/p>\n\n\n\n<p>A casa creano un banchetto di ricordi. Con generazioni riunite intorno alla tavola. Al centro si trova un mucchio di delizie al burro e all'aglio. Con pagnotte di pane fresco da inzuppare. E il vino, s\u00ec, naturalmente il vino. \u00c8 una delle gioie pi\u00f9 pure della vita. La vita tra le braccia della gioia. Il duro lavoro si trasforma in piacere condiviso.<\/p>\n\n\n\n<h2 class=\"wp-block-heading\">E, naturalmente, <em>Alegrias de Viver!<\/em><\/h2>\n\n\n\n<p>Avanti cos\u00ec. Patr\u00edcia e Ant\u00f3nio hanno posseduto un piccolo <em>quinta<\/em>, cio\u00e8 un'azienda agricola, insieme da circa 20 anni. Coltivano olive, melograni, mandorle e ortaggi. Allevano polli. Gestiscono un b&amp;b con nove camere. Hanno cinque cani e fanno anche da pensione per altri. Li conosciamo per quest'ultimo motivo. Tucker e Saga li adorano assolutamente. Questo \u00e8 il mio metro di misura della qualit\u00e0 di una persona. Sono persone a cinque stelle (\u2b51\u2b51\u2b51\u2b51\u2b51).<\/p>\n\n\n\n<p>Il <em>quinta<\/em> ha una storia incantevole. La casa era un regalo di nozze del bisnonno di Ant\u00f3nio, Costa, alla nonna di Ant\u00f3nio, Am\u00e9lia. Ant\u00f3nio e tutti i cugini vi trascorrevano le estati della loro giovinezza. Poi un incendio distrusse quasi completamente la casa. Per tre decenni rimase un rudere. Nel 2013, Patr\u00edcia e Ant\u00f3nio ne hanno completato il restauro completo e la modernizzazione. Hanno creato la loro vita insieme tra le braccia della gioia.<\/p>\n\n\n\n<figure class=\"wp-block-image alignwide size-large\"><img data-recalc-dims=\"1\" decoding=\"async\" width=\"950\" height=\"743\" src=\"https:\/\/i0.wp.com\/portugalizar.com\/wp-content\/uploads\/2022\/06\/Os-colecionadores-de-alegrias-de-viver.jpg?resize=950%2C743&#038;ssl=1\" alt=\"\" class=\"wp-image-1656\" srcset=\"https:\/\/i0.wp.com\/portugalizar.com\/wp-content\/uploads\/2022\/06\/Os-colecionadores-de-alegrias-de-viver-scaled.jpg?resize=1024%2C801&amp;ssl=1 1024w, https:\/\/i0.wp.com\/portugalizar.com\/wp-content\/uploads\/2022\/06\/Os-colecionadores-de-alegrias-de-viver-scaled.jpg?resize=300%2C235&amp;ssl=1 300w, https:\/\/i0.wp.com\/portugalizar.com\/wp-content\/uploads\/2022\/06\/Os-colecionadores-de-alegrias-de-viver-scaled.jpg?resize=768%2C601&amp;ssl=1 768w, https:\/\/i0.wp.com\/portugalizar.com\/wp-content\/uploads\/2022\/06\/Os-colecionadores-de-alegrias-de-viver-scaled.jpg?resize=1536%2C1202&amp;ssl=1 1536w, https:\/\/i0.wp.com\/portugalizar.com\/wp-content\/uploads\/2022\/06\/Os-colecionadores-de-alegrias-de-viver-scaled.jpg?resize=2048%2C1602&amp;ssl=1 2048w, https:\/\/i0.wp.com\/portugalizar.com\/wp-content\/uploads\/2022\/06\/Os-colecionadores-de-alegrias-de-viver-scaled.jpg?resize=15%2C12&amp;ssl=1 15w, https:\/\/i0.wp.com\/portugalizar.com\/wp-content\/uploads\/2022\/06\/Os-colecionadores-de-alegrias-de-viver-scaled.jpg?resize=2000%2C1565&amp;ssl=1 2000w, https:\/\/i0.wp.com\/portugalizar.com\/wp-content\/uploads\/2022\/06\/Os-colecionadores-de-alegrias-de-viver-scaled.jpg?w=1900&amp;ssl=1 1900w\" sizes=\"(max-width: 950px) 100vw, 950px\" \/><figcaption><strong>\"I colecionadores de alegrias de viver\", 2022<\/strong><\/figcaption><\/figure>\n\n\n\n<p>Ma la vita ci lancia delle palle curve. Non abbiamo altra scelta che prenderle. La scelta arriva quando la palla finisce nel nostro guanto. Cosa fare dopo? Patr\u00edcia e Ant\u00f3nio hanno preso la loro. Il <em>quinta<\/em> \u00e8 importante. Il fondamento della vita che hanno costruito insieme. Ma ora, con quella palla curva in mano, la <em>quinta<\/em> si intromette. Una nuova vita ci attende tra le braccia della gioia.<\/p>\n\n\n\n<h2 class=\"wp-block-heading\">Affrontate la curva a tutta velocit\u00e0 e poi prendete la vita con le braccia della gioia<\/h2>\n\n\n\n<p>Patr\u00edcia e Ant\u00f3nio hanno venduto <em>la quinta da Av\u00f3 Am\u00e9lia<\/em>. Ci mancheranno, soprattutto Tucker e Saga. Stanno costruendo una nuova casa e una nuova vita a circa 150 miglia (240 km) a nord-est di Santa Luzia. Accoglieranno ancora ospiti e cuccioli, ma senza le altre intrusioni che possono ostacolare la raccolta delle gioie della vita. Il loro sogno \u00e8 avere un po' pi\u00f9 di tempo. Tempo per sedersi sotto le stelle, davanti al fuoco, con un bicchiere di vino in mano e la mano dell'altro nell'altra mano. Vivere ogni momento, ogni ora, ogni giorno. <em>Parab\u00e9ns e boa sorte os meus amigos!<\/em><\/p>\n\n\n\n<p>Nella primavera del 2020, sono uscito per una passeggiata solitaria senza il mio iPhone. Entrambe le cose sono una rarit\u00e0. Nell'erba alta ho notato un dente di leone. Era diventato un seme scintillante e trasparente. Siccome sono un po' un'allocca, mi sono sdraiata a terra davanti a lui. Perch\u00e9 volevo e avevo bisogno di assorbire tutto questo. Per ricordare. Cos\u00ec come ero prostrata a pancia in gi\u00f9 e sul petto. La testa sollevata. Una brezza morbida e delicata esal\u00f2. In un istante ogni seme scintillante era in volo. Diretto verso nuovi futuri.<\/p>\n\n\n\n<figure class=\"wp-block-image alignwide size-large\"><img data-recalc-dims=\"1\" decoding=\"async\" width=\"950\" height=\"760\" src=\"https:\/\/i0.wp.com\/portugalizar.com\/wp-content\/uploads\/2022\/06\/51F398C5-E3F1-466E-BB48-BDC937C46D21.jpeg?resize=950%2C760&#038;ssl=1\" alt=\"\" class=\"wp-image-1477\" srcset=\"https:\/\/i0.wp.com\/portugalizar.com\/wp-content\/uploads\/2022\/06\/51F398C5-E3F1-466E-BB48-BDC937C46D21-scaled.jpeg?resize=1024%2C819&amp;ssl=1 1024w, https:\/\/i0.wp.com\/portugalizar.com\/wp-content\/uploads\/2022\/06\/51F398C5-E3F1-466E-BB48-BDC937C46D21-scaled.jpeg?resize=300%2C240&amp;ssl=1 300w, https:\/\/i0.wp.com\/portugalizar.com\/wp-content\/uploads\/2022\/06\/51F398C5-E3F1-466E-BB48-BDC937C46D21-scaled.jpeg?resize=768%2C614&amp;ssl=1 768w, https:\/\/i0.wp.com\/portugalizar.com\/wp-content\/uploads\/2022\/06\/51F398C5-E3F1-466E-BB48-BDC937C46D21-scaled.jpeg?resize=1536%2C1229&amp;ssl=1 1536w, https:\/\/i0.wp.com\/portugalizar.com\/wp-content\/uploads\/2022\/06\/51F398C5-E3F1-466E-BB48-BDC937C46D21-scaled.jpeg?resize=2048%2C1638&amp;ssl=1 2048w, https:\/\/i0.wp.com\/portugalizar.com\/wp-content\/uploads\/2022\/06\/51F398C5-E3F1-466E-BB48-BDC937C46D21-scaled.jpeg?resize=15%2C12&amp;ssl=1 15w, https:\/\/i0.wp.com\/portugalizar.com\/wp-content\/uploads\/2022\/06\/51F398C5-E3F1-466E-BB48-BDC937C46D21-scaled.jpeg?w=1900&amp;ssl=1 1900w\" sizes=\"(max-width: 950px) 100vw, 950px\" \/><figcaption><strong>\"Os Murm\u00farios\", 2020<\/strong><\/figcaption><\/figure>\n\n\n\n<p>Come quei semi di piume trasportati da un soffio leggero. E si dirigono verso nuovi futuri. Cos\u00ec le nostre vite nascono e si sviluppano sulle palle curve. Ora mescoliamo le metafore. Una pagina si volta. Sta a noi scrivere il prossimo capitolo. <\/p>\n\n\n\n<h2 class=\"wp-block-heading\">Scrivere il prossimo capitolo<\/h2>\n\n\n\n<p>Come ogni buona scrittura, anche scrivere una buona vita ha delle regole. Non molte, ma alcune. Ho scoperto alcune regole grazie a questi due incontri. <\/p>\n\n\n\n<p>Dai miei spigolatori. I ricordi che forse voglio tenere pi\u00f9 stretti sono quelli conquistati con fatica e rari. Oltre che condivisi con moltissimi altri. Li conservo perch\u00e9 sono tutta ricchezza, dolcezza, squisitezza burrosa. Tutti gli altri ricordi. Quelli dei colpi e dei tagli, dei fendenti e delle frecce. Forse, come ho scoperto, \u00e8 meglio lasciarli fuori dal prossimo capitolo. Non vale nemmeno la pena di includerli nell'ultimo. Se fossi stato un editore migliore, beh, non ci sarebbero stati.<\/p>\n\n\n\n<p>Sono grata a Patr\u00edcia e Ant\u00f3nio per avermi ricordato i colpi di scena. Quelle palle curve. Sono incredibilmente difficili da cogliere e da scrivere. Maledette metafore miste! Ma i miei colpi di scena mi hanno portato in Portogallo. E sono incredibilmente grata di poter scrivere qui il mio prossimo capitolo. Potrebbe essere il mio migliore. O almeno cercher\u00f2 di farlo. Vedremo quando arriveremo alla mia ultima pagina.<\/p>\n\n\n\n<h2 class=\"wp-block-heading\">Cosa significa veramente \"Vita tra le braccia della gioia\"...<\/h2>\n\n\n\n<p>Ascoltate qui sotto il brano <a href=\"https:\/\/playbill.com\/article\/cabaret-singer-nancy-lamott-dies-at-43-com-67618\" target=\"_blank\" rel=\"noreferrer noopener\">Nancy Lamont<\/a> se volete scoprirlo. Come Mary Oliver, lo sapeva perch\u00e9 lo viveva, cio\u00e8 tutta la vita tra le braccia della gioia. Ogni momento...<\/p>\n\n\n\n<figure class=\"wp-block-embed alignwide is-type-video is-provider-youtube wp-block-embed-youtube wp-embed-aspect-16-9 wp-has-aspect-ratio\"><div class=\"wp-block-embed__wrapper\">\n<iframe title=\"Nancy LaMott - Viviamo in un tempo preso in prestito\" width=\"950\" height=\"534\" src=\"https:\/\/www.youtube.com\/embed\/jkRxX1C4Cuc?feature=oembed\" frameborder=\"0\" allow=\"accelerometer; autoplay; clipboard-write; encrypted-media; gyroscope; picture-in-picture\" allowfullscreen><\/iframe>\n<\/div><\/figure>\n\n\n\n<p><em>Grazie per esservi riuniti a me oggi. Auguri per questa prima festa di Natale. Alla prossima quinta! <\/em>\/\/ Grazie per esservi uniti a me oggi. Godetevi questo primo weekend d'estate. Ci vediamo gioved\u00ec prossimo!<\/p>\n\n\n\n<h2 class=\"wp-block-heading\">Note speciali<\/h2>\n\n\n\n<p>Come il mio tema di oggi, il mio quadro con la lumaca \"spigolatrice\" \u00e8 un'idea copiata, non un mio originale. Ho copiato questa idea da un quadro preferito. <em><a href=\"https:\/\/www.musee-orsay.fr\/en\/artworks\/des-glaneuses-342\" target=\"_blank\" rel=\"noreferrer noopener\">I gladiatori<\/a><\/em> (Le spigolatrici) di Jean-Fran\u00e7ois Millet si trova al <a href=\"https:\/\/www.musee-orsay.fr\/en\" target=\"_blank\" rel=\"noreferrer noopener\">Museo d'Orsay<\/a> a Parigi. Visito <em>d'Orsay<\/em> il pi\u00f9 spesso possibile. Mi trovo davanti a <em>I gladiatori<\/em> il pi\u00f9 a lungo possibile. Ma non \u00e8 che ci siano folle che si fanno i selfie a gomitate. Ho incontrato per la prima volta <em>I gladiatori<\/em> al liceo, nel mio libro di storia dell'arte. Ne rimasi incantato allora e lo sono sempre stato. Ora, mezzo secolo dopo, comincio a capire perch\u00e9.<\/p>\n\n\n\n<p>Il mio ritratto di Patr\u00edcia e Ant\u00f3nio, <em>\"I colecionadores de alegrias de viver\"<\/em>\u00e8 la prima volta per me. La prima in cui i soggetti sanno che li sto dipingendo. Avevo chiesto loro di poterlo fare. Un giorno mi hanno gentilmente invitato a casa loro. Era la loro ultima raccolta di olive alla <em>quinta<\/em>. Ho scattato un po' di fotografie di loro accanto ai loro preferiti. <em>oliveira<\/em>. Nel dipingerli ho aggiunto <em>Casa da Av\u00f3 Amelia<\/em> dietro di loro. Doveva essere l\u00ec. Un'altra prima volta, ho fatto stampare il loro ritratto su tela e l'ho incorniciato. Il mio regalo di ringraziamento per loro.<\/p>\n\n\n\n<p>Infine, \"curveball\" potrebbe essere un termine specificamente americano. Si tratta di un lancio furtivo effettuato nel gioco del baseball. Ha una rotazione verso il basso. Questo fa s\u00ec che la palla cada. Poi vira di lato. Si avvicina al battitore dall'altro lato da cui \u00e8 stata lanciata. Il battitore non sa cosa aspettarsi.<\/p>","protected":false},"excerpt":{"rendered":"<p>L'incontro con nuove persone qui a Santa Luzia mi sta insegnando nuove lezioni. Non solo sul portoghese e sui costumi e le tradizioni portoghesi. Ma anche su di me e sulla bella vita. Per saperne di pi\u00f9.<\/p>","protected":false},"author":1,"featured_media":1477,"comment_status":"open","ping_status":"closed","sticky":false,"template":"","format":"standard","meta":{"nf_dc_page":"","om_disable_all_campaigns":false,"_monsterinsights_skip_tracking":false,"_monsterinsights_sitenote_active":false,"_monsterinsights_sitenote_note":"","_monsterinsights_sitenote_category":0,"_themeisle_gutenberg_block_has_review":false,"_jetpack_memberships_contains_paid_content":false,"footnotes":""},"categories":[8,6],"tags":[],"class_list":["post-1441","post","type-post","status-publish","format-standard","has-post-thumbnail","hentry","category-culture-customs","category-people"],"yoast_head":"<!-- This site is optimized with the Yoast SEO plugin v27.4 - https:\/\/yoast.com\/product\/yoast-seo-wordpress\/ -->\n<title>In The Arms of Joy For All My Life - PORTUGALIZAR<\/title>\n<meta name=\"description\" content=\"If at our final end we can say that \u201cI lived in the arms of joy for all my life\u201c, then, only then, will we know that we have had a good life.\" \/>\n<meta name=\"robots\" content=\"index, follow, max-snippet:-1, max-image-preview:large, max-video-preview:-1\" \/>\n<link rel=\"canonical\" href=\"https:\/\/portugalizar.com\/it\/in-the-arms-of-joy\/\" \/>\n<meta property=\"og:locale\" content=\"it_IT\" \/>\n<meta property=\"og:type\" content=\"article\" \/>\n<meta property=\"og:title\" content=\"In The Arms of Joy For All My Life - PORTUGALIZAR\" \/>\n<meta property=\"og:description\" content=\"If at our final end we can say that \u201cI lived in the arms of joy for all my life\u201c, then, only then, will we know that we have had a good life.\" \/>\n<meta property=\"og:url\" content=\"https:\/\/portugalizar.com\/it\/in-the-arms-of-joy\/\" \/>\n<meta property=\"og:site_name\" content=\"PORTUGALIZAR\" \/>\n<meta property=\"article:published_time\" content=\"2022-06-23T04:00:00+00:00\" \/>\n<meta property=\"article:modified_time\" content=\"2022-06-23T09:54:49+00:00\" \/>\n<meta property=\"og:image\" content=\"https:\/\/portugalizar.com\/wp-content\/uploads\/2022\/06\/51F398C5-E3F1-466E-BB48-BDC937C46D21-scaled.jpeg\" \/>\n\t<meta property=\"og:image:width\" content=\"2560\" \/>\n\t<meta property=\"og:image:height\" content=\"2048\" \/>\n\t<meta property=\"og:image:type\" content=\"image\/jpeg\" \/>\n<meta name=\"author\" content=\"Gui\" \/>\n<meta name=\"twitter:card\" content=\"summary_large_image\" \/>\n<meta name=\"twitter:label1\" content=\"Scritto da\" \/>\n\t<meta name=\"twitter:data1\" content=\"Gui\" \/>\n\t<meta name=\"twitter:label2\" content=\"Tempo di lettura stimato\" \/>\n\t<meta name=\"twitter:data2\" content=\"9 minuti\" \/>\n<script type=\"application\/ld+json\" class=\"yoast-schema-graph\">{\"@context\":\"https:\\\/\\\/schema.org\",\"@graph\":[{\"@type\":\"Article\",\"@id\":\"https:\\\/\\\/portugalizar.com\\\/in-the-arms-of-joy\\\/#article\",\"isPartOf\":{\"@id\":\"https:\\\/\\\/portugalizar.com\\\/in-the-arms-of-joy\\\/\"},\"author\":{\"name\":\"Gui\",\"@id\":\"https:\\\/\\\/portugalizar.com\\\/#\\\/schema\\\/person\\\/1f60af48f39895b897e26d9d92ecf6db\"},\"headline\":\"In The Arms of Joy For All My Life\",\"datePublished\":\"2022-06-23T04:00:00+00:00\",\"dateModified\":\"2022-06-23T09:54:49+00:00\",\"mainEntityOfPage\":{\"@id\":\"https:\\\/\\\/portugalizar.com\\\/in-the-arms-of-joy\\\/\"},\"wordCount\":1778,\"commentCount\":10,\"publisher\":{\"@id\":\"https:\\\/\\\/portugalizar.com\\\/#organization\"},\"image\":{\"@id\":\"https:\\\/\\\/portugalizar.com\\\/in-the-arms-of-joy\\\/#primaryimage\"},\"thumbnailUrl\":\"https:\\\/\\\/i0.wp.com\\\/portugalizar.com\\\/wp-content\\\/uploads\\\/2022\\\/06\\\/51F398C5-E3F1-466E-BB48-BDC937C46D21-scaled.jpeg?fit=2560%2C2048&ssl=1\",\"articleSection\":[\"Culture &amp; Customs\",\"People\"],\"inLanguage\":\"it-IT\",\"potentialAction\":[{\"@type\":\"CommentAction\",\"name\":\"Comment\",\"target\":[\"https:\\\/\\\/portugalizar.com\\\/in-the-arms-of-joy\\\/#respond\"]}]},{\"@type\":\"WebPage\",\"@id\":\"https:\\\/\\\/portugalizar.com\\\/in-the-arms-of-joy\\\/\",\"url\":\"https:\\\/\\\/portugalizar.com\\\/in-the-arms-of-joy\\\/\",\"name\":\"In The Arms of Joy For All My Life - PORTUGALIZAR\",\"isPartOf\":{\"@id\":\"https:\\\/\\\/portugalizar.com\\\/#website\"},\"primaryImageOfPage\":{\"@id\":\"https:\\\/\\\/portugalizar.com\\\/in-the-arms-of-joy\\\/#primaryimage\"},\"image\":{\"@id\":\"https:\\\/\\\/portugalizar.com\\\/in-the-arms-of-joy\\\/#primaryimage\"},\"thumbnailUrl\":\"https:\\\/\\\/i0.wp.com\\\/portugalizar.com\\\/wp-content\\\/uploads\\\/2022\\\/06\\\/51F398C5-E3F1-466E-BB48-BDC937C46D21-scaled.jpeg?fit=2560%2C2048&ssl=1\",\"datePublished\":\"2022-06-23T04:00:00+00:00\",\"dateModified\":\"2022-06-23T09:54:49+00:00\",\"description\":\"If at our final end we can say that \u201cI lived in the arms of joy for all my life\u201c, then, only then, will we know that we have had a good life.\",\"breadcrumb\":{\"@id\":\"https:\\\/\\\/portugalizar.com\\\/in-the-arms-of-joy\\\/#breadcrumb\"},\"inLanguage\":\"it-IT\",\"potentialAction\":[{\"@type\":\"ReadAction\",\"target\":[\"https:\\\/\\\/portugalizar.com\\\/in-the-arms-of-joy\\\/\"]}]},{\"@type\":\"ImageObject\",\"inLanguage\":\"it-IT\",\"@id\":\"https:\\\/\\\/portugalizar.com\\\/in-the-arms-of-joy\\\/#primaryimage\",\"url\":\"https:\\\/\\\/i0.wp.com\\\/portugalizar.com\\\/wp-content\\\/uploads\\\/2022\\\/06\\\/51F398C5-E3F1-466E-BB48-BDC937C46D21-scaled.jpeg?fit=2560%2C2048&ssl=1\",\"contentUrl\":\"https:\\\/\\\/i0.wp.com\\\/portugalizar.com\\\/wp-content\\\/uploads\\\/2022\\\/06\\\/51F398C5-E3F1-466E-BB48-BDC937C46D21-scaled.jpeg?fit=2560%2C2048&ssl=1\",\"width\":2560,\"height\":2048,\"caption\":\"\\\"Os Murm\u00farios\\\", 2020\"},{\"@type\":\"BreadcrumbList\",\"@id\":\"https:\\\/\\\/portugalizar.com\\\/in-the-arms-of-joy\\\/#breadcrumb\",\"itemListElement\":[{\"@type\":\"ListItem\",\"position\":1,\"name\":\"Home\",\"item\":\"https:\\\/\\\/portugalizar.com\\\/\"},{\"@type\":\"ListItem\",\"position\":2,\"name\":\"In The Arms of Joy For All My Life\"}]},{\"@type\":\"WebSite\",\"@id\":\"https:\\\/\\\/portugalizar.com\\\/#website\",\"url\":\"https:\\\/\\\/portugalizar.com\\\/\",\"name\":\"PORTUGALIZAR\",\"description\":\"\",\"publisher\":{\"@id\":\"https:\\\/\\\/portugalizar.com\\\/#organization\"},\"potentialAction\":[{\"@type\":\"SearchAction\",\"target\":{\"@type\":\"EntryPoint\",\"urlTemplate\":\"https:\\\/\\\/portugalizar.com\\\/?s={search_term_string}\"},\"query-input\":{\"@type\":\"PropertyValueSpecification\",\"valueRequired\":true,\"valueName\":\"search_term_string\"}}],\"inLanguage\":\"it-IT\"},{\"@type\":\"Organization\",\"@id\":\"https:\\\/\\\/portugalizar.com\\\/#organization\",\"name\":\"PORTUGALIZAR\",\"url\":\"https:\\\/\\\/portugalizar.com\\\/\",\"logo\":{\"@type\":\"ImageObject\",\"inLanguage\":\"it-IT\",\"@id\":\"https:\\\/\\\/portugalizar.com\\\/#\\\/schema\\\/logo\\\/image\\\/\",\"url\":\"\",\"contentUrl\":\"\",\"caption\":\"PORTUGALIZAR\"},\"image\":{\"@id\":\"https:\\\/\\\/portugalizar.com\\\/#\\\/schema\\\/logo\\\/image\\\/\"}},{\"@type\":\"Person\",\"@id\":\"https:\\\/\\\/portugalizar.com\\\/#\\\/schema\\\/person\\\/1f60af48f39895b897e26d9d92ecf6db\",\"name\":\"Gui\",\"image\":{\"@type\":\"ImageObject\",\"inLanguage\":\"it-IT\",\"@id\":\"https:\\\/\\\/secure.gravatar.com\\\/avatar\\\/0bef00a699e73fc60016c16a6f44683b2a027bb1b48a4b3973732af4cc636712?s=96&d=mm&r=g\",\"url\":\"https:\\\/\\\/secure.gravatar.com\\\/avatar\\\/0bef00a699e73fc60016c16a6f44683b2a027bb1b48a4b3973732af4cc636712?s=96&d=mm&r=g\",\"contentUrl\":\"https:\\\/\\\/secure.gravatar.com\\\/avatar\\\/0bef00a699e73fc60016c16a6f44683b2a027bb1b48a4b3973732af4cc636712?s=96&d=mm&r=g\",\"caption\":\"Gui\"},\"url\":\"https:\\\/\\\/portugalizar.com\\\/it\\\/author\\\/spestheonlyone\\\/\"}]}<\/script>\n<!-- \/ Yoast SEO plugin. -->","yoast_head_json":{"title":"In The Arms of Joy For All My Life - PORTUGALIZAR","description":"If at our final end we can say that \u201cI lived in the arms of joy for all my life\u201c, then, only then, will we know that we have had a good life.","robots":{"index":"index","follow":"follow","max-snippet":"max-snippet:-1","max-image-preview":"max-image-preview:large","max-video-preview":"max-video-preview:-1"},"canonical":"https:\/\/portugalizar.com\/it\/in-the-arms-of-joy\/","og_locale":"it_IT","og_type":"article","og_title":"In The Arms of Joy For All My Life - PORTUGALIZAR","og_description":"If at our final end we can say that \u201cI lived in the arms of joy for all my life\u201c, then, only then, will we know that we have had a good life.","og_url":"https:\/\/portugalizar.com\/it\/in-the-arms-of-joy\/","og_site_name":"PORTUGALIZAR","article_published_time":"2022-06-23T04:00:00+00:00","article_modified_time":"2022-06-23T09:54:49+00:00","og_image":[{"width":2560,"height":2048,"url":"https:\/\/portugalizar.com\/wp-content\/uploads\/2022\/06\/51F398C5-E3F1-466E-BB48-BDC937C46D21-scaled.jpeg","type":"image\/jpeg"}],"author":"Gui","twitter_card":"summary_large_image","twitter_misc":{"Scritto da":"Gui","Tempo di lettura stimato":"9 minuti"},"schema":{"@context":"https:\/\/schema.org","@graph":[{"@type":"Article","@id":"https:\/\/portugalizar.com\/in-the-arms-of-joy\/#article","isPartOf":{"@id":"https:\/\/portugalizar.com\/in-the-arms-of-joy\/"},"author":{"name":"Gui","@id":"https:\/\/portugalizar.com\/#\/schema\/person\/1f60af48f39895b897e26d9d92ecf6db"},"headline":"In The Arms of Joy For All My Life","datePublished":"2022-06-23T04:00:00+00:00","dateModified":"2022-06-23T09:54:49+00:00","mainEntityOfPage":{"@id":"https:\/\/portugalizar.com\/in-the-arms-of-joy\/"},"wordCount":1778,"commentCount":10,"publisher":{"@id":"https:\/\/portugalizar.com\/#organization"},"image":{"@id":"https:\/\/portugalizar.com\/in-the-arms-of-joy\/#primaryimage"},"thumbnailUrl":"https:\/\/i0.wp.com\/portugalizar.com\/wp-content\/uploads\/2022\/06\/51F398C5-E3F1-466E-BB48-BDC937C46D21-scaled.jpeg?fit=2560%2C2048&ssl=1","articleSection":["Culture &amp; Customs","People"],"inLanguage":"it-IT","potentialAction":[{"@type":"CommentAction","name":"Comment","target":["https:\/\/portugalizar.com\/in-the-arms-of-joy\/#respond"]}]},{"@type":"WebPage","@id":"https:\/\/portugalizar.com\/in-the-arms-of-joy\/","url":"https:\/\/portugalizar.com\/in-the-arms-of-joy\/","name":"In The Arms of Joy For All My Life - PORTUGALIZAR","isPartOf":{"@id":"https:\/\/portugalizar.com\/#website"},"primaryImageOfPage":{"@id":"https:\/\/portugalizar.com\/in-the-arms-of-joy\/#primaryimage"},"image":{"@id":"https:\/\/portugalizar.com\/in-the-arms-of-joy\/#primaryimage"},"thumbnailUrl":"https:\/\/i0.wp.com\/portugalizar.com\/wp-content\/uploads\/2022\/06\/51F398C5-E3F1-466E-BB48-BDC937C46D21-scaled.jpeg?fit=2560%2C2048&ssl=1","datePublished":"2022-06-23T04:00:00+00:00","dateModified":"2022-06-23T09:54:49+00:00","description":"If at our final end we can say that \u201cI lived in the arms of joy for all my life\u201c, then, only then, will we know that we have had a good life.","breadcrumb":{"@id":"https:\/\/portugalizar.com\/in-the-arms-of-joy\/#breadcrumb"},"inLanguage":"it-IT","potentialAction":[{"@type":"ReadAction","target":["https:\/\/portugalizar.com\/in-the-arms-of-joy\/"]}]},{"@type":"ImageObject","inLanguage":"it-IT","@id":"https:\/\/portugalizar.com\/in-the-arms-of-joy\/#primaryimage","url":"https:\/\/i0.wp.com\/portugalizar.com\/wp-content\/uploads\/2022\/06\/51F398C5-E3F1-466E-BB48-BDC937C46D21-scaled.jpeg?fit=2560%2C2048&ssl=1","contentUrl":"https:\/\/i0.wp.com\/portugalizar.com\/wp-content\/uploads\/2022\/06\/51F398C5-E3F1-466E-BB48-BDC937C46D21-scaled.jpeg?fit=2560%2C2048&ssl=1","width":2560,"height":2048,"caption":"\"Os Murm\u00farios\", 2020"},{"@type":"BreadcrumbList","@id":"https:\/\/portugalizar.com\/in-the-arms-of-joy\/#breadcrumb","itemListElement":[{"@type":"ListItem","position":1,"name":"Home","item":"https:\/\/portugalizar.com\/"},{"@type":"ListItem","position":2,"name":"In The Arms of Joy For All My Life"}]},{"@type":"WebSite","@id":"https:\/\/portugalizar.com\/#website","url":"https:\/\/portugalizar.com\/","name":"PORTOGALLO","description":"","publisher":{"@id":"https:\/\/portugalizar.com\/#organization"},"potentialAction":[{"@type":"SearchAction","target":{"@type":"EntryPoint","urlTemplate":"https:\/\/portugalizar.com\/?s={search_term_string}"},"query-input":{"@type":"PropertyValueSpecification","valueRequired":true,"valueName":"search_term_string"}}],"inLanguage":"it-IT"},{"@type":"Organization","@id":"https:\/\/portugalizar.com\/#organization","name":"PORTOGALLO","url":"https:\/\/portugalizar.com\/","logo":{"@type":"ImageObject","inLanguage":"it-IT","@id":"https:\/\/portugalizar.com\/#\/schema\/logo\/image\/","url":"","contentUrl":"","caption":"PORTUGALIZAR"},"image":{"@id":"https:\/\/portugalizar.com\/#\/schema\/logo\/image\/"}},{"@type":"Person","@id":"https:\/\/portugalizar.com\/#\/schema\/person\/1f60af48f39895b897e26d9d92ecf6db","name":"Gui","image":{"@type":"ImageObject","inLanguage":"it-IT","@id":"https:\/\/secure.gravatar.com\/avatar\/0bef00a699e73fc60016c16a6f44683b2a027bb1b48a4b3973732af4cc636712?s=96&d=mm&r=g","url":"https:\/\/secure.gravatar.com\/avatar\/0bef00a699e73fc60016c16a6f44683b2a027bb1b48a4b3973732af4cc636712?s=96&d=mm&r=g","contentUrl":"https:\/\/secure.gravatar.com\/avatar\/0bef00a699e73fc60016c16a6f44683b2a027bb1b48a4b3973732af4cc636712?s=96&d=mm&r=g","caption":"Gui"},"url":"https:\/\/portugalizar.com\/it\/author\/spestheonlyone\/"}]}},"jetpack_featured_media_url":"https:\/\/i0.wp.com\/portugalizar.com\/wp-content\/uploads\/2022\/06\/51F398C5-E3F1-466E-BB48-BDC937C46D21-scaled.jpeg?fit=2560%2C2048&ssl=1","jetpack-related-posts":[],"jetpack_sharing_enabled":true,"_links":{"self":[{"href":"https:\/\/portugalizar.com\/it\/wp-json\/wp\/v2\/posts\/1441","targetHints":{"allow":["GET"]}}],"collection":[{"href":"https:\/\/portugalizar.com\/it\/wp-json\/wp\/v2\/posts"}],"about":[{"href":"https:\/\/portugalizar.com\/it\/wp-json\/wp\/v2\/types\/post"}],"author":[{"embeddable":true,"href":"https:\/\/portugalizar.com\/it\/wp-json\/wp\/v2\/users\/1"}],"replies":[{"embeddable":true,"href":"https:\/\/portugalizar.com\/it\/wp-json\/wp\/v2\/comments?post=1441"}],"version-history":[{"count":5,"href":"https:\/\/portugalizar.com\/it\/wp-json\/wp\/v2\/posts\/1441\/revisions"}],"predecessor-version":[{"id":1900,"href":"https:\/\/portugalizar.com\/it\/wp-json\/wp\/v2\/posts\/1441\/revisions\/1900"}],"wp:featuredmedia":[{"embeddable":true,"href":"https:\/\/portugalizar.com\/it\/wp-json\/wp\/v2\/media\/1477"}],"wp:attachment":[{"href":"https:\/\/portugalizar.com\/it\/wp-json\/wp\/v2\/media?parent=1441"}],"wp:term":[{"taxonomy":"category","embeddable":true,"href":"https:\/\/portugalizar.com\/it\/wp-json\/wp\/v2\/categories?post=1441"},{"taxonomy":"post_tag","embeddable":true,"href":"https:\/\/portugalizar.com\/it\/wp-json\/wp\/v2\/tags?post=1441"}],"curies":[{"name":"wp","href":"https:\/\/api.w.org\/{rel}","templated":true}]}}