{"id":1348,"date":"2022-05-26T04:00:00","date_gmt":"2022-05-26T04:00:00","guid":{"rendered":"https:\/\/portugalizar.com\/?p=1348"},"modified":"2022-05-26T19:05:22","modified_gmt":"2022-05-26T19:05:22","slug":"that-fantastic-thing","status":"publish","type":"post","link":"https:\/\/portugalizar.com\/it\/that-fantastic-thing\/","title":{"rendered":"Quella Cosa Fantastica, Pazzo e Stupido,<br>Fallo di nuovo!"},"content":{"rendered":"<p><em>E' bello ter-te de volta! Grazie per il tuo vindo!<\/em> \/\/ \u00c8 bello riaverti con noi! Grazie per essere venuti! Ricordate che ho dimezzato il post della scorsa settimana? Santo cielo, quel singolo post sarebbe stato lungo!  Ebbene, questa \u00e8 la seconda parte. Entrambe hanno un tema simile, ovvero la fantastica cosa chiamata vita a Santa Luzia. Questa settimana, per\u00f2, diamo un'occhiata da un'angolazione diversa.<\/p>\n\n\n\n<p>Prima di addentrarci nel post di oggi, voglio parlarvi un po' dei dipinti che appaiono qui sotto. Tutti e quattro risalgono all'inizio del 2020, quando ho iniziato a cimentarmi con la pittura. Hanno origine prima che iniziassi a sviluppare <a href=\"https:\/\/portugalizar.com\/it\/a-new-lanuage\/\" target=\"_blank\" rel=\"noreferrer noopener\"><strong>la mia lingua<\/strong><\/a>per cos\u00ec dire.<\/p>\n\n\n\n<p>Soprattutto le prime due mi imbarazzano un po'. Ma vorrei comunque mostrarvele. Penso che aiutino a comunicare parte di ci\u00f2 che vorrei condividere oggi. E non credo che siano cos\u00ec terribilmente rese. Tuttavia, ho lottato un po' con la prospettiva.<\/p>\n\n\n\n<p>I primi due, <em>\"N\u00e3o Se Apaga!\"<\/em> e <em>\"A Janela Aberta\"<\/em>sono anche un po' \"sciocchi\". Gli edifici, con i graffiti e le grandi vetrine, esistono davvero qui a Santa Luzia. Le persone, invece, le ho immaginate. Le ho dipinte a partire da immagini di riviste. I dipinti stessi sono allegorie <em>alla<\/em> <a href=\"https:\/\/www.wikiart.org\/en\/william-blake\" target=\"_blank\" rel=\"noreferrer noopener\">William Blake<\/a> e <a href=\"https:\/\/www.wikiart.org\/en\/henri-rousseau\" target=\"_blank\" rel=\"noreferrer noopener\">Henri Rousseau<\/a>se non nei loro stili, se non forse nella loro <em>na\u00efvit\u00e9<\/em>. Stavo accarezzando l'idea di creare favole pittoriche. Ma mi sembrava forzato e cos\u00ec ho abbandonato l'idea.<\/p>\n\n\n\n<p>Passiamo ora alla vera sostanza di questo post, ovvero quella cosa fantastica.<\/p>\n\n\n\n<h2 class=\"wp-block-heading\"><em>Bom<\/em> e <em>Boa<\/em> - The Goods - Andare a perdere<\/h2>\n\n\n\n<p>Ho menzionato in un <strong><a href=\"https:\/\/portugalizar.com\/it\/quite-a-lot\/\" target=\"_blank\" rel=\"noreferrer noopener\">post precedente<\/a><\/strong> che i portoghesi si riconoscono tipicamente con un saluto all'ora del giorno. \u00c8 pi\u00f9 probabile sentire <em>bom dia<\/em> \/ <em>boa tarde<\/em> \/ <em>ciao ciao<\/em> piuttosto che <em>ol\u00e0<\/em>. Le persone qui usano <em>ol\u00e0<\/em> sempre di pi\u00f9, ma mi sembra un accomodamento per i nordamericani, soprattutto per i cittadini statunitensi.<\/p>\n\n\n\n<p>Ho notato, per\u00f2, che la parte \"buona\" del saluto, cio\u00e8 la parte <em>bom<\/em> \/ <em>boa<\/em> prima dell'ora del giorno, viene inghiottito o perso completamente nell'enunciato. La parte udibile \u00e8 un'attenuazione e un'esplosione <em>dia<\/em> o<em> tarde<\/em>. Solo per inciso, per quanto riguarda <em>ciao ciao<\/em>Non so cosa si dica in realt\u00e0, perch\u00e9 io e Z\u00e9 non siamo persone notturne.<\/p>\n\n\n\n<p>Saluto sempre le persone con la mia accurata e articolata <em>bom dia<\/em> o <em>boa tarde<\/em>. La risposta attenuata, anche se entusiasta, dei non accompagnati <em>dia<\/em> o <em>tarde<\/em> mi ha fatto riflettere sull'intenzionalit\u00e0. I portoghesi non si sentono generalmente e genuinamente bene nella loro vita e quindi abbandonano il \"bene\"?<\/p>\n\n\n\n<p>Ho chiesto a un paio di persone che ho incontrato qui perch\u00e9 solo <em>dia<\/em> e non <em>bom dia<\/em>Perch\u00e9 tagliare il buono? La prima persona a cui l'ho chiesto \u00e8 una giovane donna di circa 25 anni. La seconda persona \u00e8 un uomo pi\u00f9 anziano, credo di circa settant'anni. Condivider\u00f2 con voi le loro due risposte molto simili, da punti di vista molto diversi.<\/p>\n\n\n\n<h2 class=\"wp-block-heading\">Questa cosa fantastica! La vita \u00e8 bella!<\/h2>\n\n\n\n<p>Ver\u00f3nica, la giovane donna, in risposta alla mia domanda, ovviamente sciocca, ha detto: \"Tutto va bene... il cielo \u00e8 azzurro, la giornata \u00e8 calda, la spiaggia \u00e8 laggi\u00f9. E ogni giorno \u00e8 lo stesso, ogni giorno \u00e8 bello: il cielo \u00e8 azzurro, il sole \u00e8 caldo e laggi\u00f9 c'\u00e8 la spiaggia\". Mentre tornava a casa sua dopo un'ulteriore conversazione, l'ho vista salutare una donna anziana... Ho capito che era sincera. La loro interazione \u00e8 stata piena di dolcezza e pazienza; Ver\u00f3nica ha accarezzato la spalla della donna con la mano prima di andare avanti.<\/p>\n\n\n\n<p><em>O Senhor<\/em>Poich\u00e9 conosco quest'uomo anziano solo nella formalit\u00e0 richiesta del portoghese, rispose in modo pi\u00f9 diretto, ma altrettanto poetico. \"Sono qui stamattina\". Come la proclamazione del graffito filosofico \"n\u00e3o se apaga\", non \u00e8 stato cancellato n\u00e9 lo sar\u00e0. Ho capito subito il suo intento. Alla sua et\u00e0, se si pu\u00f2 salutare un altro, evidentemente \u00e8 un buon giorno.<\/p>\n\n\n\n<figure class=\"wp-block-image alignwide size-large\"><img data-recalc-dims=\"1\" fetchpriority=\"high\" decoding=\"async\" width=\"950\" height=\"681\" src=\"https:\/\/i0.wp.com\/portugalizar.com\/wp-content\/uploads\/2022\/05\/0DFB2783-00E1-4CBC-B5E8-0B14111A42E5-scaled-e1652634307872-1024x734.jpeg?resize=950%2C681&#038;ssl=1\" alt=\"\" class=\"wp-image-1376\" srcset=\"https:\/\/i0.wp.com\/portugalizar.com\/wp-content\/uploads\/2022\/05\/0DFB2783-00E1-4CBC-B5E8-0B14111A42E5-scaled-e1652634307872.jpeg?resize=1024%2C734&amp;ssl=1 1024w, https:\/\/i0.wp.com\/portugalizar.com\/wp-content\/uploads\/2022\/05\/0DFB2783-00E1-4CBC-B5E8-0B14111A42E5-scaled-e1652634307872.jpeg?resize=300%2C215&amp;ssl=1 300w, https:\/\/i0.wp.com\/portugalizar.com\/wp-content\/uploads\/2022\/05\/0DFB2783-00E1-4CBC-B5E8-0B14111A42E5-scaled-e1652634307872.jpeg?resize=768%2C550&amp;ssl=1 768w, https:\/\/i0.wp.com\/portugalizar.com\/wp-content\/uploads\/2022\/05\/0DFB2783-00E1-4CBC-B5E8-0B14111A42E5-scaled-e1652634307872.jpeg?resize=1536%2C1101&amp;ssl=1 1536w, https:\/\/i0.wp.com\/portugalizar.com\/wp-content\/uploads\/2022\/05\/0DFB2783-00E1-4CBC-B5E8-0B14111A42E5-scaled-e1652634307872.jpeg?resize=18%2C12&amp;ssl=1 18w, https:\/\/i0.wp.com\/portugalizar.com\/wp-content\/uploads\/2022\/05\/0DFB2783-00E1-4CBC-B5E8-0B14111A42E5-scaled-e1652634307872.jpeg?w=1920&amp;ssl=1 1920w\" sizes=\"(max-width: 950px) 100vw, 950px\" \/><figcaption>\"N\u00e3o Se Apaga\", 2020<\/figcaption><\/figure>\n\n\n\n<p>Abbiamo parlato davanti alla sua modestissima casa che si affaccia su una di quelle strade sterrate. L'avevo gi\u00e0 visto molte volte e abbiamo chiacchierato brevemente in diverse occasioni. Lavora ancora duramente arando, piantando e raccogliendo un piccolo appezzamento di terreno. Vive per conto suo, ma non da solo. Con lui vivono alcune capre e un gatto. Inoltre, ho notato che la famiglia e gli amici vanno e vengono spesso. <\/p>\n\n\n\n<h2 class=\"wp-block-heading\">Non \u00e8 facile, ma...<\/h2>\n\n\n\n<p>Ver\u00f3nica ha speranze e sogni, come una persona della sua et\u00e0 dovrebbe e deve fare. Per lei la finestra sulla vita \u00e8 spalancata. Insieme a un'amica aveva avviato un'attivit\u00e0 di pulizia di appartamenti Airbnb qui a Santa Luzia. Ha ammesso che i soldi erano buoni. Ma ha detto: \"Sono giovane, voglio vedere posti, essere in viaggio\". Il suo sogno particolare \u00e8 diventare autista di camion. Certo, sono rimasto sorpreso, ma chi sono io per mettere in discussione i sogni di qualcuno? Ora lavora in uno dei due <em>Pingo Doce<\/em> supermercati di Tavira. La sua domanda per ottenere la formazione richiesta si snoda attraverso la burocrazia portoghese e lei aspetta.<\/p>\n\n\n\n<figure class=\"wp-block-image alignwide size-large\"><img data-recalc-dims=\"1\" decoding=\"async\" width=\"713\" height=\"1024\" src=\"https:\/\/i0.wp.com\/portugalizar.com\/wp-content\/uploads\/2022\/05\/A-Janela-Aberta.jpg?resize=713%2C1024&#038;ssl=1\" alt=\"\" class=\"wp-image-1377\" srcset=\"https:\/\/i0.wp.com\/portugalizar.com\/wp-content\/uploads\/2022\/05\/A-Janela-Aberta-scaled.jpg?resize=713%2C1024&amp;ssl=1 713w, https:\/\/i0.wp.com\/portugalizar.com\/wp-content\/uploads\/2022\/05\/A-Janela-Aberta-scaled.jpg?resize=209%2C300&amp;ssl=1 209w, https:\/\/i0.wp.com\/portugalizar.com\/wp-content\/uploads\/2022\/05\/A-Janela-Aberta-scaled.jpg?resize=768%2C1103&amp;ssl=1 768w, https:\/\/i0.wp.com\/portugalizar.com\/wp-content\/uploads\/2022\/05\/A-Janela-Aberta-scaled.jpg?resize=1070%2C1536&amp;ssl=1 1070w, https:\/\/i0.wp.com\/portugalizar.com\/wp-content\/uploads\/2022\/05\/A-Janela-Aberta-scaled.jpg?resize=1426%2C2048&amp;ssl=1 1426w, https:\/\/i0.wp.com\/portugalizar.com\/wp-content\/uploads\/2022\/05\/A-Janela-Aberta-scaled.jpg?resize=8%2C12&amp;ssl=1 8w, https:\/\/i0.wp.com\/portugalizar.com\/wp-content\/uploads\/2022\/05\/A-Janela-Aberta-scaled.jpg?w=1783&amp;ssl=1 1783w\" sizes=\"(max-width: 713px) 100vw, 713px\" \/><figcaption>\"A Janela Aberta\", 2020<\/figcaption><\/figure>\n\n\n\n<p>Per una persona come Ver\u00f3nica non \u00e8 facile. I salari sono bassi, i pi\u00f9 bassi della zona euro. Le opportunit\u00e0, anche per i pi\u00f9 istruiti, sembrano scarse; molti si trasferiscono all'estero per inseguire i propri sogni. Mentre scrivo, mi viene in mente il lamento di un titolo di un'edizione recente del giornale <em>Espresso<\/em> giornale. \"<a href=\"https:\/\/www.portugalresident.com\/salaries-face-greatest-fall-since-troika\/\" target=\"_blank\" rel=\"noreferrer noopener\"><strong>La recente inflazione ha portato i salari reali ai minimi dalla crisi finanziaria del 2009-10.<\/strong><\/a>\" Qui i sogni possono diventare piccoli. Ma si presume sempre il \"bene\", soprattutto quando ci si saluta.<\/p>\n\n\n\n<p>Per <em>o Senhor<\/em>I sogni sono stati sognati. Ora \u00e8 il tempo dell'attesa, del tenersi occupati e del ricordare. Come per molte persone anziane \u00e8 impossibile <em>o Senhor<\/em> ignorare che la vita non \u00e8 facile, che non \u00e8 destinata ad esserlo. Eppure, c'\u00e8 molto di buono di cui godere. Mi dice: \"Il sole del mattino mi scalda il viso e le spalle\". E \"il latte di capra ha un sapore dolce quando \u00e8 ancora caldo\". Ho visto che l'abbraccio di suo nipote gli illumina il viso. Il pi\u00f9 giovane ha <em>o Senhor's<\/em> forza e il suo rapido sorriso. Tante cose belle.<\/p>\n\n\n\n<h2 class=\"wp-block-heading\">\u00c8 fantastico quel cielo blu!<\/h2>\n\n\n\n<p>Ogni giorno \u00e8 bello, certo che lo \u00e8... basta alzare lo sguardo. Quindi, non c'\u00e8 bisogno di affermare l'ovvio quando si incrocia un amico o uno sconosciuto per strada.<\/p>\n\n\n\n<p>Uno dei punti di forza del Portogallo meridionale \u00e8 il suo famoso cielo azzurro e senza nuvole... <a href=\"https:\/\/www.visitportugal.com\/en\/content\/winter-sun\" target=\"_blank\" rel=\"noreferrer noopener\"><strong>300 giorni<\/strong><\/a> di loro. Non mi stanco mai del loro profondo cobalto. Sospettavo che avrei potuto farlo per pura monotonia. Ma questi cieli diventano una tela su cui si dipingono i capolavori quotidiani e ordinari, come le onnipresenti ciminiere coniche di Algarve. O un'arancia o un limone quando si guarda in alto attraverso i rami degli alberi. Tutto si staglia dichiarando la propria bellezza.<\/p>\n\n\n\n<figure class=\"wp-block-image alignwide size-full\"><img data-recalc-dims=\"1\" decoding=\"async\" src=\"https:\/\/i0.wp.com\/portugalizar.com\/wp-content\/uploads\/2022\/05\/E6DDE4C9-D764-47D2-95EA-FC0EE58D4FBD.jpeg?w=950&#038;ssl=1\" alt=\"\" class=\"wp-image-1229\"\/><figcaption>\"O C\u00e9u Azul\", 2020<\/figcaption><\/figure>\n\n\n\n<p>Il cielo, azzurro e brillante, \u00e8 l'ordinario quotidiano qui. Ma anch'esso \u00e8 speciale, cio\u00e8 una delizia quotidiana e ordinaria. Non sono solo le cose speciali. Il cibo, il vino e i dolci sono davvero fantastici. Aggiungono brio e vivacit\u00e0 alla nostra vita qui. Ma anche il cielo azzurro di tutti i giorni e tutte le cose ordinarie dipinte su di esso aggiungono brio e vivacit\u00e0 alla nostra vita fantastica.<\/p>\n\n\n\n<h2 class=\"wp-block-heading\">Prendere tutto con serenit\u00e0<\/h2>\n\n\n\n<p>Mi sembra che i portoghesi lo capiscano ancora. Che cos'\u00e8 esattamente questo \"questo\"? Che la vita \u00e8 pazza-stupida, cio\u00e8 fantastica. Che le chicche della vita, sia quelle ordinarie che quelle speciali, superano tutte le difficolt\u00e0.<\/p>\n\n\n\n<p>\u00c8 sicuramente inesatto supporre che i portoghesi abbiano una qualche capacit\u00e0 speciale di trasformare i limoni della vita in limonata o addirittura in una torta o in una crostata al limone. Anche se fanno tutto questo con i limoni che coltivano. Credo che l'abilit\u00e0 speciale dei portoghesi sia quella di lasciare che i presunti limoni della vita siano semplicemente ci\u00f2 che sono. Non si aspettano che siano altro che limoni. N\u00e9 passano molto tempo a preoccuparsi che i limoni siano qualcosa di diverso dai limoni. <\/p>\n\n\n\n<figure class=\"wp-block-image alignwide size-large\"><img data-recalc-dims=\"1\" decoding=\"async\" width=\"950\" height=\"570\" src=\"https:\/\/i0.wp.com\/portugalizar.com\/wp-content\/uploads\/2022\/05\/5EB380A4-6339-42B7-82A8-CA41E0639CFF.png?resize=950%2C570&#038;ssl=1\" alt=\"\" class=\"wp-image-1408\" srcset=\"https:\/\/i0.wp.com\/portugalizar.com\/wp-content\/uploads\/2022\/05\/5EB380A4-6339-42B7-82A8-CA41E0639CFF.png?resize=1024%2C614&amp;ssl=1 1024w, https:\/\/i0.wp.com\/portugalizar.com\/wp-content\/uploads\/2022\/05\/5EB380A4-6339-42B7-82A8-CA41E0639CFF.png?resize=300%2C180&amp;ssl=1 300w, https:\/\/i0.wp.com\/portugalizar.com\/wp-content\/uploads\/2022\/05\/5EB380A4-6339-42B7-82A8-CA41E0639CFF.png?resize=768%2C461&amp;ssl=1 768w, https:\/\/i0.wp.com\/portugalizar.com\/wp-content\/uploads\/2022\/05\/5EB380A4-6339-42B7-82A8-CA41E0639CFF.png?resize=18%2C12&amp;ssl=1 18w, https:\/\/i0.wp.com\/portugalizar.com\/wp-content\/uploads\/2022\/05\/5EB380A4-6339-42B7-82A8-CA41E0639CFF.png?w=1517&amp;ssl=1 1517w\" sizes=\"(max-width: 950px) 100vw, 950px\" \/><figcaption>\"Quando la vita offre limoni... goditi i limoni!\", 2020<\/figcaption><\/figure>\n\n\n\n<p>Non sto dicendo che per i portoghesi la vita sia pi\u00f9 facile. Credo che i portoghesi sappiano che la loro vita non \u00e8 affatto facile; ve lo diranno se glielo chiedete. Quello che voglio dire \u00e8 che la prospettiva portoghese vede entrambe le cose, le valuta entrambe e, alla fine, trova che il bene che la vita offre sia superiore a tutto il resto. Sono in grado di prendere tutto con filosofia. Questo d\u00e0 loro la capacit\u00e0 e la giustificazione per cingere una cintura di cuore e a tutta forza <em>dia<\/em> che presuppone il bene.<\/p>\n\n\n\n<h2 class=\"wp-block-heading\">Lezioni fantastiche apprese<\/h2>\n\n\n\n<p>La cultura contemporanea ha un problema. Si aspetta, ci aspettiamo, che i limoni non siano limoni. Per pi\u00f9 di un secolo ci \u00e8 stata data in pasto una linea. Questa frase \u00e8 diventata la canzone numero uno e il disco rotto del capitalismo e della sua progenie, il neoliberismo. Il ritornello recita: \"La tua vita pu\u00f2 e deve essere facile. Se non lo \u00e8, allora stai facendo qualcosa di sbagliato\". I versi sono altrettanto poco stimolanti.<\/p>\n\n\n\n<p>\"Compra questa, quella o quell'altra cosa e la tua vita sar\u00e0 facile\". \"Usa questo dentifricio e i tuoi denti saranno bianchi, poi gli altri si innamoreranno di te, i soldi appariranno sul tuo conto in banca, ecc.\". \"Comprate questa lavastoviglie e la vostra vita sar\u00e0 facile perch\u00e9 avrete venti minuti di tempo libero in pi\u00f9. Non preoccupatevi di dover lavorare un'ora in pi\u00f9 per molti anni per pagare la lavastoviglie\".<\/p>\n\n\n\n<p>La vita non \u00e8 facile. Non potr\u00e0 mai esserlo. Anche se tutto fosse fatto per noi e le nostre giornate fossero totalmente libere e piene di svaghi, la vita non sarebbe facile. I nostri denti potrebbero diventare bianchissimi. I nostri capelli potrebbero finalmente raggiungere la tonalit\u00e0 perfetta. La lavastoviglie, la macchina per i vestiti, il robot aspirapolvere potrebbero darci un tempo libero infinito, ma a un prezzo. Tuttavia, la vita non sar\u00e0 mai facile. Proveremo ancora dolore, un dolore insopportabile. La malattia ci trover\u00e0. Cammineremo ancora mano nella mano con la nostra mortalit\u00e0. Le persone che amiamo di pi\u00f9 ci lasceranno. E cos\u00ec via.<\/p>\n\n\n\n<h2 class=\"wp-block-heading\">Cosa fare<\/h2>\n\n\n\n<p>Il capitalismo contemporaneo e il neo-liberalismo non sono in grado di fornire risultati facili. Molti sono giustamente arrabbiati per aver ricevuto questa promessa non mantenuta. Provano rabbia verso se stessi per non aver raggiunto la facilit\u00e0. Questa rabbia viene distorta e manipolata nelle mani di truffatori senza scrupoli e aspiranti despoti. Offrono sostituti accoglienti e confortevoli, come il nazionalismo e l'orgoglio razziale, che indirizzano questa rabbia verso gli altri.<\/p>\n\n\n\n<p>Anche i portoghesi sono arrabbiati. Fortunatamente, sono arrivati alla festa pi\u00f9 tardi di noi. Finora i portoghesi hanno bevuto meno della kool-aide neoliberista. Riescono ancora a percepire e a trovare l'equilibrio tra il non facile e il buono nelle loro vite. Non so per quanto tempo ancora.<\/p>\n\n\n\n<p>Non so come sistemare il capitalismo e il neoliberismo se non attraverso una scelta personale. La vita non \u00e8 facile, non dovrebbe esserlo. Ma \u00e8 piena di un sacco di cose fantastiche e folli. Cio\u00e8, c'\u00e8 cos\u00ec tanta bellezza e gioia. La vita pu\u00f2 essere pi\u00f9 semplice. Possiamo fare a meno di molte delle cose di cui pensiamo di aver bisogno e di cui ci dicono che abbiamo bisogno. Se non le abbiamo noi, possono averle gli altri. <\/p>\n\n\n\n<p>Joseph mi ha detto di aver letto che le aziende cambiano gli obiettivi di produzione in un attimo quando le vendite si muovono in un senso o nell'altro. Se non compriamo qualcosa perch\u00e9 pensiamo di non averne pi\u00f9 bisogno, o perch\u00e9 decidiamo di non dover pi\u00f9 sopportare il suo impatto ambientale, forse le cose inizieranno a cambiare. Forse i nostri semplici atti sono davvero potenti. Questo pensiero mi rende pi\u00f9 felice della delusione per una vita non facile. <\/p>\n\n\n\n<p>A gioved\u00ec prossimo! \/\/ Ci vediamo gioved\u00ec prossimo!<\/p>\n\n\n\n<h2 class=\"wp-block-heading\">Nota speciale<\/h2>\n\n\n\n<p>So che la mia prospettiva non \u00e8 quella di tutti. Non pu\u00f2 esserlo. Scrivo come uno di cui il neoliberismo ha beneficiato, sebbene abbia cercato di consentire alla democrazia liberale di essere all'altezza delle sue promesse di equit\u00e0 e giustizia. Ora, visto che vedo meno anni davanti a me che dietro, cerco semplicemente di vivere i principi e di fare le cose che posso fare. Praticare la giustizia ridistributiva personale, vivere con delicatezza sulla terra, essere aperto e accogliente, mantenere diligentemente la tensione tra tolleranza e convinzione personale, e cos\u00ec via.<\/p>","protected":false},"excerpt":{"rendered":"<p>La vita qui a Santa Luzia \u00e8 davvero fantastica. Ma in genere il saluto che riceviamo dai portoghesi nativi qui \u00e8 solo \"giorno\" o \"pomeriggio\". Che fine ha fatto il \"bene\"? Per scoprirlo, continuate a leggere...<\/p>","protected":false},"author":1,"featured_media":1102,"comment_status":"open","ping_status":"closed","sticky":false,"template":"","format":"standard","meta":{"nf_dc_page":"","om_disable_all_campaigns":false,"_monsterinsights_skip_tracking":false,"_monsterinsights_sitenote_active":false,"_monsterinsights_sitenote_note":"","_monsterinsights_sitenote_category":0,"_themeisle_gutenberg_block_has_review":false,"_jetpack_memberships_contains_paid_content":false,"footnotes":""},"categories":[8,6],"tags":[],"class_list":["post-1348","post","type-post","status-publish","format-standard","has-post-thumbnail","hentry","category-culture-customs","category-people"],"yoast_head":"<!-- This site is optimized with the Yoast SEO plugin v27.4 - https:\/\/yoast.com\/product\/yoast-seo-wordpress\/ -->\n<title>That Fantastic Thing, Crazy and Stupid,Do It Again! - PORTUGALIZAR<\/title>\n<meta name=\"description\" content=\"The Portuguese presume that life is good although not always easy. They don\u2019t need to say it because they enjoy all fantastic things in life.\" \/>\n<meta name=\"robots\" content=\"index, follow, max-snippet:-1, max-image-preview:large, max-video-preview:-1\" \/>\n<link rel=\"canonical\" href=\"https:\/\/portugalizar.com\/it\/that-fantastic-thing\/\" \/>\n<meta property=\"og:locale\" content=\"it_IT\" \/>\n<meta property=\"og:type\" content=\"article\" \/>\n<meta property=\"og:title\" content=\"That Fantastic Thing, Crazy and Stupid,Do It Again! - PORTUGALIZAR\" \/>\n<meta property=\"og:description\" content=\"The Portuguese presume that life is good although not always easy. They don\u2019t need to say it because they enjoy all fantastic things in life.\" \/>\n<meta property=\"og:url\" content=\"https:\/\/portugalizar.com\/it\/that-fantastic-thing\/\" \/>\n<meta property=\"og:site_name\" content=\"PORTUGALIZAR\" \/>\n<meta property=\"article:published_time\" content=\"2022-05-26T04:00:00+00:00\" \/>\n<meta property=\"article:modified_time\" content=\"2022-05-26T19:05:22+00:00\" \/>\n<meta property=\"og:image\" content=\"https:\/\/portugalizar.com\/wp-content\/uploads\/2022\/04\/8FD48A82-1F0D-40C2-AE71-C5E3DFB5A971-scaled.jpeg\" \/>\n\t<meta property=\"og:image:width\" content=\"2560\" \/>\n\t<meta property=\"og:image:height\" content=\"1872\" \/>\n\t<meta property=\"og:image:type\" content=\"image\/jpeg\" \/>\n<meta name=\"author\" content=\"Gui\" \/>\n<meta name=\"twitter:card\" content=\"summary_large_image\" \/>\n<meta name=\"twitter:label1\" content=\"Scritto da\" \/>\n\t<meta name=\"twitter:data1\" content=\"Gui\" \/>\n\t<meta name=\"twitter:label2\" content=\"Tempo di lettura stimato\" \/>\n\t<meta name=\"twitter:data2\" content=\"10 minuti\" \/>\n<script type=\"application\/ld+json\" class=\"yoast-schema-graph\">{\"@context\":\"https:\\\/\\\/schema.org\",\"@graph\":[{\"@type\":\"Article\",\"@id\":\"https:\\\/\\\/portugalizar.com\\\/that-fantastic-thing\\\/#article\",\"isPartOf\":{\"@id\":\"https:\\\/\\\/portugalizar.com\\\/that-fantastic-thing\\\/\"},\"author\":{\"name\":\"Gui\",\"@id\":\"https:\\\/\\\/portugalizar.com\\\/#\\\/schema\\\/person\\\/1f60af48f39895b897e26d9d92ecf6db\"},\"headline\":\"That Fantastic Thing, Crazy and Stupid, Do It Again!\",\"datePublished\":\"2022-05-26T04:00:00+00:00\",\"dateModified\":\"2022-05-26T19:05:22+00:00\",\"mainEntityOfPage\":{\"@id\":\"https:\\\/\\\/portugalizar.com\\\/that-fantastic-thing\\\/\"},\"wordCount\":2085,\"commentCount\":12,\"publisher\":{\"@id\":\"https:\\\/\\\/portugalizar.com\\\/#organization\"},\"image\":{\"@id\":\"https:\\\/\\\/portugalizar.com\\\/that-fantastic-thing\\\/#primaryimage\"},\"thumbnailUrl\":\"https:\\\/\\\/i0.wp.com\\\/portugalizar.com\\\/wp-content\\\/uploads\\\/2022\\\/04\\\/8FD48A82-1F0D-40C2-AE71-C5E3DFB5A971-scaled.jpeg?fit=2560%2C1872&ssl=1\",\"articleSection\":[\"Culture &amp; Customs\",\"People\"],\"inLanguage\":\"it-IT\",\"potentialAction\":[{\"@type\":\"CommentAction\",\"name\":\"Comment\",\"target\":[\"https:\\\/\\\/portugalizar.com\\\/that-fantastic-thing\\\/#respond\"]}]},{\"@type\":\"WebPage\",\"@id\":\"https:\\\/\\\/portugalizar.com\\\/that-fantastic-thing\\\/\",\"url\":\"https:\\\/\\\/portugalizar.com\\\/that-fantastic-thing\\\/\",\"name\":\"That Fantastic Thing, Crazy and Stupid, Do It Again! - PORTUGALIZAR\",\"isPartOf\":{\"@id\":\"https:\\\/\\\/portugalizar.com\\\/#website\"},\"primaryImageOfPage\":{\"@id\":\"https:\\\/\\\/portugalizar.com\\\/that-fantastic-thing\\\/#primaryimage\"},\"image\":{\"@id\":\"https:\\\/\\\/portugalizar.com\\\/that-fantastic-thing\\\/#primaryimage\"},\"thumbnailUrl\":\"https:\\\/\\\/i0.wp.com\\\/portugalizar.com\\\/wp-content\\\/uploads\\\/2022\\\/04\\\/8FD48A82-1F0D-40C2-AE71-C5E3DFB5A971-scaled.jpeg?fit=2560%2C1872&ssl=1\",\"datePublished\":\"2022-05-26T04:00:00+00:00\",\"dateModified\":\"2022-05-26T19:05:22+00:00\",\"description\":\"The Portuguese presume that life is good although not always easy. They don\u2019t need to say it because they enjoy all fantastic things in life.\",\"breadcrumb\":{\"@id\":\"https:\\\/\\\/portugalizar.com\\\/that-fantastic-thing\\\/#breadcrumb\"},\"inLanguage\":\"it-IT\",\"potentialAction\":[{\"@type\":\"ReadAction\",\"target\":[\"https:\\\/\\\/portugalizar.com\\\/that-fantastic-thing\\\/\"]}]},{\"@type\":\"ImageObject\",\"inLanguage\":\"it-IT\",\"@id\":\"https:\\\/\\\/portugalizar.com\\\/that-fantastic-thing\\\/#primaryimage\",\"url\":\"https:\\\/\\\/i0.wp.com\\\/portugalizar.com\\\/wp-content\\\/uploads\\\/2022\\\/04\\\/8FD48A82-1F0D-40C2-AE71-C5E3DFB5A971-scaled.jpeg?fit=2560%2C1872&ssl=1\",\"contentUrl\":\"https:\\\/\\\/i0.wp.com\\\/portugalizar.com\\\/wp-content\\\/uploads\\\/2022\\\/04\\\/8FD48A82-1F0D-40C2-AE71-C5E3DFB5A971-scaled.jpeg?fit=2560%2C1872&ssl=1\",\"width\":2560,\"height\":1872},{\"@type\":\"BreadcrumbList\",\"@id\":\"https:\\\/\\\/portugalizar.com\\\/that-fantastic-thing\\\/#breadcrumb\",\"itemListElement\":[{\"@type\":\"ListItem\",\"position\":1,\"name\":\"Home\",\"item\":\"https:\\\/\\\/portugalizar.com\\\/\"},{\"@type\":\"ListItem\",\"position\":2,\"name\":\"That Fantastic Thing, Crazy and Stupid,Do It Again!\"}]},{\"@type\":\"WebSite\",\"@id\":\"https:\\\/\\\/portugalizar.com\\\/#website\",\"url\":\"https:\\\/\\\/portugalizar.com\\\/\",\"name\":\"PORTUGALIZAR\",\"description\":\"\",\"publisher\":{\"@id\":\"https:\\\/\\\/portugalizar.com\\\/#organization\"},\"potentialAction\":[{\"@type\":\"SearchAction\",\"target\":{\"@type\":\"EntryPoint\",\"urlTemplate\":\"https:\\\/\\\/portugalizar.com\\\/?s={search_term_string}\"},\"query-input\":{\"@type\":\"PropertyValueSpecification\",\"valueRequired\":true,\"valueName\":\"search_term_string\"}}],\"inLanguage\":\"it-IT\"},{\"@type\":\"Organization\",\"@id\":\"https:\\\/\\\/portugalizar.com\\\/#organization\",\"name\":\"PORTUGALIZAR\",\"url\":\"https:\\\/\\\/portugalizar.com\\\/\",\"logo\":{\"@type\":\"ImageObject\",\"inLanguage\":\"it-IT\",\"@id\":\"https:\\\/\\\/portugalizar.com\\\/#\\\/schema\\\/logo\\\/image\\\/\",\"url\":\"\",\"contentUrl\":\"\",\"caption\":\"PORTUGALIZAR\"},\"image\":{\"@id\":\"https:\\\/\\\/portugalizar.com\\\/#\\\/schema\\\/logo\\\/image\\\/\"}},{\"@type\":\"Person\",\"@id\":\"https:\\\/\\\/portugalizar.com\\\/#\\\/schema\\\/person\\\/1f60af48f39895b897e26d9d92ecf6db\",\"name\":\"Gui\",\"image\":{\"@type\":\"ImageObject\",\"inLanguage\":\"it-IT\",\"@id\":\"https:\\\/\\\/secure.gravatar.com\\\/avatar\\\/0bef00a699e73fc60016c16a6f44683b2a027bb1b48a4b3973732af4cc636712?s=96&d=mm&r=g\",\"url\":\"https:\\\/\\\/secure.gravatar.com\\\/avatar\\\/0bef00a699e73fc60016c16a6f44683b2a027bb1b48a4b3973732af4cc636712?s=96&d=mm&r=g\",\"contentUrl\":\"https:\\\/\\\/secure.gravatar.com\\\/avatar\\\/0bef00a699e73fc60016c16a6f44683b2a027bb1b48a4b3973732af4cc636712?s=96&d=mm&r=g\",\"caption\":\"Gui\"},\"url\":\"https:\\\/\\\/portugalizar.com\\\/it\\\/author\\\/spestheonlyone\\\/\"}]}<\/script>\n<!-- \/ Yoast SEO plugin. -->","yoast_head_json":{"title":"That Fantastic Thing, Crazy and Stupid,Do It Again! - PORTUGALIZAR","description":"The Portuguese presume that life is good although not always easy. They don\u2019t need to say it because they enjoy all fantastic things in life.","robots":{"index":"index","follow":"follow","max-snippet":"max-snippet:-1","max-image-preview":"max-image-preview:large","max-video-preview":"max-video-preview:-1"},"canonical":"https:\/\/portugalizar.com\/it\/that-fantastic-thing\/","og_locale":"it_IT","og_type":"article","og_title":"That Fantastic Thing, Crazy and Stupid,Do It Again! - PORTUGALIZAR","og_description":"The Portuguese presume that life is good although not always easy. They don\u2019t need to say it because they enjoy all fantastic things in life.","og_url":"https:\/\/portugalizar.com\/it\/that-fantastic-thing\/","og_site_name":"PORTUGALIZAR","article_published_time":"2022-05-26T04:00:00+00:00","article_modified_time":"2022-05-26T19:05:22+00:00","og_image":[{"width":2560,"height":1872,"url":"https:\/\/portugalizar.com\/wp-content\/uploads\/2022\/04\/8FD48A82-1F0D-40C2-AE71-C5E3DFB5A971-scaled.jpeg","type":"image\/jpeg"}],"author":"Gui","twitter_card":"summary_large_image","twitter_misc":{"Scritto da":"Gui","Tempo di lettura stimato":"10 minuti"},"schema":{"@context":"https:\/\/schema.org","@graph":[{"@type":"Article","@id":"https:\/\/portugalizar.com\/that-fantastic-thing\/#article","isPartOf":{"@id":"https:\/\/portugalizar.com\/that-fantastic-thing\/"},"author":{"name":"Gui","@id":"https:\/\/portugalizar.com\/#\/schema\/person\/1f60af48f39895b897e26d9d92ecf6db"},"headline":"That Fantastic Thing, Crazy and Stupid, Do It Again!","datePublished":"2022-05-26T04:00:00+00:00","dateModified":"2022-05-26T19:05:22+00:00","mainEntityOfPage":{"@id":"https:\/\/portugalizar.com\/that-fantastic-thing\/"},"wordCount":2085,"commentCount":12,"publisher":{"@id":"https:\/\/portugalizar.com\/#organization"},"image":{"@id":"https:\/\/portugalizar.com\/that-fantastic-thing\/#primaryimage"},"thumbnailUrl":"https:\/\/i0.wp.com\/portugalizar.com\/wp-content\/uploads\/2022\/04\/8FD48A82-1F0D-40C2-AE71-C5E3DFB5A971-scaled.jpeg?fit=2560%2C1872&ssl=1","articleSection":["Culture &amp; Customs","People"],"inLanguage":"it-IT","potentialAction":[{"@type":"CommentAction","name":"Comment","target":["https:\/\/portugalizar.com\/that-fantastic-thing\/#respond"]}]},{"@type":"WebPage","@id":"https:\/\/portugalizar.com\/that-fantastic-thing\/","url":"https:\/\/portugalizar.com\/that-fantastic-thing\/","name":"That Fantastic Thing, Crazy and Stupid, Do It Again! - PORTUGALIZAR","isPartOf":{"@id":"https:\/\/portugalizar.com\/#website"},"primaryImageOfPage":{"@id":"https:\/\/portugalizar.com\/that-fantastic-thing\/#primaryimage"},"image":{"@id":"https:\/\/portugalizar.com\/that-fantastic-thing\/#primaryimage"},"thumbnailUrl":"https:\/\/i0.wp.com\/portugalizar.com\/wp-content\/uploads\/2022\/04\/8FD48A82-1F0D-40C2-AE71-C5E3DFB5A971-scaled.jpeg?fit=2560%2C1872&ssl=1","datePublished":"2022-05-26T04:00:00+00:00","dateModified":"2022-05-26T19:05:22+00:00","description":"The Portuguese presume that life is good although not always easy. They don\u2019t need to say it because they enjoy all fantastic things in life.","breadcrumb":{"@id":"https:\/\/portugalizar.com\/that-fantastic-thing\/#breadcrumb"},"inLanguage":"it-IT","potentialAction":[{"@type":"ReadAction","target":["https:\/\/portugalizar.com\/that-fantastic-thing\/"]}]},{"@type":"ImageObject","inLanguage":"it-IT","@id":"https:\/\/portugalizar.com\/that-fantastic-thing\/#primaryimage","url":"https:\/\/i0.wp.com\/portugalizar.com\/wp-content\/uploads\/2022\/04\/8FD48A82-1F0D-40C2-AE71-C5E3DFB5A971-scaled.jpeg?fit=2560%2C1872&ssl=1","contentUrl":"https:\/\/i0.wp.com\/portugalizar.com\/wp-content\/uploads\/2022\/04\/8FD48A82-1F0D-40C2-AE71-C5E3DFB5A971-scaled.jpeg?fit=2560%2C1872&ssl=1","width":2560,"height":1872},{"@type":"BreadcrumbList","@id":"https:\/\/portugalizar.com\/that-fantastic-thing\/#breadcrumb","itemListElement":[{"@type":"ListItem","position":1,"name":"Home","item":"https:\/\/portugalizar.com\/"},{"@type":"ListItem","position":2,"name":"That Fantastic Thing, Crazy and Stupid,Do It Again!"}]},{"@type":"WebSite","@id":"https:\/\/portugalizar.com\/#website","url":"https:\/\/portugalizar.com\/","name":"PORTOGALLO","description":"","publisher":{"@id":"https:\/\/portugalizar.com\/#organization"},"potentialAction":[{"@type":"SearchAction","target":{"@type":"EntryPoint","urlTemplate":"https:\/\/portugalizar.com\/?s={search_term_string}"},"query-input":{"@type":"PropertyValueSpecification","valueRequired":true,"valueName":"search_term_string"}}],"inLanguage":"it-IT"},{"@type":"Organization","@id":"https:\/\/portugalizar.com\/#organization","name":"PORTOGALLO","url":"https:\/\/portugalizar.com\/","logo":{"@type":"ImageObject","inLanguage":"it-IT","@id":"https:\/\/portugalizar.com\/#\/schema\/logo\/image\/","url":"","contentUrl":"","caption":"PORTUGALIZAR"},"image":{"@id":"https:\/\/portugalizar.com\/#\/schema\/logo\/image\/"}},{"@type":"Person","@id":"https:\/\/portugalizar.com\/#\/schema\/person\/1f60af48f39895b897e26d9d92ecf6db","name":"Gui","image":{"@type":"ImageObject","inLanguage":"it-IT","@id":"https:\/\/secure.gravatar.com\/avatar\/0bef00a699e73fc60016c16a6f44683b2a027bb1b48a4b3973732af4cc636712?s=96&d=mm&r=g","url":"https:\/\/secure.gravatar.com\/avatar\/0bef00a699e73fc60016c16a6f44683b2a027bb1b48a4b3973732af4cc636712?s=96&d=mm&r=g","contentUrl":"https:\/\/secure.gravatar.com\/avatar\/0bef00a699e73fc60016c16a6f44683b2a027bb1b48a4b3973732af4cc636712?s=96&d=mm&r=g","caption":"Gui"},"url":"https:\/\/portugalizar.com\/it\/author\/spestheonlyone\/"}]}},"jetpack_featured_media_url":"https:\/\/i0.wp.com\/portugalizar.com\/wp-content\/uploads\/2022\/04\/8FD48A82-1F0D-40C2-AE71-C5E3DFB5A971-scaled.jpeg?fit=2560%2C1872&ssl=1","jetpack-related-posts":[],"jetpack_sharing_enabled":true,"_links":{"self":[{"href":"https:\/\/portugalizar.com\/it\/wp-json\/wp\/v2\/posts\/1348","targetHints":{"allow":["GET"]}}],"collection":[{"href":"https:\/\/portugalizar.com\/it\/wp-json\/wp\/v2\/posts"}],"about":[{"href":"https:\/\/portugalizar.com\/it\/wp-json\/wp\/v2\/types\/post"}],"author":[{"embeddable":true,"href":"https:\/\/portugalizar.com\/it\/wp-json\/wp\/v2\/users\/1"}],"replies":[{"embeddable":true,"href":"https:\/\/portugalizar.com\/it\/wp-json\/wp\/v2\/comments?post=1348"}],"version-history":[{"count":5,"href":"https:\/\/portugalizar.com\/it\/wp-json\/wp\/v2\/posts\/1348\/revisions"}],"predecessor-version":[{"id":1526,"href":"https:\/\/portugalizar.com\/it\/wp-json\/wp\/v2\/posts\/1348\/revisions\/1526"}],"wp:featuredmedia":[{"embeddable":true,"href":"https:\/\/portugalizar.com\/it\/wp-json\/wp\/v2\/media\/1102"}],"wp:attachment":[{"href":"https:\/\/portugalizar.com\/it\/wp-json\/wp\/v2\/media?parent=1348"}],"wp:term":[{"taxonomy":"category","embeddable":true,"href":"https:\/\/portugalizar.com\/it\/wp-json\/wp\/v2\/categories?post=1348"},{"taxonomy":"post_tag","embeddable":true,"href":"https:\/\/portugalizar.com\/it\/wp-json\/wp\/v2\/tags?post=1348"}],"curies":[{"name":"wp","href":"https:\/\/api.w.org\/{rel}","templated":true}]}}