{"id":1293,"date":"2022-06-02T04:00:00","date_gmt":"2022-06-02T04:00:00","guid":{"rendered":"https:\/\/portugalizar.com\/?p=1293"},"modified":"2022-07-13T22:21:27","modified_gmt":"2022-07-13T22:21:27","slug":"weird-and-wild","status":"publish","type":"post","link":"https:\/\/portugalizar.com\/it\/weird-and-wild\/","title":{"rendered":"Strano e selvaggio, deve essere..."},"content":{"rendered":"<p><em>Ciao a tutti! \u00c8 bello essere di nuovo riuniti!<\/em> Ciao a tutti! \u00c8 bello essere di nuovo con voi! Il post di oggi tratta di cose strane e selvagge qui in Portogallo e all'interno del Portogallo. Ovvero, strano e selvaggio dal punto di vista degli espatriati, <em>os estranhos<\/em>. L'inglese pu\u00f2 sembrare insipido, persino noioso, rispetto al portoghese.<\/p>\n\n\n\n<p>In <a href=\"https:\/\/portugalizar.com\/it\/help-is-on-the-way\/\" target=\"_blank\" rel=\"noreferrer noopener\">posto 2<\/a> e <a href=\"https:\/\/portugalizar.com\/it\/quite-a-lot\/\" target=\"_blank\" rel=\"noreferrer noopener\">posto 3<\/a> abbiamo parlato della lingua portoghese della cortesia. Come abbiamo visto, questo modo di parlare cortese utilizza il tempo passato imperfetto, <em>o pret\u00e9rito imperfeito<\/em>, cos\u00ec come il tempo condizionale, <em>o condizionale<\/em>. Ma come tutti i tempi verbali portoghesi e anche i verbi stessi, tutti fanno molto di pi\u00f9 di un solo lavoro. Questo \u00e8 particolarmente vero per il passato imperfetto portoghese. Gli anglofoni lo troveranno strano, oltre che una cavalcata selvaggia di magie verbali.<\/p>\n\n\n\n<h2 class=\"wp-block-heading\">\u00c8 strano e selvaggio: il portoghese fa tanto lavoro per i suoi parlanti<\/h2>\n\n\n\n<p><em>O pret\u00e9rito imperfeito<\/em>Come abbiamo visto, permette di essere gentili con gli altri, soprattutto con gli estranei. Abbiamo gi\u00e0 dedicato molto tempo a questo aspetto, quindi andremo avanti. Permette anche una serie di altre emozioni. Oltre alla cortesia, permette di sperare, esprime malinconia e richiama la malinconia. Inoltre, conferisce ironia e trasmette un leggero sarcasmo. In inglese, il tono e i modi di dire di un oratore possono essere portatori di queste emozioni. In portoghese, le parole stesse possono fare da sole il lavoro pesante dal punto di vista emotivo.&nbsp;<\/p>\n\n\n\n<p>Per esempio, c'\u00e8 quel pizzico di sarcasmo gentile. Supponiamo di conoscere una persona che \u00e8 abitualmente in ritardo su tutto. Tutti abbiamo almeno una di queste persone nella nostra vita. Come si fa a trasmettere la propria bonaria frustrazione nei confronti di questo familiare o amico? In inglese, a voce, posso solo dire qualcosa come \"oh, siamo di nuovo in ritardo\". La frustrazione spensierata richieder\u00e0 una drammatizzazione vocale e gesti teatrali. Si tratta, in confronto, di uno sforzo notevole. Volete far capire alla persona che non apprezzate il suo ritardo. E, tuttavia, le volete bene lo stesso.<\/p>\n\n\n\n<p>In portoghese \u00e8 pi\u00f9 facile, quasi senza sforzo. Un portoghese deve solo passare dal tempo presente al passato imperfetto. Il presente severamente correttivo equivale a, <em>deve essere a ore<\/em> (dovresti essere puntuale perch\u00e9 \u00e8 giusto cos\u00ec). L'imperfetto passato, dolcemente ammiccante, offre, <em>devia chegar a horas<\/em> (dovresti essere puntuale ma, tesoro, so che non l'hai ancora imparato). In portoghese, le parole stesse trasmettono l'emozione, in questo caso il dolce sarcasmo. L'oratore non ha bisogno di impegnarsi nel tono o nei gesti, ma pu\u00f2 farlo se lo desidera.<\/p>\n\n\n\n<h2 class=\"wp-block-heading\">Azioni selvagge, ma non cos\u00ec strane<\/h2>\n\n\n\n<p>Per essere cortesi con gli estranei in portoghese, \u00e8 necessario l'imperfetto passato. Per essere affettuosamente sarcastici con i familiari, occorre il passato imperfetto. La giustapposizione di cortesia e sarcasmo, nonch\u00e9 di estranei e familiari, appare sicuramente strana e selvaggia a questo anglofono. Ma ricordate il nostro incontro con <em>saudade<\/em> in un <a href=\"https:\/\/portugalizar.com\/it\/doomed-yet-happy\/\" target=\"_blank\" rel=\"noreferrer noopener\">post precedente<\/a>. I portoghesi sono a loro agio con le situazioni intermedie, sia che si tratti di passato e futuro, sia che si tratti di tristezza e speranza. Sono altrettanto abili nel bilanciare le difficolt\u00e0 quotidiane con il bene quotidiano della vita. Quest'ultimo aspetto l'abbiamo analizzato in <a href=\"https:\/\/portugalizar.com\/it\/that-fantastic-thing\/\" target=\"_blank\" rel=\"noreferrer noopener\">il post della scorsa settimana<\/a>.<\/p>\n\n\n\n<p>Quindi tutto questo pu\u00f2 sembrare selvaggio, ma non \u00e8 cos\u00ec strano. \u00c8 solo portoghese, come la lingua e la gente. E l'uso pi\u00f9 generico dell'imperfetto passato portoghese \u00e8 ancora pi\u00f9 tipicamente portoghese. Permette a chi parla di guardarsi alle spalle e di ricordare il passato con malinconia, tristezza e nostalgia. Tuttavia, per tutto il tempo, l'oratore rimane fermo nel presente e guarda persino al futuro. Come ho detto, tutto molto portoghese.<\/p>\n\n\n\n<p>Mi accingo a smontare la complessit\u00e0 del portoghese <em>o pret\u00e9rito imperfeito<\/em>. Cio\u00e8, separare il passato dal futuro, il che, spero, dar\u00e0 un senso maggiore alla questione. User\u00f2 <em>Fado<\/em>, la tradizione musicale pi\u00f9 importante del Portogallo, per descrivere <em>o pret\u00e9rito imperfeito's <\/em>del passato. <em>Fado<\/em> \u00e8 l'espressione musicale, l'essenza stessa all'interno di <em>saudade<\/em>. E <em>saudade<\/em>come abbiamo detto, comprende l'anima portoghese. Incongruentemente, ho pensato di usare Saga, uno dei nostri cuccioli, per aiutarmi con <em>o pret\u00e9rito imperfeito's<\/em> orientamento futuro. Quindi, eccoci qui.<\/p>\n\n\n\n<figure class=\"wp-block-image alignwide size-large\"><img data-recalc-dims=\"1\" fetchpriority=\"high\" decoding=\"async\" width=\"950\" height=\"343\" src=\"https:\/\/i0.wp.com\/portugalizar.com\/wp-content\/uploads\/2022\/06\/Hopes-and-dreams-through-all-the-years%E2%80%A6.jpg?resize=950%2C343&#038;ssl=1\" alt=\"\" class=\"wp-image-1542\" srcset=\"https:\/\/i0.wp.com\/portugalizar.com\/wp-content\/uploads\/2022\/06\/Hopes-and-dreams-through-all-the-years%E2%80%A6-scaled.jpg?resize=1024%2C370&amp;ssl=1 1024w, https:\/\/i0.wp.com\/portugalizar.com\/wp-content\/uploads\/2022\/06\/Hopes-and-dreams-through-all-the-years%E2%80%A6-scaled.jpg?resize=300%2C108&amp;ssl=1 300w, https:\/\/i0.wp.com\/portugalizar.com\/wp-content\/uploads\/2022\/06\/Hopes-and-dreams-through-all-the-years%E2%80%A6-scaled.jpg?resize=768%2C278&amp;ssl=1 768w, https:\/\/i0.wp.com\/portugalizar.com\/wp-content\/uploads\/2022\/06\/Hopes-and-dreams-through-all-the-years%E2%80%A6-scaled.jpg?resize=1536%2C555&amp;ssl=1 1536w, https:\/\/i0.wp.com\/portugalizar.com\/wp-content\/uploads\/2022\/06\/Hopes-and-dreams-through-all-the-years%E2%80%A6-scaled.jpg?resize=2048%2C740&amp;ssl=1 2048w, https:\/\/i0.wp.com\/portugalizar.com\/wp-content\/uploads\/2022\/06\/Hopes-and-dreams-through-all-the-years%E2%80%A6-scaled.jpg?resize=18%2C7&amp;ssl=1 18w, https:\/\/i0.wp.com\/portugalizar.com\/wp-content\/uploads\/2022\/06\/Hopes-and-dreams-through-all-the-years%E2%80%A6-scaled.jpg?resize=2000%2C723&amp;ssl=1 2000w, https:\/\/i0.wp.com\/portugalizar.com\/wp-content\/uploads\/2022\/06\/Hopes-and-dreams-through-all-the-years%E2%80%A6-scaled.jpg?w=1900&amp;ssl=1 1900w\" sizes=\"(max-width: 950px) 100vw, 950px\" \/><figcaption>\"Speranze e sogni per tutti gli anni...\", 2022<\/figcaption><\/figure>\n\n\n\n<h2 class=\"wp-block-heading\">Sguardo all'indietro<\/h2>\n\n\n\n<p>Il ritorno a casa in Portogallo dopo il Natale appena trascorso. Dopo aver seppellito il mio amato suocero. Sono rimasta di nuovo intrappolata nella pittura allegorica. E questa volta mi ha messo nei guai con uno dei miei pi\u00f9 cari amici. \u00c8 una lunga storia. Tuttavia, non sapevo come esprimere altrimenti ci\u00f2 che sentivo. Le speranze future e i sogni passati galleggiavano su una terra arida. Una piccola oasi \u00e8 emersa nei ricordi.<\/p>\n\n\n\n<p><em>O pret\u00e9rito imperfeito<\/em> evoca il passato con nostalgia e riverenza, cio\u00e8 come \"una volta\". L'unica buona traduzione inglese in portoghese per <em>o pret\u00e9rito imperfeito<\/em> mette \"used to\" davanti al verbo principale. Ad esempio, <em>trabalhava na cidade<\/em> si traduce in \"Lavoravo in citt\u00e0\". In inglese \u00e8 difficile percepire la nostalgia, l'angoscia e la malinconia. Ma \u00e8 presente se si ascolta attentamente la parte \"used to\". In portoghese, la nostalgia di quando si lavorava in citt\u00e0 \u00e8 palpabile, palpitante.<\/p>\n\n\n\n<p>Se un portoghese ha condiviso, senza emozioni, che \"ho lavorato in citt\u00e0\", allora <em>lavorare in citt\u00e0<\/em>. Solo i fatti, nient'altro che i fatti; usa il tempo passato. Ma il portoghese ha bisogno di fare di pi\u00f9 che condividere i fatti. Il portoghese vuole dare corpo ai fatti e dare un cuore a quei maledetti fatti! <em>O pret\u00e9rito imperfeito<\/em> fa questo lavoro.<\/p>\n\n\n\n<p><em>O pret\u00e9rito imperfeito<\/em> \u00e8 stato il mio linguaggio durante la pandemia. Come voi, forse, vivevo nel \"passato\". Desideravo tutte le cose che sentivo di aver perso e che in effetti avevo perso. Avvolti in maschere, unti di gel alcolico e sei piedi (o 2 metri) sotto, no, voglio dire lontano. Il passato sembrava l'unico posto dove andare. L\u00ec ho sognato e sperato nel futuro. Passato e futuro si fondevano in un presente surreale.<\/p>\n\n\n\n<h2 class=\"wp-block-heading\">Renderlo reale<\/h2>\n\n\n\n<p>Nel 2016 Joseph e io, insieme a molti amici e familiari, abbiamo affittato una casa e siamo andati in Toscana. Sei mesi prima avevo avuto un arresto cardiaco ed ero morto in una strada trafficata di New York. Stavo rientrando in ufficio dopo un pranzo di lavoro. Un angelo, Claire O'Neill, si ferm\u00f2 e, usando la rianimazione cardiopolmonare, fece il lavoro che il mio cuore non avrebbe fatto. Ha lavorato e lavorato fino all'arrivo dell'ambulanza. I medici hanno avuto difficolt\u00e0 a far ripartire il mio cuore. Dopo un certo punto si sono arresi, fino a quando Claire non li ha spinti con delicatezza a continuare.<\/p>\n\n\n\n<figure class=\"wp-block-image alignfull size-large\"><img data-recalc-dims=\"1\" decoding=\"async\" width=\"950\" height=\"222\" src=\"https:\/\/i0.wp.com\/portugalizar.com\/wp-content\/uploads\/2022\/05\/Remember-when....png?resize=950%2C222&#038;ssl=1\" alt=\"\" class=\"wp-image-1508\" srcset=\"https:\/\/i0.wp.com\/portugalizar.com\/wp-content\/uploads\/2022\/05\/Remember-when....png?resize=1024%2C239&amp;ssl=1 1024w, https:\/\/i0.wp.com\/portugalizar.com\/wp-content\/uploads\/2022\/05\/Remember-when....png?resize=300%2C70&amp;ssl=1 300w, https:\/\/i0.wp.com\/portugalizar.com\/wp-content\/uploads\/2022\/05\/Remember-when....png?resize=768%2C179&amp;ssl=1 768w, https:\/\/i0.wp.com\/portugalizar.com\/wp-content\/uploads\/2022\/05\/Remember-when....png?resize=1536%2C358&amp;ssl=1 1536w, https:\/\/i0.wp.com\/portugalizar.com\/wp-content\/uploads\/2022\/05\/Remember-when....png?resize=2048%2C478&amp;ssl=1 2048w, https:\/\/i0.wp.com\/portugalizar.com\/wp-content\/uploads\/2022\/05\/Remember-when....png?resize=18%2C4&amp;ssl=1 18w, https:\/\/i0.wp.com\/portugalizar.com\/wp-content\/uploads\/2022\/05\/Remember-when....png?resize=2000%2C467&amp;ssl=1 2000w, https:\/\/i0.wp.com\/portugalizar.com\/wp-content\/uploads\/2022\/05\/Remember-when....png?w=1900&amp;ssl=1 1900w, https:\/\/i0.wp.com\/portugalizar.com\/wp-content\/uploads\/2022\/05\/Remember-when....png?w=2850&amp;ssl=1 2850w\" sizes=\"(max-width: 950px) 100vw, 950px\" \/><figcaption>\"Ricordi quando...\", 2020<\/figcaption><\/figure>\n\n\n\n<p>Durante la nostra prima serata sotto il sole della Toscana, mi sono imbattuta in Giuseppe, da solo, che guardava la campagna. Non so se sapesse che ero l\u00ec. Questa immagine, tuttavia, si \u00e8 impressa nel mio cervello e nel mio cuore. Solo quando ho imparato il portoghese ho cominciato ad avere le parole per capirla. Qui c'era la nostalgia, la tristezza, la malinconia che la memoria insiste. Che richiede che i ricordi siano felici o meno. Il passato \u00e8 ormai passato - finito - ma \u00e8 ancora stretto e vicino. <em>O pret\u00e9rito imperfeito.<\/em> <\/p>\n\n\n\n<p>Ho immaginato Joseph, in piedi su quella terrazza, ancora attanagliato da <em>o pret\u00e9rito imperfeito<\/em> di soli sei mesi prima. Piangendo tutto ci\u00f2 che era sicuramente perduto. Sperando ardentemente - volendo - nel futuro. Bloccato nel presente tra il primo e il secondo.<\/p>\n\n\n\n<p>Forse Joseph si stava godendo le sfumature del cielo serale e la sfilata dei pioppi. O forse ha semplicemente sentito la piscina chiamare il suo nome. Io preferisco la mia prima impressione ai suoi ricordi; \u00e8 quello che mi ha rivelato il mio ritratto in quella scena quattro anni dopo. Se ho ragione, allora Joseph stava canticchiando nella sua testa e mormorando nel suo cuore, senza saperlo, la partitura straziante di una <em>Fado<\/em> canzone. <\/p>\n\n\n\n<h2 class=\"wp-block-heading\">Fado<\/h2>\n\n\n\n<p><em>O pret\u00e9rito imperfeito<\/em> \u00e8 la grammatica di <em>saudade<\/em>. <em>Fado<\/em> \u00e8 <em>saudade<\/em> testi e ritmo. La prima volta che ho sentito un <em>fadista<\/em>a Lisbona, durante un concerto organizzato per i turisti, ho subito pensato a <a href=\"https:\/\/en.wikipedia.org\/wiki\/Blues\" target=\"_blank\" rel=\"noreferrer noopener\">Blues americano<\/a>. Anche se non capivo le parole della cantante, di certo capivo le sue emozioni. Come per il blues, il <em>fadista<\/em> condivide i suoi problemi personali inflitti da un mondo duro. Gli amanti fuggono. Il lavoro e il denaro scompaiono. La legge \u00e8 brutalmente ingiusta. La vita si trascina nei bassifondi.<\/p>\n\n\n\n<p><em>Fado<\/em> ricorda il passato in modo vivido. Cerca di dare un senso a come le cose sono andate male. Infusa nel destino e nella rassegnazione, la malinconia affiora. Come il blues, <em>Fado<\/em> \u00e8 la musica degli oppressi, di coloro che non hanno molta scelta n\u00e9 molte opzioni. Il ricordo, tuttavia, d\u00e0 anche forza e potenza nel presente. Il ricordo rafforza e fortifica l'anima umana. Il <em>fadista<\/em> voce porta con s\u00e9 forza e audacia. Un canto di speranza emerge in questa narrazione dolorosa e piena di anima. <\/p>\n\n\n\n<p>La mia prima attrazione per il <em>Fado<\/em> ha iniziato con <a href=\"https:\/\/www.museudofado.pt\/en\/fado\/persolanity\/amaila-rodrigues-en\" target=\"_blank\" rel=\"noreferrer noopener\">Am\u00e1lia <\/a><a href=\"https:\/\/www.museudofado.pt\/fado\/personalidade\/amalia-rodrigues\" target=\"_blank\" rel=\"noreferrer noopener\">Rodrigues<\/a>. \u00c8 certamente la pi\u00f9 grande <em>fadista<\/em> del XX secolo. \u00c8 morta nel 1999. Come per ogni nuova esperienza, ora desidero dipingere per capire meglio. Ho dipinto il grande <em>una Senhora<\/em> come la immaginavo da giovane, tra una serie e l'altra. Riflette sull'ultimo set. <em>Una Senhora<\/em> ricorda gli errori, le cose brutte, il momento in cui ha perso la chiave. <\/p>\n\n\n\n<figure class=\"wp-block-image alignwide size-large\"><img data-recalc-dims=\"1\" decoding=\"async\" width=\"671\" height=\"1024\" src=\"https:\/\/i0.wp.com\/portugalizar.com\/wp-content\/uploads\/2022\/05\/A9A56C14-D709-4214-A5C2-E121D5232390-671x1024.jpeg?resize=671%2C1024&#038;ssl=1\" alt=\"\" class=\"wp-image-1528\" srcset=\"https:\/\/i0.wp.com\/portugalizar.com\/wp-content\/uploads\/2022\/05\/A9A56C14-D709-4214-A5C2-E121D5232390.jpeg?resize=671%2C1024&amp;ssl=1 671w, https:\/\/i0.wp.com\/portugalizar.com\/wp-content\/uploads\/2022\/05\/A9A56C14-D709-4214-A5C2-E121D5232390.jpeg?resize=197%2C300&amp;ssl=1 197w, https:\/\/i0.wp.com\/portugalizar.com\/wp-content\/uploads\/2022\/05\/A9A56C14-D709-4214-A5C2-E121D5232390.jpeg?resize=768%2C1171&amp;ssl=1 768w, https:\/\/i0.wp.com\/portugalizar.com\/wp-content\/uploads\/2022\/05\/A9A56C14-D709-4214-A5C2-E121D5232390.jpeg?resize=1007%2C1536&amp;ssl=1 1007w, https:\/\/i0.wp.com\/portugalizar.com\/wp-content\/uploads\/2022\/05\/A9A56C14-D709-4214-A5C2-E121D5232390.jpeg?resize=8%2C12&amp;ssl=1 8w, https:\/\/i0.wp.com\/portugalizar.com\/wp-content\/uploads\/2022\/05\/A9A56C14-D709-4214-A5C2-E121D5232390.jpeg?w=1093&amp;ssl=1 1093w\" sizes=\"(max-width: 671px) 100vw, 671px\" \/><figcaption>\"Eu cantava de novo\", 2020<\/figcaption><\/figure>\n\n\n\n<p>Con questi ricordi, tuttavia, si irrigidisce per il set successivo. Ha trovato forza e determinazione. In <em>o pret\u00e9rito imperfeito<\/em> lei \"canter\u00e0 di nuovo\" \/\/ <em>cantava di nuovo<\/em>. S\u00ec, con <em>o pret\u00e9rito imperfeito<\/em>Il fatto di soffermarsi sul passato e di ricordarlo ci porta, attraverso la speranza, verso il futuro. <em>Cantava di nuovo<\/em> significa, nel suo senso pi\u00f9 completo, \"ho cantato prima, sto cantando ora e canter\u00f2 per sempre\".<\/p>\n\n\n\n<h2 class=\"wp-block-heading\">Non statico, un po' strano e decisamente selvaggio<\/h2>\n\n\n\n<p>In portoghese nulla \u00e8 inflessibile o assoluto, specialmente non <em>o pret\u00e9rito imperfeito<\/em>. Questo tempo portoghese permette, anzi incoraggia, uno sguardo malinconico al passato che \u00e8 innegabilmente pieno di malinconica nostalgia. Ma <em>o pret\u00e9rito imperfeito<\/em> racchiude anche speranza e desiderio. Insiste su uno sguardo che parte dal passato per arrivare al futuro attraverso il presente. La nostalgia del passato, almeno in portoghese, crea speranza e desiderio orientati al futuro. Questo pu\u00f2 essere un po' strano e sicuramente selvaggio.<\/p>\n\n\n\n<p>A proposito di natura selvaggia, devo parlarvi di uno dei nostri cuccioli! Abbiamo due cuccioli salvati <a href=\"https:\/\/www.akc.org\/dog-breeds\/sealyham-terrier\/\" target=\"_blank\" rel=\"noreferrer noopener\">Terrier di Sealyham<\/a>Tucker e Saga. Vorrei raccontarvi qui la storia di Saga. In un secondo momento condivider\u00f2 quella di Tucker. Oggi, 2 giugno, \u00e8 il compleanno di Saga. Ha 10 anni. \u00c8 venuta a vivere con noi quando aveva 4 anni.<\/p>\n\n\n\n<p>I Sealyham Terrier sono una razza che lavora in fattoria. I nostri due mi sembrano ancora molto vicini ai loro istinti originari. Come tutti i cani, sono amabili, intelligenti e incredibilmente sensibili, cio\u00e8 ottimi compagni. Tuttavia, i Sealyham, ci\u00f2 che noi <em>appassionati<\/em> chiamarli, sorvegliare attentamente e controllare doverosamente i visitatori, soprattutto i bambini piccoli. E, beh, altri cani, gatti, topi e ogni altro tipo di piccola creatura pelosa, lasciate perdere.<\/p>\n\n\n\n<p>Saga proviene da un incredibile ceppo di Sealyham, la nobilt\u00e0 dei Sealyham. Allevata come cane da esposizione, \u00e8 diventata una grande campionessa. Si \u00e8 classificata come migliore in mostra o migliore di razza in Finlandia, Svezia e Norvegia e si \u00e8 guadagnata anche il titolo di campione scandinavo assoluto. E, come si addice a un Sealy nobile, i suoi istinti sono di dominanza grintosa e di irascibile indipendenza.<\/p>\n\n\n\n<h2 class=\"wp-block-heading\">Il mio mondo, le mie condizioni<\/h2>\n\n\n\n<p>Quando Saga raggiunse i tre anni e mezzo, era giunto il momento di dimostrare il suo metallo al di fuori del ring e nel recinto dell'allevamento. Eravamo in fila per uno dei primi cuccioli di Saga. Fortunatamente o sfortunatamente, l'allevamento non and\u00f2 come tutti si aspettavano, tranne forse dal punto di vista di Saga. Saga \u00e8 stata all'altezza dei suoi standard di razza quando \u00e8 stata abbinata a un partner campione adatto. Tuttavia, con sua grande sorpresa, quando lui tent\u00f2 un'avance romantica, Saga gli si rivolt\u00f2 contro con una furia senza pari, provocando sangue e lesioni traumatiche all'ego. <\/p>\n\n\n\n<p>In un altro incontro si \u00e8 verificato lo stesso risultato. Saga semplicemente non si sottometteva a nessun altro cane. Quando ho contattato l'allevatore per il nostro promesso cucciolo, Saga stava per essere sottoposta a eutanasia per il suo comportamento. Attaccare altri cani, soprattutto i maschi campioni, non era accettabile nemmeno nella liberale Europa. Ho pregato di adottarla perch\u00e9 volevamo un cucciolo anziano; non l'avremmo mai e poi mai allevata.<\/p>\n\n\n\n<p>In casa nostra Saga \u00e8 energia e scintille vive, respira e salta. \u00c8 sempre in movimento; la sua coda \u00e8 sempre scodinzolante. La sua curiosit\u00e0 non conosce paura e, a volte, sembra non essere limitata dal buon senso. Ci segue ovunque in attesa di qualche emozione sconosciuta, ancora da scoprire. <\/p>\n\n\n\n<p>Anche lei \u00e8 un fascio d'amore, ma \u00e8 lei a decidere come distribuirlo. Saga non \u00e8 un cane che pu\u00f2 essere preso in braccio e coccolato. Oh, le coccole le fa, s\u00ec, le piacciono molto. Ma solo se \u00e8 lei a fare le avances e solo se \u00e8 lei a decidere come si svolgeranno le cose. Il mondo \u00e8 suo, alle sue condizioni. Ma il suo <em>gioia di vivere<\/em> \u00e8 totalmente contagiosa e infettiva.<\/p>\n\n\n\n<h2 class=\"wp-block-heading\">Guardare avanti in modo selvaggio<\/h2>\n\n\n\n<p>Fuori di casa, durante una passeggiata, Saga \u00e8 letteralmente, preternaturalmente e perennemente a caccia. Il mondo intero \u00e8 suo, da sottomettere e domare. Lo insegue con determinazione e tenacia. Ogni grammo di lei, ogni fibra, tendine e cellula sta funzionando alla capacit\u00e0 di 200%. Una volta tornata a casa, Saga crolla per la completa stanchezza. Tucker, dopo aver fatto la stessa passeggiata, torna a casa ansimando appena.&nbsp;<\/p>\n\n\n\n<p>Nella mia immaginazione, Saga \u00e8 il capostipite, l'archetipo del cane. Incarna la selvatichezza, la curiosit\u00e0 e la feroce indipendenza dei suoi antenati lupi grigi, ma le tempera con la devozione e la gioia per la compagnia e l'amore umano. La sua selvatichezza \u00e8 evidente e non pu\u00f2 essere annullata.<\/p>\n\n\n\n<figure class=\"wp-block-image alignwide size-large\"><img data-recalc-dims=\"1\" loading=\"lazy\" decoding=\"async\" width=\"768\" height=\"1024\" src=\"https:\/\/i0.wp.com\/portugalizar.com\/wp-content\/uploads\/2022\/05\/Fazia-Selvagem-Novamente.png?resize=768%2C1024&#038;ssl=1\" alt=\"\" class=\"wp-image-1507\" srcset=\"https:\/\/i0.wp.com\/portugalizar.com\/wp-content\/uploads\/2022\/05\/Fazia-Selvagem-Novamente.png?resize=768%2C1024&amp;ssl=1 768w, https:\/\/i0.wp.com\/portugalizar.com\/wp-content\/uploads\/2022\/05\/Fazia-Selvagem-Novamente.png?resize=225%2C300&amp;ssl=1 225w, https:\/\/i0.wp.com\/portugalizar.com\/wp-content\/uploads\/2022\/05\/Fazia-Selvagem-Novamente.png?resize=1152%2C1536&amp;ssl=1 1152w, https:\/\/i0.wp.com\/portugalizar.com\/wp-content\/uploads\/2022\/05\/Fazia-Selvagem-Novamente.png?resize=1536%2C2048&amp;ssl=1 1536w, https:\/\/i0.wp.com\/portugalizar.com\/wp-content\/uploads\/2022\/05\/Fazia-Selvagem-Novamente.png?resize=9%2C12&amp;ssl=1 9w, https:\/\/i0.wp.com\/portugalizar.com\/wp-content\/uploads\/2022\/05\/Fazia-Selvagem-Novamente.png?w=1900&amp;ssl=1 1900w, https:\/\/i0.wp.com\/portugalizar.com\/wp-content\/uploads\/2022\/05\/Fazia-Selvagem-Novamente.png?w=2850&amp;ssl=1 2850w\" sizes=\"(max-width: 768px) 100vw, 768px\" \/><figcaption>\"Fazia Selvagem Novamente\", 2021<\/figcaption><\/figure>\n\n\n\n<p>Nella mia mente immagino che un giorno Saga si riunir\u00e0 di nuovo con il suo branco di lupi grigi. Diventer\u00e0 la loro leggendaria ed eroica alfa. Saga era selvaggia un tempo, \u00e8 selvaggia ora e lo sar\u00e0 ancora. Saga incarna <em>o pret\u00e9rito imperfeito's<\/em> entusiasmo e aspettative sfrenate per il futuro.<\/p>\n\n\n\n<h2 class=\"wp-block-heading\"> Tenere insieme strano e selvaggio<\/h2>\n\n\n\n<p>A due anni e mezzo dall'inizio di questa pandemia, mi sembra che gran parte della vita consista nel tenere insieme e in tensione gli opposti. Ho iniziato a imparare questo concetto con tolleranza e convinzione personale, mentre condividevo la <a href=\"https:\/\/portugalizar.com\/it\/whispers-secrets-lies-and-murmurings\/\" target=\"_blank\" rel=\"noreferrer noopener\">posta<\/a> del nostro viaggio a Siviglia. Lo stesso vale per i nostri ricordi del passato, collettivi e personali, e per le nostre speranze per il futuro, sempre collettive e personali. I nostri ricordi del passato devono essere tenuti insieme e in tensione con la nostra speranza nel futuro.<\/p>\n\n\n\n<p>Cosa diavolo significa? Ho menzionato in <a href=\"https:\/\/portugalizar.com\/it\/great-memory-but-better-amnesia-islam-and-christianity-in-portugal\/\" target=\"_blank\" rel=\"noreferrer noopener\">un altro post<\/a> che il nostro passato pu\u00f2 essere fabbricato da ricordi parziali. Il nostro passato potrebbe non essere quello che ricordiamo; potrebbe essere o non essere buono come lo ricordiamo. Questo pu\u00f2 essere pericoloso. L'estrema destra e gli ultranazionalisti ci insegnano i pericoli della falsificazione dei ricordi del passato. Sono gli esperti di queste mezze verit\u00e0 auto-assolutorie.<\/p>\n\n\n\n<p>Ci\u00f2 che ricordiamo, per\u00f2, forma il nostro futuro, cio\u00e8 serve come base su cui costruire il futuro. <em>O pret\u00e9rito imperfeito<\/em> ci insegna che. Il passato scorre nel presente e nel futuro. <em>Fado<\/em> Il lamento della miseria passata, il ricordo, produce forza e determinazione per sopportare il presente e costruire un futuro diverso. L'energia attuale e la feroce indipendenza di Saga, derivate dal DNA ancestrale, le permetteranno di essere di nuovo selvaggia -. <em>fazia selvagem novamente<\/em>.<\/p>\n\n\n\n<p>Dobbiamo essere brutalmente onesti e sinceri sul nostro passato, collettivo e personale. Non possiamo raggiungere il futuro che tutti meritiamo senza la forza e la perseveranza che il nostro autentico passato ci d\u00e0 nel presente. Quel futuro \u00e8 giusto, equo e solidale. Il nostro passato deve condurci l\u00ec.<\/p>\n\n\n\n<figure class=\"wp-block-image alignwide size-large\"><img data-recalc-dims=\"1\" loading=\"lazy\" decoding=\"async\" width=\"768\" height=\"1024\" src=\"https:\/\/i0.wp.com\/portugalizar.com\/wp-content\/uploads\/2022\/06\/Reflections-of-the-way-life-used-to-be%E2%80%A6.jpg?resize=768%2C1024&#038;ssl=1\" alt=\"\" class=\"wp-image-1473\" srcset=\"https:\/\/i0.wp.com\/portugalizar.com\/wp-content\/uploads\/2022\/06\/Reflections-of-the-way-life-used-to-be%E2%80%A6-scaled.jpg?resize=768%2C1024&amp;ssl=1 768w, https:\/\/i0.wp.com\/portugalizar.com\/wp-content\/uploads\/2022\/06\/Reflections-of-the-way-life-used-to-be%E2%80%A6-scaled.jpg?resize=225%2C300&amp;ssl=1 225w, https:\/\/i0.wp.com\/portugalizar.com\/wp-content\/uploads\/2022\/06\/Reflections-of-the-way-life-used-to-be%E2%80%A6-scaled.jpg?resize=1152%2C1536&amp;ssl=1 1152w, https:\/\/i0.wp.com\/portugalizar.com\/wp-content\/uploads\/2022\/06\/Reflections-of-the-way-life-used-to-be%E2%80%A6-scaled.jpg?w=1920&amp;ssl=1 1920w\" sizes=\"(max-width: 768px) 100vw, 768px\" \/><figcaption>\"Riflessioni sul modo in cui la vita era un tempo...\", 2022<\/figcaption><\/figure>\n\n\n\n<h2 class=\"wp-block-heading\">Riflessioni sul modo in cui la vita era...<\/h2>\n\n\n\n<p>Nel 2021, tra la seconda vaccinazione e prima della Delta, c'\u00e8 stato uno spazio di tempo in cui le cose sembravano quasi \"normali\". Lo strano e il selvaggio sembravano alle nostre spalle. Il cielo perennemente azzurro era tornato dalla sua piccola pausa invernale. Le giornate si allungavano. Le temperature si stavano riscaldando ancora di pi\u00f9. Joseph e io ci siamo allontanati dalle strade sterrate e ci siamo addentrati nelle vie della citt\u00e0. Un caff\u00e8 e un dolce ci chiamavano nei caff\u00e8 sul marciapiede. Abbiamo pranzato nei nostri posti preferiti lungo la <em>Ria<\/em> <em>Formosa<\/em> e il <em>Rio Gil\u00e3o<\/em>.<\/p>\n\n\n\n<p>Il passato, tuttavia, era ancora onnipresente. Durante quel \"qualche volta nel 2021\" ho fotografato un edificio a Tavira che avrei voluto dipingere un giorno. Un'antica bellezza di stucco bianco, dettagli in pietra calcarea ben consumata, una simmetria straordinaria, riflessi rossi e un'enorme \"finestra\" sul cielo.<\/p>\n\n\n\n<p>All'inizio di quest'anno stavo scorrendo le fotografie alla ricerca di un soggetto da dipingere. Ho guardato quella di quella vecchia bellezza. Ho notato per la prima volta Joseph riflesso nella finestra in basso a destra. Era appena uscito dall'edificio del vecchio mercato nella piazza di fronte. Era mascherato e stava asciugando all'aria le mani dall'alcol gel. La giornata era perfetta e il passato era ancora con noi.<\/p>\n\n\n\n<p>Non posso scappare dal mio passato, non possiamo farlo. E non dovremmo volerlo fare. Dovremmo abbracciarlo con sincerit\u00e0 e onest\u00e0. Allora il nostro passato pu\u00f2 darci la forza e la perseveranza per costruire il futuro che ci meritiamo. Sapete, quello con giustizia sociale, economica e ambientale. Questo accade solo con <em>o pret\u00e9rito imperfeito<\/em>quando la verit\u00e0 scorre senza soluzione di continuit\u00e0 attraverso il mio passato, il mio presente e il mio futuro. Cosa ne pensate?<\/p>\n\n\n\n<p><em>Alla prossima quinta. Abra\u00e7o.<\/em> \/\/ Ci vediamo gioved\u00ec prossimo. Salute.<\/p>","protected":false},"excerpt":{"rendered":"<p>La lingua portoghese ha una fluidit\u00e0 e un'espressivit\u00e0 che possono sembrare strane e selvagge agli anglofoni e agli altri. Questo \"strano e selvaggio\", tuttavia, mi ha permesso di vedere il mondo con un po' pi\u00f9 di chiarezza. Ovvero, come capisco la connessione tra il mio passato e il mio futuro. Per saperne di pi\u00f9...<\/p>","protected":false},"author":1,"featured_media":1465,"comment_status":"open","ping_status":"closed","sticky":false,"template":"","format":"standard","meta":{"nf_dc_page":"","om_disable_all_campaigns":false,"_monsterinsights_skip_tracking":false,"_monsterinsights_sitenote_active":false,"_monsterinsights_sitenote_note":"","_monsterinsights_sitenote_category":0,"_themeisle_gutenberg_block_has_review":false,"_jetpack_memberships_contains_paid_content":false,"footnotes":""},"categories":[8,7],"tags":[],"class_list":["post-1293","post","type-post","status-publish","format-standard","has-post-thumbnail","hentry","category-culture-customs","category-language"],"yoast_head":"<!-- This site is optimized with the Yoast SEO plugin v27.4 - https:\/\/yoast.com\/product\/yoast-seo-wordpress\/ -->\n<title>Weird and Wild, It\u2019s Got To Be... - PORTUGALIZAR<\/title>\n<meta name=\"description\" content=\"It easy to understand why Portuguese may seem weird, even wild, to a non-native. Verb tenses can express complex, contradictory emotions.\" \/>\n<meta name=\"robots\" content=\"index, follow, max-snippet:-1, max-image-preview:large, max-video-preview:-1\" \/>\n<link rel=\"canonical\" href=\"https:\/\/portugalizar.com\/it\/weird-and-wild\/\" \/>\n<meta property=\"og:locale\" content=\"it_IT\" \/>\n<meta property=\"og:type\" content=\"article\" \/>\n<meta property=\"og:title\" content=\"Weird and Wild, It\u2019s Got To Be... - PORTUGALIZAR\" \/>\n<meta property=\"og:description\" content=\"It easy to understand why Portuguese may seem weird, even wild, to a non-native. Verb tenses can express complex, contradictory emotions.\" \/>\n<meta property=\"og:url\" content=\"https:\/\/portugalizar.com\/it\/weird-and-wild\/\" \/>\n<meta property=\"og:site_name\" content=\"PORTUGALIZAR\" \/>\n<meta property=\"article:published_time\" content=\"2022-06-02T04:00:00+00:00\" \/>\n<meta property=\"article:modified_time\" content=\"2022-07-13T22:21:27+00:00\" \/>\n<meta property=\"og:image\" content=\"https:\/\/portugalizar.com\/wp-content\/uploads\/2022\/06\/5F62EBB4-9F0D-4189-8059-CA14E6DB4409.jpeg\" \/>\n\t<meta property=\"og:image:width\" content=\"1891\" \/>\n\t<meta property=\"og:image:height\" content=\"576\" \/>\n\t<meta property=\"og:image:type\" content=\"image\/jpeg\" \/>\n<meta name=\"author\" content=\"Gui\" \/>\n<meta name=\"twitter:card\" content=\"summary_large_image\" \/>\n<meta name=\"twitter:label1\" content=\"Scritto da\" \/>\n\t<meta name=\"twitter:data1\" content=\"Gui\" \/>\n\t<meta name=\"twitter:label2\" content=\"Tempo di lettura stimato\" \/>\n\t<meta name=\"twitter:data2\" content=\"14 minuti\" \/>\n<script type=\"application\/ld+json\" class=\"yoast-schema-graph\">{\"@context\":\"https:\\\/\\\/schema.org\",\"@graph\":[{\"@type\":\"Article\",\"@id\":\"https:\\\/\\\/portugalizar.com\\\/weird-and-wild\\\/#article\",\"isPartOf\":{\"@id\":\"https:\\\/\\\/portugalizar.com\\\/weird-and-wild\\\/\"},\"author\":{\"name\":\"Gui\",\"@id\":\"https:\\\/\\\/portugalizar.com\\\/#\\\/schema\\\/person\\\/1f60af48f39895b897e26d9d92ecf6db\"},\"headline\":\"Weird and Wild, It\u2019s Got To Be&#8230;\",\"datePublished\":\"2022-06-02T04:00:00+00:00\",\"dateModified\":\"2022-07-13T22:21:27+00:00\",\"mainEntityOfPage\":{\"@id\":\"https:\\\/\\\/portugalizar.com\\\/weird-and-wild\\\/\"},\"wordCount\":2985,\"commentCount\":10,\"publisher\":{\"@id\":\"https:\\\/\\\/portugalizar.com\\\/#organization\"},\"image\":{\"@id\":\"https:\\\/\\\/portugalizar.com\\\/weird-and-wild\\\/#primaryimage\"},\"thumbnailUrl\":\"https:\\\/\\\/i0.wp.com\\\/portugalizar.com\\\/wp-content\\\/uploads\\\/2022\\\/06\\\/5F62EBB4-9F0D-4189-8059-CA14E6DB4409.jpeg?fit=1891%2C576&ssl=1\",\"articleSection\":[\"Culture &amp; Customs\",\"Language\"],\"inLanguage\":\"it-IT\",\"potentialAction\":[{\"@type\":\"CommentAction\",\"name\":\"Comment\",\"target\":[\"https:\\\/\\\/portugalizar.com\\\/weird-and-wild\\\/#respond\"]}]},{\"@type\":\"WebPage\",\"@id\":\"https:\\\/\\\/portugalizar.com\\\/weird-and-wild\\\/\",\"url\":\"https:\\\/\\\/portugalizar.com\\\/weird-and-wild\\\/\",\"name\":\"Weird and Wild, It\u2019s Got To Be... - PORTUGALIZAR\",\"isPartOf\":{\"@id\":\"https:\\\/\\\/portugalizar.com\\\/#website\"},\"primaryImageOfPage\":{\"@id\":\"https:\\\/\\\/portugalizar.com\\\/weird-and-wild\\\/#primaryimage\"},\"image\":{\"@id\":\"https:\\\/\\\/portugalizar.com\\\/weird-and-wild\\\/#primaryimage\"},\"thumbnailUrl\":\"https:\\\/\\\/i0.wp.com\\\/portugalizar.com\\\/wp-content\\\/uploads\\\/2022\\\/06\\\/5F62EBB4-9F0D-4189-8059-CA14E6DB4409.jpeg?fit=1891%2C576&ssl=1\",\"datePublished\":\"2022-06-02T04:00:00+00:00\",\"dateModified\":\"2022-07-13T22:21:27+00:00\",\"description\":\"It easy to understand why Portuguese may seem weird, even wild, to a non-native. Verb tenses can express complex, contradictory emotions.\",\"breadcrumb\":{\"@id\":\"https:\\\/\\\/portugalizar.com\\\/weird-and-wild\\\/#breadcrumb\"},\"inLanguage\":\"it-IT\",\"potentialAction\":[{\"@type\":\"ReadAction\",\"target\":[\"https:\\\/\\\/portugalizar.com\\\/weird-and-wild\\\/\"]}]},{\"@type\":\"ImageObject\",\"inLanguage\":\"it-IT\",\"@id\":\"https:\\\/\\\/portugalizar.com\\\/weird-and-wild\\\/#primaryimage\",\"url\":\"https:\\\/\\\/i0.wp.com\\\/portugalizar.com\\\/wp-content\\\/uploads\\\/2022\\\/06\\\/5F62EBB4-9F0D-4189-8059-CA14E6DB4409.jpeg?fit=1891%2C576&ssl=1\",\"contentUrl\":\"https:\\\/\\\/i0.wp.com\\\/portugalizar.com\\\/wp-content\\\/uploads\\\/2022\\\/06\\\/5F62EBB4-9F0D-4189-8059-CA14E6DB4409.jpeg?fit=1891%2C576&ssl=1\",\"width\":1891,\"height\":576},{\"@type\":\"BreadcrumbList\",\"@id\":\"https:\\\/\\\/portugalizar.com\\\/weird-and-wild\\\/#breadcrumb\",\"itemListElement\":[{\"@type\":\"ListItem\",\"position\":1,\"name\":\"Home\",\"item\":\"https:\\\/\\\/portugalizar.com\\\/\"},{\"@type\":\"ListItem\",\"position\":2,\"name\":\"Weird and Wild, It\u2019s Got To Be&#8230;\"}]},{\"@type\":\"WebSite\",\"@id\":\"https:\\\/\\\/portugalizar.com\\\/#website\",\"url\":\"https:\\\/\\\/portugalizar.com\\\/\",\"name\":\"PORTUGALIZAR\",\"description\":\"\",\"publisher\":{\"@id\":\"https:\\\/\\\/portugalizar.com\\\/#organization\"},\"potentialAction\":[{\"@type\":\"SearchAction\",\"target\":{\"@type\":\"EntryPoint\",\"urlTemplate\":\"https:\\\/\\\/portugalizar.com\\\/?s={search_term_string}\"},\"query-input\":{\"@type\":\"PropertyValueSpecification\",\"valueRequired\":true,\"valueName\":\"search_term_string\"}}],\"inLanguage\":\"it-IT\"},{\"@type\":\"Organization\",\"@id\":\"https:\\\/\\\/portugalizar.com\\\/#organization\",\"name\":\"PORTUGALIZAR\",\"url\":\"https:\\\/\\\/portugalizar.com\\\/\",\"logo\":{\"@type\":\"ImageObject\",\"inLanguage\":\"it-IT\",\"@id\":\"https:\\\/\\\/portugalizar.com\\\/#\\\/schema\\\/logo\\\/image\\\/\",\"url\":\"\",\"contentUrl\":\"\",\"caption\":\"PORTUGALIZAR\"},\"image\":{\"@id\":\"https:\\\/\\\/portugalizar.com\\\/#\\\/schema\\\/logo\\\/image\\\/\"}},{\"@type\":\"Person\",\"@id\":\"https:\\\/\\\/portugalizar.com\\\/#\\\/schema\\\/person\\\/1f60af48f39895b897e26d9d92ecf6db\",\"name\":\"Gui\",\"image\":{\"@type\":\"ImageObject\",\"inLanguage\":\"it-IT\",\"@id\":\"https:\\\/\\\/secure.gravatar.com\\\/avatar\\\/0bef00a699e73fc60016c16a6f44683b2a027bb1b48a4b3973732af4cc636712?s=96&d=mm&r=g\",\"url\":\"https:\\\/\\\/secure.gravatar.com\\\/avatar\\\/0bef00a699e73fc60016c16a6f44683b2a027bb1b48a4b3973732af4cc636712?s=96&d=mm&r=g\",\"contentUrl\":\"https:\\\/\\\/secure.gravatar.com\\\/avatar\\\/0bef00a699e73fc60016c16a6f44683b2a027bb1b48a4b3973732af4cc636712?s=96&d=mm&r=g\",\"caption\":\"Gui\"},\"url\":\"https:\\\/\\\/portugalizar.com\\\/it\\\/author\\\/spestheonlyone\\\/\"}]}<\/script>\n<!-- \/ Yoast SEO plugin. -->","yoast_head_json":{"title":"Weird and Wild, It\u2019s Got To Be... - PORTUGALIZAR","description":"It easy to understand why Portuguese may seem weird, even wild, to a non-native. Verb tenses can express complex, contradictory emotions.","robots":{"index":"index","follow":"follow","max-snippet":"max-snippet:-1","max-image-preview":"max-image-preview:large","max-video-preview":"max-video-preview:-1"},"canonical":"https:\/\/portugalizar.com\/it\/weird-and-wild\/","og_locale":"it_IT","og_type":"article","og_title":"Weird and Wild, It\u2019s Got To Be... - PORTUGALIZAR","og_description":"It easy to understand why Portuguese may seem weird, even wild, to a non-native. Verb tenses can express complex, contradictory emotions.","og_url":"https:\/\/portugalizar.com\/it\/weird-and-wild\/","og_site_name":"PORTUGALIZAR","article_published_time":"2022-06-02T04:00:00+00:00","article_modified_time":"2022-07-13T22:21:27+00:00","og_image":[{"width":1891,"height":576,"url":"https:\/\/portugalizar.com\/wp-content\/uploads\/2022\/06\/5F62EBB4-9F0D-4189-8059-CA14E6DB4409.jpeg","type":"image\/jpeg"}],"author":"Gui","twitter_card":"summary_large_image","twitter_misc":{"Scritto da":"Gui","Tempo di lettura stimato":"14 minuti"},"schema":{"@context":"https:\/\/schema.org","@graph":[{"@type":"Article","@id":"https:\/\/portugalizar.com\/weird-and-wild\/#article","isPartOf":{"@id":"https:\/\/portugalizar.com\/weird-and-wild\/"},"author":{"name":"Gui","@id":"https:\/\/portugalizar.com\/#\/schema\/person\/1f60af48f39895b897e26d9d92ecf6db"},"headline":"Weird and Wild, It\u2019s Got To Be&#8230;","datePublished":"2022-06-02T04:00:00+00:00","dateModified":"2022-07-13T22:21:27+00:00","mainEntityOfPage":{"@id":"https:\/\/portugalizar.com\/weird-and-wild\/"},"wordCount":2985,"commentCount":10,"publisher":{"@id":"https:\/\/portugalizar.com\/#organization"},"image":{"@id":"https:\/\/portugalizar.com\/weird-and-wild\/#primaryimage"},"thumbnailUrl":"https:\/\/i0.wp.com\/portugalizar.com\/wp-content\/uploads\/2022\/06\/5F62EBB4-9F0D-4189-8059-CA14E6DB4409.jpeg?fit=1891%2C576&ssl=1","articleSection":["Culture &amp; Customs","Language"],"inLanguage":"it-IT","potentialAction":[{"@type":"CommentAction","name":"Comment","target":["https:\/\/portugalizar.com\/weird-and-wild\/#respond"]}]},{"@type":"WebPage","@id":"https:\/\/portugalizar.com\/weird-and-wild\/","url":"https:\/\/portugalizar.com\/weird-and-wild\/","name":"Weird and Wild, It\u2019s Got To Be... - PORTUGALIZAR","isPartOf":{"@id":"https:\/\/portugalizar.com\/#website"},"primaryImageOfPage":{"@id":"https:\/\/portugalizar.com\/weird-and-wild\/#primaryimage"},"image":{"@id":"https:\/\/portugalizar.com\/weird-and-wild\/#primaryimage"},"thumbnailUrl":"https:\/\/i0.wp.com\/portugalizar.com\/wp-content\/uploads\/2022\/06\/5F62EBB4-9F0D-4189-8059-CA14E6DB4409.jpeg?fit=1891%2C576&ssl=1","datePublished":"2022-06-02T04:00:00+00:00","dateModified":"2022-07-13T22:21:27+00:00","description":"It easy to understand why Portuguese may seem weird, even wild, to a non-native. Verb tenses can express complex, contradictory emotions.","breadcrumb":{"@id":"https:\/\/portugalizar.com\/weird-and-wild\/#breadcrumb"},"inLanguage":"it-IT","potentialAction":[{"@type":"ReadAction","target":["https:\/\/portugalizar.com\/weird-and-wild\/"]}]},{"@type":"ImageObject","inLanguage":"it-IT","@id":"https:\/\/portugalizar.com\/weird-and-wild\/#primaryimage","url":"https:\/\/i0.wp.com\/portugalizar.com\/wp-content\/uploads\/2022\/06\/5F62EBB4-9F0D-4189-8059-CA14E6DB4409.jpeg?fit=1891%2C576&ssl=1","contentUrl":"https:\/\/i0.wp.com\/portugalizar.com\/wp-content\/uploads\/2022\/06\/5F62EBB4-9F0D-4189-8059-CA14E6DB4409.jpeg?fit=1891%2C576&ssl=1","width":1891,"height":576},{"@type":"BreadcrumbList","@id":"https:\/\/portugalizar.com\/weird-and-wild\/#breadcrumb","itemListElement":[{"@type":"ListItem","position":1,"name":"Home","item":"https:\/\/portugalizar.com\/"},{"@type":"ListItem","position":2,"name":"Weird and Wild, It\u2019s Got To Be&#8230;"}]},{"@type":"WebSite","@id":"https:\/\/portugalizar.com\/#website","url":"https:\/\/portugalizar.com\/","name":"PORTOGALLO","description":"","publisher":{"@id":"https:\/\/portugalizar.com\/#organization"},"potentialAction":[{"@type":"SearchAction","target":{"@type":"EntryPoint","urlTemplate":"https:\/\/portugalizar.com\/?s={search_term_string}"},"query-input":{"@type":"PropertyValueSpecification","valueRequired":true,"valueName":"search_term_string"}}],"inLanguage":"it-IT"},{"@type":"Organization","@id":"https:\/\/portugalizar.com\/#organization","name":"PORTOGALLO","url":"https:\/\/portugalizar.com\/","logo":{"@type":"ImageObject","inLanguage":"it-IT","@id":"https:\/\/portugalizar.com\/#\/schema\/logo\/image\/","url":"","contentUrl":"","caption":"PORTUGALIZAR"},"image":{"@id":"https:\/\/portugalizar.com\/#\/schema\/logo\/image\/"}},{"@type":"Person","@id":"https:\/\/portugalizar.com\/#\/schema\/person\/1f60af48f39895b897e26d9d92ecf6db","name":"Gui","image":{"@type":"ImageObject","inLanguage":"it-IT","@id":"https:\/\/secure.gravatar.com\/avatar\/0bef00a699e73fc60016c16a6f44683b2a027bb1b48a4b3973732af4cc636712?s=96&d=mm&r=g","url":"https:\/\/secure.gravatar.com\/avatar\/0bef00a699e73fc60016c16a6f44683b2a027bb1b48a4b3973732af4cc636712?s=96&d=mm&r=g","contentUrl":"https:\/\/secure.gravatar.com\/avatar\/0bef00a699e73fc60016c16a6f44683b2a027bb1b48a4b3973732af4cc636712?s=96&d=mm&r=g","caption":"Gui"},"url":"https:\/\/portugalizar.com\/it\/author\/spestheonlyone\/"}]}},"jetpack_featured_media_url":"https:\/\/i0.wp.com\/portugalizar.com\/wp-content\/uploads\/2022\/06\/5F62EBB4-9F0D-4189-8059-CA14E6DB4409.jpeg?fit=1891%2C576&ssl=1","jetpack-related-posts":[],"jetpack_sharing_enabled":true,"_links":{"self":[{"href":"https:\/\/portugalizar.com\/it\/wp-json\/wp\/v2\/posts\/1293","targetHints":{"allow":["GET"]}}],"collection":[{"href":"https:\/\/portugalizar.com\/it\/wp-json\/wp\/v2\/posts"}],"about":[{"href":"https:\/\/portugalizar.com\/it\/wp-json\/wp\/v2\/types\/post"}],"author":[{"embeddable":true,"href":"https:\/\/portugalizar.com\/it\/wp-json\/wp\/v2\/users\/1"}],"replies":[{"embeddable":true,"href":"https:\/\/portugalizar.com\/it\/wp-json\/wp\/v2\/comments?post=1293"}],"version-history":[{"count":4,"href":"https:\/\/portugalizar.com\/it\/wp-json\/wp\/v2\/posts\/1293\/revisions"}],"predecessor-version":[{"id":2067,"href":"https:\/\/portugalizar.com\/it\/wp-json\/wp\/v2\/posts\/1293\/revisions\/2067"}],"wp:featuredmedia":[{"embeddable":true,"href":"https:\/\/portugalizar.com\/it\/wp-json\/wp\/v2\/media\/1465"}],"wp:attachment":[{"href":"https:\/\/portugalizar.com\/it\/wp-json\/wp\/v2\/media?parent=1293"}],"wp:term":[{"taxonomy":"category","embeddable":true,"href":"https:\/\/portugalizar.com\/it\/wp-json\/wp\/v2\/categories?post=1293"},{"taxonomy":"post_tag","embeddable":true,"href":"https:\/\/portugalizar.com\/it\/wp-json\/wp\/v2\/tags?post=1293"}],"curies":[{"name":"wp","href":"https:\/\/api.w.org\/{rel}","templated":true}]}}