{"id":1127,"date":"2022-05-02T05:00:00","date_gmt":"2022-05-02T05:00:00","guid":{"rendered":"https:\/\/portugalizar.com\/?p=1127"},"modified":"2022-05-02T05:19:00","modified_gmt":"2022-05-02T05:19:00","slug":"whispers-secrets-lies-and-murmurings","status":"publish","type":"post","link":"https:\/\/portugalizar.com\/it\/whispers-secrets-lies-and-murmurings\/","title":{"rendered":"Sussurri, segreti, bugie e mormorii!"},"content":{"rendered":"<p><em>Ol\u00e0 tudos!<\/em> \/\/ Ciao a tutti! Abbiamo trascorso un paio di giorni fantastici visitando Siviglia la scorsa settimana. Ho pensato di prendermi un po' di tempo per condividere brevemente con voi alcuni pensieri e immagini del nostro viaggio. Prima di tutto, andate assolutamente a Siviglia: una citt\u00e0 bellissima, vibrante, piena di storia, arte e magnifica architettura. Non perdetevela!<\/p>\n\n\n\n<h2 class=\"wp-block-heading\">Sussurri<\/h2>\n\n\n\n<p>Siviglia - <em>Sevilha<\/em> in portoghese e <em>Siviglia<\/em> in spagnolo - \u00e8 solo un'ora e mezza a est da noi, molto pi\u00f9 vicino di Lisbona. \u00c8 una facile gita di un giorno, ma abbiamo deciso di passare due notti questa volta. Perch\u00e9? La nostra buona amica Rita \u00e8 venuta da South Bend, Indiana, per festeggiare con noi il suo 75\u00b0 compleanno. Questo \u00e8 un grido, non un sussurro! Grazie Rita per aver viaggiato cos\u00ec lontano per celebrare il tuo giorno monumentale con noi! Il nostro secondo giorno a Siviglia abbiamo visitato il <em>Real Alc\u00e1zar<\/em> insieme. La meraviglia e lo stupore infantile non conoscono limiti d'et\u00e0 in un luogo simile.<\/p>\n\n\n\n<figure class=\"wp-block-gallery has-nested-images columns-default is-cropped wp-block-gallery-1 is-layout-flex wp-block-gallery-is-layout-flex\">\n<figure class=\"wp-block-image size-large\"><img data-recalc-dims=\"1\" fetchpriority=\"high\" decoding=\"async\" width=\"950\" height=\"950\" data-id=\"1141\" src=\"https:\/\/i0.wp.com\/portugalizar.com\/wp-content\/uploads\/2022\/05\/6B035845-EB56-4FA5-AABD-6D24605DB92E.jpeg?resize=950%2C950&#038;ssl=1\" alt=\"\" class=\"wp-image-1141\" srcset=\"https:\/\/i0.wp.com\/portugalizar.com\/wp-content\/uploads\/2022\/05\/6B035845-EB56-4FA5-AABD-6D24605DB92E.jpeg?resize=1024%2C1024&amp;ssl=1 1024w, https:\/\/i0.wp.com\/portugalizar.com\/wp-content\/uploads\/2022\/05\/6B035845-EB56-4FA5-AABD-6D24605DB92E.jpeg?resize=300%2C300&amp;ssl=1 300w, https:\/\/i0.wp.com\/portugalizar.com\/wp-content\/uploads\/2022\/05\/6B035845-EB56-4FA5-AABD-6D24605DB92E.jpeg?resize=150%2C150&amp;ssl=1 150w, https:\/\/i0.wp.com\/portugalizar.com\/wp-content\/uploads\/2022\/05\/6B035845-EB56-4FA5-AABD-6D24605DB92E.jpeg?resize=768%2C768&amp;ssl=1 768w, https:\/\/i0.wp.com\/portugalizar.com\/wp-content\/uploads\/2022\/05\/6B035845-EB56-4FA5-AABD-6D24605DB92E.jpeg?resize=1536%2C1536&amp;ssl=1 1536w, https:\/\/i0.wp.com\/portugalizar.com\/wp-content\/uploads\/2022\/05\/6B035845-EB56-4FA5-AABD-6D24605DB92E.jpeg?resize=2048%2C2048&amp;ssl=1 2048w, https:\/\/i0.wp.com\/portugalizar.com\/wp-content\/uploads\/2022\/05\/6B035845-EB56-4FA5-AABD-6D24605DB92E.jpeg?resize=12%2C12&amp;ssl=1 12w, https:\/\/i0.wp.com\/portugalizar.com\/wp-content\/uploads\/2022\/05\/6B035845-EB56-4FA5-AABD-6D24605DB92E.jpeg?resize=2000%2C2000&amp;ssl=1 2000w, https:\/\/i0.wp.com\/portugalizar.com\/wp-content\/uploads\/2022\/05\/6B035845-EB56-4FA5-AABD-6D24605DB92E.jpeg?w=1900&amp;ssl=1 1900w\" sizes=\"(max-width: 950px) 100vw, 950px\" \/><figcaption>Il soffitto della Sala degli Ambasciatori. <br>Foto di Alvesgaspar - Opera propria, CC BY-SA 4.0, https:\/\/commons.wikimedia.org\/w\/index.php?curid=78810591<\/figcaption><\/figure>\n\n\n\n<figure class=\"wp-block-image size-large\"><img data-recalc-dims=\"1\" decoding=\"async\" width=\"828\" height=\"1792\" data-id=\"1134\" src=\"https:\/\/i0.wp.com\/portugalizar.com\/wp-content\/uploads\/2022\/05\/D4E65606-288E-4ADF-9194-91262AB364DF.png?resize=828%2C1792&#038;ssl=1\" alt=\"\" class=\"wp-image-1134\" srcset=\"https:\/\/i0.wp.com\/portugalizar.com\/wp-content\/uploads\/2022\/05\/D4E65606-288E-4ADF-9194-91262AB364DF.png?w=828&amp;ssl=1 828w, https:\/\/i0.wp.com\/portugalizar.com\/wp-content\/uploads\/2022\/05\/D4E65606-288E-4ADF-9194-91262AB364DF.png?resize=139%2C300&amp;ssl=1 139w, https:\/\/i0.wp.com\/portugalizar.com\/wp-content\/uploads\/2022\/05\/D4E65606-288E-4ADF-9194-91262AB364DF.png?resize=473%2C1024&amp;ssl=1 473w, https:\/\/i0.wp.com\/portugalizar.com\/wp-content\/uploads\/2022\/05\/D4E65606-288E-4ADF-9194-91262AB364DF.png?resize=768%2C1662&amp;ssl=1 768w, https:\/\/i0.wp.com\/portugalizar.com\/wp-content\/uploads\/2022\/05\/D4E65606-288E-4ADF-9194-91262AB364DF.png?resize=710%2C1536&amp;ssl=1 710w, https:\/\/i0.wp.com\/portugalizar.com\/wp-content\/uploads\/2022\/05\/D4E65606-288E-4ADF-9194-91262AB364DF.png?resize=6%2C12&amp;ssl=1 6w\" sizes=\"(max-width: 828px) 100vw, 828px\" \/><figcaption>Rita con stupore e meraviglia.<\/figcaption><\/figure>\n<\/figure>\n\n\n\n<p>L'edificio attuale, pur essendo interamente islamico, fu costruito nel XIV secolo da Pedro I di Castiglia. I regnanti successivi, tra cui Isabella e Fernando, lo ampliarono fino alla fine del XV secolo. Il primo edificio sul sito, una basilica romana del V secolo, divenne una chiesa cristiana ariana visigota nel VI secolo. Il califfato di Al-Andaluz si stabil\u00ec in Iberia all'inizio dell'VIII secolo. All'inizio del X secolo il califfo spost\u00f2 la sua sede a Siviglia da Cordova. Aveva bisogno di creare un po' di distanza tra s\u00e9 e alcuni rivali rauchi e pericolosi a Cordova. <\/p>\n\n\n\n<p>Adb al-Rahman III costru\u00ec il suo palazzo fortificato usando sia le fondamenta che il marmo del palazzo romano.<em>cum<\/em>-Edificio visigoto. I califfi successivi durante i tre secoli successivi ampliarono e migliorarono il palazzo. La costruzione di una massiccia moschea adiacente al palazzo avvenne nel XII secolo. Del palazzo islamico originale rimane ben poco. Pedro I era stato alla Granda e aveva visto il <em>Alhambra<\/em>. Voleva qualcosa di altrettanto grande e bello.<\/p>\n\n\n\n<h2 class=\"wp-block-heading\">Segreti<\/h2>\n\n\n\n<p>Pedro, pur essendo castigliano e cristiano, non era uno sciocco. Utilizzava e rispettava volentieri i talenti di tutti coloro che erano sotto il suo dominio. Pedro assunse i migliori architetti e artigiani islamici per progettare e costruire il suo palazzo. Us\u00f2 anche mercanti e prestatori ebrei. Essi procurarono i materiali e gli arredi usati per costruire e decorare il palazzo. Sia l'Islam che l'ebraismo trovano posti d'onore in tutto il palazzo. La piena bruttezza del <em>Reconquista<\/em> ha impiegato diversi secoli per dominare la coscienza dei nuovi conquistatori cristiani.<\/p>\n\n\n\n<figure class=\"wp-block-gallery has-nested-images columns-default is-cropped wp-block-gallery-2 is-layout-flex wp-block-gallery-is-layout-flex\">\n<figure class=\"wp-block-image size-large\"><img data-recalc-dims=\"1\" decoding=\"async\" width=\"950\" height=\"1267\" data-id=\"1142\" src=\"https:\/\/i0.wp.com\/portugalizar.com\/wp-content\/uploads\/2022\/05\/261300B1-F306-4F06-B001-E9AB5E3B1BF6-scaled.jpeg?resize=950%2C1267&#038;ssl=1\" alt=\"\" class=\"wp-image-1142\" srcset=\"https:\/\/i0.wp.com\/portugalizar.com\/wp-content\/uploads\/2022\/05\/261300B1-F306-4F06-B001-E9AB5E3B1BF6-scaled.jpeg?w=1920&amp;ssl=1 1920w, https:\/\/i0.wp.com\/portugalizar.com\/wp-content\/uploads\/2022\/05\/261300B1-F306-4F06-B001-E9AB5E3B1BF6-scaled.jpeg?resize=225%2C300&amp;ssl=1 225w, https:\/\/i0.wp.com\/portugalizar.com\/wp-content\/uploads\/2022\/05\/261300B1-F306-4F06-B001-E9AB5E3B1BF6-scaled.jpeg?resize=768%2C1024&amp;ssl=1 768w, https:\/\/i0.wp.com\/portugalizar.com\/wp-content\/uploads\/2022\/05\/261300B1-F306-4F06-B001-E9AB5E3B1BF6-scaled.jpeg?resize=1152%2C1536&amp;ssl=1 1152w\" sizes=\"(max-width: 950px) 100vw, 950px\" \/><figcaption>La stella di Davide <br>trova la sua strada nelle griglie di tutto l'Alc\u00e1zar.<\/figcaption><\/figure>\n\n\n\n<figure class=\"wp-block-image size-large\"><img data-recalc-dims=\"1\" loading=\"lazy\" decoding=\"async\" width=\"950\" height=\"1425\" data-id=\"1143\" src=\"https:\/\/i0.wp.com\/portugalizar.com\/wp-content\/uploads\/2022\/05\/884D66D7-BD62-4976-9AD4-996EDDC00D54.jpeg?resize=950%2C1425&#038;ssl=1\" alt=\"\" class=\"wp-image-1143\" srcset=\"https:\/\/i0.wp.com\/portugalizar.com\/wp-content\/uploads\/2022\/05\/884D66D7-BD62-4976-9AD4-996EDDC00D54.jpeg?w=1440&amp;ssl=1 1440w, https:\/\/i0.wp.com\/portugalizar.com\/wp-content\/uploads\/2022\/05\/884D66D7-BD62-4976-9AD4-996EDDC00D54.jpeg?resize=200%2C300&amp;ssl=1 200w, https:\/\/i0.wp.com\/portugalizar.com\/wp-content\/uploads\/2022\/05\/884D66D7-BD62-4976-9AD4-996EDDC00D54.jpeg?resize=683%2C1024&amp;ssl=1 683w, https:\/\/i0.wp.com\/portugalizar.com\/wp-content\/uploads\/2022\/05\/884D66D7-BD62-4976-9AD4-996EDDC00D54.jpeg?resize=768%2C1152&amp;ssl=1 768w, https:\/\/i0.wp.com\/portugalizar.com\/wp-content\/uploads\/2022\/05\/884D66D7-BD62-4976-9AD4-996EDDC00D54.jpeg?resize=1024%2C1536&amp;ssl=1 1024w, https:\/\/i0.wp.com\/portugalizar.com\/wp-content\/uploads\/2022\/05\/884D66D7-BD62-4976-9AD4-996EDDC00D54.jpeg?resize=1365%2C2048&amp;ssl=1 1365w, https:\/\/i0.wp.com\/portugalizar.com\/wp-content\/uploads\/2022\/05\/884D66D7-BD62-4976-9AD4-996EDDC00D54.jpeg?resize=8%2C12&amp;ssl=1 8w\" sizes=\"(max-width: 950px) 100vw, 950px\" \/><figcaption>L'iscrizione araba di Allah \u00e8 anche presente.<br>Foto di Daderot - Opera propria, CC0, https:\/\/commons.wikimedia.org\/w\/index.php?curid=43016950<\/figcaption><\/figure>\n<\/figure>\n\n\n\n<p>Il segreto - shh - \u00e8 che persone di tutte le origini, culture, lingue, tradizioni, religioni, ecc. una volta riuscivano ad andare d'accordo. Rispettavano le loro differenze e vedevano spiragli di comunanza. Ma non fraintendetemi. Tutti, da tutte le parti delle differenze, hanno lottato per ottenere la giusta tolleranza pur avendo il sopravvento. L'equilibrio ha traballato per secoli sia sotto l'Islam che il Cristianesimo prima di crollare.<\/p>\n\n\n\n<p>Un altro segreto, anche se non cos\u00ec importante: una volta parlavo lo spagnolo abbastanza bene. Dopo due anni in Portogallo, come ha notato Rita, non parler\u00f2 mai pi\u00f9 lo spagnolo, almeno non senza un accento portoghese. \u00c8 interessante quanto sia difficile mantenere due cose simili ma diverse allo stesso tempo. Mi ci vorrebbe una pratica costante in entrambe le lingue per poterle mantenere entrambe. Ci vorrebbe un grande sforzo. Lo stesso vale per la tolleranza delle credenze altrui accanto alle tue e a quelle della tua comunit\u00e0... mantenere l'equilibrio con umilt\u00e0 e rispetto richiede una pratica quotidiana.<\/p>\n\n\n\n<h2 class=\"wp-block-heading\">Bugie o mezze verit\u00e0<\/h2>\n\n\n\n<p>La verit\u00e0 pu\u00f2 a volte perdersi nelle storie che ricordiamo e in quelle che raccontiamo a noi stessi. Non proprio bugie vere e proprie, esse nascono come ricordi errati, cio\u00e8 verit\u00e0 parziali, e anche come miti convenienti. La storia, il mito, le verit\u00e0 parziali e il ricordo errato incrostano Siviglia, come tutta la storia e la storia umana. <\/p>\n\n\n\n<p>La grande cattedrale di Siviglia, la pi\u00f9 grande struttura gotica del mondo, ha iniziato la sua vita come una grande moschea modificata. Per 200 anni dopo il <em>Reconquista<\/em>I cristiani veneravano all'interno della moschea, che rimase per lo pi\u00f9 intatta e solo leggermente modificata. I conquistatori cristiani sapevano di non poter migliorare il magnifico edificio che c'era. Non avevano n\u00e9 la ricchezza n\u00e9 le capacit\u00e0 per farlo. \u00c8 solo nel XV secolo che i cristiani iniziarono un grande sforzo di ristrutturazione per trasformare questa grande moschea nella pi\u00f9 grande cattedrale gotica del mondo.<\/p>\n\n\n\n<figure class=\"wp-block-gallery has-nested-images columns-default is-cropped wp-block-gallery-3 is-layout-flex wp-block-gallery-is-layout-flex\">\n<figure class=\"wp-block-image size-large\"><img data-recalc-dims=\"1\" loading=\"lazy\" decoding=\"async\" width=\"950\" height=\"2014\" data-id=\"1149\" src=\"https:\/\/i0.wp.com\/portugalizar.com\/wp-content\/uploads\/2022\/05\/42E551A7-FFC5-496A-8D36-6AD80F230016.jpeg?resize=950%2C2014&#038;ssl=1\" alt=\"\" class=\"wp-image-1149\" srcset=\"https:\/\/i0.wp.com\/portugalizar.com\/wp-content\/uploads\/2022\/05\/42E551A7-FFC5-496A-8D36-6AD80F230016.jpeg?w=966&amp;ssl=1 966w, https:\/\/i0.wp.com\/portugalizar.com\/wp-content\/uploads\/2022\/05\/42E551A7-FFC5-496A-8D36-6AD80F230016.jpeg?resize=142%2C300&amp;ssl=1 142w, https:\/\/i0.wp.com\/portugalizar.com\/wp-content\/uploads\/2022\/05\/42E551A7-FFC5-496A-8D36-6AD80F230016.jpeg?resize=483%2C1024&amp;ssl=1 483w, https:\/\/i0.wp.com\/portugalizar.com\/wp-content\/uploads\/2022\/05\/42E551A7-FFC5-496A-8D36-6AD80F230016.jpeg?resize=768%2C1628&amp;ssl=1 768w, https:\/\/i0.wp.com\/portugalizar.com\/wp-content\/uploads\/2022\/05\/42E551A7-FFC5-496A-8D36-6AD80F230016.jpeg?resize=725%2C1536&amp;ssl=1 725w, https:\/\/i0.wp.com\/portugalizar.com\/wp-content\/uploads\/2022\/05\/42E551A7-FFC5-496A-8D36-6AD80F230016.jpeg?resize=6%2C12&amp;ssl=1 6w\" sizes=\"(max-width: 950px) 100vw, 950px\" \/><figcaption>\"Sevilha da vicino\", 2020<\/figcaption><\/figure>\n<\/figure>\n\n\n\n<p>Il minareto della moschea divenne il campanile della cattedrale. L'unico cambiamento permanente fino ad oggi \u00e8 stata l'aggiunta delle campane nel XVI secolo. Questi pezzi di verit\u00e0, il debito nei confronti di coloro che procedettero al potere, si perdono o vengono sepolti in una nuova, cio\u00e8 la nostra, narrazione della storia. Tuttavia, queste memorie dimenticate o sepolte rimangono vitali e importanti. Sono anche la nostra eredit\u00e0. Sono anche la nostra protezione da noi stessi.<\/p>\n\n\n\n<figure class=\"wp-block-gallery has-nested-images columns-default is-cropped wp-block-gallery-4 is-layout-flex wp-block-gallery-is-layout-flex\">\n<figure class=\"wp-block-image size-large\"><img data-recalc-dims=\"1\" loading=\"lazy\" decoding=\"async\" width=\"950\" height=\"1267\" data-id=\"1151\" src=\"https:\/\/i0.wp.com\/portugalizar.com\/wp-content\/uploads\/2022\/05\/EA7C30E7-18AA-429A-AA43-1B7DB4BF39C9-scaled.jpeg?resize=950%2C1267&#038;ssl=1\" alt=\"\" class=\"wp-image-1151\" srcset=\"https:\/\/i0.wp.com\/portugalizar.com\/wp-content\/uploads\/2022\/05\/EA7C30E7-18AA-429A-AA43-1B7DB4BF39C9-scaled.jpeg?w=1920&amp;ssl=1 1920w, https:\/\/i0.wp.com\/portugalizar.com\/wp-content\/uploads\/2022\/05\/EA7C30E7-18AA-429A-AA43-1B7DB4BF39C9-scaled.jpeg?resize=225%2C300&amp;ssl=1 225w, https:\/\/i0.wp.com\/portugalizar.com\/wp-content\/uploads\/2022\/05\/EA7C30E7-18AA-429A-AA43-1B7DB4BF39C9-scaled.jpeg?resize=768%2C1024&amp;ssl=1 768w, https:\/\/i0.wp.com\/portugalizar.com\/wp-content\/uploads\/2022\/05\/EA7C30E7-18AA-429A-AA43-1B7DB4BF39C9-scaled.jpeg?resize=1152%2C1536&amp;ssl=1 1152w, https:\/\/i0.wp.com\/portugalizar.com\/wp-content\/uploads\/2022\/05\/EA7C30E7-18AA-429A-AA43-1B7DB4BF39C9-scaled.jpeg?resize=1536%2C2048&amp;ssl=1 1536w, https:\/\/i0.wp.com\/portugalizar.com\/wp-content\/uploads\/2022\/05\/EA7C30E7-18AA-429A-AA43-1B7DB4BF39C9-scaled.jpeg?resize=9%2C12&amp;ssl=1 9w, https:\/\/i0.wp.com\/portugalizar.com\/wp-content\/uploads\/2022\/05\/EA7C30E7-18AA-429A-AA43-1B7DB4BF39C9-scaled.jpeg?resize=2000%2C2667&amp;ssl=1 2000w\" sizes=\"(max-width: 950px) 100vw, 950px\" \/><figcaption>Dal minareto al campanile.<\/figcaption><\/figure>\n\n\n\n<figure class=\"wp-block-image size-large\"><img data-recalc-dims=\"1\" loading=\"lazy\" decoding=\"async\" width=\"950\" height=\"1267\" data-id=\"1152\" src=\"https:\/\/i0.wp.com\/portugalizar.com\/wp-content\/uploads\/2022\/05\/661C4214-478B-4123-A9C7-7DB4AC468838-edited-scaled.jpeg?resize=950%2C1267&#038;ssl=1\" alt=\"\" class=\"wp-image-1152\" srcset=\"https:\/\/i0.wp.com\/portugalizar.com\/wp-content\/uploads\/2022\/05\/661C4214-478B-4123-A9C7-7DB4AC468838-edited-scaled.jpeg?w=1920&amp;ssl=1 1920w, https:\/\/i0.wp.com\/portugalizar.com\/wp-content\/uploads\/2022\/05\/661C4214-478B-4123-A9C7-7DB4AC468838-edited-scaled.jpeg?resize=225%2C300&amp;ssl=1 225w, https:\/\/i0.wp.com\/portugalizar.com\/wp-content\/uploads\/2022\/05\/661C4214-478B-4123-A9C7-7DB4AC468838-edited-scaled.jpeg?resize=768%2C1024&amp;ssl=1 768w, https:\/\/i0.wp.com\/portugalizar.com\/wp-content\/uploads\/2022\/05\/661C4214-478B-4123-A9C7-7DB4AC468838-edited-scaled.jpeg?resize=1152%2C1536&amp;ssl=1 1152w\" sizes=\"(max-width: 950px) 100vw, 950px\" \/><figcaption>Chiavi della Siviglia cristiana (in alto) e della Siviglia ebraica.<\/figcaption><\/figure>\n<\/figure>\n\n\n\n<p>Nel museo della Cattedrale \u00e8 esposto un set di chiavi rituali. Un cartello indica che una chiave rappresenta la Siviglia cristiana e l'altra la Siviglia ebraica. Le chiavi sarebbero state consegnate ad un nuovo conquistatore, dice il cartello, simboleggiando il trasferimento del potere e la propriet\u00e0 della citt\u00e0. <\/p>\n\n\n\n<p>Ci\u00f2 che il cartello non menziona \u00e8 che nella Spagna rinascimentale la comunit\u00e0 ebraica era effettivamente chiusa nel suo ghetto ogni notte e per settimane durante il Natale e la Pasqua. La chiave della Siviglia ebraica non era semplicemente simbolica. Era un mezzo di controllo, danno e violenza. Non \u00e8 qualcosa che dovremmo dimenticare o sorvolare.<\/p>\n\n\n\n<h2 class=\"wp-block-heading\">Mormorii<\/h2>\n\n\n\n<p>Mentre eravamo a Siviglia il cardinale arcivescovo in pensione, Carlos Amigo, OFM, \u00e8 morto a 87 anni. Il suo funerale si \u00e8 tenuto mentre eravamo l\u00ec. Siamo passati davanti alla cattedrale mentre il corteo di dignitari, di gente della societ\u00e0 ben vestita e poi di gente della citt\u00e0 entrava nella cattedrale. I turisti curiosi ci seguivano.<\/p>\n\n\n\n<p>Fray, o fratello Carlos, come sembra essere stato chiamato, aveva guidato l'arcidiocesi di Siviglia per 27 anni fino a quando si ritir\u00f2 a 76 anni. Prima di Siviglia era stato a capo dell'arcidiocesi di Tangeri in Marocco. Ho letto varie versioni del suo necrologio. Ho appreso che durante la sua lunga carriera ha ferventemente spinto e guidato il dialogo e la collaborazione tra musulmani, ebrei e cristiani. Ha anche promosso e sostenuto i diritti e il ruolo delle donne in tutte e tre le culture e religioni.<\/p>\n\n\n\n<figure class=\"wp-block-gallery has-nested-images columns-default is-cropped wp-block-gallery-5 is-layout-flex wp-block-gallery-is-layout-flex\">\n<figure class=\"wp-block-image size-large\"><img data-recalc-dims=\"1\" loading=\"lazy\" decoding=\"async\" width=\"950\" height=\"1267\" data-id=\"1156\" src=\"https:\/\/i0.wp.com\/portugalizar.com\/wp-content\/uploads\/2022\/05\/9A9962CA-5CE9-467D-99FD-7AE3FD45E0ED-scaled.jpeg?resize=950%2C1267&#038;ssl=1\" alt=\"\" class=\"wp-image-1156\" srcset=\"https:\/\/i0.wp.com\/portugalizar.com\/wp-content\/uploads\/2022\/05\/9A9962CA-5CE9-467D-99FD-7AE3FD45E0ED-scaled.jpeg?w=1920&amp;ssl=1 1920w, https:\/\/i0.wp.com\/portugalizar.com\/wp-content\/uploads\/2022\/05\/9A9962CA-5CE9-467D-99FD-7AE3FD45E0ED-scaled.jpeg?resize=225%2C300&amp;ssl=1 225w, https:\/\/i0.wp.com\/portugalizar.com\/wp-content\/uploads\/2022\/05\/9A9962CA-5CE9-467D-99FD-7AE3FD45E0ED-scaled.jpeg?resize=768%2C1024&amp;ssl=1 768w, https:\/\/i0.wp.com\/portugalizar.com\/wp-content\/uploads\/2022\/05\/9A9962CA-5CE9-467D-99FD-7AE3FD45E0ED-scaled.jpeg?resize=1152%2C1536&amp;ssl=1 1152w\" sizes=\"(max-width: 950px) 100vw, 950px\" \/><figcaption>La coda del corteo funebre di Fratel Carlos nella cattedrale di Siviglia.<\/figcaption><\/figure>\n<\/figure>\n\n\n\n<p>Quel poco che so della vita di Fray Carlos riassume le lezioni che ho imparato in questo viaggio a Siviglia. Le nostre storie collettive - diverse e allo stesso tempo simili - sono composte da sussurri, segreti, mezze verit\u00e0 e mormorii. Come un sussurro, lo stupore e la meraviglia in presenza dell'altro sono prerequisiti. Il non segreto \u00e8 che bilanciare la tolleranza e la convinzione personale richiede una pratica quotidiana se vogliamo mantenere la nostra scioltezza in ognuna di esse. Le bugie e le mezze verit\u00e0, beh, perdiamo cos\u00ec tanto quando dimentichiamo l'ampiezza e la profondit\u00e0 della nostra storia; l'oblio \u00e8 anche pericoloso. Infine, le vite di quelli tra noi che mormorano dolcemente rivelano la verit\u00e0 pi\u00f9 vera della nostra storia collettiva. Cio\u00e8, siamo al meglio quando rispettiamo umilmente le nostre differenze e abbracciamo fortemente la nostra comunanza.<\/p>\n\n\n\n<p>Obrigado por se juntarem a n\u00f3s nesta pequena viagem a Sevilha! At\u00e9 logo! \/\/ Grazie per esservi uniti a noi in questo piccolo viaggio a Siviglia! A presto!<\/p>","protected":false},"excerpt":{"rendered":"<p>Un viaggio a Siviglia per festeggiare il 75\u00b0 compleanno di un amico fa nascere molti pensieri. \u00c8 una citt\u00e0 ricca di storia, costruita su molte culture diverse. \u00c8 una citt\u00e0 in cui la memoria pu\u00f2 scontrarsi con la realt\u00e0. Per saperne di pi\u00f9... <\/p>","protected":false},"author":1,"featured_media":1128,"comment_status":"open","ping_status":"open","sticky":false,"template":"","format":"standard","meta":{"nf_dc_page":"","om_disable_all_campaigns":false,"_monsterinsights_skip_tracking":false,"_monsterinsights_sitenote_active":false,"_monsterinsights_sitenote_note":"","_monsterinsights_sitenote_category":0,"_themeisle_gutenberg_block_has_review":false,"_jetpack_memberships_contains_paid_content":false,"footnotes":""},"categories":[13],"tags":[],"class_list":["post-1127","post","type-post","status-publish","format-standard","has-post-thumbnail","hentry","category-travels"],"yoast_head":"<!-- This site is optimized with the Yoast SEO plugin v27.4 - https:\/\/yoast.com\/product\/yoast-seo-wordpress\/ -->\n<title>Whispers, Secrets, Lies and Murmurings! - PORTUGALIZAR<\/title>\n<meta name=\"robots\" content=\"index, follow, max-snippet:-1, max-image-preview:large, max-video-preview:-1\" \/>\n<link rel=\"canonical\" href=\"https:\/\/portugalizar.com\/it\/whispers-secrets-lies-and-murmurings\/\" \/>\n<meta property=\"og:locale\" content=\"it_IT\" \/>\n<meta property=\"og:type\" content=\"article\" \/>\n<meta property=\"og:title\" content=\"Whispers, Secrets, Lies and Murmurings! - PORTUGALIZAR\" \/>\n<meta property=\"og:description\" content=\"A trip to Seville to celebrate a friend\u2019s milestone 75th birthday triggers many thoughts. It is a city of rich history built on many disparate cultures. It is a city where memory can clash with reality. Read more\u2026\" \/>\n<meta property=\"og:url\" content=\"https:\/\/portugalizar.com\/it\/whispers-secrets-lies-and-murmurings\/\" \/>\n<meta property=\"og:site_name\" content=\"PORTUGALIZAR\" \/>\n<meta property=\"article:published_time\" content=\"2022-05-02T05:00:00+00:00\" \/>\n<meta property=\"article:modified_time\" content=\"2022-05-02T05:19:00+00:00\" \/>\n<meta property=\"og:image\" content=\"https:\/\/portugalizar.com\/wp-content\/uploads\/2022\/04\/DF62D633-F1A5-44AE-A281-48D77C3D6665.jpeg\" \/>\n\t<meta property=\"og:image:width\" content=\"959\" \/>\n\t<meta property=\"og:image:height\" content=\"711\" \/>\n\t<meta property=\"og:image:type\" content=\"image\/jpeg\" \/>\n<meta name=\"author\" content=\"Gui\" \/>\n<meta name=\"twitter:card\" content=\"summary_large_image\" \/>\n<meta name=\"twitter:label1\" content=\"Scritto da\" \/>\n\t<meta name=\"twitter:data1\" content=\"Gui\" \/>\n\t<meta name=\"twitter:label2\" content=\"Tempo di lettura stimato\" \/>\n\t<meta name=\"twitter:data2\" content=\"8 minuti\" \/>\n<script type=\"application\/ld+json\" class=\"yoast-schema-graph\">{\"@context\":\"https:\\\/\\\/schema.org\",\"@graph\":[{\"@type\":\"Article\",\"@id\":\"https:\\\/\\\/portugalizar.com\\\/whispers-secrets-lies-and-murmurings\\\/#article\",\"isPartOf\":{\"@id\":\"https:\\\/\\\/portugalizar.com\\\/whispers-secrets-lies-and-murmurings\\\/\"},\"author\":{\"name\":\"Gui\",\"@id\":\"https:\\\/\\\/portugalizar.com\\\/#\\\/schema\\\/person\\\/1f60af48f39895b897e26d9d92ecf6db\"},\"headline\":\"Whispers, Secrets, Lies and Murmurings!\",\"datePublished\":\"2022-05-02T05:00:00+00:00\",\"dateModified\":\"2022-05-02T05:19:00+00:00\",\"mainEntityOfPage\":{\"@id\":\"https:\\\/\\\/portugalizar.com\\\/whispers-secrets-lies-and-murmurings\\\/\"},\"wordCount\":1295,\"commentCount\":12,\"publisher\":{\"@id\":\"https:\\\/\\\/portugalizar.com\\\/#organization\"},\"image\":{\"@id\":\"https:\\\/\\\/portugalizar.com\\\/whispers-secrets-lies-and-murmurings\\\/#primaryimage\"},\"thumbnailUrl\":\"https:\\\/\\\/i0.wp.com\\\/portugalizar.com\\\/wp-content\\\/uploads\\\/2022\\\/04\\\/DF62D633-F1A5-44AE-A281-48D77C3D6665.jpeg?fit=959%2C711&ssl=1\",\"articleSection\":[\"Travels\"],\"inLanguage\":\"it-IT\",\"potentialAction\":[{\"@type\":\"CommentAction\",\"name\":\"Comment\",\"target\":[\"https:\\\/\\\/portugalizar.com\\\/whispers-secrets-lies-and-murmurings\\\/#respond\"]}]},{\"@type\":\"WebPage\",\"@id\":\"https:\\\/\\\/portugalizar.com\\\/whispers-secrets-lies-and-murmurings\\\/\",\"url\":\"https:\\\/\\\/portugalizar.com\\\/whispers-secrets-lies-and-murmurings\\\/\",\"name\":\"Whispers, Secrets, Lies and Murmurings! - PORTUGALIZAR\",\"isPartOf\":{\"@id\":\"https:\\\/\\\/portugalizar.com\\\/#website\"},\"primaryImageOfPage\":{\"@id\":\"https:\\\/\\\/portugalizar.com\\\/whispers-secrets-lies-and-murmurings\\\/#primaryimage\"},\"image\":{\"@id\":\"https:\\\/\\\/portugalizar.com\\\/whispers-secrets-lies-and-murmurings\\\/#primaryimage\"},\"thumbnailUrl\":\"https:\\\/\\\/i0.wp.com\\\/portugalizar.com\\\/wp-content\\\/uploads\\\/2022\\\/04\\\/DF62D633-F1A5-44AE-A281-48D77C3D6665.jpeg?fit=959%2C711&ssl=1\",\"datePublished\":\"2022-05-02T05:00:00+00:00\",\"dateModified\":\"2022-05-02T05:19:00+00:00\",\"breadcrumb\":{\"@id\":\"https:\\\/\\\/portugalizar.com\\\/whispers-secrets-lies-and-murmurings\\\/#breadcrumb\"},\"inLanguage\":\"it-IT\",\"potentialAction\":[{\"@type\":\"ReadAction\",\"target\":[\"https:\\\/\\\/portugalizar.com\\\/whispers-secrets-lies-and-murmurings\\\/\"]}]},{\"@type\":\"ImageObject\",\"inLanguage\":\"it-IT\",\"@id\":\"https:\\\/\\\/portugalizar.com\\\/whispers-secrets-lies-and-murmurings\\\/#primaryimage\",\"url\":\"https:\\\/\\\/i0.wp.com\\\/portugalizar.com\\\/wp-content\\\/uploads\\\/2022\\\/04\\\/DF62D633-F1A5-44AE-A281-48D77C3D6665.jpeg?fit=959%2C711&ssl=1\",\"contentUrl\":\"https:\\\/\\\/i0.wp.com\\\/portugalizar.com\\\/wp-content\\\/uploads\\\/2022\\\/04\\\/DF62D633-F1A5-44AE-A281-48D77C3D6665.jpeg?fit=959%2C711&ssl=1\",\"width\":959,\"height\":711},{\"@type\":\"BreadcrumbList\",\"@id\":\"https:\\\/\\\/portugalizar.com\\\/whispers-secrets-lies-and-murmurings\\\/#breadcrumb\",\"itemListElement\":[{\"@type\":\"ListItem\",\"position\":1,\"name\":\"Home\",\"item\":\"https:\\\/\\\/portugalizar.com\\\/\"},{\"@type\":\"ListItem\",\"position\":2,\"name\":\"Whispers, Secrets, Lies and Murmurings!\"}]},{\"@type\":\"WebSite\",\"@id\":\"https:\\\/\\\/portugalizar.com\\\/#website\",\"url\":\"https:\\\/\\\/portugalizar.com\\\/\",\"name\":\"PORTUGALIZAR\",\"description\":\"\",\"publisher\":{\"@id\":\"https:\\\/\\\/portugalizar.com\\\/#organization\"},\"potentialAction\":[{\"@type\":\"SearchAction\",\"target\":{\"@type\":\"EntryPoint\",\"urlTemplate\":\"https:\\\/\\\/portugalizar.com\\\/?s={search_term_string}\"},\"query-input\":{\"@type\":\"PropertyValueSpecification\",\"valueRequired\":true,\"valueName\":\"search_term_string\"}}],\"inLanguage\":\"it-IT\"},{\"@type\":\"Organization\",\"@id\":\"https:\\\/\\\/portugalizar.com\\\/#organization\",\"name\":\"PORTUGALIZAR\",\"url\":\"https:\\\/\\\/portugalizar.com\\\/\",\"logo\":{\"@type\":\"ImageObject\",\"inLanguage\":\"it-IT\",\"@id\":\"https:\\\/\\\/portugalizar.com\\\/#\\\/schema\\\/logo\\\/image\\\/\",\"url\":\"\",\"contentUrl\":\"\",\"caption\":\"PORTUGALIZAR\"},\"image\":{\"@id\":\"https:\\\/\\\/portugalizar.com\\\/#\\\/schema\\\/logo\\\/image\\\/\"}},{\"@type\":\"Person\",\"@id\":\"https:\\\/\\\/portugalizar.com\\\/#\\\/schema\\\/person\\\/1f60af48f39895b897e26d9d92ecf6db\",\"name\":\"Gui\",\"image\":{\"@type\":\"ImageObject\",\"inLanguage\":\"it-IT\",\"@id\":\"https:\\\/\\\/secure.gravatar.com\\\/avatar\\\/0bef00a699e73fc60016c16a6f44683b2a027bb1b48a4b3973732af4cc636712?s=96&d=mm&r=g\",\"url\":\"https:\\\/\\\/secure.gravatar.com\\\/avatar\\\/0bef00a699e73fc60016c16a6f44683b2a027bb1b48a4b3973732af4cc636712?s=96&d=mm&r=g\",\"contentUrl\":\"https:\\\/\\\/secure.gravatar.com\\\/avatar\\\/0bef00a699e73fc60016c16a6f44683b2a027bb1b48a4b3973732af4cc636712?s=96&d=mm&r=g\",\"caption\":\"Gui\"},\"url\":\"https:\\\/\\\/portugalizar.com\\\/it\\\/author\\\/spestheonlyone\\\/\"}]}<\/script>\n<!-- \/ Yoast SEO plugin. -->","yoast_head_json":{"title":"Whispers, Secrets, Lies and Murmurings! - PORTUGALIZAR","robots":{"index":"index","follow":"follow","max-snippet":"max-snippet:-1","max-image-preview":"max-image-preview:large","max-video-preview":"max-video-preview:-1"},"canonical":"https:\/\/portugalizar.com\/it\/whispers-secrets-lies-and-murmurings\/","og_locale":"it_IT","og_type":"article","og_title":"Whispers, Secrets, Lies and Murmurings! - PORTUGALIZAR","og_description":"A trip to Seville to celebrate a friend\u2019s milestone 75th birthday triggers many thoughts. It is a city of rich history built on many disparate cultures. It is a city where memory can clash with reality. Read more\u2026","og_url":"https:\/\/portugalizar.com\/it\/whispers-secrets-lies-and-murmurings\/","og_site_name":"PORTUGALIZAR","article_published_time":"2022-05-02T05:00:00+00:00","article_modified_time":"2022-05-02T05:19:00+00:00","og_image":[{"width":959,"height":711,"url":"https:\/\/portugalizar.com\/wp-content\/uploads\/2022\/04\/DF62D633-F1A5-44AE-A281-48D77C3D6665.jpeg","type":"image\/jpeg"}],"author":"Gui","twitter_card":"summary_large_image","twitter_misc":{"Scritto da":"Gui","Tempo di lettura stimato":"8 minuti"},"schema":{"@context":"https:\/\/schema.org","@graph":[{"@type":"Article","@id":"https:\/\/portugalizar.com\/whispers-secrets-lies-and-murmurings\/#article","isPartOf":{"@id":"https:\/\/portugalizar.com\/whispers-secrets-lies-and-murmurings\/"},"author":{"name":"Gui","@id":"https:\/\/portugalizar.com\/#\/schema\/person\/1f60af48f39895b897e26d9d92ecf6db"},"headline":"Whispers, Secrets, Lies and Murmurings!","datePublished":"2022-05-02T05:00:00+00:00","dateModified":"2022-05-02T05:19:00+00:00","mainEntityOfPage":{"@id":"https:\/\/portugalizar.com\/whispers-secrets-lies-and-murmurings\/"},"wordCount":1295,"commentCount":12,"publisher":{"@id":"https:\/\/portugalizar.com\/#organization"},"image":{"@id":"https:\/\/portugalizar.com\/whispers-secrets-lies-and-murmurings\/#primaryimage"},"thumbnailUrl":"https:\/\/i0.wp.com\/portugalizar.com\/wp-content\/uploads\/2022\/04\/DF62D633-F1A5-44AE-A281-48D77C3D6665.jpeg?fit=959%2C711&ssl=1","articleSection":["Travels"],"inLanguage":"it-IT","potentialAction":[{"@type":"CommentAction","name":"Comment","target":["https:\/\/portugalizar.com\/whispers-secrets-lies-and-murmurings\/#respond"]}]},{"@type":"WebPage","@id":"https:\/\/portugalizar.com\/whispers-secrets-lies-and-murmurings\/","url":"https:\/\/portugalizar.com\/whispers-secrets-lies-and-murmurings\/","name":"Whispers, Secrets, Lies and Murmurings! - PORTUGALIZAR","isPartOf":{"@id":"https:\/\/portugalizar.com\/#website"},"primaryImageOfPage":{"@id":"https:\/\/portugalizar.com\/whispers-secrets-lies-and-murmurings\/#primaryimage"},"image":{"@id":"https:\/\/portugalizar.com\/whispers-secrets-lies-and-murmurings\/#primaryimage"},"thumbnailUrl":"https:\/\/i0.wp.com\/portugalizar.com\/wp-content\/uploads\/2022\/04\/DF62D633-F1A5-44AE-A281-48D77C3D6665.jpeg?fit=959%2C711&ssl=1","datePublished":"2022-05-02T05:00:00+00:00","dateModified":"2022-05-02T05:19:00+00:00","breadcrumb":{"@id":"https:\/\/portugalizar.com\/whispers-secrets-lies-and-murmurings\/#breadcrumb"},"inLanguage":"it-IT","potentialAction":[{"@type":"ReadAction","target":["https:\/\/portugalizar.com\/whispers-secrets-lies-and-murmurings\/"]}]},{"@type":"ImageObject","inLanguage":"it-IT","@id":"https:\/\/portugalizar.com\/whispers-secrets-lies-and-murmurings\/#primaryimage","url":"https:\/\/i0.wp.com\/portugalizar.com\/wp-content\/uploads\/2022\/04\/DF62D633-F1A5-44AE-A281-48D77C3D6665.jpeg?fit=959%2C711&ssl=1","contentUrl":"https:\/\/i0.wp.com\/portugalizar.com\/wp-content\/uploads\/2022\/04\/DF62D633-F1A5-44AE-A281-48D77C3D6665.jpeg?fit=959%2C711&ssl=1","width":959,"height":711},{"@type":"BreadcrumbList","@id":"https:\/\/portugalizar.com\/whispers-secrets-lies-and-murmurings\/#breadcrumb","itemListElement":[{"@type":"ListItem","position":1,"name":"Home","item":"https:\/\/portugalizar.com\/"},{"@type":"ListItem","position":2,"name":"Whispers, Secrets, Lies and Murmurings!"}]},{"@type":"WebSite","@id":"https:\/\/portugalizar.com\/#website","url":"https:\/\/portugalizar.com\/","name":"PORTOGALLO","description":"","publisher":{"@id":"https:\/\/portugalizar.com\/#organization"},"potentialAction":[{"@type":"SearchAction","target":{"@type":"EntryPoint","urlTemplate":"https:\/\/portugalizar.com\/?s={search_term_string}"},"query-input":{"@type":"PropertyValueSpecification","valueRequired":true,"valueName":"search_term_string"}}],"inLanguage":"it-IT"},{"@type":"Organization","@id":"https:\/\/portugalizar.com\/#organization","name":"PORTOGALLO","url":"https:\/\/portugalizar.com\/","logo":{"@type":"ImageObject","inLanguage":"it-IT","@id":"https:\/\/portugalizar.com\/#\/schema\/logo\/image\/","url":"","contentUrl":"","caption":"PORTUGALIZAR"},"image":{"@id":"https:\/\/portugalizar.com\/#\/schema\/logo\/image\/"}},{"@type":"Person","@id":"https:\/\/portugalizar.com\/#\/schema\/person\/1f60af48f39895b897e26d9d92ecf6db","name":"Gui","image":{"@type":"ImageObject","inLanguage":"it-IT","@id":"https:\/\/secure.gravatar.com\/avatar\/0bef00a699e73fc60016c16a6f44683b2a027bb1b48a4b3973732af4cc636712?s=96&d=mm&r=g","url":"https:\/\/secure.gravatar.com\/avatar\/0bef00a699e73fc60016c16a6f44683b2a027bb1b48a4b3973732af4cc636712?s=96&d=mm&r=g","contentUrl":"https:\/\/secure.gravatar.com\/avatar\/0bef00a699e73fc60016c16a6f44683b2a027bb1b48a4b3973732af4cc636712?s=96&d=mm&r=g","caption":"Gui"},"url":"https:\/\/portugalizar.com\/it\/author\/spestheonlyone\/"}]}},"jetpack_featured_media_url":"https:\/\/i0.wp.com\/portugalizar.com\/wp-content\/uploads\/2022\/04\/DF62D633-F1A5-44AE-A281-48D77C3D6665.jpeg?fit=959%2C711&ssl=1","jetpack-related-posts":[],"jetpack_sharing_enabled":true,"_links":{"self":[{"href":"https:\/\/portugalizar.com\/it\/wp-json\/wp\/v2\/posts\/1127","targetHints":{"allow":["GET"]}}],"collection":[{"href":"https:\/\/portugalizar.com\/it\/wp-json\/wp\/v2\/posts"}],"about":[{"href":"https:\/\/portugalizar.com\/it\/wp-json\/wp\/v2\/types\/post"}],"author":[{"embeddable":true,"href":"https:\/\/portugalizar.com\/it\/wp-json\/wp\/v2\/users\/1"}],"replies":[{"embeddable":true,"href":"https:\/\/portugalizar.com\/it\/wp-json\/wp\/v2\/comments?post=1127"}],"version-history":[{"count":5,"href":"https:\/\/portugalizar.com\/it\/wp-json\/wp\/v2\/posts\/1127\/revisions"}],"predecessor-version":[{"id":1185,"href":"https:\/\/portugalizar.com\/it\/wp-json\/wp\/v2\/posts\/1127\/revisions\/1185"}],"wp:featuredmedia":[{"embeddable":true,"href":"https:\/\/portugalizar.com\/it\/wp-json\/wp\/v2\/media\/1128"}],"wp:attachment":[{"href":"https:\/\/portugalizar.com\/it\/wp-json\/wp\/v2\/media?parent=1127"}],"wp:term":[{"taxonomy":"category","embeddable":true,"href":"https:\/\/portugalizar.com\/it\/wp-json\/wp\/v2\/categories?post=1127"},{"taxonomy":"post_tag","embeddable":true,"href":"https:\/\/portugalizar.com\/it\/wp-json\/wp\/v2\/tags?post=1127"}],"curies":[{"name":"wp","href":"https:\/\/api.w.org\/{rel}","templated":true}]}}