{"id":1044,"date":"2022-04-25T21:47:02","date_gmt":"2022-04-25T21:47:02","guid":{"rendered":"https:\/\/portugalizar.com\/?p=1044"},"modified":"2022-05-02T05:11:49","modified_gmt":"2022-05-02T05:11:49","slug":"its-a-great-day-for-a-short-goodbye","status":"publish","type":"post","link":"https:\/\/portugalizar.com\/it\/its-a-great-day-for-a-short-goodbye\/","title":{"rendered":"\u00c8 un grande giorno per un rapido addio"},"content":{"rendered":"<p>Ol\u00e1 todos! <strong>NOTIZIA DELL'ULTIMA ORA...<\/strong> <strong>IL PORTOGALLO \u00c8 STATO LIBERATO!<\/strong><\/p>\n\n\n\n<p>La mattina del 25 aprile 1974 la prima pagina del quotidiano nazionale portoghese, <em>Repubblica<\/em>, grid\u00f2 ad alta voce. <strong>LE FORZE ARMATE HANNO PRESO IL POTERE PER IL POPOLO E PER LA SUA LIBERT\u00c0<\/strong>. Con ancora pi\u00f9 orgoglio, i redattori di <em>Repubblica<\/em> ha fatto un secondo titolo in fondo alla prima pagina. <strong>QUESTO GIORNALE NON \u00c8 STATO PRESO DI MIRA DA NESSUNA COMMISSIONE DI CENSURA<\/strong>. Quest'ultima parte, incorniciata in rosso, mostrava quanto tutto fosse cambiato durante la notte. <\/p>\n\n\n\n<p>Il 25 aprile si celebra la liberazione del Portogallo da oltre 40 anni di dominio sotto l'oppressiva e distruttiva<em> Estado<\/em> <em>Novo<\/em>, la sedicente dittatura del brillante e professorale Ant\u00f3nio Salazar. Il<em> Estado<\/em> <em>Novo<\/em> stesso era uno strano conglomerato di idee incongruenti. Se siete interessati, possiamo tornare su questo argomento in un prossimo post. Per ora concentriamoci su alcuni fatti che stanno alla base della celebrazione odierna.<\/p>\n\n\n\n<h2 class=\"wp-block-heading\">La rivoluzione prevalentemente non violenta<\/h2>\n\n\n\n<p>Il rovesciamento del 25 aprile del regime autoritario pi\u00f9 longevo d'Europa ha seguito un copione tipicamente portoghese. Forse solo i portoghesi possono realizzare un colpo di Stato militare quasi incruento e non violento. Inoltre, il loro semplice buon senso ha prevalso sulle tormentate differenze ideologiche. Infine, almeno per me, tra le impressioni durature di questa rivoluzione contro un regime dittatoriale oppressivo ci sono molti fiori e una canzone.<\/p>\n\n\n\n<p>Purtroppo quattro persone sono morte quando la guardia personale del presidente ha sparato sulla folla a Lisbona. Per il resto la rivoluzione, questa Rivoluzione dei Garofani, non ha mostrato alcuna violenza. I militari che hanno guidato il colpo di Stato non hanno mai sparato un colpo, anche se i carri armati sono entrati a Lisbona e i soldati in uniforme erano ovunque. Tuttavia, decine di migliaia di cittadini comuni si sono schierati a fianco delle migliaia di soldati.<\/p>\n\n\n\n<figure class=\"wp-block-image alignwide size-full\"><img data-recalc-dims=\"1\" fetchpriority=\"high\" decoding=\"async\" width=\"950\" height=\"713\" src=\"https:\/\/i0.wp.com\/portugalizar.com\/wp-content\/uploads\/2022\/04\/7E730CAA-8AFD-4620-88A6-43A8A737EF48.jpeg?resize=950%2C713&#038;ssl=1\" alt=\"\" class=\"wp-image-1047\" srcset=\"https:\/\/i0.wp.com\/portugalizar.com\/wp-content\/uploads\/2022\/04\/7E730CAA-8AFD-4620-88A6-43A8A737EF48.jpeg?w=1024&amp;ssl=1 1024w, https:\/\/i0.wp.com\/portugalizar.com\/wp-content\/uploads\/2022\/04\/7E730CAA-8AFD-4620-88A6-43A8A737EF48.jpeg?resize=300%2C225&amp;ssl=1 300w, https:\/\/i0.wp.com\/portugalizar.com\/wp-content\/uploads\/2022\/04\/7E730CAA-8AFD-4620-88A6-43A8A737EF48.jpeg?resize=768%2C576&amp;ssl=1 768w, https:\/\/i0.wp.com\/portugalizar.com\/wp-content\/uploads\/2022\/04\/7E730CAA-8AFD-4620-88A6-43A8A737EF48.jpeg?resize=16%2C12&amp;ssl=1 16w\" sizes=\"(max-width: 950px) 100vw, 950px\" \/><figcaption><strong>1 maggio 197<\/strong>4. Questa foto mostra la folla giovanile di Tavira che attraversa l'antico ponte romano. Festeggiano la prima piena libert\u00e0 della Rivoluzione. Il mio buon amico, <strong>Ant\u00f3nio Minhalma<\/strong>, allora appena diciottenne, \u00e8 al centro, all'immediata sinistra dell'occhialuto signore che indossa un dolcevita nero. La Rivoluzione mise a nudo e poi liber\u00f2 l'ottimismo, la speranza e i sogni dei portoghesi: \"forse poteva esistere un futuro migliore\".<\/figcaption><\/figure>\n\n\n\n<h2 class=\"wp-block-heading\">Rivoltarsi insieme<\/h2>\n\n\n\n<p>Militari e cittadini sono mentalmente sincronizzati: deve sorgere un nuovo giorno senza guerra e con una vera democrazia. Era gi\u00e0 abbastanza. I portoghesi avevano gi\u00e0 combattuto 13 anni di guerre sanguinose in Angola, Guinea-Bissau e Mozambico. Hanno combattuto contro la libert\u00e0 dei loro fratelli e sorelle africani piuttosto che per la loro stessa libert\u00e0.<\/p>\n\n\n\n<p>Queste guerre non avevano senso n\u00e9 per i militari n\u00e9 per i cittadini arruolati per combatterle. Il denaro speso per uccidere i portoghesi a migliaia di chilometri di distanza uccideva anche i portoghesi in patria. I fondi per l'istruzione, l'assistenza sanitaria e i beni di prima necessit\u00e0 erano gi\u00e0 evaporati. Il Portogallo metropolitano era rimasto sottosviluppato come una qualsiasi delle sue colonie lontane. Era arrivato il momento di cambiare.<\/p>\n\n\n\n<figure class=\"wp-block-image alignwide size-full\"><img data-recalc-dims=\"1\" decoding=\"async\" width=\"720\" height=\"511\" src=\"https:\/\/i0.wp.com\/portugalizar.com\/wp-content\/uploads\/2022\/04\/D80E0B0E-DAE5-4A48-8E0C-BC67937A9A7E.jpeg?resize=720%2C511&#038;ssl=1\" alt=\"\" class=\"wp-image-1046\" srcset=\"https:\/\/i0.wp.com\/portugalizar.com\/wp-content\/uploads\/2022\/04\/D80E0B0E-DAE5-4A48-8E0C-BC67937A9A7E.jpeg?w=720&amp;ssl=1 720w, https:\/\/i0.wp.com\/portugalizar.com\/wp-content\/uploads\/2022\/04\/D80E0B0E-DAE5-4A48-8E0C-BC67937A9A7E.jpeg?resize=300%2C213&amp;ssl=1 300w, https:\/\/i0.wp.com\/portugalizar.com\/wp-content\/uploads\/2022\/04\/D80E0B0E-DAE5-4A48-8E0C-BC67937A9A7E.jpeg?resize=18%2C12&amp;ssl=1 18w\" sizes=\"(max-width: 720px) 100vw, 720px\" \/><figcaption><strong>Igreja de Santa Luzia, fine anni '50 circa<\/strong>. Questa fotografia, condivisa con me dal mio buon amico <strong>Victor Minhalma<\/strong>, fratello gemello di Ant\u00f3nio, mostra la fatiscente chiesa parrocchiale del XVII secolo nel nostro villaggio di Santa Luzia. \u00c8 stata scattata pochi anni prima che venisse demolita e sostituita dall'attuale struttura modernista. Ci\u00f2 che mi colpisce nella fotografia \u00e8 l'area intorno alla chiesa, che si trova al centro di Santa Luzia. C'\u00e8 solo sporcizia e macerie, il regalo di 30 anni di dittatura, che ha sposato un nazionalismo isolazionista, che ha mandato in bancarotta il Paese e la sua gente.<\/figcaption><\/figure>\n\n\n\n<h2 class=\"wp-block-heading\">Il garofano nella rivoluzione<\/h2>\n\n\n\n<p>Per me la natura quintessenzialmente portoghese della Rivoluzione del 25 aprile si esprime attraverso i fiori e le canzoni. Qualcosa di cos\u00ec serio e sconvolgente come un cambiamento rivoluzionario dovrebbe essere anche dolce e spiritoso. I negozi di fiori di Lisbona avevano misteriosamente un eccesso di garofani il 24 aprile. Giovani e anziani hanno afferrato manciate di fiori rossi e rosa la mattina del 25 aprile, mentre si dirigevano verso le strade per unirsi ai soldati. <\/p>\n\n\n\n<p>Le immagini scattate nelle strade di Lisbona fanno sorridere ancora oggi. Anziane signore si alzavano sulle punte dei piedi per fare un vaso di fiori con le canne dei fucili. Giovani donne appuntarono garofani sui baveri di soldati sorridenti. Anziani signori porgevano mazzi di fiori a guardie dal volto serio sui carri armati. La gioia e l'esuberanza traspaiono dalle fotografie sgranate.<\/p>\n\n\n\n<p>Ma anche il segnale di lancio della rivoluzione \u00e8 stata una canzone. I carri armati hanno iniziato a rotolare quando il Portogallo ha partecipato all'Eurovision Song Contest. <em>E Depois do Adeus<\/em>, o <em>E dopo l'addio<\/em> - trasmesso dalle stazioni radio poco prima della mezzanotte del 24 aprile. Una canzone sciocca in un programma sciocco ha dato il via al pi\u00f9 serio e conseguente degli eventi. Non si pu\u00f2 non notare l'umorismo ironico insito nel titolo della canzone n\u00e9 il peso della sua promessa.<\/p>\n\n\n\n<h2 class=\"wp-block-heading\">Cosa c'\u00e8 dopo l'addio? <\/h2>\n\n\n\n<p>I militari iniziarono rapidamente a passare il controllo a un governo a guida civile. Appena un anno dopo, il Portogallo tenne le sue prime elezioni. Un anno dopo il Parlamento approv\u00f2 la nuova Costituzione. La democrazia ha prosperato in terra portoghese e ha messo radici profonde.<\/p>\n\n\n\n<figure class=\"wp-block-image alignwide size-large\"><img data-recalc-dims=\"1\" decoding=\"async\" width=\"950\" height=\"634\" src=\"https:\/\/i0.wp.com\/portugalizar.com\/wp-content\/uploads\/2022\/06\/64829B45-CDFE-43D4-91F0-B5D52F104A38.jpeg?resize=950%2C634&#038;ssl=1\" alt=\"\" class=\"wp-image-1077\" srcset=\"https:\/\/i0.wp.com\/portugalizar.com\/wp-content\/uploads\/2022\/06\/64829B45-CDFE-43D4-91F0-B5D52F104A38.jpeg?resize=1024%2C683&amp;ssl=1 1024w, https:\/\/i0.wp.com\/portugalizar.com\/wp-content\/uploads\/2022\/06\/64829B45-CDFE-43D4-91F0-B5D52F104A38.jpeg?resize=300%2C200&amp;ssl=1 300w, https:\/\/i0.wp.com\/portugalizar.com\/wp-content\/uploads\/2022\/06\/64829B45-CDFE-43D4-91F0-B5D52F104A38.jpeg?resize=768%2C512&amp;ssl=1 768w, https:\/\/i0.wp.com\/portugalizar.com\/wp-content\/uploads\/2022\/06\/64829B45-CDFE-43D4-91F0-B5D52F104A38.jpeg?resize=18%2C12&amp;ssl=1 18w, https:\/\/i0.wp.com\/portugalizar.com\/wp-content\/uploads\/2022\/06\/64829B45-CDFE-43D4-91F0-B5D52F104A38.jpeg?w=1050&amp;ssl=1 1050w\" sizes=\"(max-width: 950px) 100vw, 950px\" \/><figcaption>Un murale di Caos, Add Fuel, MAR e Draw alla Nuova Universit\u00e0 di Lisbona, completato nel 2014 in occasione del 40\u00b0 anniversario della rivoluzione. In primo piano c'\u00e8 Salgueiro Maia, un capitano dell'esercito che fu uno dei leader della Rivoluzione dei Garofani. Gran parte del carburante che aliment\u00f2 la rivoluzione proveniva dai giovani ufficiali e soldati delle forze armate, che avevano assistito in prima persona alla pura assurdit\u00e0 di uccidere e morire per negare la libert\u00e0 agli altri quando non la si aveva. Gli artisti vogliono che sappiate che questa assurdit\u00e0 esiste ancora. La democrazia portoghese non ha sollevato tutti allo stesso modo, n\u00e9 ha sollevato un numero sufficiente di persone. C'\u00e8 ancora molto lavoro da fare. Siamo impegnati a continuare il lavoro di democrazia che Maia e altri hanno iniziato?<\/figcaption><\/figure>\n\n\n\n<p>Ma dobbiamo ricordare che le rivoluzioni non segnano una fine, bens\u00ec un inizio. Qui inizia un nuovo esperimento! La democrazia liberale mostra molti difetti al giorno d'oggi, crepe che l'estrema destra sfrutta. Le corporazioni e una manciata di individui hanno raccolto gran parte delle promesse che la democrazia liberale ha mantenuto. Oggi il mondo sembra pi\u00f9 vicino al 1973 di quanto dovrebbe. Ci sono ancora pochi ricchi e molti poveri sacrificabili. <br><\/p>\n\n\n\n<p>Le persone sono frustrate e cercano un cambiamento. L'estrema destra fornisce con entusiasmo bugie che promettono cambiamenti. Gli aderenti alla democrazia liberale sembrano dimenticare che la rivoluzione non \u00e8 finita. Non \u00e8 tutto a posto. C'\u00e8 ancora molto lavoro da fare. <\/p>\n\n\n\n<h2 class=\"wp-block-heading\">Il lavoro continuo della rivoluzione<\/h2>\n\n\n\n<p>Una parte di questo lavoro si concentrer\u00e0 necessariamente sull'eliminazione degli errori che le democrazie liberali di tutto il mondo hanno permesso al capitalismo, al consumismo e al globalismo incontrollati. La ridistribuzione della ricchezza deve avvenire. Devono esistere opportunit\u00e0 di avanzamento e di successo individuale e collettivo. Occorre aprire l'accesso a beni di prima necessit\u00e0 come la casa, l'assistenza sanitaria, l'istruzione, un salario di sussistenza e una pensione equa. Di conseguenza, la produttivit\u00e0 non deve escludere altre metriche di felicit\u00e0 economica.<\/p>\n\n\n\n<p>La democrazia liberale non ha futuro se non \u00e8 all'altezza della promessa di un cambiamento rivoluzionario. Le bugie dell'estrema destra brilleranno e brilleranno di pi\u00f9 nell'oscura frustrazione delle persone lasciate fuori dalla democrazia liberale. Le democrazie liberali devono quindi accendere un fuoco pi\u00f9 luminoso di miglioramenti dimostrabili nella vita di tutti i cittadini. La rivoluzione continua.<\/p>\n\n\n\n<p>At\u00e9 quinta! Ci rivediamo questo gioved\u00ec!<\/p>","protected":false},"excerpt":{"rendered":"<p>Se vi state chiedendo se il Portogallo ha qualcosa di simile al Giorno dell'Indipendenza degli Stati Uniti o alla Festa della Bastiglia della Francia? Ebbene, s\u00ec! Scopritene di pi\u00f9 in questo breve post in edizione speciale. Per saperne di pi\u00f9...<\/p>","protected":false},"author":1,"featured_media":1050,"comment_status":"open","ping_status":"open","sticky":false,"template":"","format":"standard","meta":{"nf_dc_page":"","om_disable_all_campaigns":false,"_monsterinsights_skip_tracking":false,"_monsterinsights_sitenote_active":false,"_monsterinsights_sitenote_note":"","_monsterinsights_sitenote_category":0,"_themeisle_gutenberg_block_has_review":false,"_jetpack_memberships_contains_paid_content":false,"footnotes":""},"categories":[9],"tags":[],"class_list":["post-1044","post","type-post","status-publish","format-standard","has-post-thumbnail","hentry","category-history"],"yoast_head":"<!-- This site is optimized with the Yoast SEO plugin v27.4 - https:\/\/yoast.com\/product\/yoast-seo-wordpress\/ -->\n<title>It\u2019s A Great Day for A Swift Goodbye - PORTUGALIZAR<\/title>\n<meta name=\"robots\" content=\"index, follow, max-snippet:-1, max-image-preview:large, max-video-preview:-1\" \/>\n<link rel=\"canonical\" href=\"https:\/\/portugalizar.com\/it\/its-a-great-day-for-a-short-goodbye\/\" \/>\n<meta property=\"og:locale\" content=\"it_IT\" \/>\n<meta property=\"og:type\" content=\"article\" \/>\n<meta property=\"og:title\" content=\"It\u2019s A Great Day for A Swift Goodbye - PORTUGALIZAR\" \/>\n<meta property=\"og:description\" content=\"Just in case you were wondering does Portugal have something like the USA\u2019s Independence Day or France\u2019s Bastille Day? Well yes it does! Read some more about it in this short, special edition post. Read more\u2026\" \/>\n<meta property=\"og:url\" content=\"https:\/\/portugalizar.com\/it\/its-a-great-day-for-a-short-goodbye\/\" \/>\n<meta property=\"og:site_name\" content=\"PORTUGALIZAR\" \/>\n<meta property=\"article:published_time\" content=\"2022-04-25T21:47:02+00:00\" \/>\n<meta property=\"article:modified_time\" content=\"2022-05-02T05:11:49+00:00\" \/>\n<meta property=\"og:image\" content=\"https:\/\/portugalizar.com\/wp-content\/uploads\/2022\/04\/EC19EC92-8D9E-46B4-AE4E-EFA648DEAB14.jpeg\" \/>\n\t<meta property=\"og:image:width\" content=\"2246\" \/>\n\t<meta property=\"og:image:height\" content=\"834\" \/>\n\t<meta property=\"og:image:type\" content=\"image\/jpeg\" \/>\n<meta name=\"author\" content=\"Gui\" \/>\n<meta name=\"twitter:card\" content=\"summary_large_image\" \/>\n<meta name=\"twitter:label1\" content=\"Scritto da\" \/>\n\t<meta name=\"twitter:data1\" content=\"Gui\" \/>\n\t<meta name=\"twitter:label2\" content=\"Tempo di lettura stimato\" \/>\n\t<meta name=\"twitter:data2\" content=\"6 minuti\" \/>\n<script type=\"application\/ld+json\" class=\"yoast-schema-graph\">{\"@context\":\"https:\\\/\\\/schema.org\",\"@graph\":[{\"@type\":\"Article\",\"@id\":\"https:\\\/\\\/portugalizar.com\\\/its-a-great-day-for-a-short-goodbye\\\/#article\",\"isPartOf\":{\"@id\":\"https:\\\/\\\/portugalizar.com\\\/its-a-great-day-for-a-short-goodbye\\\/\"},\"author\":{\"name\":\"Gui\",\"@id\":\"https:\\\/\\\/portugalizar.com\\\/#\\\/schema\\\/person\\\/1f60af48f39895b897e26d9d92ecf6db\"},\"headline\":\"It\u2019s A Great Day for A Swift Goodbye\",\"datePublished\":\"2022-04-25T21:47:02+00:00\",\"dateModified\":\"2022-05-02T05:11:49+00:00\",\"mainEntityOfPage\":{\"@id\":\"https:\\\/\\\/portugalizar.com\\\/its-a-great-day-for-a-short-goodbye\\\/\"},\"wordCount\":1200,\"commentCount\":4,\"publisher\":{\"@id\":\"https:\\\/\\\/portugalizar.com\\\/#organization\"},\"image\":{\"@id\":\"https:\\\/\\\/portugalizar.com\\\/its-a-great-day-for-a-short-goodbye\\\/#primaryimage\"},\"thumbnailUrl\":\"https:\\\/\\\/i0.wp.com\\\/portugalizar.com\\\/wp-content\\\/uploads\\\/2022\\\/04\\\/EC19EC92-8D9E-46B4-AE4E-EFA648DEAB14.jpeg?fit=2246%2C834&ssl=1\",\"articleSection\":[\"History\"],\"inLanguage\":\"it-IT\",\"potentialAction\":[{\"@type\":\"CommentAction\",\"name\":\"Comment\",\"target\":[\"https:\\\/\\\/portugalizar.com\\\/its-a-great-day-for-a-short-goodbye\\\/#respond\"]}]},{\"@type\":\"WebPage\",\"@id\":\"https:\\\/\\\/portugalizar.com\\\/its-a-great-day-for-a-short-goodbye\\\/\",\"url\":\"https:\\\/\\\/portugalizar.com\\\/its-a-great-day-for-a-short-goodbye\\\/\",\"name\":\"It\u2019s A Great Day for A Swift Goodbye - PORTUGALIZAR\",\"isPartOf\":{\"@id\":\"https:\\\/\\\/portugalizar.com\\\/#website\"},\"primaryImageOfPage\":{\"@id\":\"https:\\\/\\\/portugalizar.com\\\/its-a-great-day-for-a-short-goodbye\\\/#primaryimage\"},\"image\":{\"@id\":\"https:\\\/\\\/portugalizar.com\\\/its-a-great-day-for-a-short-goodbye\\\/#primaryimage\"},\"thumbnailUrl\":\"https:\\\/\\\/i0.wp.com\\\/portugalizar.com\\\/wp-content\\\/uploads\\\/2022\\\/04\\\/EC19EC92-8D9E-46B4-AE4E-EFA648DEAB14.jpeg?fit=2246%2C834&ssl=1\",\"datePublished\":\"2022-04-25T21:47:02+00:00\",\"dateModified\":\"2022-05-02T05:11:49+00:00\",\"breadcrumb\":{\"@id\":\"https:\\\/\\\/portugalizar.com\\\/its-a-great-day-for-a-short-goodbye\\\/#breadcrumb\"},\"inLanguage\":\"it-IT\",\"potentialAction\":[{\"@type\":\"ReadAction\",\"target\":[\"https:\\\/\\\/portugalizar.com\\\/its-a-great-day-for-a-short-goodbye\\\/\"]}]},{\"@type\":\"ImageObject\",\"inLanguage\":\"it-IT\",\"@id\":\"https:\\\/\\\/portugalizar.com\\\/its-a-great-day-for-a-short-goodbye\\\/#primaryimage\",\"url\":\"https:\\\/\\\/i0.wp.com\\\/portugalizar.com\\\/wp-content\\\/uploads\\\/2022\\\/04\\\/EC19EC92-8D9E-46B4-AE4E-EFA648DEAB14.jpeg?fit=2246%2C834&ssl=1\",\"contentUrl\":\"https:\\\/\\\/i0.wp.com\\\/portugalizar.com\\\/wp-content\\\/uploads\\\/2022\\\/04\\\/EC19EC92-8D9E-46B4-AE4E-EFA648DEAB14.jpeg?fit=2246%2C834&ssl=1\",\"width\":2246,\"height\":834},{\"@type\":\"BreadcrumbList\",\"@id\":\"https:\\\/\\\/portugalizar.com\\\/its-a-great-day-for-a-short-goodbye\\\/#breadcrumb\",\"itemListElement\":[{\"@type\":\"ListItem\",\"position\":1,\"name\":\"Home\",\"item\":\"https:\\\/\\\/portugalizar.com\\\/\"},{\"@type\":\"ListItem\",\"position\":2,\"name\":\"It\u2019s A Great Day for A Swift Goodbye\"}]},{\"@type\":\"WebSite\",\"@id\":\"https:\\\/\\\/portugalizar.com\\\/#website\",\"url\":\"https:\\\/\\\/portugalizar.com\\\/\",\"name\":\"PORTUGALIZAR\",\"description\":\"\",\"publisher\":{\"@id\":\"https:\\\/\\\/portugalizar.com\\\/#organization\"},\"potentialAction\":[{\"@type\":\"SearchAction\",\"target\":{\"@type\":\"EntryPoint\",\"urlTemplate\":\"https:\\\/\\\/portugalizar.com\\\/?s={search_term_string}\"},\"query-input\":{\"@type\":\"PropertyValueSpecification\",\"valueRequired\":true,\"valueName\":\"search_term_string\"}}],\"inLanguage\":\"it-IT\"},{\"@type\":\"Organization\",\"@id\":\"https:\\\/\\\/portugalizar.com\\\/#organization\",\"name\":\"PORTUGALIZAR\",\"url\":\"https:\\\/\\\/portugalizar.com\\\/\",\"logo\":{\"@type\":\"ImageObject\",\"inLanguage\":\"it-IT\",\"@id\":\"https:\\\/\\\/portugalizar.com\\\/#\\\/schema\\\/logo\\\/image\\\/\",\"url\":\"\",\"contentUrl\":\"\",\"caption\":\"PORTUGALIZAR\"},\"image\":{\"@id\":\"https:\\\/\\\/portugalizar.com\\\/#\\\/schema\\\/logo\\\/image\\\/\"}},{\"@type\":\"Person\",\"@id\":\"https:\\\/\\\/portugalizar.com\\\/#\\\/schema\\\/person\\\/1f60af48f39895b897e26d9d92ecf6db\",\"name\":\"Gui\",\"image\":{\"@type\":\"ImageObject\",\"inLanguage\":\"it-IT\",\"@id\":\"https:\\\/\\\/secure.gravatar.com\\\/avatar\\\/0bef00a699e73fc60016c16a6f44683b2a027bb1b48a4b3973732af4cc636712?s=96&d=mm&r=g\",\"url\":\"https:\\\/\\\/secure.gravatar.com\\\/avatar\\\/0bef00a699e73fc60016c16a6f44683b2a027bb1b48a4b3973732af4cc636712?s=96&d=mm&r=g\",\"contentUrl\":\"https:\\\/\\\/secure.gravatar.com\\\/avatar\\\/0bef00a699e73fc60016c16a6f44683b2a027bb1b48a4b3973732af4cc636712?s=96&d=mm&r=g\",\"caption\":\"Gui\"},\"url\":\"https:\\\/\\\/portugalizar.com\\\/it\\\/author\\\/spestheonlyone\\\/\"}]}<\/script>\n<!-- \/ Yoast SEO plugin. -->","yoast_head_json":{"title":"It\u2019s A Great Day for A Swift Goodbye - PORTUGALIZAR","robots":{"index":"index","follow":"follow","max-snippet":"max-snippet:-1","max-image-preview":"max-image-preview:large","max-video-preview":"max-video-preview:-1"},"canonical":"https:\/\/portugalizar.com\/it\/its-a-great-day-for-a-short-goodbye\/","og_locale":"it_IT","og_type":"article","og_title":"It\u2019s A Great Day for A Swift Goodbye - PORTUGALIZAR","og_description":"Just in case you were wondering does Portugal have something like the USA\u2019s Independence Day or France\u2019s Bastille Day? Well yes it does! Read some more about it in this short, special edition post. Read more\u2026","og_url":"https:\/\/portugalizar.com\/it\/its-a-great-day-for-a-short-goodbye\/","og_site_name":"PORTUGALIZAR","article_published_time":"2022-04-25T21:47:02+00:00","article_modified_time":"2022-05-02T05:11:49+00:00","og_image":[{"width":2246,"height":834,"url":"https:\/\/portugalizar.com\/wp-content\/uploads\/2022\/04\/EC19EC92-8D9E-46B4-AE4E-EFA648DEAB14.jpeg","type":"image\/jpeg"}],"author":"Gui","twitter_card":"summary_large_image","twitter_misc":{"Scritto da":"Gui","Tempo di lettura stimato":"6 minuti"},"schema":{"@context":"https:\/\/schema.org","@graph":[{"@type":"Article","@id":"https:\/\/portugalizar.com\/its-a-great-day-for-a-short-goodbye\/#article","isPartOf":{"@id":"https:\/\/portugalizar.com\/its-a-great-day-for-a-short-goodbye\/"},"author":{"name":"Gui","@id":"https:\/\/portugalizar.com\/#\/schema\/person\/1f60af48f39895b897e26d9d92ecf6db"},"headline":"It\u2019s A Great Day for A Swift Goodbye","datePublished":"2022-04-25T21:47:02+00:00","dateModified":"2022-05-02T05:11:49+00:00","mainEntityOfPage":{"@id":"https:\/\/portugalizar.com\/its-a-great-day-for-a-short-goodbye\/"},"wordCount":1200,"commentCount":4,"publisher":{"@id":"https:\/\/portugalizar.com\/#organization"},"image":{"@id":"https:\/\/portugalizar.com\/its-a-great-day-for-a-short-goodbye\/#primaryimage"},"thumbnailUrl":"https:\/\/i0.wp.com\/portugalizar.com\/wp-content\/uploads\/2022\/04\/EC19EC92-8D9E-46B4-AE4E-EFA648DEAB14.jpeg?fit=2246%2C834&ssl=1","articleSection":["History"],"inLanguage":"it-IT","potentialAction":[{"@type":"CommentAction","name":"Comment","target":["https:\/\/portugalizar.com\/its-a-great-day-for-a-short-goodbye\/#respond"]}]},{"@type":"WebPage","@id":"https:\/\/portugalizar.com\/its-a-great-day-for-a-short-goodbye\/","url":"https:\/\/portugalizar.com\/its-a-great-day-for-a-short-goodbye\/","name":"It\u2019s A Great Day for A Swift Goodbye - PORTUGALIZAR","isPartOf":{"@id":"https:\/\/portugalizar.com\/#website"},"primaryImageOfPage":{"@id":"https:\/\/portugalizar.com\/its-a-great-day-for-a-short-goodbye\/#primaryimage"},"image":{"@id":"https:\/\/portugalizar.com\/its-a-great-day-for-a-short-goodbye\/#primaryimage"},"thumbnailUrl":"https:\/\/i0.wp.com\/portugalizar.com\/wp-content\/uploads\/2022\/04\/EC19EC92-8D9E-46B4-AE4E-EFA648DEAB14.jpeg?fit=2246%2C834&ssl=1","datePublished":"2022-04-25T21:47:02+00:00","dateModified":"2022-05-02T05:11:49+00:00","breadcrumb":{"@id":"https:\/\/portugalizar.com\/its-a-great-day-for-a-short-goodbye\/#breadcrumb"},"inLanguage":"it-IT","potentialAction":[{"@type":"ReadAction","target":["https:\/\/portugalizar.com\/its-a-great-day-for-a-short-goodbye\/"]}]},{"@type":"ImageObject","inLanguage":"it-IT","@id":"https:\/\/portugalizar.com\/its-a-great-day-for-a-short-goodbye\/#primaryimage","url":"https:\/\/i0.wp.com\/portugalizar.com\/wp-content\/uploads\/2022\/04\/EC19EC92-8D9E-46B4-AE4E-EFA648DEAB14.jpeg?fit=2246%2C834&ssl=1","contentUrl":"https:\/\/i0.wp.com\/portugalizar.com\/wp-content\/uploads\/2022\/04\/EC19EC92-8D9E-46B4-AE4E-EFA648DEAB14.jpeg?fit=2246%2C834&ssl=1","width":2246,"height":834},{"@type":"BreadcrumbList","@id":"https:\/\/portugalizar.com\/its-a-great-day-for-a-short-goodbye\/#breadcrumb","itemListElement":[{"@type":"ListItem","position":1,"name":"Home","item":"https:\/\/portugalizar.com\/"},{"@type":"ListItem","position":2,"name":"It\u2019s A Great Day for A Swift Goodbye"}]},{"@type":"WebSite","@id":"https:\/\/portugalizar.com\/#website","url":"https:\/\/portugalizar.com\/","name":"PORTOGALLO","description":"","publisher":{"@id":"https:\/\/portugalizar.com\/#organization"},"potentialAction":[{"@type":"SearchAction","target":{"@type":"EntryPoint","urlTemplate":"https:\/\/portugalizar.com\/?s={search_term_string}"},"query-input":{"@type":"PropertyValueSpecification","valueRequired":true,"valueName":"search_term_string"}}],"inLanguage":"it-IT"},{"@type":"Organization","@id":"https:\/\/portugalizar.com\/#organization","name":"PORTOGALLO","url":"https:\/\/portugalizar.com\/","logo":{"@type":"ImageObject","inLanguage":"it-IT","@id":"https:\/\/portugalizar.com\/#\/schema\/logo\/image\/","url":"","contentUrl":"","caption":"PORTUGALIZAR"},"image":{"@id":"https:\/\/portugalizar.com\/#\/schema\/logo\/image\/"}},{"@type":"Person","@id":"https:\/\/portugalizar.com\/#\/schema\/person\/1f60af48f39895b897e26d9d92ecf6db","name":"Gui","image":{"@type":"ImageObject","inLanguage":"it-IT","@id":"https:\/\/secure.gravatar.com\/avatar\/0bef00a699e73fc60016c16a6f44683b2a027bb1b48a4b3973732af4cc636712?s=96&d=mm&r=g","url":"https:\/\/secure.gravatar.com\/avatar\/0bef00a699e73fc60016c16a6f44683b2a027bb1b48a4b3973732af4cc636712?s=96&d=mm&r=g","contentUrl":"https:\/\/secure.gravatar.com\/avatar\/0bef00a699e73fc60016c16a6f44683b2a027bb1b48a4b3973732af4cc636712?s=96&d=mm&r=g","caption":"Gui"},"url":"https:\/\/portugalizar.com\/it\/author\/spestheonlyone\/"}]}},"jetpack_featured_media_url":"https:\/\/i0.wp.com\/portugalizar.com\/wp-content\/uploads\/2022\/04\/EC19EC92-8D9E-46B4-AE4E-EFA648DEAB14.jpeg?fit=2246%2C834&ssl=1","jetpack-related-posts":[],"jetpack_sharing_enabled":true,"_links":{"self":[{"href":"https:\/\/portugalizar.com\/it\/wp-json\/wp\/v2\/posts\/1044","targetHints":{"allow":["GET"]}}],"collection":[{"href":"https:\/\/portugalizar.com\/it\/wp-json\/wp\/v2\/posts"}],"about":[{"href":"https:\/\/portugalizar.com\/it\/wp-json\/wp\/v2\/types\/post"}],"author":[{"embeddable":true,"href":"https:\/\/portugalizar.com\/it\/wp-json\/wp\/v2\/users\/1"}],"replies":[{"embeddable":true,"href":"https:\/\/portugalizar.com\/it\/wp-json\/wp\/v2\/comments?post=1044"}],"version-history":[{"count":5,"href":"https:\/\/portugalizar.com\/it\/wp-json\/wp\/v2\/posts\/1044\/revisions"}],"predecessor-version":[{"id":1183,"href":"https:\/\/portugalizar.com\/it\/wp-json\/wp\/v2\/posts\/1044\/revisions\/1183"}],"wp:featuredmedia":[{"embeddable":true,"href":"https:\/\/portugalizar.com\/it\/wp-json\/wp\/v2\/media\/1050"}],"wp:attachment":[{"href":"https:\/\/portugalizar.com\/it\/wp-json\/wp\/v2\/media?parent=1044"}],"wp:term":[{"taxonomy":"category","embeddable":true,"href":"https:\/\/portugalizar.com\/it\/wp-json\/wp\/v2\/categories?post=1044"},{"taxonomy":"post_tag","embeddable":true,"href":"https:\/\/portugalizar.com\/it\/wp-json\/wp\/v2\/tags?post=1044"}],"curies":[{"name":"wp","href":"https:\/\/api.w.org\/{rel}","templated":true}]}}