{"id":1902,"date":"2022-07-14T04:00:00","date_gmt":"2022-07-14T04:00:00","guid":{"rendered":"https:\/\/portugalizar.com\/?p=1902"},"modified":"2022-07-14T16:53:03","modified_gmt":"2022-07-14T16:53:03","slug":"happy-days-are-here-again","status":"publish","type":"post","link":"https:\/\/portugalizar.com\/fr\/happy-days-are-here-again\/","title":{"rendered":"LES JOURS HEUREUX SONT DE NOUVEAU L\u00c0 ! <br>UNE \u00c9DITION SP\u00c9CIALE"},"content":{"rendered":"<p><em>Bonjour \u00e0 tous ! Espero que tenham tido uma semana absolutamente fabulosa.<\/em> \/\/ Bonjour \u00e0 tous. J'esp\u00e8re que vous avez tous pass\u00e9 une semaine absolument fabuleuse. Depuis fin juin, chaque jour ici est rempli d'activit\u00e9s. Et Tavira a bouillonn\u00e9 d'excitation. L'ombre de Covid s'est raccourcie progressivement. Mais maintenant le soleil est \u00e0 midi. Par cons\u00e9quent, il semble qu'il n'y ait plus d'ombres. Les jours heureux sont de nouveau l\u00e0 !<\/p>\n\n\n\n<p>Il s'est pass\u00e9 tellement de choses. Je voulais vous mettre aux premi\u00e8res loges. Mais aussi vous donner l'opportunit\u00e9 de participer aux activit\u00e9s et \u00e0 l'excitation. Je ne peux pas vraiment vous transporter dans la foule ici. Mais j'esp\u00e8re que vous ressentirez la vibration simple et \u00e9lectrique des c\u00e9l\u00e9brations. <\/p>\n\n\n\n<h2 class=\"wp-block-heading\">Pourquoi toute cette agitation ?<\/h2>\n\n\n\n<p>Le mois de juin au Portugal est connu comme <em><a href=\"https:\/\/www.visitportugal.com\/en\/node\/210955\" target=\"_blank\" rel=\"noreferrer noopener\">a m\u00eas dos santos populares<\/a><\/em>c'est-\u00e0-dire le mois des saints populaires. Il y en a trois. La f\u00eate de saint Antoine (<em>Santo Ant\u00f3nio<\/em>en portugais) est le 13 juin. Ensuite, il y a la Saint Jean Baptiste (<em>S\u00e3o Jo\u00e3o<\/em>) le 24 juin. Enfin, Saint Pierre (<em>S\u00e3o Pedro<\/em>) ferme la marche le 29 juin. Seul <em>o Ant\u00f3nio<\/em> est en fait portugais. Il est n\u00e9 \u00e0 Lisbonne en 1195 mais a pass\u00e9 environ la moiti\u00e9 de sa vie en Italie. Il est mort et a \u00e9t\u00e9 enterr\u00e9 \u00e0 Padoue. <\/p>\n\n\n\n<p>Les deux autres ont v\u00e9cu au 1er si\u00e8cle dans la province romaine de Jud\u00e9e, aujourd'hui Isra\u00ebl et la Palestine. <em>O Jo\u00e3o<\/em> et <em>o Pedro<\/em> ne sont pas du tout associ\u00e9s au Portugal. Ils sont probablement populaires et importants pour les Portugais car ils sont tous deux associ\u00e9s \u00e0 l'eau. L'eau, la mer, c'est le sang des Portugais. Donc <em>o Jo\u00e3o<\/em>selon les traditions chr\u00e9tiennes, a invent\u00e9 le bapt\u00eame. Par le bapt\u00eame, les chr\u00e9tiens s'engagent \u00e0 adopter un nouveau mode de vie par immersion dans l'eau. Le lien de <em>o Pedro<\/em> est plus facile. La litt\u00e9rature chr\u00e9tienne le d\u00e9crit comme un p\u00eacheur. Mais J\u00e9sus l'appelle aussi \u00e0 \u00eatre un p\u00eacheur d'hommes. Sans doute aussi des femmes. Les Portugais sont des p\u00eacheurs. La mer et la p\u00eache ont donc \u00e9t\u00e9 essentielles \u00e0 la vie et \u00e0 l'\u00e9conomie du Portugal pendant des si\u00e8cles. Ces deux \u00e9l\u00e9ments continuent d'habiter le c\u0153ur et l'\u00e2me de tous les Portugais, m\u00eame s'ils sont moins importants sur le plan \u00e9conomique.<\/p>\n\n\n\n<figure class=\"wp-block-gallery has-nested-images columns-default is-cropped wp-block-gallery-1 is-layout-flex wp-block-gallery-is-layout-flex\">\n<figure class=\"wp-block-image size-large\"><img data-recalc-dims=\"1\" fetchpriority=\"high\" decoding=\"async\" width=\"228\" height=\"228\" data-id=\"1923\" src=\"https:\/\/i0.wp.com\/portugalizar.com\/wp-content\/uploads\/2022\/06\/Santo-Antonio-e1656430802108.jpeg?resize=228%2C228&#038;ssl=1\" alt=\"\" class=\"wp-image-1923\" srcset=\"https:\/\/i0.wp.com\/portugalizar.com\/wp-content\/uploads\/2022\/06\/Santo-Antonio-e1656430802108.jpeg?w=228&amp;ssl=1 228w, https:\/\/i0.wp.com\/portugalizar.com\/wp-content\/uploads\/2022\/06\/Santo-Antonio-e1656430802108.jpeg?resize=150%2C150&amp;ssl=1 150w, https:\/\/i0.wp.com\/portugalizar.com\/wp-content\/uploads\/2022\/06\/Santo-Antonio-e1656430802108.jpeg?resize=12%2C12&amp;ssl=1 12w\" sizes=\"(max-width: 228px) 100vw, 228px\" \/><figcaption>Santo Ant\u00f3nio<\/figcaption><\/figure>\n\n\n\n<figure class=\"wp-block-image size-large\"><img data-recalc-dims=\"1\" decoding=\"async\" width=\"600\" height=\"600\" data-id=\"1919\" src=\"https:\/\/i0.wp.com\/portugalizar.com\/wp-content\/uploads\/2022\/06\/saint-john-2.jpeg?resize=600%2C600&#038;ssl=1\" alt=\"\" class=\"wp-image-1919\" srcset=\"https:\/\/i0.wp.com\/portugalizar.com\/wp-content\/uploads\/2022\/06\/saint-john-2.jpeg?w=600&amp;ssl=1 600w, https:\/\/i0.wp.com\/portugalizar.com\/wp-content\/uploads\/2022\/06\/saint-john-2.jpeg?resize=300%2C300&amp;ssl=1 300w, https:\/\/i0.wp.com\/portugalizar.com\/wp-content\/uploads\/2022\/06\/saint-john-2.jpeg?resize=150%2C150&amp;ssl=1 150w, https:\/\/i0.wp.com\/portugalizar.com\/wp-content\/uploads\/2022\/06\/saint-john-2.jpeg?resize=12%2C12&amp;ssl=1 12w\" sizes=\"(max-width: 600px) 100vw, 600px\" \/><figcaption>S\u00e3o Jo\u00e3o<\/figcaption><\/figure>\n\n\n\n<figure class=\"wp-block-image size-large\"><img data-recalc-dims=\"1\" decoding=\"async\" width=\"316\" height=\"316\" data-id=\"1921\" src=\"https:\/\/i0.wp.com\/portugalizar.com\/wp-content\/uploads\/2022\/06\/saint_peter-scaled-e1656430709882.jpg?resize=316%2C316&#038;ssl=1\" alt=\"\" class=\"wp-image-1921\" srcset=\"https:\/\/i0.wp.com\/portugalizar.com\/wp-content\/uploads\/2022\/06\/saint_peter-scaled-e1656430709882.jpg?w=316&amp;ssl=1 316w, https:\/\/i0.wp.com\/portugalizar.com\/wp-content\/uploads\/2022\/06\/saint_peter-scaled-e1656430709882.jpg?resize=300%2C300&amp;ssl=1 300w, https:\/\/i0.wp.com\/portugalizar.com\/wp-content\/uploads\/2022\/06\/saint_peter-scaled-e1656430709882.jpg?resize=150%2C150&amp;ssl=1 150w, https:\/\/i0.wp.com\/portugalizar.com\/wp-content\/uploads\/2022\/06\/saint_peter-scaled-e1656430709882.jpg?resize=12%2C12&amp;ssl=1 12w\" sizes=\"(max-width: 316px) 100vw, 316px\" \/><figcaption>S\u00e3o Pedro<\/figcaption><\/figure>\n<figcaption class=\"blocks-gallery-caption\"><strong>Os Santos Populares<\/strong><\/figcaption><\/figure>\n\n\n\n<p><em>S\u00e3o Jo\u00e3o<\/em> est tr\u00e8s important pour Tavira. Il est le saint patron de la ville. Et pourquoi cette importance ? Il s'agit de nouveaux d\u00e9parts, de recommencements. Et de l'eau, c'est-\u00e0-dire de la mer, et de la p\u00eache.  Les nouveaux d\u00e9parts et l'eau sont tous deux li\u00e9s aux th\u00e8mes suivants <em>S\u00e3o Jo\u00e3o<\/em>. Voici ma tentative de rassembler ces liens.<\/p>\n\n\n\n<h2 class=\"wp-block-heading\">Plus qu'une simple question de saints<\/h2>\n\n\n\n<p>Les thons, en particulier le thon rouge, passent par Tavira, ou avaient l'habitude de le faire, \u00e0 partir de d\u00e9but juillet. Ils retournent dans les eaux chaudes de la M\u00e9diterran\u00e9e pour se nourrir et renforcer leur endurance. Mais en fin de compte, ils se dirigent vers la mer Noire pour se reproduire. <\/p>\n\n\n\n<figure class=\"wp-block-gallery alignright has-nested-images columns-default is-cropped wp-block-gallery-2 is-layout-flex wp-block-gallery-is-layout-flex\">\n<figure class=\"wp-block-image size-large\"><img data-recalc-dims=\"1\" loading=\"lazy\" decoding=\"async\" width=\"709\" height=\"838\" data-id=\"1928\" src=\"https:\/\/i0.wp.com\/portugalizar.com\/wp-content\/uploads\/2022\/06\/Eleva-Tavira-1520.jpg?resize=709%2C838&#038;ssl=1\" alt=\"\" class=\"wp-image-1928\" srcset=\"https:\/\/i0.wp.com\/portugalizar.com\/wp-content\/uploads\/2022\/06\/Eleva-Tavira-1520.jpg?w=709&amp;ssl=1 709w, https:\/\/i0.wp.com\/portugalizar.com\/wp-content\/uploads\/2022\/06\/Eleva-Tavira-1520.jpg?resize=254%2C300&amp;ssl=1 254w, https:\/\/i0.wp.com\/portugalizar.com\/wp-content\/uploads\/2022\/06\/Eleva-Tavira-1520.jpg?resize=10%2C12&amp;ssl=1 10w\" sizes=\"(max-width: 709px) 100vw, 709px\" \/><\/figure>\n<figcaption class=\"blocks-gallery-caption\"><strong>La page des Letras do Dom Manuel I qui autorise l'\u00e9l\u00e9vation de Tavira au statut de ville. (Mus\u00e9e municipal de Tavira)<\/strong><\/figcaption><\/figure>\n\n\n\n<p>La p\u00eache au thon a \u00e9t\u00e9 le c\u0153ur \u00e9conomique de Tavira pendant des si\u00e8cles. Elle a rendu quelques personnes riches. Mais elle a gard\u00e9 les ventres de tous <em>Tavirenses<\/em> complet. En commen\u00e7ant par l'homme le plus \u00e2g\u00e9, jusqu'aux adolescents, tout le monde a travaill\u00e9 le <em>arma\u00e7\u00e3o<\/em>. Des centaines d'hommes \u00e0 la fois occupaient chaque <em>arma\u00e7\u00e3o<\/em>. Il y avait des centaines de <em>arma\u00e7\u00e3o<\/em>.<\/p>\n\n\n\n<p>Et des milliers d'autres ont travaill\u00e9 dans le <em>fabricas<\/em>. Ces conserveries de thon \u00e9taient situ\u00e9es dans tout Tavira et l'Algarve. Le thon du Portugal arrivait sur les tables du monde entier. Les quelques mois pendant lesquels le thon est pass\u00e9 devant Tavira ont \u00e9t\u00e9 cruciaux. En particulier pour les travailleurs sur les <em>arma\u00e7\u00e3o<\/em> et dans le <em>fabricas<\/em>.<\/p>\n\n\n\n<p>Les semaines de juin ont \u00e9t\u00e9 synonymes de dur labeur pour pr\u00e9parer le retour du thon. Cette pr\u00e9paration se terminait vers la fin du mois de juin, co\u00efncidant avec la f\u00eate du <em>S\u00e3o Jo\u00e3o<\/em>. Le 24 marquait la fin des pr\u00e9paratifs pour les grosses prises \u00e0 venir. C'\u00e9tait une raison suffisante pour faire la f\u00eate jusqu'au <em>arma\u00e7\u00e3o<\/em> fait signe. Les jours heureux \u00e9taient \u00e0 nouveau l\u00e0 ! <\/p>\n\n\n\n<p>Une autre raison de la grande f\u00eate de juin est Tavira elle-m\u00eame. En 1520, Tavira a \u00e9t\u00e9 \u00e9lev\u00e9e au rang de ville par Dom Manuel I. C'\u00e9tait et c'est toujours un \u00e9v\u00e9nement tr\u00e8s important. En effet, une ville jouit de droits juridiques sp\u00e9ciaux. Cela signifiait l'autonomie et une certaine mesure d'autonomie. \u00catre une ville \u00e9tait donc un honneur particulier. Apr\u00e8s 1520, ces deux grands \u00e9v\u00e9nements - le statut de ville et le retour du thon - se sont fondus dans le paysage. <em>S\u00e3o Jo\u00e3o<\/em>.<\/p>\n\n\n\n<h2 class=\"wp-block-heading\">De superbes d\u00e9corations ont accueilli les foules heureuses<\/h2>\n\n\n\n<p>Tavira se pare de ses plus beaux atours pour la f\u00eate. C'est vraiment tr\u00e8s beau. Chaque ann\u00e9e, il y a un th\u00e8me diff\u00e9rent. Celui de cette ann\u00e9e semblait se concentrer sur <a href=\"https:\/\/portugalizar.com\/fr\/world-of-magic-and-mystery\/\" target=\"_blank\" rel=\"noreferrer noopener\">les \u00e9glises de Tavira<\/a>. Nous avons abord\u00e9 ce sujet dans un billet il y a quelques temps. Le site <em>Igreja de Santa Luzia<\/em>L'\u00e9glise paroissiale de notre village se trouve en haut de la photo ci-dessous, \u00e0 droite.<\/p>\n\n\n\n<figure class=\"wp-block-gallery has-nested-images columns-default is-cropped wp-block-gallery-3 is-layout-flex wp-block-gallery-is-layout-flex\">\n<figure class=\"wp-block-image size-large\"><img data-recalc-dims=\"1\" loading=\"lazy\" decoding=\"async\" width=\"950\" height=\"1267\" data-id=\"2028\" src=\"https:\/\/i0.wp.com\/portugalizar.com\/wp-content\/uploads\/2022\/07\/as-decoracoes-na-rua-1-scaled.jpg?resize=950%2C1267&#038;ssl=1\" alt=\"\" class=\"wp-image-2028\" srcset=\"https:\/\/i0.wp.com\/portugalizar.com\/wp-content\/uploads\/2022\/07\/as-decoracoes-na-rua-1-scaled.jpg?w=1920&amp;ssl=1 1920w, https:\/\/i0.wp.com\/portugalizar.com\/wp-content\/uploads\/2022\/07\/as-decoracoes-na-rua-1-scaled.jpg?resize=225%2C300&amp;ssl=1 225w, https:\/\/i0.wp.com\/portugalizar.com\/wp-content\/uploads\/2022\/07\/as-decoracoes-na-rua-1-scaled.jpg?resize=768%2C1024&amp;ssl=1 768w, https:\/\/i0.wp.com\/portugalizar.com\/wp-content\/uploads\/2022\/07\/as-decoracoes-na-rua-1-scaled.jpg?resize=1152%2C1536&amp;ssl=1 1152w\" sizes=\"(max-width: 950px) 100vw, 950px\" \/><\/figure>\n\n\n\n<figure class=\"wp-block-image size-large\"><img data-recalc-dims=\"1\" loading=\"lazy\" decoding=\"async\" width=\"950\" height=\"1267\" data-id=\"2030\" src=\"https:\/\/i0.wp.com\/portugalizar.com\/wp-content\/uploads\/2022\/07\/igreja-santa-santa-luzia-na-rua-2a-scaled.jpg?resize=950%2C1267&#038;ssl=1\" alt=\"\" class=\"wp-image-2030\" srcset=\"https:\/\/i0.wp.com\/portugalizar.com\/wp-content\/uploads\/2022\/07\/igreja-santa-santa-luzia-na-rua-2a-scaled.jpg?w=1920&amp;ssl=1 1920w, https:\/\/i0.wp.com\/portugalizar.com\/wp-content\/uploads\/2022\/07\/igreja-santa-santa-luzia-na-rua-2a-scaled.jpg?resize=225%2C300&amp;ssl=1 225w, https:\/\/i0.wp.com\/portugalizar.com\/wp-content\/uploads\/2022\/07\/igreja-santa-santa-luzia-na-rua-2a-scaled.jpg?resize=768%2C1024&amp;ssl=1 768w, https:\/\/i0.wp.com\/portugalizar.com\/wp-content\/uploads\/2022\/07\/igreja-santa-santa-luzia-na-rua-2a-scaled.jpg?resize=1152%2C1536&amp;ssl=1 1152w\" sizes=\"(max-width: 950px) 100vw, 950px\" \/><\/figure>\n<figcaption class=\"blocks-gallery-caption\"><strong>Les d\u00e9corations le long de la rue principale de Tavira.<\/strong>. <strong>Ils sont all\u00e9s jusqu'au bout.<\/strong><\/figcaption><\/figure>\n\n\n\n<p>Bien s\u00fbr. <em>S\u00e3o Jo\u00e3o<\/em> fait son apparition. Il pr\u00e9side \u00e0 l'entr\u00e9e de <em>Jardim do Coreto<\/em> o\u00f9 toute la f\u00eate aura lieu. Vous passez par l'arche d'entr\u00e9e orn\u00e9e de festons. Il y a <em>S\u00e3o Jo\u00e3o<\/em> qui font des signes et vous saluent. Lorsque je me suis retourn\u00e9, cependant, je m'attendais \u00e0 voir la m\u00eame image de l'autre c\u00f4t\u00e9. Mais non, il y avait la vue arri\u00e8re de S\u00e3o Jo\u00e3o. Il avait l'air de remuer ses fesses aussi.<\/p>\n\n\n\n<figure class=\"wp-block-gallery has-nested-images columns-default is-cropped wp-block-gallery-4 is-layout-flex wp-block-gallery-is-layout-flex\">\n<figure class=\"wp-block-image size-large\"><img data-recalc-dims=\"1\" loading=\"lazy\" decoding=\"async\" width=\"950\" height=\"1325\" data-id=\"2032\" src=\"https:\/\/i0.wp.com\/portugalizar.com\/wp-content\/uploads\/2022\/07\/saint-john-front-scaled.jpg?resize=950%2C1325&#038;ssl=1\" alt=\"\" class=\"wp-image-2032\" srcset=\"https:\/\/i0.wp.com\/portugalizar.com\/wp-content\/uploads\/2022\/07\/saint-john-front-scaled.jpg?w=1836&amp;ssl=1 1836w, https:\/\/i0.wp.com\/portugalizar.com\/wp-content\/uploads\/2022\/07\/saint-john-front-scaled.jpg?resize=215%2C300&amp;ssl=1 215w, https:\/\/i0.wp.com\/portugalizar.com\/wp-content\/uploads\/2022\/07\/saint-john-front-scaled.jpg?resize=734%2C1024&amp;ssl=1 734w, https:\/\/i0.wp.com\/portugalizar.com\/wp-content\/uploads\/2022\/07\/saint-john-front-scaled.jpg?resize=768%2C1071&amp;ssl=1 768w, https:\/\/i0.wp.com\/portugalizar.com\/wp-content\/uploads\/2022\/07\/saint-john-front-scaled.jpg?resize=1101%2C1536&amp;ssl=1 1101w, https:\/\/i0.wp.com\/portugalizar.com\/wp-content\/uploads\/2022\/07\/saint-john-front-scaled.jpg?resize=1469%2C2048&amp;ssl=1 1469w, https:\/\/i0.wp.com\/portugalizar.com\/wp-content\/uploads\/2022\/07\/saint-john-front-scaled.jpg?resize=9%2C12&amp;ssl=1 9w\" sizes=\"(max-width: 950px) 100vw, 950px\" \/><\/figure>\n\n\n\n<figure class=\"wp-block-image size-large\"><img data-recalc-dims=\"1\" loading=\"lazy\" decoding=\"async\" width=\"950\" height=\"1267\" data-id=\"2031\" src=\"https:\/\/i0.wp.com\/portugalizar.com\/wp-content\/uploads\/2022\/07\/saint-john-back-scaled.jpg?resize=950%2C1267&#038;ssl=1\" alt=\"\" class=\"wp-image-2031\" srcset=\"https:\/\/i0.wp.com\/portugalizar.com\/wp-content\/uploads\/2022\/07\/saint-john-back-scaled.jpg?w=1920&amp;ssl=1 1920w, https:\/\/i0.wp.com\/portugalizar.com\/wp-content\/uploads\/2022\/07\/saint-john-back-scaled.jpg?resize=225%2C300&amp;ssl=1 225w, https:\/\/i0.wp.com\/portugalizar.com\/wp-content\/uploads\/2022\/07\/saint-john-back-scaled.jpg?resize=768%2C1024&amp;ssl=1 768w, https:\/\/i0.wp.com\/portugalizar.com\/wp-content\/uploads\/2022\/07\/saint-john-back-scaled.jpg?resize=1152%2C1536&amp;ssl=1 1152w\" sizes=\"(max-width: 950px) 100vw, 950px\" \/><\/figure>\n<figcaption class=\"blocks-gallery-caption\"><strong>S\u00e3o Jo\u00e3o, aller et retour, dans le Jardim do Coreto<\/strong>.<\/figcaption><\/figure>\n\n\n\n<h2 class=\"wp-block-heading\">Des foules heureuses ont envahi les rues.<\/h2>\n\n\n\n<p>Les festivit\u00e9s se d\u00e9roulent chaque ann\u00e9e du 23 au 28 au soir. Chaque soir, vers 19 heures, les groupes commencent \u00e0 jouer. Les foules se rassemblent t\u00f4t. Il y a un vent d'anticipation dans l'air. On peut presque sentir et entendre le craquement de l'excitation. Tout le monde semble pr\u00eat \u00e0 faire la f\u00eate, \u00e0 se laisser aller et \u00e0 \u00eatre heureux.<\/p>\n\n\n\n<p>Et bien s\u00fbr, il y a eu beaucoup de tapage, c'est-\u00e0-dire de la bonne musique et beaucoup de danse. Les choses ont commenc\u00e9 avec <em>O Trio Vers\u00e1til<\/em>les trois gars photographi\u00e9s ci-dessous. Tout le monde est impatient de passer un bon moment et de se l\u00e2cher. Et <em>o Trio<\/em> n'a pas d\u00e9\u00e7u la foule.<\/p>\n\n\n\n<figure class=\"wp-block-image size-large\"><img data-recalc-dims=\"1\" loading=\"lazy\" decoding=\"async\" width=\"950\" height=\"533\" src=\"https:\/\/i0.wp.com\/portugalizar.com\/wp-content\/uploads\/2022\/07\/O-Trio-Versatil-Jardim-do-Coreto-23-de-Junho.jpg?resize=950%2C533&#038;ssl=1\" alt=\"\" class=\"wp-image-2033\" srcset=\"https:\/\/i0.wp.com\/portugalizar.com\/wp-content\/uploads\/2022\/07\/O-Trio-Versatil-Jardim-do-Coreto-23-de-Junho.jpg?resize=1024%2C574&amp;ssl=1 1024w, https:\/\/i0.wp.com\/portugalizar.com\/wp-content\/uploads\/2022\/07\/O-Trio-Versatil-Jardim-do-Coreto-23-de-Junho.jpg?resize=300%2C168&amp;ssl=1 300w, https:\/\/i0.wp.com\/portugalizar.com\/wp-content\/uploads\/2022\/07\/O-Trio-Versatil-Jardim-do-Coreto-23-de-Junho.jpg?resize=768%2C431&amp;ssl=1 768w, https:\/\/i0.wp.com\/portugalizar.com\/wp-content\/uploads\/2022\/07\/O-Trio-Versatil-Jardim-do-Coreto-23-de-Junho.jpg?resize=1536%2C862&amp;ssl=1 1536w, https:\/\/i0.wp.com\/portugalizar.com\/wp-content\/uploads\/2022\/07\/O-Trio-Versatil-Jardim-do-Coreto-23-de-Junho.jpg?resize=18%2C10&amp;ssl=1 18w, https:\/\/i0.wp.com\/portugalizar.com\/wp-content\/uploads\/2022\/07\/O-Trio-Versatil-Jardim-do-Coreto-23-de-Junho.jpg?w=1920&amp;ssl=1 1920w\" sizes=\"(max-width: 950px) 100vw, 950px\" \/><figcaption><strong>O Trio Vers\u00e1til, Jardim do Coreto, 23 de Junho 2022<\/strong><\/figcaption><\/figure>\n\n\n\n<p>J'ai post\u00e9 de courtes vid\u00e9os pour vous sur YouTube. Mais seulement si vous \u00eates int\u00e9ress\u00e9s. C'est le seul moyen que j'ai trouv\u00e9 pour vous faire participer aux festivit\u00e9s. Cette premi\u00e8re vid\u00e9o pr\u00e9sente <em>O Trio Vers\u00e1til<\/em>. Etant parmi les premiers, ils ont d\u00fb placer la barre haut. Et oui, ils ont travaill\u00e9 dur pour divertir la foule qui s'est rassembl\u00e9e dans <em>Jardim do Coreto<\/em> dans la soir\u00e9e du 23 juin. <\/p>\n\n\n\n<p>Ce que j'ai trouv\u00e9 vraiment amusant, divertissant, cependant, c'est la foule. Jeunes et vieux, Portugais et expatri\u00e9s, tout le monde. Profitant simplement de la vie. Dansant toute la nuit.<\/p>\n\n\n\n<p>Alors cliquez sur le petit bouton bleu juste ici <a href=\"https:\/\/youtu.be\/G00USVENdaE\" target=\"_blank\" rel=\"noreferrer noopener\">\u25b6\ufe0f<\/a> pour regarder cette premi\u00e8re vid\u00e9o. Mais seulement si vous \u00eates int\u00e9ress\u00e9. Et m\u00eame si vous pensez ne pas \u00eatre int\u00e9ress\u00e9. Allez-y. Cliquez sur ce petit bouton bleu. Qui sait, vous pourriez trouver quelque chose d'int\u00e9ressant. C'est un petit peu de voyeurisme sain. Et puis, regarder les gens \u00eatre heureux, profiter de plaisirs simples. Eh bien, cela pourrait vous rendre heureux aussi. Mais ne vous perdez pas sur YouTube. N'oubliez pas de revenir et de terminer ce billet !<\/p>\n\n\n\n<h2 class=\"wp-block-heading\">Le grand tirage de la nuit<\/h2>\n\n\n\n<p>Plus tard, \u00e0 minuit, est venu un \u00e9tonnant feu d'artifice. Mais certaines personnes m'ont dit que le feu d'artifice \u00e9tait un peu d\u00e9cevant cette ann\u00e9e. \"Ils avaient \u00e9t\u00e9 bien meilleurs par le pass\u00e9.\" J'ai trouv\u00e9 qu'ils \u00e9taient superbes. En particulier le point culminant, avec une cascade de lumi\u00e8re tombant du pont dans le Rio Gil\u00e3o. Dites-moi ce que vous en pensez !<\/p>\n\n\n\n<figure class=\"wp-block-image alignwide size-large\"><img data-recalc-dims=\"1\" loading=\"lazy\" decoding=\"async\" width=\"683\" height=\"1024\" src=\"https:\/\/i0.wp.com\/portugalizar.com\/wp-content\/uploads\/2022\/07\/fogo-de-artifico.jpg?resize=683%2C1024&#038;ssl=1\" alt=\"\" class=\"wp-image-2043\" srcset=\"https:\/\/i0.wp.com\/portugalizar.com\/wp-content\/uploads\/2022\/07\/fogo-de-artifico.jpg?resize=683%2C1024&amp;ssl=1 683w, https:\/\/i0.wp.com\/portugalizar.com\/wp-content\/uploads\/2022\/07\/fogo-de-artifico.jpg?resize=200%2C300&amp;ssl=1 200w, https:\/\/i0.wp.com\/portugalizar.com\/wp-content\/uploads\/2022\/07\/fogo-de-artifico.jpg?resize=768%2C1152&amp;ssl=1 768w, https:\/\/i0.wp.com\/portugalizar.com\/wp-content\/uploads\/2022\/07\/fogo-de-artifico.jpg?resize=1024%2C1536&amp;ssl=1 1024w, https:\/\/i0.wp.com\/portugalizar.com\/wp-content\/uploads\/2022\/07\/fogo-de-artifico.jpg?resize=8%2C12&amp;ssl=1 8w, https:\/\/i0.wp.com\/portugalizar.com\/wp-content\/uploads\/2022\/07\/fogo-de-artifico.jpg?w=1280&amp;ssl=1 1280w\" sizes=\"(max-width: 683px) 100vw, 683px\" \/><figcaption><strong>Os Fogos de Artif\u00edcio, Minuit le 23 de Junho 2022. (extrait du site web de Tavira)<\/strong><\/figcaption><\/figure>\n\n\n\n<p>Vous avez donc la photo ci-dessus. Magnifique, non ? Mais que diriez-vous d'une autre vid\u00e9o aussi ? Oui, vous l'avez. Un autre petit bouton bleu \u00e0 cliquer ! Cliquez ici <a href=\"https:\/\/youtu.be\/cbopqlR1Ms0\" target=\"_blank\" rel=\"noreferrer noopener\">\u25b6\ufe0f<\/a>! Mais comme je l'ai dit plus t\u00f4t, n'oubliez pas de revenir pour terminer le post.<\/p>\n\n\n\n<p>La soir\u00e9e suivante, le 24 juin, a \u00e9t\u00e9 marqu\u00e9e par une autre grande attraction. L'un des grands artistes contemporains du Portugal <em>fadistas<\/em>Gisela Jo\u00e3o, a donn\u00e9 un superbe concert sur la place centrale de la ville, <em>Pra\u00e7a de Liberdade<\/em>. Nous avons parl\u00e9 un peu de <em>Fado<\/em> dans un <a href=\"https:\/\/portugalizar.com\/fr\/weird-and-wild\/\" target=\"_blank\" rel=\"noreferrer noopener\">poste pr\u00e9c\u00e9dent<\/a>. <em>Une Senhora<\/em> Gisela n'est pas un vieux de la vieille <em>fadista<\/em>. Sa robe le montre bien, non ? J'adore la robe ! Fabuleuse ! Et <em>Fado<\/em>Le cin\u00e9ma, en tant que forme d'art, est en constante \u00e9volution. Ce n'est pas statique. Mais tr\u00e8s vivant et bien portant.<\/p>\n\n\n\n<figure class=\"wp-block-image size-large\"><img data-recalc-dims=\"1\" loading=\"lazy\" decoding=\"async\" width=\"950\" height=\"663\" src=\"https:\/\/i0.wp.com\/portugalizar.com\/wp-content\/uploads\/2022\/07\/Gisela-Joa%CC%83o-Prac%CC%A7a-de-Libertada-24-de-Junho-2023.jpg?resize=950%2C663&#038;ssl=1\" alt=\"\" class=\"wp-image-2049\" srcset=\"https:\/\/i0.wp.com\/portugalizar.com\/wp-content\/uploads\/2022\/07\/Gisela-Joa%CC%83o-Prac%CC%A7a-de-Libertada-24-de-Junho-2023.jpg?resize=1024%2C715&amp;ssl=1 1024w, https:\/\/i0.wp.com\/portugalizar.com\/wp-content\/uploads\/2022\/07\/Gisela-Joa%CC%83o-Prac%CC%A7a-de-Libertada-24-de-Junho-2023.jpg?resize=300%2C210&amp;ssl=1 300w, https:\/\/i0.wp.com\/portugalizar.com\/wp-content\/uploads\/2022\/07\/Gisela-Joa%CC%83o-Prac%CC%A7a-de-Libertada-24-de-Junho-2023.jpg?resize=768%2C536&amp;ssl=1 768w, https:\/\/i0.wp.com\/portugalizar.com\/wp-content\/uploads\/2022\/07\/Gisela-Joa%CC%83o-Prac%CC%A7a-de-Libertada-24-de-Junho-2023.jpg?resize=1536%2C1073&amp;ssl=1 1536w, https:\/\/i0.wp.com\/portugalizar.com\/wp-content\/uploads\/2022\/07\/Gisela-Joa%CC%83o-Prac%CC%A7a-de-Libertada-24-de-Junho-2023.jpg?resize=2048%2C1431&amp;ssl=1 2048w, https:\/\/i0.wp.com\/portugalizar.com\/wp-content\/uploads\/2022\/07\/Gisela-Joa%CC%83o-Prac%CC%A7a-de-Libertada-24-de-Junho-2023.jpg?resize=18%2C12&amp;ssl=1 18w, https:\/\/i0.wp.com\/portugalizar.com\/wp-content\/uploads\/2022\/07\/Gisela-Joa%CC%83o-Prac%CC%A7a-de-Libertada-24-de-Junho-2023.jpg?resize=2000%2C1397&amp;ssl=1 2000w, https:\/\/i0.wp.com\/portugalizar.com\/wp-content\/uploads\/2022\/07\/Gisela-Joa%CC%83o-Prac%CC%A7a-de-Libertada-24-de-Junho-2023.jpg?w=1900&amp;ssl=1 1900w\" sizes=\"(max-width: 950px) 100vw, 950px\" \/><figcaption><strong>A Gisela Jo\u00e3o, Pra\u00e7a de Liberdade, 24 de Junho 2022<\/strong><\/figcaption><\/figure>\n\n\n\n<p>Ecoutez. Oui, d\u00e9sol\u00e9, cela signifie un autre bouton bleu. Encore une fois, cela vaut la peine de cliquer pour un court \u00e9chantillon de <em>une Senhora Gisela<\/em>. Alors cliquez ici <a href=\"https:\/\/youtu.be\/LZgGGwdaYt8\" target=\"_blank\" rel=\"noreferrer noopener\">\u25b6\ufe0f<\/a>. Et n'oubliez pas de revenir. Vous me manquerez si vous ne revenez pas !<\/p>\n\n\n\n<h2 class=\"wp-block-heading\">Et il y a encore plus<\/h2>\n\n\n\n<p>Le concert de <em>une Senhora Gisela<\/em> c'\u00e9tait pour regarder. Bien s\u00fbr, les gens bougeaient et se balan\u00e7aient. Mais la danse \u00e9tait la responsabilit\u00e9 des groupes d'\u00e0 c\u00f4t\u00e9, dans... <em>Jardim do Coreto<\/em>. Cristiano Martins s'est produit le 24 juin. Il a fait danser la foule avec aisance et talent. Je pense qu'ils \u00e9taient pr\u00eats pour une autre nuit de bonheur et d'insouciance.<\/p>\n\n\n\n<figure class=\"wp-block-image size-large\"><img data-recalc-dims=\"1\" loading=\"lazy\" decoding=\"async\" width=\"950\" height=\"528\" src=\"https:\/\/i0.wp.com\/portugalizar.com\/wp-content\/uploads\/2022\/07\/Cristiano-Martins-%E2%80%94-24-de-Junho-2022.jpg?resize=950%2C528&#038;ssl=1\" alt=\"\" class=\"wp-image-2051\" srcset=\"https:\/\/i0.wp.com\/portugalizar.com\/wp-content\/uploads\/2022\/07\/Cristiano-Martins-%E2%80%94-24-de-Junho-2022.jpg?resize=1024%2C569&amp;ssl=1 1024w, https:\/\/i0.wp.com\/portugalizar.com\/wp-content\/uploads\/2022\/07\/Cristiano-Martins-%E2%80%94-24-de-Junho-2022.jpg?resize=300%2C167&amp;ssl=1 300w, https:\/\/i0.wp.com\/portugalizar.com\/wp-content\/uploads\/2022\/07\/Cristiano-Martins-%E2%80%94-24-de-Junho-2022.jpg?resize=768%2C427&amp;ssl=1 768w, https:\/\/i0.wp.com\/portugalizar.com\/wp-content\/uploads\/2022\/07\/Cristiano-Martins-%E2%80%94-24-de-Junho-2022.jpg?resize=1536%2C854&amp;ssl=1 1536w, https:\/\/i0.wp.com\/portugalizar.com\/wp-content\/uploads\/2022\/07\/Cristiano-Martins-%E2%80%94-24-de-Junho-2022.jpg?resize=2048%2C1139&amp;ssl=1 2048w, https:\/\/i0.wp.com\/portugalizar.com\/wp-content\/uploads\/2022\/07\/Cristiano-Martins-%E2%80%94-24-de-Junho-2022.jpg?resize=18%2C10&amp;ssl=1 18w, https:\/\/i0.wp.com\/portugalizar.com\/wp-content\/uploads\/2022\/07\/Cristiano-Martins-%E2%80%94-24-de-Junho-2022.jpg?resize=2000%2C1112&amp;ssl=1 2000w, https:\/\/i0.wp.com\/portugalizar.com\/wp-content\/uploads\/2022\/07\/Cristiano-Martins-%E2%80%94-24-de-Junho-2022.jpg?w=1900&amp;ssl=1 1900w\" sizes=\"(max-width: 950px) 100vw, 950px\" \/><figcaption><strong>Cristiano Martins, Jardim do Coreto, 24 de Junho 2022<\/strong><\/figcaption><\/figure>\n\n\n\n<p>Encore une fois, la musique \u00e9tait basique. Un bon rythme, r\u00e9p\u00e9titif et tr\u00e8s dansant. Et tout le monde a pass\u00e9 un bon moment. C'est la foule qui s'amuse qui est la plus amusante \u00e0 regarder pour moi. Alors allez-y, \u00e9coutez. Oups ! D\u00e9sol\u00e9, encore un bouton bleu \u00e0 cliquer. Mais allez-y, faites-le. Vous avez eu tellement d'entra\u00eenement. Cliquez ici <a href=\"https:\/\/youtu.be\/Fwo7X17ZxK0\" target=\"_blank\" rel=\"noreferrer noopener\">\u25b6\ufe0f<\/a>. Cette fois, vous n'avez pas \u00e0 revenir. Nous en avons fini pour cette semaine.<\/p>\n\n\n\n<p>At\u00e9 \u00e0 pr\u00f3xima quinta ! \/\/ On se voit jeudi prochain ! Et, au fait, vous vous en sortez bien cette semaine. Je n'ai pas eu \u00e0 philosopher, th\u00e9oriser ou autre. Ne comptez pas sur \u00e7a la semaine prochaine. \ud83d\ude07<\/p>","protected":false},"excerpt":{"rendered":"<p>Apr\u00e8s presque trois ans de lockdowns. Apr\u00e8s de nombreuses vacances annul\u00e9es et des c\u00e9l\u00e9brations report\u00e9es. Eh bien, Tavira a repris vie avec les c\u00e9l\u00e9brations jumelles de la f\u00eate de la ville et de la f\u00eate de S\u00e3o Jo\u00e3o. Une grande f\u00eate d'une semaine qui m\u00e8ne \u00e0 toutes les festivit\u00e9s de l'\u00e9t\u00e9. Lire la suite... <\/p>","protected":false},"author":1,"featured_media":1906,"comment_status":"open","ping_status":"closed","sticky":false,"template":"","format":"standard","meta":{"nf_dc_page":"","om_disable_all_campaigns":false,"_monsterinsights_skip_tracking":false,"_monsterinsights_sitenote_active":false,"_monsterinsights_sitenote_note":"","_monsterinsights_sitenote_category":0,"_themeisle_gutenberg_block_has_review":false,"_jetpack_memberships_contains_paid_content":false,"footnotes":""},"categories":[8,9,10],"tags":[],"class_list":["post-1902","post","type-post","status-publish","format-standard","has-post-thumbnail","hentry","category-culture-customs","category-history","category-place"],"yoast_head":"<!-- This site is optimized with the Yoast SEO plugin v27.4 - https:\/\/yoast.com\/product\/yoast-seo-wordpress\/ -->\n<title>HAPPY DAYS ARE HERE AGAIN! A SPECIAL EDITION - PORTUGALIZAR<\/title>\n<meta name=\"description\" content=\"Tavira kicks off summer in grand style. Covid of course kiboshed all festivities for two years. But now happy days are here again.\" \/>\n<meta name=\"robots\" content=\"index, follow, max-snippet:-1, max-image-preview:large, max-video-preview:-1\" \/>\n<link rel=\"canonical\" href=\"https:\/\/portugalizar.com\/fr\/happy-days-are-here-again\/\" \/>\n<meta property=\"og:locale\" content=\"fr_FR\" \/>\n<meta property=\"og:type\" content=\"article\" \/>\n<meta property=\"og:title\" content=\"HAPPY DAYS ARE HERE AGAIN! A SPECIAL EDITION - PORTUGALIZAR\" \/>\n<meta property=\"og:description\" content=\"Tavira kicks off summer in grand style. Covid of course kiboshed all festivities for two years. But now happy days are here again.\" \/>\n<meta property=\"og:url\" content=\"https:\/\/portugalizar.com\/fr\/happy-days-are-here-again\/\" \/>\n<meta property=\"og:site_name\" content=\"PORTUGALIZAR\" \/>\n<meta property=\"article:published_time\" content=\"2022-07-14T04:00:00+00:00\" \/>\n<meta property=\"article:modified_time\" content=\"2022-07-14T16:53:03+00:00\" \/>\n<meta property=\"og:image\" content=\"https:\/\/portugalizar.com\/wp-content\/uploads\/2022\/06\/Document.jpeg\" \/>\n\t<meta property=\"og:image:width\" content=\"1300\" \/>\n\t<meta property=\"og:image:height\" content=\"309\" \/>\n\t<meta property=\"og:image:type\" content=\"image\/jpeg\" \/>\n<meta name=\"author\" content=\"Gui\" \/>\n<meta name=\"twitter:card\" content=\"summary_large_image\" \/>\n<meta name=\"twitter:label1\" content=\"\u00c9crit par\" \/>\n\t<meta name=\"twitter:data1\" content=\"Gui\" \/>\n\t<meta name=\"twitter:label2\" content=\"Dur\u00e9e de lecture estim\u00e9e\" \/>\n\t<meta name=\"twitter:data2\" content=\"10 minutes\" \/>\n<script type=\"application\/ld+json\" class=\"yoast-schema-graph\">{\"@context\":\"https:\\\/\\\/schema.org\",\"@graph\":[{\"@type\":\"Article\",\"@id\":\"https:\\\/\\\/portugalizar.com\\\/happy-days-are-here-again\\\/#article\",\"isPartOf\":{\"@id\":\"https:\\\/\\\/portugalizar.com\\\/happy-days-are-here-again\\\/\"},\"author\":{\"name\":\"Gui\",\"@id\":\"https:\\\/\\\/portugalizar.com\\\/#\\\/schema\\\/person\\\/1f60af48f39895b897e26d9d92ecf6db\"},\"headline\":\"HAPPY DAYS ARE HERE AGAIN! A SPECIAL EDITION\",\"datePublished\":\"2022-07-14T04:00:00+00:00\",\"dateModified\":\"2022-07-14T16:53:03+00:00\",\"mainEntityOfPage\":{\"@id\":\"https:\\\/\\\/portugalizar.com\\\/happy-days-are-here-again\\\/\"},\"wordCount\":1660,\"commentCount\":6,\"publisher\":{\"@id\":\"https:\\\/\\\/portugalizar.com\\\/#organization\"},\"image\":{\"@id\":\"https:\\\/\\\/portugalizar.com\\\/happy-days-are-here-again\\\/#primaryimage\"},\"thumbnailUrl\":\"https:\\\/\\\/i0.wp.com\\\/portugalizar.com\\\/wp-content\\\/uploads\\\/2022\\\/06\\\/Document.jpeg?fit=1300%2C309&ssl=1\",\"articleSection\":[\"Culture &amp; Customs\",\"History\",\"Place\"],\"inLanguage\":\"fr-FR\",\"potentialAction\":[{\"@type\":\"CommentAction\",\"name\":\"Comment\",\"target\":[\"https:\\\/\\\/portugalizar.com\\\/happy-days-are-here-again\\\/#respond\"]}]},{\"@type\":\"WebPage\",\"@id\":\"https:\\\/\\\/portugalizar.com\\\/happy-days-are-here-again\\\/\",\"url\":\"https:\\\/\\\/portugalizar.com\\\/happy-days-are-here-again\\\/\",\"name\":\"HAPPY DAYS ARE HERE AGAIN! A SPECIAL EDITION - PORTUGALIZAR\",\"isPartOf\":{\"@id\":\"https:\\\/\\\/portugalizar.com\\\/#website\"},\"primaryImageOfPage\":{\"@id\":\"https:\\\/\\\/portugalizar.com\\\/happy-days-are-here-again\\\/#primaryimage\"},\"image\":{\"@id\":\"https:\\\/\\\/portugalizar.com\\\/happy-days-are-here-again\\\/#primaryimage\"},\"thumbnailUrl\":\"https:\\\/\\\/i0.wp.com\\\/portugalizar.com\\\/wp-content\\\/uploads\\\/2022\\\/06\\\/Document.jpeg?fit=1300%2C309&ssl=1\",\"datePublished\":\"2022-07-14T04:00:00+00:00\",\"dateModified\":\"2022-07-14T16:53:03+00:00\",\"description\":\"Tavira kicks off summer in grand style. Covid of course kiboshed all festivities for two years. But now happy days are here again.\",\"breadcrumb\":{\"@id\":\"https:\\\/\\\/portugalizar.com\\\/happy-days-are-here-again\\\/#breadcrumb\"},\"inLanguage\":\"fr-FR\",\"potentialAction\":[{\"@type\":\"ReadAction\",\"target\":[\"https:\\\/\\\/portugalizar.com\\\/happy-days-are-here-again\\\/\"]}]},{\"@type\":\"ImageObject\",\"inLanguage\":\"fr-FR\",\"@id\":\"https:\\\/\\\/portugalizar.com\\\/happy-days-are-here-again\\\/#primaryimage\",\"url\":\"https:\\\/\\\/i0.wp.com\\\/portugalizar.com\\\/wp-content\\\/uploads\\\/2022\\\/06\\\/Document.jpeg?fit=1300%2C309&ssl=1\",\"contentUrl\":\"https:\\\/\\\/i0.wp.com\\\/portugalizar.com\\\/wp-content\\\/uploads\\\/2022\\\/06\\\/Document.jpeg?fit=1300%2C309&ssl=1\",\"width\":1300,\"height\":309},{\"@type\":\"BreadcrumbList\",\"@id\":\"https:\\\/\\\/portugalizar.com\\\/happy-days-are-here-again\\\/#breadcrumb\",\"itemListElement\":[{\"@type\":\"ListItem\",\"position\":1,\"name\":\"Home\",\"item\":\"https:\\\/\\\/portugalizar.com\\\/\"},{\"@type\":\"ListItem\",\"position\":2,\"name\":\"HAPPY DAYS ARE HERE AGAIN! A SPECIAL EDITION\"}]},{\"@type\":\"WebSite\",\"@id\":\"https:\\\/\\\/portugalizar.com\\\/#website\",\"url\":\"https:\\\/\\\/portugalizar.com\\\/\",\"name\":\"PORTUGALIZAR\",\"description\":\"\",\"publisher\":{\"@id\":\"https:\\\/\\\/portugalizar.com\\\/#organization\"},\"potentialAction\":[{\"@type\":\"SearchAction\",\"target\":{\"@type\":\"EntryPoint\",\"urlTemplate\":\"https:\\\/\\\/portugalizar.com\\\/?s={search_term_string}\"},\"query-input\":{\"@type\":\"PropertyValueSpecification\",\"valueRequired\":true,\"valueName\":\"search_term_string\"}}],\"inLanguage\":\"fr-FR\"},{\"@type\":\"Organization\",\"@id\":\"https:\\\/\\\/portugalizar.com\\\/#organization\",\"name\":\"PORTUGALIZAR\",\"url\":\"https:\\\/\\\/portugalizar.com\\\/\",\"logo\":{\"@type\":\"ImageObject\",\"inLanguage\":\"fr-FR\",\"@id\":\"https:\\\/\\\/portugalizar.com\\\/#\\\/schema\\\/logo\\\/image\\\/\",\"url\":\"\",\"contentUrl\":\"\",\"caption\":\"PORTUGALIZAR\"},\"image\":{\"@id\":\"https:\\\/\\\/portugalizar.com\\\/#\\\/schema\\\/logo\\\/image\\\/\"}},{\"@type\":\"Person\",\"@id\":\"https:\\\/\\\/portugalizar.com\\\/#\\\/schema\\\/person\\\/1f60af48f39895b897e26d9d92ecf6db\",\"name\":\"Gui\",\"image\":{\"@type\":\"ImageObject\",\"inLanguage\":\"fr-FR\",\"@id\":\"https:\\\/\\\/secure.gravatar.com\\\/avatar\\\/0bef00a699e73fc60016c16a6f44683b2a027bb1b48a4b3973732af4cc636712?s=96&d=mm&r=g\",\"url\":\"https:\\\/\\\/secure.gravatar.com\\\/avatar\\\/0bef00a699e73fc60016c16a6f44683b2a027bb1b48a4b3973732af4cc636712?s=96&d=mm&r=g\",\"contentUrl\":\"https:\\\/\\\/secure.gravatar.com\\\/avatar\\\/0bef00a699e73fc60016c16a6f44683b2a027bb1b48a4b3973732af4cc636712?s=96&d=mm&r=g\",\"caption\":\"Gui\"},\"url\":\"https:\\\/\\\/portugalizar.com\\\/fr\\\/author\\\/spestheonlyone\\\/\"}]}<\/script>\n<!-- \/ Yoast SEO plugin. -->","yoast_head_json":{"title":"HAPPY DAYS ARE HERE AGAIN! A SPECIAL EDITION - PORTUGALIZAR","description":"Tavira kicks off summer in grand style. Covid of course kiboshed all festivities for two years. But now happy days are here again.","robots":{"index":"index","follow":"follow","max-snippet":"max-snippet:-1","max-image-preview":"max-image-preview:large","max-video-preview":"max-video-preview:-1"},"canonical":"https:\/\/portugalizar.com\/fr\/happy-days-are-here-again\/","og_locale":"fr_FR","og_type":"article","og_title":"HAPPY DAYS ARE HERE AGAIN! A SPECIAL EDITION - PORTUGALIZAR","og_description":"Tavira kicks off summer in grand style. Covid of course kiboshed all festivities for two years. But now happy days are here again.","og_url":"https:\/\/portugalizar.com\/fr\/happy-days-are-here-again\/","og_site_name":"PORTUGALIZAR","article_published_time":"2022-07-14T04:00:00+00:00","article_modified_time":"2022-07-14T16:53:03+00:00","og_image":[{"width":1300,"height":309,"url":"https:\/\/portugalizar.com\/wp-content\/uploads\/2022\/06\/Document.jpeg","type":"image\/jpeg"}],"author":"Gui","twitter_card":"summary_large_image","twitter_misc":{"\u00c9crit par":"Gui","Dur\u00e9e de lecture estim\u00e9e":"10 minutes"},"schema":{"@context":"https:\/\/schema.org","@graph":[{"@type":"Article","@id":"https:\/\/portugalizar.com\/happy-days-are-here-again\/#article","isPartOf":{"@id":"https:\/\/portugalizar.com\/happy-days-are-here-again\/"},"author":{"name":"Gui","@id":"https:\/\/portugalizar.com\/#\/schema\/person\/1f60af48f39895b897e26d9d92ecf6db"},"headline":"HAPPY DAYS ARE HERE AGAIN! A SPECIAL EDITION","datePublished":"2022-07-14T04:00:00+00:00","dateModified":"2022-07-14T16:53:03+00:00","mainEntityOfPage":{"@id":"https:\/\/portugalizar.com\/happy-days-are-here-again\/"},"wordCount":1660,"commentCount":6,"publisher":{"@id":"https:\/\/portugalizar.com\/#organization"},"image":{"@id":"https:\/\/portugalizar.com\/happy-days-are-here-again\/#primaryimage"},"thumbnailUrl":"https:\/\/i0.wp.com\/portugalizar.com\/wp-content\/uploads\/2022\/06\/Document.jpeg?fit=1300%2C309&ssl=1","articleSection":["Culture &amp; Customs","History","Place"],"inLanguage":"fr-FR","potentialAction":[{"@type":"CommentAction","name":"Comment","target":["https:\/\/portugalizar.com\/happy-days-are-here-again\/#respond"]}]},{"@type":"WebPage","@id":"https:\/\/portugalizar.com\/happy-days-are-here-again\/","url":"https:\/\/portugalizar.com\/happy-days-are-here-again\/","name":"HAPPY DAYS ARE HERE AGAIN! A SPECIAL EDITION - PORTUGALIZAR","isPartOf":{"@id":"https:\/\/portugalizar.com\/#website"},"primaryImageOfPage":{"@id":"https:\/\/portugalizar.com\/happy-days-are-here-again\/#primaryimage"},"image":{"@id":"https:\/\/portugalizar.com\/happy-days-are-here-again\/#primaryimage"},"thumbnailUrl":"https:\/\/i0.wp.com\/portugalizar.com\/wp-content\/uploads\/2022\/06\/Document.jpeg?fit=1300%2C309&ssl=1","datePublished":"2022-07-14T04:00:00+00:00","dateModified":"2022-07-14T16:53:03+00:00","description":"Tavira kicks off summer in grand style. Covid of course kiboshed all festivities for two years. But now happy days are here again.","breadcrumb":{"@id":"https:\/\/portugalizar.com\/happy-days-are-here-again\/#breadcrumb"},"inLanguage":"fr-FR","potentialAction":[{"@type":"ReadAction","target":["https:\/\/portugalizar.com\/happy-days-are-here-again\/"]}]},{"@type":"ImageObject","inLanguage":"fr-FR","@id":"https:\/\/portugalizar.com\/happy-days-are-here-again\/#primaryimage","url":"https:\/\/i0.wp.com\/portugalizar.com\/wp-content\/uploads\/2022\/06\/Document.jpeg?fit=1300%2C309&ssl=1","contentUrl":"https:\/\/i0.wp.com\/portugalizar.com\/wp-content\/uploads\/2022\/06\/Document.jpeg?fit=1300%2C309&ssl=1","width":1300,"height":309},{"@type":"BreadcrumbList","@id":"https:\/\/portugalizar.com\/happy-days-are-here-again\/#breadcrumb","itemListElement":[{"@type":"ListItem","position":1,"name":"Home","item":"https:\/\/portugalizar.com\/"},{"@type":"ListItem","position":2,"name":"HAPPY DAYS ARE HERE AGAIN! A SPECIAL EDITION"}]},{"@type":"WebSite","@id":"https:\/\/portugalizar.com\/#website","url":"https:\/\/portugalizar.com\/","name":"PORTUGALISTE","description":"","publisher":{"@id":"https:\/\/portugalizar.com\/#organization"},"potentialAction":[{"@type":"SearchAction","target":{"@type":"EntryPoint","urlTemplate":"https:\/\/portugalizar.com\/?s={search_term_string}"},"query-input":{"@type":"PropertyValueSpecification","valueRequired":true,"valueName":"search_term_string"}}],"inLanguage":"fr-FR"},{"@type":"Organization","@id":"https:\/\/portugalizar.com\/#organization","name":"PORTUGALISTE","url":"https:\/\/portugalizar.com\/","logo":{"@type":"ImageObject","inLanguage":"fr-FR","@id":"https:\/\/portugalizar.com\/#\/schema\/logo\/image\/","url":"","contentUrl":"","caption":"PORTUGALIZAR"},"image":{"@id":"https:\/\/portugalizar.com\/#\/schema\/logo\/image\/"}},{"@type":"Person","@id":"https:\/\/portugalizar.com\/#\/schema\/person\/1f60af48f39895b897e26d9d92ecf6db","name":"Gui","image":{"@type":"ImageObject","inLanguage":"fr-FR","@id":"https:\/\/secure.gravatar.com\/avatar\/0bef00a699e73fc60016c16a6f44683b2a027bb1b48a4b3973732af4cc636712?s=96&d=mm&r=g","url":"https:\/\/secure.gravatar.com\/avatar\/0bef00a699e73fc60016c16a6f44683b2a027bb1b48a4b3973732af4cc636712?s=96&d=mm&r=g","contentUrl":"https:\/\/secure.gravatar.com\/avatar\/0bef00a699e73fc60016c16a6f44683b2a027bb1b48a4b3973732af4cc636712?s=96&d=mm&r=g","caption":"Gui"},"url":"https:\/\/portugalizar.com\/fr\/author\/spestheonlyone\/"}]}},"jetpack_featured_media_url":"https:\/\/i0.wp.com\/portugalizar.com\/wp-content\/uploads\/2022\/06\/Document.jpeg?fit=1300%2C309&ssl=1","jetpack-related-posts":[],"jetpack_sharing_enabled":true,"_links":{"self":[{"href":"https:\/\/portugalizar.com\/fr\/wp-json\/wp\/v2\/posts\/1902","targetHints":{"allow":["GET"]}}],"collection":[{"href":"https:\/\/portugalizar.com\/fr\/wp-json\/wp\/v2\/posts"}],"about":[{"href":"https:\/\/portugalizar.com\/fr\/wp-json\/wp\/v2\/types\/post"}],"author":[{"embeddable":true,"href":"https:\/\/portugalizar.com\/fr\/wp-json\/wp\/v2\/users\/1"}],"replies":[{"embeddable":true,"href":"https:\/\/portugalizar.com\/fr\/wp-json\/wp\/v2\/comments?post=1902"}],"version-history":[{"count":5,"href":"https:\/\/portugalizar.com\/fr\/wp-json\/wp\/v2\/posts\/1902\/revisions"}],"predecessor-version":[{"id":2068,"href":"https:\/\/portugalizar.com\/fr\/wp-json\/wp\/v2\/posts\/1902\/revisions\/2068"}],"wp:featuredmedia":[{"embeddable":true,"href":"https:\/\/portugalizar.com\/fr\/wp-json\/wp\/v2\/media\/1906"}],"wp:attachment":[{"href":"https:\/\/portugalizar.com\/fr\/wp-json\/wp\/v2\/media?parent=1902"}],"wp:term":[{"taxonomy":"category","embeddable":true,"href":"https:\/\/portugalizar.com\/fr\/wp-json\/wp\/v2\/categories?post=1902"},{"taxonomy":"post_tag","embeddable":true,"href":"https:\/\/portugalizar.com\/fr\/wp-json\/wp\/v2\/tags?post=1902"}],"curies":[{"name":"wp","href":"https:\/\/api.w.org\/{rel}","templated":true}]}}