{"id":1441,"date":"2022-06-23T04:00:00","date_gmt":"2022-06-23T04:00:00","guid":{"rendered":"https:\/\/portugalizar.com\/?p=1441"},"modified":"2022-06-23T09:54:49","modified_gmt":"2022-06-23T09:54:49","slug":"in-the-arms-of-joy","status":"publish","type":"post","link":"https:\/\/portugalizar.com\/fr\/in-the-arms-of-joy\/","title":{"rendered":"Dans les bras de la joie pour toute ma vie"},"content":{"rendered":"<p><em>Bonjour \u00e0 tous ! Et un grand bravo au Ver\u00e3o !<\/em> \/\/ Bonjour \u00e0 tous. Et bienvenue \u00e0 l'\u00e9t\u00e9 ! Ce n'est peut-\u00eatre pas le plus estival des posts. Mais les peintures que je vais partager avec vous aujourd'hui ont \u00e9t\u00e9 r\u00e9alis\u00e9es \u00e0 l'ext\u00e9rieur - comme disent les vrais artistes, <em>en plein air<\/em> - par le beau temps de Santa Luzia. Et mon sujet d'aujourd'hui, comme <a href=\"https:\/\/portugalizar.com\/fr\/?p=1117\" target=\"_blank\" rel=\"noreferrer noopener\">de la semaine derni\u00e8re<\/a>c'est la bonne vie. C'est-\u00e0-dire, vivre toute sa vie dans les bras de la joie ! Hmm ? Le plein air et la belle vie, eh bien, je suppose que cela dit l'\u00e9t\u00e9, n'est-ce pas ?<\/p>\n\n\n\n<p>Aujourd'hui, je partage quelques vignettes et portraits de personnes que j'ai rencontr\u00e9es ici. Elles sont issues de rencontres \u00e0 Santa Luzia. La premi\u00e8re concerne donc des personnes que je vois fr\u00e9quemment et que j'ai observ\u00e9es de pr\u00e8s. Mais la seconde concerne \u00e9galement un couple que j'ai appris \u00e0 conna\u00eetre un peu. Je vais d'abord partager leurs histoires. Puis j'essaierai de relier ces vignettes entre elles pour leur donner une certaine coh\u00e9rence. <\/p>\n\n\n\n<p>Au fait, j'ai d\u00e9tourn\u00e9 mon th\u00e8me d'aujourd'hui de l'un de mes po\u00e8tes pr\u00e9f\u00e9r\u00e9s, Mary Oliver. Son po\u00e8me, <a href=\"https:\/\/www.poeticous.com\/mary-oliver\/when-death-comes\" target=\"_blank\" rel=\"noreferrer noopener\">Quand la mort arrive<\/a>c'est tout ce que vous avez besoin de lire. Ne vous sentez pas oblig\u00e9 de lire davantage ici. Cliquez simplement sur le lien pr\u00e9c\u00e9dent. Oliver est un bien meilleur \u00e9crivain que moi. <\/p>\n\n\n\n<p>Si vous \u00eates toujours avec moi, allons-y. C'est l'\u00e9t\u00e9, apr\u00e8s tout. Nous avons tous mieux \u00e0 faire que de lire des articles de blog sur nos appareils. Du moins, je l'esp\u00e8re. Il y a tellement de vie \u00e0 vivre.<\/p>\n\n\n\n<h2 class=\"wp-block-heading\">Recueillir les petites joies de la vie<\/h2>\n\n\n\n<p>Mais, pour l'instant, dans cette premi\u00e8re vignette, c'est le printemps. Non, pas l'\u00e9t\u00e9. C'est le printemps. Les pluies d'hiver se terminent. Les champs et les cl\u00f4tures ont vir\u00e9 au vert. Et le bord de la route, c'est-\u00e0-dire les haies, ont aussi reverdi. Maintenant, la Terre enti\u00e8re est un festin de d\u00e9lices. Des escargots, <em>os carac\u00f3is<\/em>se gorgent des pousses tendres, des nouvelles feuilles sucr\u00e9es et des p\u00e9tales d\u00e9licats. Puis ces escargots deviennent un festin pour les oiseaux, les h\u00e9rissons et les crapauds.<\/p>\n\n\n\n<p>Et c'est le matin. Comme beaucoup de matins \u00e0 cette heure, je termine ma course. Parce que c'est le printemps, je ne suis pas seul sur les bords des haies. Je partage ces bords avec les \"glaneurs\". Les escargots sont aussi un festin pour ces \"glaneurs\". <\/p>\n\n\n\n<figure class=\"wp-block-image alignwide size-large\"><img data-recalc-dims=\"1\" fetchpriority=\"high\" decoding=\"async\" width=\"950\" height=\"708\" src=\"https:\/\/i0.wp.com\/portugalizar.com\/wp-content\/uploads\/2022\/06\/Os-apanhadores-de-caracois.jpg?resize=950%2C708&#038;ssl=1\" alt=\"\" class=\"wp-image-1652\" srcset=\"https:\/\/i0.wp.com\/portugalizar.com\/wp-content\/uploads\/2022\/06\/Os-apanhadores-de-caracois-scaled.jpg?resize=1024%2C763&amp;ssl=1 1024w, https:\/\/i0.wp.com\/portugalizar.com\/wp-content\/uploads\/2022\/06\/Os-apanhadores-de-caracois-scaled.jpg?resize=300%2C224&amp;ssl=1 300w, https:\/\/i0.wp.com\/portugalizar.com\/wp-content\/uploads\/2022\/06\/Os-apanhadores-de-caracois-scaled.jpg?resize=768%2C573&amp;ssl=1 768w, https:\/\/i0.wp.com\/portugalizar.com\/wp-content\/uploads\/2022\/06\/Os-apanhadores-de-caracois-scaled.jpg?resize=1536%2C1145&amp;ssl=1 1536w, https:\/\/i0.wp.com\/portugalizar.com\/wp-content\/uploads\/2022\/06\/Os-apanhadores-de-caracois-scaled.jpg?resize=2048%2C1527&amp;ssl=1 2048w, https:\/\/i0.wp.com\/portugalizar.com\/wp-content\/uploads\/2022\/06\/Os-apanhadores-de-caracois-scaled.jpg?resize=16%2C12&amp;ssl=1 16w, https:\/\/i0.wp.com\/portugalizar.com\/wp-content\/uploads\/2022\/06\/Os-apanhadores-de-caracois-scaled.jpg?resize=2000%2C1491&amp;ssl=1 2000w, https:\/\/i0.wp.com\/portugalizar.com\/wp-content\/uploads\/2022\/06\/Os-apanhadores-de-caracois-scaled.jpg?w=1900&amp;ssl=1 1900w\" sizes=\"(max-width: 950px) 100vw, 950px\" \/><figcaption><strong>\"Os apanhadores de carac\u00f3is\", 2021<\/strong><\/figcaption><\/figure>\n\n\n\n<p>Le portugais ne semble pas avoir de mot qui traduise pr\u00e9cis\u00e9ment \"glaneurs\" ou le verbe \"glaner\". Il existe <em>os apanhadores<\/em>c'est-\u00e0-dire \"les attrapeurs\" ou \"les cueilleurs\". Et il y a <em>os colecionadores<\/em>ou \"les collecteurs\". Ni l'un ni l'autre ne semble rendre le v\u00e9ritable sens du mot \"glaner\".<\/p>\n\n\n\n<p>\"To glean\" vient en anglais du fran\u00e7ais normand. Dans la France f\u00e9odale, mais surtout dans la France post-r\u00e9volutionnaire, les gens ordinaires avaient un droit particulier. Ils pouvaient entrer dans la propri\u00e9t\u00e9 des gros bonnets et prendre les restes de la r\u00e9colte. Ce qu'ils trouvaient \u00e9tait \u00e0 eux. Ce qu'ils trouvaient, c'\u00e9tait toujours des petits bouts, des restes, des rebuts. Mais ils \u00e9taient \u00e0 eux. Et bien que petits, ils compl\u00e9taient et augmentaient leur alimentation.<\/p>\n\n\n\n<p>En anglais, du moins, \"glean\" signifie \u00e9galement que les plus petits d\u00e9tails sont importants. Autrement dit, les petits d\u00e9tails, si vous les voyez, vous r\u00e9servent des surprises. Si vous pr\u00eatez une attention particuli\u00e8re \u00e0 ce qui vous entoure, de nouvelles d\u00e9couvertes peuvent en r\u00e9sulter. Et ce sera probablement le cas. Par exemple, \"la chercheuse a fait sa d\u00e9couverte \u00e0 partir d'une donn\u00e9e pr\u00e9c\u00e9demment n\u00e9glig\u00e9e\".<\/p>\n\n\n\n<h2 class=\"wp-block-heading\">Escargots : Une vraie joie dans la vie, armes ou pas<\/h2>\n\n\n\n<p>Le portugais n'a peut-\u00eatre pas de mot pr\u00e9cis pour le d\u00e9signer. Mais les Portugais, eux, comprennent parfaitement \"glaner\". C'est-\u00e0-dire, entourer de ses bras les joies simples et les petits plaisirs de la vie. Et s'y accrocher fermement. <\/p>\n\n\n\n<p>Les escargots sont aux Portugais ce que les chips grasses sont aux Am\u00e9ricains. Ils sont un plaisir coupable. Bien qu'ils soient peut-\u00eatre plus sains car ils sont remplis de prot\u00e9ines, de fer et de vitamine A. Mais ils sont \u00e9galement pauvres en graisses, \u00e0 l'exception de l'\u00e9paisse couche de beurre. <\/p>\n\n\n\n<p>Les glaneurs d'escargots suivent ici une ancienne tradition de printemps. Ils ramassent leurs escargots chaque matin, juste apr\u00e8s le lever du soleil, dans la fra\u00eecheur de l'humidit\u00e9. Les escargots sont l\u00e0 pour se nourrir. Les glaneurs sont l\u00e0 pour faire un festin.<\/p>\n\n\n\n<p>De retour chez eux, ils cr\u00e9ent un festin de souvenirs. Avec des g\u00e9n\u00e9rations r\u00e9unies autour de la table. Un tas de d\u00e9lices \u00e0 l'ail et au beurre tr\u00f4ne au centre. Avec des miches de pain frais \u00e0 tremper. Et du vin, oui, bien s\u00fbr du vin. C'est l'une des joies les plus pures de la vie. La vie dans les bras de la joie. Le dur labeur c\u00e8de la place au plaisir partag\u00e9.<\/p>\n\n\n\n<h2 class=\"wp-block-heading\">Et, bien s\u00fbr, <em>Alegrias de Viver !<\/em><\/h2>\n\n\n\n<p>En avant donc. Patr\u00edcia et Ant\u00f3nio ont poss\u00e9d\u00e9 un petit <em>quinta<\/em>Ils sont ensemble depuis environ 20 ans, c'est-\u00e0-dire dans une ferme. Ils cultivent des olives, des grenades, des amandes et des l\u00e9gumes. Ils \u00e9l\u00e8vent des poulets. Ils g\u00e8rent un b&amp;b de neuf chambres. Ils ont cinq chiens et prennent \u00e9galement des chiens en pension pour d'autres. Nous les connaissons gr\u00e2ce \u00e0 ces derniers. Tucker et Saga les adorent. C'est ainsi que je mesure la qualit\u00e9 d'une personne. Ce sont des gens cinq \u00e9toiles (\u2b51\u2b51\u2b51\u2b51\u2b51).<\/p>\n\n\n\n<p>Le site <em>quinta<\/em> a elle-m\u00eame une belle histoire. La maison \u00e9tait un cadeau de mariage de l'arri\u00e8re-grand-p\u00e8re d'Ant\u00f3nio, Costa, \u00e0 la grand-m\u00e8re d'Ant\u00f3nio, Am\u00e9lia. Ant\u00f3nio et tous ses cousins y ont pass\u00e9 les \u00e9t\u00e9s de leur jeunesse. Puis un incendie a d\u00e9truit en grande partie la maison. Pendant trois d\u00e9cennies, ce n'\u00e9tait qu'une ruine. En 2013, Patr\u00edcia et Ant\u00f3nio ont termin\u00e9 sa restauration compl\u00e8te et sa modernisation. Ils ont cr\u00e9\u00e9 leur vie ensemble dans les bras de la joie.<\/p>\n\n\n\n<figure class=\"wp-block-image alignwide size-large\"><img data-recalc-dims=\"1\" decoding=\"async\" width=\"950\" height=\"743\" src=\"https:\/\/i0.wp.com\/portugalizar.com\/wp-content\/uploads\/2022\/06\/Os-colecionadores-de-alegrias-de-viver.jpg?resize=950%2C743&#038;ssl=1\" alt=\"\" class=\"wp-image-1656\" srcset=\"https:\/\/i0.wp.com\/portugalizar.com\/wp-content\/uploads\/2022\/06\/Os-colecionadores-de-alegrias-de-viver-scaled.jpg?resize=1024%2C801&amp;ssl=1 1024w, https:\/\/i0.wp.com\/portugalizar.com\/wp-content\/uploads\/2022\/06\/Os-colecionadores-de-alegrias-de-viver-scaled.jpg?resize=300%2C235&amp;ssl=1 300w, https:\/\/i0.wp.com\/portugalizar.com\/wp-content\/uploads\/2022\/06\/Os-colecionadores-de-alegrias-de-viver-scaled.jpg?resize=768%2C601&amp;ssl=1 768w, https:\/\/i0.wp.com\/portugalizar.com\/wp-content\/uploads\/2022\/06\/Os-colecionadores-de-alegrias-de-viver-scaled.jpg?resize=1536%2C1202&amp;ssl=1 1536w, https:\/\/i0.wp.com\/portugalizar.com\/wp-content\/uploads\/2022\/06\/Os-colecionadores-de-alegrias-de-viver-scaled.jpg?resize=2048%2C1602&amp;ssl=1 2048w, https:\/\/i0.wp.com\/portugalizar.com\/wp-content\/uploads\/2022\/06\/Os-colecionadores-de-alegrias-de-viver-scaled.jpg?resize=15%2C12&amp;ssl=1 15w, https:\/\/i0.wp.com\/portugalizar.com\/wp-content\/uploads\/2022\/06\/Os-colecionadores-de-alegrias-de-viver-scaled.jpg?resize=2000%2C1565&amp;ssl=1 2000w, https:\/\/i0.wp.com\/portugalizar.com\/wp-content\/uploads\/2022\/06\/Os-colecionadores-de-alegrias-de-viver-scaled.jpg?w=1900&amp;ssl=1 1900w\" sizes=\"(max-width: 950px) 100vw, 950px\" \/><figcaption><strong>\"Os colecionadores de alegrias de viver\", 2022<\/strong><\/figcaption><\/figure>\n\n\n\n<p>Mais la vie nous envoie des balles courbes. Nous n'avons pas d'autre choix que de les attraper. Notre choix vient quand la balle atterrit dans notre gant. Que faire ensuite ? Patr\u00edcia et Ant\u00f3nio ont attrap\u00e9 la leur. Le site <em>quinta<\/em> est important. La fondation de la vie qu'ils ont faite ensemble. Mais maintenant, avec cette balle courbe en main, la <em>quinta<\/em> se met en travers du chemin. Une nouvelle vie vous attend dans les bras de la joie.<\/p>\n\n\n\n<h2 class=\"wp-block-heading\">Prenez le virage \u00e0 toute allure, puis saisissez la vie \u00e0 bras-le-corps.<\/h2>\n\n\n\n<p>Patr\u00edcia et Ant\u00f3nio ont vendu <em>la quinta de l'Av\u00f3 Am\u00e9lia<\/em>. Ils vont nous manquer, surtout Tucker et Saga. Ils construisent une nouvelle maison et une nouvelle vie \u00e0 environ 240 km au nord-est de Santa Luzia. Ils accueilleront toujours des invit\u00e9s et des chiots, mais sans les autres intrusions qui peuvent g\u00e2cher la collecte des joies de la vie. Leur r\u00eave est d'avoir un peu plus de temps. Du temps pour s'asseoir sous les \u00e9toiles, au coin du feu, un verre de vin \u00e0 la main, la main de l'autre dans l'autre main. Vivre chaque instant, chaque heure, chaque jour. <em>Parab\u00e9ns e boa sorte os meus amigos !<\/em><\/p>\n\n\n\n<p>Au printemps 2020, je suis sorti pour une promenade solitaire sans mon iPhone. Les deux, quelque chose de rare. Dans les hautes herbes, j'ai remarqu\u00e9 un pissenlit. Il \u00e9tait devenu une graine scintillante et vaporeuse. Parce que je suis un peu fou, je me suis mis par terre devant lui. Parce que je voulais et j'avais besoin de tout absorber. Pour me souvenir. Comme j'\u00e9tais prostr\u00e9 sur le ventre et la poitrine. La t\u00eate relev\u00e9e. Une brise douce et l\u00e9g\u00e8re a expir\u00e9. En un instant, chaque graine scintillante \u00e9tait en l'air. En route vers de nouveaux avenirs.<\/p>\n\n\n\n<figure class=\"wp-block-image alignwide size-large\"><img data-recalc-dims=\"1\" decoding=\"async\" width=\"950\" height=\"760\" src=\"https:\/\/i0.wp.com\/portugalizar.com\/wp-content\/uploads\/2022\/06\/51F398C5-E3F1-466E-BB48-BDC937C46D21.jpeg?resize=950%2C760&#038;ssl=1\" alt=\"\" class=\"wp-image-1477\" srcset=\"https:\/\/i0.wp.com\/portugalizar.com\/wp-content\/uploads\/2022\/06\/51F398C5-E3F1-466E-BB48-BDC937C46D21-scaled.jpeg?resize=1024%2C819&amp;ssl=1 1024w, https:\/\/i0.wp.com\/portugalizar.com\/wp-content\/uploads\/2022\/06\/51F398C5-E3F1-466E-BB48-BDC937C46D21-scaled.jpeg?resize=300%2C240&amp;ssl=1 300w, https:\/\/i0.wp.com\/portugalizar.com\/wp-content\/uploads\/2022\/06\/51F398C5-E3F1-466E-BB48-BDC937C46D21-scaled.jpeg?resize=768%2C614&amp;ssl=1 768w, https:\/\/i0.wp.com\/portugalizar.com\/wp-content\/uploads\/2022\/06\/51F398C5-E3F1-466E-BB48-BDC937C46D21-scaled.jpeg?resize=1536%2C1229&amp;ssl=1 1536w, https:\/\/i0.wp.com\/portugalizar.com\/wp-content\/uploads\/2022\/06\/51F398C5-E3F1-466E-BB48-BDC937C46D21-scaled.jpeg?resize=2048%2C1638&amp;ssl=1 2048w, https:\/\/i0.wp.com\/portugalizar.com\/wp-content\/uploads\/2022\/06\/51F398C5-E3F1-466E-BB48-BDC937C46D21-scaled.jpeg?resize=15%2C12&amp;ssl=1 15w, https:\/\/i0.wp.com\/portugalizar.com\/wp-content\/uploads\/2022\/06\/51F398C5-E3F1-466E-BB48-BDC937C46D21-scaled.jpeg?w=1900&amp;ssl=1 1900w\" sizes=\"(max-width: 950px) 100vw, 950px\" \/><figcaption><strong>\"Os Murm\u00farios\", 2020<\/strong><\/figcaption><\/figure>\n\n\n\n<p>Comme ces graines plumeuses port\u00e9es par un souffle l\u00e9ger. Et s'en vont vers de nouveaux avenirs. Ainsi nos vies sont n\u00e9es et port\u00e9es par les balles courbes. Maintenant, je m\u00e9lange les m\u00e9taphores. Une page se tourne. C'est \u00e0 nous d'\u00e9crire le chapitre suivant. <\/p>\n\n\n\n<h2 class=\"wp-block-heading\">\u00c9crire le prochain chapitre<\/h2>\n\n\n\n<p>Comme toute bonne \u00e9criture, \u00e9crire une bonne vie a quelques r\u00e8gles. Pas beaucoup, mais certaines. J'ai d\u00e9couvert quelques r\u00e8gles \u00e0 travers ces deux rencontres. <\/p>\n\n\n\n<p>De mes glaneurs. Les souvenirs que j'ai envie de conserver le plus longtemps sont rares et durement gagn\u00e9s. Et partag\u00e9s avec beaucoup, beaucoup d'autres personnes. Gardez-les car ils sont tous riches, doux et d\u00e9licieux. Tous les autres souvenirs. Ceux des coups et blessures, des frondes et des fl\u00e8ches. Peut-\u00eatre, comme je le constate, est-il pr\u00e9f\u00e9rable de ne pas les inclure dans le prochain chapitre. Ils ne m\u00e9ritent m\u00eame pas d'\u00eatre inclus dans le dernier. Si j'\u00e9tais un meilleur \u00e9diteur, eh bien, ils n'auraient pas \u00e9t\u00e9 l\u00e0.<\/p>\n\n\n\n<p>Je suis reconnaissant \u00e0 Patr\u00edcia et Ant\u00f3nio de m'avoir rappel\u00e9 les rebondissements. Ces balles courbes. Elles sont incroyablement difficiles \u00e0 attraper, et \u00e0 \u00e9crire. Maudits soient ces m\u00e9langes de m\u00e9taphores ! Mais mes rebondissements m'ont amen\u00e9 au Portugal. Et je suis incroyablement reconnaissant d'\u00e9crire mon prochain chapitre ici. Il se peut que ce soit mon meilleur. Du moins, j'essaierai de faire en sorte que ce soit le cas. Nous verrons bien une fois que nous aurons atteint ma derni\u00e8re page.<\/p>\n\n\n\n<h2 class=\"wp-block-heading\">Ce que signifie vraiment \"la vie dans les bras de la joie\"...<\/h2>\n\n\n\n<p>Ecoutez ci-dessous le <a href=\"https:\/\/playbill.com\/article\/cabaret-singer-nancy-lamott-dies-at-43-com-67618\" target=\"_blank\" rel=\"noreferrer noopener\">Nancy Lamont<\/a> si vous souhaitez le d\u00e9couvrir. Comme Mary Oliver, elle le savait parce qu'elle l'a v\u00e9cu, c'est-\u00e0-dire toute sa vie dans les bras de la joie. Chaque instant...<\/p>\n\n\n\n<figure class=\"wp-block-embed alignwide is-type-video is-provider-youtube wp-block-embed-youtube wp-embed-aspect-16-9 wp-has-aspect-ratio\"><div class=\"wp-block-embed__wrapper\">\n<iframe title=\"Nancy LaMott - Nous vivons sur un temps emprunt\u00e9\" width=\"950\" height=\"534\" src=\"https:\/\/www.youtube.com\/embed\/jkRxX1C4Cuc?feature=oembed\" frameborder=\"0\" allow=\"accelerometer; autoplay; clipboard-write; encrypted-media; gyroscope; picture-in-picture\" allowfullscreen><\/iframe>\n<\/div><\/figure>\n\n\n\n<p><em>Merci de vous joindre \u00e0 moi ce matin. Bonne continuation pour ce premier jour de f\u00eate du Ver\u00e3o. A bient\u00f4t dans cinq ans ! <\/em>\/\/ Merci de vous joindre \u00e0 moi aujourd'hui. Profitez de ce premier week-end d'\u00e9t\u00e9. A jeudi prochain !<\/p>\n\n\n\n<h2 class=\"wp-block-heading\">Notes sp\u00e9ciales<\/h2>\n\n\n\n<p>Comme mon th\u00e8me d'aujourd'hui, mon tableau d'escargots \"glaneurs\" est une id\u00e9e copi\u00e9e, pas mon propre original. J'ai copi\u00e9 ce concept d'un tableau favori. <em><a href=\"https:\/\/www.musee-orsay.fr\/en\/artworks\/des-glaneuses-342\" target=\"_blank\" rel=\"noreferrer noopener\">Des glaneuses<\/a><\/em> (Les glaneurs) de Jean-Fran\u00e7ois Millet est \u00e0 la <a href=\"https:\/\/www.musee-orsay.fr\/en\" target=\"_blank\" rel=\"noreferrer noopener\">Mus\u00e9e d'Orsay<\/a> \u00e0 Paris. Je visite <em>d'Orsay<\/em> aussi souvent que je le peux. Je me tiens devant <em>Des glaneuses<\/em> le plus longtemps possible. Mais ce n'est pas comme s'il y avait des foules qui jouaient des coudes pour prendre des selfies. J'ai rencontr\u00e9 pour la premi\u00e8re fois <em>Des glaneuses<\/em> au lyc\u00e9e, dans mon manuel d'histoire de l'art. J'ai \u00e9t\u00e9 enchant\u00e9 par cette \u0153uvre \u00e0 l'\u00e9poque, et je ne l'ai jamais quitt\u00e9e. Aujourd'hui, un demi-si\u00e8cle plus tard, je commence \u00e0 comprendre pourquoi.<\/p>\n\n\n\n<p>Mon portrait de Patr\u00edcia et Ant\u00f3nio, <em>\"Os colecionadores de alegrias de viver\"<\/em>C'est une premi\u00e8re pour moi. Ma premi\u00e8re o\u00f9 les sujets savent que je les peins. Je leur avais demand\u00e9 si je pouvais le faire. Ils m'ont gracieusement invit\u00e9 un jour. C'\u00e9tait leur derni\u00e8re r\u00e9colte d'olives au <em>quinta<\/em>. J'ai pris un tas de photos d'eux \u00e0 c\u00f4t\u00e9 de leurs pr\u00e9f\u00e9r\u00e9s. <em>oliveira<\/em>. En les peignant, j'ai ajout\u00e9 <em>Casa da Av\u00f3 Amelia<\/em> derri\u00e8re eux. Il fallait que ce soit l\u00e0. Pour une autre premi\u00e8re, j'ai fait imprimer leur portrait sur une toile et l'ai fait encadrer. Mon cadeau de remerciement pour eux.<\/p>\n\n\n\n<p>Enfin, \"balle courbe\" est peut-\u00eatre un terme sp\u00e9cifiquement am\u00e9ricain. Il s'agit d'un lancer sournois effectu\u00e9 dans le cadre du jeu de baseball. Elle a une rotation vers le bas. Cela provoque la chute de la balle. Puis elle d\u00e9vie sur le c\u00f4t\u00e9. Elle s'approche du batteur de l'autre c\u00f4t\u00e9 d'o\u00f9 elle a \u00e9t\u00e9 lanc\u00e9e. Le batteur ne sait pas \u00e0 quoi s'attendre.<\/p>","protected":false},"excerpt":{"rendered":"<p>La rencontre de nouvelles personnes ici \u00e0 Santa Luzia me donne de nouvelles le\u00e7ons. Pas seulement sur le portugais et les coutumes et traditions portugaises. Mais aussi sur moi et sur la bonne vie. Lire la suite.<\/p>","protected":false},"author":1,"featured_media":1477,"comment_status":"open","ping_status":"closed","sticky":false,"template":"","format":"standard","meta":{"nf_dc_page":"","om_disable_all_campaigns":false,"_monsterinsights_skip_tracking":false,"_monsterinsights_sitenote_active":false,"_monsterinsights_sitenote_note":"","_monsterinsights_sitenote_category":0,"_themeisle_gutenberg_block_has_review":false,"_jetpack_memberships_contains_paid_content":false,"footnotes":""},"categories":[8,6],"tags":[],"class_list":["post-1441","post","type-post","status-publish","format-standard","has-post-thumbnail","hentry","category-culture-customs","category-people"],"yoast_head":"<!-- This site is optimized with the Yoast SEO plugin v27.4 - https:\/\/yoast.com\/product\/yoast-seo-wordpress\/ -->\n<title>In The Arms of Joy For All My Life - PORTUGALIZAR<\/title>\n<meta name=\"description\" content=\"If at our final end we can say that \u201cI lived in the arms of joy for all my life\u201c, then, only then, will we know that we have had a good life.\" \/>\n<meta name=\"robots\" content=\"index, follow, max-snippet:-1, max-image-preview:large, max-video-preview:-1\" \/>\n<link rel=\"canonical\" href=\"https:\/\/portugalizar.com\/fr\/in-the-arms-of-joy\/\" \/>\n<meta property=\"og:locale\" content=\"fr_FR\" \/>\n<meta property=\"og:type\" content=\"article\" \/>\n<meta property=\"og:title\" content=\"In The Arms of Joy For All My Life - PORTUGALIZAR\" \/>\n<meta property=\"og:description\" content=\"If at our final end we can say that \u201cI lived in the arms of joy for all my life\u201c, then, only then, will we know that we have had a good life.\" \/>\n<meta property=\"og:url\" content=\"https:\/\/portugalizar.com\/fr\/in-the-arms-of-joy\/\" \/>\n<meta property=\"og:site_name\" content=\"PORTUGALIZAR\" \/>\n<meta property=\"article:published_time\" content=\"2022-06-23T04:00:00+00:00\" \/>\n<meta property=\"article:modified_time\" content=\"2022-06-23T09:54:49+00:00\" \/>\n<meta property=\"og:image\" content=\"https:\/\/portugalizar.com\/wp-content\/uploads\/2022\/06\/51F398C5-E3F1-466E-BB48-BDC937C46D21-scaled.jpeg\" \/>\n\t<meta property=\"og:image:width\" content=\"2560\" \/>\n\t<meta property=\"og:image:height\" content=\"2048\" \/>\n\t<meta property=\"og:image:type\" content=\"image\/jpeg\" \/>\n<meta name=\"author\" content=\"Gui\" \/>\n<meta name=\"twitter:card\" content=\"summary_large_image\" \/>\n<meta name=\"twitter:label1\" content=\"\u00c9crit par\" \/>\n\t<meta name=\"twitter:data1\" content=\"Gui\" \/>\n\t<meta name=\"twitter:label2\" content=\"Dur\u00e9e de lecture estim\u00e9e\" \/>\n\t<meta name=\"twitter:data2\" content=\"9 minutes\" \/>\n<script type=\"application\/ld+json\" class=\"yoast-schema-graph\">{\"@context\":\"https:\\\/\\\/schema.org\",\"@graph\":[{\"@type\":\"Article\",\"@id\":\"https:\\\/\\\/portugalizar.com\\\/in-the-arms-of-joy\\\/#article\",\"isPartOf\":{\"@id\":\"https:\\\/\\\/portugalizar.com\\\/in-the-arms-of-joy\\\/\"},\"author\":{\"name\":\"Gui\",\"@id\":\"https:\\\/\\\/portugalizar.com\\\/#\\\/schema\\\/person\\\/1f60af48f39895b897e26d9d92ecf6db\"},\"headline\":\"In The Arms of Joy For All My Life\",\"datePublished\":\"2022-06-23T04:00:00+00:00\",\"dateModified\":\"2022-06-23T09:54:49+00:00\",\"mainEntityOfPage\":{\"@id\":\"https:\\\/\\\/portugalizar.com\\\/in-the-arms-of-joy\\\/\"},\"wordCount\":1778,\"commentCount\":10,\"publisher\":{\"@id\":\"https:\\\/\\\/portugalizar.com\\\/#organization\"},\"image\":{\"@id\":\"https:\\\/\\\/portugalizar.com\\\/in-the-arms-of-joy\\\/#primaryimage\"},\"thumbnailUrl\":\"https:\\\/\\\/i0.wp.com\\\/portugalizar.com\\\/wp-content\\\/uploads\\\/2022\\\/06\\\/51F398C5-E3F1-466E-BB48-BDC937C46D21-scaled.jpeg?fit=2560%2C2048&ssl=1\",\"articleSection\":[\"Culture &amp; Customs\",\"People\"],\"inLanguage\":\"fr-FR\",\"potentialAction\":[{\"@type\":\"CommentAction\",\"name\":\"Comment\",\"target\":[\"https:\\\/\\\/portugalizar.com\\\/in-the-arms-of-joy\\\/#respond\"]}]},{\"@type\":\"WebPage\",\"@id\":\"https:\\\/\\\/portugalizar.com\\\/in-the-arms-of-joy\\\/\",\"url\":\"https:\\\/\\\/portugalizar.com\\\/in-the-arms-of-joy\\\/\",\"name\":\"In The Arms of Joy For All My Life - PORTUGALIZAR\",\"isPartOf\":{\"@id\":\"https:\\\/\\\/portugalizar.com\\\/#website\"},\"primaryImageOfPage\":{\"@id\":\"https:\\\/\\\/portugalizar.com\\\/in-the-arms-of-joy\\\/#primaryimage\"},\"image\":{\"@id\":\"https:\\\/\\\/portugalizar.com\\\/in-the-arms-of-joy\\\/#primaryimage\"},\"thumbnailUrl\":\"https:\\\/\\\/i0.wp.com\\\/portugalizar.com\\\/wp-content\\\/uploads\\\/2022\\\/06\\\/51F398C5-E3F1-466E-BB48-BDC937C46D21-scaled.jpeg?fit=2560%2C2048&ssl=1\",\"datePublished\":\"2022-06-23T04:00:00+00:00\",\"dateModified\":\"2022-06-23T09:54:49+00:00\",\"description\":\"If at our final end we can say that \u201cI lived in the arms of joy for all my life\u201c, then, only then, will we know that we have had a good life.\",\"breadcrumb\":{\"@id\":\"https:\\\/\\\/portugalizar.com\\\/in-the-arms-of-joy\\\/#breadcrumb\"},\"inLanguage\":\"fr-FR\",\"potentialAction\":[{\"@type\":\"ReadAction\",\"target\":[\"https:\\\/\\\/portugalizar.com\\\/in-the-arms-of-joy\\\/\"]}]},{\"@type\":\"ImageObject\",\"inLanguage\":\"fr-FR\",\"@id\":\"https:\\\/\\\/portugalizar.com\\\/in-the-arms-of-joy\\\/#primaryimage\",\"url\":\"https:\\\/\\\/i0.wp.com\\\/portugalizar.com\\\/wp-content\\\/uploads\\\/2022\\\/06\\\/51F398C5-E3F1-466E-BB48-BDC937C46D21-scaled.jpeg?fit=2560%2C2048&ssl=1\",\"contentUrl\":\"https:\\\/\\\/i0.wp.com\\\/portugalizar.com\\\/wp-content\\\/uploads\\\/2022\\\/06\\\/51F398C5-E3F1-466E-BB48-BDC937C46D21-scaled.jpeg?fit=2560%2C2048&ssl=1\",\"width\":2560,\"height\":2048,\"caption\":\"\\\"Os Murm\u00farios\\\", 2020\"},{\"@type\":\"BreadcrumbList\",\"@id\":\"https:\\\/\\\/portugalizar.com\\\/in-the-arms-of-joy\\\/#breadcrumb\",\"itemListElement\":[{\"@type\":\"ListItem\",\"position\":1,\"name\":\"Home\",\"item\":\"https:\\\/\\\/portugalizar.com\\\/\"},{\"@type\":\"ListItem\",\"position\":2,\"name\":\"In The Arms of Joy For All My Life\"}]},{\"@type\":\"WebSite\",\"@id\":\"https:\\\/\\\/portugalizar.com\\\/#website\",\"url\":\"https:\\\/\\\/portugalizar.com\\\/\",\"name\":\"PORTUGALIZAR\",\"description\":\"\",\"publisher\":{\"@id\":\"https:\\\/\\\/portugalizar.com\\\/#organization\"},\"potentialAction\":[{\"@type\":\"SearchAction\",\"target\":{\"@type\":\"EntryPoint\",\"urlTemplate\":\"https:\\\/\\\/portugalizar.com\\\/?s={search_term_string}\"},\"query-input\":{\"@type\":\"PropertyValueSpecification\",\"valueRequired\":true,\"valueName\":\"search_term_string\"}}],\"inLanguage\":\"fr-FR\"},{\"@type\":\"Organization\",\"@id\":\"https:\\\/\\\/portugalizar.com\\\/#organization\",\"name\":\"PORTUGALIZAR\",\"url\":\"https:\\\/\\\/portugalizar.com\\\/\",\"logo\":{\"@type\":\"ImageObject\",\"inLanguage\":\"fr-FR\",\"@id\":\"https:\\\/\\\/portugalizar.com\\\/#\\\/schema\\\/logo\\\/image\\\/\",\"url\":\"\",\"contentUrl\":\"\",\"caption\":\"PORTUGALIZAR\"},\"image\":{\"@id\":\"https:\\\/\\\/portugalizar.com\\\/#\\\/schema\\\/logo\\\/image\\\/\"}},{\"@type\":\"Person\",\"@id\":\"https:\\\/\\\/portugalizar.com\\\/#\\\/schema\\\/person\\\/1f60af48f39895b897e26d9d92ecf6db\",\"name\":\"Gui\",\"image\":{\"@type\":\"ImageObject\",\"inLanguage\":\"fr-FR\",\"@id\":\"https:\\\/\\\/secure.gravatar.com\\\/avatar\\\/0bef00a699e73fc60016c16a6f44683b2a027bb1b48a4b3973732af4cc636712?s=96&d=mm&r=g\",\"url\":\"https:\\\/\\\/secure.gravatar.com\\\/avatar\\\/0bef00a699e73fc60016c16a6f44683b2a027bb1b48a4b3973732af4cc636712?s=96&d=mm&r=g\",\"contentUrl\":\"https:\\\/\\\/secure.gravatar.com\\\/avatar\\\/0bef00a699e73fc60016c16a6f44683b2a027bb1b48a4b3973732af4cc636712?s=96&d=mm&r=g\",\"caption\":\"Gui\"},\"url\":\"https:\\\/\\\/portugalizar.com\\\/fr\\\/author\\\/spestheonlyone\\\/\"}]}<\/script>\n<!-- \/ Yoast SEO plugin. -->","yoast_head_json":{"title":"In The Arms of Joy For All My Life - PORTUGALIZAR","description":"If at our final end we can say that \u201cI lived in the arms of joy for all my life\u201c, then, only then, will we know that we have had a good life.","robots":{"index":"index","follow":"follow","max-snippet":"max-snippet:-1","max-image-preview":"max-image-preview:large","max-video-preview":"max-video-preview:-1"},"canonical":"https:\/\/portugalizar.com\/fr\/in-the-arms-of-joy\/","og_locale":"fr_FR","og_type":"article","og_title":"In The Arms of Joy For All My Life - PORTUGALIZAR","og_description":"If at our final end we can say that \u201cI lived in the arms of joy for all my life\u201c, then, only then, will we know that we have had a good life.","og_url":"https:\/\/portugalizar.com\/fr\/in-the-arms-of-joy\/","og_site_name":"PORTUGALIZAR","article_published_time":"2022-06-23T04:00:00+00:00","article_modified_time":"2022-06-23T09:54:49+00:00","og_image":[{"width":2560,"height":2048,"url":"https:\/\/portugalizar.com\/wp-content\/uploads\/2022\/06\/51F398C5-E3F1-466E-BB48-BDC937C46D21-scaled.jpeg","type":"image\/jpeg"}],"author":"Gui","twitter_card":"summary_large_image","twitter_misc":{"\u00c9crit par":"Gui","Dur\u00e9e de lecture estim\u00e9e":"9 minutes"},"schema":{"@context":"https:\/\/schema.org","@graph":[{"@type":"Article","@id":"https:\/\/portugalizar.com\/in-the-arms-of-joy\/#article","isPartOf":{"@id":"https:\/\/portugalizar.com\/in-the-arms-of-joy\/"},"author":{"name":"Gui","@id":"https:\/\/portugalizar.com\/#\/schema\/person\/1f60af48f39895b897e26d9d92ecf6db"},"headline":"In The Arms of Joy For All My Life","datePublished":"2022-06-23T04:00:00+00:00","dateModified":"2022-06-23T09:54:49+00:00","mainEntityOfPage":{"@id":"https:\/\/portugalizar.com\/in-the-arms-of-joy\/"},"wordCount":1778,"commentCount":10,"publisher":{"@id":"https:\/\/portugalizar.com\/#organization"},"image":{"@id":"https:\/\/portugalizar.com\/in-the-arms-of-joy\/#primaryimage"},"thumbnailUrl":"https:\/\/i0.wp.com\/portugalizar.com\/wp-content\/uploads\/2022\/06\/51F398C5-E3F1-466E-BB48-BDC937C46D21-scaled.jpeg?fit=2560%2C2048&ssl=1","articleSection":["Culture &amp; Customs","People"],"inLanguage":"fr-FR","potentialAction":[{"@type":"CommentAction","name":"Comment","target":["https:\/\/portugalizar.com\/in-the-arms-of-joy\/#respond"]}]},{"@type":"WebPage","@id":"https:\/\/portugalizar.com\/in-the-arms-of-joy\/","url":"https:\/\/portugalizar.com\/in-the-arms-of-joy\/","name":"In The Arms of Joy For All My Life - PORTUGALIZAR","isPartOf":{"@id":"https:\/\/portugalizar.com\/#website"},"primaryImageOfPage":{"@id":"https:\/\/portugalizar.com\/in-the-arms-of-joy\/#primaryimage"},"image":{"@id":"https:\/\/portugalizar.com\/in-the-arms-of-joy\/#primaryimage"},"thumbnailUrl":"https:\/\/i0.wp.com\/portugalizar.com\/wp-content\/uploads\/2022\/06\/51F398C5-E3F1-466E-BB48-BDC937C46D21-scaled.jpeg?fit=2560%2C2048&ssl=1","datePublished":"2022-06-23T04:00:00+00:00","dateModified":"2022-06-23T09:54:49+00:00","description":"If at our final end we can say that \u201cI lived in the arms of joy for all my life\u201c, then, only then, will we know that we have had a good life.","breadcrumb":{"@id":"https:\/\/portugalizar.com\/in-the-arms-of-joy\/#breadcrumb"},"inLanguage":"fr-FR","potentialAction":[{"@type":"ReadAction","target":["https:\/\/portugalizar.com\/in-the-arms-of-joy\/"]}]},{"@type":"ImageObject","inLanguage":"fr-FR","@id":"https:\/\/portugalizar.com\/in-the-arms-of-joy\/#primaryimage","url":"https:\/\/i0.wp.com\/portugalizar.com\/wp-content\/uploads\/2022\/06\/51F398C5-E3F1-466E-BB48-BDC937C46D21-scaled.jpeg?fit=2560%2C2048&ssl=1","contentUrl":"https:\/\/i0.wp.com\/portugalizar.com\/wp-content\/uploads\/2022\/06\/51F398C5-E3F1-466E-BB48-BDC937C46D21-scaled.jpeg?fit=2560%2C2048&ssl=1","width":2560,"height":2048,"caption":"\"Os Murm\u00farios\", 2020"},{"@type":"BreadcrumbList","@id":"https:\/\/portugalizar.com\/in-the-arms-of-joy\/#breadcrumb","itemListElement":[{"@type":"ListItem","position":1,"name":"Home","item":"https:\/\/portugalizar.com\/"},{"@type":"ListItem","position":2,"name":"In The Arms of Joy For All My Life"}]},{"@type":"WebSite","@id":"https:\/\/portugalizar.com\/#website","url":"https:\/\/portugalizar.com\/","name":"PORTUGALISTE","description":"","publisher":{"@id":"https:\/\/portugalizar.com\/#organization"},"potentialAction":[{"@type":"SearchAction","target":{"@type":"EntryPoint","urlTemplate":"https:\/\/portugalizar.com\/?s={search_term_string}"},"query-input":{"@type":"PropertyValueSpecification","valueRequired":true,"valueName":"search_term_string"}}],"inLanguage":"fr-FR"},{"@type":"Organization","@id":"https:\/\/portugalizar.com\/#organization","name":"PORTUGALISTE","url":"https:\/\/portugalizar.com\/","logo":{"@type":"ImageObject","inLanguage":"fr-FR","@id":"https:\/\/portugalizar.com\/#\/schema\/logo\/image\/","url":"","contentUrl":"","caption":"PORTUGALIZAR"},"image":{"@id":"https:\/\/portugalizar.com\/#\/schema\/logo\/image\/"}},{"@type":"Person","@id":"https:\/\/portugalizar.com\/#\/schema\/person\/1f60af48f39895b897e26d9d92ecf6db","name":"Gui","image":{"@type":"ImageObject","inLanguage":"fr-FR","@id":"https:\/\/secure.gravatar.com\/avatar\/0bef00a699e73fc60016c16a6f44683b2a027bb1b48a4b3973732af4cc636712?s=96&d=mm&r=g","url":"https:\/\/secure.gravatar.com\/avatar\/0bef00a699e73fc60016c16a6f44683b2a027bb1b48a4b3973732af4cc636712?s=96&d=mm&r=g","contentUrl":"https:\/\/secure.gravatar.com\/avatar\/0bef00a699e73fc60016c16a6f44683b2a027bb1b48a4b3973732af4cc636712?s=96&d=mm&r=g","caption":"Gui"},"url":"https:\/\/portugalizar.com\/fr\/author\/spestheonlyone\/"}]}},"jetpack_featured_media_url":"https:\/\/i0.wp.com\/portugalizar.com\/wp-content\/uploads\/2022\/06\/51F398C5-E3F1-466E-BB48-BDC937C46D21-scaled.jpeg?fit=2560%2C2048&ssl=1","jetpack-related-posts":[],"jetpack_sharing_enabled":true,"_links":{"self":[{"href":"https:\/\/portugalizar.com\/fr\/wp-json\/wp\/v2\/posts\/1441","targetHints":{"allow":["GET"]}}],"collection":[{"href":"https:\/\/portugalizar.com\/fr\/wp-json\/wp\/v2\/posts"}],"about":[{"href":"https:\/\/portugalizar.com\/fr\/wp-json\/wp\/v2\/types\/post"}],"author":[{"embeddable":true,"href":"https:\/\/portugalizar.com\/fr\/wp-json\/wp\/v2\/users\/1"}],"replies":[{"embeddable":true,"href":"https:\/\/portugalizar.com\/fr\/wp-json\/wp\/v2\/comments?post=1441"}],"version-history":[{"count":5,"href":"https:\/\/portugalizar.com\/fr\/wp-json\/wp\/v2\/posts\/1441\/revisions"}],"predecessor-version":[{"id":1900,"href":"https:\/\/portugalizar.com\/fr\/wp-json\/wp\/v2\/posts\/1441\/revisions\/1900"}],"wp:featuredmedia":[{"embeddable":true,"href":"https:\/\/portugalizar.com\/fr\/wp-json\/wp\/v2\/media\/1477"}],"wp:attachment":[{"href":"https:\/\/portugalizar.com\/fr\/wp-json\/wp\/v2\/media?parent=1441"}],"wp:term":[{"taxonomy":"category","embeddable":true,"href":"https:\/\/portugalizar.com\/fr\/wp-json\/wp\/v2\/categories?post=1441"},{"taxonomy":"post_tag","embeddable":true,"href":"https:\/\/portugalizar.com\/fr\/wp-json\/wp\/v2\/tags?post=1441"}],"curies":[{"name":"wp","href":"https:\/\/api.w.org\/{rel}","templated":true}]}}