{"id":1348,"date":"2022-05-26T04:00:00","date_gmt":"2022-05-26T04:00:00","guid":{"rendered":"https:\/\/portugalizar.com\/?p=1348"},"modified":"2022-05-26T19:05:22","modified_gmt":"2022-05-26T19:05:22","slug":"that-fantastic-thing","status":"publish","type":"post","link":"https:\/\/portugalizar.com\/fr\/that-fantastic-thing\/","title":{"rendered":"Cette chose fantastique, folle et stupide,<br>Faites-le encore !"},"content":{"rendered":"<p><em>\u00c9 bom ter-te de volta ! Obrigado por teres vindo !<\/em> \/\/ C'est bon de vous revoir ! Merci d'\u00eatre venu ! Vous vous souvenez que j'ai coup\u00e9 le post de la semaine derni\u00e8re en deux ? Bon sang, ce seul article aurait \u00e9t\u00e9 long !  Eh bien, voici la deuxi\u00e8me partie. Les deux sont sur un th\u00e8me similaire, c'est-\u00e0-dire la chose fantastique qu'est la vie \u00e0 Santa Luzia. Mais cette semaine, nous jetons un coup d'\u0153il sous un angle diff\u00e9rent.<\/p>\n\n\n\n<p>Avant de sauter dans le post d'aujourd'hui, je veux vous parler un peu des peintures qui apparaissent ci-dessous. Toutes les quatre datent du d\u00e9but de 2020, lorsque j'ai commenc\u00e9 \u00e0 bricoler avec la peinture. Elles datent d'avant que je ne commence \u00e0 d\u00e9velopper <a href=\"https:\/\/portugalizar.com\/fr\/a-new-lanuage\/\" target=\"_blank\" rel=\"noreferrer noopener\"><strong>ma langue<\/strong><\/a>pour ainsi dire.<\/p>\n\n\n\n<p>Je suis un peu g\u00ean\u00e9 par les deux premiers surtout. Mais j'aimerais quand m\u00eame vous les montrer. Je pense qu'elles aident \u00e0 communiquer une partie de ce que je voudrais partager aujourd'hui. Et je ne pense pas qu'elles soient si terriblement rendues. Mais j'ai eu beaucoup de mal avec la perspective, cependant.<\/p>\n\n\n\n<p>Ces deux premiers, <em>\"N\u00e3o Se Apaga !\"<\/em> et <em>\"A Janela Aberta\"<\/em>sont un peu \"idiots\" aussi. Les b\u00e2timents, avec les graffitis et la grande fen\u00eatre fantaisie, existent r\u00e9ellement ici \u00e0 Santa Luzia. Les gens, par contre, je les ai imagin\u00e9s. Je les ai peints \u00e0 partir d'images de magazines. Les peintures elles-m\u00eames sont des all\u00e9gories <em>\u00e0 la<\/em> <a href=\"https:\/\/www.wikiart.org\/en\/william-blake\" target=\"_blank\" rel=\"noreferrer noopener\">William Blake<\/a> et <a href=\"https:\/\/www.wikiart.org\/en\/henri-rousseau\" target=\"_blank\" rel=\"noreferrer noopener\">Henri Rousseau<\/a>si ce n'est dans leur style, mais peut-\u00eatre dans leur... <em>na\u00efvet\u00e9<\/em>. J'ai eu l'id\u00e9e de cr\u00e9er des fables illustr\u00e9es. Mais cela semblait forc\u00e9 et j'ai donc abandonn\u00e9 l'id\u00e9e.<\/p>\n\n\n\n<p>Passons maintenant \u00e0 l'essentiel de ce billet, c'est-\u00e0-dire \u00e0 cette chose fantastique.<\/p>\n\n\n\n<h2 class=\"wp-block-heading\"><em>Bom<\/em> et <em>Boa<\/em> - The Goods - Go Missing<\/h2>\n\n\n\n<p>J'ai mentionn\u00e9 dans un <strong><a href=\"https:\/\/portugalizar.com\/fr\/quite-a-lot\/\" target=\"_blank\" rel=\"noreferrer noopener\">poste pr\u00e9c\u00e9dent<\/a><\/strong> que les Portugais se saluent g\u00e9n\u00e9ralement par une salutation en fonction de l'heure de la journ\u00e9e. Vous \u00eates plus susceptible d'entendre <em>bom dia<\/em> \/ <em>tarde trop tard<\/em> \/ <em>boa noite<\/em> plut\u00f4t que <em>ol\u00e1<\/em>. Les gens d'ici utilisent <em>ol\u00e1<\/em> de plus en plus, mais il me semble qu'il s'agit d'un accommodement pour les Nord-Am\u00e9ricains, en particulier pour les personnes originaires des \u00c9tats-Unis.<\/p>\n\n\n\n<p>J'ai remarqu\u00e9, cependant, que la \"bonne\" partie de la salutation, c'est \u00e0 dire, le <em>bom<\/em> \/ <em>boa<\/em> avant l'heure, est aval\u00e9 ou perdu compl\u00e8tement dans l'\u00e9nonc\u00e9. La partie audible est une partie att\u00e9nu\u00e9e et compl\u00e8tement aval\u00e9e <em>dia<\/em> ou<em> tarde<\/em>. Entre parenth\u00e8ses, concernant <em>boa noite<\/em>Je ne sais pas ce qui se dit r\u00e9ellement, car Z\u00e9 et moi ne sommes pas des gens de la nuit.<\/p>\n\n\n\n<p>Je salue toujours les gens avec mon soigneusement et pleinement articul\u00e9 <em>bom dia<\/em> ou <em>tarde trop tard<\/em>. La r\u00e9ponse att\u00e9nu\u00e9e, bien qu'enthousiaste, du public non accompagn\u00e9. <em>dia<\/em> ou <em>tarde<\/em> m'a fait m'interroger sur l'intentionnalit\u00e9. Les Portugais ne se sentent-ils g\u00e9n\u00e9ralement et r\u00e9ellement pas bien dans leur vie, de sorte qu'ils laissent tomber le \"bien\" ?<\/p>\n\n\n\n<p>J'ai demand\u00e9 \u00e0 quelques personnes que j'ai rencontr\u00e9es ici pourquoi juste <em>dia<\/em> et non <em>bom dia<\/em>pourquoi supprimer les bonnes choses ? La premi\u00e8re personne \u00e0 qui j'ai pos\u00e9 la question est une jeune femme d'environ 25 ans. La deuxi\u00e8me personne est un homme d'un certain \u00e2ge, dans les soixante-dix ans, je suppose. Je vais partager avec vous leurs deux r\u00e9ponses tr\u00e8s similaires, mais d'un point de vue tout \u00e0 fait diff\u00e9rent.<\/p>\n\n\n\n<h2 class=\"wp-block-heading\">Cette chose fantastique ! La vie est belle !<\/h2>\n\n\n\n<p>Ver\u00f3nica, la jeune femme, a dit en r\u00e9ponse \u00e0 ma question manifestement stupide : \"Tout est bien... le ciel est bleu, la journ\u00e9e est chaude, la plage est juste l\u00e0-bas. Et tous les jours c'est pareil, tous les jours c'est bien ; le ciel est bleu, le soleil est chaud, et l\u00e0-bas il y a la plage.\" Alors qu'elle retournait chez elle apr\u00e8s avoir poursuivi la conversation, je l'ai vue saluer une femme plus \u00e2g\u00e9e... Je savais qu'elle \u00e9tait sinc\u00e8re. Leur interaction \u00e9tait pleine de douceur et de patience ; Ver\u00f3nica a caress\u00e9 l'\u00e9paule de la femme avec sa main avant de passer \u00e0 autre chose.<\/p>\n\n\n\n<p><em>O Senhor<\/em>parce que je ne connais cet homme \u00e2g\u00e9 que dans la formalit\u00e9 requise du portugais, a r\u00e9pondu plus directement, mais tout aussi po\u00e9tiquement. \"Je suis ici ce matin.\" Comme la proclamation du graffiti philosophique \"n\u00e3o se apaga\", il n'a pas \u00e9t\u00e9 effac\u00e9 et ne le sera pas. J'ai tout de suite compris son intention. A son \u00e2ge, si vous pouvez saluer un autre, alors \u00e9videmment c'est une bonne journ\u00e9e.<\/p>\n\n\n\n<figure class=\"wp-block-image alignwide size-large\"><img data-recalc-dims=\"1\" fetchpriority=\"high\" decoding=\"async\" width=\"950\" height=\"681\" src=\"https:\/\/i0.wp.com\/portugalizar.com\/wp-content\/uploads\/2022\/05\/0DFB2783-00E1-4CBC-B5E8-0B14111A42E5-scaled-e1652634307872-1024x734.jpeg?resize=950%2C681&#038;ssl=1\" alt=\"\" class=\"wp-image-1376\" srcset=\"https:\/\/i0.wp.com\/portugalizar.com\/wp-content\/uploads\/2022\/05\/0DFB2783-00E1-4CBC-B5E8-0B14111A42E5-scaled-e1652634307872.jpeg?resize=1024%2C734&amp;ssl=1 1024w, https:\/\/i0.wp.com\/portugalizar.com\/wp-content\/uploads\/2022\/05\/0DFB2783-00E1-4CBC-B5E8-0B14111A42E5-scaled-e1652634307872.jpeg?resize=300%2C215&amp;ssl=1 300w, https:\/\/i0.wp.com\/portugalizar.com\/wp-content\/uploads\/2022\/05\/0DFB2783-00E1-4CBC-B5E8-0B14111A42E5-scaled-e1652634307872.jpeg?resize=768%2C550&amp;ssl=1 768w, https:\/\/i0.wp.com\/portugalizar.com\/wp-content\/uploads\/2022\/05\/0DFB2783-00E1-4CBC-B5E8-0B14111A42E5-scaled-e1652634307872.jpeg?resize=1536%2C1101&amp;ssl=1 1536w, https:\/\/i0.wp.com\/portugalizar.com\/wp-content\/uploads\/2022\/05\/0DFB2783-00E1-4CBC-B5E8-0B14111A42E5-scaled-e1652634307872.jpeg?resize=18%2C12&amp;ssl=1 18w, https:\/\/i0.wp.com\/portugalizar.com\/wp-content\/uploads\/2022\/05\/0DFB2783-00E1-4CBC-B5E8-0B14111A42E5-scaled-e1652634307872.jpeg?w=1920&amp;ssl=1 1920w\" sizes=\"(max-width: 950px) 100vw, 950px\" \/><figcaption>\"N\u00e3o Se Apaga\", 2020<\/figcaption><\/figure>\n\n\n\n<p>Nous avons parl\u00e9 devant sa tr\u00e8s modeste maison qui donne sur l'un de ces chemins de terre. Je l'avais d\u00e9j\u00e0 vu \u00e0 plusieurs reprises, et nous avons bavard\u00e9 bri\u00e8vement \u00e0 plusieurs reprises. Il travaille toujours dur pour labourer, planter et r\u00e9colter un petit lopin de terre. Il vit en autarcie mais pas seul. Quelques ch\u00e8vres vivent avec lui, et un chat. De plus, la famille et les amis vont et viennent souvent, j'ai remarqu\u00e9. <\/p>\n\n\n\n<h2 class=\"wp-block-heading\">Ce n'est pas facile, mais...<\/h2>\n\n\n\n<p>Ver\u00f3nica a des espoirs et des r\u00eaves, comme une personne de son \u00e2ge doit et devrait en avoir. Pour elle, la fen\u00eatre sur la vie est grande ouverte. Avec une amie, elle avait lanc\u00e9 une entreprise de nettoyage d'appartements Airbnb, ici \u00e0 Santa Luzia. Elle admet que l'argent est bon. Mais elle dit : \"Je suis jeune, je veux voir des endroits, \u00eatre sur la route\". Son r\u00eave particulier est d'\u00eatre un chauffeur de camion. Bien s\u00fbr, j'ai \u00e9t\u00e9 surpris, mais qui suis-je pour remettre en question le r\u00eave de quelqu'un. Elle travaille maintenant dans l'un des deux <em>Pingo Doce<\/em> supermarch\u00e9s de Tavira. Sa demande de formation suit son cours dans les m\u00e9andres de la bureaucratie portugaise et elle attend.<\/p>\n\n\n\n<figure class=\"wp-block-image alignwide size-large\"><img data-recalc-dims=\"1\" decoding=\"async\" width=\"713\" height=\"1024\" src=\"https:\/\/i0.wp.com\/portugalizar.com\/wp-content\/uploads\/2022\/05\/A-Janela-Aberta.jpg?resize=713%2C1024&#038;ssl=1\" alt=\"\" class=\"wp-image-1377\" srcset=\"https:\/\/i0.wp.com\/portugalizar.com\/wp-content\/uploads\/2022\/05\/A-Janela-Aberta-scaled.jpg?resize=713%2C1024&amp;ssl=1 713w, https:\/\/i0.wp.com\/portugalizar.com\/wp-content\/uploads\/2022\/05\/A-Janela-Aberta-scaled.jpg?resize=209%2C300&amp;ssl=1 209w, https:\/\/i0.wp.com\/portugalizar.com\/wp-content\/uploads\/2022\/05\/A-Janela-Aberta-scaled.jpg?resize=768%2C1103&amp;ssl=1 768w, https:\/\/i0.wp.com\/portugalizar.com\/wp-content\/uploads\/2022\/05\/A-Janela-Aberta-scaled.jpg?resize=1070%2C1536&amp;ssl=1 1070w, https:\/\/i0.wp.com\/portugalizar.com\/wp-content\/uploads\/2022\/05\/A-Janela-Aberta-scaled.jpg?resize=1426%2C2048&amp;ssl=1 1426w, https:\/\/i0.wp.com\/portugalizar.com\/wp-content\/uploads\/2022\/05\/A-Janela-Aberta-scaled.jpg?resize=8%2C12&amp;ssl=1 8w, https:\/\/i0.wp.com\/portugalizar.com\/wp-content\/uploads\/2022\/05\/A-Janela-Aberta-scaled.jpg?w=1783&amp;ssl=1 1783w\" sizes=\"(max-width: 713px) 100vw, 713px\" \/><figcaption>\"A Janela Aberta\", 2020<\/figcaption><\/figure>\n\n\n\n<p>Pour quelqu'un comme Ver\u00f3nica, ce n'est pas facile. Les salaires sont bas, les plus bas de la zone euro. Les opportunit\u00e9s, m\u00eame pour les plus instruits, semblent rares ; beaucoup partent \u00e0 l'\u00e9tranger pour poursuivre leurs r\u00eaves. Alors que j'\u00e9cris, je me souviens de la complainte d'un gros titre dans une \u00e9dition r\u00e9cente du <em>Expresso<\/em> journal. \"<a href=\"https:\/\/www.portugalresident.com\/salaries-face-greatest-fall-since-troika\/\" target=\"_blank\" rel=\"noreferrer noopener\"><strong>L'inflation r\u00e9cente a port\u00e9 les salaires r\u00e9els \u00e0 leur plus bas niveau depuis la crise financi\u00e8re de 2009-2010.<\/strong><\/a>\" Les r\u00eaves peuvent s'\u00e9crire petits ici. Mais le \"bien\" est toujours pr\u00e9sum\u00e9, surtout quand on se salue.<\/p>\n\n\n\n<p>Pour <em>o Senhor<\/em>les r\u00eaves ont \u00e9t\u00e9 r\u00eav\u00e9s. Il faut maintenant attendre, s'occuper et se souvenir. Comme pour beaucoup de personnes \u00e2g\u00e9es, il est impossible de <em>o Senhor<\/em> d'ignorer que la vie n'est pas facile, qu'elle n'est pas cens\u00e9e l'\u00eatre. Pourtant, il y a beaucoup de bonnes choses \u00e0 appr\u00e9cier. Il me dit, \"le soleil du matin r\u00e9chauffe mon visage et mes \u00e9paules\". Et \"le lait de ch\u00e8vre a un go\u00fbt sucr\u00e9 quand il est encore chaud\". J'ai vu que le c\u00e2lin de son petit-fils illumine son visage. Le jeune homme a <em>o Senhor's<\/em> sa force et son sourire rapide. Tant de bonnes choses.<\/p>\n\n\n\n<h2 class=\"wp-block-heading\">C'est fantastique, ce ciel bleu !<\/h2>\n\n\n\n<p>Le quotidien est bon, bien s\u00fbr qu'il l'est... il suffit de lever les yeux. Donc, pas besoin d'affirmer l'\u00e9vidence quand vous croisez un ami ou un inconnu dans la rue.<\/p>\n\n\n\n<p>L'un des points forts du sud du Portugal est son ciel bleu et sans nuages... <a href=\"https:\/\/www.visitportugal.com\/en\/content\/winter-sun\" target=\"_blank\" rel=\"noreferrer noopener\"><strong>300 jours<\/strong><\/a> d'eux. Je ne me lasse pas de leur cobalt profond. Je me doutais que je le ferais par pure monotonie. Mais ces ciels deviennent une toile sur laquelle se peignent des chefs-d'\u0153uvre quotidiens et ordinaires, comme les omnipr\u00e9sentes chemin\u00e9es coniques d'Algarve. Ou une orange ou un citron quand on regarde \u00e0 travers les branches des arbres. Tout se d\u00e9tache et d\u00e9clare sa beaut\u00e9.<\/p>\n\n\n\n<figure class=\"wp-block-image alignwide size-full\"><img data-recalc-dims=\"1\" decoding=\"async\" src=\"https:\/\/i0.wp.com\/portugalizar.com\/wp-content\/uploads\/2022\/05\/E6DDE4C9-D764-47D2-95EA-FC0EE58D4FBD.jpeg?w=950&#038;ssl=1\" alt=\"\" class=\"wp-image-1229\"\/><figcaption>\"O C\u00e9u Azul\", 2020<\/figcaption><\/figure>\n\n\n\n<p>Le ciel, bleu et brillant, est le quotidien ordinaire ici. Mais lui aussi est sp\u00e9cial, c'est-\u00e0-dire qu'il est un plaisir quotidien et ordinaire. Il n'y a pas que les choses sp\u00e9ciales. La nourriture folle et stupide, le vin et les desserts sont vraiment fantastiques. Ils ajoutent du piquant et du dynamisme \u00e0 notre vie ici. Mais ce ciel bleu de tous les jours et toutes les choses ordinaires qui y sont peintes ajoutent \u00e9galement du piquant et de l'\u00e9nergie \u00e0 notre vie fantastique.<\/p>\n\n\n\n<h2 class=\"wp-block-heading\">Tout prendre en main<\/h2>\n\n\n\n<p>Il me semble que les Portugais comprennent encore cela. C'est quoi exactement ce \"\u00e7a\" ? Que la vie est folle et stupide, c'est-\u00e0-dire fantastique. Que les bons c\u00f4t\u00e9s de la vie, \u00e0 la fois ordinaires et sp\u00e9ciaux, l'emportent sur tous les mauvais c\u00f4t\u00e9s.<\/p>\n\n\n\n<p>Il est certainement inexact de supposer que les Portugais ont une capacit\u00e9 sp\u00e9ciale \u00e0 transformer les citrons de la vie en limonade ou m\u00eame en g\u00e2teau ou tarte au citron. Bien qu'ils fassent tout cela avec les citrons qu'ils cultivent. Je pense que le talent particulier des Portugais est de laisser les citrons suppos\u00e9s de la vie \u00eatre ce qu'ils sont. Ils ne s'attendent pas \u00e0 ce qu'ils soient autre chose que des citrons. Ils ne passent pas non plus beaucoup de temps \u00e0 se demander si les citrons devraient \u00eatre autre chose que des citrons. <\/p>\n\n\n\n<figure class=\"wp-block-image alignwide size-large\"><img data-recalc-dims=\"1\" decoding=\"async\" width=\"950\" height=\"570\" src=\"https:\/\/i0.wp.com\/portugalizar.com\/wp-content\/uploads\/2022\/05\/5EB380A4-6339-42B7-82A8-CA41E0639CFF.png?resize=950%2C570&#038;ssl=1\" alt=\"\" class=\"wp-image-1408\" srcset=\"https:\/\/i0.wp.com\/portugalizar.com\/wp-content\/uploads\/2022\/05\/5EB380A4-6339-42B7-82A8-CA41E0639CFF.png?resize=1024%2C614&amp;ssl=1 1024w, https:\/\/i0.wp.com\/portugalizar.com\/wp-content\/uploads\/2022\/05\/5EB380A4-6339-42B7-82A8-CA41E0639CFF.png?resize=300%2C180&amp;ssl=1 300w, https:\/\/i0.wp.com\/portugalizar.com\/wp-content\/uploads\/2022\/05\/5EB380A4-6339-42B7-82A8-CA41E0639CFF.png?resize=768%2C461&amp;ssl=1 768w, https:\/\/i0.wp.com\/portugalizar.com\/wp-content\/uploads\/2022\/05\/5EB380A4-6339-42B7-82A8-CA41E0639CFF.png?resize=18%2C12&amp;ssl=1 18w, https:\/\/i0.wp.com\/portugalizar.com\/wp-content\/uploads\/2022\/05\/5EB380A4-6339-42B7-82A8-CA41E0639CFF.png?w=1517&amp;ssl=1 1517w\" sizes=\"(max-width: 950px) 100vw, 950px\" \/><figcaption>\"Quand la vie nous offre des citrons... savourez-les !\", 2020<\/figcaption><\/figure>\n\n\n\n<p>Je ne dis pas que les Portugais trouvent leur vie plus facile pour autant. Je pense que les Portugais savent que leur vie n'est pas facile du tout ; ils vous le diront si vous le demandez. Ce que je dis, c'est que la perspective portugaise voit les deux, valorise les deux et, en fin de compte, trouve que le bien que la vie offre l'emporte sur tout le reste. Ils sont capables de prendre tout cela \u00e0 bras le corps. Cela leur donne la capacit\u00e9 et la justification de faire entendre une voix chaleureuse et pleine d'entrain. <em>dia<\/em> qui pr\u00e9sume du bien.<\/p>\n\n\n\n<h2 class=\"wp-block-heading\">Le\u00e7ons fantastiques apprises<\/h2>\n\n\n\n<p>La culture contemporaine a un probl\u00e8me. Elle s'attend, nous nous attendons, \u00e0 ce que les citrons ne soient pas des citrons. Pendant plus d'un si\u00e8cle, nous avons \u00e9t\u00e9 nourris par une ligne. Cette ligne est devenue la m\u00e9lodie num\u00e9ro un et le disque ray\u00e9 du capitalisme et de son rejeton, le n\u00e9olib\u00e9ralisme. Son refrain est le suivant : \"votre vie peut et doit \u00eatre facile. Si elle ne l'est pas, alors vous faites quelque chose de mal.\" Les versets sont tout aussi peu inspirants.<\/p>\n\n\n\n<p>\"Achetez ceci, cela ou l'autre chose et votre vie sera facile.\" \"Utilisez ce dentifrice et vos dents seront blanches, alors les autres se p\u00e2meront pour vous, l'argent appara\u00eetra sur votre compte bancaire, etc.\". \"Achetez ce lave-vaisselle et votre vie sera facile car vous aurez vingt minutes de temps libre en plus. Ne vous inqui\u00e9tez pas du fait que vous devrez travailler \u00e0 votre travail une heure de plus pendant de nombreuses ann\u00e9es pour payer le lave-vaisselle.\"<\/p>\n\n\n\n<p>La vie n'est pas facile. Elle ne pourra jamais l'\u00eatre. M\u00eame si tout \u00e9tait fait pour nous, et que nos journ\u00e9es \u00e9taient totalement libres et remplies de loisirs, la vie ne serait pas facile. Nos dents pourraient devenir les plus blanches qui soient. Nos cheveux pourraient enfin atteindre la teinte parfaite. Le lave-vaisselle, la machine \u00e0 laver, le robot aspirateur pourraient nous donner un temps libre infini, mais cela a un prix. N\u00e9anmoins, la vie ne sera jamais facile. Nous ressentirons toujours de la douleur, une douleur insupportable. La maladie nous trouvera. Nous marcherons toujours main dans la main avec notre propre mortalit\u00e9. Ceux que nous aimons le plus dispara\u00eetront. Et ainsi de suite.<\/p>\n\n\n\n<h2 class=\"wp-block-heading\">Que faire ?<\/h2>\n\n\n\n<p>Le capitalisme et le n\u00e9olib\u00e9ralisme contemporains ne peuvent pas offrir une vie facile. Beaucoup sont en col\u00e8re, \u00e0 juste titre, parce qu'on leur a promis ce qui n'est pas livrable. Ils s'en veulent de ne pas avoir atteint la facilit\u00e9. Cette col\u00e8re est d\u00e9form\u00e9e et manipul\u00e9e par des escrocs sans scrupules et des despotes en puissance. Ils offrent des substituts confortables, comme le nationalisme et la fiert\u00e9 raciale qui dirigent cette col\u00e8re vers les autres.<\/p>\n\n\n\n<p>Les Portugais sont aussi en col\u00e8re. Heureusement, ils sont arriv\u00e9s \u00e0 la f\u00eate plus tard que le reste d'entre nous. Jusqu'\u00e0 pr\u00e9sent, les Portugais ont moins bu le kool-aide n\u00e9o-lib\u00e9ral. Ils peuvent encore sentir et trouver l'\u00e9quilibre entre ce qui n'est pas facile et ce qui est bon dans leur vie. Je ne sais pas pour combien de temps encore.<\/p>\n\n\n\n<p>Je ne sais pas comment r\u00e9parer le capitalisme et le n\u00e9olib\u00e9ralisme autrement que par un choix personnel. La vie n'est pas facile, elle n'est pas cens\u00e9e l'\u00eatre. Mais elle est remplie de beaucoup, beaucoup de choses fantastiques, folles et stupides. C'est-\u00e0-dire qu'il y a tellement de beaut\u00e9 et de joie. La vie peut \u00eatre plus simple. Nous pouvons nous passer de beaucoup de choses dont nous pensons avoir besoin et dont on nous dit qu'elles sont n\u00e9cessaires. Si nous ne les avons pas, d'autres peuvent les avoir. <\/p>\n\n\n\n<p>Joseph m'a dit qu'il avait lu que les entreprises modifiaient leurs objectifs de production en un clin d'\u0153il d\u00e8s que les ventes \u00e9voluaient dans un sens ou dans l'autre. Si nous n'achetons pas un produit parce que nous ne pensons plus en avoir besoin, ou parce que nous d\u00e9cidons que nous n'avons plus besoin de supporter ses impacts environnementaux, alors peut-\u00eatre que les choses commenceront \u00e0 changer. Peut-\u00eatre que nos simples actes sont vraiment puissants. Cette pens\u00e9e me rend plus heureux que la d\u00e9ception de voir que ma vie n'est pas facile. <\/p>\n\n\n\n<p>At\u00e9 \u00e0 pr\u00f3xima quinta ! \/\/ On se voit jeudi prochain !<\/p>\n\n\n\n<h2 class=\"wp-block-heading\">Note sp\u00e9ciale<\/h2>\n\n\n\n<p>Je sais que mon point de vue ici n'est pas celui de tout le monde. Elle ne peut pas l'\u00eatre. J'\u00e9cris en tant que personne \u00e0 qui le n\u00e9olib\u00e9ralisme a profit\u00e9, m\u00eame si j'ai essay\u00e9 de permettre \u00e0 la d\u00e9mocratie lib\u00e9rale de tenir ses promesses d'\u00e9quit\u00e9 et de justice. Aujourd'hui, comme je vois moins d'ann\u00e9es devant moi que derri\u00e8re moi, j'essaie simplement de vivre les principes et de faire les choses que je peux faire. Pratiquer la justice redistributive personnelle, vivre en douceur sur la terre, \u00eatre ouvert et accueillant, maintenir assid\u00fbment la tension entre la tol\u00e9rance et la conviction personnelle, et ainsi de suite.<\/p>","protected":false},"excerpt":{"rendered":"<p>La vie ici \u00e0 Santa Luzia est vraiment fantastique. Mais g\u00e9n\u00e9ralement, les Portugais de souche nous saluent en nous disant \"jour\" ou \"apr\u00e8s-midi\". Qu'est-il arriv\u00e9 au \"bon\" ? Pour le savoir, lisez la suite...<\/p>","protected":false},"author":1,"featured_media":1102,"comment_status":"open","ping_status":"closed","sticky":false,"template":"","format":"standard","meta":{"nf_dc_page":"","om_disable_all_campaigns":false,"_monsterinsights_skip_tracking":false,"_monsterinsights_sitenote_active":false,"_monsterinsights_sitenote_note":"","_monsterinsights_sitenote_category":0,"_themeisle_gutenberg_block_has_review":false,"_jetpack_memberships_contains_paid_content":false,"footnotes":""},"categories":[8,6],"tags":[],"class_list":["post-1348","post","type-post","status-publish","format-standard","has-post-thumbnail","hentry","category-culture-customs","category-people"],"yoast_head":"<!-- This site is optimized with the Yoast SEO plugin v27.4 - https:\/\/yoast.com\/product\/yoast-seo-wordpress\/ -->\n<title>That Fantastic Thing, Crazy and Stupid,Do It Again! - PORTUGALIZAR<\/title>\n<meta name=\"description\" content=\"The Portuguese presume that life is good although not always easy. They don\u2019t need to say it because they enjoy all fantastic things in life.\" \/>\n<meta name=\"robots\" content=\"index, follow, max-snippet:-1, max-image-preview:large, max-video-preview:-1\" \/>\n<link rel=\"canonical\" href=\"https:\/\/portugalizar.com\/fr\/that-fantastic-thing\/\" \/>\n<meta property=\"og:locale\" content=\"fr_FR\" \/>\n<meta property=\"og:type\" content=\"article\" \/>\n<meta property=\"og:title\" content=\"That Fantastic Thing, Crazy and Stupid,Do It Again! - PORTUGALIZAR\" \/>\n<meta property=\"og:description\" content=\"The Portuguese presume that life is good although not always easy. They don\u2019t need to say it because they enjoy all fantastic things in life.\" \/>\n<meta property=\"og:url\" content=\"https:\/\/portugalizar.com\/fr\/that-fantastic-thing\/\" \/>\n<meta property=\"og:site_name\" content=\"PORTUGALIZAR\" \/>\n<meta property=\"article:published_time\" content=\"2022-05-26T04:00:00+00:00\" \/>\n<meta property=\"article:modified_time\" content=\"2022-05-26T19:05:22+00:00\" \/>\n<meta property=\"og:image\" content=\"https:\/\/portugalizar.com\/wp-content\/uploads\/2022\/04\/8FD48A82-1F0D-40C2-AE71-C5E3DFB5A971-scaled.jpeg\" \/>\n\t<meta property=\"og:image:width\" content=\"2560\" \/>\n\t<meta property=\"og:image:height\" content=\"1872\" \/>\n\t<meta property=\"og:image:type\" content=\"image\/jpeg\" \/>\n<meta name=\"author\" content=\"Gui\" \/>\n<meta name=\"twitter:card\" content=\"summary_large_image\" \/>\n<meta name=\"twitter:label1\" content=\"\u00c9crit par\" \/>\n\t<meta name=\"twitter:data1\" content=\"Gui\" \/>\n\t<meta name=\"twitter:label2\" content=\"Dur\u00e9e de lecture estim\u00e9e\" \/>\n\t<meta name=\"twitter:data2\" content=\"10 minutes\" \/>\n<script type=\"application\/ld+json\" class=\"yoast-schema-graph\">{\"@context\":\"https:\\\/\\\/schema.org\",\"@graph\":[{\"@type\":\"Article\",\"@id\":\"https:\\\/\\\/portugalizar.com\\\/that-fantastic-thing\\\/#article\",\"isPartOf\":{\"@id\":\"https:\\\/\\\/portugalizar.com\\\/that-fantastic-thing\\\/\"},\"author\":{\"name\":\"Gui\",\"@id\":\"https:\\\/\\\/portugalizar.com\\\/#\\\/schema\\\/person\\\/1f60af48f39895b897e26d9d92ecf6db\"},\"headline\":\"That Fantastic Thing, Crazy and Stupid, Do It Again!\",\"datePublished\":\"2022-05-26T04:00:00+00:00\",\"dateModified\":\"2022-05-26T19:05:22+00:00\",\"mainEntityOfPage\":{\"@id\":\"https:\\\/\\\/portugalizar.com\\\/that-fantastic-thing\\\/\"},\"wordCount\":2085,\"commentCount\":12,\"publisher\":{\"@id\":\"https:\\\/\\\/portugalizar.com\\\/#organization\"},\"image\":{\"@id\":\"https:\\\/\\\/portugalizar.com\\\/that-fantastic-thing\\\/#primaryimage\"},\"thumbnailUrl\":\"https:\\\/\\\/i0.wp.com\\\/portugalizar.com\\\/wp-content\\\/uploads\\\/2022\\\/04\\\/8FD48A82-1F0D-40C2-AE71-C5E3DFB5A971-scaled.jpeg?fit=2560%2C1872&ssl=1\",\"articleSection\":[\"Culture &amp; Customs\",\"People\"],\"inLanguage\":\"fr-FR\",\"potentialAction\":[{\"@type\":\"CommentAction\",\"name\":\"Comment\",\"target\":[\"https:\\\/\\\/portugalizar.com\\\/that-fantastic-thing\\\/#respond\"]}]},{\"@type\":\"WebPage\",\"@id\":\"https:\\\/\\\/portugalizar.com\\\/that-fantastic-thing\\\/\",\"url\":\"https:\\\/\\\/portugalizar.com\\\/that-fantastic-thing\\\/\",\"name\":\"That Fantastic Thing, Crazy and Stupid, Do It Again! - PORTUGALIZAR\",\"isPartOf\":{\"@id\":\"https:\\\/\\\/portugalizar.com\\\/#website\"},\"primaryImageOfPage\":{\"@id\":\"https:\\\/\\\/portugalizar.com\\\/that-fantastic-thing\\\/#primaryimage\"},\"image\":{\"@id\":\"https:\\\/\\\/portugalizar.com\\\/that-fantastic-thing\\\/#primaryimage\"},\"thumbnailUrl\":\"https:\\\/\\\/i0.wp.com\\\/portugalizar.com\\\/wp-content\\\/uploads\\\/2022\\\/04\\\/8FD48A82-1F0D-40C2-AE71-C5E3DFB5A971-scaled.jpeg?fit=2560%2C1872&ssl=1\",\"datePublished\":\"2022-05-26T04:00:00+00:00\",\"dateModified\":\"2022-05-26T19:05:22+00:00\",\"description\":\"The Portuguese presume that life is good although not always easy. They don\u2019t need to say it because they enjoy all fantastic things in life.\",\"breadcrumb\":{\"@id\":\"https:\\\/\\\/portugalizar.com\\\/that-fantastic-thing\\\/#breadcrumb\"},\"inLanguage\":\"fr-FR\",\"potentialAction\":[{\"@type\":\"ReadAction\",\"target\":[\"https:\\\/\\\/portugalizar.com\\\/that-fantastic-thing\\\/\"]}]},{\"@type\":\"ImageObject\",\"inLanguage\":\"fr-FR\",\"@id\":\"https:\\\/\\\/portugalizar.com\\\/that-fantastic-thing\\\/#primaryimage\",\"url\":\"https:\\\/\\\/i0.wp.com\\\/portugalizar.com\\\/wp-content\\\/uploads\\\/2022\\\/04\\\/8FD48A82-1F0D-40C2-AE71-C5E3DFB5A971-scaled.jpeg?fit=2560%2C1872&ssl=1\",\"contentUrl\":\"https:\\\/\\\/i0.wp.com\\\/portugalizar.com\\\/wp-content\\\/uploads\\\/2022\\\/04\\\/8FD48A82-1F0D-40C2-AE71-C5E3DFB5A971-scaled.jpeg?fit=2560%2C1872&ssl=1\",\"width\":2560,\"height\":1872},{\"@type\":\"BreadcrumbList\",\"@id\":\"https:\\\/\\\/portugalizar.com\\\/that-fantastic-thing\\\/#breadcrumb\",\"itemListElement\":[{\"@type\":\"ListItem\",\"position\":1,\"name\":\"Home\",\"item\":\"https:\\\/\\\/portugalizar.com\\\/\"},{\"@type\":\"ListItem\",\"position\":2,\"name\":\"That Fantastic Thing, Crazy and Stupid,Do It Again!\"}]},{\"@type\":\"WebSite\",\"@id\":\"https:\\\/\\\/portugalizar.com\\\/#website\",\"url\":\"https:\\\/\\\/portugalizar.com\\\/\",\"name\":\"PORTUGALIZAR\",\"description\":\"\",\"publisher\":{\"@id\":\"https:\\\/\\\/portugalizar.com\\\/#organization\"},\"potentialAction\":[{\"@type\":\"SearchAction\",\"target\":{\"@type\":\"EntryPoint\",\"urlTemplate\":\"https:\\\/\\\/portugalizar.com\\\/?s={search_term_string}\"},\"query-input\":{\"@type\":\"PropertyValueSpecification\",\"valueRequired\":true,\"valueName\":\"search_term_string\"}}],\"inLanguage\":\"fr-FR\"},{\"@type\":\"Organization\",\"@id\":\"https:\\\/\\\/portugalizar.com\\\/#organization\",\"name\":\"PORTUGALIZAR\",\"url\":\"https:\\\/\\\/portugalizar.com\\\/\",\"logo\":{\"@type\":\"ImageObject\",\"inLanguage\":\"fr-FR\",\"@id\":\"https:\\\/\\\/portugalizar.com\\\/#\\\/schema\\\/logo\\\/image\\\/\",\"url\":\"\",\"contentUrl\":\"\",\"caption\":\"PORTUGALIZAR\"},\"image\":{\"@id\":\"https:\\\/\\\/portugalizar.com\\\/#\\\/schema\\\/logo\\\/image\\\/\"}},{\"@type\":\"Person\",\"@id\":\"https:\\\/\\\/portugalizar.com\\\/#\\\/schema\\\/person\\\/1f60af48f39895b897e26d9d92ecf6db\",\"name\":\"Gui\",\"image\":{\"@type\":\"ImageObject\",\"inLanguage\":\"fr-FR\",\"@id\":\"https:\\\/\\\/secure.gravatar.com\\\/avatar\\\/0bef00a699e73fc60016c16a6f44683b2a027bb1b48a4b3973732af4cc636712?s=96&d=mm&r=g\",\"url\":\"https:\\\/\\\/secure.gravatar.com\\\/avatar\\\/0bef00a699e73fc60016c16a6f44683b2a027bb1b48a4b3973732af4cc636712?s=96&d=mm&r=g\",\"contentUrl\":\"https:\\\/\\\/secure.gravatar.com\\\/avatar\\\/0bef00a699e73fc60016c16a6f44683b2a027bb1b48a4b3973732af4cc636712?s=96&d=mm&r=g\",\"caption\":\"Gui\"},\"url\":\"https:\\\/\\\/portugalizar.com\\\/fr\\\/author\\\/spestheonlyone\\\/\"}]}<\/script>\n<!-- \/ Yoast SEO plugin. -->","yoast_head_json":{"title":"Cette chose fantastique, folle et stupide, recommence ! - PORTUGAL","description":"Les Portugais partent du principe que la vie est belle, m\u00eame si elle n'est pas toujours facile. Ils n'ont pas besoin de le dire car ils appr\u00e9cient toutes les choses fantastiques de la vie.","robots":{"index":"index","follow":"follow","max-snippet":"max-snippet:-1","max-image-preview":"max-image-preview:large","max-video-preview":"max-video-preview:-1"},"canonical":"https:\/\/portugalizar.com\/fr\/that-fantastic-thing\/","og_locale":"fr_FR","og_type":"article","og_title":"That Fantastic Thing, Crazy and Stupid,Do It Again! - PORTUGALIZAR","og_description":"The Portuguese presume that life is good although not always easy. They don\u2019t need to say it because they enjoy all fantastic things in life.","og_url":"https:\/\/portugalizar.com\/fr\/that-fantastic-thing\/","og_site_name":"PORTUGALIZAR","article_published_time":"2022-05-26T04:00:00+00:00","article_modified_time":"2022-05-26T19:05:22+00:00","og_image":[{"width":2560,"height":1872,"url":"https:\/\/portugalizar.com\/wp-content\/uploads\/2022\/04\/8FD48A82-1F0D-40C2-AE71-C5E3DFB5A971-scaled.jpeg","type":"image\/jpeg"}],"author":"Gui","twitter_card":"summary_large_image","twitter_misc":{"\u00c9crit par":"Gui","Dur\u00e9e de lecture estim\u00e9e":"10 minutes"},"schema":{"@context":"https:\/\/schema.org","@graph":[{"@type":"Article","@id":"https:\/\/portugalizar.com\/that-fantastic-thing\/#article","isPartOf":{"@id":"https:\/\/portugalizar.com\/that-fantastic-thing\/"},"author":{"name":"Gui","@id":"https:\/\/portugalizar.com\/#\/schema\/person\/1f60af48f39895b897e26d9d92ecf6db"},"headline":"That Fantastic Thing, Crazy and Stupid, Do It Again!","datePublished":"2022-05-26T04:00:00+00:00","dateModified":"2022-05-26T19:05:22+00:00","mainEntityOfPage":{"@id":"https:\/\/portugalizar.com\/that-fantastic-thing\/"},"wordCount":2085,"commentCount":12,"publisher":{"@id":"https:\/\/portugalizar.com\/#organization"},"image":{"@id":"https:\/\/portugalizar.com\/that-fantastic-thing\/#primaryimage"},"thumbnailUrl":"https:\/\/i0.wp.com\/portugalizar.com\/wp-content\/uploads\/2022\/04\/8FD48A82-1F0D-40C2-AE71-C5E3DFB5A971-scaled.jpeg?fit=2560%2C1872&ssl=1","articleSection":["Culture &amp; Customs","People"],"inLanguage":"fr-FR","potentialAction":[{"@type":"CommentAction","name":"Comment","target":["https:\/\/portugalizar.com\/that-fantastic-thing\/#respond"]}]},{"@type":"WebPage","@id":"https:\/\/portugalizar.com\/that-fantastic-thing\/","url":"https:\/\/portugalizar.com\/that-fantastic-thing\/","name":"Cette chose fantastique, folle et stupide, recommence ! - PORTUGAL","isPartOf":{"@id":"https:\/\/portugalizar.com\/#website"},"primaryImageOfPage":{"@id":"https:\/\/portugalizar.com\/that-fantastic-thing\/#primaryimage"},"image":{"@id":"https:\/\/portugalizar.com\/that-fantastic-thing\/#primaryimage"},"thumbnailUrl":"https:\/\/i0.wp.com\/portugalizar.com\/wp-content\/uploads\/2022\/04\/8FD48A82-1F0D-40C2-AE71-C5E3DFB5A971-scaled.jpeg?fit=2560%2C1872&ssl=1","datePublished":"2022-05-26T04:00:00+00:00","dateModified":"2022-05-26T19:05:22+00:00","description":"Les Portugais partent du principe que la vie est belle, m\u00eame si elle n'est pas toujours facile. Ils n'ont pas besoin de le dire car ils appr\u00e9cient toutes les choses fantastiques de la vie.","breadcrumb":{"@id":"https:\/\/portugalizar.com\/that-fantastic-thing\/#breadcrumb"},"inLanguage":"fr-FR","potentialAction":[{"@type":"ReadAction","target":["https:\/\/portugalizar.com\/that-fantastic-thing\/"]}]},{"@type":"ImageObject","inLanguage":"fr-FR","@id":"https:\/\/portugalizar.com\/that-fantastic-thing\/#primaryimage","url":"https:\/\/i0.wp.com\/portugalizar.com\/wp-content\/uploads\/2022\/04\/8FD48A82-1F0D-40C2-AE71-C5E3DFB5A971-scaled.jpeg?fit=2560%2C1872&ssl=1","contentUrl":"https:\/\/i0.wp.com\/portugalizar.com\/wp-content\/uploads\/2022\/04\/8FD48A82-1F0D-40C2-AE71-C5E3DFB5A971-scaled.jpeg?fit=2560%2C1872&ssl=1","width":2560,"height":1872},{"@type":"BreadcrumbList","@id":"https:\/\/portugalizar.com\/that-fantastic-thing\/#breadcrumb","itemListElement":[{"@type":"ListItem","position":1,"name":"Home","item":"https:\/\/portugalizar.com\/"},{"@type":"ListItem","position":2,"name":"That Fantastic Thing, Crazy and Stupid,Do It Again!"}]},{"@type":"WebSite","@id":"https:\/\/portugalizar.com\/#website","url":"https:\/\/portugalizar.com\/","name":"PORTUGALISTE","description":"","publisher":{"@id":"https:\/\/portugalizar.com\/#organization"},"potentialAction":[{"@type":"SearchAction","target":{"@type":"EntryPoint","urlTemplate":"https:\/\/portugalizar.com\/?s={search_term_string}"},"query-input":{"@type":"PropertyValueSpecification","valueRequired":true,"valueName":"search_term_string"}}],"inLanguage":"fr-FR"},{"@type":"Organization","@id":"https:\/\/portugalizar.com\/#organization","name":"PORTUGALISTE","url":"https:\/\/portugalizar.com\/","logo":{"@type":"ImageObject","inLanguage":"fr-FR","@id":"https:\/\/portugalizar.com\/#\/schema\/logo\/image\/","url":"","contentUrl":"","caption":"PORTUGALIZAR"},"image":{"@id":"https:\/\/portugalizar.com\/#\/schema\/logo\/image\/"}},{"@type":"Person","@id":"https:\/\/portugalizar.com\/#\/schema\/person\/1f60af48f39895b897e26d9d92ecf6db","name":"Gui","image":{"@type":"ImageObject","inLanguage":"fr-FR","@id":"https:\/\/secure.gravatar.com\/avatar\/0bef00a699e73fc60016c16a6f44683b2a027bb1b48a4b3973732af4cc636712?s=96&d=mm&r=g","url":"https:\/\/secure.gravatar.com\/avatar\/0bef00a699e73fc60016c16a6f44683b2a027bb1b48a4b3973732af4cc636712?s=96&d=mm&r=g","contentUrl":"https:\/\/secure.gravatar.com\/avatar\/0bef00a699e73fc60016c16a6f44683b2a027bb1b48a4b3973732af4cc636712?s=96&d=mm&r=g","caption":"Gui"},"url":"https:\/\/portugalizar.com\/fr\/author\/spestheonlyone\/"}]}},"jetpack_featured_media_url":"https:\/\/i0.wp.com\/portugalizar.com\/wp-content\/uploads\/2022\/04\/8FD48A82-1F0D-40C2-AE71-C5E3DFB5A971-scaled.jpeg?fit=2560%2C1872&ssl=1","jetpack-related-posts":[],"jetpack_sharing_enabled":true,"_links":{"self":[{"href":"https:\/\/portugalizar.com\/fr\/wp-json\/wp\/v2\/posts\/1348","targetHints":{"allow":["GET"]}}],"collection":[{"href":"https:\/\/portugalizar.com\/fr\/wp-json\/wp\/v2\/posts"}],"about":[{"href":"https:\/\/portugalizar.com\/fr\/wp-json\/wp\/v2\/types\/post"}],"author":[{"embeddable":true,"href":"https:\/\/portugalizar.com\/fr\/wp-json\/wp\/v2\/users\/1"}],"replies":[{"embeddable":true,"href":"https:\/\/portugalizar.com\/fr\/wp-json\/wp\/v2\/comments?post=1348"}],"version-history":[{"count":5,"href":"https:\/\/portugalizar.com\/fr\/wp-json\/wp\/v2\/posts\/1348\/revisions"}],"predecessor-version":[{"id":1526,"href":"https:\/\/portugalizar.com\/fr\/wp-json\/wp\/v2\/posts\/1348\/revisions\/1526"}],"wp:featuredmedia":[{"embeddable":true,"href":"https:\/\/portugalizar.com\/fr\/wp-json\/wp\/v2\/media\/1102"}],"wp:attachment":[{"href":"https:\/\/portugalizar.com\/fr\/wp-json\/wp\/v2\/media?parent=1348"}],"wp:term":[{"taxonomy":"category","embeddable":true,"href":"https:\/\/portugalizar.com\/fr\/wp-json\/wp\/v2\/categories?post=1348"},{"taxonomy":"post_tag","embeddable":true,"href":"https:\/\/portugalizar.com\/fr\/wp-json\/wp\/v2\/tags?post=1348"}],"curies":[{"name":"wp","href":"https:\/\/api.w.org\/{rel}","templated":true}]}}