{"id":1293,"date":"2022-06-02T04:00:00","date_gmt":"2022-06-02T04:00:00","guid":{"rendered":"https:\/\/portugalizar.com\/?p=1293"},"modified":"2022-07-13T22:21:27","modified_gmt":"2022-07-13T22:21:27","slug":"weird-and-wild","status":"publish","type":"post","link":"https:\/\/portugalizar.com\/fr\/weird-and-wild\/","title":{"rendered":"Bizarre et sauvage, \u00e7a doit \u00eatre..."},"content":{"rendered":"<p><em>Bonjour \u00e0 tous ! \u00c9 \u00f3ptimo estar de novo convosco !<\/em> Bonjour \u00e0 tous ! C'est g\u00e9nial d'\u00eatre \u00e0 nouveau parmi vous ! Le post d'aujourd'hui traite de l'\u00e9trange et du sauvage ici au Portugal et en portugais. C'est-\u00e0-dire, bizarre et sauvage du point de vue des expatri\u00e9s, <em>os estranhos<\/em>. L'anglais peut sembler fade, voire ennuyeux, compar\u00e9 au portugais.<\/p>\n\n\n\n<p>Sur <a href=\"https:\/\/portugalizar.com\/fr\/help-is-on-the-way\/\" target=\"_blank\" rel=\"noreferrer noopener\">poste 2<\/a> et <a href=\"https:\/\/portugalizar.com\/fr\/quite-a-lot\/\" target=\"_blank\" rel=\"noreferrer noopener\">poste 3<\/a> nous avons discut\u00e9 du langage portugais de la courtoisie. Comme nous l'avons vu, ce mode d'expression gracieux utilise l'imparfait du pass\u00e9, <em>o pret\u00e9rito imperfeito<\/em>ainsi que le conditionnel, <em>o conditionnel<\/em>. Mais comme tous les temps des verbes portugais et m\u00eame les verbes eux-m\u00eames, ils font tous beaucoup plus qu'un seul travail. C'est particuli\u00e8rement vrai pour l'imparfait du pass\u00e9 en portugais. Les anglophones trouveront ce genre d'expression \u00e9trange, ainsi qu'un tour de magie verbale.<\/p>\n\n\n\n<h2 class=\"wp-block-heading\">C'est bizarre et sauvage : le portugais donne beaucoup de travail \u00e0 ses locuteurs<\/h2>\n\n\n\n<p><em>O pret\u00e9rito imperfeito<\/em>Comme nous l'avons vu, elle permet de faire preuve de bienveillance envers les autres, en particulier envers les \u00e9trangers. Nous avons d\u00e9j\u00e0 consacr\u00e9 beaucoup de temps \u00e0 cet aspect, nous allons donc passer \u00e0 autre chose. Elle permet aussi toute une s\u00e9rie d'autres \u00e9motions. Au-del\u00e0 de la politesse, elle permet l'espoir, elle exprime la nostalgie et elle appelle la m\u00e9lancolie. Il conf\u00e8re \u00e9galement de l'ironie et transmet un sarcasme l\u00e9ger. En anglais, le ton et les mani\u00e8res de l'orateur peuvent avoir \u00e0 porter ces \u00e9motions. En portugais, les mots eux-m\u00eames sont capables de porter ces \u00e9motions.&nbsp;<\/p>\n\n\n\n<p>Par exemple, il y a le sarcasme. Disons que vous connaissez une personne qui a l'habitude d'\u00eatre en retard pour tout. Nous avons tous au moins une de ces personnes dans notre vie. Comment transmettre votre frustration bon enfant \u00e0 ce membre de la famille ou \u00e0 cet ami ? En anglais, verbalement, je peux seulement dire quelque chose comme \"oh, late again are we\". La frustration de bon aloi n\u00e9cessitera une dramaturgie vocale ainsi que des gestes th\u00e9\u00e2traux. C'est, comparativement, beaucoup d'efforts. Vous voulez faire comprendre \u00e0 la personne que vous n'appr\u00e9ciez pas son retard. Et que, malgr\u00e9 tout, vous l'aimez quand m\u00eame.<\/p>\n\n\n\n<p>En portugais, c'est plus facile, presque sans effort. Il suffit \u00e0 un lusophone de passer du pr\u00e9sent \u00e0 l'imparfait du pass\u00e9. Le pr\u00e9sent, s\u00e9v\u00e8rement correctif, se r\u00e9sume \u00e0 , <em>deve chegar a horas<\/em> (vous devriez \u00eatre \u00e0 l'heure parce que c'est ce qui est juste). L'imparfait du pass\u00e9, gentiment r\u00e9primand\u00e9, fait son effet, <em>devia chegar a horas<\/em> (tu devrais \u00eatre \u00e0 l'heure mais, ch\u00e9rie, je sais que tu n'as pas encore appris cela). En portugais, les mots eux-m\u00eames transmettent l'\u00e9motion, le doux sarcasme dans ce cas. La personne qui parle n'a pas besoin de s'engager dans le ton ou le geste, mais elle peut le faire si elle le souhaite.<\/p>\n\n\n\n<h2 class=\"wp-block-heading\">Des choses bizarres, mais pas si bizarres<\/h2>\n\n\n\n<p>Pour \u00eatre courtois avec les \u00e9trangers en portugais, vous avez besoin de l'imparfait du pass\u00e9. Pour \u00eatre affectueusement sarcastique envers des familiers, vous avez besoin de l'imparfait. La juxtaposition de la courtoisie et du sarcasme ainsi que des \u00e9trangers et des familiers semble d\u00e9finitivement bizarre et sauvage pour cet anglophone. Mais rappelez-vous notre rencontre avec <em>saudade<\/em> dans un <a href=\"https:\/\/portugalizar.com\/fr\/doomed-yet-happy\/\" target=\"_blank\" rel=\"noreferrer noopener\">poste pr\u00e9c\u00e9dent<\/a>. Les Portugais sont \u00e0 l'aise dans l'entre-deux, que ce soit entre le pass\u00e9 et l'avenir, ou entre la tristesse et l'espoir. Ils sont \u00e9galement capables d'\u00e9quilibrer les difficult\u00e9s quotidiennes avec le bien de la vie. Ce dernier point a \u00e9t\u00e9 abord\u00e9 dans <a href=\"https:\/\/portugalizar.com\/fr\/that-fantastic-thing\/\" target=\"_blank\" rel=\"noreferrer noopener\">le billet de la semaine derni\u00e8re<\/a>.<\/p>\n\n\n\n<p>Donc, tout cela peut sembler bizarre, mais pas tant que \u00e7a. C'est juste du portugais, comme la langue et les gens. Et l'utilisation plus g\u00e9n\u00e9rique de l'imparfait du pass\u00e9 portugais est encore plus typiquement portugaise. Il permet au locuteur de jeter un coup d'\u0153il par-dessus son \u00e9paule et de se souvenir du pass\u00e9 avec nostalgie, tristesse et nostalgie. N\u00e9anmoins, pendant tout ce temps, le locuteur reste dans le pr\u00e9sent et regarde m\u00eame l'avenir. Comme je l'ai dit, tout cela est tr\u00e8s portugais.<\/p>\n\n\n\n<p>Je vais d\u00e9monter la complexit\u00e9 du portugais. <em>o pret\u00e9rito imperfeito<\/em>. C'est-\u00e0-dire s\u00e9parer le pass\u00e9 de l'avenir, ce qui, je l'esp\u00e8re, donnera plus de sens \u00e0 la situation. Je vais utiliser <em>Fado<\/em>l'une des principales traditions musicales du Portugal. <em>o pret\u00e9rito imperfeito's <\/em>l'appr\u00e9hension du pass\u00e9. <em>Fado<\/em> est l'expression musicale de, l'essence m\u00eame de... <em>saudade<\/em>. Et <em>saudade<\/em>comme nous en avons discut\u00e9, comprend l'\u00e2me portugaise. De fa\u00e7on incongrue, j'ai pens\u00e9 utiliser Saga, l'un de nos chiots, pour m'aider avec... <em>o pret\u00e9rito imperfeito's<\/em> l'orientation future. Alors voil\u00e0.<\/p>\n\n\n\n<figure class=\"wp-block-image alignwide size-large\"><img data-recalc-dims=\"1\" fetchpriority=\"high\" decoding=\"async\" width=\"950\" height=\"343\" src=\"https:\/\/i0.wp.com\/portugalizar.com\/wp-content\/uploads\/2022\/06\/Hopes-and-dreams-through-all-the-years%E2%80%A6.jpg?resize=950%2C343&#038;ssl=1\" alt=\"\" class=\"wp-image-1542\" srcset=\"https:\/\/i0.wp.com\/portugalizar.com\/wp-content\/uploads\/2022\/06\/Hopes-and-dreams-through-all-the-years%E2%80%A6-scaled.jpg?resize=1024%2C370&amp;ssl=1 1024w, https:\/\/i0.wp.com\/portugalizar.com\/wp-content\/uploads\/2022\/06\/Hopes-and-dreams-through-all-the-years%E2%80%A6-scaled.jpg?resize=300%2C108&amp;ssl=1 300w, https:\/\/i0.wp.com\/portugalizar.com\/wp-content\/uploads\/2022\/06\/Hopes-and-dreams-through-all-the-years%E2%80%A6-scaled.jpg?resize=768%2C278&amp;ssl=1 768w, https:\/\/i0.wp.com\/portugalizar.com\/wp-content\/uploads\/2022\/06\/Hopes-and-dreams-through-all-the-years%E2%80%A6-scaled.jpg?resize=1536%2C555&amp;ssl=1 1536w, https:\/\/i0.wp.com\/portugalizar.com\/wp-content\/uploads\/2022\/06\/Hopes-and-dreams-through-all-the-years%E2%80%A6-scaled.jpg?resize=2048%2C740&amp;ssl=1 2048w, https:\/\/i0.wp.com\/portugalizar.com\/wp-content\/uploads\/2022\/06\/Hopes-and-dreams-through-all-the-years%E2%80%A6-scaled.jpg?resize=18%2C7&amp;ssl=1 18w, https:\/\/i0.wp.com\/portugalizar.com\/wp-content\/uploads\/2022\/06\/Hopes-and-dreams-through-all-the-years%E2%80%A6-scaled.jpg?resize=2000%2C723&amp;ssl=1 2000w, https:\/\/i0.wp.com\/portugalizar.com\/wp-content\/uploads\/2022\/06\/Hopes-and-dreams-through-all-the-years%E2%80%A6-scaled.jpg?w=1900&amp;ssl=1 1900w\" sizes=\"(max-width: 950px) 100vw, 950px\" \/><figcaption>\"Des espoirs et des r\u00eaves \u00e0 travers toutes les ann\u00e9es...\", 2022<\/figcaption><\/figure>\n\n\n\n<h2 class=\"wp-block-heading\">Coup d'\u0153il en arri\u00e8re<\/h2>\n\n\n\n<p>Le retour \u00e0 la maison au Portugal apr\u00e8s ce dernier No\u00ebl. Apr\u00e8s avoir enterr\u00e9 mon beau-p\u00e8re bien-aim\u00e9. J'ai \u00e9t\u00e9 pi\u00e9g\u00e9 dans la peinture all\u00e9gorique \u00e0 nouveau. Et cette fois, j'ai eu des ennuis avec un de mes plus chers amis. Longue histoire. Mais je ne savais pas comment exprimer autrement ce que je ressentais. Les espoirs futurs et les r\u00eaves pass\u00e9s flottaient sur une terre dess\u00e9ch\u00e9e. Une petite oasis \u00e9mergeait dans les souvenirs.<\/p>\n\n\n\n<p><em>O pret\u00e9rito imperfeito<\/em> \u00e9voque le pass\u00e9 avec nostalgie et r\u00e9v\u00e9rence, c'est-\u00e0-dire comme \"avant\". La seule bonne traduction anglaise du portugais pour <em>o pret\u00e9rito imperfeito<\/em> placez \"used to\" devant le verbe principal. Par exemple, <em>a travaill\u00e9 dans la ville<\/em> se traduit par \"J'avais l'habitude de travailler en ville\". En anglais, il est difficile de ressentir la nostalgie, l'angoisse et le d\u00e9sir. Mais ils sont l\u00e0 si vous \u00e9coutez attentivement le passage \"used to\". En portugais, la nostalgie de l'\u00e9poque o\u00f9 vous travailliez en ville est palpable, palpitante.<\/p>\n\n\n\n<p>Si un Portugais partageait, sans \u00e9motion, que \"je travaillais en ville\", alors <em>trabalhei na cidade<\/em>. Juste les faits, rien que les faits ; il utilise le pass\u00e9. Mais le Portugais a besoin de faire plus que de partager des faits. Il veut donner de la chair aux faits et donner du c\u0153ur \u00e0 ces faits ! <em>O pret\u00e9rito imperfeito<\/em> fait ce travail.<\/p>\n\n\n\n<p><em>O pret\u00e9rito imperfeito<\/em> \u00e9tait mon langage tout au long de la pand\u00e9mie. Comme vous peut-\u00eatre, je vivais dans le \"autrefois\". Je me languissais de toutes les choses que j'avais l'impression d'avoir perdues, et que j'ai en fait perdues. Envelopp\u00e9 dans des masques, oint de gel alcoolis\u00e9 et six pieds (ou, 2 m\u00e8tres) sous, non, je veux dire loin. Le pass\u00e9 semblait \u00eatre le seul endroit o\u00f9 aller. L\u00e0, j'ai r\u00eav\u00e9 et esp\u00e9r\u00e9 en l'avenir. Le pass\u00e9 et le futur ont fusionn\u00e9 dans un pr\u00e9sent surr\u00e9aliste.<\/p>\n\n\n\n<h2 class=\"wp-block-heading\">La r\u00e9alit\u00e9<\/h2>\n\n\n\n<p>En 2016, Joseph et moi, ainsi que de nombreux amis et membres de la famille, avons lou\u00e9 une maison et voyag\u00e9 en Toscane. Six mois plus t\u00f4t, j'ai fait un arr\u00eat cardiaque et suis d\u00e9c\u00e9d\u00e9 sur une avenue tr\u00e8s fr\u00e9quent\u00e9e de New York. Je retournais \u00e0 mon bureau apr\u00e8s un d\u00e9jeuner d'affaires. Un ange, Claire O'Neill, s'est arr\u00eat\u00e9 et, \u00e0 l'aide d'un massage cardiaque, a fait le travail que mon c\u0153ur ne voulait pas faire. Elle a travaill\u00e9 et travaill\u00e9 jusqu'\u00e0 l'arriv\u00e9e de l'ambulance. Les m\u00e9decins ont eu du mal \u00e0 faire red\u00e9marrer mon c\u0153ur. Au bout d'un moment, ils ont abandonn\u00e9, jusqu'\u00e0 ce que Claire les pousse, non sans douceur, \u00e0 continuer.<\/p>\n\n\n\n<figure class=\"wp-block-image alignfull size-large\"><img data-recalc-dims=\"1\" decoding=\"async\" width=\"950\" height=\"222\" src=\"https:\/\/i0.wp.com\/portugalizar.com\/wp-content\/uploads\/2022\/05\/Remember-when....png?resize=950%2C222&#038;ssl=1\" alt=\"\" class=\"wp-image-1508\" srcset=\"https:\/\/i0.wp.com\/portugalizar.com\/wp-content\/uploads\/2022\/05\/Remember-when....png?resize=1024%2C239&amp;ssl=1 1024w, https:\/\/i0.wp.com\/portugalizar.com\/wp-content\/uploads\/2022\/05\/Remember-when....png?resize=300%2C70&amp;ssl=1 300w, https:\/\/i0.wp.com\/portugalizar.com\/wp-content\/uploads\/2022\/05\/Remember-when....png?resize=768%2C179&amp;ssl=1 768w, https:\/\/i0.wp.com\/portugalizar.com\/wp-content\/uploads\/2022\/05\/Remember-when....png?resize=1536%2C358&amp;ssl=1 1536w, https:\/\/i0.wp.com\/portugalizar.com\/wp-content\/uploads\/2022\/05\/Remember-when....png?resize=2048%2C478&amp;ssl=1 2048w, https:\/\/i0.wp.com\/portugalizar.com\/wp-content\/uploads\/2022\/05\/Remember-when....png?resize=18%2C4&amp;ssl=1 18w, https:\/\/i0.wp.com\/portugalizar.com\/wp-content\/uploads\/2022\/05\/Remember-when....png?resize=2000%2C467&amp;ssl=1 2000w, https:\/\/i0.wp.com\/portugalizar.com\/wp-content\/uploads\/2022\/05\/Remember-when....png?w=1900&amp;ssl=1 1900w, https:\/\/i0.wp.com\/portugalizar.com\/wp-content\/uploads\/2022\/05\/Remember-when....png?w=2850&amp;ssl=1 2850w\" sizes=\"(max-width: 950px) 100vw, 950px\" \/><figcaption>\"Tu te souviens quand...\", 2020<\/figcaption><\/figure>\n\n\n\n<p>Lors de notre premi\u00e8re soir\u00e9e sous le soleil d\u00e9clinant de la Toscane, je suis tomb\u00e9e sur Joseph, seul, regardant la campagne. Je ne sais pas s'il savait que j'\u00e9tais l\u00e0. Cette image, cependant, s'est grav\u00e9e dans mon cerveau et dans mon c\u0153ur. Ce n'est qu'en apprenant le portugais que j'ai commenc\u00e9 \u00e0 avoir des mots pour la comprendre. C'\u00e9tait le d\u00e9sir, la tristesse, la nostalgie qu'exige la m\u00e9moire. Qu'elle exige que les souvenirs soient heureux ou non. Le pass\u00e9 maintenant disparu - fini - mais toujours tenu serr\u00e9 et proche. <em>O pret\u00e9rito imperfeito.<\/em> <\/p>\n\n\n\n<p>J'ai imagin\u00e9 Joseph, se tenant sur cette terrasse, encore sous l'emprise de <em>o pret\u00e9rito imperfeito<\/em> de juste six mois plus t\u00f4t. En deuil de tout ce qui \u00e9tait s\u00fbrement perdu. Esp\u00e9rant farouchement - voulant - le futur. Coinc\u00e9 dans le pr\u00e9sent entre le premier et le second.<\/p>\n\n\n\n<p>Peut-\u00eatre Joseph appr\u00e9ciait-il les teintes adoucies du ciel du soir et le d\u00e9fil\u00e9 des peupliers. Ou peut-\u00eatre a-t-il simplement entendu la piscine appeler son nom. Je pr\u00e9f\u00e8re mon intuition initiale \u00e0 ses souvenirs ; c'est ce que m'a r\u00e9v\u00e9l\u00e9 le fait de le peindre dans cette sc\u00e8ne quatre ans plus tard. Si j'ai raison, alors Joseph fredonnait dans sa t\u00eate et murmurait dans son c\u0153ur, sans le savoir, la partition d\u00e9chirante d'une <em>Fado<\/em> chanson. <\/p>\n\n\n\n<h2 class=\"wp-block-heading\">Fado<\/h2>\n\n\n\n<p><em>O pret\u00e9rito imperfeito<\/em> est la grammaire de <em>saudade<\/em>. <em>Fado<\/em> est <em>de la saudade<\/em> les paroles et le rythme. La premi\u00e8re fois que j'ai entendu un <em>fadista<\/em>\u00e0 Lisbonne lors d'un concert organis\u00e9 pour les touristes, j'ai imm\u00e9diatement pens\u00e9 \u00e0... <a href=\"https:\/\/en.wikipedia.org\/wiki\/Blues\" target=\"_blank\" rel=\"noreferrer noopener\">American Blues<\/a>. Si je ne comprenais pas les mots de la chanteuse, je comprenais certainement ses \u00e9motions. Comme pour le Blues, le <em>fadista<\/em> partage ses malheurs personnels inflig\u00e9s par un monde dur. Les amants s'enfuient. Les emplois et l'argent disparaissent. La loi est brutalement injuste. La vie s'\u00e9coule dans le caniveau.<\/p>\n\n\n\n<p><em>Fado<\/em> se souvient du pass\u00e9 avec vivacit\u00e9. Il essaie de comprendre comment les choses ont mal tourn\u00e9. Impr\u00e9gn\u00e9e de fatalit\u00e9 et de r\u00e9signation, la m\u00e9lancolie s'installe. Comme le blues, <em>Fado<\/em> est la musique des opprim\u00e9s, de ceux qui n'ont pas beaucoup de choix ni d'options. Le souvenir, cependant, donne aussi de la force et de la puissance dans le pr\u00e9sent. Le souvenir renforce et fortifie l'\u00e2me humaine. Le site <em>de la fadista<\/em> La voix porte la force et l'audace. Un chant d'espoir \u00e9merge de ce r\u00e9cit m\u00e9lancolique et malheureux. <\/p>\n\n\n\n<p>Ma premi\u00e8re fascination pour <em>Fado<\/em> a commenc\u00e9 par <a href=\"https:\/\/www.museudofado.pt\/en\/fado\/persolanity\/amaila-rodrigues-en\" target=\"_blank\" rel=\"noreferrer noopener\">Am\u00e1lia <\/a><a href=\"https:\/\/www.museudofado.pt\/fado\/personalidade\/amalia-rodrigues\" target=\"_blank\" rel=\"noreferrer noopener\">Rodrigues<\/a>. Elle est certainement la plus grande <em>fadista<\/em> du vingti\u00e8me si\u00e8cle. Elle est morte en 1999. Comme pour toute nouvelle exp\u00e9rience, j'ai maintenant envie de peindre pour mieux comprendre. J'ai peint le grand <em>une Senhora<\/em> comme je l'imaginais plus jeune, entre deux sets. Elle r\u00e9fl\u00e9chit \u00e0 la derni\u00e8re s\u00e9rie. <em>Une Senhora<\/em> se souvient des erreurs, des mauvais moments, du moment o\u00f9 elle a perdu sa cl\u00e9. <\/p>\n\n\n\n<figure class=\"wp-block-image alignwide size-large\"><img data-recalc-dims=\"1\" decoding=\"async\" width=\"671\" height=\"1024\" src=\"https:\/\/i0.wp.com\/portugalizar.com\/wp-content\/uploads\/2022\/05\/A9A56C14-D709-4214-A5C2-E121D5232390-671x1024.jpeg?resize=671%2C1024&#038;ssl=1\" alt=\"\" class=\"wp-image-1528\" srcset=\"https:\/\/i0.wp.com\/portugalizar.com\/wp-content\/uploads\/2022\/05\/A9A56C14-D709-4214-A5C2-E121D5232390.jpeg?resize=671%2C1024&amp;ssl=1 671w, https:\/\/i0.wp.com\/portugalizar.com\/wp-content\/uploads\/2022\/05\/A9A56C14-D709-4214-A5C2-E121D5232390.jpeg?resize=197%2C300&amp;ssl=1 197w, https:\/\/i0.wp.com\/portugalizar.com\/wp-content\/uploads\/2022\/05\/A9A56C14-D709-4214-A5C2-E121D5232390.jpeg?resize=768%2C1171&amp;ssl=1 768w, https:\/\/i0.wp.com\/portugalizar.com\/wp-content\/uploads\/2022\/05\/A9A56C14-D709-4214-A5C2-E121D5232390.jpeg?resize=1007%2C1536&amp;ssl=1 1007w, https:\/\/i0.wp.com\/portugalizar.com\/wp-content\/uploads\/2022\/05\/A9A56C14-D709-4214-A5C2-E121D5232390.jpeg?resize=8%2C12&amp;ssl=1 8w, https:\/\/i0.wp.com\/portugalizar.com\/wp-content\/uploads\/2022\/05\/A9A56C14-D709-4214-A5C2-E121D5232390.jpeg?w=1093&amp;ssl=1 1093w\" sizes=\"(max-width: 671px) 100vw, 671px\" \/><figcaption>\"Eu cantava de novo\", 2020<\/figcaption><\/figure>\n\n\n\n<p>Avec ces souvenirs, cependant, elle se raidit pour le prochain set. Elle a trouv\u00e9 la force et la d\u00e9termination. Sur <em>o pret\u00e9rito imperfeito<\/em> elle \"chantera \u00e0 nouveau\" \/\/ <em>cantava de novo<\/em>. Oui, avec <em>o pret\u00e9rito imperfeito<\/em>Le fait d'habiter et de se souvenir du pass\u00e9 nous porte, par l'espoir, vers l'avenir. <em>Cantava de novo<\/em> signifie, dans son sens le plus complet, \"j'ai chant\u00e9 avant, je chante maintenant et je chanterai encore pour toujours\".<\/p>\n\n\n\n<h2 class=\"wp-block-heading\">Pas statique, un peu bizarre et d\u00e9finitivement sauvage<\/h2>\n\n\n\n<p>En portugais, rien n'est inflexible ou absolu, et surtout pas <em>o pret\u00e9rito imperfeito<\/em>. Ce temps portugais permet certainement, voire encourage, un regard nostalgique par-dessus l'\u00e9paule vers le pass\u00e9, ind\u00e9niablement charg\u00e9 de nostalgie m\u00e9lancolique. Mais <em>o pret\u00e9rito imperfeito<\/em> incarne \u00e9galement l'espoir et le d\u00e9sir. Elle insiste sur le fait qu'il faut d\u00e9tourner le regard du pass\u00e9 vers l'avenir en passant par le pr\u00e9sent. La nostalgie du pass\u00e9, du moins en portugais, cr\u00e9e un espoir et un d\u00e9sir orient\u00e9s vers l'avenir. C'est peut-\u00eatre un peu bizarre et c'est d\u00e9finitivement sauvage.<\/p>\n\n\n\n<p>En parlant de sauvage, je dois vous parler d'un de nos chiots ! Nous avons deux chiens sauv\u00e9s <a href=\"https:\/\/www.akc.org\/dog-breeds\/sealyham-terrier\/\" target=\"_blank\" rel=\"noreferrer noopener\">Terriers de Sealyham<\/a>Tucker et Saga. J'aimerais vous raconter ici l'histoire de Saga. A une date ult\u00e9rieure, je partagerai celle de Tucker. Aujourd'hui, le 2 juin, c'est l'anniversaire de Saga. Elle a 10 ans. Elle est venue vivre avec nous \u00e0 l'\u00e2ge de 4 ans.<\/p>\n\n\n\n<p>Le terrier de Sealyham est une race qui travaille dans les fermes. Nos deux chiens me semblent encore tr\u00e8s proches de leurs instincts originels. Comme tous les chiens, ils sont adorables, intelligents et incroyablement sensibles, c'est-\u00e0-dire d'excellents compagnons. Cependant, les Sealyham, ce que nous <em>aficionados<\/em> appelez-les, surveillez attentivement et contr\u00f4lez consciencieusement les visiteurs, surtout les jeunes enfants. Quant aux autres chiens, chats, rats et autres petites cr\u00e9atures \u00e0 fourrure, oubliez-les.<\/p>\n\n\n\n<p>Saga est issue d'une incroyable souche Sealyham, la noblesse des Sealyhams. \u00c9lev\u00e9e comme chien d'exposition, elle est devenue une grande championne. Elle s'est class\u00e9e meilleure de l'exposition ou meilleure de la race en Finlande, en Su\u00e8de et en Norv\u00e8ge et elle a \u00e9galement obtenu le titre de championne de Scandinavie. Et, comme il sied \u00e0 un Sealy noble, ses instincts sont une dominance fougueuse et une ind\u00e9pendance irascible.<\/p>\n\n\n\n<h2 class=\"wp-block-heading\">Mon monde, mes conditions<\/h2>\n\n\n\n<p>Lorsque Saga a atteint l'\u00e2ge de trois ans et demi, il \u00e9tait temps pour elle de faire ses preuves en dehors du ring d'exposition et dans le parc d'\u00e9levage. Nous \u00e9tions en lice pour l'un des premiers chiots de Saga. Heureusement ou malheureusement, l'\u00e9levage ne s'est pas d\u00e9roul\u00e9 comme pr\u00e9vu, sauf peut-\u00eatre du point de vue de Saga. Saga s'est montr\u00e9e \u00e0 la hauteur de ses standards de race lorsqu'elle \u00e9tait jumel\u00e9e \u00e0 un partenaire champion appropri\u00e9. Cependant, \u00e0 sa grande surprise, lorsqu'il a tent\u00e9 une approche romantique, Saga s'est retourn\u00e9e contre lui avec une fureur in\u00e9gal\u00e9e, produisant du sang ainsi qu'une blessure traumatique de l'ego. <\/p>\n\n\n\n<p>Dans un autre match, le m\u00eame r\u00e9sultat s'est produit. Saga ne se soumettait tout simplement pas \u00e0 un autre chien. Lorsque j'ai contact\u00e9 l'\u00e9leveur au sujet de notre chiot promis, Saga \u00e9tait sur le point d'\u00eatre euthanasi\u00e9 pour son comportement. Attaquer d'autres chiens - surtout des m\u00e2les champions - n'\u00e9tait pas acceptable, m\u00eame dans l'Europe ultra-lib\u00e9rale. J'ai plaid\u00e9 pour l'adopter car nous voulions un chien de sauvetage plus \u00e2g\u00e9 ; nous n'allions jamais l'\u00e9lever.<\/p>\n\n\n\n<p>Chez nous, Saga est une \u00e9nergie et une \u00e9tincelle qui vit, respire et bondit. Elle est toujours en mouvement, sa queue est toujours en pleine action. Sa curiosit\u00e9 ne conna\u00eet pas la peur et, apparemment, parfois, elle n'est pas limit\u00e9e par le bon sens. Elle nous suit partout dans l'attente d'une excitation inconnue, encore non d\u00e9couverte. <\/p>\n\n\n\n<p>Elle est aussi un paquet d'amour, mais c'est elle qui d\u00e9cide de la mani\u00e8re dont cet amour sera dispens\u00e9. Saga n'est pas un chien que l'on peut prendre dans ses bras et c\u00e2liner. Oh, elle est pr\u00eate \u00e0 faire des c\u00e2lins, oui, elle adore \u00e7a. Mais seulement si c'est elle qui fait les avances et seulement si elle d\u00e9cide aussi de la mani\u00e8re dont cela se passe. Le monde est \u00e0 elle, \u00e0 ses conditions. Mais elle <em>joie de vivre<\/em> est totalement contagieuse et infectieuse.<\/p>\n\n\n\n<h2 class=\"wp-block-heading\">Un regard r\u00e9solument tourn\u00e9 vers l'avenir<\/h2>\n\n\n\n<p>En dehors de la maison, lors d'une promenade, Saga est litt\u00e9ralement, pr\u00e9ternaturellement et \u00e9ternellement en chasse. Le monde entier est \u00e0 elle pour le soumettre et l'apprivoiser. Elle le traque avec d\u00e9termination et t\u00e9nacit\u00e9. Chaque once de son corps, chaque fibre, chaque nerf et chaque cellule fonctionne \u00e0 une capacit\u00e9 de 200%. Une fois de retour \u00e0 la maison, Saga s'effondre d'\u00e9puisement. Tucker, ayant termin\u00e9 la m\u00eame promenade, rentre \u00e0 la maison \u00e0 peine haletant.&nbsp;<\/p>\n\n\n\n<p>Dans mon imagination, Saga est l'anc\u00eatre, l'arch\u00e9type du chien. Elle incarne la sauvagerie, la curiosit\u00e9 et l'ind\u00e9pendance farouche de ses anc\u00eatres loups gris, mais elle les temp\u00e8re par sa d\u00e9votion et sa joie pour la compagnie et l'amour des humains. Sa sauvagerie est \u00e9vidente et ne peut \u00eatre annul\u00e9e.<\/p>\n\n\n\n<figure class=\"wp-block-image alignwide size-large\"><img data-recalc-dims=\"1\" loading=\"lazy\" decoding=\"async\" width=\"768\" height=\"1024\" src=\"https:\/\/i0.wp.com\/portugalizar.com\/wp-content\/uploads\/2022\/05\/Fazia-Selvagem-Novamente.png?resize=768%2C1024&#038;ssl=1\" alt=\"\" class=\"wp-image-1507\" srcset=\"https:\/\/i0.wp.com\/portugalizar.com\/wp-content\/uploads\/2022\/05\/Fazia-Selvagem-Novamente.png?resize=768%2C1024&amp;ssl=1 768w, https:\/\/i0.wp.com\/portugalizar.com\/wp-content\/uploads\/2022\/05\/Fazia-Selvagem-Novamente.png?resize=225%2C300&amp;ssl=1 225w, https:\/\/i0.wp.com\/portugalizar.com\/wp-content\/uploads\/2022\/05\/Fazia-Selvagem-Novamente.png?resize=1152%2C1536&amp;ssl=1 1152w, https:\/\/i0.wp.com\/portugalizar.com\/wp-content\/uploads\/2022\/05\/Fazia-Selvagem-Novamente.png?resize=1536%2C2048&amp;ssl=1 1536w, https:\/\/i0.wp.com\/portugalizar.com\/wp-content\/uploads\/2022\/05\/Fazia-Selvagem-Novamente.png?resize=9%2C12&amp;ssl=1 9w, https:\/\/i0.wp.com\/portugalizar.com\/wp-content\/uploads\/2022\/05\/Fazia-Selvagem-Novamente.png?w=1900&amp;ssl=1 1900w, https:\/\/i0.wp.com\/portugalizar.com\/wp-content\/uploads\/2022\/05\/Fazia-Selvagem-Novamente.png?w=2850&amp;ssl=1 2850w\" sizes=\"(max-width: 768px) 100vw, 768px\" \/><figcaption>\"Fazia Selvagem Novamente\", 2021<\/figcaption><\/figure>\n\n\n\n<p>J'imagine, dans mon esprit, qu'un jour Saga retrouvera sa meute de loups gris. Elle deviendra leur l\u00e9gendaire et h\u00e9ro\u00efque alpha. Saga a \u00e9t\u00e9 sauvage, elle est sauvage aujourd'hui et elle le sera \u00e0 nouveau. Saga incarne <em>o pret\u00e9rito imperfeito's<\/em> l'enthousiasme et les folles esp\u00e9rances de l'avenir.<\/p>\n\n\n\n<h2 class=\"wp-block-heading\"> Tenir ensemble le bizarre et le sauvage<\/h2>\n\n\n\n<p>Il commence \u00e0 me sembler, deux ans et demi apr\u00e8s le d\u00e9but de cette pand\u00e9mie, qu'une grande partie de la vie consiste \u00e0 maintenir les oppos\u00e9s ensemble et en tension les uns avec les autres. J'ai commenc\u00e9 \u00e0 l'apprendre avec tol\u00e9rance et conviction personnelle en partageant la <a href=\"https:\/\/portugalizar.com\/fr\/whispers-secrets-lies-and-murmurings\/\" target=\"_blank\" rel=\"noreferrer noopener\">poste<\/a> sur notre voyage \u00e0 S\u00e9ville. Il en va de m\u00eame pour nos souvenirs du pass\u00e9, collectifs et personnels, et nos espoirs pour l'avenir, l\u00e0 encore, collectifs et personnels. Nos souvenirs du pass\u00e9 doivent \u00eatre maintenus ensemble et maintenus en tension avec notre espoir en l'avenir.<\/p>\n\n\n\n<p>Que diable cela signifie-t-il ? J'ai mentionn\u00e9 dans <a href=\"https:\/\/portugalizar.com\/fr\/great-memory-but-better-amnesia-islam-and-christianity-in-portugal\/\" target=\"_blank\" rel=\"noreferrer noopener\">un autre poste<\/a> que notre pass\u00e9 peut \u00eatre fabriqu\u00e9 \u00e0 partir de souvenirs partiels. Notre pass\u00e9 peut ne pas \u00eatre ce dont nous nous souvenons ; il peut ou non \u00eatre aussi bon que ce dont nous nous souvenons. Cela peut \u00eatre dangereux. L'extr\u00eame droite et les ultra-nationalistes nous enseignent les dangers des souvenirs falsifi\u00e9s du pass\u00e9. Ils sont les experts de ces demi-v\u00e9rit\u00e9s int\u00e9ress\u00e9es.<\/p>\n\n\n\n<p>Ce dont nous nous souvenons, cependant, forme notre avenir, c'est-\u00e0-dire qu'il sert de base sur laquelle nous construisons le futur. <em>O pret\u00e9rito imperfeito<\/em> nous enseigne que. Le pass\u00e9 s'\u00e9coule \u00e0 travers le pr\u00e9sent vers l'avenir. <em>Fado<\/em> La complainte de la mis\u00e8re pass\u00e9e, le souvenir, donne la force et la r\u00e9solution d'endurer le pr\u00e9sent et de construire un avenir diff\u00e9rent. L'\u00e9nergie actuelle et l'ind\u00e9pendance farouche de Saga, issues de l'ADN ancestral, lui permettront de redevenir sauvage... <em>fazia selvagem novamente<\/em>.<\/p>\n\n\n\n<p>Nous devons \u00eatre brutalement honn\u00eates et v\u00e9ridiques sur nos pass\u00e9s, collectifs et personnels. Nous ne pouvons pas r\u00e9aliser l'avenir que nous m\u00e9ritons tous sans la force et la pers\u00e9v\u00e9rance que notre pass\u00e9 authentique nous donne dans le pr\u00e9sent. Cet avenir est juste, \u00e9quitable et \u00e9quitable. C'est notre pass\u00e9 qui doit nous y conduire.<\/p>\n\n\n\n<figure class=\"wp-block-image alignwide size-large\"><img data-recalc-dims=\"1\" loading=\"lazy\" decoding=\"async\" width=\"768\" height=\"1024\" src=\"https:\/\/i0.wp.com\/portugalizar.com\/wp-content\/uploads\/2022\/06\/Reflections-of-the-way-life-used-to-be%E2%80%A6.jpg?resize=768%2C1024&#038;ssl=1\" alt=\"\" class=\"wp-image-1473\" srcset=\"https:\/\/i0.wp.com\/portugalizar.com\/wp-content\/uploads\/2022\/06\/Reflections-of-the-way-life-used-to-be%E2%80%A6-scaled.jpg?resize=768%2C1024&amp;ssl=1 768w, https:\/\/i0.wp.com\/portugalizar.com\/wp-content\/uploads\/2022\/06\/Reflections-of-the-way-life-used-to-be%E2%80%A6-scaled.jpg?resize=225%2C300&amp;ssl=1 225w, https:\/\/i0.wp.com\/portugalizar.com\/wp-content\/uploads\/2022\/06\/Reflections-of-the-way-life-used-to-be%E2%80%A6-scaled.jpg?resize=1152%2C1536&amp;ssl=1 1152w, https:\/\/i0.wp.com\/portugalizar.com\/wp-content\/uploads\/2022\/06\/Reflections-of-the-way-life-used-to-be%E2%80%A6-scaled.jpg?w=1920&amp;ssl=1 1920w\" sizes=\"(max-width: 768px) 100vw, 768px\" \/><figcaption>\"R\u00e9flexions sur la fa\u00e7on dont la vie \u00e9tait autrefois...\", 2022<\/figcaption><\/figure>\n\n\n\n<h2 class=\"wp-block-heading\">R\u00e9flexions sur la fa\u00e7on dont la vie \u00e9tait autrefois...<\/h2>\n\n\n\n<p>En 2021, entre notre deuxi\u00e8me vaccination et avant Delta, il y a eu un laps de temps o\u00f9 les choses semblaient presque \"normales\". L'\u00e9trange et le sauvage semblaient derri\u00e8re nous. Le ciel bleu perp\u00e9tuel \u00e9tait de retour de sa petite pause hivernale. Les jours rallongeaient. Les temp\u00e9ratures se r\u00e9chauffaient encore plus. Joseph et moi nous sommes aventur\u00e9s loin des chemins de terre et dans les rues de la ville. Un caf\u00e9 et un dessert nous attiraient dans les caf\u00e9s des trottoirs. Nous avons d\u00e9jeun\u00e9 dans nos endroits pr\u00e9f\u00e9r\u00e9s le long de la <em>Ria<\/em> <em>Formosa<\/em> et le <em>Rio Gil\u00e3o<\/em>.<\/p>\n\n\n\n<p>Le pass\u00e9, cependant, \u00e9tait toujours omnipr\u00e9sent. Pendant ce \"quelque part en 2021\" j'ai pris une photo d'un b\u00e2timent de Tavira que je voulais peindre un jour. Une vieille beaut\u00e9 en stuc blanc, des d\u00e9tails en pierre calcaire bien us\u00e9e, une sym\u00e9trie formidable, des reflets rouges et une \u00e9norme \"fen\u00eatre\" sur le ciel au-del\u00e0.<\/p>\n\n\n\n<p>Au d\u00e9but de l'ann\u00e9e, je faisais d\u00e9filer des photos \u00e0 la recherche d'un sujet \u00e0 peindre. J'ai regard\u00e9 celle de cette vieille beaut\u00e9. J'ai remarqu\u00e9 pour la premi\u00e8re fois le reflet de Joseph dans la fen\u00eatre en bas \u00e0 droite. Il venait de sortir du b\u00e2timent du vieux march\u00e9 pour se rendre sur la place de l'autre c\u00f4t\u00e9 de la rue. Il \u00e9tait masqu\u00e9 et s\u00e9chait \u00e0 l'air libre ses mains recouvertes de gel alcoolis\u00e9. La journ\u00e9e \u00e9tait parfaite et le pass\u00e9 \u00e9tait encore avec nous.<\/p>\n\n\n\n<p>Je ne peux pas fuir mon pass\u00e9, nous ne le pouvons pas. Et nous ne devrions pas le vouloir. Nous devons l'embrasser avec sinc\u00e9rit\u00e9 et honn\u00eatet\u00e9. Alors, notre ou nos pass\u00e9s peuvent nous donner la force et la pers\u00e9v\u00e9rance n\u00e9cessaires pour construire cet avenir que nous m\u00e9ritons. Vous savez, celui de la justice sociale, \u00e9conomique et environnementale. Cela n'arrive qu'avec <em>o pret\u00e9rito imperfeito<\/em>C'est-\u00e0-dire lorsque la v\u00e9rit\u00e9 traverse sans heurts mon pass\u00e9, mon pr\u00e9sent et mon avenir. Qu'est-ce que vous en pensez ?<\/p>\n\n\n\n<p><em>At\u00e9 \u00e0 la prochaine quinta. Abra\u00e7o.<\/em> \/\/ On se voit jeudi prochain. A la v\u00f4tre.<\/p>","protected":false},"excerpt":{"rendered":"<p>La langue portugaise poss\u00e8de une fluidit\u00e9 et une expressivit\u00e9 qui peuvent sembler \u00e9tranges et sauvages aux anglophones, ainsi qu'aux autres. Ce \"bizarre et sauvage\", cependant, m'a permis de voir le monde avec un peu plus de clart\u00e9. C'est-\u00e0-dire, comment je comprends le lien entre mon pass\u00e9 et mon avenir. Lire la suite...<\/p>","protected":false},"author":1,"featured_media":1465,"comment_status":"open","ping_status":"closed","sticky":false,"template":"","format":"standard","meta":{"nf_dc_page":"","om_disable_all_campaigns":false,"_monsterinsights_skip_tracking":false,"_monsterinsights_sitenote_active":false,"_monsterinsights_sitenote_note":"","_monsterinsights_sitenote_category":0,"_themeisle_gutenberg_block_has_review":false,"_jetpack_memberships_contains_paid_content":false,"footnotes":""},"categories":[8,7],"tags":[],"class_list":["post-1293","post","type-post","status-publish","format-standard","has-post-thumbnail","hentry","category-culture-customs","category-language"],"yoast_head":"<!-- This site is optimized with the Yoast SEO plugin v27.4 - https:\/\/yoast.com\/product\/yoast-seo-wordpress\/ -->\n<title>Weird and Wild, It\u2019s Got To Be... - PORTUGALIZAR<\/title>\n<meta name=\"description\" content=\"It easy to understand why Portuguese may seem weird, even wild, to a non-native. Verb tenses can express complex, contradictory emotions.\" \/>\n<meta name=\"robots\" content=\"index, follow, max-snippet:-1, max-image-preview:large, max-video-preview:-1\" \/>\n<link rel=\"canonical\" href=\"https:\/\/portugalizar.com\/fr\/weird-and-wild\/\" \/>\n<meta property=\"og:locale\" content=\"fr_FR\" \/>\n<meta property=\"og:type\" content=\"article\" \/>\n<meta property=\"og:title\" content=\"Weird and Wild, It\u2019s Got To Be... - PORTUGALIZAR\" \/>\n<meta property=\"og:description\" content=\"It easy to understand why Portuguese may seem weird, even wild, to a non-native. Verb tenses can express complex, contradictory emotions.\" \/>\n<meta property=\"og:url\" content=\"https:\/\/portugalizar.com\/fr\/weird-and-wild\/\" \/>\n<meta property=\"og:site_name\" content=\"PORTUGALIZAR\" \/>\n<meta property=\"article:published_time\" content=\"2022-06-02T04:00:00+00:00\" \/>\n<meta property=\"article:modified_time\" content=\"2022-07-13T22:21:27+00:00\" \/>\n<meta property=\"og:image\" content=\"https:\/\/portugalizar.com\/wp-content\/uploads\/2022\/06\/5F62EBB4-9F0D-4189-8059-CA14E6DB4409.jpeg\" \/>\n\t<meta property=\"og:image:width\" content=\"1891\" \/>\n\t<meta property=\"og:image:height\" content=\"576\" \/>\n\t<meta property=\"og:image:type\" content=\"image\/jpeg\" \/>\n<meta name=\"author\" content=\"Gui\" \/>\n<meta name=\"twitter:card\" content=\"summary_large_image\" \/>\n<meta name=\"twitter:label1\" content=\"\u00c9crit par\" \/>\n\t<meta name=\"twitter:data1\" content=\"Gui\" \/>\n\t<meta name=\"twitter:label2\" content=\"Dur\u00e9e de lecture estim\u00e9e\" \/>\n\t<meta name=\"twitter:data2\" content=\"14 minutes\" \/>\n<script type=\"application\/ld+json\" class=\"yoast-schema-graph\">{\"@context\":\"https:\\\/\\\/schema.org\",\"@graph\":[{\"@type\":\"Article\",\"@id\":\"https:\\\/\\\/portugalizar.com\\\/weird-and-wild\\\/#article\",\"isPartOf\":{\"@id\":\"https:\\\/\\\/portugalizar.com\\\/weird-and-wild\\\/\"},\"author\":{\"name\":\"Gui\",\"@id\":\"https:\\\/\\\/portugalizar.com\\\/#\\\/schema\\\/person\\\/1f60af48f39895b897e26d9d92ecf6db\"},\"headline\":\"Weird and Wild, It\u2019s Got To Be&#8230;\",\"datePublished\":\"2022-06-02T04:00:00+00:00\",\"dateModified\":\"2022-07-13T22:21:27+00:00\",\"mainEntityOfPage\":{\"@id\":\"https:\\\/\\\/portugalizar.com\\\/weird-and-wild\\\/\"},\"wordCount\":2985,\"commentCount\":10,\"publisher\":{\"@id\":\"https:\\\/\\\/portugalizar.com\\\/#organization\"},\"image\":{\"@id\":\"https:\\\/\\\/portugalizar.com\\\/weird-and-wild\\\/#primaryimage\"},\"thumbnailUrl\":\"https:\\\/\\\/i0.wp.com\\\/portugalizar.com\\\/wp-content\\\/uploads\\\/2022\\\/06\\\/5F62EBB4-9F0D-4189-8059-CA14E6DB4409.jpeg?fit=1891%2C576&ssl=1\",\"articleSection\":[\"Culture &amp; Customs\",\"Language\"],\"inLanguage\":\"fr-FR\",\"potentialAction\":[{\"@type\":\"CommentAction\",\"name\":\"Comment\",\"target\":[\"https:\\\/\\\/portugalizar.com\\\/weird-and-wild\\\/#respond\"]}]},{\"@type\":\"WebPage\",\"@id\":\"https:\\\/\\\/portugalizar.com\\\/weird-and-wild\\\/\",\"url\":\"https:\\\/\\\/portugalizar.com\\\/weird-and-wild\\\/\",\"name\":\"Weird and Wild, It\u2019s Got To Be... - PORTUGALIZAR\",\"isPartOf\":{\"@id\":\"https:\\\/\\\/portugalizar.com\\\/#website\"},\"primaryImageOfPage\":{\"@id\":\"https:\\\/\\\/portugalizar.com\\\/weird-and-wild\\\/#primaryimage\"},\"image\":{\"@id\":\"https:\\\/\\\/portugalizar.com\\\/weird-and-wild\\\/#primaryimage\"},\"thumbnailUrl\":\"https:\\\/\\\/i0.wp.com\\\/portugalizar.com\\\/wp-content\\\/uploads\\\/2022\\\/06\\\/5F62EBB4-9F0D-4189-8059-CA14E6DB4409.jpeg?fit=1891%2C576&ssl=1\",\"datePublished\":\"2022-06-02T04:00:00+00:00\",\"dateModified\":\"2022-07-13T22:21:27+00:00\",\"description\":\"It easy to understand why Portuguese may seem weird, even wild, to a non-native. Verb tenses can express complex, contradictory emotions.\",\"breadcrumb\":{\"@id\":\"https:\\\/\\\/portugalizar.com\\\/weird-and-wild\\\/#breadcrumb\"},\"inLanguage\":\"fr-FR\",\"potentialAction\":[{\"@type\":\"ReadAction\",\"target\":[\"https:\\\/\\\/portugalizar.com\\\/weird-and-wild\\\/\"]}]},{\"@type\":\"ImageObject\",\"inLanguage\":\"fr-FR\",\"@id\":\"https:\\\/\\\/portugalizar.com\\\/weird-and-wild\\\/#primaryimage\",\"url\":\"https:\\\/\\\/i0.wp.com\\\/portugalizar.com\\\/wp-content\\\/uploads\\\/2022\\\/06\\\/5F62EBB4-9F0D-4189-8059-CA14E6DB4409.jpeg?fit=1891%2C576&ssl=1\",\"contentUrl\":\"https:\\\/\\\/i0.wp.com\\\/portugalizar.com\\\/wp-content\\\/uploads\\\/2022\\\/06\\\/5F62EBB4-9F0D-4189-8059-CA14E6DB4409.jpeg?fit=1891%2C576&ssl=1\",\"width\":1891,\"height\":576},{\"@type\":\"BreadcrumbList\",\"@id\":\"https:\\\/\\\/portugalizar.com\\\/weird-and-wild\\\/#breadcrumb\",\"itemListElement\":[{\"@type\":\"ListItem\",\"position\":1,\"name\":\"Home\",\"item\":\"https:\\\/\\\/portugalizar.com\\\/\"},{\"@type\":\"ListItem\",\"position\":2,\"name\":\"Weird and Wild, It\u2019s Got To Be&#8230;\"}]},{\"@type\":\"WebSite\",\"@id\":\"https:\\\/\\\/portugalizar.com\\\/#website\",\"url\":\"https:\\\/\\\/portugalizar.com\\\/\",\"name\":\"PORTUGALIZAR\",\"description\":\"\",\"publisher\":{\"@id\":\"https:\\\/\\\/portugalizar.com\\\/#organization\"},\"potentialAction\":[{\"@type\":\"SearchAction\",\"target\":{\"@type\":\"EntryPoint\",\"urlTemplate\":\"https:\\\/\\\/portugalizar.com\\\/?s={search_term_string}\"},\"query-input\":{\"@type\":\"PropertyValueSpecification\",\"valueRequired\":true,\"valueName\":\"search_term_string\"}}],\"inLanguage\":\"fr-FR\"},{\"@type\":\"Organization\",\"@id\":\"https:\\\/\\\/portugalizar.com\\\/#organization\",\"name\":\"PORTUGALIZAR\",\"url\":\"https:\\\/\\\/portugalizar.com\\\/\",\"logo\":{\"@type\":\"ImageObject\",\"inLanguage\":\"fr-FR\",\"@id\":\"https:\\\/\\\/portugalizar.com\\\/#\\\/schema\\\/logo\\\/image\\\/\",\"url\":\"\",\"contentUrl\":\"\",\"caption\":\"PORTUGALIZAR\"},\"image\":{\"@id\":\"https:\\\/\\\/portugalizar.com\\\/#\\\/schema\\\/logo\\\/image\\\/\"}},{\"@type\":\"Person\",\"@id\":\"https:\\\/\\\/portugalizar.com\\\/#\\\/schema\\\/person\\\/1f60af48f39895b897e26d9d92ecf6db\",\"name\":\"Gui\",\"image\":{\"@type\":\"ImageObject\",\"inLanguage\":\"fr-FR\",\"@id\":\"https:\\\/\\\/secure.gravatar.com\\\/avatar\\\/0bef00a699e73fc60016c16a6f44683b2a027bb1b48a4b3973732af4cc636712?s=96&d=mm&r=g\",\"url\":\"https:\\\/\\\/secure.gravatar.com\\\/avatar\\\/0bef00a699e73fc60016c16a6f44683b2a027bb1b48a4b3973732af4cc636712?s=96&d=mm&r=g\",\"contentUrl\":\"https:\\\/\\\/secure.gravatar.com\\\/avatar\\\/0bef00a699e73fc60016c16a6f44683b2a027bb1b48a4b3973732af4cc636712?s=96&d=mm&r=g\",\"caption\":\"Gui\"},\"url\":\"https:\\\/\\\/portugalizar.com\\\/fr\\\/author\\\/spestheonlyone\\\/\"}]}<\/script>\n<!-- \/ Yoast SEO plugin. -->","yoast_head_json":{"title":"Weird and Wild, It\u2019s Got To Be... - PORTUGALIZAR","description":"It easy to understand why Portuguese may seem weird, even wild, to a non-native. Verb tenses can express complex, contradictory emotions.","robots":{"index":"index","follow":"follow","max-snippet":"max-snippet:-1","max-image-preview":"max-image-preview:large","max-video-preview":"max-video-preview:-1"},"canonical":"https:\/\/portugalizar.com\/fr\/weird-and-wild\/","og_locale":"fr_FR","og_type":"article","og_title":"Weird and Wild, It\u2019s Got To Be... - PORTUGALIZAR","og_description":"It easy to understand why Portuguese may seem weird, even wild, to a non-native. Verb tenses can express complex, contradictory emotions.","og_url":"https:\/\/portugalizar.com\/fr\/weird-and-wild\/","og_site_name":"PORTUGALIZAR","article_published_time":"2022-06-02T04:00:00+00:00","article_modified_time":"2022-07-13T22:21:27+00:00","og_image":[{"width":1891,"height":576,"url":"https:\/\/portugalizar.com\/wp-content\/uploads\/2022\/06\/5F62EBB4-9F0D-4189-8059-CA14E6DB4409.jpeg","type":"image\/jpeg"}],"author":"Gui","twitter_card":"summary_large_image","twitter_misc":{"\u00c9crit par":"Gui","Dur\u00e9e de lecture estim\u00e9e":"14 minutes"},"schema":{"@context":"https:\/\/schema.org","@graph":[{"@type":"Article","@id":"https:\/\/portugalizar.com\/weird-and-wild\/#article","isPartOf":{"@id":"https:\/\/portugalizar.com\/weird-and-wild\/"},"author":{"name":"Gui","@id":"https:\/\/portugalizar.com\/#\/schema\/person\/1f60af48f39895b897e26d9d92ecf6db"},"headline":"Weird and Wild, It\u2019s Got To Be&#8230;","datePublished":"2022-06-02T04:00:00+00:00","dateModified":"2022-07-13T22:21:27+00:00","mainEntityOfPage":{"@id":"https:\/\/portugalizar.com\/weird-and-wild\/"},"wordCount":2985,"commentCount":10,"publisher":{"@id":"https:\/\/portugalizar.com\/#organization"},"image":{"@id":"https:\/\/portugalizar.com\/weird-and-wild\/#primaryimage"},"thumbnailUrl":"https:\/\/i0.wp.com\/portugalizar.com\/wp-content\/uploads\/2022\/06\/5F62EBB4-9F0D-4189-8059-CA14E6DB4409.jpeg?fit=1891%2C576&ssl=1","articleSection":["Culture &amp; Customs","Language"],"inLanguage":"fr-FR","potentialAction":[{"@type":"CommentAction","name":"Comment","target":["https:\/\/portugalizar.com\/weird-and-wild\/#respond"]}]},{"@type":"WebPage","@id":"https:\/\/portugalizar.com\/weird-and-wild\/","url":"https:\/\/portugalizar.com\/weird-and-wild\/","name":"Weird and Wild, It\u2019s Got To Be... - PORTUGALIZAR","isPartOf":{"@id":"https:\/\/portugalizar.com\/#website"},"primaryImageOfPage":{"@id":"https:\/\/portugalizar.com\/weird-and-wild\/#primaryimage"},"image":{"@id":"https:\/\/portugalizar.com\/weird-and-wild\/#primaryimage"},"thumbnailUrl":"https:\/\/i0.wp.com\/portugalizar.com\/wp-content\/uploads\/2022\/06\/5F62EBB4-9F0D-4189-8059-CA14E6DB4409.jpeg?fit=1891%2C576&ssl=1","datePublished":"2022-06-02T04:00:00+00:00","dateModified":"2022-07-13T22:21:27+00:00","description":"It easy to understand why Portuguese may seem weird, even wild, to a non-native. Verb tenses can express complex, contradictory emotions.","breadcrumb":{"@id":"https:\/\/portugalizar.com\/weird-and-wild\/#breadcrumb"},"inLanguage":"fr-FR","potentialAction":[{"@type":"ReadAction","target":["https:\/\/portugalizar.com\/weird-and-wild\/"]}]},{"@type":"ImageObject","inLanguage":"fr-FR","@id":"https:\/\/portugalizar.com\/weird-and-wild\/#primaryimage","url":"https:\/\/i0.wp.com\/portugalizar.com\/wp-content\/uploads\/2022\/06\/5F62EBB4-9F0D-4189-8059-CA14E6DB4409.jpeg?fit=1891%2C576&ssl=1","contentUrl":"https:\/\/i0.wp.com\/portugalizar.com\/wp-content\/uploads\/2022\/06\/5F62EBB4-9F0D-4189-8059-CA14E6DB4409.jpeg?fit=1891%2C576&ssl=1","width":1891,"height":576},{"@type":"BreadcrumbList","@id":"https:\/\/portugalizar.com\/weird-and-wild\/#breadcrumb","itemListElement":[{"@type":"ListItem","position":1,"name":"Home","item":"https:\/\/portugalizar.com\/"},{"@type":"ListItem","position":2,"name":"Weird and Wild, It\u2019s Got To Be&#8230;"}]},{"@type":"WebSite","@id":"https:\/\/portugalizar.com\/#website","url":"https:\/\/portugalizar.com\/","name":"PORTUGALISTE","description":"","publisher":{"@id":"https:\/\/portugalizar.com\/#organization"},"potentialAction":[{"@type":"SearchAction","target":{"@type":"EntryPoint","urlTemplate":"https:\/\/portugalizar.com\/?s={search_term_string}"},"query-input":{"@type":"PropertyValueSpecification","valueRequired":true,"valueName":"search_term_string"}}],"inLanguage":"fr-FR"},{"@type":"Organization","@id":"https:\/\/portugalizar.com\/#organization","name":"PORTUGALISTE","url":"https:\/\/portugalizar.com\/","logo":{"@type":"ImageObject","inLanguage":"fr-FR","@id":"https:\/\/portugalizar.com\/#\/schema\/logo\/image\/","url":"","contentUrl":"","caption":"PORTUGALIZAR"},"image":{"@id":"https:\/\/portugalizar.com\/#\/schema\/logo\/image\/"}},{"@type":"Person","@id":"https:\/\/portugalizar.com\/#\/schema\/person\/1f60af48f39895b897e26d9d92ecf6db","name":"Gui","image":{"@type":"ImageObject","inLanguage":"fr-FR","@id":"https:\/\/secure.gravatar.com\/avatar\/0bef00a699e73fc60016c16a6f44683b2a027bb1b48a4b3973732af4cc636712?s=96&d=mm&r=g","url":"https:\/\/secure.gravatar.com\/avatar\/0bef00a699e73fc60016c16a6f44683b2a027bb1b48a4b3973732af4cc636712?s=96&d=mm&r=g","contentUrl":"https:\/\/secure.gravatar.com\/avatar\/0bef00a699e73fc60016c16a6f44683b2a027bb1b48a4b3973732af4cc636712?s=96&d=mm&r=g","caption":"Gui"},"url":"https:\/\/portugalizar.com\/fr\/author\/spestheonlyone\/"}]}},"jetpack_featured_media_url":"https:\/\/i0.wp.com\/portugalizar.com\/wp-content\/uploads\/2022\/06\/5F62EBB4-9F0D-4189-8059-CA14E6DB4409.jpeg?fit=1891%2C576&ssl=1","jetpack-related-posts":[],"jetpack_sharing_enabled":true,"_links":{"self":[{"href":"https:\/\/portugalizar.com\/fr\/wp-json\/wp\/v2\/posts\/1293","targetHints":{"allow":["GET"]}}],"collection":[{"href":"https:\/\/portugalizar.com\/fr\/wp-json\/wp\/v2\/posts"}],"about":[{"href":"https:\/\/portugalizar.com\/fr\/wp-json\/wp\/v2\/types\/post"}],"author":[{"embeddable":true,"href":"https:\/\/portugalizar.com\/fr\/wp-json\/wp\/v2\/users\/1"}],"replies":[{"embeddable":true,"href":"https:\/\/portugalizar.com\/fr\/wp-json\/wp\/v2\/comments?post=1293"}],"version-history":[{"count":4,"href":"https:\/\/portugalizar.com\/fr\/wp-json\/wp\/v2\/posts\/1293\/revisions"}],"predecessor-version":[{"id":2067,"href":"https:\/\/portugalizar.com\/fr\/wp-json\/wp\/v2\/posts\/1293\/revisions\/2067"}],"wp:featuredmedia":[{"embeddable":true,"href":"https:\/\/portugalizar.com\/fr\/wp-json\/wp\/v2\/media\/1465"}],"wp:attachment":[{"href":"https:\/\/portugalizar.com\/fr\/wp-json\/wp\/v2\/media?parent=1293"}],"wp:term":[{"taxonomy":"category","embeddable":true,"href":"https:\/\/portugalizar.com\/fr\/wp-json\/wp\/v2\/categories?post=1293"},{"taxonomy":"post_tag","embeddable":true,"href":"https:\/\/portugalizar.com\/fr\/wp-json\/wp\/v2\/tags?post=1293"}],"curies":[{"name":"wp","href":"https:\/\/api.w.org\/{rel}","templated":true}]}}