{"id":685,"date":"2022-03-30T21:26:30","date_gmt":"2022-03-30T21:26:30","guid":{"rendered":"https:\/\/portugalizar.com\/?p=685"},"modified":"2022-07-25T05:57:45","modified_gmt":"2022-07-25T05:57:45","slug":"a-new-lanuage","status":"publish","type":"post","link":"https:\/\/portugalizar.com\/de\/a-new-lanuage\/","title":{"rendered":"Eine neue Sprache"},"content":{"rendered":"<p><em>Bom dia e bem-vindo<\/em>!<\/p>\n\n\n\n<p>Leider ist dieser erste Blog nicht das, was ich Ihnen auf der Homepage versprochen habe. Es geht nicht direkt um Portugal, seine Menschen, seine Sprache, seine Kultur und Br\u00e4uche, seine Geschichte und seine Orte. Ich f\u00fchle mich wirklich schlecht dabei. Ich hoffe, Sie f\u00fchlen sich nicht get\u00e4uscht oder betrogen.<\/p>\n\n\n\n<p>Dieser erste Blog ist zwar nicht das, was ich mir geschworen hatte, aber er handelt von unserer ersten Zeit in Portugal w\u00e4hrend der Pandemie und davon, wie unsere Erfahrungen hier uns zu ver\u00e4ndern begonnen haben. Es geht auch darum, wie diese neue Sichtweise auf uns selbst unsere Sichtweise auf so ziemlich alles, einschlie\u00dflich Portugal, ver\u00e4ndert hat. Ich habe zwar f\u00fcr \"wir\" gesprochen, f\u00fcr mich und Z\u00e9, und wir werden beide umgestaltet, aber von nun an werden Sie nur noch meine eigene Stimme h\u00f6ren.<\/p>\n\n\n\n<h3 class=\"wp-block-heading\">Zwei lange Jahre<\/h3>\n\n\n\n<p>Die Pandemie war, gelinde gesagt, einschneidend und ersch\u00fctternd. Sie hat meine Sicht auf mich selbst, auf andere und auf die Welt zertr\u00fcmmert und neu gestaltet, so wie es vielleicht auch bei Ihnen der Fall ist. Meine Perspektive scheint nun durch eine Art ersch\u00fcttertes Kaleidoskop verzerrt(?) oder erweitert(?) zu sein. Es ist verwirrend.<\/p>\n\n\n\n<p>Dinge, Menschen und Erfahrungen haben scheinbar mehr Farbe, mehr Komplexit\u00e4t, mehr Textur, aber ist das wirklich so? Diese Unterschiede zwischen \"damals\" und \"heute\" zu verstehen und dann zu erkl\u00e4ren\/teilen, hat meinen Wortschatz herausgefordert. Mir fehlen die Worte, um meine Erfahrungen zu beschreiben; irgendwie wirken sie - die Worte - wie schwache Klone von Begegnungen und Gef\u00fchlen.<\/p>\n\n\n\n<figure class=\"wp-block-image size-large\"><img data-recalc-dims=\"1\" fetchpriority=\"high\" decoding=\"async\" width=\"950\" height=\"752\" src=\"https:\/\/i0.wp.com\/portugalizar.com\/wp-content\/uploads\/2022\/03\/Face-to-Face.jpg?resize=950%2C752&#038;ssl=1\" alt=\"\" class=\"wp-image-686\" srcset=\"https:\/\/i0.wp.com\/portugalizar.com\/wp-content\/uploads\/2022\/03\/Face-to-Face-scaled.jpg?resize=1024%2C811&amp;ssl=1 1024w, https:\/\/i0.wp.com\/portugalizar.com\/wp-content\/uploads\/2022\/03\/Face-to-Face-scaled.jpg?resize=300%2C238&amp;ssl=1 300w, https:\/\/i0.wp.com\/portugalizar.com\/wp-content\/uploads\/2022\/03\/Face-to-Face-scaled.jpg?resize=768%2C608&amp;ssl=1 768w, https:\/\/i0.wp.com\/portugalizar.com\/wp-content\/uploads\/2022\/03\/Face-to-Face-scaled.jpg?resize=1536%2C1216&amp;ssl=1 1536w, https:\/\/i0.wp.com\/portugalizar.com\/wp-content\/uploads\/2022\/03\/Face-to-Face-scaled.jpg?w=1900&amp;ssl=1 1900w\" sizes=\"(max-width: 950px) 100vw, 950px\" \/><figcaption>\u201c<em>Von Angesicht zu Angesicht<\/em>\u201c, 2022<\/figcaption><\/figure>\n\n\n\n<p>Ich habe in der Kunst - sowohl in der Fotografie als auch in der Malerei - ein gewisses Ma\u00df an Ausgewogenheit und Gleichgewicht gefunden. Ich glaube, es war Jackson Pollack, einer meiner Lieblingsmaler des 20. Jahrhunderts, der sagte: \"Kunst ist ein Weg, sich selbst zu begegnen\". F\u00fcr mich ist die Kunst zu einem Akt geworden, in dem ich eine neue Sprache lerne, um mir selbst und der Welt wieder n\u00e4her zu kommen.<\/p>\n\n\n\n<h3 class=\"wp-block-heading\">Von Angesicht zu Angesicht mit mir selbst<\/h3>\n\n\n\n<p>Ich bin von Natur aus sehr introspektiv und introvertiert. Die pandemischen Abriegelungen und die Isolation waren daher sowohl ein Segen als auch ein Fluch. Die Welt vor der Pandemie hat Leuten wie mir nicht viel Platz einger\u00e4umt, also ein Segen; aber andererseits brauchen Leute wie ich die Selbstkorrektur im Spiegel der anderen, also ein Fluch.<\/p>\n\n\n\n<p>Auch hier hat die Kunst geholfen. Der Akt der Introvertiertheit - die Herstellung der Kunst - wird durch den Akt der Extrovertiertheit ausgeglichen - das Teilen der Kunst als Einladung zu Gespr\u00e4chen, Kritik und gegenseitigem Verst\u00e4ndnis. F\u00fcr mich hat das Kunstmachen in einer Zeit des Umbruchs ein Gleichgewicht geschaffen.<\/p>\n\n\n\n<p>Kunst entsteht, zumindest meiner Erfahrung nach, aus meinen eigenen, sehr introvertierten \u00dcberlegungen zu dem, was ich sehe und erlebe. Jedes Werk ist meine einzigartige und, wie ich zugeben muss, manchmal seltsame Sicht auf die Realit\u00e4t. Vielleicht leuchte ich in eine Ecke, aber das Licht verfehlt vielleicht den Rest des Raumes. Andererseits k\u00f6nnte diese Ecke schon seit einiger Zeit \u00fcbersehen worden sein.<\/p>\n\n\n\n<h3 class=\"wp-block-heading\">Augen\u00f6ffnung<\/h3>\n\n\n\n<p>Der Akt des Teilens dieser Kunstwerke war ebenso augen\u00f6ffnend. Es war eine Best\u00e4tigung, ja, und danach habe ich mich gesehnt und daf\u00fcr bin ich dankbar. Vor allem aber war es ein Prozess, der dem Schleifen eines Edelsteins aus einem rohen Klumpen Stein gleicht. Der Austausch hat zu einem Hin und Her, zu einem Geben und Nehmen und sogar zu einem Rauf und Runter gef\u00fchrt. Jeder Austausch hat zwar nicht unbedingt meine k\u00fcnstlerischen F\u00e4higkeiten verbessert, aber er hat meine Ideen und Perspektiven gesch\u00e4rft und meine Sichtweise und mein Verst\u00e4ndnis erweitert. F\u00fcr diese Facetten bin ich gleicherma\u00dfen dankbar.<\/p>\n\n\n\n<p>In vielen meiner Blogs, auch in diesem, werden Sie meine Kunstwerke sehen, manchmal Fotografien, aber oft auch ein oder mehrere Gem\u00e4lde. Diese Bilder sind Teil meines neuen Kaleidoskops, d.h. der neuen Sprache, mit der ich meine, unsere, Erfahrung des Lebens in Portugal teilen kann. Das alte Sprichwort ist wahr: \"Ein Bild kann einem tausend Worte ersparen\".<\/p>\n\n\n\n<p>Und wenn Kunst, wie Pollack sagt, ein Gespr\u00e4ch mit mir selbst ist, dann ist sie auch ein Gespr\u00e4ch mit anderen und mit der Welt um mich herum. Kunst ist ein Weg, mich zu erkl\u00e4ren, mich mit anderen zu teilen. Sie ist mein Blick auf die Welt und ein neues Vokabular, das es mir erm\u00f6glicht, mit der Welt umfassender zu kommunizieren, sowohl zu sprechen als auch ihr zuzuh\u00f6ren. Lassen Sie mich das erkl\u00e4ren.<\/p>\n\n\n\n<h3 class=\"wp-block-heading\"><strong>Die Rettung der Welt<\/strong><\/h3>\n\n\n\n<p>Jeden Morgen, wenn Z\u00e9 aufsteht, spielt er noch im Bett etwa zehn Partien Solitaire auf seinem Tablet. Das ist, bevor er irgendetwas anderes tut. Wenn ich ihn rascheln h\u00f6re, bringe ich ihm seine erste Tasse Kaffee und dazu ein St\u00fcck dunkle Schokolade.<\/p>\n\n\n\n<p>W\u00e4hrend er nippt und genie\u00dft, setze ich mich an den Rand des Bettes. Wir plaudern ein wenig \u00fcber die Tr\u00e4ume, die wir letzte Nacht gehabt haben k\u00f6nnten, und \u00fcber die Konturen unseres bevorstehenden Tages. Unweigerlich sagt er: \"Ich muss zur\u00fcck, um die Welt zu retten\". Er meint damit, dass er seine t\u00e4glichen Runden Solit\u00e4r zu Ende spielen muss.<\/p>\n\n\n\n<p>F\u00fcr Z\u00e9 ist das eine schlichte, einfache Wahrheit. Solitaire beruhigt seinen Geist und vertreibt unerw\u00fcnschte und unn\u00f6tige Gedanken. Es schafft seinen sicheren Ort. Sein Solit\u00e4rspiel ist ein konstruktiver und bejahender Akt. So ger\u00fcstet stellt er sich der Welt.<\/p>\n\n\n\n<p>Als ich beschloss, ein Portr\u00e4t von Z\u00e9 zu machen, wollte ich mein Verst\u00e4ndnis von der Person, die er ist, festhalten. Ich erinnerte mich an Caravaggios Heiligen Franziskus bei der Meditation. Ich hatte dieses Gem\u00e4lde in einem kleinen Stadtmuseum in der N\u00e4he von Mailand gesehen. Der heilige Franziskus starrt konzentriert nach unten. In seinen H\u00e4nden h\u00e4lt er einen alabasterwei\u00dfen Sch\u00e4del, der das Licht auf sein eigenes Gesicht zur\u00fcckwirft und es erleuchtet. Man versteht sofort, dass der Heilige Franziskus \u00fcber die Geheimnisse der menschlichen Schw\u00e4che und Verg\u00e4nglichkeit nachdenkt, \u00fcber seine und die der anderen.<\/p>\n\n\n\n<figure class=\"wp-block-image size-large\"><img data-recalc-dims=\"1\" decoding=\"async\" width=\"950\" height=\"950\" src=\"https:\/\/i0.wp.com\/portugalizar.com\/wp-content\/uploads\/2022\/02\/After-Caravaggios-Saint-Francis-in-Meditation-Joseph-at-Solitaire-copy.png?resize=950%2C950&#038;ssl=1\" alt=\"\" class=\"wp-image-587\" srcset=\"https:\/\/i0.wp.com\/portugalizar.com\/wp-content\/uploads\/2022\/02\/After-Caravaggios-Saint-Francis-in-Meditation-Joseph-at-Solitaire-copy.png?resize=1024%2C1024&amp;ssl=1 1024w, https:\/\/i0.wp.com\/portugalizar.com\/wp-content\/uploads\/2022\/02\/After-Caravaggios-Saint-Francis-in-Meditation-Joseph-at-Solitaire-copy.png?resize=300%2C300&amp;ssl=1 300w, https:\/\/i0.wp.com\/portugalizar.com\/wp-content\/uploads\/2022\/02\/After-Caravaggios-Saint-Francis-in-Meditation-Joseph-at-Solitaire-copy.png?resize=150%2C150&amp;ssl=1 150w, https:\/\/i0.wp.com\/portugalizar.com\/wp-content\/uploads\/2022\/02\/After-Caravaggios-Saint-Francis-in-Meditation-Joseph-at-Solitaire-copy.png?resize=768%2C768&amp;ssl=1 768w, https:\/\/i0.wp.com\/portugalizar.com\/wp-content\/uploads\/2022\/02\/After-Caravaggios-Saint-Francis-in-Meditation-Joseph-at-Solitaire-copy.png?resize=1536%2C1536&amp;ssl=1 1536w, https:\/\/i0.wp.com\/portugalizar.com\/wp-content\/uploads\/2022\/02\/After-Caravaggios-Saint-Francis-in-Meditation-Joseph-at-Solitaire-copy.png?w=1542&amp;ssl=1 1542w\" sizes=\"(max-width: 950px) 100vw, 950px\" \/><figcaption>\u201c<em>Nach Caravaggios Heiligem Franziskus in Meditation - Joseph beim Solit\u00e4r<\/em>\u201c, 2021<\/figcaption><\/figure>\n\n\n\n<p>Das Bild, das ich f\u00fcr das Portr\u00e4t von Z\u00e9 im Kopf hatte, war ein abgedunkelter Raum, in dem das Licht seines Tablets sein Gesicht schwach beleuchtet. Er sitzt da, konzentriert sich, und er rettet die Welt.<\/p>\n\n\n\n<h3 class=\"wp-block-heading\">Kunst, ein Akt der Selbstentdeckung<\/h3>\n\n\n\n<p>Z\u00e9 auf diese Weise zu malen, hat mir ein St\u00fcck seiner Seele offenbart. Vielleicht ist es sogar richtiger zu sagen, dass der Akt des Malens meine Seele f\u00fcr ihn ge\u00f6ffnet hat. Ich begann zu verstehen, zu sch\u00e4tzen, dass seine morgendlichen Solit\u00e4rrunden eine Mediation waren, eine Entleerung, um Platz zu haben f\u00fcr das, was der Tag bringen k\u00f6nnte, was auch immer das sein mag, ob gut, schlecht oder gleichg\u00fcltig.<\/p>\n\n\n\n<p>Das w\u00e4re schlicht und einfach Bl\u00f6dsinn, wenn Z\u00e9s Leben nach dem Aufstehen und den morgendlichen Waschungen nicht so aussehen w\u00fcrde. Das tut es aber. Z\u00e9 ist ein Mensch von gro\u00dfer Sensibilit\u00e4t und Freundlichkeit, aber auch von St\u00e4rke und Z\u00e4higkeit.<\/p>\n\n\n\n<p>Er f\u00e4ngt behutsam Spinnen, Fliegen und Ameisen ein und spricht sie mit gro\u00dfem gegenseitigen Respekt an, w\u00e4hrend er sie nach drau\u00dfen zur\u00fcckbringt. Seine Taschen sind voller Erdn\u00fcsse, und wenn er geht, purzeln sie f\u00fcr die V\u00f6gel und Eichh\u00f6rnchen heraus. Wir sind Vegetarier und haben um unseretwillen und um des Planeten willen auf Plastik verzichtet, weil er es vorgemacht hat. Jeden Tag l\u00e4uft er eine Meile, um die organischen Lebensmittelabf\u00e4lle des Vortags zur Komposttonne der Gemeinde zu bringen.<\/p>\n\n\n\n<h3 class=\"wp-block-heading\">Retten Sie sich selbst<\/h3>\n\n\n\n<p>Erst als ich Z\u00e9 gemalt habe, habe ich sowohl seine Verletzlichkeit als auch die St\u00e4rke dieser Verletzlichkeit besser zu sch\u00e4tzen gelernt. Wenn ich ihn im schummrigen Licht seines Tablets sehe, verstehe ich die Kraft kleiner Taten. Ich verstehe jetzt auch, dass die Rettung der Welt letztlich darin besteht, dass man sich selbst rettet. Ich fordere meine Macht zur\u00fcck und nutze sie, um das zu tun, was ich tun kann, anstatt \u00fcber das zu w\u00fcten, was ich nicht tun kann.<\/p>\n\n\n\n<p>Jane Goodall, die gro\u00dfe Primatenforscherin, hat gesagt: \"Ich kann nur tun, was ich tun kann, und mehr kann ich nicht tun\". Wenn wir die kleinen Dinge tun, die wir tun k\u00f6nnen, so wie sie es getan hat und wie Z\u00e9 es jeden Tag tut, macht das den ganzen Unterschied aus. Es rettet die Welt. Es rettet mich, wenn ich meine Grenzen und meine Kraft besser verstehe.<\/p>\n\n\n\n<h3 class=\"wp-block-heading\"><strong>Direkt aus der Box<\/strong><\/h3>\n\n\n\n<p>Als ich mit dem Malen anfing, wollte ich etwas Gro\u00dfartiges machen, und zwar ohne Umwege. Ich wollte mein K\u00f6nnen und meine Talente mit den gro\u00dfen Meistern des 16. und 17. Ich wollte mein eigenes niederl\u00e4ndisches Meisterwerk schaffen.<\/p>\n\n\n\n<p>So l\u00e4cherlich das auch ist, und es ist l\u00e4cherlich dumm, ich wei\u00df, wie ich lerne. Es sind die Schwierigkeit und die Herausforderung einer Aufgabe und mein Streben nach Perfektion, die mich gemeinsam beseelen. Ich behaupte nicht, dass dies gute Eigenschaften sind, sondern dass sie einfach zu meiner Einstellung zum Leben und zum Lernen geh\u00f6ren.<\/p>\n\n\n\n<p>In einem Artikel der New York Times \u00fcber gro\u00dfe Floristen hatte ich ein Foto eines Blumenstrau\u00dfes gesehen. Es inspirierte mich. Er sollte das Herzst\u00fcck meines holl\u00e4ndisch inspirierten Stilllebens werden. Es gibt ein Paar antike Gl\u00e4ser, die ich besitze. Au\u00dferdem gab es eine Vase, die ich vor ein paar Jahren bei einem Besuch im Rijksmuseum gesehen und fotografiert hatte; dasselbe gilt f\u00fcr eine wundersch\u00f6ne Holzbank im Alcazar, die ich ein paar Monate zuvor gesehen hatte. Diese w\u00fcrden die Komposition zusammen mit einigen unserer B\u00fccher als Modelle f\u00fcr alte W\u00e4lzer vervollst\u00e4ndigen.<\/p>\n\n\n\n<figure class=\"wp-block-image size-large\"><img data-recalc-dims=\"1\" decoding=\"async\" width=\"950\" height=\"789\" src=\"https:\/\/i0.wp.com\/portugalizar.com\/wp-content\/uploads\/2022\/02\/My-Dutch-Master-copy.jpg?resize=950%2C789&#038;ssl=1\" alt=\"\" class=\"wp-image-589\" srcset=\"https:\/\/i0.wp.com\/portugalizar.com\/wp-content\/uploads\/2022\/02\/My-Dutch-Master-copy.jpg?resize=1024%2C850&amp;ssl=1 1024w, https:\/\/i0.wp.com\/portugalizar.com\/wp-content\/uploads\/2022\/02\/My-Dutch-Master-copy.jpg?resize=300%2C249&amp;ssl=1 300w, https:\/\/i0.wp.com\/portugalizar.com\/wp-content\/uploads\/2022\/02\/My-Dutch-Master-copy.jpg?resize=768%2C637&amp;ssl=1 768w, https:\/\/i0.wp.com\/portugalizar.com\/wp-content\/uploads\/2022\/02\/My-Dutch-Master-copy.jpg?resize=1536%2C1275&amp;ssl=1 1536w, https:\/\/i0.wp.com\/portugalizar.com\/wp-content\/uploads\/2022\/02\/My-Dutch-Master-copy.jpg?w=1723&amp;ssl=1 1723w\" sizes=\"(max-width: 950px) 100vw, 950px\" \/><figcaption>\u201c<em>Mein holl\u00e4ndischer Meister<\/em>\u201d 2020<\/figcaption><\/figure>\n\n\n\n<h3 class=\"wp-block-heading\">Eine neue Sprache lernen<\/h3>\n\n\n\n<p>Bruegel hat von mir nichts zu bef\u00fcrchten. An diesem Gem\u00e4lde stimmt so vieles nicht, dass ich kaum wei\u00df, wo ich mit meiner eigenen Kritik beginnen soll. Soll ich mit den unscharfen Schatten beginnen, die die Vase links erscheinen lassen? Oder mit den Schatten, die das Buch auf der rechten Seite wirft und die ich auch nach stundenlangen Versuchen nicht hinbekommen habe?<\/p>\n\n\n\n<p>Ich hatte jedoch Recht, was meinen Lernstil betraf. Der Prozess fesselte mich so sehr, dass ich neun bis zehn Stunden am Tag arbeitete. Ich fummelte herum, f\u00fcgte hinzu, radierte aus, ordnete um, versuchte dies und das, um eine Perspektive zu schaffen, lernte die Bedeutung des Schattens und war v\u00f6llig frustriert \u00fcber die Bedeutung des Schattens.<\/p>\n\n\n\n<p>Durch das Fummeln und die Frustration lernte ich, dass die Malerei mir half, eine andere Art von Erz\u00e4hlung zu schaffen, eine in einer anderen Sprache als die Schrift. Ich entdeckte auf eine Art und Weise, die mir vorher nicht bewusst gewesen war, dass die bildende Kunst eine Geschichte erz\u00e4hlte, die sich nicht gut in Worte fassen lie\u00df; die Gem\u00e4lde und Fotografien boten mir ein neues und erg\u00e4nzendes Vokabular. Menschenskind, dachte ich, Dr. Seuss und all die Caldecott- und Newbery-Preistr\u00e4ger hatten die ganze Zeit recht gehabt! Nat\u00fcrlich hatten sie recht.<\/p>\n\n\n\n<p>Noch wichtiger ist, dass ich durch diesen Prozess so viel mehr \u00fcber mich gelernt habe, was nichts mit der Qualit\u00e4t meiner Kunst zu tun hat. Ich lernte, dass ich das, was ich in Portugal sah und erlebte, mit anderen teilen wollte, was zum Zweck von Portugalizar geworden ist. Ich lernte auch, dass mir die Worte fehlten, um diese Erfahrungen zu \u00fcbersetzen und mit anderen zu teilen; ich stolperte. Am Ende musste ich mich entscheiden, was wichtiger ist, die Form oder der Inhalt, d. h. ein perfektes Bild oder meine Geschichte zu teilen?<\/p>\n\n\n\n<h3 class=\"wp-block-heading\">Okay ist gerade gut genug<\/h3>\n\n\n\n<p>Die Fotos und Gem\u00e4lde, die ich in diesen Blogs mit Ihnen teilen werde, sind vielleicht nicht ganz so gut. Ich bin zwar eine begeisterte K\u00fcnstlerin, aber ich bin Autodidaktin und lerne und entdecke immer noch sehr viel. Was Sie sehen werden, ist alles andere als perfekt: Die Perspektiven sind schief, die Schatten sind \u00fcberall, die Gesichtsz\u00fcge sind verzerrt, aber nicht absichtlich (ich bin kein Picasso!). Es macht mir jedoch viel Spa\u00df, neue Tricks zu lernen, vor allem als \"alter Hase\".<\/p>\n\n\n\n<p>Meine Kunst ist nicht perfekt und muss es auch nicht sein. Das Malen von Z\u00e9 half mir, ihn klarer zu sehen und ihn ein wenig besser zu verstehen; au\u00dferdem konnte ich mich selbst in seinem Spiegel sehen. Als ich mein holl\u00e4ndisches Meisterwerk fertiggestellt hatte, verf\u00fcgte ich \u00fcber ein neues Vokabular, mit dem ich mich anderen mitteilen und auch besser verstehen konnte, was andere mir zur\u00fcckspiegelten.<\/p>\n\n\n\n<p>Der Akt des Kunstschaffens hilft mir, unsere kaleidoskopische Geschichte in Portugal ein wenig ausf\u00fchrlicher mit Ihnen zu teilen. Au\u00dferdem hoffe ich, dass ich durch die Herstellung dieser Bilder lerne, aufmerksamer zuzuh\u00f6ren; ich glaube, das ist der Fall.<\/p>\n\n\n\n<p>Nichtsdestotrotz hoffe ich, dass Ihnen die Bilder genauso viel Spa\u00df machen, wie mir das Fotografieren und\/oder die Herstellung der Bilder. Vielleicht finden Sie sie als Erg\u00e4nzung zu den Blogs. Ich hoffe, sie lenken nicht von dem ab, was ich Ihnen \u00fcber Portugal mitzuteilen versuche. Lassen Sie es mich in den Kommentaren wissen, w\u00e4hrend wir weitermachen.<\/p>\n\n\n\n<p>N\u00e4chste Woche, das verspreche ich, wird der Blog \u00fcber einen direkteren Aspekt des Lebens in Portugal handeln. <em>At\u00e9 breve!<\/em><\/p>","protected":false},"excerpt":{"rendered":"<p>Das Leben in Portugal hat mir die M\u00f6glichkeit gegeben, einen anderen lang verlorenen Traum zu entdecken: Ich wollte schon immer Kunst machen. Also habe ich mir auch diesen Traum erf\u00fcllt. Die Kunst ist ein weiteres Objektiv geworden, durch das ich diesen unglaublichen Ort verstehe. Sie ist auch die Linse Portugals in meine Seele. Ort und Person sind miteinander verwoben, das ist das Wesen von Portugalizar. Sie werden in Zukunft viel von meiner Kunst sehen. Ich wollte Sie schon einmal vorwarnen. Lesen Sie mehr...<\/p>","protected":false},"author":1,"featured_media":659,"comment_status":"open","ping_status":"open","sticky":false,"template":"","format":"standard","meta":{"nf_dc_page":"","om_disable_all_campaigns":false,"_monsterinsights_skip_tracking":false,"_monsterinsights_sitenote_active":false,"_monsterinsights_sitenote_note":"","_monsterinsights_sitenote_category":0,"_themeisle_gutenberg_block_has_review":false,"_jetpack_memberships_contains_paid_content":false,"footnotes":""},"categories":[14,6],"tags":[],"class_list":["post-685","post","type-post","status-publish","format-standard","has-post-thumbnail","hentry","category-musings","category-people"],"yoast_head":"<!-- This site is optimized with the Yoast SEO plugin v27.4 - https:\/\/yoast.com\/product\/yoast-seo-wordpress\/ -->\n<title>A New Language - PORTUGALIZAR<\/title>\n<meta name=\"robots\" content=\"index, follow, max-snippet:-1, max-image-preview:large, max-video-preview:-1\" \/>\n<link rel=\"canonical\" href=\"https:\/\/portugalizar.com\/de\/a-new-lanuage\/\" \/>\n<meta property=\"og:locale\" content=\"de_DE\" \/>\n<meta property=\"og:type\" content=\"article\" \/>\n<meta property=\"og:title\" content=\"A New Language - PORTUGALIZAR\" \/>\n<meta property=\"og:description\" content=\"Living in Portugal has given me the opportunity to discover that I have another long lost dream: I have always wanted to make art. So I have given in to this dream too. Art has become another lens through which I understand this incredible place. It is also Portugal\u2019s lens into my soul. Place and person become entwined, which is the essence of Portugalizar. You will see a lot of my art going forward. I wanted to warn you ahead of time. Read more\u2026\" \/>\n<meta property=\"og:url\" content=\"https:\/\/portugalizar.com\/de\/a-new-lanuage\/\" \/>\n<meta property=\"og:site_name\" content=\"PORTUGALIZAR\" \/>\n<meta property=\"article:published_time\" content=\"2022-03-30T21:26:30+00:00\" \/>\n<meta property=\"article:modified_time\" content=\"2022-07-25T05:57:45+00:00\" \/>\n<meta property=\"og:image\" content=\"https:\/\/portugalizar.com\/wp-content\/uploads\/2022\/02\/Face-to-Face-scaled-e1648280104261.jpg\" \/>\n\t<meta property=\"og:image:width\" content=\"2560\" \/>\n\t<meta property=\"og:image:height\" content=\"1043\" \/>\n\t<meta property=\"og:image:type\" content=\"image\/jpeg\" \/>\n<meta name=\"author\" content=\"Gui\" \/>\n<meta name=\"twitter:card\" content=\"summary_large_image\" \/>\n<meta name=\"twitter:label1\" content=\"Verfasst von\" \/>\n\t<meta name=\"twitter:data1\" content=\"Gui\" \/>\n\t<meta name=\"twitter:label2\" content=\"Gesch\u00e4tzte Lesezeit\" \/>\n\t<meta name=\"twitter:data2\" content=\"10\u00a0Minuten\" \/>\n<script type=\"application\/ld+json\" class=\"yoast-schema-graph\">{\"@context\":\"https:\\\/\\\/schema.org\",\"@graph\":[{\"@type\":\"Article\",\"@id\":\"https:\\\/\\\/portugalizar.com\\\/a-new-lanuage\\\/#article\",\"isPartOf\":{\"@id\":\"https:\\\/\\\/portugalizar.com\\\/a-new-lanuage\\\/\"},\"author\":{\"name\":\"Gui\",\"@id\":\"https:\\\/\\\/portugalizar.com\\\/#\\\/schema\\\/person\\\/1f60af48f39895b897e26d9d92ecf6db\"},\"headline\":\"A New Language\",\"datePublished\":\"2022-03-30T21:26:30+00:00\",\"dateModified\":\"2022-07-25T05:57:45+00:00\",\"mainEntityOfPage\":{\"@id\":\"https:\\\/\\\/portugalizar.com\\\/a-new-lanuage\\\/\"},\"wordCount\":2094,\"commentCount\":28,\"publisher\":{\"@id\":\"https:\\\/\\\/portugalizar.com\\\/#organization\"},\"image\":{\"@id\":\"https:\\\/\\\/portugalizar.com\\\/a-new-lanuage\\\/#primaryimage\"},\"thumbnailUrl\":\"https:\\\/\\\/i0.wp.com\\\/portugalizar.com\\\/wp-content\\\/uploads\\\/2022\\\/02\\\/Face-to-Face-scaled-e1648280104261.jpg?fit=2560%2C1043&ssl=1\",\"articleSection\":[\"Musings\",\"People\"],\"inLanguage\":\"de\",\"potentialAction\":[{\"@type\":\"CommentAction\",\"name\":\"Comment\",\"target\":[\"https:\\\/\\\/portugalizar.com\\\/a-new-lanuage\\\/#respond\"]}]},{\"@type\":\"WebPage\",\"@id\":\"https:\\\/\\\/portugalizar.com\\\/a-new-lanuage\\\/\",\"url\":\"https:\\\/\\\/portugalizar.com\\\/a-new-lanuage\\\/\",\"name\":\"A New Language - PORTUGALIZAR\",\"isPartOf\":{\"@id\":\"https:\\\/\\\/portugalizar.com\\\/#website\"},\"primaryImageOfPage\":{\"@id\":\"https:\\\/\\\/portugalizar.com\\\/a-new-lanuage\\\/#primaryimage\"},\"image\":{\"@id\":\"https:\\\/\\\/portugalizar.com\\\/a-new-lanuage\\\/#primaryimage\"},\"thumbnailUrl\":\"https:\\\/\\\/i0.wp.com\\\/portugalizar.com\\\/wp-content\\\/uploads\\\/2022\\\/02\\\/Face-to-Face-scaled-e1648280104261.jpg?fit=2560%2C1043&ssl=1\",\"datePublished\":\"2022-03-30T21:26:30+00:00\",\"dateModified\":\"2022-07-25T05:57:45+00:00\",\"breadcrumb\":{\"@id\":\"https:\\\/\\\/portugalizar.com\\\/a-new-lanuage\\\/#breadcrumb\"},\"inLanguage\":\"de\",\"potentialAction\":[{\"@type\":\"ReadAction\",\"target\":[\"https:\\\/\\\/portugalizar.com\\\/a-new-lanuage\\\/\"]}]},{\"@type\":\"ImageObject\",\"inLanguage\":\"de\",\"@id\":\"https:\\\/\\\/portugalizar.com\\\/a-new-lanuage\\\/#primaryimage\",\"url\":\"https:\\\/\\\/i0.wp.com\\\/portugalizar.com\\\/wp-content\\\/uploads\\\/2022\\\/02\\\/Face-to-Face-scaled-e1648280104261.jpg?fit=2560%2C1043&ssl=1\",\"contentUrl\":\"https:\\\/\\\/i0.wp.com\\\/portugalizar.com\\\/wp-content\\\/uploads\\\/2022\\\/02\\\/Face-to-Face-scaled-e1648280104261.jpg?fit=2560%2C1043&ssl=1\",\"width\":2560,\"height\":1043},{\"@type\":\"BreadcrumbList\",\"@id\":\"https:\\\/\\\/portugalizar.com\\\/a-new-lanuage\\\/#breadcrumb\",\"itemListElement\":[{\"@type\":\"ListItem\",\"position\":1,\"name\":\"Home\",\"item\":\"https:\\\/\\\/portugalizar.com\\\/\"},{\"@type\":\"ListItem\",\"position\":2,\"name\":\"A New Language\"}]},{\"@type\":\"WebSite\",\"@id\":\"https:\\\/\\\/portugalizar.com\\\/#website\",\"url\":\"https:\\\/\\\/portugalizar.com\\\/\",\"name\":\"PORTUGALIZAR\",\"description\":\"\",\"publisher\":{\"@id\":\"https:\\\/\\\/portugalizar.com\\\/#organization\"},\"potentialAction\":[{\"@type\":\"SearchAction\",\"target\":{\"@type\":\"EntryPoint\",\"urlTemplate\":\"https:\\\/\\\/portugalizar.com\\\/?s={search_term_string}\"},\"query-input\":{\"@type\":\"PropertyValueSpecification\",\"valueRequired\":true,\"valueName\":\"search_term_string\"}}],\"inLanguage\":\"de\"},{\"@type\":\"Organization\",\"@id\":\"https:\\\/\\\/portugalizar.com\\\/#organization\",\"name\":\"PORTUGALIZAR\",\"url\":\"https:\\\/\\\/portugalizar.com\\\/\",\"logo\":{\"@type\":\"ImageObject\",\"inLanguage\":\"de\",\"@id\":\"https:\\\/\\\/portugalizar.com\\\/#\\\/schema\\\/logo\\\/image\\\/\",\"url\":\"\",\"contentUrl\":\"\",\"caption\":\"PORTUGALIZAR\"},\"image\":{\"@id\":\"https:\\\/\\\/portugalizar.com\\\/#\\\/schema\\\/logo\\\/image\\\/\"}},{\"@type\":\"Person\",\"@id\":\"https:\\\/\\\/portugalizar.com\\\/#\\\/schema\\\/person\\\/1f60af48f39895b897e26d9d92ecf6db\",\"name\":\"Gui\",\"image\":{\"@type\":\"ImageObject\",\"inLanguage\":\"de\",\"@id\":\"https:\\\/\\\/secure.gravatar.com\\\/avatar\\\/0bef00a699e73fc60016c16a6f44683b2a027bb1b48a4b3973732af4cc636712?s=96&d=mm&r=g\",\"url\":\"https:\\\/\\\/secure.gravatar.com\\\/avatar\\\/0bef00a699e73fc60016c16a6f44683b2a027bb1b48a4b3973732af4cc636712?s=96&d=mm&r=g\",\"contentUrl\":\"https:\\\/\\\/secure.gravatar.com\\\/avatar\\\/0bef00a699e73fc60016c16a6f44683b2a027bb1b48a4b3973732af4cc636712?s=96&d=mm&r=g\",\"caption\":\"Gui\"},\"url\":\"https:\\\/\\\/portugalizar.com\\\/de\\\/author\\\/spestheonlyone\\\/\"}]}<\/script>\n<!-- \/ Yoast SEO plugin. -->","yoast_head_json":{"title":"A New Language - PORTUGALIZAR","robots":{"index":"index","follow":"follow","max-snippet":"max-snippet:-1","max-image-preview":"max-image-preview:large","max-video-preview":"max-video-preview:-1"},"canonical":"https:\/\/portugalizar.com\/de\/a-new-lanuage\/","og_locale":"de_DE","og_type":"article","og_title":"A New Language - PORTUGALIZAR","og_description":"Living in Portugal has given me the opportunity to discover that I have another long lost dream: I have always wanted to make art. So I have given in to this dream too. Art has become another lens through which I understand this incredible place. It is also Portugal\u2019s lens into my soul. Place and person become entwined, which is the essence of Portugalizar. You will see a lot of my art going forward. I wanted to warn you ahead of time. Read more\u2026","og_url":"https:\/\/portugalizar.com\/de\/a-new-lanuage\/","og_site_name":"PORTUGALIZAR","article_published_time":"2022-03-30T21:26:30+00:00","article_modified_time":"2022-07-25T05:57:45+00:00","og_image":[{"width":2560,"height":1043,"url":"https:\/\/portugalizar.com\/wp-content\/uploads\/2022\/02\/Face-to-Face-scaled-e1648280104261.jpg","type":"image\/jpeg"}],"author":"Gui","twitter_card":"summary_large_image","twitter_misc":{"Verfasst von":"Gui","Gesch\u00e4tzte Lesezeit":"10\u00a0Minuten"},"schema":{"@context":"https:\/\/schema.org","@graph":[{"@type":"Article","@id":"https:\/\/portugalizar.com\/a-new-lanuage\/#article","isPartOf":{"@id":"https:\/\/portugalizar.com\/a-new-lanuage\/"},"author":{"name":"Gui","@id":"https:\/\/portugalizar.com\/#\/schema\/person\/1f60af48f39895b897e26d9d92ecf6db"},"headline":"A New Language","datePublished":"2022-03-30T21:26:30+00:00","dateModified":"2022-07-25T05:57:45+00:00","mainEntityOfPage":{"@id":"https:\/\/portugalizar.com\/a-new-lanuage\/"},"wordCount":2094,"commentCount":28,"publisher":{"@id":"https:\/\/portugalizar.com\/#organization"},"image":{"@id":"https:\/\/portugalizar.com\/a-new-lanuage\/#primaryimage"},"thumbnailUrl":"https:\/\/i0.wp.com\/portugalizar.com\/wp-content\/uploads\/2022\/02\/Face-to-Face-scaled-e1648280104261.jpg?fit=2560%2C1043&ssl=1","articleSection":["Musings","People"],"inLanguage":"de","potentialAction":[{"@type":"CommentAction","name":"Comment","target":["https:\/\/portugalizar.com\/a-new-lanuage\/#respond"]}]},{"@type":"WebPage","@id":"https:\/\/portugalizar.com\/a-new-lanuage\/","url":"https:\/\/portugalizar.com\/a-new-lanuage\/","name":"A New Language - PORTUGALIZAR","isPartOf":{"@id":"https:\/\/portugalizar.com\/#website"},"primaryImageOfPage":{"@id":"https:\/\/portugalizar.com\/a-new-lanuage\/#primaryimage"},"image":{"@id":"https:\/\/portugalizar.com\/a-new-lanuage\/#primaryimage"},"thumbnailUrl":"https:\/\/i0.wp.com\/portugalizar.com\/wp-content\/uploads\/2022\/02\/Face-to-Face-scaled-e1648280104261.jpg?fit=2560%2C1043&ssl=1","datePublished":"2022-03-30T21:26:30+00:00","dateModified":"2022-07-25T05:57:45+00:00","breadcrumb":{"@id":"https:\/\/portugalizar.com\/a-new-lanuage\/#breadcrumb"},"inLanguage":"de","potentialAction":[{"@type":"ReadAction","target":["https:\/\/portugalizar.com\/a-new-lanuage\/"]}]},{"@type":"ImageObject","inLanguage":"de","@id":"https:\/\/portugalizar.com\/a-new-lanuage\/#primaryimage","url":"https:\/\/i0.wp.com\/portugalizar.com\/wp-content\/uploads\/2022\/02\/Face-to-Face-scaled-e1648280104261.jpg?fit=2560%2C1043&ssl=1","contentUrl":"https:\/\/i0.wp.com\/portugalizar.com\/wp-content\/uploads\/2022\/02\/Face-to-Face-scaled-e1648280104261.jpg?fit=2560%2C1043&ssl=1","width":2560,"height":1043},{"@type":"BreadcrumbList","@id":"https:\/\/portugalizar.com\/a-new-lanuage\/#breadcrumb","itemListElement":[{"@type":"ListItem","position":1,"name":"Home","item":"https:\/\/portugalizar.com\/"},{"@type":"ListItem","position":2,"name":"A New Language"}]},{"@type":"WebSite","@id":"https:\/\/portugalizar.com\/#website","url":"https:\/\/portugalizar.com\/","name":"PORTUGALISCHER","description":"","publisher":{"@id":"https:\/\/portugalizar.com\/#organization"},"potentialAction":[{"@type":"SearchAction","target":{"@type":"EntryPoint","urlTemplate":"https:\/\/portugalizar.com\/?s={search_term_string}"},"query-input":{"@type":"PropertyValueSpecification","valueRequired":true,"valueName":"search_term_string"}}],"inLanguage":"de"},{"@type":"Organization","@id":"https:\/\/portugalizar.com\/#organization","name":"PORTUGALISCHER","url":"https:\/\/portugalizar.com\/","logo":{"@type":"ImageObject","inLanguage":"de","@id":"https:\/\/portugalizar.com\/#\/schema\/logo\/image\/","url":"","contentUrl":"","caption":"PORTUGALIZAR"},"image":{"@id":"https:\/\/portugalizar.com\/#\/schema\/logo\/image\/"}},{"@type":"Person","@id":"https:\/\/portugalizar.com\/#\/schema\/person\/1f60af48f39895b897e26d9d92ecf6db","name":"Gui","image":{"@type":"ImageObject","inLanguage":"de","@id":"https:\/\/secure.gravatar.com\/avatar\/0bef00a699e73fc60016c16a6f44683b2a027bb1b48a4b3973732af4cc636712?s=96&d=mm&r=g","url":"https:\/\/secure.gravatar.com\/avatar\/0bef00a699e73fc60016c16a6f44683b2a027bb1b48a4b3973732af4cc636712?s=96&d=mm&r=g","contentUrl":"https:\/\/secure.gravatar.com\/avatar\/0bef00a699e73fc60016c16a6f44683b2a027bb1b48a4b3973732af4cc636712?s=96&d=mm&r=g","caption":"Gui"},"url":"https:\/\/portugalizar.com\/de\/author\/spestheonlyone\/"}]}},"jetpack_featured_media_url":"https:\/\/i0.wp.com\/portugalizar.com\/wp-content\/uploads\/2022\/02\/Face-to-Face-scaled-e1648280104261.jpg?fit=2560%2C1043&ssl=1","jetpack-related-posts":[],"jetpack_sharing_enabled":true,"_links":{"self":[{"href":"https:\/\/portugalizar.com\/de\/wp-json\/wp\/v2\/posts\/685","targetHints":{"allow":["GET"]}}],"collection":[{"href":"https:\/\/portugalizar.com\/de\/wp-json\/wp\/v2\/posts"}],"about":[{"href":"https:\/\/portugalizar.com\/de\/wp-json\/wp\/v2\/types\/post"}],"author":[{"embeddable":true,"href":"https:\/\/portugalizar.com\/de\/wp-json\/wp\/v2\/users\/1"}],"replies":[{"embeddable":true,"href":"https:\/\/portugalizar.com\/de\/wp-json\/wp\/v2\/comments?post=685"}],"version-history":[{"count":5,"href":"https:\/\/portugalizar.com\/de\/wp-json\/wp\/v2\/posts\/685\/revisions"}],"predecessor-version":[{"id":1191,"href":"https:\/\/portugalizar.com\/de\/wp-json\/wp\/v2\/posts\/685\/revisions\/1191"}],"wp:featuredmedia":[{"embeddable":true,"href":"https:\/\/portugalizar.com\/de\/wp-json\/wp\/v2\/media\/659"}],"wp:attachment":[{"href":"https:\/\/portugalizar.com\/de\/wp-json\/wp\/v2\/media?parent=685"}],"wp:term":[{"taxonomy":"category","embeddable":true,"href":"https:\/\/portugalizar.com\/de\/wp-json\/wp\/v2\/categories?post=685"},{"taxonomy":"post_tag","embeddable":true,"href":"https:\/\/portugalizar.com\/de\/wp-json\/wp\/v2\/tags?post=685"}],"curies":[{"name":"wp","href":"https:\/\/api.w.org\/{rel}","templated":true}]}}