{"id":1902,"date":"2022-07-14T04:00:00","date_gmt":"2022-07-14T04:00:00","guid":{"rendered":"https:\/\/portugalizar.com\/?p=1902"},"modified":"2022-07-14T16:53:03","modified_gmt":"2022-07-14T16:53:03","slug":"happy-days-are-here-again","status":"publish","type":"post","link":"https:\/\/portugalizar.com\/de\/happy-days-are-here-again\/","title":{"rendered":"DIE GL\u00dcCKLICHEN TAGE SIND WIEDER DA! <br>EINE SONDERAUSGABE"},"content":{"rendered":"<p><em>Ol\u00e1 a todos! Espero que tenham tido uma semana absolutamente fabulosa.<\/em> \/\/ Hallo zusammen. Ich hoffe, ihr hattet alle eine absolut fabelhafte Woche. Seit Ende Juni war jeder Tag hier vollgepackt mit Aktivit\u00e4ten. Und Tavira hat vor Aufregung nur so gesprudelt. Der Schatten von Covid ist allm\u00e4hlich k\u00fcrzer geworden. Aber jetzt steht die Sonne am h\u00f6chsten Punkt. Daher gibt es scheinbar keine Schatten. Die gl\u00fccklichen Tage sind wieder da!<\/p>\n\n\n\n<p>Es hat sich so viel ereignet. Ich wollte Ihnen einen Platz in der ersten Reihe geben. Aber auch, um Ihnen die M\u00f6glichkeit zu geben, an den Aktivit\u00e4ten und der Aufregung teilzuhaben. Ich kann Sie hier nicht wirklich in die Menschenmenge hineinversetzen. Aber ich hoffe, dass Sie die einfache, elektrische Lebendigkeit der Feierlichkeiten sp\u00fcren werden. <\/p>\n\n\n\n<h2 class=\"wp-block-heading\">Wozu die ganze Aufregung?<\/h2>\n\n\n\n<p>Der Juni ist in Portugal bekannt als <em><a href=\"https:\/\/www.visitportugal.com\/en\/node\/210955\" target=\"_blank\" rel=\"noreferrer noopener\">a m\u00eas dos santos populares<\/a><\/em>das hei\u00dft, der Monat der Volksheiligen. Es gibt drei. Das Fest des Heiligen Antonius (<em>Santo Ant\u00f3nio<\/em>, auf Portugiesisch) ist der 13. Juni. Dann gibt es noch den Heiligen Johannes den T\u00e4ufer (<em>S\u00e3o Jo\u00e3o<\/em>) am 24. Juni. Schlie\u00dflich wird Sankt Peter (<em>S\u00e3o Pedro<\/em>) bildet am 29. Juni das Schlusslicht. Nur <em>o Ant\u00f3nio<\/em> ist eigentlich Portugiese. Er wurde 1195 in Lissabon geboren, verbrachte aber etwa die H\u00e4lfte seines Lebens in Italien. Er starb und wurde in Padua begraben. <\/p>\n\n\n\n<p>Die beiden anderen lebten im 1. Jahrhundert in der r\u00f6mischen Provinz Jud\u00e4a, dem heutigen Israel und Pal\u00e4stina. <em>O Jo\u00e3o<\/em> und <em>o Pedro<\/em> werden \u00fcberhaupt nicht mit Portugal in Verbindung gebracht. Sie sind wahrscheinlich beliebt und wichtig f\u00fcr die Portugiesen, weil beide mit Wasser in Verbindung gebracht werden. Wasser, das Meer, ist das Lebenselixier der Portugiesen. Deshalb <em>o Jo\u00e3o<\/em>hat nach christlicher Tradition die Taufe erfunden. Durch die Taufe verpflichten sich die Christen durch Untertauchen in Wasser zu einer neuen Lebensweise. Die Verbindung von <em>o Pedro<\/em> ist einfacher. Die christliche Literatur beschreibt ihn als Fischer. Aber Jesus ruft ihn auch auf, Menschenfischer zu sein. Vermutlich auch von Frauen. Die Portugiesen sind Fischer. Das Meer und die Fischerei sind also seit \u00c4onen von entscheidender Bedeutung f\u00fcr das Leben und die Wirtschaft in Portugal. Beide sind immer noch in den Herzen und Seelen aller Portugiesen pr\u00e4sent, auch wenn sie wirtschaftlich weniger wichtig sind.<\/p>\n\n\n\n<figure class=\"wp-block-gallery has-nested-images columns-default is-cropped wp-block-gallery-1 is-layout-flex wp-block-gallery-is-layout-flex\">\n<figure class=\"wp-block-image size-large\"><img data-recalc-dims=\"1\" fetchpriority=\"high\" decoding=\"async\" width=\"228\" height=\"228\" data-id=\"1923\" src=\"https:\/\/i0.wp.com\/portugalizar.com\/wp-content\/uploads\/2022\/06\/Santo-Antonio-e1656430802108.jpeg?resize=228%2C228&#038;ssl=1\" alt=\"\" class=\"wp-image-1923\" srcset=\"https:\/\/i0.wp.com\/portugalizar.com\/wp-content\/uploads\/2022\/06\/Santo-Antonio-e1656430802108.jpeg?w=228&amp;ssl=1 228w, https:\/\/i0.wp.com\/portugalizar.com\/wp-content\/uploads\/2022\/06\/Santo-Antonio-e1656430802108.jpeg?resize=150%2C150&amp;ssl=1 150w, https:\/\/i0.wp.com\/portugalizar.com\/wp-content\/uploads\/2022\/06\/Santo-Antonio-e1656430802108.jpeg?resize=12%2C12&amp;ssl=1 12w\" sizes=\"(max-width: 228px) 100vw, 228px\" \/><figcaption>Santo Ant\u00f3nio<\/figcaption><\/figure>\n\n\n\n<figure class=\"wp-block-image size-large\"><img data-recalc-dims=\"1\" decoding=\"async\" width=\"600\" height=\"600\" data-id=\"1919\" src=\"https:\/\/i0.wp.com\/portugalizar.com\/wp-content\/uploads\/2022\/06\/saint-john-2.jpeg?resize=600%2C600&#038;ssl=1\" alt=\"\" class=\"wp-image-1919\" srcset=\"https:\/\/i0.wp.com\/portugalizar.com\/wp-content\/uploads\/2022\/06\/saint-john-2.jpeg?w=600&amp;ssl=1 600w, https:\/\/i0.wp.com\/portugalizar.com\/wp-content\/uploads\/2022\/06\/saint-john-2.jpeg?resize=300%2C300&amp;ssl=1 300w, https:\/\/i0.wp.com\/portugalizar.com\/wp-content\/uploads\/2022\/06\/saint-john-2.jpeg?resize=150%2C150&amp;ssl=1 150w, https:\/\/i0.wp.com\/portugalizar.com\/wp-content\/uploads\/2022\/06\/saint-john-2.jpeg?resize=12%2C12&amp;ssl=1 12w\" sizes=\"(max-width: 600px) 100vw, 600px\" \/><figcaption>S\u00e3o Jo\u00e3o<\/figcaption><\/figure>\n\n\n\n<figure class=\"wp-block-image size-large\"><img data-recalc-dims=\"1\" decoding=\"async\" width=\"316\" height=\"316\" data-id=\"1921\" src=\"https:\/\/i0.wp.com\/portugalizar.com\/wp-content\/uploads\/2022\/06\/saint_peter-scaled-e1656430709882.jpg?resize=316%2C316&#038;ssl=1\" alt=\"\" class=\"wp-image-1921\" srcset=\"https:\/\/i0.wp.com\/portugalizar.com\/wp-content\/uploads\/2022\/06\/saint_peter-scaled-e1656430709882.jpg?w=316&amp;ssl=1 316w, https:\/\/i0.wp.com\/portugalizar.com\/wp-content\/uploads\/2022\/06\/saint_peter-scaled-e1656430709882.jpg?resize=300%2C300&amp;ssl=1 300w, https:\/\/i0.wp.com\/portugalizar.com\/wp-content\/uploads\/2022\/06\/saint_peter-scaled-e1656430709882.jpg?resize=150%2C150&amp;ssl=1 150w, https:\/\/i0.wp.com\/portugalizar.com\/wp-content\/uploads\/2022\/06\/saint_peter-scaled-e1656430709882.jpg?resize=12%2C12&amp;ssl=1 12w\" sizes=\"(max-width: 316px) 100vw, 316px\" \/><figcaption>S\u00e3o Pedro<\/figcaption><\/figure>\n<figcaption class=\"blocks-gallery-caption\"><strong>Os Santos Populares<\/strong><\/figcaption><\/figure>\n\n\n\n<p><em>S\u00e3o Jo\u00e3o<\/em> ist f\u00fcr Tavira sehr wichtig. Er ist der Schutzheilige der Stadt. Was ist das \"Warum\" seiner Bedeutung? Es geht um Neuanf\u00e4nge, um einen Neubeginn. Und es geht um das Wasser, also das Meer, und um die Fischerei.  Sowohl Neuanf\u00e4nge als auch Wasser sind verbunden mit <em>S\u00e3o Jo\u00e3o<\/em>. Hier ist mein Versuch, diese Verbindungen zusammenzuf\u00fchren.<\/p>\n\n\n\n<h2 class=\"wp-block-heading\">Mehr als nur \u00fcber Heilige<\/h2>\n\n\n\n<p>Thunfische, insbesondere Blauflossen-Thunfische, kommen ab Anfang Juli an Tavira vorbei - oder waren es zumindest. Sie kehren in die warmen Gew\u00e4sser des Mittelmeers zur\u00fcck, um sich zu ern\u00e4hren und ihre Kondition zu st\u00e4rken. Letztendlich ziehen sie aber ins Schwarze Meer, um zu br\u00fcten. <\/p>\n\n\n\n<figure class=\"wp-block-gallery alignright has-nested-images columns-default is-cropped wp-block-gallery-2 is-layout-flex wp-block-gallery-is-layout-flex\">\n<figure class=\"wp-block-image size-large\"><img data-recalc-dims=\"1\" loading=\"lazy\" decoding=\"async\" width=\"709\" height=\"838\" data-id=\"1928\" src=\"https:\/\/i0.wp.com\/portugalizar.com\/wp-content\/uploads\/2022\/06\/Eleva-Tavira-1520.jpg?resize=709%2C838&#038;ssl=1\" alt=\"\" class=\"wp-image-1928\" srcset=\"https:\/\/i0.wp.com\/portugalizar.com\/wp-content\/uploads\/2022\/06\/Eleva-Tavira-1520.jpg?w=709&amp;ssl=1 709w, https:\/\/i0.wp.com\/portugalizar.com\/wp-content\/uploads\/2022\/06\/Eleva-Tavira-1520.jpg?resize=254%2C300&amp;ssl=1 254w, https:\/\/i0.wp.com\/portugalizar.com\/wp-content\/uploads\/2022\/06\/Eleva-Tavira-1520.jpg?resize=10%2C12&amp;ssl=1 10w\" sizes=\"(max-width: 709px) 100vw, 709px\" \/><\/figure>\n<figcaption class=\"blocks-gallery-caption\"><strong>Die Seite in den Letras do Dom Manuel I., die die Ernennung Taviras zur Stadt genehmigt. (St\u00e4dtisches Museum von Tavira)<\/strong><\/figcaption><\/figure>\n\n\n\n<p>Der Thunfischfang war jahrhundertelang der wirtschaftliche Kern von Tavira. Er machte einige wenige reich. Aber er hielt die B\u00e4uche aller <em>Tavirenses<\/em> voll. Angefangen bei dem \u00e4lteren Mann bis hin zu den Teenagern, alle arbeiteten im <em>arma\u00e7\u00e3o<\/em>. Hunderte von M\u00e4nnern auf einmal besetzten jede <em>arma\u00e7\u00e3o<\/em>. Es gab Hunderte von <em>arma\u00e7\u00e3o<\/em>.<\/p>\n\n\n\n<p>Au\u00dferdem arbeiteten Tausende von Menschen in der <em>Fabricas<\/em>. Diese Thunfischkonservenfabriken befanden sich \u00fcberall in Tavira und an der Algarve. Der Thunfisch aus Portugal kam auf die Tische der ganzen Welt. Die wenigen Monate, in denen der Thunfisch an Tavira vorbeischwamm, waren entscheidend. Vor allem f\u00fcr die Arbeiter in den <em>arma\u00e7\u00e3o<\/em> und in der <em>Fabricas<\/em>.<\/p>\n\n\n\n<p>Die Wochen im Juni bedeuteten harte Arbeit in Vorbereitung auf die R\u00fcckkehr des Thunfischs. Diese Vorbereitung endete gegen Ende Juni, zeitgleich mit dem Fest der <em>S\u00e3o Jo\u00e3o<\/em>. Der 24. markierte das Ende der Vorbereitungen f\u00fcr die kommenden gro\u00dfen F\u00e4nge. Das war Grund genug zu feiern, bis der <em>arma\u00e7\u00e3o<\/em> winkte. Die gl\u00fccklichen Tage waren wieder da! <\/p>\n\n\n\n<p>Ein weiterer Grund f\u00fcr das gro\u00dfe Juni-Fest ist Tavira selbst. Im Jahr 1520 wurde Tavira von Dom Manuel I. zur Stadt erhoben. Das war und ist eine gro\u00dfe Sache. Denn eine Stadt genoss besondere rechtliche Rechte. Das bedeutete Selbstverwaltung und ein gewisses Ma\u00df an Autonomie. Eine Stadt zu sein war also eine besondere Ehre. Nach 1520 vermischten sich diese beiden gro\u00dfen Ereignisse - der Stadtstatus und die R\u00fcckkehr des Thunfischs - mit <em>S\u00e3o Jo\u00e3o<\/em>.<\/p>\n\n\n\n<h2 class=\"wp-block-heading\">Wundersch\u00f6ne Dekorationen begr\u00fc\u00dften die fr\u00f6hlichen Menschenmassen<\/h2>\n\n\n\n<p>Tavira wird f\u00fcr die Feierlichkeiten herausgeputzt. Es ist wirklich sehr sch\u00f6n. Jedes Jahr gibt es ein anderes Thema. In diesem Jahr schien der Schwerpunkt auf <a href=\"https:\/\/portugalizar.com\/de\/world-of-magic-and-mystery\/\" target=\"_blank\" rel=\"noreferrer noopener\">die Kirchen von Tavira<\/a>. Wir haben dieses Thema schon vor einiger Zeit in einem Beitrag behandelt. Die <em>Igreja de Santa Luzia<\/em>Die Pfarrkirche unseres Dorfes befindet sich oben auf dem Foto rechts unten.<\/p>\n\n\n\n<figure class=\"wp-block-gallery has-nested-images columns-default is-cropped wp-block-gallery-3 is-layout-flex wp-block-gallery-is-layout-flex\">\n<figure class=\"wp-block-image size-large\"><img data-recalc-dims=\"1\" loading=\"lazy\" decoding=\"async\" width=\"950\" height=\"1267\" data-id=\"2028\" src=\"https:\/\/i0.wp.com\/portugalizar.com\/wp-content\/uploads\/2022\/07\/as-decoracoes-na-rua-1-scaled.jpg?resize=950%2C1267&#038;ssl=1\" alt=\"\" class=\"wp-image-2028\" srcset=\"https:\/\/i0.wp.com\/portugalizar.com\/wp-content\/uploads\/2022\/07\/as-decoracoes-na-rua-1-scaled.jpg?w=1920&amp;ssl=1 1920w, https:\/\/i0.wp.com\/portugalizar.com\/wp-content\/uploads\/2022\/07\/as-decoracoes-na-rua-1-scaled.jpg?resize=225%2C300&amp;ssl=1 225w, https:\/\/i0.wp.com\/portugalizar.com\/wp-content\/uploads\/2022\/07\/as-decoracoes-na-rua-1-scaled.jpg?resize=768%2C1024&amp;ssl=1 768w, https:\/\/i0.wp.com\/portugalizar.com\/wp-content\/uploads\/2022\/07\/as-decoracoes-na-rua-1-scaled.jpg?resize=1152%2C1536&amp;ssl=1 1152w\" sizes=\"(max-width: 950px) 100vw, 950px\" \/><\/figure>\n\n\n\n<figure class=\"wp-block-image size-large\"><img data-recalc-dims=\"1\" loading=\"lazy\" decoding=\"async\" width=\"950\" height=\"1267\" data-id=\"2030\" src=\"https:\/\/i0.wp.com\/portugalizar.com\/wp-content\/uploads\/2022\/07\/igreja-santa-santa-luzia-na-rua-2a-scaled.jpg?resize=950%2C1267&#038;ssl=1\" alt=\"\" class=\"wp-image-2030\" srcset=\"https:\/\/i0.wp.com\/portugalizar.com\/wp-content\/uploads\/2022\/07\/igreja-santa-santa-luzia-na-rua-2a-scaled.jpg?w=1920&amp;ssl=1 1920w, https:\/\/i0.wp.com\/portugalizar.com\/wp-content\/uploads\/2022\/07\/igreja-santa-santa-luzia-na-rua-2a-scaled.jpg?resize=225%2C300&amp;ssl=1 225w, https:\/\/i0.wp.com\/portugalizar.com\/wp-content\/uploads\/2022\/07\/igreja-santa-santa-luzia-na-rua-2a-scaled.jpg?resize=768%2C1024&amp;ssl=1 768w, https:\/\/i0.wp.com\/portugalizar.com\/wp-content\/uploads\/2022\/07\/igreja-santa-santa-luzia-na-rua-2a-scaled.jpg?resize=1152%2C1536&amp;ssl=1 1152w\" sizes=\"(max-width: 950px) 100vw, 950px\" \/><\/figure>\n<figcaption class=\"blocks-gallery-caption\"><strong>Die Dekorationen entlang der Hauptstra\u00dfe von Tavira<\/strong>. <strong>Sie sind aufs Ganze gegangen.<\/strong><\/figcaption><\/figure>\n\n\n\n<p>Nat\u00fcrlich <em>S\u00e3o Jo\u00e3o<\/em> tritt in Erscheinung. Er bewacht den Eingang zum <em>Jardim do Coreto<\/em> wo die ganze Party stattfinden wird. Sie gehen durch den festlich geschm\u00fcckten Eingangstorbogen. Dort ist <em>S\u00e3o Jo\u00e3o<\/em> Sie winken und gr\u00fc\u00dfen. Als ich mich umdrehte, erwartete ich jedoch, dass ich das gleiche Bild auf der anderen Seite sehen w\u00fcrde. Aber nein, da war die R\u00fcckansicht von S\u00e3o Jo\u00e3o. Er schien auch mit seinem Hintern zu wackeln.<\/p>\n\n\n\n<figure class=\"wp-block-gallery has-nested-images columns-default is-cropped wp-block-gallery-4 is-layout-flex wp-block-gallery-is-layout-flex\">\n<figure class=\"wp-block-image size-large\"><img data-recalc-dims=\"1\" loading=\"lazy\" decoding=\"async\" width=\"950\" height=\"1325\" data-id=\"2032\" src=\"https:\/\/i0.wp.com\/portugalizar.com\/wp-content\/uploads\/2022\/07\/saint-john-front-scaled.jpg?resize=950%2C1325&#038;ssl=1\" alt=\"\" class=\"wp-image-2032\" srcset=\"https:\/\/i0.wp.com\/portugalizar.com\/wp-content\/uploads\/2022\/07\/saint-john-front-scaled.jpg?w=1836&amp;ssl=1 1836w, https:\/\/i0.wp.com\/portugalizar.com\/wp-content\/uploads\/2022\/07\/saint-john-front-scaled.jpg?resize=215%2C300&amp;ssl=1 215w, https:\/\/i0.wp.com\/portugalizar.com\/wp-content\/uploads\/2022\/07\/saint-john-front-scaled.jpg?resize=734%2C1024&amp;ssl=1 734w, https:\/\/i0.wp.com\/portugalizar.com\/wp-content\/uploads\/2022\/07\/saint-john-front-scaled.jpg?resize=768%2C1071&amp;ssl=1 768w, https:\/\/i0.wp.com\/portugalizar.com\/wp-content\/uploads\/2022\/07\/saint-john-front-scaled.jpg?resize=1101%2C1536&amp;ssl=1 1101w, https:\/\/i0.wp.com\/portugalizar.com\/wp-content\/uploads\/2022\/07\/saint-john-front-scaled.jpg?resize=1469%2C2048&amp;ssl=1 1469w, https:\/\/i0.wp.com\/portugalizar.com\/wp-content\/uploads\/2022\/07\/saint-john-front-scaled.jpg?resize=9%2C12&amp;ssl=1 9w\" sizes=\"(max-width: 950px) 100vw, 950px\" \/><\/figure>\n\n\n\n<figure class=\"wp-block-image size-large\"><img data-recalc-dims=\"1\" loading=\"lazy\" decoding=\"async\" width=\"950\" height=\"1267\" data-id=\"2031\" src=\"https:\/\/i0.wp.com\/portugalizar.com\/wp-content\/uploads\/2022\/07\/saint-john-back-scaled.jpg?resize=950%2C1267&#038;ssl=1\" alt=\"\" class=\"wp-image-2031\" srcset=\"https:\/\/i0.wp.com\/portugalizar.com\/wp-content\/uploads\/2022\/07\/saint-john-back-scaled.jpg?w=1920&amp;ssl=1 1920w, https:\/\/i0.wp.com\/portugalizar.com\/wp-content\/uploads\/2022\/07\/saint-john-back-scaled.jpg?resize=225%2C300&amp;ssl=1 225w, https:\/\/i0.wp.com\/portugalizar.com\/wp-content\/uploads\/2022\/07\/saint-john-back-scaled.jpg?resize=768%2C1024&amp;ssl=1 768w, https:\/\/i0.wp.com\/portugalizar.com\/wp-content\/uploads\/2022\/07\/saint-john-back-scaled.jpg?resize=1152%2C1536&amp;ssl=1 1152w\" sizes=\"(max-width: 950px) 100vw, 950px\" \/><\/figure>\n<figcaption class=\"blocks-gallery-caption\"><strong>S\u00e3o Jo\u00e3o, Kommen und Gehen, im Jardim do Coreto<\/strong>.<\/figcaption><\/figure>\n\n\n\n<h2 class=\"wp-block-heading\">Gl\u00fcckliche Menschenmassen str\u00f6mten auf die Stra\u00dfen<\/h2>\n\n\n\n<p>Die Feierlichkeiten finden jedes Jahr vom Abend des 23. bis zum Abend des 28. statt. Gegen 19.00 Uhr beginnen die Bands zu spielen. Die Menschenmassen sammeln sich fr\u00fch. Es liegt ein Hauch von Vorfreude in der Luft. Man kann das Knistern der Aufregung fast sp\u00fcren und h\u00f6ren. Alle scheinen bereit zu sein, zu feiern, loszulassen und einfach nur gl\u00fccklich zu sein.<\/p>\n\n\n\n<p>Und nat\u00fcrlich gab es jede Menge Trubel, d. h. gute Musik und viel Tanz. Die Dinge kamen ins Rollen mit <em>O Trio Vers\u00e1til<\/em>die drei unten abgebildeten Kerle. Alle sind bestrebt, sich zu am\u00fcsieren und sich auszutoben. Und <em>o Trio<\/em> entt\u00e4uschte das Publikum nicht.<\/p>\n\n\n\n<figure class=\"wp-block-image size-large\"><img data-recalc-dims=\"1\" loading=\"lazy\" decoding=\"async\" width=\"950\" height=\"533\" src=\"https:\/\/i0.wp.com\/portugalizar.com\/wp-content\/uploads\/2022\/07\/O-Trio-Versatil-Jardim-do-Coreto-23-de-Junho.jpg?resize=950%2C533&#038;ssl=1\" alt=\"\" class=\"wp-image-2033\" srcset=\"https:\/\/i0.wp.com\/portugalizar.com\/wp-content\/uploads\/2022\/07\/O-Trio-Versatil-Jardim-do-Coreto-23-de-Junho.jpg?resize=1024%2C574&amp;ssl=1 1024w, https:\/\/i0.wp.com\/portugalizar.com\/wp-content\/uploads\/2022\/07\/O-Trio-Versatil-Jardim-do-Coreto-23-de-Junho.jpg?resize=300%2C168&amp;ssl=1 300w, https:\/\/i0.wp.com\/portugalizar.com\/wp-content\/uploads\/2022\/07\/O-Trio-Versatil-Jardim-do-Coreto-23-de-Junho.jpg?resize=768%2C431&amp;ssl=1 768w, https:\/\/i0.wp.com\/portugalizar.com\/wp-content\/uploads\/2022\/07\/O-Trio-Versatil-Jardim-do-Coreto-23-de-Junho.jpg?resize=1536%2C862&amp;ssl=1 1536w, https:\/\/i0.wp.com\/portugalizar.com\/wp-content\/uploads\/2022\/07\/O-Trio-Versatil-Jardim-do-Coreto-23-de-Junho.jpg?resize=18%2C10&amp;ssl=1 18w, https:\/\/i0.wp.com\/portugalizar.com\/wp-content\/uploads\/2022\/07\/O-Trio-Versatil-Jardim-do-Coreto-23-de-Junho.jpg?w=1920&amp;ssl=1 1920w\" sizes=\"(max-width: 950px) 100vw, 950px\" \/><figcaption><strong>O Trio Vers\u00e1til, Jardim do Coreto, 23 de Junho 2022<\/strong><\/figcaption><\/figure>\n\n\n\n<p>Ich habe kurze Videos f\u00fcr Sie auf YouTube eingestellt. Aber nur, wenn Sie interessiert sind. Nur so konnte ich Sie in die Feierlichkeiten einbeziehen. Dieses erste Video zeigt <em>O Trio Vers\u00e1til<\/em>. Da sie zu den Ersten geh\u00f6rten, mussten sie die Messlatte hoch ansetzen. Und ja, sie arbeiteten hart, um die Menge zu unterhalten, die sich in <em>Jardim do Coreto<\/em> am Abend des 23. Juni. <\/p>\n\n\n\n<p>Was ich jedoch wirklich lustig und unterhaltsam fand, war das Publikum. Jung und alt, Portugiesen und Auswanderer, alle. Sie genossen einfach das Leben. Sie tanzten die Nacht durch.<\/p>\n\n\n\n<p>Klicken Sie also auf die kleine blaue Schaltfl\u00e4che hier <a href=\"https:\/\/youtu.be\/G00USVENdaE\" target=\"_blank\" rel=\"noreferrer noopener\">\u25b6\ufe0f<\/a> um dieses erste Video zu sehen. Aber nur, wenn Sie interessiert sind. Und selbst wenn Sie denken, dass Sie nicht interessiert sind. Machen Sie weiter. Klicken Sie auf die kleine blaue Schaltfl\u00e4che. Wer wei\u00df, vielleicht finden Sie ja etwas, das Sie interessiert. Es ist ein kleines bisschen heilsamer Voyeurismus. Au\u00dferdem macht es gl\u00fccklich, Menschen zu beobachten, die sich an einfachen Dingen erfreuen. Vielleicht macht es ja auch Sie gl\u00fccklich. Aber verirren Sie sich nicht auf YouTube. Kommen Sie auf jeden Fall zur\u00fcck und beenden Sie diesen Beitrag!<\/p>\n\n\n\n<h2 class=\"wp-block-heading\">Die gro\u00dfe Attraktion des Abends<\/h2>\n\n\n\n<p>Sp\u00e4ter, um Mitternacht, gab es ein beeindruckendes Feuerwerk. Aber einige Leute sagten mir, dass das Feuerwerk in diesem Jahr ein wenig entt\u00e4uschend war. \"In der Vergangenheit war es viel besser.\" Ich fand es gro\u00dfartig. Vor allem der kr\u00f6nende Abschluss mit einem Wasserfall aus Licht, der von der Br\u00fccke in den Rio Gil\u00e3o st\u00fcrzt. Lassen Sie mich wissen, was Sie denken!<\/p>\n\n\n\n<figure class=\"wp-block-image alignwide size-large\"><img data-recalc-dims=\"1\" loading=\"lazy\" decoding=\"async\" width=\"683\" height=\"1024\" src=\"https:\/\/i0.wp.com\/portugalizar.com\/wp-content\/uploads\/2022\/07\/fogo-de-artifico.jpg?resize=683%2C1024&#038;ssl=1\" alt=\"\" class=\"wp-image-2043\" srcset=\"https:\/\/i0.wp.com\/portugalizar.com\/wp-content\/uploads\/2022\/07\/fogo-de-artifico.jpg?resize=683%2C1024&amp;ssl=1 683w, https:\/\/i0.wp.com\/portugalizar.com\/wp-content\/uploads\/2022\/07\/fogo-de-artifico.jpg?resize=200%2C300&amp;ssl=1 200w, https:\/\/i0.wp.com\/portugalizar.com\/wp-content\/uploads\/2022\/07\/fogo-de-artifico.jpg?resize=768%2C1152&amp;ssl=1 768w, https:\/\/i0.wp.com\/portugalizar.com\/wp-content\/uploads\/2022\/07\/fogo-de-artifico.jpg?resize=1024%2C1536&amp;ssl=1 1024w, https:\/\/i0.wp.com\/portugalizar.com\/wp-content\/uploads\/2022\/07\/fogo-de-artifico.jpg?resize=8%2C12&amp;ssl=1 8w, https:\/\/i0.wp.com\/portugalizar.com\/wp-content\/uploads\/2022\/07\/fogo-de-artifico.jpg?w=1280&amp;ssl=1 1280w\" sizes=\"(max-width: 683px) 100vw, 683px\" \/><figcaption><strong>Os Fogos de Artif\u00edcio, Mitternacht am 23 de Junho 2022. (entnommen von der Website von Tavira)<\/strong><\/figcaption><\/figure>\n\n\n\n<p>Sie haben also das obige Foto. Sch\u00f6n, nicht wahr? Aber wie w\u00e4re es mit einem weiteren Video? Ja, das haben Sie. Ein weiterer kleiner blauer Knopf zum Anklicken! Hier klicken <a href=\"https:\/\/youtu.be\/cbopqlR1Ms0\" target=\"_blank\" rel=\"noreferrer noopener\">\u25b6\ufe0f<\/a>! Aber wie ich schon sagte, kommen Sie wieder, um den Beitrag zu beenden.<\/p>\n\n\n\n<p>Der n\u00e4chste Abend, der 24. Juni, war ein weiterer Publikumsmagnet. Einer der gro\u00dfen zeitgen\u00f6ssischen portugiesischen <em>fadistas<\/em>Gisela Jo\u00e3o, gab ein gro\u00dfartiges Konzert auf dem zentralen Platz der Stadt, <em>Pra\u00e7a de Liberdade<\/em>. Wir sprachen ein wenig \u00fcber <em>Fado<\/em> in einem <a href=\"https:\/\/portugalizar.com\/de\/weird-and-wild\/\" target=\"_blank\" rel=\"noreferrer noopener\">fr\u00fcherer Beitrag<\/a>. <em>Eine Senhora<\/em> Gisela ist nicht altmodisch <em>fadista<\/em>. Ihr Kleid verr\u00e4t das, oder? Ich liebe das Kleid! Fabelhaft! Und <em>Fado<\/em>als Kunstform entwickelt sich st\u00e4ndig weiter. Sie ist nicht statisch. Aber sie ist sehr lebendig und gut.<\/p>\n\n\n\n<figure class=\"wp-block-image size-large\"><img data-recalc-dims=\"1\" loading=\"lazy\" decoding=\"async\" width=\"950\" height=\"663\" src=\"https:\/\/i0.wp.com\/portugalizar.com\/wp-content\/uploads\/2022\/07\/Gisela-Joa%CC%83o-Prac%CC%A7a-de-Libertada-24-de-Junho-2023.jpg?resize=950%2C663&#038;ssl=1\" alt=\"\" class=\"wp-image-2049\" srcset=\"https:\/\/i0.wp.com\/portugalizar.com\/wp-content\/uploads\/2022\/07\/Gisela-Joa%CC%83o-Prac%CC%A7a-de-Libertada-24-de-Junho-2023.jpg?resize=1024%2C715&amp;ssl=1 1024w, https:\/\/i0.wp.com\/portugalizar.com\/wp-content\/uploads\/2022\/07\/Gisela-Joa%CC%83o-Prac%CC%A7a-de-Libertada-24-de-Junho-2023.jpg?resize=300%2C210&amp;ssl=1 300w, https:\/\/i0.wp.com\/portugalizar.com\/wp-content\/uploads\/2022\/07\/Gisela-Joa%CC%83o-Prac%CC%A7a-de-Libertada-24-de-Junho-2023.jpg?resize=768%2C536&amp;ssl=1 768w, https:\/\/i0.wp.com\/portugalizar.com\/wp-content\/uploads\/2022\/07\/Gisela-Joa%CC%83o-Prac%CC%A7a-de-Libertada-24-de-Junho-2023.jpg?resize=1536%2C1073&amp;ssl=1 1536w, https:\/\/i0.wp.com\/portugalizar.com\/wp-content\/uploads\/2022\/07\/Gisela-Joa%CC%83o-Prac%CC%A7a-de-Libertada-24-de-Junho-2023.jpg?resize=2048%2C1431&amp;ssl=1 2048w, https:\/\/i0.wp.com\/portugalizar.com\/wp-content\/uploads\/2022\/07\/Gisela-Joa%CC%83o-Prac%CC%A7a-de-Libertada-24-de-Junho-2023.jpg?resize=18%2C12&amp;ssl=1 18w, https:\/\/i0.wp.com\/portugalizar.com\/wp-content\/uploads\/2022\/07\/Gisela-Joa%CC%83o-Prac%CC%A7a-de-Libertada-24-de-Junho-2023.jpg?resize=2000%2C1397&amp;ssl=1 2000w, https:\/\/i0.wp.com\/portugalizar.com\/wp-content\/uploads\/2022\/07\/Gisela-Joa%CC%83o-Prac%CC%A7a-de-Libertada-24-de-Junho-2023.jpg?w=1900&amp;ssl=1 1900w\" sizes=\"(max-width: 950px) 100vw, 950px\" \/><figcaption><strong>A Gisela Jo\u00e3o, Pra\u00e7a de Liberdade, 24 de Junho 2022<\/strong><\/figcaption><\/figure>\n\n\n\n<p>H\u00f6ren Sie mal rein. Ja, Entschuldigung, das bedeutet eine weitere blaue Schaltfl\u00e4che. Auch hier lohnt sich der Klick f\u00fcr eine kurze Kostprobe von <em>eine Senhora Gisela<\/em>. Also hier klicken <a href=\"https:\/\/youtu.be\/LZgGGwdaYt8\" target=\"_blank\" rel=\"noreferrer noopener\">\u25b6\ufe0f<\/a>. Und kommen Sie auf jeden Fall wieder. Ich werde dich vermissen, wenn du nicht kommst!<\/p>\n\n\n\n<h2 class=\"wp-block-heading\">Und es gibt noch mehr<\/h2>\n\n\n\n<p>Das Konzert von <em>eine Senhora Gisela<\/em> war zum Zuschauen. Sicher, die Leute wippten und schunkelten. Aber das Tanzen war Sache der Bands nebenan, in <em>Jardim do Coreto<\/em>. Cristiano Martins trat am 24. Juni auf. Er brachte die Menge mit Leichtigkeit und K\u00f6nnen zum Tanzen. Ich glaube, sie waren sowieso bereit f\u00fcr eine weitere fr\u00f6hliche, unbeschwerte Nacht.<\/p>\n\n\n\n<figure class=\"wp-block-image size-large\"><img data-recalc-dims=\"1\" loading=\"lazy\" decoding=\"async\" width=\"950\" height=\"528\" src=\"https:\/\/i0.wp.com\/portugalizar.com\/wp-content\/uploads\/2022\/07\/Cristiano-Martins-%E2%80%94-24-de-Junho-2022.jpg?resize=950%2C528&#038;ssl=1\" alt=\"\" class=\"wp-image-2051\" srcset=\"https:\/\/i0.wp.com\/portugalizar.com\/wp-content\/uploads\/2022\/07\/Cristiano-Martins-%E2%80%94-24-de-Junho-2022.jpg?resize=1024%2C569&amp;ssl=1 1024w, https:\/\/i0.wp.com\/portugalizar.com\/wp-content\/uploads\/2022\/07\/Cristiano-Martins-%E2%80%94-24-de-Junho-2022.jpg?resize=300%2C167&amp;ssl=1 300w, https:\/\/i0.wp.com\/portugalizar.com\/wp-content\/uploads\/2022\/07\/Cristiano-Martins-%E2%80%94-24-de-Junho-2022.jpg?resize=768%2C427&amp;ssl=1 768w, https:\/\/i0.wp.com\/portugalizar.com\/wp-content\/uploads\/2022\/07\/Cristiano-Martins-%E2%80%94-24-de-Junho-2022.jpg?resize=1536%2C854&amp;ssl=1 1536w, https:\/\/i0.wp.com\/portugalizar.com\/wp-content\/uploads\/2022\/07\/Cristiano-Martins-%E2%80%94-24-de-Junho-2022.jpg?resize=2048%2C1139&amp;ssl=1 2048w, https:\/\/i0.wp.com\/portugalizar.com\/wp-content\/uploads\/2022\/07\/Cristiano-Martins-%E2%80%94-24-de-Junho-2022.jpg?resize=18%2C10&amp;ssl=1 18w, https:\/\/i0.wp.com\/portugalizar.com\/wp-content\/uploads\/2022\/07\/Cristiano-Martins-%E2%80%94-24-de-Junho-2022.jpg?resize=2000%2C1112&amp;ssl=1 2000w, https:\/\/i0.wp.com\/portugalizar.com\/wp-content\/uploads\/2022\/07\/Cristiano-Martins-%E2%80%94-24-de-Junho-2022.jpg?w=1900&amp;ssl=1 1900w\" sizes=\"(max-width: 950px) 100vw, 950px\" \/><figcaption><strong>Cristiano Martins, Jardim do Coreto, 24 de Junho 2022<\/strong><\/figcaption><\/figure>\n\n\n\n<p>Auch hier war die Musik einfach. Ein guter Beat, sich wiederholend und sehr tanzbar. Und alle hatten eine tolle Zeit. Es ist die Menge, die sich am\u00fcsiert, die mir am meisten Spa\u00df macht. Also nur zu, h\u00f6ren Sie zu. Ups! Sorry, noch ein blauer Knopf zum Klicken. Aber nur zu, tun Sie es einfach. Sie haben ja so viel \u00dcbung. Hier klicken <a href=\"https:\/\/youtu.be\/Fwo7X17ZxK0\" target=\"_blank\" rel=\"noreferrer noopener\">\u25b6\ufe0f<\/a>. Dieses Mal brauchen Sie nicht wiederzukommen. Wir sind f\u00fcr diese Woche fertig.<\/p>\n\n\n\n<p>At\u00e9 \u00e0 pr\u00f3xima quinta! \/\/ Bis n\u00e4chsten Donnerstag! Und \u00fcbrigens, Sie sind diese Woche gut weggekommen. Nichts von meinem Philosophieren, Theoretisieren und dergleichen. Verlassen Sie sich n\u00e4chste Woche nicht darauf. \ud83d\ude07<\/p>","protected":false},"excerpt":{"rendered":"<p>Nach fast drei Jahren der Schlie\u00dfungen. Nach zahlreichen abgesagten Feiertagen und verschobenen Feierlichkeiten. Nun, Tavira erwachte wieder zum Leben mit den beiden Feierlichkeiten zum Tag der Stadt und dem Fest von S\u00e3o Jo\u00e3o. Ein gro\u00dfes, einw\u00f6chiges Fest, das in den Sommer \u00fcbergeht. Lesen Sie mehr... <\/p>","protected":false},"author":1,"featured_media":1906,"comment_status":"open","ping_status":"closed","sticky":false,"template":"","format":"standard","meta":{"nf_dc_page":"","om_disable_all_campaigns":false,"_monsterinsights_skip_tracking":false,"_monsterinsights_sitenote_active":false,"_monsterinsights_sitenote_note":"","_monsterinsights_sitenote_category":0,"_themeisle_gutenberg_block_has_review":false,"_jetpack_memberships_contains_paid_content":false,"footnotes":""},"categories":[8,9,10],"tags":[],"class_list":["post-1902","post","type-post","status-publish","format-standard","has-post-thumbnail","hentry","category-culture-customs","category-history","category-place"],"yoast_head":"<!-- This site is optimized with the Yoast SEO plugin v27.4 - https:\/\/yoast.com\/product\/yoast-seo-wordpress\/ -->\n<title>HAPPY DAYS ARE HERE AGAIN! A SPECIAL EDITION - PORTUGALIZAR<\/title>\n<meta name=\"description\" content=\"Tavira kicks off summer in grand style. Covid of course kiboshed all festivities for two years. But now happy days are here again.\" \/>\n<meta name=\"robots\" content=\"index, follow, max-snippet:-1, max-image-preview:large, max-video-preview:-1\" \/>\n<link rel=\"canonical\" href=\"https:\/\/portugalizar.com\/de\/happy-days-are-here-again\/\" \/>\n<meta property=\"og:locale\" content=\"de_DE\" \/>\n<meta property=\"og:type\" content=\"article\" \/>\n<meta property=\"og:title\" content=\"HAPPY DAYS ARE HERE AGAIN! A SPECIAL EDITION - PORTUGALIZAR\" \/>\n<meta property=\"og:description\" content=\"Tavira kicks off summer in grand style. Covid of course kiboshed all festivities for two years. But now happy days are here again.\" \/>\n<meta property=\"og:url\" content=\"https:\/\/portugalizar.com\/de\/happy-days-are-here-again\/\" \/>\n<meta property=\"og:site_name\" content=\"PORTUGALIZAR\" \/>\n<meta property=\"article:published_time\" content=\"2022-07-14T04:00:00+00:00\" \/>\n<meta property=\"article:modified_time\" content=\"2022-07-14T16:53:03+00:00\" \/>\n<meta property=\"og:image\" content=\"https:\/\/portugalizar.com\/wp-content\/uploads\/2022\/06\/Document.jpeg\" \/>\n\t<meta property=\"og:image:width\" content=\"1300\" \/>\n\t<meta property=\"og:image:height\" content=\"309\" \/>\n\t<meta property=\"og:image:type\" content=\"image\/jpeg\" \/>\n<meta name=\"author\" content=\"Gui\" \/>\n<meta name=\"twitter:card\" content=\"summary_large_image\" \/>\n<meta name=\"twitter:label1\" content=\"Verfasst von\" \/>\n\t<meta name=\"twitter:data1\" content=\"Gui\" \/>\n\t<meta name=\"twitter:label2\" content=\"Gesch\u00e4tzte Lesezeit\" \/>\n\t<meta name=\"twitter:data2\" content=\"10\u00a0Minuten\" \/>\n<script type=\"application\/ld+json\" class=\"yoast-schema-graph\">{\"@context\":\"https:\\\/\\\/schema.org\",\"@graph\":[{\"@type\":\"Article\",\"@id\":\"https:\\\/\\\/portugalizar.com\\\/happy-days-are-here-again\\\/#article\",\"isPartOf\":{\"@id\":\"https:\\\/\\\/portugalizar.com\\\/happy-days-are-here-again\\\/\"},\"author\":{\"name\":\"Gui\",\"@id\":\"https:\\\/\\\/portugalizar.com\\\/#\\\/schema\\\/person\\\/1f60af48f39895b897e26d9d92ecf6db\"},\"headline\":\"HAPPY DAYS ARE HERE AGAIN! A SPECIAL EDITION\",\"datePublished\":\"2022-07-14T04:00:00+00:00\",\"dateModified\":\"2022-07-14T16:53:03+00:00\",\"mainEntityOfPage\":{\"@id\":\"https:\\\/\\\/portugalizar.com\\\/happy-days-are-here-again\\\/\"},\"wordCount\":1660,\"commentCount\":6,\"publisher\":{\"@id\":\"https:\\\/\\\/portugalizar.com\\\/#organization\"},\"image\":{\"@id\":\"https:\\\/\\\/portugalizar.com\\\/happy-days-are-here-again\\\/#primaryimage\"},\"thumbnailUrl\":\"https:\\\/\\\/i0.wp.com\\\/portugalizar.com\\\/wp-content\\\/uploads\\\/2022\\\/06\\\/Document.jpeg?fit=1300%2C309&ssl=1\",\"articleSection\":[\"Culture &amp; Customs\",\"History\",\"Place\"],\"inLanguage\":\"de\",\"potentialAction\":[{\"@type\":\"CommentAction\",\"name\":\"Comment\",\"target\":[\"https:\\\/\\\/portugalizar.com\\\/happy-days-are-here-again\\\/#respond\"]}]},{\"@type\":\"WebPage\",\"@id\":\"https:\\\/\\\/portugalizar.com\\\/happy-days-are-here-again\\\/\",\"url\":\"https:\\\/\\\/portugalizar.com\\\/happy-days-are-here-again\\\/\",\"name\":\"HAPPY DAYS ARE HERE AGAIN! A SPECIAL EDITION - PORTUGALIZAR\",\"isPartOf\":{\"@id\":\"https:\\\/\\\/portugalizar.com\\\/#website\"},\"primaryImageOfPage\":{\"@id\":\"https:\\\/\\\/portugalizar.com\\\/happy-days-are-here-again\\\/#primaryimage\"},\"image\":{\"@id\":\"https:\\\/\\\/portugalizar.com\\\/happy-days-are-here-again\\\/#primaryimage\"},\"thumbnailUrl\":\"https:\\\/\\\/i0.wp.com\\\/portugalizar.com\\\/wp-content\\\/uploads\\\/2022\\\/06\\\/Document.jpeg?fit=1300%2C309&ssl=1\",\"datePublished\":\"2022-07-14T04:00:00+00:00\",\"dateModified\":\"2022-07-14T16:53:03+00:00\",\"description\":\"Tavira kicks off summer in grand style. Covid of course kiboshed all festivities for two years. But now happy days are here again.\",\"breadcrumb\":{\"@id\":\"https:\\\/\\\/portugalizar.com\\\/happy-days-are-here-again\\\/#breadcrumb\"},\"inLanguage\":\"de\",\"potentialAction\":[{\"@type\":\"ReadAction\",\"target\":[\"https:\\\/\\\/portugalizar.com\\\/happy-days-are-here-again\\\/\"]}]},{\"@type\":\"ImageObject\",\"inLanguage\":\"de\",\"@id\":\"https:\\\/\\\/portugalizar.com\\\/happy-days-are-here-again\\\/#primaryimage\",\"url\":\"https:\\\/\\\/i0.wp.com\\\/portugalizar.com\\\/wp-content\\\/uploads\\\/2022\\\/06\\\/Document.jpeg?fit=1300%2C309&ssl=1\",\"contentUrl\":\"https:\\\/\\\/i0.wp.com\\\/portugalizar.com\\\/wp-content\\\/uploads\\\/2022\\\/06\\\/Document.jpeg?fit=1300%2C309&ssl=1\",\"width\":1300,\"height\":309},{\"@type\":\"BreadcrumbList\",\"@id\":\"https:\\\/\\\/portugalizar.com\\\/happy-days-are-here-again\\\/#breadcrumb\",\"itemListElement\":[{\"@type\":\"ListItem\",\"position\":1,\"name\":\"Home\",\"item\":\"https:\\\/\\\/portugalizar.com\\\/\"},{\"@type\":\"ListItem\",\"position\":2,\"name\":\"HAPPY DAYS ARE HERE AGAIN! A SPECIAL EDITION\"}]},{\"@type\":\"WebSite\",\"@id\":\"https:\\\/\\\/portugalizar.com\\\/#website\",\"url\":\"https:\\\/\\\/portugalizar.com\\\/\",\"name\":\"PORTUGALIZAR\",\"description\":\"\",\"publisher\":{\"@id\":\"https:\\\/\\\/portugalizar.com\\\/#organization\"},\"potentialAction\":[{\"@type\":\"SearchAction\",\"target\":{\"@type\":\"EntryPoint\",\"urlTemplate\":\"https:\\\/\\\/portugalizar.com\\\/?s={search_term_string}\"},\"query-input\":{\"@type\":\"PropertyValueSpecification\",\"valueRequired\":true,\"valueName\":\"search_term_string\"}}],\"inLanguage\":\"de\"},{\"@type\":\"Organization\",\"@id\":\"https:\\\/\\\/portugalizar.com\\\/#organization\",\"name\":\"PORTUGALIZAR\",\"url\":\"https:\\\/\\\/portugalizar.com\\\/\",\"logo\":{\"@type\":\"ImageObject\",\"inLanguage\":\"de\",\"@id\":\"https:\\\/\\\/portugalizar.com\\\/#\\\/schema\\\/logo\\\/image\\\/\",\"url\":\"\",\"contentUrl\":\"\",\"caption\":\"PORTUGALIZAR\"},\"image\":{\"@id\":\"https:\\\/\\\/portugalizar.com\\\/#\\\/schema\\\/logo\\\/image\\\/\"}},{\"@type\":\"Person\",\"@id\":\"https:\\\/\\\/portugalizar.com\\\/#\\\/schema\\\/person\\\/1f60af48f39895b897e26d9d92ecf6db\",\"name\":\"Gui\",\"image\":{\"@type\":\"ImageObject\",\"inLanguage\":\"de\",\"@id\":\"https:\\\/\\\/secure.gravatar.com\\\/avatar\\\/0bef00a699e73fc60016c16a6f44683b2a027bb1b48a4b3973732af4cc636712?s=96&d=mm&r=g\",\"url\":\"https:\\\/\\\/secure.gravatar.com\\\/avatar\\\/0bef00a699e73fc60016c16a6f44683b2a027bb1b48a4b3973732af4cc636712?s=96&d=mm&r=g\",\"contentUrl\":\"https:\\\/\\\/secure.gravatar.com\\\/avatar\\\/0bef00a699e73fc60016c16a6f44683b2a027bb1b48a4b3973732af4cc636712?s=96&d=mm&r=g\",\"caption\":\"Gui\"},\"url\":\"https:\\\/\\\/portugalizar.com\\\/de\\\/author\\\/spestheonlyone\\\/\"}]}<\/script>\n<!-- \/ Yoast SEO plugin. -->","yoast_head_json":{"title":"HAPPY DAYS ARE HERE AGAIN! A SPECIAL EDITION - PORTUGALIZAR","description":"Tavira kicks off summer in grand style. Covid of course kiboshed all festivities for two years. But now happy days are here again.","robots":{"index":"index","follow":"follow","max-snippet":"max-snippet:-1","max-image-preview":"max-image-preview:large","max-video-preview":"max-video-preview:-1"},"canonical":"https:\/\/portugalizar.com\/de\/happy-days-are-here-again\/","og_locale":"de_DE","og_type":"article","og_title":"HAPPY DAYS ARE HERE AGAIN! A SPECIAL EDITION - PORTUGALIZAR","og_description":"Tavira kicks off summer in grand style. Covid of course kiboshed all festivities for two years. But now happy days are here again.","og_url":"https:\/\/portugalizar.com\/de\/happy-days-are-here-again\/","og_site_name":"PORTUGALIZAR","article_published_time":"2022-07-14T04:00:00+00:00","article_modified_time":"2022-07-14T16:53:03+00:00","og_image":[{"width":1300,"height":309,"url":"https:\/\/portugalizar.com\/wp-content\/uploads\/2022\/06\/Document.jpeg","type":"image\/jpeg"}],"author":"Gui","twitter_card":"summary_large_image","twitter_misc":{"Verfasst von":"Gui","Gesch\u00e4tzte Lesezeit":"10\u00a0Minuten"},"schema":{"@context":"https:\/\/schema.org","@graph":[{"@type":"Article","@id":"https:\/\/portugalizar.com\/happy-days-are-here-again\/#article","isPartOf":{"@id":"https:\/\/portugalizar.com\/happy-days-are-here-again\/"},"author":{"name":"Gui","@id":"https:\/\/portugalizar.com\/#\/schema\/person\/1f60af48f39895b897e26d9d92ecf6db"},"headline":"HAPPY DAYS ARE HERE AGAIN! A SPECIAL EDITION","datePublished":"2022-07-14T04:00:00+00:00","dateModified":"2022-07-14T16:53:03+00:00","mainEntityOfPage":{"@id":"https:\/\/portugalizar.com\/happy-days-are-here-again\/"},"wordCount":1660,"commentCount":6,"publisher":{"@id":"https:\/\/portugalizar.com\/#organization"},"image":{"@id":"https:\/\/portugalizar.com\/happy-days-are-here-again\/#primaryimage"},"thumbnailUrl":"https:\/\/i0.wp.com\/portugalizar.com\/wp-content\/uploads\/2022\/06\/Document.jpeg?fit=1300%2C309&ssl=1","articleSection":["Culture &amp; Customs","History","Place"],"inLanguage":"de","potentialAction":[{"@type":"CommentAction","name":"Comment","target":["https:\/\/portugalizar.com\/happy-days-are-here-again\/#respond"]}]},{"@type":"WebPage","@id":"https:\/\/portugalizar.com\/happy-days-are-here-again\/","url":"https:\/\/portugalizar.com\/happy-days-are-here-again\/","name":"HAPPY DAYS ARE HERE AGAIN! A SPECIAL EDITION - PORTUGALIZAR","isPartOf":{"@id":"https:\/\/portugalizar.com\/#website"},"primaryImageOfPage":{"@id":"https:\/\/portugalizar.com\/happy-days-are-here-again\/#primaryimage"},"image":{"@id":"https:\/\/portugalizar.com\/happy-days-are-here-again\/#primaryimage"},"thumbnailUrl":"https:\/\/i0.wp.com\/portugalizar.com\/wp-content\/uploads\/2022\/06\/Document.jpeg?fit=1300%2C309&ssl=1","datePublished":"2022-07-14T04:00:00+00:00","dateModified":"2022-07-14T16:53:03+00:00","description":"Tavira kicks off summer in grand style. Covid of course kiboshed all festivities for two years. But now happy days are here again.","breadcrumb":{"@id":"https:\/\/portugalizar.com\/happy-days-are-here-again\/#breadcrumb"},"inLanguage":"de","potentialAction":[{"@type":"ReadAction","target":["https:\/\/portugalizar.com\/happy-days-are-here-again\/"]}]},{"@type":"ImageObject","inLanguage":"de","@id":"https:\/\/portugalizar.com\/happy-days-are-here-again\/#primaryimage","url":"https:\/\/i0.wp.com\/portugalizar.com\/wp-content\/uploads\/2022\/06\/Document.jpeg?fit=1300%2C309&ssl=1","contentUrl":"https:\/\/i0.wp.com\/portugalizar.com\/wp-content\/uploads\/2022\/06\/Document.jpeg?fit=1300%2C309&ssl=1","width":1300,"height":309},{"@type":"BreadcrumbList","@id":"https:\/\/portugalizar.com\/happy-days-are-here-again\/#breadcrumb","itemListElement":[{"@type":"ListItem","position":1,"name":"Home","item":"https:\/\/portugalizar.com\/"},{"@type":"ListItem","position":2,"name":"HAPPY DAYS ARE HERE AGAIN! A SPECIAL EDITION"}]},{"@type":"WebSite","@id":"https:\/\/portugalizar.com\/#website","url":"https:\/\/portugalizar.com\/","name":"PORTUGALISCHER","description":"","publisher":{"@id":"https:\/\/portugalizar.com\/#organization"},"potentialAction":[{"@type":"SearchAction","target":{"@type":"EntryPoint","urlTemplate":"https:\/\/portugalizar.com\/?s={search_term_string}"},"query-input":{"@type":"PropertyValueSpecification","valueRequired":true,"valueName":"search_term_string"}}],"inLanguage":"de"},{"@type":"Organization","@id":"https:\/\/portugalizar.com\/#organization","name":"PORTUGALISCHER","url":"https:\/\/portugalizar.com\/","logo":{"@type":"ImageObject","inLanguage":"de","@id":"https:\/\/portugalizar.com\/#\/schema\/logo\/image\/","url":"","contentUrl":"","caption":"PORTUGALIZAR"},"image":{"@id":"https:\/\/portugalizar.com\/#\/schema\/logo\/image\/"}},{"@type":"Person","@id":"https:\/\/portugalizar.com\/#\/schema\/person\/1f60af48f39895b897e26d9d92ecf6db","name":"Gui","image":{"@type":"ImageObject","inLanguage":"de","@id":"https:\/\/secure.gravatar.com\/avatar\/0bef00a699e73fc60016c16a6f44683b2a027bb1b48a4b3973732af4cc636712?s=96&d=mm&r=g","url":"https:\/\/secure.gravatar.com\/avatar\/0bef00a699e73fc60016c16a6f44683b2a027bb1b48a4b3973732af4cc636712?s=96&d=mm&r=g","contentUrl":"https:\/\/secure.gravatar.com\/avatar\/0bef00a699e73fc60016c16a6f44683b2a027bb1b48a4b3973732af4cc636712?s=96&d=mm&r=g","caption":"Gui"},"url":"https:\/\/portugalizar.com\/de\/author\/spestheonlyone\/"}]}},"jetpack_featured_media_url":"https:\/\/i0.wp.com\/portugalizar.com\/wp-content\/uploads\/2022\/06\/Document.jpeg?fit=1300%2C309&ssl=1","jetpack-related-posts":[],"jetpack_sharing_enabled":true,"_links":{"self":[{"href":"https:\/\/portugalizar.com\/de\/wp-json\/wp\/v2\/posts\/1902","targetHints":{"allow":["GET"]}}],"collection":[{"href":"https:\/\/portugalizar.com\/de\/wp-json\/wp\/v2\/posts"}],"about":[{"href":"https:\/\/portugalizar.com\/de\/wp-json\/wp\/v2\/types\/post"}],"author":[{"embeddable":true,"href":"https:\/\/portugalizar.com\/de\/wp-json\/wp\/v2\/users\/1"}],"replies":[{"embeddable":true,"href":"https:\/\/portugalizar.com\/de\/wp-json\/wp\/v2\/comments?post=1902"}],"version-history":[{"count":5,"href":"https:\/\/portugalizar.com\/de\/wp-json\/wp\/v2\/posts\/1902\/revisions"}],"predecessor-version":[{"id":2068,"href":"https:\/\/portugalizar.com\/de\/wp-json\/wp\/v2\/posts\/1902\/revisions\/2068"}],"wp:featuredmedia":[{"embeddable":true,"href":"https:\/\/portugalizar.com\/de\/wp-json\/wp\/v2\/media\/1906"}],"wp:attachment":[{"href":"https:\/\/portugalizar.com\/de\/wp-json\/wp\/v2\/media?parent=1902"}],"wp:term":[{"taxonomy":"category","embeddable":true,"href":"https:\/\/portugalizar.com\/de\/wp-json\/wp\/v2\/categories?post=1902"},{"taxonomy":"post_tag","embeddable":true,"href":"https:\/\/portugalizar.com\/de\/wp-json\/wp\/v2\/tags?post=1902"}],"curies":[{"name":"wp","href":"https:\/\/api.w.org\/{rel}","templated":true}]}}