{"id":1449,"date":"2024-12-31T04:00:00","date_gmt":"2024-12-31T04:00:00","guid":{"rendered":"https:\/\/portugalizar.com\/?p=1449"},"modified":"2024-01-11T09:46:29","modified_gmt":"2024-01-11T09:46:29","slug":"bad-romance-caught","status":"publish","type":"post","link":"https:\/\/portugalizar.com\/de\/bad-romance-caught\/","title":{"rendered":"Gefangen in einer schlechten Romanze. <br>Ich will deine Liebe!"},"content":{"rendered":"<p><em>Ol\u00e1 tudos! <\/em>\/\/ Hallo zusammen! Das heutige Thema ist vielleicht nicht f\u00fcr jeden von Interesse. Ich werde versuchen, es kurz zu machen. Aber ich verspreche nichts. Ich befasse mich mit der Beziehung zwischen Kirche und Staat hier in Portugal. Es gibt zwei Gr\u00fcnde, warum mich das interessiert. Erstens ist die Geschichte definitiv ein <a href=\"https:\/\/youtu.be\/qrO4YZeyl0I\" target=\"_blank\" rel=\"noreferrer noopener\">Lady Gaga Song<\/a> zum Leben erweckt. Ein K\u00f6nig oder Diktator, der sich in einer schlechten Romanze mit dem Kardinal befindet. Und andersherum. Aber auf die schlimmste Weise brauchen sie die Liebe des anderen. <\/p>\n\n\n<div class=\"wp-block-image\">\n<figure class=\"alignright size-large is-resized\"><img data-recalc-dims=\"1\" fetchpriority=\"high\" decoding=\"async\" src=\"https:\/\/i0.wp.com\/portugalizar.com\/wp-content\/uploads\/2022\/06\/IMG_3292.jpg?resize=412%2C453&#038;ssl=1\" alt=\"\" class=\"wp-image-1849\" width=\"412\" height=\"453\" srcset=\"https:\/\/i0.wp.com\/portugalizar.com\/wp-content\/uploads\/2022\/06\/IMG_3292-scaled.jpg?resize=930%2C1024&amp;ssl=1 930w, https:\/\/i0.wp.com\/portugalizar.com\/wp-content\/uploads\/2022\/06\/IMG_3292-scaled.jpg?resize=272%2C300&amp;ssl=1 272w, https:\/\/i0.wp.com\/portugalizar.com\/wp-content\/uploads\/2022\/06\/IMG_3292-scaled.jpg?resize=768%2C846&amp;ssl=1 768w, https:\/\/i0.wp.com\/portugalizar.com\/wp-content\/uploads\/2022\/06\/IMG_3292-scaled.jpg?resize=1394%2C1536&amp;ssl=1 1394w, https:\/\/i0.wp.com\/portugalizar.com\/wp-content\/uploads\/2022\/06\/IMG_3292-scaled.jpg?w=1900&amp;ssl=1 1900w\" sizes=\"(max-width: 412px) 100vw, 412px\" \/><figcaption class=\"wp-element-caption\"><strong>Escola B\u00e1sica Dom Manuel I - Tavira, Juni 2022<\/strong><\/figcaption><\/figure>\n<\/div>\n\n\n<p>Zweitens ist Portugal das weltlichste und zugleich katholischste europ\u00e4ische Land, das wir besucht haben. Sieben der 13 offiziellen portugiesischen Feiertage sind katholische heilige Tage. Au\u00dferdem werden eine Reihe von katholischen Feiertagen regional gefeiert. Dazu geh\u00f6ren Santo Ant\u00f3nio, S\u00e3o Pedro und S\u00e3o Jo\u00e3o. Der Juni ist bekanntlich der <a href=\"https:\/\/www.europeanportuguesecourseslisbon.com\/artigos\/june-is-the-month-of-the-santos-populares\/\" target=\"_blank\" rel=\"noreferrer noopener\">Monat der Heiligen<\/a>. Aber nur wenige Portugiesen wissen etwas \u00fcber die Bedeutung dieser Tage und Feste. Die Menschen genie\u00dfen einen freien Tag. Sie nehmen sich Zeit f\u00fcr Familie und Freunde. Und sie feiern ausgiebig. Aber keine dieser Feierlichkeiten hat eine religi\u00f6se Bedeutung. Es ist alles nur ein guter Spa\u00df.<\/p>\n\n\n\n<p>Links sehen Sie zum Beispiel ein Kunstprojekt eines Sch\u00fclers. Es schm\u00fcckt die Au\u00dfenfassade einer unserer Grundschulen in Tavira. Es ruft den Heiligen Antonius an. Aber das sind keine Gebete. Mehr oder weniger geht es einfach um Folgendes. \"Wir sind bereit, in den Urlaub zu fahren und den Sommer zu genie\u00dfen. Wir verabschieden uns mit Sardinen und Basilikum. Sie bringen uns zum L\u00e4cheln. Vielen Dank an alle, aber wir gehen jetzt. Obwohl wir noch mehr lernen m\u00fcssen.\" Das Gedenken an den Heiligen Antonius ist lediglich ein Zeichen f\u00fcr das Ende des Schuljahres und den Beginn des Sommers. So wie unser Memorial Day, nehme ich an. Aber nur wenige Amerikaner erinnern sich auch an die wahre, feierliche Bedeutung dieses Feiertags.<\/p>\n\n\n\n<h2 class=\"wp-block-heading\">Gefangen in dieser schlechten Romanze, ein Quickie<\/h2>\n\n\n<div class=\"wp-block-image\">\n<figure class=\"alignright size-large is-resized\"><img data-recalc-dims=\"1\" decoding=\"async\" src=\"https:\/\/i0.wp.com\/portugalizar.com\/wp-content\/uploads\/2022\/06\/ChubbyMonk.jpeg?resize=411%2C572&#038;ssl=1\" alt=\"\" class=\"wp-image-1803\" width=\"411\" height=\"572\" srcset=\"https:\/\/i0.wp.com\/portugalizar.com\/wp-content\/uploads\/2022\/06\/ChubbyMonk-scaled.jpeg?resize=736%2C1024&amp;ssl=1 736w, https:\/\/i0.wp.com\/portugalizar.com\/wp-content\/uploads\/2022\/06\/ChubbyMonk-scaled.jpeg?resize=216%2C300&amp;ssl=1 216w, https:\/\/i0.wp.com\/portugalizar.com\/wp-content\/uploads\/2022\/06\/ChubbyMonk-scaled.jpeg?resize=768%2C1069&amp;ssl=1 768w, https:\/\/i0.wp.com\/portugalizar.com\/wp-content\/uploads\/2022\/06\/ChubbyMonk-scaled.jpeg?resize=1104%2C1536&amp;ssl=1 1104w, https:\/\/i0.wp.com\/portugalizar.com\/wp-content\/uploads\/2022\/06\/ChubbyMonk-scaled.jpeg?resize=1471%2C2048&amp;ssl=1 1471w, https:\/\/i0.wp.com\/portugalizar.com\/wp-content\/uploads\/2022\/06\/ChubbyMonk-scaled.jpeg?resize=9%2C12&amp;ssl=1 9w, https:\/\/i0.wp.com\/portugalizar.com\/wp-content\/uploads\/2022\/06\/ChubbyMonk-scaled.jpeg?w=1839&amp;ssl=1 1839w\" sizes=\"(max-width: 411px) 100vw, 411px\" \/><figcaption class=\"wp-element-caption\"><strong>Lissabon, in der N\u00e4he der Kathedrale (<em>perto da S\u00e9<\/em> <em>de Lisboa<\/em>), M\u00e4rz 2020<\/strong><\/figcaption><\/figure>\n<\/div>\n\n\n<p>Wir werden schnell durch die Geschichte scrollen. Sie erinnern sich vielleicht an unsere <a href=\"https:\/\/portugalizar.com\/de\/world-of-magic-and-mystery\/\" target=\"_blank\" rel=\"noreferrer noopener\">vierte Stelle<\/a> Die vielen Kirchen von Tavira. Aber eine gro\u00dfe Anzahl, fast ein Drittel, war Teil von Kl\u00f6stern. Das hei\u00dft, es waren Orte, an denen Gruppen von Priestern oder Nonnen lebten. <\/p>\n\n\n\n<p>Die K\u00f6nige gr\u00fcndeten diese Kl\u00f6ster, um Gott zu danken. Vielleicht wegen eines Sieges in einer Schlacht oder wegen der Geburt eines Kindes. Zus\u00e4tzlich zum Bau des Klosters schenkte der K\u00f6nig gro\u00dfe Mengen an Land. So konnte sich das Kloster selbst versorgen.<\/p>\n\n\n\n<p>Aber diese Kl\u00f6ster waren dadurch sehr wohlhabend. Und merkw\u00fcrdigerweise bekannten sich ihre Mitglieder zur Armut. Das hei\u00dft, sie sagten, sie w\u00fcrden nur mit dem N\u00f6tigsten leben. Aber die Praxis der Armut war oft ganz anders. Das bekannte Bild des pummeligen M\u00f6nchs dr\u00e4ngt sich auf.<\/p>\n\n\n\n<p>Die Kl\u00f6ster sind reich, weil der K\u00f6nig sie wohlhabend gemacht hat. Mit dem Reichtum kommt die Macht. Mit der Macht kommt der Konflikt. Macht strebt nach mehr Macht. Und Reichtum h\u00e4uft mehr Reichtum an. Dieser nicht enden wollende Konflikt zwischen K\u00f6nig und Kirche wird zu einem Subtext der portugiesischen Geschichte.<\/p>\n\n\n\n<p>Als die Kl\u00f6ster oder die Kirche im Allgemeinen zu m\u00e4chtig und\/oder zu wohlhabend wurden, griffen die K\u00f6nige ein. Sie warfen die alten religi\u00f6sen Gruppen hinaus. Neue religi\u00f6se Gruppen wurden eingeladen, das Amt zu \u00fcbernehmen. Der K\u00f6nig entledigte sich des Bischofs und setzte einen ein, der ihm gefiel. Und so weiter. Sie warfen die Religion jedoch nie vollst\u00e4ndig \u00fcber Bord. <span style=\"font-size: revert; color: initial;\">Macht braucht die Geschichte und den Mythos, der sie legitimiert. <\/span>Die Kirche <span style=\"font-size: revert; color: initial;\">liefert die Geschichte. Gott im Himmel regiert das ganze Universum. K\u00f6nige regieren f\u00fcr Gott auf der Erde.<\/span><\/p>\n\n\n\n<h2 class=\"wp-block-heading\">Ich will deine Liebe, bis ich sie nicht mehr will<\/h2>\n\n\n\n<p><em>S\u00e3o Francisco<\/em> ist das \u00e4lteste Kloster in Tavira. Es ist eines der \u00e4ltesten in Portugal. Die Gr\u00fcndung des Klosters und seiner gro\u00dfen Kirche geht auf die Mitte bis zum Ende des 13. Jahrhunderts zur\u00fcck. K\u00f6nig Afonso III. gr\u00fcndete das Kloster, um die Eroberung der Algarve im Jahr 1249 zu feiern (Gott sei Dank). Dieser Sieg vervollst\u00e4ndigte das geografische Puzzle des modernen Portugals.<\/p>\n\n\n\n<p>Afonso gab wahrscheinlich <em>S\u00e3o Francisco<\/em> an die Tempelritter, einen milit\u00e4rischen Orden von M\u00f6nchen. Es war nicht ungew\u00f6hnlich, dass K\u00f6nige solche Schenkungen vornahmen, um diejenigen zu belohnen, die an ihrer Seite k\u00e4mpften und siegten. Die Templer wurden bald sehr m\u00e4chtig. Sie mischten sich in die Macht der K\u00f6nige ein. Au\u00dferdem \u00fcbertraf ihr Reichtum mit der Zeit den des K\u00f6nigs. Das war nicht gut f\u00fcr alle.<\/p>\n\n\n\n<figure class=\"wp-block-image alignwide size-large\"><img data-recalc-dims=\"1\" decoding=\"async\" width=\"768\" height=\"1024\" src=\"https:\/\/i0.wp.com\/portugalizar.com\/wp-content\/uploads\/2022\/06\/Igreja-de-Sao-Francisco-No-1.png?resize=768%2C1024&#038;ssl=1\" alt=\"\" class=\"wp-image-1699\" srcset=\"https:\/\/i0.wp.com\/portugalizar.com\/wp-content\/uploads\/2022\/06\/Igreja-de-Sao-Francisco-No-1.png?resize=768%2C1024&amp;ssl=1 768w, https:\/\/i0.wp.com\/portugalizar.com\/wp-content\/uploads\/2022\/06\/Igreja-de-Sao-Francisco-No-1.png?resize=225%2C300&amp;ssl=1 225w, https:\/\/i0.wp.com\/portugalizar.com\/wp-content\/uploads\/2022\/06\/Igreja-de-Sao-Francisco-No-1.png?resize=1152%2C1536&amp;ssl=1 1152w, https:\/\/i0.wp.com\/portugalizar.com\/wp-content\/uploads\/2022\/06\/Igreja-de-Sao-Francisco-No-1.png?resize=1536%2C2048&amp;ssl=1 1536w, https:\/\/i0.wp.com\/portugalizar.com\/wp-content\/uploads\/2022\/06\/Igreja-de-Sao-Francisco-No-1.png?resize=9%2C12&amp;ssl=1 9w, https:\/\/i0.wp.com\/portugalizar.com\/wp-content\/uploads\/2022\/06\/Igreja-de-Sao-Francisco-No-1.png?w=1900&amp;ssl=1 1900w, https:\/\/i0.wp.com\/portugalizar.com\/wp-content\/uploads\/2022\/06\/Igreja-de-Sao-Francisco-No-1.png?w=2850&amp;ssl=1 2850w\" sizes=\"(max-width: 768px) 100vw, 768px\" \/><figcaption class=\"wp-element-caption\"><strong>\"Igreja de S\u00e3o Francisco N\u00ba 1\", 2021<\/strong><\/figcaption><\/figure>\n\n\n\n<p>Etwa 50 Jahre sp\u00e4ter \u00fcbernimmt K\u00f6nig Dinis I. das Kloster von den Templern. Er hatte genug von den Streitigkeiten und der Untreue. Dinis l\u00e4dt den neuen Franziskanerorden nach Portugal ein. Er lockt sie mit der Vergabe von Kl\u00f6stern und Land. F\u00fcr Dinis scheinen die scheinbar friedfertigen und sanftm\u00fctigen Franziskaner besser geeignet zu sein als die kriegerischen Templerm\u00f6nche.<\/p>\n\n\n\n<p>So war es. Gew\u00e4hren Sie dies diesem Bischof oder jener religi\u00f6sen Gruppe. Man nahm es ihnen weg, wenn sie nicht einverstanden waren oder ihnen die Hosen zu gro\u00df wurden, oder zum Wohle des K\u00f6nigs. Finde einen anderen, neueren und zug\u00e4nglicheren Partner. Das hei\u00dft, bis 1834.<\/p>\n\n\n\n<h2 class=\"wp-block-heading\">Genug ist Genug<\/h2>\n\n\n\n<p>1834 wurden in letzter Verzweiflung und per k\u00f6niglichem Dekret alle m\u00e4nnlichen Orden abgeschafft. Die Regierung beschlagnahmte ihr Verm\u00f6gen und ihren Besitz. Weibliche Orden konnten keine neuen Mitglieder aufnehmen. Mit dem Tod des letzten Mitglieds fiel ihr Besitz an den Staat zur\u00fcck. Diesmal stand die Kirche auf der Verliererseite des f\u00fcnfj\u00e4hrigen B\u00fcrgerkriegs. Eine Einmischung der Kirche war nicht mehr erw\u00fcnscht.<\/p>\n\n\n\n<figure class=\"wp-block-image alignwide size-large\"><img data-recalc-dims=\"1\" loading=\"lazy\" decoding=\"async\" width=\"950\" height=\"713\" src=\"https:\/\/i0.wp.com\/portugalizar.com\/wp-content\/uploads\/2022\/06\/Igreja-de-Sao-Francisco-No-2.png?resize=950%2C713&#038;ssl=1\" alt=\"\" class=\"wp-image-1479\" srcset=\"https:\/\/i0.wp.com\/portugalizar.com\/wp-content\/uploads\/2022\/06\/Igreja-de-Sao-Francisco-No-2-e1653219829771.png?resize=1024%2C768&amp;ssl=1 1024w, https:\/\/i0.wp.com\/portugalizar.com\/wp-content\/uploads\/2022\/06\/Igreja-de-Sao-Francisco-No-2-e1653219829771.png?resize=300%2C225&amp;ssl=1 300w, https:\/\/i0.wp.com\/portugalizar.com\/wp-content\/uploads\/2022\/06\/Igreja-de-Sao-Francisco-No-2-e1653219829771.png?resize=768%2C576&amp;ssl=1 768w, https:\/\/i0.wp.com\/portugalizar.com\/wp-content\/uploads\/2022\/06\/Igreja-de-Sao-Francisco-No-2-e1653219829771.png?resize=1536%2C1152&amp;ssl=1 1536w, https:\/\/i0.wp.com\/portugalizar.com\/wp-content\/uploads\/2022\/06\/Igreja-de-Sao-Francisco-No-2-e1653219829771.png?resize=2048%2C1536&amp;ssl=1 2048w, https:\/\/i0.wp.com\/portugalizar.com\/wp-content\/uploads\/2022\/06\/Igreja-de-Sao-Francisco-No-2-e1653219829771.png?resize=16%2C12&amp;ssl=1 16w, https:\/\/i0.wp.com\/portugalizar.com\/wp-content\/uploads\/2022\/06\/Igreja-de-Sao-Francisco-No-2-e1653219829771.png?resize=2000%2C1500&amp;ssl=1 2000w, https:\/\/i0.wp.com\/portugalizar.com\/wp-content\/uploads\/2022\/06\/Igreja-de-Sao-Francisco-No-2.png?w=1900&amp;ssl=1 1900w, https:\/\/i0.wp.com\/portugalizar.com\/wp-content\/uploads\/2022\/06\/Igreja-de-Sao-Francisco-No-2.png?w=2850&amp;ssl=1 2850w\" sizes=\"(max-width: 950px) 100vw, 950px\" \/><figcaption class=\"wp-element-caption\"><strong>\"Igreja S\u00e3o Francisco N\u00ba 2\", 2021<\/strong><\/figcaption><\/figure>\n\n\n\n<p>Portugal galoppierte nun in Richtung S\u00e4kularismus, wie der Gro\u00dfteil Westeuropas. Die Kirche verlor mehr und mehr an Macht. Ihre moralische Autorit\u00e4t schrumpfte. <em>S\u00e3o Francisco<\/em>Seine riesigen Ruinen scheinen eine Allegorie f\u00fcr die institutionelle Kirche zu sein. <\/p>\n\n\n\n<p>Der Diktator Ant\u00f3nio Salazar verschaffte dem Niedergang der Kirche eine kleine Atempause. Diese Reprise war f\u00fcr die Kirche entsetzlich. Das Katzbuckeln mit einem Diktator zerst\u00f6rte jede Integrit\u00e4t, die die Institution bei den Gl\u00e4ubigen hatte. Dann kam die <a href=\"https:\/\/portugalizar.com\/de\/its-a-great-day-for-a-short-goodbye\/\" target=\"_blank\" rel=\"noreferrer noopener\">Nelkenrevolution<\/a>. Die Portugiesen warfen die Kirche und ihren Glauben zusammen mit den <em>Novo Estado<\/em>. Gut, dass wir ihn los sind! <\/p>\n\n\n\n<h2 class=\"wp-block-heading\">Immer noch in einer schlechten Romanze gefangen?<\/h2>\n\n\n\n<p>Aber zu sagen, dass man nicht glaubt, bedeutet nicht, dass man nicht glaubt. Es bedeutet, denke ich, dass man sich von einer Gruppe mit einem bestimmten Namen distanziert hat. Das ist nicht dasselbe. Also, ja, ich bin immer noch irgendwie in der schlechten Romanze gefangen.<\/p>\n\n\n\n<p>Lassen Sie mich das erkl\u00e4ren. Von nun an werde ich drei W\u00f6rter austauschbar verwenden. Glaube, \u00dcberzeugung und Erinnerung. Ich betrachte sie in diesem Zusammenhang als Synonyme.<\/p>\n\n\n\n<p>\u00dcberzeugungen pr\u00e4gen sich in unsere DNA ein. Sie werden \u00fcber lange Zeitr\u00e4ume hinweg Teil unseres Menschseins. Diese Erinnerungen sind <strong><span style=\"text-decoration: underline;\">nicht<\/span><\/strong> Teil unserer menschlichen DNA, weil jemand sie erfunden und in unsere DNA injiziert hat. Sie sind in meiner DNA und in Ihrer DNA, weil sie uns erm\u00f6glichen zu \u00fcberleben und zu gedeihen. Seit unsere Spezies vor 150.000 Jahren auf der Erde auftauchte, haben uns diese \u00dcberzeugungen vor dem Aussterben bewahrt.<\/p>\n\n\n\n<p>Wovon zum Teufel rede ich eigentlich? Gute Frage. Lassen Sie mich ein Beispiel geben. Der Mensch geh\u00f6rt zu den wenigen Arten, die keine Mehrlingsgeburten haben. Diese Einzelgeburten haben auch eine lange Tr\u00e4chtigkeitsdauer. Au\u00dferdem ist auch die S\u00e4uglingszeit relativ lang. Das \u00dcberleben einer Spezies h\u00e4ngt davon ab, dass die Nachkommen \u00fcberleben und Nachkommen produzieren. Der Mensch ist daf\u00fcr nicht gut geeignet. Hier kommt das Ged\u00e4chtnis, der Glaube, ins Spiel.<\/p>\n\n\n\n<p>Die m\u00e4chtigsten und st\u00e4rksten menschlichen Erinnerungen sind mit unseren Kindern verbunden. Mit dem Schutz unserer Kinder, um sicherzustellen, dass sie ihre eigenen Kinder haben k\u00f6nnen. Diese Erinnerungen an die Verletzlichkeit von Kleinkindern sind in Geschichten verpackt, die immer wieder zur Erinnerung erz\u00e4hlt werden.  <\/p>\n\n\n\n<h2 class=\"wp-block-heading\">Die Wechselb\u00e4lger, Feen und Kobolde<\/h2>\n\n\n\n<h2 class=\"wp-block-heading\">Etwas mehr, vielleicht ist es \u00fcbertrieben<\/h2>\n\n\n\n<p>Wovon zum Teufel rede ich da? Gute Frage! Ich frage mich also, was es unserer Spezies erm\u00f6glicht hat, zu \u00fcberleben. Aber nicht nur zu \u00fcberleben, nein, auch zu gedeihen in relativ kurzen - in geologischer Zeit - 150.000 Jahren? Meine Antwort? Es muss unsere F\u00e4higkeit sein, uns etwas vorzustellen und dann Ideen zu kommunizieren. Diese Ideen mit anderen zu teilen. Aber auch bei der Perfektionierung und Umsetzung dieser Ideen zusammenzuarbeiten.<\/p>\n\n\n\n<p>Das ist nicht nur bei den Menschen der Fall, sondern auch bei anderen Lebewesen. Diese anderen Lebewesen haben wie wir gedeiht. Obwohl sie jetzt durch unsere Entscheidungen bedroht sind. Die meisten Lebewesen sind empfindungsf\u00e4hig, das hei\u00dft, sie denken, aber sie denken auch \u00fcber sich selbst nach, f\u00fchlen also. Sie kommunizieren auch und arbeiten zusammen. Eine Besonderheit der Menschen ist jedoch, dass sie aus ihren Erinnerungen Geschichten erschaffen.<\/p>\n\n\n\n<h2 class=\"wp-block-heading\">Geschichte + Erinnerung = Glaube + Glaube = \u00dcberleben + Gedeihen<\/h2>\n\n\n\n<p><\/p>\n\n\n\n<figure class=\"wp-block-image alignwide size-large\"><img data-recalc-dims=\"1\" loading=\"lazy\" decoding=\"async\" width=\"950\" height=\"950\" src=\"https:\/\/i0.wp.com\/portugalizar.com\/wp-content\/uploads\/2022\/06\/A-Abelha-e-as-Amoras.png?resize=950%2C950&#038;ssl=1\" alt=\"\" class=\"wp-image-1813\" srcset=\"https:\/\/i0.wp.com\/portugalizar.com\/wp-content\/uploads\/2022\/06\/A-Abelha-e-as-Amoras.png?resize=1024%2C1024&amp;ssl=1 1024w, https:\/\/i0.wp.com\/portugalizar.com\/wp-content\/uploads\/2022\/06\/A-Abelha-e-as-Amoras.png?resize=300%2C300&amp;ssl=1 300w, https:\/\/i0.wp.com\/portugalizar.com\/wp-content\/uploads\/2022\/06\/A-Abelha-e-as-Amoras.png?resize=150%2C150&amp;ssl=1 150w, https:\/\/i0.wp.com\/portugalizar.com\/wp-content\/uploads\/2022\/06\/A-Abelha-e-as-Amoras.png?resize=768%2C769&amp;ssl=1 768w, https:\/\/i0.wp.com\/portugalizar.com\/wp-content\/uploads\/2022\/06\/A-Abelha-e-as-Amoras.png?resize=1534%2C1536&amp;ssl=1 1534w, https:\/\/i0.wp.com\/portugalizar.com\/wp-content\/uploads\/2022\/06\/A-Abelha-e-as-Amoras.png?resize=2046%2C2048&amp;ssl=1 2046w, https:\/\/i0.wp.com\/portugalizar.com\/wp-content\/uploads\/2022\/06\/A-Abelha-e-as-Amoras.png?resize=12%2C12&amp;ssl=1 12w, https:\/\/i0.wp.com\/portugalizar.com\/wp-content\/uploads\/2022\/06\/A-Abelha-e-as-Amoras.png?resize=2000%2C2002&amp;ssl=1 2000w, https:\/\/i0.wp.com\/portugalizar.com\/wp-content\/uploads\/2022\/06\/A-Abelha-e-as-Amoras.png?w=1900&amp;ssl=1 1900w, https:\/\/i0.wp.com\/portugalizar.com\/wp-content\/uploads\/2022\/06\/A-Abelha-e-as-Amoras.png?w=2850&amp;ssl=1 2850w\" sizes=\"(max-width: 950px) 100vw, 950px\" \/><figcaption class=\"wp-element-caption\">\"A Abelha e As Amoras Silvertres\", 2020<\/figcaption><\/figure>\n\n\n\n<p>die <\/p>","protected":false},"excerpt":{"rendered":"<p>Ol\u00e1 tudos! \/\/ Hallo zusammen! Das heutige Thema ist vielleicht nicht f\u00fcr jeden von Interesse. Ich werde versuchen, es kurz zu machen. Aber ich verspreche nichts. Ich befasse mich mit der Beziehung zwischen Kirche und Staat hier in Portugal. Es gibt zwei Gr\u00fcnde, warum mich das interessiert. Erstens ist die Geschichte definitiv ein Lady-Gaga-Song, der in ... <\/p>\n<p class=\"link-more\"><a href=\"https:\/\/portugalizar.com\/de\/bad-romance-caught\/\" class=\"more-link\">Mehr lesen<span class=\"screen-reader-text\"> &#8220;Caught In A Bad Romance. <br \/>I Want Your Love!&#8221;<\/span><\/a><\/p>","protected":false},"author":1,"featured_media":1479,"comment_status":"open","ping_status":"closed","sticky":false,"template":"","format":"standard","meta":{"nf_dc_page":"","om_disable_all_campaigns":false,"_monsterinsights_skip_tracking":false,"_monsterinsights_sitenote_active":false,"_monsterinsights_sitenote_note":"","_monsterinsights_sitenote_category":0,"_themeisle_gutenberg_block_has_review":false,"_jetpack_memberships_contains_paid_content":false,"footnotes":""},"categories":[8,9],"tags":[],"class_list":["post-1449","post","type-post","status-publish","format-standard","has-post-thumbnail","hentry","category-culture-customs","category-history"],"yoast_head":"<!-- This site is optimized with the Yoast SEO plugin v27.4 - https:\/\/yoast.com\/product\/yoast-seo-wordpress\/ -->\n<title>Caught In A Bad Romance. I Want Your Love! - PORTUGALIZAR<\/title>\n<meta name=\"description\" content=\"The relationship between church and state in Portugal looks like two people caught in a bad romance and thinking they need each others love.\" \/>\n<meta name=\"robots\" content=\"index, follow, max-snippet:-1, max-image-preview:large, max-video-preview:-1\" \/>\n<link rel=\"canonical\" href=\"https:\/\/portugalizar.com\/de\/bad-romance-caught\/\" \/>\n<meta property=\"og:locale\" content=\"de_DE\" \/>\n<meta property=\"og:type\" content=\"article\" \/>\n<meta property=\"og:title\" content=\"Caught In A Bad Romance. I Want Your Love! - PORTUGALIZAR\" \/>\n<meta property=\"og:description\" content=\"The relationship between church and state in Portugal looks like two people caught in a bad romance and thinking they need each others love.\" \/>\n<meta property=\"og:url\" content=\"https:\/\/portugalizar.com\/de\/bad-romance-caught\/\" \/>\n<meta property=\"og:site_name\" content=\"PORTUGALIZAR\" \/>\n<meta property=\"article:published_time\" content=\"2024-12-31T04:00:00+00:00\" \/>\n<meta property=\"og:image\" content=\"https:\/\/portugalizar.com\/wp-content\/uploads\/2022\/06\/Igreja-de-Sao-Francisco-No-2-1024x768.png\" \/>\n\t<meta property=\"og:image:width\" content=\"1024\" \/>\n\t<meta property=\"og:image:height\" content=\"768\" \/>\n\t<meta property=\"og:image:type\" content=\"image\/png\" \/>\n<meta name=\"author\" content=\"Gui\" \/>\n<meta name=\"twitter:card\" content=\"summary_large_image\" \/>\n<meta name=\"twitter:label1\" content=\"Verfasst von\" \/>\n\t<meta name=\"twitter:data1\" content=\"Gui\" \/>\n\t<meta name=\"twitter:label2\" content=\"Gesch\u00e4tzte Lesezeit\" \/>\n\t<meta name=\"twitter:data2\" content=\"7\u00a0Minuten\" \/>\n<script type=\"application\/ld+json\" class=\"yoast-schema-graph\">{\"@context\":\"https:\\\/\\\/schema.org\",\"@graph\":[{\"@type\":\"Article\",\"@id\":\"https:\\\/\\\/portugalizar.com\\\/bad-romance-caught\\\/#article\",\"isPartOf\":{\"@id\":\"https:\\\/\\\/portugalizar.com\\\/bad-romance-caught\\\/\"},\"author\":{\"name\":\"Gui\",\"@id\":\"https:\\\/\\\/portugalizar.com\\\/#\\\/schema\\\/person\\\/1f60af48f39895b897e26d9d92ecf6db\"},\"headline\":\"Caught In A Bad Romance. I Want Your Love!\",\"datePublished\":\"2024-12-31T04:00:00+00:00\",\"mainEntityOfPage\":{\"@id\":\"https:\\\/\\\/portugalizar.com\\\/bad-romance-caught\\\/\"},\"wordCount\":1377,\"commentCount\":0,\"publisher\":{\"@id\":\"https:\\\/\\\/portugalizar.com\\\/#organization\"},\"image\":{\"@id\":\"https:\\\/\\\/portugalizar.com\\\/bad-romance-caught\\\/#primaryimage\"},\"thumbnailUrl\":\"https:\\\/\\\/i0.wp.com\\\/portugalizar.com\\\/wp-content\\\/uploads\\\/2022\\\/06\\\/Igreja-de-Sao-Francisco-No-2-e1653219829771.png?fit=3598%2C2699&ssl=1\",\"articleSection\":[\"Culture &amp; Customs\",\"History\"],\"inLanguage\":\"de\",\"potentialAction\":[{\"@type\":\"CommentAction\",\"name\":\"Comment\",\"target\":[\"https:\\\/\\\/portugalizar.com\\\/bad-romance-caught\\\/#respond\"]}]},{\"@type\":\"WebPage\",\"@id\":\"https:\\\/\\\/portugalizar.com\\\/bad-romance-caught\\\/\",\"url\":\"https:\\\/\\\/portugalizar.com\\\/bad-romance-caught\\\/\",\"name\":\"Caught In A Bad Romance. I Want Your Love! - PORTUGALIZAR\",\"isPartOf\":{\"@id\":\"https:\\\/\\\/portugalizar.com\\\/#website\"},\"primaryImageOfPage\":{\"@id\":\"https:\\\/\\\/portugalizar.com\\\/bad-romance-caught\\\/#primaryimage\"},\"image\":{\"@id\":\"https:\\\/\\\/portugalizar.com\\\/bad-romance-caught\\\/#primaryimage\"},\"thumbnailUrl\":\"https:\\\/\\\/i0.wp.com\\\/portugalizar.com\\\/wp-content\\\/uploads\\\/2022\\\/06\\\/Igreja-de-Sao-Francisco-No-2-e1653219829771.png?fit=3598%2C2699&ssl=1\",\"datePublished\":\"2024-12-31T04:00:00+00:00\",\"description\":\"The relationship between church and state in Portugal looks like two people caught in a bad romance and thinking they need each others love.\",\"breadcrumb\":{\"@id\":\"https:\\\/\\\/portugalizar.com\\\/bad-romance-caught\\\/#breadcrumb\"},\"inLanguage\":\"de\",\"potentialAction\":[{\"@type\":\"ReadAction\",\"target\":[\"https:\\\/\\\/portugalizar.com\\\/bad-romance-caught\\\/\"]}]},{\"@type\":\"ImageObject\",\"inLanguage\":\"de\",\"@id\":\"https:\\\/\\\/portugalizar.com\\\/bad-romance-caught\\\/#primaryimage\",\"url\":\"https:\\\/\\\/i0.wp.com\\\/portugalizar.com\\\/wp-content\\\/uploads\\\/2022\\\/06\\\/Igreja-de-Sao-Francisco-No-2-e1653219829771.png?fit=3598%2C2699&ssl=1\",\"contentUrl\":\"https:\\\/\\\/i0.wp.com\\\/portugalizar.com\\\/wp-content\\\/uploads\\\/2022\\\/06\\\/Igreja-de-Sao-Francisco-No-2-e1653219829771.png?fit=3598%2C2699&ssl=1\",\"width\":3598,\"height\":2699},{\"@type\":\"BreadcrumbList\",\"@id\":\"https:\\\/\\\/portugalizar.com\\\/bad-romance-caught\\\/#breadcrumb\",\"itemListElement\":[{\"@type\":\"ListItem\",\"position\":1,\"name\":\"Home\",\"item\":\"https:\\\/\\\/portugalizar.com\\\/\"},{\"@type\":\"ListItem\",\"position\":2,\"name\":\"Caught In A Bad Romance. I Want Your Love!\"}]},{\"@type\":\"WebSite\",\"@id\":\"https:\\\/\\\/portugalizar.com\\\/#website\",\"url\":\"https:\\\/\\\/portugalizar.com\\\/\",\"name\":\"PORTUGALIZAR\",\"description\":\"\",\"publisher\":{\"@id\":\"https:\\\/\\\/portugalizar.com\\\/#organization\"},\"potentialAction\":[{\"@type\":\"SearchAction\",\"target\":{\"@type\":\"EntryPoint\",\"urlTemplate\":\"https:\\\/\\\/portugalizar.com\\\/?s={search_term_string}\"},\"query-input\":{\"@type\":\"PropertyValueSpecification\",\"valueRequired\":true,\"valueName\":\"search_term_string\"}}],\"inLanguage\":\"de\"},{\"@type\":\"Organization\",\"@id\":\"https:\\\/\\\/portugalizar.com\\\/#organization\",\"name\":\"PORTUGALIZAR\",\"url\":\"https:\\\/\\\/portugalizar.com\\\/\",\"logo\":{\"@type\":\"ImageObject\",\"inLanguage\":\"de\",\"@id\":\"https:\\\/\\\/portugalizar.com\\\/#\\\/schema\\\/logo\\\/image\\\/\",\"url\":\"\",\"contentUrl\":\"\",\"caption\":\"PORTUGALIZAR\"},\"image\":{\"@id\":\"https:\\\/\\\/portugalizar.com\\\/#\\\/schema\\\/logo\\\/image\\\/\"}},{\"@type\":\"Person\",\"@id\":\"https:\\\/\\\/portugalizar.com\\\/#\\\/schema\\\/person\\\/1f60af48f39895b897e26d9d92ecf6db\",\"name\":\"Gui\",\"image\":{\"@type\":\"ImageObject\",\"inLanguage\":\"de\",\"@id\":\"https:\\\/\\\/secure.gravatar.com\\\/avatar\\\/0bef00a699e73fc60016c16a6f44683b2a027bb1b48a4b3973732af4cc636712?s=96&d=mm&r=g\",\"url\":\"https:\\\/\\\/secure.gravatar.com\\\/avatar\\\/0bef00a699e73fc60016c16a6f44683b2a027bb1b48a4b3973732af4cc636712?s=96&d=mm&r=g\",\"contentUrl\":\"https:\\\/\\\/secure.gravatar.com\\\/avatar\\\/0bef00a699e73fc60016c16a6f44683b2a027bb1b48a4b3973732af4cc636712?s=96&d=mm&r=g\",\"caption\":\"Gui\"},\"url\":\"https:\\\/\\\/portugalizar.com\\\/de\\\/author\\\/spestheonlyone\\\/\"}]}<\/script>\n<!-- \/ Yoast SEO plugin. -->","yoast_head_json":{"title":"Caught In A Bad Romance. I Want Your Love! - PORTUGALIZAR","description":"The relationship between church and state in Portugal looks like two people caught in a bad romance and thinking they need each others love.","robots":{"index":"index","follow":"follow","max-snippet":"max-snippet:-1","max-image-preview":"max-image-preview:large","max-video-preview":"max-video-preview:-1"},"canonical":"https:\/\/portugalizar.com\/de\/bad-romance-caught\/","og_locale":"de_DE","og_type":"article","og_title":"Caught In A Bad Romance. I Want Your Love! - PORTUGALIZAR","og_description":"The relationship between church and state in Portugal looks like two people caught in a bad romance and thinking they need each others love.","og_url":"https:\/\/portugalizar.com\/de\/bad-romance-caught\/","og_site_name":"PORTUGALIZAR","article_published_time":"2024-12-31T04:00:00+00:00","og_image":[{"width":1024,"height":768,"url":"https:\/\/portugalizar.com\/wp-content\/uploads\/2022\/06\/Igreja-de-Sao-Francisco-No-2-1024x768.png","type":"image\/png"}],"author":"Gui","twitter_card":"summary_large_image","twitter_misc":{"Verfasst von":"Gui","Gesch\u00e4tzte Lesezeit":"7\u00a0Minuten"},"schema":{"@context":"https:\/\/schema.org","@graph":[{"@type":"Article","@id":"https:\/\/portugalizar.com\/bad-romance-caught\/#article","isPartOf":{"@id":"https:\/\/portugalizar.com\/bad-romance-caught\/"},"author":{"name":"Gui","@id":"https:\/\/portugalizar.com\/#\/schema\/person\/1f60af48f39895b897e26d9d92ecf6db"},"headline":"Caught In A Bad Romance. I Want Your Love!","datePublished":"2024-12-31T04:00:00+00:00","mainEntityOfPage":{"@id":"https:\/\/portugalizar.com\/bad-romance-caught\/"},"wordCount":1377,"commentCount":0,"publisher":{"@id":"https:\/\/portugalizar.com\/#organization"},"image":{"@id":"https:\/\/portugalizar.com\/bad-romance-caught\/#primaryimage"},"thumbnailUrl":"https:\/\/i0.wp.com\/portugalizar.com\/wp-content\/uploads\/2022\/06\/Igreja-de-Sao-Francisco-No-2-e1653219829771.png?fit=3598%2C2699&ssl=1","articleSection":["Culture &amp; Customs","History"],"inLanguage":"de","potentialAction":[{"@type":"CommentAction","name":"Comment","target":["https:\/\/portugalizar.com\/bad-romance-caught\/#respond"]}]},{"@type":"WebPage","@id":"https:\/\/portugalizar.com\/bad-romance-caught\/","url":"https:\/\/portugalizar.com\/bad-romance-caught\/","name":"Caught In A Bad Romance. I Want Your Love! - PORTUGALIZAR","isPartOf":{"@id":"https:\/\/portugalizar.com\/#website"},"primaryImageOfPage":{"@id":"https:\/\/portugalizar.com\/bad-romance-caught\/#primaryimage"},"image":{"@id":"https:\/\/portugalizar.com\/bad-romance-caught\/#primaryimage"},"thumbnailUrl":"https:\/\/i0.wp.com\/portugalizar.com\/wp-content\/uploads\/2022\/06\/Igreja-de-Sao-Francisco-No-2-e1653219829771.png?fit=3598%2C2699&ssl=1","datePublished":"2024-12-31T04:00:00+00:00","description":"The relationship between church and state in Portugal looks like two people caught in a bad romance and thinking they need each others love.","breadcrumb":{"@id":"https:\/\/portugalizar.com\/bad-romance-caught\/#breadcrumb"},"inLanguage":"de","potentialAction":[{"@type":"ReadAction","target":["https:\/\/portugalizar.com\/bad-romance-caught\/"]}]},{"@type":"ImageObject","inLanguage":"de","@id":"https:\/\/portugalizar.com\/bad-romance-caught\/#primaryimage","url":"https:\/\/i0.wp.com\/portugalizar.com\/wp-content\/uploads\/2022\/06\/Igreja-de-Sao-Francisco-No-2-e1653219829771.png?fit=3598%2C2699&ssl=1","contentUrl":"https:\/\/i0.wp.com\/portugalizar.com\/wp-content\/uploads\/2022\/06\/Igreja-de-Sao-Francisco-No-2-e1653219829771.png?fit=3598%2C2699&ssl=1","width":3598,"height":2699},{"@type":"BreadcrumbList","@id":"https:\/\/portugalizar.com\/bad-romance-caught\/#breadcrumb","itemListElement":[{"@type":"ListItem","position":1,"name":"Home","item":"https:\/\/portugalizar.com\/"},{"@type":"ListItem","position":2,"name":"Caught In A Bad Romance. I Want Your Love!"}]},{"@type":"WebSite","@id":"https:\/\/portugalizar.com\/#website","url":"https:\/\/portugalizar.com\/","name":"PORTUGALISCHER","description":"","publisher":{"@id":"https:\/\/portugalizar.com\/#organization"},"potentialAction":[{"@type":"SearchAction","target":{"@type":"EntryPoint","urlTemplate":"https:\/\/portugalizar.com\/?s={search_term_string}"},"query-input":{"@type":"PropertyValueSpecification","valueRequired":true,"valueName":"search_term_string"}}],"inLanguage":"de"},{"@type":"Organization","@id":"https:\/\/portugalizar.com\/#organization","name":"PORTUGALISCHER","url":"https:\/\/portugalizar.com\/","logo":{"@type":"ImageObject","inLanguage":"de","@id":"https:\/\/portugalizar.com\/#\/schema\/logo\/image\/","url":"","contentUrl":"","caption":"PORTUGALIZAR"},"image":{"@id":"https:\/\/portugalizar.com\/#\/schema\/logo\/image\/"}},{"@type":"Person","@id":"https:\/\/portugalizar.com\/#\/schema\/person\/1f60af48f39895b897e26d9d92ecf6db","name":"Gui","image":{"@type":"ImageObject","inLanguage":"de","@id":"https:\/\/secure.gravatar.com\/avatar\/0bef00a699e73fc60016c16a6f44683b2a027bb1b48a4b3973732af4cc636712?s=96&d=mm&r=g","url":"https:\/\/secure.gravatar.com\/avatar\/0bef00a699e73fc60016c16a6f44683b2a027bb1b48a4b3973732af4cc636712?s=96&d=mm&r=g","contentUrl":"https:\/\/secure.gravatar.com\/avatar\/0bef00a699e73fc60016c16a6f44683b2a027bb1b48a4b3973732af4cc636712?s=96&d=mm&r=g","caption":"Gui"},"url":"https:\/\/portugalizar.com\/de\/author\/spestheonlyone\/"}]}},"jetpack_featured_media_url":"https:\/\/i0.wp.com\/portugalizar.com\/wp-content\/uploads\/2022\/06\/Igreja-de-Sao-Francisco-No-2-e1653219829771.png?fit=3598%2C2699&ssl=1","jetpack-related-posts":[],"jetpack_sharing_enabled":true,"_links":{"self":[{"href":"https:\/\/portugalizar.com\/de\/wp-json\/wp\/v2\/posts\/1449","targetHints":{"allow":["GET"]}}],"collection":[{"href":"https:\/\/portugalizar.com\/de\/wp-json\/wp\/v2\/posts"}],"about":[{"href":"https:\/\/portugalizar.com\/de\/wp-json\/wp\/v2\/types\/post"}],"author":[{"embeddable":true,"href":"https:\/\/portugalizar.com\/de\/wp-json\/wp\/v2\/users\/1"}],"replies":[{"embeddable":true,"href":"https:\/\/portugalizar.com\/de\/wp-json\/wp\/v2\/comments?post=1449"}],"version-history":[{"count":5,"href":"https:\/\/portugalizar.com\/de\/wp-json\/wp\/v2\/posts\/1449\/revisions"}],"predecessor-version":[{"id":2144,"href":"https:\/\/portugalizar.com\/de\/wp-json\/wp\/v2\/posts\/1449\/revisions\/2144"}],"wp:featuredmedia":[{"embeddable":true,"href":"https:\/\/portugalizar.com\/de\/wp-json\/wp\/v2\/media\/1479"}],"wp:attachment":[{"href":"https:\/\/portugalizar.com\/de\/wp-json\/wp\/v2\/media?parent=1449"}],"wp:term":[{"taxonomy":"category","embeddable":true,"href":"https:\/\/portugalizar.com\/de\/wp-json\/wp\/v2\/categories?post=1449"},{"taxonomy":"post_tag","embeddable":true,"href":"https:\/\/portugalizar.com\/de\/wp-json\/wp\/v2\/tags?post=1449"}],"curies":[{"name":"wp","href":"https:\/\/api.w.org\/{rel}","templated":true}]}}