{"id":1441,"date":"2022-06-23T04:00:00","date_gmt":"2022-06-23T04:00:00","guid":{"rendered":"https:\/\/portugalizar.com\/?p=1441"},"modified":"2022-06-23T09:54:49","modified_gmt":"2022-06-23T09:54:49","slug":"in-the-arms-of-joy","status":"publish","type":"post","link":"https:\/\/portugalizar.com\/de\/in-the-arms-of-joy\/","title":{"rendered":"In den Armen der Freude f\u00fcr mein ganzes Leben"},"content":{"rendered":"<p><em>Ol\u00e1 a todos! E um grande bem-vindo ao Ver\u00e3o!<\/em> \/\/ Hallo zusammen. Und ein herzliches Willkommen zum Sommer! Dies ist vielleicht nicht der sommerlichste Beitrag. Aber die Bilder, die ich heute mit euch teilen werde, sind drau\u00dfen entstanden - wie die echten K\u00fcnstler sagen, <em>en plein air<\/em> - bei sch\u00f6nem Wetter in Santa Luzia. Und mein Thema heute, wie schon <a href=\"https:\/\/portugalizar.com\/de\/?p=1117\" target=\"_blank\" rel=\"noreferrer noopener\">der letzten Woche<\/a>geht es um das gute Leben. Das hei\u00dft, dass man sein ganzes Leben in den Armen der Freude lebt! Hm? Drau\u00dfen und das gute Leben, na ja, das sagt doch wohl alles \u00fcber den Sommer, oder?<\/p>\n\n\n\n<p>Heute m\u00f6chte ich ein paar Vignetten und Portr\u00e4ts von Menschen zeigen, die ich hier getroffen habe. Sie stammen aus Begegnungen in Santa Luzia. Bei der ersten handelt es sich also um Menschen, die ich h\u00e4ufig sehe und genau beobachtet habe. Aber das zweite ist auch ein Paar, das ich ein wenig kennengelernt habe. Zuerst werde ich ihre Geschichten erz\u00e4hlen. Dann werde ich versuchen, diese Vignetten zu einer Art Zusammenhang zusammenzuf\u00fcgen. <\/p>\n\n\n\n<p>\u00dcbrigens habe ich mein heutiges Thema von einer meiner Lieblingsdichterinnen, Mary Oliver, entwendet. Ihr Gedicht, <a href=\"https:\/\/www.poeticous.com\/mary-oliver\/when-death-comes\" target=\"_blank\" rel=\"noreferrer noopener\">Wenn der Tod kommt<\/a>ist alles, was Sie wirklich zu lesen brauchen. F\u00fchlen Sie sich nicht gezwungen, hier noch weiter zu lesen. Klicken Sie einfach auf den vorherigen Link. Oliver ist ein viel besserer Autor als ich. <\/p>\n\n\n\n<p>Wenn Sie noch dabei sind, lassen Sie uns loslegen. Es ist schlie\u00dflich Sommer. Wir haben alle etwas Besseres zu tun, als Blogbeitr\u00e4ge auf unseren Ger\u00e4ten zu lesen. Zumindest hoffe ich das. Es gibt so viel Leben zu leben.<\/p>\n\n\n\n<h2 class=\"wp-block-heading\">Die kleinen Freuden des Lebens sammeln<\/h2>\n\n\n\n<p>Aber jetzt, in dieser ersten Vignette, ist es Fr\u00fchling. Nein, nicht Sommer. Es ist Fr\u00fchling. Der Winterregen ist zu Ende. Felder und Z\u00e4une haben sich gr\u00fcn gef\u00e4rbt. Und auch die Stra\u00dfenr\u00e4nder, also die Hecken, sind gr\u00fcn geworden. Jetzt ist die ganze Erde ein Fest der Gen\u00fcsse. Schnecken, <em>os carac\u00f3is<\/em>Sie fressen die zarten Triebe, die s\u00fc\u00dfen neuen Bl\u00e4tter und die zarten Bl\u00fctenbl\u00e4tter. Dann werden diese Schnecken zu einem Festmahl f\u00fcr die V\u00f6gel, die Igel und die Kr\u00f6ten.<\/p>\n\n\n\n<p>Und es ist Morgen. Wie an vielen Morgen um diese Zeit beende ich meinen Lauf. Weil es Fr\u00fchling ist, bin ich nicht allein an den R\u00e4ndern der Hecken. Ich teile diese R\u00e4nder mit den \"Nachlesern\". Die Schnecken sind auch f\u00fcr diese \"Nachleser\" ein Festmahl. <\/p>\n\n\n\n<figure class=\"wp-block-image alignwide size-large\"><img data-recalc-dims=\"1\" fetchpriority=\"high\" decoding=\"async\" width=\"950\" height=\"708\" src=\"https:\/\/i0.wp.com\/portugalizar.com\/wp-content\/uploads\/2022\/06\/Os-apanhadores-de-caracois.jpg?resize=950%2C708&#038;ssl=1\" alt=\"\" class=\"wp-image-1652\" srcset=\"https:\/\/i0.wp.com\/portugalizar.com\/wp-content\/uploads\/2022\/06\/Os-apanhadores-de-caracois-scaled.jpg?resize=1024%2C763&amp;ssl=1 1024w, https:\/\/i0.wp.com\/portugalizar.com\/wp-content\/uploads\/2022\/06\/Os-apanhadores-de-caracois-scaled.jpg?resize=300%2C224&amp;ssl=1 300w, https:\/\/i0.wp.com\/portugalizar.com\/wp-content\/uploads\/2022\/06\/Os-apanhadores-de-caracois-scaled.jpg?resize=768%2C573&amp;ssl=1 768w, https:\/\/i0.wp.com\/portugalizar.com\/wp-content\/uploads\/2022\/06\/Os-apanhadores-de-caracois-scaled.jpg?resize=1536%2C1145&amp;ssl=1 1536w, https:\/\/i0.wp.com\/portugalizar.com\/wp-content\/uploads\/2022\/06\/Os-apanhadores-de-caracois-scaled.jpg?resize=2048%2C1527&amp;ssl=1 2048w, https:\/\/i0.wp.com\/portugalizar.com\/wp-content\/uploads\/2022\/06\/Os-apanhadores-de-caracois-scaled.jpg?resize=16%2C12&amp;ssl=1 16w, https:\/\/i0.wp.com\/portugalizar.com\/wp-content\/uploads\/2022\/06\/Os-apanhadores-de-caracois-scaled.jpg?resize=2000%2C1491&amp;ssl=1 2000w, https:\/\/i0.wp.com\/portugalizar.com\/wp-content\/uploads\/2022\/06\/Os-apanhadores-de-caracois-scaled.jpg?w=1900&amp;ssl=1 1900w\" sizes=\"(max-width: 950px) 100vw, 950px\" \/><figcaption><strong>\"Os apanhadores de carac\u00f3is\", 2021<\/strong><\/figcaption><\/figure>\n\n\n\n<p>Im Portugiesischen scheint es kein Wort zu geben, das \"Nachleser\" oder das Verb \"nachlesen\" genau \u00fcbersetzt. Es gibt <em>os apanhadores<\/em>das hei\u00dft, \"die F\u00e4nger\" oder \"die Sammler\". Und es gibt <em>os colecionadores<\/em>oder \"die Sammler\". Keiner von beiden scheint die wahre Bedeutung von \"sammeln\" zu erfassen.<\/p>\n\n\n\n<p>\"To glean\" kommt aus dem normannischen Franz\u00f6sisch ins Englische. Im feudalen, aber vor allem im nachrevolution\u00e4ren Frankreich hatten die einfachen Leute ein besonderes Recht. Sie durften die Grundst\u00fccke der Gro\u00dfen betreten und die Erntereste mitnehmen. Was immer sie fanden, geh\u00f6rte ihnen. Was sie fanden, waren immer nur kleine St\u00fccke, Reste, Fetzen. Aber sie geh\u00f6rten ihnen. Und obwohl sie klein waren, erg\u00e4nzten und vergr\u00f6\u00dferten sie ihren Speiseplan.<\/p>\n\n\n\n<p>Zumindest im Englischen hat \"glean\" auch die Bedeutung, dass die kleinsten Details wichtig sind. Das hei\u00dft, die kleinen Dinge, wenn man sie sieht, bringen \u00dcberraschungen. Wenn man genau darauf achtet, was um einen herum geschieht, dann kann man neue Entdeckungen machen. Und das ist wahrscheinlich. Zum Beispiel: \"Die Forscherin hat ihre Entdeckung aus einem zuvor \u00fcbersehenen Datum gewonnen\".<\/p>\n\n\n\n<h2 class=\"wp-block-heading\">Schnecken: Eine wahre Freude im Leben, ob mit oder ohne Arme<\/h2>\n\n\n\n<p>Das Portugiesische hat vielleicht kein genaues Wort daf\u00fcr. Aber die Portugiesen verstehen \"Sammeln\" sehr wohl. Das hei\u00dft, die Arme um die einfachen Freuden und kleinen Gen\u00fcsse des Lebens zu legen. Und sich dann festhalten. <\/p>\n\n\n\n<p>Schnecken sind f\u00fcr die Portugiesen das, was f\u00fcr die Amerikaner fettige Kartoffelchips sind. Sie sind ein schuldiges Vergn\u00fcgen. Allerdings sind sie vielleicht ges\u00fcnder, denn sie enthalten viel Eiwei\u00df, Eisen und Vitamin A. Au\u00dferdem sind sie fettarm, abgesehen von der dick aufgetragenen Butter. <\/p>\n\n\n\n<p>Die Schneckensammler hier folgen einer alten Fr\u00fchlingstradition. Sie sammeln ihre Schnecken jeden Morgen, kurz nach Sonnenaufgang, in der k\u00fchlen N\u00e4sse. Die Schnecken sind zum Fressen da. Die Sammler sind unterwegs, um ein Festmahl zu sammeln.<\/p>\n\n\n\n<p>Zu Hause feiern sie ein Fest der Erinnerungen. Die Generationen versammeln sich um den Tisch. In der Mitte sitzt ein Haufen knoblauchiger, buttriger K\u00f6stlichkeiten. Mit frischem Brot zum Einweichen. Und Wein, ja, nat\u00fcrlich Wein. Es ist eine der reinsten Freuden des Lebens. Das Leben in den Armen der Freude. Die harte Arbeit weicht dem gemeinsamen Vergn\u00fcgen.<\/p>\n\n\n\n<h2 class=\"wp-block-heading\">Und, nat\u00fcrlich, <em>Alegrias de Viver!<\/em><\/h2>\n\n\n\n<p>Weiter geht's. Patr\u00edcia und Ant\u00f3nio haben ein kleines <em>quinta<\/em>Seit etwa 20 Jahren betreiben sie gemeinsam einen Bauernhof. Sie bauen Oliven, Granat\u00e4pfel, Mandeln und Gem\u00fcse an. Sie z\u00fcchten H\u00fchner. Sie betreiben ein B&amp;B mit neun Zimmern. Sie haben f\u00fcnf Hunde und betreuen auch Hunde f\u00fcr andere. Wir kennen sie vor allem wegen letzterem. Tucker und Saga lieben sie \u00fcber alles. Das ist mein Ma\u00dfstab f\u00fcr die Qualit\u00e4t eines Menschen. Sie sind F\u00fcnf-Sterne-Leute (\u2b51\u2b51\u2b51\u2b51\u2b51).<\/p>\n\n\n\n<p>Die <em>quinta<\/em> hat selbst eine sch\u00f6ne Geschichte. Das Haus war ein Hochzeitsgeschenk von Ant\u00f3nios Urgro\u00dfvater, Costa, an Ant\u00f3nios Gro\u00dfmutter, Am\u00e9lia. Ant\u00f3nio und alle Cousins und Cousinen verbrachten dort die Sommer ihrer Jugend. Dann zerst\u00f6rte ein Brand das Haus weitgehend. Drei Jahrzehnte lang war es eine Ruine. Im Jahr 2013 haben Patr\u00edcia und Ant\u00f3nio es vollst\u00e4ndig restauriert und modernisiert. Sie begannen ihr gemeinsames Leben in den Armen der Freude.<\/p>\n\n\n\n<figure class=\"wp-block-image alignwide size-large\"><img data-recalc-dims=\"1\" decoding=\"async\" width=\"950\" height=\"743\" src=\"https:\/\/i0.wp.com\/portugalizar.com\/wp-content\/uploads\/2022\/06\/Os-colecionadores-de-alegrias-de-viver.jpg?resize=950%2C743&#038;ssl=1\" alt=\"\" class=\"wp-image-1656\" srcset=\"https:\/\/i0.wp.com\/portugalizar.com\/wp-content\/uploads\/2022\/06\/Os-colecionadores-de-alegrias-de-viver-scaled.jpg?resize=1024%2C801&amp;ssl=1 1024w, https:\/\/i0.wp.com\/portugalizar.com\/wp-content\/uploads\/2022\/06\/Os-colecionadores-de-alegrias-de-viver-scaled.jpg?resize=300%2C235&amp;ssl=1 300w, https:\/\/i0.wp.com\/portugalizar.com\/wp-content\/uploads\/2022\/06\/Os-colecionadores-de-alegrias-de-viver-scaled.jpg?resize=768%2C601&amp;ssl=1 768w, https:\/\/i0.wp.com\/portugalizar.com\/wp-content\/uploads\/2022\/06\/Os-colecionadores-de-alegrias-de-viver-scaled.jpg?resize=1536%2C1202&amp;ssl=1 1536w, https:\/\/i0.wp.com\/portugalizar.com\/wp-content\/uploads\/2022\/06\/Os-colecionadores-de-alegrias-de-viver-scaled.jpg?resize=2048%2C1602&amp;ssl=1 2048w, https:\/\/i0.wp.com\/portugalizar.com\/wp-content\/uploads\/2022\/06\/Os-colecionadores-de-alegrias-de-viver-scaled.jpg?resize=15%2C12&amp;ssl=1 15w, https:\/\/i0.wp.com\/portugalizar.com\/wp-content\/uploads\/2022\/06\/Os-colecionadores-de-alegrias-de-viver-scaled.jpg?resize=2000%2C1565&amp;ssl=1 2000w, https:\/\/i0.wp.com\/portugalizar.com\/wp-content\/uploads\/2022\/06\/Os-colecionadores-de-alegrias-de-viver-scaled.jpg?w=1900&amp;ssl=1 1900w\" sizes=\"(max-width: 950px) 100vw, 950px\" \/><figcaption><strong>\"Os colecionadores de alegrias de viver\", 2022<\/strong><\/figcaption><\/figure>\n\n\n\n<p>Aber das Leben wirft uns B\u00e4lle zu. Wir haben keine andere Wahl, als sie zu fangen. Unsere Wahl kommt, wenn der Ball in unserem Handschuh landet. Was tun wir als n\u00e4chstes? Patr\u00edcia und Ant\u00f3nio haben den ihren gefangen. Die <em>quinta<\/em> ist wichtig. Die Grundlage f\u00fcr das Leben, das sie gemeinsam aufgebaut haben. Aber jetzt, mit diesem Curveball in der Hand, ist die <em>quinta<\/em> in die Quere kommt. Ein neues Leben wartet in den Armen der Freude.<\/p>\n\n\n\n<h2 class=\"wp-block-heading\">Mit vollem Schwung in die Kurve und dann mit freudigen Armen ins Leben starten<\/h2>\n\n\n\n<p>Patr\u00edcia und Ant\u00f3nio haben verkauft <em>a quinta da Av\u00f3 Am\u00e9lia<\/em>. Wir werden sie vermissen, vor allem Tucker und Saga. Sie bauen sich ein neues Zuhause und ein neues Leben etwa 150 Meilen (240 km) nord\u00f6stlich von Santa Luzia auf. Sie werden immer noch G\u00e4ste und Welpen willkommen hei\u00dfen, aber ohne die anderen Eindringlinge, die die Sammlung der Lebensfreuden st\u00f6ren k\u00f6nnen. Ihr Traum ist es, ein bisschen mehr Zeit zu haben. Zeit, um unter den Sternen zu sitzen, vor einem Feuer, mit einem Glas Wein in der Hand und der Hand des anderen in der anderen Hand. Jeden Moment zu leben, jede Stunde, jeden Tag. <em>Parab\u00e9ns e boa sorte os meus amigos!<\/em><\/p>\n\n\n\n<p>Im Fr\u00fchjahr 2020 war ich bei einem einsamen Spaziergang ohne mein iPhone unterwegs. Beides ist eine Seltenheit. Im hohen Gras bemerkte ich einen L\u00f6wenzahn. Er hatte sich in glitzernde, hauchd\u00fcnne Samen verwandelt. Weil ich ein bisschen ein Verr\u00fcckter bin, habe ich mich davor auf den Boden gesetzt. Denn ich wollte und musste das alles in mich aufnehmen. Um mich zu erinnern. So wie ich mich auf Bauch und Brust niederlie\u00df. Den Kopf hochgehoben. Ein weicher, sanfter Windhauch wehte. In einem Augenblick war jeder schimmernde Samen in der Luft. Auf dem Weg in eine neue Zukunft.<\/p>\n\n\n\n<figure class=\"wp-block-image alignwide size-large\"><img data-recalc-dims=\"1\" decoding=\"async\" width=\"950\" height=\"760\" src=\"https:\/\/i0.wp.com\/portugalizar.com\/wp-content\/uploads\/2022\/06\/51F398C5-E3F1-466E-BB48-BDC937C46D21.jpeg?resize=950%2C760&#038;ssl=1\" alt=\"\" class=\"wp-image-1477\" srcset=\"https:\/\/i0.wp.com\/portugalizar.com\/wp-content\/uploads\/2022\/06\/51F398C5-E3F1-466E-BB48-BDC937C46D21-scaled.jpeg?resize=1024%2C819&amp;ssl=1 1024w, https:\/\/i0.wp.com\/portugalizar.com\/wp-content\/uploads\/2022\/06\/51F398C5-E3F1-466E-BB48-BDC937C46D21-scaled.jpeg?resize=300%2C240&amp;ssl=1 300w, https:\/\/i0.wp.com\/portugalizar.com\/wp-content\/uploads\/2022\/06\/51F398C5-E3F1-466E-BB48-BDC937C46D21-scaled.jpeg?resize=768%2C614&amp;ssl=1 768w, https:\/\/i0.wp.com\/portugalizar.com\/wp-content\/uploads\/2022\/06\/51F398C5-E3F1-466E-BB48-BDC937C46D21-scaled.jpeg?resize=1536%2C1229&amp;ssl=1 1536w, https:\/\/i0.wp.com\/portugalizar.com\/wp-content\/uploads\/2022\/06\/51F398C5-E3F1-466E-BB48-BDC937C46D21-scaled.jpeg?resize=2048%2C1638&amp;ssl=1 2048w, https:\/\/i0.wp.com\/portugalizar.com\/wp-content\/uploads\/2022\/06\/51F398C5-E3F1-466E-BB48-BDC937C46D21-scaled.jpeg?resize=15%2C12&amp;ssl=1 15w, https:\/\/i0.wp.com\/portugalizar.com\/wp-content\/uploads\/2022\/06\/51F398C5-E3F1-466E-BB48-BDC937C46D21-scaled.jpeg?w=1900&amp;ssl=1 1900w\" sizes=\"(max-width: 950px) 100vw, 950px\" \/><figcaption><strong>\"Os Murm\u00farios\", 2020<\/strong><\/figcaption><\/figure>\n\n\n\n<p>Wie diese gefiederten Samen, die von einem sanften Hauch getragen werden. Und sich auf den Weg in eine neue Zukunft machen. So wird unser Leben sowohl von den Kurvenb\u00e4llen geboren als auch von ihnen getragen. Jetzt mische ich Metaphern. Eine Seite wird umgebl\u00e4ttert. Es liegt an uns, das n\u00e4chste Kapitel zu schreiben. <\/p>\n\n\n\n<h2 class=\"wp-block-heading\">Das n\u00e4chste Kapitel schreiben<\/h2>\n\n\n\n<p>Wie alles gute Schreiben hat auch das Schreiben eines guten Lebens einige Regeln. Nicht viele, aber einige. Ich habe einige Regeln durch diese beiden Begegnungen entdeckt. <\/p>\n\n\n\n<p>Von meinen Nachlesern. Die Erinnerungen, die ich vielleicht am liebsten festhalten m\u00f6chte, sind hart erk\u00e4mpft und selten. Und mit vielen, vielen anderen geteilt. Behalte sie, denn sie sind reichhaltig, s\u00fc\u00df, butterweich und k\u00f6stlich. All die anderen Erinnerungen. Die an Schl\u00e4ge und Verletzungen, Schlingen und Pfeile. Vielleicht, so finde ich, sollte man sie im n\u00e4chsten Kapitel aussparen. Sie sind es nicht einmal wert, in das letzte Kapitel aufgenommen zu werden. W\u00e4re ich ein besserer Lektor, dann w\u00e4ren sie nicht da gewesen.<\/p>\n\n\n\n<p>Ich bin Patr\u00edcia und Ant\u00f3nio dankbar, dass sie mich an die Wendungen der Handlung erinnert haben. Diese Kurvenb\u00e4lle. Es ist unglaublich schwer, sie zu fangen und zu \u00fcberarbeiten. Verdammt seien diese gemischten Metaphern! Aber meine Wendungen haben mich nach Portugal gebracht. Und ich bin unglaublich dankbar, dass ich hier mein n\u00e4chstes Kapitel schreibe. Es k\u00f6nnte mein bisher bestes sein. Zumindest werde ich versuchen, es so zu gestalten. Wir werden sehen, wenn wir auf der letzten Seite angekommen sind.<\/p>\n\n\n\n<h2 class=\"wp-block-heading\">Was das \"Leben in den Armen der Freude\" wirklich bedeutet...<\/h2>\n\n\n\n<p>H\u00f6ren Sie sich unten die <a href=\"https:\/\/playbill.com\/article\/cabaret-singer-nancy-lamott-dies-at-43-com-67618\" target=\"_blank\" rel=\"noreferrer noopener\">Nancy Lamont<\/a> wenn Sie es herausfinden m\u00f6chten. Wie Mary Oliver wusste sie es, weil sie es lebte, das hei\u00dft, ihr ganzes Leben in den Armen der Freude. Jeder Augenblick...<\/p>\n\n\n\n<figure class=\"wp-block-embed alignwide is-type-video is-provider-youtube wp-block-embed-youtube wp-embed-aspect-16-9 wp-has-aspect-ratio\"><div class=\"wp-block-embed__wrapper\">\n<iframe title=\"Nancy LaMott - Wir leben auf geliehener Zeit\" width=\"950\" height=\"534\" src=\"https:\/\/www.youtube.com\/embed\/jkRxX1C4Cuc?feature=oembed\" frameborder=\"0\" allow=\"accelerometer; autoplay; clipboard-write; encrypted-media; gyroscope; picture-in-picture\" allowfullscreen><\/iframe>\n<\/div><\/figure>\n\n\n\n<p><em>Obrigado por se juntarem a mim hoje. Aproveitem este primeiro fim-de-semana de Ver\u00e3o. At\u00e9 \u00e0 pr\u00f3xima quinta! <\/em>\/\/ Danke, dass Sie heute bei mir waren. Genie\u00dft dieses erste Sommerwochenende. Wir sehen uns n\u00e4chsten Donnerstag!<\/p>\n\n\n\n<h2 class=\"wp-block-heading\">Besondere Hinweise<\/h2>\n\n\n\n<p>Wie mein heutiges Thema ist auch mein Schneckenbild eine kopierte Idee, nicht mein eigenes Original. Ich habe diese Idee von einem meiner Lieblingsbilder kopiert. <em><a href=\"https:\/\/www.musee-orsay.fr\/en\/artworks\/des-glaneuses-342\" target=\"_blank\" rel=\"noreferrer noopener\">Des glaneuses<\/a><\/em> (Die Sammler) von Jean-Fran\u00e7ois Millet ist im <a href=\"https:\/\/www.musee-orsay.fr\/en\" target=\"_blank\" rel=\"noreferrer noopener\">Musee d'Orsay<\/a> in Paris. Ich besuche <em>d'Orsay<\/em> so oft ich kann. Ich stehe vor dem <em>Des glaneuses<\/em> so lange wie m\u00f6glich. Aber es ist ja nicht so, dass sich dort Menschenmassen um Selfies dr\u00e4ngeln. Ich traf zum ersten Mal <em>Des glaneuses<\/em> in der Highschool in meinem Kunstgeschichtslehrbuch. Damals war ich verzaubert und bin es seitdem immer noch. Jetzt, ein halbes Jahrhundert sp\u00e4ter, beginne ich zu verstehen, warum.<\/p>\n\n\n\n<p>Mein Portr\u00e4t von Patr\u00edcia und Ant\u00f3nio, <em>\"Os colecionadores de alegrias de viver\"<\/em>ist eine Premiere f\u00fcr mich. Mein erstes, bei dem die Personen tats\u00e4chlich wissen, dass ich sie male. Ich hatte sie gefragt, ob ich das darf. Sie luden mich eines Tages freundlicherweise ein. Es war ihre letzte Olivenernte auf dem <em>quinta<\/em>. Ich habe eine Reihe von Fotos von ihnen neben ihren Lieblings <em>oliveira<\/em>. Beim Malen habe ich Folgendes hinzugef\u00fcgt <em>Casa da Av\u00f3 Amelia<\/em> hinter ihnen. Es musste einfach da sein. Eine weitere Premiere: Ich habe ihr Portr\u00e4t auf Leinwand drucken und rahmen lassen. Mein Geschenk zum Dank an sie.<\/p>\n\n\n\n<p>Schlie\u00dflich k\u00f6nnte \"Curveball\" ein spezifisch amerikanischer Begriff sein. Es handelt sich um einen raffinierten Wurf beim Baseball. Er hat einen Abw\u00e4rtsdrall. Dadurch f\u00e4llt der Ball nach unten. Dann dreht er sich zur Seite. Er n\u00e4hert sich dem Schlagmann auf der anderen Seite, von der er geworfen wurde. Der Schlagmann wei\u00df nicht, was er zu erwarten hat.<\/p>","protected":false},"excerpt":{"rendered":"<p>Die Begegnungen mit neuen Menschen hier in Santa Luzia bringen mir neue Lektionen bei. Nicht nur \u00fcber Portugiesisch und portugiesische Br\u00e4uche und Traditionen. Sondern auch \u00fcber mich und \u00fcber das gute Leben. Lesen Sie mehr.<\/p>","protected":false},"author":1,"featured_media":1477,"comment_status":"open","ping_status":"closed","sticky":false,"template":"","format":"standard","meta":{"nf_dc_page":"","om_disable_all_campaigns":false,"_monsterinsights_skip_tracking":false,"_monsterinsights_sitenote_active":false,"_monsterinsights_sitenote_note":"","_monsterinsights_sitenote_category":0,"_themeisle_gutenberg_block_has_review":false,"_jetpack_memberships_contains_paid_content":false,"footnotes":""},"categories":[8,6],"tags":[],"class_list":["post-1441","post","type-post","status-publish","format-standard","has-post-thumbnail","hentry","category-culture-customs","category-people"],"yoast_head":"<!-- This site is optimized with the Yoast SEO plugin v27.4 - https:\/\/yoast.com\/product\/yoast-seo-wordpress\/ -->\n<title>In The Arms of Joy For All My Life - PORTUGALIZAR<\/title>\n<meta name=\"description\" content=\"If at our final end we can say that \u201cI lived in the arms of joy for all my life\u201c, then, only then, will we know that we have had a good life.\" \/>\n<meta name=\"robots\" content=\"index, follow, max-snippet:-1, max-image-preview:large, max-video-preview:-1\" \/>\n<link rel=\"canonical\" href=\"https:\/\/portugalizar.com\/de\/in-the-arms-of-joy\/\" \/>\n<meta property=\"og:locale\" content=\"de_DE\" \/>\n<meta property=\"og:type\" content=\"article\" \/>\n<meta property=\"og:title\" content=\"In The Arms of Joy For All My Life - PORTUGALIZAR\" \/>\n<meta property=\"og:description\" content=\"If at our final end we can say that \u201cI lived in the arms of joy for all my life\u201c, then, only then, will we know that we have had a good life.\" \/>\n<meta property=\"og:url\" content=\"https:\/\/portugalizar.com\/de\/in-the-arms-of-joy\/\" \/>\n<meta property=\"og:site_name\" content=\"PORTUGALIZAR\" \/>\n<meta property=\"article:published_time\" content=\"2022-06-23T04:00:00+00:00\" \/>\n<meta property=\"article:modified_time\" content=\"2022-06-23T09:54:49+00:00\" \/>\n<meta property=\"og:image\" content=\"https:\/\/portugalizar.com\/wp-content\/uploads\/2022\/06\/51F398C5-E3F1-466E-BB48-BDC937C46D21-scaled.jpeg\" \/>\n\t<meta property=\"og:image:width\" content=\"2560\" \/>\n\t<meta property=\"og:image:height\" content=\"2048\" \/>\n\t<meta property=\"og:image:type\" content=\"image\/jpeg\" \/>\n<meta name=\"author\" content=\"Gui\" \/>\n<meta name=\"twitter:card\" content=\"summary_large_image\" \/>\n<meta name=\"twitter:label1\" content=\"Verfasst von\" \/>\n\t<meta name=\"twitter:data1\" content=\"Gui\" \/>\n\t<meta name=\"twitter:label2\" content=\"Gesch\u00e4tzte Lesezeit\" \/>\n\t<meta name=\"twitter:data2\" content=\"9\u00a0Minuten\" \/>\n<script type=\"application\/ld+json\" class=\"yoast-schema-graph\">{\"@context\":\"https:\\\/\\\/schema.org\",\"@graph\":[{\"@type\":\"Article\",\"@id\":\"https:\\\/\\\/portugalizar.com\\\/in-the-arms-of-joy\\\/#article\",\"isPartOf\":{\"@id\":\"https:\\\/\\\/portugalizar.com\\\/in-the-arms-of-joy\\\/\"},\"author\":{\"name\":\"Gui\",\"@id\":\"https:\\\/\\\/portugalizar.com\\\/#\\\/schema\\\/person\\\/1f60af48f39895b897e26d9d92ecf6db\"},\"headline\":\"In The Arms of Joy For All My Life\",\"datePublished\":\"2022-06-23T04:00:00+00:00\",\"dateModified\":\"2022-06-23T09:54:49+00:00\",\"mainEntityOfPage\":{\"@id\":\"https:\\\/\\\/portugalizar.com\\\/in-the-arms-of-joy\\\/\"},\"wordCount\":1778,\"commentCount\":10,\"publisher\":{\"@id\":\"https:\\\/\\\/portugalizar.com\\\/#organization\"},\"image\":{\"@id\":\"https:\\\/\\\/portugalizar.com\\\/in-the-arms-of-joy\\\/#primaryimage\"},\"thumbnailUrl\":\"https:\\\/\\\/i0.wp.com\\\/portugalizar.com\\\/wp-content\\\/uploads\\\/2022\\\/06\\\/51F398C5-E3F1-466E-BB48-BDC937C46D21-scaled.jpeg?fit=2560%2C2048&ssl=1\",\"articleSection\":[\"Culture &amp; Customs\",\"People\"],\"inLanguage\":\"de\",\"potentialAction\":[{\"@type\":\"CommentAction\",\"name\":\"Comment\",\"target\":[\"https:\\\/\\\/portugalizar.com\\\/in-the-arms-of-joy\\\/#respond\"]}]},{\"@type\":\"WebPage\",\"@id\":\"https:\\\/\\\/portugalizar.com\\\/in-the-arms-of-joy\\\/\",\"url\":\"https:\\\/\\\/portugalizar.com\\\/in-the-arms-of-joy\\\/\",\"name\":\"In The Arms of Joy For All My Life - PORTUGALIZAR\",\"isPartOf\":{\"@id\":\"https:\\\/\\\/portugalizar.com\\\/#website\"},\"primaryImageOfPage\":{\"@id\":\"https:\\\/\\\/portugalizar.com\\\/in-the-arms-of-joy\\\/#primaryimage\"},\"image\":{\"@id\":\"https:\\\/\\\/portugalizar.com\\\/in-the-arms-of-joy\\\/#primaryimage\"},\"thumbnailUrl\":\"https:\\\/\\\/i0.wp.com\\\/portugalizar.com\\\/wp-content\\\/uploads\\\/2022\\\/06\\\/51F398C5-E3F1-466E-BB48-BDC937C46D21-scaled.jpeg?fit=2560%2C2048&ssl=1\",\"datePublished\":\"2022-06-23T04:00:00+00:00\",\"dateModified\":\"2022-06-23T09:54:49+00:00\",\"description\":\"If at our final end we can say that \u201cI lived in the arms of joy for all my life\u201c, then, only then, will we know that we have had a good life.\",\"breadcrumb\":{\"@id\":\"https:\\\/\\\/portugalizar.com\\\/in-the-arms-of-joy\\\/#breadcrumb\"},\"inLanguage\":\"de\",\"potentialAction\":[{\"@type\":\"ReadAction\",\"target\":[\"https:\\\/\\\/portugalizar.com\\\/in-the-arms-of-joy\\\/\"]}]},{\"@type\":\"ImageObject\",\"inLanguage\":\"de\",\"@id\":\"https:\\\/\\\/portugalizar.com\\\/in-the-arms-of-joy\\\/#primaryimage\",\"url\":\"https:\\\/\\\/i0.wp.com\\\/portugalizar.com\\\/wp-content\\\/uploads\\\/2022\\\/06\\\/51F398C5-E3F1-466E-BB48-BDC937C46D21-scaled.jpeg?fit=2560%2C2048&ssl=1\",\"contentUrl\":\"https:\\\/\\\/i0.wp.com\\\/portugalizar.com\\\/wp-content\\\/uploads\\\/2022\\\/06\\\/51F398C5-E3F1-466E-BB48-BDC937C46D21-scaled.jpeg?fit=2560%2C2048&ssl=1\",\"width\":2560,\"height\":2048,\"caption\":\"\\\"Os Murm\u00farios\\\", 2020\"},{\"@type\":\"BreadcrumbList\",\"@id\":\"https:\\\/\\\/portugalizar.com\\\/in-the-arms-of-joy\\\/#breadcrumb\",\"itemListElement\":[{\"@type\":\"ListItem\",\"position\":1,\"name\":\"Home\",\"item\":\"https:\\\/\\\/portugalizar.com\\\/\"},{\"@type\":\"ListItem\",\"position\":2,\"name\":\"In The Arms of Joy For All My Life\"}]},{\"@type\":\"WebSite\",\"@id\":\"https:\\\/\\\/portugalizar.com\\\/#website\",\"url\":\"https:\\\/\\\/portugalizar.com\\\/\",\"name\":\"PORTUGALIZAR\",\"description\":\"\",\"publisher\":{\"@id\":\"https:\\\/\\\/portugalizar.com\\\/#organization\"},\"potentialAction\":[{\"@type\":\"SearchAction\",\"target\":{\"@type\":\"EntryPoint\",\"urlTemplate\":\"https:\\\/\\\/portugalizar.com\\\/?s={search_term_string}\"},\"query-input\":{\"@type\":\"PropertyValueSpecification\",\"valueRequired\":true,\"valueName\":\"search_term_string\"}}],\"inLanguage\":\"de\"},{\"@type\":\"Organization\",\"@id\":\"https:\\\/\\\/portugalizar.com\\\/#organization\",\"name\":\"PORTUGALIZAR\",\"url\":\"https:\\\/\\\/portugalizar.com\\\/\",\"logo\":{\"@type\":\"ImageObject\",\"inLanguage\":\"de\",\"@id\":\"https:\\\/\\\/portugalizar.com\\\/#\\\/schema\\\/logo\\\/image\\\/\",\"url\":\"\",\"contentUrl\":\"\",\"caption\":\"PORTUGALIZAR\"},\"image\":{\"@id\":\"https:\\\/\\\/portugalizar.com\\\/#\\\/schema\\\/logo\\\/image\\\/\"}},{\"@type\":\"Person\",\"@id\":\"https:\\\/\\\/portugalizar.com\\\/#\\\/schema\\\/person\\\/1f60af48f39895b897e26d9d92ecf6db\",\"name\":\"Gui\",\"image\":{\"@type\":\"ImageObject\",\"inLanguage\":\"de\",\"@id\":\"https:\\\/\\\/secure.gravatar.com\\\/avatar\\\/0bef00a699e73fc60016c16a6f44683b2a027bb1b48a4b3973732af4cc636712?s=96&d=mm&r=g\",\"url\":\"https:\\\/\\\/secure.gravatar.com\\\/avatar\\\/0bef00a699e73fc60016c16a6f44683b2a027bb1b48a4b3973732af4cc636712?s=96&d=mm&r=g\",\"contentUrl\":\"https:\\\/\\\/secure.gravatar.com\\\/avatar\\\/0bef00a699e73fc60016c16a6f44683b2a027bb1b48a4b3973732af4cc636712?s=96&d=mm&r=g\",\"caption\":\"Gui\"},\"url\":\"https:\\\/\\\/portugalizar.com\\\/de\\\/author\\\/spestheonlyone\\\/\"}]}<\/script>\n<!-- \/ Yoast SEO plugin. -->","yoast_head_json":{"title":"In The Arms of Joy For All My Life - PORTUGALIZAR","description":"If at our final end we can say that \u201cI lived in the arms of joy for all my life\u201c, then, only then, will we know that we have had a good life.","robots":{"index":"index","follow":"follow","max-snippet":"max-snippet:-1","max-image-preview":"max-image-preview:large","max-video-preview":"max-video-preview:-1"},"canonical":"https:\/\/portugalizar.com\/de\/in-the-arms-of-joy\/","og_locale":"de_DE","og_type":"article","og_title":"In The Arms of Joy For All My Life - PORTUGALIZAR","og_description":"If at our final end we can say that \u201cI lived in the arms of joy for all my life\u201c, then, only then, will we know that we have had a good life.","og_url":"https:\/\/portugalizar.com\/de\/in-the-arms-of-joy\/","og_site_name":"PORTUGALIZAR","article_published_time":"2022-06-23T04:00:00+00:00","article_modified_time":"2022-06-23T09:54:49+00:00","og_image":[{"width":2560,"height":2048,"url":"https:\/\/portugalizar.com\/wp-content\/uploads\/2022\/06\/51F398C5-E3F1-466E-BB48-BDC937C46D21-scaled.jpeg","type":"image\/jpeg"}],"author":"Gui","twitter_card":"summary_large_image","twitter_misc":{"Verfasst von":"Gui","Gesch\u00e4tzte Lesezeit":"9\u00a0Minuten"},"schema":{"@context":"https:\/\/schema.org","@graph":[{"@type":"Article","@id":"https:\/\/portugalizar.com\/in-the-arms-of-joy\/#article","isPartOf":{"@id":"https:\/\/portugalizar.com\/in-the-arms-of-joy\/"},"author":{"name":"Gui","@id":"https:\/\/portugalizar.com\/#\/schema\/person\/1f60af48f39895b897e26d9d92ecf6db"},"headline":"In The Arms of Joy For All My Life","datePublished":"2022-06-23T04:00:00+00:00","dateModified":"2022-06-23T09:54:49+00:00","mainEntityOfPage":{"@id":"https:\/\/portugalizar.com\/in-the-arms-of-joy\/"},"wordCount":1778,"commentCount":10,"publisher":{"@id":"https:\/\/portugalizar.com\/#organization"},"image":{"@id":"https:\/\/portugalizar.com\/in-the-arms-of-joy\/#primaryimage"},"thumbnailUrl":"https:\/\/i0.wp.com\/portugalizar.com\/wp-content\/uploads\/2022\/06\/51F398C5-E3F1-466E-BB48-BDC937C46D21-scaled.jpeg?fit=2560%2C2048&ssl=1","articleSection":["Culture &amp; Customs","People"],"inLanguage":"de","potentialAction":[{"@type":"CommentAction","name":"Comment","target":["https:\/\/portugalizar.com\/in-the-arms-of-joy\/#respond"]}]},{"@type":"WebPage","@id":"https:\/\/portugalizar.com\/in-the-arms-of-joy\/","url":"https:\/\/portugalizar.com\/in-the-arms-of-joy\/","name":"In The Arms of Joy For All My Life - PORTUGALIZAR","isPartOf":{"@id":"https:\/\/portugalizar.com\/#website"},"primaryImageOfPage":{"@id":"https:\/\/portugalizar.com\/in-the-arms-of-joy\/#primaryimage"},"image":{"@id":"https:\/\/portugalizar.com\/in-the-arms-of-joy\/#primaryimage"},"thumbnailUrl":"https:\/\/i0.wp.com\/portugalizar.com\/wp-content\/uploads\/2022\/06\/51F398C5-E3F1-466E-BB48-BDC937C46D21-scaled.jpeg?fit=2560%2C2048&ssl=1","datePublished":"2022-06-23T04:00:00+00:00","dateModified":"2022-06-23T09:54:49+00:00","description":"If at our final end we can say that \u201cI lived in the arms of joy for all my life\u201c, then, only then, will we know that we have had a good life.","breadcrumb":{"@id":"https:\/\/portugalizar.com\/in-the-arms-of-joy\/#breadcrumb"},"inLanguage":"de","potentialAction":[{"@type":"ReadAction","target":["https:\/\/portugalizar.com\/in-the-arms-of-joy\/"]}]},{"@type":"ImageObject","inLanguage":"de","@id":"https:\/\/portugalizar.com\/in-the-arms-of-joy\/#primaryimage","url":"https:\/\/i0.wp.com\/portugalizar.com\/wp-content\/uploads\/2022\/06\/51F398C5-E3F1-466E-BB48-BDC937C46D21-scaled.jpeg?fit=2560%2C2048&ssl=1","contentUrl":"https:\/\/i0.wp.com\/portugalizar.com\/wp-content\/uploads\/2022\/06\/51F398C5-E3F1-466E-BB48-BDC937C46D21-scaled.jpeg?fit=2560%2C2048&ssl=1","width":2560,"height":2048,"caption":"\"Os Murm\u00farios\", 2020"},{"@type":"BreadcrumbList","@id":"https:\/\/portugalizar.com\/in-the-arms-of-joy\/#breadcrumb","itemListElement":[{"@type":"ListItem","position":1,"name":"Home","item":"https:\/\/portugalizar.com\/"},{"@type":"ListItem","position":2,"name":"In The Arms of Joy For All My Life"}]},{"@type":"WebSite","@id":"https:\/\/portugalizar.com\/#website","url":"https:\/\/portugalizar.com\/","name":"PORTUGALISCHER","description":"","publisher":{"@id":"https:\/\/portugalizar.com\/#organization"},"potentialAction":[{"@type":"SearchAction","target":{"@type":"EntryPoint","urlTemplate":"https:\/\/portugalizar.com\/?s={search_term_string}"},"query-input":{"@type":"PropertyValueSpecification","valueRequired":true,"valueName":"search_term_string"}}],"inLanguage":"de"},{"@type":"Organization","@id":"https:\/\/portugalizar.com\/#organization","name":"PORTUGALISCHER","url":"https:\/\/portugalizar.com\/","logo":{"@type":"ImageObject","inLanguage":"de","@id":"https:\/\/portugalizar.com\/#\/schema\/logo\/image\/","url":"","contentUrl":"","caption":"PORTUGALIZAR"},"image":{"@id":"https:\/\/portugalizar.com\/#\/schema\/logo\/image\/"}},{"@type":"Person","@id":"https:\/\/portugalizar.com\/#\/schema\/person\/1f60af48f39895b897e26d9d92ecf6db","name":"Gui","image":{"@type":"ImageObject","inLanguage":"de","@id":"https:\/\/secure.gravatar.com\/avatar\/0bef00a699e73fc60016c16a6f44683b2a027bb1b48a4b3973732af4cc636712?s=96&d=mm&r=g","url":"https:\/\/secure.gravatar.com\/avatar\/0bef00a699e73fc60016c16a6f44683b2a027bb1b48a4b3973732af4cc636712?s=96&d=mm&r=g","contentUrl":"https:\/\/secure.gravatar.com\/avatar\/0bef00a699e73fc60016c16a6f44683b2a027bb1b48a4b3973732af4cc636712?s=96&d=mm&r=g","caption":"Gui"},"url":"https:\/\/portugalizar.com\/de\/author\/spestheonlyone\/"}]}},"jetpack_featured_media_url":"https:\/\/i0.wp.com\/portugalizar.com\/wp-content\/uploads\/2022\/06\/51F398C5-E3F1-466E-BB48-BDC937C46D21-scaled.jpeg?fit=2560%2C2048&ssl=1","jetpack-related-posts":[],"jetpack_sharing_enabled":true,"_links":{"self":[{"href":"https:\/\/portugalizar.com\/de\/wp-json\/wp\/v2\/posts\/1441","targetHints":{"allow":["GET"]}}],"collection":[{"href":"https:\/\/portugalizar.com\/de\/wp-json\/wp\/v2\/posts"}],"about":[{"href":"https:\/\/portugalizar.com\/de\/wp-json\/wp\/v2\/types\/post"}],"author":[{"embeddable":true,"href":"https:\/\/portugalizar.com\/de\/wp-json\/wp\/v2\/users\/1"}],"replies":[{"embeddable":true,"href":"https:\/\/portugalizar.com\/de\/wp-json\/wp\/v2\/comments?post=1441"}],"version-history":[{"count":5,"href":"https:\/\/portugalizar.com\/de\/wp-json\/wp\/v2\/posts\/1441\/revisions"}],"predecessor-version":[{"id":1900,"href":"https:\/\/portugalizar.com\/de\/wp-json\/wp\/v2\/posts\/1441\/revisions\/1900"}],"wp:featuredmedia":[{"embeddable":true,"href":"https:\/\/portugalizar.com\/de\/wp-json\/wp\/v2\/media\/1477"}],"wp:attachment":[{"href":"https:\/\/portugalizar.com\/de\/wp-json\/wp\/v2\/media?parent=1441"}],"wp:term":[{"taxonomy":"category","embeddable":true,"href":"https:\/\/portugalizar.com\/de\/wp-json\/wp\/v2\/categories?post=1441"},{"taxonomy":"post_tag","embeddable":true,"href":"https:\/\/portugalizar.com\/de\/wp-json\/wp\/v2\/tags?post=1441"}],"curies":[{"name":"wp","href":"https:\/\/api.w.org\/{rel}","templated":true}]}}