{"id":1293,"date":"2022-06-02T04:00:00","date_gmt":"2022-06-02T04:00:00","guid":{"rendered":"https:\/\/portugalizar.com\/?p=1293"},"modified":"2022-07-13T22:21:27","modified_gmt":"2022-07-13T22:21:27","slug":"weird-and-wild","status":"publish","type":"post","link":"https:\/\/portugalizar.com\/de\/weird-and-wild\/","title":{"rendered":"Seltsam und wild, es muss sein..."},"content":{"rendered":"<p><em>Ol\u00e1 a todos! \u00c9 \u00f3ptimo estar de novo convosco!<\/em> Hallo zusammen! Es ist toll, wieder bei euch zu sein! Der heutige Beitrag befasst sich mit den seltsamen und wilden Dingen hier in Portugal und innerhalb Portugals. Das hei\u00dft, seltsam und wild aus der Perspektive von Auswanderern, <em>os estranhos<\/em>. Englisch kann im Vergleich zu Portugiesisch fade, ja sogar langweilig erscheinen.<\/p>\n\n\n\n<p>Unter <a href=\"https:\/\/portugalizar.com\/de\/help-is-on-the-way\/\" target=\"_blank\" rel=\"noreferrer noopener\">Posten 2<\/a> und <a href=\"https:\/\/portugalizar.com\/de\/quite-a-lot\/\" target=\"_blank\" rel=\"noreferrer noopener\">Beitrag 3<\/a> haben wir uns \u00fcber die portugiesische Sprache der H\u00f6flichkeit unterhalten. Wie wir gesehen haben, wird bei dieser H\u00f6flichkeitssprache das Imperfekt der Vergangenheit verwendet, <em>o pret\u00e9rito imperfeito<\/em>sowie die bedingte Zeitform, <em>o Bedingung<\/em>. Aber wie alle portugiesischen Zeitformen und sogar die Verben selbst erf\u00fcllen sie alle weit mehr als nur eine Aufgabe. Dies gilt insbesondere f\u00fcr das portugiesische past imperfect tense. F\u00fcr Englischsprachige ist das eine seltsame Sache, aber auch ein wilder Ritt der verbalen Zauberei.<\/p>\n\n\n\n<h2 class=\"wp-block-heading\">Es ist seltsam und wild: Portugiesisch macht so viel Arbeit f\u00fcr seine Sprecher<\/h2>\n\n\n\n<p><em>O pret\u00e9rito imperfeito<\/em>erlaubt es, wie wir gesehen haben, anderen, insbesondere Fremden, gegen\u00fcber gn\u00e4dig zu sein. Wir haben bereits viel Zeit auf diesen Aspekt verwendet, also werden wir fortfahren. Sie erm\u00f6glicht auch eine Reihe von anderen Emotionen. \u00dcber die H\u00f6flichkeit hinaus l\u00e4sst sie Hoffnung zu, sie dr\u00fcckt Wehmut aus und ruft Melancholie hervor. Sie vermittelt auch Ironie und einen leichten Sarkasmus. Im Englischen m\u00fcssen der Tonfall und die Manierismen des Sprechers diese Emotionen transportieren. Im Portugiesischen k\u00f6nnen die Worte selbst die emotionale Last tragen.&nbsp;<\/p>\n\n\n\n<p>Da ist zum Beispiel der sanfte Sarkasmus. Nehmen wir an, Sie kennen eine Person, die regelm\u00e4\u00dfig zu sp\u00e4t kommt. Wir alle haben mindestens einen solchen Menschen in unserem Leben. Wie bringen Sie Ihre gutm\u00fctige Frustration mit diesem Familienmitglied oder Freund zum Ausdruck? Auf Englisch kann ich nur so etwas sagen wie: \"Oh, wir sind schon wieder zu sp\u00e4t dran\". Die unbeschwerte Frustration erfordert sowohl stimmliche Dramatik als auch theatralische Gesten. Das ist vergleichsweise viel Aufwand. Sie wollen die Person wissen lassen, dass Sie ihre Versp\u00e4tung nicht zu sch\u00e4tzen wissen. Und dass du sie trotzdem liebst.<\/p>\n\n\n\n<p>Im Portugiesischen ist es einfacher, fast m\u00fchelos. Ein portugiesischer Sprecher braucht nur vom Pr\u00e4sens zum Pr\u00e4teritum zu wechseln. Das streng korrigierende Pr\u00e4sens l\u00e4uft darauf hinaus, <em>Sie m\u00fcssen sich die Zeit vertreiben<\/em> (Sie sollten p\u00fcnktlich sein, weil es sich so geh\u00f6rt). Das s\u00fc\u00df schimpfende vergangene Imperfekt liefert, <em>Sie haben keine Zeit zu verlieren<\/em> (du solltest p\u00fcnktlich sein, aber ich wei\u00df, dass du das noch nicht gelernt hast, mein Schatz). Im Portugiesischen vermitteln die Worte selbst die Emotion, in diesem Fall den sanften Sarkasmus. Die Sprecherin muss sich weder im Ton noch in der Gestik dazu bekennen, kann es aber, wenn sie m\u00f6chte.<\/p>\n\n\n\n<h2 class=\"wp-block-heading\">Wilde Taten, aber nicht so seltsam<\/h2>\n\n\n\n<p>Um auf Portugiesisch Fremden gegen\u00fcber h\u00f6flich zu sein, braucht man das Plusquamperfekt. Um liebevoll sarkastisch zu Bekannten zu sein, braucht man das past imperfect. Die Gegen\u00fcberstellung von H\u00f6flichkeit und Sarkasmus sowie von Fremden und Verwandten erscheint dem Englischsprechenden sicherlich sowohl seltsam als auch wild. Aber erinnern Sie sich an unsere Begegnung mit <em>saudade<\/em> in einem <a href=\"https:\/\/portugalizar.com\/de\/doomed-yet-happy\/\" target=\"_blank\" rel=\"noreferrer noopener\">fr\u00fcherer Beitrag<\/a>. Die Portugiesen k\u00f6nnen gut mit dem Dazwischen umgehen, sei es zwischen Vergangenheit und Zukunft oder zwischen Traurigkeit und Hoffnung. Sie sind ebenso geschickt darin, die Schwierigkeiten des Alltags mit den allt\u00e4glichen Freuden des Lebens in Einklang zu bringen. Letzteres haben wir in <a href=\"https:\/\/portugalizar.com\/de\/that-fantastic-thing\/\" target=\"_blank\" rel=\"noreferrer noopener\">Beitrag von letzter Woche<\/a>.<\/p>\n\n\n\n<p>All dies mag wild erscheinen, aber nicht so seltsam. Einfach portugiesisch, sowohl die Sprache als auch die Menschen. Und die allgemeinere Verwendung des portugiesischen past imperfect ist sogar noch typischer f\u00fcr Portugal. Er erlaubt es dem Sprecher, \u00fcber die Schulter zu schauen und sich mit Wehmut, Traurigkeit und Sehnsucht an die Vergangenheit zu erinnern. Dennoch bleibt der Sprecher die ganze Zeit in der Gegenwart und blickt sogar in die Zukunft. Wie gesagt, alles sehr portugiesisch.<\/p>\n\n\n\n<p>Ich werde die Komplexit\u00e4t der portugiesischen <em>o pret\u00e9rito imperfeito<\/em>. Das hei\u00dft, die Vergangenheit von der Zukunft zu trennen, was, wie ich hoffe, einen gr\u00f6\u00dferen Sinn ergibt. Ich werde verwenden <em>Fado<\/em>Portugals pr\u00e4gende Musiktradition, zu beschreiben. <em>o pret\u00e9rito imperfeito's <\/em>die Vergangenheit zu begreifen. <em>Fado<\/em> ist der musikalische Ausdruck, die Essenz von <em>saudade<\/em>. Und <em>saudade<\/em>besteht, wie wir besprochen haben, aus der portugiesischen Seele. Unpassenderweise dachte ich, ich w\u00fcrde Saga, einen unserer Welpen, dazu benutzen, um mir zu helfen <em>o pret\u00e9rito imperfeito's<\/em> zuk\u00fcnftige Ausrichtung. Also los geht's.<\/p>\n\n\n\n<figure class=\"wp-block-image alignwide size-large\"><img data-recalc-dims=\"1\" fetchpriority=\"high\" decoding=\"async\" width=\"950\" height=\"343\" src=\"https:\/\/i0.wp.com\/portugalizar.com\/wp-content\/uploads\/2022\/06\/Hopes-and-dreams-through-all-the-years%E2%80%A6.jpg?resize=950%2C343&#038;ssl=1\" alt=\"\" class=\"wp-image-1542\" srcset=\"https:\/\/i0.wp.com\/portugalizar.com\/wp-content\/uploads\/2022\/06\/Hopes-and-dreams-through-all-the-years%E2%80%A6-scaled.jpg?resize=1024%2C370&amp;ssl=1 1024w, https:\/\/i0.wp.com\/portugalizar.com\/wp-content\/uploads\/2022\/06\/Hopes-and-dreams-through-all-the-years%E2%80%A6-scaled.jpg?resize=300%2C108&amp;ssl=1 300w, https:\/\/i0.wp.com\/portugalizar.com\/wp-content\/uploads\/2022\/06\/Hopes-and-dreams-through-all-the-years%E2%80%A6-scaled.jpg?resize=768%2C278&amp;ssl=1 768w, https:\/\/i0.wp.com\/portugalizar.com\/wp-content\/uploads\/2022\/06\/Hopes-and-dreams-through-all-the-years%E2%80%A6-scaled.jpg?resize=1536%2C555&amp;ssl=1 1536w, https:\/\/i0.wp.com\/portugalizar.com\/wp-content\/uploads\/2022\/06\/Hopes-and-dreams-through-all-the-years%E2%80%A6-scaled.jpg?resize=2048%2C740&amp;ssl=1 2048w, https:\/\/i0.wp.com\/portugalizar.com\/wp-content\/uploads\/2022\/06\/Hopes-and-dreams-through-all-the-years%E2%80%A6-scaled.jpg?resize=18%2C7&amp;ssl=1 18w, https:\/\/i0.wp.com\/portugalizar.com\/wp-content\/uploads\/2022\/06\/Hopes-and-dreams-through-all-the-years%E2%80%A6-scaled.jpg?resize=2000%2C723&amp;ssl=1 2000w, https:\/\/i0.wp.com\/portugalizar.com\/wp-content\/uploads\/2022\/06\/Hopes-and-dreams-through-all-the-years%E2%80%A6-scaled.jpg?w=1900&amp;ssl=1 1900w\" sizes=\"(max-width: 950px) 100vw, 950px\" \/><figcaption>\"Hoffnungen und Tr\u00e4ume \u00fcber all die Jahre hinweg...\", 2022<\/figcaption><\/figure>\n\n\n\n<h2 class=\"wp-block-heading\">R\u00fcckw\u00e4rtsgewandter Blick<\/h2>\n\n\n\n<p>Die R\u00fcckkehr nach Portugal nach dem letzten Weihnachtsfest. Nachdem ich meinen geliebten Schwiegervater beerdigt hatte. Ich war wieder in der allegorischen Malerei gefangen. Und dieses Mal brachte mich das in Schwierigkeiten mit einem meiner liebsten Freunde. Lange Geschichte. Ich wusste jedoch nicht, wie ich meine Gef\u00fchle anders ausdr\u00fccken sollte. Zuk\u00fcnftige Hoffnungen und vergangene Tr\u00e4ume schwebten \u00fcber ausged\u00f6rrtem Land. In den Erinnerungen entstand eine kleine Oase.<\/p>\n\n\n\n<p><em>O pret\u00e9rito imperfeito<\/em> beschw\u00f6rt die Vergangenheit mit Sehnsucht und Ehrfurcht herauf, d. h. als das, was \"fr\u00fcher einmal war\". Die einzige gute englische \u00dcbersetzung aus dem Portugiesischen f\u00fcr <em>o pret\u00e9rito imperfeito<\/em> stellt \"used to\" vor das Hauptverb. Zum Beispiel, <em>trabalhava na cidade<\/em> hei\u00dft \u00fcbersetzt: \"Ich habe fr\u00fcher in der Stadt gearbeitet\". Im Englischen ist es schwer, die Sehnsucht, die Angst und die Wehmut zu erkennen. Aber sie ist da, wenn man dem \"used to\" aufmerksam zuh\u00f6rt. Im Portugiesischen ist die Sehnsucht nach der Zeit, in der man in der Stadt gearbeitet hat, mit H\u00e4nden zu greifen, pulsierend.<\/p>\n\n\n\n<p>Wenn ein Portugiese emotionslos mitteilt, dass er \"in der Stadt arbeitet\", dann <em>trabalhei na cidade<\/em>. Nur die Fakten, nichts als die Fakten; er verwendet die Vergangenheitsform. Aber Portugiesisch muss mehr tun, als nur Fakten zu vermitteln. Portugiesisch will den Fakten Fleisch verleihen und diesen verflixten Fakten ein Herz geben! <em>O pret\u00e9rito imperfeito<\/em> erledigt diese Aufgabe.<\/p>\n\n\n\n<p><em>O pret\u00e9rito imperfeito<\/em> war meine Sprache w\u00e4hrend der Pandemie. Wie Sie vielleicht auch, lebte ich in einem \"Fr\u00fcher\". Ich sehnte mich nach all den Dingen, die ich glaubte, verloren zu haben, und die ich auch tats\u00e4chlich verloren hatte. Eingeh\u00fcllt in Masken, gesalbt mit Alkoholgel und zwei Meter unter, nein, ich meine weg. Die Vergangenheit schien der einzige Ort zu sein, an den ich gehen konnte. Dort tr\u00e4umte ich von und hoffte auf die Zukunft. Vergangenheit und Zukunft verschmolzen in der surrealen Gegenwart.<\/p>\n\n\n\n<h2 class=\"wp-block-heading\">Wirklichkeit werden<\/h2>\n\n\n\n<p>Im Jahr 2016 mieteten Joseph und ich zusammen mit vielen Freunden und Familienangeh\u00f6rigen ein Haus und reisten in die Toskana. Sechs Monate zuvor hatte ich einen Herzstillstand und starb auf einer belebten Stra\u00dfe in New York City. Ich war auf dem R\u00fcckweg in mein B\u00fcro nach einem Gesch\u00e4ftsessen. Ein Engel, Claire O'Neill, hielt an und \u00fcbernahm mit Hilfe der Herz-Lungen-Wiederbelebung die Arbeit, die mein Herz nicht leisten wollte. Sie arbeitete und arbeitete, bis der Krankenwagen eintraf. Die Sanit\u00e4ter hatten gro\u00dfe M\u00fche, mein Herz wieder in Gang zu bringen. Irgendwann gaben sie auf, das hei\u00dft, bis Claire sie nicht mehr so sanft anstupste.<\/p>\n\n\n\n<figure class=\"wp-block-image alignfull size-large\"><img data-recalc-dims=\"1\" decoding=\"async\" width=\"950\" height=\"222\" src=\"https:\/\/i0.wp.com\/portugalizar.com\/wp-content\/uploads\/2022\/05\/Remember-when....png?resize=950%2C222&#038;ssl=1\" alt=\"\" class=\"wp-image-1508\" srcset=\"https:\/\/i0.wp.com\/portugalizar.com\/wp-content\/uploads\/2022\/05\/Remember-when....png?resize=1024%2C239&amp;ssl=1 1024w, https:\/\/i0.wp.com\/portugalizar.com\/wp-content\/uploads\/2022\/05\/Remember-when....png?resize=300%2C70&amp;ssl=1 300w, https:\/\/i0.wp.com\/portugalizar.com\/wp-content\/uploads\/2022\/05\/Remember-when....png?resize=768%2C179&amp;ssl=1 768w, https:\/\/i0.wp.com\/portugalizar.com\/wp-content\/uploads\/2022\/05\/Remember-when....png?resize=1536%2C358&amp;ssl=1 1536w, https:\/\/i0.wp.com\/portugalizar.com\/wp-content\/uploads\/2022\/05\/Remember-when....png?resize=2048%2C478&amp;ssl=1 2048w, https:\/\/i0.wp.com\/portugalizar.com\/wp-content\/uploads\/2022\/05\/Remember-when....png?resize=18%2C4&amp;ssl=1 18w, https:\/\/i0.wp.com\/portugalizar.com\/wp-content\/uploads\/2022\/05\/Remember-when....png?resize=2000%2C467&amp;ssl=1 2000w, https:\/\/i0.wp.com\/portugalizar.com\/wp-content\/uploads\/2022\/05\/Remember-when....png?w=1900&amp;ssl=1 1900w, https:\/\/i0.wp.com\/portugalizar.com\/wp-content\/uploads\/2022\/05\/Remember-when....png?w=2850&amp;ssl=1 2850w\" sizes=\"(max-width: 950px) 100vw, 950px\" \/><figcaption>\"Wei\u00dft du noch, als...\", 2020<\/figcaption><\/figure>\n\n\n\n<p>An unserem ersten Abend unter der verblassenden Sonne der Toskana traf ich auf Joseph, der allein war und \u00fcber die Landschaft blickte. Ich wei\u00df nicht, ob er wusste, dass ich da war. Aber dieses Bild hat sich in mein Gehirn und in mein Herz eingebrannt. Erst als ich Portugiesisch lernte, fand ich Worte, um es zu verstehen. Hier war die Sehnsucht, die Traurigkeit, die Wehmut, auf die die Erinnerung besteht. Die sie verlangt, ob die Erinnerungen nun gl\u00fccklich sind oder nicht. Die Vergangenheit ist nun vorbei - vorbei - aber immer noch fest und nah gehalten. <em>O pret\u00e9rito imperfeito.<\/em> <\/p>\n\n\n\n<p>Ich stellte mir Joseph vor, wie er auf dieser Terrasse stand, immer noch gepackt von <em>o pret\u00e9rito imperfeito<\/em> von nur sechs Monaten zuvor. Trauernd um all das, was sicher verloren war. Inbr\u00fcnstig hoffend - und w\u00fcnschend - die Zukunft. Festgefahren in der Gegenwart zwischen Ersterem und Letzterem.<\/p>\n\n\n\n<p>Vielleicht genoss Joseph die sanften Farben des Abendhimmels und die Pappelparade. Oder vielleicht h\u00f6rte er einfach, wie der Pool seinen Namen rief. Ich bevorzuge meine anf\u00e4ngliche Vermutung bei seinen Erinnerungen; das ist es, was mir mein Bild von ihm in dieser Szene vier Jahre sp\u00e4ter offenbarte. Wenn ich richtig liege, dann summte Joseph in seinem Kopf und murmelte in seinem Herzen, ohne es zu wissen, die herzzerrei\u00dfende Partitur eines <em>Fado<\/em> Lied. <\/p>\n\n\n\n<h2 class=\"wp-block-heading\">Fado<\/h2>\n\n\n\n<p><em>O pret\u00e9rito imperfeito<\/em> ist die Grammatik von <em>saudade<\/em>. <em>Fado<\/em> ist <em>Saudade's<\/em> Text und Rhythmus. Das erste Mal h\u00f6rte ich ein <em>fadista<\/em>in Lissabon w\u00e4hrend eines f\u00fcr Touristen organisierten Konzerts, dachte ich sofort an <a href=\"https:\/\/en.wikipedia.org\/wiki\/Blues\" target=\"_blank\" rel=\"noreferrer noopener\">Amerikanischer Blues<\/a>. Auch wenn ich die Worte der S\u00e4ngerin nicht verstanden habe, so habe ich doch ihre Gef\u00fchle verstanden. Wie beim Blues ist die <em>fadista<\/em> teilt ihr pers\u00f6nliches Leid in einer rauen Welt. Liebhaber verschwinden. Jobs und Geld verschwinden. Das Gesetz ist brutal ungerecht. Das Leben schrammt an der Gosse entlang.<\/p>\n\n\n\n<p><em>Fado<\/em> erinnert sich lebhaft an die Vergangenheit. Sie versucht zu begreifen, wie die Dinge schief gelaufen sind. Durchdrungen von Schicksal und Resignation, kommt Melancholie auf. Wie der Blues, <em>Fado<\/em> ist die Musik der Unterdr\u00fcckten, derer, die keine gro\u00dfe Wahl haben und denen es an M\u00f6glichkeiten mangelt. Das Erinnern gibt aber auch Kraft und St\u00e4rke f\u00fcr die Gegenwart. Die Erinnerung st\u00e4rkt und festigt die menschliche Seele. Die <em>Fadistas<\/em> Die Stimme ist stark und mutig. In der gef\u00fchlvollen, wehm\u00fctigen Erz\u00e4hlung taucht ein Lied der Hoffnung auf. <\/p>\n\n\n\n<p>Meine fr\u00fcheste Faszination f\u00fcr <em>Fado<\/em> begann mit <a href=\"https:\/\/www.museudofado.pt\/en\/fado\/persolanity\/amaila-rodrigues-en\" target=\"_blank\" rel=\"noreferrer noopener\">Am\u00e1lia <\/a><a href=\"https:\/\/www.museudofado.pt\/fado\/personalidade\/amalia-rodrigues\" target=\"_blank\" rel=\"noreferrer noopener\">Rodrigues<\/a>. Sie ist sicherlich die gr\u00f6\u00dfte <em>fadista<\/em> des zwanzigsten Jahrhunderts. Sie ist 1999 gestorben. Wie bei jeder neuen Erfahrung habe ich jetzt den Wunsch zu malen, um besser zu verstehen. Ich malte die gro\u00dfe <em>eine Senhora<\/em> wie ich mir ihr j\u00fcngeres Ich vorstelle, zwischen den S\u00e4tzen. Sie denkt \u00fcber den letzten Satz nach. <em>Eine Senhora<\/em> erinnert sich an die Fehler, an die schlechten Seiten, an den Moment, als sie ihren Schl\u00fcssel verlor. <\/p>\n\n\n\n<figure class=\"wp-block-image alignwide size-large\"><img data-recalc-dims=\"1\" decoding=\"async\" width=\"671\" height=\"1024\" src=\"https:\/\/i0.wp.com\/portugalizar.com\/wp-content\/uploads\/2022\/05\/A9A56C14-D709-4214-A5C2-E121D5232390-671x1024.jpeg?resize=671%2C1024&#038;ssl=1\" alt=\"\" class=\"wp-image-1528\" srcset=\"https:\/\/i0.wp.com\/portugalizar.com\/wp-content\/uploads\/2022\/05\/A9A56C14-D709-4214-A5C2-E121D5232390.jpeg?resize=671%2C1024&amp;ssl=1 671w, https:\/\/i0.wp.com\/portugalizar.com\/wp-content\/uploads\/2022\/05\/A9A56C14-D709-4214-A5C2-E121D5232390.jpeg?resize=197%2C300&amp;ssl=1 197w, https:\/\/i0.wp.com\/portugalizar.com\/wp-content\/uploads\/2022\/05\/A9A56C14-D709-4214-A5C2-E121D5232390.jpeg?resize=768%2C1171&amp;ssl=1 768w, https:\/\/i0.wp.com\/portugalizar.com\/wp-content\/uploads\/2022\/05\/A9A56C14-D709-4214-A5C2-E121D5232390.jpeg?resize=1007%2C1536&amp;ssl=1 1007w, https:\/\/i0.wp.com\/portugalizar.com\/wp-content\/uploads\/2022\/05\/A9A56C14-D709-4214-A5C2-E121D5232390.jpeg?resize=8%2C12&amp;ssl=1 8w, https:\/\/i0.wp.com\/portugalizar.com\/wp-content\/uploads\/2022\/05\/A9A56C14-D709-4214-A5C2-E121D5232390.jpeg?w=1093&amp;ssl=1 1093w\" sizes=\"(max-width: 671px) 100vw, 671px\" \/><figcaption>\"Eu cantava de novo\", 2020<\/figcaption><\/figure>\n\n\n\n<p>Doch mit diesen Erinnerungen steift sie sich f\u00fcr den n\u00e4chsten Satz ab. Sie hat Kraft und Entschlossenheit gefunden. Unter <em>o pret\u00e9rito imperfeito<\/em> sie \"wird wieder singen\" \/\/ <em>cantava de novo<\/em>. Ja, mit <em>o pret\u00e9rito imperfeito<\/em>Wenn man in der Vergangenheit verweilt und sich an sie erinnert, kann man durch Hoffnung in die Zukunft blicken. <em>Kanta de novo<\/em> bedeutet im wahrsten Sinne des Wortes: \"Ich habe fr\u00fcher gesungen, ich singe jetzt und ich werde immer weiter singen\".<\/p>\n\n\n\n<h2 class=\"wp-block-heading\">Nicht statisch, ein wenig seltsam und auf jeden Fall wild<\/h2>\n\n\n\n<p>Im Portugiesischen ist nichts unflexibel oder absolut, insbesondere nicht <em>o pret\u00e9rito imperfeito<\/em>. Diese portugiesische Zeitform erlaubt, ja ermutigt sogar zu einem wehm\u00fctigen Blick \u00fcber die Schulter in die Vergangenheit, der unbestreitbar mit melancholischer Sehnsucht gespickt ist. Aber <em>o pret\u00e9rito imperfeito<\/em> verk\u00f6rpert auch Hoffnung und Sehnsucht. Sie besteht auf einem Blick weg von der Vergangenheit durch die Gegenwart in die Zukunft. Die Sehnsucht nach der Vergangenheit schafft, zumindest im Portugiesischen, zukunftsorientierte Hoffnung und Sehnsucht. Das mag ein wenig seltsam sein, und es ist definitiv wild.<\/p>\n\n\n\n<p>Apropos wild, ich muss Ihnen von einem unserer Welpen erz\u00e4hlen! Wir haben zwei gerettete <a href=\"https:\/\/www.akc.org\/dog-breeds\/sealyham-terrier\/\" target=\"_blank\" rel=\"noreferrer noopener\">Sealyham Terrier<\/a>Tucker und Saga. Ich m\u00f6chte Ihnen hier die Geschichte von Saga erz\u00e4hlen. Zu einem sp\u00e4teren Zeitpunkt werde ich die von Tucker erz\u00e4hlen. Heute, am 2. Juni, ist der Geburtstag von Saga. Sie ist 10 Jahre alt. Sie kam zu uns, als sie 4 Jahre alt war.<\/p>\n\n\n\n<p>Sealyham Terrier sind eine landwirtschaftliche Arbeitsrasse. Unsere beiden scheinen mir noch sehr nahe an ihren urspr\u00fcnglichen Instinkten zu sein. Wie alle Hunde sind sie liebenswert, intelligent und unglaublich sensibel, das hei\u00dft, gro\u00dfartige Begleiter. Allerdings sind Sealys, was wir <em>Aficionados<\/em> Rufen Sie sie an, beobachten Sie sorgf\u00e4ltig und kontrollieren Sie pflichtbewusst Besucher, insbesondere kleine Kinder. Und andere Hunde, Katzen, Ratten und alle anderen kleinen pelzigen Kreaturen k\u00f6nnen Sie getrost vergessen.<\/p>\n\n\n\n<p>Saga stammt aus einem unglaublichen Sealyham-Stamm, dem Adel der Sealyhams. Sie wurde als Ausstellungshund gez\u00fcchtet und wurde tats\u00e4chlich ein gro\u00dfer Champion. Sie wurde Best in Show oder Best of Breed in Finnland, Schweden und Norwegen, und sie wurde auch Gesamtskandinavischer Champion. Und wie es sich f\u00fcr einen edlen Sealy geh\u00f6rt, sind ihre Instinkte k\u00e4mpferische Dominanz und aufbrausende Unabh\u00e4ngigkeit.<\/p>\n\n\n\n<h2 class=\"wp-block-heading\">Meine Welt, meine Bedingungen<\/h2>\n\n\n\n<p>Als Saga dreieinhalb Jahre alt wurde, war es an der Zeit, dass sie ihr K\u00f6nnen auch au\u00dferhalb des Ausstellungsrings und im Zuchtstall unter Beweis stellte. Wir waren in der Warteschlange f\u00fcr einen der ersten Welpen von Saga. Gl\u00fccklicherweise oder ungl\u00fccklicherweise verlief die Verpaarung nicht so, wie man es erwartet hatte, au\u00dfer vielleicht aus Sagas Sicht. Saga entsprach ihren Rassestandards, wenn sie mit einem geeigneten Championpartner zusammengebracht wurde. Als er jedoch einen romantischen Ann\u00e4herungsversuch unternahm, wandte sich Saga zu seiner \u00dcberraschung mit einer unvergleichlichen Wut gegen ihn, die sowohl Blut als auch eine traumatische Verletzung des Egos zur Folge hatte. <\/p>\n\n\n\n<p>In einem anderen Spiel kam es zum gleichen Ergebnis. Saga wollte sich einfach keinem anderen Hund unterordnen. Als ich den Z\u00fcchter wegen unseres versprochenen Welpen kontaktierte, sollte Saga wegen ihres Verhaltens eingeschl\u00e4fert werden. Das Angreifen von anderen Hunden - insbesondere von Champion-R\u00fcden - war selbst im superliberalen Europa nicht akzeptabel. Ich pl\u00e4dierte daf\u00fcr, sie zu adoptieren, da wir einen \u00e4lteren Rettungshund wollten; wir w\u00fcrden sie niemals z\u00fcchten.<\/p>\n\n\n\n<p>Bei uns zu Hause ist Saga die lebende, atmende, springende Energie und der Funke. Sie ist immer in Bewegung, ihr Schwanz wedelt immer. Ihre Neugierde kennt keine Furcht und scheint sich manchmal auch nicht an den gesunden Menschenverstand zu halten. Sie folgt uns \u00fcberall hin in der Erwartung einer unbekannten, noch unentdeckten Aufregung. <\/p>\n\n\n\n<p>Auch sie ist ein B\u00fcndel Liebe, aber sie entscheidet, wie sie diese Liebe verteilt. Saga ist kein Hund, den man in den Arm nehmen und knuddeln kann. Oh, sie wird kuscheln, ja, sie steht total darauf. Aber nur, wenn sie den Vorsto\u00df macht und nur, wenn sie auch entscheidet, wie es abl\u00e4uft. Die Welt geh\u00f6rt ihr, zu ihren Bedingungen. Aber sie <em>Lebensfreude<\/em> ist absolut ansteckend und ansteckend.<\/p>\n\n\n\n<h2 class=\"wp-block-heading\">Wilder Blick nach vorn<\/h2>\n\n\n\n<p>Au\u00dferhalb des Hauses, auf einem Spaziergang, ist Saga buchst\u00e4blich, \u00fcbernat\u00fcrlich und f\u00fcr immer auf der Jagd. Die ganze Welt geh\u00f6rt ihr, um sie zu b\u00e4ndigen und zu z\u00e4hmen. Sie pirscht sich mit Entschlossenheit und Hartn\u00e4ckigkeit an sie heran. Jedes Gramm von ihr, jede Faser, jede Sehne und jede Zelle feuert mit 200% Kapazit\u00e4t. Wieder zu Hause angekommen, bricht Saga vor lauter Ersch\u00f6pfung zusammen. Tucker, der denselben Spaziergang hinter sich hat, kehrt kaum keuchend nach Hause zur\u00fcck.&nbsp;<\/p>\n\n\n\n<p>In meiner Vorstellung ist Saga der Urvater, der archetypische Hund. Sie verk\u00f6rpert die Wildheit, die Neugier und die grimmige Unabh\u00e4ngigkeit ihrer grauen Wolfsvorfahren, mildert diese jedoch durch Hingabe und Freude an menschlicher Gesellschaft und Liebe. Ihre Wildheit ist offensichtlich und kann nicht r\u00fcckg\u00e4ngig gemacht werden.<\/p>\n\n\n\n<figure class=\"wp-block-image alignwide size-large\"><img data-recalc-dims=\"1\" loading=\"lazy\" decoding=\"async\" width=\"768\" height=\"1024\" src=\"https:\/\/i0.wp.com\/portugalizar.com\/wp-content\/uploads\/2022\/05\/Fazia-Selvagem-Novamente.png?resize=768%2C1024&#038;ssl=1\" alt=\"\" class=\"wp-image-1507\" srcset=\"https:\/\/i0.wp.com\/portugalizar.com\/wp-content\/uploads\/2022\/05\/Fazia-Selvagem-Novamente.png?resize=768%2C1024&amp;ssl=1 768w, https:\/\/i0.wp.com\/portugalizar.com\/wp-content\/uploads\/2022\/05\/Fazia-Selvagem-Novamente.png?resize=225%2C300&amp;ssl=1 225w, https:\/\/i0.wp.com\/portugalizar.com\/wp-content\/uploads\/2022\/05\/Fazia-Selvagem-Novamente.png?resize=1152%2C1536&amp;ssl=1 1152w, https:\/\/i0.wp.com\/portugalizar.com\/wp-content\/uploads\/2022\/05\/Fazia-Selvagem-Novamente.png?resize=1536%2C2048&amp;ssl=1 1536w, https:\/\/i0.wp.com\/portugalizar.com\/wp-content\/uploads\/2022\/05\/Fazia-Selvagem-Novamente.png?resize=9%2C12&amp;ssl=1 9w, https:\/\/i0.wp.com\/portugalizar.com\/wp-content\/uploads\/2022\/05\/Fazia-Selvagem-Novamente.png?w=1900&amp;ssl=1 1900w, https:\/\/i0.wp.com\/portugalizar.com\/wp-content\/uploads\/2022\/05\/Fazia-Selvagem-Novamente.png?w=2850&amp;ssl=1 2850w\" sizes=\"(max-width: 768px) 100vw, 768px\" \/><figcaption>\"Fazia Selvagem Novamente\", 2021<\/figcaption><\/figure>\n\n\n\n<p>Vor meinem geistigen Auge stelle ich mir vor, dass Saga eines Tages wieder zu ihrem Rudel grauer W\u00f6lfe sto\u00dfen wird. Sie wird ihr legend\u00e4res, heldenhaftes Alphatier werden. Saga war einst wild, sie ist jetzt wild, und sie wird wieder wild sein. Saga verk\u00f6rpert <em>o pret\u00e9rito imperfeito's<\/em> Begeisterung und wilde Erwartungen an die Zukunft.<\/p>\n\n\n\n<h2 class=\"wp-block-heading\"> Seltsam und wild zusammenhalten<\/h2>\n\n\n\n<p>Zweieinhalb Jahre nach Beginn dieser Pandemie habe ich den Eindruck, dass es im Leben oft darum geht, Gegens\u00e4tze zusammenzuhalten und in Spannung zueinander zu stehen. Ich habe begonnen, das mit Toleranz und pers\u00f6nlicher \u00dcberzeugung zu lernen, als ich an der <a href=\"https:\/\/portugalizar.com\/de\/whispers-secrets-lies-and-murmurings\/\" target=\"_blank\" rel=\"noreferrer noopener\">Beitrag<\/a> \u00fcber unsere Reise nach Sevilla. Das Gleiche gilt f\u00fcr unsere kollektiven und pers\u00f6nlichen Erinnerungen an die Vergangenheit und unsere ebenfalls kollektiven und pers\u00f6nlichen Hoffnungen f\u00fcr die Zukunft. Unsere Erinnerungen an die Vergangenheit m\u00fcssen mit unserer Hoffnung auf die Zukunft verbunden und in Spannung gehalten werden.<\/p>\n\n\n\n<p>Was zum Teufel bedeutet das? Ich erw\u00e4hnte in <a href=\"https:\/\/portugalizar.com\/de\/great-memory-but-better-amnesia-islam-and-christianity-in-portugal\/\" target=\"_blank\" rel=\"noreferrer noopener\">weiterer Beitrag<\/a> dass unsere Vergangenheit aus Teilerinnerungen zusammengesetzt sein kann. Unser fr\u00fcheres Leben ist vielleicht nicht das, woran wir uns erinnern; es kann so gut sein oder auch nicht, wie wir es in Erinnerung haben. Das kann gef\u00e4hrlich sein. Die Rechtsextremen und die Ultranationalisten lehren uns die Gefahren von gef\u00e4lschten Erinnerungen an die Vergangenheit. Sie sind die Experten f\u00fcr diese selbsts\u00fcchtigen Halbwahrheiten<\/p>\n\n\n\n<p>Das, woran wir uns erinnern, formt jedoch unsere Zukunft, das hei\u00dft, es dient als Grundlage, auf der wir die Zukunft aufbauen. <em>O pret\u00e9rito imperfeito<\/em> lehrt uns das. Die Vergangenheit flie\u00dft durch die Gegenwart in die Zukunft. <em>Fado's<\/em> Die Klage \u00fcber das vergangene Elend, das Erinnern, gibt Kraft und Entschlossenheit, die Gegenwart zu ertragen und eine andere Zukunft aufzubauen. Sagas gegenw\u00e4rtige Energie und wilde Unabh\u00e4ngigkeit, die sie aus der DNA ihrer Vorfahren bezieht, werden es ihr erm\u00f6glichen, wieder wild zu sein. <em>fazia selvagem novamente<\/em>.<\/p>\n\n\n\n<p>Wir m\u00fcssen brutal ehrlich und wahrheitsgetreu mit unserer Vergangenheit umgehen, der kollektiven und der pers\u00f6nlichen. Wir k\u00f6nnen die Zukunft, die wir alle verdienen, nicht ohne die Kraft und das Durchhalteverm\u00f6gen erreichen, die uns unsere wahre Vergangenheit in der Gegenwart gibt. Diese Zukunft ist gerecht, fair und ausgewogen. Unsere Vergangenheit muss uns dorthin f\u00fchren.<\/p>\n\n\n\n<figure class=\"wp-block-image alignwide size-large\"><img data-recalc-dims=\"1\" loading=\"lazy\" decoding=\"async\" width=\"768\" height=\"1024\" src=\"https:\/\/i0.wp.com\/portugalizar.com\/wp-content\/uploads\/2022\/06\/Reflections-of-the-way-life-used-to-be%E2%80%A6.jpg?resize=768%2C1024&#038;ssl=1\" alt=\"\" class=\"wp-image-1473\" srcset=\"https:\/\/i0.wp.com\/portugalizar.com\/wp-content\/uploads\/2022\/06\/Reflections-of-the-way-life-used-to-be%E2%80%A6-scaled.jpg?resize=768%2C1024&amp;ssl=1 768w, https:\/\/i0.wp.com\/portugalizar.com\/wp-content\/uploads\/2022\/06\/Reflections-of-the-way-life-used-to-be%E2%80%A6-scaled.jpg?resize=225%2C300&amp;ssl=1 225w, https:\/\/i0.wp.com\/portugalizar.com\/wp-content\/uploads\/2022\/06\/Reflections-of-the-way-life-used-to-be%E2%80%A6-scaled.jpg?resize=1152%2C1536&amp;ssl=1 1152w, https:\/\/i0.wp.com\/portugalizar.com\/wp-content\/uploads\/2022\/06\/Reflections-of-the-way-life-used-to-be%E2%80%A6-scaled.jpg?w=1920&amp;ssl=1 1920w\" sizes=\"(max-width: 768px) 100vw, 768px\" \/><figcaption>\"Reflexionen \u00fcber das Leben, wie es fr\u00fcher war...\", 2022<\/figcaption><\/figure>\n\n\n\n<h2 class=\"wp-block-heading\">Reflexionen \u00fcber das fr\u00fchere Leben...<\/h2>\n\n\n\n<p>Irgendwann im Jahr 2021, zwischen unserer zweiten Impfung und vor Delta, gab es eine Zeitspanne, in der die Dinge fast \"normal\" erschienen. Das Unheimliche und Wilde schien hinter uns zu liegen. Der immerw\u00e4hrende blaue Himmel war aus seiner kleinen Winterpause zur\u00fcckgekehrt. Die Tage wurden l\u00e4nger. Die Temperaturen wurden noch w\u00e4rmer. Joseph und ich wagten uns von den unbefestigten Wegen auf die Stra\u00dfen der Stadt. In den Stra\u00dfencaf\u00e9s lockten uns Kaffee und ein Dessert. Wir genossen unser Mittagessen an unseren Lieblingspl\u00e4tzen entlang der <em>Ria<\/em> <em>Formosa<\/em> und die <em>Rio Gil\u00e3o<\/em>.<\/p>\n\n\n\n<p>Die Vergangenheit war jedoch weiterhin allgegenw\u00e4rtig. W\u00e4hrend dieses \"irgendwann im Jahr 2021\" machte ich ein Foto von einem Geb\u00e4ude in Tavira, das ich eines Tages malen wollte. Eine alte Sch\u00f6nheit mit wei\u00dfem Stuck, abgenutzten Kalksteindetails, gro\u00dfartiger Symmetrie, roten Akzenten und einem riesigen \"Fenster\" zum Himmel dahinter.<\/p>\n\n\n\n<p>Anfang dieses Jahres bl\u00e4tterte ich durch Fotos auf der Suche nach einem Motiv zum Malen. Ich sah mir das Bild dieser alten Sch\u00f6nheit an. Zum ersten Mal fiel mir Joseph auf, der sich im Fenster unten rechts spiegelte. Er war gerade aus dem alten Marktgeb\u00e4ude auf den Platz auf der anderen Stra\u00dfenseite getreten. Er war maskiert und trocknete sich die H\u00e4nde an der Luft mit Alkoholgel. Der Tag war perfekt, und die Vergangenheit war noch bei uns.<\/p>\n\n\n\n<p>Ich kann nicht vor meiner Vergangenheit davonlaufen; das k\u00f6nnen wir nicht. Und wir sollten es auch nicht wollen. Wir sollten uns ihnen ehrlich und aufrichtig stellen. Dann k\u00f6nnen uns unsere Vergangenheit(en) die Kraft und die Ausdauer geben, um die Zukunft aufzubauen, die wir verdienen. Sie wissen schon, die Zukunft mit sozialer, wirtschaftlicher und \u00f6kologischer Gerechtigkeit. Dies geschieht nur mit <em>o pret\u00e9rito imperfeito<\/em>Das hei\u00dft, wenn die Wahrheit nahtlos durch meine Vergangenheit in meine Gegenwart und weiter in meine Zukunft flie\u00dft. Was meinen Sie dazu?<\/p>\n\n\n\n<p><em>At\u00e9 \u00e0 pr\u00f3xima quinta. Abra\u00e7o.<\/em> \/\/ Wir sehen uns n\u00e4chsten Donnerstag. Zum Wohl.<\/p>","protected":false},"excerpt":{"rendered":"<p>Die portugiesische Sprache hat eine Fl\u00fcssigkeit und eine Ausdruckskraft, die f\u00fcr Englischsprachige und auch f\u00fcr andere seltsam und wild erscheinen mag. Dieses \"seltsam und wild\" hat es mir jedoch erm\u00f6glicht, die Welt mit etwas mehr Klarheit zu sehen. Das hei\u00dft, wie ich die Verbindung zwischen meiner Vergangenheit und meiner Zukunft verstehe. Lesen Sie mehr...<\/p>","protected":false},"author":1,"featured_media":1465,"comment_status":"open","ping_status":"closed","sticky":false,"template":"","format":"standard","meta":{"nf_dc_page":"","om_disable_all_campaigns":false,"_monsterinsights_skip_tracking":false,"_monsterinsights_sitenote_active":false,"_monsterinsights_sitenote_note":"","_monsterinsights_sitenote_category":0,"_themeisle_gutenberg_block_has_review":false,"_jetpack_memberships_contains_paid_content":false,"footnotes":""},"categories":[8,7],"tags":[],"class_list":["post-1293","post","type-post","status-publish","format-standard","has-post-thumbnail","hentry","category-culture-customs","category-language"],"yoast_head":"<!-- This site is optimized with the Yoast SEO plugin v27.4 - https:\/\/yoast.com\/product\/yoast-seo-wordpress\/ -->\n<title>Weird and Wild, It\u2019s Got To Be... - PORTUGALIZAR<\/title>\n<meta name=\"description\" content=\"It easy to understand why Portuguese may seem weird, even wild, to a non-native. Verb tenses can express complex, contradictory emotions.\" \/>\n<meta name=\"robots\" content=\"index, follow, max-snippet:-1, max-image-preview:large, max-video-preview:-1\" \/>\n<link rel=\"canonical\" href=\"https:\/\/portugalizar.com\/de\/weird-and-wild\/\" \/>\n<meta property=\"og:locale\" content=\"de_DE\" \/>\n<meta property=\"og:type\" content=\"article\" \/>\n<meta property=\"og:title\" content=\"Weird and Wild, It\u2019s Got To Be... - PORTUGALIZAR\" \/>\n<meta property=\"og:description\" content=\"It easy to understand why Portuguese may seem weird, even wild, to a non-native. Verb tenses can express complex, contradictory emotions.\" \/>\n<meta property=\"og:url\" content=\"https:\/\/portugalizar.com\/de\/weird-and-wild\/\" \/>\n<meta property=\"og:site_name\" content=\"PORTUGALIZAR\" \/>\n<meta property=\"article:published_time\" content=\"2022-06-02T04:00:00+00:00\" \/>\n<meta property=\"article:modified_time\" content=\"2022-07-13T22:21:27+00:00\" \/>\n<meta property=\"og:image\" content=\"https:\/\/portugalizar.com\/wp-content\/uploads\/2022\/06\/5F62EBB4-9F0D-4189-8059-CA14E6DB4409.jpeg\" \/>\n\t<meta property=\"og:image:width\" content=\"1891\" \/>\n\t<meta property=\"og:image:height\" content=\"576\" \/>\n\t<meta property=\"og:image:type\" content=\"image\/jpeg\" \/>\n<meta name=\"author\" content=\"Gui\" \/>\n<meta name=\"twitter:card\" content=\"summary_large_image\" \/>\n<meta name=\"twitter:label1\" content=\"Verfasst von\" \/>\n\t<meta name=\"twitter:data1\" content=\"Gui\" \/>\n\t<meta name=\"twitter:label2\" content=\"Gesch\u00e4tzte Lesezeit\" \/>\n\t<meta name=\"twitter:data2\" content=\"14\u00a0Minuten\" \/>\n<script type=\"application\/ld+json\" class=\"yoast-schema-graph\">{\"@context\":\"https:\\\/\\\/schema.org\",\"@graph\":[{\"@type\":\"Article\",\"@id\":\"https:\\\/\\\/portugalizar.com\\\/weird-and-wild\\\/#article\",\"isPartOf\":{\"@id\":\"https:\\\/\\\/portugalizar.com\\\/weird-and-wild\\\/\"},\"author\":{\"name\":\"Gui\",\"@id\":\"https:\\\/\\\/portugalizar.com\\\/#\\\/schema\\\/person\\\/1f60af48f39895b897e26d9d92ecf6db\"},\"headline\":\"Weird and Wild, It\u2019s Got To Be&#8230;\",\"datePublished\":\"2022-06-02T04:00:00+00:00\",\"dateModified\":\"2022-07-13T22:21:27+00:00\",\"mainEntityOfPage\":{\"@id\":\"https:\\\/\\\/portugalizar.com\\\/weird-and-wild\\\/\"},\"wordCount\":2985,\"commentCount\":10,\"publisher\":{\"@id\":\"https:\\\/\\\/portugalizar.com\\\/#organization\"},\"image\":{\"@id\":\"https:\\\/\\\/portugalizar.com\\\/weird-and-wild\\\/#primaryimage\"},\"thumbnailUrl\":\"https:\\\/\\\/i0.wp.com\\\/portugalizar.com\\\/wp-content\\\/uploads\\\/2022\\\/06\\\/5F62EBB4-9F0D-4189-8059-CA14E6DB4409.jpeg?fit=1891%2C576&ssl=1\",\"articleSection\":[\"Culture &amp; Customs\",\"Language\"],\"inLanguage\":\"de\",\"potentialAction\":[{\"@type\":\"CommentAction\",\"name\":\"Comment\",\"target\":[\"https:\\\/\\\/portugalizar.com\\\/weird-and-wild\\\/#respond\"]}]},{\"@type\":\"WebPage\",\"@id\":\"https:\\\/\\\/portugalizar.com\\\/weird-and-wild\\\/\",\"url\":\"https:\\\/\\\/portugalizar.com\\\/weird-and-wild\\\/\",\"name\":\"Weird and Wild, It\u2019s Got To Be... - PORTUGALIZAR\",\"isPartOf\":{\"@id\":\"https:\\\/\\\/portugalizar.com\\\/#website\"},\"primaryImageOfPage\":{\"@id\":\"https:\\\/\\\/portugalizar.com\\\/weird-and-wild\\\/#primaryimage\"},\"image\":{\"@id\":\"https:\\\/\\\/portugalizar.com\\\/weird-and-wild\\\/#primaryimage\"},\"thumbnailUrl\":\"https:\\\/\\\/i0.wp.com\\\/portugalizar.com\\\/wp-content\\\/uploads\\\/2022\\\/06\\\/5F62EBB4-9F0D-4189-8059-CA14E6DB4409.jpeg?fit=1891%2C576&ssl=1\",\"datePublished\":\"2022-06-02T04:00:00+00:00\",\"dateModified\":\"2022-07-13T22:21:27+00:00\",\"description\":\"It easy to understand why Portuguese may seem weird, even wild, to a non-native. Verb tenses can express complex, contradictory emotions.\",\"breadcrumb\":{\"@id\":\"https:\\\/\\\/portugalizar.com\\\/weird-and-wild\\\/#breadcrumb\"},\"inLanguage\":\"de\",\"potentialAction\":[{\"@type\":\"ReadAction\",\"target\":[\"https:\\\/\\\/portugalizar.com\\\/weird-and-wild\\\/\"]}]},{\"@type\":\"ImageObject\",\"inLanguage\":\"de\",\"@id\":\"https:\\\/\\\/portugalizar.com\\\/weird-and-wild\\\/#primaryimage\",\"url\":\"https:\\\/\\\/i0.wp.com\\\/portugalizar.com\\\/wp-content\\\/uploads\\\/2022\\\/06\\\/5F62EBB4-9F0D-4189-8059-CA14E6DB4409.jpeg?fit=1891%2C576&ssl=1\",\"contentUrl\":\"https:\\\/\\\/i0.wp.com\\\/portugalizar.com\\\/wp-content\\\/uploads\\\/2022\\\/06\\\/5F62EBB4-9F0D-4189-8059-CA14E6DB4409.jpeg?fit=1891%2C576&ssl=1\",\"width\":1891,\"height\":576},{\"@type\":\"BreadcrumbList\",\"@id\":\"https:\\\/\\\/portugalizar.com\\\/weird-and-wild\\\/#breadcrumb\",\"itemListElement\":[{\"@type\":\"ListItem\",\"position\":1,\"name\":\"Home\",\"item\":\"https:\\\/\\\/portugalizar.com\\\/\"},{\"@type\":\"ListItem\",\"position\":2,\"name\":\"Weird and Wild, It\u2019s Got To Be&#8230;\"}]},{\"@type\":\"WebSite\",\"@id\":\"https:\\\/\\\/portugalizar.com\\\/#website\",\"url\":\"https:\\\/\\\/portugalizar.com\\\/\",\"name\":\"PORTUGALIZAR\",\"description\":\"\",\"publisher\":{\"@id\":\"https:\\\/\\\/portugalizar.com\\\/#organization\"},\"potentialAction\":[{\"@type\":\"SearchAction\",\"target\":{\"@type\":\"EntryPoint\",\"urlTemplate\":\"https:\\\/\\\/portugalizar.com\\\/?s={search_term_string}\"},\"query-input\":{\"@type\":\"PropertyValueSpecification\",\"valueRequired\":true,\"valueName\":\"search_term_string\"}}],\"inLanguage\":\"de\"},{\"@type\":\"Organization\",\"@id\":\"https:\\\/\\\/portugalizar.com\\\/#organization\",\"name\":\"PORTUGALIZAR\",\"url\":\"https:\\\/\\\/portugalizar.com\\\/\",\"logo\":{\"@type\":\"ImageObject\",\"inLanguage\":\"de\",\"@id\":\"https:\\\/\\\/portugalizar.com\\\/#\\\/schema\\\/logo\\\/image\\\/\",\"url\":\"\",\"contentUrl\":\"\",\"caption\":\"PORTUGALIZAR\"},\"image\":{\"@id\":\"https:\\\/\\\/portugalizar.com\\\/#\\\/schema\\\/logo\\\/image\\\/\"}},{\"@type\":\"Person\",\"@id\":\"https:\\\/\\\/portugalizar.com\\\/#\\\/schema\\\/person\\\/1f60af48f39895b897e26d9d92ecf6db\",\"name\":\"Gui\",\"image\":{\"@type\":\"ImageObject\",\"inLanguage\":\"de\",\"@id\":\"https:\\\/\\\/secure.gravatar.com\\\/avatar\\\/0bef00a699e73fc60016c16a6f44683b2a027bb1b48a4b3973732af4cc636712?s=96&d=mm&r=g\",\"url\":\"https:\\\/\\\/secure.gravatar.com\\\/avatar\\\/0bef00a699e73fc60016c16a6f44683b2a027bb1b48a4b3973732af4cc636712?s=96&d=mm&r=g\",\"contentUrl\":\"https:\\\/\\\/secure.gravatar.com\\\/avatar\\\/0bef00a699e73fc60016c16a6f44683b2a027bb1b48a4b3973732af4cc636712?s=96&d=mm&r=g\",\"caption\":\"Gui\"},\"url\":\"https:\\\/\\\/portugalizar.com\\\/de\\\/author\\\/spestheonlyone\\\/\"}]}<\/script>\n<!-- \/ Yoast SEO plugin. -->","yoast_head_json":{"title":"Weird and Wild, It\u2019s Got To Be... - PORTUGALIZAR","description":"It easy to understand why Portuguese may seem weird, even wild, to a non-native. Verb tenses can express complex, contradictory emotions.","robots":{"index":"index","follow":"follow","max-snippet":"max-snippet:-1","max-image-preview":"max-image-preview:large","max-video-preview":"max-video-preview:-1"},"canonical":"https:\/\/portugalizar.com\/de\/weird-and-wild\/","og_locale":"de_DE","og_type":"article","og_title":"Weird and Wild, It\u2019s Got To Be... - PORTUGALIZAR","og_description":"It easy to understand why Portuguese may seem weird, even wild, to a non-native. Verb tenses can express complex, contradictory emotions.","og_url":"https:\/\/portugalizar.com\/de\/weird-and-wild\/","og_site_name":"PORTUGALIZAR","article_published_time":"2022-06-02T04:00:00+00:00","article_modified_time":"2022-07-13T22:21:27+00:00","og_image":[{"width":1891,"height":576,"url":"https:\/\/portugalizar.com\/wp-content\/uploads\/2022\/06\/5F62EBB4-9F0D-4189-8059-CA14E6DB4409.jpeg","type":"image\/jpeg"}],"author":"Gui","twitter_card":"summary_large_image","twitter_misc":{"Verfasst von":"Gui","Gesch\u00e4tzte Lesezeit":"14\u00a0Minuten"},"schema":{"@context":"https:\/\/schema.org","@graph":[{"@type":"Article","@id":"https:\/\/portugalizar.com\/weird-and-wild\/#article","isPartOf":{"@id":"https:\/\/portugalizar.com\/weird-and-wild\/"},"author":{"name":"Gui","@id":"https:\/\/portugalizar.com\/#\/schema\/person\/1f60af48f39895b897e26d9d92ecf6db"},"headline":"Weird and Wild, It\u2019s Got To Be&#8230;","datePublished":"2022-06-02T04:00:00+00:00","dateModified":"2022-07-13T22:21:27+00:00","mainEntityOfPage":{"@id":"https:\/\/portugalizar.com\/weird-and-wild\/"},"wordCount":2985,"commentCount":10,"publisher":{"@id":"https:\/\/portugalizar.com\/#organization"},"image":{"@id":"https:\/\/portugalizar.com\/weird-and-wild\/#primaryimage"},"thumbnailUrl":"https:\/\/i0.wp.com\/portugalizar.com\/wp-content\/uploads\/2022\/06\/5F62EBB4-9F0D-4189-8059-CA14E6DB4409.jpeg?fit=1891%2C576&ssl=1","articleSection":["Culture &amp; Customs","Language"],"inLanguage":"de","potentialAction":[{"@type":"CommentAction","name":"Comment","target":["https:\/\/portugalizar.com\/weird-and-wild\/#respond"]}]},{"@type":"WebPage","@id":"https:\/\/portugalizar.com\/weird-and-wild\/","url":"https:\/\/portugalizar.com\/weird-and-wild\/","name":"Weird and Wild, It\u2019s Got To Be... - PORTUGALIZAR","isPartOf":{"@id":"https:\/\/portugalizar.com\/#website"},"primaryImageOfPage":{"@id":"https:\/\/portugalizar.com\/weird-and-wild\/#primaryimage"},"image":{"@id":"https:\/\/portugalizar.com\/weird-and-wild\/#primaryimage"},"thumbnailUrl":"https:\/\/i0.wp.com\/portugalizar.com\/wp-content\/uploads\/2022\/06\/5F62EBB4-9F0D-4189-8059-CA14E6DB4409.jpeg?fit=1891%2C576&ssl=1","datePublished":"2022-06-02T04:00:00+00:00","dateModified":"2022-07-13T22:21:27+00:00","description":"It easy to understand why Portuguese may seem weird, even wild, to a non-native. Verb tenses can express complex, contradictory emotions.","breadcrumb":{"@id":"https:\/\/portugalizar.com\/weird-and-wild\/#breadcrumb"},"inLanguage":"de","potentialAction":[{"@type":"ReadAction","target":["https:\/\/portugalizar.com\/weird-and-wild\/"]}]},{"@type":"ImageObject","inLanguage":"de","@id":"https:\/\/portugalizar.com\/weird-and-wild\/#primaryimage","url":"https:\/\/i0.wp.com\/portugalizar.com\/wp-content\/uploads\/2022\/06\/5F62EBB4-9F0D-4189-8059-CA14E6DB4409.jpeg?fit=1891%2C576&ssl=1","contentUrl":"https:\/\/i0.wp.com\/portugalizar.com\/wp-content\/uploads\/2022\/06\/5F62EBB4-9F0D-4189-8059-CA14E6DB4409.jpeg?fit=1891%2C576&ssl=1","width":1891,"height":576},{"@type":"BreadcrumbList","@id":"https:\/\/portugalizar.com\/weird-and-wild\/#breadcrumb","itemListElement":[{"@type":"ListItem","position":1,"name":"Home","item":"https:\/\/portugalizar.com\/"},{"@type":"ListItem","position":2,"name":"Weird and Wild, It\u2019s Got To Be&#8230;"}]},{"@type":"WebSite","@id":"https:\/\/portugalizar.com\/#website","url":"https:\/\/portugalizar.com\/","name":"PORTUGALISCHER","description":"","publisher":{"@id":"https:\/\/portugalizar.com\/#organization"},"potentialAction":[{"@type":"SearchAction","target":{"@type":"EntryPoint","urlTemplate":"https:\/\/portugalizar.com\/?s={search_term_string}"},"query-input":{"@type":"PropertyValueSpecification","valueRequired":true,"valueName":"search_term_string"}}],"inLanguage":"de"},{"@type":"Organization","@id":"https:\/\/portugalizar.com\/#organization","name":"PORTUGALISCHER","url":"https:\/\/portugalizar.com\/","logo":{"@type":"ImageObject","inLanguage":"de","@id":"https:\/\/portugalizar.com\/#\/schema\/logo\/image\/","url":"","contentUrl":"","caption":"PORTUGALIZAR"},"image":{"@id":"https:\/\/portugalizar.com\/#\/schema\/logo\/image\/"}},{"@type":"Person","@id":"https:\/\/portugalizar.com\/#\/schema\/person\/1f60af48f39895b897e26d9d92ecf6db","name":"Gui","image":{"@type":"ImageObject","inLanguage":"de","@id":"https:\/\/secure.gravatar.com\/avatar\/0bef00a699e73fc60016c16a6f44683b2a027bb1b48a4b3973732af4cc636712?s=96&d=mm&r=g","url":"https:\/\/secure.gravatar.com\/avatar\/0bef00a699e73fc60016c16a6f44683b2a027bb1b48a4b3973732af4cc636712?s=96&d=mm&r=g","contentUrl":"https:\/\/secure.gravatar.com\/avatar\/0bef00a699e73fc60016c16a6f44683b2a027bb1b48a4b3973732af4cc636712?s=96&d=mm&r=g","caption":"Gui"},"url":"https:\/\/portugalizar.com\/de\/author\/spestheonlyone\/"}]}},"jetpack_featured_media_url":"https:\/\/i0.wp.com\/portugalizar.com\/wp-content\/uploads\/2022\/06\/5F62EBB4-9F0D-4189-8059-CA14E6DB4409.jpeg?fit=1891%2C576&ssl=1","jetpack-related-posts":[],"jetpack_sharing_enabled":true,"_links":{"self":[{"href":"https:\/\/portugalizar.com\/de\/wp-json\/wp\/v2\/posts\/1293","targetHints":{"allow":["GET"]}}],"collection":[{"href":"https:\/\/portugalizar.com\/de\/wp-json\/wp\/v2\/posts"}],"about":[{"href":"https:\/\/portugalizar.com\/de\/wp-json\/wp\/v2\/types\/post"}],"author":[{"embeddable":true,"href":"https:\/\/portugalizar.com\/de\/wp-json\/wp\/v2\/users\/1"}],"replies":[{"embeddable":true,"href":"https:\/\/portugalizar.com\/de\/wp-json\/wp\/v2\/comments?post=1293"}],"version-history":[{"count":4,"href":"https:\/\/portugalizar.com\/de\/wp-json\/wp\/v2\/posts\/1293\/revisions"}],"predecessor-version":[{"id":2067,"href":"https:\/\/portugalizar.com\/de\/wp-json\/wp\/v2\/posts\/1293\/revisions\/2067"}],"wp:featuredmedia":[{"embeddable":true,"href":"https:\/\/portugalizar.com\/de\/wp-json\/wp\/v2\/media\/1465"}],"wp:attachment":[{"href":"https:\/\/portugalizar.com\/de\/wp-json\/wp\/v2\/media?parent=1293"}],"wp:term":[{"taxonomy":"category","embeddable":true,"href":"https:\/\/portugalizar.com\/de\/wp-json\/wp\/v2\/categories?post=1293"},{"taxonomy":"post_tag","embeddable":true,"href":"https:\/\/portugalizar.com\/de\/wp-json\/wp\/v2\/tags?post=1293"}],"curies":[{"name":"wp","href":"https:\/\/api.w.org\/{rel}","templated":true}]}}