{"id":1044,"date":"2022-04-25T21:47:02","date_gmt":"2022-04-25T21:47:02","guid":{"rendered":"https:\/\/portugalizar.com\/?p=1044"},"modified":"2022-05-02T05:11:49","modified_gmt":"2022-05-02T05:11:49","slug":"its-a-great-day-for-a-short-goodbye","status":"publish","type":"post","link":"https:\/\/portugalizar.com\/de\/its-a-great-day-for-a-short-goodbye\/","title":{"rendered":"Ein gro\u00dfer Tag f\u00fcr einen schnellen Abschied"},"content":{"rendered":"<p>Ol\u00e1 todos! <strong>EILMELDUNG...<\/strong> <strong>PORTUGAL IST BEFREIT!<\/strong><\/p>\n\n\n\n<p>Am Morgen des 25. April 1974 erschien die Titelseite der portugiesischen Nationalzeitung, <em>Rep\u00fablica<\/em>schrie sie laut. <strong>DIE STREITKR\u00c4FTE HABEN DIE MACHT F\u00dcR DAS VOLK UND SEINE FREIHEIT \u00dcBERNOMMEN<\/strong>. Mit noch gr\u00f6\u00dferem Stolz haben die Redakteure von <em>Rep\u00fablica<\/em> eine zweite Schlagzeile am unteren Rand der Titelseite. <strong>DIESE ZEITUNG WURDE NICHT VON EINER ZENSURKOMMISSION KONTROLLIERT<\/strong>. Dieser letzte Teil, rot umrandet, zeigte, wie sehr sich \u00fcber Nacht alles ver\u00e4ndert hatte. <\/p>\n\n\n\n<p>Am 25. April wird die Befreiung Portugals von der mehr als 40 Jahre w\u00e4hrenden Herrschaft der unterdr\u00fcckerischen und zerst\u00f6rerischen<em> Estado<\/em> <em>Novo<\/em>die selbsternannte Diktatur des brillanten und professoralen Ant\u00f3nio Salazar. Die<em> Estado<\/em> <em>Novo<\/em> selbst war ein seltsames Konglomerat von inkongruenten Ideen. Wenn Sie daran interessiert sind, k\u00f6nnen wir auf dieses Thema in einem sp\u00e4teren Beitrag zur\u00fcckkommen. Jetzt wollen wir uns erst einmal auf ein paar Fakten konzentrieren, die hinter der heutigen Feier stehen.<\/p>\n\n\n\n<h2 class=\"wp-block-heading\">Die gr\u00f6\u00dftenteils gewaltfreie Revolution<\/h2>\n\n\n\n<p>Der Sturz des am l\u00e4ngsten bestehenden autorit\u00e4ren Regimes in Europa am 25. April folgte einem typisch portugiesischen Drehbuch. Vielleicht sind nur die Portugiesen in der Lage, einen nahezu unblutigen, gewaltfreien Milit\u00e4rputsch durchzuf\u00fchren. Au\u00dferdem setzte sich ihr gesunder Menschenverstand gegen\u00fcber den qu\u00e4lenden ideologischen Differenzen durch. Zu den bleibenden Eindr\u00fccken dieser Revolution gegen ein unterdr\u00fcckerisches diktatorisches Regime geh\u00f6ren, zumindest f\u00fcr mich, viele Blumen und ein Lied.<\/p>\n\n\n\n<p>Leider starben vier Menschen, als die Leibwache des Pr\u00e4sidenten in Lissabon in eine Menschenmenge schoss. Ansonsten verlief die Revolution, diese Nelkenrevolution, ohne Gewalt. Das Milit\u00e4r, das den Staatsstreich anf\u00fchrte, gab keinen einzigen Schuss ab, obwohl Panzer in Lissabon einrollten und \u00fcberall uniformierte Soldaten zu sehen waren. Dennoch standen Zehntausende von einfachen B\u00fcrgern Seite an Seite mit den Tausenden von Soldaten.<\/p>\n\n\n\n<figure class=\"wp-block-image alignwide size-full\"><img data-recalc-dims=\"1\" fetchpriority=\"high\" decoding=\"async\" width=\"950\" height=\"713\" src=\"https:\/\/i0.wp.com\/portugalizar.com\/wp-content\/uploads\/2022\/04\/7E730CAA-8AFD-4620-88A6-43A8A737EF48.jpeg?resize=950%2C713&#038;ssl=1\" alt=\"\" class=\"wp-image-1047\" srcset=\"https:\/\/i0.wp.com\/portugalizar.com\/wp-content\/uploads\/2022\/04\/7E730CAA-8AFD-4620-88A6-43A8A737EF48.jpeg?w=1024&amp;ssl=1 1024w, https:\/\/i0.wp.com\/portugalizar.com\/wp-content\/uploads\/2022\/04\/7E730CAA-8AFD-4620-88A6-43A8A737EF48.jpeg?resize=300%2C225&amp;ssl=1 300w, https:\/\/i0.wp.com\/portugalizar.com\/wp-content\/uploads\/2022\/04\/7E730CAA-8AFD-4620-88A6-43A8A737EF48.jpeg?resize=768%2C576&amp;ssl=1 768w, https:\/\/i0.wp.com\/portugalizar.com\/wp-content\/uploads\/2022\/04\/7E730CAA-8AFD-4620-88A6-43A8A737EF48.jpeg?resize=16%2C12&amp;ssl=1 16w\" sizes=\"(max-width: 950px) 100vw, 950px\" \/><figcaption><strong>1. Mai 197<\/strong>4. Dieses Foto zeigt die jugendliche Menge in Tavira, die die alte r\u00f6mische Br\u00fccke \u00fcberquert. Sie feiern die erste vollst\u00e4ndige Freiheit der Revolution. Mein guter Freund, <strong>Ant\u00f3nio Minhalma<\/strong>der damals gerade 18 Jahre alt war, steht in der Mitte, gleich links neben dem bebrillten Herrn mit dem schwarzen Rollkragenpullover. Die Revolution setzte den Optimismus, die Hoffnung und die Tr\u00e4ume der Portugiesen frei: \"Vielleicht k\u00f6nnte es eine bessere Zukunft geben\".<\/figcaption><\/figure>\n\n\n\n<h2 class=\"wp-block-heading\">Gemeinsam rebellieren<\/h2>\n\n\n\n<p>Milit\u00e4r und B\u00fcrger im Einklang: Ein neuer Tag ohne Krieg und mit echter Demokratie muss anbrechen. Genug ist genug. Die Portugiesen hatten bereits 13 Jahre lang blutige Kriege in Angola, Guinea-Bissau und Mosambik gef\u00fchrt. Sie k\u00e4mpften eher gegen die Freiheit ihrer afrikanischen Br\u00fcder und Schwestern als f\u00fcr ihre eigene Freiheit.<\/p>\n\n\n\n<p>Diese Kriege waren weder f\u00fcr die Milit\u00e4rs noch f\u00fcr die B\u00fcrger, die zu ihrem Kampf eingezogen wurden, sinnvoll. Das Geld, das ausgegeben wurde, um die Portugiesen Tausende von Kilometern entfernt zu t\u00f6ten, t\u00f6tete auch die Portugiesen zu Hause. Die Mittel f\u00fcr Bildung, Gesundheitsf\u00fcrsorge und Grundnahrungsmittel hatten sich bereits verfl\u00fcchtigt. Das portugiesische Mutterland blieb genauso unterentwickelt wie seine weit entfernten Kolonien. Die Zeit f\u00fcr Ver\u00e4nderungen war gekommen.<\/p>\n\n\n\n<figure class=\"wp-block-image alignwide size-full\"><img data-recalc-dims=\"1\" decoding=\"async\" width=\"720\" height=\"511\" src=\"https:\/\/i0.wp.com\/portugalizar.com\/wp-content\/uploads\/2022\/04\/D80E0B0E-DAE5-4A48-8E0C-BC67937A9A7E.jpeg?resize=720%2C511&#038;ssl=1\" alt=\"\" class=\"wp-image-1046\" srcset=\"https:\/\/i0.wp.com\/portugalizar.com\/wp-content\/uploads\/2022\/04\/D80E0B0E-DAE5-4A48-8E0C-BC67937A9A7E.jpeg?w=720&amp;ssl=1 720w, https:\/\/i0.wp.com\/portugalizar.com\/wp-content\/uploads\/2022\/04\/D80E0B0E-DAE5-4A48-8E0C-BC67937A9A7E.jpeg?resize=300%2C213&amp;ssl=1 300w, https:\/\/i0.wp.com\/portugalizar.com\/wp-content\/uploads\/2022\/04\/D80E0B0E-DAE5-4A48-8E0C-BC67937A9A7E.jpeg?resize=18%2C12&amp;ssl=1 18w\" sizes=\"(max-width: 720px) 100vw, 720px\" \/><figcaption><strong>Eine Igreja de Santa Luzia, etwa Ende der 1950er Jahre<\/strong>. Dieses Foto, das mir mein guter Freund <strong>Victor Minhalma<\/strong>Ant\u00f3nios Zwillingsbruder, zeigt die bauf\u00e4llige Pfarrkirche aus dem 17. Jahrhundert in unserem Dorf Santa Luzia. Jahrhundert in unserem Dorf Santa Luzia. Die Aufnahme entstand einige Jahre bevor sie abgerissen und durch den heutigen modernistischen Bau ersetzt wurde. Was mir auf dem Foto auff\u00e4llt, ist die Gegend um die Kirche, die im Zentrum von Santa Luzia liegt. Es gibt nur Schmutz und Schutt, das Geschenk von 30 Jahren Diktatur, die einen isolationistischen Nationalismus vertrat, der das Land und seine Bev\u00f6lkerung in den Ruin trieb.<\/figcaption><\/figure>\n\n\n\n<h2 class=\"wp-block-heading\">Die Nelke in der Revolution<\/h2>\n\n\n\n<p>F\u00fcr mich dr\u00fcckt sich das typisch portugiesische Wesen der Revolution des 25. April durch Blumen und Gesang aus. Etwas so Ernstes und Ersch\u00fctterndes wie ein revolution\u00e4rer Wandel sollte auch s\u00fc\u00df und humorvoll sein. In den Lissabonner Blumenl\u00e4den gab es am 24. April auf mysteri\u00f6se Weise ein \u00dcberangebot an Nelken. Jung und Alt schnappten sich am Morgen des 25. April eine Handvoll roter und rosafarbener Blumen, als sie auf die Stra\u00dfe gingen, um sich den Soldaten anzuschlie\u00dfen. <\/p>\n\n\n\n<p>Die Bilder von den Stra\u00dfen Lissabons zaubern einem auch heute noch ein L\u00e4cheln ins Gesicht. Alte Damen stellten sich auf die Zehenspitzen, um aus Gewehrl\u00e4ufen eine Blumenvase zu machen. Junge Frauen steckten den l\u00e4chelnden Soldaten Nelken ans Revers. \u00c4ltere Herren \u00fcberreichten Blumenstr\u00e4u\u00dfe an ernst dreinblickende Panzerwachen. Die Freude und der \u00dcberschwang schimmern durch die k\u00f6rnigen Fotos hindurch.<\/p>\n\n\n\n<p>Aber auch das Signal zum Start der Revolution war ein Lied. Die Panzer kamen ins Rollen, als Portugals Beitrag f\u00fcr den Eurovision Song Contest - <em>E Depois do Adeus<\/em>, oder <em>Und nach der Verabschiedung<\/em> - wurde am 24. April kurz vor Mitternacht von den Radiosendern gespielt. Ein albernes Lied in einer albernen Sendung war der Ausl\u00f6ser f\u00fcr die ernsthaftesten und folgenreichsten Ereignisse. Der schr\u00e4ge Humor des Titels und das Gewicht des Versprechens sind nicht zu \u00fcbersehen.<\/p>\n\n\n\n<h2 class=\"wp-block-heading\">Was ist nach der Verabschiedung? <\/h2>\n\n\n\n<p>Die Milit\u00e4rs begannen bald damit, die Kontrolle an eine von Zivilisten gef\u00fchrte Regierung abzugeben. Nur ein Jahr sp\u00e4ter fanden in Portugal die ersten Wahlen statt. Ein Jahr sp\u00e4ter nahm das Parlament die neue Verfassung an. Die Demokratie gedieh auf portugiesischem Boden und schlug ihre Wurzeln tief.<\/p>\n\n\n\n<figure class=\"wp-block-image alignwide size-large\"><img data-recalc-dims=\"1\" decoding=\"async\" width=\"950\" height=\"634\" src=\"https:\/\/i0.wp.com\/portugalizar.com\/wp-content\/uploads\/2022\/06\/64829B45-CDFE-43D4-91F0-B5D52F104A38.jpeg?resize=950%2C634&#038;ssl=1\" alt=\"\" class=\"wp-image-1077\" srcset=\"https:\/\/i0.wp.com\/portugalizar.com\/wp-content\/uploads\/2022\/06\/64829B45-CDFE-43D4-91F0-B5D52F104A38.jpeg?resize=1024%2C683&amp;ssl=1 1024w, https:\/\/i0.wp.com\/portugalizar.com\/wp-content\/uploads\/2022\/06\/64829B45-CDFE-43D4-91F0-B5D52F104A38.jpeg?resize=300%2C200&amp;ssl=1 300w, https:\/\/i0.wp.com\/portugalizar.com\/wp-content\/uploads\/2022\/06\/64829B45-CDFE-43D4-91F0-B5D52F104A38.jpeg?resize=768%2C512&amp;ssl=1 768w, https:\/\/i0.wp.com\/portugalizar.com\/wp-content\/uploads\/2022\/06\/64829B45-CDFE-43D4-91F0-B5D52F104A38.jpeg?resize=18%2C12&amp;ssl=1 18w, https:\/\/i0.wp.com\/portugalizar.com\/wp-content\/uploads\/2022\/06\/64829B45-CDFE-43D4-91F0-B5D52F104A38.jpeg?w=1050&amp;ssl=1 1050w\" sizes=\"(max-width: 950px) 100vw, 950px\" \/><figcaption>Ein Wandbild von Caos, Add Fuel, MAR und Draw an der Neuen Universit\u00e4t Lissabon, das 2014 anl\u00e4sslich des 40. Jahrestags der Revolution fertiggestellt wurde. Im Mittelpunkt steht Salgueiro Maia, ein Hauptmann der Armee, der zu den Anf\u00fchrern der Nelkenrevolution geh\u00f6rte. Ein Gro\u00dfteil des Treibstoffs f\u00fcr die Revolution kam aus den Reihen der jungen Offiziere und Soldaten der Streitkr\u00e4fte, die aus erster Hand erfuhren, wie absurd es ist, zu t\u00f6ten und zu sterben, um anderen die Freiheit vorzuenthalten, wenn man sie selbst nicht hat. Die K\u00fcnstler wollen, dass Sie wissen, dass diese Absurdit\u00e4t immer noch existiert. Die portugiesische Demokratie hat nicht allen Menschen gleicherma\u00dfen geholfen, und sie hat auch nicht gen\u00fcgend Menschen geholfen. Es bleibt noch viel Arbeit zu tun. Sind wir bereit, das Werk der Demokratie fortzusetzen, das Maia und andere begonnen haben?<\/figcaption><\/figure>\n\n\n\n<p>Aber wir m\u00fcssen bedenken, dass Revolutionen kein Ende markieren, sondern eher den Anfang. Hier beginnt ein neues Experiment! Die liberale Demokratie weist heutzutage viele Schw\u00e4chen auf, Schw\u00e4chen, die die extreme Rechte ausnutzt. Konzerne und eine Handvoll Einzelpersonen haben einen Gro\u00dfteil des Versprechens, das die liberale Demokratie gegeben hat, in Anspruch genommen. Heute scheint die Welt dem Jahr 1973 n\u00e4her zu sein, als sie sollte. Noch immer gibt es einige wenige, die viel haben, und eine Menge entbehrlicher Habenichtse. <br><\/p>\n\n\n\n<p>Die Menschen werden frustriert und suchen nach Ver\u00e4nderungen. Die Rechtsextremen liefern eifrig L\u00fcgen, die einen Wandel versprechen. Die Anh\u00e4nger der liberalen Demokratie scheinen zu vergessen, dass die Revolution noch nicht vorbei ist. Es ist noch nicht alles in Ordnung. Es gibt noch viel mehr Arbeit zu tun. <\/p>\n\n\n\n<h2 class=\"wp-block-heading\">Das fortlaufende Werk der Revolution<\/h2>\n\n\n\n<p>Ein Teil dieser Arbeit wird sich notwendigerweise darauf konzentrieren, die Fehler r\u00fcckg\u00e4ngig zu machen, die die liberalen Demokratien in der ganzen Welt dem unkontrollierten Kapitalismus, dem Konsumismus und dem Globalismus erlaubt haben. Es muss eine Umverteilung des Wohlstands stattfinden. Es muss M\u00f6glichkeiten geben, individuell und kollektiv voranzukommen und erfolgreich zu sein. Der Zugang zu den Grundbed\u00fcrfnissen wie Wohnraum, Gesundheitsversorgung, Bildung, ein existenzsicherndes Einkommen und eine gerechte Rente muss erm\u00f6glicht werden. Dementsprechend sollte die Produktivit\u00e4t andere Messgr\u00f6\u00dfen des wirtschaftlichen Gl\u00fccks nicht ausschlie\u00dfen.<\/p>\n\n\n\n<p>Die liberale Demokratie hat keine Zukunft, wenn sie das Versprechen eines revolution\u00e4ren Wandels nicht einl\u00f6sen kann. Die L\u00fcgen der extremen Rechten werden in der dunklen Frustration der Menschen, die von der liberalen Demokratie ausgeschlossen sind, heller schimmern und funkeln. Deshalb m\u00fcssen die liberalen Demokratien ein helleres Feuer entfachen, um das Leben aller B\u00fcrger nachweislich zu verbessern. Die Revolution geht weiter.<\/p>\n\n\n\n<p>At\u00e9 quinta! Wir sehen uns am Donnerstag wieder!<\/p>","protected":false},"excerpt":{"rendered":"<p>Falls Sie sich gefragt haben, ob es in Portugal so etwas wie den Unabh\u00e4ngigkeitstag der USA oder den Tag der Bastille in Frankreich gibt? Nun, ja, es gibt ihn! Lesen Sie mehr dar\u00fcber in diesem kurzen Sonderposting. Lesen Sie mehr...<\/p>","protected":false},"author":1,"featured_media":1050,"comment_status":"open","ping_status":"open","sticky":false,"template":"","format":"standard","meta":{"nf_dc_page":"","om_disable_all_campaigns":false,"_monsterinsights_skip_tracking":false,"_monsterinsights_sitenote_active":false,"_monsterinsights_sitenote_note":"","_monsterinsights_sitenote_category":0,"_themeisle_gutenberg_block_has_review":false,"_jetpack_memberships_contains_paid_content":false,"footnotes":""},"categories":[9],"tags":[],"class_list":["post-1044","post","type-post","status-publish","format-standard","has-post-thumbnail","hentry","category-history"],"yoast_head":"<!-- This site is optimized with the Yoast SEO plugin v27.4 - https:\/\/yoast.com\/product\/yoast-seo-wordpress\/ -->\n<title>It\u2019s A Great Day for A Swift Goodbye - PORTUGALIZAR<\/title>\n<meta name=\"robots\" content=\"index, follow, max-snippet:-1, max-image-preview:large, max-video-preview:-1\" \/>\n<link rel=\"canonical\" href=\"https:\/\/portugalizar.com\/de\/its-a-great-day-for-a-short-goodbye\/\" \/>\n<meta property=\"og:locale\" content=\"de_DE\" \/>\n<meta property=\"og:type\" content=\"article\" \/>\n<meta property=\"og:title\" content=\"It\u2019s A Great Day for A Swift Goodbye - PORTUGALIZAR\" \/>\n<meta property=\"og:description\" content=\"Just in case you were wondering does Portugal have something like the USA\u2019s Independence Day or France\u2019s Bastille Day? Well yes it does! Read some more about it in this short, special edition post. Read more\u2026\" \/>\n<meta property=\"og:url\" content=\"https:\/\/portugalizar.com\/de\/its-a-great-day-for-a-short-goodbye\/\" \/>\n<meta property=\"og:site_name\" content=\"PORTUGALIZAR\" \/>\n<meta property=\"article:published_time\" content=\"2022-04-25T21:47:02+00:00\" \/>\n<meta property=\"article:modified_time\" content=\"2022-05-02T05:11:49+00:00\" \/>\n<meta property=\"og:image\" content=\"https:\/\/portugalizar.com\/wp-content\/uploads\/2022\/04\/EC19EC92-8D9E-46B4-AE4E-EFA648DEAB14.jpeg\" \/>\n\t<meta property=\"og:image:width\" content=\"2246\" \/>\n\t<meta property=\"og:image:height\" content=\"834\" \/>\n\t<meta property=\"og:image:type\" content=\"image\/jpeg\" \/>\n<meta name=\"author\" content=\"Gui\" \/>\n<meta name=\"twitter:card\" content=\"summary_large_image\" \/>\n<meta name=\"twitter:label1\" content=\"Verfasst von\" \/>\n\t<meta name=\"twitter:data1\" content=\"Gui\" \/>\n\t<meta name=\"twitter:label2\" content=\"Gesch\u00e4tzte Lesezeit\" \/>\n\t<meta name=\"twitter:data2\" content=\"6\u00a0Minuten\" \/>\n<script type=\"application\/ld+json\" class=\"yoast-schema-graph\">{\"@context\":\"https:\\\/\\\/schema.org\",\"@graph\":[{\"@type\":\"Article\",\"@id\":\"https:\\\/\\\/portugalizar.com\\\/its-a-great-day-for-a-short-goodbye\\\/#article\",\"isPartOf\":{\"@id\":\"https:\\\/\\\/portugalizar.com\\\/its-a-great-day-for-a-short-goodbye\\\/\"},\"author\":{\"name\":\"Gui\",\"@id\":\"https:\\\/\\\/portugalizar.com\\\/#\\\/schema\\\/person\\\/1f60af48f39895b897e26d9d92ecf6db\"},\"headline\":\"It\u2019s A Great Day for A Swift Goodbye\",\"datePublished\":\"2022-04-25T21:47:02+00:00\",\"dateModified\":\"2022-05-02T05:11:49+00:00\",\"mainEntityOfPage\":{\"@id\":\"https:\\\/\\\/portugalizar.com\\\/its-a-great-day-for-a-short-goodbye\\\/\"},\"wordCount\":1200,\"commentCount\":4,\"publisher\":{\"@id\":\"https:\\\/\\\/portugalizar.com\\\/#organization\"},\"image\":{\"@id\":\"https:\\\/\\\/portugalizar.com\\\/its-a-great-day-for-a-short-goodbye\\\/#primaryimage\"},\"thumbnailUrl\":\"https:\\\/\\\/i0.wp.com\\\/portugalizar.com\\\/wp-content\\\/uploads\\\/2022\\\/04\\\/EC19EC92-8D9E-46B4-AE4E-EFA648DEAB14.jpeg?fit=2246%2C834&ssl=1\",\"articleSection\":[\"History\"],\"inLanguage\":\"de\",\"potentialAction\":[{\"@type\":\"CommentAction\",\"name\":\"Comment\",\"target\":[\"https:\\\/\\\/portugalizar.com\\\/its-a-great-day-for-a-short-goodbye\\\/#respond\"]}]},{\"@type\":\"WebPage\",\"@id\":\"https:\\\/\\\/portugalizar.com\\\/its-a-great-day-for-a-short-goodbye\\\/\",\"url\":\"https:\\\/\\\/portugalizar.com\\\/its-a-great-day-for-a-short-goodbye\\\/\",\"name\":\"It\u2019s A Great Day for A Swift Goodbye - PORTUGALIZAR\",\"isPartOf\":{\"@id\":\"https:\\\/\\\/portugalizar.com\\\/#website\"},\"primaryImageOfPage\":{\"@id\":\"https:\\\/\\\/portugalizar.com\\\/its-a-great-day-for-a-short-goodbye\\\/#primaryimage\"},\"image\":{\"@id\":\"https:\\\/\\\/portugalizar.com\\\/its-a-great-day-for-a-short-goodbye\\\/#primaryimage\"},\"thumbnailUrl\":\"https:\\\/\\\/i0.wp.com\\\/portugalizar.com\\\/wp-content\\\/uploads\\\/2022\\\/04\\\/EC19EC92-8D9E-46B4-AE4E-EFA648DEAB14.jpeg?fit=2246%2C834&ssl=1\",\"datePublished\":\"2022-04-25T21:47:02+00:00\",\"dateModified\":\"2022-05-02T05:11:49+00:00\",\"breadcrumb\":{\"@id\":\"https:\\\/\\\/portugalizar.com\\\/its-a-great-day-for-a-short-goodbye\\\/#breadcrumb\"},\"inLanguage\":\"de\",\"potentialAction\":[{\"@type\":\"ReadAction\",\"target\":[\"https:\\\/\\\/portugalizar.com\\\/its-a-great-day-for-a-short-goodbye\\\/\"]}]},{\"@type\":\"ImageObject\",\"inLanguage\":\"de\",\"@id\":\"https:\\\/\\\/portugalizar.com\\\/its-a-great-day-for-a-short-goodbye\\\/#primaryimage\",\"url\":\"https:\\\/\\\/i0.wp.com\\\/portugalizar.com\\\/wp-content\\\/uploads\\\/2022\\\/04\\\/EC19EC92-8D9E-46B4-AE4E-EFA648DEAB14.jpeg?fit=2246%2C834&ssl=1\",\"contentUrl\":\"https:\\\/\\\/i0.wp.com\\\/portugalizar.com\\\/wp-content\\\/uploads\\\/2022\\\/04\\\/EC19EC92-8D9E-46B4-AE4E-EFA648DEAB14.jpeg?fit=2246%2C834&ssl=1\",\"width\":2246,\"height\":834},{\"@type\":\"BreadcrumbList\",\"@id\":\"https:\\\/\\\/portugalizar.com\\\/its-a-great-day-for-a-short-goodbye\\\/#breadcrumb\",\"itemListElement\":[{\"@type\":\"ListItem\",\"position\":1,\"name\":\"Home\",\"item\":\"https:\\\/\\\/portugalizar.com\\\/\"},{\"@type\":\"ListItem\",\"position\":2,\"name\":\"It\u2019s A Great Day for A Swift Goodbye\"}]},{\"@type\":\"WebSite\",\"@id\":\"https:\\\/\\\/portugalizar.com\\\/#website\",\"url\":\"https:\\\/\\\/portugalizar.com\\\/\",\"name\":\"PORTUGALIZAR\",\"description\":\"\",\"publisher\":{\"@id\":\"https:\\\/\\\/portugalizar.com\\\/#organization\"},\"potentialAction\":[{\"@type\":\"SearchAction\",\"target\":{\"@type\":\"EntryPoint\",\"urlTemplate\":\"https:\\\/\\\/portugalizar.com\\\/?s={search_term_string}\"},\"query-input\":{\"@type\":\"PropertyValueSpecification\",\"valueRequired\":true,\"valueName\":\"search_term_string\"}}],\"inLanguage\":\"de\"},{\"@type\":\"Organization\",\"@id\":\"https:\\\/\\\/portugalizar.com\\\/#organization\",\"name\":\"PORTUGALIZAR\",\"url\":\"https:\\\/\\\/portugalizar.com\\\/\",\"logo\":{\"@type\":\"ImageObject\",\"inLanguage\":\"de\",\"@id\":\"https:\\\/\\\/portugalizar.com\\\/#\\\/schema\\\/logo\\\/image\\\/\",\"url\":\"\",\"contentUrl\":\"\",\"caption\":\"PORTUGALIZAR\"},\"image\":{\"@id\":\"https:\\\/\\\/portugalizar.com\\\/#\\\/schema\\\/logo\\\/image\\\/\"}},{\"@type\":\"Person\",\"@id\":\"https:\\\/\\\/portugalizar.com\\\/#\\\/schema\\\/person\\\/1f60af48f39895b897e26d9d92ecf6db\",\"name\":\"Gui\",\"image\":{\"@type\":\"ImageObject\",\"inLanguage\":\"de\",\"@id\":\"https:\\\/\\\/secure.gravatar.com\\\/avatar\\\/0bef00a699e73fc60016c16a6f44683b2a027bb1b48a4b3973732af4cc636712?s=96&d=mm&r=g\",\"url\":\"https:\\\/\\\/secure.gravatar.com\\\/avatar\\\/0bef00a699e73fc60016c16a6f44683b2a027bb1b48a4b3973732af4cc636712?s=96&d=mm&r=g\",\"contentUrl\":\"https:\\\/\\\/secure.gravatar.com\\\/avatar\\\/0bef00a699e73fc60016c16a6f44683b2a027bb1b48a4b3973732af4cc636712?s=96&d=mm&r=g\",\"caption\":\"Gui\"},\"url\":\"https:\\\/\\\/portugalizar.com\\\/de\\\/author\\\/spestheonlyone\\\/\"}]}<\/script>\n<!-- \/ Yoast SEO plugin. -->","yoast_head_json":{"title":"It\u2019s A Great Day for A Swift Goodbye - PORTUGALIZAR","robots":{"index":"index","follow":"follow","max-snippet":"max-snippet:-1","max-image-preview":"max-image-preview:large","max-video-preview":"max-video-preview:-1"},"canonical":"https:\/\/portugalizar.com\/de\/its-a-great-day-for-a-short-goodbye\/","og_locale":"de_DE","og_type":"article","og_title":"It\u2019s A Great Day for A Swift Goodbye - PORTUGALIZAR","og_description":"Just in case you were wondering does Portugal have something like the USA\u2019s Independence Day or France\u2019s Bastille Day? Well yes it does! Read some more about it in this short, special edition post. Read more\u2026","og_url":"https:\/\/portugalizar.com\/de\/its-a-great-day-for-a-short-goodbye\/","og_site_name":"PORTUGALIZAR","article_published_time":"2022-04-25T21:47:02+00:00","article_modified_time":"2022-05-02T05:11:49+00:00","og_image":[{"width":2246,"height":834,"url":"https:\/\/portugalizar.com\/wp-content\/uploads\/2022\/04\/EC19EC92-8D9E-46B4-AE4E-EFA648DEAB14.jpeg","type":"image\/jpeg"}],"author":"Gui","twitter_card":"summary_large_image","twitter_misc":{"Verfasst von":"Gui","Gesch\u00e4tzte Lesezeit":"6\u00a0Minuten"},"schema":{"@context":"https:\/\/schema.org","@graph":[{"@type":"Article","@id":"https:\/\/portugalizar.com\/its-a-great-day-for-a-short-goodbye\/#article","isPartOf":{"@id":"https:\/\/portugalizar.com\/its-a-great-day-for-a-short-goodbye\/"},"author":{"name":"Gui","@id":"https:\/\/portugalizar.com\/#\/schema\/person\/1f60af48f39895b897e26d9d92ecf6db"},"headline":"It\u2019s A Great Day for A Swift Goodbye","datePublished":"2022-04-25T21:47:02+00:00","dateModified":"2022-05-02T05:11:49+00:00","mainEntityOfPage":{"@id":"https:\/\/portugalizar.com\/its-a-great-day-for-a-short-goodbye\/"},"wordCount":1200,"commentCount":4,"publisher":{"@id":"https:\/\/portugalizar.com\/#organization"},"image":{"@id":"https:\/\/portugalizar.com\/its-a-great-day-for-a-short-goodbye\/#primaryimage"},"thumbnailUrl":"https:\/\/i0.wp.com\/portugalizar.com\/wp-content\/uploads\/2022\/04\/EC19EC92-8D9E-46B4-AE4E-EFA648DEAB14.jpeg?fit=2246%2C834&ssl=1","articleSection":["History"],"inLanguage":"de","potentialAction":[{"@type":"CommentAction","name":"Comment","target":["https:\/\/portugalizar.com\/its-a-great-day-for-a-short-goodbye\/#respond"]}]},{"@type":"WebPage","@id":"https:\/\/portugalizar.com\/its-a-great-day-for-a-short-goodbye\/","url":"https:\/\/portugalizar.com\/its-a-great-day-for-a-short-goodbye\/","name":"It\u2019s A Great Day for A Swift Goodbye - PORTUGALIZAR","isPartOf":{"@id":"https:\/\/portugalizar.com\/#website"},"primaryImageOfPage":{"@id":"https:\/\/portugalizar.com\/its-a-great-day-for-a-short-goodbye\/#primaryimage"},"image":{"@id":"https:\/\/portugalizar.com\/its-a-great-day-for-a-short-goodbye\/#primaryimage"},"thumbnailUrl":"https:\/\/i0.wp.com\/portugalizar.com\/wp-content\/uploads\/2022\/04\/EC19EC92-8D9E-46B4-AE4E-EFA648DEAB14.jpeg?fit=2246%2C834&ssl=1","datePublished":"2022-04-25T21:47:02+00:00","dateModified":"2022-05-02T05:11:49+00:00","breadcrumb":{"@id":"https:\/\/portugalizar.com\/its-a-great-day-for-a-short-goodbye\/#breadcrumb"},"inLanguage":"de","potentialAction":[{"@type":"ReadAction","target":["https:\/\/portugalizar.com\/its-a-great-day-for-a-short-goodbye\/"]}]},{"@type":"ImageObject","inLanguage":"de","@id":"https:\/\/portugalizar.com\/its-a-great-day-for-a-short-goodbye\/#primaryimage","url":"https:\/\/i0.wp.com\/portugalizar.com\/wp-content\/uploads\/2022\/04\/EC19EC92-8D9E-46B4-AE4E-EFA648DEAB14.jpeg?fit=2246%2C834&ssl=1","contentUrl":"https:\/\/i0.wp.com\/portugalizar.com\/wp-content\/uploads\/2022\/04\/EC19EC92-8D9E-46B4-AE4E-EFA648DEAB14.jpeg?fit=2246%2C834&ssl=1","width":2246,"height":834},{"@type":"BreadcrumbList","@id":"https:\/\/portugalizar.com\/its-a-great-day-for-a-short-goodbye\/#breadcrumb","itemListElement":[{"@type":"ListItem","position":1,"name":"Home","item":"https:\/\/portugalizar.com\/"},{"@type":"ListItem","position":2,"name":"It\u2019s A Great Day for A Swift Goodbye"}]},{"@type":"WebSite","@id":"https:\/\/portugalizar.com\/#website","url":"https:\/\/portugalizar.com\/","name":"PORTUGALISCHER","description":"","publisher":{"@id":"https:\/\/portugalizar.com\/#organization"},"potentialAction":[{"@type":"SearchAction","target":{"@type":"EntryPoint","urlTemplate":"https:\/\/portugalizar.com\/?s={search_term_string}"},"query-input":{"@type":"PropertyValueSpecification","valueRequired":true,"valueName":"search_term_string"}}],"inLanguage":"de"},{"@type":"Organization","@id":"https:\/\/portugalizar.com\/#organization","name":"PORTUGALISCHER","url":"https:\/\/portugalizar.com\/","logo":{"@type":"ImageObject","inLanguage":"de","@id":"https:\/\/portugalizar.com\/#\/schema\/logo\/image\/","url":"","contentUrl":"","caption":"PORTUGALIZAR"},"image":{"@id":"https:\/\/portugalizar.com\/#\/schema\/logo\/image\/"}},{"@type":"Person","@id":"https:\/\/portugalizar.com\/#\/schema\/person\/1f60af48f39895b897e26d9d92ecf6db","name":"Gui","image":{"@type":"ImageObject","inLanguage":"de","@id":"https:\/\/secure.gravatar.com\/avatar\/0bef00a699e73fc60016c16a6f44683b2a027bb1b48a4b3973732af4cc636712?s=96&d=mm&r=g","url":"https:\/\/secure.gravatar.com\/avatar\/0bef00a699e73fc60016c16a6f44683b2a027bb1b48a4b3973732af4cc636712?s=96&d=mm&r=g","contentUrl":"https:\/\/secure.gravatar.com\/avatar\/0bef00a699e73fc60016c16a6f44683b2a027bb1b48a4b3973732af4cc636712?s=96&d=mm&r=g","caption":"Gui"},"url":"https:\/\/portugalizar.com\/de\/author\/spestheonlyone\/"}]}},"jetpack_featured_media_url":"https:\/\/i0.wp.com\/portugalizar.com\/wp-content\/uploads\/2022\/04\/EC19EC92-8D9E-46B4-AE4E-EFA648DEAB14.jpeg?fit=2246%2C834&ssl=1","jetpack-related-posts":[],"jetpack_sharing_enabled":true,"_links":{"self":[{"href":"https:\/\/portugalizar.com\/de\/wp-json\/wp\/v2\/posts\/1044","targetHints":{"allow":["GET"]}}],"collection":[{"href":"https:\/\/portugalizar.com\/de\/wp-json\/wp\/v2\/posts"}],"about":[{"href":"https:\/\/portugalizar.com\/de\/wp-json\/wp\/v2\/types\/post"}],"author":[{"embeddable":true,"href":"https:\/\/portugalizar.com\/de\/wp-json\/wp\/v2\/users\/1"}],"replies":[{"embeddable":true,"href":"https:\/\/portugalizar.com\/de\/wp-json\/wp\/v2\/comments?post=1044"}],"version-history":[{"count":5,"href":"https:\/\/portugalizar.com\/de\/wp-json\/wp\/v2\/posts\/1044\/revisions"}],"predecessor-version":[{"id":1183,"href":"https:\/\/portugalizar.com\/de\/wp-json\/wp\/v2\/posts\/1044\/revisions\/1183"}],"wp:featuredmedia":[{"embeddable":true,"href":"https:\/\/portugalizar.com\/de\/wp-json\/wp\/v2\/media\/1050"}],"wp:attachment":[{"href":"https:\/\/portugalizar.com\/de\/wp-json\/wp\/v2\/media?parent=1044"}],"wp:term":[{"taxonomy":"category","embeddable":true,"href":"https:\/\/portugalizar.com\/de\/wp-json\/wp\/v2\/categories?post=1044"},{"taxonomy":"post_tag","embeddable":true,"href":"https:\/\/portugalizar.com\/de\/wp-json\/wp\/v2\/tags?post=1044"}],"curies":[{"name":"wp","href":"https:\/\/api.w.org\/{rel}","templated":true}]}}