{"id":1032,"date":"2022-05-12T04:00:00","date_gmt":"2022-05-12T04:00:00","guid":{"rendered":"https:\/\/portugalizar.com\/?p=1032"},"modified":"2022-05-12T21:26:05","modified_gmt":"2022-05-12T21:26:05","slug":"great-memory-but-better-amnesia-islam-and-christianity-in-portugal","status":"publish","type":"post","link":"https:\/\/portugalizar.com\/de\/great-memory-but-better-amnesia-islam-and-christianity-in-portugal\/","title":{"rendered":"Gutes Ged\u00e4chtnis, aber bessere Amnesie: <br>Islam und Christentum in Portugal"},"content":{"rendered":"<p><em>Bem-vindo todos!<\/em>&nbsp;Willkommen zur\u00fcck!<\/p>\n\n\n\n<p>Nachdem ich in Tavira auf weitere Sch\u00e4tze gesto\u00dfen und dar\u00fcber gestolpert bin, habe ich mich auf eine weitere Suche begeben. Vielleicht erinnern Sie sich an <strong><a href=\"https:\/\/portugalizar.com\/de\/world-of-magic-and-mystery\/\" target=\"_blank\" rel=\"noreferrer noopener\">Beitrag 4<\/a> <\/strong>die einfach vorbeiradeln&nbsp;<em>Igreja de S\u00e3o Roque<\/em>&nbsp;hat mich auf die Suche geschickt. Die jahrhundertealten Ruinen, die \u00fcberall in Tavira verstreut sind, haben mich zu weiteren Erkundungen herausgefordert. Letztendlich f\u00fchrten sie mich auf die Suche nach dem Verst\u00e4ndnis der komplexen Beziehung zwischen Portugal und seiner maurischen Geschichte. Dieser Beitrag ist auch eine Meditation \u00fcber Erinnerung und Amnesie, also \u00fcber das Vergessen. Kommen Sie mit mir!<\/p>\n\n\n\n<p>An anderer Stelle in diesem Blog hatte ich bereits gesagt, dass die Geschichte Portugals und insbesondere die seiner s\u00fcdlichen Regionen eine Geschichte der Sukzession ist. Da ist die Migration. Dann die Eingew\u00f6hnung. Dann das Aufbl\u00fchen. Und schlie\u00dflich kommt die Assimilation durch und in eine neue Welle von Migranten. Dann wird der Neustartknopf gedr\u00fcckt.<\/p>\n\n\n\n<p>Die Alteingesessenen sehen diese Migranten oft als Invasoren oder Eroberer. Manchmal kommen sie tats\u00e4chlich mit Armeen, aber meistens kommen sie mit Hoffnungen und Tr\u00e4umen sowie mit neuem Elan und frischen Ideen. Diese k\u00f6nnen die lokale Kultur, die irgendwie ins Stocken geraten ist, neu entfachen. Sie k\u00f6nnen eine explosive Kreativit\u00e4t in den bereits vorhandenen fruchtbaren Boden einbringen. Darf ich zur Erkl\u00e4rung eine Metapher verwenden? Ich liebe Metaphern.<\/p>\n\n\n\n<h2 class=\"wp-block-heading\">Kett- und Schussfaden<\/h2>\n\n\n\n<p>Mitte des 18. Jahrhunderts versuchte der Marquis de Pombal, Portugal mit Textilien in die industrielle Revolution zu ziehen - ohne gro\u00dfen Erfolg. Die Seidenraupen waren innerhalb von zwei Jahren alle tot. Die gro\u00dfen Baumwoll- und Wollmanufakturen brauchten 60 Jahre, um das gleiche Schicksal zu erleiden. Nichtsdestotrotz hinterlie\u00df Pombal Portugal ein textiles Erbe. Hochwertige Baumwoll- und Wollstoffe werden noch immer in Portugal hergestellt, meist f\u00fcr den lokalen Markt. Aber portugiesische Baumwollstoffe, insbesondere Flanellstoffe, haben auf westlichen M\u00e4rkten wie den Vereinigten Staaten Luxusstatus erlangt.<\/p>\n\n\n\n<figure class=\"wp-block-gallery has-nested-images columns-default is-cropped wp-block-gallery-1 is-layout-flex wp-block-gallery-is-layout-flex\">\n<figure class=\"wp-block-image size-large\"><img data-recalc-dims=\"1\" fetchpriority=\"high\" decoding=\"async\" width=\"950\" height=\"1066\" data-id=\"1301\" src=\"https:\/\/i0.wp.com\/portugalizar.com\/wp-content\/uploads\/2022\/05\/AD238C06-8451-4C5D-BF40-38EE5C83E333-scaled.jpeg?resize=950%2C1066&#038;ssl=1\" alt=\"\" class=\"wp-image-1301\" srcset=\"https:\/\/i0.wp.com\/portugalizar.com\/wp-content\/uploads\/2022\/05\/AD238C06-8451-4C5D-BF40-38EE5C83E333-scaled.jpeg?w=2281&amp;ssl=1 2281w, https:\/\/i0.wp.com\/portugalizar.com\/wp-content\/uploads\/2022\/05\/AD238C06-8451-4C5D-BF40-38EE5C83E333-scaled.jpeg?resize=267%2C300&amp;ssl=1 267w, https:\/\/i0.wp.com\/portugalizar.com\/wp-content\/uploads\/2022\/05\/AD238C06-8451-4C5D-BF40-38EE5C83E333-scaled.jpeg?resize=912%2C1024&amp;ssl=1 912w, https:\/\/i0.wp.com\/portugalizar.com\/wp-content\/uploads\/2022\/05\/AD238C06-8451-4C5D-BF40-38EE5C83E333-scaled.jpeg?resize=768%2C862&amp;ssl=1 768w, https:\/\/i0.wp.com\/portugalizar.com\/wp-content\/uploads\/2022\/05\/AD238C06-8451-4C5D-BF40-38EE5C83E333-scaled.jpeg?resize=1369%2C1536&amp;ssl=1 1369w, https:\/\/i0.wp.com\/portugalizar.com\/wp-content\/uploads\/2022\/05\/AD238C06-8451-4C5D-BF40-38EE5C83E333-scaled.jpeg?w=1900&amp;ssl=1 1900w\" sizes=\"(max-width: 950px) 100vw, 950px\" \/><figcaption>Einige der Textilien aus Wolle und Baumwolle, die wir hier in Tavira gesammelt haben.<\/figcaption><\/figure>\n<\/figure>\n\n\n\n<p>Diese sch\u00f6nen Textilien geh\u00f6ren zu Portugal und im Grunde zu allen menschlichen Gemeinschaften. Sie beginnen mit einer Basis aus straff gespannten F\u00e4den oder Garnen, der Kette. Die Kette bildet die Grundlage und die Struktur des Gewebes. Andere F\u00e4den und Garne verschiedener Farben und Arten, der Schuss, weben \u00fcber und unter der Kette. Der Schuss bildet im Allgemeinen, wenn auch nicht immer, das Muster. So entstehen Stoffe mit unendlich vielen Mustern und Farben. Die einzelnen F\u00e4den und Garne sind schwach und rei\u00dfen leicht, wenn man an ihnen zieht oder sie abwickelt, wenn sie gedreht werden. Die Stoffe k\u00f6nnen jedoch nur mit der sch\u00e4rfsten Schere geschnitten oder mit Messer oder Schwert durchtrennt werden.<\/p>\n\n\n\n<p>Ich brauche Ihnen nicht den Kopf zu verdrehen, indem ich die Bedeutung dieser Metapher auseinandernehme. Das Gewebe einer jeden Kultur oder Zivilisation geht von einer Basis, der Kette, aus. Textur und Lebendigkeit entwickeln sich, wenn der Schuss der neu hinzukommenden Kulturen in die Kette eingewebt wird. Das Gewebe - seine St\u00e4rke, Sch\u00f6nheit, Komplexit\u00e4t und \u00dcppigkeit - ergibt sich aus dem Ganzen. Das hei\u00dft, sowohl aus der Kette als auch aus dem Schuss, der mit jeder weiteren Bewegung des Schiffchens hinzugef\u00fcgt wird.<\/p>\n\n\n\n<p>Kommen wir nun von der Metapher zu einigen, wenn auch nicht allen, Fakten.<\/p>\n\n\n\n<h2 class=\"wp-block-heading\">Portugals vorgeschriebene Geschichte<\/h2>\n\n\n\n<p>Die arch\u00e4ologischen Aufzeichnungen zeigen die Anwesenheit von Menschen in Portugal seit etwa 400.000 Jahren. Die fr\u00fchesten \"Portugiesen\" waren <em>Homo heidelbergensis<\/em>. Sie waren der gemeinsame Vorfahre sowohl der Neandertaler als auch unserer Spezies,&nbsp;<em>H. sapiens<\/em>. Und diese beiden Menschenarten haben sich ihren eigenen Weg nach Portugal gebahnt und sich hier kurzzeitig \u00fcberschnitten. Die Neandertaler kamen zehntausende Jahre fr\u00fcher als wir \"modernen\" Menschen.<\/p>\n\n\n\n<p>Es gibt einige pal\u00e4olithische (vor mehr als 10.000 Jahren) und viele neolithische (vor 10.000 bis 4.000 Jahren) Belege daf\u00fcr, dass Menschen Portugal zu ihrer st\u00e4ndigen Heimat gemacht haben. Die neolithischen Portugiesen (eine falsche Bezeichnung, da es die Portugiesen erst in 5.000 Jahren geben sollte) waren ziemliche Megalith-Erbauer. Diese Stonehenge-\u00e4hnlichen Bauten, die allerdings viel \u00e4lter sind, finden sich \u00fcberall im Land.<\/p>\n\n\n\n<p>Die Bewohner der Algarve aus der sp\u00e4ten Bronze- und Eisenzeit vermischten sich ausgiebig mit mediterranen Kulturen. Die Ph\u00f6nizier, die Karthager und die Griechen unterhielten entlang der K\u00fcste Handelssiedlungen. Griechische Texte beschreiben eine hoch entwickelte Kultur und Regierungsstruktur bei den Turdetani. Diese nicht-indoeurop\u00e4ischen, nicht-keltischen V\u00f6lker lebten in der Gegend von Tavira. Die Kelten kamen sp\u00e4ter aus Mitteleuropa. Sie lie\u00dfen sich in ganz Portugal wie auch anderswo in Europa nieder und vermischten sich mit der lokalen Bev\u00f6lkerung.<\/p>\n\n\n\n<h2 class=\"wp-block-heading\">Die r\u00f6mische Lusitania<\/h2>\n\n\n\n<p>Die R\u00f6mer kamen etwa 330 v. Chr. nach Portugal. Das heutige S\u00fcdportugal geh\u00f6rte zu der r\u00f6mischen Provinz Lusitania. Sie wurde nach den nichtkeltischen V\u00f6lkern benannt, die in der N\u00e4he von Lissabon lebten. Das heutige Nordportugal geh\u00f6rte zur Provinz Gallaecia, benannt nach dem keltischen Volk, das in der N\u00e4he von Braga lebte. Viele der wichtigen St\u00e4dte Portugals existierten bereits zur Zeit der R\u00f6mer. Dazu geh\u00f6ren neben Lissabon und Braga auch Porto, Beja, Santar\u00e9m und Tavira.<\/p>\n\n\n\n<figure class=\"wp-block-image alignwide size-large\"><img data-recalc-dims=\"1\" decoding=\"async\" width=\"950\" height=\"713\" src=\"https:\/\/i0.wp.com\/portugalizar.com\/wp-content\/uploads\/2022\/05\/A-Antiga-Ponte-Romana.jpg?resize=950%2C713&#038;ssl=1\" alt=\"\" class=\"wp-image-977\" srcset=\"https:\/\/i0.wp.com\/portugalizar.com\/wp-content\/uploads\/2022\/05\/A-Antiga-Ponte-Romana-scaled.jpg?resize=1024%2C768&amp;ssl=1 1024w, https:\/\/i0.wp.com\/portugalizar.com\/wp-content\/uploads\/2022\/05\/A-Antiga-Ponte-Romana-scaled.jpg?resize=300%2C225&amp;ssl=1 300w, https:\/\/i0.wp.com\/portugalizar.com\/wp-content\/uploads\/2022\/05\/A-Antiga-Ponte-Romana-scaled.jpg?resize=768%2C576&amp;ssl=1 768w, https:\/\/i0.wp.com\/portugalizar.com\/wp-content\/uploads\/2022\/05\/A-Antiga-Ponte-Romana-scaled.jpg?resize=1536%2C1152&amp;ssl=1 1536w, https:\/\/i0.wp.com\/portugalizar.com\/wp-content\/uploads\/2022\/05\/A-Antiga-Ponte-Romana-scaled.jpg?w=1900&amp;ssl=1 1900w\" sizes=\"(max-width: 950px) 100vw, 950px\" \/><figcaption>\"Die alte r\u00f6mische Br\u00fccke\", 2022<\/figcaption><\/figure>\n\n\n\n<p>Die \"R\u00f6mische Br\u00fccke\" von Tavira erinnert an die r\u00f6mische Pr\u00e4senz in der Stadt. Sie \u00fcberquert den gezeitenabh\u00e4ngigen Rio Gil\u00e3o und verbindet die \u00f6stliche und westliche H\u00e4lfte von Tavira. Die R\u00f6mer haben diese besondere Br\u00fccke nat\u00fcrlich nicht gebaut. Sie stammt aus dem sp\u00e4ten 17. Jahrhundert. Sie steht jedoch in der N\u00e4he oder an der Stelle, an der die R\u00f6mer eine Br\u00fccke gebaut hatten. Die Mauren bauten jedoch wahrscheinlich die erste dauerhafte Br\u00fccke \u00fcber den Fluss an dieser Stelle. Aber das war lange nach dem Verschwinden der R\u00f6mer.<\/p>\n\n\n\n<p>Interessanterweise hat sich Portugal seit dem 17. Jahrhundert an sein r\u00f6misches Erbe angeh\u00e4ngt. Es ist ein Nationalepos,&nbsp;<em>Die Lu\u00edsaiden<\/em>stellt sich eine direkte Verbindung zwischen der r\u00f6mischen Provinz Lusitanien und dem heutigen Portugal vor. Jeder portugiesische Gymnasiast liest das wohl gro\u00dfartigste Gedicht von Vaz de Cam\u00f5es. Andererseits erfahren nur wenige viel \u00fcber die reiche Geschichte Portugals vor dem Eintritt Roms in die Welt. Dann gibt es einen Sprung in das Zeitalter der Entdeckungen im 15. und 16.<\/p>\n\n\n\n<p>Au\u00dferdem w\u00fcrde ich behaupten, dass die r\u00f6mische Pr\u00e4senz in Portugal f\u00fcr das sp\u00e4tere Portugal nicht sehr folgenreich war. Die Erinnerung an Rom wird von der Realit\u00e4t abgekoppelt; sie ist vergleichsweise \u00fcbergro\u00df. Andere V\u00f6lker haben weitaus gr\u00f6\u00dfere Spuren im Land und im Charakter der Menschen hinterlassen. Die Erinnerung an sie bleibt begraben oder geht vielleicht sogar verloren.<\/p>\n\n\n\n<h2 class=\"wp-block-heading\">Die Sueben und die Westgoten<\/h2>\n\n\n\n<p>Zwei germanische V\u00f6lker, die Sueben und die Westgoten, kamen nach Portugal, als die r\u00f6mische \u00dcberlegenheit nachlie\u00df. Urspr\u00fcnglich waren sie mit den R\u00f6mern verb\u00fcndet, die Westgoten mehr als die Sueben. Doch beide nutzten die r\u00f6mische Schw\u00e4che, um ihre eigenen Reiche zu gr\u00fcnden. Die Sueben eroberten Gallaecia. Die Westgoten gewannen Lusitanien und gro\u00dfe Teile Spaniens. Rom leistete keinen gro\u00dfen Widerstand.<\/p>\n\n\n\n<figure class=\"wp-block-image alignwide size-large\"><img data-recalc-dims=\"1\" decoding=\"async\" width=\"768\" height=\"1024\" src=\"https:\/\/i0.wp.com\/portugalizar.com\/wp-content\/uploads\/2022\/05\/among-the-ruins.jpg?resize=768%2C1024&#038;ssl=1\" alt=\"\" class=\"wp-image-978\" srcset=\"https:\/\/i0.wp.com\/portugalizar.com\/wp-content\/uploads\/2022\/05\/among-the-ruins-scaled.jpg?resize=768%2C1024&amp;ssl=1 768w, https:\/\/i0.wp.com\/portugalizar.com\/wp-content\/uploads\/2022\/05\/among-the-ruins-scaled.jpg?resize=225%2C300&amp;ssl=1 225w, https:\/\/i0.wp.com\/portugalizar.com\/wp-content\/uploads\/2022\/05\/among-the-ruins-scaled.jpg?resize=1152%2C1536&amp;ssl=1 1152w, https:\/\/i0.wp.com\/portugalizar.com\/wp-content\/uploads\/2022\/05\/among-the-ruins-scaled.jpg?w=1920&amp;ssl=1 1920w\" sizes=\"(max-width: 768px) 100vw, 768px\" \/><figcaption>Teil der maurischen Mauer aus dem 12. Jahrhundert um Tavira.<br>\"Wir leben inmitten von Ruinen\", 2021<\/figcaption><\/figure>\n\n\n\n<p>Auf den Ruinen Roms errichteten die Sueben und die Westgoten starke, lebendige K\u00f6nigreiche. Es gibt nur wenige schriftliche Aufzeichnungen. Bemerkenswert ist jedoch, dass sie nach dem Fall Roms die einzigen neuen St\u00e4dte in Europa gr\u00fcndeten, bis Karl der Gro\u00dfe auftauchte. Sie haben auch ein reiches Erbe an Schmuck, Kunst und Artefakten hinterlassen. Vor allem hinterlie\u00dfen die Westgoten ihr Gesetzbuch, das auch nach dem Zusammenbruch ihres Reiches noch Jahrhunderte lang in Gebrauch war.<\/p>\n\n\n\n<p>Die Sueben und Westgoten waren sowohl christlich als auch heidnisch. Die f\u00fchrenden Familien behielten ihren einheimischen heidnischen Glauben bei. Das gemeine Volk nahm das Christentum an. Das Christentum war arianisch; die sp\u00e4tere Inquisition h\u00e4tte weder dieses Christentum noch das Heidentum gutgehei\u00dfen.<\/p>\n\n\n\n<p>Ein halbes Jahrtausend sp\u00e4ter sollte sich die entstehende portugiesische Nation an diese partiellen Erinnerungen klammern. Rom und das Christentum sollten das Erbe Portugals werden. Ausl\u00e4ndische Invasoren hatten dieses Erbe gestohlen. Die Portugiesen mussten und w\u00fcrden es zur\u00fcckfordern. Sie m\u00fcssen das christliche Rom, das es nicht gab, zur\u00fcckerobern und wiederaufbauen. In Wirklichkeit w\u00fcrden sie eine Erinnerung, eine Geschichte schaffen, die auf der Vergangenheit basiert, aber nur wenig mit der Vergangenheit zu tun hat.<\/p>\n\n\n\n<h2 class=\"wp-block-heading\">Kalifat von Al'Andulus<\/h2>\n\n\n\n<div class=\"wp-block-image\"><figure class=\"alignleft size-large is-resized\"><img data-recalc-dims=\"1\" loading=\"lazy\" decoding=\"async\" src=\"https:\/\/i0.wp.com\/portugalizar.com\/wp-content\/uploads\/2022\/05\/O-Castelo-Tavira.png?resize=446%2C793&#038;ssl=1\" alt=\"\" class=\"wp-image-979\" width=\"446\" height=\"793\" srcset=\"https:\/\/i0.wp.com\/portugalizar.com\/wp-content\/uploads\/2022\/05\/O-Castelo-Tavira.png?resize=576%2C1024&amp;ssl=1 576w, https:\/\/i0.wp.com\/portugalizar.com\/wp-content\/uploads\/2022\/05\/O-Castelo-Tavira.png?resize=169%2C300&amp;ssl=1 169w, https:\/\/i0.wp.com\/portugalizar.com\/wp-content\/uploads\/2022\/05\/O-Castelo-Tavira.png?resize=768%2C1366&amp;ssl=1 768w, https:\/\/i0.wp.com\/portugalizar.com\/wp-content\/uploads\/2022\/05\/O-Castelo-Tavira.png?resize=864%2C1536&amp;ssl=1 864w, https:\/\/i0.wp.com\/portugalizar.com\/wp-content\/uploads\/2022\/05\/O-Castelo-Tavira.png?resize=1152%2C2048&amp;ssl=1 1152w, https:\/\/i0.wp.com\/portugalizar.com\/wp-content\/uploads\/2022\/05\/O-Castelo-Tavira.png?resize=7%2C12&amp;ssl=1 7w, https:\/\/i0.wp.com\/portugalizar.com\/wp-content\/uploads\/2022\/05\/O-Castelo-Tavira.png?w=1900&amp;ssl=1 1900w\" sizes=\"(max-width: 446px) 100vw, 446px\" \/><figcaption>Erbaut im 9. Jahrhundert im Herzen des heutigen Tavira.<br>\"Das Schloss der Mauren\", 2021<\/figcaption><\/figure><\/div>\n\n\n\n<p>Die fremden Eindringlinge und Erbschleicher waren die Mauren. Die Mauren stammten aus dem Nahen Osten und geh\u00f6rten dem Islam an. Im Jahr 711 drangen sie von Nordafrika aus in das heutige Spanien ein. Das bereits geschw\u00e4chte Westgotenreich, das einen Gro\u00dfteil des heutigen Spaniens und Portugals umfasste, wurde zum neuen Kalifat von Al'Andulus.<\/p>\n\n\n\n<p>Al'Andulus ist unbestreitbar der absolute H\u00f6hepunkt der europ\u00e4ischen Kultur vom 8. bis zum 12. Jahrhundert. Mathematik, Medizin, Astronomie, Literatur, Musik, Poesie, Landwirtschaft, dekorative K\u00fcnste, Architektur usw. erlebten eine sprunghafte Entwicklung. Europ\u00e4ische Historiker, die sich auf das christliche Nordeuropa konzentrieren, bezeichnen diese Zeit als das dunkle Zeitalter. Das Licht leuchtete in und aus Al'Andulus.<\/p>\n\n\n\n<p>Auch die Regierung in Al'Andulus war fortschrittlich und \u00f6kumenisch. Die Mauren kamen, um sich unter den Einheimischen niederzulassen, genau wie die Westgoten, R\u00f6mer, Kelten und all die anderen vor ihnen. Sie wollten den Reichtum des Bodens bereichern und ihn nicht ersetzen.<\/p>\n\n\n\n<p>Christen, Juden und Heiden waren frei, an ihren Kulturen festzuhalten. Die Mauren assimilierten das Beste aus allen Kulturen. Talentierte und f\u00e4hige Nicht-Maurer \u00fcbernahmen F\u00fchrungspositionen innerhalb des Kalifats und stiegen auf.<\/p>\n\n\n\n<p>Es gab keine gewaltsame, erzwungene Assimilierung.  Dennoch war es sicherlich nicht einfach, ein Nicht-Moor zu sein. Neue Kirchen, Synagogen oder Tempel durften nicht gebaut werden. Die B\u00fcrgerschaft zweiter Klasse war die Norm. Chancen, Arbeitspl\u00e4tze, Zugang zu Kapital und Bildung waren stark eingeschr\u00e4nkt. Mit der Zeit schrumpfte die nicht-maurische Bev\u00f6lkerung rapide. Es war einfach einfacher, ein Mohr zu sein als nicht.<\/p>\n\n\n\n<h2 class=\"wp-block-heading\">Gemeinsamer Boden<\/h2>\n\n\n\n<p>Die Mauren zogen sich nicht zur\u00fcck, und der Rest Europas war nicht dumm. Medizinisches, wissenschaftliches und mathematisches Wissen floss ungehindert \u00fcber die Grenzen und zwischen den Kulturen. Der Handel war umfangreich. Das maurische Wissen str\u00f6mte in nicht-iberische Universit\u00e4ten wie Bologna, Paris, Oxford und Vicenza. Von dort aus fand es seinen Weg in das \u00fcbrige Europa. Dieser Austausch f\u00f6rderte eine verz\u00f6gerte, wenn auch rasche Bl\u00fcte der Kunst und Wissenschaft des sp\u00e4ten Mittelalters und der Renaissance.<\/p>\n\n\n\n<p>In der Tat gab es einen Ort und eine Zeit, an denen diese v\u00f6llig unterschiedlichen Weltanschauungen eine gemeinsame Basis fanden. Hier tauschten sie Ideen, Kunst, Musik, Poesie, Theoreme und Formeln und vieles mehr aus. Die Unterschiede unter und zwischen ihnen waren wichtig, aber auch die Gemeinsamkeiten, die sie fanden. Der Durst nach Wissen und der Hunger nach Sch\u00f6nheit - die Gemeinsamkeiten - z\u00e4hlten mehr als die Unterschiede.<\/p>\n\n\n\n<h2 class=\"wp-block-heading\">Ged\u00e4chtnis und Amnesie<\/h2>\n\n\n\n<div class=\"wp-block-image\"><figure class=\"alignright size-large is-resized\"><img data-recalc-dims=\"1\" loading=\"lazy\" decoding=\"async\" src=\"https:\/\/i0.wp.com\/portugalizar.com\/wp-content\/uploads\/2022\/05\/Old-Gate.jpg?resize=384%2C1076&#038;ssl=1\" alt=\"\" class=\"wp-image-980\" width=\"384\" height=\"1076\" srcset=\"https:\/\/i0.wp.com\/portugalizar.com\/wp-content\/uploads\/2022\/05\/Old-Gate-scaled.jpg?resize=365%2C1024&amp;ssl=1 365w, https:\/\/i0.wp.com\/portugalizar.com\/wp-content\/uploads\/2022\/05\/Old-Gate-scaled.jpg?resize=107%2C300&amp;ssl=1 107w, https:\/\/i0.wp.com\/portugalizar.com\/wp-content\/uploads\/2022\/05\/Old-Gate-scaled.jpg?resize=4%2C12&amp;ssl=1 4w, https:\/\/i0.wp.com\/portugalizar.com\/wp-content\/uploads\/2022\/05\/Old-Gate-scaled.jpg?zoom=2&amp;resize=384%2C1076&amp;ssl=1 768w\" sizes=\"(max-width: 384px) 100vw, 384px\" \/><figcaption>\"Das alte Stadttor\", 2022<\/figcaption><\/figure><\/div>\n\n\n\n<p>Schlie\u00dflich teilte sich das suebische K\u00f6nigreich Gallaecia in zwei Teile. Sein s\u00fcdlicher Teil wurde zur Grafschaft Portugal und schlie\u00dflich zu einem K\u00f6nigreich. Die portugiesischen Grafen entwickelten sich nat\u00fcrlich zu K\u00f6nigen. Der n\u00f6rdliche und \u00f6stliche Teil Gallaecias wurde zum K\u00f6nigreich Asturien, der Keimzelle des k\u00fcnftigen Spaniens.<\/p>\n\n\n\n<p>Vor allem in Asturien w\u00e4chst ein Mythos, der auf einer partiellen, fragmentarischen Erinnerung beruht. Er bl\u00fcht auch im aufstrebenden Portugal. Die Teile dieses Ged\u00e4chtnisses sind das alte Rom und der christliche Glaube, die sich nun verbinden. Der Mythos erfordert eine Amnesie.<\/p>\n\n\n\n<p>Die Erinnerung daran, dass die R\u00f6mer als Einwanderer - wenn auch mit einem Heer - kamen und sich unter Lusitanern, Turdetanern und Kelten niederlie\u00dfen, ger\u00e4t aus dem Bewusstsein. Die Tatsache, dass das arianische Christentum mit heidnischen, einheimischen und r\u00f6mischen Religionen sowie mit dem Judentum koexistierte, wird verdr\u00e4ngt. Die Erinnerung an B\u00fccher voller arabischer und islamischer medizinischer Kenntnisse und mathematischer Innovationen muss wieder hergestellt werden.<\/p>\n\n\n\n<p>Auch die Sprache, in der sich dieser neue Mythos mitteilt, wird eine Sprache der Amnesie sein. Portugiesisch und Galicisch sind, wie alle Sprachen, Assimilationen aus allen V\u00f6lkern, die kamen und blieben. Sie sind aus pr\u00e4historischen Siedlern wie den Turdetani und auch Kelten, R\u00f6mern und Westgoten entstanden. Sie sind stark von Nachbarv\u00f6lkern wie den Mauren beeinflusst. Jedes portugiesische Wort, das mit \"al\" beginnt, wie die Algarve und&nbsp;<em>alfarrobeira<\/em>&nbsp;sind von den Mauren. Es gibt viele solcher sprachlichen Geschenke von den Mauren.<\/p>\n\n\n<p class=\"fonts-plugin-block\" style=\"font-size: 28px\"><strong>R\u00fcckeroberung oder Eroberung?<\/strong><\/p>\n\n\n<p>Aber um zu wachsen und zu expandieren - das hei\u00dft, damit seine neuen K\u00f6nige gr\u00f6\u00dfere Verm\u00f6gen anh\u00e4ufen k\u00f6nnen - braucht Portugal eine neue Geschichte, einen nationalen Mythos. Die Geschichte wird auf selektiver Erinnerung und kollektiver Amnesie beruhen. Sie wird das r\u00f6mische Erbe verherrlichen und seine Pr\u00e4existenz voraussetzen. Der Mythos wird die religi\u00f6se Koexistenz vergessen und h\u00e4retische Indiskretionen verzeihen. Er wird sich nur an die christliche Reinheit erinnern.<\/p>\n\n\n\n<p>Portugal und die verschiedenen K\u00f6nigreiche, die eines Tages zu Spanien werden, werden sich zur\u00fcckerobern. Sie werden Al'Andulus mit der Erinnerung, dem Mythos, des christlichen Roms zur\u00fcckerobern und befreien. Die Erinnerung an eine islamische Eroberung ersetzt eine islamische Migration, die einer \u00e4lteren, schwankenden Migration neues Leben einhauchte. Sie werden eine R\u00fcckeroberung erfinden, die in Wirklichkeit eine Eroberung ist. Ihre Eroberung wird eher eine Verdr\u00e4ngung als eine Assimilation sein.<\/p>\n\n\n\n<p>Diese neue mythische Identit\u00e4t, die sich auf das r\u00f6mische Christentum gr\u00fcndet, wird sich zur Hegemonie entwickeln. Wenn sie dann dominiert, gibt es wenig Platz f\u00fcr den anderen; Unterschiede werden verdr\u00e4ngt und schlie\u00dflich hinausgeschoben. Die Tore sind dann fest verschlossen. Im sp\u00e4ten 15. Jahrhundert wird die j\u00fcdische und muslimische Bev\u00f6lkerung des Landes brutal und ein f\u00fcr alle Mal vertrieben. Selbst diejenigen, die konvertiert sind, um zu bleiben, werden als Neuchristen, d. h. als Zwischending, das weder das eine noch das andere ist, ausgegrenzt. Im Jahr 1506 werden die Neuchristen in Lissabon in gro\u00dfem Stil abgeschlachtet.<\/p>\n\n\n\n<h2 class=\"wp-block-heading\">Aus Fehlern lernen<\/h2>\n\n\n\n<p>Ich denke, dass die Portugiesen mit dieser Geschichte der erfundenen Erinnerungen und der kollektiven Amnesie fertig geworden sind. Der Mythos erm\u00f6glichte und st\u00e4rkte eine lange, zerst\u00f6rerische Diktatur, die sich auf eine falsche nationale Geschichte st\u00fctzte. Davor f\u00f6rderte er den r\u00e4uberischen Kolonialismus. Und er rechtfertigte eines der grausamsten und gewaltt\u00e4tigsten Sklavereisysteme, das die Welt je gesehen hat. Ich hoffe wirklich, die Portugiesen haben daraus gelernt. Die freundlichen, gro\u00dfz\u00fcgigen und einladenden Menschen, die ich getroffen habe, lassen mich das hoffen. <\/p>\n\n\n\n<p>Ich bin ein aufmerksamer Beobachter; ich sehe Hoffnungsschimmer. Schwarzafrikaner werden hier mit Respekt behandelt, und Migranten jeglicher Herkunft sind willkommen. Die Portugiesen sind in der Lage, \u00fcber Unterschiede hinwegzusehen und Gemeinsamkeiten zu erkennen. Aber ich wei\u00df auch, dass die Roma weithin geschm\u00e4ht werden. Und ich finde den schnellen Aufstieg der rechtsextremen Chega-Partei beunruhigend. Ihr Programm ist eine Liste der Spaltung. Sie ist gegen LGBTQ, gegen Migranten, gegen Roma, gegen Europa, usw. Das Programm steht f\u00fcr nichts, weil es gegen fast alles ist.<\/p>\n\n\n\n<p>Beunruhigender als der Aufstieg von Chega ist f\u00fcr mich der kausale Mangel an ernsthafter Besorgnis meiner portugiesischen Freunde \u00fcber seinen Aufstieg. Auch das kann eine bequeme Amnesie sein. Wie kam es zur Salazar-Diktatur? Was ist mit der Kolonisierung? Und die Sklaverei? Wir haben 1497 Juden und Mauren vertrieben, warum? Warum haben wir 1506 Tausende wegen einer erfundenen Geschichte \u00fcber das christliche Rom massakriert? Vielleicht ist das zu hart. Aber ich glaube zu fest daran, dass wir Menschen Stammesangeh\u00f6rige und ein bisschen zu faul sind.<\/p>\n\n\n\n<h2 class=\"wp-block-heading\">Die Steinmauer<\/h2>\n\n\n\n<p>Ich erw\u00e4hnte in einem <strong><a href=\"https:\/\/portugalizar.com\/de\/whispers-secrets-lies-and-murmurings\/\" target=\"_blank\" rel=\"noreferrer noopener\">vorheriger Beitrag<\/a><\/strong> wie schwer es mir f\u00e4llt, Toleranz und pers\u00f6nliche \u00dcberzeugung mit der angemessenen Spannung und Zur\u00fcckhaltung in der Waage zu halten. Auf der Seite der Toleranz \u00fcbertreibe ich es selten; meine pers\u00f6nlichen \u00dcberzeugungen machen mich hitzk\u00f6pfig. Die richtige Balance und Zur\u00fcckhaltung erfordern st\u00e4ndige Anstrengung. Ich kann faul sein und mich vor der erforderlichen Arbeit dr\u00fccken. Die meisten menschlichen Tiere sind wie ich, das hei\u00dft, sie stecken sowohl in ihrem Stamm als auch in ihrer Faulheit fest.<\/p>\n\n\n\n<p>Ich sp\u00fcre eine weitere Metapher aufkommen?<\/p>\n\n\n\n<p>Tavira ist alt, uralt. Viele der Geb\u00e4ude sind Jahrhunderte alt. Sie sind alle auf dieselbe Weise gebaut. Wenn und wo der Stuck abbr\u00f6ckelt, kommt die Struktur zum Vorschein. Man sieht unregelm\u00e4\u00dfige, seltsam geformte Steine, die nebeneinander liegen, einer nach dem anderen. Darauf wird die dichte rote portugiesische Erde - voller Kalk und Ton - aufgesch\u00fcttet. Dann legt der Steinmetz eine weitere Schicht von Steinen auf, jeder anders, jeder einzigartig. Die Mauer steigt h\u00f6her und h\u00f6her.<\/p>\n\n\n\n<figure class=\"wp-block-image alignwide size-large\"><img data-recalc-dims=\"1\" loading=\"lazy\" decoding=\"async\" width=\"950\" height=\"396\" src=\"https:\/\/i0.wp.com\/portugalizar.com\/wp-content\/uploads\/2022\/05\/together-we-endure-1024x427.png?resize=950%2C396&#038;ssl=1\" alt=\"\" class=\"wp-image-971\" srcset=\"https:\/\/i0.wp.com\/portugalizar.com\/wp-content\/uploads\/2022\/05\/together-we-endure.png?resize=1024%2C427&amp;ssl=1 1024w, https:\/\/i0.wp.com\/portugalizar.com\/wp-content\/uploads\/2022\/05\/together-we-endure.png?resize=300%2C125&amp;ssl=1 300w, https:\/\/i0.wp.com\/portugalizar.com\/wp-content\/uploads\/2022\/05\/together-we-endure.png?resize=768%2C320&amp;ssl=1 768w, https:\/\/i0.wp.com\/portugalizar.com\/wp-content\/uploads\/2022\/05\/together-we-endure.png?resize=1536%2C641&amp;ssl=1 1536w, https:\/\/i0.wp.com\/portugalizar.com\/wp-content\/uploads\/2022\/05\/together-we-endure.png?resize=2048%2C854&amp;ssl=1 2048w, https:\/\/i0.wp.com\/portugalizar.com\/wp-content\/uploads\/2022\/05\/together-we-endure.png?resize=18%2C8&amp;ssl=1 18w, https:\/\/i0.wp.com\/portugalizar.com\/wp-content\/uploads\/2022\/05\/together-we-endure.png?resize=2000%2C834&amp;ssl=1 2000w, https:\/\/i0.wp.com\/portugalizar.com\/wp-content\/uploads\/2022\/05\/together-we-endure.png?w=1900&amp;ssl=1 1900w, https:\/\/i0.wp.com\/portugalizar.com\/wp-content\/uploads\/2022\/05\/together-we-endure.png?w=2850&amp;ssl=1 2850w\" sizes=\"(max-width: 950px) 100vw, 950px\" \/><figcaption>\"Gemeinsam halten wir durch\", 2021<\/figcaption><\/figure>\n\n\n\n<p>Jeder Stein, der sich von den anderen unterscheidet, f\u00fcgt sich in die Unterschiede der benachbarten Steine sowie der Steine dar\u00fcber und darunter ein. Was der Mauer ihre St\u00e4rke verleiht, ihre F\u00e4higkeit, Jahrhunderte zu \u00fcberdauern, ist die Spannung, die durch die Unterschiede zwischen den Steinen entsteht. Der eine lehnt sich an den anderen an und \u00fcbt Druck aus; er widersteht, aber er haftet auch.<\/p>\n\n\n\n<p>Also ja, die Unterschiede zwischen den Steinen machen die St\u00e4rke der Mauer aus, zumindest einen Teil davon. Die Erde - der portugiesische Boden - ist es auch. Sie f\u00fcllt R\u00e4ume aus, in denen die Unterschiede zu gro\u00df sein k\u00f6nnten. Die Erde st\u00fctzt die Steine gegeneinander ab. Das hei\u00dft, die Erde klemmt die Steine zusammen und trennt sie nicht wie M\u00f6rtel.<\/p>\n\n\n\n<h2 class=\"wp-block-heading\">Gemeinsam halten wir durch<\/h2>\n\n\n\n<p>Bedenken Sie aber auch dies. Die Steine wurden alle einzeln aus der Erde geholt. Die Erde ist ihr Anfang, die Gemeinsamkeit oder Gemeinschaft, die sie teilen. In der Mauer sind die Steine wieder vereint, immer noch getrennt, alle einzigartig und alle verschieden. Sie werden durch ihre Unterschiede und die Spannungen, die diese Unterschiede erzeugen, zusammengehalten. Aber die Erde, ihre gemeinsame Basis, verbindet sie auch.<\/p>\n\n\n\n<p>Eine Mauer kann nicht stehen und schon gar nicht Jahrhunderte \u00fcberdauern ohne die Unterschiede zwischen den einzelnen Steinen und die rote Erde zwischen ihnen. Das ist bei uns nicht anders. Unsere Unterschiede und unsere Gemeinsamkeiten sind das, was uns stark macht und was uns \u00fcberdauern l\u00e4sst. Ich denke, dass die Aufrechterhaltung der Spannung zwischen beiden - zwischen Toleranz und pers\u00f6nlicher \u00dcberzeugung - die Herausforderung unserer Zeit ist.<\/p>\n\n\n\n<p><em>T\u00eam um bom fim-de-semana! At\u00e9 quinta!<\/em> \/\/ Ein sch\u00f6nes Wochenende! Wir sehen uns n\u00e4chsten Donnerstag wieder!<\/p>","protected":false},"excerpt":{"rendered":"<p>Unsere pers\u00f6nlichen und kollektiven Geschichten sind wichtig. Sie geben unserem Leben Form und Sinn. Diese Geschichten beinhalten jedoch immer ebenso viel Vergessen wie Erinnern. Mehr lesen...<\/p>","protected":false},"author":1,"featured_media":1290,"comment_status":"open","ping_status":"open","sticky":false,"template":"","format":"standard","meta":{"nf_dc_page":"","om_disable_all_campaigns":false,"_monsterinsights_skip_tracking":false,"_monsterinsights_sitenote_active":false,"_monsterinsights_sitenote_note":"","_monsterinsights_sitenote_category":0,"_themeisle_gutenberg_block_has_review":false,"_jetpack_memberships_contains_paid_content":false,"footnotes":""},"categories":[9],"tags":[],"class_list":["post-1032","post","type-post","status-publish","format-standard","has-post-thumbnail","hentry","category-history"],"yoast_head":"<!-- This site is optimized with the Yoast SEO plugin v27.4 - https:\/\/yoast.com\/product\/yoast-seo-wordpress\/ -->\n<title>Great Memory but Better Amnesia: Islam and Christianity in Portugal - PORTUGALIZAR<\/title>\n<meta name=\"robots\" content=\"index, follow, max-snippet:-1, max-image-preview:large, max-video-preview:-1\" \/>\n<link rel=\"canonical\" href=\"https:\/\/portugalizar.com\/de\/great-memory-but-better-amnesia-islam-and-christianity-in-portugal\/\" \/>\n<meta property=\"og:locale\" content=\"de_DE\" \/>\n<meta property=\"og:type\" content=\"article\" \/>\n<meta property=\"og:title\" content=\"Great Memory but Better Amnesia: Islam and Christianity in Portugal - PORTUGALIZAR\" \/>\n<meta property=\"og:description\" content=\"Our personal and collective stories are important. They give shape and meaning to our lives. These stories, however, always involve as much forgetting as they do remembering. Read more\u2026\" \/>\n<meta property=\"og:url\" content=\"https:\/\/portugalizar.com\/de\/great-memory-but-better-amnesia-islam-and-christianity-in-portugal\/\" \/>\n<meta property=\"og:site_name\" content=\"PORTUGALIZAR\" \/>\n<meta property=\"article:published_time\" content=\"2022-05-12T04:00:00+00:00\" \/>\n<meta property=\"article:modified_time\" content=\"2022-05-12T21:26:05+00:00\" \/>\n<meta property=\"og:image\" content=\"https:\/\/portugalizar.com\/wp-content\/uploads\/2022\/05\/8BCF5347-2ED3-4090-9B3F-7D5D3C4FE9D2-1024x350.jpeg\" \/>\n\t<meta property=\"og:image:width\" content=\"1024\" \/>\n\t<meta property=\"og:image:height\" content=\"350\" \/>\n\t<meta property=\"og:image:type\" content=\"image\/jpeg\" \/>\n<meta name=\"author\" content=\"Gui\" \/>\n<meta name=\"twitter:card\" content=\"summary_large_image\" \/>\n<meta name=\"twitter:label1\" content=\"Verfasst von\" \/>\n\t<meta name=\"twitter:data1\" content=\"Gui\" \/>\n\t<meta name=\"twitter:label2\" content=\"Gesch\u00e4tzte Lesezeit\" \/>\n\t<meta name=\"twitter:data2\" content=\"14\u00a0Minuten\" \/>\n<script type=\"application\/ld+json\" class=\"yoast-schema-graph\">{\"@context\":\"https:\\\/\\\/schema.org\",\"@graph\":[{\"@type\":\"Article\",\"@id\":\"https:\\\/\\\/portugalizar.com\\\/great-memory-but-better-amnesia-islam-and-christianity-in-portugal\\\/#article\",\"isPartOf\":{\"@id\":\"https:\\\/\\\/portugalizar.com\\\/great-memory-but-better-amnesia-islam-and-christianity-in-portugal\\\/\"},\"author\":{\"name\":\"Gui\",\"@id\":\"https:\\\/\\\/portugalizar.com\\\/#\\\/schema\\\/person\\\/1f60af48f39895b897e26d9d92ecf6db\"},\"headline\":\"Great Memory but Better Amnesia: Islam and Christianity in Portugal\",\"datePublished\":\"2022-05-12T04:00:00+00:00\",\"dateModified\":\"2022-05-12T21:26:05+00:00\",\"mainEntityOfPage\":{\"@id\":\"https:\\\/\\\/portugalizar.com\\\/great-memory-but-better-amnesia-islam-and-christianity-in-portugal\\\/\"},\"wordCount\":2771,\"commentCount\":8,\"publisher\":{\"@id\":\"https:\\\/\\\/portugalizar.com\\\/#organization\"},\"image\":{\"@id\":\"https:\\\/\\\/portugalizar.com\\\/great-memory-but-better-amnesia-islam-and-christianity-in-portugal\\\/#primaryimage\"},\"thumbnailUrl\":\"https:\\\/\\\/i0.wp.com\\\/portugalizar.com\\\/wp-content\\\/uploads\\\/2022\\\/05\\\/8BCF5347-2ED3-4090-9B3F-7D5D3C4FE9D2.jpeg?fit=2388%2C816&ssl=1\",\"articleSection\":[\"History\"],\"inLanguage\":\"de\",\"potentialAction\":[{\"@type\":\"CommentAction\",\"name\":\"Comment\",\"target\":[\"https:\\\/\\\/portugalizar.com\\\/great-memory-but-better-amnesia-islam-and-christianity-in-portugal\\\/#respond\"]}]},{\"@type\":\"WebPage\",\"@id\":\"https:\\\/\\\/portugalizar.com\\\/great-memory-but-better-amnesia-islam-and-christianity-in-portugal\\\/\",\"url\":\"https:\\\/\\\/portugalizar.com\\\/great-memory-but-better-amnesia-islam-and-christianity-in-portugal\\\/\",\"name\":\"Great Memory but Better Amnesia: Islam and Christianity in Portugal - PORTUGALIZAR\",\"isPartOf\":{\"@id\":\"https:\\\/\\\/portugalizar.com\\\/#website\"},\"primaryImageOfPage\":{\"@id\":\"https:\\\/\\\/portugalizar.com\\\/great-memory-but-better-amnesia-islam-and-christianity-in-portugal\\\/#primaryimage\"},\"image\":{\"@id\":\"https:\\\/\\\/portugalizar.com\\\/great-memory-but-better-amnesia-islam-and-christianity-in-portugal\\\/#primaryimage\"},\"thumbnailUrl\":\"https:\\\/\\\/i0.wp.com\\\/portugalizar.com\\\/wp-content\\\/uploads\\\/2022\\\/05\\\/8BCF5347-2ED3-4090-9B3F-7D5D3C4FE9D2.jpeg?fit=2388%2C816&ssl=1\",\"datePublished\":\"2022-05-12T04:00:00+00:00\",\"dateModified\":\"2022-05-12T21:26:05+00:00\",\"breadcrumb\":{\"@id\":\"https:\\\/\\\/portugalizar.com\\\/great-memory-but-better-amnesia-islam-and-christianity-in-portugal\\\/#breadcrumb\"},\"inLanguage\":\"de\",\"potentialAction\":[{\"@type\":\"ReadAction\",\"target\":[\"https:\\\/\\\/portugalizar.com\\\/great-memory-but-better-amnesia-islam-and-christianity-in-portugal\\\/\"]}]},{\"@type\":\"ImageObject\",\"inLanguage\":\"de\",\"@id\":\"https:\\\/\\\/portugalizar.com\\\/great-memory-but-better-amnesia-islam-and-christianity-in-portugal\\\/#primaryimage\",\"url\":\"https:\\\/\\\/i0.wp.com\\\/portugalizar.com\\\/wp-content\\\/uploads\\\/2022\\\/05\\\/8BCF5347-2ED3-4090-9B3F-7D5D3C4FE9D2.jpeg?fit=2388%2C816&ssl=1\",\"contentUrl\":\"https:\\\/\\\/i0.wp.com\\\/portugalizar.com\\\/wp-content\\\/uploads\\\/2022\\\/05\\\/8BCF5347-2ED3-4090-9B3F-7D5D3C4FE9D2.jpeg?fit=2388%2C816&ssl=1\",\"width\":2388,\"height\":816},{\"@type\":\"BreadcrumbList\",\"@id\":\"https:\\\/\\\/portugalizar.com\\\/great-memory-but-better-amnesia-islam-and-christianity-in-portugal\\\/#breadcrumb\",\"itemListElement\":[{\"@type\":\"ListItem\",\"position\":1,\"name\":\"Home\",\"item\":\"https:\\\/\\\/portugalizar.com\\\/\"},{\"@type\":\"ListItem\",\"position\":2,\"name\":\"Great Memory but Better Amnesia: Islam and Christianity in Portugal\"}]},{\"@type\":\"WebSite\",\"@id\":\"https:\\\/\\\/portugalizar.com\\\/#website\",\"url\":\"https:\\\/\\\/portugalizar.com\\\/\",\"name\":\"PORTUGALIZAR\",\"description\":\"\",\"publisher\":{\"@id\":\"https:\\\/\\\/portugalizar.com\\\/#organization\"},\"potentialAction\":[{\"@type\":\"SearchAction\",\"target\":{\"@type\":\"EntryPoint\",\"urlTemplate\":\"https:\\\/\\\/portugalizar.com\\\/?s={search_term_string}\"},\"query-input\":{\"@type\":\"PropertyValueSpecification\",\"valueRequired\":true,\"valueName\":\"search_term_string\"}}],\"inLanguage\":\"de\"},{\"@type\":\"Organization\",\"@id\":\"https:\\\/\\\/portugalizar.com\\\/#organization\",\"name\":\"PORTUGALIZAR\",\"url\":\"https:\\\/\\\/portugalizar.com\\\/\",\"logo\":{\"@type\":\"ImageObject\",\"inLanguage\":\"de\",\"@id\":\"https:\\\/\\\/portugalizar.com\\\/#\\\/schema\\\/logo\\\/image\\\/\",\"url\":\"\",\"contentUrl\":\"\",\"caption\":\"PORTUGALIZAR\"},\"image\":{\"@id\":\"https:\\\/\\\/portugalizar.com\\\/#\\\/schema\\\/logo\\\/image\\\/\"}},{\"@type\":\"Person\",\"@id\":\"https:\\\/\\\/portugalizar.com\\\/#\\\/schema\\\/person\\\/1f60af48f39895b897e26d9d92ecf6db\",\"name\":\"Gui\",\"image\":{\"@type\":\"ImageObject\",\"inLanguage\":\"de\",\"@id\":\"https:\\\/\\\/secure.gravatar.com\\\/avatar\\\/0bef00a699e73fc60016c16a6f44683b2a027bb1b48a4b3973732af4cc636712?s=96&d=mm&r=g\",\"url\":\"https:\\\/\\\/secure.gravatar.com\\\/avatar\\\/0bef00a699e73fc60016c16a6f44683b2a027bb1b48a4b3973732af4cc636712?s=96&d=mm&r=g\",\"contentUrl\":\"https:\\\/\\\/secure.gravatar.com\\\/avatar\\\/0bef00a699e73fc60016c16a6f44683b2a027bb1b48a4b3973732af4cc636712?s=96&d=mm&r=g\",\"caption\":\"Gui\"},\"url\":\"https:\\\/\\\/portugalizar.com\\\/de\\\/author\\\/spestheonlyone\\\/\"}]}<\/script>\n<!-- \/ Yoast SEO plugin. -->","yoast_head_json":{"title":"Great Memory but Better Amnesia: Islam and Christianity in Portugal - PORTUGALIZAR","robots":{"index":"index","follow":"follow","max-snippet":"max-snippet:-1","max-image-preview":"max-image-preview:large","max-video-preview":"max-video-preview:-1"},"canonical":"https:\/\/portugalizar.com\/de\/great-memory-but-better-amnesia-islam-and-christianity-in-portugal\/","og_locale":"de_DE","og_type":"article","og_title":"Great Memory but Better Amnesia: Islam and Christianity in Portugal - PORTUGALIZAR","og_description":"Our personal and collective stories are important. They give shape and meaning to our lives. These stories, however, always involve as much forgetting as they do remembering. Read more\u2026","og_url":"https:\/\/portugalizar.com\/de\/great-memory-but-better-amnesia-islam-and-christianity-in-portugal\/","og_site_name":"PORTUGALIZAR","article_published_time":"2022-05-12T04:00:00+00:00","article_modified_time":"2022-05-12T21:26:05+00:00","og_image":[{"width":1024,"height":350,"url":"https:\/\/portugalizar.com\/wp-content\/uploads\/2022\/05\/8BCF5347-2ED3-4090-9B3F-7D5D3C4FE9D2-1024x350.jpeg","type":"image\/jpeg"}],"author":"Gui","twitter_card":"summary_large_image","twitter_misc":{"Verfasst von":"Gui","Gesch\u00e4tzte Lesezeit":"14\u00a0Minuten"},"schema":{"@context":"https:\/\/schema.org","@graph":[{"@type":"Article","@id":"https:\/\/portugalizar.com\/great-memory-but-better-amnesia-islam-and-christianity-in-portugal\/#article","isPartOf":{"@id":"https:\/\/portugalizar.com\/great-memory-but-better-amnesia-islam-and-christianity-in-portugal\/"},"author":{"name":"Gui","@id":"https:\/\/portugalizar.com\/#\/schema\/person\/1f60af48f39895b897e26d9d92ecf6db"},"headline":"Great Memory but Better Amnesia: Islam and Christianity in Portugal","datePublished":"2022-05-12T04:00:00+00:00","dateModified":"2022-05-12T21:26:05+00:00","mainEntityOfPage":{"@id":"https:\/\/portugalizar.com\/great-memory-but-better-amnesia-islam-and-christianity-in-portugal\/"},"wordCount":2771,"commentCount":8,"publisher":{"@id":"https:\/\/portugalizar.com\/#organization"},"image":{"@id":"https:\/\/portugalizar.com\/great-memory-but-better-amnesia-islam-and-christianity-in-portugal\/#primaryimage"},"thumbnailUrl":"https:\/\/i0.wp.com\/portugalizar.com\/wp-content\/uploads\/2022\/05\/8BCF5347-2ED3-4090-9B3F-7D5D3C4FE9D2.jpeg?fit=2388%2C816&ssl=1","articleSection":["History"],"inLanguage":"de","potentialAction":[{"@type":"CommentAction","name":"Comment","target":["https:\/\/portugalizar.com\/great-memory-but-better-amnesia-islam-and-christianity-in-portugal\/#respond"]}]},{"@type":"WebPage","@id":"https:\/\/portugalizar.com\/great-memory-but-better-amnesia-islam-and-christianity-in-portugal\/","url":"https:\/\/portugalizar.com\/great-memory-but-better-amnesia-islam-and-christianity-in-portugal\/","name":"Great Memory but Better Amnesia: Islam and Christianity in Portugal - PORTUGALIZAR","isPartOf":{"@id":"https:\/\/portugalizar.com\/#website"},"primaryImageOfPage":{"@id":"https:\/\/portugalizar.com\/great-memory-but-better-amnesia-islam-and-christianity-in-portugal\/#primaryimage"},"image":{"@id":"https:\/\/portugalizar.com\/great-memory-but-better-amnesia-islam-and-christianity-in-portugal\/#primaryimage"},"thumbnailUrl":"https:\/\/i0.wp.com\/portugalizar.com\/wp-content\/uploads\/2022\/05\/8BCF5347-2ED3-4090-9B3F-7D5D3C4FE9D2.jpeg?fit=2388%2C816&ssl=1","datePublished":"2022-05-12T04:00:00+00:00","dateModified":"2022-05-12T21:26:05+00:00","breadcrumb":{"@id":"https:\/\/portugalizar.com\/great-memory-but-better-amnesia-islam-and-christianity-in-portugal\/#breadcrumb"},"inLanguage":"de","potentialAction":[{"@type":"ReadAction","target":["https:\/\/portugalizar.com\/great-memory-but-better-amnesia-islam-and-christianity-in-portugal\/"]}]},{"@type":"ImageObject","inLanguage":"de","@id":"https:\/\/portugalizar.com\/great-memory-but-better-amnesia-islam-and-christianity-in-portugal\/#primaryimage","url":"https:\/\/i0.wp.com\/portugalizar.com\/wp-content\/uploads\/2022\/05\/8BCF5347-2ED3-4090-9B3F-7D5D3C4FE9D2.jpeg?fit=2388%2C816&ssl=1","contentUrl":"https:\/\/i0.wp.com\/portugalizar.com\/wp-content\/uploads\/2022\/05\/8BCF5347-2ED3-4090-9B3F-7D5D3C4FE9D2.jpeg?fit=2388%2C816&ssl=1","width":2388,"height":816},{"@type":"BreadcrumbList","@id":"https:\/\/portugalizar.com\/great-memory-but-better-amnesia-islam-and-christianity-in-portugal\/#breadcrumb","itemListElement":[{"@type":"ListItem","position":1,"name":"Home","item":"https:\/\/portugalizar.com\/"},{"@type":"ListItem","position":2,"name":"Great Memory but Better Amnesia: Islam and Christianity in Portugal"}]},{"@type":"WebSite","@id":"https:\/\/portugalizar.com\/#website","url":"https:\/\/portugalizar.com\/","name":"PORTUGALISCHER","description":"","publisher":{"@id":"https:\/\/portugalizar.com\/#organization"},"potentialAction":[{"@type":"SearchAction","target":{"@type":"EntryPoint","urlTemplate":"https:\/\/portugalizar.com\/?s={search_term_string}"},"query-input":{"@type":"PropertyValueSpecification","valueRequired":true,"valueName":"search_term_string"}}],"inLanguage":"de"},{"@type":"Organization","@id":"https:\/\/portugalizar.com\/#organization","name":"PORTUGALISCHER","url":"https:\/\/portugalizar.com\/","logo":{"@type":"ImageObject","inLanguage":"de","@id":"https:\/\/portugalizar.com\/#\/schema\/logo\/image\/","url":"","contentUrl":"","caption":"PORTUGALIZAR"},"image":{"@id":"https:\/\/portugalizar.com\/#\/schema\/logo\/image\/"}},{"@type":"Person","@id":"https:\/\/portugalizar.com\/#\/schema\/person\/1f60af48f39895b897e26d9d92ecf6db","name":"Gui","image":{"@type":"ImageObject","inLanguage":"de","@id":"https:\/\/secure.gravatar.com\/avatar\/0bef00a699e73fc60016c16a6f44683b2a027bb1b48a4b3973732af4cc636712?s=96&d=mm&r=g","url":"https:\/\/secure.gravatar.com\/avatar\/0bef00a699e73fc60016c16a6f44683b2a027bb1b48a4b3973732af4cc636712?s=96&d=mm&r=g","contentUrl":"https:\/\/secure.gravatar.com\/avatar\/0bef00a699e73fc60016c16a6f44683b2a027bb1b48a4b3973732af4cc636712?s=96&d=mm&r=g","caption":"Gui"},"url":"https:\/\/portugalizar.com\/de\/author\/spestheonlyone\/"}]}},"jetpack_featured_media_url":"https:\/\/i0.wp.com\/portugalizar.com\/wp-content\/uploads\/2022\/05\/8BCF5347-2ED3-4090-9B3F-7D5D3C4FE9D2.jpeg?fit=2388%2C816&ssl=1","jetpack-related-posts":[],"jetpack_sharing_enabled":true,"_links":{"self":[{"href":"https:\/\/portugalizar.com\/de\/wp-json\/wp\/v2\/posts\/1032","targetHints":{"allow":["GET"]}}],"collection":[{"href":"https:\/\/portugalizar.com\/de\/wp-json\/wp\/v2\/posts"}],"about":[{"href":"https:\/\/portugalizar.com\/de\/wp-json\/wp\/v2\/types\/post"}],"author":[{"embeddable":true,"href":"https:\/\/portugalizar.com\/de\/wp-json\/wp\/v2\/users\/1"}],"replies":[{"embeddable":true,"href":"https:\/\/portugalizar.com\/de\/wp-json\/wp\/v2\/comments?post=1032"}],"version-history":[{"count":5,"href":"https:\/\/portugalizar.com\/de\/wp-json\/wp\/v2\/posts\/1032\/revisions"}],"predecessor-version":[{"id":1355,"href":"https:\/\/portugalizar.com\/de\/wp-json\/wp\/v2\/posts\/1032\/revisions\/1355"}],"wp:featuredmedia":[{"embeddable":true,"href":"https:\/\/portugalizar.com\/de\/wp-json\/wp\/v2\/media\/1290"}],"wp:attachment":[{"href":"https:\/\/portugalizar.com\/de\/wp-json\/wp\/v2\/media?parent=1032"}],"wp:term":[{"taxonomy":"category","embeddable":true,"href":"https:\/\/portugalizar.com\/de\/wp-json\/wp\/v2\/categories?post=1032"},{"taxonomy":"post_tag","embeddable":true,"href":"https:\/\/portugalizar.com\/de\/wp-json\/wp\/v2\/tags?post=1032"}],"curies":[{"name":"wp","href":"https:\/\/api.w.org\/{rel}","templated":true}]}}